{"id":169190,"date":"2026-07-24T23:11:12","date_gmt":"2026-07-24T20:11:12","guid":{"rendered":"https:\/\/epochtimestr.com\/?p=169190"},"modified":"2026-07-24T23:11:13","modified_gmt":"2026-07-24T20:11:13","slug":"yeni-partinin-resmi-x-hesabi-kamuoyuna-aciklandi","status":"publish","type":"post","link":"https:\/\/epochtimestr.com\/index.php\/yeni-partinin-resmi-x-hesabi-kamuoyuna-aciklandi","title":{"rendered":"YEN\u0130 Parti&#8217;nin Resmi X Hesab\u0131 Kamuoyuna A\u00e7\u0131kland\u0131"},"content":{"rendered":"<div class=\"wp-block-image\">\n<figure class=\"aligncenter size-full\"><img loading=\"lazy\" decoding=\"async\" width=\"547\" height=\"365\" src=\"https:\/\/epochtimestr.com\/wp-content\/uploads\/2011y\/ozelx2.jpg\" alt=\"\u00d6zg\u00fcr \u00d6zel'in kurdu\u011fu YEN\u0130 Parti'nin resmi X hesab\u0131 kamuoyuna a\u00e7\u0131kland\u0131 (Foto\u011fraf: \u00d6zg\u00fcr \u00d6zel x hesab\u0131)\" class=\"wp-image-169192\" srcset=\"https:\/\/epochtimestr.com\/wp-content\/uploads\/2011y\/ozelx2.jpg 547w, https:\/\/epochtimestr.com\/wp-content\/uploads\/2011y\/ozelx2-300x200.jpg 300w, https:\/\/epochtimestr.com\/wp-content\/uploads\/2011y\/ozelx2-150x100.jpg 150w\" sizes=\"(max-width: 547px) 100vw, 547px\" \/><figcaption class=\"wp-element-caption\">\u00d6zg\u00fcr \u00d6zel&#8217;in kurdu\u011fu YEN\u0130 Parti&#8217;nin resmi X hesab\u0131 kamuoyuna a\u00e7\u0131kland\u0131 (Foto\u011fraf: \u00d6zg\u00fcr \u00d6zel x hesab\u0131)<\/figcaption><\/figure><\/div>\n\n\n<h2 class=\"wp-block-heading\">Manisa Milletvekili \u00d6zg\u00fcr \u00d6zel&#8217;in kurdu\u011fu YEN\u0130 Parti&#8217;nin kurulu\u015f evraklar\u0131n\u0131n imzalanmas\u0131n\u0131n ard\u0131ndan resmi X hesab\u0131 kamuoyuna a\u00e7\u0131kland\u0131.<\/h2>\n\n\n\n<p><a href=\"https:\/\/epochtimestr.com\/index.php\/ozgur-ozel-chpden-istifa-etti-yeni-parti-kuruluyor\" target=\"_blank\" rel=\"noreferrer noopener\">\u00d6zg\u00fcr \u00d6zel<\/a> CHP&#8217;den istifa ederek liderlik edece\u011fi Yeni Parti&#8217;nin kurulu\u015f evraklar\u0131n\u0131 imzalad\u0131. Toplam 91 milletvekili de partiden istifa ederek Yeni Parti&#8217;ye ge\u00e7ti. G\u00fcl \u00c7ift\u00e7i ve Murat Emir, Yeni Parti&#8217;nin kurulu\u015f dilek\u00e7esini \u0130\u00e7i\u015fleri Bakanl\u0131\u011f\u0131&#8217;na teslim etti.<\/p>\n\n\n\n<p>\u00d6zel ve milletvekillerinin istifas\u0131n\u0131n ard\u0131ndan CHP 44 milletvekiliyle <a href=\"https:\/\/epochtimestr.com\/index.php\/murat-emir-tbmmde-basin-toplantisi-duzenledi\" target=\"_blank\" rel=\"noreferrer noopener\">TBMM<\/a>&#8216;de be\u015finci parti konumuna d\u00fc\u015ft\u00fc. \u00d6zel, sosyal medya platformu X&#8217;teki profilinde biyografisindeki &#8220;Cumhuriyet Halk Partisi Genel Ba\u015fkan\u0131&#8221; ifadesini kald\u0131rd\u0131.<\/p>\n\n\n\n<figure class=\"wp-block-embed is-type-rich is-provider-x wp-block-embed-x\"><div class=\"wp-block-embed__wrapper\">\n<blockquote class=\"twitter-tweet\" data-width=\"550\" data-dnt=\"true\"><p lang=\"tr\" dir=\"ltr\">YEN\u0130 Parti\u2019nin Resmi Sosyal Medya Hesaplar\u0131<br><br>X:<a href=\"https:\/\/t.co\/IVjCI2ZktN\">https:\/\/t.co\/IVjCI2ZktN<\/a><br><br>Instagram:<a href=\"https:\/\/t.co\/MytaL80Vy9\">https:\/\/t.co\/MytaL80Vy9<\/a><br><br>TikTok:<a href=\"https:\/\/t.co\/N7XFvWNVwa\">https:\/\/t.co\/N7XFvWNVwa<\/a><br><br>Facebook:<a href=\"https:\/\/t.co\/HVcY7EpWDa\">https:\/\/t.co\/HVcY7EpWDa<\/a><br><br>Youtube:<a href=\"https:\/\/t.co\/QRK1yCKAl4\">https:\/\/t.co\/QRK1yCKAl4<\/a><\/p>&mdash; YEN\u0130 Parti (@yenipartiyiz) <a href=\"https:\/\/x.com\/yenipartiyiz\/status\/2080678117560009165?ref_src=twsrc%5Etfw\">July 24, 2026<\/a><\/blockquote><script async src=\"https:\/\/platform.x.com\/widgets.js\" charset=\"utf-8\"><\/script>\n<\/div><\/figure>\n\n\n\n<p>\u00d6zel&#8217;in kurdu\u011fu YEN\u0130 Parti&#8217;nin kurulu\u015f evraklar\u0131n\u0131n imzalanmas\u0131n\u0131n ard\u0131ndan resmi X hesab\u0131 kamuoyuna a\u00e7\u0131kland\u0131. Kurulu\u015f i\u015flemlerinin tamamlanmas\u0131yla birlikte duyurulan X platformundaki hesaba ili\u015fkin detaylar payla\u015f\u0131ld\u0131. Buna g\u00f6re, Manisa Milletvekili \u00d6zg\u00fcr \u00d6zel&#8217;in daha \u00f6nce kullan\u0131m\u0131nda bulunan &#8220;TBMM \u00d6zg\u00fcr \u00d6zel&#8221; isimli X hesab\u0131n\u0131n ad\u0131 de\u011fi\u015ftirildi. S\u00f6z konusu sosyal medya hesab\u0131, ger\u00e7ekle\u015ftirilen isim de\u011fi\u015fikli\u011finin ard\u0131ndan YEN\u0130 Parti&#8217;nin resmi X hesab\u0131 olarak kullan\u0131lmaya ba\u015fland\u0131.<\/p>\n\n\n<div class=\"wp-block-image\">\n<figure class=\"aligncenter size-full\"><img loading=\"lazy\" decoding=\"async\" width=\"1279\" height=\"891\" src=\"https:\/\/epochtimestr.com\/wp-content\/uploads\/2011y\/yeni-parti-2.jpg\" alt=\"\" class=\"wp-image-169194\" srcset=\"https:\/\/epochtimestr.com\/wp-content\/uploads\/2011y\/yeni-parti-2.jpg 1279w, https:\/\/epochtimestr.com\/wp-content\/uploads\/2011y\/yeni-parti-2-300x209.jpg 300w, https:\/\/epochtimestr.com\/wp-content\/uploads\/2011y\/yeni-parti-2-150x104.jpg 150w, https:\/\/epochtimestr.com\/wp-content\/uploads\/2011y\/yeni-parti-2-768x535.jpg 768w\" sizes=\"(max-width: 1279px) 100vw, 1279px\" \/><\/figure><\/div>\n\n\n<h3 class=\"wp-block-heading\">YEN\u0130 Parti Genel Ba\u015fkanl\u0131\u011f\u0131&#8217;na oybirli\u011fi ile \u00d6zg\u00fcr \u00d6zel se\u00e7ildi<\/h3>\n\n\n\n<p>\u00d6zel, &#8220;G\u00fcn\u00fcn sonunda YEN\u0130 Parti&#8217;yi, YEN\u0130 Parti&#8217;nin Parti Meclisi&#8217;ni, genel ba\u015fkan\u0131n\u0131 bildirmi\u015f ve partimizin TBMM&#8217;deki grubunun kuruldu\u011funu bildirmi\u015f ve partimizin kuruldu\u011fu g\u00fcn ana muhalefet partisi oldu\u011funu ilan etmi\u015f olaca\u011f\u0131z&#8221; demi\u015fti. \u00d6zel, Birinci Meclis&#8217;e y\u00fcr\u00fcyerek YEN\u0130 Parti&#8217;nin ilk toplant\u0131s\u0131n\u0131 yapt\u0131.<\/p>\n\n\n\n<p>YEN\u0130 Parti Kurucular Kurulu\u2019nun ilk toplant\u0131s\u0131 Mustafa Kemal Atat\u00fcrk\u2019\u00fcn talimat\u0131yla 1926 y\u0131l\u0131nda kurulan, ilk fahri ba\u015fkanl\u0131\u011f\u0131n\u0131 \u0130smet \u0130n\u00f6n\u00fc\u2019n\u00fcn \u00fcstlendi\u011fi Anadolu Kul\u00fcb\u00fc\u2019nde yap\u0131ld\u0131. Toplant\u0131da YEN\u0130 Parti Genel Ba\u015fkanl\u0131\u011f\u0131&#8217;na oybirli\u011fi ile \u00d6zg\u00fcr \u00d6zel se\u00e7ildi. Yap\u0131lan kapal\u0131 grup toplant\u0131s\u0131nda grup ba\u015fkanvekilli\u011fine Ali Mahir Ba\u015far\u0131r, Murat Emir ve G\u00f6khan G\u00fcnayd\u0131n se\u00e7ildi.<\/p>\n\n\n\n<figure class=\"wp-block-embed is-type-rich is-provider-x wp-block-embed-x\"><div class=\"wp-block-embed__wrapper\">\n<blockquote class=\"twitter-tweet\" data-width=\"550\" data-dnt=\"true\"><p lang=\"tr\" dir=\"ltr\">Ankara\u2019da a\u00e7\u0131klama yap\u0131yorum.<a href=\"https:\/\/t.co\/lo1WGXNmA4\">https:\/\/t.co\/lo1WGXNmA4<\/a><\/p>&mdash; \u00d6zg\u00fcr \u00d6zel (@eczozgurozel) <a href=\"https:\/\/x.com\/eczozgurozel\/status\/2080665416402112864?ref_src=twsrc%5Etfw\">July 24, 2026<\/a><\/blockquote><script async src=\"https:\/\/platform.x.com\/widgets.js\" charset=\"utf-8\"><\/script>\n<\/div><\/figure>\n\n\n\n<p><strong>\u00d6zel&#8217;in a\u00e7\u0131klamas\u0131ndan sat\u0131rba\u015flar\u0131 \u015f\u00f6yle:<\/strong><\/p>\n\n\n\n<p>&#8220;Bug\u00fcn de \u00f6nemli bir g\u00fcnde gelecekte T\u00fcrkiye siyasi tarihi a\u00e7\u0131s\u0131ndan geriye d\u00f6n\u00fcp bak\u0131ld\u0131\u011f\u0131nda \u00e7ok \u00f6nemli, \u00e7ok kritik bir g\u00fcnde bizimle birliktesiniz.<\/p>\n\n\n\n<p>Biz bug\u00fcn, Gazi Mustafa Kemal Atat\u00fcrk\u2019\u00fcn \u00f6nce \u0130stanbul\u2019un sonra \u0130zmir\u2019in i\u015fgaliyle art\u0131k tahamm\u00fcl\u00fc kalmad\u0131\u011f\u0131nda, \u0130stanbul\u2019dan Band\u0131rma Vapuru&#8217;yla Samsun\u2019a \u00e7\u0131k\u0131p; r\u00fctbeleri, \u00fcniformalar\u0131, saraylar\u0131, yetkileri, resmi yetkileri geride b\u0131rak\u0131p kurtulu\u015fu ve kurulu\u015fu \u00f6rg\u00fctlemek \u00fczere Anadolu&#8217;ya \u00e7\u0131kt\u0131\u011f\u0131 o \u015fanl\u0131 y\u00fcr\u00fcy\u00fc\u015f\u00fcn sonunda, davet etti\u011fi Heyet-i Temsiliye ile birlikte 23 Nisan 1920 g\u00fcn\u00fc cuma namaz\u0131n\u0131 k\u0131ld\u0131\u011f\u0131 Hac\u0131 Bayram Veli Camii&#8217;ndeyiz. Cuma namaz\u0131m\u0131z\u0131 k\u0131ld\u0131k.<\/p>\n\n\n\n<p>Birazdan kurucumuz Gazi Mustafa Kemal Atat\u00fcrk\u2019\u00fcn ilerledi\u011fi yoldan ilerleyerek, her zaman oldu\u011fu gibi, Birinci Meclis&#8217;e gidece\u011fiz ve Gazi Mustafa Kemal Atat\u00fcrk ve arkada\u015flar\u0131n\u0131n Birinci Meclis&#8217;i a\u00e7arak hem Kurtulu\u015f Sava\u015f\u0131\u2019n\u0131 y\u00f6netti\u011fi hem de ard\u0131ndan kurtulu\u015fu sa\u011flad\u0131\u011f\u0131 o tarihi binada sayg\u0131lar\u0131m\u0131z\u0131 bir kez daha sunaca\u011f\u0131z.<\/p>\n\n\n\n<p>Mekan Hac\u0131 Bayram Veli Camii&#8217;nin avlusudur. Mekan Birinci Meclis&#8217;tir. G\u00fcn 24 Temmuz, Lozan\u2019\u0131n y\u0131l d\u00f6n\u00fcm\u00fcd\u00fcr. Bundan 103 y\u0131l \u00f6nce Sevr&#8217;i y\u0131rt\u0131p at\u0131p, Lozan&#8217;la T\u00fcrkiye\u2019nin tapu senedini emperyalist \u00fclkelere kabul ettirdi\u011fimiz, T\u00fcrkiye\u2019yi \u00e7a\u011fda\u015f d\u00fcnyan\u0131n ba\u011f\u0131ms\u0131z bir cumhuriyeti olarak tescil ettirilen g\u00fcn\u00fcn 103. y\u0131l d\u00f6n\u00fcm\u00fcndeyiz. Ba\u015fta Lozan\u2019a imzas\u0131n\u0131 koyan ve imzalar\u0131 alan, tapu senedimizi kabul ettiren \u0130smet Pa\u015fa olmak \u00fczere t\u00fcm eme\u011fi ge\u00e7enleri bir kez daha rahmet ve minnetle an\u0131yoruz.<\/p>\n\n\n<div class=\"wp-block-image\">\n<figure class=\"aligncenter size-large\"><img loading=\"lazy\" decoding=\"async\" width=\"1803\" height=\"1200\" src=\"https:\/\/epochtimestr.com\/wp-content\/uploads\/2011y\/ozel1-1803x1200.webp\" alt=\"(Foto\u011fraf: \u00d6zg\u00fcr \u00d6zel x hesab\u0131)\" class=\"wp-image-169195\" srcset=\"https:\/\/epochtimestr.com\/wp-content\/uploads\/2011y\/ozel1-1803x1200.webp 1803w, https:\/\/epochtimestr.com\/wp-content\/uploads\/2011y\/ozel1-300x200.webp 300w, https:\/\/epochtimestr.com\/wp-content\/uploads\/2011y\/ozel1-150x100.webp 150w, https:\/\/epochtimestr.com\/wp-content\/uploads\/2011y\/ozel1-768x511.webp 768w, https:\/\/epochtimestr.com\/wp-content\/uploads\/2011y\/ozel1-1536x1023.webp 1536w, https:\/\/epochtimestr.com\/wp-content\/uploads\/2011y\/ozel1-2048x1363.webp 2048w\" sizes=\"(max-width: 1803px) 100vw, 1803px\" \/><figcaption class=\"wp-element-caption\">                                                                                       (Foto\u011fraf: \u00d6zg\u00fcr \u00d6zel x hesab\u0131)<\/figcaption><\/figure><\/div>\n\n\n<h3 class=\"wp-block-heading\">&#8220;Gazi Mustafa Kemal Atat\u00fcrk&#8217;\u00fcn talimatlar\u0131, \u0130smet Pa\u015fa&#8217;n\u0131n ilk ba\u015fkanl\u0131\u011f\u0131yla kurulmu\u015f olan Anadolu Kul\u00fcb\u00fc&#8217;ne gidiyoruz.&#8221;<\/h3>\n\n\n\n<p>Ve Sevr\u2019in y\u0131rt\u0131l\u0131p at\u0131ld\u0131\u011f\u0131; yani Orta Do\u011fu&#8217;da ve s\u0131n\u0131rlar\u0131m\u0131z i\u00e7inde, d\u0131\u015f\u0131nda birtak\u0131m anla\u015fmalar\u0131n, hesaplar\u0131n, teslimiyetin y\u0131rt\u0131l\u0131p at\u0131ld\u0131\u011f\u0131, ba\u011f\u0131ms\u0131z T\u00fcrkiye Cumhuriyeti\u2019nin ilan edildi\u011fi ve o g\u00fcnden bug\u00fcne kadar o sa\u011flam temellerin ve kolonlar\u0131n bizi ta\u015f\u0131d\u0131\u011f\u0131 yerdeyiz. Ayn\u0131 kararl\u0131l\u0131ktay\u0131z. Ne Lozan&#8217;dan, ne Misak-\u0131 Milli s\u0131n\u0131rlar\u0131ndan, ne T\u00fcrkiye\u2019nin b\u00f6l\u00fcnmez b\u00fct\u00fcnl\u00fc\u011f\u00fcnden, ne partimizin ve cumhuriyetin kurucu de\u011ferlerinden bir ad\u0131m, bir santim ba\u015fka bir yerde de\u011filiz.<\/p>\n\n\n\n<p>Bize hukuki t\u00fcm yollar\u0131n t\u0131kand\u0131\u011f\u0131, siyasi m\u00fccadelenin imkans\u0131zla\u015ft\u0131r\u0131ld\u0131\u011f\u0131 parti i\u00e7inde ve sokaklar\u0131n, milletin davet etti\u011fi bir yolda, \u00e7\u0131kt\u0131\u011f\u0131m\u0131z yolda; bug\u00fcn biraz \u00f6nce arkada\u015flar\u0131m\u0131z \u0130\u00e7i\u015fleri Bakanl\u0131\u011f\u0131&#8217;na t\u00fcm milletvekillerimizin, 91 milletvekili arkada\u015f\u0131m\u0131z\u0131n imzalar\u0131yla gerekli belgeleri sundular. Ve yeni partinin kurulu\u015f evrak\u0131n\u0131 teslim edip, partinin siyasi faaliyetlerine ba\u015flayaca\u011f\u0131n\u0131 tespit eden &#8216;al\u0131nd\u0131 belgesini&#8217; ald\u0131lar.<br \/>Birazdan 93 milletvekilimizle -ki kendileri Kurucular Kurulu \u00fcyelerimizdir- bu kez y\u00fcz y\u0131l \u00f6nce Gazi Mustafa Kemal Atat\u00fcrk&#8217;\u00fcn talimatlar\u0131, \u0130smet Pa\u015fa&#8217;n\u0131n ilk ba\u015fkanl\u0131\u011f\u0131yla kurulmu\u015f olan Anadolu Kul\u00fcb\u00fc&#8217;ne gidiyoruz. Anadolu Kul\u00fcb\u00fc&#8217;n\u00fcn ilk kurucular\u0131 ve y\u00f6neticileri yine Cumhuriyet Halk Partisi&#8217;nin milletvekilleriydi, bakanlar\u0131yd\u0131. Anadolu Kul\u00fcb\u00fc&#8217;nde Kurucular Kuruluyla ilk toplant\u0131m\u0131z\u0131 yapmak, Kurucular Kurulumuzun genel ba\u015fkan\u0131m\u0131z\u0131 belirlemesini sa\u011flamak, ard\u0131ndan da partimizin y\u00f6netim organlar\u0131n\u0131 belirlemek \u00fczere, y\u00f6netim organlar\u0131n\u0131 belirlemek \u00fczere Anadolu Kul\u00fcb\u00fc&#8217;nde ilk toplant\u0131m\u0131z\u0131 ger\u00e7ekle\u015ftirece\u011fiz.<\/p>\n\n\n\n<p>Bir s\u00fcredir, bir s\u00fcredir yap\u0131lan teknik haz\u0131rl\u0131klar bug\u00fcn sabahtan itibaren \u0130\u00e7i\u015fleri Bakanl\u0131\u011f\u0131&#8217;nda, Yarg\u0131tay&#8217;da, Meclis nezdinde planlanan, haz\u0131rlanan \u015fekliyle devam etmektedir. G\u00fcn\u00fcn sonunda, g\u00fcn\u00fcn sonunda yeni partiyi, yeni partinin Parti Meclisi&#8217;ni, genel ba\u015fkan\u0131n\u0131 bildirmi\u015f ve partimizin T\u00fcrkiye B\u00fcy\u00fck Millet Meclisi&#8217;ndeki grubunun kuruldu\u011funu bildirmi\u015f ve partimizin kuruldu\u011fu g\u00fcn ana muhalefet partisi oldu\u011funu ilan etmi\u015f olaca\u011f\u0131z.<\/p>\n\n\n<div class=\"wp-block-image\">\n<figure class=\"aligncenter size-full\"><img loading=\"lazy\" decoding=\"async\" width=\"960\" height=\"539\" src=\"https:\/\/epochtimestr.com\/wp-content\/uploads\/2011y\/ozel-x-1.jpg\" alt=\"(Foto\u011fraf: \u00d6zg\u00fcr \u00d6zel Facebook hesab\u0131)\" class=\"wp-image-169197\" srcset=\"https:\/\/epochtimestr.com\/wp-content\/uploads\/2011y\/ozel-x-1.jpg 960w, https:\/\/epochtimestr.com\/wp-content\/uploads\/2011y\/ozel-x-1-300x168.jpg 300w, https:\/\/epochtimestr.com\/wp-content\/uploads\/2011y\/ozel-x-1-150x84.jpg 150w, https:\/\/epochtimestr.com\/wp-content\/uploads\/2011y\/ozel-x-1-768x431.jpg 768w\" sizes=\"(max-width: 960px) 100vw, 960px\" \/><figcaption class=\"wp-element-caption\">                                                                                (Foto\u011fraf: \u00d6zg\u00fcr \u00d6zel Facebook hesab\u0131)<\/figcaption><\/figure><\/div>\n\n\n<h3 class=\"wp-block-heading\">&#8220;Bundan sonra durmadan ve yorulmadan iktidara kadar y\u00fcr\u00fcyelim arkada\u015flar.&#8221;<\/h3>\n\n\n\n<p>Partimiz ana muhalefet partisi olarak \u00f6n\u00fcm\u00fczdeki s\u00fcre\u00e7te bir s\u00fcre, ilk se\u00e7ime kadar g\u00f6rev yapacak. Yeni parti ilk kez ve son kez ana muhalefet partisi olarak b\u00fct\u00e7e \u00e7al\u0131\u015fmalar\u0131na kat\u0131lacak. Yeni partinin muhalefette b\u00fct\u00e7e \u00e7al\u0131\u015fmalar\u0131na kat\u0131ld\u0131\u011f\u0131 ilk ve tek y\u0131l\u0131 ya\u015fayaca\u011f\u0131z. Ard\u0131ndan Allah&#8217;\u0131n izni, milletimizin takdiriyle bundan sonra milletin y\u00fcz\u00fcn\u00fc g\u00fcld\u00fcrecek, halk\u0131n sorunlar\u0131n\u0131 \u00e7\u00f6zecek, \u00fclkeye huzuru, refah\u0131, bar\u0131\u015f\u0131 getirecek; bundan sonraki b\u00fct\u00e7eleri yapacak iktidar\u0131 kuraca\u011f\u0131z. Yolumuz a\u00e7\u0131k olsun!<\/p>\n\n\n\n<p>Bu tarihi g\u00fcnde, bu tarihi g\u00fcnde bizleri yaln\u0131z b\u0131rakmayan Ankaral\u0131lara te\u015fekk\u00fcr ediyoruz. Bu y\u00fcr\u00fcy\u00fc\u015f\u00fc Anadolu&#8217;da ad\u0131m ad\u0131m ba\u015flatan, arkam\u0131zda dimdik duran ve s\u00f6z\u00fcn millete ait oldu\u011funu, s\u00f6z\u00fcn saraylarda, tek adamlarda, onlar\u0131n b\u00fcrokratlar\u0131nda olmad\u0131\u011f\u0131n\u0131, son s\u00f6z\u00fc milletin s\u00f6yleyece\u011fini takdir eden T\u00fcrkiye Cumhuriyeti&#8217;nde hangi partiden, hangi siyasi g\u00f6r\u00fc\u015ften olursa olsun bu demokrasi y\u00fcr\u00fcy\u00fc\u015f\u00fcm\u00fcze ilham veren, i\u015ftirak eden ve bizimle birlikte y\u00fcr\u00fcyen herkese \u00e7ok te\u015fekk\u00fcr ediyorum. Hay\u0131rl\u0131 u\u011furlu olsun!<\/p>\n\n\n\n<p>Yol arkada\u015flar\u0131m\u0131z, yol arkada\u015flar\u0131m\u0131z aziz milletimizdir. Yolumuz iktidar yoludur. Pusulam\u0131z\u0131n g\u00f6sterdi\u011fi y\u00f6n iktidard\u0131r. Bundan sonra durmadan ve yorulmadan iktidara kadar y\u00fcr\u00fcyelim arkada\u015flar.&#8221;<\/p>\n\n\n\n<figure class=\"wp-block-embed is-type-rich is-provider-x wp-block-embed-x\"><div class=\"wp-block-embed__wrapper\">\n<blockquote class=\"twitter-tweet\" data-width=\"550\" data-dnt=\"true\"><p lang=\"tr\" dir=\"ltr\">Ankara\u2019da, YEN\u0130 Parti Kurucular Kurulu\u2019nun ilk toplant\u0131s\u0131nda oy birli\u011fiyle \u00d6zg\u00fcr \u00d6zel YEN\u0130 Parti Genel Ba\u015fkan\u0131 se\u00e7ildi. <a href=\"https:\/\/t.co\/Z30GGinoyd\">pic.twitter.com\/Z30GGinoyd<\/a><\/p>&mdash; YEN\u0130 Parti (@yenipartiyiz) <a href=\"https:\/\/x.com\/yenipartiyiz\/status\/2080701988098953394?ref_src=twsrc%5Etfw\">July 24, 2026<\/a><\/blockquote><script async src=\"https:\/\/platform.x.com\/widgets.js\" charset=\"utf-8\"><\/script>\n<\/div><\/figure>\n\n\n\n<p><\/p>\n","protected":false},"excerpt":{"rendered":"<p>Manisa Milletvekili \u00d6zg\u00fcr \u00d6zel&#8217;in kurdu\u011fu YEN\u0130 Parti&#8217;nin kurulu\u015f evraklar\u0131n\u0131n imzalanmas\u0131n\u0131n ard\u0131ndan resmi X hesab\u0131 kamuoyuna a\u00e7\u0131kland\u0131. \u00d6zg\u00fcr \u00d6zel CHP&#8217;den istifa ederek liderlik edece\u011fi Yeni Parti&#8217;nin kurulu\u015f evraklar\u0131n\u0131 imzalad\u0131. Toplam 91 milletvekili de partiden istifa ederek Yeni Parti&#8217;ye ge\u00e7ti. G\u00fcl \u00c7ift\u00e7i ve Murat Emir, Yeni Parti&#8217;nin kurulu\u015f dilek\u00e7esini \u0130\u00e7i\u015fleri Bakanl\u0131\u011f\u0131&#8217;na teslim etti. \u00d6zel ve milletvekillerinin istifas\u0131n\u0131n [&hellip;]<\/p>\n","protected":false},"author":12791,"featured_media":169192,"comment_status":"open","ping_status":"open","sticky":false,"template":"","format":"standard","meta":{"_yoast_wpseo_focuskw":"Yeni - resmi X hesab\u0131","_yoast_wpseo_title":"","_yoast_wpseo_metadesc":"Manisa Milletvekili \u00d6zg\u00fcr \u00d6zel'in kurdu\u011fu YEN\u0130 Parti'nin kurulu\u015f evraklar\u0131n\u0131n imzalanmas\u0131n\u0131n ard\u0131ndan resmi X hesab\u0131 kamuoyuna a\u00e7\u0131kland\u0131.","_bbp_topic_count":0,"_bbp_reply_count":0,"_bbp_total_topic_count":0,"_bbp_total_reply_count":0,"_bbp_voice_count":0,"_bbp_anonymous_reply_count":0,"_bbp_topic_count_hidden":0,"_bbp_reply_count_hidden":0,"_bbp_forum_subforum_count":0,"footnotes":"","_yoast_wpseo_focuskw_text_input":""},"categories":[1,8138,8226],"tags":[11895,8492,1200,8591,11744],"yoast_head":"<!-- This site is optimized with the Yoast SEO plugin v23.0 - https:\/\/yoast.com\/wordpress\/plugins\/seo\/ -->\n<title>YEN\u0130 Parti&#039;nin Resmi X Hesab\u0131 Kamuoyuna A\u00e7\u0131kland\u0131 - The Epoch Times TR<\/title>\n<meta name=\"description\" content=\"Manisa Milletvekili \u00d6zg\u00fcr \u00d6zel&#039;in kurdu\u011fu YEN\u0130 Parti&#039;nin kurulu\u015f evraklar\u0131n\u0131n imzalanmas\u0131n\u0131n ard\u0131ndan resmi X hesab\u0131 kamuoyuna a\u00e7\u0131kland\u0131.\" \/>\n<meta name=\"robots\" content=\"index, follow, max-snippet:-1, max-image-preview:large, max-video-preview:-1\" \/>\n<link rel=\"canonical\" href=\"https:\/\/epochtimestr.com\/index.php\/yeni-partinin-resmi-x-hesabi-kamuoyuna-aciklandi\" \/>\n<meta property=\"og:locale\" content=\"tr_TR\" \/>\n<meta property=\"og:type\" content=\"article\" \/>\n<meta property=\"og:title\" content=\"YEN\u0130 Parti&#039;nin Resmi X Hesab\u0131 Kamuoyuna A\u00e7\u0131kland\u0131 - The Epoch Times TR\" \/>\n<meta property=\"og:description\" content=\"Manisa Milletvekili \u00d6zg\u00fcr \u00d6zel&#039;in kurdu\u011fu YEN\u0130 Parti&#039;nin kurulu\u015f evraklar\u0131n\u0131n imzalanmas\u0131n\u0131n ard\u0131ndan resmi X hesab\u0131 kamuoyuna a\u00e7\u0131kland\u0131.\" \/>\n<meta property=\"og:url\" content=\"https:\/\/epochtimestr.com\/index.php\/yeni-partinin-resmi-x-hesabi-kamuoyuna-aciklandi\" \/>\n<meta property=\"og:site_name\" content=\"The Epoch Times TR\" \/>\n<meta property=\"article:publisher\" content=\"https:\/\/www.facebook.com\/theepochtimestr\" \/>\n<meta property=\"article:published_time\" content=\"2026-07-24T20:11:12+00:00\" \/>\n<meta property=\"article:modified_time\" content=\"2026-07-24T20:11:13+00:00\" \/>\n<meta property=\"og:image\" content=\"https:\/\/epochtimestr.com\/wp-content\/uploads\/2011y\/ozelx2.jpg\" \/>\n\t<meta property=\"og:image:width\" content=\"547\" \/>\n\t<meta property=\"og:image:height\" content=\"365\" \/>\n\t<meta property=\"og:image:type\" content=\"image\/jpeg\" \/>\n<meta name=\"author\" content=\"Haber Merkezi\" \/>\n<meta name=\"twitter:card\" content=\"summary_large_image\" \/>\n<meta name=\"twitter:creator\" content=\"@TheEpochTimesTR\" \/>\n<meta name=\"twitter:site\" content=\"@TheEpochTimesTR\" \/>\n<meta name=\"twitter:label1\" content=\"Yazan:\" \/>\n\t<meta name=\"twitter:data1\" content=\"Haber Merkezi\" \/>\n\t<meta name=\"twitter:label2\" content=\"Tahmini okuma s\u00fcresi\" \/>\n\t<meta name=\"twitter:data2\" content=\"7 dakika\" \/>\n<script type=\"application\/ld+json\" class=\"yoast-schema-graph\">{\"@context\":\"https:\/\/schema.org\",\"@graph\":[{\"@type\":\"Article\",\"@id\":\"https:\/\/epochtimestr.com\/index.php\/yeni-partinin-resmi-x-hesabi-kamuoyuna-aciklandi#article\",\"isPartOf\":{\"@id\":\"https:\/\/epochtimestr.com\/index.php\/yeni-partinin-resmi-x-hesabi-kamuoyuna-aciklandi\"},\"author\":{\"name\":\"Haber Merkezi\",\"@id\":\"https:\/\/epochtimestr.com\/#\/schema\/person\/3dc5c3adeb9f43923c5aa85889172fdd\"},\"headline\":\"YEN\u0130 Parti&#8217;nin Resmi X Hesab\u0131 Kamuoyuna A\u00e7\u0131kland\u0131\",\"datePublished\":\"2026-07-24T20:11:12+00:00\",\"dateModified\":\"2026-07-24T20:11:13+00:00\",\"mainEntityOfPage\":{\"@id\":\"https:\/\/epochtimestr.com\/index.php\/yeni-partinin-resmi-x-hesabi-kamuoyuna-aciklandi\"},\"wordCount\":1318,\"commentCount\":0,\"publisher\":{\"@id\":\"https:\/\/epochtimestr.com\/#organization\"},\"image\":{\"@id\":\"https:\/\/epochtimestr.com\/index.php\/yeni-partinin-resmi-x-hesabi-kamuoyuna-aciklandi#primaryimage\"},\"thumbnailUrl\":\"https:\/\/epochtimestr.com\/wp-content\/uploads\/2011y\/ozelx2.jpg\",\"keywords\":[\"kurulu\u015f\",\"\u00d6zg\u00fcr \u00d6zel\",\"tbmm\",\"x hesab\u0131\",\"yeni parti\"],\"articleSection\":[\"G\u00dcNDEM\",\"MAN\u015eET\",\"Siyaset\"],\"inLanguage\":\"tr\",\"potentialAction\":[{\"@type\":\"CommentAction\",\"name\":\"Comment\",\"target\":[\"https:\/\/epochtimestr.com\/index.php\/yeni-partinin-resmi-x-hesabi-kamuoyuna-aciklandi#respond\"]}]},{\"@type\":\"WebPage\",\"@id\":\"https:\/\/epochtimestr.com\/index.php\/yeni-partinin-resmi-x-hesabi-kamuoyuna-aciklandi\",\"url\":\"https:\/\/epochtimestr.com\/index.php\/yeni-partinin-resmi-x-hesabi-kamuoyuna-aciklandi\",\"name\":\"YEN\u0130 Parti'nin Resmi X Hesab\u0131 Kamuoyuna A\u00e7\u0131kland\u0131 - The Epoch Times TR\",\"isPartOf\":{\"@id\":\"https:\/\/epochtimestr.com\/#website\"},\"primaryImageOfPage\":{\"@id\":\"https:\/\/epochtimestr.com\/index.php\/yeni-partinin-resmi-x-hesabi-kamuoyuna-aciklandi#primaryimage\"},\"image\":{\"@id\":\"https:\/\/epochtimestr.com\/index.php\/yeni-partinin-resmi-x-hesabi-kamuoyuna-aciklandi#primaryimage\"},\"thumbnailUrl\":\"https:\/\/epochtimestr.com\/wp-content\/uploads\/2011y\/ozelx2.jpg\",\"datePublished\":\"2026-07-24T20:11:12+00:00\",\"dateModified\":\"2026-07-24T20:11:13+00:00\",\"description\":\"Manisa Milletvekili \u00d6zg\u00fcr \u00d6zel'in kurdu\u011fu YEN\u0130 Parti'nin kurulu\u015f evraklar\u0131n\u0131n imzalanmas\u0131n\u0131n ard\u0131ndan resmi X hesab\u0131 kamuoyuna a\u00e7\u0131kland\u0131.\",\"inLanguage\":\"tr\",\"potentialAction\":[{\"@type\":\"ReadAction\",\"target\":[\"https:\/\/epochtimestr.com\/index.php\/yeni-partinin-resmi-x-hesabi-kamuoyuna-aciklandi\"]}]},{\"@type\":\"ImageObject\",\"inLanguage\":\"tr\",\"@id\":\"https:\/\/epochtimestr.com\/index.php\/yeni-partinin-resmi-x-hesabi-kamuoyuna-aciklandi#primaryimage\",\"url\":\"https:\/\/epochtimestr.com\/wp-content\/uploads\/2011y\/ozelx2.jpg\",\"contentUrl\":\"https:\/\/epochtimestr.com\/wp-content\/uploads\/2011y\/ozelx2.jpg\",\"width\":547,\"height\":365},{\"@type\":\"WebSite\",\"@id\":\"https:\/\/epochtimestr.com\/#website\",\"url\":\"https:\/\/epochtimestr.com\/\",\"name\":\"The Epoch Times TR\",\"description\":\"De\u011fi\u015fen D\u00fcnyam\u0131za Taze Bir Bak\u0131\u015f\",\"publisher\":{\"@id\":\"https:\/\/epochtimestr.com\/#organization\"},\"potentialAction\":[{\"@type\":\"SearchAction\",\"target\":{\"@type\":\"EntryPoint\",\"urlTemplate\":\"https:\/\/epochtimestr.com\/?s={search_term_string}\"},\"query-input\":\"required name=search_term_string\"}],\"inLanguage\":\"tr\"},{\"@type\":\"Organization\",\"@id\":\"https:\/\/epochtimestr.com\/#organization\",\"name\":\"The EpochTimes T\u00fcrkiye\",\"url\":\"https:\/\/epochtimestr.com\/\",\"logo\":{\"@type\":\"ImageObject\",\"inLanguage\":\"tr\",\"@id\":\"https:\/\/epochtimestr.com\/#\/schema\/logo\/image\/\",\"url\":\"https:\/\/epochtimestr.com\/wp-content\/uploads\/2011y\/ET-Logo-YG.jpg\",\"contentUrl\":\"https:\/\/epochtimestr.com\/wp-content\/uploads\/2011y\/ET-Logo-YG.jpg\",\"width\":346,\"height\":29,\"caption\":\"The EpochTimes T\u00fcrkiye\"},\"image\":{\"@id\":\"https:\/\/epochtimestr.com\/#\/schema\/logo\/image\/\"},\"sameAs\":[\"https:\/\/www.facebook.com\/theepochtimestr\",\"https:\/\/x.com\/TheEpochTimesTR\",\"https:\/\/www.instagram.com\/epochtimestr\"]},{\"@type\":\"Person\",\"@id\":\"https:\/\/epochtimestr.com\/#\/schema\/person\/3dc5c3adeb9f43923c5aa85889172fdd\",\"name\":\"Haber Merkezi\",\"image\":{\"@type\":\"ImageObject\",\"inLanguage\":\"tr\",\"@id\":\"https:\/\/epochtimestr.com\/#\/schema\/person\/image\/\",\"url\":\"https:\/\/secure.gravatar.com\/avatar\/d73f772ba5a74f28601361e17c2f93e6?s=96&d=mm&r=g\",\"contentUrl\":\"https:\/\/secure.gravatar.com\/avatar\/d73f772ba5a74f28601361e17c2f93e6?s=96&d=mm&r=g\",\"caption\":\"Haber Merkezi\"},\"url\":\"https:\/\/epochtimestr.com\/index.php\/author\/sendag\"}]}<\/script>\n<!-- \/ Yoast SEO plugin. -->","yoast_head_json":{"title":"YEN\u0130 Parti'nin Resmi X Hesab\u0131 Kamuoyuna A\u00e7\u0131kland\u0131 - The Epoch Times TR","description":"Manisa Milletvekili \u00d6zg\u00fcr \u00d6zel'in kurdu\u011fu YEN\u0130 Parti'nin kurulu\u015f evraklar\u0131n\u0131n imzalanmas\u0131n\u0131n ard\u0131ndan resmi X hesab\u0131 kamuoyuna a\u00e7\u0131kland\u0131.","robots":{"index":"index","follow":"follow","max-snippet":"max-snippet:-1","max-image-preview":"max-image-preview:large","max-video-preview":"max-video-preview:-1"},"canonical":"https:\/\/epochtimestr.com\/index.php\/yeni-partinin-resmi-x-hesabi-kamuoyuna-aciklandi","og_locale":"tr_TR","og_type":"article","og_title":"YEN\u0130 Parti'nin Resmi X Hesab\u0131 Kamuoyuna A\u00e7\u0131kland\u0131 - The Epoch Times TR","og_description":"Manisa Milletvekili \u00d6zg\u00fcr \u00d6zel'in kurdu\u011fu YEN\u0130 Parti'nin kurulu\u015f evraklar\u0131n\u0131n imzalanmas\u0131n\u0131n ard\u0131ndan resmi X hesab\u0131 kamuoyuna a\u00e7\u0131kland\u0131.","og_url":"https:\/\/epochtimestr.com\/index.php\/yeni-partinin-resmi-x-hesabi-kamuoyuna-aciklandi","og_site_name":"The Epoch Times TR","article_publisher":"https:\/\/www.facebook.com\/theepochtimestr","article_published_time":"2026-07-24T20:11:12+00:00","article_modified_time":"2026-07-24T20:11:13+00:00","og_image":[{"width":547,"height":365,"url":"https:\/\/epochtimestr.com\/wp-content\/uploads\/2011y\/ozelx2.jpg","type":"image\/jpeg"}],"author":"Haber Merkezi","twitter_card":"summary_large_image","twitter_creator":"@TheEpochTimesTR","twitter_site":"@TheEpochTimesTR","twitter_misc":{"Yazan:":"Haber Merkezi","Tahmini okuma s\u00fcresi":"7 dakika"},"schema":{"@context":"https:\/\/schema.org","@graph":[{"@type":"Article","@id":"https:\/\/epochtimestr.com\/index.php\/yeni-partinin-resmi-x-hesabi-kamuoyuna-aciklandi#article","isPartOf":{"@id":"https:\/\/epochtimestr.com\/index.php\/yeni-partinin-resmi-x-hesabi-kamuoyuna-aciklandi"},"author":{"name":"Haber Merkezi","@id":"https:\/\/epochtimestr.com\/#\/schema\/person\/3dc5c3adeb9f43923c5aa85889172fdd"},"headline":"YEN\u0130 Parti&#8217;nin Resmi X Hesab\u0131 Kamuoyuna A\u00e7\u0131kland\u0131","datePublished":"2026-07-24T20:11:12+00:00","dateModified":"2026-07-24T20:11:13+00:00","mainEntityOfPage":{"@id":"https:\/\/epochtimestr.com\/index.php\/yeni-partinin-resmi-x-hesabi-kamuoyuna-aciklandi"},"wordCount":1318,"commentCount":0,"publisher":{"@id":"https:\/\/epochtimestr.com\/#organization"},"image":{"@id":"https:\/\/epochtimestr.com\/index.php\/yeni-partinin-resmi-x-hesabi-kamuoyuna-aciklandi#primaryimage"},"thumbnailUrl":"https:\/\/epochtimestr.com\/wp-content\/uploads\/2011y\/ozelx2.jpg","keywords":["kurulu\u015f","\u00d6zg\u00fcr \u00d6zel","tbmm","x hesab\u0131","yeni parti"],"articleSection":["G\u00dcNDEM","MAN\u015eET","Siyaset"],"inLanguage":"tr","potentialAction":[{"@type":"CommentAction","name":"Comment","target":["https:\/\/epochtimestr.com\/index.php\/yeni-partinin-resmi-x-hesabi-kamuoyuna-aciklandi#respond"]}]},{"@type":"WebPage","@id":"https:\/\/epochtimestr.com\/index.php\/yeni-partinin-resmi-x-hesabi-kamuoyuna-aciklandi","url":"https:\/\/epochtimestr.com\/index.php\/yeni-partinin-resmi-x-hesabi-kamuoyuna-aciklandi","name":"YEN\u0130 Parti'nin Resmi X Hesab\u0131 Kamuoyuna A\u00e7\u0131kland\u0131 - The Epoch Times TR","isPartOf":{"@id":"https:\/\/epochtimestr.com\/#website"},"primaryImageOfPage":{"@id":"https:\/\/epochtimestr.com\/index.php\/yeni-partinin-resmi-x-hesabi-kamuoyuna-aciklandi#primaryimage"},"image":{"@id":"https:\/\/epochtimestr.com\/index.php\/yeni-partinin-resmi-x-hesabi-kamuoyuna-aciklandi#primaryimage"},"thumbnailUrl":"https:\/\/epochtimestr.com\/wp-content\/uploads\/2011y\/ozelx2.jpg","datePublished":"2026-07-24T20:11:12+00:00","dateModified":"2026-07-24T20:11:13+00:00","description":"Manisa Milletvekili \u00d6zg\u00fcr \u00d6zel'in kurdu\u011fu YEN\u0130 Parti'nin kurulu\u015f evraklar\u0131n\u0131n imzalanmas\u0131n\u0131n ard\u0131ndan resmi X hesab\u0131 kamuoyuna a\u00e7\u0131kland\u0131.","inLanguage":"tr","potentialAction":[{"@type":"ReadAction","target":["https:\/\/epochtimestr.com\/index.php\/yeni-partinin-resmi-x-hesabi-kamuoyuna-aciklandi"]}]},{"@type":"ImageObject","inLanguage":"tr","@id":"https:\/\/epochtimestr.com\/index.php\/yeni-partinin-resmi-x-hesabi-kamuoyuna-aciklandi#primaryimage","url":"https:\/\/epochtimestr.com\/wp-content\/uploads\/2011y\/ozelx2.jpg","contentUrl":"https:\/\/epochtimestr.com\/wp-content\/uploads\/2011y\/ozelx2.jpg","width":547,"height":365},{"@type":"WebSite","@id":"https:\/\/epochtimestr.com\/#website","url":"https:\/\/epochtimestr.com\/","name":"The Epoch Times TR","description":"De\u011fi\u015fen D\u00fcnyam\u0131za Taze Bir Bak\u0131\u015f","publisher":{"@id":"https:\/\/epochtimestr.com\/#organization"},"potentialAction":[{"@type":"SearchAction","target":{"@type":"EntryPoint","urlTemplate":"https:\/\/epochtimestr.com\/?s={search_term_string}"},"query-input":"required name=search_term_string"}],"inLanguage":"tr"},{"@type":"Organization","@id":"https:\/\/epochtimestr.com\/#organization","name":"The EpochTimes T\u00fcrkiye","url":"https:\/\/epochtimestr.com\/","logo":{"@type":"ImageObject","inLanguage":"tr","@id":"https:\/\/epochtimestr.com\/#\/schema\/logo\/image\/","url":"https:\/\/epochtimestr.com\/wp-content\/uploads\/2011y\/ET-Logo-YG.jpg","contentUrl":"https:\/\/epochtimestr.com\/wp-content\/uploads\/2011y\/ET-Logo-YG.jpg","width":346,"height":29,"caption":"The EpochTimes T\u00fcrkiye"},"image":{"@id":"https:\/\/epochtimestr.com\/#\/schema\/logo\/image\/"},"sameAs":["https:\/\/www.facebook.com\/theepochtimestr","https:\/\/x.com\/TheEpochTimesTR","https:\/\/www.instagram.com\/epochtimestr"]},{"@type":"Person","@id":"https:\/\/epochtimestr.com\/#\/schema\/person\/3dc5c3adeb9f43923c5aa85889172fdd","name":"Haber Merkezi","image":{"@type":"ImageObject","inLanguage":"tr","@id":"https:\/\/epochtimestr.com\/#\/schema\/person\/image\/","url":"https:\/\/secure.gravatar.com\/avatar\/d73f772ba5a74f28601361e17c2f93e6?s=96&d=mm&r=g","contentUrl":"https:\/\/secure.gravatar.com\/avatar\/d73f772ba5a74f28601361e17c2f93e6?s=96&d=mm&r=g","caption":"Haber Merkezi"},"url":"https:\/\/epochtimestr.com\/index.php\/author\/sendag"}]}},"_links":{"self":[{"href":"https:\/\/epochtimestr.com\/index.php\/wp-json\/wp\/v2\/posts\/169190"}],"collection":[{"href":"https:\/\/epochtimestr.com\/index.php\/wp-json\/wp\/v2\/posts"}],"about":[{"href":"https:\/\/epochtimestr.com\/index.php\/wp-json\/wp\/v2\/types\/post"}],"author":[{"embeddable":true,"href":"https:\/\/epochtimestr.com\/index.php\/wp-json\/wp\/v2\/users\/12791"}],"replies":[{"embeddable":true,"href":"https:\/\/epochtimestr.com\/index.php\/wp-json\/wp\/v2\/comments?post=169190"}],"version-history":[{"count":2,"href":"https:\/\/epochtimestr.com\/index.php\/wp-json\/wp\/v2\/posts\/169190\/revisions"}],"predecessor-version":[{"id":169200,"href":"https:\/\/epochtimestr.com\/index.php\/wp-json\/wp\/v2\/posts\/169190\/revisions\/169200"}],"wp:featuredmedia":[{"embeddable":true,"href":"https:\/\/epochtimestr.com\/index.php\/wp-json\/wp\/v2\/media\/169192"}],"wp:attachment":[{"href":"https:\/\/epochtimestr.com\/index.php\/wp-json\/wp\/v2\/media?parent=169190"}],"wp:term":[{"taxonomy":"category","embeddable":true,"href":"https:\/\/epochtimestr.com\/index.php\/wp-json\/wp\/v2\/categories?post=169190"},{"taxonomy":"post_tag","embeddable":true,"href":"https:\/\/epochtimestr.com\/index.php\/wp-json\/wp\/v2\/tags?post=169190"}],"curies":[{"name":"wp","href":"https:\/\/api.w.org\/{rel}","templated":true}]}}