{"id":169204,"date":"2026-07-25T12:09:18","date_gmt":"2026-07-25T09:09:18","guid":{"rendered":"https:\/\/epochtimestr.com\/?p=169204"},"modified":"2026-07-25T12:09:22","modified_gmt":"2026-07-25T09:09:22","slug":"uyusturucu-kacakcisi-el-diablo-kosta-rikada-yakalandi","status":"publish","type":"post","link":"https:\/\/epochtimestr.com\/index.php\/uyusturucu-kacakcisi-el-diablo-kosta-rikada-yakalandi","title":{"rendered":"Uyu\u015fturucu Ka\u00e7ak\u00e7\u0131s\u0131 El Diablo Kosta Rika&#8217;da Yakaland\u0131"},"content":{"rendered":"<div class=\"wp-block-image\">\n<figure class=\"aligncenter size-full\"><img loading=\"lazy\" decoding=\"async\" width=\"1200\" height=\"900\" src=\"https:\/\/epochtimestr.com\/wp-content\/uploads\/2011y\/1000048117.webp\" alt=\"Kosta Rika Adli\u00a0Soru\u015fturma Kurumu g\u00f6revlileri &quot;El Diablo&quot;\u00a0lakapl\u0131 Alejandro Arias'\u0131 g\u00fcvenlik e\u015fli\u011finde g\u00f6t\u00fcr\u00fcyor. Arias, uyu\u015fturucu\u00a0ka\u00e7ak\u00e7\u0131l\u0131\u011f\u0131 su\u00e7lamalar\u0131yla Orta Amerika'n\u0131n en \u00e7ok\u00a0aranan firarisidir. 24 Temmuz 2026, Alajuela, Kosta Rika. (Foto\u011fraf: Costa Rika Adli\u00a0Soru\u015fturma Kurumu (OIJ), Reuters, The Epoch Times arac\u0131l\u0131\u011f\u0131yla)\" class=\"wp-image-169205\" srcset=\"https:\/\/epochtimestr.com\/wp-content\/uploads\/2011y\/1000048117.webp 1200w, https:\/\/epochtimestr.com\/wp-content\/uploads\/2011y\/1000048117-300x225.webp 300w, https:\/\/epochtimestr.com\/wp-content\/uploads\/2011y\/1000048117-150x113.webp 150w, https:\/\/epochtimestr.com\/wp-content\/uploads\/2011y\/1000048117-768x576.webp 768w, https:\/\/epochtimestr.com\/wp-content\/uploads\/2011y\/1000048117-86x64.webp 86w\" sizes=\"(max-width: 1200px) 100vw, 1200px\" \/><figcaption class=\"wp-element-caption\">Kosta Rika Adli\u00a0Soru\u015fturma Kurumu g\u00f6revlileri uyu\u015fturucu ka\u00e7ak\u00e7\u0131s\u0131 &#8220;El Diablo&#8221;\u00a0lakapl\u0131 Alejandro Arias&#8217;\u0131 tutukluyor. Arias, uyu\u015fturucu\u00a0ka\u00e7ak\u00e7\u0131l\u0131\u011f\u0131 su\u00e7lamalar\u0131yla Orta Amerika&#8217;n\u0131n en \u00e7ok\u00a0aranan firarisidir. 24 Temmuz 2026, Alajuela, Kosta Rika. (Foto\u011fraf: Costa Rika Adli\u00a0Soru\u015fturma Kurumu (OIJ), Reuters, The Epoch Times arac\u0131l\u0131\u011f\u0131yla)<\/figcaption><\/figure><\/div>\n\n\n<p>Kosta Rika g\u00fcvenlik g\u00fc\u00e7leri, \u00fclkenin en \u00e7ok aranan firarisi <a href=\"https:\/\/www.theepochtimes.com\/world\/costa-rica-arrests-most-wanted-fugitive-diablo-after-hourlong-firefight-6067377\" target=\"_blank\" rel=\"noreferrer noopener\">Alejandro Arias&#8217;\u0131<\/a> yakalad\u0131. Yetkililer, &#8220;El Diablo&#8221; lakapl\u0131 \u015f\u00fcpheliyi uzun s\u00fcren silahl\u0131 \u00e7at\u0131\u015fman\u0131n ard\u0131ndan g\u00f6zalt\u0131na ald\u0131. Ba\u015fkent San Jose&#8217;nin kuzeydo\u011fusundaki Sarapiqui b\u00f6lgesindeki \u00e7at\u0131\u015fma yakla\u015f\u0131k bir saat s\u00fcrd\u00fc. Yetkililer, Arias&#8217;\u0131n grubuyla g\u00fcvenlik g\u00fc\u00e7leri aras\u0131nda yo\u011fun silahl\u0131 m\u00fccadele ya\u015fand\u0131\u011f\u0131n\u0131 a\u00e7\u0131klad\u0131.<\/p>\n\n\n\n<p>Operasyonda sekiz polis memuru yaraland\u0131 ve ayr\u0131ca Arias&#8217;\u0131n grubundan bir ki\u015fi \u00f6ld\u00fc. Yetkililerin a\u00e7\u0131klamalar\u0131na g\u00f6re yaral\u0131lardan ikisinin durumu a\u011f\u0131r. Yetkililer, operasyon s\u0131ras\u0131nda be\u015f askeri nitelikli uzun namlulu silah ele ge\u00e7irdi. Ayr\u0131ca \u00fc\u00e7 tabanca ve g\u00f6zetleme amac\u0131yla kullan\u0131lan dronlar da bulundu.<\/p>\n\n\n\n<p>ABD makamlar\u0131 uyu\u015fturucu ka\u00e7ak\u00e7\u0131l\u0131\u011f\u0131 su\u00e7lamalar\u0131 nedeniyle Alejandro Arias&#8217;\u0131 uzun s\u00fcredir ar\u0131yordu. 10 y\u0131ld\u0131r firari olan El Diablo lakapl\u0131 Arias hakk\u0131nda Kosta Rika&#8217;da da yakalama kararlar\u0131 var. Arias, uyu\u015fturucu ka\u00e7ak\u00e7\u0131l\u0131\u011f\u0131, soygun, birinci derece cinayet ve kara para aklama ile su\u00e7lan\u0131yor.<\/p>\n\n\n\n<p>ABD <a href=\"https:\/\/epochtimestr.com\/index.php\/amerika-kalkani-projesi-simdi-neden-onemli\" target=\"_blank\" rel=\"noreferrer noopener\">Uyu\u015fturucuyla M\u00fccadele<\/a> Dairesi, Arias&#8217;\u0131 \u015fiddet yanl\u0131s\u0131 uluslararas\u0131 bir su\u00e7 \u00f6rg\u00fct\u00fcn\u00fcn lideri olarak tan\u0131ml\u0131yor. Ayr\u0131ca ABD D\u0131\u015fi\u015fleri Bakanl\u0131\u011f\u0131 ge\u00e7en y\u0131l yakalanmas\u0131n\u0131 sa\u011flayacak bilgiler i\u00e7in 500 bin dolar \u00f6d\u00fcl a\u00e7\u0131klam\u0131\u015ft\u0131.<\/p>\n\n\n\n<h3 class=\"wp-block-heading\">El Diablo \u00d6rg\u00fct\u00fc <\/h3>\n\n\n\n<p>Kosta Rika Adli Soru\u015fturma Kurumu Direkt\u00f6r\u00fc Michael Soto, operasyon kapsam\u0131nda Arias ile birlikte iki \u00f6rg\u00fct \u00fcyesinin daha yakaland\u0131\u011f\u0131n\u0131 s\u00f6yledi. Yetkililer uyu\u015fturucu ka\u00e7ak\u00e7\u0131l\u0131\u011f\u0131 yap\u0131lanmas\u0131n\u0131n \u00f6nde gelen isimlerinden &#8220;Tan&#8221; lakapl\u0131 Jonathan Perez&#8217;in de yakaland\u0131\u011f\u0131n\u0131 bildirdi. <\/p>\n\n\n\n<p>Soto, yakalanan ki\u015filere ba\u011fl\u0131 su\u00e7 gruplar\u0131n\u0131n 360 cinayetle ba\u011flant\u0131l\u0131 oldu\u011funu belirtti. Ayr\u0131ca operasyonun hassas ve profesyonel \u015fekilde y\u00fcr\u00fct\u00fcld\u00fc\u011f\u00fcn\u00fc ifade etti. Kosta Rikal\u0131 yetkililer, \u00fclkede son y\u0131llardaki cinayet art\u0131\u015f\u0131n\u0131 uyu\u015fturucu \u00f6rg\u00fctleri aras\u0131ndaki \u00e7at\u0131\u015fmalara ba\u011fl\u0131yor. Buna kar\u015f\u0131n Arias&#8217;\u0131n bu \u015fiddet olaylar\u0131nda \u00f6nemli rol oynad\u0131\u011f\u0131 belirtiliyor.<\/p>\n\n\n\n<p>DEA&#8217;ya g\u00f6re Arias, Kolombiya&#8217;dan \u00e7\u0131kan y\u00fczlerce kilogram kokain sevkiyat\u0131n\u0131 organize etti. Bununla birlikte uyu\u015fturucular ABD&#8217;ye ula\u015fmak \u00fczere Kosta Rika, Honduras ve Guatemala \u00fczerinden Meksika&#8217;ya ge\u00e7ti.<\/p>\n","protected":false},"excerpt":{"rendered":"<p>Kosta Rika g\u00fcvenlik g\u00fc\u00e7leri, \u00fclkenin en \u00e7ok aranan firarisi Alejandro Arias&#8217;\u0131 yakalad\u0131. Yetkililer, &#8220;El Diablo&#8221; lakapl\u0131 \u015f\u00fcpheliyi uzun s\u00fcren silahl\u0131 \u00e7at\u0131\u015fman\u0131n ard\u0131ndan g\u00f6zalt\u0131na ald\u0131. Ba\u015fkent San Jose&#8217;nin kuzeydo\u011fusundaki Sarapiqui b\u00f6lgesindeki \u00e7at\u0131\u015fma yakla\u015f\u0131k bir saat s\u00fcrd\u00fc. Yetkililer, Arias&#8217;\u0131n grubuyla g\u00fcvenlik g\u00fc\u00e7leri aras\u0131nda yo\u011fun silahl\u0131 m\u00fccadele ya\u015fand\u0131\u011f\u0131n\u0131 a\u00e7\u0131klad\u0131. Operasyonda sekiz polis memuru yaraland\u0131 ve ayr\u0131ca Arias&#8217;\u0131n grubundan [&hellip;]<\/p>\n","protected":false},"author":13996,"featured_media":169205,"comment_status":"open","ping_status":"open","sticky":false,"template":"","format":"standard","meta":{"_yoast_wpseo_focuskw":"Uyu\u015fturucu - El Diablo","_yoast_wpseo_title":"","_yoast_wpseo_metadesc":"Kosta Rika Adli Soru\u015fturma Kurumu g\u00f6revlileri uyu\u015fturucu ka\u00e7ak\u00e7\u0131s\u0131 \"El Diablo\" lakapl\u0131 Alejandro Arias'\u0131 tutukland\u0131.","_bbp_topic_count":0,"_bbp_reply_count":0,"_bbp_total_topic_count":0,"_bbp_total_reply_count":0,"_bbp_voice_count":0,"_bbp_anonymous_reply_count":0,"_bbp_topic_count_hidden":0,"_bbp_reply_count_hidden":0,"_bbp_forum_subforum_count":0,"footnotes":"","_yoast_wpseo_focuskw_text_input":""},"categories":[5,1],"tags":[407,11898,11897,11896,11900,1284,10048,9789],"yoast_head":"<!-- This site is optimized with the Yoast SEO plugin v23.0 - https:\/\/yoast.com\/wordpress\/plugins\/seo\/ -->\n<title>Uyu\u015fturucu Ka\u00e7ak\u00e7\u0131s\u0131 El Diablo Kosta Rika&#039;da Yakaland\u0131 - The Epoch Times TR<\/title>\n<meta name=\"description\" content=\"Kosta Rika Adli Soru\u015fturma Kurumu g\u00f6revlileri uyu\u015fturucu ka\u00e7ak\u00e7\u0131s\u0131 &quot;El Diablo&quot; lakapl\u0131 Alejandro Arias&#039;\u0131 tutukland\u0131.\" \/>\n<meta name=\"robots\" content=\"index, follow, max-snippet:-1, max-image-preview:large, max-video-preview:-1\" \/>\n<link rel=\"canonical\" href=\"https:\/\/epochtimestr.com\/index.php\/uyusturucu-kacakcisi-el-diablo-kosta-rikada-yakalandi\" \/>\n<meta property=\"og:locale\" content=\"tr_TR\" \/>\n<meta property=\"og:type\" content=\"article\" \/>\n<meta property=\"og:title\" content=\"Uyu\u015fturucu Ka\u00e7ak\u00e7\u0131s\u0131 El Diablo Kosta Rika&#039;da Yakaland\u0131 - The Epoch Times TR\" \/>\n<meta property=\"og:description\" content=\"Kosta Rika Adli Soru\u015fturma Kurumu g\u00f6revlileri uyu\u015fturucu ka\u00e7ak\u00e7\u0131s\u0131 &quot;El Diablo&quot; lakapl\u0131 Alejandro Arias&#039;\u0131 tutukland\u0131.\" \/>\n<meta property=\"og:url\" content=\"https:\/\/epochtimestr.com\/index.php\/uyusturucu-kacakcisi-el-diablo-kosta-rikada-yakalandi\" \/>\n<meta property=\"og:site_name\" content=\"The Epoch Times TR\" \/>\n<meta property=\"article:publisher\" content=\"https:\/\/www.facebook.com\/theepochtimestr\" \/>\n<meta property=\"article:published_time\" content=\"2026-07-25T09:09:18+00:00\" \/>\n<meta property=\"article:modified_time\" content=\"2026-07-25T09:09:22+00:00\" \/>\n<meta property=\"og:image\" content=\"https:\/\/epochtimestr.com\/wp-content\/uploads\/2011y\/1000048117.webp\" \/>\n\t<meta property=\"og:image:width\" content=\"1200\" \/>\n\t<meta property=\"og:image:height\" content=\"900\" \/>\n\t<meta property=\"og:image:type\" content=\"image\/webp\" \/>\n<meta name=\"author\" content=\"Leo Bajelan\" \/>\n<meta name=\"twitter:card\" content=\"summary_large_image\" \/>\n<meta name=\"twitter:creator\" content=\"@TheEpochTimesTR\" \/>\n<meta name=\"twitter:site\" content=\"@TheEpochTimesTR\" \/>\n<meta name=\"twitter:label1\" content=\"Yazan:\" \/>\n\t<meta name=\"twitter:data1\" content=\"Leo Bajelan\" \/>\n\t<meta name=\"twitter:label2\" content=\"Tahmini okuma s\u00fcresi\" \/>\n\t<meta name=\"twitter:data2\" content=\"3 dakika\" \/>\n<script type=\"application\/ld+json\" class=\"yoast-schema-graph\">{\"@context\":\"https:\/\/schema.org\",\"@graph\":[{\"@type\":\"Article\",\"@id\":\"https:\/\/epochtimestr.com\/index.php\/uyusturucu-kacakcisi-el-diablo-kosta-rikada-yakalandi#article\",\"isPartOf\":{\"@id\":\"https:\/\/epochtimestr.com\/index.php\/uyusturucu-kacakcisi-el-diablo-kosta-rikada-yakalandi\"},\"author\":{\"name\":\"Leo Bajelan\",\"@id\":\"https:\/\/epochtimestr.com\/#\/schema\/person\/5fef218711d76d8f232b0e1f1d7e4c0d\"},\"headline\":\"Uyu\u015fturucu Ka\u00e7ak\u00e7\u0131s\u0131 El Diablo Kosta Rika&#8217;da Yakaland\u0131\",\"datePublished\":\"2026-07-25T09:09:18+00:00\",\"dateModified\":\"2026-07-25T09:09:22+00:00\",\"mainEntityOfPage\":{\"@id\":\"https:\/\/epochtimestr.com\/index.php\/uyusturucu-kacakcisi-el-diablo-kosta-rikada-yakalandi\"},\"wordCount\":433,\"commentCount\":0,\"publisher\":{\"@id\":\"https:\/\/epochtimestr.com\/#organization\"},\"image\":{\"@id\":\"https:\/\/epochtimestr.com\/index.php\/uyusturucu-kacakcisi-el-diablo-kosta-rikada-yakalandi#primaryimage\"},\"thumbnailUrl\":\"https:\/\/epochtimestr.com\/wp-content\/uploads\/2011y\/1000048117.webp\",\"keywords\":[\"ABD\",\"Alejandro Arias\",\"Costa Rika\",\"Diablo\",\"El Diablo\",\"G\u00fcney amerika\",\"Su\u00e7 \u00f6rg\u00fct\u00fc\",\"uyu\u015fturucu ka\u00e7ak\u00e7\u0131l\u0131\u011f\u0131\"],\"articleSection\":[\"D\u00dcNYA\",\"G\u00dcNDEM\"],\"inLanguage\":\"tr\",\"potentialAction\":[{\"@type\":\"CommentAction\",\"name\":\"Comment\",\"target\":[\"https:\/\/epochtimestr.com\/index.php\/uyusturucu-kacakcisi-el-diablo-kosta-rikada-yakalandi#respond\"]}]},{\"@type\":\"WebPage\",\"@id\":\"https:\/\/epochtimestr.com\/index.php\/uyusturucu-kacakcisi-el-diablo-kosta-rikada-yakalandi\",\"url\":\"https:\/\/epochtimestr.com\/index.php\/uyusturucu-kacakcisi-el-diablo-kosta-rikada-yakalandi\",\"name\":\"Uyu\u015fturucu Ka\u00e7ak\u00e7\u0131s\u0131 El Diablo Kosta Rika'da Yakaland\u0131 - The Epoch Times TR\",\"isPartOf\":{\"@id\":\"https:\/\/epochtimestr.com\/#website\"},\"primaryImageOfPage\":{\"@id\":\"https:\/\/epochtimestr.com\/index.php\/uyusturucu-kacakcisi-el-diablo-kosta-rikada-yakalandi#primaryimage\"},\"image\":{\"@id\":\"https:\/\/epochtimestr.com\/index.php\/uyusturucu-kacakcisi-el-diablo-kosta-rikada-yakalandi#primaryimage\"},\"thumbnailUrl\":\"https:\/\/epochtimestr.com\/wp-content\/uploads\/2011y\/1000048117.webp\",\"datePublished\":\"2026-07-25T09:09:18+00:00\",\"dateModified\":\"2026-07-25T09:09:22+00:00\",\"description\":\"Kosta Rika Adli Soru\u015fturma Kurumu g\u00f6revlileri uyu\u015fturucu ka\u00e7ak\u00e7\u0131s\u0131 \\\"El Diablo\\\" lakapl\u0131 Alejandro Arias'\u0131 tutukland\u0131.\",\"inLanguage\":\"tr\",\"potentialAction\":[{\"@type\":\"ReadAction\",\"target\":[\"https:\/\/epochtimestr.com\/index.php\/uyusturucu-kacakcisi-el-diablo-kosta-rikada-yakalandi\"]}]},{\"@type\":\"ImageObject\",\"inLanguage\":\"tr\",\"@id\":\"https:\/\/epochtimestr.com\/index.php\/uyusturucu-kacakcisi-el-diablo-kosta-rikada-yakalandi#primaryimage\",\"url\":\"https:\/\/epochtimestr.com\/wp-content\/uploads\/2011y\/1000048117.webp\",\"contentUrl\":\"https:\/\/epochtimestr.com\/wp-content\/uploads\/2011y\/1000048117.webp\",\"width\":1200,\"height\":900},{\"@type\":\"WebSite\",\"@id\":\"https:\/\/epochtimestr.com\/#website\",\"url\":\"https:\/\/epochtimestr.com\/\",\"name\":\"The Epoch Times TR\",\"description\":\"De\u011fi\u015fen D\u00fcnyam\u0131za Taze Bir Bak\u0131\u015f\",\"publisher\":{\"@id\":\"https:\/\/epochtimestr.com\/#organization\"},\"potentialAction\":[{\"@type\":\"SearchAction\",\"target\":{\"@type\":\"EntryPoint\",\"urlTemplate\":\"https:\/\/epochtimestr.com\/?s={search_term_string}\"},\"query-input\":\"required name=search_term_string\"}],\"inLanguage\":\"tr\"},{\"@type\":\"Organization\",\"@id\":\"https:\/\/epochtimestr.com\/#organization\",\"name\":\"The EpochTimes T\u00fcrkiye\",\"url\":\"https:\/\/epochtimestr.com\/\",\"logo\":{\"@type\":\"ImageObject\",\"inLanguage\":\"tr\",\"@id\":\"https:\/\/epochtimestr.com\/#\/schema\/logo\/image\/\",\"url\":\"https:\/\/epochtimestr.com\/wp-content\/uploads\/2011y\/ET-Logo-YG.jpg\",\"contentUrl\":\"https:\/\/epochtimestr.com\/wp-content\/uploads\/2011y\/ET-Logo-YG.jpg\",\"width\":346,\"height\":29,\"caption\":\"The EpochTimes T\u00fcrkiye\"},\"image\":{\"@id\":\"https:\/\/epochtimestr.com\/#\/schema\/logo\/image\/\"},\"sameAs\":[\"https:\/\/www.facebook.com\/theepochtimestr\",\"https:\/\/x.com\/TheEpochTimesTR\",\"https:\/\/www.instagram.com\/epochtimestr\"]},{\"@type\":\"Person\",\"@id\":\"https:\/\/epochtimestr.com\/#\/schema\/person\/5fef218711d76d8f232b0e1f1d7e4c0d\",\"name\":\"Leo Bajelan\",\"image\":{\"@type\":\"ImageObject\",\"inLanguage\":\"tr\",\"@id\":\"https:\/\/epochtimestr.com\/#\/schema\/person\/image\/\",\"url\":\"https:\/\/secure.gravatar.com\/avatar\/917669146f489549e548a2e9af272df5?s=96&d=mm&r=g\",\"contentUrl\":\"https:\/\/secure.gravatar.com\/avatar\/917669146f489549e548a2e9af272df5?s=96&d=mm&r=g\",\"caption\":\"Leo Bajelan\"},\"url\":\"https:\/\/epochtimestr.com\/index.php\/author\/leo\"}]}<\/script>\n<!-- \/ Yoast SEO plugin. -->","yoast_head_json":{"title":"Uyu\u015fturucu Ka\u00e7ak\u00e7\u0131s\u0131 El Diablo Kosta Rika'da Yakaland\u0131 - The Epoch Times TR","description":"Kosta Rika Adli Soru\u015fturma Kurumu g\u00f6revlileri uyu\u015fturucu ka\u00e7ak\u00e7\u0131s\u0131 \"El Diablo\" lakapl\u0131 Alejandro Arias'\u0131 tutukland\u0131.","robots":{"index":"index","follow":"follow","max-snippet":"max-snippet:-1","max-image-preview":"max-image-preview:large","max-video-preview":"max-video-preview:-1"},"canonical":"https:\/\/epochtimestr.com\/index.php\/uyusturucu-kacakcisi-el-diablo-kosta-rikada-yakalandi","og_locale":"tr_TR","og_type":"article","og_title":"Uyu\u015fturucu Ka\u00e7ak\u00e7\u0131s\u0131 El Diablo Kosta Rika'da Yakaland\u0131 - The Epoch Times TR","og_description":"Kosta Rika Adli Soru\u015fturma Kurumu g\u00f6revlileri uyu\u015fturucu ka\u00e7ak\u00e7\u0131s\u0131 \"El Diablo\" lakapl\u0131 Alejandro Arias'\u0131 tutukland\u0131.","og_url":"https:\/\/epochtimestr.com\/index.php\/uyusturucu-kacakcisi-el-diablo-kosta-rikada-yakalandi","og_site_name":"The Epoch Times TR","article_publisher":"https:\/\/www.facebook.com\/theepochtimestr","article_published_time":"2026-07-25T09:09:18+00:00","article_modified_time":"2026-07-25T09:09:22+00:00","og_image":[{"width":1200,"height":900,"url":"https:\/\/epochtimestr.com\/wp-content\/uploads\/2011y\/1000048117.webp","type":"image\/webp"}],"author":"Leo Bajelan","twitter_card":"summary_large_image","twitter_creator":"@TheEpochTimesTR","twitter_site":"@TheEpochTimesTR","twitter_misc":{"Yazan:":"Leo Bajelan","Tahmini okuma s\u00fcresi":"3 dakika"},"schema":{"@context":"https:\/\/schema.org","@graph":[{"@type":"Article","@id":"https:\/\/epochtimestr.com\/index.php\/uyusturucu-kacakcisi-el-diablo-kosta-rikada-yakalandi#article","isPartOf":{"@id":"https:\/\/epochtimestr.com\/index.php\/uyusturucu-kacakcisi-el-diablo-kosta-rikada-yakalandi"},"author":{"name":"Leo Bajelan","@id":"https:\/\/epochtimestr.com\/#\/schema\/person\/5fef218711d76d8f232b0e1f1d7e4c0d"},"headline":"Uyu\u015fturucu Ka\u00e7ak\u00e7\u0131s\u0131 El Diablo Kosta Rika&#8217;da Yakaland\u0131","datePublished":"2026-07-25T09:09:18+00:00","dateModified":"2026-07-25T09:09:22+00:00","mainEntityOfPage":{"@id":"https:\/\/epochtimestr.com\/index.php\/uyusturucu-kacakcisi-el-diablo-kosta-rikada-yakalandi"},"wordCount":433,"commentCount":0,"publisher":{"@id":"https:\/\/epochtimestr.com\/#organization"},"image":{"@id":"https:\/\/epochtimestr.com\/index.php\/uyusturucu-kacakcisi-el-diablo-kosta-rikada-yakalandi#primaryimage"},"thumbnailUrl":"https:\/\/epochtimestr.com\/wp-content\/uploads\/2011y\/1000048117.webp","keywords":["ABD","Alejandro Arias","Costa Rika","Diablo","El Diablo","G\u00fcney amerika","Su\u00e7 \u00f6rg\u00fct\u00fc","uyu\u015fturucu ka\u00e7ak\u00e7\u0131l\u0131\u011f\u0131"],"articleSection":["D\u00dcNYA","G\u00dcNDEM"],"inLanguage":"tr","potentialAction":[{"@type":"CommentAction","name":"Comment","target":["https:\/\/epochtimestr.com\/index.php\/uyusturucu-kacakcisi-el-diablo-kosta-rikada-yakalandi#respond"]}]},{"@type":"WebPage","@id":"https:\/\/epochtimestr.com\/index.php\/uyusturucu-kacakcisi-el-diablo-kosta-rikada-yakalandi","url":"https:\/\/epochtimestr.com\/index.php\/uyusturucu-kacakcisi-el-diablo-kosta-rikada-yakalandi","name":"Uyu\u015fturucu Ka\u00e7ak\u00e7\u0131s\u0131 El Diablo Kosta Rika'da Yakaland\u0131 - The Epoch Times TR","isPartOf":{"@id":"https:\/\/epochtimestr.com\/#website"},"primaryImageOfPage":{"@id":"https:\/\/epochtimestr.com\/index.php\/uyusturucu-kacakcisi-el-diablo-kosta-rikada-yakalandi#primaryimage"},"image":{"@id":"https:\/\/epochtimestr.com\/index.php\/uyusturucu-kacakcisi-el-diablo-kosta-rikada-yakalandi#primaryimage"},"thumbnailUrl":"https:\/\/epochtimestr.com\/wp-content\/uploads\/2011y\/1000048117.webp","datePublished":"2026-07-25T09:09:18+00:00","dateModified":"2026-07-25T09:09:22+00:00","description":"Kosta Rika Adli Soru\u015fturma Kurumu g\u00f6revlileri uyu\u015fturucu ka\u00e7ak\u00e7\u0131s\u0131 \"El Diablo\" lakapl\u0131 Alejandro Arias'\u0131 tutukland\u0131.","inLanguage":"tr","potentialAction":[{"@type":"ReadAction","target":["https:\/\/epochtimestr.com\/index.php\/uyusturucu-kacakcisi-el-diablo-kosta-rikada-yakalandi"]}]},{"@type":"ImageObject","inLanguage":"tr","@id":"https:\/\/epochtimestr.com\/index.php\/uyusturucu-kacakcisi-el-diablo-kosta-rikada-yakalandi#primaryimage","url":"https:\/\/epochtimestr.com\/wp-content\/uploads\/2011y\/1000048117.webp","contentUrl":"https:\/\/epochtimestr.com\/wp-content\/uploads\/2011y\/1000048117.webp","width":1200,"height":900},{"@type":"WebSite","@id":"https:\/\/epochtimestr.com\/#website","url":"https:\/\/epochtimestr.com\/","name":"The Epoch Times TR","description":"De\u011fi\u015fen D\u00fcnyam\u0131za Taze Bir Bak\u0131\u015f","publisher":{"@id":"https:\/\/epochtimestr.com\/#organization"},"potentialAction":[{"@type":"SearchAction","target":{"@type":"EntryPoint","urlTemplate":"https:\/\/epochtimestr.com\/?s={search_term_string}"},"query-input":"required name=search_term_string"}],"inLanguage":"tr"},{"@type":"Organization","@id":"https:\/\/epochtimestr.com\/#organization","name":"The EpochTimes T\u00fcrkiye","url":"https:\/\/epochtimestr.com\/","logo":{"@type":"ImageObject","inLanguage":"tr","@id":"https:\/\/epochtimestr.com\/#\/schema\/logo\/image\/","url":"https:\/\/epochtimestr.com\/wp-content\/uploads\/2011y\/ET-Logo-YG.jpg","contentUrl":"https:\/\/epochtimestr.com\/wp-content\/uploads\/2011y\/ET-Logo-YG.jpg","width":346,"height":29,"caption":"The EpochTimes T\u00fcrkiye"},"image":{"@id":"https:\/\/epochtimestr.com\/#\/schema\/logo\/image\/"},"sameAs":["https:\/\/www.facebook.com\/theepochtimestr","https:\/\/x.com\/TheEpochTimesTR","https:\/\/www.instagram.com\/epochtimestr"]},{"@type":"Person","@id":"https:\/\/epochtimestr.com\/#\/schema\/person\/5fef218711d76d8f232b0e1f1d7e4c0d","name":"Leo Bajelan","image":{"@type":"ImageObject","inLanguage":"tr","@id":"https:\/\/epochtimestr.com\/#\/schema\/person\/image\/","url":"https:\/\/secure.gravatar.com\/avatar\/917669146f489549e548a2e9af272df5?s=96&d=mm&r=g","contentUrl":"https:\/\/secure.gravatar.com\/avatar\/917669146f489549e548a2e9af272df5?s=96&d=mm&r=g","caption":"Leo Bajelan"},"url":"https:\/\/epochtimestr.com\/index.php\/author\/leo"}]}},"_links":{"self":[{"href":"https:\/\/epochtimestr.com\/index.php\/wp-json\/wp\/v2\/posts\/169204"}],"collection":[{"href":"https:\/\/epochtimestr.com\/index.php\/wp-json\/wp\/v2\/posts"}],"about":[{"href":"https:\/\/epochtimestr.com\/index.php\/wp-json\/wp\/v2\/types\/post"}],"author":[{"embeddable":true,"href":"https:\/\/epochtimestr.com\/index.php\/wp-json\/wp\/v2\/users\/13996"}],"replies":[{"embeddable":true,"href":"https:\/\/epochtimestr.com\/index.php\/wp-json\/wp\/v2\/comments?post=169204"}],"version-history":[{"count":2,"href":"https:\/\/epochtimestr.com\/index.php\/wp-json\/wp\/v2\/posts\/169204\/revisions"}],"predecessor-version":[{"id":169212,"href":"https:\/\/epochtimestr.com\/index.php\/wp-json\/wp\/v2\/posts\/169204\/revisions\/169212"}],"wp:featuredmedia":[{"embeddable":true,"href":"https:\/\/epochtimestr.com\/index.php\/wp-json\/wp\/v2\/media\/169205"}],"wp:attachment":[{"href":"https:\/\/epochtimestr.com\/index.php\/wp-json\/wp\/v2\/media?parent=169204"}],"wp:term":[{"taxonomy":"category","embeddable":true,"href":"https:\/\/epochtimestr.com\/index.php\/wp-json\/wp\/v2\/categories?post=169204"},{"taxonomy":"post_tag","embeddable":true,"href":"https:\/\/epochtimestr.com\/index.php\/wp-json\/wp\/v2\/tags?post=169204"}],"curies":[{"name":"wp","href":"https:\/\/api.w.org\/{rel}","templated":true}]}}