{"id":169234,"date":"2026-07-25T21:30:27","date_gmt":"2026-07-25T18:30:27","guid":{"rendered":"https:\/\/epochtimestr.com\/?p=169234"},"modified":"2026-07-25T21:30:28","modified_gmt":"2026-07-25T18:30:28","slug":"ozgur-ozel-kurucular-kurulu-ile-birlikte-anitkabiri-ziyaret-etti","status":"publish","type":"post","link":"https:\/\/epochtimestr.com\/index.php\/ozgur-ozel-kurucular-kurulu-ile-birlikte-anitkabiri-ziyaret-etti","title":{"rendered":"\u00d6zg\u00fcr \u00d6zel Kurucular Kurulu \u0130le Birlikte An\u0131tkabir&#8217;i Ziyaret Etti"},"content":{"rendered":"<div class=\"wp-block-image\">\n<figure class=\"aligncenter size-full\"><img loading=\"lazy\" decoding=\"async\" width=\"834\" height=\"539\" src=\"https:\/\/epochtimestr.com\/wp-content\/uploads\/2011y\/ozel-x.webp\" alt=\"YEN\u0130 Parti Genel Ba\u015fkan\u0131 \u00d6zg\u00fcr \u00d6zel, partinin Kurucular Kurulu ile birlikte An\u0131tkabir'i ziyaret etti. (Foto\u011fraf: \u00d6zg\u00fcr \u00d6zel x hesab\u0131)\" class=\"wp-image-169235\" srcset=\"https:\/\/epochtimestr.com\/wp-content\/uploads\/2011y\/ozel-x.webp 834w, https:\/\/epochtimestr.com\/wp-content\/uploads\/2011y\/ozel-x-300x194.webp 300w, https:\/\/epochtimestr.com\/wp-content\/uploads\/2011y\/ozel-x-150x97.webp 150w, https:\/\/epochtimestr.com\/wp-content\/uploads\/2011y\/ozel-x-768x496.webp 768w, https:\/\/epochtimestr.com\/wp-content\/uploads\/2011y\/ozel-x-210x136.webp 210w\" sizes=\"(max-width: 834px) 100vw, 834px\" \/><figcaption class=\"wp-element-caption\">YEN\u0130 Parti Genel Ba\u015fkan\u0131 \u00d6zg\u00fcr \u00d6zel, partinin Kurucular Kurulu ile birlikte An\u0131tkabir&#8217;i ziyaret etti. (Foto\u011fraf: \u00d6zg\u00fcr\u00d6zel x hesab\u0131)<\/figcaption><\/figure><\/div>\n\n\n<h2 class=\"wp-block-heading\">T\u00fcrkiye Cumhuriyeti&#8217;nin kurucusu Ulu \u00d6nder Mustafa Kemal Atat\u00fcrk&#8217;\u00fcn naa\u015f\u0131n\u0131n yer ald\u0131\u011f\u0131 mozoleye YEN\u0130 Parti ad\u0131na \u00e7elenk b\u0131rakan \u00d6zg\u00fcr \u00d6zel, daha sonra An\u0131tkabir \u00d6zel Defteri\u2019ni imzalad\u0131.<\/h2>\n\n\n\n<p>\u00d6zel ve 90 milletvekili, CHP\u2019den istifa ederek YEN\u0130 Parti\u2019yi <a href=\"https:\/\/epochtimestr.com\/index.php\/yeni-partinin-resmi-x-hesabi-kamuoyuna-aciklandi\" target=\"_blank\" rel=\"noreferrer noopener\">kurmu\u015ftu<\/a>. Kurucular Kurulu toplant\u0131s\u0131nda \u00d6zel, oy birli\u011fiyle <a href=\"https:\/\/epochtimestr.com\/index.php\/ekrem-imamoglu-kurulan-yeni-parti-icin-bir-paylasim-yapti\" target=\"_blank\" rel=\"noreferrer noopener\">genel ba\u015fkan<\/a> se\u00e7ilmi\u015fti. Toplant\u0131da ayr\u0131ca 80 ki\u015filik Parti Meclisi ile 15 ki\u015filik Y\u00fcksek Disiplin Kurulu \u00fcyeleri belirlenmi\u015fti.<\/p>\n\n\n\n<p>YEN\u0130 Parti Genel Ba\u015fkan\u0131 \u00d6zg\u00fcr \u00d6zel, Kurucular Kurulu \u00fcyeleriyle birlikte An\u0131tkabir\u2019i ziyaret etti. T\u00fcrkiye Cumhuriyeti&#8217;nin kurucusu Ulu \u00d6nder Mustafa Kemal Atat\u00fcrk&#8217;\u00fcn naa\u015f\u0131n\u0131n da yer ald\u0131\u011f\u0131 mozoleye YEN\u0130 Parti ad\u0131na \u00e7elenk b\u0131rakan \u00d6zel, daha sonra An\u0131tkabir \u00d6zel Defteri\u2019ni imzalad\u0131.<\/p>\n\n\n<div class=\"wp-block-image\">\n<figure class=\"aligncenter size-full is-resized\"><img loading=\"lazy\" decoding=\"async\" width=\"1440\" height=\"1080\" src=\"https:\/\/epochtimestr.com\/wp-content\/uploads\/2011y\/m.emir-face-book.jpg\" alt=\"\u00d6zg\u00fcr \u00d6zel ve beraberindeki YEN\u0130 Parti Kurucular Kurulu \u00fcyeleri An\u0131tkabir'de (\u00d6zg\u00fcr \u00d6zel x hesab\u0131)\" class=\"wp-image-169236\" style=\"width:840px;height:auto\" srcset=\"https:\/\/epochtimestr.com\/wp-content\/uploads\/2011y\/m.emir-face-book.jpg 1440w, https:\/\/epochtimestr.com\/wp-content\/uploads\/2011y\/m.emir-face-book-300x225.jpg 300w, https:\/\/epochtimestr.com\/wp-content\/uploads\/2011y\/m.emir-face-book-150x113.jpg 150w, https:\/\/epochtimestr.com\/wp-content\/uploads\/2011y\/m.emir-face-book-768x576.jpg 768w, https:\/\/epochtimestr.com\/wp-content\/uploads\/2011y\/m.emir-face-book-86x64.jpg 86w\" sizes=\"(max-width: 1440px) 100vw, 1440px\" \/><figcaption class=\"wp-element-caption\">\u00d6zel ve beraberindeki YEN\u0130 Parti Kurucular Kurulu \u00fcyeleri An\u0131tkabir&#8217;de (Foto\u011fraf: \u00d6zg\u00fcr\u00d6zel x hesab\u0131)<\/figcaption><\/figure><\/div>\n\n\n<p>\u00d6zel ve beraberindeki YEN\u0130 Parti Kurucular Kurulu \u00fcyeleri, Aslanl\u0131 Yol\u2019dan y\u00fcr\u00fcyerek Atat\u00fcrk\u2019\u00fcn mozolesine ge\u00e7ti. YEN\u0130 Parti\u2019nin ad\u0131n\u0131n yer ald\u0131\u011f\u0131 \u00e7elengin mozoleye b\u0131rak\u0131lmas\u0131n\u0131n ard\u0131ndan sayg\u0131 duru\u015funda bulunuldu. \u00d6zel daha sonra An\u0131tkabir \u00d6zel Defteri\u2019ni imzalad\u0131.<\/p>\n\n\n\n<p><strong>\u00d6zg\u00fcr \u00d6zel, An\u0131tkabir \u00d6zel Defteri\u2019ne \u015fu ifadeleri yazd\u0131:<\/strong><\/p>\n\n\n\n<p>&#8220;Aziz Atat\u00fcrk,<\/p>\n\n\n\n<p>Bug\u00fcn, en b\u00fcy\u00fck eseriniz olan Cumhuriyetimizin sundu\u011fu imkanlarla kurulu\u015funu tamamlad\u0131\u011f\u0131m\u0131z YEN\u0130 Partimizin Kurucular Kurulu \u00fcyeleriyle birlikte huzurunuzday\u0131z.<\/p>\n\n\n\n<p>Emanetiniz olan Cumhuriyetimiz, bug\u00fcn ne yaz\u0131k ki \u00e7oklu krizlerle kar\u015f\u0131 kar\u015f\u0131yad\u0131r. \u0130ktidarda olan bir siyasi partinin; demokrasiyi bask\u0131layan, hukuku zedeleyen, ekonomik ve sosyal adaleti bozan, devlet y\u00f6netimini \u015fahsile\u015ftiren politikalar\u0131, \u00fclkemizi ve milletimizi a\u011f\u0131r s\u0131k\u0131nt\u0131larla s\u00fcr\u00fcklemi\u015ftir.<\/p>\n\n\n\n<p>T\u00fcrkiye\u2019mizi; bu \u00e7oklu kriz ortam\u0131ndan kurtarmak; \u00f6rselenen, h\u00fcrmetsizlik edilen ve hatta esir al\u0131nan t\u00fcm eserlerinize lay\u0131k\u0131yla sahip \u00e7\u0131kabilmek i\u00e7in YEN\u0130 Partimizi kurarak, yeni bir y\u00fcr\u00fcy\u00fc\u015f\u00fc ba\u015flatt\u0131k.<br \/>Bu yolda pusulam\u0131z ve tek g\u00fcvencemiz milletimizdir.<\/p>\n\n\n\n<p>Hedefimiz; sizden ve Cumhuriyetimizin temel ilkelerinden ald\u0131\u011f\u0131m\u0131z ilhamla; \u00f6zg\u00fcr, ba\u011f\u0131ms\u0131z, demokratik, adil ve m\u00fcreffeh bir T\u00fcrkiye\u2019yi milletimizle birlikte in\u015fa etmektir.<\/p>\n\n\n\n<p>Ku\u015fat\u0131lan miras\u0131n\u0131z\u0131 koruma g\u00f6revi, YEN\u0130 Parti\u2019nin kadrolar\u0131na emanettir.<\/p>\n\n\n\n<p>Size, silah arkada\u015flar\u0131n\u0131za, Cumhuriyetimizin kurucu kadrolar\u0131na \u015f\u00fckranlar\u0131m\u0131z\u0131 sunuyor; \u015fehitlerimizi sayg\u0131 ve rahmetle an\u0131yoruz.<\/p>\n\n\n\n<p>Ruhunuz \u015fad olsun.<\/p>\n\n\n\n<p>\u00d6zg\u00fcr \u00d6zel YEN\u0130 Parti Genel Ba\u015fkan\u0131&#8221;<\/p>\n\n\n<div class=\"wp-block-image\">\n<figure class=\"aligncenter size-full\"><img loading=\"lazy\" decoding=\"async\" width=\"447\" height=\"447\" src=\"https:\/\/epochtimestr.com\/wp-content\/uploads\/2011y\/yeni-parti.jpg\" alt=\"\" class=\"wp-image-169237\" srcset=\"https:\/\/epochtimestr.com\/wp-content\/uploads\/2011y\/yeni-parti.jpg 447w, https:\/\/epochtimestr.com\/wp-content\/uploads\/2011y\/yeni-parti-300x300.jpg 300w, https:\/\/epochtimestr.com\/wp-content\/uploads\/2011y\/yeni-parti-150x150.jpg 150w\" sizes=\"(max-width: 447px) 100vw, 447px\" \/><figcaption class=\"wp-element-caption\">(Foto\u011fraf: \u00d6zg\u00fcr\u00d6zel x hesab\u0131)<\/figcaption><\/figure><\/div>\n\n\n<p><strong>\u0130n\u00f6n\u00fc&#8217;n\u00fcn mezar\u0131n\u0131 ziyaret etti<\/strong><\/p>\n\n\n\n<p>Daha sonra beraberindeki heyetle \u0130kinci Cumhurba\u015fkan\u0131 \u0130smet \u0130n\u00f6n\u00fc&#8217;n\u00fcn An\u0131tkabir&#8217;deki mezar\u0131n\u0131 ziyaret eden \u00d6zel, \u00e7i\u00e7ek b\u0131rak\u0131p sayg\u0131 duru\u015funda bulundu.<\/p>\n\n\n\n<figure class=\"wp-block-embed is-type-rich is-provider-x wp-block-embed-x\"><div class=\"wp-block-embed__wrapper\">\n<blockquote class=\"twitter-tweet\" data-width=\"550\" data-dnt=\"true\"><p lang=\"tr\" dir=\"ltr\">Y\u00fcr\u00fcy\u00fc\u015f\u00fcm\u00fcz\u00fcn ilk s\u00f6z\u00fc Gazi Mustafa Kemal Atat\u00fcrk\u2019e ve Cumhuriyetimizedir.<br><br>Egemenli\u011fi yeniden milletin yapaca\u011f\u0131z.<br><br>Hukuku yeniden devletin temeli yapaca\u011f\u0131z.<br><br>Umudu yeniden bu \u00fclkenin en g\u00fc\u00e7l\u00fc duygusu yapaca\u011f\u0131z.<br><br>Milletin a\u00e7t\u0131\u011f\u0131 yoldan sapmayaca\u011f\u0131z! <a href=\"https:\/\/t.co\/51r54hsX29\">pic.twitter.com\/51r54hsX29<\/a><\/p>&mdash; \u00d6zg\u00fcr \u00d6zel (@eczozgurozel) <a href=\"https:\/\/x.com\/eczozgurozel\/status\/2080959928915632394?ref_src=twsrc%5Etfw\">July 25, 2026<\/a><\/blockquote><script async src=\"https:\/\/platform.x.com\/widgets.js\" charset=\"utf-8\"><\/script>\n<\/div><\/figure>\n","protected":false},"excerpt":{"rendered":"<p>T\u00fcrkiye Cumhuriyeti&#8217;nin kurucusu Ulu \u00d6nder Mustafa Kemal Atat\u00fcrk&#8217;\u00fcn naa\u015f\u0131n\u0131n yer ald\u0131\u011f\u0131 mozoleye YEN\u0130 Parti ad\u0131na \u00e7elenk b\u0131rakan \u00d6zg\u00fcr \u00d6zel, daha sonra An\u0131tkabir \u00d6zel Defteri\u2019ni imzalad\u0131. \u00d6zel ve 90 milletvekili, CHP\u2019den istifa ederek YEN\u0130 Parti\u2019yi kurmu\u015ftu. Kurucular Kurulu toplant\u0131s\u0131nda \u00d6zel, oy birli\u011fiyle genel ba\u015fkan se\u00e7ilmi\u015fti. Toplant\u0131da ayr\u0131ca 80 ki\u015filik Parti Meclisi ile 15 ki\u015filik Y\u00fcksek Disiplin [&hellip;]<\/p>\n","protected":false},"author":12791,"featured_media":169235,"comment_status":"open","ping_status":"open","sticky":false,"template":"","format":"standard","meta":{"_yoast_wpseo_focuskw":"\u00d6zg\u00fcr \u00d6zel","_yoast_wpseo_title":"","_yoast_wpseo_metadesc":"Atat\u00fcrk'\u00fcn naa\u015f\u0131n\u0131n da yer ald\u0131\u011f\u0131 mozoleye YEN\u0130 Parti ad\u0131na \u00e7elenk b\u0131rakan \u00d6zg\u00fcr \u00d6zel, daha sonra An\u0131tkabir \u00d6zel Defteri\u2019ni imzalad\u0131.","_bbp_topic_count":0,"_bbp_reply_count":0,"_bbp_total_topic_count":0,"_bbp_total_reply_count":0,"_bbp_voice_count":0,"_bbp_anonymous_reply_count":0,"_bbp_topic_count_hidden":0,"_bbp_reply_count_hidden":0,"_bbp_forum_subforum_count":0,"footnotes":"","_yoast_wpseo_focuskw_text_input":""},"categories":[1,8138,8226],"tags":[5715,11910,11911,8492,11909],"yoast_head":"<!-- This site is optimized with the Yoast SEO plugin v23.0 - https:\/\/yoast.com\/wordpress\/plugins\/seo\/ -->\n<title>\u00d6zg\u00fcr \u00d6zel Kurucular Kurulu \u0130le Birlikte An\u0131tkabir&#039;i Ziyaret Etti - The Epoch Times TR<\/title>\n<meta name=\"description\" content=\"Atat\u00fcrk&#039;\u00fcn naa\u015f\u0131n\u0131n da yer ald\u0131\u011f\u0131 mozoleye YEN\u0130 Parti ad\u0131na \u00e7elenk b\u0131rakan \u00d6zg\u00fcr \u00d6zel, daha sonra An\u0131tkabir \u00d6zel Defteri\u2019ni imzalad\u0131.\" \/>\n<meta name=\"robots\" content=\"index, follow, max-snippet:-1, max-image-preview:large, max-video-preview:-1\" \/>\n<link rel=\"canonical\" href=\"https:\/\/epochtimestr.com\/index.php\/ozgur-ozel-kurucular-kurulu-ile-birlikte-anitkabiri-ziyaret-etti\" \/>\n<meta property=\"og:locale\" content=\"tr_TR\" \/>\n<meta property=\"og:type\" content=\"article\" \/>\n<meta property=\"og:title\" content=\"\u00d6zg\u00fcr \u00d6zel Kurucular Kurulu \u0130le Birlikte An\u0131tkabir&#039;i Ziyaret Etti - The Epoch Times TR\" \/>\n<meta property=\"og:description\" content=\"Atat\u00fcrk&#039;\u00fcn naa\u015f\u0131n\u0131n da yer ald\u0131\u011f\u0131 mozoleye YEN\u0130 Parti ad\u0131na \u00e7elenk b\u0131rakan \u00d6zg\u00fcr \u00d6zel, daha sonra An\u0131tkabir \u00d6zel Defteri\u2019ni imzalad\u0131.\" \/>\n<meta property=\"og:url\" content=\"https:\/\/epochtimestr.com\/index.php\/ozgur-ozel-kurucular-kurulu-ile-birlikte-anitkabiri-ziyaret-etti\" \/>\n<meta property=\"og:site_name\" content=\"The Epoch Times TR\" \/>\n<meta property=\"article:publisher\" content=\"https:\/\/www.facebook.com\/theepochtimestr\" \/>\n<meta property=\"article:published_time\" content=\"2026-07-25T18:30:27+00:00\" \/>\n<meta property=\"article:modified_time\" content=\"2026-07-25T18:30:28+00:00\" \/>\n<meta property=\"og:image\" content=\"https:\/\/epochtimestr.com\/wp-content\/uploads\/2011y\/ozel-x.webp\" \/>\n\t<meta property=\"og:image:width\" content=\"834\" \/>\n\t<meta property=\"og:image:height\" content=\"539\" \/>\n\t<meta property=\"og:image:type\" content=\"image\/webp\" \/>\n<meta name=\"author\" content=\"Haber Merkezi\" \/>\n<meta name=\"twitter:card\" content=\"summary_large_image\" \/>\n<meta name=\"twitter:creator\" content=\"@TheEpochTimesTR\" \/>\n<meta name=\"twitter:site\" content=\"@TheEpochTimesTR\" \/>\n<meta name=\"twitter:label1\" content=\"Yazan:\" \/>\n\t<meta name=\"twitter:data1\" content=\"Haber Merkezi\" \/>\n\t<meta name=\"twitter:label2\" content=\"Tahmini okuma s\u00fcresi\" \/>\n\t<meta name=\"twitter:data2\" content=\"3 dakika\" \/>\n<script type=\"application\/ld+json\" class=\"yoast-schema-graph\">{\"@context\":\"https:\/\/schema.org\",\"@graph\":[{\"@type\":\"Article\",\"@id\":\"https:\/\/epochtimestr.com\/index.php\/ozgur-ozel-kurucular-kurulu-ile-birlikte-anitkabiri-ziyaret-etti#article\",\"isPartOf\":{\"@id\":\"https:\/\/epochtimestr.com\/index.php\/ozgur-ozel-kurucular-kurulu-ile-birlikte-anitkabiri-ziyaret-etti\"},\"author\":{\"name\":\"Haber Merkezi\",\"@id\":\"https:\/\/epochtimestr.com\/#\/schema\/person\/3dc5c3adeb9f43923c5aa85889172fdd\"},\"headline\":\"\u00d6zg\u00fcr \u00d6zel Kurucular Kurulu \u0130le Birlikte An\u0131tkabir&#8217;i Ziyaret Etti\",\"datePublished\":\"2026-07-25T18:30:27+00:00\",\"dateModified\":\"2026-07-25T18:30:28+00:00\",\"mainEntityOfPage\":{\"@id\":\"https:\/\/epochtimestr.com\/index.php\/ozgur-ozel-kurucular-kurulu-ile-birlikte-anitkabiri-ziyaret-etti\"},\"wordCount\":492,\"commentCount\":0,\"publisher\":{\"@id\":\"https:\/\/epochtimestr.com\/#organization\"},\"image\":{\"@id\":\"https:\/\/epochtimestr.com\/index.php\/ozgur-ozel-kurucular-kurulu-ile-birlikte-anitkabiri-ziyaret-etti#primaryimage\"},\"thumbnailUrl\":\"https:\/\/epochtimestr.com\/wp-content\/uploads\/2011y\/ozel-x.webp\",\"keywords\":[\"an\u0131tkabir\",\"Kurucular Kurulu\",\"mozole\",\"\u00d6zg\u00fcr \u00d6zel\",\"YEN\u0130 Parti\"],\"articleSection\":[\"G\u00dcNDEM\",\"MAN\u015eET\",\"Siyaset\"],\"inLanguage\":\"tr\",\"potentialAction\":[{\"@type\":\"CommentAction\",\"name\":\"Comment\",\"target\":[\"https:\/\/epochtimestr.com\/index.php\/ozgur-ozel-kurucular-kurulu-ile-birlikte-anitkabiri-ziyaret-etti#respond\"]}]},{\"@type\":\"WebPage\",\"@id\":\"https:\/\/epochtimestr.com\/index.php\/ozgur-ozel-kurucular-kurulu-ile-birlikte-anitkabiri-ziyaret-etti\",\"url\":\"https:\/\/epochtimestr.com\/index.php\/ozgur-ozel-kurucular-kurulu-ile-birlikte-anitkabiri-ziyaret-etti\",\"name\":\"\u00d6zg\u00fcr \u00d6zel Kurucular Kurulu \u0130le Birlikte An\u0131tkabir'i Ziyaret Etti - The Epoch Times TR\",\"isPartOf\":{\"@id\":\"https:\/\/epochtimestr.com\/#website\"},\"primaryImageOfPage\":{\"@id\":\"https:\/\/epochtimestr.com\/index.php\/ozgur-ozel-kurucular-kurulu-ile-birlikte-anitkabiri-ziyaret-etti#primaryimage\"},\"image\":{\"@id\":\"https:\/\/epochtimestr.com\/index.php\/ozgur-ozel-kurucular-kurulu-ile-birlikte-anitkabiri-ziyaret-etti#primaryimage\"},\"thumbnailUrl\":\"https:\/\/epochtimestr.com\/wp-content\/uploads\/2011y\/ozel-x.webp\",\"datePublished\":\"2026-07-25T18:30:27+00:00\",\"dateModified\":\"2026-07-25T18:30:28+00:00\",\"description\":\"Atat\u00fcrk'\u00fcn naa\u015f\u0131n\u0131n da yer ald\u0131\u011f\u0131 mozoleye YEN\u0130 Parti ad\u0131na \u00e7elenk b\u0131rakan \u00d6zg\u00fcr \u00d6zel, daha sonra An\u0131tkabir \u00d6zel Defteri\u2019ni imzalad\u0131.\",\"inLanguage\":\"tr\",\"potentialAction\":[{\"@type\":\"ReadAction\",\"target\":[\"https:\/\/epochtimestr.com\/index.php\/ozgur-ozel-kurucular-kurulu-ile-birlikte-anitkabiri-ziyaret-etti\"]}]},{\"@type\":\"ImageObject\",\"inLanguage\":\"tr\",\"@id\":\"https:\/\/epochtimestr.com\/index.php\/ozgur-ozel-kurucular-kurulu-ile-birlikte-anitkabiri-ziyaret-etti#primaryimage\",\"url\":\"https:\/\/epochtimestr.com\/wp-content\/uploads\/2011y\/ozel-x.webp\",\"contentUrl\":\"https:\/\/epochtimestr.com\/wp-content\/uploads\/2011y\/ozel-x.webp\",\"width\":834,\"height\":539},{\"@type\":\"WebSite\",\"@id\":\"https:\/\/epochtimestr.com\/#website\",\"url\":\"https:\/\/epochtimestr.com\/\",\"name\":\"The Epoch Times TR\",\"description\":\"De\u011fi\u015fen D\u00fcnyam\u0131za Taze Bir Bak\u0131\u015f\",\"publisher\":{\"@id\":\"https:\/\/epochtimestr.com\/#organization\"},\"potentialAction\":[{\"@type\":\"SearchAction\",\"target\":{\"@type\":\"EntryPoint\",\"urlTemplate\":\"https:\/\/epochtimestr.com\/?s={search_term_string}\"},\"query-input\":\"required name=search_term_string\"}],\"inLanguage\":\"tr\"},{\"@type\":\"Organization\",\"@id\":\"https:\/\/epochtimestr.com\/#organization\",\"name\":\"The EpochTimes T\u00fcrkiye\",\"url\":\"https:\/\/epochtimestr.com\/\",\"logo\":{\"@type\":\"ImageObject\",\"inLanguage\":\"tr\",\"@id\":\"https:\/\/epochtimestr.com\/#\/schema\/logo\/image\/\",\"url\":\"https:\/\/epochtimestr.com\/wp-content\/uploads\/2011y\/ET-Logo-YG.jpg\",\"contentUrl\":\"https:\/\/epochtimestr.com\/wp-content\/uploads\/2011y\/ET-Logo-YG.jpg\",\"width\":346,\"height\":29,\"caption\":\"The EpochTimes T\u00fcrkiye\"},\"image\":{\"@id\":\"https:\/\/epochtimestr.com\/#\/schema\/logo\/image\/\"},\"sameAs\":[\"https:\/\/www.facebook.com\/theepochtimestr\",\"https:\/\/x.com\/TheEpochTimesTR\",\"https:\/\/www.instagram.com\/epochtimestr\"]},{\"@type\":\"Person\",\"@id\":\"https:\/\/epochtimestr.com\/#\/schema\/person\/3dc5c3adeb9f43923c5aa85889172fdd\",\"name\":\"Haber Merkezi\",\"image\":{\"@type\":\"ImageObject\",\"inLanguage\":\"tr\",\"@id\":\"https:\/\/epochtimestr.com\/#\/schema\/person\/image\/\",\"url\":\"https:\/\/secure.gravatar.com\/avatar\/d73f772ba5a74f28601361e17c2f93e6?s=96&d=mm&r=g\",\"contentUrl\":\"https:\/\/secure.gravatar.com\/avatar\/d73f772ba5a74f28601361e17c2f93e6?s=96&d=mm&r=g\",\"caption\":\"Haber Merkezi\"},\"url\":\"https:\/\/epochtimestr.com\/index.php\/author\/sendag\"}]}<\/script>\n<!-- \/ Yoast SEO plugin. -->","yoast_head_json":{"title":"\u00d6zg\u00fcr \u00d6zel Kurucular Kurulu \u0130le Birlikte An\u0131tkabir'i Ziyaret Etti - The Epoch Times TR","description":"Atat\u00fcrk'\u00fcn naa\u015f\u0131n\u0131n da yer ald\u0131\u011f\u0131 mozoleye YEN\u0130 Parti ad\u0131na \u00e7elenk b\u0131rakan \u00d6zg\u00fcr \u00d6zel, daha sonra An\u0131tkabir \u00d6zel Defteri\u2019ni imzalad\u0131.","robots":{"index":"index","follow":"follow","max-snippet":"max-snippet:-1","max-image-preview":"max-image-preview:large","max-video-preview":"max-video-preview:-1"},"canonical":"https:\/\/epochtimestr.com\/index.php\/ozgur-ozel-kurucular-kurulu-ile-birlikte-anitkabiri-ziyaret-etti","og_locale":"tr_TR","og_type":"article","og_title":"\u00d6zg\u00fcr \u00d6zel Kurucular Kurulu \u0130le Birlikte An\u0131tkabir'i Ziyaret Etti - The Epoch Times TR","og_description":"Atat\u00fcrk'\u00fcn naa\u015f\u0131n\u0131n da yer ald\u0131\u011f\u0131 mozoleye YEN\u0130 Parti ad\u0131na \u00e7elenk b\u0131rakan \u00d6zg\u00fcr \u00d6zel, daha sonra An\u0131tkabir \u00d6zel Defteri\u2019ni imzalad\u0131.","og_url":"https:\/\/epochtimestr.com\/index.php\/ozgur-ozel-kurucular-kurulu-ile-birlikte-anitkabiri-ziyaret-etti","og_site_name":"The Epoch Times TR","article_publisher":"https:\/\/www.facebook.com\/theepochtimestr","article_published_time":"2026-07-25T18:30:27+00:00","article_modified_time":"2026-07-25T18:30:28+00:00","og_image":[{"width":834,"height":539,"url":"https:\/\/epochtimestr.com\/wp-content\/uploads\/2011y\/ozel-x.webp","type":"image\/webp"}],"author":"Haber Merkezi","twitter_card":"summary_large_image","twitter_creator":"@TheEpochTimesTR","twitter_site":"@TheEpochTimesTR","twitter_misc":{"Yazan:":"Haber Merkezi","Tahmini okuma s\u00fcresi":"3 dakika"},"schema":{"@context":"https:\/\/schema.org","@graph":[{"@type":"Article","@id":"https:\/\/epochtimestr.com\/index.php\/ozgur-ozel-kurucular-kurulu-ile-birlikte-anitkabiri-ziyaret-etti#article","isPartOf":{"@id":"https:\/\/epochtimestr.com\/index.php\/ozgur-ozel-kurucular-kurulu-ile-birlikte-anitkabiri-ziyaret-etti"},"author":{"name":"Haber Merkezi","@id":"https:\/\/epochtimestr.com\/#\/schema\/person\/3dc5c3adeb9f43923c5aa85889172fdd"},"headline":"\u00d6zg\u00fcr \u00d6zel Kurucular Kurulu \u0130le Birlikte An\u0131tkabir&#8217;i Ziyaret Etti","datePublished":"2026-07-25T18:30:27+00:00","dateModified":"2026-07-25T18:30:28+00:00","mainEntityOfPage":{"@id":"https:\/\/epochtimestr.com\/index.php\/ozgur-ozel-kurucular-kurulu-ile-birlikte-anitkabiri-ziyaret-etti"},"wordCount":492,"commentCount":0,"publisher":{"@id":"https:\/\/epochtimestr.com\/#organization"},"image":{"@id":"https:\/\/epochtimestr.com\/index.php\/ozgur-ozel-kurucular-kurulu-ile-birlikte-anitkabiri-ziyaret-etti#primaryimage"},"thumbnailUrl":"https:\/\/epochtimestr.com\/wp-content\/uploads\/2011y\/ozel-x.webp","keywords":["an\u0131tkabir","Kurucular Kurulu","mozole","\u00d6zg\u00fcr \u00d6zel","YEN\u0130 Parti"],"articleSection":["G\u00dcNDEM","MAN\u015eET","Siyaset"],"inLanguage":"tr","potentialAction":[{"@type":"CommentAction","name":"Comment","target":["https:\/\/epochtimestr.com\/index.php\/ozgur-ozel-kurucular-kurulu-ile-birlikte-anitkabiri-ziyaret-etti#respond"]}]},{"@type":"WebPage","@id":"https:\/\/epochtimestr.com\/index.php\/ozgur-ozel-kurucular-kurulu-ile-birlikte-anitkabiri-ziyaret-etti","url":"https:\/\/epochtimestr.com\/index.php\/ozgur-ozel-kurucular-kurulu-ile-birlikte-anitkabiri-ziyaret-etti","name":"\u00d6zg\u00fcr \u00d6zel Kurucular Kurulu \u0130le Birlikte An\u0131tkabir'i Ziyaret Etti - The Epoch Times TR","isPartOf":{"@id":"https:\/\/epochtimestr.com\/#website"},"primaryImageOfPage":{"@id":"https:\/\/epochtimestr.com\/index.php\/ozgur-ozel-kurucular-kurulu-ile-birlikte-anitkabiri-ziyaret-etti#primaryimage"},"image":{"@id":"https:\/\/epochtimestr.com\/index.php\/ozgur-ozel-kurucular-kurulu-ile-birlikte-anitkabiri-ziyaret-etti#primaryimage"},"thumbnailUrl":"https:\/\/epochtimestr.com\/wp-content\/uploads\/2011y\/ozel-x.webp","datePublished":"2026-07-25T18:30:27+00:00","dateModified":"2026-07-25T18:30:28+00:00","description":"Atat\u00fcrk'\u00fcn naa\u015f\u0131n\u0131n da yer ald\u0131\u011f\u0131 mozoleye YEN\u0130 Parti ad\u0131na \u00e7elenk b\u0131rakan \u00d6zg\u00fcr \u00d6zel, daha sonra An\u0131tkabir \u00d6zel Defteri\u2019ni imzalad\u0131.","inLanguage":"tr","potentialAction":[{"@type":"ReadAction","target":["https:\/\/epochtimestr.com\/index.php\/ozgur-ozel-kurucular-kurulu-ile-birlikte-anitkabiri-ziyaret-etti"]}]},{"@type":"ImageObject","inLanguage":"tr","@id":"https:\/\/epochtimestr.com\/index.php\/ozgur-ozel-kurucular-kurulu-ile-birlikte-anitkabiri-ziyaret-etti#primaryimage","url":"https:\/\/epochtimestr.com\/wp-content\/uploads\/2011y\/ozel-x.webp","contentUrl":"https:\/\/epochtimestr.com\/wp-content\/uploads\/2011y\/ozel-x.webp","width":834,"height":539},{"@type":"WebSite","@id":"https:\/\/epochtimestr.com\/#website","url":"https:\/\/epochtimestr.com\/","name":"The Epoch Times TR","description":"De\u011fi\u015fen D\u00fcnyam\u0131za Taze Bir Bak\u0131\u015f","publisher":{"@id":"https:\/\/epochtimestr.com\/#organization"},"potentialAction":[{"@type":"SearchAction","target":{"@type":"EntryPoint","urlTemplate":"https:\/\/epochtimestr.com\/?s={search_term_string}"},"query-input":"required name=search_term_string"}],"inLanguage":"tr"},{"@type":"Organization","@id":"https:\/\/epochtimestr.com\/#organization","name":"The EpochTimes T\u00fcrkiye","url":"https:\/\/epochtimestr.com\/","logo":{"@type":"ImageObject","inLanguage":"tr","@id":"https:\/\/epochtimestr.com\/#\/schema\/logo\/image\/","url":"https:\/\/epochtimestr.com\/wp-content\/uploads\/2011y\/ET-Logo-YG.jpg","contentUrl":"https:\/\/epochtimestr.com\/wp-content\/uploads\/2011y\/ET-Logo-YG.jpg","width":346,"height":29,"caption":"The EpochTimes T\u00fcrkiye"},"image":{"@id":"https:\/\/epochtimestr.com\/#\/schema\/logo\/image\/"},"sameAs":["https:\/\/www.facebook.com\/theepochtimestr","https:\/\/x.com\/TheEpochTimesTR","https:\/\/www.instagram.com\/epochtimestr"]},{"@type":"Person","@id":"https:\/\/epochtimestr.com\/#\/schema\/person\/3dc5c3adeb9f43923c5aa85889172fdd","name":"Haber Merkezi","image":{"@type":"ImageObject","inLanguage":"tr","@id":"https:\/\/epochtimestr.com\/#\/schema\/person\/image\/","url":"https:\/\/secure.gravatar.com\/avatar\/d73f772ba5a74f28601361e17c2f93e6?s=96&d=mm&r=g","contentUrl":"https:\/\/secure.gravatar.com\/avatar\/d73f772ba5a74f28601361e17c2f93e6?s=96&d=mm&r=g","caption":"Haber Merkezi"},"url":"https:\/\/epochtimestr.com\/index.php\/author\/sendag"}]}},"_links":{"self":[{"href":"https:\/\/epochtimestr.com\/index.php\/wp-json\/wp\/v2\/posts\/169234"}],"collection":[{"href":"https:\/\/epochtimestr.com\/index.php\/wp-json\/wp\/v2\/posts"}],"about":[{"href":"https:\/\/epochtimestr.com\/index.php\/wp-json\/wp\/v2\/types\/post"}],"author":[{"embeddable":true,"href":"https:\/\/epochtimestr.com\/index.php\/wp-json\/wp\/v2\/users\/12791"}],"replies":[{"embeddable":true,"href":"https:\/\/epochtimestr.com\/index.php\/wp-json\/wp\/v2\/comments?post=169234"}],"version-history":[{"count":2,"href":"https:\/\/epochtimestr.com\/index.php\/wp-json\/wp\/v2\/posts\/169234\/revisions"}],"predecessor-version":[{"id":169248,"href":"https:\/\/epochtimestr.com\/index.php\/wp-json\/wp\/v2\/posts\/169234\/revisions\/169248"}],"wp:featuredmedia":[{"embeddable":true,"href":"https:\/\/epochtimestr.com\/index.php\/wp-json\/wp\/v2\/media\/169235"}],"wp:attachment":[{"href":"https:\/\/epochtimestr.com\/index.php\/wp-json\/wp\/v2\/media?parent=169234"}],"wp:term":[{"taxonomy":"category","embeddable":true,"href":"https:\/\/epochtimestr.com\/index.php\/wp-json\/wp\/v2\/categories?post=169234"},{"taxonomy":"post_tag","embeddable":true,"href":"https:\/\/epochtimestr.com\/index.php\/wp-json\/wp\/v2\/tags?post=169234"}],"curies":[{"name":"wp","href":"https:\/\/api.w.org\/{rel}","templated":true}]}}