{"id":169260,"date":"2026-07-26T10:36:36","date_gmt":"2026-07-26T07:36:36","guid":{"rendered":"https:\/\/epochtimestr.com\/?p=169260"},"modified":"2026-07-26T10:36:38","modified_gmt":"2026-07-26T07:36:38","slug":"iddia-kilicdaroglunun-rozet-torenine-yuzlerce-insan-tasindi","status":"publish","type":"post","link":"https:\/\/epochtimestr.com\/index.php\/iddia-kilicdaroglunun-rozet-torenine-yuzlerce-insan-tasindi","title":{"rendered":"\u0130ddia: K\u0131l\u0131\u00e7daro\u011flu&#8217;nun Rozet T\u00f6renine Y\u00fczlerce \u0130nsan Ta\u015f\u0131nd\u0131"},"content":{"rendered":"<div class=\"wp-block-image\">\n<figure class=\"aligncenter size-full is-resized\"><img loading=\"lazy\" decoding=\"async\" width=\"547\" height=\"365\" src=\"https:\/\/epochtimestr.com\/wp-content\/uploads\/2011y\/chp-16.jpg\" alt=\"K\u0131l\u0131\u00e7daro\u011flu'nun rozet t\u00f6renine 3 farkl\u0131 Cast ajans\u0131ndan y\u00fczlerce insan ta\u015f\u0131nd\u0131\u011f\u0131 iddia edildi. (Foto\u011fraf: CHP x hesab\u0131)\" class=\"wp-image-169261\" style=\"width:547px;height:auto\" srcset=\"https:\/\/epochtimestr.com\/wp-content\/uploads\/2011y\/chp-16.jpg 547w, https:\/\/epochtimestr.com\/wp-content\/uploads\/2011y\/chp-16-300x200.jpg 300w, https:\/\/epochtimestr.com\/wp-content\/uploads\/2011y\/chp-16-150x100.jpg 150w\" sizes=\"(max-width: 547px) 100vw, 547px\" \/><figcaption class=\"wp-element-caption\">K\u0131l\u0131\u00e7daro\u011flu&#8217;nun rozet t\u00f6renine 3 farkl\u0131 Cast ajans\u0131ndan y\u00fczlerce insan ta\u015f\u0131nd\u0131\u011f\u0131 iddia edildi. (Foto\u011fraf: CHP x hesab\u0131)<\/figcaption><\/figure><\/div>\n\n\n<h2 class=\"wp-block-heading\">Mutlak butlan karar\u0131yla CHP&#8217;nin ba\u015f\u0131na getirilen K\u0131l\u0131\u00e7daro\u011flu&#8217;nun \u00fcye al\u0131m rozet t\u00f6reninde salon bo\u015f kalmas\u0131n diye 3 farkl\u0131 cast ajans\u0131ndan ki\u015fi ba\u015f\u0131 950 lira verip y\u00fczlerce fig\u00fcran ta\u015f\u0131nd\u0131\u011f\u0131 iddia edildi.<\/h2>\n\n\n\n<p>CHP Genel Ba\u015fkan\u0131 <a href=\"https:\/\/epochtimestr.com\/index.php\/kemal-kilicdaroglundan-suriye-mesaji-dugmeyi-yanlis-iliklemeyin\" target=\"_blank\" rel=\"noreferrer noopener\">Kemal K\u0131l\u0131\u00e7daro\u011flu<\/a>, \u0130stanbul Sar\u0131yer Ayaza\u011fa&#8217;da bulunan Rauf Denkta\u015f K\u00fclt\u00fcr Merkezi&#8217;nde d\u00fczenlenen \u00fcye kat\u0131l\u0131m t\u00f6reninde partiye kat\u0131lan yeni \u00fcyelerin rozetlerini takt\u0131. T\u00f6rene K\u0131l\u0131\u00e7daro\u011flu&#8217;nun yan\u0131 s\u0131ra <a href=\"https:\/\/epochtimestr.com\/index.php\/ozgur-ozel-chpden-istifa-etti-yeni-parti-kuruluyor\" target=\"_blank\" rel=\"noreferrer noopener\">CHP<\/a> \u0130stanbul \u0130l Ba\u015fkanl\u0131\u011f\u0131na kayyumla atanan <a href=\"https:\/\/epochtimestr.com\/index.php\/gursel-tekinden-yoksulluga-isyan-turkiyede-artik-bebekler-satiliyor\" target=\"_blank\" rel=\"noreferrer noopener\">G\u00fcrsel Tekin<\/a> ve partinin MYK \u00fcyeleri kat\u0131ld\u0131.<\/p>\n\n\n\n<p><strong>BirG\u00fcn muhabiri Ebru \u00c7elik&#8217;in haberine g\u00f6re,<\/strong><\/p>\n\n\n\n<p>Fig\u00fcranlar aras\u0131nda i\u015fsizler, atanmayan \u00f6\u011fretmenler, emekliler, \u0130ranl\u0131, M\u0131s\u0131rl\u0131 g\u00f6\u00e7menlerin yan\u0131 s\u0131ra \u0130mamo\u011flu\u2019nu destekleyen ki\u015filer de yer ald\u0131. T\u00f6ren \u00f6ncesinde fig\u00fcranlara slogan ve alk\u0131\u015f provas\u0131 yapt\u0131r\u0131ld\u0131.<br \/>T\u00f6ren \u00f6ncesinde kat\u0131l\u0131mc\u0131lara &#8220;Halk\u0131n umudu K\u0131l\u0131\u00e7daro\u011flu&#8221;, &#8220;Hak, hukuk, adalet&#8221;, &#8220;Gen\u00e7li\u011fin umudu K\u0131l\u0131\u00e7daro\u011flu&#8221; ve &#8220;Kahraman Kemal&#8221; sloganlar\u0131n\u0131n prova ettirildi\u011fi, konu\u015fmalar s\u0131ras\u0131nda alk\u0131\u015f ve sloganlar\u0131n organizasyon g\u00f6revlilerince y\u00f6nlendirildi\u011fi \u00f6ne s\u00fcr\u00fcld\u00fc. Haberde baz\u0131 kat\u0131l\u0131mc\u0131lar\u0131n kendilerine verilen CHP bayraklar\u0131n\u0131 ta\u015f\u0131may\u0131 reddetti\u011fi, etkinlik sona erene kadar salondan ayr\u0131lmalar\u0131na izin verilmedi\u011fi de yer ald\u0131.<\/p>\n\n\n\n<figure class=\"wp-block-embed is-type-rich is-provider-x wp-block-embed-x\"><div class=\"wp-block-embed__wrapper\">\n<blockquote class=\"twitter-tweet\" data-width=\"550\" data-dnt=\"true\"><p lang=\"tr\" dir=\"ltr\">Genel Ba\u015fkan\u0131m\u0131z Kemal K\u0131l\u0131\u00e7daro\u011flu, \u0130stanbul Sar\u0131yer\u2019de d\u00fczenlenen \u00fcye kat\u0131l\u0131m t\u00f6reninde partimize kat\u0131lan yeni \u00fcyelerin rozetlerini takt\u0131. <a href=\"https:\/\/t.co\/gP5q0POh2E\">pic.twitter.com\/gP5q0POh2E<\/a><\/p>&mdash; CHP \ud83c\uddf9\ud83c\uddf7 (@herkesicinCHP) <a href=\"https:\/\/x.com\/herkesicinCHP\/status\/2081004002217509290?ref_src=twsrc%5Etfw\">July 25, 2026<\/a><\/blockquote><script async src=\"https:\/\/platform.x.com\/widgets.js\" charset=\"utf-8\"><\/script>\n<\/div><\/figure>\n\n\n\n<p>\u00d6zg\u00fcr \u00d6zel&#8217;in Genel Ba\u015fkan\u0131 oldu\u011fu YEN\u0130 Parti&#8217;nin kurulmas\u0131n\u0131n ard\u0131ndan CHP\u2019nin ger\u00e7ekle\u015ftirdi\u011fi rozet t\u00f6reni, &#8220;yo\u011fun kat\u0131l\u0131m&#8221; nedeniyle \u0130stanbul Sar\u0131yer Ayaza\u011fa&#8217;da bulunan Rauf Denkta\u015f K\u00fclt\u00fcr Merkezi&#8217;ne ta\u015f\u0131nd\u0131.<\/p>\n\n\n\n<p>K\u0131l\u0131\u00e7daro\u011flu, \u2018siyasi ahlak kanunu\u2019 teklifini Meclis\u2019e yeniden sunacaklar\u0131n\u0131 belirtip Cumhurba\u015fkan\u0131 Tayyip Erdo\u011fan\u2019a seslendi: \u201cSiyasi ahlak\u0131 savunuyor, kirlilik olmas\u0131n istiyorsan sen de destek vereceksin karde\u015fim.\u201d dedi.<\/p>\n\n\n\n<p>K\u0131l\u0131\u00e7daro\u011flu, &#8220;Hi\u00e7bir CHP\u2019li yolsuzluk yapanlarla yan yana duramaz. E\u011fer yolsuzluk yapmak, mal\u0131 g\u00f6t\u00fcrmek istiyorsan, derhal partinin d\u0131\u015f\u0131na \u00e7\u0131kacaks\u0131n&#8221; dedi. Ana muhalefet olan Yeni Parti&#8217;yi hedef alan K\u0131l\u0131\u00e7daro\u011flu, &#8220;Cumhuriyet Halk Partisi ar\u0131nmak zorunda olan bir partidir.&#8221; diye ekledi.<\/p>\n\n\n\n<h3 class=\"wp-block-heading\">K\u0131l\u0131\u00e7daro\u011flu, \u015funlar\u0131 s\u00f6yledi:<\/h3>\n\n\n\n<p>\u201cOnlarla beraber yol y\u00fcr\u00fcmek zorunday\u0131z. Bunu yaparsak Cumhuriyet Halk Partisi kendi kimli\u011fini geni\u015f kitlelere aktarabilir. Ad\u0131m\u0131z belli. Halk Partisi&#8217;yiz. Halk\u0131n Partisi&#8217;yiz. Cumhuriyet&#8217;in Partisi&#8217;yiz. Devlet kuran bir partiyiz. Devlete y\u00f6n veren, istikamet \u00e7izen bir partiyiz. Biz Cumhuriyet Halk Partisi&#8217;yiz. Mustafa Kemal&#8217;in partisiyiz. \u0130n\u00f6n\u00fc&#8217;n\u00fcn partisiyiz. Ecevit&#8217;in partisiyiz. Baykal&#8217;\u0131n partisiyiz. Biz Cumhuriyet Halk Partisi&#8217;yiz. Halk\u0131n Partisi&#8217;yiz biz. O a\u00e7\u0131dan gideceksiniz, kendisini en sahipsiz hissedenlerin yan\u0131nda duracaks\u0131n\u0131z. Neyse \u00e7ok \u015f\u00fck\u00fcr o da b\u00fcy\u00fck \u00f6l\u00e7\u00fcde ger\u00e7ekle\u015fti&#8221; ifadelerini kulland\u0131.<\/p>\n\n\n\n<p>Biz ayn\u0131 zamanda siyasette ahlak\u0131, siyasette erdemi savunan bir partiyiz. \u0130lk kez T\u00fcrkiye Cumhuriyeti Parlamentosu&#8217;na, evet ilk kez T\u00fcrkiye Cumhuriyeti Parlamentosu&#8217;na, Siyasi Ahlak Kanunu teklifi veren bir partiyiz. Siyasette ahlak olmazsa olmaz. Ahlakl\u0131 olacaks\u0131n\u0131z. Erdemli olacaks\u0131n\u0131z. Ki\u015filikli olacaks\u0131n\u0131z. Do\u011fru d\u00fcr\u00fcst g\u00f6rev yapacaks\u0131n\u0131z. Siyaset temiz insanlar\u0131n i\u015fidir. Temiz insanlar\u0131n, d\u00fczg\u00fcn insanlar\u0131n, ahlakl\u0131 insanlar\u0131n i\u015fidir siyaset. Siyaset b\u00f6yledir. Olmazsa olmaz. Siyaset zenginle\u015fme arac\u0131 de\u011fildir. Siyaset k\u00f6\u015feyi d\u00f6nme arac\u0131 de\u011fildir. Siyaset ev, apartman alma arac\u0131 de\u011fildir. E\u011fer siz siyasete girdiyseniz, kendinize mi hizmet edeceksiniz, topluma m\u0131 hizmet edeceksiniz? Toplumun zenginle\u015fmesi laz\u0131m. Toplumun varl\u0131kl\u0131 olmas\u0131 laz\u0131m. \u00c7alan, \u00e7\u0131rpan, k\u00f6\u015feyi d\u00f6nen siyaset\u00e7i istemiyoruz.&#8221;<\/p>\n\n\n<div class=\"wp-block-image\">\n<figure class=\"aligncenter size-full\"><img loading=\"lazy\" decoding=\"async\" width=\"678\" height=\"452\" src=\"https:\/\/epochtimestr.com\/wp-content\/uploads\/2011y\/kilicdaroglu-3.jpg\" alt=\"K\u0131l\u0131\u00e7daro\u011flu, Sar\u0131yer Ayaza\u011fa'da bulunan Rauf Denkta\u015f K\u00fclt\u00fcr Merkezi (Foto\u011fraf: CHP x hesab\u0131)\" class=\"wp-image-169262\" srcset=\"https:\/\/epochtimestr.com\/wp-content\/uploads\/2011y\/kilicdaroglu-3.jpg 678w, https:\/\/epochtimestr.com\/wp-content\/uploads\/2011y\/kilicdaroglu-3-300x200.jpg 300w, https:\/\/epochtimestr.com\/wp-content\/uploads\/2011y\/kilicdaroglu-3-150x100.jpg 150w\" sizes=\"(max-width: 678px) 100vw, 678px\" \/><figcaption class=\"wp-element-caption\">K\u0131l\u0131\u00e7daro\u011flu, Sar\u0131yer Ayaza\u011fa&#8217;da bulunan Rauf Denkta\u015f K\u00fclt\u00fcr Merkezinde. (Foto\u011fraf: CHP x hesab\u0131)<\/figcaption><\/figure><\/div>\n\n\n<h3 class=\"wp-block-heading\">&#8220;Siyasi Ahlak Kanunu olmazsa olmaz&#8221;<\/h3>\n\n\n\n<p>Siyasi Ahlak Kanunu olmazsa olmaz. Siyasi Ahlak Kanunu \u00e7\u0131kacak. Teklifi yeniden Cumhuriyet Halk Partili milletvekilleri Meclis&#8217;e verecekler. Saray&#8217;da oturan zata da sesleniyorum. E\u011fer siyasi ahlak\u0131 savunuyorsan, siyasette kirlilik olmas\u0131n\u0131 istemiyorsan o zaman sen de destek vereceksin karde\u015fim. B\u00fct\u00fcn partilere sesleniyorum. Destek vereceksin.<\/p>\n\n\n\n<p>Benim gibi d\u00fc\u015f\u00fcnmeyen insan da sayg\u0131de\u011ferdir. Bak\u0131n, bir daha ifade edeyim. Herkes bizim gibi d\u00fc\u015f\u00fcnmek zorunda de\u011fil. Belki biz eksik d\u00fc\u015f\u00fcn\u00fcyoruzdur. Belki biz yanl\u0131\u015f d\u00fc\u015f\u00fcn\u00fcyoruzdur. \u0130lla ben her \u015feyi do\u011fru bilece\u011fim diye bir kural yok ki. O nedenle d\u00fc\u015f\u00fcnce \u00f6zg\u00fcrl\u00fc\u011f\u00fc kadar de\u011ferli bir \u015fey yoktur. \u00d6rnek mi istiyorsunuz? Bir \u015fey anlatay\u0131m size. Bir d\u00f6nem b\u00fct\u00fcn insanl\u0131k d\u00fcnyan\u0131n d\u00fcz oldu\u011funa inan\u0131rd\u0131. Sonra birisi \u00e7\u0131k\u0131p diyor ki: &#8216;Siz d\u00fcnya d\u00fcz diyorsunuz ama d\u00fcnya yuvarlak.&#8217; Bir d\u00f6nem yer\u00e7ekimi kanunundan kimsenin haberi yoktu. Ama birisi kalkt\u0131, elma a\u011fac\u0131n\u0131n alt\u0131nda yatarken kafas\u0131na bir elma d\u00fc\u015ft\u00fc. Ne dedi? Newton galiba, de\u011fil mi? Ne diyor? &#8216;Ya bu elma niye yukar\u0131ya do\u011fru gitmiyor da a\u015fa\u011f\u0131ya do\u011fru gidiyor?&#8217; Bak\u0131n, d\u00fcnyan\u0131n en basit sorusunu soruyor ve y\u00fcce Yaradan&#8217;\u0131n bir s\u0131rr\u0131n\u0131 ke\u015ffediyor. D\u00fc\u015f\u00fcnce b\u00f6yle bir \u015feydir. D\u00fc\u015f\u00fcnce \u00f6zg\u00fcrl\u00fc\u011f\u00fc de bunun i\u00e7in de\u011ferlidir.\u201d<\/p>\n\n\n\n<figure class=\"wp-block-embed is-type-rich is-provider-x wp-block-embed-x\"><div class=\"wp-block-embed__wrapper\">\n<blockquote class=\"twitter-tweet\" data-width=\"550\" data-dnt=\"true\"><p lang=\"tr\" dir=\"ltr\">Siz Kimin Fig\u00fcran\u0131s\u0131n\u0131z?<br><br>Bug\u00fcn ger\u00e7ekle\u015ftirdi\u011fimiz partimize kat\u0131l\u0131m t\u00f6reni kirli medyan\u0131n kimyas\u0131n\u0131 bozdu.<br>Bug\u00fcn a\u00e7\u0131klam\u0131\u015f oldu\u011fum itiraf\u00e7\u0131lar\u0131n foto\u011fraflar\u0131n\u0131, itiraf belgelerini g\u00f6rmemek ad\u0131na her zaman oldu\u011fu gibi yalan, yanl\u0131\u015f, ger\u00e7ek d\u0131\u015f\u0131 ve iftira niteli\u011findeki\u2026 <a href=\"https:\/\/t.co\/5UTKMm9ocX\">https:\/\/t.co\/5UTKMm9ocX<\/a><\/p>&mdash; G\u00fcrsel Tekin (@gurseltekin34) <a href=\"https:\/\/x.com\/gurseltekin34\/status\/2081062092078035412?ref_src=twsrc%5Etfw\">July 25, 2026<\/a><\/blockquote><script async src=\"https:\/\/platform.x.com\/widgets.js\" charset=\"utf-8\"><\/script>\n<\/div><\/figure>\n\n\n\n<h3 class=\"wp-block-heading\">G\u00fcrsel Tekin: &#8220;Siz kimin fig\u00fcran\u0131s\u0131n\u0131z?&#8221;<\/h3>\n\n\n\n<p>Kayy\u0131m \u0130l Ba\u015fkan\u0131 G\u00fcrsel Tekin&#8217;in sahnedeki hareketleri damga vurdu. Organizasyon krizine \u00f6fkelenen Tekin&#8217;in partilileri azarlayarak mikrofondan &#8220;Hepinizi bir dersten ge\u00e7irece\u011fim&#8221; diye ba\u011f\u0131rmas\u0131 kameralara yans\u0131d\u0131. Tekin mikrofondan \u201cRozetler nerede ya? Lan t\u00f6vbe ya\u2026\u201d diye ba\u011f\u0131d\u0131.<\/p>\n\n\n\n<p>Tekin\u2019in, \u201cBu arkada\u015flar\u0131m\u0131z\u0131n ne i\u015fi var burada? Bar\u0131\u015f seni var ya\u2026 \u0130ndir arkada\u015flar\u0131 ya! Bar\u0131\u015f! Kendin de in oradan! Hepinizi bir dersten ge\u00e7irece\u011fim\u201d diye ba\u011f\u0131rd\u0131\u011f\u0131 g\u00f6r\u00fcld\u00fc. Bu s\u00fcrede sahnede karma\u015fa devam ederken K\u0131l\u0131\u00e7daro\u011flu sahnedeki yakla\u015f\u0131k 10 ki\u015fi ile tokala\u015f\u0131yordu.<\/p>\n\n\n\n<figure class=\"wp-block-embed is-type-rich is-provider-x wp-block-embed-x\"><div class=\"wp-block-embed__wrapper\">\n<blockquote class=\"twitter-tweet\" data-width=\"550\" data-dnt=\"true\"><p lang=\"tr\" dir=\"ltr\">Tetik\u00e7ilikle Bas\u0131n Ahlak\u0131 Ba\u011fda\u015fmaz!<br>Partimizin \u0130stanbul\u2019da ger\u00e7ekle\u015ftirdi\u011fi kitlesel ve co\u015fkulu \u00fcye kat\u0131l\u0131m t\u00f6renini karalamak amac\u0131yla ortaya at\u0131lan bu iddialar, ahlak ve vicdan d\u0131\u015f\u0131 birer iftiradan ibarettir.<br>CHP\u2019ye her g\u00fcn binlerce yurtta\u015f\u0131m\u0131z kendi iradesiyle, bu \u00fclkenin\u2026 <a href=\"https:\/\/t.co\/J5xwzi6AcQ\">https:\/\/t.co\/J5xwzi6AcQ<\/a><\/p>&mdash; M\u00fcslim Sar\u0131 (@muslimsarichp) <a href=\"https:\/\/x.com\/muslimsarichp\/status\/2081073103086518492?ref_src=twsrc%5Etfw\">July 25, 2026<\/a><\/blockquote><script async src=\"https:\/\/platform.x.com\/widgets.js\" charset=\"utf-8\"><\/script>\n<\/div><\/figure>\n\n\n\n<p>Konu hakk\u0131nda a\u00e7\u0131klama yapan CHP S\u00f6zc\u00fcs\u00fc M\u00fcslim Sar\u0131, &#8220;Gazetecilik maskesi alt\u0131nda halk\u0131n temiz iradesine ve partimizin onurlu m\u00fccadelesine \u00e7amur atmaya \u00e7al\u0131\u015fan bu anlay\u0131\u015fa kar\u015f\u0131 t\u00fcm hukuki haklar\u0131m\u0131z\u0131 sonuna kadar kullanaca\u011f\u0131m\u0131z\u0131 ve kamuoyunun takdirine sunaca\u011f\u0131m\u0131z\u0131 bildiririz&#8221; ifadelerini kulland\u0131.<\/p>\n\n\n\n<p>Sar\u0131, partimizin \u0130stanbul\u2019da ger\u00e7ekle\u015ftirdi\u011fi kitlesel ve co\u015fkulu \u00fcye kat\u0131l\u0131m t\u00f6renini karalamak amac\u0131yla ortaya at\u0131lan bu iddialar, ahlak ve vicdan d\u0131\u015f\u0131 birer iftiradan ibarettir.<\/p>\n\n\n\n<p>CHP\u2019ye her g\u00fcn binlerce yurtta\u015f\u0131m\u0131z kendi iradesiyle, bu \u00fclkenin gelece\u011fine nefes olmak i\u00e7in kat\u0131lmaktad\u0131r.<br \/>Partimize kat\u0131lan i\u015fsizleri, atanmayan \u00f6\u011fretmenleri, emeklileri ve bu \u00fclkenin kederini payla\u015fan insanlar\u0131 &#8216;paral\u0131 fig\u00fcran&#8217; olarak nitelendirmek, binlerce yurtta\u015f\u0131m\u0131z\u0131n onuruna ve hakk\u0131na a\u00e7\u0131k\u00e7a girmektir.<\/p>\n\n\n\n<p>A\u00e7\u0131k\u00e7a ifade ediyoruz: Siz ne Cumhuriyet Halk Partisi\u2019ni ne de Cumhuriyet Halk Partilileri tan\u0131yan bir tetik\u00e7isiniz! Ger\u00e7ekleri E\u011fip B\u00fckemezsiniz. Cumhuriyet Halk Partisi, k\u00f6kleri Kuva-y\u0131 Milliye\u2019ye dayanan, g\u00fcc\u00fcn\u00fc sermayeden veya karanl\u0131k odaklardan de\u011fil, yaln\u0131zca milletinden alan ulu bir \u00e7\u0131nard\u0131r.<br \/>Gazetecilik maskesi alt\u0131nda halk\u0131n temiz iradesine ve partimizin onurlu m\u00fccadelesine \u00e7amur atmaya \u00e7al\u0131\u015fan bu anlay\u0131\u015fa kar\u015f\u0131 t\u00fcm hukuki haklar\u0131m\u0131z\u0131 sonuna kadar kullanaca\u011f\u0131m\u0131z\u0131 ve kamuoyunun takdirine sunaca\u011f\u0131m\u0131z\u0131 bildiririz.&#8217;<\/p>\n","protected":false},"excerpt":{"rendered":"<p>Mutlak butlan karar\u0131yla CHP&#8217;nin ba\u015f\u0131na getirilen K\u0131l\u0131\u00e7daro\u011flu&#8217;nun \u00fcye al\u0131m rozet t\u00f6reninde salon bo\u015f kalmas\u0131n diye 3 farkl\u0131 cast ajans\u0131ndan ki\u015fi ba\u015f\u0131 950 lira verip y\u00fczlerce fig\u00fcran ta\u015f\u0131nd\u0131\u011f\u0131 iddia edildi. CHP Genel Ba\u015fkan\u0131 Kemal K\u0131l\u0131\u00e7daro\u011flu, \u0130stanbul Sar\u0131yer Ayaza\u011fa&#8217;da bulunan Rauf Denkta\u015f K\u00fclt\u00fcr Merkezi&#8217;nde d\u00fczenlenen \u00fcye kat\u0131l\u0131m t\u00f6reninde partiye kat\u0131lan yeni \u00fcyelerin rozetlerini takt\u0131. T\u00f6rene K\u0131l\u0131\u00e7daro\u011flu&#8217;nun yan\u0131 [&hellip;]<\/p>\n","protected":false},"author":12791,"featured_media":169261,"comment_status":"open","ping_status":"open","sticky":false,"template":"","format":"standard","meta":{"_yoast_wpseo_focuskw":"rozet - iddia","_yoast_wpseo_title":"","_yoast_wpseo_metadesc":"K\u0131l\u0131\u00e7daro\u011flu'nun rozet t\u00f6reninde salon bo\u015f kalmas\u0131n diye cast ajans\u0131ndan ki\u015fi ba\u015f\u0131 950 lira verip y\u00fczlerce fig\u00fcran ta\u015f\u0131nd\u0131\u011f\u0131 iddia edildi.","_bbp_topic_count":0,"_bbp_reply_count":0,"_bbp_total_topic_count":0,"_bbp_total_reply_count":0,"_bbp_voice_count":0,"_bbp_anonymous_reply_count":0,"_bbp_topic_count_hidden":0,"_bbp_reply_count_hidden":0,"_bbp_forum_subforum_count":0,"footnotes":"","_yoast_wpseo_focuskw_text_input":""},"categories":[1,8138,8226],"tags":[11917,3609,2129,11859,1887,6425],"yoast_head":"<!-- This site is optimized with the Yoast SEO plugin v23.0 - https:\/\/yoast.com\/wordpress\/plugins\/seo\/ -->\n<title>\u0130ddia: K\u0131l\u0131\u00e7daro\u011flu&#039;nun Rozet T\u00f6renine Y\u00fczlerce \u0130nsan Ta\u015f\u0131nd\u0131 - The Epoch Times TR<\/title>\n<meta name=\"description\" content=\"K\u0131l\u0131\u00e7daro\u011flu&#039;nun rozet t\u00f6reninde salon bo\u015f kalmas\u0131n diye cast ajans\u0131ndan ki\u015fi ba\u015f\u0131 950 lira verip y\u00fczlerce fig\u00fcran ta\u015f\u0131nd\u0131\u011f\u0131 iddia edildi.\" \/>\n<meta name=\"robots\" content=\"index, follow, max-snippet:-1, max-image-preview:large, max-video-preview:-1\" \/>\n<link rel=\"canonical\" href=\"https:\/\/epochtimestr.com\/index.php\/iddia-kilicdaroglunun-rozet-torenine-yuzlerce-insan-tasindi\" \/>\n<meta property=\"og:locale\" content=\"tr_TR\" \/>\n<meta property=\"og:type\" content=\"article\" \/>\n<meta property=\"og:title\" content=\"\u0130ddia: K\u0131l\u0131\u00e7daro\u011flu&#039;nun Rozet T\u00f6renine Y\u00fczlerce \u0130nsan Ta\u015f\u0131nd\u0131 - The Epoch Times TR\" \/>\n<meta property=\"og:description\" content=\"K\u0131l\u0131\u00e7daro\u011flu&#039;nun rozet t\u00f6reninde salon bo\u015f kalmas\u0131n diye cast ajans\u0131ndan ki\u015fi ba\u015f\u0131 950 lira verip y\u00fczlerce fig\u00fcran ta\u015f\u0131nd\u0131\u011f\u0131 iddia edildi.\" \/>\n<meta property=\"og:url\" content=\"https:\/\/epochtimestr.com\/index.php\/iddia-kilicdaroglunun-rozet-torenine-yuzlerce-insan-tasindi\" \/>\n<meta property=\"og:site_name\" content=\"The Epoch Times TR\" \/>\n<meta property=\"article:publisher\" content=\"https:\/\/www.facebook.com\/theepochtimestr\" \/>\n<meta property=\"article:published_time\" content=\"2026-07-26T07:36:36+00:00\" \/>\n<meta property=\"article:modified_time\" content=\"2026-07-26T07:36:38+00:00\" \/>\n<meta property=\"og:image\" content=\"https:\/\/epochtimestr.com\/wp-content\/uploads\/2011y\/chp-16.jpg\" \/>\n\t<meta property=\"og:image:width\" content=\"547\" \/>\n\t<meta property=\"og:image:height\" content=\"365\" \/>\n\t<meta property=\"og:image:type\" content=\"image\/jpeg\" \/>\n<meta name=\"author\" content=\"Haber Merkezi\" \/>\n<meta name=\"twitter:card\" content=\"summary_large_image\" \/>\n<meta name=\"twitter:creator\" content=\"@TheEpochTimesTR\" \/>\n<meta name=\"twitter:site\" content=\"@TheEpochTimesTR\" \/>\n<meta name=\"twitter:label1\" content=\"Yazan:\" \/>\n\t<meta name=\"twitter:data1\" content=\"Haber Merkezi\" \/>\n\t<meta name=\"twitter:label2\" content=\"Tahmini okuma s\u00fcresi\" \/>\n\t<meta name=\"twitter:data2\" content=\"6 dakika\" \/>\n<script type=\"application\/ld+json\" class=\"yoast-schema-graph\">{\"@context\":\"https:\/\/schema.org\",\"@graph\":[{\"@type\":\"Article\",\"@id\":\"https:\/\/epochtimestr.com\/index.php\/iddia-kilicdaroglunun-rozet-torenine-yuzlerce-insan-tasindi#article\",\"isPartOf\":{\"@id\":\"https:\/\/epochtimestr.com\/index.php\/iddia-kilicdaroglunun-rozet-torenine-yuzlerce-insan-tasindi\"},\"author\":{\"name\":\"Haber Merkezi\",\"@id\":\"https:\/\/epochtimestr.com\/#\/schema\/person\/3dc5c3adeb9f43923c5aa85889172fdd\"},\"headline\":\"\u0130ddia: K\u0131l\u0131\u00e7daro\u011flu&#8217;nun Rozet T\u00f6renine Y\u00fczlerce \u0130nsan Ta\u015f\u0131nd\u0131\",\"datePublished\":\"2026-07-26T07:36:36+00:00\",\"dateModified\":\"2026-07-26T07:36:38+00:00\",\"mainEntityOfPage\":{\"@id\":\"https:\/\/epochtimestr.com\/index.php\/iddia-kilicdaroglunun-rozet-torenine-yuzlerce-insan-tasindi\"},\"wordCount\":1261,\"commentCount\":0,\"publisher\":{\"@id\":\"https:\/\/epochtimestr.com\/#organization\"},\"image\":{\"@id\":\"https:\/\/epochtimestr.com\/index.php\/iddia-kilicdaroglunun-rozet-torenine-yuzlerce-insan-tasindi#primaryimage\"},\"thumbnailUrl\":\"https:\/\/epochtimestr.com\/wp-content\/uploads\/2011y\/chp-16.jpg\",\"keywords\":[\"fig\u00fcran\",\"G\u00fcrsel Tekin\",\"Kemal K\u0131l\u0131\u00e7daro\u011flu\",\"M\u00fcslim Sar\u0131\",\"rozet\",\"t\u00f6ren\"],\"articleSection\":[\"G\u00dcNDEM\",\"MAN\u015eET\",\"Siyaset\"],\"inLanguage\":\"tr\",\"potentialAction\":[{\"@type\":\"CommentAction\",\"name\":\"Comment\",\"target\":[\"https:\/\/epochtimestr.com\/index.php\/iddia-kilicdaroglunun-rozet-torenine-yuzlerce-insan-tasindi#respond\"]}]},{\"@type\":\"WebPage\",\"@id\":\"https:\/\/epochtimestr.com\/index.php\/iddia-kilicdaroglunun-rozet-torenine-yuzlerce-insan-tasindi\",\"url\":\"https:\/\/epochtimestr.com\/index.php\/iddia-kilicdaroglunun-rozet-torenine-yuzlerce-insan-tasindi\",\"name\":\"\u0130ddia: K\u0131l\u0131\u00e7daro\u011flu'nun Rozet T\u00f6renine Y\u00fczlerce \u0130nsan Ta\u015f\u0131nd\u0131 - The Epoch Times TR\",\"isPartOf\":{\"@id\":\"https:\/\/epochtimestr.com\/#website\"},\"primaryImageOfPage\":{\"@id\":\"https:\/\/epochtimestr.com\/index.php\/iddia-kilicdaroglunun-rozet-torenine-yuzlerce-insan-tasindi#primaryimage\"},\"image\":{\"@id\":\"https:\/\/epochtimestr.com\/index.php\/iddia-kilicdaroglunun-rozet-torenine-yuzlerce-insan-tasindi#primaryimage\"},\"thumbnailUrl\":\"https:\/\/epochtimestr.com\/wp-content\/uploads\/2011y\/chp-16.jpg\",\"datePublished\":\"2026-07-26T07:36:36+00:00\",\"dateModified\":\"2026-07-26T07:36:38+00:00\",\"description\":\"K\u0131l\u0131\u00e7daro\u011flu'nun rozet t\u00f6reninde salon bo\u015f kalmas\u0131n diye cast ajans\u0131ndan ki\u015fi ba\u015f\u0131 950 lira verip y\u00fczlerce fig\u00fcran ta\u015f\u0131nd\u0131\u011f\u0131 iddia edildi.\",\"inLanguage\":\"tr\",\"potentialAction\":[{\"@type\":\"ReadAction\",\"target\":[\"https:\/\/epochtimestr.com\/index.php\/iddia-kilicdaroglunun-rozet-torenine-yuzlerce-insan-tasindi\"]}]},{\"@type\":\"ImageObject\",\"inLanguage\":\"tr\",\"@id\":\"https:\/\/epochtimestr.com\/index.php\/iddia-kilicdaroglunun-rozet-torenine-yuzlerce-insan-tasindi#primaryimage\",\"url\":\"https:\/\/epochtimestr.com\/wp-content\/uploads\/2011y\/chp-16.jpg\",\"contentUrl\":\"https:\/\/epochtimestr.com\/wp-content\/uploads\/2011y\/chp-16.jpg\",\"width\":547,\"height\":365},{\"@type\":\"WebSite\",\"@id\":\"https:\/\/epochtimestr.com\/#website\",\"url\":\"https:\/\/epochtimestr.com\/\",\"name\":\"The Epoch Times TR\",\"description\":\"De\u011fi\u015fen D\u00fcnyam\u0131za Taze Bir Bak\u0131\u015f\",\"publisher\":{\"@id\":\"https:\/\/epochtimestr.com\/#organization\"},\"potentialAction\":[{\"@type\":\"SearchAction\",\"target\":{\"@type\":\"EntryPoint\",\"urlTemplate\":\"https:\/\/epochtimestr.com\/?s={search_term_string}\"},\"query-input\":\"required name=search_term_string\"}],\"inLanguage\":\"tr\"},{\"@type\":\"Organization\",\"@id\":\"https:\/\/epochtimestr.com\/#organization\",\"name\":\"The EpochTimes T\u00fcrkiye\",\"url\":\"https:\/\/epochtimestr.com\/\",\"logo\":{\"@type\":\"ImageObject\",\"inLanguage\":\"tr\",\"@id\":\"https:\/\/epochtimestr.com\/#\/schema\/logo\/image\/\",\"url\":\"https:\/\/epochtimestr.com\/wp-content\/uploads\/2011y\/ET-Logo-YG.jpg\",\"contentUrl\":\"https:\/\/epochtimestr.com\/wp-content\/uploads\/2011y\/ET-Logo-YG.jpg\",\"width\":346,\"height\":29,\"caption\":\"The EpochTimes T\u00fcrkiye\"},\"image\":{\"@id\":\"https:\/\/epochtimestr.com\/#\/schema\/logo\/image\/\"},\"sameAs\":[\"https:\/\/www.facebook.com\/theepochtimestr\",\"https:\/\/x.com\/TheEpochTimesTR\",\"https:\/\/www.instagram.com\/epochtimestr\"]},{\"@type\":\"Person\",\"@id\":\"https:\/\/epochtimestr.com\/#\/schema\/person\/3dc5c3adeb9f43923c5aa85889172fdd\",\"name\":\"Haber Merkezi\",\"image\":{\"@type\":\"ImageObject\",\"inLanguage\":\"tr\",\"@id\":\"https:\/\/epochtimestr.com\/#\/schema\/person\/image\/\",\"url\":\"https:\/\/secure.gravatar.com\/avatar\/d73f772ba5a74f28601361e17c2f93e6?s=96&d=mm&r=g\",\"contentUrl\":\"https:\/\/secure.gravatar.com\/avatar\/d73f772ba5a74f28601361e17c2f93e6?s=96&d=mm&r=g\",\"caption\":\"Haber Merkezi\"},\"url\":\"https:\/\/epochtimestr.com\/index.php\/author\/sendag\"}]}<\/script>\n<!-- \/ Yoast SEO plugin. -->","yoast_head_json":{"title":"\u0130ddia: K\u0131l\u0131\u00e7daro\u011flu'nun Rozet T\u00f6renine Y\u00fczlerce \u0130nsan Ta\u015f\u0131nd\u0131 - The Epoch Times TR","description":"K\u0131l\u0131\u00e7daro\u011flu'nun rozet t\u00f6reninde salon bo\u015f kalmas\u0131n diye cast ajans\u0131ndan ki\u015fi ba\u015f\u0131 950 lira verip y\u00fczlerce fig\u00fcran ta\u015f\u0131nd\u0131\u011f\u0131 iddia edildi.","robots":{"index":"index","follow":"follow","max-snippet":"max-snippet:-1","max-image-preview":"max-image-preview:large","max-video-preview":"max-video-preview:-1"},"canonical":"https:\/\/epochtimestr.com\/index.php\/iddia-kilicdaroglunun-rozet-torenine-yuzlerce-insan-tasindi","og_locale":"tr_TR","og_type":"article","og_title":"\u0130ddia: K\u0131l\u0131\u00e7daro\u011flu'nun Rozet T\u00f6renine Y\u00fczlerce \u0130nsan Ta\u015f\u0131nd\u0131 - The Epoch Times TR","og_description":"K\u0131l\u0131\u00e7daro\u011flu'nun rozet t\u00f6reninde salon bo\u015f kalmas\u0131n diye cast ajans\u0131ndan ki\u015fi ba\u015f\u0131 950 lira verip y\u00fczlerce fig\u00fcran ta\u015f\u0131nd\u0131\u011f\u0131 iddia edildi.","og_url":"https:\/\/epochtimestr.com\/index.php\/iddia-kilicdaroglunun-rozet-torenine-yuzlerce-insan-tasindi","og_site_name":"The Epoch Times TR","article_publisher":"https:\/\/www.facebook.com\/theepochtimestr","article_published_time":"2026-07-26T07:36:36+00:00","article_modified_time":"2026-07-26T07:36:38+00:00","og_image":[{"width":547,"height":365,"url":"https:\/\/epochtimestr.com\/wp-content\/uploads\/2011y\/chp-16.jpg","type":"image\/jpeg"}],"author":"Haber Merkezi","twitter_card":"summary_large_image","twitter_creator":"@TheEpochTimesTR","twitter_site":"@TheEpochTimesTR","twitter_misc":{"Yazan:":"Haber Merkezi","Tahmini okuma s\u00fcresi":"6 dakika"},"schema":{"@context":"https:\/\/schema.org","@graph":[{"@type":"Article","@id":"https:\/\/epochtimestr.com\/index.php\/iddia-kilicdaroglunun-rozet-torenine-yuzlerce-insan-tasindi#article","isPartOf":{"@id":"https:\/\/epochtimestr.com\/index.php\/iddia-kilicdaroglunun-rozet-torenine-yuzlerce-insan-tasindi"},"author":{"name":"Haber Merkezi","@id":"https:\/\/epochtimestr.com\/#\/schema\/person\/3dc5c3adeb9f43923c5aa85889172fdd"},"headline":"\u0130ddia: K\u0131l\u0131\u00e7daro\u011flu&#8217;nun Rozet T\u00f6renine Y\u00fczlerce \u0130nsan Ta\u015f\u0131nd\u0131","datePublished":"2026-07-26T07:36:36+00:00","dateModified":"2026-07-26T07:36:38+00:00","mainEntityOfPage":{"@id":"https:\/\/epochtimestr.com\/index.php\/iddia-kilicdaroglunun-rozet-torenine-yuzlerce-insan-tasindi"},"wordCount":1261,"commentCount":0,"publisher":{"@id":"https:\/\/epochtimestr.com\/#organization"},"image":{"@id":"https:\/\/epochtimestr.com\/index.php\/iddia-kilicdaroglunun-rozet-torenine-yuzlerce-insan-tasindi#primaryimage"},"thumbnailUrl":"https:\/\/epochtimestr.com\/wp-content\/uploads\/2011y\/chp-16.jpg","keywords":["fig\u00fcran","G\u00fcrsel Tekin","Kemal K\u0131l\u0131\u00e7daro\u011flu","M\u00fcslim Sar\u0131","rozet","t\u00f6ren"],"articleSection":["G\u00dcNDEM","MAN\u015eET","Siyaset"],"inLanguage":"tr","potentialAction":[{"@type":"CommentAction","name":"Comment","target":["https:\/\/epochtimestr.com\/index.php\/iddia-kilicdaroglunun-rozet-torenine-yuzlerce-insan-tasindi#respond"]}]},{"@type":"WebPage","@id":"https:\/\/epochtimestr.com\/index.php\/iddia-kilicdaroglunun-rozet-torenine-yuzlerce-insan-tasindi","url":"https:\/\/epochtimestr.com\/index.php\/iddia-kilicdaroglunun-rozet-torenine-yuzlerce-insan-tasindi","name":"\u0130ddia: K\u0131l\u0131\u00e7daro\u011flu'nun Rozet T\u00f6renine Y\u00fczlerce \u0130nsan Ta\u015f\u0131nd\u0131 - The Epoch Times TR","isPartOf":{"@id":"https:\/\/epochtimestr.com\/#website"},"primaryImageOfPage":{"@id":"https:\/\/epochtimestr.com\/index.php\/iddia-kilicdaroglunun-rozet-torenine-yuzlerce-insan-tasindi#primaryimage"},"image":{"@id":"https:\/\/epochtimestr.com\/index.php\/iddia-kilicdaroglunun-rozet-torenine-yuzlerce-insan-tasindi#primaryimage"},"thumbnailUrl":"https:\/\/epochtimestr.com\/wp-content\/uploads\/2011y\/chp-16.jpg","datePublished":"2026-07-26T07:36:36+00:00","dateModified":"2026-07-26T07:36:38+00:00","description":"K\u0131l\u0131\u00e7daro\u011flu'nun rozet t\u00f6reninde salon bo\u015f kalmas\u0131n diye cast ajans\u0131ndan ki\u015fi ba\u015f\u0131 950 lira verip y\u00fczlerce fig\u00fcran ta\u015f\u0131nd\u0131\u011f\u0131 iddia edildi.","inLanguage":"tr","potentialAction":[{"@type":"ReadAction","target":["https:\/\/epochtimestr.com\/index.php\/iddia-kilicdaroglunun-rozet-torenine-yuzlerce-insan-tasindi"]}]},{"@type":"ImageObject","inLanguage":"tr","@id":"https:\/\/epochtimestr.com\/index.php\/iddia-kilicdaroglunun-rozet-torenine-yuzlerce-insan-tasindi#primaryimage","url":"https:\/\/epochtimestr.com\/wp-content\/uploads\/2011y\/chp-16.jpg","contentUrl":"https:\/\/epochtimestr.com\/wp-content\/uploads\/2011y\/chp-16.jpg","width":547,"height":365},{"@type":"WebSite","@id":"https:\/\/epochtimestr.com\/#website","url":"https:\/\/epochtimestr.com\/","name":"The Epoch Times TR","description":"De\u011fi\u015fen D\u00fcnyam\u0131za Taze Bir Bak\u0131\u015f","publisher":{"@id":"https:\/\/epochtimestr.com\/#organization"},"potentialAction":[{"@type":"SearchAction","target":{"@type":"EntryPoint","urlTemplate":"https:\/\/epochtimestr.com\/?s={search_term_string}"},"query-input":"required name=search_term_string"}],"inLanguage":"tr"},{"@type":"Organization","@id":"https:\/\/epochtimestr.com\/#organization","name":"The EpochTimes T\u00fcrkiye","url":"https:\/\/epochtimestr.com\/","logo":{"@type":"ImageObject","inLanguage":"tr","@id":"https:\/\/epochtimestr.com\/#\/schema\/logo\/image\/","url":"https:\/\/epochtimestr.com\/wp-content\/uploads\/2011y\/ET-Logo-YG.jpg","contentUrl":"https:\/\/epochtimestr.com\/wp-content\/uploads\/2011y\/ET-Logo-YG.jpg","width":346,"height":29,"caption":"The EpochTimes T\u00fcrkiye"},"image":{"@id":"https:\/\/epochtimestr.com\/#\/schema\/logo\/image\/"},"sameAs":["https:\/\/www.facebook.com\/theepochtimestr","https:\/\/x.com\/TheEpochTimesTR","https:\/\/www.instagram.com\/epochtimestr"]},{"@type":"Person","@id":"https:\/\/epochtimestr.com\/#\/schema\/person\/3dc5c3adeb9f43923c5aa85889172fdd","name":"Haber Merkezi","image":{"@type":"ImageObject","inLanguage":"tr","@id":"https:\/\/epochtimestr.com\/#\/schema\/person\/image\/","url":"https:\/\/secure.gravatar.com\/avatar\/d73f772ba5a74f28601361e17c2f93e6?s=96&d=mm&r=g","contentUrl":"https:\/\/secure.gravatar.com\/avatar\/d73f772ba5a74f28601361e17c2f93e6?s=96&d=mm&r=g","caption":"Haber Merkezi"},"url":"https:\/\/epochtimestr.com\/index.php\/author\/sendag"}]}},"_links":{"self":[{"href":"https:\/\/epochtimestr.com\/index.php\/wp-json\/wp\/v2\/posts\/169260"}],"collection":[{"href":"https:\/\/epochtimestr.com\/index.php\/wp-json\/wp\/v2\/posts"}],"about":[{"href":"https:\/\/epochtimestr.com\/index.php\/wp-json\/wp\/v2\/types\/post"}],"author":[{"embeddable":true,"href":"https:\/\/epochtimestr.com\/index.php\/wp-json\/wp\/v2\/users\/12791"}],"replies":[{"embeddable":true,"href":"https:\/\/epochtimestr.com\/index.php\/wp-json\/wp\/v2\/comments?post=169260"}],"version-history":[{"count":2,"href":"https:\/\/epochtimestr.com\/index.php\/wp-json\/wp\/v2\/posts\/169260\/revisions"}],"predecessor-version":[{"id":169267,"href":"https:\/\/epochtimestr.com\/index.php\/wp-json\/wp\/v2\/posts\/169260\/revisions\/169267"}],"wp:featuredmedia":[{"embeddable":true,"href":"https:\/\/epochtimestr.com\/index.php\/wp-json\/wp\/v2\/media\/169261"}],"wp:attachment":[{"href":"https:\/\/epochtimestr.com\/index.php\/wp-json\/wp\/v2\/media?parent=169260"}],"wp:term":[{"taxonomy":"category","embeddable":true,"href":"https:\/\/epochtimestr.com\/index.php\/wp-json\/wp\/v2\/categories?post=169260"},{"taxonomy":"post_tag","embeddable":true,"href":"https:\/\/epochtimestr.com\/index.php\/wp-json\/wp\/v2\/tags?post=169260"}],"curies":[{"name":"wp","href":"https:\/\/api.w.org\/{rel}","templated":true}]}}