{"id":169270,"date":"2026-07-26T15:08:51","date_gmt":"2026-07-26T12:08:51","guid":{"rendered":"https:\/\/epochtimestr.com\/?p=169270"},"modified":"2026-07-26T15:08:53","modified_gmt":"2026-07-26T12:08:53","slug":"chp-istanbul-il-baskani-tekinden-parali-figuran-haberine-yanit","status":"publish","type":"post","link":"https:\/\/epochtimestr.com\/index.php\/chp-istanbul-il-baskani-tekinden-parali-figuran-haberine-yanit","title":{"rendered":"CHP \u0130stanbul \u0130l Ba\u015fkan\u0131 Tekin&#8217;den &#8216;Paral\u0131 Fig\u00fcran&#8217; Haberine Yan\u0131t"},"content":{"rendered":"<div class=\"wp-block-image\">\n<figure class=\"aligncenter size-full\"><img loading=\"lazy\" decoding=\"async\" width=\"1280\" height=\"720\" src=\"https:\/\/epochtimestr.com\/wp-content\/uploads\/2011y\/tekin-x-hesabi.webp\" alt=\"CHP \u0130stanbul \u0130l Ba\u015fkan\u0131 kayy\u0131m G\u00fcrsel Tekin 'Paral\u0131 Fig\u00fcran' haberine yan\u0131t verdi. (Foto\u011fraf: G\u00fcrsel Tekin x heab\u0131)\" class=\"wp-image-169271\" srcset=\"https:\/\/epochtimestr.com\/wp-content\/uploads\/2011y\/tekin-x-hesabi.webp 1280w, https:\/\/epochtimestr.com\/wp-content\/uploads\/2011y\/tekin-x-hesabi-300x169.webp 300w, https:\/\/epochtimestr.com\/wp-content\/uploads\/2011y\/tekin-x-hesabi-150x84.webp 150w, https:\/\/epochtimestr.com\/wp-content\/uploads\/2011y\/tekin-x-hesabi-768x432.webp 768w\" sizes=\"(max-width: 1280px) 100vw, 1280px\" \/><figcaption class=\"wp-element-caption\">CHP \u0130stanbul \u0130l Ba\u015fkan\u0131 kayy\u0131m G\u00fcrsel Tekin &#8216;Paral\u0131 Fig\u00fcran&#8217; haberine yan\u0131t verdi. (Foto\u011fraf: G\u00fcrsel Tekin x hesab\u0131)<\/figcaption><\/figure><\/div>\n\n\n<h2 class=\"wp-block-heading\">CHP \u0130stanbul \u0130l Ba\u015fkanl\u0131\u011f\u0131&#8217;na kayy\u0131m olarak atanan G\u00fcrsel Tekin, &#8220;paral\u0131 fig\u00fcran&#8221; tart\u0131\u015fmas\u0131na dair konu\u015ftu.<\/h2>\n\n\n\n<p><a href=\"https:\/\/epochtimestr.com\/index.php\/mersin-chpde-onemli-istifa\" target=\"_blank\" rel=\"noreferrer noopener\">CHP<\/a> \u0130stanbul \u0130l Ba\u015fkanl\u0131\u011f\u0131 g\u00f6revine kayy\u0131m atanan <a href=\"https:\/\/epochtimestr.com\/index.php\/gursel-tekinden-yoksulluga-isyan-turkiyede-artik-bebekler-satiliyor\" target=\"_blank\" rel=\"noreferrer noopener\">G\u00fcrsel Tekin<\/a>, d\u00fczenlenen toplu rozet takma t\u00f6reni s\u0131ras\u0131nda sahnedeki yo\u011funlu\u011fa sert tepki g\u00f6sterdi. Tekin\u2019in, t\u00f6renin ard\u0131ndan sahnede g\u00f6revlilere y\u00f6nelik sert s\u00f6zleri sosyal medyada g\u00fcndem oldu. Gazete Pano\u2019nun haberine g\u00f6re Tekin, UYAP \u00fczerinden yapt\u0131\u011f\u0131 ba\u015fvuruda <a href=\"https:\/\/epochtimestr.com\/index.php\/iddia-kilicdaroglunun-rozet-torenine-yuzlerce-insan-tasindi\" target=\"_blank\" rel=\"noreferrer noopener\">BirG\u00fcn<\/a> muhabiri Ebru \u00c7elik ile Web Yay\u0131n Koordinat\u00f6rleri U\u011fur Ko\u00e7 ve Berkant G\u00fcltekin\u2019i \u2018\u015f\u00fcpheli\u2019 olarak g\u00f6sterdi. Ba\u015fvuru, S\u00f6zc\u00fc TV muhabiri ile \u015firket temsilcisi Nedim Bayhan\u2019\u0131 da kapsad\u0131. Tekin, dilek\u00e7esinde haberlerin \u201cger\u00e7ek d\u0131\u015f\u0131, yalan ve iftira i\u00e7erdi\u011fini\u201d \u00f6ne s\u00fcrd\u00fc. CHP\u2019nin hi\u00e7bir etkinli\u011finde cast ajans\u0131yla \u00e7al\u0131\u015fmad\u0131\u011f\u0131n\u0131 savunan Tekin, gazetecilerin haberi yay\u0131mlamadan \u00f6nce parti yetkililerinden g\u00f6r\u00fc\u015f istemedi\u011fini ve cevap hakk\u0131 tan\u0131mad\u0131\u011f\u0131n\u0131 iddia etti.<\/p>\n\n\n\n<p>CHP y\u00f6netimi, haberi \u2018yalan, yanl\u0131\u015f, ger\u00e7ek d\u0131\u015f\u0131 ve iftira\u2018 diye niteledi, gazeteyi ve haberi payla\u015fanlar\u0131 \u2018kirli medya\u2019 ve \u2018tetik\u00e7i\u2019 ilan etti. BirG\u00fcn ise haberinin arkas\u0131nda durdu\u011funu vurgulad\u0131. (Medya ve Hukuk \u00c7al\u0131\u015fmalar\u0131 Derne\u011fi) MLSA\u2019n\u0131n a\u00e7\u0131klamas\u0131na g\u00f6re Tekin, haber nedeniyle \u2018dezenformasyon yasas\u0131\u2019 kapsam\u0131nda su\u00e7 duyurusunda bulundu.<\/p>\n\n\n\n<figure class=\"wp-block-embed is-type-rich is-provider-x wp-block-embed-x\"><div class=\"wp-block-embed__wrapper\">\n<blockquote class=\"twitter-tweet\" data-width=\"550\" data-dnt=\"true\"><p lang=\"tr\" dir=\"ltr\">Bug\u00fcn d\u00fczenledi\u011fimiz bas\u0131n toplant\u0131s\u0131nda bir kez daha g\u00f6rd\u00fck ki, baz\u0131 \u00e7evreler ger\u00e7e\u011fi ara\u015ft\u0131rmak yerine iftiray\u0131 b\u00fcy\u00fctmeyi tercih ediyor.<br><br>Biz, ortaya at\u0131lan iddialara cevap vermekten ka\u00e7mad\u0131k. Aksine, kamuoyunun \u00f6n\u00fcne \u00e7\u0131kt\u0131k; bildiklerimizi, elimizdeki bilgi ve belgeleri a\u00e7\u0131k\u00e7a\u2026<\/p>&mdash; G\u00fcrsel Tekin (@gurseltekin34) <a href=\"https:\/\/x.com\/gurseltekin34\/status\/2081324896064327963?ref_src=twsrc%5Etfw\">July 26, 2026<\/a><\/blockquote><script async src=\"https:\/\/platform.x.com\/widgets.js\" charset=\"utf-8\"><\/script>\n<\/div><\/figure>\n\n\n\n<p>CHP \u0130stanbul \u0130l Ba\u015fkanl\u0131\u011f\u0131&#8217;na kayy\u0131m olarak atanan G\u00fcrsel Tekin, bug\u00fcn yapt\u0131\u011f\u0131 bas\u0131n toplant\u0131s\u0131 ile g\u00fcndem olan &#8216;paral\u0131 fig\u00fcran&#8217; haberine yan\u0131t verdi.<\/p>\n\n\n\n<p><strong>G\u00fcrsel Tekin\u2019in a\u00e7\u0131klamalar\u0131ndan \u00f6ne \u00e7\u0131kanlar \u015f\u00f6yle:<\/strong><\/p>\n\n\n\n<p>&#8220;Bir \u00e7amur medyan\u0131n operasyonuna kar\u015f\u0131 kar\u015f\u0131ya kalmamak i\u00e7in salonumuz s\u0131n\u0131rl\u0131 say\u0131da oldu\u011fu i\u00e7in arkada\u015flar\u0131m\u0131z\u0131n isimlerini ald\u0131k. Biz yo\u011furdu \u00fcfleyerek yiyoruz. 10 ayd\u0131r buraday\u0131z. Bermuda \u00fc\u00e7geni ile m\u00fccadele ediyoruz. Bir\u00e7ok arkada\u015flar\u0131m\u0131z kendi imkanlar\u0131 ile geliyor. Bir k\u0131s\u0131m gen\u00e7 arkada\u015f\u0131m\u0131z da say\u0131 \u00e7ok olunca bizden ula\u015f\u0131m deste\u011fi istedi. Onun d\u0131\u015f\u0131nda para harcayacak durumumuz yok.<\/p>\n\n\n\n<h3 class=\"wp-block-heading\">&#8220;Bu FET\u00d6&#8217;c\u00fclerin tezgah\u0131n\u0131n sorumlusu kimse gidece\u011fiz \u00fczerine&#8221;<\/h3>\n\n\n\n<p>Bize salona tahsis eden Sar\u0131yer Belediye ba\u015fkan ve y\u00f6neticileri lin\u00e7 edildi. \u0130steyen herkes paras\u0131n\u0131 verip kiralar. Kendi belediyenizin salonunu kiral\u0131yorsunuz ve ba\u015fkan\u0131n\u0131z lin\u00e7 ediliyor. O \u00e7eteleri a\u00e7\u0131klayaca\u011f\u0131m. Ajans, cast\u2026 \u015eeytan\u0131n akl\u0131na gelmeyecek bir \u015fey yapm\u0131\u015flar. \u015ei\u015fli Gen\u00e7lik Kollar\u0131 Ba\u015fkan\u0131&#8217;m\u0131za sorduk, tan\u0131yor musunuz: Yok. \u0130ki ki\u015fi bilebilir. Bir bu kirli tuza\u011f\u0131 kuran medya ikincisi devletimizin savc\u0131lar\u0131 soru\u015fturma ile bilir. Gece hemen su\u00e7 duyurusunda bulunduk. Hi\u00e7bir kirli tarafta olmad\u0131k, kimseye tuzak kurmad\u0131k. Bu tuza\u011f\u0131 kuran kimse say\u0131n savc\u0131lar dibine kadar gideceksiniz. Bu FET\u00d6&#8217;c\u00fclerin tezgah\u0131n\u0131n sorumlusu kimse gidece\u011fiz \u00fczerine. 70 ki\u015fi eksik olsa ne olur fazla olsa ne olur.<\/p>\n\n\n\n<p><strong>&#8220;Yapaca\u011f\u0131n\u0131z her t\u00fcrl\u00fc rezilli\u011fin a\u011f\u0131r bedellerini \u00f6dersiniz<\/strong>&#8220;<\/p>\n\n\n\n<p>\u00d6nce bir araba geliyor, salona gelecekler. Salonda genel ba\u015fkan konu\u015furken negatif slogan atacaklard\u0131. Bizi lin\u00e7 edecekler diyorlar. Yapaca\u011f\u0131n\u0131z her t\u00fcrl\u00fc rezilli\u011fin a\u011f\u0131r bedellerini \u00f6dersiniz. Cenaze t\u00f6reninde kirli medyalarda K\u0131l\u0131\u00e7daro\u011flu protesto ediliyor diyorlar. Bu arkada\u015flar CHP&#8217;li de\u011filler. CHP&#8217;deki i\u00e7 kavgan\u0131n taraf\u0131 neden oluyorlar. Dertleri varm\u0131\u015f. Koskoca bu salonun etraf\u0131nda 700-800 arkada\u015f\u0131m\u0131z i\u00e7eri giremedi.<\/p>\n\n\n\n<p><strong>&#8220;Evime Birg\u00fcn&#8217;den ba\u015fka gazete girmiyordu<\/strong>&#8220;<\/p>\n\n\n\n<p>\u015eeytan \u00fc\u00e7geni dedi\u011fimiz bu \u00fc\u00e7gen ne zaman itiraf\u00e7\u0131larla ilgili laf etsem bu kirli medyan\u0131n kimyas\u0131 bozuluyor. Aziz \u0130hsan Akta\u015f Su\u00e7 \u00d6rg\u00fct\u00fc, i\u015f adamlar\u0131d\u0131r. Kurumlar\u0131nda kudretli durman\u0131n yolunu arar ve siyaset\u00e7i sat\u0131n al\u0131rlar. Bu ki\u015fi CHP&#8217;nin iki \u00f6nemli akt\u00f6r\u00fcn\u00fc sat\u0131n alm\u0131\u015f. \u00d6zg\u00fcr Karabat ikincisi Burhanettin Bulut. Burhanettin Bulut medya sat\u0131n almaya bakan ki\u015fi. Birg\u00fcn Gazetesi&#8217;ne \u00e7ok \u00fcz\u00fcld\u00fcm. Nas\u0131l kirlendiniz yahu? Bu ne? Aziz \u0130hsan Burhabettin&#8217;i sat\u0131n al\u0131yor Burhanettin de gazeteleri sat\u0131n al\u0131yor. Evime Birg\u00fcn&#8217;den ba\u015fka gazete girmiyordu. D\u00fc\u015ft\u00fc\u011f\u00fcn\u00fcz duruma bak\u0131n. Kefenlerimizi giyerek geldik, sizden korkan sizin gibi olsun.&#8221;<\/p>\n\n\n\n<figure class=\"wp-block-embed is-type-rich is-provider-x wp-block-embed-x\"><div class=\"wp-block-embed__wrapper\">\n<blockquote class=\"twitter-tweet\" data-width=\"550\" data-dnt=\"true\"><p lang=\"tr\" dir=\"ltr\">Siz Kimin Fig\u00fcran\u0131s\u0131n\u0131z?<br><br>Bug\u00fcn ger\u00e7ekle\u015ftirdi\u011fimiz partimize kat\u0131l\u0131m t\u00f6reni kirli medyan\u0131n kimyas\u0131n\u0131 bozdu.<br>Bug\u00fcn a\u00e7\u0131klam\u0131\u015f oldu\u011fum itiraf\u00e7\u0131lar\u0131n foto\u011fraflar\u0131n\u0131, itiraf belgelerini g\u00f6rmemek ad\u0131na her zaman oldu\u011fu gibi yalan, yanl\u0131\u015f, ger\u00e7ek d\u0131\u015f\u0131 ve iftira niteli\u011findeki\u2026 <a href=\"https:\/\/t.co\/5UTKMm9ocX\">https:\/\/t.co\/5UTKMm9ocX<\/a><\/p>&mdash; G\u00fcrsel Tekin (@gurseltekin34) <a href=\"https:\/\/x.com\/gurseltekin34\/status\/2081062092078035412?ref_src=twsrc%5Etfw\">July 25, 2026<\/a><\/blockquote><script async src=\"https:\/\/platform.x.com\/widgets.js\" charset=\"utf-8\"><\/script>\n<\/div><\/figure>\n\n\n\n<h3 class=\"wp-block-heading\">Ne olmu\u015ftu?<\/h3>\n\n\n\n<p>Kemal K\u0131l\u0131\u00e7daro\u011flu, \u0130stanbul Sar\u0131yer\u2019de d\u00fczenlenen \u00fcye kat\u0131l\u0131m t\u00f6reninde partiye kat\u0131lan yeni \u00fcyelerin rozetlerini takt\u0131. T\u00f6rene K\u0131l\u0131\u00e7daro\u011flu&#8217;nun yan\u0131 s\u0131ra CHP \u0130stanbul \u0130l Ba\u015fkanl\u0131\u011f\u0131na kayyumla atanan G\u00fcrsel Tekin ve partinin MYK \u00fcyeleri kat\u0131ld\u0131.<\/p>\n\n\n\n<p>BirG\u00fcn muhabiri Ebru \u00c7elik\u2019in haberinde, mutlak butlan karar\u0131yla CHP&#8217;nin ba\u015f\u0131na getirilen K\u0131l\u0131\u00e7daro\u011flu&#8217;nun \u00fcye al\u0131m t\u00f6reninde salon bo\u015f kalmas\u0131n diye 3 farkl\u0131 cast ajans\u0131ndan ki\u015fi ba\u015f\u0131 950 lira verip y\u00fczlerce fig\u00fcran ta\u015f\u0131nd\u0131\u011f\u0131 iddia edildi.<\/p>\n\n\n\n<p>Fig\u00fcranlar aras\u0131nda i\u015fsizler, atanmayan \u00f6\u011fretmenler, emekliler, \u0130ranl\u0131, M\u0131s\u0131rl\u0131 g\u00f6\u00e7menlerin yan\u0131 s\u0131ra \u0130mamo\u011flu\u2019nu destekleyen ki\u015filer de yer ald\u0131. T\u00f6ren \u00f6ncesinde fig\u00fcranlara slogan ve alk\u0131\u015f provas\u0131 yapt\u0131r\u0131ld\u0131.<br \/>T\u00f6ren \u00f6ncesinde kat\u0131l\u0131mc\u0131lara &#8220;Halk\u0131n umudu K\u0131l\u0131\u00e7daro\u011flu&#8221;, &#8220;Hak, hukuk, adalet&#8221;, &#8220;Gen\u00e7li\u011fin umudu K\u0131l\u0131\u00e7daro\u011flu&#8221; ve &#8220;Kahraman Kemal&#8221; sloganlar\u0131n\u0131n prova ettirildi\u011fi; konu\u015fmalar s\u0131ras\u0131nda alk\u0131\u015f ve sloganlar\u0131n organizasyon g\u00f6revlilerince y\u00f6nlendirildi\u011fi \u00f6ne s\u00fcr\u00fcld\u00fc. Baz\u0131 kat\u0131l\u0131mc\u0131lar\u0131n kendilerine verilen CHP bayraklar\u0131n\u0131 ta\u015f\u0131may\u0131 reddetti\u011fi, etkinlik sona erene kadar salondan ayr\u0131lmalar\u0131na izin verilmedi\u011fi de yer ald\u0131.<\/p>\n\n\n\n<p>Kayy\u0131m \u0130l Ba\u015fkan\u0131 G\u00fcrsel Tekin&#8217;in sahnedeki hareketleri damga vurdu. Organizasyon krizine \u00f6fkelenen Tekin&#8217;in partilileri azarlayarak mikrofondan &#8220;Hepinizi bir dersten ge\u00e7irece\u011fim&#8221; diye ba\u011f\u0131rmas\u0131 kameralara yans\u0131d\u0131. Tekin mikrofondan \u201cRozetler nerede ya? Lan t\u00f6vbe ya\u2026\u201d diye ba\u011f\u0131d\u0131.<\/p>\n\n\n\n<p>Tekin\u2019in, \u201cBu arkada\u015flar\u0131m\u0131z\u0131n ne i\u015fi var burada? Bar\u0131\u015f seni var ya\u2026 \u0130ndir arkada\u015flar\u0131 ya! Bar\u0131\u015f! Kendin de in oradan! Hepinizi bir dersten ge\u00e7irece\u011fim\u201d diye ba\u011f\u0131rd\u0131\u011f\u0131 g\u00f6r\u00fcld\u00fc. Bu s\u00fcrede sahnede karma\u015fa devam ederken K\u0131l\u0131\u00e7daro\u011flu sahnedeki yakla\u015f\u0131k 10 ki\u015fi ile tokala\u015f\u0131yordu.<\/p>\n\n\n\n<figure class=\"wp-block-embed is-type-rich is-provider-x wp-block-embed-x\"><div class=\"wp-block-embed__wrapper\">\n<blockquote class=\"twitter-tweet\" data-width=\"550\" data-dnt=\"true\"><p lang=\"tr\" dir=\"ltr\">Y\u00fczlerce fig\u00fcran parayla K\u0131l\u0131\u00e7daro\u011flu&#39;nun rozet t\u00f6renine ta\u015f\u0131nd\u0131<br><br>T\u00f6ren \u00f6ncesi fig\u00fcranlara slogan provas\u0131n\u0131n g\u00f6r\u00fcnt\u00fcleri<a href=\"https:\/\/t.co\/qCEs8mB9ME\">https:\/\/t.co\/qCEs8mB9ME<\/a> <a href=\"https:\/\/t.co\/HUxPVL11Wq\">pic.twitter.com\/HUxPVL11Wq<\/a><\/p>&mdash; BirG\u00fcn Gazetesi (@BirGun_Gazetesi) <a href=\"https:\/\/x.com\/BirGun_Gazetesi\/status\/2081113501985087630?ref_src=twsrc%5Etfw\">July 25, 2026<\/a><\/blockquote><script async src=\"https:\/\/platform.x.com\/widgets.js\" charset=\"utf-8\"><\/script>\n<\/div><\/figure>\n","protected":false},"excerpt":{"rendered":"<p>CHP \u0130stanbul \u0130l Ba\u015fkanl\u0131\u011f\u0131&#8217;na kayy\u0131m olarak atanan G\u00fcrsel Tekin, &#8220;paral\u0131 fig\u00fcran&#8221; tart\u0131\u015fmas\u0131na dair konu\u015ftu. CHP \u0130stanbul \u0130l Ba\u015fkanl\u0131\u011f\u0131 g\u00f6revine kayy\u0131m atanan G\u00fcrsel Tekin, d\u00fczenlenen toplu rozet takma t\u00f6reni s\u0131ras\u0131nda sahnedeki yo\u011funlu\u011fa sert tepki g\u00f6sterdi. Tekin\u2019in, t\u00f6renin ard\u0131ndan sahnede g\u00f6revlilere y\u00f6nelik sert s\u00f6zleri sosyal medyada g\u00fcndem oldu. Gazete Pano\u2019nun haberine g\u00f6re Tekin, UYAP \u00fczerinden yapt\u0131\u011f\u0131 ba\u015fvuruda [&hellip;]<\/p>\n","protected":false},"author":12791,"featured_media":169271,"comment_status":"open","ping_status":"open","sticky":false,"template":"","format":"standard","meta":{"_yoast_wpseo_focuskw":"CHP \u0130stanbul \u0130l - tekin","_yoast_wpseo_title":"","_yoast_wpseo_metadesc":"CHP \u0130stanbul \u0130l Ba\u015fkanl\u0131\u011f\u0131'na kayy\u0131m olarak atanan G\u00fcrsel Tekin, \"paral\u0131 fig\u00fcran\" tart\u0131\u015fmas\u0131na dair konu\u015ftu.","_bbp_topic_count":0,"_bbp_reply_count":0,"_bbp_total_topic_count":0,"_bbp_total_reply_count":0,"_bbp_voice_count":0,"_bbp_anonymous_reply_count":0,"_bbp_topic_count_hidden":0,"_bbp_reply_count_hidden":0,"_bbp_forum_subforum_count":0,"footnotes":"","_yoast_wpseo_focuskw_text_input":""},"categories":[1,8138,8226],"tags":[11921,583,11917,3609,11922],"yoast_head":"<!-- This site is optimized with the Yoast SEO plugin v23.0 - https:\/\/yoast.com\/wordpress\/plugins\/seo\/ -->\n<title>CHP \u0130stanbul \u0130l Ba\u015fkan\u0131 Tekin&#039;den &#039;Paral\u0131 Fig\u00fcran&#039; Haberine Yan\u0131t - The Epoch Times TR<\/title>\n<meta name=\"description\" content=\"CHP \u0130stanbul \u0130l Ba\u015fkanl\u0131\u011f\u0131&#039;na kayy\u0131m olarak atanan G\u00fcrsel Tekin, &quot;paral\u0131 fig\u00fcran&quot; tart\u0131\u015fmas\u0131na dair konu\u015ftu.\" \/>\n<meta name=\"robots\" content=\"index, follow, max-snippet:-1, max-image-preview:large, max-video-preview:-1\" \/>\n<link rel=\"canonical\" href=\"https:\/\/epochtimestr.com\/index.php\/chp-istanbul-il-baskani-tekinden-parali-figuran-haberine-yanit\" \/>\n<meta property=\"og:locale\" content=\"tr_TR\" \/>\n<meta property=\"og:type\" content=\"article\" \/>\n<meta property=\"og:title\" content=\"CHP \u0130stanbul \u0130l Ba\u015fkan\u0131 Tekin&#039;den &#039;Paral\u0131 Fig\u00fcran&#039; Haberine Yan\u0131t - The Epoch Times TR\" \/>\n<meta property=\"og:description\" content=\"CHP \u0130stanbul \u0130l Ba\u015fkanl\u0131\u011f\u0131&#039;na kayy\u0131m olarak atanan G\u00fcrsel Tekin, &quot;paral\u0131 fig\u00fcran&quot; tart\u0131\u015fmas\u0131na dair konu\u015ftu.\" \/>\n<meta property=\"og:url\" content=\"https:\/\/epochtimestr.com\/index.php\/chp-istanbul-il-baskani-tekinden-parali-figuran-haberine-yanit\" \/>\n<meta property=\"og:site_name\" content=\"The Epoch Times TR\" \/>\n<meta property=\"article:publisher\" content=\"https:\/\/www.facebook.com\/theepochtimestr\" \/>\n<meta property=\"article:published_time\" content=\"2026-07-26T12:08:51+00:00\" \/>\n<meta property=\"article:modified_time\" content=\"2026-07-26T12:08:53+00:00\" \/>\n<meta property=\"og:image\" content=\"https:\/\/epochtimestr.com\/wp-content\/uploads\/2011y\/tekin-x-hesabi.webp\" \/>\n\t<meta property=\"og:image:width\" content=\"1280\" \/>\n\t<meta property=\"og:image:height\" content=\"720\" \/>\n\t<meta property=\"og:image:type\" content=\"image\/webp\" \/>\n<meta name=\"author\" content=\"Haber Merkezi\" \/>\n<meta name=\"twitter:card\" content=\"summary_large_image\" \/>\n<meta name=\"twitter:creator\" content=\"@TheEpochTimesTR\" \/>\n<meta name=\"twitter:site\" content=\"@TheEpochTimesTR\" \/>\n<meta name=\"twitter:label1\" content=\"Yazan:\" \/>\n\t<meta name=\"twitter:data1\" content=\"Haber Merkezi\" \/>\n\t<meta name=\"twitter:label2\" content=\"Tahmini okuma s\u00fcresi\" \/>\n\t<meta name=\"twitter:data2\" content=\"5 dakika\" \/>\n<script type=\"application\/ld+json\" class=\"yoast-schema-graph\">{\"@context\":\"https:\/\/schema.org\",\"@graph\":[{\"@type\":\"Article\",\"@id\":\"https:\/\/epochtimestr.com\/index.php\/chp-istanbul-il-baskani-tekinden-parali-figuran-haberine-yanit#article\",\"isPartOf\":{\"@id\":\"https:\/\/epochtimestr.com\/index.php\/chp-istanbul-il-baskani-tekinden-parali-figuran-haberine-yanit\"},\"author\":{\"name\":\"Haber Merkezi\",\"@id\":\"https:\/\/epochtimestr.com\/#\/schema\/person\/3dc5c3adeb9f43923c5aa85889172fdd\"},\"headline\":\"CHP \u0130stanbul \u0130l Ba\u015fkan\u0131 Tekin&#8217;den &#8216;Paral\u0131 Fig\u00fcran&#8217; Haberine Yan\u0131t\",\"datePublished\":\"2026-07-26T12:08:51+00:00\",\"dateModified\":\"2026-07-26T12:08:53+00:00\",\"mainEntityOfPage\":{\"@id\":\"https:\/\/epochtimestr.com\/index.php\/chp-istanbul-il-baskani-tekinden-parali-figuran-haberine-yanit\"},\"wordCount\":1069,\"commentCount\":0,\"publisher\":{\"@id\":\"https:\/\/epochtimestr.com\/#organization\"},\"image\":{\"@id\":\"https:\/\/epochtimestr.com\/index.php\/chp-istanbul-il-baskani-tekinden-parali-figuran-haberine-yanit#primaryimage\"},\"thumbnailUrl\":\"https:\/\/epochtimestr.com\/wp-content\/uploads\/2011y\/tekin-x-hesabi.webp\",\"keywords\":[\"BirG\u00dcN\",\"CHP\",\"fig\u00fcran\",\"G\u00fcrsel Tekin\",\"\u015fikayet\"],\"articleSection\":[\"G\u00dcNDEM\",\"MAN\u015eET\",\"Siyaset\"],\"inLanguage\":\"tr\",\"potentialAction\":[{\"@type\":\"CommentAction\",\"name\":\"Comment\",\"target\":[\"https:\/\/epochtimestr.com\/index.php\/chp-istanbul-il-baskani-tekinden-parali-figuran-haberine-yanit#respond\"]}]},{\"@type\":\"WebPage\",\"@id\":\"https:\/\/epochtimestr.com\/index.php\/chp-istanbul-il-baskani-tekinden-parali-figuran-haberine-yanit\",\"url\":\"https:\/\/epochtimestr.com\/index.php\/chp-istanbul-il-baskani-tekinden-parali-figuran-haberine-yanit\",\"name\":\"CHP \u0130stanbul \u0130l Ba\u015fkan\u0131 Tekin'den 'Paral\u0131 Fig\u00fcran' Haberine Yan\u0131t - The Epoch Times TR\",\"isPartOf\":{\"@id\":\"https:\/\/epochtimestr.com\/#website\"},\"primaryImageOfPage\":{\"@id\":\"https:\/\/epochtimestr.com\/index.php\/chp-istanbul-il-baskani-tekinden-parali-figuran-haberine-yanit#primaryimage\"},\"image\":{\"@id\":\"https:\/\/epochtimestr.com\/index.php\/chp-istanbul-il-baskani-tekinden-parali-figuran-haberine-yanit#primaryimage\"},\"thumbnailUrl\":\"https:\/\/epochtimestr.com\/wp-content\/uploads\/2011y\/tekin-x-hesabi.webp\",\"datePublished\":\"2026-07-26T12:08:51+00:00\",\"dateModified\":\"2026-07-26T12:08:53+00:00\",\"description\":\"CHP \u0130stanbul \u0130l Ba\u015fkanl\u0131\u011f\u0131'na kayy\u0131m olarak atanan G\u00fcrsel Tekin, \\\"paral\u0131 fig\u00fcran\\\" tart\u0131\u015fmas\u0131na dair konu\u015ftu.\",\"inLanguage\":\"tr\",\"potentialAction\":[{\"@type\":\"ReadAction\",\"target\":[\"https:\/\/epochtimestr.com\/index.php\/chp-istanbul-il-baskani-tekinden-parali-figuran-haberine-yanit\"]}]},{\"@type\":\"ImageObject\",\"inLanguage\":\"tr\",\"@id\":\"https:\/\/epochtimestr.com\/index.php\/chp-istanbul-il-baskani-tekinden-parali-figuran-haberine-yanit#primaryimage\",\"url\":\"https:\/\/epochtimestr.com\/wp-content\/uploads\/2011y\/tekin-x-hesabi.webp\",\"contentUrl\":\"https:\/\/epochtimestr.com\/wp-content\/uploads\/2011y\/tekin-x-hesabi.webp\",\"width\":1280,\"height\":720},{\"@type\":\"WebSite\",\"@id\":\"https:\/\/epochtimestr.com\/#website\",\"url\":\"https:\/\/epochtimestr.com\/\",\"name\":\"The Epoch Times TR\",\"description\":\"De\u011fi\u015fen D\u00fcnyam\u0131za Taze Bir Bak\u0131\u015f\",\"publisher\":{\"@id\":\"https:\/\/epochtimestr.com\/#organization\"},\"potentialAction\":[{\"@type\":\"SearchAction\",\"target\":{\"@type\":\"EntryPoint\",\"urlTemplate\":\"https:\/\/epochtimestr.com\/?s={search_term_string}\"},\"query-input\":\"required name=search_term_string\"}],\"inLanguage\":\"tr\"},{\"@type\":\"Organization\",\"@id\":\"https:\/\/epochtimestr.com\/#organization\",\"name\":\"The EpochTimes T\u00fcrkiye\",\"url\":\"https:\/\/epochtimestr.com\/\",\"logo\":{\"@type\":\"ImageObject\",\"inLanguage\":\"tr\",\"@id\":\"https:\/\/epochtimestr.com\/#\/schema\/logo\/image\/\",\"url\":\"https:\/\/epochtimestr.com\/wp-content\/uploads\/2011y\/ET-Logo-YG.jpg\",\"contentUrl\":\"https:\/\/epochtimestr.com\/wp-content\/uploads\/2011y\/ET-Logo-YG.jpg\",\"width\":346,\"height\":29,\"caption\":\"The EpochTimes T\u00fcrkiye\"},\"image\":{\"@id\":\"https:\/\/epochtimestr.com\/#\/schema\/logo\/image\/\"},\"sameAs\":[\"https:\/\/www.facebook.com\/theepochtimestr\",\"https:\/\/x.com\/TheEpochTimesTR\",\"https:\/\/www.instagram.com\/epochtimestr\"]},{\"@type\":\"Person\",\"@id\":\"https:\/\/epochtimestr.com\/#\/schema\/person\/3dc5c3adeb9f43923c5aa85889172fdd\",\"name\":\"Haber Merkezi\",\"image\":{\"@type\":\"ImageObject\",\"inLanguage\":\"tr\",\"@id\":\"https:\/\/epochtimestr.com\/#\/schema\/person\/image\/\",\"url\":\"https:\/\/secure.gravatar.com\/avatar\/d73f772ba5a74f28601361e17c2f93e6?s=96&d=mm&r=g\",\"contentUrl\":\"https:\/\/secure.gravatar.com\/avatar\/d73f772ba5a74f28601361e17c2f93e6?s=96&d=mm&r=g\",\"caption\":\"Haber Merkezi\"},\"url\":\"https:\/\/epochtimestr.com\/index.php\/author\/sendag\"}]}<\/script>\n<!-- \/ Yoast SEO plugin. -->","yoast_head_json":{"title":"CHP \u0130stanbul \u0130l Ba\u015fkan\u0131 Tekin'den 'Paral\u0131 Fig\u00fcran' Haberine Yan\u0131t - The Epoch Times TR","description":"CHP \u0130stanbul \u0130l Ba\u015fkanl\u0131\u011f\u0131'na kayy\u0131m olarak atanan G\u00fcrsel Tekin, \"paral\u0131 fig\u00fcran\" tart\u0131\u015fmas\u0131na dair konu\u015ftu.","robots":{"index":"index","follow":"follow","max-snippet":"max-snippet:-1","max-image-preview":"max-image-preview:large","max-video-preview":"max-video-preview:-1"},"canonical":"https:\/\/epochtimestr.com\/index.php\/chp-istanbul-il-baskani-tekinden-parali-figuran-haberine-yanit","og_locale":"tr_TR","og_type":"article","og_title":"CHP \u0130stanbul \u0130l Ba\u015fkan\u0131 Tekin'den 'Paral\u0131 Fig\u00fcran' Haberine Yan\u0131t - The Epoch Times TR","og_description":"CHP \u0130stanbul \u0130l Ba\u015fkanl\u0131\u011f\u0131'na kayy\u0131m olarak atanan G\u00fcrsel Tekin, \"paral\u0131 fig\u00fcran\" tart\u0131\u015fmas\u0131na dair konu\u015ftu.","og_url":"https:\/\/epochtimestr.com\/index.php\/chp-istanbul-il-baskani-tekinden-parali-figuran-haberine-yanit","og_site_name":"The Epoch Times TR","article_publisher":"https:\/\/www.facebook.com\/theepochtimestr","article_published_time":"2026-07-26T12:08:51+00:00","article_modified_time":"2026-07-26T12:08:53+00:00","og_image":[{"width":1280,"height":720,"url":"https:\/\/epochtimestr.com\/wp-content\/uploads\/2011y\/tekin-x-hesabi.webp","type":"image\/webp"}],"author":"Haber Merkezi","twitter_card":"summary_large_image","twitter_creator":"@TheEpochTimesTR","twitter_site":"@TheEpochTimesTR","twitter_misc":{"Yazan:":"Haber Merkezi","Tahmini okuma s\u00fcresi":"5 dakika"},"schema":{"@context":"https:\/\/schema.org","@graph":[{"@type":"Article","@id":"https:\/\/epochtimestr.com\/index.php\/chp-istanbul-il-baskani-tekinden-parali-figuran-haberine-yanit#article","isPartOf":{"@id":"https:\/\/epochtimestr.com\/index.php\/chp-istanbul-il-baskani-tekinden-parali-figuran-haberine-yanit"},"author":{"name":"Haber Merkezi","@id":"https:\/\/epochtimestr.com\/#\/schema\/person\/3dc5c3adeb9f43923c5aa85889172fdd"},"headline":"CHP \u0130stanbul \u0130l Ba\u015fkan\u0131 Tekin&#8217;den &#8216;Paral\u0131 Fig\u00fcran&#8217; Haberine Yan\u0131t","datePublished":"2026-07-26T12:08:51+00:00","dateModified":"2026-07-26T12:08:53+00:00","mainEntityOfPage":{"@id":"https:\/\/epochtimestr.com\/index.php\/chp-istanbul-il-baskani-tekinden-parali-figuran-haberine-yanit"},"wordCount":1069,"commentCount":0,"publisher":{"@id":"https:\/\/epochtimestr.com\/#organization"},"image":{"@id":"https:\/\/epochtimestr.com\/index.php\/chp-istanbul-il-baskani-tekinden-parali-figuran-haberine-yanit#primaryimage"},"thumbnailUrl":"https:\/\/epochtimestr.com\/wp-content\/uploads\/2011y\/tekin-x-hesabi.webp","keywords":["BirG\u00dcN","CHP","fig\u00fcran","G\u00fcrsel Tekin","\u015fikayet"],"articleSection":["G\u00dcNDEM","MAN\u015eET","Siyaset"],"inLanguage":"tr","potentialAction":[{"@type":"CommentAction","name":"Comment","target":["https:\/\/epochtimestr.com\/index.php\/chp-istanbul-il-baskani-tekinden-parali-figuran-haberine-yanit#respond"]}]},{"@type":"WebPage","@id":"https:\/\/epochtimestr.com\/index.php\/chp-istanbul-il-baskani-tekinden-parali-figuran-haberine-yanit","url":"https:\/\/epochtimestr.com\/index.php\/chp-istanbul-il-baskani-tekinden-parali-figuran-haberine-yanit","name":"CHP \u0130stanbul \u0130l Ba\u015fkan\u0131 Tekin'den 'Paral\u0131 Fig\u00fcran' Haberine Yan\u0131t - The Epoch Times TR","isPartOf":{"@id":"https:\/\/epochtimestr.com\/#website"},"primaryImageOfPage":{"@id":"https:\/\/epochtimestr.com\/index.php\/chp-istanbul-il-baskani-tekinden-parali-figuran-haberine-yanit#primaryimage"},"image":{"@id":"https:\/\/epochtimestr.com\/index.php\/chp-istanbul-il-baskani-tekinden-parali-figuran-haberine-yanit#primaryimage"},"thumbnailUrl":"https:\/\/epochtimestr.com\/wp-content\/uploads\/2011y\/tekin-x-hesabi.webp","datePublished":"2026-07-26T12:08:51+00:00","dateModified":"2026-07-26T12:08:53+00:00","description":"CHP \u0130stanbul \u0130l Ba\u015fkanl\u0131\u011f\u0131'na kayy\u0131m olarak atanan G\u00fcrsel Tekin, \"paral\u0131 fig\u00fcran\" tart\u0131\u015fmas\u0131na dair konu\u015ftu.","inLanguage":"tr","potentialAction":[{"@type":"ReadAction","target":["https:\/\/epochtimestr.com\/index.php\/chp-istanbul-il-baskani-tekinden-parali-figuran-haberine-yanit"]}]},{"@type":"ImageObject","inLanguage":"tr","@id":"https:\/\/epochtimestr.com\/index.php\/chp-istanbul-il-baskani-tekinden-parali-figuran-haberine-yanit#primaryimage","url":"https:\/\/epochtimestr.com\/wp-content\/uploads\/2011y\/tekin-x-hesabi.webp","contentUrl":"https:\/\/epochtimestr.com\/wp-content\/uploads\/2011y\/tekin-x-hesabi.webp","width":1280,"height":720},{"@type":"WebSite","@id":"https:\/\/epochtimestr.com\/#website","url":"https:\/\/epochtimestr.com\/","name":"The Epoch Times TR","description":"De\u011fi\u015fen D\u00fcnyam\u0131za Taze Bir Bak\u0131\u015f","publisher":{"@id":"https:\/\/epochtimestr.com\/#organization"},"potentialAction":[{"@type":"SearchAction","target":{"@type":"EntryPoint","urlTemplate":"https:\/\/epochtimestr.com\/?s={search_term_string}"},"query-input":"required name=search_term_string"}],"inLanguage":"tr"},{"@type":"Organization","@id":"https:\/\/epochtimestr.com\/#organization","name":"The EpochTimes T\u00fcrkiye","url":"https:\/\/epochtimestr.com\/","logo":{"@type":"ImageObject","inLanguage":"tr","@id":"https:\/\/epochtimestr.com\/#\/schema\/logo\/image\/","url":"https:\/\/epochtimestr.com\/wp-content\/uploads\/2011y\/ET-Logo-YG.jpg","contentUrl":"https:\/\/epochtimestr.com\/wp-content\/uploads\/2011y\/ET-Logo-YG.jpg","width":346,"height":29,"caption":"The EpochTimes T\u00fcrkiye"},"image":{"@id":"https:\/\/epochtimestr.com\/#\/schema\/logo\/image\/"},"sameAs":["https:\/\/www.facebook.com\/theepochtimestr","https:\/\/x.com\/TheEpochTimesTR","https:\/\/www.instagram.com\/epochtimestr"]},{"@type":"Person","@id":"https:\/\/epochtimestr.com\/#\/schema\/person\/3dc5c3adeb9f43923c5aa85889172fdd","name":"Haber Merkezi","image":{"@type":"ImageObject","inLanguage":"tr","@id":"https:\/\/epochtimestr.com\/#\/schema\/person\/image\/","url":"https:\/\/secure.gravatar.com\/avatar\/d73f772ba5a74f28601361e17c2f93e6?s=96&d=mm&r=g","contentUrl":"https:\/\/secure.gravatar.com\/avatar\/d73f772ba5a74f28601361e17c2f93e6?s=96&d=mm&r=g","caption":"Haber Merkezi"},"url":"https:\/\/epochtimestr.com\/index.php\/author\/sendag"}]}},"_links":{"self":[{"href":"https:\/\/epochtimestr.com\/index.php\/wp-json\/wp\/v2\/posts\/169270"}],"collection":[{"href":"https:\/\/epochtimestr.com\/index.php\/wp-json\/wp\/v2\/posts"}],"about":[{"href":"https:\/\/epochtimestr.com\/index.php\/wp-json\/wp\/v2\/types\/post"}],"author":[{"embeddable":true,"href":"https:\/\/epochtimestr.com\/index.php\/wp-json\/wp\/v2\/users\/12791"}],"replies":[{"embeddable":true,"href":"https:\/\/epochtimestr.com\/index.php\/wp-json\/wp\/v2\/comments?post=169270"}],"version-history":[{"count":2,"href":"https:\/\/epochtimestr.com\/index.php\/wp-json\/wp\/v2\/posts\/169270\/revisions"}],"predecessor-version":[{"id":169274,"href":"https:\/\/epochtimestr.com\/index.php\/wp-json\/wp\/v2\/posts\/169270\/revisions\/169274"}],"wp:featuredmedia":[{"embeddable":true,"href":"https:\/\/epochtimestr.com\/index.php\/wp-json\/wp\/v2\/media\/169271"}],"wp:attachment":[{"href":"https:\/\/epochtimestr.com\/index.php\/wp-json\/wp\/v2\/media?parent=169270"}],"wp:term":[{"taxonomy":"category","embeddable":true,"href":"https:\/\/epochtimestr.com\/index.php\/wp-json\/wp\/v2\/categories?post=169270"},{"taxonomy":"post_tag","embeddable":true,"href":"https:\/\/epochtimestr.com\/index.php\/wp-json\/wp\/v2\/tags?post=169270"}],"curies":[{"name":"wp","href":"https:\/\/api.w.org\/{rel}","templated":true}]}}