{"id":169280,"date":"2026-07-26T21:56:43","date_gmt":"2026-07-26T18:56:43","guid":{"rendered":"https:\/\/epochtimestr.com\/?p=169280"},"modified":"2026-07-26T21:56:44","modified_gmt":"2026-07-26T18:56:44","slug":"ucum-yeni-parti-konusu-magazin-tartismasindan-oteye-gidemez","status":"publish","type":"post","link":"https:\/\/epochtimestr.com\/index.php\/ucum-yeni-parti-konusu-magazin-tartismasindan-oteye-gidemez","title":{"rendered":"U\u00e7um: Yeni Parti Konusu Magazin Tart\u0131\u015fmas\u0131ndan \u00d6teye Gidemez"},"content":{"rendered":"<div class=\"wp-block-image\">\n<figure class=\"aligncenter size-full is-resized\"><img loading=\"lazy\" decoding=\"async\" width=\"864\" height=\"486\" src=\"https:\/\/epochtimestr.com\/wp-content\/uploads\/2011y\/memet-ucum.jpg\" alt=\"Cumhurba\u015fkan\u0131 Erdo\u011fan'\u0131n Ba\u015fdan\u0131\u015fman\u0131 Mehmet U\u00e7um &quot;Yeni Parti konusu magazin tart\u0131\u015fmas\u0131ndan \u00f6teye gidemez&quot; dedi. (Foto\u011fraf: Mehmet U\u00e7um x hesab\u0131)\" class=\"wp-image-169281\" style=\"width:840px;height:auto\" srcset=\"https:\/\/epochtimestr.com\/wp-content\/uploads\/2011y\/memet-ucum.jpg 864w, https:\/\/epochtimestr.com\/wp-content\/uploads\/2011y\/memet-ucum-300x169.jpg 300w, https:\/\/epochtimestr.com\/wp-content\/uploads\/2011y\/memet-ucum-150x84.jpg 150w, https:\/\/epochtimestr.com\/wp-content\/uploads\/2011y\/memet-ucum-768x432.jpg 768w\" sizes=\"(max-width: 864px) 100vw, 864px\" \/><figcaption class=\"wp-element-caption\">Cumhurba\u015fkan\u0131 Erdo\u011fan&#8217;\u0131n Ba\u015fdan\u0131\u015fman\u0131 Mehmet U\u00e7um &#8220;Yeni Parti konusu magazin tart\u0131\u015fmas\u0131ndan \u00f6teye gidemez&#8221; dedi. (Foto\u011fraf: Mehmet U\u00e7um x hesab\u0131)<\/figcaption><\/figure><\/div>\n\n\n<h2 class=\"wp-block-heading\">Cumhurba\u015fkan\u0131 Erdo\u011fan&#8217;\u0131n Ba\u015fdan\u0131\u015fman\u0131 Mehmet U\u00e7um, CHP&#8217;den ayr\u0131lan 91 milletvekilinin Yeni Parti&#8217;yi kurmas\u0131na y\u00f6nelik a\u00e7\u0131klamada bulundu.<\/h2>\n\n\n\n<p>Cumhurba\u015fkan\u0131 Erdo\u011fan&#8217;\u0131n Ba\u015fdan\u0131\u015fman\u0131 Mehmet U\u00e7um, CHP&#8217;den ayr\u0131lan 91 milletvekilinin Yeni Parti&#8217;yi kurmas\u0131na y\u00f6nelik <a href=\"https:\/\/epochtimestr.com\/index.php\/cumhurbaskani-basdanismani-mehmet-ucum-emperyalist-proje\" target=\"_blank\" rel=\"noreferrer noopener\">a\u00e7\u0131klamada bulundu<\/a>. AKP&#8217;li Cumhurba\u015fkan\u0131 Recep Tayyip Erdo\u011fan&#8217;\u0131n <a href=\"https:\/\/epochtimestr.com\/index.php\/cumhurbaskani-basdanismani-mehmet-ucum-aym-karari-okunarak-milletvekilligi-iade-edilemez\" target=\"_blank\" rel=\"noreferrer noopener\">ba\u015fdan\u0131\u015fman\u0131<\/a> Mehmet U\u00e7um, sosyal medyadan yapt\u0131\u011f\u0131 &#8220;CHP ve Yeni Parti \u00fczerine k\u0131sa bir tespit&#8221; ba\u015fl\u0131kl\u0131 a\u00e7\u0131klamas\u0131nda \u015fu ifadelere yer verdi:<\/p>\n\n\n\n<p>&#8220;T\u00fcrkiye\u2019nin g\u00fcndeminde CHP ve Yeni Parti ayr\u0131\u015fmas\u0131 genel politikan\u0131n ihtiya\u00e7lar\u0131 a\u00e7\u0131s\u0131ndan son derece \u00f6nemsizdir. \u00c7\u00fcnk\u00fc bu ayr\u0131l\u0131\u011f\u0131n d\u00fcnya g\u00f6r\u00fc\u015f\u00fc fark\u0131yla hi\u00e7 bir ilgisi yoktur. Zaten akt\u00fcel g\u00fcndemle ilgilenenler de konuyu siyasi magazin olarak ele al\u0131yor. B\u00fct\u00fcn tart\u0131\u015fmalar kalanlar\u0131n ve ayr\u0131\u015fanlar\u0131n ki\u015fisel veya grupsal ajandalar\u0131na odaklan\u0131yor.<\/p>\n\n\n\n<p>Asl\u0131na bak\u0131l\u0131rsa konu kaynak parti CHP\u2019den 13. partinin \u00e7\u0131kmas\u0131ndan ba\u015fka bir sonu\u00e7 ifade etmez.<br \/>Nas\u0131l ge\u00e7mi\u015fte ayr\u0131\u015fanlardan Demokrat Parti ve (Ecevit etkisiyle) DSP hari\u00e7 di\u011ferleri bir anlam olu\u015fturmad\u0131ysa bu Yeni Parti\u2019de bir mana \u00fcretemez. \u00c7\u00fcnk\u00fc ayr\u0131\u015fma bir genel politika farkl\u0131l\u0131\u011f\u0131ndan de\u011fil tamamen subjektif ajandalar \u00fczerinden ger\u00e7ekle\u015fmi\u015ftir.<\/p>\n\n\n\n<p>\u00d6zellikle parti kongre s\u00fcre\u00e7lerindeki ve ba\u015fta \u0130stanbul olmak \u00fczere yerel y\u00f6netimlerin prati\u011findeki usuls\u00fczl\u00fck ve yolsuzluk i\u015flerine sahip \u00e7\u0131kanlar\u0131n bu ayr\u0131\u015fman\u0131n \u00f6nc\u00fcl\u00fc\u011f\u00fcn\u00fc yapmas\u0131 ibretlik durumu ortaya koyuyor.<\/p>\n\n\n\n<p>Malum genel kurulun ge\u00e7ersizli\u011fi karar\u0131 \u00e7\u0131kmasayd\u0131 bu ayr\u0131lanlar CHP\u2019de kal\u0131rd\u0131. Ge\u00e7ersizlik karar\u0131na kar\u015f\u0131 hukuka direnme gibi abes bir tavr\u0131n sonu\u00e7 almayaca\u011f\u0131 g\u00f6r\u00fcl\u00fcnce ayr\u0131 bir parti se\u00e7ene\u011fine sar\u0131lmak tercih edilmi\u015f oldu.<\/p>\n\n\n\n<p>Nerede politik perspektif fark\u0131, nerede ideolojik ayr\u0131l\u0131k. Bu Yeni Parti \u00f6zg\u00fcn bir politika \u00fcretemez. \u00c7\u00fcnk\u00fc politik bir tutum \u00fczerinden de\u011fil ki\u015fisel ihtiya\u00e7lar \u00fczerinden kurulmu\u015f bir parti oldu. O y\u00fczden \u00fclke siyasetinde sanki b\u00fcy\u00fck bir olaym\u0131\u015f gibi ele al\u0131nan Yeni Parti konusu ki\u015filerle ilgili siyasi magazin tart\u0131\u015fmas\u0131ndan \u00f6teye gidemez.<\/p>\n\n\n\n<p>CHP bu ayr\u0131\u015fma ile esas\u0131nda \u00f6nlerine koyduklar\u0131 ar\u0131nma perspektifine uygun bir temizlenme s\u00fcrecine girmi\u015f oldu. CHP sonu\u00e7ta yine CHP\u2019dir. Sel gider kum kal\u0131r.<\/p>\n\n\n\n<p>Bu s\u00f6ylediklerim sadece g\u00f6zleme dayal\u0131 bir tespitten ibarettir. Ba\u015fka manalar \u00e7\u0131karmak isteyenler olursa yan\u0131l\u0131rlar. Hi\u00e7 u\u011fra\u015fmas\u0131nlar.&#8221;<\/p>\n\n\n\n<figure class=\"wp-block-embed is-type-rich is-provider-x wp-block-embed-x\"><div class=\"wp-block-embed__wrapper\">\n<blockquote class=\"twitter-tweet\" data-width=\"550\" data-dnt=\"true\"><p lang=\"tr\" dir=\"ltr\">CHP VE YEN\u0130 PART\u0130 \u00dcZER\u0130NE KISA B\u0130R TESP\u0130T!<br><br>T\u00fcrkiye\u2019nin g\u00fcndeminde CHP ve Yeni Parti ayr\u0131\u015fmas\u0131 genel politikan\u0131n ihtiya\u00e7lar\u0131 a\u00e7\u0131s\u0131ndan son derece \u00f6nemsizdir. \u00c7\u00fcnk\u00fc bu ayr\u0131l\u0131\u011f\u0131n d\u00fcnya g\u00f6r\u00fc\u015f\u00fc fark\u0131yla hi\u00e7 bir ilgisi yoktur. Zaten akt\u00fcel g\u00fcndemle ilgilenenler de konuyu siyasi\u2026<\/p>&mdash; Mehmet U\u00e7um (@mehmetucum) <a href=\"https:\/\/x.com\/mehmetucum\/status\/2081291294165360874?ref_src=twsrc%5Etfw\">July 26, 2026<\/a><\/blockquote><script async src=\"https:\/\/platform.x.com\/widgets.js\" charset=\"utf-8\"><\/script>\n<\/div><\/figure>\n","protected":false},"excerpt":{"rendered":"<p>Cumhurba\u015fkan\u0131 Erdo\u011fan&#8217;\u0131n Ba\u015fdan\u0131\u015fman\u0131 Mehmet U\u00e7um, CHP&#8217;den ayr\u0131lan 91 milletvekilinin Yeni Parti&#8217;yi kurmas\u0131na y\u00f6nelik a\u00e7\u0131klamada bulundu. Cumhurba\u015fkan\u0131 Erdo\u011fan&#8217;\u0131n Ba\u015fdan\u0131\u015fman\u0131 Mehmet U\u00e7um, CHP&#8217;den ayr\u0131lan 91 milletvekilinin Yeni Parti&#8217;yi kurmas\u0131na y\u00f6nelik a\u00e7\u0131klamada bulundu. AKP&#8217;li Cumhurba\u015fkan\u0131 Recep Tayyip Erdo\u011fan&#8217;\u0131n ba\u015fdan\u0131\u015fman\u0131 Mehmet U\u00e7um, sosyal medyadan yapt\u0131\u011f\u0131 &#8220;CHP ve Yeni Parti \u00fczerine k\u0131sa bir tespit&#8221; ba\u015fl\u0131kl\u0131 a\u00e7\u0131klamas\u0131nda \u015fu ifadelere yer verdi: [&hellip;]<\/p>\n","protected":false},"author":12791,"featured_media":169281,"comment_status":"open","ping_status":"open","sticky":false,"template":"","format":"standard","meta":{"_yoast_wpseo_focuskw":"U\u00e7um","_yoast_wpseo_title":"","_yoast_wpseo_metadesc":"Cumhurba\u015fkan\u0131 Erdo\u011fan'\u0131n Ba\u015fdan\u0131\u015fman\u0131 Mehmet U\u00e7um, CHP'den ayr\u0131lan 91 milletvekilinin Yeni Parti'yi kurmas\u0131na y\u00f6nelik a\u00e7\u0131klamada bulundu.","_bbp_topic_count":0,"_bbp_reply_count":0,"_bbp_total_topic_count":0,"_bbp_total_reply_count":0,"_bbp_voice_count":0,"_bbp_anonymous_reply_count":0,"_bbp_topic_count_hidden":0,"_bbp_reply_count_hidden":0,"_bbp_forum_subforum_count":0,"footnotes":"","_yoast_wpseo_focuskw_text_input":""},"categories":[1,8138,8226],"tags":[11925,583,8526,11744],"yoast_head":"<!-- This site is optimized with the Yoast SEO plugin v23.0 - https:\/\/yoast.com\/wordpress\/plugins\/seo\/ -->\n<title>U\u00e7um: Yeni Parti Konusu Magazin Tart\u0131\u015fmas\u0131ndan \u00d6teye Gidemez - The Epoch Times TR<\/title>\n<meta name=\"description\" content=\"Cumhurba\u015fkan\u0131 Erdo\u011fan&#039;\u0131n Ba\u015fdan\u0131\u015fman\u0131 Mehmet U\u00e7um, CHP&#039;den ayr\u0131lan 91 milletvekilinin Yeni Parti&#039;yi kurmas\u0131na y\u00f6nelik a\u00e7\u0131klamada bulundu.\" \/>\n<meta name=\"robots\" content=\"index, follow, max-snippet:-1, max-image-preview:large, max-video-preview:-1\" \/>\n<link rel=\"canonical\" href=\"https:\/\/epochtimestr.com\/index.php\/ucum-yeni-parti-konusu-magazin-tartismasindan-oteye-gidemez\" \/>\n<meta property=\"og:locale\" content=\"tr_TR\" \/>\n<meta property=\"og:type\" content=\"article\" \/>\n<meta property=\"og:title\" content=\"U\u00e7um: Yeni Parti Konusu Magazin Tart\u0131\u015fmas\u0131ndan \u00d6teye Gidemez - The Epoch Times TR\" \/>\n<meta property=\"og:description\" content=\"Cumhurba\u015fkan\u0131 Erdo\u011fan&#039;\u0131n Ba\u015fdan\u0131\u015fman\u0131 Mehmet U\u00e7um, CHP&#039;den ayr\u0131lan 91 milletvekilinin Yeni Parti&#039;yi kurmas\u0131na y\u00f6nelik a\u00e7\u0131klamada bulundu.\" \/>\n<meta property=\"og:url\" content=\"https:\/\/epochtimestr.com\/index.php\/ucum-yeni-parti-konusu-magazin-tartismasindan-oteye-gidemez\" \/>\n<meta property=\"og:site_name\" content=\"The Epoch Times TR\" \/>\n<meta property=\"article:publisher\" content=\"https:\/\/www.facebook.com\/theepochtimestr\" \/>\n<meta property=\"article:published_time\" content=\"2026-07-26T18:56:43+00:00\" \/>\n<meta property=\"article:modified_time\" content=\"2026-07-26T18:56:44+00:00\" \/>\n<meta property=\"og:image\" content=\"https:\/\/epochtimestr.com\/wp-content\/uploads\/2011y\/memet-ucum.jpg\" \/>\n\t<meta property=\"og:image:width\" content=\"864\" \/>\n\t<meta property=\"og:image:height\" content=\"486\" \/>\n\t<meta property=\"og:image:type\" content=\"image\/jpeg\" \/>\n<meta name=\"author\" content=\"Haber Merkezi\" \/>\n<meta name=\"twitter:card\" content=\"summary_large_image\" \/>\n<meta name=\"twitter:creator\" content=\"@TheEpochTimesTR\" \/>\n<meta name=\"twitter:site\" content=\"@TheEpochTimesTR\" \/>\n<meta name=\"twitter:label1\" content=\"Yazan:\" \/>\n\t<meta name=\"twitter:data1\" content=\"Haber Merkezi\" \/>\n\t<meta name=\"twitter:label2\" content=\"Tahmini okuma s\u00fcresi\" \/>\n\t<meta name=\"twitter:data2\" content=\"3 dakika\" \/>\n<script type=\"application\/ld+json\" class=\"yoast-schema-graph\">{\"@context\":\"https:\/\/schema.org\",\"@graph\":[{\"@type\":\"Article\",\"@id\":\"https:\/\/epochtimestr.com\/index.php\/ucum-yeni-parti-konusu-magazin-tartismasindan-oteye-gidemez#article\",\"isPartOf\":{\"@id\":\"https:\/\/epochtimestr.com\/index.php\/ucum-yeni-parti-konusu-magazin-tartismasindan-oteye-gidemez\"},\"author\":{\"name\":\"Haber Merkezi\",\"@id\":\"https:\/\/epochtimestr.com\/#\/schema\/person\/3dc5c3adeb9f43923c5aa85889172fdd\"},\"headline\":\"U\u00e7um: Yeni Parti Konusu Magazin Tart\u0131\u015fmas\u0131ndan \u00d6teye Gidemez\",\"datePublished\":\"2026-07-26T18:56:43+00:00\",\"dateModified\":\"2026-07-26T18:56:44+00:00\",\"mainEntityOfPage\":{\"@id\":\"https:\/\/epochtimestr.com\/index.php\/ucum-yeni-parti-konusu-magazin-tartismasindan-oteye-gidemez\"},\"wordCount\":462,\"commentCount\":0,\"publisher\":{\"@id\":\"https:\/\/epochtimestr.com\/#organization\"},\"image\":{\"@id\":\"https:\/\/epochtimestr.com\/index.php\/ucum-yeni-parti-konusu-magazin-tartismasindan-oteye-gidemez#primaryimage\"},\"thumbnailUrl\":\"https:\/\/epochtimestr.com\/wp-content\/uploads\/2011y\/memet-ucum.jpg\",\"keywords\":[\"ba\u015fdan\u0131\u015fman\",\"CHP\",\"mehmet u\u00e7um\",\"yeni parti\"],\"articleSection\":[\"G\u00dcNDEM\",\"MAN\u015eET\",\"Siyaset\"],\"inLanguage\":\"tr\",\"potentialAction\":[{\"@type\":\"CommentAction\",\"name\":\"Comment\",\"target\":[\"https:\/\/epochtimestr.com\/index.php\/ucum-yeni-parti-konusu-magazin-tartismasindan-oteye-gidemez#respond\"]}]},{\"@type\":\"WebPage\",\"@id\":\"https:\/\/epochtimestr.com\/index.php\/ucum-yeni-parti-konusu-magazin-tartismasindan-oteye-gidemez\",\"url\":\"https:\/\/epochtimestr.com\/index.php\/ucum-yeni-parti-konusu-magazin-tartismasindan-oteye-gidemez\",\"name\":\"U\u00e7um: Yeni Parti Konusu Magazin Tart\u0131\u015fmas\u0131ndan \u00d6teye Gidemez - The Epoch Times TR\",\"isPartOf\":{\"@id\":\"https:\/\/epochtimestr.com\/#website\"},\"primaryImageOfPage\":{\"@id\":\"https:\/\/epochtimestr.com\/index.php\/ucum-yeni-parti-konusu-magazin-tartismasindan-oteye-gidemez#primaryimage\"},\"image\":{\"@id\":\"https:\/\/epochtimestr.com\/index.php\/ucum-yeni-parti-konusu-magazin-tartismasindan-oteye-gidemez#primaryimage\"},\"thumbnailUrl\":\"https:\/\/epochtimestr.com\/wp-content\/uploads\/2011y\/memet-ucum.jpg\",\"datePublished\":\"2026-07-26T18:56:43+00:00\",\"dateModified\":\"2026-07-26T18:56:44+00:00\",\"description\":\"Cumhurba\u015fkan\u0131 Erdo\u011fan'\u0131n Ba\u015fdan\u0131\u015fman\u0131 Mehmet U\u00e7um, CHP'den ayr\u0131lan 91 milletvekilinin Yeni Parti'yi kurmas\u0131na y\u00f6nelik a\u00e7\u0131klamada bulundu.\",\"inLanguage\":\"tr\",\"potentialAction\":[{\"@type\":\"ReadAction\",\"target\":[\"https:\/\/epochtimestr.com\/index.php\/ucum-yeni-parti-konusu-magazin-tartismasindan-oteye-gidemez\"]}]},{\"@type\":\"ImageObject\",\"inLanguage\":\"tr\",\"@id\":\"https:\/\/epochtimestr.com\/index.php\/ucum-yeni-parti-konusu-magazin-tartismasindan-oteye-gidemez#primaryimage\",\"url\":\"https:\/\/epochtimestr.com\/wp-content\/uploads\/2011y\/memet-ucum.jpg\",\"contentUrl\":\"https:\/\/epochtimestr.com\/wp-content\/uploads\/2011y\/memet-ucum.jpg\",\"width\":864,\"height\":486},{\"@type\":\"WebSite\",\"@id\":\"https:\/\/epochtimestr.com\/#website\",\"url\":\"https:\/\/epochtimestr.com\/\",\"name\":\"The Epoch Times TR\",\"description\":\"De\u011fi\u015fen D\u00fcnyam\u0131za Taze Bir Bak\u0131\u015f\",\"publisher\":{\"@id\":\"https:\/\/epochtimestr.com\/#organization\"},\"potentialAction\":[{\"@type\":\"SearchAction\",\"target\":{\"@type\":\"EntryPoint\",\"urlTemplate\":\"https:\/\/epochtimestr.com\/?s={search_term_string}\"},\"query-input\":\"required name=search_term_string\"}],\"inLanguage\":\"tr\"},{\"@type\":\"Organization\",\"@id\":\"https:\/\/epochtimestr.com\/#organization\",\"name\":\"The EpochTimes T\u00fcrkiye\",\"url\":\"https:\/\/epochtimestr.com\/\",\"logo\":{\"@type\":\"ImageObject\",\"inLanguage\":\"tr\",\"@id\":\"https:\/\/epochtimestr.com\/#\/schema\/logo\/image\/\",\"url\":\"https:\/\/epochtimestr.com\/wp-content\/uploads\/2011y\/ET-Logo-YG.jpg\",\"contentUrl\":\"https:\/\/epochtimestr.com\/wp-content\/uploads\/2011y\/ET-Logo-YG.jpg\",\"width\":346,\"height\":29,\"caption\":\"The EpochTimes T\u00fcrkiye\"},\"image\":{\"@id\":\"https:\/\/epochtimestr.com\/#\/schema\/logo\/image\/\"},\"sameAs\":[\"https:\/\/www.facebook.com\/theepochtimestr\",\"https:\/\/x.com\/TheEpochTimesTR\",\"https:\/\/www.instagram.com\/epochtimestr\"]},{\"@type\":\"Person\",\"@id\":\"https:\/\/epochtimestr.com\/#\/schema\/person\/3dc5c3adeb9f43923c5aa85889172fdd\",\"name\":\"Haber Merkezi\",\"image\":{\"@type\":\"ImageObject\",\"inLanguage\":\"tr\",\"@id\":\"https:\/\/epochtimestr.com\/#\/schema\/person\/image\/\",\"url\":\"https:\/\/secure.gravatar.com\/avatar\/d73f772ba5a74f28601361e17c2f93e6?s=96&d=mm&r=g\",\"contentUrl\":\"https:\/\/secure.gravatar.com\/avatar\/d73f772ba5a74f28601361e17c2f93e6?s=96&d=mm&r=g\",\"caption\":\"Haber Merkezi\"},\"url\":\"https:\/\/epochtimestr.com\/index.php\/author\/sendag\"}]}<\/script>\n<!-- \/ Yoast SEO plugin. -->","yoast_head_json":{"title":"U\u00e7um: Yeni Parti Konusu Magazin Tart\u0131\u015fmas\u0131ndan \u00d6teye Gidemez - The Epoch Times TR","description":"Cumhurba\u015fkan\u0131 Erdo\u011fan'\u0131n Ba\u015fdan\u0131\u015fman\u0131 Mehmet U\u00e7um, CHP'den ayr\u0131lan 91 milletvekilinin Yeni Parti'yi kurmas\u0131na y\u00f6nelik a\u00e7\u0131klamada bulundu.","robots":{"index":"index","follow":"follow","max-snippet":"max-snippet:-1","max-image-preview":"max-image-preview:large","max-video-preview":"max-video-preview:-1"},"canonical":"https:\/\/epochtimestr.com\/index.php\/ucum-yeni-parti-konusu-magazin-tartismasindan-oteye-gidemez","og_locale":"tr_TR","og_type":"article","og_title":"U\u00e7um: Yeni Parti Konusu Magazin Tart\u0131\u015fmas\u0131ndan \u00d6teye Gidemez - The Epoch Times TR","og_description":"Cumhurba\u015fkan\u0131 Erdo\u011fan'\u0131n Ba\u015fdan\u0131\u015fman\u0131 Mehmet U\u00e7um, CHP'den ayr\u0131lan 91 milletvekilinin Yeni Parti'yi kurmas\u0131na y\u00f6nelik a\u00e7\u0131klamada bulundu.","og_url":"https:\/\/epochtimestr.com\/index.php\/ucum-yeni-parti-konusu-magazin-tartismasindan-oteye-gidemez","og_site_name":"The Epoch Times TR","article_publisher":"https:\/\/www.facebook.com\/theepochtimestr","article_published_time":"2026-07-26T18:56:43+00:00","article_modified_time":"2026-07-26T18:56:44+00:00","og_image":[{"width":864,"height":486,"url":"https:\/\/epochtimestr.com\/wp-content\/uploads\/2011y\/memet-ucum.jpg","type":"image\/jpeg"}],"author":"Haber Merkezi","twitter_card":"summary_large_image","twitter_creator":"@TheEpochTimesTR","twitter_site":"@TheEpochTimesTR","twitter_misc":{"Yazan:":"Haber Merkezi","Tahmini okuma s\u00fcresi":"3 dakika"},"schema":{"@context":"https:\/\/schema.org","@graph":[{"@type":"Article","@id":"https:\/\/epochtimestr.com\/index.php\/ucum-yeni-parti-konusu-magazin-tartismasindan-oteye-gidemez#article","isPartOf":{"@id":"https:\/\/epochtimestr.com\/index.php\/ucum-yeni-parti-konusu-magazin-tartismasindan-oteye-gidemez"},"author":{"name":"Haber Merkezi","@id":"https:\/\/epochtimestr.com\/#\/schema\/person\/3dc5c3adeb9f43923c5aa85889172fdd"},"headline":"U\u00e7um: Yeni Parti Konusu Magazin Tart\u0131\u015fmas\u0131ndan \u00d6teye Gidemez","datePublished":"2026-07-26T18:56:43+00:00","dateModified":"2026-07-26T18:56:44+00:00","mainEntityOfPage":{"@id":"https:\/\/epochtimestr.com\/index.php\/ucum-yeni-parti-konusu-magazin-tartismasindan-oteye-gidemez"},"wordCount":462,"commentCount":0,"publisher":{"@id":"https:\/\/epochtimestr.com\/#organization"},"image":{"@id":"https:\/\/epochtimestr.com\/index.php\/ucum-yeni-parti-konusu-magazin-tartismasindan-oteye-gidemez#primaryimage"},"thumbnailUrl":"https:\/\/epochtimestr.com\/wp-content\/uploads\/2011y\/memet-ucum.jpg","keywords":["ba\u015fdan\u0131\u015fman","CHP","mehmet u\u00e7um","yeni parti"],"articleSection":["G\u00dcNDEM","MAN\u015eET","Siyaset"],"inLanguage":"tr","potentialAction":[{"@type":"CommentAction","name":"Comment","target":["https:\/\/epochtimestr.com\/index.php\/ucum-yeni-parti-konusu-magazin-tartismasindan-oteye-gidemez#respond"]}]},{"@type":"WebPage","@id":"https:\/\/epochtimestr.com\/index.php\/ucum-yeni-parti-konusu-magazin-tartismasindan-oteye-gidemez","url":"https:\/\/epochtimestr.com\/index.php\/ucum-yeni-parti-konusu-magazin-tartismasindan-oteye-gidemez","name":"U\u00e7um: Yeni Parti Konusu Magazin Tart\u0131\u015fmas\u0131ndan \u00d6teye Gidemez - The Epoch Times TR","isPartOf":{"@id":"https:\/\/epochtimestr.com\/#website"},"primaryImageOfPage":{"@id":"https:\/\/epochtimestr.com\/index.php\/ucum-yeni-parti-konusu-magazin-tartismasindan-oteye-gidemez#primaryimage"},"image":{"@id":"https:\/\/epochtimestr.com\/index.php\/ucum-yeni-parti-konusu-magazin-tartismasindan-oteye-gidemez#primaryimage"},"thumbnailUrl":"https:\/\/epochtimestr.com\/wp-content\/uploads\/2011y\/memet-ucum.jpg","datePublished":"2026-07-26T18:56:43+00:00","dateModified":"2026-07-26T18:56:44+00:00","description":"Cumhurba\u015fkan\u0131 Erdo\u011fan'\u0131n Ba\u015fdan\u0131\u015fman\u0131 Mehmet U\u00e7um, CHP'den ayr\u0131lan 91 milletvekilinin Yeni Parti'yi kurmas\u0131na y\u00f6nelik a\u00e7\u0131klamada bulundu.","inLanguage":"tr","potentialAction":[{"@type":"ReadAction","target":["https:\/\/epochtimestr.com\/index.php\/ucum-yeni-parti-konusu-magazin-tartismasindan-oteye-gidemez"]}]},{"@type":"ImageObject","inLanguage":"tr","@id":"https:\/\/epochtimestr.com\/index.php\/ucum-yeni-parti-konusu-magazin-tartismasindan-oteye-gidemez#primaryimage","url":"https:\/\/epochtimestr.com\/wp-content\/uploads\/2011y\/memet-ucum.jpg","contentUrl":"https:\/\/epochtimestr.com\/wp-content\/uploads\/2011y\/memet-ucum.jpg","width":864,"height":486},{"@type":"WebSite","@id":"https:\/\/epochtimestr.com\/#website","url":"https:\/\/epochtimestr.com\/","name":"The Epoch Times TR","description":"De\u011fi\u015fen D\u00fcnyam\u0131za Taze Bir Bak\u0131\u015f","publisher":{"@id":"https:\/\/epochtimestr.com\/#organization"},"potentialAction":[{"@type":"SearchAction","target":{"@type":"EntryPoint","urlTemplate":"https:\/\/epochtimestr.com\/?s={search_term_string}"},"query-input":"required name=search_term_string"}],"inLanguage":"tr"},{"@type":"Organization","@id":"https:\/\/epochtimestr.com\/#organization","name":"The EpochTimes T\u00fcrkiye","url":"https:\/\/epochtimestr.com\/","logo":{"@type":"ImageObject","inLanguage":"tr","@id":"https:\/\/epochtimestr.com\/#\/schema\/logo\/image\/","url":"https:\/\/epochtimestr.com\/wp-content\/uploads\/2011y\/ET-Logo-YG.jpg","contentUrl":"https:\/\/epochtimestr.com\/wp-content\/uploads\/2011y\/ET-Logo-YG.jpg","width":346,"height":29,"caption":"The EpochTimes T\u00fcrkiye"},"image":{"@id":"https:\/\/epochtimestr.com\/#\/schema\/logo\/image\/"},"sameAs":["https:\/\/www.facebook.com\/theepochtimestr","https:\/\/x.com\/TheEpochTimesTR","https:\/\/www.instagram.com\/epochtimestr"]},{"@type":"Person","@id":"https:\/\/epochtimestr.com\/#\/schema\/person\/3dc5c3adeb9f43923c5aa85889172fdd","name":"Haber Merkezi","image":{"@type":"ImageObject","inLanguage":"tr","@id":"https:\/\/epochtimestr.com\/#\/schema\/person\/image\/","url":"https:\/\/secure.gravatar.com\/avatar\/d73f772ba5a74f28601361e17c2f93e6?s=96&d=mm&r=g","contentUrl":"https:\/\/secure.gravatar.com\/avatar\/d73f772ba5a74f28601361e17c2f93e6?s=96&d=mm&r=g","caption":"Haber Merkezi"},"url":"https:\/\/epochtimestr.com\/index.php\/author\/sendag"}]}},"_links":{"self":[{"href":"https:\/\/epochtimestr.com\/index.php\/wp-json\/wp\/v2\/posts\/169280"}],"collection":[{"href":"https:\/\/epochtimestr.com\/index.php\/wp-json\/wp\/v2\/posts"}],"about":[{"href":"https:\/\/epochtimestr.com\/index.php\/wp-json\/wp\/v2\/types\/post"}],"author":[{"embeddable":true,"href":"https:\/\/epochtimestr.com\/index.php\/wp-json\/wp\/v2\/users\/12791"}],"replies":[{"embeddable":true,"href":"https:\/\/epochtimestr.com\/index.php\/wp-json\/wp\/v2\/comments?post=169280"}],"version-history":[{"count":2,"href":"https:\/\/epochtimestr.com\/index.php\/wp-json\/wp\/v2\/posts\/169280\/revisions"}],"predecessor-version":[{"id":169288,"href":"https:\/\/epochtimestr.com\/index.php\/wp-json\/wp\/v2\/posts\/169280\/revisions\/169288"}],"wp:featuredmedia":[{"embeddable":true,"href":"https:\/\/epochtimestr.com\/index.php\/wp-json\/wp\/v2\/media\/169281"}],"wp:attachment":[{"href":"https:\/\/epochtimestr.com\/index.php\/wp-json\/wp\/v2\/media?parent=169280"}],"wp:term":[{"taxonomy":"category","embeddable":true,"href":"https:\/\/epochtimestr.com\/index.php\/wp-json\/wp\/v2\/categories?post=169280"},{"taxonomy":"post_tag","embeddable":true,"href":"https:\/\/epochtimestr.com\/index.php\/wp-json\/wp\/v2\/tags?post=169280"}],"curies":[{"name":"wp","href":"https:\/\/api.w.org\/{rel}","templated":true}]}}