{"id":169292,"date":"2026-07-27T08:28:50","date_gmt":"2026-07-27T05:28:50","guid":{"rendered":"https:\/\/epochtimestr.com\/?p=169292"},"modified":"2026-07-27T08:28:51","modified_gmt":"2026-07-27T05:28:51","slug":"omer-fethi-gurer-pestisit-nedeniyle-iade-edilen-urunler-artti","status":"publish","type":"post","link":"https:\/\/epochtimestr.com\/index.php\/omer-fethi-gurer-pestisit-nedeniyle-iade-edilen-urunler-artti","title":{"rendered":"\u00d6mer Fethi G\u00fcrer: Pestisit Nedeniyle \u0130ade Edilen \u00dcr\u00fcnler Artt\u0131"},"content":{"rendered":"<div class=\"wp-block-image\">\n<figure class=\"aligncenter size-full\"><img loading=\"lazy\" decoding=\"async\" width=\"1280\" height=\"805\" src=\"https:\/\/epochtimestr.com\/wp-content\/uploads\/2011y\/pixabay-21.jpg\" alt=\"\" class=\"wp-image-169293\" srcset=\"https:\/\/epochtimestr.com\/wp-content\/uploads\/2011y\/pixabay-21.jpg 1280w, https:\/\/epochtimestr.com\/wp-content\/uploads\/2011y\/pixabay-21-300x189.jpg 300w, https:\/\/epochtimestr.com\/wp-content\/uploads\/2011y\/pixabay-21-150x94.jpg 150w, https:\/\/epochtimestr.com\/wp-content\/uploads\/2011y\/pixabay-21-768x483.jpg 768w\" sizes=\"(max-width: 1280px) 100vw, 1280px\" \/><figcaption class=\"wp-element-caption\">CHP Ni\u011fde Milletvekili \u00d6mer Fethi G\u00fcrer, &#8220;pestisit nedeniyle iade edilen \u00fcr\u00fcnler artt\u0131&#8221; dedi. (Foto\u011fraf: Foundry, Pixabay)<\/figcaption><\/figure><\/div>\n\n\n<h2 class=\"wp-block-heading\">\u00d6mer Fethi G\u00fcrer, sofralara ula\u015fan sebze ve meyvelerin \u00fcretildi\u011fi baz\u0131 illerde pestisit kullan\u0131m\u0131n\u0131n d\u00fcnya ortalamas\u0131n\u0131n birka\u00e7 kat\u0131na \u00e7\u0131kt\u0131\u011f\u0131n\u0131 ifade etti.<\/h2>\n\n\n\n<p>CHP Ni\u011fde Milletvekili <a href=\"https:\/\/epochtimestr.com\/index.php\/omer-fethi-gurer-bu-yilin-basindan-bu-yana-295-ekmek-eksildi\" target=\"_blank\" rel=\"noreferrer noopener\">\u00d6mer Fethi G\u00fcrer<\/a>, videolu a\u00e7\u0131klamas\u0131nda, 1 Ocak-17 Temmuz aras\u0131ndaki Avrupa Birli\u011fi G\u0131da ve Yem \u0130\u00e7in H\u0131zl\u0131 Alarm Sistemi verilerini de\u011ferlendirdi. T\u00fcrkiye kaynakl\u0131 <a href=\"https:\/\/epochtimestr.com\/index.php\/ipa-yeterli-ve-kaliteli-gidaya-erisim-arastirmasini-yayimladi\" target=\"_blank\" rel=\"noreferrer noopener\">g\u0131da \u00fcr\u00fcnleri<\/a>ne ili\u015fkin alarm bildirimlerinin endi\u015fe verici boyutlara ula\u015ft\u0131\u011f\u0131n\u0131 s\u00f6yleyen G\u00fcrer, Avrupa Birli\u011fi \u00fclkelerince T\u00fcrkiye men\u015feli \u00fcr\u00fcnler hakk\u0131nda yap\u0131lan 270 bildirimin 197&#8217;sinin s\u0131n\u0131rdan geri \u00e7evrilme, 195&#8217;inin ise &#8220;ciddi risk&#8221; kapsam\u0131nda de\u011ferlendirilmesinin tar\u0131m ve g\u0131da denetim sistemindeki sorunlar\u0131 a\u00e7\u0131k\u00e7a ortaya koydu\u011funu ifade etti.<\/p>\n\n\n\n<p>CHP Ni\u011fde Milletvekili \u00d6mer Fethi G\u00fcrer, Avrupa Birli\u011fi&#8217;nin resmi kay\u0131tlar\u0131na g\u00f6re, T\u00fcrkiye hakk\u0131nda yap\u0131lan 270 bildirimin b\u00fcy\u00fck b\u00f6l\u00fcm\u00fcn\u00fcn \u00fcr\u00fcnlerin daha s\u0131n\u0131r kap\u0131lar\u0131nda reddedilmesiyle sonu\u00e7land\u0131\u011f\u0131n\u0131 belirterek, &#8220;T\u00fcrkiye&#8217;den Avrupa&#8217;ya g\u00f6nderilen \u00fcr\u00fcnlerle ilgili 270 bildirim yap\u0131lm\u0131\u015f. Bunlar\u0131n 197&#8217;si s\u0131n\u0131r reddi, 13&#8217;\u00fc alarm bildirimi, 49&#8217;u bilgilendirme, 11&#8217;i ise takip ama\u00e7l\u0131 bildirim niteli\u011finde. \u0130hra\u00e7 edilen \u00fcr\u00fcnlerin yakla\u015f\u0131k d\u00f6rtte \u00fc\u00e7\u00fcn\u00fcn Avrupa Birli\u011fi s\u0131n\u0131rlar\u0131nda geri \u00e7evrilmesi, \u00fcreticinin de\u011fil, denetim mekanizmas\u0131n\u0131n ve yanl\u0131\u015f tar\u0131m politikalar\u0131n\u0131n sorgulanmas\u0131 gerekti\u011fini g\u00f6steriyor&#8221; diye konu\u015ftu.<\/p>\n\n\n\n<p><strong>\u00d6mer Fethi G\u00fcrer \u015funlar\u0131 kaydetti:<\/strong><\/p>\n\n\n\n<p>&#8220;D\u00fcnya genelinde hektar ba\u015f\u0131na pestisit kullan\u0131m\u0131 yakla\u015f\u0131k 2,6 kilogram d\u00fczeyindedir. T\u00fcrkiye ortalamas\u0131 2,1-2,3 kilogram aras\u0131nda g\u00f6r\u00fcnse de bu rakam ger\u00e7e\u011fi tam olarak yans\u0131tm\u0131yor. \u00c7\u00fcnk\u00fc \u00fcretimin yo\u011fun oldu\u011fu ilk 10 ilde kullan\u0131m 6,7 kilograma, Konya hari\u00e7 tutuldu\u011funda ise 9 \u00fcretim ilinde hektar ba\u015f\u0131na 9,5 kilograma kadar \u00e7\u0131k\u0131yor. Sofram\u0131za gelen sebze ve meyvenin yeti\u015fti\u011fi illerde pestisit kullan\u0131m oranlar\u0131 d\u00fcnya ortalamas\u0131n\u0131n birka\u00e7 kat\u0131na ula\u015fm\u0131\u015f durumda.<\/p>\n\n\n\n<h3 class=\"wp-block-heading\">&#8220;En fazla bildirim nedeni Ochratoksin A oldu&#8221;<\/h3>\n\n\n\n<p>En fazla bildirim nedeni Ochratoksin A oldu. Bunun yan\u0131nda aflatoksin B1 ve toplam aflatoksin nedeniyle de \u00e7ok say\u0131da \u00fcr\u00fcn Avrupa kap\u0131lar\u0131ndan geri d\u00f6nd\u00fc. Mikotoksinler uygun olmayan depolama, kurutma ve \u00fcretim ko\u015fullar\u0131nda olu\u015fuyor. Bu nedenle yaln\u0131zca \u00fcretim de\u011fil, hasat sonras\u0131 s\u00fcre\u00e7lerin de etkin \u015fekilde denetlenmesi gerekiyor.<\/p>\n\n\n\n<p>&#8220;<strong>Tar\u0131m ve Orman Bakanl\u0131\u011f\u0131 ihracata gidecek \u00fcr\u00fcnlerde kal\u0131nt\u0131 analizlerini art\u0131rmal\u0131<\/strong>&#8220;<\/p>\n\n\n\n<p>\u00dcretici artan maliyetlerle m\u00fccadele ediyor. G\u00fcbre pahal\u0131, ila\u00e7 pahal\u0131, mazot pahal\u0131. Tar\u0131m dan\u0131\u015fmanl\u0131\u011f\u0131 yetersiz, denetimler eksik. \u00c7ift\u00e7i yaln\u0131z b\u0131rak\u0131l\u0131rken ihracatta ya\u015fanan her olumsuzlu\u011fun faturas\u0131 \u00fcreticiye kesiliyor. Tar\u0131m ve Orman Bakanl\u0131\u011f\u0131 ihracata gidecek \u00fcr\u00fcnlerde kal\u0131nt\u0131 analizlerini art\u0131rmal\u0131, \u00fcreticiye e\u011fitim ve teknik destek sa\u011flamal\u0131, pestisit kullan\u0131m\u0131n\u0131 s\u0131k\u0131 bi\u00e7imde denetlemeli, depolama ve i\u015fleme s\u00fcre\u00e7lerinde uluslararas\u0131 standartlar\u0131 eksiksiz uygulamal\u0131d\u0131r. Avrupa kap\u0131lar\u0131ndan geri d\u00f6nen her \u00fcr\u00fcn yaln\u0131zca ekonomik kay\u0131p de\u011fil, ayn\u0131 zamanda T\u00fcrkiye&#8217;nin tar\u0131msal itibar\u0131 a\u00e7\u0131s\u0131ndan da ciddi bir uyar\u0131d\u0131r.<\/p>\n\n\n\n<p>&#8220;<strong>Bir\u00e7ok pestisit nedeniyle Avrupa Birli\u011fi taraf\u0131ndan bildirim yap\u0131lm\u0131\u015f<\/strong>&#8220;<\/p>\n\n\n\n<p>Acetamiprid, Formetanate, Indoxacarb, Prochloraz, Imazalil, Fosthiazate gibi bir\u00e7ok pestisit nedeniyle Avrupa Birli\u011fi taraf\u0131ndan bildirim yap\u0131lm\u0131\u015f. \u00c7ift\u00e7i bilin\u00e7lendirilmeden, etkin denetim yap\u0131lmadan ve kal\u0131nt\u0131 analizleri yayg\u0131nla\u015ft\u0131r\u0131lmadan bu sorunlar\u0131n \u00e7\u00f6z\u00fclmesi m\u00fcmk\u00fcn de\u011fildir. T\u00fcrkiye kaynakl\u0131 bildirimlerin en b\u00fcy\u00fck b\u00f6l\u00fcm\u00fcn\u00fc Bulgaristan, Almanya ve Fransa ger\u00e7ekle\u015ftirmi\u015ftir. Bulgaristan 65, Almanya 61, Fransa ise 53 bildirim yapm\u0131\u015ft\u0131r. Bu \u00fc\u00e7 \u00fclke tek ba\u015f\u0131na toplam bildirimlerin yakla\u015f\u0131k \u00fc\u00e7te ikisini olu\u015fturuyor. Bu durum T\u00fcrkiye&#8217;nin Avrupa pazar\u0131ndaki g\u00fcvenilirli\u011fini de olumsuz etkiliyor.&#8221;<\/p>\n","protected":false},"excerpt":{"rendered":"<p>\u00d6mer Fethi G\u00fcrer, sofralara ula\u015fan sebze ve meyvelerin \u00fcretildi\u011fi baz\u0131 illerde pestisit kullan\u0131m\u0131n\u0131n d\u00fcnya ortalamas\u0131n\u0131n birka\u00e7 kat\u0131na \u00e7\u0131kt\u0131\u011f\u0131n\u0131 ifade etti. CHP Ni\u011fde Milletvekili \u00d6mer Fethi G\u00fcrer, videolu a\u00e7\u0131klamas\u0131nda, 1 Ocak-17 Temmuz aras\u0131ndaki Avrupa Birli\u011fi G\u0131da ve Yem \u0130\u00e7in H\u0131zl\u0131 Alarm Sistemi verilerini de\u011ferlendirdi. T\u00fcrkiye kaynakl\u0131 g\u0131da \u00fcr\u00fcnlerine ili\u015fkin alarm bildirimlerinin endi\u015fe verici boyutlara ula\u015ft\u0131\u011f\u0131n\u0131 s\u00f6yleyen [&hellip;]<\/p>\n","protected":false},"author":12791,"featured_media":169293,"comment_status":"open","ping_status":"open","sticky":false,"template":"","format":"standard","meta":{"_yoast_wpseo_focuskw":"\u00d6mer Fethi G\u00fcrer","_yoast_wpseo_title":"","_yoast_wpseo_metadesc":"\u00d6mer Fethi G\u00fcrer, sebze ve meyvelerin \u00fcretildi\u011fi baz\u0131 illerde pestisit kullan\u0131m\u0131n\u0131n d\u00fcnya ortalamas\u0131n\u0131n birka\u00e7 kat\u0131na \u00e7\u0131kt\u0131\u011f\u0131n\u0131 ifade etti.","_bbp_topic_count":0,"_bbp_reply_count":0,"_bbp_total_topic_count":0,"_bbp_total_reply_count":0,"_bbp_voice_count":0,"_bbp_anonymous_reply_count":0,"_bbp_topic_count_hidden":0,"_bbp_reply_count_hidden":0,"_bbp_forum_subforum_count":0,"footnotes":"","_yoast_wpseo_focuskw_text_input":""},"categories":[1,19,8419],"tags":[1652,11929,329,11932,11931,11928,11927,11930,1585,11933],"yoast_head":"<!-- This site is optimized with the Yoast SEO plugin v23.0 - https:\/\/yoast.com\/wordpress\/plugins\/seo\/ -->\n<title>\u00d6mer Fethi G\u00fcrer: Pestisit Nedeniyle \u0130ade Edilen \u00dcr\u00fcnler Artt\u0131 - The Epoch Times TR<\/title>\n<meta name=\"description\" content=\"\u00d6mer Fethi G\u00fcrer, sebze ve meyvelerin \u00fcretildi\u011fi baz\u0131 illerde pestisit kullan\u0131m\u0131n\u0131n d\u00fcnya ortalamas\u0131n\u0131n birka\u00e7 kat\u0131na \u00e7\u0131kt\u0131\u011f\u0131n\u0131 ifade etti.\" \/>\n<meta name=\"robots\" content=\"index, follow, max-snippet:-1, max-image-preview:large, max-video-preview:-1\" \/>\n<link rel=\"canonical\" href=\"https:\/\/epochtimestr.com\/index.php\/omer-fethi-gurer-pestisit-nedeniyle-iade-edilen-urunler-artti\" \/>\n<meta property=\"og:locale\" content=\"tr_TR\" \/>\n<meta property=\"og:type\" content=\"article\" \/>\n<meta property=\"og:title\" content=\"\u00d6mer Fethi G\u00fcrer: Pestisit Nedeniyle \u0130ade Edilen \u00dcr\u00fcnler Artt\u0131 - The Epoch Times TR\" \/>\n<meta property=\"og:description\" content=\"\u00d6mer Fethi G\u00fcrer, sebze ve meyvelerin \u00fcretildi\u011fi baz\u0131 illerde pestisit kullan\u0131m\u0131n\u0131n d\u00fcnya ortalamas\u0131n\u0131n birka\u00e7 kat\u0131na \u00e7\u0131kt\u0131\u011f\u0131n\u0131 ifade etti.\" \/>\n<meta property=\"og:url\" content=\"https:\/\/epochtimestr.com\/index.php\/omer-fethi-gurer-pestisit-nedeniyle-iade-edilen-urunler-artti\" \/>\n<meta property=\"og:site_name\" content=\"The Epoch Times TR\" \/>\n<meta property=\"article:publisher\" content=\"https:\/\/www.facebook.com\/theepochtimestr\" \/>\n<meta property=\"article:published_time\" content=\"2026-07-27T05:28:50+00:00\" \/>\n<meta property=\"article:modified_time\" content=\"2026-07-27T05:28:51+00:00\" \/>\n<meta property=\"og:image\" content=\"https:\/\/epochtimestr.com\/wp-content\/uploads\/2011y\/pixabay-21.jpg\" \/>\n\t<meta property=\"og:image:width\" content=\"1280\" \/>\n\t<meta property=\"og:image:height\" content=\"805\" \/>\n\t<meta property=\"og:image:type\" content=\"image\/jpeg\" \/>\n<meta name=\"author\" content=\"Haber Merkezi\" \/>\n<meta name=\"twitter:card\" content=\"summary_large_image\" \/>\n<meta name=\"twitter:creator\" content=\"@TheEpochTimesTR\" \/>\n<meta name=\"twitter:site\" content=\"@TheEpochTimesTR\" \/>\n<meta name=\"twitter:label1\" content=\"Yazan:\" \/>\n\t<meta name=\"twitter:data1\" content=\"Haber Merkezi\" \/>\n\t<meta name=\"twitter:label2\" content=\"Tahmini okuma s\u00fcresi\" \/>\n\t<meta name=\"twitter:data2\" content=\"4 dakika\" \/>\n<script type=\"application\/ld+json\" class=\"yoast-schema-graph\">{\"@context\":\"https:\/\/schema.org\",\"@graph\":[{\"@type\":\"Article\",\"@id\":\"https:\/\/epochtimestr.com\/index.php\/omer-fethi-gurer-pestisit-nedeniyle-iade-edilen-urunler-artti#article\",\"isPartOf\":{\"@id\":\"https:\/\/epochtimestr.com\/index.php\/omer-fethi-gurer-pestisit-nedeniyle-iade-edilen-urunler-artti\"},\"author\":{\"name\":\"Haber Merkezi\",\"@id\":\"https:\/\/epochtimestr.com\/#\/schema\/person\/3dc5c3adeb9f43923c5aa85889172fdd\"},\"headline\":\"\u00d6mer Fethi G\u00fcrer: Pestisit Nedeniyle \u0130ade Edilen \u00dcr\u00fcnler Artt\u0131\",\"datePublished\":\"2026-07-27T05:28:50+00:00\",\"dateModified\":\"2026-07-27T05:28:51+00:00\",\"mainEntityOfPage\":{\"@id\":\"https:\/\/epochtimestr.com\/index.php\/omer-fethi-gurer-pestisit-nedeniyle-iade-edilen-urunler-artti\"},\"wordCount\":675,\"commentCount\":0,\"publisher\":{\"@id\":\"https:\/\/epochtimestr.com\/#organization\"},\"image\":{\"@id\":\"https:\/\/epochtimestr.com\/index.php\/omer-fethi-gurer-pestisit-nedeniyle-iade-edilen-urunler-artti#primaryimage\"},\"thumbnailUrl\":\"https:\/\/epochtimestr.com\/wp-content\/uploads\/2011y\/pixabay-21.jpg\",\"keywords\":[\"AB\",\"aflatoksin\",\"avrupa birli\u011fi\",\"G\u0131da ve Yem \u0130\u00e7in H\u0131zl\u0131 Alarm Sistemi\",\"meyve\",\"Ochratoksin\",\"pestisit\",\"sebze\",\"tar\u0131m\",\"tar\u0131m ve g\u0131da denetimi\"],\"articleSection\":[\"G\u00dcNDEM\",\"Sa\u011fl\u0131k\",\"Ya\u015fam\"],\"inLanguage\":\"tr\",\"potentialAction\":[{\"@type\":\"CommentAction\",\"name\":\"Comment\",\"target\":[\"https:\/\/epochtimestr.com\/index.php\/omer-fethi-gurer-pestisit-nedeniyle-iade-edilen-urunler-artti#respond\"]}]},{\"@type\":\"WebPage\",\"@id\":\"https:\/\/epochtimestr.com\/index.php\/omer-fethi-gurer-pestisit-nedeniyle-iade-edilen-urunler-artti\",\"url\":\"https:\/\/epochtimestr.com\/index.php\/omer-fethi-gurer-pestisit-nedeniyle-iade-edilen-urunler-artti\",\"name\":\"\u00d6mer Fethi G\u00fcrer: Pestisit Nedeniyle \u0130ade Edilen \u00dcr\u00fcnler Artt\u0131 - The Epoch Times TR\",\"isPartOf\":{\"@id\":\"https:\/\/epochtimestr.com\/#website\"},\"primaryImageOfPage\":{\"@id\":\"https:\/\/epochtimestr.com\/index.php\/omer-fethi-gurer-pestisit-nedeniyle-iade-edilen-urunler-artti#primaryimage\"},\"image\":{\"@id\":\"https:\/\/epochtimestr.com\/index.php\/omer-fethi-gurer-pestisit-nedeniyle-iade-edilen-urunler-artti#primaryimage\"},\"thumbnailUrl\":\"https:\/\/epochtimestr.com\/wp-content\/uploads\/2011y\/pixabay-21.jpg\",\"datePublished\":\"2026-07-27T05:28:50+00:00\",\"dateModified\":\"2026-07-27T05:28:51+00:00\",\"description\":\"\u00d6mer Fethi G\u00fcrer, sebze ve meyvelerin \u00fcretildi\u011fi baz\u0131 illerde pestisit kullan\u0131m\u0131n\u0131n d\u00fcnya ortalamas\u0131n\u0131n birka\u00e7 kat\u0131na \u00e7\u0131kt\u0131\u011f\u0131n\u0131 ifade etti.\",\"inLanguage\":\"tr\",\"potentialAction\":[{\"@type\":\"ReadAction\",\"target\":[\"https:\/\/epochtimestr.com\/index.php\/omer-fethi-gurer-pestisit-nedeniyle-iade-edilen-urunler-artti\"]}]},{\"@type\":\"ImageObject\",\"inLanguage\":\"tr\",\"@id\":\"https:\/\/epochtimestr.com\/index.php\/omer-fethi-gurer-pestisit-nedeniyle-iade-edilen-urunler-artti#primaryimage\",\"url\":\"https:\/\/epochtimestr.com\/wp-content\/uploads\/2011y\/pixabay-21.jpg\",\"contentUrl\":\"https:\/\/epochtimestr.com\/wp-content\/uploads\/2011y\/pixabay-21.jpg\",\"width\":1280,\"height\":805},{\"@type\":\"WebSite\",\"@id\":\"https:\/\/epochtimestr.com\/#website\",\"url\":\"https:\/\/epochtimestr.com\/\",\"name\":\"The Epoch Times TR\",\"description\":\"De\u011fi\u015fen D\u00fcnyam\u0131za Taze Bir Bak\u0131\u015f\",\"publisher\":{\"@id\":\"https:\/\/epochtimestr.com\/#organization\"},\"potentialAction\":[{\"@type\":\"SearchAction\",\"target\":{\"@type\":\"EntryPoint\",\"urlTemplate\":\"https:\/\/epochtimestr.com\/?s={search_term_string}\"},\"query-input\":\"required name=search_term_string\"}],\"inLanguage\":\"tr\"},{\"@type\":\"Organization\",\"@id\":\"https:\/\/epochtimestr.com\/#organization\",\"name\":\"The EpochTimes T\u00fcrkiye\",\"url\":\"https:\/\/epochtimestr.com\/\",\"logo\":{\"@type\":\"ImageObject\",\"inLanguage\":\"tr\",\"@id\":\"https:\/\/epochtimestr.com\/#\/schema\/logo\/image\/\",\"url\":\"https:\/\/epochtimestr.com\/wp-content\/uploads\/2011y\/ET-Logo-YG.jpg\",\"contentUrl\":\"https:\/\/epochtimestr.com\/wp-content\/uploads\/2011y\/ET-Logo-YG.jpg\",\"width\":346,\"height\":29,\"caption\":\"The EpochTimes T\u00fcrkiye\"},\"image\":{\"@id\":\"https:\/\/epochtimestr.com\/#\/schema\/logo\/image\/\"},\"sameAs\":[\"https:\/\/www.facebook.com\/theepochtimestr\",\"https:\/\/x.com\/TheEpochTimesTR\",\"https:\/\/www.instagram.com\/epochtimestr\"]},{\"@type\":\"Person\",\"@id\":\"https:\/\/epochtimestr.com\/#\/schema\/person\/3dc5c3adeb9f43923c5aa85889172fdd\",\"name\":\"Haber Merkezi\",\"image\":{\"@type\":\"ImageObject\",\"inLanguage\":\"tr\",\"@id\":\"https:\/\/epochtimestr.com\/#\/schema\/person\/image\/\",\"url\":\"https:\/\/secure.gravatar.com\/avatar\/d73f772ba5a74f28601361e17c2f93e6?s=96&d=mm&r=g\",\"contentUrl\":\"https:\/\/secure.gravatar.com\/avatar\/d73f772ba5a74f28601361e17c2f93e6?s=96&d=mm&r=g\",\"caption\":\"Haber Merkezi\"},\"url\":\"https:\/\/epochtimestr.com\/index.php\/author\/sendag\"}]}<\/script>\n<!-- \/ Yoast SEO plugin. -->","yoast_head_json":{"title":"\u00d6mer Fethi G\u00fcrer: Pestisit Nedeniyle \u0130ade Edilen \u00dcr\u00fcnler Artt\u0131 - The Epoch Times TR","description":"\u00d6mer Fethi G\u00fcrer, sebze ve meyvelerin \u00fcretildi\u011fi baz\u0131 illerde pestisit kullan\u0131m\u0131n\u0131n d\u00fcnya ortalamas\u0131n\u0131n birka\u00e7 kat\u0131na \u00e7\u0131kt\u0131\u011f\u0131n\u0131 ifade etti.","robots":{"index":"index","follow":"follow","max-snippet":"max-snippet:-1","max-image-preview":"max-image-preview:large","max-video-preview":"max-video-preview:-1"},"canonical":"https:\/\/epochtimestr.com\/index.php\/omer-fethi-gurer-pestisit-nedeniyle-iade-edilen-urunler-artti","og_locale":"tr_TR","og_type":"article","og_title":"\u00d6mer Fethi G\u00fcrer: Pestisit Nedeniyle \u0130ade Edilen \u00dcr\u00fcnler Artt\u0131 - The Epoch Times TR","og_description":"\u00d6mer Fethi G\u00fcrer, sebze ve meyvelerin \u00fcretildi\u011fi baz\u0131 illerde pestisit kullan\u0131m\u0131n\u0131n d\u00fcnya ortalamas\u0131n\u0131n birka\u00e7 kat\u0131na \u00e7\u0131kt\u0131\u011f\u0131n\u0131 ifade etti.","og_url":"https:\/\/epochtimestr.com\/index.php\/omer-fethi-gurer-pestisit-nedeniyle-iade-edilen-urunler-artti","og_site_name":"The Epoch Times TR","article_publisher":"https:\/\/www.facebook.com\/theepochtimestr","article_published_time":"2026-07-27T05:28:50+00:00","article_modified_time":"2026-07-27T05:28:51+00:00","og_image":[{"width":1280,"height":805,"url":"https:\/\/epochtimestr.com\/wp-content\/uploads\/2011y\/pixabay-21.jpg","type":"image\/jpeg"}],"author":"Haber Merkezi","twitter_card":"summary_large_image","twitter_creator":"@TheEpochTimesTR","twitter_site":"@TheEpochTimesTR","twitter_misc":{"Yazan:":"Haber Merkezi","Tahmini okuma s\u00fcresi":"4 dakika"},"schema":{"@context":"https:\/\/schema.org","@graph":[{"@type":"Article","@id":"https:\/\/epochtimestr.com\/index.php\/omer-fethi-gurer-pestisit-nedeniyle-iade-edilen-urunler-artti#article","isPartOf":{"@id":"https:\/\/epochtimestr.com\/index.php\/omer-fethi-gurer-pestisit-nedeniyle-iade-edilen-urunler-artti"},"author":{"name":"Haber Merkezi","@id":"https:\/\/epochtimestr.com\/#\/schema\/person\/3dc5c3adeb9f43923c5aa85889172fdd"},"headline":"\u00d6mer Fethi G\u00fcrer: Pestisit Nedeniyle \u0130ade Edilen \u00dcr\u00fcnler Artt\u0131","datePublished":"2026-07-27T05:28:50+00:00","dateModified":"2026-07-27T05:28:51+00:00","mainEntityOfPage":{"@id":"https:\/\/epochtimestr.com\/index.php\/omer-fethi-gurer-pestisit-nedeniyle-iade-edilen-urunler-artti"},"wordCount":675,"commentCount":0,"publisher":{"@id":"https:\/\/epochtimestr.com\/#organization"},"image":{"@id":"https:\/\/epochtimestr.com\/index.php\/omer-fethi-gurer-pestisit-nedeniyle-iade-edilen-urunler-artti#primaryimage"},"thumbnailUrl":"https:\/\/epochtimestr.com\/wp-content\/uploads\/2011y\/pixabay-21.jpg","keywords":["AB","aflatoksin","avrupa birli\u011fi","G\u0131da ve Yem \u0130\u00e7in H\u0131zl\u0131 Alarm Sistemi","meyve","Ochratoksin","pestisit","sebze","tar\u0131m","tar\u0131m ve g\u0131da denetimi"],"articleSection":["G\u00dcNDEM","Sa\u011fl\u0131k","Ya\u015fam"],"inLanguage":"tr","potentialAction":[{"@type":"CommentAction","name":"Comment","target":["https:\/\/epochtimestr.com\/index.php\/omer-fethi-gurer-pestisit-nedeniyle-iade-edilen-urunler-artti#respond"]}]},{"@type":"WebPage","@id":"https:\/\/epochtimestr.com\/index.php\/omer-fethi-gurer-pestisit-nedeniyle-iade-edilen-urunler-artti","url":"https:\/\/epochtimestr.com\/index.php\/omer-fethi-gurer-pestisit-nedeniyle-iade-edilen-urunler-artti","name":"\u00d6mer Fethi G\u00fcrer: Pestisit Nedeniyle \u0130ade Edilen \u00dcr\u00fcnler Artt\u0131 - The Epoch Times TR","isPartOf":{"@id":"https:\/\/epochtimestr.com\/#website"},"primaryImageOfPage":{"@id":"https:\/\/epochtimestr.com\/index.php\/omer-fethi-gurer-pestisit-nedeniyle-iade-edilen-urunler-artti#primaryimage"},"image":{"@id":"https:\/\/epochtimestr.com\/index.php\/omer-fethi-gurer-pestisit-nedeniyle-iade-edilen-urunler-artti#primaryimage"},"thumbnailUrl":"https:\/\/epochtimestr.com\/wp-content\/uploads\/2011y\/pixabay-21.jpg","datePublished":"2026-07-27T05:28:50+00:00","dateModified":"2026-07-27T05:28:51+00:00","description":"\u00d6mer Fethi G\u00fcrer, sebze ve meyvelerin \u00fcretildi\u011fi baz\u0131 illerde pestisit kullan\u0131m\u0131n\u0131n d\u00fcnya ortalamas\u0131n\u0131n birka\u00e7 kat\u0131na \u00e7\u0131kt\u0131\u011f\u0131n\u0131 ifade etti.","inLanguage":"tr","potentialAction":[{"@type":"ReadAction","target":["https:\/\/epochtimestr.com\/index.php\/omer-fethi-gurer-pestisit-nedeniyle-iade-edilen-urunler-artti"]}]},{"@type":"ImageObject","inLanguage":"tr","@id":"https:\/\/epochtimestr.com\/index.php\/omer-fethi-gurer-pestisit-nedeniyle-iade-edilen-urunler-artti#primaryimage","url":"https:\/\/epochtimestr.com\/wp-content\/uploads\/2011y\/pixabay-21.jpg","contentUrl":"https:\/\/epochtimestr.com\/wp-content\/uploads\/2011y\/pixabay-21.jpg","width":1280,"height":805},{"@type":"WebSite","@id":"https:\/\/epochtimestr.com\/#website","url":"https:\/\/epochtimestr.com\/","name":"The Epoch Times TR","description":"De\u011fi\u015fen D\u00fcnyam\u0131za Taze Bir Bak\u0131\u015f","publisher":{"@id":"https:\/\/epochtimestr.com\/#organization"},"potentialAction":[{"@type":"SearchAction","target":{"@type":"EntryPoint","urlTemplate":"https:\/\/epochtimestr.com\/?s={search_term_string}"},"query-input":"required name=search_term_string"}],"inLanguage":"tr"},{"@type":"Organization","@id":"https:\/\/epochtimestr.com\/#organization","name":"The EpochTimes T\u00fcrkiye","url":"https:\/\/epochtimestr.com\/","logo":{"@type":"ImageObject","inLanguage":"tr","@id":"https:\/\/epochtimestr.com\/#\/schema\/logo\/image\/","url":"https:\/\/epochtimestr.com\/wp-content\/uploads\/2011y\/ET-Logo-YG.jpg","contentUrl":"https:\/\/epochtimestr.com\/wp-content\/uploads\/2011y\/ET-Logo-YG.jpg","width":346,"height":29,"caption":"The EpochTimes T\u00fcrkiye"},"image":{"@id":"https:\/\/epochtimestr.com\/#\/schema\/logo\/image\/"},"sameAs":["https:\/\/www.facebook.com\/theepochtimestr","https:\/\/x.com\/TheEpochTimesTR","https:\/\/www.instagram.com\/epochtimestr"]},{"@type":"Person","@id":"https:\/\/epochtimestr.com\/#\/schema\/person\/3dc5c3adeb9f43923c5aa85889172fdd","name":"Haber Merkezi","image":{"@type":"ImageObject","inLanguage":"tr","@id":"https:\/\/epochtimestr.com\/#\/schema\/person\/image\/","url":"https:\/\/secure.gravatar.com\/avatar\/d73f772ba5a74f28601361e17c2f93e6?s=96&d=mm&r=g","contentUrl":"https:\/\/secure.gravatar.com\/avatar\/d73f772ba5a74f28601361e17c2f93e6?s=96&d=mm&r=g","caption":"Haber Merkezi"},"url":"https:\/\/epochtimestr.com\/index.php\/author\/sendag"}]}},"_links":{"self":[{"href":"https:\/\/epochtimestr.com\/index.php\/wp-json\/wp\/v2\/posts\/169292"}],"collection":[{"href":"https:\/\/epochtimestr.com\/index.php\/wp-json\/wp\/v2\/posts"}],"about":[{"href":"https:\/\/epochtimestr.com\/index.php\/wp-json\/wp\/v2\/types\/post"}],"author":[{"embeddable":true,"href":"https:\/\/epochtimestr.com\/index.php\/wp-json\/wp\/v2\/users\/12791"}],"replies":[{"embeddable":true,"href":"https:\/\/epochtimestr.com\/index.php\/wp-json\/wp\/v2\/comments?post=169292"}],"version-history":[{"count":2,"href":"https:\/\/epochtimestr.com\/index.php\/wp-json\/wp\/v2\/posts\/169292\/revisions"}],"predecessor-version":[{"id":169296,"href":"https:\/\/epochtimestr.com\/index.php\/wp-json\/wp\/v2\/posts\/169292\/revisions\/169296"}],"wp:featuredmedia":[{"embeddable":true,"href":"https:\/\/epochtimestr.com\/index.php\/wp-json\/wp\/v2\/media\/169293"}],"wp:attachment":[{"href":"https:\/\/epochtimestr.com\/index.php\/wp-json\/wp\/v2\/media?parent=169292"}],"wp:term":[{"taxonomy":"category","embeddable":true,"href":"https:\/\/epochtimestr.com\/index.php\/wp-json\/wp\/v2\/categories?post=169292"},{"taxonomy":"post_tag","embeddable":true,"href":"https:\/\/epochtimestr.com\/index.php\/wp-json\/wp\/v2\/tags?post=169292"}],"curies":[{"name":"wp","href":"https:\/\/api.w.org\/{rel}","templated":true}]}}