{"id":169309,"date":"2026-07-27T15:58:18","date_gmt":"2026-07-27T12:58:18","guid":{"rendered":"https:\/\/epochtimestr.com\/?p=169309"},"modified":"2026-07-27T15:58:21","modified_gmt":"2026-07-27T12:58:21","slug":"odyssey-resmi-olarak-dunya-capinda-gise-rekoru-kirdi","status":"publish","type":"post","link":"https:\/\/epochtimestr.com\/index.php\/odyssey-resmi-olarak-dunya-capinda-gise-rekoru-kirdi","title":{"rendered":"Odyssey\u00a0Resmi Olarak D\u00fcnya \u00c7ap\u0131nda Gi\u015fe Rekoru K\u0131rd\u0131"},"content":{"rendered":"<div class=\"wp-block-image\">\n<figure class=\"aligncenter size-full is-resized\"><img loading=\"lazy\" decoding=\"async\" width=\"678\" height=\"452\" src=\"https:\/\/epochtimestr.com\/wp-content\/uploads\/2011y\/nolan.jpg\" alt=\"\" class=\"wp-image-169311\" style=\"width:678px;height:auto\" srcset=\"https:\/\/epochtimestr.com\/wp-content\/uploads\/2011y\/nolan.jpg 678w, https:\/\/epochtimestr.com\/wp-content\/uploads\/2011y\/nolan-300x200.jpg 300w, https:\/\/epochtimestr.com\/wp-content\/uploads\/2011y\/nolan-150x100.jpg 150w\" sizes=\"(max-width: 678px) 100vw, 678px\" \/><figcaption class=\"wp-element-caption\"><em>Odyssey<\/em>\u00a0resmi olarak d\u00fcnya \u00e7ap\u0131nda gi\u015fe rekoru k\u0131rd\u0131. (Foto\u011fraf: CGV cinemas)<\/figcaption><\/figure><\/div>\n\n\n<h2 class=\"wp-block-heading\">Christopher Nolan&#8217;\u0131n yeni projesi Odyssey, antik tarihin k\u00f6kenleri \u00fczerine akademisyenleri ikiye b\u00f6ld\u00fc. Nolan bilimkurgudan tarihi dramalara kadar geni\u015f bir yelpazede benzersiz i\u015flere imza att\u0131.<\/h2>\n\n\n\n<p><a href=\"https:\/\/epochtimestr.com\/index.php\/83-oscar-odullerinin-en-cok-konusulan-filmi-inception-baslangic\" target=\"_blank\" rel=\"noreferrer noopener\">Christopher Nolan<\/a>&#8216;\u0131n yeni projesi <a href=\"https:\/\/epochtimestr.com\/index.php\/ait-olunacak-bir-yer-bir-evi-siginaga-donusturme-sanati\">Odyssey<\/a>, antik tarihin k\u00f6kenleri \u00fczerine Akademisyenleri ikiye b\u00f6ld\u00fc. Nolan bilimkurgudan tarihi dramalara kadar geni\u015f bir yelpazede benzersiz i\u015flere imza att\u0131. Nolan&#8217;\u0131n merakla beklenen tarihi destan\u0131 Odyssey, resmi olarak d\u00fcnya \u00e7ap\u0131nda gi\u015fe rekorlar\u0131 k\u0131rd\u0131. Ancak yarat\u0131c\u0131 tercihleri \u200b\u200bakademik uzmanlar aras\u0131nda b\u00fcy\u00fck bir i\u00e7 sava\u015fa yol a\u00e7t\u0131. <\/p>\n\n\n\n<p>Universal Pictures taraf\u0131ndan 17 Temmuz 2026&#8217;da vizyona giren 250 milyon dolarl\u0131k gi\u015fe rekorlar\u0131 k\u0131ran filmde Matt Damon, Odysseus rol\u00fcnde. Ayr\u0131ca Zendaya, Tom Holland ve Anne Hathaway gibi A s\u0131n\u0131f\u0131 oyuncular da filmde rol al\u0131yor. Genel sinema izleyicileri, tamamen IMAX 70mm film kameralar\u0131yla \u00e7ekilen ilk filmi deneyimlemek i\u00e7in sinema salonlar\u0131n\u0131 doldururdu. <\/p>\n\n\n\n<p>Klasik\u00e7iler ve edebiyat tarih\u00e7ileri, Nolan&#8217;\u0131n antik metne y\u00f6nelik tematik yakla\u015f\u0131m\u0131 konusunda \u015fiddetli bir \u015fekilde ikiye b\u00f6l\u00fcnm\u00fc\u015f durumda. \u00d6zellikle eserin do\u011fdu\u011fu topraklarda, Yunanistan&#8217;da b\u00fcy\u00fck bir yank\u0131 uyand\u0131rd\u0131. \u00d6te yandan T\u00fcrkiye&#8217;de ilk \u00fc\u00e7 g\u00fcn\u00fcnde 224 bin seyirci taraf\u0131ndan izlenerek y\u0131l\u0131n en iyi a\u00e7\u0131l\u0131\u015f\u0131n\u0131 yapt\u0131.<\/p>\n\n\n<div class=\"wp-block-image\">\n<figure class=\"aligncenter size-full\"><img loading=\"lazy\" decoding=\"async\" width=\"387\" height=\"516\" src=\"https:\/\/epochtimestr.com\/wp-content\/uploads\/2011y\/odyssey-1.jpg\" alt=\"\" class=\"wp-image-169312\" srcset=\"https:\/\/epochtimestr.com\/wp-content\/uploads\/2011y\/odyssey-1.jpg 387w, https:\/\/epochtimestr.com\/wp-content\/uploads\/2011y\/odyssey-1-225x300.jpg 225w, https:\/\/epochtimestr.com\/wp-content\/uploads\/2011y\/odyssey-1-113x150.jpg 113w\" sizes=\"(max-width: 387px) 100vw, 387px\" \/><\/figure><\/div>\n\n\n<p>Film Ege Denizi&#8217;nin h\u0131r\u00e7\u0131n dalgalar\u0131n\u0131, canavarlar\u0131 ve mistik adalar\u0131 izleyiciye en ger\u00e7ek\u00e7i \u015fekilde hissettiriyor. Teknik analizler, bu projenin sadece bir mitoloji filmi de\u011fil, ayn\u0131 zamanda bir insan\u0131n i\u00e7sel ve fiziksel hayatta kalma m\u00fccadelesini anlatan sinematik bir deneyim olaca\u011f\u0131n\u0131 \u00f6ng\u00f6r\u00fcyor.<\/p>\n\n\n\n<p>Homeros\u2019un destan\u0131, do\u011frusal (lineer) olmayan bir zaman ak\u0131\u015f\u0131na sahiptir. Hikaye ortadan ba\u015flar, ge\u00e7mi\u015fe d\u00f6n\u00fc\u015flerle (flashback) \u015fekillenir ve farkl\u0131 mekanlarda e\u015fzamanl\u0131 geli\u015fen olaylarla ilerler. Nolan\u2019\u0131n Memento, Inception ve Oppenheimer gibi ba\u015fyap\u0131tlar\u0131nda kulland\u0131\u011f\u0131 zaman b\u00fckme teknikleri, bu antik anlat\u0131 yap\u0131s\u0131yla kusursuz bir uyum g\u00f6stermektedir.<\/p>\n\n\n\n<p>Homeros\u2019un M.\u00d6. 8. y\u00fczy\u0131lda yaz\u0131ya d\u00f6kt\u00fc\u011f\u00fc kabul edilen Odysseus destan\u0131, Truva Sava\u015f\u0131\u2019n\u0131n ard\u0131ndan evine, \u0130thaka\u2019ya d\u00f6nmeye \u00e7al\u0131\u015fan Akha kral\u0131 Odysseus\u2019un on y\u0131l s\u00fcren zorlu yolculu\u011funu anlat\u0131r.<\/p>\n","protected":false},"excerpt":{"rendered":"<p>Christopher Nolan&#8217;\u0131n yeni projesi Odyssey, antik tarihin k\u00f6kenleri \u00fczerine akademisyenleri ikiye b\u00f6ld\u00fc. Nolan bilimkurgudan tarihi dramalara kadar geni\u015f bir yelpazede benzersiz i\u015flere imza att\u0131. Christopher Nolan&#8216;\u0131n yeni projesi Odyssey, antik tarihin k\u00f6kenleri \u00fczerine Akademisyenleri ikiye b\u00f6ld\u00fc. Nolan bilimkurgudan tarihi dramalara kadar geni\u015f bir yelpazede benzersiz i\u015flere imza att\u0131. Nolan&#8217;\u0131n merakla beklenen tarihi destan\u0131 Odyssey, resmi [&hellip;]<\/p>\n","protected":false},"author":12791,"featured_media":169311,"comment_status":"open","ping_status":"open","sticky":false,"template":"","format":"standard","meta":{"_yoast_wpseo_focuskw":"Odyssey","_yoast_wpseo_title":"","_yoast_wpseo_metadesc":"Bilimkurgudan tarihi dramalara kadar geni\u015f bir yelpazede benzersiz i\u015flere imza atan Nolan'\u0131n Odyssey filmi akademisyenleri ikiye b\u00f6ld\u00fc.","_bbp_topic_count":0,"_bbp_reply_count":0,"_bbp_total_topic_count":0,"_bbp_total_reply_count":0,"_bbp_voice_count":0,"_bbp_anonymous_reply_count":0,"_bbp_topic_count_hidden":0,"_bbp_reply_count_hidden":0,"_bbp_forum_subforum_count":0,"footnotes":"","_yoast_wpseo_focuskw_text_input":""},"categories":[8204,1,8138,8419],"tags":[11936,11939,11935,11934,684],"yoast_head":"<!-- This site is optimized with the Yoast SEO plugin v23.0 - https:\/\/yoast.com\/wordpress\/plugins\/seo\/ -->\n<title>Odyssey\u00a0Resmi Olarak D\u00fcnya \u00c7ap\u0131nda Gi\u015fe Rekoru K\u0131rd\u0131 - The Epoch Times TR<\/title>\n<meta name=\"description\" content=\"Bilimkurgudan tarihi dramalara kadar geni\u015f bir yelpazede benzersiz i\u015flere imza atan Nolan&#039;\u0131n Odyssey filmi akademisyenleri ikiye b\u00f6ld\u00fc.\" \/>\n<meta name=\"robots\" content=\"index, follow, max-snippet:-1, max-image-preview:large, max-video-preview:-1\" \/>\n<link rel=\"canonical\" href=\"https:\/\/epochtimestr.com\/index.php\/odyssey-resmi-olarak-dunya-capinda-gise-rekoru-kirdi\" \/>\n<meta property=\"og:locale\" content=\"tr_TR\" \/>\n<meta property=\"og:type\" content=\"article\" \/>\n<meta property=\"og:title\" content=\"Odyssey\u00a0Resmi Olarak D\u00fcnya \u00c7ap\u0131nda Gi\u015fe Rekoru K\u0131rd\u0131 - The Epoch Times TR\" \/>\n<meta property=\"og:description\" content=\"Bilimkurgudan tarihi dramalara kadar geni\u015f bir yelpazede benzersiz i\u015flere imza atan Nolan&#039;\u0131n Odyssey filmi akademisyenleri ikiye b\u00f6ld\u00fc.\" \/>\n<meta property=\"og:url\" content=\"https:\/\/epochtimestr.com\/index.php\/odyssey-resmi-olarak-dunya-capinda-gise-rekoru-kirdi\" \/>\n<meta property=\"og:site_name\" content=\"The Epoch Times TR\" \/>\n<meta property=\"article:publisher\" content=\"https:\/\/www.facebook.com\/theepochtimestr\" \/>\n<meta property=\"article:published_time\" content=\"2026-07-27T12:58:18+00:00\" \/>\n<meta property=\"article:modified_time\" content=\"2026-07-27T12:58:21+00:00\" \/>\n<meta property=\"og:image\" content=\"https:\/\/epochtimestr.com\/wp-content\/uploads\/2011y\/nolan.jpg\" \/>\n\t<meta property=\"og:image:width\" content=\"678\" \/>\n\t<meta property=\"og:image:height\" content=\"452\" \/>\n\t<meta property=\"og:image:type\" content=\"image\/jpeg\" \/>\n<meta name=\"author\" content=\"Haber Merkezi\" \/>\n<meta name=\"twitter:card\" content=\"summary_large_image\" \/>\n<meta name=\"twitter:creator\" content=\"@TheEpochTimesTR\" \/>\n<meta name=\"twitter:site\" content=\"@TheEpochTimesTR\" \/>\n<meta name=\"twitter:label1\" content=\"Yazan:\" \/>\n\t<meta name=\"twitter:data1\" content=\"Haber Merkezi\" \/>\n\t<meta name=\"twitter:label2\" content=\"Tahmini okuma s\u00fcresi\" \/>\n\t<meta name=\"twitter:data2\" content=\"3 dakika\" \/>\n<script type=\"application\/ld+json\" class=\"yoast-schema-graph\">{\"@context\":\"https:\/\/schema.org\",\"@graph\":[{\"@type\":\"Article\",\"@id\":\"https:\/\/epochtimestr.com\/index.php\/odyssey-resmi-olarak-dunya-capinda-gise-rekoru-kirdi#article\",\"isPartOf\":{\"@id\":\"https:\/\/epochtimestr.com\/index.php\/odyssey-resmi-olarak-dunya-capinda-gise-rekoru-kirdi\"},\"author\":{\"name\":\"Haber Merkezi\",\"@id\":\"https:\/\/epochtimestr.com\/#\/schema\/person\/3dc5c3adeb9f43923c5aa85889172fdd\"},\"headline\":\"Odyssey\u00a0Resmi Olarak D\u00fcnya \u00c7ap\u0131nda Gi\u015fe Rekoru K\u0131rd\u0131\",\"datePublished\":\"2026-07-27T12:58:18+00:00\",\"dateModified\":\"2026-07-27T12:58:21+00:00\",\"mainEntityOfPage\":{\"@id\":\"https:\/\/epochtimestr.com\/index.php\/odyssey-resmi-olarak-dunya-capinda-gise-rekoru-kirdi\"},\"wordCount\":392,\"commentCount\":0,\"publisher\":{\"@id\":\"https:\/\/epochtimestr.com\/#organization\"},\"image\":{\"@id\":\"https:\/\/epochtimestr.com\/index.php\/odyssey-resmi-olarak-dunya-capinda-gise-rekoru-kirdi#primaryimage\"},\"thumbnailUrl\":\"https:\/\/epochtimestr.com\/wp-content\/uploads\/2011y\/nolan.jpg\",\"keywords\":[\"Christopher Nolan\",\"gi\u015fe rekoru\",\"Matt Damon\",\"Odyssey\",\"sinema\"],\"articleSection\":[\"Film &amp; TV\",\"G\u00dcNDEM\",\"MAN\u015eET\",\"Ya\u015fam\"],\"inLanguage\":\"tr\",\"potentialAction\":[{\"@type\":\"CommentAction\",\"name\":\"Comment\",\"target\":[\"https:\/\/epochtimestr.com\/index.php\/odyssey-resmi-olarak-dunya-capinda-gise-rekoru-kirdi#respond\"]}]},{\"@type\":\"WebPage\",\"@id\":\"https:\/\/epochtimestr.com\/index.php\/odyssey-resmi-olarak-dunya-capinda-gise-rekoru-kirdi\",\"url\":\"https:\/\/epochtimestr.com\/index.php\/odyssey-resmi-olarak-dunya-capinda-gise-rekoru-kirdi\",\"name\":\"Odyssey\u00a0Resmi Olarak D\u00fcnya \u00c7ap\u0131nda Gi\u015fe Rekoru K\u0131rd\u0131 - The Epoch Times TR\",\"isPartOf\":{\"@id\":\"https:\/\/epochtimestr.com\/#website\"},\"primaryImageOfPage\":{\"@id\":\"https:\/\/epochtimestr.com\/index.php\/odyssey-resmi-olarak-dunya-capinda-gise-rekoru-kirdi#primaryimage\"},\"image\":{\"@id\":\"https:\/\/epochtimestr.com\/index.php\/odyssey-resmi-olarak-dunya-capinda-gise-rekoru-kirdi#primaryimage\"},\"thumbnailUrl\":\"https:\/\/epochtimestr.com\/wp-content\/uploads\/2011y\/nolan.jpg\",\"datePublished\":\"2026-07-27T12:58:18+00:00\",\"dateModified\":\"2026-07-27T12:58:21+00:00\",\"description\":\"Bilimkurgudan tarihi dramalara kadar geni\u015f bir yelpazede benzersiz i\u015flere imza atan Nolan'\u0131n Odyssey filmi akademisyenleri ikiye b\u00f6ld\u00fc.\",\"inLanguage\":\"tr\",\"potentialAction\":[{\"@type\":\"ReadAction\",\"target\":[\"https:\/\/epochtimestr.com\/index.php\/odyssey-resmi-olarak-dunya-capinda-gise-rekoru-kirdi\"]}]},{\"@type\":\"ImageObject\",\"inLanguage\":\"tr\",\"@id\":\"https:\/\/epochtimestr.com\/index.php\/odyssey-resmi-olarak-dunya-capinda-gise-rekoru-kirdi#primaryimage\",\"url\":\"https:\/\/epochtimestr.com\/wp-content\/uploads\/2011y\/nolan.jpg\",\"contentUrl\":\"https:\/\/epochtimestr.com\/wp-content\/uploads\/2011y\/nolan.jpg\",\"width\":678,\"height\":452},{\"@type\":\"WebSite\",\"@id\":\"https:\/\/epochtimestr.com\/#website\",\"url\":\"https:\/\/epochtimestr.com\/\",\"name\":\"The Epoch Times TR\",\"description\":\"De\u011fi\u015fen D\u00fcnyam\u0131za Taze Bir Bak\u0131\u015f\",\"publisher\":{\"@id\":\"https:\/\/epochtimestr.com\/#organization\"},\"potentialAction\":[{\"@type\":\"SearchAction\",\"target\":{\"@type\":\"EntryPoint\",\"urlTemplate\":\"https:\/\/epochtimestr.com\/?s={search_term_string}\"},\"query-input\":\"required name=search_term_string\"}],\"inLanguage\":\"tr\"},{\"@type\":\"Organization\",\"@id\":\"https:\/\/epochtimestr.com\/#organization\",\"name\":\"The EpochTimes T\u00fcrkiye\",\"url\":\"https:\/\/epochtimestr.com\/\",\"logo\":{\"@type\":\"ImageObject\",\"inLanguage\":\"tr\",\"@id\":\"https:\/\/epochtimestr.com\/#\/schema\/logo\/image\/\",\"url\":\"https:\/\/epochtimestr.com\/wp-content\/uploads\/2011y\/ET-Logo-YG.jpg\",\"contentUrl\":\"https:\/\/epochtimestr.com\/wp-content\/uploads\/2011y\/ET-Logo-YG.jpg\",\"width\":346,\"height\":29,\"caption\":\"The EpochTimes T\u00fcrkiye\"},\"image\":{\"@id\":\"https:\/\/epochtimestr.com\/#\/schema\/logo\/image\/\"},\"sameAs\":[\"https:\/\/www.facebook.com\/theepochtimestr\",\"https:\/\/x.com\/TheEpochTimesTR\",\"https:\/\/www.instagram.com\/epochtimestr\"]},{\"@type\":\"Person\",\"@id\":\"https:\/\/epochtimestr.com\/#\/schema\/person\/3dc5c3adeb9f43923c5aa85889172fdd\",\"name\":\"Haber Merkezi\",\"image\":{\"@type\":\"ImageObject\",\"inLanguage\":\"tr\",\"@id\":\"https:\/\/epochtimestr.com\/#\/schema\/person\/image\/\",\"url\":\"https:\/\/secure.gravatar.com\/avatar\/d73f772ba5a74f28601361e17c2f93e6?s=96&d=mm&r=g\",\"contentUrl\":\"https:\/\/secure.gravatar.com\/avatar\/d73f772ba5a74f28601361e17c2f93e6?s=96&d=mm&r=g\",\"caption\":\"Haber Merkezi\"},\"url\":\"https:\/\/epochtimestr.com\/index.php\/author\/sendag\"}]}<\/script>\n<!-- \/ Yoast SEO plugin. -->","yoast_head_json":{"title":"Odyssey\u00a0Resmi Olarak D\u00fcnya \u00c7ap\u0131nda Gi\u015fe Rekoru K\u0131rd\u0131 - The Epoch Times TR","description":"Bilimkurgudan tarihi dramalara kadar geni\u015f bir yelpazede benzersiz i\u015flere imza atan Nolan'\u0131n Odyssey filmi akademisyenleri ikiye b\u00f6ld\u00fc.","robots":{"index":"index","follow":"follow","max-snippet":"max-snippet:-1","max-image-preview":"max-image-preview:large","max-video-preview":"max-video-preview:-1"},"canonical":"https:\/\/epochtimestr.com\/index.php\/odyssey-resmi-olarak-dunya-capinda-gise-rekoru-kirdi","og_locale":"tr_TR","og_type":"article","og_title":"Odyssey\u00a0Resmi Olarak D\u00fcnya \u00c7ap\u0131nda Gi\u015fe Rekoru K\u0131rd\u0131 - The Epoch Times TR","og_description":"Bilimkurgudan tarihi dramalara kadar geni\u015f bir yelpazede benzersiz i\u015flere imza atan Nolan'\u0131n Odyssey filmi akademisyenleri ikiye b\u00f6ld\u00fc.","og_url":"https:\/\/epochtimestr.com\/index.php\/odyssey-resmi-olarak-dunya-capinda-gise-rekoru-kirdi","og_site_name":"The Epoch Times TR","article_publisher":"https:\/\/www.facebook.com\/theepochtimestr","article_published_time":"2026-07-27T12:58:18+00:00","article_modified_time":"2026-07-27T12:58:21+00:00","og_image":[{"width":678,"height":452,"url":"https:\/\/epochtimestr.com\/wp-content\/uploads\/2011y\/nolan.jpg","type":"image\/jpeg"}],"author":"Haber Merkezi","twitter_card":"summary_large_image","twitter_creator":"@TheEpochTimesTR","twitter_site":"@TheEpochTimesTR","twitter_misc":{"Yazan:":"Haber Merkezi","Tahmini okuma s\u00fcresi":"3 dakika"},"schema":{"@context":"https:\/\/schema.org","@graph":[{"@type":"Article","@id":"https:\/\/epochtimestr.com\/index.php\/odyssey-resmi-olarak-dunya-capinda-gise-rekoru-kirdi#article","isPartOf":{"@id":"https:\/\/epochtimestr.com\/index.php\/odyssey-resmi-olarak-dunya-capinda-gise-rekoru-kirdi"},"author":{"name":"Haber Merkezi","@id":"https:\/\/epochtimestr.com\/#\/schema\/person\/3dc5c3adeb9f43923c5aa85889172fdd"},"headline":"Odyssey\u00a0Resmi Olarak D\u00fcnya \u00c7ap\u0131nda Gi\u015fe Rekoru K\u0131rd\u0131","datePublished":"2026-07-27T12:58:18+00:00","dateModified":"2026-07-27T12:58:21+00:00","mainEntityOfPage":{"@id":"https:\/\/epochtimestr.com\/index.php\/odyssey-resmi-olarak-dunya-capinda-gise-rekoru-kirdi"},"wordCount":392,"commentCount":0,"publisher":{"@id":"https:\/\/epochtimestr.com\/#organization"},"image":{"@id":"https:\/\/epochtimestr.com\/index.php\/odyssey-resmi-olarak-dunya-capinda-gise-rekoru-kirdi#primaryimage"},"thumbnailUrl":"https:\/\/epochtimestr.com\/wp-content\/uploads\/2011y\/nolan.jpg","keywords":["Christopher Nolan","gi\u015fe rekoru","Matt Damon","Odyssey","sinema"],"articleSection":["Film &amp; TV","G\u00dcNDEM","MAN\u015eET","Ya\u015fam"],"inLanguage":"tr","potentialAction":[{"@type":"CommentAction","name":"Comment","target":["https:\/\/epochtimestr.com\/index.php\/odyssey-resmi-olarak-dunya-capinda-gise-rekoru-kirdi#respond"]}]},{"@type":"WebPage","@id":"https:\/\/epochtimestr.com\/index.php\/odyssey-resmi-olarak-dunya-capinda-gise-rekoru-kirdi","url":"https:\/\/epochtimestr.com\/index.php\/odyssey-resmi-olarak-dunya-capinda-gise-rekoru-kirdi","name":"Odyssey\u00a0Resmi Olarak D\u00fcnya \u00c7ap\u0131nda Gi\u015fe Rekoru K\u0131rd\u0131 - The Epoch Times TR","isPartOf":{"@id":"https:\/\/epochtimestr.com\/#website"},"primaryImageOfPage":{"@id":"https:\/\/epochtimestr.com\/index.php\/odyssey-resmi-olarak-dunya-capinda-gise-rekoru-kirdi#primaryimage"},"image":{"@id":"https:\/\/epochtimestr.com\/index.php\/odyssey-resmi-olarak-dunya-capinda-gise-rekoru-kirdi#primaryimage"},"thumbnailUrl":"https:\/\/epochtimestr.com\/wp-content\/uploads\/2011y\/nolan.jpg","datePublished":"2026-07-27T12:58:18+00:00","dateModified":"2026-07-27T12:58:21+00:00","description":"Bilimkurgudan tarihi dramalara kadar geni\u015f bir yelpazede benzersiz i\u015flere imza atan Nolan'\u0131n Odyssey filmi akademisyenleri ikiye b\u00f6ld\u00fc.","inLanguage":"tr","potentialAction":[{"@type":"ReadAction","target":["https:\/\/epochtimestr.com\/index.php\/odyssey-resmi-olarak-dunya-capinda-gise-rekoru-kirdi"]}]},{"@type":"ImageObject","inLanguage":"tr","@id":"https:\/\/epochtimestr.com\/index.php\/odyssey-resmi-olarak-dunya-capinda-gise-rekoru-kirdi#primaryimage","url":"https:\/\/epochtimestr.com\/wp-content\/uploads\/2011y\/nolan.jpg","contentUrl":"https:\/\/epochtimestr.com\/wp-content\/uploads\/2011y\/nolan.jpg","width":678,"height":452},{"@type":"WebSite","@id":"https:\/\/epochtimestr.com\/#website","url":"https:\/\/epochtimestr.com\/","name":"The Epoch Times TR","description":"De\u011fi\u015fen D\u00fcnyam\u0131za Taze Bir Bak\u0131\u015f","publisher":{"@id":"https:\/\/epochtimestr.com\/#organization"},"potentialAction":[{"@type":"SearchAction","target":{"@type":"EntryPoint","urlTemplate":"https:\/\/epochtimestr.com\/?s={search_term_string}"},"query-input":"required name=search_term_string"}],"inLanguage":"tr"},{"@type":"Organization","@id":"https:\/\/epochtimestr.com\/#organization","name":"The EpochTimes T\u00fcrkiye","url":"https:\/\/epochtimestr.com\/","logo":{"@type":"ImageObject","inLanguage":"tr","@id":"https:\/\/epochtimestr.com\/#\/schema\/logo\/image\/","url":"https:\/\/epochtimestr.com\/wp-content\/uploads\/2011y\/ET-Logo-YG.jpg","contentUrl":"https:\/\/epochtimestr.com\/wp-content\/uploads\/2011y\/ET-Logo-YG.jpg","width":346,"height":29,"caption":"The EpochTimes T\u00fcrkiye"},"image":{"@id":"https:\/\/epochtimestr.com\/#\/schema\/logo\/image\/"},"sameAs":["https:\/\/www.facebook.com\/theepochtimestr","https:\/\/x.com\/TheEpochTimesTR","https:\/\/www.instagram.com\/epochtimestr"]},{"@type":"Person","@id":"https:\/\/epochtimestr.com\/#\/schema\/person\/3dc5c3adeb9f43923c5aa85889172fdd","name":"Haber Merkezi","image":{"@type":"ImageObject","inLanguage":"tr","@id":"https:\/\/epochtimestr.com\/#\/schema\/person\/image\/","url":"https:\/\/secure.gravatar.com\/avatar\/d73f772ba5a74f28601361e17c2f93e6?s=96&d=mm&r=g","contentUrl":"https:\/\/secure.gravatar.com\/avatar\/d73f772ba5a74f28601361e17c2f93e6?s=96&d=mm&r=g","caption":"Haber Merkezi"},"url":"https:\/\/epochtimestr.com\/index.php\/author\/sendag"}]}},"_links":{"self":[{"href":"https:\/\/epochtimestr.com\/index.php\/wp-json\/wp\/v2\/posts\/169309"}],"collection":[{"href":"https:\/\/epochtimestr.com\/index.php\/wp-json\/wp\/v2\/posts"}],"about":[{"href":"https:\/\/epochtimestr.com\/index.php\/wp-json\/wp\/v2\/types\/post"}],"author":[{"embeddable":true,"href":"https:\/\/epochtimestr.com\/index.php\/wp-json\/wp\/v2\/users\/12791"}],"replies":[{"embeddable":true,"href":"https:\/\/epochtimestr.com\/index.php\/wp-json\/wp\/v2\/comments?post=169309"}],"version-history":[{"count":2,"href":"https:\/\/epochtimestr.com\/index.php\/wp-json\/wp\/v2\/posts\/169309\/revisions"}],"predecessor-version":[{"id":169323,"href":"https:\/\/epochtimestr.com\/index.php\/wp-json\/wp\/v2\/posts\/169309\/revisions\/169323"}],"wp:featuredmedia":[{"embeddable":true,"href":"https:\/\/epochtimestr.com\/index.php\/wp-json\/wp\/v2\/media\/169311"}],"wp:attachment":[{"href":"https:\/\/epochtimestr.com\/index.php\/wp-json\/wp\/v2\/media?parent=169309"}],"wp:term":[{"taxonomy":"category","embeddable":true,"href":"https:\/\/epochtimestr.com\/index.php\/wp-json\/wp\/v2\/categories?post=169309"},{"taxonomy":"post_tag","embeddable":true,"href":"https:\/\/epochtimestr.com\/index.php\/wp-json\/wp\/v2\/tags?post=169309"}],"curies":[{"name":"wp","href":"https:\/\/api.w.org\/{rel}","templated":true}]}}