{"id":169316,"date":"2026-07-27T16:09:48","date_gmt":"2026-07-27T13:09:48","guid":{"rendered":"https:\/\/epochtimestr.com\/?p=169316"},"modified":"2026-07-27T16:09:52","modified_gmt":"2026-07-27T13:09:52","slug":"264-eski-chp-milletvekili-partiden-istifa-etti","status":"publish","type":"post","link":"https:\/\/epochtimestr.com\/index.php\/264-eski-chp-milletvekili-partiden-istifa-etti","title":{"rendered":"264 Eski CHP Milletvekili Partiden \u0130stifa Etti"},"content":{"rendered":"<div class=\"wp-block-image\">\n<figure class=\"aligncenter size-full\"><img loading=\"lazy\" decoding=\"async\" width=\"412\" height=\"485\" src=\"https:\/\/epochtimestr.com\/wp-content\/uploads\/2011y\/chp-1.png\" alt=\"264 eski CHP milletvekili partiden istifa etti (G\u00f6rsel: CHP)\" class=\"wp-image-169317\" srcset=\"https:\/\/epochtimestr.com\/wp-content\/uploads\/2011y\/chp-1.png 412w, https:\/\/epochtimestr.com\/wp-content\/uploads\/2011y\/chp-1-255x300.png 255w, https:\/\/epochtimestr.com\/wp-content\/uploads\/2011y\/chp-1-127x150.png 127w\" sizes=\"(max-width: 412px) 100vw, 412px\" \/><figcaption class=\"wp-element-caption\">264 eski CHP milletvekili partiden istifa etti (G\u00f6rsel: CHP)<\/figcaption><\/figure><\/div>\n\n\n<h2 class=\"wp-block-heading\">\u00d6nceki d\u00f6nemlerde g\u00f6rev yapm\u0131\u015f 264 CHP milletvekili, partideki mutlak butlan y\u00f6netimine tepki g\u00f6stererek CHP\u2019den istifa ettiklerini ve art\u0131k \u00d6zg\u00fcr \u00d6zel y\u00f6netimindeki Yeni Parti\u2019yi destekleyeceklerini duyurdu.<\/h2>\n\n\n\n<p>\u00d6nceki d\u00f6nemlerde <a href=\"https:\/\/epochtimestr.com\/index.php\/chp-lideri-ozgur-ozel-bu-kurultayin-sonunda-kazanan-cumhuriyet-halk-partisidir\" target=\"_blank\" rel=\"noreferrer noopener\">Cumhuriyet Halk Partisi<\/a>\u2019nde g\u00f6rev yapm\u0131\u015f 264 milletvekili, partideki mutlak butlan y\u00f6netimine tepki g\u00f6stererek CHP\u2019den <a href=\"https:\/\/epochtimestr.com\/index.php\/hamambocegi-hareketi-bakani-istifaya-goturdu\" target=\"_blank\" rel=\"noreferrer noopener\">istifa<\/a> ettiklerini ve art\u0131k <a href=\"https:\/\/epochtimestr.com\/index.php\/ozgur-ozel-kurucular-kurulu-ile-birlikte-anitkabiri-ziyaret-etti\" target=\"_blank\" rel=\"noreferrer noopener\">\u00d6zg\u00fcr \u00d6zel<\/a> y\u00f6netimindeki Yeni Parti\u2019yi destekleyeceklerini duyurdu.<\/p>\n\n\n\n<p>\u0130stifa eden 264 eski CHP milletvekili ortak bir a\u00e7\u0131klama payla\u015ft\u0131. A\u00e7\u0131klamada \u015fu ifadeler yer ald\u0131:<\/p>\n\n\n\n<p>\u201cKamuoyuna:<\/p>\n\n\n\n<p>Cumhuriyet Halk Partisi\u2019nin k\u00f6kl\u00fc tarihine, Atat\u00fcrk ilke ve devrimlerine, laik ve demokratik cumhuriyetimizin temel de\u011ferlerine y\u00fcrekten ba\u011fl\u0131 \u00f6nceki d\u00f6nemler milletvekilleri olarak, partimizin son d\u00f6nemde ya\u015fad\u0131\u011f\u0131 hukuksuzluklara sessiz kalamayarak bug\u00fcn b\u00fcy\u00fck bir \u00fcz\u00fcnt\u00fcyle CHP\u2019mizin t\u00fczel ki\u015fili\u011fini bir g\u00fcn geri alana kadar partimizden ge\u00e7ici olarak ayr\u0131lma karar\u0131 ald\u0131k<\/p>\n\n\n\n<h3 class=\"wp-block-heading\">\u201cCHP\u2019yi ki\u015fisel iktidar arac\u0131 haline getiren bir karar\u201d<\/h3>\n\n\n\n<p>Yasalara ayk\u0131r\u0131 olarak al\u0131nan butlan karar\u0131; Cumhuriyeti, parlamenter ya\u015fam\u0131 ve demokrasiyi kuran 103 y\u0131ll\u0131k kurucu partimizin iradesini ve demokratik s\u00fcre\u00e7leri ayaklar alt\u0131na alan, cumhuriyetin temel de\u011ferlerinden uzakla\u015ft\u0131ran ve CHP\u2019yi ki\u015fisel iktidar arac\u0131 haline getiren bir karard\u0131r. Cumhuriyet Halk Partisinin laiklik, demokrasi, hukuk devleti ve sosyal devlet gibi cumhuriyetin temel de\u011ferlerinin en \u00f6nemli ta\u015f\u0131y\u0131c\u0131s\u0131 oldu\u011funa inanan bizler, bu de\u011ferlerin mevcut yap\u0131 alt\u0131nda savunulmas\u0131n\u0131n olanaks\u0131z hale geldi\u011fine \u00fcz\u00fcnt\u00fcyle tan\u0131kl\u0131k ediyoruz. Bu nedenle ortaya \u00e7\u0131kan me\u015fruiyet krizinin bir par\u00e7as\u0131 olmayaca\u011f\u0131z.&#8221;<\/p>\n\n\n\n<p><strong>\u201cT\u00fcrkiye\u2019de bir \u201cumut me\u015falesi\u201d <\/strong><\/p>\n\n\n\n<p>Eski vekiller, a\u00e7\u0131klamalar\u0131nda, yeni bir siyasal anlay\u0131\u015f\u0131n in\u015fas\u0131na destek olmak i\u00e7in Yeni Parti\u2019ye kat\u0131ld\u0131klar\u0131n\u0131 ve bu siyasi hareketin T\u00fcrkiye\u2019de bir \u201cumut me\u015falesi\u201d olaca\u011f\u0131na inand\u0131klar\u0131n\u0131 yazd\u0131.<\/p>\n\n\n\n<p>\u201cAyn\u0131 zamanda kurucu iradenin \u00fcyeleri olan bizler, partimizin temel de\u011ferlerine ve T\u00fcrkiye\u2019nin ayd\u0131nl\u0131k gelece\u011fine duydu\u011fumuz sorumlulu\u011fumuzun gere\u011fi olarak, Cumhuriyet Halk Partisi\u2019nden istifa ediyor; demokrasiye, hukukun \u00fcst\u00fcnl\u00fc\u011f\u00fcne, \u00e7o\u011fulculu\u011fa, sosyal demokrasiye ve cumhuriyetin kurucu de\u011ferlerine ba\u011fl\u0131, parti i\u00e7i demokrasiyi ve t\u00fcm \u00fcyelerin kat\u0131l\u0131m\u0131yla yap\u0131lacak \u00f6nse\u00e7imi esas alan yeni bir siyasal anlay\u0131\u015f\u0131n in\u015fas\u0131na katk\u0131 sunmak amac\u0131yla yeni olu\u015fuma destek veriyoruz.<\/p>\n\n\n\n<p>Say\u0131n \u00d6zg\u00fcr \u00d6zel ba\u015fkan\u0131m\u0131z\u0131n liderli\u011fini yapt\u0131\u011f\u0131 siyasi hareketin; Atat\u00fcrk\u2019\u00fcm\u00fcz\u00fcn cumhuriyetimizin harc\u0131na katt\u0131\u011f\u0131 o y\u00fcce toplumsal bar\u0131\u015f\u0131, sars\u0131lmaz dayan\u0131\u015fmay\u0131, karde\u015flik ve ho\u015fg\u00f6r\u00fc ruhunu yeniden \u015fahland\u0131raca\u011f\u0131na, milletimizin her bir ferdini ortak gelecek \u00fclk\u00fcs\u00fc etraf\u0131nda ayn\u0131 heyecanla kucaklayarak T\u00fcrkiye\u2019nin d\u00f6rt bir yan\u0131nda yeni bir umut me\u015falesi yakaca\u011f\u0131na, sars\u0131lmaz bir iktidar iradesini var edece\u011fine g\u00f6n\u00fclden inan\u0131yoruz.<\/p>\n\n\n\n<p>Halk\u0131m\u0131z\u0131n deste\u011fiyle, Cumhuriyet Halk Partisi\u2019nin tarihsel miras\u0131n\u0131 ve Cumhuriyetin temel de\u011ferlerini \u00f6d\u00fcns\u00fcz sahiplenecek yeni bir partiye destek olaca\u011f\u0131m\u0131z\u0131, T\u00fcrkiye\u2019yi ayd\u0131nl\u0131k yar\u0131nlara ta\u015f\u0131mak i\u00e7in \u00e7al\u0131\u015faca\u011f\u0131m\u0131z\u0131 kamuoyuna sayg\u0131yla duyuruyoruz.\u201d<\/p>\n\n\n\n<p><strong>\u00d6nceki d\u00f6nemler CHP milletvekilleri<\/strong><\/p>\n\n\n\n<ol>\n<li>Erol A\u011fagil<\/li>\n\n\n\n<li>Ya\u015far A\u011fy\u00fcz<\/li>\n\n\n\n<li>Haydar Akar<\/li>\n\n\n\n<li>Vezir Akdemir \u0130zmir<\/li>\n\n\n\n<li>Zekeriya Ak\u0131nc\u0131<\/li>\n\n\n\n<li>Yakup Akkaya<\/li>\n\n\n\n<li>Sabahat Akkiraz<\/li>\n\n\n\n<li>Ay\u015fe Nedret Akova<\/li>\n\n\n\n<li>Ali Aky\u0131ld\u0131z<\/li>\n\n\n\n<li>Bahattin Alag\u00f6z<\/li>\n\n\n\n<li>\u00d6nay Alpago<\/li>\n\n\n\n<li>Ahmet Altun<\/li>\n\n\n\n<li>Faik Altun<\/li>\n\n\n\n<li>Z\u00fcheyir Amber<\/li>\n\n\n\n<li>Kemal Anadol<\/li>\n\n\n\n<li>Ali Arabac\u0131<\/li>\n\n\n\n<li>Oya Arasl\u0131<\/li>\n\n\n\n<li>Necla Arat<\/li>\n\n\n\n<li>Metin Arifa\u011fao\u011flu<\/li>\n\n\n\n<li>\u00c7etin Ar\u0131k Kayseri<\/li>\n\n\n\n<li>Arsan Sava\u015f Arpac\u0131o\u011flu<\/li>\n\n\n\n<li>Ali Arslan<\/li>\n\n\n\n<li>Gani A\u015f\u0131k<\/li>\n\n\n\n<li>\u0130smet Atalay<\/li>\n\n\n\n<li>Hasan Ayd\u0131n<\/li>\n\n\n\n<li>Osman Ayd\u0131n<\/li>\n\n\n\n<li>Erg\u00fcn Aydo\u011fan<\/li>\n\n\n\n<li>Feridun Ayvazo\u011flu<\/li>\n\n\n\n<li>Erdo\u011fan Bakkalba\u015f\u0131<\/li>\n\n\n\n<li>Mustafa Ali Balbay<\/li>\n\n\n\n<li>B\u00fclent Baratal\u0131<\/li>\n\n\n\n<li>S\u00fcheyl Batum<\/li>\n\n\n\n<li>H\u00fcseyin Bay\u0131nd\u0131r<\/li>\n\n\n\n<li>Co\u015fkun Bayram<\/li>\n\n\n\n<li>Kani Beko<\/li>\n\n\n\n<li>\u0130brahim Yavuz Bildik<\/li>\n\n\n\n<li>H\u00fcsn\u00fc Bozkurt<\/li>\n\n\n\n<li>R\u0131dvan Budak<\/li>\n\n\n\n<li>Mehmet B\u00fcy\u00fcky\u0131lmaz<\/li>\n\n\n\n<li>Rasim \u00c7ak\u0131r<\/li>\n\n\n\n<li>Halil \u00c7al\u0131k<\/li>\n\n\n\n<li>H\u00fcseyin \u00c7amak<\/li>\n\n\n\n<li>Bar\u0131\u015f Can<\/li>\n\n\n\n<li>\u0130smet \u00c7anakc\u0131<\/li>\n\n\n\n<li>Tolga \u00c7andar<\/li>\n\n\n\n<li>Ethem Cankurtaran<\/li>\n\n\n\n<li>Fuat \u00c7ay<\/li>\n\n\n\n<li>Vahit \u00c7ekmez<\/li>\n\n\n\n<li>S\u00fcleyman \u00c7elebi<\/li>\n\n\n\n<li>Tar\u0131k Cengiz<\/li>\n\n\n\n<li>\u0130zzet \u00c7etin<\/li>\n\n\n\n<li>Dursun \u00c7i\u00e7ek<\/li>\n\n\n\n<li>\u00d6mer \u00c7ift\u00e7i<\/li>\n\n\n\n<li>H\u00fcsn\u00fc \u00c7\u00f6ll\u00fc<\/li>\n\n\n\n<li>Y\u00fcksel \u00c7orbac\u0131o\u011flu Artvin<\/li>\n\n\n\n<li>Mehmet Alev Co\u015fkun<\/li>\n\n\n\n<li>Osman Co\u015fkuno\u011flu<\/li>\n\n\n\n<li>Halil \u00c7ulhao\u011flu<\/li>\n\n\n\n<li>Ay\u015fe Eser Dani\u015fo\u011flu<\/li>\n\n\n\n<li>Salih Day\u0131o\u011flu \u0130zmir<\/li>\n\n\n\n<li>\u0130smail De\u011ferli<\/li>\n\n\n\n<li>Kemal De\u011firmendereli<\/li>\n\n\n\n<li>Nurettin Demir<\/li>\n\n\n\n<li>\u0130lhan Demir\u00f6z<\/li>\n\n\n\n<li>Hilmi Develi<\/li>\n\n\n\n<li>Turgut Dibek<\/li>\n\n\n\n<li>Celal Din\u00e7er<\/li>\n\n\n\n<li>Orhan Ziya Diren<\/li>\n\n\n\n<li>A.Sedat Do\u011fan<\/li>\n\n\n\n<li>Celal Do\u011fan<\/li>\n\n\n\n<li>Muharrem Do\u011fan<\/li>\n\n\n\n<li>Orhan D\u00fczg\u00fcn<\/li>\n\n\n\n<li>Mehmet Ali Edipo\u011flu<\/li>\n\n\n\n<li>Akif Ekici<\/li>\n\n\n\n<li>Kemal Ekinci<\/li>\n\n\n\n<li>Oktay Ek\u015fi<\/li>\n\n\n\n<li>\u015e\u00fckr\u00fc Elekda\u011f<\/li>\n\n\n\n<li>Orhan Eraslan<\/li>\n\n\n\n<li>Nevin Gaye Erbatur<\/li>\n\n\n\n<li>Tuncay Ercenk<\/li>\n\n\n\n<li>Fuat Er\u00e7etin<\/li>\n\n\n\n<li>Ali Haydar Erdo\u011fan<\/li>\n\n\n\n<li>Hikmet Erenkaya<\/li>\n\n\n\n<li>Sabri Erg\u00fcl<\/li>\n\n\n\n<li>Abdurrezzak Erten<\/li>\n\n\n\n<li>Ali Ahmet Ert\u00fcrk<\/li>\n\n\n\n<li>Refik Ery\u0131lmaz<\/li>\n\n\n\n<li>Haluk Eyido\u011fan<\/li>\n\n\n\n<li>Okan Gaytanc\u0131o\u011flu<\/li>\n\n\n\n<li>Hasan Gemici<\/li>\n\n\n\n<li>Nejat Gencan<\/li>\n\n\n\n<li>S\u00fcleyman Girgin<\/li>\n\n\n\n<li>Co\u015fkun G\u00f6kalp<\/li>\n\n\n\n<li>Mehmet G\u00f6kda\u011f<\/li>\n\n\n\n<li>Mehmet G\u00f6ker Burdur<\/li>\n\n\n\n<li>Numan G\u00fcltekin<\/li>\n\n\n\n<li>Rahmi G\u00fcner<\/li>\n\n\n\n<li>Cemalettin G\u00fcrb\u00fcz<\/li>\n\n\n\n<li>Zeynep Damla G\u00fcrel<\/li>\n\n\n\n<li>Ulu\u00e7 G\u00fcrkan<\/li>\n\n\n\n<li>Ay\u015fe G\u00fcrocak<\/li>\n\n\n\n<li>G\u00fcne\u015f G\u00fcrseler<\/li>\n\n\n\n<li>Yal\u00e7\u0131n G\u00fcrtan<\/li>\n\n\n\n<li>Hulusi G\u00fcvel<\/li>\n\n\n\n<li>Hasan G\u00fcy\u00fcldar<\/li>\n\n\n\n<li>Mehmet Haberal<\/li>\n\n\n\n<li>S\u00fcleyman Hatino\u011flu<\/li>\n\n\n\n<li>Tufan Hirfano\u011flu<\/li>\n\n\n\n<li>G\u00fcler \u0130leri<\/li>\n\n\n\n<li>Ali Il\u0131ksoy<\/li>\n\n\n\n<li>Mustafa \u0130limen<\/li>\n\n\n\n<li>Ceyhun \u0130rgil<\/li>\n\n\n\n<li>Mahmut I\u015f\u0131k<\/li>\n\n\n\n<li>Ru\u015fen I\u015f\u0131n<\/li>\n\n\n\n<li>\u0130brahim O. Kabo\u011flu<\/li>\n\n\n\n<li>Mehmet Kahraman<\/li>\n\n\n\n<li>Sena Kaleli<\/li>\n\n\n\n<li>Nail Kamac\u0131<\/li>\n\n\n\n<li>Ekrem Sel\u00e7uk Kangal<\/li>\n\n\n\n<li>\u0130rfan Kaplan<\/li>\n\n\n\n<li>Mehmet Hilal Kaplan<\/li>\n\n\n\n<li>Emin Karaa<\/li>\n\n\n\n<li>Selahattin Karaahmeto\u011flu<\/li>\n\n\n\n<li>Erdal Karademir<\/li>\n\n\n\n<li>Ender Karag\u00fcl<\/li>\n\n\n\n<li>Tuncay Karaytu\u011f<\/li>\n\n\n\n<li>Atilla Kart<\/li>\n\n\n\n<li>Mehmet Kartal<\/li>\n\n\n\n<li>Y\u0131lmaz Kaya<\/li>\n\n\n\n<li>Yakup Kepenek<\/li>\n\n\n\n<li>Mehmet Kerimo\u011flu<\/li>\n\n\n\n<li>Mehmet Siyam Kesimo\u011flu<\/li>\n\n\n\n<li>Ahmet G\u00fcry\u00fcz Ketenci<\/li>\n\n\n\n<li>Ali Keven Yozgat<\/li>\n\n\n\n<li>\u0130smet \u00d6nder K\u0131rl\u0131<\/li>\n\n\n\n<li>Emin Ko\u00e7<\/li>\n\n\n\n<li>Haluk Ko\u00e7<\/li>\n\n\n\n<li>Tevfik Ko\u00e7ak<\/li>\n\n\n\n<li>Muhsin Ko\u00e7yi\u011fit<\/li>\n\n\n\n<li>Devrim K\u00f6k<\/li>\n\n\n\n<li>Ural K\u00f6kl\u00fc<\/li>\n\n\n\n<li>Ali \u0130hsan K\u00f6kt\u00fcrk<\/li>\n\n\n\n<li>Emre K\u00f6pr\u00fcl\u00fc<\/li>\n\n\n\n<li>Esfender Korkmaz<\/li>\n\n\n\n<li>Osman Taney Korut\u00fcrk<\/li>\n\n\n\n<li>Erol K\u00f6se<\/li>\n\n\n\n<li>\u015eevket K\u00f6se<\/li>\n\n\n\n<li>Tufan K\u00f6se<\/li>\n\n\n\n<li>Erdal Koyuncu<\/li>\n\n\n\n<li>Sedef K\u00fc\u00e7\u00fck<\/li>\n\n\n\n<li>Mehmet K\u00fc\u00e7\u00fcka\u015f\u0131k<\/li>\n\n\n\n<li>Mustafa Kul<\/li>\n\n\n\n<li>Sami Kumbasar<\/li>\n\n\n\n<li>Bekir Kumbul<\/li>\n\n\n\n<li>Kaz\u0131m Kurt<\/li>\n\n\n\n<li>R\u00fc\u015ft\u00fc Kurt<\/li>\n\n\n\n<li>Muzaffer Kurtulmu\u015fo\u011flu<\/li>\n\n\n\n<li>Faruk Lo\u011fo\u011flu<\/li>\n\n\n\n<li>Hasan Macit<\/li>\n\n\n\n<li>Bayram Meral<\/li>\n\n\n\n<li>Cengiz G\u00f6k\u00e7el<\/li>\n\n\n\n<li>T\u00fcrkan Mi\u00e7oo\u011fullar\u0131<\/li>\n\n\n\n<li>Ziya G\u00f6kalp M\u00fclayim<\/li>\n\n\n\n<li>G\u00fcldal Mumcu<\/li>\n\n\n\n<li>Mehmet Ne\u015f\u015far<\/li>\n\n\n\n<li>Orhan Ocak<\/li>\n\n\n\n<li>Selahattin \u00d6cal<\/li>\n\n\n\n<li>Kadir G\u00f6kmen \u00d6\u011f\u00fct<\/li>\n\n\n\n<li>Yal\u00e7\u0131n O\u011fuz<\/li>\n\n\n\n<li>Ali Oksal<\/li>\n\n\n\n<li>\u015einas\u0131 \u00d6ktem<\/li>\n\n\n\n<li>G\u00fcldal Okuducu<\/li>\n\n\n\n<li>Melda Onur<\/li>\n\n\n\n<li>Onur \u00d6ymen<\/li>\n\n\n\n<li>Sakine \u00d6z<\/li>\n\n\n\n<li>\u0130smail \u00d6zay<\/li>\n\n\n\n<li>Ahmet S\u0131rr\u0131 \u00d6zbek<\/li>\n\n\n\n<li>H\u00fcseyin \u00d6zcan<\/li>\n\n\n\n<li>Osman \u00d6zcan<\/li>\n\n\n\n<li>Suat \u00d6zcan<\/li>\n\n\n\n<li>Malik Ecder \u00d6zdemir<\/li>\n\n\n\n<li>Kaz\u0131m \u00d6zev<\/li>\n\n\n\n<li>Ramazan Kerim \u00d6zkan<\/li>\n\n\n\n<li>Y\u00fcksel \u00d6zkan<\/li>\n\n\n\n<li>Mustafa \u00d6ztin<\/li>\n\n\n\n<li>Harun \u00d6zt\u00fcrk<\/li>\n\n\n\n<li>Cengiz \u00d6zyal\u00e7\u0131n<\/li>\n\n\n\n<li>Mustafa \u00d6zy\u00fcrek<\/li>\n\n\n\n<li>Mustafa \u00d6zyurt<\/li>\n\n\n\n<li>Bilgin Pa\u00e7ar\u0131z<\/li>\n\n\n\n<li>Mehmet Parlakyi\u011fit<\/li>\n\n\n\n<li>Sedat Pekel<\/li>\n\n\n\n<li>Do\u011fan \u015eafak<\/li>\n\n\n\n<li>Arif Sa\u011f<\/li>\n\n\n\n<li>Kemal Sa\u011f<\/li>\n\n\n\n<li>Fikri Sa\u011flar<\/li>\n\n\n\n<li>Ali Haydar \u015eahin<\/li>\n\n\n\n<li>Nadir Sara\u00e7<\/li>\n\n\n\n<li>Faruk Sar\u0131aslan<\/li>\n\n\n\n<li>Ali Sar\u0131ba\u015f<\/li>\n\n\n\n<li>S\u0131d\u0131ka Sar\u0131bekir<\/li>\n\n\n\n<li>\u015eenal Sar\u0131han<\/li>\n\n\n\n<li>Timur\u00e7in Sava\u015f<\/li>\n\n\n\n<li>Mustafa Sayar<\/li>\n\n\n\n<li>Mehmet Nuri Saygun<\/li>\n\n\n\n<li>Cevdet Selvi<\/li>\n\n\n\n<li>Bedri Serter<\/li>\n\n\n\n<li>Nur Serter<\/li>\n\n\n\n<li>\u015eadan \u015eim\u015fek<\/li>\n\n\n\n<li>Yahya \u015eim\u015fek<\/li>\n\n\n\n<li>Kamil Okyay S\u0131nd\u0131r<\/li>\n\n\n\n<li>Mehmet Sefa Sirmen<\/li>\n\n\n\n<li>Behi\u00e7 Sonbay<\/li>\n\n\n\n<li>Murat S\u00f6nmez<\/li>\n\n\n\n<li>Ert\u00f6z Vahit Sui\u00e7mez<\/li>\n\n\n\n<li>Tayfun S\u00fcner<\/li>\n\n\n\n<li>Abuzer Tanr\u0131verdi<\/li>\n\n\n\n<li>\u0130brahim Ta\u015fdemir<\/li>\n\n\n\n<li>Turan Tayan<\/li>\n\n\n\n<li>Ali Tekin<\/li>\n\n\n\n<li>Hayati Tekin<\/li>\n\n\n\n<li>Mustafa Timisi<\/li>\n\n\n\n<li>Necati T\u0131\u011fl\u0131<\/li>\n\n\n\n<li>Erol T\u0131naztepe<\/li>\n\n\n\n<li>\u0130smet Tokdemir<\/li>\n\n\n\n<li>Mehmet Tomanbay<\/li>\n\n\n\n<li>Ramis Topal<\/li>\n\n\n\n<li>Celal Topkan<\/li>\n\n\n\n<li>Binnaz Toprak<\/li>\n\n\n\n<li>Muharrem Toprak<\/li>\n\n\n\n<li>Altan Tuna<\/li>\n\n\n\n<li>Erol Tuncer<\/li>\n\n\n\n<li>Neccar T\u00fcrkcan<\/li>\n\n\n\n<li>Elif Do\u011fan T\u00fcrkmen<\/li>\n\n\n\n<li>R\u0131za T\u00fcrmen<\/li>\n\n\n\n<li>Enis T\u00fct\u00fcnc\u00fc<\/li>\n\n\n\n<li>\u015eahin Ulusoy<\/li>\n\n\n\n<li>Baha \u00dcnl\u00fc<\/li>\n\n\n\n<li>Halil \u00dcnl\u00fctepe<\/li>\n\n\n\n<li>Engin \u00dcnsal<\/li>\n\n\n\n<li>H\u00fcseyin \u00dcnsal<\/li>\n\n\n\n<li>Fahrettin \u00dcst\u00fcn<\/li>\n\n\n\n<li>Kaz\u0131m \u00dcst\u00fcner<\/li>\n\n\n\n<li>Necati Uzdil<\/li>\n\n\n\n<li>Sedat Uzunbay<\/li>\n\n\n\n<li>Ali Cumhur Yaka<\/li>\n\n\n\n<li>Sabri Yavuz<\/li>\n\n\n\n<li>Abd\u00fclaziz Yazar<\/li>\n\n\n\n<li>M. Ziya Yerg\u00f6k<\/li>\n\n\n\n<li>Erdo\u011fan Yeten\u00e7<\/li>\n\n\n\n<li>\u0130dris Y\u0131ld\u0131z<\/li>\n\n\n\n<li>Mahmut Y\u0131ld\u0131z<\/li>\n\n\n\n<li>Sacid Y\u0131ld\u0131z<\/li>\n\n\n\n<li>Dilek Y\u0131lmaz<\/li>\n\n\n\n<li>Mustafa Y\u0131lmaz (Malatya)<\/li>\n\n\n\n<li>R\u0131za Y\u0131lmaz<\/li>\n\n\n\n<li>Ahmet Y\u0131lmazkaya<\/li>\n\n\n\n<li>Bayram Y\u0131lmazkaya<\/li>\n\n\n\n<li>Vedat Y\u00fccesan<\/li>\n\n\n\n<li>Alaattin Y\u00fcksel<\/li>\n\n\n\n<li>Hilmi Y\u00fckselen<\/li>\n\n\n\n<li>Bekir Yurdag\u00fcl<\/li>\n\n\n\n<li>Rafet Zeybek<\/li>\n\n\n\n<li>Veli Zeren<\/li>\n<\/ol>\n","protected":false},"excerpt":{"rendered":"<p>\u00d6nceki d\u00f6nemlerde g\u00f6rev yapm\u0131\u015f 264 CHP milletvekili, partideki mutlak butlan y\u00f6netimine tepki g\u00f6stererek CHP\u2019den istifa ettiklerini ve art\u0131k \u00d6zg\u00fcr \u00d6zel y\u00f6netimindeki Yeni Parti\u2019yi destekleyeceklerini duyurdu. \u00d6nceki d\u00f6nemlerde Cumhuriyet Halk Partisi\u2019nde g\u00f6rev yapm\u0131\u015f 264 milletvekili, partideki mutlak butlan y\u00f6netimine tepki g\u00f6stererek CHP\u2019den istifa ettiklerini ve art\u0131k \u00d6zg\u00fcr \u00d6zel y\u00f6netimindeki Yeni Parti\u2019yi destekleyeceklerini duyurdu. \u0130stifa eden 264 [&hellip;]<\/p>\n","protected":false},"author":12791,"featured_media":169317,"comment_status":"open","ping_status":"open","sticky":false,"template":"","format":"standard","meta":{"_yoast_wpseo_focuskw":"CHP Milletvekili","_yoast_wpseo_title":"","_yoast_wpseo_metadesc":"\u00d6nceki d\u00f6nemlerde g\u00f6rev yapm\u0131\u015f 264 CHP milletvekili, CHP\u2019den istifa ettiklerini ve Yeni Parti\u2019yi destekleyeceklerini duyurdu.","_bbp_topic_count":0,"_bbp_reply_count":0,"_bbp_total_topic_count":0,"_bbp_total_reply_count":0,"_bbp_voice_count":0,"_bbp_anonymous_reply_count":0,"_bbp_topic_count_hidden":0,"_bbp_reply_count_hidden":0,"_bbp_forum_subforum_count":0,"footnotes":"","_yoast_wpseo_focuskw_text_input":""},"categories":[1,8138,8226],"tags":[583,11836,5072,11937,8492],"yoast_head":"<!-- This site is optimized with the Yoast SEO plugin v23.0 - https:\/\/yoast.com\/wordpress\/plugins\/seo\/ -->\n<title>264 Eski CHP Milletvekili Partiden \u0130stifa Etti - The Epoch Times TR<\/title>\n<meta name=\"description\" content=\"\u00d6nceki d\u00f6nemlerde g\u00f6rev yapm\u0131\u015f 264 CHP milletvekili, CHP\u2019den istifa ettiklerini ve Yeni Parti\u2019yi destekleyeceklerini duyurdu.\" \/>\n<meta name=\"robots\" content=\"index, follow, max-snippet:-1, max-image-preview:large, max-video-preview:-1\" \/>\n<link rel=\"canonical\" href=\"https:\/\/epochtimestr.com\/index.php\/264-eski-chp-milletvekili-partiden-istifa-etti\" \/>\n<meta property=\"og:locale\" content=\"tr_TR\" \/>\n<meta property=\"og:type\" content=\"article\" \/>\n<meta property=\"og:title\" content=\"264 Eski CHP Milletvekili Partiden \u0130stifa Etti - The Epoch Times TR\" \/>\n<meta property=\"og:description\" content=\"\u00d6nceki d\u00f6nemlerde g\u00f6rev yapm\u0131\u015f 264 CHP milletvekili, CHP\u2019den istifa ettiklerini ve Yeni Parti\u2019yi destekleyeceklerini duyurdu.\" \/>\n<meta property=\"og:url\" content=\"https:\/\/epochtimestr.com\/index.php\/264-eski-chp-milletvekili-partiden-istifa-etti\" \/>\n<meta property=\"og:site_name\" content=\"The Epoch Times TR\" \/>\n<meta property=\"article:publisher\" content=\"https:\/\/www.facebook.com\/theepochtimestr\" \/>\n<meta property=\"article:published_time\" content=\"2026-07-27T13:09:48+00:00\" \/>\n<meta property=\"article:modified_time\" content=\"2026-07-27T13:09:52+00:00\" \/>\n<meta property=\"og:image\" content=\"https:\/\/epochtimestr.com\/wp-content\/uploads\/2011y\/chp-1.png\" \/>\n\t<meta property=\"og:image:width\" content=\"412\" \/>\n\t<meta property=\"og:image:height\" content=\"485\" \/>\n\t<meta property=\"og:image:type\" content=\"image\/png\" \/>\n<meta name=\"author\" content=\"Haber Merkezi\" \/>\n<meta name=\"twitter:card\" content=\"summary_large_image\" \/>\n<meta name=\"twitter:creator\" content=\"@TheEpochTimesTR\" \/>\n<meta name=\"twitter:site\" content=\"@TheEpochTimesTR\" \/>\n<meta name=\"twitter:label1\" content=\"Yazan:\" \/>\n\t<meta name=\"twitter:data1\" content=\"Haber Merkezi\" \/>\n\t<meta name=\"twitter:label2\" content=\"Tahmini okuma s\u00fcresi\" \/>\n\t<meta name=\"twitter:data2\" content=\"7 dakika\" \/>\n<script type=\"application\/ld+json\" class=\"yoast-schema-graph\">{\"@context\":\"https:\/\/schema.org\",\"@graph\":[{\"@type\":\"Article\",\"@id\":\"https:\/\/epochtimestr.com\/index.php\/264-eski-chp-milletvekili-partiden-istifa-etti#article\",\"isPartOf\":{\"@id\":\"https:\/\/epochtimestr.com\/index.php\/264-eski-chp-milletvekili-partiden-istifa-etti\"},\"author\":{\"name\":\"Haber Merkezi\",\"@id\":\"https:\/\/epochtimestr.com\/#\/schema\/person\/3dc5c3adeb9f43923c5aa85889172fdd\"},\"headline\":\"264 Eski CHP Milletvekili Partiden \u0130stifa Etti\",\"datePublished\":\"2026-07-27T13:09:48+00:00\",\"dateModified\":\"2026-07-27T13:09:52+00:00\",\"mainEntityOfPage\":{\"@id\":\"https:\/\/epochtimestr.com\/index.php\/264-eski-chp-milletvekili-partiden-istifa-etti\"},\"wordCount\":1336,\"commentCount\":0,\"publisher\":{\"@id\":\"https:\/\/epochtimestr.com\/#organization\"},\"image\":{\"@id\":\"https:\/\/epochtimestr.com\/index.php\/264-eski-chp-milletvekili-partiden-istifa-etti#primaryimage\"},\"thumbnailUrl\":\"https:\/\/epochtimestr.com\/wp-content\/uploads\/2011y\/chp-1.png\",\"keywords\":[\"CHP\",\"istifa\",\"milletvekilleri\",\"\u00f6nceki d\u00f6nem\",\"\u00d6zg\u00fcr \u00d6zel\"],\"articleSection\":[\"G\u00dcNDEM\",\"MAN\u015eET\",\"Siyaset\"],\"inLanguage\":\"tr\",\"potentialAction\":[{\"@type\":\"CommentAction\",\"name\":\"Comment\",\"target\":[\"https:\/\/epochtimestr.com\/index.php\/264-eski-chp-milletvekili-partiden-istifa-etti#respond\"]}]},{\"@type\":\"WebPage\",\"@id\":\"https:\/\/epochtimestr.com\/index.php\/264-eski-chp-milletvekili-partiden-istifa-etti\",\"url\":\"https:\/\/epochtimestr.com\/index.php\/264-eski-chp-milletvekili-partiden-istifa-etti\",\"name\":\"264 Eski CHP Milletvekili Partiden \u0130stifa Etti - The Epoch Times TR\",\"isPartOf\":{\"@id\":\"https:\/\/epochtimestr.com\/#website\"},\"primaryImageOfPage\":{\"@id\":\"https:\/\/epochtimestr.com\/index.php\/264-eski-chp-milletvekili-partiden-istifa-etti#primaryimage\"},\"image\":{\"@id\":\"https:\/\/epochtimestr.com\/index.php\/264-eski-chp-milletvekili-partiden-istifa-etti#primaryimage\"},\"thumbnailUrl\":\"https:\/\/epochtimestr.com\/wp-content\/uploads\/2011y\/chp-1.png\",\"datePublished\":\"2026-07-27T13:09:48+00:00\",\"dateModified\":\"2026-07-27T13:09:52+00:00\",\"description\":\"\u00d6nceki d\u00f6nemlerde g\u00f6rev yapm\u0131\u015f 264 CHP milletvekili, CHP\u2019den istifa ettiklerini ve Yeni Parti\u2019yi destekleyeceklerini duyurdu.\",\"inLanguage\":\"tr\",\"potentialAction\":[{\"@type\":\"ReadAction\",\"target\":[\"https:\/\/epochtimestr.com\/index.php\/264-eski-chp-milletvekili-partiden-istifa-etti\"]}]},{\"@type\":\"ImageObject\",\"inLanguage\":\"tr\",\"@id\":\"https:\/\/epochtimestr.com\/index.php\/264-eski-chp-milletvekili-partiden-istifa-etti#primaryimage\",\"url\":\"https:\/\/epochtimestr.com\/wp-content\/uploads\/2011y\/chp-1.png\",\"contentUrl\":\"https:\/\/epochtimestr.com\/wp-content\/uploads\/2011y\/chp-1.png\",\"width\":412,\"height\":485},{\"@type\":\"WebSite\",\"@id\":\"https:\/\/epochtimestr.com\/#website\",\"url\":\"https:\/\/epochtimestr.com\/\",\"name\":\"The Epoch Times TR\",\"description\":\"De\u011fi\u015fen D\u00fcnyam\u0131za Taze Bir Bak\u0131\u015f\",\"publisher\":{\"@id\":\"https:\/\/epochtimestr.com\/#organization\"},\"potentialAction\":[{\"@type\":\"SearchAction\",\"target\":{\"@type\":\"EntryPoint\",\"urlTemplate\":\"https:\/\/epochtimestr.com\/?s={search_term_string}\"},\"query-input\":\"required name=search_term_string\"}],\"inLanguage\":\"tr\"},{\"@type\":\"Organization\",\"@id\":\"https:\/\/epochtimestr.com\/#organization\",\"name\":\"The EpochTimes T\u00fcrkiye\",\"url\":\"https:\/\/epochtimestr.com\/\",\"logo\":{\"@type\":\"ImageObject\",\"inLanguage\":\"tr\",\"@id\":\"https:\/\/epochtimestr.com\/#\/schema\/logo\/image\/\",\"url\":\"https:\/\/epochtimestr.com\/wp-content\/uploads\/2011y\/ET-Logo-YG.jpg\",\"contentUrl\":\"https:\/\/epochtimestr.com\/wp-content\/uploads\/2011y\/ET-Logo-YG.jpg\",\"width\":346,\"height\":29,\"caption\":\"The EpochTimes T\u00fcrkiye\"},\"image\":{\"@id\":\"https:\/\/epochtimestr.com\/#\/schema\/logo\/image\/\"},\"sameAs\":[\"https:\/\/www.facebook.com\/theepochtimestr\",\"https:\/\/x.com\/TheEpochTimesTR\",\"https:\/\/www.instagram.com\/epochtimestr\"]},{\"@type\":\"Person\",\"@id\":\"https:\/\/epochtimestr.com\/#\/schema\/person\/3dc5c3adeb9f43923c5aa85889172fdd\",\"name\":\"Haber Merkezi\",\"image\":{\"@type\":\"ImageObject\",\"inLanguage\":\"tr\",\"@id\":\"https:\/\/epochtimestr.com\/#\/schema\/person\/image\/\",\"url\":\"https:\/\/secure.gravatar.com\/avatar\/d73f772ba5a74f28601361e17c2f93e6?s=96&d=mm&r=g\",\"contentUrl\":\"https:\/\/secure.gravatar.com\/avatar\/d73f772ba5a74f28601361e17c2f93e6?s=96&d=mm&r=g\",\"caption\":\"Haber Merkezi\"},\"url\":\"https:\/\/epochtimestr.com\/index.php\/author\/sendag\"}]}<\/script>\n<!-- \/ Yoast SEO plugin. -->","yoast_head_json":{"title":"264 Eski CHP Milletvekili Partiden \u0130stifa Etti - The Epoch Times TR","description":"\u00d6nceki d\u00f6nemlerde g\u00f6rev yapm\u0131\u015f 264 CHP milletvekili, CHP\u2019den istifa ettiklerini ve Yeni Parti\u2019yi destekleyeceklerini duyurdu.","robots":{"index":"index","follow":"follow","max-snippet":"max-snippet:-1","max-image-preview":"max-image-preview:large","max-video-preview":"max-video-preview:-1"},"canonical":"https:\/\/epochtimestr.com\/index.php\/264-eski-chp-milletvekili-partiden-istifa-etti","og_locale":"tr_TR","og_type":"article","og_title":"264 Eski CHP Milletvekili Partiden \u0130stifa Etti - The Epoch Times TR","og_description":"\u00d6nceki d\u00f6nemlerde g\u00f6rev yapm\u0131\u015f 264 CHP milletvekili, CHP\u2019den istifa ettiklerini ve Yeni Parti\u2019yi destekleyeceklerini duyurdu.","og_url":"https:\/\/epochtimestr.com\/index.php\/264-eski-chp-milletvekili-partiden-istifa-etti","og_site_name":"The Epoch Times TR","article_publisher":"https:\/\/www.facebook.com\/theepochtimestr","article_published_time":"2026-07-27T13:09:48+00:00","article_modified_time":"2026-07-27T13:09:52+00:00","og_image":[{"width":412,"height":485,"url":"https:\/\/epochtimestr.com\/wp-content\/uploads\/2011y\/chp-1.png","type":"image\/png"}],"author":"Haber Merkezi","twitter_card":"summary_large_image","twitter_creator":"@TheEpochTimesTR","twitter_site":"@TheEpochTimesTR","twitter_misc":{"Yazan:":"Haber Merkezi","Tahmini okuma s\u00fcresi":"7 dakika"},"schema":{"@context":"https:\/\/schema.org","@graph":[{"@type":"Article","@id":"https:\/\/epochtimestr.com\/index.php\/264-eski-chp-milletvekili-partiden-istifa-etti#article","isPartOf":{"@id":"https:\/\/epochtimestr.com\/index.php\/264-eski-chp-milletvekili-partiden-istifa-etti"},"author":{"name":"Haber Merkezi","@id":"https:\/\/epochtimestr.com\/#\/schema\/person\/3dc5c3adeb9f43923c5aa85889172fdd"},"headline":"264 Eski CHP Milletvekili Partiden \u0130stifa Etti","datePublished":"2026-07-27T13:09:48+00:00","dateModified":"2026-07-27T13:09:52+00:00","mainEntityOfPage":{"@id":"https:\/\/epochtimestr.com\/index.php\/264-eski-chp-milletvekili-partiden-istifa-etti"},"wordCount":1336,"commentCount":0,"publisher":{"@id":"https:\/\/epochtimestr.com\/#organization"},"image":{"@id":"https:\/\/epochtimestr.com\/index.php\/264-eski-chp-milletvekili-partiden-istifa-etti#primaryimage"},"thumbnailUrl":"https:\/\/epochtimestr.com\/wp-content\/uploads\/2011y\/chp-1.png","keywords":["CHP","istifa","milletvekilleri","\u00f6nceki d\u00f6nem","\u00d6zg\u00fcr \u00d6zel"],"articleSection":["G\u00dcNDEM","MAN\u015eET","Siyaset"],"inLanguage":"tr","potentialAction":[{"@type":"CommentAction","name":"Comment","target":["https:\/\/epochtimestr.com\/index.php\/264-eski-chp-milletvekili-partiden-istifa-etti#respond"]}]},{"@type":"WebPage","@id":"https:\/\/epochtimestr.com\/index.php\/264-eski-chp-milletvekili-partiden-istifa-etti","url":"https:\/\/epochtimestr.com\/index.php\/264-eski-chp-milletvekili-partiden-istifa-etti","name":"264 Eski CHP Milletvekili Partiden \u0130stifa Etti - The Epoch Times TR","isPartOf":{"@id":"https:\/\/epochtimestr.com\/#website"},"primaryImageOfPage":{"@id":"https:\/\/epochtimestr.com\/index.php\/264-eski-chp-milletvekili-partiden-istifa-etti#primaryimage"},"image":{"@id":"https:\/\/epochtimestr.com\/index.php\/264-eski-chp-milletvekili-partiden-istifa-etti#primaryimage"},"thumbnailUrl":"https:\/\/epochtimestr.com\/wp-content\/uploads\/2011y\/chp-1.png","datePublished":"2026-07-27T13:09:48+00:00","dateModified":"2026-07-27T13:09:52+00:00","description":"\u00d6nceki d\u00f6nemlerde g\u00f6rev yapm\u0131\u015f 264 CHP milletvekili, CHP\u2019den istifa ettiklerini ve Yeni Parti\u2019yi destekleyeceklerini duyurdu.","inLanguage":"tr","potentialAction":[{"@type":"ReadAction","target":["https:\/\/epochtimestr.com\/index.php\/264-eski-chp-milletvekili-partiden-istifa-etti"]}]},{"@type":"ImageObject","inLanguage":"tr","@id":"https:\/\/epochtimestr.com\/index.php\/264-eski-chp-milletvekili-partiden-istifa-etti#primaryimage","url":"https:\/\/epochtimestr.com\/wp-content\/uploads\/2011y\/chp-1.png","contentUrl":"https:\/\/epochtimestr.com\/wp-content\/uploads\/2011y\/chp-1.png","width":412,"height":485},{"@type":"WebSite","@id":"https:\/\/epochtimestr.com\/#website","url":"https:\/\/epochtimestr.com\/","name":"The Epoch Times TR","description":"De\u011fi\u015fen D\u00fcnyam\u0131za Taze Bir Bak\u0131\u015f","publisher":{"@id":"https:\/\/epochtimestr.com\/#organization"},"potentialAction":[{"@type":"SearchAction","target":{"@type":"EntryPoint","urlTemplate":"https:\/\/epochtimestr.com\/?s={search_term_string}"},"query-input":"required name=search_term_string"}],"inLanguage":"tr"},{"@type":"Organization","@id":"https:\/\/epochtimestr.com\/#organization","name":"The EpochTimes T\u00fcrkiye","url":"https:\/\/epochtimestr.com\/","logo":{"@type":"ImageObject","inLanguage":"tr","@id":"https:\/\/epochtimestr.com\/#\/schema\/logo\/image\/","url":"https:\/\/epochtimestr.com\/wp-content\/uploads\/2011y\/ET-Logo-YG.jpg","contentUrl":"https:\/\/epochtimestr.com\/wp-content\/uploads\/2011y\/ET-Logo-YG.jpg","width":346,"height":29,"caption":"The EpochTimes T\u00fcrkiye"},"image":{"@id":"https:\/\/epochtimestr.com\/#\/schema\/logo\/image\/"},"sameAs":["https:\/\/www.facebook.com\/theepochtimestr","https:\/\/x.com\/TheEpochTimesTR","https:\/\/www.instagram.com\/epochtimestr"]},{"@type":"Person","@id":"https:\/\/epochtimestr.com\/#\/schema\/person\/3dc5c3adeb9f43923c5aa85889172fdd","name":"Haber Merkezi","image":{"@type":"ImageObject","inLanguage":"tr","@id":"https:\/\/epochtimestr.com\/#\/schema\/person\/image\/","url":"https:\/\/secure.gravatar.com\/avatar\/d73f772ba5a74f28601361e17c2f93e6?s=96&d=mm&r=g","contentUrl":"https:\/\/secure.gravatar.com\/avatar\/d73f772ba5a74f28601361e17c2f93e6?s=96&d=mm&r=g","caption":"Haber Merkezi"},"url":"https:\/\/epochtimestr.com\/index.php\/author\/sendag"}]}},"_links":{"self":[{"href":"https:\/\/epochtimestr.com\/index.php\/wp-json\/wp\/v2\/posts\/169316"}],"collection":[{"href":"https:\/\/epochtimestr.com\/index.php\/wp-json\/wp\/v2\/posts"}],"about":[{"href":"https:\/\/epochtimestr.com\/index.php\/wp-json\/wp\/v2\/types\/post"}],"author":[{"embeddable":true,"href":"https:\/\/epochtimestr.com\/index.php\/wp-json\/wp\/v2\/users\/12791"}],"replies":[{"embeddable":true,"href":"https:\/\/epochtimestr.com\/index.php\/wp-json\/wp\/v2\/comments?post=169316"}],"version-history":[{"count":2,"href":"https:\/\/epochtimestr.com\/index.php\/wp-json\/wp\/v2\/posts\/169316\/revisions"}],"predecessor-version":[{"id":169326,"href":"https:\/\/epochtimestr.com\/index.php\/wp-json\/wp\/v2\/posts\/169316\/revisions\/169326"}],"wp:featuredmedia":[{"embeddable":true,"href":"https:\/\/epochtimestr.com\/index.php\/wp-json\/wp\/v2\/media\/169317"}],"wp:attachment":[{"href":"https:\/\/epochtimestr.com\/index.php\/wp-json\/wp\/v2\/media?parent=169316"}],"wp:term":[{"taxonomy":"category","embeddable":true,"href":"https:\/\/epochtimestr.com\/index.php\/wp-json\/wp\/v2\/categories?post=169316"},{"taxonomy":"post_tag","embeddable":true,"href":"https:\/\/epochtimestr.com\/index.php\/wp-json\/wp\/v2\/tags?post=169316"}],"curies":[{"name":"wp","href":"https:\/\/api.w.org\/{rel}","templated":true}]}}