{"id":169321,"date":"2026-07-27T16:21:40","date_gmt":"2026-07-27T13:21:40","guid":{"rendered":"https:\/\/epochtimestr.com\/?p=169321"},"modified":"2026-07-27T16:21:42","modified_gmt":"2026-07-27T13:21:42","slug":"ahbaplar-suc-orgutu-sorusturmasinda-13-kisi-gozaltina-alindi","status":"publish","type":"post","link":"https:\/\/epochtimestr.com\/index.php\/ahbaplar-suc-orgutu-sorusturmasinda-13-kisi-gozaltina-alindi","title":{"rendered":"\u201cAhbaplar Su\u00e7 \u00d6rg\u00fct\u00fc\u201d Soru\u015fturmas\u0131nda 13 Ki\u015fi G\u00f6zalt\u0131na Al\u0131nd\u0131"},"content":{"rendered":"<div class=\"wp-block-image\">\n<figure class=\"aligncenter size-full is-resized\"><img loading=\"lazy\" decoding=\"async\" width=\"800\" height=\"533\" src=\"https:\/\/epochtimestr.com\/wp-content\/uploads\/2011y\/adalet-bakanligi.jpg\" alt=\"\" class=\"wp-image-169322\" style=\"width:800px;height:auto\" srcset=\"https:\/\/epochtimestr.com\/wp-content\/uploads\/2011y\/adalet-bakanligi.jpg 800w, https:\/\/epochtimestr.com\/wp-content\/uploads\/2011y\/adalet-bakanligi-300x200.jpg 300w, https:\/\/epochtimestr.com\/wp-content\/uploads\/2011y\/adalet-bakanligi-150x100.jpg 150w, https:\/\/epochtimestr.com\/wp-content\/uploads\/2011y\/adalet-bakanligi-768x512.jpg 768w\" sizes=\"(max-width: 800px) 100vw, 800px\" \/><figcaption class=\"wp-element-caption\">\u201cAhbaplar Su\u00e7 \u00d6rg\u00fct\u00fc\u201d soru\u015fturmas\u0131nda 13 ki\u015fi daha g\u00f6zalt\u0131na al\u0131nd\u0131. Adalet Bakan\u0131 Ak\u0131n G\u00fcrlek konu ile ilgili a\u00e7\u0131klama yapt\u0131. (Foto\u011fraf: Adalet Bakanl\u0131\u011f\u0131 web sitesi)<\/figcaption><\/figure><\/div>\n\n\n<h2 class=\"wp-block-heading\">Adalet Bakan\u0131 Ak\u0131n G\u00fcrlek, \u0130stanbul, Erzurum ve Mersin Cumhuriyet ba\u015fsavc\u0131l\u0131klar\u0131n\u0131n koordinasyonunda y\u00fcr\u00fct\u00fclen \u00fc\u00e7 ayr\u0131 operasyonda toplam 112 \u015f\u00fcpheli hakk\u0131nda adli i\u015flem ba\u015flat\u0131ld\u0131\u011f\u0131n\u0131 a\u00e7\u0131klad\u0131.<\/h2>\n\n\n\n<p>Adalet Bakan\u0131 <a href=\"https:\/\/epochtimestr.com\/index.php\/ankarada-tusasa-ait-egitim-helikopteri-dustu\" target=\"_blank\" rel=\"noreferrer noopener\">Ak\u0131n G\u00fcrlek<\/a>, \u0130stanbul, Erzurum ve Mersin Cumhuriyet <a href=\"https:\/\/epochtimestr.com\/index.php\/bassavciliktan-ahbap-dernegi-sorusturmasi-ile-ilgili-aciklama\" target=\"_blank\" rel=\"noreferrer noopener\">ba\u015fsavc\u0131l\u0131k<\/a>lar\u0131n\u0131n koordinasyonunda y\u00fcr\u00fct\u00fclen \u00fc\u00e7 ayr\u0131 operasyonda toplam 112 \u015f\u00fcpheli hakk\u0131nda adli i\u015flem ba\u015flat\u0131ld\u0131\u011f\u0131n\u0131 a\u00e7\u0131klad\u0131. Operasyonlar\u0131n &#8220;Ahbaplar Su\u00e7 \u00d6rg\u00fct\u00fc&#8221;, G\u00fclistan Doku soru\u015fturmas\u0131 ve yasa d\u0131\u015f\u0131 bahis soru\u015fturmalar\u0131n\u0131 kapsad\u0131\u011f\u0131n\u0131 belirten G\u00fcrlek, su\u00e7 \u00f6rg\u00fctleriyle m\u00fccadelenin kararl\u0131l\u0131kla s\u00fcrece\u011fini vurgulad\u0131.<\/p>\n\n\n\n<p>G\u00fcrlek, G\u00fclistan Doku soru\u015fturmas\u0131 kapsam\u0131nda Erzurum Cumhuriyet Ba\u015fsavc\u0131l\u0131\u011f\u0131 koordinasyonunda Erzurum \u0130l Jandarma Komutanl\u0131\u011f\u0131 taraf\u0131ndan 15 ilde e\u015f zamanl\u0131 operasyon d\u00fczenlendi\u011fini bildirdi.<br \/>Delillere m\u00fcdahale edildi\u011fi \u015f\u00fcphesi \u00fczerine ger\u00e7ekle\u015ftirilen operasyonda 21 adreste arama yap\u0131ld\u0131\u011f\u0131n\u0131 ve 19 \u015f\u00fcpheliye y\u00f6nelik operasyonda 18 ki\u015finin g\u00f6zalt\u0131na al\u0131nd\u0131\u011f\u0131n\u0131 a\u00e7\u0131klad\u0131.<\/p>\n\n\n\n<p>Operasyonda aralar\u0131nda emniyet m\u00fcd\u00fcr\u00fc, emniyet amiri, ba\u015fkomiser, komiser, ba\u015fpolis, 10 polis memuru, bilgisayar i\u015fletmeni ve 3 emekli polis memurunun bulundu\u011fu 19 zanl\u0131 hakk\u0131nda i\u015flem yap\u0131ld\u0131. G\u00f6zalt\u0131na al\u0131nan 18 \u015f\u00fcphelinin jandarmadaki i\u015flemleri s\u00fcr\u00fcyor.<\/p>\n\n\n\n<p><strong>&#8220;Yasa d\u0131\u015f\u0131 bahiste hesaplar\u0131nda yakla\u015f\u0131k 20 milyar liral\u0131k i\u015flem hacmi tespit edildi<\/strong>.&#8221;<\/p>\n\n\n\n<p>Mersin Cumhuriyet Ba\u015fsavc\u0131l\u0131\u011f\u0131 koordinesinde y\u00fcr\u00fct\u00fclen yasa d\u0131\u015f\u0131 bahis ve su\u00e7tan kaynaklanan mal varl\u0131\u011f\u0131 de\u011ferlerinin aklanmas\u0131na y\u00f6nelik iki ayr\u0131 soru\u015fturmada ise 80 \u015f\u00fcpheli hakk\u0131nda g\u00f6zalt\u0131 karar\u0131 verildi\u011fini belirten G\u00fcrlek, \u015f\u00fcphelilere ait banka, kripto varl\u0131k ve \u00f6deme kurulu\u015fu hesaplar\u0131nda yakla\u015f\u0131k 20 milyar liral\u0131k i\u015flem hacmi tespit edildi\u011fini ifade etti.<\/p>\n\n\n\n<p>Operasyonlarda g\u00f6rev alan cumhuriyet ba\u015fsavc\u0131l\u0131klar\u0131 ile emniyet ve jandarma birimlerine te\u015fekk\u00fcr eden G\u00fcrlek , devletin vatanda\u015flar\u0131n ba\u011f\u0131\u015flar\u0131n\u0131 istismar eden yap\u0131lara, faili me\u00e7hul olaylar\u0131n ayd\u0131nlat\u0131lmas\u0131n\u0131 engellemeye y\u00f6nelik giri\u015fimlere ve gen\u00e7leri hedef alan yasa d\u0131\u015f\u0131 bahis a\u011flar\u0131na kar\u015f\u0131 m\u00fccadelesini s\u00fcrd\u00fcrece\u011fini belirtti.<\/p>\n\n\n\n<figure class=\"wp-block-embed is-type-rich is-provider-x wp-block-embed-x\"><div class=\"wp-block-embed__wrapper\">\n<blockquote class=\"twitter-tweet\" data-width=\"550\" data-dnt=\"true\"><p lang=\"tr\" dir=\"ltr\">Cumhurba\u015fkan\u0131m\u0131z Say\u0131n <a href=\"https:\/\/x.com\/RTErdogan?ref_src=twsrc%5Etfw\">@RTErdogan<\/a>\u2019\u0131n liderli\u011finde, \u0130\u00e7i\u015fleri Bakanl\u0131\u011f\u0131m\u0131zla omuz omuza; vatanda\u015flar\u0131m\u0131z\u0131n iyi niyetini ve ba\u011f\u0131\u015flar\u0131n\u0131 istismar eden yap\u0131lara, faili me\u00e7hullerin ayd\u0131nlat\u0131lmas\u0131n\u0131 engellemeye y\u00f6nelik giri\u015fimlere ve gen\u00e7lerimizi hedef alan yasa d\u0131\u015f\u0131 bahis a\u011flar\u0131na\u2026<\/p>&mdash; Ak\u0131n G\u00fcrlek (@abakingurlek) <a href=\"https:\/\/x.com\/abakingurlek\/status\/2081630410002358547?ref_src=twsrc%5Etfw\">July 27, 2026<\/a><\/blockquote><script async src=\"https:\/\/platform.x.com\/widgets.js\" charset=\"utf-8\"><\/script>\n<\/div><\/figure>\n\n\n\n<p>G\u00fcrlek, &#8220;\u0130stanbul Cumhuriyet Ba\u015fsavc\u0131l\u0131\u011f\u0131m\u0131zca koordine edilen \u201cAhbaplar Su\u00e7 \u00d6rg\u00fct\u00fc\u201d soru\u015fturmas\u0131n\u0131n 4\u2019\u00fcnc\u00fc dalga operasyonunda \u0130stanbul \u0130l Emniyet M\u00fcd\u00fcrl\u00fc\u011f\u00fcm\u00fcz taraf\u0131ndan 13 \u015f\u00fcpheli yakalanarak g\u00f6zalt\u0131na al\u0131nm\u0131\u015ft\u0131r. Soru\u015fturma kapsam\u0131nda konut ve konteyner al\u0131mlar\u0131, \u015f\u00fcpheli ta\u015f\u0131nmaz devirleri, dernek taraf\u0131ndan d\u00fczenlenen \u00e7ekler ile mali ve ticari ili\u015fkiler b\u00fct\u00fcn y\u00f6nleriyle incelenmektedir.&#8221; ifadelerini kulland\u0131.<\/p>\n\n\n\n<h3 class=\"wp-block-heading\">&#8220;13 \u015f\u00fcpheli g\u00f6zalt\u0131na al\u0131nd\u0131&#8221;<\/h3>\n\n\n\n<p>\u0130stanbul Cumhuriyet Ba\u015fsavc\u0131l\u0131\u011f\u0131, &#8220;Ahbaplar su\u00e7 \u00f6rg\u00fct\u00fcne&#8221; y\u00f6nelik y\u00fcr\u00fct\u00fclen soru\u015fturman\u0131n d\u00f6rd\u00fcnc\u00fc dalga operasyonunda 13 \u015f\u00fcphelinin g\u00f6zalt\u0131na al\u0131nd\u0131\u011f\u0131n\u0131 bildirdi.<\/p>\n\n\n\n<p>Operasyonda, soru\u015fturma dosyas\u0131nda elde edilen deliller do\u011frultusunda 13 \u015f\u00fcphelinin yakalanarak g\u00f6zalt\u0131na al\u0131nd\u0131\u011f\u0131 ifade edilen a\u00e7\u0131klamada, \u015f\u00fcpheliler hakk\u0131nda d\u00f6rt ana ba\u015fl\u0131k alt\u0131nda soru\u015fturma i\u015flemi y\u00fcr\u00fct\u00fcld\u00fc\u011f\u00fc bildirildi.<\/p>\n\n\n\n<p>Ayr\u0131ca \u0130stanbul Cumhuriyet Ba\u015fsavc\u0131l\u0131\u011f\u0131nca y\u00fcr\u00fct\u00fclen \u201cAhbaplar Su\u00e7 \u00d6rg\u00fct\u00fc\u201d soru\u015fturmas\u0131 kapsam\u0131nda; gazeteci U\u011fur D\u00fcndar, sanat\u00e7\u0131 ve y\u00f6netmen Mahsun K\u0131rm\u0131z\u0131g\u00fcl, \u015fark\u0131c\u0131 ve oyuncu G\u00fclben Ergen, oyuncu El\u00e7in Sangu ile rock m\u00fczik sanat\u00e7\u0131s\u0131 Hayko Cepkin ifadeye \u00e7a\u011f\u0131r\u0131ld\u0131.<\/p>\n\n\n\n<figure class=\"wp-block-embed is-type-rich is-provider-x wp-block-embed-x\"><div class=\"wp-block-embed__wrapper\">\n<blockquote class=\"twitter-tweet\" data-width=\"550\" data-dnt=\"true\"><p lang=\"tr\" dir=\"ltr\">Vatanda\u015flar\u0131m\u0131z\u0131n deprem d\u00f6neminde hay\u0131rseverlik ve dayan\u0131\u015fma duygusuyla emanet etti\u011fi ba\u011f\u0131\u015flar\u0131n, amac\u0131 d\u0131\u015f\u0131nda kullan\u0131lmas\u0131 hukuk d\u00fczenimiz bak\u0131m\u0131ndan su\u00e7tur.<br><br>Milletimizin emanetine ihanet eden, kamu vicdan\u0131n\u0131 zedeleyen ve hukuku ihlal eden herkes; makam\u0131, mevkii veya s\u0131fat\u0131\u2026 <a href=\"https:\/\/t.co\/YkYTmSZ7GM\">pic.twitter.com\/YkYTmSZ7GM<\/a><\/p>&mdash; Ak\u0131n G\u00fcrlek (@abakingurlek) <a href=\"https:\/\/x.com\/abakingurlek\/status\/2081287280820359610?ref_src=twsrc%5Etfw\">July 26, 2026<\/a><\/blockquote><script async src=\"https:\/\/platform.x.com\/widgets.js\" charset=\"utf-8\"><\/script>\n<\/div><\/figure>\n","protected":false},"excerpt":{"rendered":"<p>Adalet Bakan\u0131 Ak\u0131n G\u00fcrlek, \u0130stanbul, Erzurum ve Mersin Cumhuriyet ba\u015fsavc\u0131l\u0131klar\u0131n\u0131n koordinasyonunda y\u00fcr\u00fct\u00fclen \u00fc\u00e7 ayr\u0131 operasyonda toplam 112 \u015f\u00fcpheli hakk\u0131nda adli i\u015flem ba\u015flat\u0131ld\u0131\u011f\u0131n\u0131 a\u00e7\u0131klad\u0131. Adalet Bakan\u0131 Ak\u0131n G\u00fcrlek, \u0130stanbul, Erzurum ve Mersin Cumhuriyet ba\u015fsavc\u0131l\u0131klar\u0131n\u0131n koordinasyonunda y\u00fcr\u00fct\u00fclen \u00fc\u00e7 ayr\u0131 operasyonda toplam 112 \u015f\u00fcpheli hakk\u0131nda adli i\u015flem ba\u015flat\u0131ld\u0131\u011f\u0131n\u0131 a\u00e7\u0131klad\u0131. Operasyonlar\u0131n &#8220;Ahbaplar Su\u00e7 \u00d6rg\u00fct\u00fc&#8221;, G\u00fclistan Doku soru\u015fturmas\u0131 ve yasa [&hellip;]<\/p>\n","protected":false},"author":12791,"featured_media":169322,"comment_status":"open","ping_status":"open","sticky":false,"template":"","format":"standard","meta":{"_yoast_wpseo_focuskw":"Ak\u0131n G\u00fcrlek","_yoast_wpseo_title":"","_yoast_wpseo_metadesc":"Adalet Bakan\u0131 Ak\u0131n G\u00fcrlek, \u0130stanbul, Erzurum ve Mersin Cumhuriyet ba\u015fsavc\u0131l\u0131klar\u0131n\u0131n koordinasyonunda adli i\u015flem ba\u015flat\u0131ld\u0131\u011f\u0131n\u0131 a\u00e7\u0131klad\u0131.","_bbp_topic_count":0,"_bbp_reply_count":0,"_bbp_total_topic_count":0,"_bbp_total_reply_count":0,"_bbp_voice_count":0,"_bbp_anonymous_reply_count":0,"_bbp_topic_count_hidden":0,"_bbp_reply_count_hidden":0,"_bbp_forum_subforum_count":0,"footnotes":"","_yoast_wpseo_focuskw_text_input":""},"categories":[1,8138,8226],"tags":[6073,8769,11941,11938,1326,11940,10048],"yoast_head":"<!-- This site is optimized with the Yoast SEO plugin v23.0 - https:\/\/yoast.com\/wordpress\/plugins\/seo\/ -->\n<title>\u201cAhbaplar Su\u00e7 \u00d6rg\u00fct\u00fc\u201d Soru\u015fturmas\u0131nda 13 Ki\u015fi G\u00f6zalt\u0131na Al\u0131nd\u0131 - The Epoch Times TR<\/title>\n<meta name=\"description\" content=\"Adalet Bakan\u0131 Ak\u0131n G\u00fcrlek, \u0130stanbul, Erzurum ve Mersin Cumhuriyet ba\u015fsavc\u0131l\u0131klar\u0131n\u0131n koordinasyonunda adli i\u015flem ba\u015flat\u0131ld\u0131\u011f\u0131n\u0131 a\u00e7\u0131klad\u0131.\" \/>\n<meta name=\"robots\" content=\"index, follow, max-snippet:-1, max-image-preview:large, max-video-preview:-1\" \/>\n<link rel=\"canonical\" href=\"https:\/\/epochtimestr.com\/index.php\/ahbaplar-suc-orgutu-sorusturmasinda-13-kisi-gozaltina-alindi\" \/>\n<meta property=\"og:locale\" content=\"tr_TR\" \/>\n<meta property=\"og:type\" content=\"article\" \/>\n<meta property=\"og:title\" content=\"\u201cAhbaplar Su\u00e7 \u00d6rg\u00fct\u00fc\u201d Soru\u015fturmas\u0131nda 13 Ki\u015fi G\u00f6zalt\u0131na Al\u0131nd\u0131 - The Epoch Times TR\" \/>\n<meta property=\"og:description\" content=\"Adalet Bakan\u0131 Ak\u0131n G\u00fcrlek, \u0130stanbul, Erzurum ve Mersin Cumhuriyet ba\u015fsavc\u0131l\u0131klar\u0131n\u0131n koordinasyonunda adli i\u015flem ba\u015flat\u0131ld\u0131\u011f\u0131n\u0131 a\u00e7\u0131klad\u0131.\" \/>\n<meta property=\"og:url\" content=\"https:\/\/epochtimestr.com\/index.php\/ahbaplar-suc-orgutu-sorusturmasinda-13-kisi-gozaltina-alindi\" \/>\n<meta property=\"og:site_name\" content=\"The Epoch Times TR\" \/>\n<meta property=\"article:publisher\" content=\"https:\/\/www.facebook.com\/theepochtimestr\" \/>\n<meta property=\"article:published_time\" content=\"2026-07-27T13:21:40+00:00\" \/>\n<meta property=\"article:modified_time\" content=\"2026-07-27T13:21:42+00:00\" \/>\n<meta property=\"og:image\" content=\"https:\/\/epochtimestr.com\/wp-content\/uploads\/2011y\/adalet-bakanligi.jpg\" \/>\n\t<meta property=\"og:image:width\" content=\"800\" \/>\n\t<meta property=\"og:image:height\" content=\"533\" \/>\n\t<meta property=\"og:image:type\" content=\"image\/jpeg\" \/>\n<meta name=\"author\" content=\"Haber Merkezi\" \/>\n<meta name=\"twitter:card\" content=\"summary_large_image\" \/>\n<meta name=\"twitter:creator\" content=\"@TheEpochTimesTR\" \/>\n<meta name=\"twitter:site\" content=\"@TheEpochTimesTR\" \/>\n<meta name=\"twitter:label1\" content=\"Yazan:\" \/>\n\t<meta name=\"twitter:data1\" content=\"Haber Merkezi\" \/>\n\t<meta name=\"twitter:label2\" content=\"Tahmini okuma s\u00fcresi\" \/>\n\t<meta name=\"twitter:data2\" content=\"3 dakika\" \/>\n<script type=\"application\/ld+json\" class=\"yoast-schema-graph\">{\"@context\":\"https:\/\/schema.org\",\"@graph\":[{\"@type\":\"Article\",\"@id\":\"https:\/\/epochtimestr.com\/index.php\/ahbaplar-suc-orgutu-sorusturmasinda-13-kisi-gozaltina-alindi#article\",\"isPartOf\":{\"@id\":\"https:\/\/epochtimestr.com\/index.php\/ahbaplar-suc-orgutu-sorusturmasinda-13-kisi-gozaltina-alindi\"},\"author\":{\"name\":\"Haber Merkezi\",\"@id\":\"https:\/\/epochtimestr.com\/#\/schema\/person\/3dc5c3adeb9f43923c5aa85889172fdd\"},\"headline\":\"\u201cAhbaplar Su\u00e7 \u00d6rg\u00fct\u00fc\u201d Soru\u015fturmas\u0131nda 13 Ki\u015fi G\u00f6zalt\u0131na Al\u0131nd\u0131\",\"datePublished\":\"2026-07-27T13:21:40+00:00\",\"dateModified\":\"2026-07-27T13:21:42+00:00\",\"mainEntityOfPage\":{\"@id\":\"https:\/\/epochtimestr.com\/index.php\/ahbaplar-suc-orgutu-sorusturmasinda-13-kisi-gozaltina-alindi\"},\"wordCount\":626,\"commentCount\":0,\"publisher\":{\"@id\":\"https:\/\/epochtimestr.com\/#organization\"},\"image\":{\"@id\":\"https:\/\/epochtimestr.com\/index.php\/ahbaplar-suc-orgutu-sorusturmasinda-13-kisi-gozaltina-alindi#primaryimage\"},\"thumbnailUrl\":\"https:\/\/epochtimestr.com\/wp-content\/uploads\/2011y\/adalet-bakanligi.jpg\",\"keywords\":[\"Adalet Bakanl\u0131\u011f\u0131\",\"Ak\u0131n G\u00fcrlek\",\"bahis\",\"ba\u015fsavc\u0131l\u0131k\",\"g\u00f6zalt\u0131\",\"ifade\",\"Su\u00e7 \u00f6rg\u00fct\u00fc\"],\"articleSection\":[\"G\u00dcNDEM\",\"MAN\u015eET\",\"Siyaset\"],\"inLanguage\":\"tr\",\"potentialAction\":[{\"@type\":\"CommentAction\",\"name\":\"Comment\",\"target\":[\"https:\/\/epochtimestr.com\/index.php\/ahbaplar-suc-orgutu-sorusturmasinda-13-kisi-gozaltina-alindi#respond\"]}]},{\"@type\":\"WebPage\",\"@id\":\"https:\/\/epochtimestr.com\/index.php\/ahbaplar-suc-orgutu-sorusturmasinda-13-kisi-gozaltina-alindi\",\"url\":\"https:\/\/epochtimestr.com\/index.php\/ahbaplar-suc-orgutu-sorusturmasinda-13-kisi-gozaltina-alindi\",\"name\":\"\u201cAhbaplar Su\u00e7 \u00d6rg\u00fct\u00fc\u201d Soru\u015fturmas\u0131nda 13 Ki\u015fi G\u00f6zalt\u0131na Al\u0131nd\u0131 - The Epoch Times TR\",\"isPartOf\":{\"@id\":\"https:\/\/epochtimestr.com\/#website\"},\"primaryImageOfPage\":{\"@id\":\"https:\/\/epochtimestr.com\/index.php\/ahbaplar-suc-orgutu-sorusturmasinda-13-kisi-gozaltina-alindi#primaryimage\"},\"image\":{\"@id\":\"https:\/\/epochtimestr.com\/index.php\/ahbaplar-suc-orgutu-sorusturmasinda-13-kisi-gozaltina-alindi#primaryimage\"},\"thumbnailUrl\":\"https:\/\/epochtimestr.com\/wp-content\/uploads\/2011y\/adalet-bakanligi.jpg\",\"datePublished\":\"2026-07-27T13:21:40+00:00\",\"dateModified\":\"2026-07-27T13:21:42+00:00\",\"description\":\"Adalet Bakan\u0131 Ak\u0131n G\u00fcrlek, \u0130stanbul, Erzurum ve Mersin Cumhuriyet ba\u015fsavc\u0131l\u0131klar\u0131n\u0131n koordinasyonunda adli i\u015flem ba\u015flat\u0131ld\u0131\u011f\u0131n\u0131 a\u00e7\u0131klad\u0131.\",\"inLanguage\":\"tr\",\"potentialAction\":[{\"@type\":\"ReadAction\",\"target\":[\"https:\/\/epochtimestr.com\/index.php\/ahbaplar-suc-orgutu-sorusturmasinda-13-kisi-gozaltina-alindi\"]}]},{\"@type\":\"ImageObject\",\"inLanguage\":\"tr\",\"@id\":\"https:\/\/epochtimestr.com\/index.php\/ahbaplar-suc-orgutu-sorusturmasinda-13-kisi-gozaltina-alindi#primaryimage\",\"url\":\"https:\/\/epochtimestr.com\/wp-content\/uploads\/2011y\/adalet-bakanligi.jpg\",\"contentUrl\":\"https:\/\/epochtimestr.com\/wp-content\/uploads\/2011y\/adalet-bakanligi.jpg\",\"width\":800,\"height\":533},{\"@type\":\"WebSite\",\"@id\":\"https:\/\/epochtimestr.com\/#website\",\"url\":\"https:\/\/epochtimestr.com\/\",\"name\":\"The Epoch Times TR\",\"description\":\"De\u011fi\u015fen D\u00fcnyam\u0131za Taze Bir Bak\u0131\u015f\",\"publisher\":{\"@id\":\"https:\/\/epochtimestr.com\/#organization\"},\"potentialAction\":[{\"@type\":\"SearchAction\",\"target\":{\"@type\":\"EntryPoint\",\"urlTemplate\":\"https:\/\/epochtimestr.com\/?s={search_term_string}\"},\"query-input\":\"required name=search_term_string\"}],\"inLanguage\":\"tr\"},{\"@type\":\"Organization\",\"@id\":\"https:\/\/epochtimestr.com\/#organization\",\"name\":\"The EpochTimes T\u00fcrkiye\",\"url\":\"https:\/\/epochtimestr.com\/\",\"logo\":{\"@type\":\"ImageObject\",\"inLanguage\":\"tr\",\"@id\":\"https:\/\/epochtimestr.com\/#\/schema\/logo\/image\/\",\"url\":\"https:\/\/epochtimestr.com\/wp-content\/uploads\/2011y\/ET-Logo-YG.jpg\",\"contentUrl\":\"https:\/\/epochtimestr.com\/wp-content\/uploads\/2011y\/ET-Logo-YG.jpg\",\"width\":346,\"height\":29,\"caption\":\"The EpochTimes T\u00fcrkiye\"},\"image\":{\"@id\":\"https:\/\/epochtimestr.com\/#\/schema\/logo\/image\/\"},\"sameAs\":[\"https:\/\/www.facebook.com\/theepochtimestr\",\"https:\/\/x.com\/TheEpochTimesTR\",\"https:\/\/www.instagram.com\/epochtimestr\"]},{\"@type\":\"Person\",\"@id\":\"https:\/\/epochtimestr.com\/#\/schema\/person\/3dc5c3adeb9f43923c5aa85889172fdd\",\"name\":\"Haber Merkezi\",\"image\":{\"@type\":\"ImageObject\",\"inLanguage\":\"tr\",\"@id\":\"https:\/\/epochtimestr.com\/#\/schema\/person\/image\/\",\"url\":\"https:\/\/secure.gravatar.com\/avatar\/d73f772ba5a74f28601361e17c2f93e6?s=96&d=mm&r=g\",\"contentUrl\":\"https:\/\/secure.gravatar.com\/avatar\/d73f772ba5a74f28601361e17c2f93e6?s=96&d=mm&r=g\",\"caption\":\"Haber Merkezi\"},\"url\":\"https:\/\/epochtimestr.com\/index.php\/author\/sendag\"}]}<\/script>\n<!-- \/ Yoast SEO plugin. -->","yoast_head_json":{"title":"\u201cAhbaplar Su\u00e7 \u00d6rg\u00fct\u00fc\u201d Soru\u015fturmas\u0131nda 13 Ki\u015fi G\u00f6zalt\u0131na Al\u0131nd\u0131 - The Epoch Times TR","description":"Adalet Bakan\u0131 Ak\u0131n G\u00fcrlek, \u0130stanbul, Erzurum ve Mersin Cumhuriyet ba\u015fsavc\u0131l\u0131klar\u0131n\u0131n koordinasyonunda adli i\u015flem ba\u015flat\u0131ld\u0131\u011f\u0131n\u0131 a\u00e7\u0131klad\u0131.","robots":{"index":"index","follow":"follow","max-snippet":"max-snippet:-1","max-image-preview":"max-image-preview:large","max-video-preview":"max-video-preview:-1"},"canonical":"https:\/\/epochtimestr.com\/index.php\/ahbaplar-suc-orgutu-sorusturmasinda-13-kisi-gozaltina-alindi","og_locale":"tr_TR","og_type":"article","og_title":"\u201cAhbaplar Su\u00e7 \u00d6rg\u00fct\u00fc\u201d Soru\u015fturmas\u0131nda 13 Ki\u015fi G\u00f6zalt\u0131na Al\u0131nd\u0131 - The Epoch Times TR","og_description":"Adalet Bakan\u0131 Ak\u0131n G\u00fcrlek, \u0130stanbul, Erzurum ve Mersin Cumhuriyet ba\u015fsavc\u0131l\u0131klar\u0131n\u0131n koordinasyonunda adli i\u015flem ba\u015flat\u0131ld\u0131\u011f\u0131n\u0131 a\u00e7\u0131klad\u0131.","og_url":"https:\/\/epochtimestr.com\/index.php\/ahbaplar-suc-orgutu-sorusturmasinda-13-kisi-gozaltina-alindi","og_site_name":"The Epoch Times TR","article_publisher":"https:\/\/www.facebook.com\/theepochtimestr","article_published_time":"2026-07-27T13:21:40+00:00","article_modified_time":"2026-07-27T13:21:42+00:00","og_image":[{"width":800,"height":533,"url":"https:\/\/epochtimestr.com\/wp-content\/uploads\/2011y\/adalet-bakanligi.jpg","type":"image\/jpeg"}],"author":"Haber Merkezi","twitter_card":"summary_large_image","twitter_creator":"@TheEpochTimesTR","twitter_site":"@TheEpochTimesTR","twitter_misc":{"Yazan:":"Haber Merkezi","Tahmini okuma s\u00fcresi":"3 dakika"},"schema":{"@context":"https:\/\/schema.org","@graph":[{"@type":"Article","@id":"https:\/\/epochtimestr.com\/index.php\/ahbaplar-suc-orgutu-sorusturmasinda-13-kisi-gozaltina-alindi#article","isPartOf":{"@id":"https:\/\/epochtimestr.com\/index.php\/ahbaplar-suc-orgutu-sorusturmasinda-13-kisi-gozaltina-alindi"},"author":{"name":"Haber Merkezi","@id":"https:\/\/epochtimestr.com\/#\/schema\/person\/3dc5c3adeb9f43923c5aa85889172fdd"},"headline":"\u201cAhbaplar Su\u00e7 \u00d6rg\u00fct\u00fc\u201d Soru\u015fturmas\u0131nda 13 Ki\u015fi G\u00f6zalt\u0131na Al\u0131nd\u0131","datePublished":"2026-07-27T13:21:40+00:00","dateModified":"2026-07-27T13:21:42+00:00","mainEntityOfPage":{"@id":"https:\/\/epochtimestr.com\/index.php\/ahbaplar-suc-orgutu-sorusturmasinda-13-kisi-gozaltina-alindi"},"wordCount":626,"commentCount":0,"publisher":{"@id":"https:\/\/epochtimestr.com\/#organization"},"image":{"@id":"https:\/\/epochtimestr.com\/index.php\/ahbaplar-suc-orgutu-sorusturmasinda-13-kisi-gozaltina-alindi#primaryimage"},"thumbnailUrl":"https:\/\/epochtimestr.com\/wp-content\/uploads\/2011y\/adalet-bakanligi.jpg","keywords":["Adalet Bakanl\u0131\u011f\u0131","Ak\u0131n G\u00fcrlek","bahis","ba\u015fsavc\u0131l\u0131k","g\u00f6zalt\u0131","ifade","Su\u00e7 \u00f6rg\u00fct\u00fc"],"articleSection":["G\u00dcNDEM","MAN\u015eET","Siyaset"],"inLanguage":"tr","potentialAction":[{"@type":"CommentAction","name":"Comment","target":["https:\/\/epochtimestr.com\/index.php\/ahbaplar-suc-orgutu-sorusturmasinda-13-kisi-gozaltina-alindi#respond"]}]},{"@type":"WebPage","@id":"https:\/\/epochtimestr.com\/index.php\/ahbaplar-suc-orgutu-sorusturmasinda-13-kisi-gozaltina-alindi","url":"https:\/\/epochtimestr.com\/index.php\/ahbaplar-suc-orgutu-sorusturmasinda-13-kisi-gozaltina-alindi","name":"\u201cAhbaplar Su\u00e7 \u00d6rg\u00fct\u00fc\u201d Soru\u015fturmas\u0131nda 13 Ki\u015fi G\u00f6zalt\u0131na Al\u0131nd\u0131 - The Epoch Times TR","isPartOf":{"@id":"https:\/\/epochtimestr.com\/#website"},"primaryImageOfPage":{"@id":"https:\/\/epochtimestr.com\/index.php\/ahbaplar-suc-orgutu-sorusturmasinda-13-kisi-gozaltina-alindi#primaryimage"},"image":{"@id":"https:\/\/epochtimestr.com\/index.php\/ahbaplar-suc-orgutu-sorusturmasinda-13-kisi-gozaltina-alindi#primaryimage"},"thumbnailUrl":"https:\/\/epochtimestr.com\/wp-content\/uploads\/2011y\/adalet-bakanligi.jpg","datePublished":"2026-07-27T13:21:40+00:00","dateModified":"2026-07-27T13:21:42+00:00","description":"Adalet Bakan\u0131 Ak\u0131n G\u00fcrlek, \u0130stanbul, Erzurum ve Mersin Cumhuriyet ba\u015fsavc\u0131l\u0131klar\u0131n\u0131n koordinasyonunda adli i\u015flem ba\u015flat\u0131ld\u0131\u011f\u0131n\u0131 a\u00e7\u0131klad\u0131.","inLanguage":"tr","potentialAction":[{"@type":"ReadAction","target":["https:\/\/epochtimestr.com\/index.php\/ahbaplar-suc-orgutu-sorusturmasinda-13-kisi-gozaltina-alindi"]}]},{"@type":"ImageObject","inLanguage":"tr","@id":"https:\/\/epochtimestr.com\/index.php\/ahbaplar-suc-orgutu-sorusturmasinda-13-kisi-gozaltina-alindi#primaryimage","url":"https:\/\/epochtimestr.com\/wp-content\/uploads\/2011y\/adalet-bakanligi.jpg","contentUrl":"https:\/\/epochtimestr.com\/wp-content\/uploads\/2011y\/adalet-bakanligi.jpg","width":800,"height":533},{"@type":"WebSite","@id":"https:\/\/epochtimestr.com\/#website","url":"https:\/\/epochtimestr.com\/","name":"The Epoch Times TR","description":"De\u011fi\u015fen D\u00fcnyam\u0131za Taze Bir Bak\u0131\u015f","publisher":{"@id":"https:\/\/epochtimestr.com\/#organization"},"potentialAction":[{"@type":"SearchAction","target":{"@type":"EntryPoint","urlTemplate":"https:\/\/epochtimestr.com\/?s={search_term_string}"},"query-input":"required name=search_term_string"}],"inLanguage":"tr"},{"@type":"Organization","@id":"https:\/\/epochtimestr.com\/#organization","name":"The EpochTimes T\u00fcrkiye","url":"https:\/\/epochtimestr.com\/","logo":{"@type":"ImageObject","inLanguage":"tr","@id":"https:\/\/epochtimestr.com\/#\/schema\/logo\/image\/","url":"https:\/\/epochtimestr.com\/wp-content\/uploads\/2011y\/ET-Logo-YG.jpg","contentUrl":"https:\/\/epochtimestr.com\/wp-content\/uploads\/2011y\/ET-Logo-YG.jpg","width":346,"height":29,"caption":"The EpochTimes T\u00fcrkiye"},"image":{"@id":"https:\/\/epochtimestr.com\/#\/schema\/logo\/image\/"},"sameAs":["https:\/\/www.facebook.com\/theepochtimestr","https:\/\/x.com\/TheEpochTimesTR","https:\/\/www.instagram.com\/epochtimestr"]},{"@type":"Person","@id":"https:\/\/epochtimestr.com\/#\/schema\/person\/3dc5c3adeb9f43923c5aa85889172fdd","name":"Haber Merkezi","image":{"@type":"ImageObject","inLanguage":"tr","@id":"https:\/\/epochtimestr.com\/#\/schema\/person\/image\/","url":"https:\/\/secure.gravatar.com\/avatar\/d73f772ba5a74f28601361e17c2f93e6?s=96&d=mm&r=g","contentUrl":"https:\/\/secure.gravatar.com\/avatar\/d73f772ba5a74f28601361e17c2f93e6?s=96&d=mm&r=g","caption":"Haber Merkezi"},"url":"https:\/\/epochtimestr.com\/index.php\/author\/sendag"}]}},"_links":{"self":[{"href":"https:\/\/epochtimestr.com\/index.php\/wp-json\/wp\/v2\/posts\/169321"}],"collection":[{"href":"https:\/\/epochtimestr.com\/index.php\/wp-json\/wp\/v2\/posts"}],"about":[{"href":"https:\/\/epochtimestr.com\/index.php\/wp-json\/wp\/v2\/types\/post"}],"author":[{"embeddable":true,"href":"https:\/\/epochtimestr.com\/index.php\/wp-json\/wp\/v2\/users\/12791"}],"replies":[{"embeddable":true,"href":"https:\/\/epochtimestr.com\/index.php\/wp-json\/wp\/v2\/comments?post=169321"}],"version-history":[{"count":2,"href":"https:\/\/epochtimestr.com\/index.php\/wp-json\/wp\/v2\/posts\/169321\/revisions"}],"predecessor-version":[{"id":169328,"href":"https:\/\/epochtimestr.com\/index.php\/wp-json\/wp\/v2\/posts\/169321\/revisions\/169328"}],"wp:featuredmedia":[{"embeddable":true,"href":"https:\/\/epochtimestr.com\/index.php\/wp-json\/wp\/v2\/media\/169322"}],"wp:attachment":[{"href":"https:\/\/epochtimestr.com\/index.php\/wp-json\/wp\/v2\/media?parent=169321"}],"wp:term":[{"taxonomy":"category","embeddable":true,"href":"https:\/\/epochtimestr.com\/index.php\/wp-json\/wp\/v2\/categories?post=169321"},{"taxonomy":"post_tag","embeddable":true,"href":"https:\/\/epochtimestr.com\/index.php\/wp-json\/wp\/v2\/tags?post=169321"}],"curies":[{"name":"wp","href":"https:\/\/api.w.org\/{rel}","templated":true}]}}