{"id":169340,"date":"2026-07-28T07:51:50","date_gmt":"2026-07-28T04:51:50","guid":{"rendered":"https:\/\/epochtimestr.com\/?p=169340"},"modified":"2026-07-28T07:51:52","modified_gmt":"2026-07-28T04:51:52","slug":"yeni-partiye-grup-toplantisi-icin-buyuk-salon-tahsis-edildi","status":"publish","type":"post","link":"https:\/\/epochtimestr.com\/index.php\/yeni-partiye-grup-toplantisi-icin-buyuk-salon-tahsis-edildi","title":{"rendered":"YEN\u0130 Parti&#8217;ye Grup Toplant\u0131s\u0131 \u0130\u00e7in B\u00fcy\u00fck Salon Tahsis Edildi"},"content":{"rendered":"<div class=\"wp-block-image\">\n<figure class=\"aligncenter size-full\"><img loading=\"lazy\" decoding=\"async\" width=\"740\" height=\"405\" src=\"https:\/\/epochtimestr.com\/wp-content\/uploads\/2011y\/tbmm-4.webp\" alt=\"YEN\u0130 Parti'ye grup toplant\u0131s\u0131 i\u00e7in B\u00fcy\u00fck Salon tahsis edildi. (Foto\u011fraf: TBMM sitesi)\" class=\"wp-image-169341\" srcset=\"https:\/\/epochtimestr.com\/wp-content\/uploads\/2011y\/tbmm-4.webp 740w, https:\/\/epochtimestr.com\/wp-content\/uploads\/2011y\/tbmm-4-300x164.webp 300w, https:\/\/epochtimestr.com\/wp-content\/uploads\/2011y\/tbmm-4-150x82.webp 150w\" sizes=\"(max-width: 740px) 100vw, 740px\" \/><figcaption class=\"wp-element-caption\">YEN\u0130 Parti&#8217;ye grup toplant\u0131s\u0131 i\u00e7in B\u00fcy\u00fck Salon tahsis edildi. (Foto\u011fraf: TBMM sitesi)<\/figcaption><\/figure><\/div>\n\n\n<h2 class=\"wp-block-heading\">TBMM Ba\u015fkanl\u0131\u011f\u0131, mecliste en b\u00fcy\u00fck ikinci gruba sahip YEN\u0130 Parti&#8217;nin grup toplant\u0131lar\u0131n\u0131 b\u00fcy\u00fck salonda ger\u00e7ekle\u015ftirece\u011fini duyurdu.<\/h2>\n\n\n\n<p><a href=\"https:\/\/epochtimestr.com\/index.php\/ucum-yeni-parti-konusu-magazin-tartismasindan-oteye-gidemez\" target=\"_blank\" rel=\"noreferrer noopener\">YEN\u0130 Parti<\/a>&#8216;ye TBMM&#8217;de b\u00fcy\u00fck grup toplant\u0131 salonu tahsis edildi. <a href=\"https:\/\/epochtimestr.com\/index.php\/murat-emir-tbmmde-basin-toplantisi-duzenledi\" target=\"_blank\" rel=\"noreferrer noopener\">TBMM<\/a> Ba\u015fkanl\u0131\u011f\u0131, 91 milletvekiliyle Meclis&#8217;te ana muhalefet konumuna gelen YEN\u0130 Parti&#8217;ye grup toplant\u0131lar\u0131 i\u00e7in b\u00fcy\u00fck salonu tahsis etti.<br \/>TBMM Ba\u015fkanl\u0131\u011f\u0131 taraf\u0131ndan YEN\u0130 Parti Grup Ba\u015fkanl\u0131\u011f\u0131&#8217;na g\u00f6nderilen yaz\u0131da, partinin grup toplant\u0131lar\u0131n\u0131 b\u00fcy\u00fck salonda ger\u00e7ekle\u015ftirece\u011fi bildirildi.<\/p>\n\n\n\n<p>Bunun yan\u0131 s\u0131ra b\u00fcy\u00fck salonu CHP de kullanmay\u0131 s\u00fcrd\u00fcrecek. D\u00fczenlemeye g\u00f6re YEN\u0130 Parti&#8217;nin grup toplant\u0131lar\u0131 sal\u0131 g\u00fcnleri saat 11.45&#8217;te, CHP&#8217;nin grup toplant\u0131lar\u0131 ise ayn\u0131 g\u00fcn saat 13.30&#8217;da yap\u0131lacak.<br \/>\u00d6zel liderli\u011finde kurulan YEN\u0130 Parti, milletvekili say\u0131s\u0131 bak\u0131m\u0131ndan TBMM\u2019nin ikinci b\u00fcy\u00fck partisi ve ana muhalefet partisi konumuna geldi. AKP grubunun hemen yan\u0131nda bulunan ve CHP taraf\u0131ndan kullan\u0131lan s\u0131ralara, Meclis\u2019in ikinci b\u00fcy\u00fck partisi haline gelen YEN\u0130 Parti yerle\u015fecek. Mevcut d\u00fczende CHP\u2019nin yan\u0131nda DEM Parti, ard\u0131ndan MHP bulunuyor.<\/p>\n\n\n<div class=\"wp-block-image\">\n<figure class=\"aligncenter size-full\"><img loading=\"lazy\" decoding=\"async\" width=\"531\" height=\"768\" src=\"https:\/\/epochtimestr.com\/wp-content\/uploads\/2011y\/yeniparti.webp\" alt=\"\" class=\"wp-image-169343\" srcset=\"https:\/\/epochtimestr.com\/wp-content\/uploads\/2011y\/yeniparti.webp 531w, https:\/\/epochtimestr.com\/wp-content\/uploads\/2011y\/yeniparti-207x300.webp 207w, https:\/\/epochtimestr.com\/wp-content\/uploads\/2011y\/yeniparti-104x150.webp 104w\" sizes=\"(max-width: 531px) 100vw, 531px\" \/><\/figure><\/div>","protected":false},"excerpt":{"rendered":"<p>TBMM Ba\u015fkanl\u0131\u011f\u0131, mecliste en b\u00fcy\u00fck ikinci gruba sahip YEN\u0130 Parti&#8217;nin grup toplant\u0131lar\u0131n\u0131 b\u00fcy\u00fck salonda ger\u00e7ekle\u015ftirece\u011fini duyurdu. YEN\u0130 Parti&#8216;ye TBMM&#8217;de b\u00fcy\u00fck grup toplant\u0131 salonu tahsis edildi. TBMM Ba\u015fkanl\u0131\u011f\u0131, 91 milletvekiliyle Meclis&#8217;te ana muhalefet konumuna gelen YEN\u0130 Parti&#8217;ye grup toplant\u0131lar\u0131 i\u00e7in b\u00fcy\u00fck salonu tahsis etti.TBMM Ba\u015fkanl\u0131\u011f\u0131 taraf\u0131ndan YEN\u0130 Parti Grup Ba\u015fkanl\u0131\u011f\u0131&#8217;na g\u00f6nderilen yaz\u0131da, partinin grup toplant\u0131lar\u0131n\u0131 b\u00fcy\u00fck [&hellip;]<\/p>\n","protected":false},"author":12791,"featured_media":169341,"comment_status":"open","ping_status":"open","sticky":false,"template":"","format":"standard","meta":{"_yoast_wpseo_focuskw":"YEN\u0130 parti","_yoast_wpseo_title":"","_yoast_wpseo_metadesc":"TBMM Ba\u015fkanl\u0131\u011f\u0131, TBMM'deki en b\u00fcy\u00fck ikinci gruba sahip YEN\u0130 Parti'nin grup toplant\u0131s\u0131 i\u00e7in b\u00fcy\u00fck salonu kullanaca\u011f\u0131n\u0131 duyurdu.","_bbp_topic_count":0,"_bbp_reply_count":0,"_bbp_total_topic_count":0,"_bbp_total_reply_count":0,"_bbp_voice_count":0,"_bbp_anonymous_reply_count":0,"_bbp_topic_count_hidden":0,"_bbp_reply_count_hidden":0,"_bbp_forum_subforum_count":0,"footnotes":"","_yoast_wpseo_focuskw_text_input":""},"categories":[1,8138,8226],"tags":[11946,11943,1200,11909],"yoast_head":"<!-- This site is optimized with the Yoast SEO plugin v23.0 - https:\/\/yoast.com\/wordpress\/plugins\/seo\/ -->\n<title>YEN\u0130 Parti&#039;ye Grup Toplant\u0131s\u0131 \u0130\u00e7in B\u00fcy\u00fck Salon Tahsis Edildi - The Epoch Times TR<\/title>\n<meta name=\"description\" content=\"TBMM Ba\u015fkanl\u0131\u011f\u0131, TBMM&#039;deki en b\u00fcy\u00fck ikinci gruba sahip YEN\u0130 Parti&#039;nin grup toplant\u0131s\u0131 i\u00e7in b\u00fcy\u00fck salonu kullanaca\u011f\u0131n\u0131 duyurdu.\" \/>\n<meta name=\"robots\" content=\"index, follow, max-snippet:-1, max-image-preview:large, max-video-preview:-1\" \/>\n<link rel=\"canonical\" href=\"https:\/\/epochtimestr.com\/index.php\/yeni-partiye-grup-toplantisi-icin-buyuk-salon-tahsis-edildi\" \/>\n<meta property=\"og:locale\" content=\"tr_TR\" \/>\n<meta property=\"og:type\" content=\"article\" \/>\n<meta property=\"og:title\" content=\"YEN\u0130 Parti&#039;ye Grup Toplant\u0131s\u0131 \u0130\u00e7in B\u00fcy\u00fck Salon Tahsis Edildi - The Epoch Times TR\" \/>\n<meta property=\"og:description\" content=\"TBMM Ba\u015fkanl\u0131\u011f\u0131, TBMM&#039;deki en b\u00fcy\u00fck ikinci gruba sahip YEN\u0130 Parti&#039;nin grup toplant\u0131s\u0131 i\u00e7in b\u00fcy\u00fck salonu kullanaca\u011f\u0131n\u0131 duyurdu.\" \/>\n<meta property=\"og:url\" content=\"https:\/\/epochtimestr.com\/index.php\/yeni-partiye-grup-toplantisi-icin-buyuk-salon-tahsis-edildi\" \/>\n<meta property=\"og:site_name\" content=\"The Epoch Times TR\" \/>\n<meta property=\"article:publisher\" content=\"https:\/\/www.facebook.com\/theepochtimestr\" \/>\n<meta property=\"article:published_time\" content=\"2026-07-28T04:51:50+00:00\" \/>\n<meta property=\"article:modified_time\" content=\"2026-07-28T04:51:52+00:00\" \/>\n<meta property=\"og:image\" content=\"https:\/\/epochtimestr.com\/wp-content\/uploads\/2011y\/tbmm-4.webp\" \/>\n\t<meta property=\"og:image:width\" content=\"740\" \/>\n\t<meta property=\"og:image:height\" content=\"405\" \/>\n\t<meta property=\"og:image:type\" content=\"image\/webp\" \/>\n<meta name=\"author\" content=\"Haber Merkezi\" \/>\n<meta name=\"twitter:card\" content=\"summary_large_image\" \/>\n<meta name=\"twitter:creator\" content=\"@TheEpochTimesTR\" \/>\n<meta name=\"twitter:site\" content=\"@TheEpochTimesTR\" \/>\n<meta name=\"twitter:label1\" content=\"Yazan:\" \/>\n\t<meta name=\"twitter:data1\" content=\"Haber Merkezi\" \/>\n\t<meta name=\"twitter:label2\" content=\"Tahmini okuma s\u00fcresi\" \/>\n\t<meta name=\"twitter:data2\" content=\"2 dakika\" \/>\n<script type=\"application\/ld+json\" class=\"yoast-schema-graph\">{\"@context\":\"https:\/\/schema.org\",\"@graph\":[{\"@type\":\"Article\",\"@id\":\"https:\/\/epochtimestr.com\/index.php\/yeni-partiye-grup-toplantisi-icin-buyuk-salon-tahsis-edildi#article\",\"isPartOf\":{\"@id\":\"https:\/\/epochtimestr.com\/index.php\/yeni-partiye-grup-toplantisi-icin-buyuk-salon-tahsis-edildi\"},\"author\":{\"name\":\"Haber Merkezi\",\"@id\":\"https:\/\/epochtimestr.com\/#\/schema\/person\/3dc5c3adeb9f43923c5aa85889172fdd\"},\"headline\":\"YEN\u0130 Parti&#8217;ye Grup Toplant\u0131s\u0131 \u0130\u00e7in B\u00fcy\u00fck Salon Tahsis Edildi\",\"datePublished\":\"2026-07-28T04:51:50+00:00\",\"dateModified\":\"2026-07-28T04:51:52+00:00\",\"mainEntityOfPage\":{\"@id\":\"https:\/\/epochtimestr.com\/index.php\/yeni-partiye-grup-toplantisi-icin-buyuk-salon-tahsis-edildi\"},\"wordCount\":222,\"commentCount\":0,\"publisher\":{\"@id\":\"https:\/\/epochtimestr.com\/#organization\"},\"image\":{\"@id\":\"https:\/\/epochtimestr.com\/index.php\/yeni-partiye-grup-toplantisi-icin-buyuk-salon-tahsis-edildi#primaryimage\"},\"thumbnailUrl\":\"https:\/\/epochtimestr.com\/wp-content\/uploads\/2011y\/tbmm-4.webp\",\"keywords\":[\"b\u00fcy\u00fck salon\",\"grup ba\u015fkanl\u0131\u011f\u0131\",\"tbmm\",\"YEN\u0130 Parti\"],\"articleSection\":[\"G\u00dcNDEM\",\"MAN\u015eET\",\"Siyaset\"],\"inLanguage\":\"tr\",\"potentialAction\":[{\"@type\":\"CommentAction\",\"name\":\"Comment\",\"target\":[\"https:\/\/epochtimestr.com\/index.php\/yeni-partiye-grup-toplantisi-icin-buyuk-salon-tahsis-edildi#respond\"]}]},{\"@type\":\"WebPage\",\"@id\":\"https:\/\/epochtimestr.com\/index.php\/yeni-partiye-grup-toplantisi-icin-buyuk-salon-tahsis-edildi\",\"url\":\"https:\/\/epochtimestr.com\/index.php\/yeni-partiye-grup-toplantisi-icin-buyuk-salon-tahsis-edildi\",\"name\":\"YEN\u0130 Parti'ye Grup Toplant\u0131s\u0131 \u0130\u00e7in B\u00fcy\u00fck Salon Tahsis Edildi - The Epoch Times TR\",\"isPartOf\":{\"@id\":\"https:\/\/epochtimestr.com\/#website\"},\"primaryImageOfPage\":{\"@id\":\"https:\/\/epochtimestr.com\/index.php\/yeni-partiye-grup-toplantisi-icin-buyuk-salon-tahsis-edildi#primaryimage\"},\"image\":{\"@id\":\"https:\/\/epochtimestr.com\/index.php\/yeni-partiye-grup-toplantisi-icin-buyuk-salon-tahsis-edildi#primaryimage\"},\"thumbnailUrl\":\"https:\/\/epochtimestr.com\/wp-content\/uploads\/2011y\/tbmm-4.webp\",\"datePublished\":\"2026-07-28T04:51:50+00:00\",\"dateModified\":\"2026-07-28T04:51:52+00:00\",\"description\":\"TBMM Ba\u015fkanl\u0131\u011f\u0131, TBMM'deki en b\u00fcy\u00fck ikinci gruba sahip YEN\u0130 Parti'nin grup toplant\u0131s\u0131 i\u00e7in b\u00fcy\u00fck salonu kullanaca\u011f\u0131n\u0131 duyurdu.\",\"inLanguage\":\"tr\",\"potentialAction\":[{\"@type\":\"ReadAction\",\"target\":[\"https:\/\/epochtimestr.com\/index.php\/yeni-partiye-grup-toplantisi-icin-buyuk-salon-tahsis-edildi\"]}]},{\"@type\":\"ImageObject\",\"inLanguage\":\"tr\",\"@id\":\"https:\/\/epochtimestr.com\/index.php\/yeni-partiye-grup-toplantisi-icin-buyuk-salon-tahsis-edildi#primaryimage\",\"url\":\"https:\/\/epochtimestr.com\/wp-content\/uploads\/2011y\/tbmm-4.webp\",\"contentUrl\":\"https:\/\/epochtimestr.com\/wp-content\/uploads\/2011y\/tbmm-4.webp\",\"width\":740,\"height\":405},{\"@type\":\"WebSite\",\"@id\":\"https:\/\/epochtimestr.com\/#website\",\"url\":\"https:\/\/epochtimestr.com\/\",\"name\":\"The Epoch Times TR\",\"description\":\"De\u011fi\u015fen D\u00fcnyam\u0131za Taze Bir Bak\u0131\u015f\",\"publisher\":{\"@id\":\"https:\/\/epochtimestr.com\/#organization\"},\"potentialAction\":[{\"@type\":\"SearchAction\",\"target\":{\"@type\":\"EntryPoint\",\"urlTemplate\":\"https:\/\/epochtimestr.com\/?s={search_term_string}\"},\"query-input\":\"required name=search_term_string\"}],\"inLanguage\":\"tr\"},{\"@type\":\"Organization\",\"@id\":\"https:\/\/epochtimestr.com\/#organization\",\"name\":\"The EpochTimes T\u00fcrkiye\",\"url\":\"https:\/\/epochtimestr.com\/\",\"logo\":{\"@type\":\"ImageObject\",\"inLanguage\":\"tr\",\"@id\":\"https:\/\/epochtimestr.com\/#\/schema\/logo\/image\/\",\"url\":\"https:\/\/epochtimestr.com\/wp-content\/uploads\/2011y\/ET-Logo-YG.jpg\",\"contentUrl\":\"https:\/\/epochtimestr.com\/wp-content\/uploads\/2011y\/ET-Logo-YG.jpg\",\"width\":346,\"height\":29,\"caption\":\"The EpochTimes T\u00fcrkiye\"},\"image\":{\"@id\":\"https:\/\/epochtimestr.com\/#\/schema\/logo\/image\/\"},\"sameAs\":[\"https:\/\/www.facebook.com\/theepochtimestr\",\"https:\/\/x.com\/TheEpochTimesTR\",\"https:\/\/www.instagram.com\/epochtimestr\"]},{\"@type\":\"Person\",\"@id\":\"https:\/\/epochtimestr.com\/#\/schema\/person\/3dc5c3adeb9f43923c5aa85889172fdd\",\"name\":\"Haber Merkezi\",\"image\":{\"@type\":\"ImageObject\",\"inLanguage\":\"tr\",\"@id\":\"https:\/\/epochtimestr.com\/#\/schema\/person\/image\/\",\"url\":\"https:\/\/secure.gravatar.com\/avatar\/d73f772ba5a74f28601361e17c2f93e6?s=96&d=mm&r=g\",\"contentUrl\":\"https:\/\/secure.gravatar.com\/avatar\/d73f772ba5a74f28601361e17c2f93e6?s=96&d=mm&r=g\",\"caption\":\"Haber Merkezi\"},\"url\":\"https:\/\/epochtimestr.com\/index.php\/author\/sendag\"}]}<\/script>\n<!-- \/ Yoast SEO plugin. -->","yoast_head_json":{"title":"YEN\u0130 Parti'ye Grup Toplant\u0131s\u0131 \u0130\u00e7in B\u00fcy\u00fck Salon Tahsis Edildi - The Epoch Times TR","description":"TBMM Ba\u015fkanl\u0131\u011f\u0131, TBMM'deki en b\u00fcy\u00fck ikinci gruba sahip YEN\u0130 Parti'nin grup toplant\u0131s\u0131 i\u00e7in b\u00fcy\u00fck salonu kullanaca\u011f\u0131n\u0131 duyurdu.","robots":{"index":"index","follow":"follow","max-snippet":"max-snippet:-1","max-image-preview":"max-image-preview:large","max-video-preview":"max-video-preview:-1"},"canonical":"https:\/\/epochtimestr.com\/index.php\/yeni-partiye-grup-toplantisi-icin-buyuk-salon-tahsis-edildi","og_locale":"tr_TR","og_type":"article","og_title":"YEN\u0130 Parti'ye Grup Toplant\u0131s\u0131 \u0130\u00e7in B\u00fcy\u00fck Salon Tahsis Edildi - The Epoch Times TR","og_description":"TBMM Ba\u015fkanl\u0131\u011f\u0131, TBMM'deki en b\u00fcy\u00fck ikinci gruba sahip YEN\u0130 Parti'nin grup toplant\u0131s\u0131 i\u00e7in b\u00fcy\u00fck salonu kullanaca\u011f\u0131n\u0131 duyurdu.","og_url":"https:\/\/epochtimestr.com\/index.php\/yeni-partiye-grup-toplantisi-icin-buyuk-salon-tahsis-edildi","og_site_name":"The Epoch Times TR","article_publisher":"https:\/\/www.facebook.com\/theepochtimestr","article_published_time":"2026-07-28T04:51:50+00:00","article_modified_time":"2026-07-28T04:51:52+00:00","og_image":[{"width":740,"height":405,"url":"https:\/\/epochtimestr.com\/wp-content\/uploads\/2011y\/tbmm-4.webp","type":"image\/webp"}],"author":"Haber Merkezi","twitter_card":"summary_large_image","twitter_creator":"@TheEpochTimesTR","twitter_site":"@TheEpochTimesTR","twitter_misc":{"Yazan:":"Haber Merkezi","Tahmini okuma s\u00fcresi":"2 dakika"},"schema":{"@context":"https:\/\/schema.org","@graph":[{"@type":"Article","@id":"https:\/\/epochtimestr.com\/index.php\/yeni-partiye-grup-toplantisi-icin-buyuk-salon-tahsis-edildi#article","isPartOf":{"@id":"https:\/\/epochtimestr.com\/index.php\/yeni-partiye-grup-toplantisi-icin-buyuk-salon-tahsis-edildi"},"author":{"name":"Haber Merkezi","@id":"https:\/\/epochtimestr.com\/#\/schema\/person\/3dc5c3adeb9f43923c5aa85889172fdd"},"headline":"YEN\u0130 Parti&#8217;ye Grup Toplant\u0131s\u0131 \u0130\u00e7in B\u00fcy\u00fck Salon Tahsis Edildi","datePublished":"2026-07-28T04:51:50+00:00","dateModified":"2026-07-28T04:51:52+00:00","mainEntityOfPage":{"@id":"https:\/\/epochtimestr.com\/index.php\/yeni-partiye-grup-toplantisi-icin-buyuk-salon-tahsis-edildi"},"wordCount":222,"commentCount":0,"publisher":{"@id":"https:\/\/epochtimestr.com\/#organization"},"image":{"@id":"https:\/\/epochtimestr.com\/index.php\/yeni-partiye-grup-toplantisi-icin-buyuk-salon-tahsis-edildi#primaryimage"},"thumbnailUrl":"https:\/\/epochtimestr.com\/wp-content\/uploads\/2011y\/tbmm-4.webp","keywords":["b\u00fcy\u00fck salon","grup ba\u015fkanl\u0131\u011f\u0131","tbmm","YEN\u0130 Parti"],"articleSection":["G\u00dcNDEM","MAN\u015eET","Siyaset"],"inLanguage":"tr","potentialAction":[{"@type":"CommentAction","name":"Comment","target":["https:\/\/epochtimestr.com\/index.php\/yeni-partiye-grup-toplantisi-icin-buyuk-salon-tahsis-edildi#respond"]}]},{"@type":"WebPage","@id":"https:\/\/epochtimestr.com\/index.php\/yeni-partiye-grup-toplantisi-icin-buyuk-salon-tahsis-edildi","url":"https:\/\/epochtimestr.com\/index.php\/yeni-partiye-grup-toplantisi-icin-buyuk-salon-tahsis-edildi","name":"YEN\u0130 Parti'ye Grup Toplant\u0131s\u0131 \u0130\u00e7in B\u00fcy\u00fck Salon Tahsis Edildi - The Epoch Times TR","isPartOf":{"@id":"https:\/\/epochtimestr.com\/#website"},"primaryImageOfPage":{"@id":"https:\/\/epochtimestr.com\/index.php\/yeni-partiye-grup-toplantisi-icin-buyuk-salon-tahsis-edildi#primaryimage"},"image":{"@id":"https:\/\/epochtimestr.com\/index.php\/yeni-partiye-grup-toplantisi-icin-buyuk-salon-tahsis-edildi#primaryimage"},"thumbnailUrl":"https:\/\/epochtimestr.com\/wp-content\/uploads\/2011y\/tbmm-4.webp","datePublished":"2026-07-28T04:51:50+00:00","dateModified":"2026-07-28T04:51:52+00:00","description":"TBMM Ba\u015fkanl\u0131\u011f\u0131, TBMM'deki en b\u00fcy\u00fck ikinci gruba sahip YEN\u0130 Parti'nin grup toplant\u0131s\u0131 i\u00e7in b\u00fcy\u00fck salonu kullanaca\u011f\u0131n\u0131 duyurdu.","inLanguage":"tr","potentialAction":[{"@type":"ReadAction","target":["https:\/\/epochtimestr.com\/index.php\/yeni-partiye-grup-toplantisi-icin-buyuk-salon-tahsis-edildi"]}]},{"@type":"ImageObject","inLanguage":"tr","@id":"https:\/\/epochtimestr.com\/index.php\/yeni-partiye-grup-toplantisi-icin-buyuk-salon-tahsis-edildi#primaryimage","url":"https:\/\/epochtimestr.com\/wp-content\/uploads\/2011y\/tbmm-4.webp","contentUrl":"https:\/\/epochtimestr.com\/wp-content\/uploads\/2011y\/tbmm-4.webp","width":740,"height":405},{"@type":"WebSite","@id":"https:\/\/epochtimestr.com\/#website","url":"https:\/\/epochtimestr.com\/","name":"The Epoch Times TR","description":"De\u011fi\u015fen D\u00fcnyam\u0131za Taze Bir Bak\u0131\u015f","publisher":{"@id":"https:\/\/epochtimestr.com\/#organization"},"potentialAction":[{"@type":"SearchAction","target":{"@type":"EntryPoint","urlTemplate":"https:\/\/epochtimestr.com\/?s={search_term_string}"},"query-input":"required name=search_term_string"}],"inLanguage":"tr"},{"@type":"Organization","@id":"https:\/\/epochtimestr.com\/#organization","name":"The EpochTimes T\u00fcrkiye","url":"https:\/\/epochtimestr.com\/","logo":{"@type":"ImageObject","inLanguage":"tr","@id":"https:\/\/epochtimestr.com\/#\/schema\/logo\/image\/","url":"https:\/\/epochtimestr.com\/wp-content\/uploads\/2011y\/ET-Logo-YG.jpg","contentUrl":"https:\/\/epochtimestr.com\/wp-content\/uploads\/2011y\/ET-Logo-YG.jpg","width":346,"height":29,"caption":"The EpochTimes T\u00fcrkiye"},"image":{"@id":"https:\/\/epochtimestr.com\/#\/schema\/logo\/image\/"},"sameAs":["https:\/\/www.facebook.com\/theepochtimestr","https:\/\/x.com\/TheEpochTimesTR","https:\/\/www.instagram.com\/epochtimestr"]},{"@type":"Person","@id":"https:\/\/epochtimestr.com\/#\/schema\/person\/3dc5c3adeb9f43923c5aa85889172fdd","name":"Haber Merkezi","image":{"@type":"ImageObject","inLanguage":"tr","@id":"https:\/\/epochtimestr.com\/#\/schema\/person\/image\/","url":"https:\/\/secure.gravatar.com\/avatar\/d73f772ba5a74f28601361e17c2f93e6?s=96&d=mm&r=g","contentUrl":"https:\/\/secure.gravatar.com\/avatar\/d73f772ba5a74f28601361e17c2f93e6?s=96&d=mm&r=g","caption":"Haber Merkezi"},"url":"https:\/\/epochtimestr.com\/index.php\/author\/sendag"}]}},"_links":{"self":[{"href":"https:\/\/epochtimestr.com\/index.php\/wp-json\/wp\/v2\/posts\/169340"}],"collection":[{"href":"https:\/\/epochtimestr.com\/index.php\/wp-json\/wp\/v2\/posts"}],"about":[{"href":"https:\/\/epochtimestr.com\/index.php\/wp-json\/wp\/v2\/types\/post"}],"author":[{"embeddable":true,"href":"https:\/\/epochtimestr.com\/index.php\/wp-json\/wp\/v2\/users\/12791"}],"replies":[{"embeddable":true,"href":"https:\/\/epochtimestr.com\/index.php\/wp-json\/wp\/v2\/comments?post=169340"}],"version-history":[{"count":3,"href":"https:\/\/epochtimestr.com\/index.php\/wp-json\/wp\/v2\/posts\/169340\/revisions"}],"predecessor-version":[{"id":169349,"href":"https:\/\/epochtimestr.com\/index.php\/wp-json\/wp\/v2\/posts\/169340\/revisions\/169349"}],"wp:featuredmedia":[{"embeddable":true,"href":"https:\/\/epochtimestr.com\/index.php\/wp-json\/wp\/v2\/media\/169341"}],"wp:attachment":[{"href":"https:\/\/epochtimestr.com\/index.php\/wp-json\/wp\/v2\/media?parent=169340"}],"wp:term":[{"taxonomy":"category","embeddable":true,"href":"https:\/\/epochtimestr.com\/index.php\/wp-json\/wp\/v2\/categories?post=169340"},{"taxonomy":"post_tag","embeddable":true,"href":"https:\/\/epochtimestr.com\/index.php\/wp-json\/wp\/v2\/tags?post=169340"}],"curies":[{"name":"wp","href":"https:\/\/api.w.org\/{rel}","templated":true}]}}