{"id":169365,"date":"2026-07-29T09:04:24","date_gmt":"2026-07-29T06:04:24","guid":{"rendered":"https:\/\/epochtimestr.com\/?p=169365"},"modified":"2026-07-29T13:54:37","modified_gmt":"2026-07-29T10:54:37","slug":"prof-dr-hilmi-demirin-ardindan","status":"publish","type":"post","link":"https:\/\/epochtimestr.com\/index.php\/prof-dr-hilmi-demirin-ardindan","title":{"rendered":"Prof.Dr. Hilmi Demir&#8217;in Ard\u0131ndan"},"content":{"rendered":"<div class=\"wp-block-image\">\n<figure class=\"aligncenter size-full\"><img loading=\"lazy\" decoding=\"async\" width=\"800\" height=\"533\" src=\"https:\/\/epochtimestr.com\/wp-content\/uploads\/2011y\/hilmi-demir-x.jpg\" alt=\"\" class=\"wp-image-169366\" srcset=\"https:\/\/epochtimestr.com\/wp-content\/uploads\/2011y\/hilmi-demir-x.jpg 800w, https:\/\/epochtimestr.com\/wp-content\/uploads\/2011y\/hilmi-demir-x-300x200.jpg 300w, https:\/\/epochtimestr.com\/wp-content\/uploads\/2011y\/hilmi-demir-x-150x100.jpg 150w, https:\/\/epochtimestr.com\/wp-content\/uploads\/2011y\/hilmi-demir-x-768x512.jpg 768w\" sizes=\"(max-width: 800px) 100vw, 800px\" \/><figcaption class=\"wp-element-caption\">TOBB Ekonomi ve Teknoloji \u00dcniversitesi \u00d6\u011fretim \u00dcyesi Prof.Dr. Hilmi Demir&#8217;in ard\u0131ndan. (Foto\u011fraf: HilmiDemir x hesab\u0131)<\/figcaption><\/figure><\/div>\n\n\n<h2 class=\"wp-block-heading\">Hitit \u00dcniversitesinin Prof.Dr. Hilmi Demir&#8217;in Emniyetteki ter\u00f6r ve radikalizm \u00e7al\u0131\u015fmas\u0131na onay vermedi\u011fi iddia ediliyor.<\/h2>\n\n\n\n<p>Gazeteci \u0130smail Saymaz, ge\u00e7ti\u011fimiz hafta hayat\u0131n\u0131 kaybeden Prof. Dr. Hilmi Demir hakk\u0131nda yapt\u0131\u011f\u0131 payla\u015f\u0131mda, g\u00f6rev yapt\u0131\u011f\u0131 \u00fcniversite y\u00f6netimine dikkat \u00e7eken <a href=\"https:\/\/epochtimestr.com\/index.php\/gazeteci-ismail-saymaz-adliyeye-sevk-edildi\" target=\"_blank\" rel=\"noreferrer noopener\">ele\u015ftiriler y\u00f6neltti<\/a>. Saymaz, Hitit \u00dcniversitesi \u0130lahiyat Fak\u00fcltesi&#8217;nin \u00f6l\u00fcm ilan\u0131n\u0131 cenazeden d\u00f6rt g\u00fcn sonra yay\u0131mlad\u0131\u011f\u0131n\u0131 belirterek, bu durumu &#8220;sayg\u0131s\u0131zl\u0131k&#8221; olarak nitelendirdi.<\/p>\n\n\n\n<p>Saymaz, 2022 y\u0131l\u0131nda \u0130\u00e7i\u015fleri Bakanl\u0131\u011f\u0131&#8217;n\u0131n, Prof. Dr. Hilmi Demir&#8217;in &#8220;ter\u00f6r ve radikalizm&#8221; alan\u0131ndaki \u00e7al\u0131\u015fmalar\u0131n\u0131 Emniyet Genel M\u00fcd\u00fcrl\u00fc\u011f\u00fc b\u00fcnyesinde alt\u0131 ay daha s\u00fcrd\u00fcrmesini talep etti\u011fini \u00f6ne s\u00fcrd\u00fc.<br \/>Payla\u015f\u0131m\u0131na g\u00f6re, s\u00f6z konusu talep Hitit \u00dcniversitesi Rekt\u00f6rl\u00fc\u011f\u00fc taraf\u0131ndan uygun bulunmad\u0131. Bu geli\u015fme \u00fczerinden \u00e7e\u015fitli sorular y\u00f6nelten Saymaz, \u00fcniversite y\u00f6netiminin s\u00f6z konusu \u00e7al\u0131\u015fmalardan neden rahats\u0131zl\u0131k duydu\u011funu sorgulad\u0131. Payla\u015f\u0131m\u0131nda Demir&#8217;in ailesinin a\u00e7\u0131klamalar\u0131na da yer veren Saymaz, ailenin &#8220;Babam\u0131z bu y\u00fczden emekli oldu&#8221; iddias\u0131n\u0131 dile getirdi.<\/p>\n\n\n\n<figure class=\"wp-block-embed is-type-rich is-provider-x wp-block-embed-x\"><div class=\"wp-block-embed__wrapper\">\n<blockquote class=\"twitter-tweet\" data-width=\"550\" data-dnt=\"true\"><p lang=\"tr\" dir=\"ltr\">Prof. Dr. Hilmi Demir hocam\u0131z ge\u00e7en hafta aram\u0131zdan ayr\u0131lm\u0131\u015ft\u0131.<br>Bir vakitler g\u00f6rev yapt\u0131\u011f\u0131 Hitit \u00dcniversitesi \u0130lahiyat Fak\u00fcltesi, cenazeden d\u00f6rt g\u00fcn sonra \u00f6l\u00fcm ilan\u0131n\u0131 payla\u015fm\u0131\u015ft\u0131.<br>Bu sayg\u0131s\u0131zl\u0131k hi\u00e7 \u015fa\u015f\u0131rt\u0131c\u0131 de\u011fil.<br>\u015eimdi \u00f6\u011freniyoruz ki\u2026<br>\u0130\u00e7i\u015fleri Bakanl\u0131\u011f\u0131, 2022\u2019de Demir\u2019in\u2026 <a href=\"https:\/\/t.co\/dNJifLqDew\">pic.twitter.com\/dNJifLqDew<\/a><\/p>&mdash; \u0130smail Saymaz (@ismailsaymaz) <a href=\"https:\/\/x.com\/ismailsaymaz\/status\/2082066046249226732?ref_src=twsrc%5Etfw\">July 28, 2026<\/a><\/blockquote><script async src=\"https:\/\/platform.x.com\/widgets.js\" charset=\"utf-8\"><\/script>\n<\/div><\/figure>\n\n\n\n<p>\u00d6te yandan Hitit \u00dcniversitesi Rekt\u00f6rl\u00fc\u011f\u00fc sosyal medya hesab\u0131ndan &#8220;kamuoyu duyuru&#8221; ba\u015fl\u0131\u011f\u0131yla konu hakk\u0131ndaki g\u00f6r\u00fc\u015flerini payla\u015ft\u0131. Payla\u015f\u0131mda,<\/p>\n\n\n\n<p>&#8221;Baz\u0131 yay\u0131n kurulu\u015flar\u0131 ile sosyal medya mecralar\u0131nda, merhum Prof. Dr. Hilmi Demir hocam\u0131z\u0131n emeklili\u011fi \u00f6ncesinde ger\u00e7ekle\u015ftirilen g\u00f6revlendirme s\u00fcrecine ili\u015fkin kamuoyunu yan\u0131lt\u0131c\u0131 nitelikte yap\u0131lan payla\u015f\u0131mlar \u00fczerine, kamu kurumlar\u0131 aras\u0131nda ger\u00e7ekle\u015ftirilen g\u00f6revlendirme i\u015flemlerine ili\u015fkin usul ve esaslar \u00e7er\u00e7evesinde y\u00fcr\u00fct\u00fclen baz\u0131 yaz\u0131\u015fmalar\u0131 kamuoyunun bilgisine sunar\u0131z&#8221; denildi.<\/p>\n\n\n\n<figure class=\"wp-block-embed is-type-rich is-provider-x wp-block-embed-x\"><div class=\"wp-block-embed__wrapper\">\n<blockquote class=\"twitter-tweet\" data-width=\"550\" data-dnt=\"true\"><p lang=\"tr\" dir=\"ltr\">Kamuoyuna Duyuru <a href=\"https:\/\/t.co\/uBcVARm5z2\">pic.twitter.com\/uBcVARm5z2<\/a><\/p>&mdash; Hitit \u00dcniversitesi (@HituKurumsal) <a href=\"https:\/\/x.com\/HituKurumsal\/status\/2082135458838872345?ref_src=twsrc%5Etfw\">July 28, 2026<\/a><\/blockquote><script async src=\"https:\/\/platform.x.com\/widgets.js\" charset=\"utf-8\"><\/script>\n<\/div><\/figure>\n\n\n\n<p>TOBB Ekonomi ve Teknoloji \u00dcniversitesi \u00d6\u011fretim \u00dcyesi Prof. Dr. Hilmi Demir 23 Temmuz&#8217;da 57 ya\u015f\u0131nda hayat\u0131n\u0131 kaybetti. Demir ge\u00e7en haftalarda ge\u00e7irdi\u011fi kalp krizi nedeniyle hastaneye kald\u0131r\u0131lm\u0131\u015ft\u0131. T\u00fcrkiye&#8217;de din sosyolojisi, dini yap\u0131lar, radikalle\u015fme ve toplumsal hareketler \u00fczerine yapt\u0131\u011f\u0131 akademik \u00e7al\u0131\u015fmalar\u0131yla tan\u0131nan Demir&#8217;in vefat\u0131 \u00c7orum T\u00fcrk Oca\u011f\u0131 taraf\u0131ndan duyuruldu.<\/p>\n\n\n\n<figure class=\"wp-block-embed is-type-rich is-provider-x wp-block-embed-x\"><div class=\"wp-block-embed__wrapper\">\n<blockquote class=\"twitter-tweet\" data-width=\"550\" data-dnt=\"true\"><p lang=\"tr\" dir=\"ltr\">\u0130nn\u00e2 lill\u00e2hi ve inn\u00e2 ileyhi r\u00e2ci\u00fbn<br><br>Sevgili babam, <br>TOBB Ekonomi ve Teknoloji \u00dcniversitesi Tarih B\u00f6l\u00fcm\u00fc \u00d6\u011fretim \u00dcyesi,  T\u00fcrkiye Ekonomi Politikalar\u0131 Ara\u015ft\u0131rma Vakf\u0131 Ortado\u011fu ve Orta Asya Ara\u015ft\u0131rmalar\u0131 Enstit\u00fc Direkt\u00f6r\u00fc, \u0130lahiyat\u00e7\u0131 Prof. Dr. Hilmi Demir vefat etmi\u015ftir. <br><br>Cenaze\u2026 <a href=\"https:\/\/t.co\/1Ab63G6oBz\">pic.twitter.com\/1Ab63G6oBz<\/a><\/p>&mdash; Hilmi Demir \ud83c\uddf9\ud83c\uddf7 (@ProfHilmiDemir) <a href=\"https:\/\/x.com\/ProfHilmiDemir\/status\/2080314918998274409?ref_src=twsrc%5Etfw\">July 23, 2026<\/a><\/blockquote><script async src=\"https:\/\/platform.x.com\/widgets.js\" charset=\"utf-8\"><\/script>\n<\/div><\/figure>\n\n\n\n<h3 class=\"wp-block-heading\">Hilmi Demir kimdir?<\/h3>\n\n\n\n<p>1969 y\u0131l\u0131nda Tokat Re\u015fadiye\u2019de do\u011fan Demir, lisans e\u011fitimini 1993 y\u0131l\u0131nda Ankara \u00dcniversitesi \u0130lahiyat Fak\u00fcltesi\u2019nde tamamlad\u0131. 2001 y\u0131l\u0131nda Ankara \u00dcniversitesi Sosyal Bilimler Enstit\u00fcs\u00fc Kelam Anabilim dal\u0131nda doktoras\u0131n\u0131 tamamlad\u0131. 2002-2003 y\u0131llar\u0131 aras\u0131nda K\u0131rg\u0131zistan O\u015f Devlet \u00dcniversitesi\u2019nde \u00e7al\u0131\u015ft\u0131. 2009 y\u0131l\u0131nda Do\u00e7ent oldu. Hitit \u00dcniversitesi Kelam A.D. Profes\u00f6r\u00fc olarak g\u00f6rev yapt\u0131.<\/p>\n\n\n\n<p>Ulusal ve uluslararas\u0131 alanda, radikalizm, selefilik, mezhep \u00e7at\u0131\u015fmalar\u0131 ve I\u015e\u0130D konular\u0131nda yaz\u0131lar\u0131 bulunmaktad\u0131r. Radikalle\u015fme, selefilik ve \u0130slami hareketler konusunda uzman olan Demir, T\u00fcrkiye Ekonomi Politikalar\u0131 Ara\u015ft\u0131rma Vakf\u0131 (TEPAV) B\u00f6lge \u00c7al\u0131\u015fmalar\u0131 Program Dan\u0131\u015fman\u0131 olarak g\u00f6rev yapm\u0131\u015ft\u0131r.<\/p>\n\n\n\n<p>Demir, 2020 y\u0131l\u0131nda TEPAV b\u00fcnyesinde kurulan Ortado\u011fu ve Orta Asya Ara\u015ft\u0131rmalar\u0131 Enstit\u00fcs\u00fc (TEPAV OAS) Direkt\u00f6rl\u00fck g\u00f6revini ve 2024 y\u0131l\u0131nda kurulan Uluslararas\u0131 Radikalizm G\u00f6zlemevi Derne\u011finin kurucu ba\u015fkanl\u0131k g\u00f6revini y\u00fcr\u00fctt\u00fc.<\/p>\n\n\n\n<p>Prof. Dr. Hilmi Demir&#8217;in Kitaplar\u0131:<\/p>\n\n\n\n<ol>\n<li>Zerd\u00fc\u015ftl\u00fck, Maniheizm, Hristiyan Gnostikler ve \u0130sl\u00e2m, Ankara, 2011<\/li>\n\n\n\n<li>Delil ve \u0130stidalalin Mant\u0131k\u00ee Yap\u0131s\u0131 \u0130lk D\u00f6nem S\u00fcnni Kel\u00e2m \u00d6rne\u011fi, \u0130SAM Yay\u0131nlar\u0131, \u0130stanbul, 2012.<\/li>\n\n\n\n<li>\u0130mam M\u00e2t\u00fcr\u00eed\u00ee\u2019nin Gnostik Ak\u0131mlarla M\u00fccadelesi, M\u00e2t\u00fcr\u00eed\u00ee\u2019nin D\u00fc\u015f\u00fcnce D\u00fcnyas\u0131, K\u00fclt\u00fcr Bakanl\u0131\u011f\u0131 Yay\u0131nlar\u0131, Ankara, 2011.<\/li>\n\n\n\n<li>Selefiler ve Selefi Hareketi I\u015e\u0130D ne Kadar S\u00fcnnidir?, 21. Y\u00fczy\u0131l T\u00fcrkiye Enstit\u00fcs\u00fc Yay\u0131nlar\u0131, A\u011fustos, 2014<\/li>\n<\/ol>\n","protected":false},"excerpt":{"rendered":"<p>Hitit \u00dcniversitesinin Prof.Dr. Hilmi Demir&#8217;in Emniyetteki ter\u00f6r ve radikalizm \u00e7al\u0131\u015fmas\u0131na onay vermedi\u011fi iddia ediliyor. Gazeteci \u0130smail Saymaz, ge\u00e7ti\u011fimiz hafta hayat\u0131n\u0131 kaybeden Prof. Dr. Hilmi Demir hakk\u0131nda yapt\u0131\u011f\u0131 payla\u015f\u0131mda, g\u00f6rev yapt\u0131\u011f\u0131 \u00fcniversite y\u00f6netimine dikkat \u00e7eken ele\u015ftiriler y\u00f6neltti. Saymaz, Hitit \u00dcniversitesi \u0130lahiyat Fak\u00fcltesi&#8217;nin \u00f6l\u00fcm ilan\u0131n\u0131 cenazeden d\u00f6rt g\u00fcn sonra yay\u0131mlad\u0131\u011f\u0131n\u0131 belirterek, bu durumu &#8220;sayg\u0131s\u0131zl\u0131k&#8221; olarak nitelendirdi. Saymaz, [&hellip;]<\/p>\n","protected":false},"author":12791,"featured_media":169366,"comment_status":"open","ping_status":"open","sticky":false,"template":"","format":"standard","meta":{"_yoast_wpseo_focuskw":"Prof.Dr. Hilmi","_yoast_wpseo_title":"","_yoast_wpseo_metadesc":"Hitit \u00dcniversitesinin Prof.Dr. Hilmi Demir'in Emniyetteki ter\u00f6r ve radikalizm \u00e7al\u0131\u015fmas\u0131na onay vermedi\u011fi iddia ediliyor.","_bbp_topic_count":0,"_bbp_reply_count":0,"_bbp_total_topic_count":0,"_bbp_total_reply_count":0,"_bbp_voice_count":0,"_bbp_anonymous_reply_count":0,"_bbp_topic_count_hidden":0,"_bbp_reply_count_hidden":0,"_bbp_forum_subforum_count":0,"footnotes":"","_yoast_wpseo_focuskw_text_input":""},"categories":[1,8138,8419],"tags":[11951,11952],"yoast_head":"<!-- This site is optimized with the Yoast SEO plugin v23.0 - https:\/\/yoast.com\/wordpress\/plugins\/seo\/ -->\n<title>Prof.Dr. Hilmi Demir&#039;in Ard\u0131ndan - The Epoch Times TR<\/title>\n<meta name=\"description\" content=\"Hitit \u00dcniversitesinin Prof.Dr. Hilmi Demir&#039;in Emniyetteki ter\u00f6r ve radikalizm \u00e7al\u0131\u015fmas\u0131na onay vermedi\u011fi iddia ediliyor.\" \/>\n<meta name=\"robots\" content=\"index, follow, max-snippet:-1, max-image-preview:large, max-video-preview:-1\" \/>\n<link rel=\"canonical\" href=\"https:\/\/epochtimestr.com\/index.php\/prof-dr-hilmi-demirin-ardindan\" \/>\n<meta property=\"og:locale\" content=\"tr_TR\" \/>\n<meta property=\"og:type\" content=\"article\" \/>\n<meta property=\"og:title\" content=\"Prof.Dr. Hilmi Demir&#039;in Ard\u0131ndan - The Epoch Times TR\" \/>\n<meta property=\"og:description\" content=\"Hitit \u00dcniversitesinin Prof.Dr. Hilmi Demir&#039;in Emniyetteki ter\u00f6r ve radikalizm \u00e7al\u0131\u015fmas\u0131na onay vermedi\u011fi iddia ediliyor.\" \/>\n<meta property=\"og:url\" content=\"https:\/\/epochtimestr.com\/index.php\/prof-dr-hilmi-demirin-ardindan\" \/>\n<meta property=\"og:site_name\" content=\"The Epoch Times TR\" \/>\n<meta property=\"article:publisher\" content=\"https:\/\/www.facebook.com\/theepochtimestr\" \/>\n<meta property=\"article:published_time\" content=\"2026-07-29T06:04:24+00:00\" \/>\n<meta property=\"article:modified_time\" content=\"2026-07-29T10:54:37+00:00\" \/>\n<meta property=\"og:image\" content=\"https:\/\/epochtimestr.com\/wp-content\/uploads\/2011y\/hilmi-demir-x.jpg\" \/>\n\t<meta property=\"og:image:width\" content=\"800\" \/>\n\t<meta property=\"og:image:height\" content=\"533\" \/>\n\t<meta property=\"og:image:type\" content=\"image\/jpeg\" \/>\n<meta name=\"author\" content=\"Haber Merkezi\" \/>\n<meta name=\"twitter:card\" content=\"summary_large_image\" \/>\n<meta name=\"twitter:creator\" content=\"@TheEpochTimesTR\" \/>\n<meta name=\"twitter:site\" content=\"@TheEpochTimesTR\" \/>\n<meta name=\"twitter:label1\" content=\"Yazan:\" \/>\n\t<meta name=\"twitter:data1\" content=\"Haber Merkezi\" \/>\n\t<meta name=\"twitter:label2\" content=\"Tahmini okuma s\u00fcresi\" \/>\n\t<meta name=\"twitter:data2\" content=\"3 dakika\" \/>\n<script type=\"application\/ld+json\" class=\"yoast-schema-graph\">{\"@context\":\"https:\/\/schema.org\",\"@graph\":[{\"@type\":\"Article\",\"@id\":\"https:\/\/epochtimestr.com\/index.php\/prof-dr-hilmi-demirin-ardindan#article\",\"isPartOf\":{\"@id\":\"https:\/\/epochtimestr.com\/index.php\/prof-dr-hilmi-demirin-ardindan\"},\"author\":{\"name\":\"Haber Merkezi\",\"@id\":\"https:\/\/epochtimestr.com\/#\/schema\/person\/3dc5c3adeb9f43923c5aa85889172fdd\"},\"headline\":\"Prof.Dr. Hilmi Demir&#8217;in Ard\u0131ndan\",\"datePublished\":\"2026-07-29T06:04:24+00:00\",\"dateModified\":\"2026-07-29T10:54:37+00:00\",\"mainEntityOfPage\":{\"@id\":\"https:\/\/epochtimestr.com\/index.php\/prof-dr-hilmi-demirin-ardindan\"},\"wordCount\":631,\"commentCount\":0,\"publisher\":{\"@id\":\"https:\/\/epochtimestr.com\/#organization\"},\"image\":{\"@id\":\"https:\/\/epochtimestr.com\/index.php\/prof-dr-hilmi-demirin-ardindan#primaryimage\"},\"thumbnailUrl\":\"https:\/\/epochtimestr.com\/wp-content\/uploads\/2011y\/hilmi-demir-x.jpg\",\"keywords\":[\"Hilmi Demir\",\"Hitit \u00dcniversitesi\"],\"articleSection\":[\"G\u00dcNDEM\",\"MAN\u015eET\",\"Ya\u015fam\"],\"inLanguage\":\"tr\",\"potentialAction\":[{\"@type\":\"CommentAction\",\"name\":\"Comment\",\"target\":[\"https:\/\/epochtimestr.com\/index.php\/prof-dr-hilmi-demirin-ardindan#respond\"]}]},{\"@type\":\"WebPage\",\"@id\":\"https:\/\/epochtimestr.com\/index.php\/prof-dr-hilmi-demirin-ardindan\",\"url\":\"https:\/\/epochtimestr.com\/index.php\/prof-dr-hilmi-demirin-ardindan\",\"name\":\"Prof.Dr. Hilmi Demir'in Ard\u0131ndan - The Epoch Times TR\",\"isPartOf\":{\"@id\":\"https:\/\/epochtimestr.com\/#website\"},\"primaryImageOfPage\":{\"@id\":\"https:\/\/epochtimestr.com\/index.php\/prof-dr-hilmi-demirin-ardindan#primaryimage\"},\"image\":{\"@id\":\"https:\/\/epochtimestr.com\/index.php\/prof-dr-hilmi-demirin-ardindan#primaryimage\"},\"thumbnailUrl\":\"https:\/\/epochtimestr.com\/wp-content\/uploads\/2011y\/hilmi-demir-x.jpg\",\"datePublished\":\"2026-07-29T06:04:24+00:00\",\"dateModified\":\"2026-07-29T10:54:37+00:00\",\"description\":\"Hitit \u00dcniversitesinin Prof.Dr. Hilmi Demir'in Emniyetteki ter\u00f6r ve radikalizm \u00e7al\u0131\u015fmas\u0131na onay vermedi\u011fi iddia ediliyor.\",\"inLanguage\":\"tr\",\"potentialAction\":[{\"@type\":\"ReadAction\",\"target\":[\"https:\/\/epochtimestr.com\/index.php\/prof-dr-hilmi-demirin-ardindan\"]}]},{\"@type\":\"ImageObject\",\"inLanguage\":\"tr\",\"@id\":\"https:\/\/epochtimestr.com\/index.php\/prof-dr-hilmi-demirin-ardindan#primaryimage\",\"url\":\"https:\/\/epochtimestr.com\/wp-content\/uploads\/2011y\/hilmi-demir-x.jpg\",\"contentUrl\":\"https:\/\/epochtimestr.com\/wp-content\/uploads\/2011y\/hilmi-demir-x.jpg\",\"width\":800,\"height\":533},{\"@type\":\"WebSite\",\"@id\":\"https:\/\/epochtimestr.com\/#website\",\"url\":\"https:\/\/epochtimestr.com\/\",\"name\":\"The Epoch Times TR\",\"description\":\"De\u011fi\u015fen D\u00fcnyam\u0131za Taze Bir Bak\u0131\u015f\",\"publisher\":{\"@id\":\"https:\/\/epochtimestr.com\/#organization\"},\"potentialAction\":[{\"@type\":\"SearchAction\",\"target\":{\"@type\":\"EntryPoint\",\"urlTemplate\":\"https:\/\/epochtimestr.com\/?s={search_term_string}\"},\"query-input\":\"required name=search_term_string\"}],\"inLanguage\":\"tr\"},{\"@type\":\"Organization\",\"@id\":\"https:\/\/epochtimestr.com\/#organization\",\"name\":\"The EpochTimes T\u00fcrkiye\",\"url\":\"https:\/\/epochtimestr.com\/\",\"logo\":{\"@type\":\"ImageObject\",\"inLanguage\":\"tr\",\"@id\":\"https:\/\/epochtimestr.com\/#\/schema\/logo\/image\/\",\"url\":\"https:\/\/epochtimestr.com\/wp-content\/uploads\/2011y\/ET-Logo-YG.jpg\",\"contentUrl\":\"https:\/\/epochtimestr.com\/wp-content\/uploads\/2011y\/ET-Logo-YG.jpg\",\"width\":346,\"height\":29,\"caption\":\"The EpochTimes T\u00fcrkiye\"},\"image\":{\"@id\":\"https:\/\/epochtimestr.com\/#\/schema\/logo\/image\/\"},\"sameAs\":[\"https:\/\/www.facebook.com\/theepochtimestr\",\"https:\/\/x.com\/TheEpochTimesTR\",\"https:\/\/www.instagram.com\/epochtimestr\"]},{\"@type\":\"Person\",\"@id\":\"https:\/\/epochtimestr.com\/#\/schema\/person\/3dc5c3adeb9f43923c5aa85889172fdd\",\"name\":\"Haber Merkezi\",\"image\":{\"@type\":\"ImageObject\",\"inLanguage\":\"tr\",\"@id\":\"https:\/\/epochtimestr.com\/#\/schema\/person\/image\/\",\"url\":\"https:\/\/secure.gravatar.com\/avatar\/d73f772ba5a74f28601361e17c2f93e6?s=96&d=mm&r=g\",\"contentUrl\":\"https:\/\/secure.gravatar.com\/avatar\/d73f772ba5a74f28601361e17c2f93e6?s=96&d=mm&r=g\",\"caption\":\"Haber Merkezi\"},\"url\":\"https:\/\/epochtimestr.com\/index.php\/author\/sendag\"}]}<\/script>\n<!-- \/ Yoast SEO plugin. -->","yoast_head_json":{"title":"Prof.Dr. Hilmi Demir'in Ard\u0131ndan - The Epoch Times TR","description":"Hitit \u00dcniversitesinin Prof.Dr. Hilmi Demir'in Emniyetteki ter\u00f6r ve radikalizm \u00e7al\u0131\u015fmas\u0131na onay vermedi\u011fi iddia ediliyor.","robots":{"index":"index","follow":"follow","max-snippet":"max-snippet:-1","max-image-preview":"max-image-preview:large","max-video-preview":"max-video-preview:-1"},"canonical":"https:\/\/epochtimestr.com\/index.php\/prof-dr-hilmi-demirin-ardindan","og_locale":"tr_TR","og_type":"article","og_title":"Prof.Dr. Hilmi Demir'in Ard\u0131ndan - The Epoch Times TR","og_description":"Hitit \u00dcniversitesinin Prof.Dr. Hilmi Demir'in Emniyetteki ter\u00f6r ve radikalizm \u00e7al\u0131\u015fmas\u0131na onay vermedi\u011fi iddia ediliyor.","og_url":"https:\/\/epochtimestr.com\/index.php\/prof-dr-hilmi-demirin-ardindan","og_site_name":"The Epoch Times TR","article_publisher":"https:\/\/www.facebook.com\/theepochtimestr","article_published_time":"2026-07-29T06:04:24+00:00","article_modified_time":"2026-07-29T10:54:37+00:00","og_image":[{"width":800,"height":533,"url":"https:\/\/epochtimestr.com\/wp-content\/uploads\/2011y\/hilmi-demir-x.jpg","type":"image\/jpeg"}],"author":"Haber Merkezi","twitter_card":"summary_large_image","twitter_creator":"@TheEpochTimesTR","twitter_site":"@TheEpochTimesTR","twitter_misc":{"Yazan:":"Haber Merkezi","Tahmini okuma s\u00fcresi":"3 dakika"},"schema":{"@context":"https:\/\/schema.org","@graph":[{"@type":"Article","@id":"https:\/\/epochtimestr.com\/index.php\/prof-dr-hilmi-demirin-ardindan#article","isPartOf":{"@id":"https:\/\/epochtimestr.com\/index.php\/prof-dr-hilmi-demirin-ardindan"},"author":{"name":"Haber Merkezi","@id":"https:\/\/epochtimestr.com\/#\/schema\/person\/3dc5c3adeb9f43923c5aa85889172fdd"},"headline":"Prof.Dr. Hilmi Demir&#8217;in Ard\u0131ndan","datePublished":"2026-07-29T06:04:24+00:00","dateModified":"2026-07-29T10:54:37+00:00","mainEntityOfPage":{"@id":"https:\/\/epochtimestr.com\/index.php\/prof-dr-hilmi-demirin-ardindan"},"wordCount":631,"commentCount":0,"publisher":{"@id":"https:\/\/epochtimestr.com\/#organization"},"image":{"@id":"https:\/\/epochtimestr.com\/index.php\/prof-dr-hilmi-demirin-ardindan#primaryimage"},"thumbnailUrl":"https:\/\/epochtimestr.com\/wp-content\/uploads\/2011y\/hilmi-demir-x.jpg","keywords":["Hilmi Demir","Hitit \u00dcniversitesi"],"articleSection":["G\u00dcNDEM","MAN\u015eET","Ya\u015fam"],"inLanguage":"tr","potentialAction":[{"@type":"CommentAction","name":"Comment","target":["https:\/\/epochtimestr.com\/index.php\/prof-dr-hilmi-demirin-ardindan#respond"]}]},{"@type":"WebPage","@id":"https:\/\/epochtimestr.com\/index.php\/prof-dr-hilmi-demirin-ardindan","url":"https:\/\/epochtimestr.com\/index.php\/prof-dr-hilmi-demirin-ardindan","name":"Prof.Dr. Hilmi Demir'in Ard\u0131ndan - The Epoch Times TR","isPartOf":{"@id":"https:\/\/epochtimestr.com\/#website"},"primaryImageOfPage":{"@id":"https:\/\/epochtimestr.com\/index.php\/prof-dr-hilmi-demirin-ardindan#primaryimage"},"image":{"@id":"https:\/\/epochtimestr.com\/index.php\/prof-dr-hilmi-demirin-ardindan#primaryimage"},"thumbnailUrl":"https:\/\/epochtimestr.com\/wp-content\/uploads\/2011y\/hilmi-demir-x.jpg","datePublished":"2026-07-29T06:04:24+00:00","dateModified":"2026-07-29T10:54:37+00:00","description":"Hitit \u00dcniversitesinin Prof.Dr. Hilmi Demir'in Emniyetteki ter\u00f6r ve radikalizm \u00e7al\u0131\u015fmas\u0131na onay vermedi\u011fi iddia ediliyor.","inLanguage":"tr","potentialAction":[{"@type":"ReadAction","target":["https:\/\/epochtimestr.com\/index.php\/prof-dr-hilmi-demirin-ardindan"]}]},{"@type":"ImageObject","inLanguage":"tr","@id":"https:\/\/epochtimestr.com\/index.php\/prof-dr-hilmi-demirin-ardindan#primaryimage","url":"https:\/\/epochtimestr.com\/wp-content\/uploads\/2011y\/hilmi-demir-x.jpg","contentUrl":"https:\/\/epochtimestr.com\/wp-content\/uploads\/2011y\/hilmi-demir-x.jpg","width":800,"height":533},{"@type":"WebSite","@id":"https:\/\/epochtimestr.com\/#website","url":"https:\/\/epochtimestr.com\/","name":"The Epoch Times TR","description":"De\u011fi\u015fen D\u00fcnyam\u0131za Taze Bir Bak\u0131\u015f","publisher":{"@id":"https:\/\/epochtimestr.com\/#organization"},"potentialAction":[{"@type":"SearchAction","target":{"@type":"EntryPoint","urlTemplate":"https:\/\/epochtimestr.com\/?s={search_term_string}"},"query-input":"required name=search_term_string"}],"inLanguage":"tr"},{"@type":"Organization","@id":"https:\/\/epochtimestr.com\/#organization","name":"The EpochTimes T\u00fcrkiye","url":"https:\/\/epochtimestr.com\/","logo":{"@type":"ImageObject","inLanguage":"tr","@id":"https:\/\/epochtimestr.com\/#\/schema\/logo\/image\/","url":"https:\/\/epochtimestr.com\/wp-content\/uploads\/2011y\/ET-Logo-YG.jpg","contentUrl":"https:\/\/epochtimestr.com\/wp-content\/uploads\/2011y\/ET-Logo-YG.jpg","width":346,"height":29,"caption":"The EpochTimes T\u00fcrkiye"},"image":{"@id":"https:\/\/epochtimestr.com\/#\/schema\/logo\/image\/"},"sameAs":["https:\/\/www.facebook.com\/theepochtimestr","https:\/\/x.com\/TheEpochTimesTR","https:\/\/www.instagram.com\/epochtimestr"]},{"@type":"Person","@id":"https:\/\/epochtimestr.com\/#\/schema\/person\/3dc5c3adeb9f43923c5aa85889172fdd","name":"Haber Merkezi","image":{"@type":"ImageObject","inLanguage":"tr","@id":"https:\/\/epochtimestr.com\/#\/schema\/person\/image\/","url":"https:\/\/secure.gravatar.com\/avatar\/d73f772ba5a74f28601361e17c2f93e6?s=96&d=mm&r=g","contentUrl":"https:\/\/secure.gravatar.com\/avatar\/d73f772ba5a74f28601361e17c2f93e6?s=96&d=mm&r=g","caption":"Haber Merkezi"},"url":"https:\/\/epochtimestr.com\/index.php\/author\/sendag"}]}},"_links":{"self":[{"href":"https:\/\/epochtimestr.com\/index.php\/wp-json\/wp\/v2\/posts\/169365"}],"collection":[{"href":"https:\/\/epochtimestr.com\/index.php\/wp-json\/wp\/v2\/posts"}],"about":[{"href":"https:\/\/epochtimestr.com\/index.php\/wp-json\/wp\/v2\/types\/post"}],"author":[{"embeddable":true,"href":"https:\/\/epochtimestr.com\/index.php\/wp-json\/wp\/v2\/users\/12791"}],"replies":[{"embeddable":true,"href":"https:\/\/epochtimestr.com\/index.php\/wp-json\/wp\/v2\/comments?post=169365"}],"version-history":[{"count":3,"href":"https:\/\/epochtimestr.com\/index.php\/wp-json\/wp\/v2\/posts\/169365\/revisions"}],"predecessor-version":[{"id":169386,"href":"https:\/\/epochtimestr.com\/index.php\/wp-json\/wp\/v2\/posts\/169365\/revisions\/169386"}],"wp:featuredmedia":[{"embeddable":true,"href":"https:\/\/epochtimestr.com\/index.php\/wp-json\/wp\/v2\/media\/169366"}],"wp:attachment":[{"href":"https:\/\/epochtimestr.com\/index.php\/wp-json\/wp\/v2\/media?parent=169365"}],"wp:term":[{"taxonomy":"category","embeddable":true,"href":"https:\/\/epochtimestr.com\/index.php\/wp-json\/wp\/v2\/categories?post=169365"},{"taxonomy":"post_tag","embeddable":true,"href":"https:\/\/epochtimestr.com\/index.php\/wp-json\/wp\/v2\/tags?post=169365"}],"curies":[{"name":"wp","href":"https:\/\/api.w.org\/{rel}","templated":true}]}}