{"id":169389,"date":"2026-07-29T15:53:29","date_gmt":"2026-07-29T12:53:29","guid":{"rendered":"https:\/\/epochtimestr.com\/?p=169389"},"modified":"2026-07-29T15:53:32","modified_gmt":"2026-07-29T12:53:32","slug":"kas-mugla-ve-kutahyada-orman-yanginlari","status":"publish","type":"post","link":"https:\/\/epochtimestr.com\/index.php\/kas-mugla-ve-kutahyada-orman-yanginlari","title":{"rendered":"Ka\u015f Mu\u011fla ve K\u00fctahya&#8217;da Orman Yang\u0131nlar\u0131"},"content":{"rendered":"<div class=\"wp-block-image\">\n<figure class=\"aligncenter size-full is-resized\"><img loading=\"lazy\" decoding=\"async\" width=\"1280\" height=\"853\" src=\"https:\/\/epochtimestr.com\/wp-content\/uploads\/2011y\/pixabay-23.jpg\" alt=\"Antalya'n\u0131n Ka\u015f il\u00e7esi ile Mu\u011fla ve K\u00fctahya'daki orman yang\u0131nlar\u0131 devam ediyor. (Foto\u011fraf: ELG21, Pixabay)\" class=\"wp-image-169390\" style=\"width:840px;height:auto\" srcset=\"https:\/\/epochtimestr.com\/wp-content\/uploads\/2011y\/pixabay-23.jpg 1280w, https:\/\/epochtimestr.com\/wp-content\/uploads\/2011y\/pixabay-23-300x200.jpg 300w, https:\/\/epochtimestr.com\/wp-content\/uploads\/2011y\/pixabay-23-150x100.jpg 150w, https:\/\/epochtimestr.com\/wp-content\/uploads\/2011y\/pixabay-23-768x512.jpg 768w\" sizes=\"(max-width: 1280px) 100vw, 1280px\" \/><figcaption class=\"wp-element-caption\">Antalya&#8217;n\u0131n Ka\u015f il\u00e7esi ile Mu\u011fla ve K\u00fctahya&#8217;daki orman yang\u0131nlar\u0131 devam ediyor. (Foto\u011fraf: ELG21, Pixabay)<\/figcaption><\/figure><\/div>\n\n\n<h2 class=\"wp-block-heading\">Antalya&#8217;n\u0131n Ka\u015f il\u00e7esi ile Mu\u011fla&#8217;n\u0131n Seydikemer ile Fethiye il\u00e7elerinde \u00e7\u0131kan orman yang\u0131nlar\u0131na havadan ve karadan m\u00fcdahale ediliyor.<\/h2>\n\n\n\n<p>Mu\u011fla&#8217;n\u0131n Seydikemer il\u00e7esinde ziraat alan\u0131nda ba\u015flayan <a href=\"https:\/\/epochtimestr.com\/index.php\/cinde-yangin-kayiplarla-ilgili-resmi-aciklamalar-dogru-mu\" target=\"_blank\" rel=\"noreferrer noopener\">yang\u0131n<\/a>, \u015fiddetli r\u00fczgar\u0131n etkisiyle orman alan\u0131na s\u0131\u00e7rayarak k\u0131sa s\u00fcrede b\u00fcy\u00fcd\u00fc. <a href=\"https:\/\/epochtimestr.com\/index.php\/meteorolojiden-kuvvetli-ruzgar-ve-yagis-uyarisi\" target=\"_blank\" rel=\"noreferrer noopener\">R\u00fczgar\u0131n<\/a> etkisiyle b\u00fcy\u00fcyen yang\u0131n nedeniyle Fethiye-Antalya kara yolu tedbir ama\u00e7l\u0131 ula\u015f\u0131ma kapat\u0131ld\u0131. B\u00f6lgeye \u00e7ok say\u0131da orman ve itfaiye ekibi ile helikopter sevk edildi. Ekiplerin yang\u0131na 5 u\u00e7ak, 11 helikopter ile havadan, 40 araz\u00f6z, 1 i\u015f makinesi 261 personel ile karadan m\u00fcdahalesi devam ediyor.<\/p>\n\n\n\n<p>H\u0131zla b\u00fcy\u00fcyen alevler yerle\u015fim yerlerine s\u0131\u00e7rad\u0131. Baz\u0131 evler tedbir ama\u00e7l\u0131 tahliye edilirken, birka\u00e7 evin de yang\u0131ndan olumsuz etkilendi\u011fi \u00f6\u011frenildi. Seydikemer Devlet Hastanesi, alevlerin b\u00f6lgeye \u00e7ok yak\u0131n olmas\u0131 dolay\u0131s\u0131yla tahliye ediliyor. Hastanedeki hastalar, ambulanslarla Fethiye Devlet Hastanesi\u2019ne g\u00f6t\u00fcr\u00fcl\u00fcyor. B\u00f6lgede yang\u0131n s\u00f6nd\u00fcrme ekiplerinin alevlerin hastaneye ula\u015fmamas\u0131 i\u00e7in \u00e7al\u0131\u015fmaya devam etti\u011fi \u00f6\u011frenildi.<\/p>\n\n\n\n<figure class=\"wp-block-embed is-type-rich is-provider-x wp-block-embed-x\"><div class=\"wp-block-embed__wrapper\">\n<blockquote class=\"twitter-tweet\" data-width=\"550\" data-dnt=\"true\"><p lang=\"tr\" dir=\"ltr\">Seydikemer\u2019de r\u00fczgar\u0131n t\u00fcm olumsuzlu\u011funa ra\u011fmen Ye\u015fil Vatan\u2019\u0131m\u0131z\u0131 savunmak, topra\u011f\u0131m\u0131z\u0131 korumak i\u00e7in alevlere kar\u015f\u0131 y\u00fcr\u00fct\u00fclen amans\u0131z m\u00fccadelemiz azim ve kararl\u0131l\u0131kla devam ediyor.<br><br>G\u00f6ky\u00fcz\u00fcnde u\u00e7ak ve helikopterlerimiz, karada kahraman ekiplerimizle ve destek olan\u2026 <a href=\"https:\/\/t.co\/VoWQx1nKyJ\">pic.twitter.com\/VoWQx1nKyJ<\/a><\/p>&mdash; Mu\u011fla Valili\u011fi (@tcmuglavaliligi) <a href=\"https:\/\/x.com\/tcmuglavaliligi\/status\/2082423055880446386?ref_src=twsrc%5Etfw\">July 29, 2026<\/a><\/blockquote><script async src=\"https:\/\/platform.x.com\/widgets.js\" charset=\"utf-8\"><\/script>\n<\/div><\/figure>\n\n\n\n<h3 class=\"wp-block-heading\">Mu\u011fla Valili\u011fi\u2019nden a\u00e7\u0131klama <\/h3>\n\n\n\n<p>Mu\u011fla Valili\u011finden yap\u0131lan a\u00e7\u0131klamada,<\/p>\n\n\n\n<p> &#8220;Seydikemer yang\u0131n\u0131na m\u00fcdahale faaliyetleri ilgili Valili\u011fimiz koordinasyonunda m\u00fccadele aral\u0131ks\u0131z devam etmektedir. Sahada toplam 373 personel, 5 u\u00e7ak, 12 helikopter, 35 araz\u00f6z, 8 ilk m\u00fcdahale arac\u0131 (\u0130MA), 22 su tankeri, 14 i\u015f makinesi, 44 hizmet arac\u0131 ve 2 ambulans g\u00f6rev yapmaktad\u0131r. 43 hane ile 65 vatanda\u015f tahliye edilmi\u015ftir. Seydikemer Hastahanesi Yo\u011fun Bak\u0131m ve Palyatif Bak\u0131m\u0131 b\u00f6l\u00fcm\u00fc tedbir ama\u00e7l\u0131 bo\u015falt\u0131lm\u0131\u015ft\u0131r. Hastane mesafesi 2,5 kilometre Antalya-Seydikemer kara yolu trafi\u011fe kapat\u0131lm\u0131\u015ft\u0131r&#8221; denildi.<\/p>\n\n\n\n<p>Antalya&#8217;n\u0131n Ka\u015f il\u00e7esinde d\u00fcn \u00e7\u0131kan orman yang\u0131n\u0131n\u0131 kontrol alt\u0131na alma \u00e7al\u0131\u015fmalar\u0131 ikinci g\u00fcn\u00fcnde devam ediyor.<\/p>\n\n\n\n<figure class=\"wp-block-embed is-type-rich is-provider-x wp-block-embed-x\"><div class=\"wp-block-embed__wrapper\">\n<blockquote class=\"twitter-tweet\" data-width=\"550\" data-dnt=\"true\"><p lang=\"tr\" dir=\"ltr\">Orman yang\u0131n\u0131 sebebiyle Fethiye &#8211; Seydikemer &#8211; Antalya karayolu ge\u00e7ici olarak sivil ara\u00e7 trafi\u011fine kapat\u0131lm\u0131\u015ft\u0131r.<br><br>S\u00fcr\u00fcc\u00fclerimizin alternatif g\u00fczerg\u00e2hlar\u0131 tercih etmeleri, m\u00fcdahale g\u00fczerg\u00e2hlar\u0131nda ve \u00f6zellikle emniyet \u015feritlerinde ara\u00e7 bulundurmamalar\u0131 \u00f6nem arz etmektedir.\u2026 <a href=\"https:\/\/t.co\/65jZJZu8F3\">pic.twitter.com\/65jZJZu8F3<\/a><\/p>&mdash; Mu\u011fla Valili\u011fi (@tcmuglavaliligi) <a href=\"https:\/\/x.com\/tcmuglavaliligi\/status\/2082383544760852491?ref_src=twsrc%5Etfw\">July 29, 2026<\/a><\/blockquote><script async src=\"https:\/\/platform.x.com\/widgets.js\" charset=\"utf-8\"><\/script>\n<\/div><\/figure>\n","protected":false},"excerpt":{"rendered":"<p>Antalya&#8217;n\u0131n Ka\u015f il\u00e7esi ile Mu\u011fla&#8217;n\u0131n Seydikemer ile Fethiye il\u00e7elerinde \u00e7\u0131kan orman yang\u0131nlar\u0131na havadan ve karadan m\u00fcdahale ediliyor. Mu\u011fla&#8217;n\u0131n Seydikemer il\u00e7esinde ziraat alan\u0131nda ba\u015flayan yang\u0131n, \u015fiddetli r\u00fczgar\u0131n etkisiyle orman alan\u0131na s\u0131\u00e7rayarak k\u0131sa s\u00fcrede b\u00fcy\u00fcd\u00fc. R\u00fczgar\u0131n etkisiyle b\u00fcy\u00fcyen yang\u0131n nedeniyle Fethiye-Antalya kara yolu tedbir ama\u00e7l\u0131 ula\u015f\u0131ma kapat\u0131ld\u0131. B\u00f6lgeye \u00e7ok say\u0131da orman ve itfaiye ekibi ile helikopter sevk [&hellip;]<\/p>\n","protected":false},"author":12791,"featured_media":169390,"comment_status":"open","ping_status":"open","sticky":false,"template":"","format":"standard","meta":{"_yoast_wpseo_focuskw":"orman","_yoast_wpseo_title":"","_yoast_wpseo_metadesc":"Antalya'n\u0131n Ka\u015f ve Mu\u011fla'n\u0131n Seydikemer ile Fethiye il\u00e7elerinde \u00e7\u0131kan orman yang\u0131nlar\u0131na havadan ve karadan m\u00fcdahale ediliyor.","_bbp_topic_count":0,"_bbp_reply_count":0,"_bbp_total_topic_count":0,"_bbp_total_reply_count":0,"_bbp_voice_count":0,"_bbp_anonymous_reply_count":0,"_bbp_topic_count_hidden":0,"_bbp_reply_count_hidden":0,"_bbp_forum_subforum_count":0,"footnotes":"","_yoast_wpseo_focuskw_text_input":""},"categories":[1,8138,8419],"tags":[5041,1412,3369,78,53],"yoast_head":"<!-- This site is optimized with the Yoast SEO plugin v23.0 - https:\/\/yoast.com\/wordpress\/plugins\/seo\/ -->\n<title>Ka\u015f Mu\u011fla ve K\u00fctahya&#039;da Orman Yang\u0131nlar\u0131 - The Epoch Times TR<\/title>\n<meta name=\"description\" content=\"Antalya&#039;n\u0131n Ka\u015f ve Mu\u011fla&#039;n\u0131n Seydikemer ile Fethiye il\u00e7elerinde \u00e7\u0131kan orman yang\u0131nlar\u0131na havadan ve karadan m\u00fcdahale ediliyor.\" \/>\n<meta name=\"robots\" content=\"index, follow, max-snippet:-1, max-image-preview:large, max-video-preview:-1\" \/>\n<link rel=\"canonical\" href=\"https:\/\/epochtimestr.com\/index.php\/kas-mugla-ve-kutahyada-orman-yanginlari\" \/>\n<meta property=\"og:locale\" content=\"tr_TR\" \/>\n<meta property=\"og:type\" content=\"article\" \/>\n<meta property=\"og:title\" content=\"Ka\u015f Mu\u011fla ve K\u00fctahya&#039;da Orman Yang\u0131nlar\u0131 - The Epoch Times TR\" \/>\n<meta property=\"og:description\" content=\"Antalya&#039;n\u0131n Ka\u015f ve Mu\u011fla&#039;n\u0131n Seydikemer ile Fethiye il\u00e7elerinde \u00e7\u0131kan orman yang\u0131nlar\u0131na havadan ve karadan m\u00fcdahale ediliyor.\" \/>\n<meta property=\"og:url\" content=\"https:\/\/epochtimestr.com\/index.php\/kas-mugla-ve-kutahyada-orman-yanginlari\" \/>\n<meta property=\"og:site_name\" content=\"The Epoch Times TR\" \/>\n<meta property=\"article:publisher\" content=\"https:\/\/www.facebook.com\/theepochtimestr\" \/>\n<meta property=\"article:published_time\" content=\"2026-07-29T12:53:29+00:00\" \/>\n<meta property=\"article:modified_time\" content=\"2026-07-29T12:53:32+00:00\" \/>\n<meta property=\"og:image\" content=\"https:\/\/epochtimestr.com\/wp-content\/uploads\/2011y\/pixabay-23.jpg\" \/>\n\t<meta property=\"og:image:width\" content=\"1280\" \/>\n\t<meta property=\"og:image:height\" content=\"853\" \/>\n\t<meta property=\"og:image:type\" content=\"image\/jpeg\" \/>\n<meta name=\"author\" content=\"Haber Merkezi\" \/>\n<meta name=\"twitter:card\" content=\"summary_large_image\" \/>\n<meta name=\"twitter:creator\" content=\"@TheEpochTimesTR\" \/>\n<meta name=\"twitter:site\" content=\"@TheEpochTimesTR\" \/>\n<meta name=\"twitter:label1\" content=\"Yazan:\" \/>\n\t<meta name=\"twitter:data1\" content=\"Haber Merkezi\" \/>\n\t<meta name=\"twitter:label2\" content=\"Tahmini okuma s\u00fcresi\" \/>\n\t<meta name=\"twitter:data2\" content=\"2 dakika\" \/>\n<script type=\"application\/ld+json\" class=\"yoast-schema-graph\">{\"@context\":\"https:\/\/schema.org\",\"@graph\":[{\"@type\":\"Article\",\"@id\":\"https:\/\/epochtimestr.com\/index.php\/kas-mugla-ve-kutahyada-orman-yanginlari#article\",\"isPartOf\":{\"@id\":\"https:\/\/epochtimestr.com\/index.php\/kas-mugla-ve-kutahyada-orman-yanginlari\"},\"author\":{\"name\":\"Haber Merkezi\",\"@id\":\"https:\/\/epochtimestr.com\/#\/schema\/person\/3dc5c3adeb9f43923c5aa85889172fdd\"},\"headline\":\"Ka\u015f Mu\u011fla ve K\u00fctahya&#8217;da Orman Yang\u0131nlar\u0131\",\"datePublished\":\"2026-07-29T12:53:29+00:00\",\"dateModified\":\"2026-07-29T12:53:32+00:00\",\"mainEntityOfPage\":{\"@id\":\"https:\/\/epochtimestr.com\/index.php\/kas-mugla-ve-kutahyada-orman-yanginlari\"},\"wordCount\":342,\"commentCount\":0,\"publisher\":{\"@id\":\"https:\/\/epochtimestr.com\/#organization\"},\"image\":{\"@id\":\"https:\/\/epochtimestr.com\/index.php\/kas-mugla-ve-kutahyada-orman-yanginlari#primaryimage\"},\"thumbnailUrl\":\"https:\/\/epochtimestr.com\/wp-content\/uploads\/2011y\/pixabay-23.jpg\",\"keywords\":[\"ka\u015f\",\"K\u00fctahya\",\"Mu\u011fla\",\"orman\",\"yang\u0131n\"],\"articleSection\":[\"G\u00dcNDEM\",\"MAN\u015eET\",\"Ya\u015fam\"],\"inLanguage\":\"tr\",\"potentialAction\":[{\"@type\":\"CommentAction\",\"name\":\"Comment\",\"target\":[\"https:\/\/epochtimestr.com\/index.php\/kas-mugla-ve-kutahyada-orman-yanginlari#respond\"]}]},{\"@type\":\"WebPage\",\"@id\":\"https:\/\/epochtimestr.com\/index.php\/kas-mugla-ve-kutahyada-orman-yanginlari\",\"url\":\"https:\/\/epochtimestr.com\/index.php\/kas-mugla-ve-kutahyada-orman-yanginlari\",\"name\":\"Ka\u015f Mu\u011fla ve K\u00fctahya'da Orman Yang\u0131nlar\u0131 - The Epoch Times TR\",\"isPartOf\":{\"@id\":\"https:\/\/epochtimestr.com\/#website\"},\"primaryImageOfPage\":{\"@id\":\"https:\/\/epochtimestr.com\/index.php\/kas-mugla-ve-kutahyada-orman-yanginlari#primaryimage\"},\"image\":{\"@id\":\"https:\/\/epochtimestr.com\/index.php\/kas-mugla-ve-kutahyada-orman-yanginlari#primaryimage\"},\"thumbnailUrl\":\"https:\/\/epochtimestr.com\/wp-content\/uploads\/2011y\/pixabay-23.jpg\",\"datePublished\":\"2026-07-29T12:53:29+00:00\",\"dateModified\":\"2026-07-29T12:53:32+00:00\",\"description\":\"Antalya'n\u0131n Ka\u015f ve Mu\u011fla'n\u0131n Seydikemer ile Fethiye il\u00e7elerinde \u00e7\u0131kan orman yang\u0131nlar\u0131na havadan ve karadan m\u00fcdahale ediliyor.\",\"inLanguage\":\"tr\",\"potentialAction\":[{\"@type\":\"ReadAction\",\"target\":[\"https:\/\/epochtimestr.com\/index.php\/kas-mugla-ve-kutahyada-orman-yanginlari\"]}]},{\"@type\":\"ImageObject\",\"inLanguage\":\"tr\",\"@id\":\"https:\/\/epochtimestr.com\/index.php\/kas-mugla-ve-kutahyada-orman-yanginlari#primaryimage\",\"url\":\"https:\/\/epochtimestr.com\/wp-content\/uploads\/2011y\/pixabay-23.jpg\",\"contentUrl\":\"https:\/\/epochtimestr.com\/wp-content\/uploads\/2011y\/pixabay-23.jpg\",\"width\":1280,\"height\":853},{\"@type\":\"WebSite\",\"@id\":\"https:\/\/epochtimestr.com\/#website\",\"url\":\"https:\/\/epochtimestr.com\/\",\"name\":\"The Epoch Times TR\",\"description\":\"De\u011fi\u015fen D\u00fcnyam\u0131za Taze Bir Bak\u0131\u015f\",\"publisher\":{\"@id\":\"https:\/\/epochtimestr.com\/#organization\"},\"potentialAction\":[{\"@type\":\"SearchAction\",\"target\":{\"@type\":\"EntryPoint\",\"urlTemplate\":\"https:\/\/epochtimestr.com\/?s={search_term_string}\"},\"query-input\":\"required name=search_term_string\"}],\"inLanguage\":\"tr\"},{\"@type\":\"Organization\",\"@id\":\"https:\/\/epochtimestr.com\/#organization\",\"name\":\"The EpochTimes T\u00fcrkiye\",\"url\":\"https:\/\/epochtimestr.com\/\",\"logo\":{\"@type\":\"ImageObject\",\"inLanguage\":\"tr\",\"@id\":\"https:\/\/epochtimestr.com\/#\/schema\/logo\/image\/\",\"url\":\"https:\/\/epochtimestr.com\/wp-content\/uploads\/2011y\/ET-Logo-YG.jpg\",\"contentUrl\":\"https:\/\/epochtimestr.com\/wp-content\/uploads\/2011y\/ET-Logo-YG.jpg\",\"width\":346,\"height\":29,\"caption\":\"The EpochTimes T\u00fcrkiye\"},\"image\":{\"@id\":\"https:\/\/epochtimestr.com\/#\/schema\/logo\/image\/\"},\"sameAs\":[\"https:\/\/www.facebook.com\/theepochtimestr\",\"https:\/\/x.com\/TheEpochTimesTR\",\"https:\/\/www.instagram.com\/epochtimestr\"]},{\"@type\":\"Person\",\"@id\":\"https:\/\/epochtimestr.com\/#\/schema\/person\/3dc5c3adeb9f43923c5aa85889172fdd\",\"name\":\"Haber Merkezi\",\"image\":{\"@type\":\"ImageObject\",\"inLanguage\":\"tr\",\"@id\":\"https:\/\/epochtimestr.com\/#\/schema\/person\/image\/\",\"url\":\"https:\/\/secure.gravatar.com\/avatar\/d73f772ba5a74f28601361e17c2f93e6?s=96&d=mm&r=g\",\"contentUrl\":\"https:\/\/secure.gravatar.com\/avatar\/d73f772ba5a74f28601361e17c2f93e6?s=96&d=mm&r=g\",\"caption\":\"Haber Merkezi\"},\"url\":\"https:\/\/epochtimestr.com\/index.php\/author\/sendag\"}]}<\/script>\n<!-- \/ Yoast SEO plugin. -->","yoast_head_json":{"title":"Ka\u015f Mu\u011fla ve K\u00fctahya'da Orman Yang\u0131nlar\u0131 - The Epoch Times TR","description":"Antalya'n\u0131n Ka\u015f ve Mu\u011fla'n\u0131n Seydikemer ile Fethiye il\u00e7elerinde \u00e7\u0131kan orman yang\u0131nlar\u0131na havadan ve karadan m\u00fcdahale ediliyor.","robots":{"index":"index","follow":"follow","max-snippet":"max-snippet:-1","max-image-preview":"max-image-preview:large","max-video-preview":"max-video-preview:-1"},"canonical":"https:\/\/epochtimestr.com\/index.php\/kas-mugla-ve-kutahyada-orman-yanginlari","og_locale":"tr_TR","og_type":"article","og_title":"Ka\u015f Mu\u011fla ve K\u00fctahya'da Orman Yang\u0131nlar\u0131 - The Epoch Times TR","og_description":"Antalya'n\u0131n Ka\u015f ve Mu\u011fla'n\u0131n Seydikemer ile Fethiye il\u00e7elerinde \u00e7\u0131kan orman yang\u0131nlar\u0131na havadan ve karadan m\u00fcdahale ediliyor.","og_url":"https:\/\/epochtimestr.com\/index.php\/kas-mugla-ve-kutahyada-orman-yanginlari","og_site_name":"The Epoch Times TR","article_publisher":"https:\/\/www.facebook.com\/theepochtimestr","article_published_time":"2026-07-29T12:53:29+00:00","article_modified_time":"2026-07-29T12:53:32+00:00","og_image":[{"width":1280,"height":853,"url":"https:\/\/epochtimestr.com\/wp-content\/uploads\/2011y\/pixabay-23.jpg","type":"image\/jpeg"}],"author":"Haber Merkezi","twitter_card":"summary_large_image","twitter_creator":"@TheEpochTimesTR","twitter_site":"@TheEpochTimesTR","twitter_misc":{"Yazan:":"Haber Merkezi","Tahmini okuma s\u00fcresi":"2 dakika"},"schema":{"@context":"https:\/\/schema.org","@graph":[{"@type":"Article","@id":"https:\/\/epochtimestr.com\/index.php\/kas-mugla-ve-kutahyada-orman-yanginlari#article","isPartOf":{"@id":"https:\/\/epochtimestr.com\/index.php\/kas-mugla-ve-kutahyada-orman-yanginlari"},"author":{"name":"Haber Merkezi","@id":"https:\/\/epochtimestr.com\/#\/schema\/person\/3dc5c3adeb9f43923c5aa85889172fdd"},"headline":"Ka\u015f Mu\u011fla ve K\u00fctahya&#8217;da Orman Yang\u0131nlar\u0131","datePublished":"2026-07-29T12:53:29+00:00","dateModified":"2026-07-29T12:53:32+00:00","mainEntityOfPage":{"@id":"https:\/\/epochtimestr.com\/index.php\/kas-mugla-ve-kutahyada-orman-yanginlari"},"wordCount":342,"commentCount":0,"publisher":{"@id":"https:\/\/epochtimestr.com\/#organization"},"image":{"@id":"https:\/\/epochtimestr.com\/index.php\/kas-mugla-ve-kutahyada-orman-yanginlari#primaryimage"},"thumbnailUrl":"https:\/\/epochtimestr.com\/wp-content\/uploads\/2011y\/pixabay-23.jpg","keywords":["ka\u015f","K\u00fctahya","Mu\u011fla","orman","yang\u0131n"],"articleSection":["G\u00dcNDEM","MAN\u015eET","Ya\u015fam"],"inLanguage":"tr","potentialAction":[{"@type":"CommentAction","name":"Comment","target":["https:\/\/epochtimestr.com\/index.php\/kas-mugla-ve-kutahyada-orman-yanginlari#respond"]}]},{"@type":"WebPage","@id":"https:\/\/epochtimestr.com\/index.php\/kas-mugla-ve-kutahyada-orman-yanginlari","url":"https:\/\/epochtimestr.com\/index.php\/kas-mugla-ve-kutahyada-orman-yanginlari","name":"Ka\u015f Mu\u011fla ve K\u00fctahya'da Orman Yang\u0131nlar\u0131 - The Epoch Times TR","isPartOf":{"@id":"https:\/\/epochtimestr.com\/#website"},"primaryImageOfPage":{"@id":"https:\/\/epochtimestr.com\/index.php\/kas-mugla-ve-kutahyada-orman-yanginlari#primaryimage"},"image":{"@id":"https:\/\/epochtimestr.com\/index.php\/kas-mugla-ve-kutahyada-orman-yanginlari#primaryimage"},"thumbnailUrl":"https:\/\/epochtimestr.com\/wp-content\/uploads\/2011y\/pixabay-23.jpg","datePublished":"2026-07-29T12:53:29+00:00","dateModified":"2026-07-29T12:53:32+00:00","description":"Antalya'n\u0131n Ka\u015f ve Mu\u011fla'n\u0131n Seydikemer ile Fethiye il\u00e7elerinde \u00e7\u0131kan orman yang\u0131nlar\u0131na havadan ve karadan m\u00fcdahale ediliyor.","inLanguage":"tr","potentialAction":[{"@type":"ReadAction","target":["https:\/\/epochtimestr.com\/index.php\/kas-mugla-ve-kutahyada-orman-yanginlari"]}]},{"@type":"ImageObject","inLanguage":"tr","@id":"https:\/\/epochtimestr.com\/index.php\/kas-mugla-ve-kutahyada-orman-yanginlari#primaryimage","url":"https:\/\/epochtimestr.com\/wp-content\/uploads\/2011y\/pixabay-23.jpg","contentUrl":"https:\/\/epochtimestr.com\/wp-content\/uploads\/2011y\/pixabay-23.jpg","width":1280,"height":853},{"@type":"WebSite","@id":"https:\/\/epochtimestr.com\/#website","url":"https:\/\/epochtimestr.com\/","name":"The Epoch Times TR","description":"De\u011fi\u015fen D\u00fcnyam\u0131za Taze Bir Bak\u0131\u015f","publisher":{"@id":"https:\/\/epochtimestr.com\/#organization"},"potentialAction":[{"@type":"SearchAction","target":{"@type":"EntryPoint","urlTemplate":"https:\/\/epochtimestr.com\/?s={search_term_string}"},"query-input":"required name=search_term_string"}],"inLanguage":"tr"},{"@type":"Organization","@id":"https:\/\/epochtimestr.com\/#organization","name":"The EpochTimes T\u00fcrkiye","url":"https:\/\/epochtimestr.com\/","logo":{"@type":"ImageObject","inLanguage":"tr","@id":"https:\/\/epochtimestr.com\/#\/schema\/logo\/image\/","url":"https:\/\/epochtimestr.com\/wp-content\/uploads\/2011y\/ET-Logo-YG.jpg","contentUrl":"https:\/\/epochtimestr.com\/wp-content\/uploads\/2011y\/ET-Logo-YG.jpg","width":346,"height":29,"caption":"The EpochTimes T\u00fcrkiye"},"image":{"@id":"https:\/\/epochtimestr.com\/#\/schema\/logo\/image\/"},"sameAs":["https:\/\/www.facebook.com\/theepochtimestr","https:\/\/x.com\/TheEpochTimesTR","https:\/\/www.instagram.com\/epochtimestr"]},{"@type":"Person","@id":"https:\/\/epochtimestr.com\/#\/schema\/person\/3dc5c3adeb9f43923c5aa85889172fdd","name":"Haber Merkezi","image":{"@type":"ImageObject","inLanguage":"tr","@id":"https:\/\/epochtimestr.com\/#\/schema\/person\/image\/","url":"https:\/\/secure.gravatar.com\/avatar\/d73f772ba5a74f28601361e17c2f93e6?s=96&d=mm&r=g","contentUrl":"https:\/\/secure.gravatar.com\/avatar\/d73f772ba5a74f28601361e17c2f93e6?s=96&d=mm&r=g","caption":"Haber Merkezi"},"url":"https:\/\/epochtimestr.com\/index.php\/author\/sendag"}]}},"_links":{"self":[{"href":"https:\/\/epochtimestr.com\/index.php\/wp-json\/wp\/v2\/posts\/169389"}],"collection":[{"href":"https:\/\/epochtimestr.com\/index.php\/wp-json\/wp\/v2\/posts"}],"about":[{"href":"https:\/\/epochtimestr.com\/index.php\/wp-json\/wp\/v2\/types\/post"}],"author":[{"embeddable":true,"href":"https:\/\/epochtimestr.com\/index.php\/wp-json\/wp\/v2\/users\/12791"}],"replies":[{"embeddable":true,"href":"https:\/\/epochtimestr.com\/index.php\/wp-json\/wp\/v2\/comments?post=169389"}],"version-history":[{"count":2,"href":"https:\/\/epochtimestr.com\/index.php\/wp-json\/wp\/v2\/posts\/169389\/revisions"}],"predecessor-version":[{"id":169396,"href":"https:\/\/epochtimestr.com\/index.php\/wp-json\/wp\/v2\/posts\/169389\/revisions\/169396"}],"wp:featuredmedia":[{"embeddable":true,"href":"https:\/\/epochtimestr.com\/index.php\/wp-json\/wp\/v2\/media\/169390"}],"wp:attachment":[{"href":"https:\/\/epochtimestr.com\/index.php\/wp-json\/wp\/v2\/media?parent=169389"}],"wp:term":[{"taxonomy":"category","embeddable":true,"href":"https:\/\/epochtimestr.com\/index.php\/wp-json\/wp\/v2\/categories?post=169389"},{"taxonomy":"post_tag","embeddable":true,"href":"https:\/\/epochtimestr.com\/index.php\/wp-json\/wp\/v2\/tags?post=169389"}],"curies":[{"name":"wp","href":"https:\/\/api.w.org\/{rel}","templated":true}]}}