{"id":169392,"date":"2026-07-29T15:57:55","date_gmt":"2026-07-29T12:57:55","guid":{"rendered":"https:\/\/epochtimestr.com\/?p=169392"},"modified":"2026-07-29T15:57:57","modified_gmt":"2026-07-29T12:57:57","slug":"uskudar-belediye-baskani-sinem-dedetas-gozaltina-alindi","status":"publish","type":"post","link":"https:\/\/epochtimestr.com\/index.php\/uskudar-belediye-baskani-sinem-dedetas-gozaltina-alindi","title":{"rendered":"\u00dcsk\u00fcdar Belediye Ba\u015fkan\u0131 Sinem Dedeta\u015f G\u00f6zalt\u0131na Al\u0131nd\u0131"},"content":{"rendered":"<div class=\"wp-block-image\">\n<figure class=\"aligncenter size-full\"><img loading=\"lazy\" decoding=\"async\" width=\"1044\" height=\"587\" src=\"https:\/\/epochtimestr.com\/wp-content\/uploads\/2011y\/uskudar-belediyesi-web.webp\" alt=\"\" class=\"wp-image-169393\" srcset=\"https:\/\/epochtimestr.com\/wp-content\/uploads\/2011y\/uskudar-belediyesi-web.webp 1044w, https:\/\/epochtimestr.com\/wp-content\/uploads\/2011y\/uskudar-belediyesi-web-300x169.webp 300w, https:\/\/epochtimestr.com\/wp-content\/uploads\/2011y\/uskudar-belediyesi-web-150x84.webp 150w, https:\/\/epochtimestr.com\/wp-content\/uploads\/2011y\/uskudar-belediyesi-web-768x432.webp 768w\" sizes=\"(max-width: 1044px) 100vw, 1044px\" \/><figcaption class=\"wp-element-caption\">\u00dcsk\u00fcdar Belediye Ba\u015fkan\u0131 Sinem Dedeta\u015f g\u00f6zalt\u0131na al\u0131nd\u0131. (Foto\u011fraf: \u00dcsk\u00fcdar Belediyesi web sitesi)<\/figcaption><\/figure><\/div>\n\n\n<h2 class=\"wp-block-heading\">\u00dcsk\u00fcdar Belediye Ba\u015fkan\u0131 Sinem Dedeta\u015f&#8217;\u0131n da aralar\u0131nda bulundu\u011fu 6 ki\u015fi &#8220;r\u00fc\u015fvet ve irtikap&#8221; su\u00e7lamas\u0131yla y\u00fcr\u00fct\u00fclen soru\u015fturma kapsam\u0131nda g\u00f6zalt\u0131na al\u0131nd\u0131.<\/h2>\n\n\n\n<p>\u0130stanbul Anadolu Cumhuriyet Ba\u015fsavc\u0131l\u0131\u011f\u0131&#8217;n\u0131n, \u00dcsk\u00fcdar Belediyesi&#8217;ne y\u00f6nelik y\u00fcr\u00fctt\u00fc\u011f\u00fc soru\u015fturma kapsam\u0131nda sabah saatlerinde operasyon d\u00fczenlendi. Operasyonda, \u00dcsk\u00fcdar Belediye Ba\u015fkan\u0131 Sinem Dedeta\u015f&#8217;\u0131n da aralar\u0131nda bulundu\u011fu 6 ki\u015fi g\u00f6zalt\u0131na al\u0131nd\u0131. Dedeta\u015f&#8217;\u0131n adayl\u0131\u011f\u0131nda <a href=\"https:\/\/epochtimestr.com\/index.php\/mhp-uskudar-ilce-teskilatini-gorevden-aldi\" target=\"_blank\" rel=\"noreferrer noopener\">\u00dcsk\u00fcdar<\/a> Belediyesi, 30 y\u0131l sonra ilk kez CHP&#8217;ye ge\u00e7mi\u015fti.<\/p>\n\n\n\n<p><strong>Ba\u015fsavc\u0131l\u0131ktan yap\u0131lan a\u00e7\u0131klama:<\/strong><\/p>\n\n\n\n<p>Ba\u015fsavc\u0131l\u0131\u011f\u0131n a\u00e7\u0131klamas\u0131nda, &#8220;yap\u0131 ruhsat\u0131 verilmesinde yetkisi bulunmayan Kent A.\u015e. g\u00f6revlilerinin, kriptolu haberle\u015fme uygulamas\u0131 \u00fczerinden olu\u015fturulan ileti\u015fim a\u011f\u0131yla ada-parsel bazl\u0131 renklendirmeler i\u00e7eren tablolar haz\u0131rlayarak belediye personelini y\u00f6nlendirdi\u011fi ve ruhsat s\u00fcrecini koordine etti\u011fi&#8221; \u00f6ne s\u00fcr\u00fcld\u00fc.<\/p>\n\n\n\n<p>A\u00e7\u0131klamada, &#8220;Kent A.\u015e. ile m\u00fcteahhitler aras\u0131nda toplam bedeli 1 milyar 78 milyon 870 bin 833 TL olan \u00e7ok say\u0131da &#8216;dan\u0131\u015fmanl\u0131k hizmeti&#8217; s\u00f6zle\u015fmesi imzaland\u0131\u011f\u0131, bu kapsamda bug\u00fcne kadar 361 milyon 392 bin 264 TL tahsil edildi\u011finin MASAK verileri ve di\u011fer delillerle tespit edildi\u011fi&#8221; iddia edildi.<\/p>\n\n\n\n<p>Soru\u015fturmada ayr\u0131ca, &#8220;m\u00fcteahhitlerin yap\u0131 ruhsat\u0131 alabilmek i\u00e7in Kent A.\u015e. ile s\u00f6zle\u015fme imzalamaya zorland\u0131\u011f\u0131, mevzuata ayk\u0131r\u0131 iskan ruhsatlar\u0131 kar\u015f\u0131l\u0131\u011f\u0131nda r\u00fc\u015fvet al\u0131nd\u0131\u011f\u0131 ve baz\u0131 \u00f6demelerin Belediye Ba\u015fkan\u0131 Sinem Dedeta\u015f&#8217;\u0131n dan\u0131\u015fman\u0131 U.M.&#8217;ye par\u00e7a par\u00e7a teslim edildi\u011finin HTS kay\u0131tlar\u0131, baz verileri ve \u015f\u00fcpheli ifadeleriyle tespit edildi\u011fi&#8221; iddia edildi.<\/p>\n\n\n\n<h3 class=\"wp-block-heading\">Sinem Dedeta\u015f kimdir?<\/h3>\n\n\n\n<p>Sinem Dedeta\u015f, 2004 y\u0131l\u0131nda \u0130stanbul Teknik \u00dcniversitesi (\u0130T\u00dc) Gemi \u0130n\u015faat\u0131 ve Deniz Bilimleri Fak\u00fcltesi&#8217;nden mezun oldu. Ard\u0131ndan, yakla\u015f\u0131k on y\u0131l boyunca \u00f6zel sekt\u00f6rde gemi in\u015fa ve denizcilik m\u00fchendisli\u011fi alan\u0131nda \u00e7al\u0131\u015ft\u0131. \u00c7al\u0131\u015fmaya ticari ve askeri gemiler \u00fcreten Delta Marine (Delta Denizcilik M\u00fchendislik ve Bilgisayar San. ve Tic. A.\u015e.) b\u00fcnyesinde ba\u015flayan Dedata\u015f, daha sonra yakla\u015f\u0131k \u00fc\u00e7 bu\u00e7uk y\u0131l, \u0130talyan RINA (Registro Italiano Navale) adl\u0131 \u015firket b\u00fcnyesinde Plan Onay M\u00fchendisi olarak g\u00f6rev ald\u0131.<\/p>\n\n\n\n<p>2012 y\u0131l\u0131nda e\u015fiyle birlikte Matesis Marine &amp; Engineering \u015firketini kuran Dedeta\u015f\u2019\u0131n kay\u0131nbabas\u0131 Nurkal Dedeta\u015f, Dentur Avrasya\u2019n\u0131n sahiplerinden. 2019 y\u0131l\u0131nda \u0130stanbul B\u00fcy\u00fck\u015fehir Belediyesi i\u015ftiraki olan \u0130stanbul \u015eehir Hatlar\u0131 A\u015e&#8217;ye Genel M\u00fcd\u00fcr olan Dedata\u015f, 2023 y\u0131l\u0131nda Barselona\u2019da yap\u0131lan Uluslararas\u0131 Toplu Ta\u015f\u0131mac\u0131lar Birli\u011fi (UITP) Zirvesinde UITP Su Yolu Komitesi Ba\u015fkanl\u0131\u011f\u0131 g\u00f6revini ald\u0131.<\/p>\n\n\n\n<p>Dedeta\u015f 2024 se\u00e7imlerinde CHP taraf\u0131ndan \u00dcsk\u00fcdar Belediye Ba\u015fkan aday\u0131 olarak \u201csiyasi kariyerine\u201d ba\u015flarken, 31 Mart 2024 tarihinde \u00dcsk\u00fcdar Belediye Ba\u015fkan\u0131 se\u00e7ildi.<\/p>\n","protected":false},"excerpt":{"rendered":"<p>\u00dcsk\u00fcdar Belediye Ba\u015fkan\u0131 Sinem Dedeta\u015f&#8217;\u0131n da aralar\u0131nda bulundu\u011fu 6 ki\u015fi &#8220;r\u00fc\u015fvet ve irtikap&#8221; su\u00e7lamas\u0131yla y\u00fcr\u00fct\u00fclen soru\u015fturma kapsam\u0131nda g\u00f6zalt\u0131na al\u0131nd\u0131. \u0130stanbul Anadolu Cumhuriyet Ba\u015fsavc\u0131l\u0131\u011f\u0131&#8217;n\u0131n, \u00dcsk\u00fcdar Belediyesi&#8217;ne y\u00f6nelik y\u00fcr\u00fctt\u00fc\u011f\u00fc soru\u015fturma kapsam\u0131nda sabah saatlerinde operasyon d\u00fczenlendi. Operasyonda, \u00dcsk\u00fcdar Belediye Ba\u015fkan\u0131 Sinem Dedeta\u015f&#8217;\u0131n da aralar\u0131nda bulundu\u011fu 6 ki\u015fi g\u00f6zalt\u0131na al\u0131nd\u0131. Dedeta\u015f&#8217;\u0131n adayl\u0131\u011f\u0131nda \u00dcsk\u00fcdar Belediyesi, 30 y\u0131l sonra ilk kez [&hellip;]<\/p>\n","protected":false},"author":12791,"featured_media":169393,"comment_status":"open","ping_status":"open","sticky":false,"template":"","format":"standard","meta":{"_yoast_wpseo_focuskw":"\u00dcsk\u00fcdar Belediye Ba\u015fkan\u0131","_yoast_wpseo_title":"","_yoast_wpseo_metadesc":"\u00dcsk\u00fcdar Belediye Ba\u015fkan\u0131 Sinem Dedeta\u015f \"r\u00fc\u015fvet ve irtikap\" su\u00e7lamas\u0131yla y\u00fcr\u00fct\u00fclen soru\u015fturma kapsam\u0131nda g\u00f6zalt\u0131na al\u0131nd\u0131.","_bbp_topic_count":0,"_bbp_reply_count":0,"_bbp_total_topic_count":0,"_bbp_total_reply_count":0,"_bbp_voice_count":0,"_bbp_anonymous_reply_count":0,"_bbp_topic_count_hidden":0,"_bbp_reply_count_hidden":0,"_bbp_forum_subforum_count":0,"footnotes":"","_yoast_wpseo_focuskw_text_input":""},"categories":[1,8138,8226],"tags":[1326,6053,11958,11959],"yoast_head":"<!-- This site is optimized with the Yoast SEO plugin v23.0 - https:\/\/yoast.com\/wordpress\/plugins\/seo\/ -->\n<title>\u00dcsk\u00fcdar Belediye Ba\u015fkan\u0131 Sinem Dedeta\u015f G\u00f6zalt\u0131na Al\u0131nd\u0131 - The Epoch Times TR<\/title>\n<meta name=\"description\" content=\"\u00dcsk\u00fcdar Belediye Ba\u015fkan\u0131 Sinem Dedeta\u015f &quot;r\u00fc\u015fvet ve irtikap&quot; su\u00e7lamas\u0131yla y\u00fcr\u00fct\u00fclen soru\u015fturma kapsam\u0131nda g\u00f6zalt\u0131na al\u0131nd\u0131.\" \/>\n<meta name=\"robots\" content=\"index, follow, max-snippet:-1, max-image-preview:large, max-video-preview:-1\" \/>\n<link rel=\"canonical\" href=\"https:\/\/epochtimestr.com\/index.php\/uskudar-belediye-baskani-sinem-dedetas-gozaltina-alindi\" \/>\n<meta property=\"og:locale\" content=\"tr_TR\" \/>\n<meta property=\"og:type\" content=\"article\" \/>\n<meta property=\"og:title\" content=\"\u00dcsk\u00fcdar Belediye Ba\u015fkan\u0131 Sinem Dedeta\u015f G\u00f6zalt\u0131na Al\u0131nd\u0131 - The Epoch Times TR\" \/>\n<meta property=\"og:description\" content=\"\u00dcsk\u00fcdar Belediye Ba\u015fkan\u0131 Sinem Dedeta\u015f &quot;r\u00fc\u015fvet ve irtikap&quot; su\u00e7lamas\u0131yla y\u00fcr\u00fct\u00fclen soru\u015fturma kapsam\u0131nda g\u00f6zalt\u0131na al\u0131nd\u0131.\" \/>\n<meta property=\"og:url\" content=\"https:\/\/epochtimestr.com\/index.php\/uskudar-belediye-baskani-sinem-dedetas-gozaltina-alindi\" \/>\n<meta property=\"og:site_name\" content=\"The Epoch Times TR\" \/>\n<meta property=\"article:publisher\" content=\"https:\/\/www.facebook.com\/theepochtimestr\" \/>\n<meta property=\"article:published_time\" content=\"2026-07-29T12:57:55+00:00\" \/>\n<meta property=\"article:modified_time\" content=\"2026-07-29T12:57:57+00:00\" \/>\n<meta property=\"og:image\" content=\"https:\/\/epochtimestr.com\/wp-content\/uploads\/2011y\/uskudar-belediyesi-web.webp\" \/>\n\t<meta property=\"og:image:width\" content=\"1044\" \/>\n\t<meta property=\"og:image:height\" content=\"587\" \/>\n\t<meta property=\"og:image:type\" content=\"image\/webp\" \/>\n<meta name=\"author\" content=\"Haber Merkezi\" \/>\n<meta name=\"twitter:card\" content=\"summary_large_image\" \/>\n<meta name=\"twitter:creator\" content=\"@TheEpochTimesTR\" \/>\n<meta name=\"twitter:site\" content=\"@TheEpochTimesTR\" \/>\n<meta name=\"twitter:label1\" content=\"Yazan:\" \/>\n\t<meta name=\"twitter:data1\" content=\"Haber Merkezi\" \/>\n\t<meta name=\"twitter:label2\" content=\"Tahmini okuma s\u00fcresi\" \/>\n\t<meta name=\"twitter:data2\" content=\"3 dakika\" \/>\n<script type=\"application\/ld+json\" class=\"yoast-schema-graph\">{\"@context\":\"https:\/\/schema.org\",\"@graph\":[{\"@type\":\"Article\",\"@id\":\"https:\/\/epochtimestr.com\/index.php\/uskudar-belediye-baskani-sinem-dedetas-gozaltina-alindi#article\",\"isPartOf\":{\"@id\":\"https:\/\/epochtimestr.com\/index.php\/uskudar-belediye-baskani-sinem-dedetas-gozaltina-alindi\"},\"author\":{\"name\":\"Haber Merkezi\",\"@id\":\"https:\/\/epochtimestr.com\/#\/schema\/person\/3dc5c3adeb9f43923c5aa85889172fdd\"},\"headline\":\"\u00dcsk\u00fcdar Belediye Ba\u015fkan\u0131 Sinem Dedeta\u015f G\u00f6zalt\u0131na Al\u0131nd\u0131\",\"datePublished\":\"2026-07-29T12:57:55+00:00\",\"dateModified\":\"2026-07-29T12:57:57+00:00\",\"mainEntityOfPage\":{\"@id\":\"https:\/\/epochtimestr.com\/index.php\/uskudar-belediye-baskani-sinem-dedetas-gozaltina-alindi\"},\"wordCount\":496,\"commentCount\":0,\"publisher\":{\"@id\":\"https:\/\/epochtimestr.com\/#organization\"},\"image\":{\"@id\":\"https:\/\/epochtimestr.com\/index.php\/uskudar-belediye-baskani-sinem-dedetas-gozaltina-alindi#primaryimage\"},\"thumbnailUrl\":\"https:\/\/epochtimestr.com\/wp-content\/uploads\/2011y\/uskudar-belediyesi-web.webp\",\"keywords\":[\"g\u00f6zalt\u0131\",\"istanbul cumhuriyet ba\u015fsavc\u0131l\u0131\u011f\u0131\",\"Sinem Dedeta\u015f\",\"\u00dcsk\u00fcdar Belediyesi\"],\"articleSection\":[\"G\u00dcNDEM\",\"MAN\u015eET\",\"Siyaset\"],\"inLanguage\":\"tr\",\"potentialAction\":[{\"@type\":\"CommentAction\",\"name\":\"Comment\",\"target\":[\"https:\/\/epochtimestr.com\/index.php\/uskudar-belediye-baskani-sinem-dedetas-gozaltina-alindi#respond\"]}]},{\"@type\":\"WebPage\",\"@id\":\"https:\/\/epochtimestr.com\/index.php\/uskudar-belediye-baskani-sinem-dedetas-gozaltina-alindi\",\"url\":\"https:\/\/epochtimestr.com\/index.php\/uskudar-belediye-baskani-sinem-dedetas-gozaltina-alindi\",\"name\":\"\u00dcsk\u00fcdar Belediye Ba\u015fkan\u0131 Sinem Dedeta\u015f G\u00f6zalt\u0131na Al\u0131nd\u0131 - The Epoch Times TR\",\"isPartOf\":{\"@id\":\"https:\/\/epochtimestr.com\/#website\"},\"primaryImageOfPage\":{\"@id\":\"https:\/\/epochtimestr.com\/index.php\/uskudar-belediye-baskani-sinem-dedetas-gozaltina-alindi#primaryimage\"},\"image\":{\"@id\":\"https:\/\/epochtimestr.com\/index.php\/uskudar-belediye-baskani-sinem-dedetas-gozaltina-alindi#primaryimage\"},\"thumbnailUrl\":\"https:\/\/epochtimestr.com\/wp-content\/uploads\/2011y\/uskudar-belediyesi-web.webp\",\"datePublished\":\"2026-07-29T12:57:55+00:00\",\"dateModified\":\"2026-07-29T12:57:57+00:00\",\"description\":\"\u00dcsk\u00fcdar Belediye Ba\u015fkan\u0131 Sinem Dedeta\u015f \\\"r\u00fc\u015fvet ve irtikap\\\" su\u00e7lamas\u0131yla y\u00fcr\u00fct\u00fclen soru\u015fturma kapsam\u0131nda g\u00f6zalt\u0131na al\u0131nd\u0131.\",\"inLanguage\":\"tr\",\"potentialAction\":[{\"@type\":\"ReadAction\",\"target\":[\"https:\/\/epochtimestr.com\/index.php\/uskudar-belediye-baskani-sinem-dedetas-gozaltina-alindi\"]}]},{\"@type\":\"ImageObject\",\"inLanguage\":\"tr\",\"@id\":\"https:\/\/epochtimestr.com\/index.php\/uskudar-belediye-baskani-sinem-dedetas-gozaltina-alindi#primaryimage\",\"url\":\"https:\/\/epochtimestr.com\/wp-content\/uploads\/2011y\/uskudar-belediyesi-web.webp\",\"contentUrl\":\"https:\/\/epochtimestr.com\/wp-content\/uploads\/2011y\/uskudar-belediyesi-web.webp\",\"width\":1044,\"height\":587},{\"@type\":\"WebSite\",\"@id\":\"https:\/\/epochtimestr.com\/#website\",\"url\":\"https:\/\/epochtimestr.com\/\",\"name\":\"The Epoch Times TR\",\"description\":\"De\u011fi\u015fen D\u00fcnyam\u0131za Taze Bir Bak\u0131\u015f\",\"publisher\":{\"@id\":\"https:\/\/epochtimestr.com\/#organization\"},\"potentialAction\":[{\"@type\":\"SearchAction\",\"target\":{\"@type\":\"EntryPoint\",\"urlTemplate\":\"https:\/\/epochtimestr.com\/?s={search_term_string}\"},\"query-input\":\"required name=search_term_string\"}],\"inLanguage\":\"tr\"},{\"@type\":\"Organization\",\"@id\":\"https:\/\/epochtimestr.com\/#organization\",\"name\":\"The EpochTimes T\u00fcrkiye\",\"url\":\"https:\/\/epochtimestr.com\/\",\"logo\":{\"@type\":\"ImageObject\",\"inLanguage\":\"tr\",\"@id\":\"https:\/\/epochtimestr.com\/#\/schema\/logo\/image\/\",\"url\":\"https:\/\/epochtimestr.com\/wp-content\/uploads\/2011y\/ET-Logo-YG.jpg\",\"contentUrl\":\"https:\/\/epochtimestr.com\/wp-content\/uploads\/2011y\/ET-Logo-YG.jpg\",\"width\":346,\"height\":29,\"caption\":\"The EpochTimes T\u00fcrkiye\"},\"image\":{\"@id\":\"https:\/\/epochtimestr.com\/#\/schema\/logo\/image\/\"},\"sameAs\":[\"https:\/\/www.facebook.com\/theepochtimestr\",\"https:\/\/x.com\/TheEpochTimesTR\",\"https:\/\/www.instagram.com\/epochtimestr\"]},{\"@type\":\"Person\",\"@id\":\"https:\/\/epochtimestr.com\/#\/schema\/person\/3dc5c3adeb9f43923c5aa85889172fdd\",\"name\":\"Haber Merkezi\",\"image\":{\"@type\":\"ImageObject\",\"inLanguage\":\"tr\",\"@id\":\"https:\/\/epochtimestr.com\/#\/schema\/person\/image\/\",\"url\":\"https:\/\/secure.gravatar.com\/avatar\/d73f772ba5a74f28601361e17c2f93e6?s=96&d=mm&r=g\",\"contentUrl\":\"https:\/\/secure.gravatar.com\/avatar\/d73f772ba5a74f28601361e17c2f93e6?s=96&d=mm&r=g\",\"caption\":\"Haber Merkezi\"},\"url\":\"https:\/\/epochtimestr.com\/index.php\/author\/sendag\"}]}<\/script>\n<!-- \/ Yoast SEO plugin. -->","yoast_head_json":{"title":"\u00dcsk\u00fcdar Belediye Ba\u015fkan\u0131 Sinem Dedeta\u015f G\u00f6zalt\u0131na Al\u0131nd\u0131 - The Epoch Times TR","description":"\u00dcsk\u00fcdar Belediye Ba\u015fkan\u0131 Sinem Dedeta\u015f \"r\u00fc\u015fvet ve irtikap\" su\u00e7lamas\u0131yla y\u00fcr\u00fct\u00fclen soru\u015fturma kapsam\u0131nda g\u00f6zalt\u0131na al\u0131nd\u0131.","robots":{"index":"index","follow":"follow","max-snippet":"max-snippet:-1","max-image-preview":"max-image-preview:large","max-video-preview":"max-video-preview:-1"},"canonical":"https:\/\/epochtimestr.com\/index.php\/uskudar-belediye-baskani-sinem-dedetas-gozaltina-alindi","og_locale":"tr_TR","og_type":"article","og_title":"\u00dcsk\u00fcdar Belediye Ba\u015fkan\u0131 Sinem Dedeta\u015f G\u00f6zalt\u0131na Al\u0131nd\u0131 - The Epoch Times TR","og_description":"\u00dcsk\u00fcdar Belediye Ba\u015fkan\u0131 Sinem Dedeta\u015f \"r\u00fc\u015fvet ve irtikap\" su\u00e7lamas\u0131yla y\u00fcr\u00fct\u00fclen soru\u015fturma kapsam\u0131nda g\u00f6zalt\u0131na al\u0131nd\u0131.","og_url":"https:\/\/epochtimestr.com\/index.php\/uskudar-belediye-baskani-sinem-dedetas-gozaltina-alindi","og_site_name":"The Epoch Times TR","article_publisher":"https:\/\/www.facebook.com\/theepochtimestr","article_published_time":"2026-07-29T12:57:55+00:00","article_modified_time":"2026-07-29T12:57:57+00:00","og_image":[{"width":1044,"height":587,"url":"https:\/\/epochtimestr.com\/wp-content\/uploads\/2011y\/uskudar-belediyesi-web.webp","type":"image\/webp"}],"author":"Haber Merkezi","twitter_card":"summary_large_image","twitter_creator":"@TheEpochTimesTR","twitter_site":"@TheEpochTimesTR","twitter_misc":{"Yazan:":"Haber Merkezi","Tahmini okuma s\u00fcresi":"3 dakika"},"schema":{"@context":"https:\/\/schema.org","@graph":[{"@type":"Article","@id":"https:\/\/epochtimestr.com\/index.php\/uskudar-belediye-baskani-sinem-dedetas-gozaltina-alindi#article","isPartOf":{"@id":"https:\/\/epochtimestr.com\/index.php\/uskudar-belediye-baskani-sinem-dedetas-gozaltina-alindi"},"author":{"name":"Haber Merkezi","@id":"https:\/\/epochtimestr.com\/#\/schema\/person\/3dc5c3adeb9f43923c5aa85889172fdd"},"headline":"\u00dcsk\u00fcdar Belediye Ba\u015fkan\u0131 Sinem Dedeta\u015f G\u00f6zalt\u0131na Al\u0131nd\u0131","datePublished":"2026-07-29T12:57:55+00:00","dateModified":"2026-07-29T12:57:57+00:00","mainEntityOfPage":{"@id":"https:\/\/epochtimestr.com\/index.php\/uskudar-belediye-baskani-sinem-dedetas-gozaltina-alindi"},"wordCount":496,"commentCount":0,"publisher":{"@id":"https:\/\/epochtimestr.com\/#organization"},"image":{"@id":"https:\/\/epochtimestr.com\/index.php\/uskudar-belediye-baskani-sinem-dedetas-gozaltina-alindi#primaryimage"},"thumbnailUrl":"https:\/\/epochtimestr.com\/wp-content\/uploads\/2011y\/uskudar-belediyesi-web.webp","keywords":["g\u00f6zalt\u0131","istanbul cumhuriyet ba\u015fsavc\u0131l\u0131\u011f\u0131","Sinem Dedeta\u015f","\u00dcsk\u00fcdar Belediyesi"],"articleSection":["G\u00dcNDEM","MAN\u015eET","Siyaset"],"inLanguage":"tr","potentialAction":[{"@type":"CommentAction","name":"Comment","target":["https:\/\/epochtimestr.com\/index.php\/uskudar-belediye-baskani-sinem-dedetas-gozaltina-alindi#respond"]}]},{"@type":"WebPage","@id":"https:\/\/epochtimestr.com\/index.php\/uskudar-belediye-baskani-sinem-dedetas-gozaltina-alindi","url":"https:\/\/epochtimestr.com\/index.php\/uskudar-belediye-baskani-sinem-dedetas-gozaltina-alindi","name":"\u00dcsk\u00fcdar Belediye Ba\u015fkan\u0131 Sinem Dedeta\u015f G\u00f6zalt\u0131na Al\u0131nd\u0131 - The Epoch Times TR","isPartOf":{"@id":"https:\/\/epochtimestr.com\/#website"},"primaryImageOfPage":{"@id":"https:\/\/epochtimestr.com\/index.php\/uskudar-belediye-baskani-sinem-dedetas-gozaltina-alindi#primaryimage"},"image":{"@id":"https:\/\/epochtimestr.com\/index.php\/uskudar-belediye-baskani-sinem-dedetas-gozaltina-alindi#primaryimage"},"thumbnailUrl":"https:\/\/epochtimestr.com\/wp-content\/uploads\/2011y\/uskudar-belediyesi-web.webp","datePublished":"2026-07-29T12:57:55+00:00","dateModified":"2026-07-29T12:57:57+00:00","description":"\u00dcsk\u00fcdar Belediye Ba\u015fkan\u0131 Sinem Dedeta\u015f \"r\u00fc\u015fvet ve irtikap\" su\u00e7lamas\u0131yla y\u00fcr\u00fct\u00fclen soru\u015fturma kapsam\u0131nda g\u00f6zalt\u0131na al\u0131nd\u0131.","inLanguage":"tr","potentialAction":[{"@type":"ReadAction","target":["https:\/\/epochtimestr.com\/index.php\/uskudar-belediye-baskani-sinem-dedetas-gozaltina-alindi"]}]},{"@type":"ImageObject","inLanguage":"tr","@id":"https:\/\/epochtimestr.com\/index.php\/uskudar-belediye-baskani-sinem-dedetas-gozaltina-alindi#primaryimage","url":"https:\/\/epochtimestr.com\/wp-content\/uploads\/2011y\/uskudar-belediyesi-web.webp","contentUrl":"https:\/\/epochtimestr.com\/wp-content\/uploads\/2011y\/uskudar-belediyesi-web.webp","width":1044,"height":587},{"@type":"WebSite","@id":"https:\/\/epochtimestr.com\/#website","url":"https:\/\/epochtimestr.com\/","name":"The Epoch Times TR","description":"De\u011fi\u015fen D\u00fcnyam\u0131za Taze Bir Bak\u0131\u015f","publisher":{"@id":"https:\/\/epochtimestr.com\/#organization"},"potentialAction":[{"@type":"SearchAction","target":{"@type":"EntryPoint","urlTemplate":"https:\/\/epochtimestr.com\/?s={search_term_string}"},"query-input":"required name=search_term_string"}],"inLanguage":"tr"},{"@type":"Organization","@id":"https:\/\/epochtimestr.com\/#organization","name":"The EpochTimes T\u00fcrkiye","url":"https:\/\/epochtimestr.com\/","logo":{"@type":"ImageObject","inLanguage":"tr","@id":"https:\/\/epochtimestr.com\/#\/schema\/logo\/image\/","url":"https:\/\/epochtimestr.com\/wp-content\/uploads\/2011y\/ET-Logo-YG.jpg","contentUrl":"https:\/\/epochtimestr.com\/wp-content\/uploads\/2011y\/ET-Logo-YG.jpg","width":346,"height":29,"caption":"The EpochTimes T\u00fcrkiye"},"image":{"@id":"https:\/\/epochtimestr.com\/#\/schema\/logo\/image\/"},"sameAs":["https:\/\/www.facebook.com\/theepochtimestr","https:\/\/x.com\/TheEpochTimesTR","https:\/\/www.instagram.com\/epochtimestr"]},{"@type":"Person","@id":"https:\/\/epochtimestr.com\/#\/schema\/person\/3dc5c3adeb9f43923c5aa85889172fdd","name":"Haber Merkezi","image":{"@type":"ImageObject","inLanguage":"tr","@id":"https:\/\/epochtimestr.com\/#\/schema\/person\/image\/","url":"https:\/\/secure.gravatar.com\/avatar\/d73f772ba5a74f28601361e17c2f93e6?s=96&d=mm&r=g","contentUrl":"https:\/\/secure.gravatar.com\/avatar\/d73f772ba5a74f28601361e17c2f93e6?s=96&d=mm&r=g","caption":"Haber Merkezi"},"url":"https:\/\/epochtimestr.com\/index.php\/author\/sendag"}]}},"_links":{"self":[{"href":"https:\/\/epochtimestr.com\/index.php\/wp-json\/wp\/v2\/posts\/169392"}],"collection":[{"href":"https:\/\/epochtimestr.com\/index.php\/wp-json\/wp\/v2\/posts"}],"about":[{"href":"https:\/\/epochtimestr.com\/index.php\/wp-json\/wp\/v2\/types\/post"}],"author":[{"embeddable":true,"href":"https:\/\/epochtimestr.com\/index.php\/wp-json\/wp\/v2\/users\/12791"}],"replies":[{"embeddable":true,"href":"https:\/\/epochtimestr.com\/index.php\/wp-json\/wp\/v2\/comments?post=169392"}],"version-history":[{"count":2,"href":"https:\/\/epochtimestr.com\/index.php\/wp-json\/wp\/v2\/posts\/169392\/revisions"}],"predecessor-version":[{"id":169398,"href":"https:\/\/epochtimestr.com\/index.php\/wp-json\/wp\/v2\/posts\/169392\/revisions\/169398"}],"wp:featuredmedia":[{"embeddable":true,"href":"https:\/\/epochtimestr.com\/index.php\/wp-json\/wp\/v2\/media\/169393"}],"wp:attachment":[{"href":"https:\/\/epochtimestr.com\/index.php\/wp-json\/wp\/v2\/media?parent=169392"}],"wp:term":[{"taxonomy":"category","embeddable":true,"href":"https:\/\/epochtimestr.com\/index.php\/wp-json\/wp\/v2\/categories?post=169392"},{"taxonomy":"post_tag","embeddable":true,"href":"https:\/\/epochtimestr.com\/index.php\/wp-json\/wp\/v2\/tags?post=169392"}],"curies":[{"name":"wp","href":"https:\/\/api.w.org\/{rel}","templated":true}]}}