{"id":169399,"date":"2026-07-29T17:27:34","date_gmt":"2026-07-29T14:27:34","guid":{"rendered":"https:\/\/epochtimestr.com\/?p=169399"},"modified":"2026-07-29T17:27:36","modified_gmt":"2026-07-29T14:27:36","slug":"gunaydin-200un-uzerinde-belediye-baskani-chpden-istifa-etti","status":"publish","type":"post","link":"https:\/\/epochtimestr.com\/index.php\/gunaydin-200un-uzerinde-belediye-baskani-chpden-istifa-etti","title":{"rendered":"G\u00fcnayd\u0131n: 200&#8217;\u00fcn \u00dczerinde Belediye Ba\u015fkan\u0131 CHP&#8217;den \u0130stifa Etti"},"content":{"rendered":"<div class=\"wp-block-image\">\n<figure class=\"aligncenter size-full\"><img loading=\"lazy\" decoding=\"async\" width=\"1280\" height=\"720\" src=\"https:\/\/epochtimestr.com\/wp-content\/uploads\/2011y\/gunaydin-1.webp\" alt=\"\" class=\"wp-image-169400\" srcset=\"https:\/\/epochtimestr.com\/wp-content\/uploads\/2011y\/gunaydin-1.webp 1280w, https:\/\/epochtimestr.com\/wp-content\/uploads\/2011y\/gunaydin-1-300x169.webp 300w, https:\/\/epochtimestr.com\/wp-content\/uploads\/2011y\/gunaydin-1-150x84.webp 150w, https:\/\/epochtimestr.com\/wp-content\/uploads\/2011y\/gunaydin-1-768x432.webp 768w\" sizes=\"(max-width: 1280px) 100vw, 1280px\" \/><figcaption class=\"wp-element-caption\">G\u00f6khan G\u00fcnayd\u0131n, 200&#8217;\u00fcn \u00fczerinde Belediye Ba\u015fkan\u0131n\u0131n CHP&#8217;den istifa etti\u011fini a\u00e7\u0131klad\u0131. (Foto\u011fraf: YEN\u0130 Parti x hesab\u0131)<\/figcaption><\/figure><\/div>\n\n\n<h2 class=\"wp-block-heading\">YEN\u0130 Parti Grup Ba\u015fkanvekili G\u00f6khan G\u00fcnayd\u0131n, partilerine kat\u0131lmak isteyen 200&#8217;\u00fcn \u00fczerinde belediye ba\u015fkan\u0131n\u0131n istifa etti\u011fini a\u00e7\u0131klad\u0131.<\/h2>\n\n\n\n<p><a href=\"https:\/\/epochtimestr.com\/index.php\/yeni-partiye-grup-toplantisi-icin-buyuk-salon-tahsis-edildi\" target=\"_blank\" rel=\"noreferrer noopener\">YEN\u0130 Parti<\/a> Grup Ba\u015fkanvekili <a href=\"https:\/\/epochtimestr.com\/index.php\/gokhan-gunaydin-chp-grup-baskanvekili-gorevine-iade-edildi\" target=\"_blank\" rel=\"noreferrer noopener\">G\u00f6khan G\u00fcnayd\u0131n<\/a>, partinin kurulu\u015funun ard\u0131ndan 29 Temmuz itibar\u0131yla 200\u2019\u00fcn \u00fczerinde belediye ba\u015fkan\u0131n\u0131n YEN\u0130 Parti&#8217;ye kat\u0131lmak i\u00e7in istifa etti\u011fini a\u00e7\u0131klad\u0131. G\u00fcnayd\u0131n, Meclis&#8217;te d\u00fczenledi\u011fi bas\u0131n toplant\u0131s\u0131nda g\u00fcndeme ve partisinin kurulu\u015f s\u00fcrecine ili\u015fkin de\u011ferlendirmelerde bulundu. CHP&#8217;nin toplam belediye ba\u015fkan\u0131 say\u0131s\u0131n\u0131n 375 oldu\u011funu belirtti.<\/p>\n\n\n\n<p><strong>TBMM&#8217;de g\u00fcndeme ili\u015fkin a\u00e7\u0131klamalarda bulundu<\/strong><\/p>\n\n\n\n<p>G\u00fcnayd\u0131n, \u0130zmir B\u00fcy\u00fck\u015fehir Belediye Ba\u015fkan\u0131 Cemil Tugay&#8217;\u0131n AK Parti&#8217;ye kat\u0131laca\u011f\u0131 iddialar\u0131na ili\u015fkin &#8220;\u0130zmir halk\u0131n\u0131n tavr\u0131, tutumu da belli. &#8216;O tutum beni ilgilendirmez, ben istedi\u011fim gibi davran\u0131r\u0131m&#8217; diyenler de halktan gerekli reaksiyonu er ge\u00e7 g\u00f6r\u00fcrler. Biz \u0130zmir B\u00fcy\u00fck\u015fehir Belediye Ba\u015fkan\u0131&#8217;n\u0131n \u0130zmir halk\u0131n\u0131n taleplerine uygun bir davran\u0131\u015f i\u00e7erisinde olmas\u0131n\u0131 kendisinden bekleriz. Ki\u015fisel bir ileti\u015fim olmam\u0131\u015ft\u0131r&#8221; dedi.<br \/><strong>&#8220;Bu hafta i\u00e7erisinde b\u00fct\u00fcn bu paneller a\u00e7\u0131lm\u0131\u015f olacak<\/strong>.&#8221;<\/p>\n\n\n\n<p>&#8220;Bu hafta i\u00e7erisinde b\u00fct\u00fcn bu paneller a\u00e7\u0131lm\u0131\u015f olacak ve belediye ba\u015fkanlar\u0131m\u0131z\u0131n da kahir ekseriyetinin bizim &#8216;Daha temkinli olman\u0131zda bir sak\u0131nca yok&#8217; dememize ra\u011fmen YEN\u0130 Parti&#8217;ye \u00fcye olmak i\u00e7in b\u00fcy\u00fck bir haz\u0131rl\u0131k ve adeta acele i\u00e7erisinde oldu\u011funu g\u00f6rmekten de b\u00fcy\u00fck memnuniyet duydu\u011fumuzu ifade edelim.&#8221;<\/p>\n\n\n\n<h3 class=\"wp-block-heading\">&#8220;Sinem Dedeta\u015f&#8217;\u0131n g\u00f6zalt\u0131na al\u0131n\u0131p belediyeye operasyon yap\u0131lmas\u0131&#8221;<\/h3>\n\n\n\n<p>\u00dcsk\u00fcdar Belediye Ba\u015fkan\u0131 Sinem Dedeta\u015f&#8217;\u0131n <a href=\"https:\/\/epochtimestr.com\/index.php\/uskudar-belediye-baskani-sinem-dedetas-gozaltina-alindi\" target=\"_blank\" rel=\"noreferrer noopener\">g\u00f6zalt\u0131na al\u0131n\u0131p<\/a> belediyeye operasyon yap\u0131lmas\u0131na tepki g\u00f6steren G\u00fcnayd\u0131n, &#8220;(\u0130stanbul&#8217;da) 39 il\u00e7e belediyesinden 26&#8217;s\u0131n\u0131 kazanm\u0131\u015ft\u0131k. AKP&#8217;nin yaln\u0131zca 13 belediyesi kalm\u0131\u015ft\u0131. B\u00fcy\u00fck\u015fehir dahil olmak \u00fczere 16&#8217;s\u0131na operasyon yap\u0131lm\u0131\u015f. AKP&#8217;nin y\u00f6netti\u011fi 13 belediyeden birine operasyon yok. Ne yapmaya \u00e7al\u0131\u015ft\u0131\u011f\u0131n\u0131z\u0131n fark\u0131nday\u0131z&#8221; dedi.<\/p>\n\n\n\n<p>T\u00fcrkiye genelindeyse CHP&#8217;li belediyelere 41 operasyon yap\u0131ld\u0131\u011f\u0131n\u0131, toplam 28 belediye ba\u015fkan\u0131n\u0131n tutukland\u0131\u011f\u0131n\u0131 ifade etti.<\/p>\n\n\n\n<p>AKP&#8217;den son se\u00e7imin ard\u0131ndan 79 belediye ba\u015fkan\u0131n\u0131 transfer etti\u011fini s\u00f6yleyen G\u00fcnayd\u0131n, &#8220;Yeniden Refah&#8217;tan 33 belediye ba\u015fkan\u0131, CHP&#8217;den 25, \u0130Y\u0130 Parti&#8217;den 8, ba\u011f\u0131ms\u0131zlardan 8, DEVA Partisi&#8217;nden 2, Saadet Partisi&#8217;nden 1, Demokrat Parti&#8217;den 2 belediye ba\u015fkan\u0131. \u0130cbar edip zorlam\u0131\u015f ve en sonunda ba\u015farm\u0131\u015fs\u0131n\u0131z&#8221; diye konu\u015ftu.<\/p>\n\n\n\n<p><strong>&#8220;\u00d6rg\u00fctlenme bu hafta i\u00e7erisinde biter mi?&#8221; soru \u00fczerine G\u00fcnayd\u0131n, \u015fu ifadeleri kulland\u0131:<\/strong><\/p>\n\n\n\n<p>&#8220;1 hafta i\u00e7erisinde 81 ilin bitmesi s\u00f6z konusu de\u011fil. Daha h\u0131zl\u0131 davranaca\u011f\u0131m\u0131z iller var, daha dikkatli ve kapsaml\u0131 \u00e7al\u0131\u015fmalar y\u00fcr\u00fctece\u011fimiz iller var. Dolay\u0131s\u0131yla yaz aylar\u0131 \u00f6rg\u00fctlenmenin her safhada devam edece\u011fi bir zaman dilimi olacakt\u0131r.&#8221;<\/p>\n\n\n\n<figure class=\"wp-block-embed is-type-rich is-provider-x wp-block-embed-x\"><div class=\"wp-block-embed__wrapper\">\n<blockquote class=\"twitter-tweet\" data-width=\"550\" data-dnt=\"true\"><p lang=\"tr\" dir=\"ltr\">Grup Ba\u015fkanvekilimiz G\u00f6khan G\u00fcnayd\u0131n, TBMM&#39;de bas\u0131n toplant\u0131s\u0131 yap\u0131yor <a href=\"https:\/\/t.co\/c3J5ZgXpwy\">https:\/\/t.co\/c3J5ZgXpwy<\/a><\/p>&mdash; YEN\u0130 Parti (@yenipartiyiz) <a href=\"https:\/\/x.com\/yenipartiyiz\/status\/2082413957751640446?ref_src=twsrc%5Etfw\">July 29, 2026<\/a><\/blockquote><script async src=\"https:\/\/platform.x.com\/widgets.js\" charset=\"utf-8\"><\/script>\n<\/div><\/figure>\n","protected":false},"excerpt":{"rendered":"<p>YEN\u0130 Parti Grup Ba\u015fkanvekili G\u00f6khan G\u00fcnayd\u0131n, partilerine kat\u0131lmak isteyen 200&#8217;\u00fcn \u00fczerinde belediye ba\u015fkan\u0131n\u0131n istifa etti\u011fini a\u00e7\u0131klad\u0131. YEN\u0130 Parti Grup Ba\u015fkanvekili G\u00f6khan G\u00fcnayd\u0131n, partinin kurulu\u015funun ard\u0131ndan 29 Temmuz itibar\u0131yla 200\u2019\u00fcn \u00fczerinde belediye ba\u015fkan\u0131n\u0131n YEN\u0130 Parti&#8217;ye kat\u0131lmak i\u00e7in istifa etti\u011fini a\u00e7\u0131klad\u0131. G\u00fcnayd\u0131n, Meclis&#8217;te d\u00fczenledi\u011fi bas\u0131n toplant\u0131s\u0131nda g\u00fcndeme ve partisinin kurulu\u015f s\u00fcrecine ili\u015fkin de\u011ferlendirmelerde bulundu. CHP&#8217;nin toplam belediye [&hellip;]<\/p>\n","protected":false},"author":12791,"featured_media":169400,"comment_status":"open","ping_status":"open","sticky":false,"template":"","format":"standard","meta":{"_yoast_wpseo_focuskw":"g\u00fcnayd\u0131n","_yoast_wpseo_title":"","_yoast_wpseo_metadesc":"YEN\u0130 Parti Grup Ba\u015fkanvekili G\u00f6khan G\u00fcnayd\u0131n, partilerine kat\u0131lmak isteyen 200'\u00fcn \u00fczerinde belediye ba\u015fkan\u0131n\u0131n istifa etti\u011fini a\u00e7\u0131klad\u0131.","_bbp_topic_count":0,"_bbp_reply_count":0,"_bbp_total_topic_count":0,"_bbp_total_reply_count":0,"_bbp_voice_count":0,"_bbp_anonymous_reply_count":0,"_bbp_topic_count_hidden":0,"_bbp_reply_count_hidden":0,"_bbp_forum_subforum_count":0,"footnotes":"","_yoast_wpseo_focuskw_text_input":""},"categories":[1,8138,8226],"tags":[1933,11611,1200,11909],"yoast_head":"<!-- This site is optimized with the Yoast SEO plugin v23.0 - https:\/\/yoast.com\/wordpress\/plugins\/seo\/ -->\n<title>G\u00fcnayd\u0131n: 200&#039;\u00fcn \u00dczerinde Belediye Ba\u015fkan\u0131 CHP&#039;den \u0130stifa Etti - The Epoch Times TR<\/title>\n<meta name=\"description\" content=\"YEN\u0130 Parti Grup Ba\u015fkanvekili G\u00f6khan G\u00fcnayd\u0131n, partilerine kat\u0131lmak isteyen 200&#039;\u00fcn \u00fczerinde belediye ba\u015fkan\u0131n\u0131n istifa etti\u011fini a\u00e7\u0131klad\u0131.\" \/>\n<meta name=\"robots\" content=\"index, follow, max-snippet:-1, max-image-preview:large, max-video-preview:-1\" \/>\n<link rel=\"canonical\" href=\"https:\/\/epochtimestr.com\/index.php\/gunaydin-200un-uzerinde-belediye-baskani-chpden-istifa-etti\" \/>\n<meta property=\"og:locale\" content=\"tr_TR\" \/>\n<meta property=\"og:type\" content=\"article\" \/>\n<meta property=\"og:title\" content=\"G\u00fcnayd\u0131n: 200&#039;\u00fcn \u00dczerinde Belediye Ba\u015fkan\u0131 CHP&#039;den \u0130stifa Etti - The Epoch Times TR\" \/>\n<meta property=\"og:description\" content=\"YEN\u0130 Parti Grup Ba\u015fkanvekili G\u00f6khan G\u00fcnayd\u0131n, partilerine kat\u0131lmak isteyen 200&#039;\u00fcn \u00fczerinde belediye ba\u015fkan\u0131n\u0131n istifa etti\u011fini a\u00e7\u0131klad\u0131.\" \/>\n<meta property=\"og:url\" content=\"https:\/\/epochtimestr.com\/index.php\/gunaydin-200un-uzerinde-belediye-baskani-chpden-istifa-etti\" \/>\n<meta property=\"og:site_name\" content=\"The Epoch Times TR\" \/>\n<meta property=\"article:publisher\" content=\"https:\/\/www.facebook.com\/theepochtimestr\" \/>\n<meta property=\"article:published_time\" content=\"2026-07-29T14:27:34+00:00\" \/>\n<meta property=\"article:modified_time\" content=\"2026-07-29T14:27:36+00:00\" \/>\n<meta property=\"og:image\" content=\"https:\/\/epochtimestr.com\/wp-content\/uploads\/2011y\/gunaydin-1.webp\" \/>\n\t<meta property=\"og:image:width\" content=\"1280\" \/>\n\t<meta property=\"og:image:height\" content=\"720\" \/>\n\t<meta property=\"og:image:type\" content=\"image\/webp\" \/>\n<meta name=\"author\" content=\"Haber Merkezi\" \/>\n<meta name=\"twitter:card\" content=\"summary_large_image\" \/>\n<meta name=\"twitter:creator\" content=\"@TheEpochTimesTR\" \/>\n<meta name=\"twitter:site\" content=\"@TheEpochTimesTR\" \/>\n<meta name=\"twitter:label1\" content=\"Yazan:\" \/>\n\t<meta name=\"twitter:data1\" content=\"Haber Merkezi\" \/>\n\t<meta name=\"twitter:label2\" content=\"Tahmini okuma s\u00fcresi\" \/>\n\t<meta name=\"twitter:data2\" content=\"3 dakika\" \/>\n<script type=\"application\/ld+json\" class=\"yoast-schema-graph\">{\"@context\":\"https:\/\/schema.org\",\"@graph\":[{\"@type\":\"Article\",\"@id\":\"https:\/\/epochtimestr.com\/index.php\/gunaydin-200un-uzerinde-belediye-baskani-chpden-istifa-etti#article\",\"isPartOf\":{\"@id\":\"https:\/\/epochtimestr.com\/index.php\/gunaydin-200un-uzerinde-belediye-baskani-chpden-istifa-etti\"},\"author\":{\"name\":\"Haber Merkezi\",\"@id\":\"https:\/\/epochtimestr.com\/#\/schema\/person\/3dc5c3adeb9f43923c5aa85889172fdd\"},\"headline\":\"G\u00fcnayd\u0131n: 200&#8217;\u00fcn \u00dczerinde Belediye Ba\u015fkan\u0131 CHP&#8217;den \u0130stifa Etti\",\"datePublished\":\"2026-07-29T14:27:34+00:00\",\"dateModified\":\"2026-07-29T14:27:36+00:00\",\"mainEntityOfPage\":{\"@id\":\"https:\/\/epochtimestr.com\/index.php\/gunaydin-200un-uzerinde-belediye-baskani-chpden-istifa-etti\"},\"wordCount\":531,\"commentCount\":0,\"publisher\":{\"@id\":\"https:\/\/epochtimestr.com\/#organization\"},\"image\":{\"@id\":\"https:\/\/epochtimestr.com\/index.php\/gunaydin-200un-uzerinde-belediye-baskani-chpden-istifa-etti#primaryimage\"},\"thumbnailUrl\":\"https:\/\/epochtimestr.com\/wp-content\/uploads\/2011y\/gunaydin-1.webp\",\"keywords\":[\"bas\u0131n toplant\u0131s\u0131\",\"G\u00f6khan G\u00fcnayd\u0131n\",\"tbmm\",\"YEN\u0130 Parti\"],\"articleSection\":[\"G\u00dcNDEM\",\"MAN\u015eET\",\"Siyaset\"],\"inLanguage\":\"tr\",\"potentialAction\":[{\"@type\":\"CommentAction\",\"name\":\"Comment\",\"target\":[\"https:\/\/epochtimestr.com\/index.php\/gunaydin-200un-uzerinde-belediye-baskani-chpden-istifa-etti#respond\"]}]},{\"@type\":\"WebPage\",\"@id\":\"https:\/\/epochtimestr.com\/index.php\/gunaydin-200un-uzerinde-belediye-baskani-chpden-istifa-etti\",\"url\":\"https:\/\/epochtimestr.com\/index.php\/gunaydin-200un-uzerinde-belediye-baskani-chpden-istifa-etti\",\"name\":\"G\u00fcnayd\u0131n: 200'\u00fcn \u00dczerinde Belediye Ba\u015fkan\u0131 CHP'den \u0130stifa Etti - The Epoch Times TR\",\"isPartOf\":{\"@id\":\"https:\/\/epochtimestr.com\/#website\"},\"primaryImageOfPage\":{\"@id\":\"https:\/\/epochtimestr.com\/index.php\/gunaydin-200un-uzerinde-belediye-baskani-chpden-istifa-etti#primaryimage\"},\"image\":{\"@id\":\"https:\/\/epochtimestr.com\/index.php\/gunaydin-200un-uzerinde-belediye-baskani-chpden-istifa-etti#primaryimage\"},\"thumbnailUrl\":\"https:\/\/epochtimestr.com\/wp-content\/uploads\/2011y\/gunaydin-1.webp\",\"datePublished\":\"2026-07-29T14:27:34+00:00\",\"dateModified\":\"2026-07-29T14:27:36+00:00\",\"description\":\"YEN\u0130 Parti Grup Ba\u015fkanvekili G\u00f6khan G\u00fcnayd\u0131n, partilerine kat\u0131lmak isteyen 200'\u00fcn \u00fczerinde belediye ba\u015fkan\u0131n\u0131n istifa etti\u011fini a\u00e7\u0131klad\u0131.\",\"inLanguage\":\"tr\",\"potentialAction\":[{\"@type\":\"ReadAction\",\"target\":[\"https:\/\/epochtimestr.com\/index.php\/gunaydin-200un-uzerinde-belediye-baskani-chpden-istifa-etti\"]}]},{\"@type\":\"ImageObject\",\"inLanguage\":\"tr\",\"@id\":\"https:\/\/epochtimestr.com\/index.php\/gunaydin-200un-uzerinde-belediye-baskani-chpden-istifa-etti#primaryimage\",\"url\":\"https:\/\/epochtimestr.com\/wp-content\/uploads\/2011y\/gunaydin-1.webp\",\"contentUrl\":\"https:\/\/epochtimestr.com\/wp-content\/uploads\/2011y\/gunaydin-1.webp\",\"width\":1280,\"height\":720},{\"@type\":\"WebSite\",\"@id\":\"https:\/\/epochtimestr.com\/#website\",\"url\":\"https:\/\/epochtimestr.com\/\",\"name\":\"The Epoch Times TR\",\"description\":\"De\u011fi\u015fen D\u00fcnyam\u0131za Taze Bir Bak\u0131\u015f\",\"publisher\":{\"@id\":\"https:\/\/epochtimestr.com\/#organization\"},\"potentialAction\":[{\"@type\":\"SearchAction\",\"target\":{\"@type\":\"EntryPoint\",\"urlTemplate\":\"https:\/\/epochtimestr.com\/?s={search_term_string}\"},\"query-input\":\"required name=search_term_string\"}],\"inLanguage\":\"tr\"},{\"@type\":\"Organization\",\"@id\":\"https:\/\/epochtimestr.com\/#organization\",\"name\":\"The EpochTimes T\u00fcrkiye\",\"url\":\"https:\/\/epochtimestr.com\/\",\"logo\":{\"@type\":\"ImageObject\",\"inLanguage\":\"tr\",\"@id\":\"https:\/\/epochtimestr.com\/#\/schema\/logo\/image\/\",\"url\":\"https:\/\/epochtimestr.com\/wp-content\/uploads\/2011y\/ET-Logo-YG.jpg\",\"contentUrl\":\"https:\/\/epochtimestr.com\/wp-content\/uploads\/2011y\/ET-Logo-YG.jpg\",\"width\":346,\"height\":29,\"caption\":\"The EpochTimes T\u00fcrkiye\"},\"image\":{\"@id\":\"https:\/\/epochtimestr.com\/#\/schema\/logo\/image\/\"},\"sameAs\":[\"https:\/\/www.facebook.com\/theepochtimestr\",\"https:\/\/x.com\/TheEpochTimesTR\",\"https:\/\/www.instagram.com\/epochtimestr\"]},{\"@type\":\"Person\",\"@id\":\"https:\/\/epochtimestr.com\/#\/schema\/person\/3dc5c3adeb9f43923c5aa85889172fdd\",\"name\":\"Haber Merkezi\",\"image\":{\"@type\":\"ImageObject\",\"inLanguage\":\"tr\",\"@id\":\"https:\/\/epochtimestr.com\/#\/schema\/person\/image\/\",\"url\":\"https:\/\/secure.gravatar.com\/avatar\/d73f772ba5a74f28601361e17c2f93e6?s=96&d=mm&r=g\",\"contentUrl\":\"https:\/\/secure.gravatar.com\/avatar\/d73f772ba5a74f28601361e17c2f93e6?s=96&d=mm&r=g\",\"caption\":\"Haber Merkezi\"},\"url\":\"https:\/\/epochtimestr.com\/index.php\/author\/sendag\"}]}<\/script>\n<!-- \/ Yoast SEO plugin. -->","yoast_head_json":{"title":"G\u00fcnayd\u0131n: 200'\u00fcn \u00dczerinde Belediye Ba\u015fkan\u0131 CHP'den \u0130stifa Etti - The Epoch Times TR","description":"YEN\u0130 Parti Grup Ba\u015fkanvekili G\u00f6khan G\u00fcnayd\u0131n, partilerine kat\u0131lmak isteyen 200'\u00fcn \u00fczerinde belediye ba\u015fkan\u0131n\u0131n istifa etti\u011fini a\u00e7\u0131klad\u0131.","robots":{"index":"index","follow":"follow","max-snippet":"max-snippet:-1","max-image-preview":"max-image-preview:large","max-video-preview":"max-video-preview:-1"},"canonical":"https:\/\/epochtimestr.com\/index.php\/gunaydin-200un-uzerinde-belediye-baskani-chpden-istifa-etti","og_locale":"tr_TR","og_type":"article","og_title":"G\u00fcnayd\u0131n: 200'\u00fcn \u00dczerinde Belediye Ba\u015fkan\u0131 CHP'den \u0130stifa Etti - The Epoch Times TR","og_description":"YEN\u0130 Parti Grup Ba\u015fkanvekili G\u00f6khan G\u00fcnayd\u0131n, partilerine kat\u0131lmak isteyen 200'\u00fcn \u00fczerinde belediye ba\u015fkan\u0131n\u0131n istifa etti\u011fini a\u00e7\u0131klad\u0131.","og_url":"https:\/\/epochtimestr.com\/index.php\/gunaydin-200un-uzerinde-belediye-baskani-chpden-istifa-etti","og_site_name":"The Epoch Times TR","article_publisher":"https:\/\/www.facebook.com\/theepochtimestr","article_published_time":"2026-07-29T14:27:34+00:00","article_modified_time":"2026-07-29T14:27:36+00:00","og_image":[{"width":1280,"height":720,"url":"https:\/\/epochtimestr.com\/wp-content\/uploads\/2011y\/gunaydin-1.webp","type":"image\/webp"}],"author":"Haber Merkezi","twitter_card":"summary_large_image","twitter_creator":"@TheEpochTimesTR","twitter_site":"@TheEpochTimesTR","twitter_misc":{"Yazan:":"Haber Merkezi","Tahmini okuma s\u00fcresi":"3 dakika"},"schema":{"@context":"https:\/\/schema.org","@graph":[{"@type":"Article","@id":"https:\/\/epochtimestr.com\/index.php\/gunaydin-200un-uzerinde-belediye-baskani-chpden-istifa-etti#article","isPartOf":{"@id":"https:\/\/epochtimestr.com\/index.php\/gunaydin-200un-uzerinde-belediye-baskani-chpden-istifa-etti"},"author":{"name":"Haber Merkezi","@id":"https:\/\/epochtimestr.com\/#\/schema\/person\/3dc5c3adeb9f43923c5aa85889172fdd"},"headline":"G\u00fcnayd\u0131n: 200&#8217;\u00fcn \u00dczerinde Belediye Ba\u015fkan\u0131 CHP&#8217;den \u0130stifa Etti","datePublished":"2026-07-29T14:27:34+00:00","dateModified":"2026-07-29T14:27:36+00:00","mainEntityOfPage":{"@id":"https:\/\/epochtimestr.com\/index.php\/gunaydin-200un-uzerinde-belediye-baskani-chpden-istifa-etti"},"wordCount":531,"commentCount":0,"publisher":{"@id":"https:\/\/epochtimestr.com\/#organization"},"image":{"@id":"https:\/\/epochtimestr.com\/index.php\/gunaydin-200un-uzerinde-belediye-baskani-chpden-istifa-etti#primaryimage"},"thumbnailUrl":"https:\/\/epochtimestr.com\/wp-content\/uploads\/2011y\/gunaydin-1.webp","keywords":["bas\u0131n toplant\u0131s\u0131","G\u00f6khan G\u00fcnayd\u0131n","tbmm","YEN\u0130 Parti"],"articleSection":["G\u00dcNDEM","MAN\u015eET","Siyaset"],"inLanguage":"tr","potentialAction":[{"@type":"CommentAction","name":"Comment","target":["https:\/\/epochtimestr.com\/index.php\/gunaydin-200un-uzerinde-belediye-baskani-chpden-istifa-etti#respond"]}]},{"@type":"WebPage","@id":"https:\/\/epochtimestr.com\/index.php\/gunaydin-200un-uzerinde-belediye-baskani-chpden-istifa-etti","url":"https:\/\/epochtimestr.com\/index.php\/gunaydin-200un-uzerinde-belediye-baskani-chpden-istifa-etti","name":"G\u00fcnayd\u0131n: 200'\u00fcn \u00dczerinde Belediye Ba\u015fkan\u0131 CHP'den \u0130stifa Etti - The Epoch Times TR","isPartOf":{"@id":"https:\/\/epochtimestr.com\/#website"},"primaryImageOfPage":{"@id":"https:\/\/epochtimestr.com\/index.php\/gunaydin-200un-uzerinde-belediye-baskani-chpden-istifa-etti#primaryimage"},"image":{"@id":"https:\/\/epochtimestr.com\/index.php\/gunaydin-200un-uzerinde-belediye-baskani-chpden-istifa-etti#primaryimage"},"thumbnailUrl":"https:\/\/epochtimestr.com\/wp-content\/uploads\/2011y\/gunaydin-1.webp","datePublished":"2026-07-29T14:27:34+00:00","dateModified":"2026-07-29T14:27:36+00:00","description":"YEN\u0130 Parti Grup Ba\u015fkanvekili G\u00f6khan G\u00fcnayd\u0131n, partilerine kat\u0131lmak isteyen 200'\u00fcn \u00fczerinde belediye ba\u015fkan\u0131n\u0131n istifa etti\u011fini a\u00e7\u0131klad\u0131.","inLanguage":"tr","potentialAction":[{"@type":"ReadAction","target":["https:\/\/epochtimestr.com\/index.php\/gunaydin-200un-uzerinde-belediye-baskani-chpden-istifa-etti"]}]},{"@type":"ImageObject","inLanguage":"tr","@id":"https:\/\/epochtimestr.com\/index.php\/gunaydin-200un-uzerinde-belediye-baskani-chpden-istifa-etti#primaryimage","url":"https:\/\/epochtimestr.com\/wp-content\/uploads\/2011y\/gunaydin-1.webp","contentUrl":"https:\/\/epochtimestr.com\/wp-content\/uploads\/2011y\/gunaydin-1.webp","width":1280,"height":720},{"@type":"WebSite","@id":"https:\/\/epochtimestr.com\/#website","url":"https:\/\/epochtimestr.com\/","name":"The Epoch Times TR","description":"De\u011fi\u015fen D\u00fcnyam\u0131za Taze Bir Bak\u0131\u015f","publisher":{"@id":"https:\/\/epochtimestr.com\/#organization"},"potentialAction":[{"@type":"SearchAction","target":{"@type":"EntryPoint","urlTemplate":"https:\/\/epochtimestr.com\/?s={search_term_string}"},"query-input":"required name=search_term_string"}],"inLanguage":"tr"},{"@type":"Organization","@id":"https:\/\/epochtimestr.com\/#organization","name":"The EpochTimes T\u00fcrkiye","url":"https:\/\/epochtimestr.com\/","logo":{"@type":"ImageObject","inLanguage":"tr","@id":"https:\/\/epochtimestr.com\/#\/schema\/logo\/image\/","url":"https:\/\/epochtimestr.com\/wp-content\/uploads\/2011y\/ET-Logo-YG.jpg","contentUrl":"https:\/\/epochtimestr.com\/wp-content\/uploads\/2011y\/ET-Logo-YG.jpg","width":346,"height":29,"caption":"The EpochTimes T\u00fcrkiye"},"image":{"@id":"https:\/\/epochtimestr.com\/#\/schema\/logo\/image\/"},"sameAs":["https:\/\/www.facebook.com\/theepochtimestr","https:\/\/x.com\/TheEpochTimesTR","https:\/\/www.instagram.com\/epochtimestr"]},{"@type":"Person","@id":"https:\/\/epochtimestr.com\/#\/schema\/person\/3dc5c3adeb9f43923c5aa85889172fdd","name":"Haber Merkezi","image":{"@type":"ImageObject","inLanguage":"tr","@id":"https:\/\/epochtimestr.com\/#\/schema\/person\/image\/","url":"https:\/\/secure.gravatar.com\/avatar\/d73f772ba5a74f28601361e17c2f93e6?s=96&d=mm&r=g","contentUrl":"https:\/\/secure.gravatar.com\/avatar\/d73f772ba5a74f28601361e17c2f93e6?s=96&d=mm&r=g","caption":"Haber Merkezi"},"url":"https:\/\/epochtimestr.com\/index.php\/author\/sendag"}]}},"_links":{"self":[{"href":"https:\/\/epochtimestr.com\/index.php\/wp-json\/wp\/v2\/posts\/169399"}],"collection":[{"href":"https:\/\/epochtimestr.com\/index.php\/wp-json\/wp\/v2\/posts"}],"about":[{"href":"https:\/\/epochtimestr.com\/index.php\/wp-json\/wp\/v2\/types\/post"}],"author":[{"embeddable":true,"href":"https:\/\/epochtimestr.com\/index.php\/wp-json\/wp\/v2\/users\/12791"}],"replies":[{"embeddable":true,"href":"https:\/\/epochtimestr.com\/index.php\/wp-json\/wp\/v2\/comments?post=169399"}],"version-history":[{"count":3,"href":"https:\/\/epochtimestr.com\/index.php\/wp-json\/wp\/v2\/posts\/169399\/revisions"}],"predecessor-version":[{"id":169407,"href":"https:\/\/epochtimestr.com\/index.php\/wp-json\/wp\/v2\/posts\/169399\/revisions\/169407"}],"wp:featuredmedia":[{"embeddable":true,"href":"https:\/\/epochtimestr.com\/index.php\/wp-json\/wp\/v2\/media\/169400"}],"wp:attachment":[{"href":"https:\/\/epochtimestr.com\/index.php\/wp-json\/wp\/v2\/media?parent=169399"}],"wp:term":[{"taxonomy":"category","embeddable":true,"href":"https:\/\/epochtimestr.com\/index.php\/wp-json\/wp\/v2\/categories?post=169399"},{"taxonomy":"post_tag","embeddable":true,"href":"https:\/\/epochtimestr.com\/index.php\/wp-json\/wp\/v2\/tags?post=169399"}],"curies":[{"name":"wp","href":"https:\/\/api.w.org\/{rel}","templated":true}]}}