{"id":169410,"date":"2026-07-29T22:21:32","date_gmt":"2026-07-29T19:21:32","guid":{"rendered":"https:\/\/epochtimestr.com\/?p=169410"},"modified":"2026-07-29T22:21:34","modified_gmt":"2026-07-29T19:21:34","slug":"ahmet-davutoglu-siyaseti-biraktigini-acikladi","status":"publish","type":"post","link":"https:\/\/epochtimestr.com\/index.php\/ahmet-davutoglu-siyaseti-biraktigini-acikladi","title":{"rendered":"Ahmet Davuto\u011flu Siyaseti B\u0131rakt\u0131\u011f\u0131n\u0131 A\u00e7\u0131klad\u0131"},"content":{"rendered":"<div class=\"wp-block-image\">\n<figure class=\"aligncenter size-full is-resized\"><img loading=\"lazy\" decoding=\"async\" width=\"1536\" height=\"864\" src=\"https:\/\/epochtimestr.com\/wp-content\/uploads\/2011y\/davutoglu.webp\" alt=\"\" class=\"wp-image-169411\" style=\"width:841px;height:auto\" srcset=\"https:\/\/epochtimestr.com\/wp-content\/uploads\/2011y\/davutoglu.webp 1536w, https:\/\/epochtimestr.com\/wp-content\/uploads\/2011y\/davutoglu-300x169.webp 300w, https:\/\/epochtimestr.com\/wp-content\/uploads\/2011y\/davutoglu-150x84.webp 150w, https:\/\/epochtimestr.com\/wp-content\/uploads\/2011y\/davutoglu-768x432.webp 768w\" sizes=\"(max-width: 1536px) 100vw, 1536px\" \/><figcaption class=\"wp-element-caption\">Ahmet Davuto\u011flu siyaseti b\u0131rakt\u0131\u011f\u0131n\u0131 a\u00e7\u0131klad\u0131 ve Gelecek Partisini feshetti. (Foto\u011fraf: Gelecek Partisi web sitesi)<\/figcaption><\/figure><\/div>\n\n\n<h1 class=\"wp-block-heading\">Gelecek Partisi Genel Ba\u015fkan\u0131 Ahmet Davuto\u011flu, parti siyasetinden \u00e7ekildiklerini ve partisinin faaliyetini sonland\u0131rd\u0131klar\u0131n\u0131 duyurdu.<\/h1>\n\n\n\n<p><a href=\"https:\/\/epochtimestr.com\/index.php\/gelecek-partisi-mersin-il-baskani-karis-ak-partili-arkadaslarimiza-kapimiz-her-zaman-acik\" target=\"_blank\" rel=\"noreferrer noopener\">Gelecek Partisi <\/a>Genel Ba\u015fkan\u0131 Ahmet Davuto\u011flu yay\u0131mlad\u0131\u011f\u0131 &#8220;Yar\u0131n\u0131n T\u00fcrkiye&#8217;si \u0130\u00e7in&#8221; ba\u015fl\u0131kl\u0131 4 sayfal\u0131k yaz\u0131l\u0131 bildiriyle parti siyasetinden \u00e7ekildiklerini ve Gelecek Partisi&#8217;nin siyasi faaliyetlerini sonland\u0131rma karar\u0131 <a href=\"https:\/\/epochtimestr.com\/index.php\/ahmet-davutoglundan-bekir-bozdaga-kullanilmaktan-bikmadi\">ald\u0131klar\u0131n\u0131 duyurdu<\/a>.<\/p>\n\n\n\n<p>Sosyal medya hesab\u0131ndan kapsaml\u0131 bir a\u00e7\u0131klama yapan Davuto\u011flu, &#8220;\u0130nsanl\u0131k, k\u00f6kl\u00fc bir medeniyet k\u0131r\u0131lmas\u0131ndan ge\u00e7mektedir. \u0130nsan\u0131n varolu\u015funu anlamland\u0131ran d\u00fc\u015f\u00fcnce sistemleri sars\u0131lmakta; yapay zeka ve teknolojik d\u00f6n\u00fc\u015f\u00fcm, insan ile bilgi aras\u0131ndaki ili\u015fkiyi yeniden \u015fekillendirmektedir. Arka arkaya ya\u015fanan jeopolitik depremler, sava\u015flar ve soyk\u0131r\u0131mlar, derinle\u015fen ekonomik adaletsizlikler ve yeni-s\u00f6m\u00fcrgeci tahakk\u00fcm bi\u00e7imleri, \u0130kinci D\u00fcnya Sava\u015f\u0131 sonras\u0131nda kurulan uluslararas\u0131 d\u00fczenin ta\u015f\u0131y\u0131c\u0131 s\u00fctunlar\u0131n\u0131 yerinden oynatmaktad\u0131r. Bu k\u00fcresel alt\u00fcst olu\u015f yaln\u0131zca uluslararas\u0131 sistemi de\u011fil, b\u00f6lgesel dengeleri, ulusal kurumlar\u0131 ve toplumsal dokular\u0131 da derinden sarsmaktad\u0131r. T\u00fcrkiye, b\u00fct\u00fcn bu k\u0131r\u0131lmalar\u0131n kesi\u015fme noktas\u0131ndad\u0131r. Tarihin fay hatlar\u0131 \u00fczerinde bulunan \u00fclkemiz, ayn\u0131 anda hem son derece ciddi risklerle hem de b\u00fcy\u00fck bir stratejik s\u0131\u00e7rama imkan\u0131yla kar\u015f\u0131 kar\u015f\u0131yad\u0131r&#8221; ifadelerini kulland\u0131.<\/p>\n\n\n\n<p>T\u00fcrkiye\u2019nin ihtiya\u00e7 duydu\u011fu de\u011fi\u015fimin &#8220;kapsaml\u0131 bir ahlak, zihniyet, kurum ve siyaset devrimi&#8221; oldu\u011funu belirten Davuto\u011flu, T\u00fcrkiye&#8217;nin i\u00e7inde bulundu\u011fu duruma de\u011findi.<\/p>\n\n\n\n<p><strong>Davuto\u011flu&#8217;nun kamuoyuyla payla\u015ft\u0131\u011f\u0131 yaz\u0131l\u0131 a\u00e7\u0131klama \u015fu \u015fekilde:<\/strong><\/p>\n\n\n\n<p><strong>&#8220;\u00c7\u00f6l ikliminde g\u00fcl a\u011fac\u0131 yeti\u015femeyece\u011fi gibi \u00e7\u00fcr\u00fcyerek \u00e7\u00f6lle\u015fen siyaset alan\u0131nda da nitelikli ve ahlakl\u0131 siyaset adamlar\u0131 yeti\u015fmez&#8221;<\/strong><\/p>\n\n\n\n<p>&#8220;Bug\u00fcnk\u00fc tabloya bakt\u0131\u011f\u0131m\u0131zda, bu temel \u015fartlar\u0131n bir\u00e7o\u011funda a\u011f\u0131r bir gerileme ya\u015fand\u0131\u011f\u0131n\u0131 g\u00f6rmekteyiz.<\/p>\n\n\n\n<p>Siyasetin; geni\u015f ufuklu ideallerin, toplumsal sorumlulu\u011fun ve kamu hizmetinin alan\u0131 olmaktan \u00e7\u0131karak dar \u00e7\u0131karlar\u0131n, ki\u015fisel kariyer hesaplar\u0131n\u0131n ve makam pazarl\u0131klar\u0131n\u0131n alan\u0131na d\u00f6n\u00fc\u015fmesi, nitelikli ve ahlakl\u0131 insanlar\u0131n siyasetten uzak kalmas\u0131na veya siyasete girenlerin d\u0131\u015flanmas\u0131na yol a\u00e7maktad\u0131r. \u00c7\u00f6l ikliminde g\u00fcl a\u011fac\u0131 yeti\u015femeyece\u011fi gibi \u00e7\u00fcr\u00fcyerek \u00e7\u00f6lle\u015fen siyaset alan\u0131nda da nitelikli ve ahlakl\u0131 siyaset adamlar\u0131 yeti\u015fmez. Bug\u00fcn ya\u015fad\u0131\u011f\u0131m\u0131z tam da budur.<\/p>\n\n\n\n<h3 class=\"wp-block-heading\">&#8220;G\u00fcc\u00fcn tek elde toplanmas\u0131; Meclisin denetim yetkisinin zay\u0131flamas\u0131, yarg\u0131 ba\u011f\u0131ms\u0131zl\u0131\u011f\u0131n\u0131n tart\u0131\u015fmal\u0131 hale gelmesi devlet d\u00fczenini k\u0131r\u0131lgan hale getirir.&#8221;<\/h3>\n\n\n\n<p>Siyaset kirlenmekte, ahlakl\u0131 insanlar\u0131n siyasette kalmas\u0131n\u0131n maliyeti her ge\u00e7en g\u00fcn artmakta ve milletimizin gelece\u011fe ili\u015fkin karamsarl\u0131\u011f\u0131 derinle\u015fmektedir. Bu \u00e7er\u00e7evede, 2028 se\u00e7imlerine do\u011fru ilerlerken, milletimizin gelece\u011fi bak\u0131m\u0131ndan iki tehlikeli senaryo konusunda uyar\u0131da bulunmay\u0131 tarihi bir g\u00f6rev kabul ediyoruz. &#8216;Cumhurba\u015fkanl\u0131\u011f\u0131 H\u00fck\u00fcmet Sistemi&#8217; ile birlikte kuvvetler ayr\u0131l\u0131\u011f\u0131 ilkesinin zay\u0131flamas\u0131, denge ve denetim mekanizmalar\u0131n\u0131n t\u00fcm\u00fcyle ortadan kalkmas\u0131 ile g\u00fc\u00e7lenen otoriterle\u015fme e\u011filiminin h\u0131zlanmas\u0131 sonucunda zaten b\u00fcy\u00fck zaaf g\u00f6steren \u00e7o\u011fulcu demokratik hukuk d\u00fczeni yerini kal\u0131c\u0131 bir otoriter yap\u0131ya b\u0131rakabilir. Bu tehlike, herhangi bir cumhurba\u015fkan\u0131n\u0131n \u015fahs\u0131ndan ba\u011f\u0131ms\u0131zd\u0131r. Sorun, ki\u015fiden \u00f6te bir sistem sorunudur. \u00c7o\u011fulculu\u011fu de\u011fil, \u00e7o\u011funlu\u011fu \u00f6nceleyen bir sistemin T\u00fcrkiye\u2019yi ta\u015f\u0131ma kapasitesi ve ihtimali bulunmamaktad\u0131r. Bu \u00e7er\u00e7evede, ilk defa partimizce haz\u0131rlanarak kamuoyu ile payla\u015f\u0131lan \u201cG\u00fc\u00e7lendirilmi\u015f Parlamenter Sistem\u201de ge\u00e7i\u015f T\u00fcrkiye i\u00e7in bir tercih de\u011fil zorunluluktur. G\u00fcc\u00fcn tek elde toplanmas\u0131; Meclisin denetim yetkisinin zay\u0131flamas\u0131, yarg\u0131 ba\u011f\u0131ms\u0131zl\u0131\u011f\u0131n\u0131n tart\u0131\u015fmal\u0131 hale gelmesi ve b\u00fcrokrasinin kurumsal sorumluluk yerine ki\u015fisel sadakate g\u00f6re \u015fekillenmesi, devlet d\u00fczenini k\u0131r\u0131lgan hale getirir.<\/p>\n\n\n\n<h3 class=\"wp-block-heading\">&#8220;Ki\u015filere ba\u011fl\u0131, kurumsall\u0131ktan uzak ve ahlaki ilkelerden yoksun siyaset anlay\u0131\u015f\u0131yla yar\u0131n\u0131n T\u00fcrkiye\u2019si kurulamaz.&#8221;<\/h3>\n\n\n\n<p>Bu s\u00fcrecin en tehlikeli y\u00f6n\u00fc ise otoriter d\u00fczenin kal\u0131c\u0131l\u0131\u011f\u0131n\u0131n milli ve manevi de\u011ferler \u00fczerinden me\u015frula\u015ft\u0131r\u0131lmas\u0131d\u0131r. Milli ve manevi de\u011ferler hi\u00e7bir iktidar\u0131n s\u0131n\u0131rs\u0131z g\u00fcc\u00fcn\u00fc me\u015frula\u015ft\u0131rma arac\u0131 de\u011fildir. Aksine bu de\u011ferler, g\u00fcc\u00fc ahlak ve hukukla s\u0131n\u0131rlama sorumlulu\u011fu y\u00fckler.<\/p>\n\n\n\n<p>Yoksulla\u015fan, adalete g\u00fcvenini me\u015fru yoldan kaybeden ve \u00f6zellikle gen\u00e7 ku\u015faklar\u0131 gelecek \u00fcmidinden mahrum kalan bir toplumda biriken tepki, demokratik bir yenilenme kadar sert bir hesapla\u015fmay\u0131 da do\u011furabilir. B\u00f6yle bir iktidar de\u011fi\u015fikli\u011fi, ge\u00e7mi\u015fin yanl\u0131\u015flar\u0131n\u0131 d\u00fczeltmek yerine yeni ma\u011fduriyetler \u00fcretebilir; toplumsal fay hatlar\u0131n\u0131 harekete ge\u00e7irebilir ve \u00fclkeyi birbirini tasfiye etmeye \u00e7al\u0131\u015fan kamplara b\u00f6lebilir. Bu ba\u011flamda, \u00e7evremizde bir\u00e7ok \u00fclkede ya\u015fanan i\u00e7 gerilimlerden gerekli dersleri almak zorunday\u0131z.<\/p>\n\n\n\n<p>Bizim i\u00e7in siyaseti anlaml\u0131 k\u0131lan temel ilke, siyasi ahlakt\u0131r. AK Parti&#8217;de g\u00f6rev yapt\u0131\u011f\u0131m\u0131z d\u00f6nem dahil t\u00fcm siyasetimizin pusulas\u0131 ahlak, liyakat ve d\u00fcr\u00fcstl\u00fck olmu\u015ftur. Mensubu bulundu\u011fumuz eski partimizde \u00e7abalar\u0131m\u0131z sonu\u00e7 vermeyince, en az \u00fc\u00e7 neslin al\u0131n teri \u00fczerinde y\u00fckselen muhafazakar siyasi birikimin; yolsuzluklar, yasaklar ve yoksullukla an\u0131l\u0131r hale gelmesini \u00f6nlemek amac\u0131yla demokrat muhafazakar bir alternatif olu\u015fturmak i\u00e7in \u00e7al\u0131\u015ft\u0131k.&#8221;<\/p>\n\n\n\n<p><strong>Davuto\u011flu, \u015fu ifadelerle devam etti:<\/strong><\/p>\n\n\n\n<p>&#8220;Gelecek Partisi, g\u00fc\u00e7l\u00fc bir programla ve kurucu kadrosu a\u011f\u0131rl\u0131kl\u0131 olarak muhafazakar tabandan gelmi\u015f olmakla birlikte, T\u00fcrkiye\u2019nin toplumsal ve siyasal \u00e7e\u015fitlili\u011fini yans\u0131tan ve t\u00fcm kesimleri e\u015fit seviyede kucaklayan geni\u015f bir kadroyla yola \u00e7\u0131kt\u0131. Bu g\u00fc\u00e7l\u00fc \u00e7\u0131k\u0131\u015f dolay\u0131s\u0131yla kuruldu\u011fu andan itibaren siyasi bask\u0131larla, medya ambargolar\u0131yla ve kamuoyu alg\u0131s\u0131n\u0131 y\u00f6nlendirmeye d\u00f6n\u00fck manip\u00fclasyonlarla m\u00fccadele etti. Tutulan il binalar\u0131 m\u00fch\u00fcrlendi, te\u015fkilat mensuplar\u0131 ve yak\u0131nlar\u0131 i\u015flerini kaybetti, kurucu arkada\u015flar\u0131n kendileri ve evleri sald\u0131r\u0131lara maruz kald\u0131, organize trollerin sald\u0131r\u0131lar\u0131 ile etkisi k\u0131r\u0131lmaya \u00e7al\u0131\u015f\u0131ld\u0131. B\u00fct\u00fcn bu engellemelere ra\u011fmen sa\u011flam bir siyasi vizyon, sars\u0131lmayan bir siyasi irade ve duru\u015f ortaya koyduk. T\u00fcrkiye siyasi tarihinde bir ilki ve \u00f6zg\u00fcn bir \u00f6rne\u011fi te\u015fkil eden G\u00f6lge Kabinemizi kurduk. B\u00fct\u00fcn temel politika alanlar\u0131nda bug\u00fcn de ge\u00e7erlili\u011fini koruyan kapsaml\u0131 eylem planlar\u0131 haz\u0131rlad\u0131k. \u00dclkenin d\u00f6rt bir yan\u0131nda temiz, cesur ve fedakar insanlardan olu\u015fan te\u015fkilatlar olu\u015fturduk.<\/p>\n\n\n\n<h3 class=\"wp-block-heading\">&#8220;Parti fark\u0131 g\u00f6zetmeksizin yayg\u0131nla\u015fan siyasi ahlak erozyonu, milletvekili transferleri siyaset olu\u015fturma \u00e7abalar\u0131m\u0131z\u0131 zorla\u015ft\u0131rd\u0131.&#8221;<\/h3>\n\n\n\n<p>2023 se\u00e7imlerinden sonra alternatif muhafazakar siyasetin hem T\u00fcrkiye B\u00fcy\u00fck Millet Meclisi\u2019nde bir grup olarak temsil edilmesi hem de gelece\u011fe y\u00f6nelik g\u00fc\u00e7l\u00fc bir alternatif olu\u015fturmas\u0131 i\u00e7in parti ismimiz dahil her t\u00fcrl\u00fc fedakarl\u0131\u011f\u0131 yaparak ilk a\u015famada Saadet Partisi, daha sonra ise Yeni Yol Partisi ad\u0131 alt\u0131nda Meclis Grubu kurduk. Ba\u015ftan itibaren bu yeni grubun \u00f6ncelikle kendi i\u00e7inde daha sonra da di\u011fer muhafazakar partileri de kapsayacak \u015fekilde m\u00fcmk\u00fcnse birle\u015ferek tek parti olmas\u0131, m\u00fcmk\u00fcn de\u011filse organik bir ittifak kurmas\u0131 i\u00e7in \u00e7aba g\u00f6sterdik. Ancak bu \u00e7abalar\u0131m\u0131z da sonu\u00e7suz kald\u0131. \u00d6te yandan, parti fark\u0131 g\u00f6zetmeksizin yayg\u0131nla\u015fan siyasi ahlak erozyonu ve milletvekili transferleri, g\u00fc\u00e7l\u00fc bir alternatif siyaset olu\u015fturma \u00e7abalar\u0131m\u0131z\u0131 daha da zorla\u015ft\u0131rd\u0131 ve partilerimizin toplum nezdindeki g\u00fcc\u00fcn\u00fc sarst\u0131.<\/p>\n\n\n\n<p><strong>&#8220;Herkesin pe\u015finden ko\u015ftu\u011fu mevkileri arkam\u0131zda b\u0131rakt\u0131k; fakat arkam\u0131zda kul hakk\u0131 ve kamu hakk\u0131 b\u0131rakmad\u0131k&#8221;<\/strong><\/p>\n\n\n\n<p>Hi\u00e7bir makam talep etmedik. Hi\u00e7bir \u015fahsi pazarl\u0131\u011fa girmedik. Herkesin pe\u015finden ko\u015ftu\u011fu mevkileri arkam\u0131zda b\u0131rakt\u0131k; fakat arkam\u0131zda kul hakk\u0131 ve kamu hakk\u0131 b\u0131rakmad\u0131k.<\/p>\n\n\n\n<p>Geldi\u011fimiz noktada, genelde siyasi sistemin, \u00f6zelde ise parti siyasetinin b\u00fcy\u00fck bir \u00e7\u0131kmaza girdi\u011fini g\u00f6r\u00fcyoruz&#8221; diyen Davuto\u011flu, &#8220;Bir tarafta g\u00fcc\u00fcn tekelle\u015fmesi, di\u011fer tarafta alternatif siyasal g\u00fc\u00e7leri etkisizle\u015ftiren par\u00e7alanma ile kar\u015f\u0131 kar\u015f\u0131yay\u0131z. Siyasetin \u00fcst kademelerinde ba\u015flayan yozla\u015fma; parti fark\u0131 g\u00f6zetmeksizin siyasi kadrolara, ard\u0131ndan sivil toplum kurulu\u015flar\u0131na ve nihayet toplumun her katman\u0131na sirayet etmektedir.<\/p>\n\n\n\n<p>Mevcut siyasi mekanizmalar\u0131n kendi kendini d\u00fczeltebilme kapasitesi b\u00fcy\u00fck \u00f6l\u00e7\u00fcde t\u00fckenmi\u015ftir. T\u00fcrkiye\u2019nin siyasi d\u00fc\u015f\u00fcnce ve demokrasi tarihinde belirleyici olmu\u015f \u00fc\u00e7 ana ak\u0131m, bug\u00fcn ciddi bir varolu\u015f s\u0131namas\u0131yla kar\u015f\u0131 kar\u015f\u0131yad\u0131r. Muhafazakarl\u0131\u011f\u0131, milliyet\u00e7ili\u011fi ve \u00e7a\u011fda\u015fla\u015fma d\u00fc\u015f\u00fcncesini savunan herkesi g\u00fcnl\u00fck siyasetin dar kal\u0131plar\u0131n\u0131n d\u0131\u015f\u0131na \u00e7\u0131karak h\u0131zla de\u011fi\u015fen d\u00fcnya \u015fartlar\u0131 kar\u015f\u0131s\u0131nda k\u00f6kl\u00fc bir zihniyet devrimi ger\u00e7ekle\u015ftirmeye \u00e7a\u011f\u0131r\u0131yoruz. Muhafazakarlar ahlaki \u00f6z\u00fc, milliyet\u00e7iler e\u015fit vatanda\u015fl\u0131\u011f\u0131, \u00e7a\u011fda\u015fla\u015fma d\u00fc\u015f\u00fcncesini savunanlar evrensel de\u011ferleri milli de\u011ferlerle bulu\u015fturmay\u0131 hedeflemeliler.<\/p>\n\n\n\n<h4 class=\"wp-block-heading\">&#8220;Kirlenmi\u015f siyasi iklimin bir par\u00e7as\u0131 olmamak amac\u0131yla parti siyasetinden \u00e7ekilme ve Gelecek Partisi\u2019nin siyasi faaliyetlerini sonland\u0131rma karar\u0131 alm\u0131\u015f bulunuyoruz.&#8221;<\/h4>\n\n\n\n<p>Bu de\u011ferlendirmeler \u0131\u015f\u0131\u011f\u0131nda, partimizin yetkili kurullar\u0131 ve Gelecek Partisi\u2019ni bug\u00fcne ta\u015f\u0131yan dava arkada\u015flar\u0131m\u0131zla yapt\u0131\u011f\u0131m\u0131z isti\u015fareler neticesinde, kirlenmi\u015f siyasi iklimin bir par\u00e7as\u0131 olmamak amac\u0131yla parti siyasetinden \u00e7ekilme ve Gelecek Partisi\u2019nin siyasi faaliyetlerini sonland\u0131rma karar\u0131 alm\u0131\u015f bulunuyoruz. Bu, bir teslimiyet karar\u0131 de\u011fildir. Bu, ahlaki bir mesafe koyma karar\u0131d\u0131r. Bu, siyasetten vazge\u00e7i\u015f de\u011fil; herkese, siyaseti yeniden d\u00fc\u015f\u00fcnme \u00e7a\u011fr\u0131s\u0131d\u0131r. Bu, T\u00fcrkiye m\u00fccadelesinden \u00e7ekilmek de\u011fil; T\u00fcrkiye\u2019ye kar\u015f\u0131 sorumlulu\u011fumuzu g\u00fcnl\u00fck siyasi hesaplar\u0131n \u00fczerine \u00e7\u0131karmakt\u0131r. Yar\u0131n\u0131n T\u00fcrkiye\u2019si; d\u00fc\u015f\u00fcnce \u00f6zg\u00fcrl\u00fc\u011f\u00fcn\u00fcn, liyakatin, hukukun, \u00fcretimin, sosyal adaletin, e\u015fit vatanda\u015fl\u0131\u011f\u0131n, kurumsal etkinli\u011fin, toplumsal bar\u0131\u015f\u0131n, \u00f6zg\u00fcn d\u00fc\u015f\u00fcncenin ve stratejik akl\u0131n T\u00fcrkiye\u2019si olmal\u0131d\u0131r. Bizim m\u00fccadelemiz, herhangi bir makamla ba\u015flamad\u0131\u011f\u0131 gibi herhangi bir parti t\u00fczel ki\u015fili\u011fiyle de sona ermeyecektir. Bundan sonra da d\u00fc\u015f\u00fcnce, ahlak, e\u011fitim, bilim, k\u00fclt\u00fcr, uluslararas\u0131 diplomasi, ekonomi ve toplumsal dayan\u0131\u015fma ba\u015fta olmak \u00fczere her alanda \u00fclkemiz i\u00e7in \u00e7al\u0131\u015fmaya devam edece\u011fiz. Do\u011fruyu te\u015fvik edecek, yanl\u0131\u015fa kar\u015f\u0131 uyar\u0131c\u0131 sorumlulu\u011fumuzu s\u00fcrd\u00fcrece\u011fiz.&#8221;<\/p>\n\n\n\n<figure class=\"wp-block-embed is-type-rich is-provider-x wp-block-embed-x\"><div class=\"wp-block-embed__wrapper\">\n<blockquote class=\"twitter-tweet\" data-width=\"550\" data-dnt=\"true\"><p lang=\"tr\" dir=\"ltr\">Kamuoyuna Duyuru! <a href=\"https:\/\/t.co\/AuMrlOnSkz\">pic.twitter.com\/AuMrlOnSkz<\/a><\/p>&mdash; Ahmet Davuto\u011flu (@Ahmet_Davutoglu) <a href=\"https:\/\/x.com\/Ahmet_Davutoglu\/status\/2082522207549272324?ref_src=twsrc%5Etfw\">July 29, 2026<\/a><\/blockquote><script async src=\"https:\/\/platform.x.com\/widgets.js\" charset=\"utf-8\"><\/script>\n<\/div><\/figure>\n","protected":false},"excerpt":{"rendered":"<p>Gelecek Partisi Genel Ba\u015fkan\u0131 Ahmet Davuto\u011flu, parti siyasetinden \u00e7ekildiklerini ve partisinin faaliyetini sonland\u0131rd\u0131klar\u0131n\u0131 duyurdu. Gelecek Partisi Genel Ba\u015fkan\u0131 Ahmet Davuto\u011flu yay\u0131mlad\u0131\u011f\u0131 &#8220;Yar\u0131n\u0131n T\u00fcrkiye&#8217;si \u0130\u00e7in&#8221; ba\u015fl\u0131kl\u0131 4 sayfal\u0131k yaz\u0131l\u0131 bildiriyle parti siyasetinden \u00e7ekildiklerini ve Gelecek Partisi&#8217;nin siyasi faaliyetlerini sonland\u0131rma karar\u0131 ald\u0131klar\u0131n\u0131 duyurdu. Sosyal medya hesab\u0131ndan kapsaml\u0131 bir a\u00e7\u0131klama yapan Davuto\u011flu, &#8220;\u0130nsanl\u0131k, k\u00f6kl\u00fc bir medeniyet k\u0131r\u0131lmas\u0131ndan ge\u00e7mektedir. [&hellip;]<\/p>\n","protected":false},"author":12791,"featured_media":169411,"comment_status":"open","ping_status":"open","sticky":false,"template":"","format":"standard","meta":{"_yoast_wpseo_focuskw":"Ahmet Davuto\u011flu","_yoast_wpseo_title":"","_yoast_wpseo_metadesc":"Gelecek Partisi Genel Ba\u015fkan\u0131 Ahmet Davuto\u011flu, parti siyasetinden \u00e7ekildiklerini ve partisinin faaliyetini sonland\u0131rd\u0131klar\u0131n\u0131 duyurdu.","_bbp_topic_count":0,"_bbp_reply_count":0,"_bbp_total_topic_count":0,"_bbp_total_reply_count":0,"_bbp_voice_count":0,"_bbp_anonymous_reply_count":0,"_bbp_topic_count_hidden":0,"_bbp_reply_count_hidden":0,"_bbp_forum_subforum_count":0,"footnotes":"","_yoast_wpseo_focuskw_text_input":""},"categories":[1,8138,8226],"tags":[642,11964,11962],"yoast_head":"<!-- This site is optimized with the Yoast SEO plugin v23.0 - https:\/\/yoast.com\/wordpress\/plugins\/seo\/ -->\n<title>Ahmet Davuto\u011flu Siyaseti B\u0131rakt\u0131\u011f\u0131n\u0131 A\u00e7\u0131klad\u0131 - The Epoch Times TR<\/title>\n<meta name=\"description\" content=\"Gelecek Partisi Genel Ba\u015fkan\u0131 Ahmet Davuto\u011flu, parti siyasetinden \u00e7ekildiklerini ve partisinin faaliyetini sonland\u0131rd\u0131klar\u0131n\u0131 duyurdu.\" \/>\n<meta name=\"robots\" content=\"index, follow, max-snippet:-1, max-image-preview:large, max-video-preview:-1\" \/>\n<link rel=\"canonical\" href=\"https:\/\/epochtimestr.com\/index.php\/ahmet-davutoglu-siyaseti-biraktigini-acikladi\" \/>\n<meta property=\"og:locale\" content=\"tr_TR\" \/>\n<meta property=\"og:type\" content=\"article\" \/>\n<meta property=\"og:title\" content=\"Ahmet Davuto\u011flu Siyaseti B\u0131rakt\u0131\u011f\u0131n\u0131 A\u00e7\u0131klad\u0131 - The Epoch Times TR\" \/>\n<meta property=\"og:description\" content=\"Gelecek Partisi Genel Ba\u015fkan\u0131 Ahmet Davuto\u011flu, parti siyasetinden \u00e7ekildiklerini ve partisinin faaliyetini sonland\u0131rd\u0131klar\u0131n\u0131 duyurdu.\" \/>\n<meta property=\"og:url\" content=\"https:\/\/epochtimestr.com\/index.php\/ahmet-davutoglu-siyaseti-biraktigini-acikladi\" \/>\n<meta property=\"og:site_name\" content=\"The Epoch Times TR\" \/>\n<meta property=\"article:publisher\" content=\"https:\/\/www.facebook.com\/theepochtimestr\" \/>\n<meta property=\"article:published_time\" content=\"2026-07-29T19:21:32+00:00\" \/>\n<meta property=\"article:modified_time\" content=\"2026-07-29T19:21:34+00:00\" \/>\n<meta property=\"og:image\" content=\"https:\/\/epochtimestr.com\/wp-content\/uploads\/2011y\/davutoglu.webp\" \/>\n\t<meta property=\"og:image:width\" content=\"1536\" \/>\n\t<meta property=\"og:image:height\" content=\"864\" \/>\n\t<meta property=\"og:image:type\" content=\"image\/webp\" \/>\n<meta name=\"author\" content=\"Haber Merkezi\" \/>\n<meta name=\"twitter:card\" content=\"summary_large_image\" \/>\n<meta name=\"twitter:creator\" content=\"@TheEpochTimesTR\" \/>\n<meta name=\"twitter:site\" content=\"@TheEpochTimesTR\" \/>\n<meta name=\"twitter:label1\" content=\"Yazan:\" \/>\n\t<meta name=\"twitter:data1\" content=\"Haber Merkezi\" \/>\n\t<meta name=\"twitter:label2\" content=\"Tahmini okuma s\u00fcresi\" \/>\n\t<meta name=\"twitter:data2\" content=\"8 dakika\" \/>\n<script type=\"application\/ld+json\" class=\"yoast-schema-graph\">{\"@context\":\"https:\/\/schema.org\",\"@graph\":[{\"@type\":\"Article\",\"@id\":\"https:\/\/epochtimestr.com\/index.php\/ahmet-davutoglu-siyaseti-biraktigini-acikladi#article\",\"isPartOf\":{\"@id\":\"https:\/\/epochtimestr.com\/index.php\/ahmet-davutoglu-siyaseti-biraktigini-acikladi\"},\"author\":{\"name\":\"Haber Merkezi\",\"@id\":\"https:\/\/epochtimestr.com\/#\/schema\/person\/3dc5c3adeb9f43923c5aa85889172fdd\"},\"headline\":\"Ahmet Davuto\u011flu Siyaseti B\u0131rakt\u0131\u011f\u0131n\u0131 A\u00e7\u0131klad\u0131\",\"datePublished\":\"2026-07-29T19:21:32+00:00\",\"dateModified\":\"2026-07-29T19:21:34+00:00\",\"mainEntityOfPage\":{\"@id\":\"https:\/\/epochtimestr.com\/index.php\/ahmet-davutoglu-siyaseti-biraktigini-acikladi\"},\"wordCount\":1781,\"commentCount\":0,\"publisher\":{\"@id\":\"https:\/\/epochtimestr.com\/#organization\"},\"image\":{\"@id\":\"https:\/\/epochtimestr.com\/index.php\/ahmet-davutoglu-siyaseti-biraktigini-acikladi#primaryimage\"},\"thumbnailUrl\":\"https:\/\/epochtimestr.com\/wp-content\/uploads\/2011y\/davutoglu.webp\",\"keywords\":[\"Ahmet Davuto\u011flu\",\"Feshetme\",\"Gelecek Partisi\"],\"articleSection\":[\"G\u00dcNDEM\",\"MAN\u015eET\",\"Siyaset\"],\"inLanguage\":\"tr\",\"potentialAction\":[{\"@type\":\"CommentAction\",\"name\":\"Comment\",\"target\":[\"https:\/\/epochtimestr.com\/index.php\/ahmet-davutoglu-siyaseti-biraktigini-acikladi#respond\"]}]},{\"@type\":\"WebPage\",\"@id\":\"https:\/\/epochtimestr.com\/index.php\/ahmet-davutoglu-siyaseti-biraktigini-acikladi\",\"url\":\"https:\/\/epochtimestr.com\/index.php\/ahmet-davutoglu-siyaseti-biraktigini-acikladi\",\"name\":\"Ahmet Davuto\u011flu Siyaseti B\u0131rakt\u0131\u011f\u0131n\u0131 A\u00e7\u0131klad\u0131 - The Epoch Times TR\",\"isPartOf\":{\"@id\":\"https:\/\/epochtimestr.com\/#website\"},\"primaryImageOfPage\":{\"@id\":\"https:\/\/epochtimestr.com\/index.php\/ahmet-davutoglu-siyaseti-biraktigini-acikladi#primaryimage\"},\"image\":{\"@id\":\"https:\/\/epochtimestr.com\/index.php\/ahmet-davutoglu-siyaseti-biraktigini-acikladi#primaryimage\"},\"thumbnailUrl\":\"https:\/\/epochtimestr.com\/wp-content\/uploads\/2011y\/davutoglu.webp\",\"datePublished\":\"2026-07-29T19:21:32+00:00\",\"dateModified\":\"2026-07-29T19:21:34+00:00\",\"description\":\"Gelecek Partisi Genel Ba\u015fkan\u0131 Ahmet Davuto\u011flu, parti siyasetinden \u00e7ekildiklerini ve partisinin faaliyetini sonland\u0131rd\u0131klar\u0131n\u0131 duyurdu.\",\"inLanguage\":\"tr\",\"potentialAction\":[{\"@type\":\"ReadAction\",\"target\":[\"https:\/\/epochtimestr.com\/index.php\/ahmet-davutoglu-siyaseti-biraktigini-acikladi\"]}]},{\"@type\":\"ImageObject\",\"inLanguage\":\"tr\",\"@id\":\"https:\/\/epochtimestr.com\/index.php\/ahmet-davutoglu-siyaseti-biraktigini-acikladi#primaryimage\",\"url\":\"https:\/\/epochtimestr.com\/wp-content\/uploads\/2011y\/davutoglu.webp\",\"contentUrl\":\"https:\/\/epochtimestr.com\/wp-content\/uploads\/2011y\/davutoglu.webp\",\"width\":1536,\"height\":864},{\"@type\":\"WebSite\",\"@id\":\"https:\/\/epochtimestr.com\/#website\",\"url\":\"https:\/\/epochtimestr.com\/\",\"name\":\"The Epoch Times TR\",\"description\":\"De\u011fi\u015fen D\u00fcnyam\u0131za Taze Bir Bak\u0131\u015f\",\"publisher\":{\"@id\":\"https:\/\/epochtimestr.com\/#organization\"},\"potentialAction\":[{\"@type\":\"SearchAction\",\"target\":{\"@type\":\"EntryPoint\",\"urlTemplate\":\"https:\/\/epochtimestr.com\/?s={search_term_string}\"},\"query-input\":\"required name=search_term_string\"}],\"inLanguage\":\"tr\"},{\"@type\":\"Organization\",\"@id\":\"https:\/\/epochtimestr.com\/#organization\",\"name\":\"The EpochTimes T\u00fcrkiye\",\"url\":\"https:\/\/epochtimestr.com\/\",\"logo\":{\"@type\":\"ImageObject\",\"inLanguage\":\"tr\",\"@id\":\"https:\/\/epochtimestr.com\/#\/schema\/logo\/image\/\",\"url\":\"https:\/\/epochtimestr.com\/wp-content\/uploads\/2011y\/ET-Logo-YG.jpg\",\"contentUrl\":\"https:\/\/epochtimestr.com\/wp-content\/uploads\/2011y\/ET-Logo-YG.jpg\",\"width\":346,\"height\":29,\"caption\":\"The EpochTimes T\u00fcrkiye\"},\"image\":{\"@id\":\"https:\/\/epochtimestr.com\/#\/schema\/logo\/image\/\"},\"sameAs\":[\"https:\/\/www.facebook.com\/theepochtimestr\",\"https:\/\/x.com\/TheEpochTimesTR\",\"https:\/\/www.instagram.com\/epochtimestr\"]},{\"@type\":\"Person\",\"@id\":\"https:\/\/epochtimestr.com\/#\/schema\/person\/3dc5c3adeb9f43923c5aa85889172fdd\",\"name\":\"Haber Merkezi\",\"image\":{\"@type\":\"ImageObject\",\"inLanguage\":\"tr\",\"@id\":\"https:\/\/epochtimestr.com\/#\/schema\/person\/image\/\",\"url\":\"https:\/\/secure.gravatar.com\/avatar\/d73f772ba5a74f28601361e17c2f93e6?s=96&d=mm&r=g\",\"contentUrl\":\"https:\/\/secure.gravatar.com\/avatar\/d73f772ba5a74f28601361e17c2f93e6?s=96&d=mm&r=g\",\"caption\":\"Haber Merkezi\"},\"url\":\"https:\/\/epochtimestr.com\/index.php\/author\/sendag\"}]}<\/script>\n<!-- \/ Yoast SEO plugin. -->","yoast_head_json":{"title":"Ahmet Davuto\u011flu Siyaseti B\u0131rakt\u0131\u011f\u0131n\u0131 A\u00e7\u0131klad\u0131 - The Epoch Times TR","description":"Gelecek Partisi Genel Ba\u015fkan\u0131 Ahmet Davuto\u011flu, parti siyasetinden \u00e7ekildiklerini ve partisinin faaliyetini sonland\u0131rd\u0131klar\u0131n\u0131 duyurdu.","robots":{"index":"index","follow":"follow","max-snippet":"max-snippet:-1","max-image-preview":"max-image-preview:large","max-video-preview":"max-video-preview:-1"},"canonical":"https:\/\/epochtimestr.com\/index.php\/ahmet-davutoglu-siyaseti-biraktigini-acikladi","og_locale":"tr_TR","og_type":"article","og_title":"Ahmet Davuto\u011flu Siyaseti B\u0131rakt\u0131\u011f\u0131n\u0131 A\u00e7\u0131klad\u0131 - The Epoch Times TR","og_description":"Gelecek Partisi Genel Ba\u015fkan\u0131 Ahmet Davuto\u011flu, parti siyasetinden \u00e7ekildiklerini ve partisinin faaliyetini sonland\u0131rd\u0131klar\u0131n\u0131 duyurdu.","og_url":"https:\/\/epochtimestr.com\/index.php\/ahmet-davutoglu-siyaseti-biraktigini-acikladi","og_site_name":"The Epoch Times TR","article_publisher":"https:\/\/www.facebook.com\/theepochtimestr","article_published_time":"2026-07-29T19:21:32+00:00","article_modified_time":"2026-07-29T19:21:34+00:00","og_image":[{"width":1536,"height":864,"url":"https:\/\/epochtimestr.com\/wp-content\/uploads\/2011y\/davutoglu.webp","type":"image\/webp"}],"author":"Haber Merkezi","twitter_card":"summary_large_image","twitter_creator":"@TheEpochTimesTR","twitter_site":"@TheEpochTimesTR","twitter_misc":{"Yazan:":"Haber Merkezi","Tahmini okuma s\u00fcresi":"8 dakika"},"schema":{"@context":"https:\/\/schema.org","@graph":[{"@type":"Article","@id":"https:\/\/epochtimestr.com\/index.php\/ahmet-davutoglu-siyaseti-biraktigini-acikladi#article","isPartOf":{"@id":"https:\/\/epochtimestr.com\/index.php\/ahmet-davutoglu-siyaseti-biraktigini-acikladi"},"author":{"name":"Haber Merkezi","@id":"https:\/\/epochtimestr.com\/#\/schema\/person\/3dc5c3adeb9f43923c5aa85889172fdd"},"headline":"Ahmet Davuto\u011flu Siyaseti B\u0131rakt\u0131\u011f\u0131n\u0131 A\u00e7\u0131klad\u0131","datePublished":"2026-07-29T19:21:32+00:00","dateModified":"2026-07-29T19:21:34+00:00","mainEntityOfPage":{"@id":"https:\/\/epochtimestr.com\/index.php\/ahmet-davutoglu-siyaseti-biraktigini-acikladi"},"wordCount":1781,"commentCount":0,"publisher":{"@id":"https:\/\/epochtimestr.com\/#organization"},"image":{"@id":"https:\/\/epochtimestr.com\/index.php\/ahmet-davutoglu-siyaseti-biraktigini-acikladi#primaryimage"},"thumbnailUrl":"https:\/\/epochtimestr.com\/wp-content\/uploads\/2011y\/davutoglu.webp","keywords":["Ahmet Davuto\u011flu","Feshetme","Gelecek Partisi"],"articleSection":["G\u00dcNDEM","MAN\u015eET","Siyaset"],"inLanguage":"tr","potentialAction":[{"@type":"CommentAction","name":"Comment","target":["https:\/\/epochtimestr.com\/index.php\/ahmet-davutoglu-siyaseti-biraktigini-acikladi#respond"]}]},{"@type":"WebPage","@id":"https:\/\/epochtimestr.com\/index.php\/ahmet-davutoglu-siyaseti-biraktigini-acikladi","url":"https:\/\/epochtimestr.com\/index.php\/ahmet-davutoglu-siyaseti-biraktigini-acikladi","name":"Ahmet Davuto\u011flu Siyaseti B\u0131rakt\u0131\u011f\u0131n\u0131 A\u00e7\u0131klad\u0131 - The Epoch Times TR","isPartOf":{"@id":"https:\/\/epochtimestr.com\/#website"},"primaryImageOfPage":{"@id":"https:\/\/epochtimestr.com\/index.php\/ahmet-davutoglu-siyaseti-biraktigini-acikladi#primaryimage"},"image":{"@id":"https:\/\/epochtimestr.com\/index.php\/ahmet-davutoglu-siyaseti-biraktigini-acikladi#primaryimage"},"thumbnailUrl":"https:\/\/epochtimestr.com\/wp-content\/uploads\/2011y\/davutoglu.webp","datePublished":"2026-07-29T19:21:32+00:00","dateModified":"2026-07-29T19:21:34+00:00","description":"Gelecek Partisi Genel Ba\u015fkan\u0131 Ahmet Davuto\u011flu, parti siyasetinden \u00e7ekildiklerini ve partisinin faaliyetini sonland\u0131rd\u0131klar\u0131n\u0131 duyurdu.","inLanguage":"tr","potentialAction":[{"@type":"ReadAction","target":["https:\/\/epochtimestr.com\/index.php\/ahmet-davutoglu-siyaseti-biraktigini-acikladi"]}]},{"@type":"ImageObject","inLanguage":"tr","@id":"https:\/\/epochtimestr.com\/index.php\/ahmet-davutoglu-siyaseti-biraktigini-acikladi#primaryimage","url":"https:\/\/epochtimestr.com\/wp-content\/uploads\/2011y\/davutoglu.webp","contentUrl":"https:\/\/epochtimestr.com\/wp-content\/uploads\/2011y\/davutoglu.webp","width":1536,"height":864},{"@type":"WebSite","@id":"https:\/\/epochtimestr.com\/#website","url":"https:\/\/epochtimestr.com\/","name":"The Epoch Times TR","description":"De\u011fi\u015fen D\u00fcnyam\u0131za Taze Bir Bak\u0131\u015f","publisher":{"@id":"https:\/\/epochtimestr.com\/#organization"},"potentialAction":[{"@type":"SearchAction","target":{"@type":"EntryPoint","urlTemplate":"https:\/\/epochtimestr.com\/?s={search_term_string}"},"query-input":"required name=search_term_string"}],"inLanguage":"tr"},{"@type":"Organization","@id":"https:\/\/epochtimestr.com\/#organization","name":"The EpochTimes T\u00fcrkiye","url":"https:\/\/epochtimestr.com\/","logo":{"@type":"ImageObject","inLanguage":"tr","@id":"https:\/\/epochtimestr.com\/#\/schema\/logo\/image\/","url":"https:\/\/epochtimestr.com\/wp-content\/uploads\/2011y\/ET-Logo-YG.jpg","contentUrl":"https:\/\/epochtimestr.com\/wp-content\/uploads\/2011y\/ET-Logo-YG.jpg","width":346,"height":29,"caption":"The EpochTimes T\u00fcrkiye"},"image":{"@id":"https:\/\/epochtimestr.com\/#\/schema\/logo\/image\/"},"sameAs":["https:\/\/www.facebook.com\/theepochtimestr","https:\/\/x.com\/TheEpochTimesTR","https:\/\/www.instagram.com\/epochtimestr"]},{"@type":"Person","@id":"https:\/\/epochtimestr.com\/#\/schema\/person\/3dc5c3adeb9f43923c5aa85889172fdd","name":"Haber Merkezi","image":{"@type":"ImageObject","inLanguage":"tr","@id":"https:\/\/epochtimestr.com\/#\/schema\/person\/image\/","url":"https:\/\/secure.gravatar.com\/avatar\/d73f772ba5a74f28601361e17c2f93e6?s=96&d=mm&r=g","contentUrl":"https:\/\/secure.gravatar.com\/avatar\/d73f772ba5a74f28601361e17c2f93e6?s=96&d=mm&r=g","caption":"Haber Merkezi"},"url":"https:\/\/epochtimestr.com\/index.php\/author\/sendag"}]}},"_links":{"self":[{"href":"https:\/\/epochtimestr.com\/index.php\/wp-json\/wp\/v2\/posts\/169410"}],"collection":[{"href":"https:\/\/epochtimestr.com\/index.php\/wp-json\/wp\/v2\/posts"}],"about":[{"href":"https:\/\/epochtimestr.com\/index.php\/wp-json\/wp\/v2\/types\/post"}],"author":[{"embeddable":true,"href":"https:\/\/epochtimestr.com\/index.php\/wp-json\/wp\/v2\/users\/12791"}],"replies":[{"embeddable":true,"href":"https:\/\/epochtimestr.com\/index.php\/wp-json\/wp\/v2\/comments?post=169410"}],"version-history":[{"count":2,"href":"https:\/\/epochtimestr.com\/index.php\/wp-json\/wp\/v2\/posts\/169410\/revisions"}],"predecessor-version":[{"id":169421,"href":"https:\/\/epochtimestr.com\/index.php\/wp-json\/wp\/v2\/posts\/169410\/revisions\/169421"}],"wp:featuredmedia":[{"embeddable":true,"href":"https:\/\/epochtimestr.com\/index.php\/wp-json\/wp\/v2\/media\/169411"}],"wp:attachment":[{"href":"https:\/\/epochtimestr.com\/index.php\/wp-json\/wp\/v2\/media?parent=169410"}],"wp:term":[{"taxonomy":"category","embeddable":true,"href":"https:\/\/epochtimestr.com\/index.php\/wp-json\/wp\/v2\/categories?post=169410"},{"taxonomy":"post_tag","embeddable":true,"href":"https:\/\/epochtimestr.com\/index.php\/wp-json\/wp\/v2\/tags?post=169410"}],"curies":[{"name":"wp","href":"https:\/\/api.w.org\/{rel}","templated":true}]}}