{"id":169413,"date":"2026-07-29T22:36:15","date_gmt":"2026-07-29T19:36:15","guid":{"rendered":"https:\/\/epochtimestr.com\/?p=169413"},"modified":"2026-07-29T22:36:18","modified_gmt":"2026-07-29T19:36:18","slug":"mali-zorluklar-beyin-yaslanmasini-hizlandiriyor","status":"publish","type":"post","link":"https:\/\/epochtimestr.com\/index.php\/mali-zorluklar-beyin-yaslanmasini-hizlandiriyor","title":{"rendered":"Mali Zorluklar Beyin Ya\u015flanmas\u0131n\u0131 H\u0131zland\u0131r\u0131yor"},"content":{"rendered":"<div class=\"wp-block-image\">\n<figure class=\"aligncenter size-full is-resized\"><img loading=\"lazy\" decoding=\"async\" width=\"1280\" height=\"853\" src=\"https:\/\/epochtimestr.com\/wp-content\/uploads\/2011y\/pixabay3.jpg\" alt=\"Bir ara\u015ft\u0131rma sonucuna g\u00f6re mali zorluklar beyin ya\u015flanmas\u0131n\u0131 h\u0131zland\u0131r\u0131yor. (G\u00f6rsel: Grae Dickason, Pixabay)\" class=\"wp-image-169414\" style=\"width:840px;height:auto\" srcset=\"https:\/\/epochtimestr.com\/wp-content\/uploads\/2011y\/pixabay3.jpg 1280w, https:\/\/epochtimestr.com\/wp-content\/uploads\/2011y\/pixabay3-300x200.jpg 300w, https:\/\/epochtimestr.com\/wp-content\/uploads\/2011y\/pixabay3-150x100.jpg 150w, https:\/\/epochtimestr.com\/wp-content\/uploads\/2011y\/pixabay3-768x512.jpg 768w\" sizes=\"(max-width: 1280px) 100vw, 1280px\" \/><figcaption class=\"wp-element-caption\">Bir ara\u015ft\u0131rma sonucuna g\u00f6re mali zorluklar beyin ya\u015flanmas\u0131n\u0131 h\u0131zland\u0131r\u0131yor. (G\u00f6rsel: Grae Dickason, Pixabay)<\/figcaption><\/figure><\/div>\n\n\n<h2 class=\"wp-block-heading\">Mali zorluklar ve de\u011fi\u015ftirilebilir \u00e7evresel etkenlerin bili\u015fsel ya\u015flanmayla nas\u0131l ili\u015fkili olabilece\u011fini daha iyi anlamaya ihtiya\u00e7 var.<\/h2>\n\n\n\n<p>70 y\u0131l\u0131 a\u015fk\u0131n bir s\u00fcreyi kapsayan b\u00fcy\u00fck bir \u0130ngiliz ara\u015ft\u0131rmas\u0131, \u00e7al\u0131\u015fma hayatlar\u0131 boyunca kronik <a href=\"https:\/\/epochtimestr.com\/index.php\/chp-istanbul-il-baskani-tekinden-parali-figuran-haberine-yanit\" target=\"_blank\" rel=\"noreferrer noopener\">para<\/a> s\u0131k\u0131nt\u0131s\u0131 ya\u015fayan ki\u015filerin 50&#8217;li ya\u015flar\u0131na geldiklerinde haf\u0131za ve i\u015flem h\u0131z\u0131nda \u00f6l\u00e7\u00fclebilir d\u00fc\u015f\u00fc\u015fler g\u00f6sterdi\u011fini ve on y\u0131llar sonra h\u0131zlanm\u0131\u015f <a href=\"https:\/\/epochtimestr.com\/index.php\/tuik-beyin-gocu-rakamlarini-acikladi-mezunlar-yurtdisina-gidiyor\" target=\"_blank\" rel=\"noreferrer noopener\">beyin<\/a> k\u00fc\u00e7\u00fclmesi belirtileri sergiledi\u011fini ortaya koydu. Bu ili\u015fkiler, erkeklerde, dezavantajl\u0131 bir \u00e7ocukluk ge\u00e7irenlerde, daha yoksul ailelerde b\u00fcy\u00fcyenler ve Alzheimer hastal\u0131\u011f\u0131 riskinin artmas\u0131yla ba\u011flant\u0131l\u0131 olan APOE-\u03b54 genetik varyant\u0131n\u0131 ta\u015f\u0131yanlarda en g\u00fc\u00e7l\u00fc \u015fekilde g\u00f6zlemlendi.<\/p>\n\n\n\n<p>University College London&#8217;dan Dr. Jacques Wels ve meslekta\u015flar\u0131, &#8220;Demans, k\u00fcresel hastal\u0131k y\u00fck\u00fcne en b\u00fcy\u00fck katk\u0131da bulunan fakt\u00f6rlerden biridir ve oranlar\u0131n\u0131n \u00f6n\u00fcm\u00fczdeki otuz y\u0131lda \u00fc\u00e7 kat\u0131na \u00e7\u0131karak 150 milyona ula\u015faca\u011f\u0131 tahmin ediliyor&#8221; dedi.<\/p>\n\n\n<div class=\"wp-block-image\">\n<figure class=\"aligncenter size-large\"><img loading=\"lazy\" decoding=\"async\" width=\"1200\" height=\"1200\" src=\"https:\/\/epochtimestr.com\/wp-content\/uploads\/2011y\/pixabay1-1-1200x1200.jpg\" alt=\"\" class=\"wp-image-169415\" srcset=\"https:\/\/epochtimestr.com\/wp-content\/uploads\/2011y\/pixabay1-1-1200x1200.jpg 1200w, https:\/\/epochtimestr.com\/wp-content\/uploads\/2011y\/pixabay1-1-300x300.jpg 300w, https:\/\/epochtimestr.com\/wp-content\/uploads\/2011y\/pixabay1-1-150x150.jpg 150w, https:\/\/epochtimestr.com\/wp-content\/uploads\/2011y\/pixabay1-1-768x768.jpg 768w, https:\/\/epochtimestr.com\/wp-content\/uploads\/2011y\/pixabay1-1.jpg 1280w\" sizes=\"(max-width: 1200px) 100vw, 1200px\" \/><figcaption class=\"wp-element-caption\">                                                                                        (Foto\u011fraf: Pixabay-Loaivat)<\/figcaption><\/figure><\/div>\n\n\n<h3 class=\"wp-block-heading\">\u201c\u00c7ocukluk ve yeti\u015fkinlik d\u00f6nemindeki sosyoekonomik ko\u015fullar ile bili\u015fsel i\u015flevler aras\u0131ndaki ili\u015fki, ya\u015fam d\u00f6ng\u00fcs\u00fcn\u00fcn farkl\u0131 a\u015famalar\u0131nda g\u00f6sterilmi\u015ftir\u201d<\/h3>\n\n\n\n<p>Innovation in Aging dergisinde yay\u0131nlanan <a href=\"https:\/\/www.ucl.ac.uk\/news\/2026\/jul\/persistent-money-struggles-linked-faster-brain-ageing\" target=\"_blank\" rel=\"noreferrer noopener\">\u00e7al\u0131\u015fma<\/a>, MRC Ulusal Sa\u011fl\u0131k ve Geli\u015fim Ara\u015ft\u0131rmas\u0131 (1946 Britanya kohort \u00e7al\u0131\u015fmas\u0131 olarak da bilinir) kapsam\u0131nda ya\u015famlar\u0131 boyunca anket dolduran Birle\u015fik Krall\u0131k&#8217;taki 2.759 ki\u015fiden elde edilen verileri inceledi.<\/p>\n\n\n\n<p>University College London&#8217;daki ara\u015ft\u0131rmac\u0131lar, MRC Ulusal Sa\u011fl\u0131k ve Geli\u015fim Ara\u015ft\u0131rmas\u0131&#8217;na kat\u0131lan ve 1946 do\u011fumlu 2.759 \u0130ngiliz kat\u0131l\u0131mc\u0131y\u0131 inceledi. Ara\u015ft\u0131rmac\u0131lar, 26 ila 53 ya\u015flar\u0131 aras\u0131nda yakla\u015f\u0131k 2.759 kat\u0131l\u0131mc\u0131n\u0131n hane halk\u0131 gelirini ve faturalar\u0131 \u00f6demede zorluk gibi kendi bildirdikleri mali s\u0131k\u0131nt\u0131lar\u0131 takip ettiler.<\/p>\n\n\n\n<p>Ara\u015ft\u0131rma ekibi, gen\u00e7 ve orta yeti\u015fkinlik d\u00f6nemlerinde s\u00fcrekli maddi s\u0131k\u0131nt\u0131 \u00e7eken veya s\u00fcrekli d\u00fc\u015f\u00fck gelir elde eden ki\u015filerin 53 ya\u015f\u0131na geldiklerinde bili\u015fsel testlerde daha d\u00fc\u015f\u00fck performans g\u00f6sterdiklerini tespit etti.<\/p>\n\n\n<div class=\"wp-block-image\">\n<figure class=\"aligncenter size-full\"><img loading=\"lazy\" decoding=\"async\" width=\"1280\" height=\"924\" src=\"https:\/\/epochtimestr.com\/wp-content\/uploads\/2011y\/pixabay4.jpg\" alt=\"\" class=\"wp-image-169416\" srcset=\"https:\/\/epochtimestr.com\/wp-content\/uploads\/2011y\/pixabay4.jpg 1280w, https:\/\/epochtimestr.com\/wp-content\/uploads\/2011y\/pixabay4-300x217.jpg 300w, https:\/\/epochtimestr.com\/wp-content\/uploads\/2011y\/pixabay4-150x108.jpg 150w, https:\/\/epochtimestr.com\/wp-content\/uploads\/2011y\/pixabay4-768x554.jpg 768w\" sizes=\"(max-width: 1280px) 100vw, 1280px\" \/><figcaption class=\"wp-element-caption\">                                                                                          (Foto\u011fraf: Pixabay-ArtTower)<\/figcaption><\/figure><\/div>\n\n\n<p>Ekip, beyin taramas\u0131 yap\u0131lan bir alt gruba bakt\u0131\u011f\u0131nda, s\u00fcrekli mali zorluklar ya\u015fayanlar\u0131n, ya\u015famlar\u0131n\u0131n ilerleyen d\u00f6nemlerinde (69 ila 71 ya\u015flar\u0131 aras\u0131nda) daha k\u00f6t\u00fc beyin sa\u011fl\u0131\u011f\u0131na (daha fazla beyin k\u00fc\u00e7\u00fclmesi de dahil olmak \u00fczere) sahip olduklar\u0131n\u0131 buldu.<\/p>\n\n\n\n<p>UCL&#8217;deki Ya\u015fam Boyu Sa\u011fl\u0131k ve Ya\u015flanma Birimi&#8217;nden \u00e7al\u0131\u015fman\u0131n yazar\u0131 Dr. Jacques Wels, Fox News Digital&#8217;e verdi\u011fi deme\u00e7te, &#8220;[Bili\u015fsel gerilemenin] hem genetik risklerle hem de olumsuz \u00e7ocukluk deneyimleriyle ili\u015fkili oldu\u011funu iyi biliyor olsak da, ya\u015fam boyu s\u00fcren s\u00fcrekli finansal stres deneyimi de dahil olmak \u00fczere, ya\u015fam seyri boyunca neler oldu\u011fu hakk\u0131nda \u00e7ok az \u015fey biliyorduk&#8221; dedi. Bir di\u011fer fakt\u00f6r ise, s\u00fcrekli maddi zorluk veya d\u00fc\u015f\u00fck gelir ya\u015fad\u0131\u011f\u0131n\u0131 bildiren yeti\u015fkinler, s\u00f6zel haf\u0131za ve i\u015flem h\u0131z\u0131n\u0131 de\u011ferlendiren bili\u015fsel testlerde daha k\u00f6t\u00fc performans g\u00f6sterdi.<\/p>\n\n\n\n<p>S\u00fcrekli d\u00fc\u015f\u00fck gelire sahip olanlar\u0131n, beyin k\u00fc\u00e7\u00fclmesi ve ventrik\u00fcllerin geni\u015flemesi gibi ya\u015flanma belirtilerini \u00f6l\u00e7en MR taramalar\u0131na g\u00f6re beyin sa\u011fl\u0131klar\u0131n\u0131n da daha k\u00f6t\u00fc oldu\u011fu g\u00f6r\u00fcld\u00fc. Mali s\u0131k\u0131nt\u0131lar &#8211; genellikle temel ev ihtiya\u00e7lar\u0131n\u0131 kar\u015f\u0131layacak para veya kaynak eksikli\u011fi olarak tan\u0131mlan\u0131r &#8211; bili\u015fsel bozukluk ve gerileme ile de ili\u015fkilidir. Ekibe g\u00f6re, beyin taramalar\u0131 bulgulara fiziksel bir boyut katt\u0131. Hane halk\u0131 geliri s\u00fcrekli d\u00fc\u015f\u00fck olan kat\u0131l\u0131mc\u0131larda, 70&#8217;li ya\u015flar\u0131n\u0131n ba\u015flar\u0131nda, genellikle beyin dokusu kayb\u0131yla ili\u015fkilendirilen bir g\u00f6sterge olan daha b\u00fcy\u00fck ventrik\u00fcl hacmi g\u00f6zlemlendi.<\/p>\n\n\n<div class=\"wp-block-image\">\n<figure class=\"aligncenter size-full\"><img loading=\"lazy\" decoding=\"async\" width=\"1280\" height=\"736\" src=\"https:\/\/epochtimestr.com\/wp-content\/uploads\/2011y\/pixabay2-1.jpg\" alt=\"\" class=\"wp-image-169417\" srcset=\"https:\/\/epochtimestr.com\/wp-content\/uploads\/2011y\/pixabay2-1.jpg 1280w, https:\/\/epochtimestr.com\/wp-content\/uploads\/2011y\/pixabay2-1-300x173.jpg 300w, https:\/\/epochtimestr.com\/wp-content\/uploads\/2011y\/pixabay2-1-150x86.jpg 150w, https:\/\/epochtimestr.com\/wp-content\/uploads\/2011y\/pixabay2-1-768x442.jpg 768w, https:\/\/epochtimestr.com\/wp-content\/uploads\/2011y\/pixabay2-1-750x430.jpg 750w\" sizes=\"(max-width: 1280px) 100vw, 1280px\" \/><figcaption class=\"wp-element-caption\">                                                                                                (Foto\u011fraf: Pixabay-ArtTower)<\/figcaption><\/figure><\/div>\n\n\n<h3 class=\"wp-block-heading\">Erkeklerde kad\u0131nlara k\u0131yasla beyin hacminde daha h\u0131zl\u0131 k\u00fc\u00e7\u00fclme g\u00f6r\u00fcld\u00fc<\/h3>\n\n\n\n<p>Ara\u015ft\u0131rmac\u0131lar, yakla\u015f\u0131k iki y\u0131ll\u0131k bir takip s\u00fcresi boyunca beyin hacminin nas\u0131l de\u011fi\u015fti\u011fini incelediklerinde, maddi zorluklar\u0131n geni\u015f kapsaml\u0131 ve do\u011frudan bir etkisine rastlamad\u0131lar.<\/p>\n\n\n\n<p>Ancak baz\u0131 gruplar \u00f6zellikle etkilenmi\u015f olarak \u00f6ne \u00e7\u0131kt\u0131: S\u00fcrekli mali zorluk ya\u015fayan erkeklerde, kad\u0131nlara k\u0131yasla beyin hacminde genel olarak daha h\u0131zl\u0131 bir k\u00fc\u00e7\u00fclme ve beyindeki s\u0131v\u0131 dolu bo\u015fluklar\u0131n daha h\u0131zl\u0131 b\u00fcy\u00fcmesi g\u00f6r\u00fcld\u00fc. D\u00fc\u015f\u00fck gelirli ailelerde b\u00fcy\u00fcyen ki\u015filer, yeti\u015fkinlikte de mali s\u0131k\u0131nt\u0131 ya\u015fad\u0131klar\u0131nda, haf\u0131zayla ba\u011flant\u0131l\u0131 bir beyin b\u00f6lgesi olan hipokampus atrofisine kar\u015f\u0131 daha savunmas\u0131zd\u0131. Alzheimer hastal\u0131\u011f\u0131 i\u00e7in bilinen en g\u00fc\u00e7l\u00fc genetik risk fakt\u00f6r\u00fc olan APOE-\u03b54 gen varyant\u0131n\u0131 ta\u015f\u0131yanlar, kronik mali s\u0131k\u0131nt\u0131 ya\u015fad\u0131klar\u0131nda en dik beyin hacmi kay\u0131plar\u0131n\u0131 ve Alzheimer patolojisinin bir \u00f6zelli\u011fi olan amiloid protein birikiminin en y\u00fcksek seviyelerini g\u00f6sterdi.<\/p>\n\n\n\n<p>University College London&#8217;dan Profes\u00f6r Praveetha Patalay, &#8220;Bulgular\u0131m\u0131z, mali zorluklarla kar\u015f\u0131 kar\u015f\u0131ya olan insanlar\u0131 desteklemenin ve kronik yoksullu\u011fu azaltman\u0131n gelecekte bili\u015fsel gerilemeyi ve bunama vakalar\u0131n\u0131 \u00f6nlemeye de yard\u0131mc\u0131 olabilece\u011fini g\u00f6steriyor&#8221; dedi.<\/p>\n\n\n\n<p>UCL taraf\u0131ndan y\u00fcr\u00fct\u00fclen 1946 Britanya kohort \u00e7al\u0131\u015fmas\u0131, d\u00fcnyan\u0131n en uzun s\u00fcredir aral\u0131ks\u0131z devam eden do\u011fum kohort \u00e7al\u0131\u015fmas\u0131d\u0131r. Kat\u0131l\u0131mc\u0131lar (do\u011fumda kay\u0131t alt\u0131na al\u0131nanlar), bu y\u0131l\u0131n ba\u015flar\u0131nda 80. ya\u015f g\u00fcnlerini kutlad\u0131lar.<\/p>\n\n\n\n<p>\u00c7al\u0131\u015fma , 23 Temmuz 2026 tarihinde Innovation in Aging dergisinde yay\u0131mland\u0131.<\/p>\n","protected":false},"excerpt":{"rendered":"<p>Mali zorluklar ve de\u011fi\u015ftirilebilir \u00e7evresel etkenlerin bili\u015fsel ya\u015flanmayla nas\u0131l ili\u015fkili olabilece\u011fini daha iyi anlamaya ihtiya\u00e7 var. 70 y\u0131l\u0131 a\u015fk\u0131n bir s\u00fcreyi kapsayan b\u00fcy\u00fck bir \u0130ngiliz ara\u015ft\u0131rmas\u0131, \u00e7al\u0131\u015fma hayatlar\u0131 boyunca kronik para s\u0131k\u0131nt\u0131s\u0131 ya\u015fayan ki\u015filerin 50&#8217;li ya\u015flar\u0131na geldiklerinde haf\u0131za ve i\u015flem h\u0131z\u0131nda \u00f6l\u00e7\u00fclebilir d\u00fc\u015f\u00fc\u015fler g\u00f6sterdi\u011fini ve on y\u0131llar sonra h\u0131zlanm\u0131\u015f beyin k\u00fc\u00e7\u00fclmesi belirtileri sergiledi\u011fini ortaya koydu. [&hellip;]<\/p>\n","protected":false},"author":12791,"featured_media":169414,"comment_status":"open","ping_status":"open","sticky":false,"template":"","format":"standard","meta":{"_yoast_wpseo_focuskw":"Mali Zorluklar","_yoast_wpseo_title":"","_yoast_wpseo_metadesc":"Mali zorluklar ve de\u011fi\u015ftirilebilir \u00e7evresel etkenlerin bili\u015fsel ya\u015flanmayla nas\u0131l ili\u015fkili olabilece\u011fini daha iyi anlamaya ihtiya\u00e7 var.","_bbp_topic_count":0,"_bbp_reply_count":0,"_bbp_total_topic_count":0,"_bbp_total_reply_count":0,"_bbp_voice_count":0,"_bbp_anonymous_reply_count":0,"_bbp_topic_count_hidden":0,"_bbp_reply_count_hidden":0,"_bbp_forum_subforum_count":0,"footnotes":"","_yoast_wpseo_focuskw_text_input":""},"categories":[70,5,8138],"tags":[365,11967,11965,3832,11966],"yoast_head":"<!-- This site is optimized with the Yoast SEO plugin v23.0 - https:\/\/yoast.com\/wordpress\/plugins\/seo\/ -->\n<title>Mali Zorluklar Beyin Ya\u015flanmas\u0131n\u0131 H\u0131zland\u0131r\u0131yor - The Epoch Times TR<\/title>\n<meta name=\"description\" content=\"Mali zorluklar ve de\u011fi\u015ftirilebilir \u00e7evresel etkenlerin bili\u015fsel ya\u015flanmayla nas\u0131l ili\u015fkili olabilece\u011fini daha iyi anlamaya ihtiya\u00e7 var.\" \/>\n<meta name=\"robots\" content=\"index, follow, max-snippet:-1, max-image-preview:large, max-video-preview:-1\" \/>\n<link rel=\"canonical\" href=\"https:\/\/epochtimestr.com\/index.php\/mali-zorluklar-beyin-yaslanmasini-hizlandiriyor\" \/>\n<meta property=\"og:locale\" content=\"tr_TR\" \/>\n<meta property=\"og:type\" content=\"article\" \/>\n<meta property=\"og:title\" content=\"Mali Zorluklar Beyin Ya\u015flanmas\u0131n\u0131 H\u0131zland\u0131r\u0131yor - The Epoch Times TR\" \/>\n<meta property=\"og:description\" content=\"Mali zorluklar ve de\u011fi\u015ftirilebilir \u00e7evresel etkenlerin bili\u015fsel ya\u015flanmayla nas\u0131l ili\u015fkili olabilece\u011fini daha iyi anlamaya ihtiya\u00e7 var.\" \/>\n<meta property=\"og:url\" content=\"https:\/\/epochtimestr.com\/index.php\/mali-zorluklar-beyin-yaslanmasini-hizlandiriyor\" \/>\n<meta property=\"og:site_name\" content=\"The Epoch Times TR\" \/>\n<meta property=\"article:publisher\" content=\"https:\/\/www.facebook.com\/theepochtimestr\" \/>\n<meta property=\"article:published_time\" content=\"2026-07-29T19:36:15+00:00\" \/>\n<meta property=\"article:modified_time\" content=\"2026-07-29T19:36:18+00:00\" \/>\n<meta property=\"og:image\" content=\"https:\/\/epochtimestr.com\/wp-content\/uploads\/2011y\/pixabay3.jpg\" \/>\n\t<meta property=\"og:image:width\" content=\"1280\" \/>\n\t<meta property=\"og:image:height\" content=\"853\" \/>\n\t<meta property=\"og:image:type\" content=\"image\/jpeg\" \/>\n<meta name=\"author\" content=\"Haber Merkezi\" \/>\n<meta name=\"twitter:card\" content=\"summary_large_image\" \/>\n<meta name=\"twitter:creator\" content=\"@TheEpochTimesTR\" \/>\n<meta name=\"twitter:site\" content=\"@TheEpochTimesTR\" \/>\n<meta name=\"twitter:label1\" content=\"Yazan:\" \/>\n\t<meta name=\"twitter:data1\" content=\"Haber Merkezi\" \/>\n\t<meta name=\"twitter:label2\" content=\"Tahmini okuma s\u00fcresi\" \/>\n\t<meta name=\"twitter:data2\" content=\"5 dakika\" \/>\n<script type=\"application\/ld+json\" class=\"yoast-schema-graph\">{\"@context\":\"https:\/\/schema.org\",\"@graph\":[{\"@type\":\"Article\",\"@id\":\"https:\/\/epochtimestr.com\/index.php\/mali-zorluklar-beyin-yaslanmasini-hizlandiriyor#article\",\"isPartOf\":{\"@id\":\"https:\/\/epochtimestr.com\/index.php\/mali-zorluklar-beyin-yaslanmasini-hizlandiriyor\"},\"author\":{\"name\":\"Haber Merkezi\",\"@id\":\"https:\/\/epochtimestr.com\/#\/schema\/person\/3dc5c3adeb9f43923c5aa85889172fdd\"},\"headline\":\"Mali Zorluklar Beyin Ya\u015flanmas\u0131n\u0131 H\u0131zland\u0131r\u0131yor\",\"datePublished\":\"2026-07-29T19:36:15+00:00\",\"dateModified\":\"2026-07-29T19:36:18+00:00\",\"mainEntityOfPage\":{\"@id\":\"https:\/\/epochtimestr.com\/index.php\/mali-zorluklar-beyin-yaslanmasini-hizlandiriyor\"},\"wordCount\":969,\"commentCount\":0,\"publisher\":{\"@id\":\"https:\/\/epochtimestr.com\/#organization\"},\"image\":{\"@id\":\"https:\/\/epochtimestr.com\/index.php\/mali-zorluklar-beyin-yaslanmasini-hizlandiriyor#primaryimage\"},\"thumbnailUrl\":\"https:\/\/epochtimestr.com\/wp-content\/uploads\/2011y\/pixabay3.jpg\",\"keywords\":[\"beyin\",\"bili\u015fsel gerileme\",\"mali s\u0131k\u0131nt\u0131\",\"para\",\"ya\u015flanma\"],\"articleSection\":[\"Bilimsel Ke\u015fifler\",\"D\u00dcNYA\",\"MAN\u015eET\"],\"inLanguage\":\"tr\",\"potentialAction\":[{\"@type\":\"CommentAction\",\"name\":\"Comment\",\"target\":[\"https:\/\/epochtimestr.com\/index.php\/mali-zorluklar-beyin-yaslanmasini-hizlandiriyor#respond\"]}]},{\"@type\":\"WebPage\",\"@id\":\"https:\/\/epochtimestr.com\/index.php\/mali-zorluklar-beyin-yaslanmasini-hizlandiriyor\",\"url\":\"https:\/\/epochtimestr.com\/index.php\/mali-zorluklar-beyin-yaslanmasini-hizlandiriyor\",\"name\":\"Mali Zorluklar Beyin Ya\u015flanmas\u0131n\u0131 H\u0131zland\u0131r\u0131yor - The Epoch Times TR\",\"isPartOf\":{\"@id\":\"https:\/\/epochtimestr.com\/#website\"},\"primaryImageOfPage\":{\"@id\":\"https:\/\/epochtimestr.com\/index.php\/mali-zorluklar-beyin-yaslanmasini-hizlandiriyor#primaryimage\"},\"image\":{\"@id\":\"https:\/\/epochtimestr.com\/index.php\/mali-zorluklar-beyin-yaslanmasini-hizlandiriyor#primaryimage\"},\"thumbnailUrl\":\"https:\/\/epochtimestr.com\/wp-content\/uploads\/2011y\/pixabay3.jpg\",\"datePublished\":\"2026-07-29T19:36:15+00:00\",\"dateModified\":\"2026-07-29T19:36:18+00:00\",\"description\":\"Mali zorluklar ve de\u011fi\u015ftirilebilir \u00e7evresel etkenlerin bili\u015fsel ya\u015flanmayla nas\u0131l ili\u015fkili olabilece\u011fini daha iyi anlamaya ihtiya\u00e7 var.\",\"inLanguage\":\"tr\",\"potentialAction\":[{\"@type\":\"ReadAction\",\"target\":[\"https:\/\/epochtimestr.com\/index.php\/mali-zorluklar-beyin-yaslanmasini-hizlandiriyor\"]}]},{\"@type\":\"ImageObject\",\"inLanguage\":\"tr\",\"@id\":\"https:\/\/epochtimestr.com\/index.php\/mali-zorluklar-beyin-yaslanmasini-hizlandiriyor#primaryimage\",\"url\":\"https:\/\/epochtimestr.com\/wp-content\/uploads\/2011y\/pixabay3.jpg\",\"contentUrl\":\"https:\/\/epochtimestr.com\/wp-content\/uploads\/2011y\/pixabay3.jpg\",\"width\":1280,\"height\":853},{\"@type\":\"WebSite\",\"@id\":\"https:\/\/epochtimestr.com\/#website\",\"url\":\"https:\/\/epochtimestr.com\/\",\"name\":\"The Epoch Times TR\",\"description\":\"De\u011fi\u015fen D\u00fcnyam\u0131za Taze Bir Bak\u0131\u015f\",\"publisher\":{\"@id\":\"https:\/\/epochtimestr.com\/#organization\"},\"potentialAction\":[{\"@type\":\"SearchAction\",\"target\":{\"@type\":\"EntryPoint\",\"urlTemplate\":\"https:\/\/epochtimestr.com\/?s={search_term_string}\"},\"query-input\":\"required name=search_term_string\"}],\"inLanguage\":\"tr\"},{\"@type\":\"Organization\",\"@id\":\"https:\/\/epochtimestr.com\/#organization\",\"name\":\"The EpochTimes T\u00fcrkiye\",\"url\":\"https:\/\/epochtimestr.com\/\",\"logo\":{\"@type\":\"ImageObject\",\"inLanguage\":\"tr\",\"@id\":\"https:\/\/epochtimestr.com\/#\/schema\/logo\/image\/\",\"url\":\"https:\/\/epochtimestr.com\/wp-content\/uploads\/2011y\/ET-Logo-YG.jpg\",\"contentUrl\":\"https:\/\/epochtimestr.com\/wp-content\/uploads\/2011y\/ET-Logo-YG.jpg\",\"width\":346,\"height\":29,\"caption\":\"The EpochTimes T\u00fcrkiye\"},\"image\":{\"@id\":\"https:\/\/epochtimestr.com\/#\/schema\/logo\/image\/\"},\"sameAs\":[\"https:\/\/www.facebook.com\/theepochtimestr\",\"https:\/\/x.com\/TheEpochTimesTR\",\"https:\/\/www.instagram.com\/epochtimestr\"]},{\"@type\":\"Person\",\"@id\":\"https:\/\/epochtimestr.com\/#\/schema\/person\/3dc5c3adeb9f43923c5aa85889172fdd\",\"name\":\"Haber Merkezi\",\"image\":{\"@type\":\"ImageObject\",\"inLanguage\":\"tr\",\"@id\":\"https:\/\/epochtimestr.com\/#\/schema\/person\/image\/\",\"url\":\"https:\/\/secure.gravatar.com\/avatar\/d73f772ba5a74f28601361e17c2f93e6?s=96&d=mm&r=g\",\"contentUrl\":\"https:\/\/secure.gravatar.com\/avatar\/d73f772ba5a74f28601361e17c2f93e6?s=96&d=mm&r=g\",\"caption\":\"Haber Merkezi\"},\"url\":\"https:\/\/epochtimestr.com\/index.php\/author\/sendag\"}]}<\/script>\n<!-- \/ Yoast SEO plugin. -->","yoast_head_json":{"title":"Mali Zorluklar Beyin Ya\u015flanmas\u0131n\u0131 H\u0131zland\u0131r\u0131yor - The Epoch Times TR","description":"Mali zorluklar ve de\u011fi\u015ftirilebilir \u00e7evresel etkenlerin bili\u015fsel ya\u015flanmayla nas\u0131l ili\u015fkili olabilece\u011fini daha iyi anlamaya ihtiya\u00e7 var.","robots":{"index":"index","follow":"follow","max-snippet":"max-snippet:-1","max-image-preview":"max-image-preview:large","max-video-preview":"max-video-preview:-1"},"canonical":"https:\/\/epochtimestr.com\/index.php\/mali-zorluklar-beyin-yaslanmasini-hizlandiriyor","og_locale":"tr_TR","og_type":"article","og_title":"Mali Zorluklar Beyin Ya\u015flanmas\u0131n\u0131 H\u0131zland\u0131r\u0131yor - The Epoch Times TR","og_description":"Mali zorluklar ve de\u011fi\u015ftirilebilir \u00e7evresel etkenlerin bili\u015fsel ya\u015flanmayla nas\u0131l ili\u015fkili olabilece\u011fini daha iyi anlamaya ihtiya\u00e7 var.","og_url":"https:\/\/epochtimestr.com\/index.php\/mali-zorluklar-beyin-yaslanmasini-hizlandiriyor","og_site_name":"The Epoch Times TR","article_publisher":"https:\/\/www.facebook.com\/theepochtimestr","article_published_time":"2026-07-29T19:36:15+00:00","article_modified_time":"2026-07-29T19:36:18+00:00","og_image":[{"width":1280,"height":853,"url":"https:\/\/epochtimestr.com\/wp-content\/uploads\/2011y\/pixabay3.jpg","type":"image\/jpeg"}],"author":"Haber Merkezi","twitter_card":"summary_large_image","twitter_creator":"@TheEpochTimesTR","twitter_site":"@TheEpochTimesTR","twitter_misc":{"Yazan:":"Haber Merkezi","Tahmini okuma s\u00fcresi":"5 dakika"},"schema":{"@context":"https:\/\/schema.org","@graph":[{"@type":"Article","@id":"https:\/\/epochtimestr.com\/index.php\/mali-zorluklar-beyin-yaslanmasini-hizlandiriyor#article","isPartOf":{"@id":"https:\/\/epochtimestr.com\/index.php\/mali-zorluklar-beyin-yaslanmasini-hizlandiriyor"},"author":{"name":"Haber Merkezi","@id":"https:\/\/epochtimestr.com\/#\/schema\/person\/3dc5c3adeb9f43923c5aa85889172fdd"},"headline":"Mali Zorluklar Beyin Ya\u015flanmas\u0131n\u0131 H\u0131zland\u0131r\u0131yor","datePublished":"2026-07-29T19:36:15+00:00","dateModified":"2026-07-29T19:36:18+00:00","mainEntityOfPage":{"@id":"https:\/\/epochtimestr.com\/index.php\/mali-zorluklar-beyin-yaslanmasini-hizlandiriyor"},"wordCount":969,"commentCount":0,"publisher":{"@id":"https:\/\/epochtimestr.com\/#organization"},"image":{"@id":"https:\/\/epochtimestr.com\/index.php\/mali-zorluklar-beyin-yaslanmasini-hizlandiriyor#primaryimage"},"thumbnailUrl":"https:\/\/epochtimestr.com\/wp-content\/uploads\/2011y\/pixabay3.jpg","keywords":["beyin","bili\u015fsel gerileme","mali s\u0131k\u0131nt\u0131","para","ya\u015flanma"],"articleSection":["Bilimsel Ke\u015fifler","D\u00dcNYA","MAN\u015eET"],"inLanguage":"tr","potentialAction":[{"@type":"CommentAction","name":"Comment","target":["https:\/\/epochtimestr.com\/index.php\/mali-zorluklar-beyin-yaslanmasini-hizlandiriyor#respond"]}]},{"@type":"WebPage","@id":"https:\/\/epochtimestr.com\/index.php\/mali-zorluklar-beyin-yaslanmasini-hizlandiriyor","url":"https:\/\/epochtimestr.com\/index.php\/mali-zorluklar-beyin-yaslanmasini-hizlandiriyor","name":"Mali Zorluklar Beyin Ya\u015flanmas\u0131n\u0131 H\u0131zland\u0131r\u0131yor - The Epoch Times TR","isPartOf":{"@id":"https:\/\/epochtimestr.com\/#website"},"primaryImageOfPage":{"@id":"https:\/\/epochtimestr.com\/index.php\/mali-zorluklar-beyin-yaslanmasini-hizlandiriyor#primaryimage"},"image":{"@id":"https:\/\/epochtimestr.com\/index.php\/mali-zorluklar-beyin-yaslanmasini-hizlandiriyor#primaryimage"},"thumbnailUrl":"https:\/\/epochtimestr.com\/wp-content\/uploads\/2011y\/pixabay3.jpg","datePublished":"2026-07-29T19:36:15+00:00","dateModified":"2026-07-29T19:36:18+00:00","description":"Mali zorluklar ve de\u011fi\u015ftirilebilir \u00e7evresel etkenlerin bili\u015fsel ya\u015flanmayla nas\u0131l ili\u015fkili olabilece\u011fini daha iyi anlamaya ihtiya\u00e7 var.","inLanguage":"tr","potentialAction":[{"@type":"ReadAction","target":["https:\/\/epochtimestr.com\/index.php\/mali-zorluklar-beyin-yaslanmasini-hizlandiriyor"]}]},{"@type":"ImageObject","inLanguage":"tr","@id":"https:\/\/epochtimestr.com\/index.php\/mali-zorluklar-beyin-yaslanmasini-hizlandiriyor#primaryimage","url":"https:\/\/epochtimestr.com\/wp-content\/uploads\/2011y\/pixabay3.jpg","contentUrl":"https:\/\/epochtimestr.com\/wp-content\/uploads\/2011y\/pixabay3.jpg","width":1280,"height":853},{"@type":"WebSite","@id":"https:\/\/epochtimestr.com\/#website","url":"https:\/\/epochtimestr.com\/","name":"The Epoch Times TR","description":"De\u011fi\u015fen D\u00fcnyam\u0131za Taze Bir Bak\u0131\u015f","publisher":{"@id":"https:\/\/epochtimestr.com\/#organization"},"potentialAction":[{"@type":"SearchAction","target":{"@type":"EntryPoint","urlTemplate":"https:\/\/epochtimestr.com\/?s={search_term_string}"},"query-input":"required name=search_term_string"}],"inLanguage":"tr"},{"@type":"Organization","@id":"https:\/\/epochtimestr.com\/#organization","name":"The EpochTimes T\u00fcrkiye","url":"https:\/\/epochtimestr.com\/","logo":{"@type":"ImageObject","inLanguage":"tr","@id":"https:\/\/epochtimestr.com\/#\/schema\/logo\/image\/","url":"https:\/\/epochtimestr.com\/wp-content\/uploads\/2011y\/ET-Logo-YG.jpg","contentUrl":"https:\/\/epochtimestr.com\/wp-content\/uploads\/2011y\/ET-Logo-YG.jpg","width":346,"height":29,"caption":"The EpochTimes T\u00fcrkiye"},"image":{"@id":"https:\/\/epochtimestr.com\/#\/schema\/logo\/image\/"},"sameAs":["https:\/\/www.facebook.com\/theepochtimestr","https:\/\/x.com\/TheEpochTimesTR","https:\/\/www.instagram.com\/epochtimestr"]},{"@type":"Person","@id":"https:\/\/epochtimestr.com\/#\/schema\/person\/3dc5c3adeb9f43923c5aa85889172fdd","name":"Haber Merkezi","image":{"@type":"ImageObject","inLanguage":"tr","@id":"https:\/\/epochtimestr.com\/#\/schema\/person\/image\/","url":"https:\/\/secure.gravatar.com\/avatar\/d73f772ba5a74f28601361e17c2f93e6?s=96&d=mm&r=g","contentUrl":"https:\/\/secure.gravatar.com\/avatar\/d73f772ba5a74f28601361e17c2f93e6?s=96&d=mm&r=g","caption":"Haber Merkezi"},"url":"https:\/\/epochtimestr.com\/index.php\/author\/sendag"}]}},"_links":{"self":[{"href":"https:\/\/epochtimestr.com\/index.php\/wp-json\/wp\/v2\/posts\/169413"}],"collection":[{"href":"https:\/\/epochtimestr.com\/index.php\/wp-json\/wp\/v2\/posts"}],"about":[{"href":"https:\/\/epochtimestr.com\/index.php\/wp-json\/wp\/v2\/types\/post"}],"author":[{"embeddable":true,"href":"https:\/\/epochtimestr.com\/index.php\/wp-json\/wp\/v2\/users\/12791"}],"replies":[{"embeddable":true,"href":"https:\/\/epochtimestr.com\/index.php\/wp-json\/wp\/v2\/comments?post=169413"}],"version-history":[{"count":2,"href":"https:\/\/epochtimestr.com\/index.php\/wp-json\/wp\/v2\/posts\/169413\/revisions"}],"predecessor-version":[{"id":169423,"href":"https:\/\/epochtimestr.com\/index.php\/wp-json\/wp\/v2\/posts\/169413\/revisions\/169423"}],"wp:featuredmedia":[{"embeddable":true,"href":"https:\/\/epochtimestr.com\/index.php\/wp-json\/wp\/v2\/media\/169414"}],"wp:attachment":[{"href":"https:\/\/epochtimestr.com\/index.php\/wp-json\/wp\/v2\/media?parent=169413"}],"wp:term":[{"taxonomy":"category","embeddable":true,"href":"https:\/\/epochtimestr.com\/index.php\/wp-json\/wp\/v2\/categories?post=169413"},{"taxonomy":"post_tag","embeddable":true,"href":"https:\/\/epochtimestr.com\/index.php\/wp-json\/wp\/v2\/tags?post=169413"}],"curies":[{"name":"wp","href":"https:\/\/api.w.org\/{rel}","templated":true}]}}