{"id":169435,"date":"2026-07-30T13:22:43","date_gmt":"2026-07-30T10:22:43","guid":{"rendered":"https:\/\/epochtimestr.com\/?p=169435"},"modified":"2026-07-30T13:22:46","modified_gmt":"2026-07-30T10:22:46","slug":"erdal-besikcioglu-ve-cok-sayida-kisi-gozaltina-alindi","status":"publish","type":"post","link":"https:\/\/epochtimestr.com\/index.php\/erdal-besikcioglu-ve-cok-sayida-kisi-gozaltina-alindi","title":{"rendered":"Erdal Be\u015fik\u00e7io\u011flu Ve \u00c7ok Say\u0131da Ki\u015fi G\u00f6zalt\u0131na Al\u0131nd\u0131"},"content":{"rendered":"<div class=\"wp-block-image\">\n<figure class=\"aligncenter size-full is-resized\"><img loading=\"lazy\" decoding=\"async\" width=\"972\" height=\"648\" src=\"https:\/\/epochtimestr.com\/wp-content\/uploads\/2011y\/besikcioglu.webp\" alt=\"Etimesgut Belediye Ba\u015fkan\u0131 Erdal Be\u015fik\u00e7io\u011flu ve \u00c7ok Say\u0131da Ki\u015fi G\u00f6zalt\u0131na Al\u0131nd\u0131 (Foto\u011fraf: CHP x hesab\u0131)\" class=\"wp-image-169436\" style=\"width:837px;height:auto\" srcset=\"https:\/\/epochtimestr.com\/wp-content\/uploads\/2011y\/besikcioglu.webp 972w, https:\/\/epochtimestr.com\/wp-content\/uploads\/2011y\/besikcioglu-300x200.webp 300w, https:\/\/epochtimestr.com\/wp-content\/uploads\/2011y\/besikcioglu-150x100.webp 150w, https:\/\/epochtimestr.com\/wp-content\/uploads\/2011y\/besikcioglu-768x512.webp 768w\" sizes=\"(max-width: 972px) 100vw, 972px\" \/><figcaption class=\"wp-element-caption\">Etimesgut Belediye Ba\u015fkan\u0131 Erdal Be\u015fik\u00e7io\u011flu ve \u00e7ok say\u0131da ki\u015fi g\u00f6zalt\u0131na al\u0131nd\u0131. (Foto\u011fraf: CHP x hesab\u0131)<\/figcaption><\/figure><\/div>\n\n\n<h2 class=\"wp-block-heading\">CHP&#8217;li Etimesgut Belediyesine y\u00f6nelik y\u00fcr\u00fctt\u00fc\u011f\u00fc soru\u015fturma kapsam\u0131nda Belediye Ba\u015fkan\u0131 Erdal Be\u015fik\u00e7io\u011flu&#8217;nun da aralar\u0131nda bulundu\u011fu 52 ki\u015fi g\u00f6zalt\u0131na al\u0131nd\u0131.<\/h2>\n\n\n\n<p>Ankara Bat\u0131 Cumhuriyet Ba\u015fsavc\u0131l\u0131\u011f\u0131 taraf\u0131ndan Etimesgut Belediyesine y\u00f6nelik y\u00fcr\u00fct\u00fclen &#8216;<a href=\"https:\/\/epochtimestr.com\/index.php\/chp-manavgat-sorusturmasina-2-muhakkik-gorevlendirdi\" target=\"_blank\" rel=\"noreferrer noopener\">yolsuzluk&#8217; soru\u015fturmas\u0131<\/a> kapsam\u0131nda, aralar\u0131nda Belediye Ba\u015fkan\u0131 Erdal Be\u015fik\u00e7io\u011flu\u2019nun da bulundu\u011fu 55 ki\u015fiye y\u00f6nelik Ankara \u0130l Emniyet M\u00fcd\u00fcrl\u00fc\u011f\u00fc ekiplerince bu sabah e\u015f zamanl\u0131 operasyon ba\u015flat\u0131ld\u0131. Belediye Ba\u015fkan\u0131 Erdal Be\u015fik\u00e7io\u011flu ile belediye ba\u015fkan yard\u0131mc\u0131lar\u0131 Taylan \u00d6zg\u00fcven, \u0130hsan Bahri Bellek ve Atilla Aky\u00fcrek&#8217;in de bulundu\u011fu 52 ki\u015fi <a href=\"https:\/\/epochtimestr.com\/index.php\/uskudar-belediye-baskani-sinem-dedetas-gozaltina-alindi\" target=\"_blank\" rel=\"noreferrer noopener\">g\u00f6zalt\u0131<\/a>na al\u0131nd\u0131.<\/p>\n\n\n\n<p>Ankara \u0130l Emniyet M\u00fcd\u00fcrl\u00fc\u011f\u00fc ekiplerince, belediye binas\u0131nda arama yap\u0131l\u0131yor. \u015e\u00fcphelilere ait 56 ikamet, 15 i\u015f yeri ve 41 ara\u00e7ta arama ve el koyma i\u015flemleri de s\u00fcr\u00fcyor.<\/p>\n\n\n\n<p><strong>\u0130\u00e7i\u015fleri Bakanl\u0131\u011f\u0131&#8217;ndan operasyonla ilgili a\u00e7\u0131klamada<\/strong>:<\/p>\n\n\n\n<p>&#8220;&#8216;Su\u00e7 \u0130\u015flemek Amac\u0131yla \u00d6rg\u00fct Kurmak ve \u00d6rg\u00fcte \u00dcye Olmak, Zimmet, R\u00fc\u015fvet, \u0130rtikap, \u0130haleye Fesat Kar\u0131\u015ft\u0131rmak, Edimin \u0130fas\u0131na Fesat Kar\u0131\u015ft\u0131rmak ve G\u00f6revi K\u00f6t\u00fcye Kullanma&#8217; su\u00e7lar\u0131ndan y\u00fcr\u00fct\u00fclen soru\u015fturma kapsam\u0131nda aralar\u0131nda Etimesgut Belediye Ba\u015fkan\u0131 Erdal Be\u015fik\u00e7io\u011flu&#8217;nun da bulundu\u011fu; 37 belediye \u00e7al\u0131\u015fan\u0131, 18 firma yetkilisi olmak \u00fczere toplam 55 \u015f\u00fcpheliye y\u00f6nelik d\u00fczenlenen operasyonda 52 \u015f\u00fcpheli yakaland\u0131. 3 \u015f\u00fcphelinin yakalanmas\u0131na y\u00f6nelik \u00e7al\u0131\u015fmalar devam ediyor.&#8221; denildi.<\/p>\n\n\n\n<figure class=\"wp-block-embed is-type-rich is-provider-x wp-block-embed-x\"><div class=\"wp-block-embed__wrapper\">\n<blockquote class=\"twitter-tweet\" data-width=\"550\" data-dnt=\"true\"><p lang=\"tr\" dir=\"ltr\">ET\u0130MESGUT BELED\u0130YES\u0130NE Y\u00d6NEL\u0130K MAL\u0130 SU\u00c7 OPERASYONU: 52 \u015e\u00dcPHEL\u0130 YAKALANDI<br><br>Ankara Bat\u0131 Cumhuriyet Ba\u015fsavc\u0131l\u0131\u011f\u0131 koordinesinde, Ankara \u0130l Emniyet M\u00fcd\u00fcrl\u00fc\u011f\u00fc Mali Su\u00e7larla M\u00fccadele \u015eube M\u00fcd\u00fcrl\u00fc\u011f\u00fcm\u00fczce Etimesgut Belediyesine y\u00f6nelik operasyon d\u00fczenlendi.<br><br>\u201cSu\u00e7 \u0130\u015flemek Amac\u0131yla \u00d6rg\u00fct\u2026<\/p>&mdash; T.C. \u0130\u00e7i\u015fleri Bakanl\u0131\u011f\u0131 (@TC_icisleri) <a href=\"https:\/\/x.com\/TC_icisleri\/status\/2082710331814478144?ref_src=twsrc%5Etfw\">July 30, 2026<\/a><\/blockquote><script async src=\"https:\/\/platform.x.com\/widgets.js\" charset=\"utf-8\"><\/script>\n<\/div><\/figure>\n","protected":false},"excerpt":{"rendered":"<p>CHP&#8217;li Etimesgut Belediyesine y\u00f6nelik y\u00fcr\u00fctt\u00fc\u011f\u00fc soru\u015fturma kapsam\u0131nda Belediye Ba\u015fkan\u0131 Erdal Be\u015fik\u00e7io\u011flu&#8217;nun da aralar\u0131nda bulundu\u011fu 52 ki\u015fi g\u00f6zalt\u0131na al\u0131nd\u0131. Ankara Bat\u0131 Cumhuriyet Ba\u015fsavc\u0131l\u0131\u011f\u0131 taraf\u0131ndan Etimesgut Belediyesine y\u00f6nelik y\u00fcr\u00fct\u00fclen &#8216;yolsuzluk&#8217; soru\u015fturmas\u0131 kapsam\u0131nda, aralar\u0131nda Belediye Ba\u015fkan\u0131 Erdal Be\u015fik\u00e7io\u011flu\u2019nun da bulundu\u011fu 55 ki\u015fiye y\u00f6nelik Ankara \u0130l Emniyet M\u00fcd\u00fcrl\u00fc\u011f\u00fc ekiplerince bu sabah e\u015f zamanl\u0131 operasyon ba\u015flat\u0131ld\u0131. Belediye Ba\u015fkan\u0131 Erdal Be\u015fik\u00e7io\u011flu [&hellip;]<\/p>\n","protected":false},"author":12791,"featured_media":169436,"comment_status":"open","ping_status":"open","sticky":false,"template":"","format":"standard","meta":{"_yoast_wpseo_focuskw":"Erdal Be\u015fik\u00e7io\u011flu","_yoast_wpseo_title":"","_yoast_wpseo_metadesc":"Etimesgut Belediyesi'ne y\u00f6nelik y\u00fcr\u00fct\u00fclen soru\u015fturma kapsam\u0131nda Belediye Ba\u015fkan\u0131 Erdal Be\u015fik\u00e7io\u011flu g\u00f6zalt\u0131na al\u0131nd\u0131.","_bbp_topic_count":0,"_bbp_reply_count":0,"_bbp_total_topic_count":0,"_bbp_total_reply_count":0,"_bbp_voice_count":0,"_bbp_anonymous_reply_count":0,"_bbp_topic_count_hidden":0,"_bbp_reply_count_hidden":0,"_bbp_forum_subforum_count":0,"footnotes":"","_yoast_wpseo_focuskw_text_input":""},"categories":[1,8138,8226],"tags":[11969,11968,1326,4472],"yoast_head":"<!-- This site is optimized with the Yoast SEO plugin v23.0 - https:\/\/yoast.com\/wordpress\/plugins\/seo\/ -->\n<title>Erdal Be\u015fik\u00e7io\u011flu Ve \u00c7ok Say\u0131da Ki\u015fi G\u00f6zalt\u0131na Al\u0131nd\u0131 - The Epoch Times TR<\/title>\n<meta name=\"description\" content=\"Etimesgut Belediyesi&#039;ne y\u00f6nelik y\u00fcr\u00fct\u00fclen soru\u015fturma kapsam\u0131nda Belediye Ba\u015fkan\u0131 Erdal Be\u015fik\u00e7io\u011flu g\u00f6zalt\u0131na al\u0131nd\u0131.\" \/>\n<meta name=\"robots\" content=\"index, follow, max-snippet:-1, max-image-preview:large, max-video-preview:-1\" \/>\n<link rel=\"canonical\" href=\"https:\/\/epochtimestr.com\/index.php\/erdal-besikcioglu-ve-cok-sayida-kisi-gozaltina-alindi\" \/>\n<meta property=\"og:locale\" content=\"tr_TR\" \/>\n<meta property=\"og:type\" content=\"article\" \/>\n<meta property=\"og:title\" content=\"Erdal Be\u015fik\u00e7io\u011flu Ve \u00c7ok Say\u0131da Ki\u015fi G\u00f6zalt\u0131na Al\u0131nd\u0131 - The Epoch Times TR\" \/>\n<meta property=\"og:description\" content=\"Etimesgut Belediyesi&#039;ne y\u00f6nelik y\u00fcr\u00fct\u00fclen soru\u015fturma kapsam\u0131nda Belediye Ba\u015fkan\u0131 Erdal Be\u015fik\u00e7io\u011flu g\u00f6zalt\u0131na al\u0131nd\u0131.\" \/>\n<meta property=\"og:url\" content=\"https:\/\/epochtimestr.com\/index.php\/erdal-besikcioglu-ve-cok-sayida-kisi-gozaltina-alindi\" \/>\n<meta property=\"og:site_name\" content=\"The Epoch Times TR\" \/>\n<meta property=\"article:publisher\" content=\"https:\/\/www.facebook.com\/theepochtimestr\" \/>\n<meta property=\"article:published_time\" content=\"2026-07-30T10:22:43+00:00\" \/>\n<meta property=\"article:modified_time\" content=\"2026-07-30T10:22:46+00:00\" \/>\n<meta property=\"og:image\" content=\"https:\/\/epochtimestr.com\/wp-content\/uploads\/2011y\/besikcioglu.webp\" \/>\n\t<meta property=\"og:image:width\" content=\"972\" \/>\n\t<meta property=\"og:image:height\" content=\"648\" \/>\n\t<meta property=\"og:image:type\" content=\"image\/webp\" \/>\n<meta name=\"author\" content=\"Haber Merkezi\" \/>\n<meta name=\"twitter:card\" content=\"summary_large_image\" \/>\n<meta name=\"twitter:creator\" content=\"@TheEpochTimesTR\" \/>\n<meta name=\"twitter:site\" content=\"@TheEpochTimesTR\" \/>\n<meta name=\"twitter:label1\" content=\"Yazan:\" \/>\n\t<meta name=\"twitter:data1\" content=\"Haber Merkezi\" \/>\n\t<meta name=\"twitter:label2\" content=\"Tahmini okuma s\u00fcresi\" \/>\n\t<meta name=\"twitter:data2\" content=\"2 dakika\" \/>\n<script type=\"application\/ld+json\" class=\"yoast-schema-graph\">{\"@context\":\"https:\/\/schema.org\",\"@graph\":[{\"@type\":\"Article\",\"@id\":\"https:\/\/epochtimestr.com\/index.php\/erdal-besikcioglu-ve-cok-sayida-kisi-gozaltina-alindi#article\",\"isPartOf\":{\"@id\":\"https:\/\/epochtimestr.com\/index.php\/erdal-besikcioglu-ve-cok-sayida-kisi-gozaltina-alindi\"},\"author\":{\"name\":\"Haber Merkezi\",\"@id\":\"https:\/\/epochtimestr.com\/#\/schema\/person\/3dc5c3adeb9f43923c5aa85889172fdd\"},\"headline\":\"Erdal Be\u015fik\u00e7io\u011flu Ve \u00c7ok Say\u0131da Ki\u015fi G\u00f6zalt\u0131na Al\u0131nd\u0131\",\"datePublished\":\"2026-07-30T10:22:43+00:00\",\"dateModified\":\"2026-07-30T10:22:46+00:00\",\"mainEntityOfPage\":{\"@id\":\"https:\/\/epochtimestr.com\/index.php\/erdal-besikcioglu-ve-cok-sayida-kisi-gozaltina-alindi\"},\"wordCount\":294,\"commentCount\":0,\"publisher\":{\"@id\":\"https:\/\/epochtimestr.com\/#organization\"},\"image\":{\"@id\":\"https:\/\/epochtimestr.com\/index.php\/erdal-besikcioglu-ve-cok-sayida-kisi-gozaltina-alindi#primaryimage\"},\"thumbnailUrl\":\"https:\/\/epochtimestr.com\/wp-content\/uploads\/2011y\/besikcioglu.webp\",\"keywords\":[\"Erdal Be\u015fik\u00e7io\u011flu\",\"Etimesgut Belediyesi\",\"g\u00f6zalt\u0131\",\"\u0130\u00e7i\u015fleri bakanl\u0131\u011f\u0131\"],\"articleSection\":[\"G\u00dcNDEM\",\"MAN\u015eET\",\"Siyaset\"],\"inLanguage\":\"tr\",\"potentialAction\":[{\"@type\":\"CommentAction\",\"name\":\"Comment\",\"target\":[\"https:\/\/epochtimestr.com\/index.php\/erdal-besikcioglu-ve-cok-sayida-kisi-gozaltina-alindi#respond\"]}]},{\"@type\":\"WebPage\",\"@id\":\"https:\/\/epochtimestr.com\/index.php\/erdal-besikcioglu-ve-cok-sayida-kisi-gozaltina-alindi\",\"url\":\"https:\/\/epochtimestr.com\/index.php\/erdal-besikcioglu-ve-cok-sayida-kisi-gozaltina-alindi\",\"name\":\"Erdal Be\u015fik\u00e7io\u011flu Ve \u00c7ok Say\u0131da Ki\u015fi G\u00f6zalt\u0131na Al\u0131nd\u0131 - The Epoch Times TR\",\"isPartOf\":{\"@id\":\"https:\/\/epochtimestr.com\/#website\"},\"primaryImageOfPage\":{\"@id\":\"https:\/\/epochtimestr.com\/index.php\/erdal-besikcioglu-ve-cok-sayida-kisi-gozaltina-alindi#primaryimage\"},\"image\":{\"@id\":\"https:\/\/epochtimestr.com\/index.php\/erdal-besikcioglu-ve-cok-sayida-kisi-gozaltina-alindi#primaryimage\"},\"thumbnailUrl\":\"https:\/\/epochtimestr.com\/wp-content\/uploads\/2011y\/besikcioglu.webp\",\"datePublished\":\"2026-07-30T10:22:43+00:00\",\"dateModified\":\"2026-07-30T10:22:46+00:00\",\"description\":\"Etimesgut Belediyesi'ne y\u00f6nelik y\u00fcr\u00fct\u00fclen soru\u015fturma kapsam\u0131nda Belediye Ba\u015fkan\u0131 Erdal Be\u015fik\u00e7io\u011flu g\u00f6zalt\u0131na al\u0131nd\u0131.\",\"inLanguage\":\"tr\",\"potentialAction\":[{\"@type\":\"ReadAction\",\"target\":[\"https:\/\/epochtimestr.com\/index.php\/erdal-besikcioglu-ve-cok-sayida-kisi-gozaltina-alindi\"]}]},{\"@type\":\"ImageObject\",\"inLanguage\":\"tr\",\"@id\":\"https:\/\/epochtimestr.com\/index.php\/erdal-besikcioglu-ve-cok-sayida-kisi-gozaltina-alindi#primaryimage\",\"url\":\"https:\/\/epochtimestr.com\/wp-content\/uploads\/2011y\/besikcioglu.webp\",\"contentUrl\":\"https:\/\/epochtimestr.com\/wp-content\/uploads\/2011y\/besikcioglu.webp\",\"width\":972,\"height\":648},{\"@type\":\"WebSite\",\"@id\":\"https:\/\/epochtimestr.com\/#website\",\"url\":\"https:\/\/epochtimestr.com\/\",\"name\":\"The Epoch Times TR\",\"description\":\"De\u011fi\u015fen D\u00fcnyam\u0131za Taze Bir Bak\u0131\u015f\",\"publisher\":{\"@id\":\"https:\/\/epochtimestr.com\/#organization\"},\"potentialAction\":[{\"@type\":\"SearchAction\",\"target\":{\"@type\":\"EntryPoint\",\"urlTemplate\":\"https:\/\/epochtimestr.com\/?s={search_term_string}\"},\"query-input\":\"required name=search_term_string\"}],\"inLanguage\":\"tr\"},{\"@type\":\"Organization\",\"@id\":\"https:\/\/epochtimestr.com\/#organization\",\"name\":\"The EpochTimes T\u00fcrkiye\",\"url\":\"https:\/\/epochtimestr.com\/\",\"logo\":{\"@type\":\"ImageObject\",\"inLanguage\":\"tr\",\"@id\":\"https:\/\/epochtimestr.com\/#\/schema\/logo\/image\/\",\"url\":\"https:\/\/epochtimestr.com\/wp-content\/uploads\/2011y\/ET-Logo-YG.jpg\",\"contentUrl\":\"https:\/\/epochtimestr.com\/wp-content\/uploads\/2011y\/ET-Logo-YG.jpg\",\"width\":346,\"height\":29,\"caption\":\"The EpochTimes T\u00fcrkiye\"},\"image\":{\"@id\":\"https:\/\/epochtimestr.com\/#\/schema\/logo\/image\/\"},\"sameAs\":[\"https:\/\/www.facebook.com\/theepochtimestr\",\"https:\/\/x.com\/TheEpochTimesTR\",\"https:\/\/www.instagram.com\/epochtimestr\"]},{\"@type\":\"Person\",\"@id\":\"https:\/\/epochtimestr.com\/#\/schema\/person\/3dc5c3adeb9f43923c5aa85889172fdd\",\"name\":\"Haber Merkezi\",\"image\":{\"@type\":\"ImageObject\",\"inLanguage\":\"tr\",\"@id\":\"https:\/\/epochtimestr.com\/#\/schema\/person\/image\/\",\"url\":\"https:\/\/secure.gravatar.com\/avatar\/d73f772ba5a74f28601361e17c2f93e6?s=96&d=mm&r=g\",\"contentUrl\":\"https:\/\/secure.gravatar.com\/avatar\/d73f772ba5a74f28601361e17c2f93e6?s=96&d=mm&r=g\",\"caption\":\"Haber Merkezi\"},\"url\":\"https:\/\/epochtimestr.com\/index.php\/author\/sendag\"}]}<\/script>\n<!-- \/ Yoast SEO plugin. -->","yoast_head_json":{"title":"Erdal Be\u015fik\u00e7io\u011flu Ve \u00c7ok Say\u0131da Ki\u015fi G\u00f6zalt\u0131na Al\u0131nd\u0131 - The Epoch Times TR","description":"Etimesgut Belediyesi'ne y\u00f6nelik y\u00fcr\u00fct\u00fclen soru\u015fturma kapsam\u0131nda Belediye Ba\u015fkan\u0131 Erdal Be\u015fik\u00e7io\u011flu g\u00f6zalt\u0131na al\u0131nd\u0131.","robots":{"index":"index","follow":"follow","max-snippet":"max-snippet:-1","max-image-preview":"max-image-preview:large","max-video-preview":"max-video-preview:-1"},"canonical":"https:\/\/epochtimestr.com\/index.php\/erdal-besikcioglu-ve-cok-sayida-kisi-gozaltina-alindi","og_locale":"tr_TR","og_type":"article","og_title":"Erdal Be\u015fik\u00e7io\u011flu Ve \u00c7ok Say\u0131da Ki\u015fi G\u00f6zalt\u0131na Al\u0131nd\u0131 - The Epoch Times TR","og_description":"Etimesgut Belediyesi'ne y\u00f6nelik y\u00fcr\u00fct\u00fclen soru\u015fturma kapsam\u0131nda Belediye Ba\u015fkan\u0131 Erdal Be\u015fik\u00e7io\u011flu g\u00f6zalt\u0131na al\u0131nd\u0131.","og_url":"https:\/\/epochtimestr.com\/index.php\/erdal-besikcioglu-ve-cok-sayida-kisi-gozaltina-alindi","og_site_name":"The Epoch Times TR","article_publisher":"https:\/\/www.facebook.com\/theepochtimestr","article_published_time":"2026-07-30T10:22:43+00:00","article_modified_time":"2026-07-30T10:22:46+00:00","og_image":[{"width":972,"height":648,"url":"https:\/\/epochtimestr.com\/wp-content\/uploads\/2011y\/besikcioglu.webp","type":"image\/webp"}],"author":"Haber Merkezi","twitter_card":"summary_large_image","twitter_creator":"@TheEpochTimesTR","twitter_site":"@TheEpochTimesTR","twitter_misc":{"Yazan:":"Haber Merkezi","Tahmini okuma s\u00fcresi":"2 dakika"},"schema":{"@context":"https:\/\/schema.org","@graph":[{"@type":"Article","@id":"https:\/\/epochtimestr.com\/index.php\/erdal-besikcioglu-ve-cok-sayida-kisi-gozaltina-alindi#article","isPartOf":{"@id":"https:\/\/epochtimestr.com\/index.php\/erdal-besikcioglu-ve-cok-sayida-kisi-gozaltina-alindi"},"author":{"name":"Haber Merkezi","@id":"https:\/\/epochtimestr.com\/#\/schema\/person\/3dc5c3adeb9f43923c5aa85889172fdd"},"headline":"Erdal Be\u015fik\u00e7io\u011flu Ve \u00c7ok Say\u0131da Ki\u015fi G\u00f6zalt\u0131na Al\u0131nd\u0131","datePublished":"2026-07-30T10:22:43+00:00","dateModified":"2026-07-30T10:22:46+00:00","mainEntityOfPage":{"@id":"https:\/\/epochtimestr.com\/index.php\/erdal-besikcioglu-ve-cok-sayida-kisi-gozaltina-alindi"},"wordCount":294,"commentCount":0,"publisher":{"@id":"https:\/\/epochtimestr.com\/#organization"},"image":{"@id":"https:\/\/epochtimestr.com\/index.php\/erdal-besikcioglu-ve-cok-sayida-kisi-gozaltina-alindi#primaryimage"},"thumbnailUrl":"https:\/\/epochtimestr.com\/wp-content\/uploads\/2011y\/besikcioglu.webp","keywords":["Erdal Be\u015fik\u00e7io\u011flu","Etimesgut Belediyesi","g\u00f6zalt\u0131","\u0130\u00e7i\u015fleri bakanl\u0131\u011f\u0131"],"articleSection":["G\u00dcNDEM","MAN\u015eET","Siyaset"],"inLanguage":"tr","potentialAction":[{"@type":"CommentAction","name":"Comment","target":["https:\/\/epochtimestr.com\/index.php\/erdal-besikcioglu-ve-cok-sayida-kisi-gozaltina-alindi#respond"]}]},{"@type":"WebPage","@id":"https:\/\/epochtimestr.com\/index.php\/erdal-besikcioglu-ve-cok-sayida-kisi-gozaltina-alindi","url":"https:\/\/epochtimestr.com\/index.php\/erdal-besikcioglu-ve-cok-sayida-kisi-gozaltina-alindi","name":"Erdal Be\u015fik\u00e7io\u011flu Ve \u00c7ok Say\u0131da Ki\u015fi G\u00f6zalt\u0131na Al\u0131nd\u0131 - The Epoch Times TR","isPartOf":{"@id":"https:\/\/epochtimestr.com\/#website"},"primaryImageOfPage":{"@id":"https:\/\/epochtimestr.com\/index.php\/erdal-besikcioglu-ve-cok-sayida-kisi-gozaltina-alindi#primaryimage"},"image":{"@id":"https:\/\/epochtimestr.com\/index.php\/erdal-besikcioglu-ve-cok-sayida-kisi-gozaltina-alindi#primaryimage"},"thumbnailUrl":"https:\/\/epochtimestr.com\/wp-content\/uploads\/2011y\/besikcioglu.webp","datePublished":"2026-07-30T10:22:43+00:00","dateModified":"2026-07-30T10:22:46+00:00","description":"Etimesgut Belediyesi'ne y\u00f6nelik y\u00fcr\u00fct\u00fclen soru\u015fturma kapsam\u0131nda Belediye Ba\u015fkan\u0131 Erdal Be\u015fik\u00e7io\u011flu g\u00f6zalt\u0131na al\u0131nd\u0131.","inLanguage":"tr","potentialAction":[{"@type":"ReadAction","target":["https:\/\/epochtimestr.com\/index.php\/erdal-besikcioglu-ve-cok-sayida-kisi-gozaltina-alindi"]}]},{"@type":"ImageObject","inLanguage":"tr","@id":"https:\/\/epochtimestr.com\/index.php\/erdal-besikcioglu-ve-cok-sayida-kisi-gozaltina-alindi#primaryimage","url":"https:\/\/epochtimestr.com\/wp-content\/uploads\/2011y\/besikcioglu.webp","contentUrl":"https:\/\/epochtimestr.com\/wp-content\/uploads\/2011y\/besikcioglu.webp","width":972,"height":648},{"@type":"WebSite","@id":"https:\/\/epochtimestr.com\/#website","url":"https:\/\/epochtimestr.com\/","name":"The Epoch Times TR","description":"De\u011fi\u015fen D\u00fcnyam\u0131za Taze Bir Bak\u0131\u015f","publisher":{"@id":"https:\/\/epochtimestr.com\/#organization"},"potentialAction":[{"@type":"SearchAction","target":{"@type":"EntryPoint","urlTemplate":"https:\/\/epochtimestr.com\/?s={search_term_string}"},"query-input":"required name=search_term_string"}],"inLanguage":"tr"},{"@type":"Organization","@id":"https:\/\/epochtimestr.com\/#organization","name":"The EpochTimes T\u00fcrkiye","url":"https:\/\/epochtimestr.com\/","logo":{"@type":"ImageObject","inLanguage":"tr","@id":"https:\/\/epochtimestr.com\/#\/schema\/logo\/image\/","url":"https:\/\/epochtimestr.com\/wp-content\/uploads\/2011y\/ET-Logo-YG.jpg","contentUrl":"https:\/\/epochtimestr.com\/wp-content\/uploads\/2011y\/ET-Logo-YG.jpg","width":346,"height":29,"caption":"The EpochTimes T\u00fcrkiye"},"image":{"@id":"https:\/\/epochtimestr.com\/#\/schema\/logo\/image\/"},"sameAs":["https:\/\/www.facebook.com\/theepochtimestr","https:\/\/x.com\/TheEpochTimesTR","https:\/\/www.instagram.com\/epochtimestr"]},{"@type":"Person","@id":"https:\/\/epochtimestr.com\/#\/schema\/person\/3dc5c3adeb9f43923c5aa85889172fdd","name":"Haber Merkezi","image":{"@type":"ImageObject","inLanguage":"tr","@id":"https:\/\/epochtimestr.com\/#\/schema\/person\/image\/","url":"https:\/\/secure.gravatar.com\/avatar\/d73f772ba5a74f28601361e17c2f93e6?s=96&d=mm&r=g","contentUrl":"https:\/\/secure.gravatar.com\/avatar\/d73f772ba5a74f28601361e17c2f93e6?s=96&d=mm&r=g","caption":"Haber Merkezi"},"url":"https:\/\/epochtimestr.com\/index.php\/author\/sendag"}]}},"_links":{"self":[{"href":"https:\/\/epochtimestr.com\/index.php\/wp-json\/wp\/v2\/posts\/169435"}],"collection":[{"href":"https:\/\/epochtimestr.com\/index.php\/wp-json\/wp\/v2\/posts"}],"about":[{"href":"https:\/\/epochtimestr.com\/index.php\/wp-json\/wp\/v2\/types\/post"}],"author":[{"embeddable":true,"href":"https:\/\/epochtimestr.com\/index.php\/wp-json\/wp\/v2\/users\/12791"}],"replies":[{"embeddable":true,"href":"https:\/\/epochtimestr.com\/index.php\/wp-json\/wp\/v2\/comments?post=169435"}],"version-history":[{"count":2,"href":"https:\/\/epochtimestr.com\/index.php\/wp-json\/wp\/v2\/posts\/169435\/revisions"}],"predecessor-version":[{"id":169454,"href":"https:\/\/epochtimestr.com\/index.php\/wp-json\/wp\/v2\/posts\/169435\/revisions\/169454"}],"wp:featuredmedia":[{"embeddable":true,"href":"https:\/\/epochtimestr.com\/index.php\/wp-json\/wp\/v2\/media\/169436"}],"wp:attachment":[{"href":"https:\/\/epochtimestr.com\/index.php\/wp-json\/wp\/v2\/media?parent=169435"}],"wp:term":[{"taxonomy":"category","embeddable":true,"href":"https:\/\/epochtimestr.com\/index.php\/wp-json\/wp\/v2\/categories?post=169435"},{"taxonomy":"post_tag","embeddable":true,"href":"https:\/\/epochtimestr.com\/index.php\/wp-json\/wp\/v2\/tags?post=169435"}],"curies":[{"name":"wp","href":"https:\/\/api.w.org\/{rel}","templated":true}]}}