{"id":169438,"date":"2026-07-30T13:30:30","date_gmt":"2026-07-30T10:30:30","guid":{"rendered":"https:\/\/epochtimestr.com\/?p=169438"},"modified":"2026-07-30T13:30:33","modified_gmt":"2026-07-30T10:30:33","slug":"bakan-yumakli-acikladi-toplam-110-yangin-kontrol-altinda","status":"publish","type":"post","link":"https:\/\/epochtimestr.com\/index.php\/bakan-yumakli-acikladi-toplam-110-yangin-kontrol-altinda","title":{"rendered":"Bakan Yumakl\u0131 A\u00e7\u0131klad\u0131: Toplam 110 Yang\u0131n Kontrol Alt\u0131nda"},"content":{"rendered":"<div class=\"wp-block-image\">\n<figure class=\"aligncenter size-full is-resized\"><img loading=\"lazy\" decoding=\"async\" width=\"1280\" height=\"853\" src=\"https:\/\/epochtimestr.com\/wp-content\/uploads\/2011y\/pixabay-23.jpg\" alt=\"Bakan \u0130brahim Yumakl\u0131, toplam 110 yang\u0131n\u0131n kontrol alt\u0131na al\u0131nd\u0131\u011f\u0131n\u0131 a\u00e7\u0131klad\u0131. (G\u00f6rsel: ELG21, Pixabay)\" class=\"wp-image-169390\" style=\"width:840px;height:auto\" srcset=\"https:\/\/epochtimestr.com\/wp-content\/uploads\/2011y\/pixabay-23.jpg 1280w, https:\/\/epochtimestr.com\/wp-content\/uploads\/2011y\/pixabay-23-300x200.jpg 300w, https:\/\/epochtimestr.com\/wp-content\/uploads\/2011y\/pixabay-23-150x100.jpg 150w, https:\/\/epochtimestr.com\/wp-content\/uploads\/2011y\/pixabay-23-768x512.jpg 768w\" sizes=\"(max-width: 1280px) 100vw, 1280px\" \/><figcaption class=\"wp-element-caption\">Bakan \u0130brahim Yumakl\u0131, toplam 110 yang\u0131n\u0131n kontrol alt\u0131na al\u0131nd\u0131\u011f\u0131n\u0131 a\u00e7\u0131klad\u0131. (G\u00f6rsel: <em>ELG21, Pixabay<\/em>)<\/figcaption><\/figure><\/div>\n\n\n<h2 class=\"wp-block-heading\">Tar\u0131m ve Orman Bakan\u0131 \u0130brahim Yumakl\u0131, d\u00fcnden bu yana \u00fclke genelinde 69&#8217;u orman d\u0131\u015f\u0131 olmak \u00fczere toplam 115 yang\u0131na m\u00fcdahale edildi\u011fini a\u00e7\u0131klad\u0131.<\/h2>\n\n\n\n<p>Tar\u0131m ve Orman Bakan\u0131 \u0130brahim Yumakl\u0131 T\u00fcrkiye genelindeki <a href=\"https:\/\/epochtimestr.com\/index.php\/kas-mugla-ve-kutahyada-orman-yanginlari\" target=\"_blank\" rel=\"noreferrer noopener\">yang\u0131n<\/a>lar ve yap\u0131lan \u00e7al\u0131\u015fmalarla ilgili bilgilendirme yapt\u0131. Bakan <a href=\"https:\/\/epochtimestr.com\/index.php\/yumakli-toplam-1-milyar-445-milyon-424-bin-tl-tarimsal-destekleme-odemesini-bugun-ciftcilerimizin-hesaplarina-aktariyoruz\" target=\"_blank\" rel=\"noreferrer noopener\">\u0130brahim Yumakl\u0131,<\/a> d\u00fcnden (29 Temmuz) bu yana \u00fclke genelinde 69&#8217;u orman d\u0131\u015f\u0131 olmak \u00fczere toplam 115 yang\u0131na m\u00fcdahale edildi\u011fini a\u00e7\u0131klad\u0131.<\/p>\n\n\n\n<p><strong>Bir hastane ile 121 ev tahliye edildi<\/strong>.<\/p>\n\n\n\n<p>\u0130zmir Bornova il\u00e7esi E\u011fridere Mahallesi&#8217;ndeki ormanda \u00e7\u0131kt\u0131. \u0130hbar \u00fczerine b\u00f6lgeye \u0130zmir Orman B\u00f6lge M\u00fcd\u00fcrl\u00fc\u011f\u00fcne ait 17 araz\u00f6z, 1 dozer, \u00e7ok say\u0131da itfaiye ve AFAD ekipleri sevk edildi. \u0130zmir, Antalya ve Mu\u011fla\u2019dan korkutan g\u00f6r\u00fcnt\u00fcler geldi. Karayollar\u0131 ula\u015f\u0131ma kapand\u0131. Mu\u011fla\u2019n\u0131n Seydikemer ile Fethiye il\u00e7elerinde de ormanlar alev ald\u0131. Bir hastane ile 121 ev tahliye edildi.<\/p>\n\n\n\n<p><strong>Tedbir amac\u0131yla yerle\u015fim yerlerinin tahliyesine karar verildi<\/strong>.<br \/>Antalya&#8217;n\u0131n Alanya il\u00e7esi Sapadere Mahallesi\u2019nde ba\u015flayan orman yang\u0131n\u0131, kuvvetli r\u00fczgar\u0131n etkisiyle k\u0131sa s\u00fcrede geni\u015f bir alana yay\u0131ld\u0131. Fak\u0131rcal\u0131 ve Beldibi mahallelerine de s\u0131\u00e7rayan alevler nedeniyle tedbir amac\u0131yla yerle\u015fim yerlerinin tahliyesine karar verildi. \u0130lk belirlemelere g\u00f6re 3 mahallede toplam 45 konut bo\u015falt\u0131l\u0131rken, ekipler alevlerin evlere s\u0131\u00e7ramamas\u0131 i\u00e7in \u00e7al\u0131\u015fmalar\u0131n\u0131 s\u00fcrd\u00fcr\u00fcyor.<\/p>\n\n\n\n<p><strong>Meteoroloji Genel M\u00fcd\u00fcrl\u00fc\u011f\u00fc a\u00e7\u0131klama yapt\u0131:<\/strong><\/p>\n\n\n\n<p> 29 Temmuz tarihinden ba\u015flayarak 4 g\u00fcn s\u00fcreyle kentte genelinde y\u00fcksek s\u0131cakl\u0131k, kuvvetli r\u00fczgar ve d\u00fc\u015f\u00fck nemin etkili olmas\u0131 bekleniyor. \u00c7anakkale Valili\u011fi, bu sebeple belirtilen tarihlerde kent genelinde a\u00e7\u0131k alanlarda ate\u015f yakman\u0131n yasakland\u0131\u011f\u0131n\u0131 duyurdu.<\/p>\n\n\n\n<figure class=\"wp-block-embed is-type-rich is-provider-x wp-block-embed-x\"><div class=\"wp-block-embed__wrapper\">\n<blockquote class=\"twitter-tweet\" data-width=\"550\" data-dnt=\"true\"><p lang=\"tr\" dir=\"ltr\"><a href=\"https:\/\/x.com\/hashtag\/CANLI?src=hash&amp;ref_src=twsrc%5Etfw\">#CANLI<\/a> \ud83d\udce1<br><br>Bakan\u0131m\u0131z Say\u0131n <a href=\"https:\/\/x.com\/ibrahimyumakli?ref_src=twsrc%5Etfw\">@ibrahimyumakli<\/a>, yurt genelinde devam eden yang\u0131nlara ili\u015fkin a\u00e7\u0131klamalarda bulunuyor.<br><br>\ud83d\udccdAnkara | Orman <a href=\"https:\/\/x.com\/hashtag\/Yang%C4%B1n?src=hash&amp;ref_src=twsrc%5Etfw\">#Yang\u0131n<\/a> Koordinasyon Merkezi <a href=\"https:\/\/t.co\/EJxioJYEbL\">https:\/\/t.co\/EJxioJYEbL<\/a><\/p>&mdash; T.C. Tar\u0131m ve Orman Bakanl\u0131\u011f\u0131 (@TCTarim) <a href=\"https:\/\/x.com\/TCTarim\/status\/2082725981098221915?ref_src=twsrc%5Etfw\">July 30, 2026<\/a><\/blockquote><script async src=\"https:\/\/platform.x.com\/widgets.js\" charset=\"utf-8\"><\/script>\n<\/div><\/figure>\n","protected":false},"excerpt":{"rendered":"<p>Tar\u0131m ve Orman Bakan\u0131 \u0130brahim Yumakl\u0131, d\u00fcnden bu yana \u00fclke genelinde 69&#8217;u orman d\u0131\u015f\u0131 olmak \u00fczere toplam 115 yang\u0131na m\u00fcdahale edildi\u011fini a\u00e7\u0131klad\u0131. Tar\u0131m ve Orman Bakan\u0131 \u0130brahim Yumakl\u0131 T\u00fcrkiye genelindeki yang\u0131nlar ve yap\u0131lan \u00e7al\u0131\u015fmalarla ilgili bilgilendirme yapt\u0131. Bakan \u0130brahim Yumakl\u0131, d\u00fcnden (29 Temmuz) bu yana \u00fclke genelinde 69&#8217;u orman d\u0131\u015f\u0131 olmak \u00fczere toplam 115 yang\u0131na [&hellip;]<\/p>\n","protected":false},"author":12791,"featured_media":169390,"comment_status":"open","ping_status":"open","sticky":false,"template":"","format":"standard","meta":{"_yoast_wpseo_focuskw":"Yumakl\u0131","_yoast_wpseo_title":"","_yoast_wpseo_metadesc":"Yumakl\u0131, d\u00fcnden bu yana \u00fclke genelinde 69'u orman d\u0131\u015f\u0131 olmak \u00fczere toplam 115 yang\u0131na m\u00fcdahale edildi\u011fini a\u00e7\u0131klad\u0131.","_bbp_topic_count":0,"_bbp_reply_count":0,"_bbp_total_topic_count":0,"_bbp_total_reply_count":0,"_bbp_voice_count":0,"_bbp_anonymous_reply_count":0,"_bbp_topic_count_hidden":0,"_bbp_reply_count_hidden":0,"_bbp_forum_subforum_count":0,"footnotes":"","_yoast_wpseo_focuskw_text_input":""},"categories":[1,8138,8419],"tags":[11971,78,53,11970],"yoast_head":"<!-- This site is optimized with the Yoast SEO plugin v23.0 - https:\/\/yoast.com\/wordpress\/plugins\/seo\/ -->\n<title>Bakan Yumakl\u0131 A\u00e7\u0131klad\u0131: Toplam 110 Yang\u0131n Kontrol Alt\u0131nda - The Epoch Times TR<\/title>\n<meta name=\"description\" content=\"Yumakl\u0131, d\u00fcnden bu yana \u00fclke genelinde 69&#039;u orman d\u0131\u015f\u0131 olmak \u00fczere toplam 115 yang\u0131na m\u00fcdahale edildi\u011fini a\u00e7\u0131klad\u0131.\" \/>\n<meta name=\"robots\" content=\"index, follow, max-snippet:-1, max-image-preview:large, max-video-preview:-1\" \/>\n<link rel=\"canonical\" href=\"https:\/\/epochtimestr.com\/index.php\/bakan-yumakli-acikladi-toplam-110-yangin-kontrol-altinda\" \/>\n<meta property=\"og:locale\" content=\"tr_TR\" \/>\n<meta property=\"og:type\" content=\"article\" \/>\n<meta property=\"og:title\" content=\"Bakan Yumakl\u0131 A\u00e7\u0131klad\u0131: Toplam 110 Yang\u0131n Kontrol Alt\u0131nda - The Epoch Times TR\" \/>\n<meta property=\"og:description\" content=\"Yumakl\u0131, d\u00fcnden bu yana \u00fclke genelinde 69&#039;u orman d\u0131\u015f\u0131 olmak \u00fczere toplam 115 yang\u0131na m\u00fcdahale edildi\u011fini a\u00e7\u0131klad\u0131.\" \/>\n<meta property=\"og:url\" content=\"https:\/\/epochtimestr.com\/index.php\/bakan-yumakli-acikladi-toplam-110-yangin-kontrol-altinda\" \/>\n<meta property=\"og:site_name\" content=\"The Epoch Times TR\" \/>\n<meta property=\"article:publisher\" content=\"https:\/\/www.facebook.com\/theepochtimestr\" \/>\n<meta property=\"article:published_time\" content=\"2026-07-30T10:30:30+00:00\" \/>\n<meta property=\"article:modified_time\" content=\"2026-07-30T10:30:33+00:00\" \/>\n<meta property=\"og:image\" content=\"https:\/\/epochtimestr.com\/wp-content\/uploads\/2011y\/pixabay-23.jpg\" \/>\n\t<meta property=\"og:image:width\" content=\"1280\" \/>\n\t<meta property=\"og:image:height\" content=\"853\" \/>\n\t<meta property=\"og:image:type\" content=\"image\/jpeg\" \/>\n<meta name=\"author\" content=\"Haber Merkezi\" \/>\n<meta name=\"twitter:card\" content=\"summary_large_image\" \/>\n<meta name=\"twitter:creator\" content=\"@TheEpochTimesTR\" \/>\n<meta name=\"twitter:site\" content=\"@TheEpochTimesTR\" \/>\n<meta name=\"twitter:label1\" content=\"Yazan:\" \/>\n\t<meta name=\"twitter:data1\" content=\"Haber Merkezi\" \/>\n\t<meta name=\"twitter:label2\" content=\"Tahmini okuma s\u00fcresi\" \/>\n\t<meta name=\"twitter:data2\" content=\"2 dakika\" \/>\n<script type=\"application\/ld+json\" class=\"yoast-schema-graph\">{\"@context\":\"https:\/\/schema.org\",\"@graph\":[{\"@type\":\"Article\",\"@id\":\"https:\/\/epochtimestr.com\/index.php\/bakan-yumakli-acikladi-toplam-110-yangin-kontrol-altinda#article\",\"isPartOf\":{\"@id\":\"https:\/\/epochtimestr.com\/index.php\/bakan-yumakli-acikladi-toplam-110-yangin-kontrol-altinda\"},\"author\":{\"name\":\"Haber Merkezi\",\"@id\":\"https:\/\/epochtimestr.com\/#\/schema\/person\/3dc5c3adeb9f43923c5aa85889172fdd\"},\"headline\":\"Bakan Yumakl\u0131 A\u00e7\u0131klad\u0131: Toplam 110 Yang\u0131n Kontrol Alt\u0131nda\",\"datePublished\":\"2026-07-30T10:30:30+00:00\",\"dateModified\":\"2026-07-30T10:30:33+00:00\",\"mainEntityOfPage\":{\"@id\":\"https:\/\/epochtimestr.com\/index.php\/bakan-yumakli-acikladi-toplam-110-yangin-kontrol-altinda\"},\"wordCount\":311,\"commentCount\":0,\"publisher\":{\"@id\":\"https:\/\/epochtimestr.com\/#organization\"},\"image\":{\"@id\":\"https:\/\/epochtimestr.com\/index.php\/bakan-yumakli-acikladi-toplam-110-yangin-kontrol-altinda#primaryimage\"},\"thumbnailUrl\":\"https:\/\/epochtimestr.com\/wp-content\/uploads\/2011y\/pixabay-23.jpg\",\"keywords\":[\"\u0130brahim Yumakl\u0131\",\"orman\",\"yang\u0131n\",\"yerle\u015fim yerleri\"],\"articleSection\":[\"G\u00dcNDEM\",\"MAN\u015eET\",\"Ya\u015fam\"],\"inLanguage\":\"tr\",\"potentialAction\":[{\"@type\":\"CommentAction\",\"name\":\"Comment\",\"target\":[\"https:\/\/epochtimestr.com\/index.php\/bakan-yumakli-acikladi-toplam-110-yangin-kontrol-altinda#respond\"]}]},{\"@type\":\"WebPage\",\"@id\":\"https:\/\/epochtimestr.com\/index.php\/bakan-yumakli-acikladi-toplam-110-yangin-kontrol-altinda\",\"url\":\"https:\/\/epochtimestr.com\/index.php\/bakan-yumakli-acikladi-toplam-110-yangin-kontrol-altinda\",\"name\":\"Bakan Yumakl\u0131 A\u00e7\u0131klad\u0131: Toplam 110 Yang\u0131n Kontrol Alt\u0131nda - The Epoch Times TR\",\"isPartOf\":{\"@id\":\"https:\/\/epochtimestr.com\/#website\"},\"primaryImageOfPage\":{\"@id\":\"https:\/\/epochtimestr.com\/index.php\/bakan-yumakli-acikladi-toplam-110-yangin-kontrol-altinda#primaryimage\"},\"image\":{\"@id\":\"https:\/\/epochtimestr.com\/index.php\/bakan-yumakli-acikladi-toplam-110-yangin-kontrol-altinda#primaryimage\"},\"thumbnailUrl\":\"https:\/\/epochtimestr.com\/wp-content\/uploads\/2011y\/pixabay-23.jpg\",\"datePublished\":\"2026-07-30T10:30:30+00:00\",\"dateModified\":\"2026-07-30T10:30:33+00:00\",\"description\":\"Yumakl\u0131, d\u00fcnden bu yana \u00fclke genelinde 69'u orman d\u0131\u015f\u0131 olmak \u00fczere toplam 115 yang\u0131na m\u00fcdahale edildi\u011fini a\u00e7\u0131klad\u0131.\",\"inLanguage\":\"tr\",\"potentialAction\":[{\"@type\":\"ReadAction\",\"target\":[\"https:\/\/epochtimestr.com\/index.php\/bakan-yumakli-acikladi-toplam-110-yangin-kontrol-altinda\"]}]},{\"@type\":\"ImageObject\",\"inLanguage\":\"tr\",\"@id\":\"https:\/\/epochtimestr.com\/index.php\/bakan-yumakli-acikladi-toplam-110-yangin-kontrol-altinda#primaryimage\",\"url\":\"https:\/\/epochtimestr.com\/wp-content\/uploads\/2011y\/pixabay-23.jpg\",\"contentUrl\":\"https:\/\/epochtimestr.com\/wp-content\/uploads\/2011y\/pixabay-23.jpg\",\"width\":1280,\"height\":853},{\"@type\":\"WebSite\",\"@id\":\"https:\/\/epochtimestr.com\/#website\",\"url\":\"https:\/\/epochtimestr.com\/\",\"name\":\"The Epoch Times TR\",\"description\":\"De\u011fi\u015fen D\u00fcnyam\u0131za Taze Bir Bak\u0131\u015f\",\"publisher\":{\"@id\":\"https:\/\/epochtimestr.com\/#organization\"},\"potentialAction\":[{\"@type\":\"SearchAction\",\"target\":{\"@type\":\"EntryPoint\",\"urlTemplate\":\"https:\/\/epochtimestr.com\/?s={search_term_string}\"},\"query-input\":\"required name=search_term_string\"}],\"inLanguage\":\"tr\"},{\"@type\":\"Organization\",\"@id\":\"https:\/\/epochtimestr.com\/#organization\",\"name\":\"The EpochTimes T\u00fcrkiye\",\"url\":\"https:\/\/epochtimestr.com\/\",\"logo\":{\"@type\":\"ImageObject\",\"inLanguage\":\"tr\",\"@id\":\"https:\/\/epochtimestr.com\/#\/schema\/logo\/image\/\",\"url\":\"https:\/\/epochtimestr.com\/wp-content\/uploads\/2011y\/ET-Logo-YG.jpg\",\"contentUrl\":\"https:\/\/epochtimestr.com\/wp-content\/uploads\/2011y\/ET-Logo-YG.jpg\",\"width\":346,\"height\":29,\"caption\":\"The EpochTimes T\u00fcrkiye\"},\"image\":{\"@id\":\"https:\/\/epochtimestr.com\/#\/schema\/logo\/image\/\"},\"sameAs\":[\"https:\/\/www.facebook.com\/theepochtimestr\",\"https:\/\/x.com\/TheEpochTimesTR\",\"https:\/\/www.instagram.com\/epochtimestr\"]},{\"@type\":\"Person\",\"@id\":\"https:\/\/epochtimestr.com\/#\/schema\/person\/3dc5c3adeb9f43923c5aa85889172fdd\",\"name\":\"Haber Merkezi\",\"image\":{\"@type\":\"ImageObject\",\"inLanguage\":\"tr\",\"@id\":\"https:\/\/epochtimestr.com\/#\/schema\/person\/image\/\",\"url\":\"https:\/\/secure.gravatar.com\/avatar\/d73f772ba5a74f28601361e17c2f93e6?s=96&d=mm&r=g\",\"contentUrl\":\"https:\/\/secure.gravatar.com\/avatar\/d73f772ba5a74f28601361e17c2f93e6?s=96&d=mm&r=g\",\"caption\":\"Haber Merkezi\"},\"url\":\"https:\/\/epochtimestr.com\/index.php\/author\/sendag\"}]}<\/script>\n<!-- \/ Yoast SEO plugin. -->","yoast_head_json":{"title":"Bakan Yumakl\u0131 A\u00e7\u0131klad\u0131: Toplam 110 Yang\u0131n Kontrol Alt\u0131nda - The Epoch Times TR","description":"Yumakl\u0131, d\u00fcnden bu yana \u00fclke genelinde 69'u orman d\u0131\u015f\u0131 olmak \u00fczere toplam 115 yang\u0131na m\u00fcdahale edildi\u011fini a\u00e7\u0131klad\u0131.","robots":{"index":"index","follow":"follow","max-snippet":"max-snippet:-1","max-image-preview":"max-image-preview:large","max-video-preview":"max-video-preview:-1"},"canonical":"https:\/\/epochtimestr.com\/index.php\/bakan-yumakli-acikladi-toplam-110-yangin-kontrol-altinda","og_locale":"tr_TR","og_type":"article","og_title":"Bakan Yumakl\u0131 A\u00e7\u0131klad\u0131: Toplam 110 Yang\u0131n Kontrol Alt\u0131nda - The Epoch Times TR","og_description":"Yumakl\u0131, d\u00fcnden bu yana \u00fclke genelinde 69'u orman d\u0131\u015f\u0131 olmak \u00fczere toplam 115 yang\u0131na m\u00fcdahale edildi\u011fini a\u00e7\u0131klad\u0131.","og_url":"https:\/\/epochtimestr.com\/index.php\/bakan-yumakli-acikladi-toplam-110-yangin-kontrol-altinda","og_site_name":"The Epoch Times TR","article_publisher":"https:\/\/www.facebook.com\/theepochtimestr","article_published_time":"2026-07-30T10:30:30+00:00","article_modified_time":"2026-07-30T10:30:33+00:00","og_image":[{"width":1280,"height":853,"url":"https:\/\/epochtimestr.com\/wp-content\/uploads\/2011y\/pixabay-23.jpg","type":"image\/jpeg"}],"author":"Haber Merkezi","twitter_card":"summary_large_image","twitter_creator":"@TheEpochTimesTR","twitter_site":"@TheEpochTimesTR","twitter_misc":{"Yazan:":"Haber Merkezi","Tahmini okuma s\u00fcresi":"2 dakika"},"schema":{"@context":"https:\/\/schema.org","@graph":[{"@type":"Article","@id":"https:\/\/epochtimestr.com\/index.php\/bakan-yumakli-acikladi-toplam-110-yangin-kontrol-altinda#article","isPartOf":{"@id":"https:\/\/epochtimestr.com\/index.php\/bakan-yumakli-acikladi-toplam-110-yangin-kontrol-altinda"},"author":{"name":"Haber Merkezi","@id":"https:\/\/epochtimestr.com\/#\/schema\/person\/3dc5c3adeb9f43923c5aa85889172fdd"},"headline":"Bakan Yumakl\u0131 A\u00e7\u0131klad\u0131: Toplam 110 Yang\u0131n Kontrol Alt\u0131nda","datePublished":"2026-07-30T10:30:30+00:00","dateModified":"2026-07-30T10:30:33+00:00","mainEntityOfPage":{"@id":"https:\/\/epochtimestr.com\/index.php\/bakan-yumakli-acikladi-toplam-110-yangin-kontrol-altinda"},"wordCount":311,"commentCount":0,"publisher":{"@id":"https:\/\/epochtimestr.com\/#organization"},"image":{"@id":"https:\/\/epochtimestr.com\/index.php\/bakan-yumakli-acikladi-toplam-110-yangin-kontrol-altinda#primaryimage"},"thumbnailUrl":"https:\/\/epochtimestr.com\/wp-content\/uploads\/2011y\/pixabay-23.jpg","keywords":["\u0130brahim Yumakl\u0131","orman","yang\u0131n","yerle\u015fim yerleri"],"articleSection":["G\u00dcNDEM","MAN\u015eET","Ya\u015fam"],"inLanguage":"tr","potentialAction":[{"@type":"CommentAction","name":"Comment","target":["https:\/\/epochtimestr.com\/index.php\/bakan-yumakli-acikladi-toplam-110-yangin-kontrol-altinda#respond"]}]},{"@type":"WebPage","@id":"https:\/\/epochtimestr.com\/index.php\/bakan-yumakli-acikladi-toplam-110-yangin-kontrol-altinda","url":"https:\/\/epochtimestr.com\/index.php\/bakan-yumakli-acikladi-toplam-110-yangin-kontrol-altinda","name":"Bakan Yumakl\u0131 A\u00e7\u0131klad\u0131: Toplam 110 Yang\u0131n Kontrol Alt\u0131nda - The Epoch Times TR","isPartOf":{"@id":"https:\/\/epochtimestr.com\/#website"},"primaryImageOfPage":{"@id":"https:\/\/epochtimestr.com\/index.php\/bakan-yumakli-acikladi-toplam-110-yangin-kontrol-altinda#primaryimage"},"image":{"@id":"https:\/\/epochtimestr.com\/index.php\/bakan-yumakli-acikladi-toplam-110-yangin-kontrol-altinda#primaryimage"},"thumbnailUrl":"https:\/\/epochtimestr.com\/wp-content\/uploads\/2011y\/pixabay-23.jpg","datePublished":"2026-07-30T10:30:30+00:00","dateModified":"2026-07-30T10:30:33+00:00","description":"Yumakl\u0131, d\u00fcnden bu yana \u00fclke genelinde 69'u orman d\u0131\u015f\u0131 olmak \u00fczere toplam 115 yang\u0131na m\u00fcdahale edildi\u011fini a\u00e7\u0131klad\u0131.","inLanguage":"tr","potentialAction":[{"@type":"ReadAction","target":["https:\/\/epochtimestr.com\/index.php\/bakan-yumakli-acikladi-toplam-110-yangin-kontrol-altinda"]}]},{"@type":"ImageObject","inLanguage":"tr","@id":"https:\/\/epochtimestr.com\/index.php\/bakan-yumakli-acikladi-toplam-110-yangin-kontrol-altinda#primaryimage","url":"https:\/\/epochtimestr.com\/wp-content\/uploads\/2011y\/pixabay-23.jpg","contentUrl":"https:\/\/epochtimestr.com\/wp-content\/uploads\/2011y\/pixabay-23.jpg","width":1280,"height":853},{"@type":"WebSite","@id":"https:\/\/epochtimestr.com\/#website","url":"https:\/\/epochtimestr.com\/","name":"The Epoch Times TR","description":"De\u011fi\u015fen D\u00fcnyam\u0131za Taze Bir Bak\u0131\u015f","publisher":{"@id":"https:\/\/epochtimestr.com\/#organization"},"potentialAction":[{"@type":"SearchAction","target":{"@type":"EntryPoint","urlTemplate":"https:\/\/epochtimestr.com\/?s={search_term_string}"},"query-input":"required name=search_term_string"}],"inLanguage":"tr"},{"@type":"Organization","@id":"https:\/\/epochtimestr.com\/#organization","name":"The EpochTimes T\u00fcrkiye","url":"https:\/\/epochtimestr.com\/","logo":{"@type":"ImageObject","inLanguage":"tr","@id":"https:\/\/epochtimestr.com\/#\/schema\/logo\/image\/","url":"https:\/\/epochtimestr.com\/wp-content\/uploads\/2011y\/ET-Logo-YG.jpg","contentUrl":"https:\/\/epochtimestr.com\/wp-content\/uploads\/2011y\/ET-Logo-YG.jpg","width":346,"height":29,"caption":"The EpochTimes T\u00fcrkiye"},"image":{"@id":"https:\/\/epochtimestr.com\/#\/schema\/logo\/image\/"},"sameAs":["https:\/\/www.facebook.com\/theepochtimestr","https:\/\/x.com\/TheEpochTimesTR","https:\/\/www.instagram.com\/epochtimestr"]},{"@type":"Person","@id":"https:\/\/epochtimestr.com\/#\/schema\/person\/3dc5c3adeb9f43923c5aa85889172fdd","name":"Haber Merkezi","image":{"@type":"ImageObject","inLanguage":"tr","@id":"https:\/\/epochtimestr.com\/#\/schema\/person\/image\/","url":"https:\/\/secure.gravatar.com\/avatar\/d73f772ba5a74f28601361e17c2f93e6?s=96&d=mm&r=g","contentUrl":"https:\/\/secure.gravatar.com\/avatar\/d73f772ba5a74f28601361e17c2f93e6?s=96&d=mm&r=g","caption":"Haber Merkezi"},"url":"https:\/\/epochtimestr.com\/index.php\/author\/sendag"}]}},"_links":{"self":[{"href":"https:\/\/epochtimestr.com\/index.php\/wp-json\/wp\/v2\/posts\/169438"}],"collection":[{"href":"https:\/\/epochtimestr.com\/index.php\/wp-json\/wp\/v2\/posts"}],"about":[{"href":"https:\/\/epochtimestr.com\/index.php\/wp-json\/wp\/v2\/types\/post"}],"author":[{"embeddable":true,"href":"https:\/\/epochtimestr.com\/index.php\/wp-json\/wp\/v2\/users\/12791"}],"replies":[{"embeddable":true,"href":"https:\/\/epochtimestr.com\/index.php\/wp-json\/wp\/v2\/comments?post=169438"}],"version-history":[{"count":2,"href":"https:\/\/epochtimestr.com\/index.php\/wp-json\/wp\/v2\/posts\/169438\/revisions"}],"predecessor-version":[{"id":169456,"href":"https:\/\/epochtimestr.com\/index.php\/wp-json\/wp\/v2\/posts\/169438\/revisions\/169456"}],"wp:featuredmedia":[{"embeddable":true,"href":"https:\/\/epochtimestr.com\/index.php\/wp-json\/wp\/v2\/media\/169390"}],"wp:attachment":[{"href":"https:\/\/epochtimestr.com\/index.php\/wp-json\/wp\/v2\/media?parent=169438"}],"wp:term":[{"taxonomy":"category","embeddable":true,"href":"https:\/\/epochtimestr.com\/index.php\/wp-json\/wp\/v2\/categories?post=169438"},{"taxonomy":"post_tag","embeddable":true,"href":"https:\/\/epochtimestr.com\/index.php\/wp-json\/wp\/v2\/tags?post=169438"}],"curies":[{"name":"wp","href":"https:\/\/api.w.org\/{rel}","templated":true}]}}