{"id":169447,"date":"2026-07-30T14:19:00","date_gmt":"2026-07-30T11:19:00","guid":{"rendered":"https:\/\/epochtimestr.com\/?p=169447"},"modified":"2026-07-30T14:19:08","modified_gmt":"2026-07-30T11:19:08","slug":"abd-iran-saldirilari-karsilikli-devam-ediyor","status":"publish","type":"post","link":"https:\/\/epochtimestr.com\/index.php\/abd-iran-saldirilari-karsilikli-devam-ediyor","title":{"rendered":"ABD \u0130ran Sald\u0131r\u0131lar\u0131 Kar\u015f\u0131l\u0131kl\u0131 Devam Ediyor"},"content":{"rendered":"<div class=\"wp-block-image\">\n<figure class=\"aligncenter size-full\"><img loading=\"lazy\" decoding=\"async\" width=\"1200\" height=\"674\" src=\"https:\/\/epochtimestr.com\/wp-content\/uploads\/2011y\/1000049261.webp\" alt=\"Yeniden ba\u015flayan \u00e7at\u0131\u015fmalarda ABD, \u0130ran askeri hedeflerine iki saat s\u00fcren hava sald\u0131r\u0131s\u0131 d\u00fczenledi. \u0130ran'a y\u00f6nelik sald\u0131r\u0131lar s\u0131ras\u0131nda bir ABD askeri u\u00e7a\u011f\u0131 bilinmeyen bir noktadan havalan\u0131rken. G\u00f6r\u00fcnt\u00fc, 29 Temmuz 2026 tarihinde CENTCOM taraf\u0131ndan yay\u0131mlanan bir videodan al\u0131nm\u0131\u015ft\u0131r. (Foto\u011fraf: CENTCOM, Reuters, The Epoch Times arac\u0131l\u0131\u011f\u0131yla)\" class=\"wp-image-169450\" srcset=\"https:\/\/epochtimestr.com\/wp-content\/uploads\/2011y\/1000049261.webp 1200w, https:\/\/epochtimestr.com\/wp-content\/uploads\/2011y\/1000049261-300x169.webp 300w, https:\/\/epochtimestr.com\/wp-content\/uploads\/2011y\/1000049261-150x84.webp 150w, https:\/\/epochtimestr.com\/wp-content\/uploads\/2011y\/1000049261-768x431.webp 768w\" sizes=\"(max-width: 1200px) 100vw, 1200px\" \/><figcaption class=\"wp-element-caption\">Yeniden ba\u015flayan \u00e7at\u0131\u015fmalarda ABD, \u0130ran askeri hedeflerine iki saat s\u00fcren hava sald\u0131r\u0131s\u0131 d\u00fczenledi. \u0130ran&#8217;a y\u00f6nelik sald\u0131r\u0131lar s\u0131ras\u0131nda bir ABD askeri u\u00e7a\u011f\u0131 bilinmeyen bir noktadan havalan\u0131rken. G\u00f6r\u00fcnt\u00fc, 29 Temmuz 2026 tarihinde CENTCOM taraf\u0131ndan yay\u0131mlanan bir videodan al\u0131nm\u0131\u015ft\u0131r. (Foto\u011fraf: CENTCOM, Reuters, The Epoch Times arac\u0131l\u0131\u011f\u0131yla)<\/figcaption><\/figure><\/div>\n\n\n<p>ABD ordusu, \u0130ran taraf\u0131ndan ger\u00e7ekle\u015ftirilen ABD g\u00fc\u00e7lerine y\u00f6nelik f\u00fcze giri\u015fiminin ard\u0131ndan geni\u015f kapsaml\u0131 hava sald\u0131r\u0131lar\u0131 d\u00fczenledi. ABD Merkez Kuvvetler Komutanl\u0131\u011f\u0131 (CENTCOM), operasyonun 30 Temmuz&#8217;da tamamland\u0131\u011f\u0131n\u0131 a\u00e7\u0131klad\u0131.<\/p>\n\n\n\n<p><a href=\"https:\/\/www.theepochtimes.com\/world\/us-launches-strikes-in-response-to-irans-attempted-missile-attacks-6069180\" target=\"_blank\" rel=\"noreferrer noopener\">CENTCOM a\u00e7\u0131klamas\u0131na g\u00f6re<\/a> \u0130ran&#8217;daki onlarca hedef vuruldu\u011fu sald\u0131r\u0131lar yakla\u015f\u0131k iki saat s\u00fcrd\u00fc. Hedefler aras\u0131nda Devrim Muhaf\u0131zlar\u0131 Ordusu&#8217;na ait komuta merkezleri ile f\u00fcze ve \u0130HA tesisleri yer ald\u0131. Ayr\u0131ca k\u0131y\u0131 g\u00f6zetleme sistemleri ile deniz unsurlar\u0131 da sald\u0131r\u0131lara maruz kald\u0131.<\/p>\n\n\n\n<p>CENTCOM, operasyonun \u0130ran&#8217;\u0131n \u00f6nceki g\u00fcn ABD g\u00fc\u00e7lerine y\u00f6nelik f\u00fcze giri\u015fimine kar\u015f\u0131l\u0131k yap\u0131ld\u0131\u011f\u0131n\u0131 bildirdi. A\u00e7\u0131klamaya g\u00f6re \u0130ran&#8217;\u0131n sald\u0131r\u0131lar\u0131 <a href=\"https:\/\/epochtimestr.com\/index.php\/abd-iranin-fuze-saldirilarini-onledi\" target=\"_blank\" rel=\"noreferrer noopener\">ABD savunma sistemlerini <\/a>a\u015famad\u0131. ABD ordusu ayr\u0131ca, operasyonun \u0130ran kaynakl\u0131 tehditleri azaltmay\u0131 ama\u00e7lad\u0131\u011f\u0131n\u0131 belirtti. Ticari deniz ta\u015f\u0131mac\u0131l\u0131\u011f\u0131 ile K\u00f6rfez \u00fclkelerinin g\u00fcvenli\u011fine dikkat \u00e7ekilen a\u00e7\u0131klamada ayr\u0131ca b\u00f6lgede 50 binden fazla ABD askerinin g\u00f6rev yapt\u0131\u011f\u0131 bildirildi.<\/p>\n\n\n\n<p>ABD Ba\u015fkan\u0131 Donald Trump da 30 Temmuz&#8217;da Fox News&#8217;e yapt\u0131\u011f\u0131 a\u00e7\u0131klamada \u0130ran y\u00f6netiminin sert kar\u015f\u0131l\u0131k g\u00f6rece\u011fini s\u00f6yledi. <\/p>\n\n\n\n<p>\u0130ran Devrim Muhaf\u0131zlar\u0131, \u00dcrd\u00fcn&#8217;deki Muwaffaq Salti Hava \u00dcss\u00fc ile CENTCOM kararg\u00e2h\u0131n\u0131 balistik f\u00fczelerle hedef ald\u0131\u011f\u0131n\u0131 a\u00e7\u0131klad\u0131. Ancak buna kar\u015f\u0131l\u0131k \u00dcrd\u00fcn ordusu da be\u015f \u0130ran f\u00fczesini havada imha etti\u011fini duyurdu.<\/p>\n\n\n\n<p>\u00d6te yandan Reuters, \u0130ran&#8217;\u0131n \u00c7in&#8217;den 300 ila 400 ta\u015f\u0131nabilir hava savunma sistemi alaca\u011f\u0131n\u0131 \u00f6ne s\u00fcrd\u00fc. Trump ise bu iddian\u0131n \u015fa\u015f\u0131rt\u0131c\u0131 olaca\u011f\u0131n\u0131 s\u00f6yledi. Trump, daha \u00f6nce \u00c7in ve Rusya&#8217;n\u0131n \u0130ran&#8217;a silah vermeme konusunda mutab\u0131k kald\u0131\u011f\u0131n\u0131 a\u00e7\u0131klam\u0131\u015ft\u0131.<\/p>\n\n\n\n<p>CENTCOM, Irak&#8217;taki \u0130ran destekli gruplara y\u00f6nelik operasyonlar y\u00fcr\u00fctt\u00fc\u011f\u00fcn\u00fc de bildirdi. ABD, bu gruplar\u0131n son 72 saatte 30&#8217;dan fazla \u0130HA sald\u0131r\u0131s\u0131 ger\u00e7ekle\u015ftirdi\u011fini a\u00e7\u0131klad\u0131. Ancak bu giri\u015fimlerin ba\u015far\u0131s\u0131z oldu\u011funu belirtti.<\/p>\n","protected":false},"excerpt":{"rendered":"<p>ABD ordusu, \u0130ran taraf\u0131ndan ger\u00e7ekle\u015ftirilen ABD g\u00fc\u00e7lerine y\u00f6nelik f\u00fcze giri\u015fiminin ard\u0131ndan geni\u015f kapsaml\u0131 hava sald\u0131r\u0131lar\u0131 d\u00fczenledi. ABD Merkez Kuvvetler Komutanl\u0131\u011f\u0131 (CENTCOM), operasyonun 30 Temmuz&#8217;da tamamland\u0131\u011f\u0131n\u0131 a\u00e7\u0131klad\u0131. CENTCOM a\u00e7\u0131klamas\u0131na g\u00f6re \u0130ran&#8217;daki onlarca hedef vuruldu\u011fu sald\u0131r\u0131lar yakla\u015f\u0131k iki saat s\u00fcrd\u00fc. Hedefler aras\u0131nda Devrim Muhaf\u0131zlar\u0131 Ordusu&#8217;na ait komuta merkezleri ile f\u00fcze ve \u0130HA tesisleri yer ald\u0131. Ayr\u0131ca k\u0131y\u0131 [&hellip;]<\/p>\n","protected":false},"author":13996,"featured_media":169450,"comment_status":"open","ping_status":"open","sticky":false,"template":"","format":"standard","meta":{"_yoast_wpseo_focuskw":"ABD - \u0130ran","_yoast_wpseo_title":"","_yoast_wpseo_metadesc":"ABD, \u0130ran ile yeniden ba\u015flayan \u00e7at\u0131\u015fmalarda \u0130ran'\u0131n askeri hedeflerine iki saat s\u00fcren hava sald\u0131r\u0131s\u0131 d\u00fczenledi.","_bbp_topic_count":0,"_bbp_reply_count":0,"_bbp_total_topic_count":0,"_bbp_total_reply_count":0,"_bbp_voice_count":0,"_bbp_anonymous_reply_count":0,"_bbp_topic_count_hidden":0,"_bbp_reply_count_hidden":0,"_bbp_forum_subforum_count":0,"footnotes":"","_yoast_wpseo_focuskw_text_input":""},"categories":[5,1,8138],"tags":[10503,9876,11977,7874,5764],"yoast_head":"<!-- This site is optimized with the Yoast SEO plugin v23.0 - https:\/\/yoast.com\/wordpress\/plugins\/seo\/ -->\n<title>ABD \u0130ran Sald\u0131r\u0131lar\u0131 Kar\u015f\u0131l\u0131kl\u0131 Devam Ediyor - The Epoch Times TR<\/title>\n<meta name=\"description\" content=\"ABD, \u0130ran ile yeniden ba\u015flayan \u00e7at\u0131\u015fmalarda \u0130ran&#039;\u0131n askeri hedeflerine iki saat s\u00fcren hava sald\u0131r\u0131s\u0131 d\u00fczenledi.\" \/>\n<meta name=\"robots\" content=\"index, follow, max-snippet:-1, max-image-preview:large, max-video-preview:-1\" \/>\n<link rel=\"canonical\" href=\"https:\/\/epochtimestr.com\/index.php\/abd-iran-saldirilari-karsilikli-devam-ediyor\" \/>\n<meta property=\"og:locale\" content=\"tr_TR\" \/>\n<meta property=\"og:type\" content=\"article\" \/>\n<meta property=\"og:title\" content=\"ABD \u0130ran Sald\u0131r\u0131lar\u0131 Kar\u015f\u0131l\u0131kl\u0131 Devam Ediyor - The Epoch Times TR\" \/>\n<meta property=\"og:description\" content=\"ABD, \u0130ran ile yeniden ba\u015flayan \u00e7at\u0131\u015fmalarda \u0130ran&#039;\u0131n askeri hedeflerine iki saat s\u00fcren hava sald\u0131r\u0131s\u0131 d\u00fczenledi.\" \/>\n<meta property=\"og:url\" content=\"https:\/\/epochtimestr.com\/index.php\/abd-iran-saldirilari-karsilikli-devam-ediyor\" \/>\n<meta property=\"og:site_name\" content=\"The Epoch Times TR\" \/>\n<meta property=\"article:publisher\" content=\"https:\/\/www.facebook.com\/theepochtimestr\" \/>\n<meta property=\"article:published_time\" content=\"2026-07-30T11:19:00+00:00\" \/>\n<meta property=\"article:modified_time\" content=\"2026-07-30T11:19:08+00:00\" \/>\n<meta property=\"og:image\" content=\"https:\/\/epochtimestr.com\/wp-content\/uploads\/2011y\/1000049261.webp\" \/>\n\t<meta property=\"og:image:width\" content=\"1200\" \/>\n\t<meta property=\"og:image:height\" content=\"674\" \/>\n\t<meta property=\"og:image:type\" content=\"image\/webp\" \/>\n<meta name=\"author\" content=\"Leo Bajelan\" \/>\n<meta name=\"twitter:card\" content=\"summary_large_image\" \/>\n<meta name=\"twitter:creator\" content=\"@TheEpochTimesTR\" \/>\n<meta name=\"twitter:site\" content=\"@TheEpochTimesTR\" \/>\n<meta name=\"twitter:label1\" content=\"Yazan:\" \/>\n\t<meta name=\"twitter:data1\" content=\"Leo Bajelan\" \/>\n\t<meta name=\"twitter:label2\" content=\"Tahmini okuma s\u00fcresi\" \/>\n\t<meta name=\"twitter:data2\" content=\"3 dakika\" \/>\n<script type=\"application\/ld+json\" class=\"yoast-schema-graph\">{\"@context\":\"https:\/\/schema.org\",\"@graph\":[{\"@type\":\"Article\",\"@id\":\"https:\/\/epochtimestr.com\/index.php\/abd-iran-saldirilari-karsilikli-devam-ediyor#article\",\"isPartOf\":{\"@id\":\"https:\/\/epochtimestr.com\/index.php\/abd-iran-saldirilari-karsilikli-devam-ediyor\"},\"author\":{\"name\":\"Leo Bajelan\",\"@id\":\"https:\/\/epochtimestr.com\/#\/schema\/person\/5fef218711d76d8f232b0e1f1d7e4c0d\"},\"headline\":\"ABD \u0130ran Sald\u0131r\u0131lar\u0131 Kar\u015f\u0131l\u0131kl\u0131 Devam Ediyor\",\"datePublished\":\"2026-07-30T11:19:00+00:00\",\"dateModified\":\"2026-07-30T11:19:08+00:00\",\"mainEntityOfPage\":{\"@id\":\"https:\/\/epochtimestr.com\/index.php\/abd-iran-saldirilari-karsilikli-devam-ediyor\"},\"wordCount\":399,\"commentCount\":0,\"publisher\":{\"@id\":\"https:\/\/epochtimestr.com\/#organization\"},\"image\":{\"@id\":\"https:\/\/epochtimestr.com\/index.php\/abd-iran-saldirilari-karsilikli-devam-ediyor#primaryimage\"},\"thumbnailUrl\":\"https:\/\/epochtimestr.com\/wp-content\/uploads\/2011y\/1000049261.webp\",\"keywords\":[\"ABD \u0130ran sava\u015f\u0131\",\"CENTCOM\",\"\u0130ran f\u00fcze sald\u0131r\u0131s\u0131\",\"\u0130srail\",\"Trump\"],\"articleSection\":[\"D\u00dcNYA\",\"G\u00dcNDEM\",\"MAN\u015eET\"],\"inLanguage\":\"tr\",\"potentialAction\":[{\"@type\":\"CommentAction\",\"name\":\"Comment\",\"target\":[\"https:\/\/epochtimestr.com\/index.php\/abd-iran-saldirilari-karsilikli-devam-ediyor#respond\"]}]},{\"@type\":\"WebPage\",\"@id\":\"https:\/\/epochtimestr.com\/index.php\/abd-iran-saldirilari-karsilikli-devam-ediyor\",\"url\":\"https:\/\/epochtimestr.com\/index.php\/abd-iran-saldirilari-karsilikli-devam-ediyor\",\"name\":\"ABD \u0130ran Sald\u0131r\u0131lar\u0131 Kar\u015f\u0131l\u0131kl\u0131 Devam Ediyor - The Epoch Times TR\",\"isPartOf\":{\"@id\":\"https:\/\/epochtimestr.com\/#website\"},\"primaryImageOfPage\":{\"@id\":\"https:\/\/epochtimestr.com\/index.php\/abd-iran-saldirilari-karsilikli-devam-ediyor#primaryimage\"},\"image\":{\"@id\":\"https:\/\/epochtimestr.com\/index.php\/abd-iran-saldirilari-karsilikli-devam-ediyor#primaryimage\"},\"thumbnailUrl\":\"https:\/\/epochtimestr.com\/wp-content\/uploads\/2011y\/1000049261.webp\",\"datePublished\":\"2026-07-30T11:19:00+00:00\",\"dateModified\":\"2026-07-30T11:19:08+00:00\",\"description\":\"ABD, \u0130ran ile yeniden ba\u015flayan \u00e7at\u0131\u015fmalarda \u0130ran'\u0131n askeri hedeflerine iki saat s\u00fcren hava sald\u0131r\u0131s\u0131 d\u00fczenledi.\",\"inLanguage\":\"tr\",\"potentialAction\":[{\"@type\":\"ReadAction\",\"target\":[\"https:\/\/epochtimestr.com\/index.php\/abd-iran-saldirilari-karsilikli-devam-ediyor\"]}]},{\"@type\":\"ImageObject\",\"inLanguage\":\"tr\",\"@id\":\"https:\/\/epochtimestr.com\/index.php\/abd-iran-saldirilari-karsilikli-devam-ediyor#primaryimage\",\"url\":\"https:\/\/epochtimestr.com\/wp-content\/uploads\/2011y\/1000049261.webp\",\"contentUrl\":\"https:\/\/epochtimestr.com\/wp-content\/uploads\/2011y\/1000049261.webp\",\"width\":1200,\"height\":674},{\"@type\":\"WebSite\",\"@id\":\"https:\/\/epochtimestr.com\/#website\",\"url\":\"https:\/\/epochtimestr.com\/\",\"name\":\"The Epoch Times TR\",\"description\":\"De\u011fi\u015fen D\u00fcnyam\u0131za Taze Bir Bak\u0131\u015f\",\"publisher\":{\"@id\":\"https:\/\/epochtimestr.com\/#organization\"},\"potentialAction\":[{\"@type\":\"SearchAction\",\"target\":{\"@type\":\"EntryPoint\",\"urlTemplate\":\"https:\/\/epochtimestr.com\/?s={search_term_string}\"},\"query-input\":\"required name=search_term_string\"}],\"inLanguage\":\"tr\"},{\"@type\":\"Organization\",\"@id\":\"https:\/\/epochtimestr.com\/#organization\",\"name\":\"The EpochTimes T\u00fcrkiye\",\"url\":\"https:\/\/epochtimestr.com\/\",\"logo\":{\"@type\":\"ImageObject\",\"inLanguage\":\"tr\",\"@id\":\"https:\/\/epochtimestr.com\/#\/schema\/logo\/image\/\",\"url\":\"https:\/\/epochtimestr.com\/wp-content\/uploads\/2011y\/ET-Logo-YG.jpg\",\"contentUrl\":\"https:\/\/epochtimestr.com\/wp-content\/uploads\/2011y\/ET-Logo-YG.jpg\",\"width\":346,\"height\":29,\"caption\":\"The EpochTimes T\u00fcrkiye\"},\"image\":{\"@id\":\"https:\/\/epochtimestr.com\/#\/schema\/logo\/image\/\"},\"sameAs\":[\"https:\/\/www.facebook.com\/theepochtimestr\",\"https:\/\/x.com\/TheEpochTimesTR\",\"https:\/\/www.instagram.com\/epochtimestr\"]},{\"@type\":\"Person\",\"@id\":\"https:\/\/epochtimestr.com\/#\/schema\/person\/5fef218711d76d8f232b0e1f1d7e4c0d\",\"name\":\"Leo Bajelan\",\"image\":{\"@type\":\"ImageObject\",\"inLanguage\":\"tr\",\"@id\":\"https:\/\/epochtimestr.com\/#\/schema\/person\/image\/\",\"url\":\"https:\/\/secure.gravatar.com\/avatar\/917669146f489549e548a2e9af272df5?s=96&d=mm&r=g\",\"contentUrl\":\"https:\/\/secure.gravatar.com\/avatar\/917669146f489549e548a2e9af272df5?s=96&d=mm&r=g\",\"caption\":\"Leo Bajelan\"},\"url\":\"https:\/\/epochtimestr.com\/index.php\/author\/leo\"}]}<\/script>\n<!-- \/ Yoast SEO plugin. -->","yoast_head_json":{"title":"ABD \u0130ran Sald\u0131r\u0131lar\u0131 Kar\u015f\u0131l\u0131kl\u0131 Devam Ediyor - The Epoch Times TR","description":"ABD, \u0130ran ile yeniden ba\u015flayan \u00e7at\u0131\u015fmalarda \u0130ran'\u0131n askeri hedeflerine iki saat s\u00fcren hava sald\u0131r\u0131s\u0131 d\u00fczenledi.","robots":{"index":"index","follow":"follow","max-snippet":"max-snippet:-1","max-image-preview":"max-image-preview:large","max-video-preview":"max-video-preview:-1"},"canonical":"https:\/\/epochtimestr.com\/index.php\/abd-iran-saldirilari-karsilikli-devam-ediyor","og_locale":"tr_TR","og_type":"article","og_title":"ABD \u0130ran Sald\u0131r\u0131lar\u0131 Kar\u015f\u0131l\u0131kl\u0131 Devam Ediyor - The Epoch Times TR","og_description":"ABD, \u0130ran ile yeniden ba\u015flayan \u00e7at\u0131\u015fmalarda \u0130ran'\u0131n askeri hedeflerine iki saat s\u00fcren hava sald\u0131r\u0131s\u0131 d\u00fczenledi.","og_url":"https:\/\/epochtimestr.com\/index.php\/abd-iran-saldirilari-karsilikli-devam-ediyor","og_site_name":"The Epoch Times TR","article_publisher":"https:\/\/www.facebook.com\/theepochtimestr","article_published_time":"2026-07-30T11:19:00+00:00","article_modified_time":"2026-07-30T11:19:08+00:00","og_image":[{"width":1200,"height":674,"url":"https:\/\/epochtimestr.com\/wp-content\/uploads\/2011y\/1000049261.webp","type":"image\/webp"}],"author":"Leo Bajelan","twitter_card":"summary_large_image","twitter_creator":"@TheEpochTimesTR","twitter_site":"@TheEpochTimesTR","twitter_misc":{"Yazan:":"Leo Bajelan","Tahmini okuma s\u00fcresi":"3 dakika"},"schema":{"@context":"https:\/\/schema.org","@graph":[{"@type":"Article","@id":"https:\/\/epochtimestr.com\/index.php\/abd-iran-saldirilari-karsilikli-devam-ediyor#article","isPartOf":{"@id":"https:\/\/epochtimestr.com\/index.php\/abd-iran-saldirilari-karsilikli-devam-ediyor"},"author":{"name":"Leo Bajelan","@id":"https:\/\/epochtimestr.com\/#\/schema\/person\/5fef218711d76d8f232b0e1f1d7e4c0d"},"headline":"ABD \u0130ran Sald\u0131r\u0131lar\u0131 Kar\u015f\u0131l\u0131kl\u0131 Devam Ediyor","datePublished":"2026-07-30T11:19:00+00:00","dateModified":"2026-07-30T11:19:08+00:00","mainEntityOfPage":{"@id":"https:\/\/epochtimestr.com\/index.php\/abd-iran-saldirilari-karsilikli-devam-ediyor"},"wordCount":399,"commentCount":0,"publisher":{"@id":"https:\/\/epochtimestr.com\/#organization"},"image":{"@id":"https:\/\/epochtimestr.com\/index.php\/abd-iran-saldirilari-karsilikli-devam-ediyor#primaryimage"},"thumbnailUrl":"https:\/\/epochtimestr.com\/wp-content\/uploads\/2011y\/1000049261.webp","keywords":["ABD \u0130ran sava\u015f\u0131","CENTCOM","\u0130ran f\u00fcze sald\u0131r\u0131s\u0131","\u0130srail","Trump"],"articleSection":["D\u00dcNYA","G\u00dcNDEM","MAN\u015eET"],"inLanguage":"tr","potentialAction":[{"@type":"CommentAction","name":"Comment","target":["https:\/\/epochtimestr.com\/index.php\/abd-iran-saldirilari-karsilikli-devam-ediyor#respond"]}]},{"@type":"WebPage","@id":"https:\/\/epochtimestr.com\/index.php\/abd-iran-saldirilari-karsilikli-devam-ediyor","url":"https:\/\/epochtimestr.com\/index.php\/abd-iran-saldirilari-karsilikli-devam-ediyor","name":"ABD \u0130ran Sald\u0131r\u0131lar\u0131 Kar\u015f\u0131l\u0131kl\u0131 Devam Ediyor - The Epoch Times TR","isPartOf":{"@id":"https:\/\/epochtimestr.com\/#website"},"primaryImageOfPage":{"@id":"https:\/\/epochtimestr.com\/index.php\/abd-iran-saldirilari-karsilikli-devam-ediyor#primaryimage"},"image":{"@id":"https:\/\/epochtimestr.com\/index.php\/abd-iran-saldirilari-karsilikli-devam-ediyor#primaryimage"},"thumbnailUrl":"https:\/\/epochtimestr.com\/wp-content\/uploads\/2011y\/1000049261.webp","datePublished":"2026-07-30T11:19:00+00:00","dateModified":"2026-07-30T11:19:08+00:00","description":"ABD, \u0130ran ile yeniden ba\u015flayan \u00e7at\u0131\u015fmalarda \u0130ran'\u0131n askeri hedeflerine iki saat s\u00fcren hava sald\u0131r\u0131s\u0131 d\u00fczenledi.","inLanguage":"tr","potentialAction":[{"@type":"ReadAction","target":["https:\/\/epochtimestr.com\/index.php\/abd-iran-saldirilari-karsilikli-devam-ediyor"]}]},{"@type":"ImageObject","inLanguage":"tr","@id":"https:\/\/epochtimestr.com\/index.php\/abd-iran-saldirilari-karsilikli-devam-ediyor#primaryimage","url":"https:\/\/epochtimestr.com\/wp-content\/uploads\/2011y\/1000049261.webp","contentUrl":"https:\/\/epochtimestr.com\/wp-content\/uploads\/2011y\/1000049261.webp","width":1200,"height":674},{"@type":"WebSite","@id":"https:\/\/epochtimestr.com\/#website","url":"https:\/\/epochtimestr.com\/","name":"The Epoch Times TR","description":"De\u011fi\u015fen D\u00fcnyam\u0131za Taze Bir Bak\u0131\u015f","publisher":{"@id":"https:\/\/epochtimestr.com\/#organization"},"potentialAction":[{"@type":"SearchAction","target":{"@type":"EntryPoint","urlTemplate":"https:\/\/epochtimestr.com\/?s={search_term_string}"},"query-input":"required name=search_term_string"}],"inLanguage":"tr"},{"@type":"Organization","@id":"https:\/\/epochtimestr.com\/#organization","name":"The EpochTimes T\u00fcrkiye","url":"https:\/\/epochtimestr.com\/","logo":{"@type":"ImageObject","inLanguage":"tr","@id":"https:\/\/epochtimestr.com\/#\/schema\/logo\/image\/","url":"https:\/\/epochtimestr.com\/wp-content\/uploads\/2011y\/ET-Logo-YG.jpg","contentUrl":"https:\/\/epochtimestr.com\/wp-content\/uploads\/2011y\/ET-Logo-YG.jpg","width":346,"height":29,"caption":"The EpochTimes T\u00fcrkiye"},"image":{"@id":"https:\/\/epochtimestr.com\/#\/schema\/logo\/image\/"},"sameAs":["https:\/\/www.facebook.com\/theepochtimestr","https:\/\/x.com\/TheEpochTimesTR","https:\/\/www.instagram.com\/epochtimestr"]},{"@type":"Person","@id":"https:\/\/epochtimestr.com\/#\/schema\/person\/5fef218711d76d8f232b0e1f1d7e4c0d","name":"Leo Bajelan","image":{"@type":"ImageObject","inLanguage":"tr","@id":"https:\/\/epochtimestr.com\/#\/schema\/person\/image\/","url":"https:\/\/secure.gravatar.com\/avatar\/917669146f489549e548a2e9af272df5?s=96&d=mm&r=g","contentUrl":"https:\/\/secure.gravatar.com\/avatar\/917669146f489549e548a2e9af272df5?s=96&d=mm&r=g","caption":"Leo Bajelan"},"url":"https:\/\/epochtimestr.com\/index.php\/author\/leo"}]}},"_links":{"self":[{"href":"https:\/\/epochtimestr.com\/index.php\/wp-json\/wp\/v2\/posts\/169447"}],"collection":[{"href":"https:\/\/epochtimestr.com\/index.php\/wp-json\/wp\/v2\/posts"}],"about":[{"href":"https:\/\/epochtimestr.com\/index.php\/wp-json\/wp\/v2\/types\/post"}],"author":[{"embeddable":true,"href":"https:\/\/epochtimestr.com\/index.php\/wp-json\/wp\/v2\/users\/13996"}],"replies":[{"embeddable":true,"href":"https:\/\/epochtimestr.com\/index.php\/wp-json\/wp\/v2\/comments?post=169447"}],"version-history":[{"count":2,"href":"https:\/\/epochtimestr.com\/index.php\/wp-json\/wp\/v2\/posts\/169447\/revisions"}],"predecessor-version":[{"id":169461,"href":"https:\/\/epochtimestr.com\/index.php\/wp-json\/wp\/v2\/posts\/169447\/revisions\/169461"}],"wp:featuredmedia":[{"embeddable":true,"href":"https:\/\/epochtimestr.com\/index.php\/wp-json\/wp\/v2\/media\/169450"}],"wp:attachment":[{"href":"https:\/\/epochtimestr.com\/index.php\/wp-json\/wp\/v2\/media?parent=169447"}],"wp:term":[{"taxonomy":"category","embeddable":true,"href":"https:\/\/epochtimestr.com\/index.php\/wp-json\/wp\/v2\/categories?post=169447"},{"taxonomy":"post_tag","embeddable":true,"href":"https:\/\/epochtimestr.com\/index.php\/wp-json\/wp\/v2\/tags?post=169447"}],"curies":[{"name":"wp","href":"https:\/\/api.w.org\/{rel}","templated":true}]}}