{"id":169452,"date":"2026-07-30T16:44:18","date_gmt":"2026-07-30T13:44:18","guid":{"rendered":"https:\/\/epochtimestr.com\/?p=169452"},"modified":"2026-07-30T16:44:22","modified_gmt":"2026-07-30T13:44:22","slug":"abd-silah-stoklari-tukeniyor-mu","status":"publish","type":"post","link":"https:\/\/epochtimestr.com\/index.php\/abd-silah-stoklari-tukeniyor-mu","title":{"rendered":"ABD Silah Stoklar\u0131 T\u00fckeniyor Mu?"},"content":{"rendered":"<div class=\"wp-block-image\">\n<figure class=\"aligncenter size-full\"><img loading=\"lazy\" decoding=\"async\" width=\"1200\" height=\"672\" src=\"https:\/\/epochtimestr.com\/wp-content\/uploads\/2011y\/1000049286.webp\" alt=\"\u0130ran ile s\u00fcren \u00e7at\u0131\u015fmalar nedeniyle ABD senatosunda silah stoklar\u0131 hakk\u0131ndaki tart\u0131\u015fmalar giderek art\u0131yor. ABD Merkez Kuvvetler Komutanl\u0131\u011f\u0131'n\u0131n yay\u0131mlad\u0131\u011f\u0131 bir videoda \u0130ran'a y\u00f6nelik sald\u0131r\u0131larda ate\u015flenen m\u00fchimmat. 12 Temmuz 2026. (Foto\u011fraf: CENTCOM videosundan ekran g\u00f6r\u00fcnt\u00fcs\u00fc, The Epoch Times arac\u0131l\u0131\u011f\u0131yla)\" class=\"wp-image-169460\" srcset=\"https:\/\/epochtimestr.com\/wp-content\/uploads\/2011y\/1000049286.webp 1200w, https:\/\/epochtimestr.com\/wp-content\/uploads\/2011y\/1000049286-300x168.webp 300w, https:\/\/epochtimestr.com\/wp-content\/uploads\/2011y\/1000049286-150x84.webp 150w, https:\/\/epochtimestr.com\/wp-content\/uploads\/2011y\/1000049286-768x430.webp 768w\" sizes=\"(max-width: 1200px) 100vw, 1200px\" \/><figcaption class=\"wp-element-caption\">\u0130ran ile s\u00fcren \u00e7at\u0131\u015fmalar nedeniyle ABD senatosunda silah stoklar\u0131 hakk\u0131ndaki tart\u0131\u015fmalar giderek art\u0131yor. ABD Merkez Kuvvetler Komutanl\u0131\u011f\u0131&#8217;n\u0131n yay\u0131mlad\u0131\u011f\u0131 bir videoda \u0130ran&#8217;a y\u00f6nelik sald\u0131r\u0131larda ate\u015flenen m\u00fchimmat. 12 Temmuz 2026. (Foto\u011fraf: CENTCOM videosundan ekran g\u00f6r\u00fcnt\u00fcs\u00fc, The Epoch Times arac\u0131l\u0131\u011f\u0131yla)<\/figcaption><\/figure><\/div>\n\n\n<p>ABD&#8217;de \u0130ran ile s\u00fcren \u00e7at\u0131\u015fmalar nedeniyle silah stoklar\u0131 hakk\u0131ndaki tart\u0131\u015fmalar giderek alevleniyor. Cumhuriyet\u00e7i ve Demokrat senat\u00f6rler, kullan\u0131lan m\u00fchimmat miktar\u0131n\u0131n yak\u0131ndan izlenmesi gerekti\u011fini s\u00f6yl\u00fcyor. ABD Ba\u015fkan\u0131 Donald Trump ise \u00fclkenin yeterli silah kapasitesine sahip oldu\u011funu s\u00f6yledi. Trump, The Wall Street Journal gazetesine yapt\u0131\u011f\u0131 a\u00e7\u0131klamada, &#8220;D\u00fcnyadaki herkesten daha fazla m\u00fchimmat\u0131m\u0131z var. \u0130htiyac\u0131m\u0131z olandan da fazlas\u0131na sahibiz.&#8221; ifadelerini kulland\u0131.<\/p>\n\n\n\n<p>Ancak <a href=\"https:\/\/www.theepochtimes.com\/world\/concerns-over-us-weapons-shortages-mount-as-iran-fight-accelerates-6069007\" target=\"_blank\" rel=\"noreferrer noopener\">27 Temmuz&#8217;da<\/a> Washington merkezli Center for Strategic and International Studies taraf\u0131ndan yay\u0131mlanan bir rapor farkl\u0131 bir tablo ortaya koydu. Rapor, ABD&#8217;nin Patriot \u00f6nleme f\u00fczesi stokunun 900&#8217;\u00fcn alt\u0131na indi\u011fini bildirdi. Ayr\u0131ca Terminal Y\u00fcksek \u0130rtifa Hava Savunmas\u0131 sistemine ait \u00f6nleyici f\u00fcze say\u0131s\u0131n\u0131n 300&#8217;\u00fcn alt\u0131na d\u00fc\u015ft\u00fc\u011f\u00fc aktar\u0131ld\u0131.<\/p>\n\n\n\n<p>Cumhuriyet\u00e7i Senat\u00f6r Thom Tillis, ABD silah stoklar\u0131 hakk\u0131ndaki haberleri takip etti\u011fini s\u00f6yledi. Ancak  mevcut durum hakk\u0131nda yeterli d\u00fczeyde bilgilendirilmedi\u011fini belirtti. Tillis, y\u00f6netimin Kongre \u00fcyelerine gizli oturumda kapsaml\u0131 bilgilendirme yapmas\u0131 gerekti\u011fini ifade etti. Ayr\u0131ca, stok yetersizli\u011finin askeri stratejiyi etkiledi\u011finin do\u011frulanmas\u0131 halinde, konunun \u00f6ncelik kazanmas\u0131 gerekti\u011fini s\u00f6yledi.<\/p>\n\n\n\n<p>Demokrat Senat\u00f6r Richard Blumenthal ise ABD g\u00fc\u00e7lerinin m\u00fchimmat s\u0131k\u0131nt\u0131s\u0131yla kar\u015f\u0131 kar\u015f\u0131ya oldu\u011funa ili\u015fkin g\u00fc\u00e7l\u00fc i\u015faretler bulundu\u011funu savundu.<\/p>\n\n\n\n<h3 class=\"wp-block-heading\">ABD sald\u0131r\u0131lar\u0131 s\u00fcr\u00fcyor<\/h3>\n\n\n\n<p>Temmuz ay\u0131nda ate\u015fkesin bozulmas\u0131n\u0131n ard\u0131ndan Trump, \u0130ran&#8217;a y\u00f6nelik yeni sald\u0131r\u0131lar d\u00fczenlenmesi talimat\u0131n\u0131 verdi. <a href=\"https:\/\/epochtimestr.com\/index.php\/abd-iran-saldirilari-karsilikli-devam-ediyor\" target=\"_blank\" rel=\"noreferrer noopener\">ABD g\u00fc\u00e7leri<\/a> 25 Temmuz&#8217;a kadar 13 g\u00fcn boyunca sald\u0131r\u0131lar ger\u00e7ekle\u015ftirdi. Ard\u0131ndan 28 Temmuz&#8217;da ABD ve Suudi Arabistan g\u00fc\u00e7leri, Irak&#8217;taki \u0130ran destekli gruplara y\u00f6nelik yeni bir operasyon d\u00fczenledi. Ayn\u0131 g\u00fcn \u0130ran, \u00dcrd\u00fcn&#8217;deki ABD askeri \u00fcss\u00fcne balistik f\u00fcze sald\u0131r\u0131s\u0131 ger\u00e7ekle\u015ftirdi.<\/p>\n\n\n\n<p>Olaylar\u0131n ard\u0131ndan Trump, \u0130ran&#8217;a y\u00f6nelik yeni askeri operasyonlar\u0131n s\u00fcrebilece\u011fi mesaj\u0131n\u0131 verdi. Fox News&#8217;e 29 Temmuz&#8217;da yapt\u0131\u011f\u0131 a\u00e7\u0131klamada, \u0130ran&#8217;\u0131n &#8220;a\u011f\u0131r kar\u015f\u0131l\u0131k g\u00f6rece\u011fini&#8221; s\u00f6yledi. Trump ayr\u0131ca, Yemen&#8217;deki \u0130ran destekli Husilerin K\u0131z\u0131ldeniz&#8217;de Suudi bayrakl\u0131 bir y\u00fck gemisini hedef almas\u0131n\u0131n ard\u0131ndan \u0130ran ve Husilere y\u00f6nelik yeni askeri ad\u0131mlar at\u0131labilece\u011fini dile getirdi. Anla\u015fma sa\u011flanmamas\u0131 halinde Pickaxe Mountain olarak bilinen olas\u0131 yeni \u0130ran n\u00fckleer tesisinin vurulabilece\u011fini yineledi.<\/p>\n","protected":false},"excerpt":{"rendered":"<p>ABD&#8217;de \u0130ran ile s\u00fcren \u00e7at\u0131\u015fmalar nedeniyle silah stoklar\u0131 hakk\u0131ndaki tart\u0131\u015fmalar giderek alevleniyor. Cumhuriyet\u00e7i ve Demokrat senat\u00f6rler, kullan\u0131lan m\u00fchimmat miktar\u0131n\u0131n yak\u0131ndan izlenmesi gerekti\u011fini s\u00f6yl\u00fcyor. ABD Ba\u015fkan\u0131 Donald Trump ise \u00fclkenin yeterli silah kapasitesine sahip oldu\u011funu s\u00f6yledi. Trump, The Wall Street Journal gazetesine yapt\u0131\u011f\u0131 a\u00e7\u0131klamada, &#8220;D\u00fcnyadaki herkesten daha fazla m\u00fchimmat\u0131m\u0131z var. \u0130htiyac\u0131m\u0131z olandan da fazlas\u0131na sahibiz.&#8221; ifadelerini [&hellip;]<\/p>\n","protected":false},"author":13996,"featured_media":169460,"comment_status":"open","ping_status":"open","sticky":false,"template":"","format":"standard","meta":{"_yoast_wpseo_focuskw":"ABD - silah stoklar\u0131","_yoast_wpseo_title":"","_yoast_wpseo_metadesc":"\u0130ran ile s\u00fcren \u00e7at\u0131\u015fmalar nedeniyle ABD senatosunda silah stoklar\u0131 hakk\u0131ndaki tart\u0131\u015fmalar giderek alevleniyor.","_bbp_topic_count":0,"_bbp_reply_count":0,"_bbp_total_topic_count":0,"_bbp_total_reply_count":0,"_bbp_voice_count":0,"_bbp_anonymous_reply_count":0,"_bbp_topic_count_hidden":0,"_bbp_reply_count_hidden":0,"_bbp_forum_subforum_count":0,"footnotes":"","_yoast_wpseo_focuskw_text_input":""},"categories":[5,1,8138],"tags":[10503,11978,11369,5764,11979],"yoast_head":"<!-- This site is optimized with the Yoast SEO plugin v23.0 - https:\/\/yoast.com\/wordpress\/plugins\/seo\/ -->\n<title>ABD Silah Stoklar\u0131 T\u00fckeniyor Mu? - The Epoch Times TR<\/title>\n<meta name=\"description\" content=\"\u0130ran ile s\u00fcren \u00e7at\u0131\u015fmalar nedeniyle ABD senatosunda silah stoklar\u0131 hakk\u0131ndaki tart\u0131\u015fmalar giderek alevleniyor.\" \/>\n<meta name=\"robots\" content=\"index, follow, max-snippet:-1, max-image-preview:large, max-video-preview:-1\" \/>\n<link rel=\"canonical\" href=\"https:\/\/epochtimestr.com\/index.php\/abd-silah-stoklari-tukeniyor-mu\" \/>\n<meta property=\"og:locale\" content=\"tr_TR\" \/>\n<meta property=\"og:type\" content=\"article\" \/>\n<meta property=\"og:title\" content=\"ABD Silah Stoklar\u0131 T\u00fckeniyor Mu? - The Epoch Times TR\" \/>\n<meta property=\"og:description\" content=\"\u0130ran ile s\u00fcren \u00e7at\u0131\u015fmalar nedeniyle ABD senatosunda silah stoklar\u0131 hakk\u0131ndaki tart\u0131\u015fmalar giderek alevleniyor.\" \/>\n<meta property=\"og:url\" content=\"https:\/\/epochtimestr.com\/index.php\/abd-silah-stoklari-tukeniyor-mu\" \/>\n<meta property=\"og:site_name\" content=\"The Epoch Times TR\" \/>\n<meta property=\"article:publisher\" content=\"https:\/\/www.facebook.com\/theepochtimestr\" \/>\n<meta property=\"article:published_time\" content=\"2026-07-30T13:44:18+00:00\" \/>\n<meta property=\"article:modified_time\" content=\"2026-07-30T13:44:22+00:00\" \/>\n<meta property=\"og:image\" content=\"https:\/\/epochtimestr.com\/wp-content\/uploads\/2011y\/1000049286.webp\" \/>\n\t<meta property=\"og:image:width\" content=\"1200\" \/>\n\t<meta property=\"og:image:height\" content=\"672\" \/>\n\t<meta property=\"og:image:type\" content=\"image\/webp\" \/>\n<meta name=\"author\" content=\"Leo Bajelan\" \/>\n<meta name=\"twitter:card\" content=\"summary_large_image\" \/>\n<meta name=\"twitter:creator\" content=\"@TheEpochTimesTR\" \/>\n<meta name=\"twitter:site\" content=\"@TheEpochTimesTR\" \/>\n<meta name=\"twitter:label1\" content=\"Yazan:\" \/>\n\t<meta name=\"twitter:data1\" content=\"Leo Bajelan\" \/>\n\t<meta name=\"twitter:label2\" content=\"Tahmini okuma s\u00fcresi\" \/>\n\t<meta name=\"twitter:data2\" content=\"3 dakika\" \/>\n<script type=\"application\/ld+json\" class=\"yoast-schema-graph\">{\"@context\":\"https:\/\/schema.org\",\"@graph\":[{\"@type\":\"Article\",\"@id\":\"https:\/\/epochtimestr.com\/index.php\/abd-silah-stoklari-tukeniyor-mu#article\",\"isPartOf\":{\"@id\":\"https:\/\/epochtimestr.com\/index.php\/abd-silah-stoklari-tukeniyor-mu\"},\"author\":{\"name\":\"Leo Bajelan\",\"@id\":\"https:\/\/epochtimestr.com\/#\/schema\/person\/5fef218711d76d8f232b0e1f1d7e4c0d\"},\"headline\":\"ABD Silah Stoklar\u0131 T\u00fckeniyor Mu?\",\"datePublished\":\"2026-07-30T13:44:18+00:00\",\"dateModified\":\"2026-07-30T13:44:22+00:00\",\"mainEntityOfPage\":{\"@id\":\"https:\/\/epochtimestr.com\/index.php\/abd-silah-stoklari-tukeniyor-mu\"},\"wordCount\":465,\"commentCount\":0,\"publisher\":{\"@id\":\"https:\/\/epochtimestr.com\/#organization\"},\"image\":{\"@id\":\"https:\/\/epochtimestr.com\/index.php\/abd-silah-stoklari-tukeniyor-mu#primaryimage\"},\"thumbnailUrl\":\"https:\/\/epochtimestr.com\/wp-content\/uploads\/2011y\/1000049286.webp\",\"keywords\":[\"ABD \u0130ran sava\u015f\u0131\",\"ABD silah stoklar\u0131\",\"\u0130ran sald\u0131r\u0131lar\u0131\",\"Trump\",\"Wall Street journal\"],\"articleSection\":[\"D\u00dcNYA\",\"G\u00dcNDEM\",\"MAN\u015eET\"],\"inLanguage\":\"tr\",\"potentialAction\":[{\"@type\":\"CommentAction\",\"name\":\"Comment\",\"target\":[\"https:\/\/epochtimestr.com\/index.php\/abd-silah-stoklari-tukeniyor-mu#respond\"]}]},{\"@type\":\"WebPage\",\"@id\":\"https:\/\/epochtimestr.com\/index.php\/abd-silah-stoklari-tukeniyor-mu\",\"url\":\"https:\/\/epochtimestr.com\/index.php\/abd-silah-stoklari-tukeniyor-mu\",\"name\":\"ABD Silah Stoklar\u0131 T\u00fckeniyor Mu? - The Epoch Times TR\",\"isPartOf\":{\"@id\":\"https:\/\/epochtimestr.com\/#website\"},\"primaryImageOfPage\":{\"@id\":\"https:\/\/epochtimestr.com\/index.php\/abd-silah-stoklari-tukeniyor-mu#primaryimage\"},\"image\":{\"@id\":\"https:\/\/epochtimestr.com\/index.php\/abd-silah-stoklari-tukeniyor-mu#primaryimage\"},\"thumbnailUrl\":\"https:\/\/epochtimestr.com\/wp-content\/uploads\/2011y\/1000049286.webp\",\"datePublished\":\"2026-07-30T13:44:18+00:00\",\"dateModified\":\"2026-07-30T13:44:22+00:00\",\"description\":\"\u0130ran ile s\u00fcren \u00e7at\u0131\u015fmalar nedeniyle ABD senatosunda silah stoklar\u0131 hakk\u0131ndaki tart\u0131\u015fmalar giderek alevleniyor.\",\"inLanguage\":\"tr\",\"potentialAction\":[{\"@type\":\"ReadAction\",\"target\":[\"https:\/\/epochtimestr.com\/index.php\/abd-silah-stoklari-tukeniyor-mu\"]}]},{\"@type\":\"ImageObject\",\"inLanguage\":\"tr\",\"@id\":\"https:\/\/epochtimestr.com\/index.php\/abd-silah-stoklari-tukeniyor-mu#primaryimage\",\"url\":\"https:\/\/epochtimestr.com\/wp-content\/uploads\/2011y\/1000049286.webp\",\"contentUrl\":\"https:\/\/epochtimestr.com\/wp-content\/uploads\/2011y\/1000049286.webp\",\"width\":1200,\"height\":672},{\"@type\":\"WebSite\",\"@id\":\"https:\/\/epochtimestr.com\/#website\",\"url\":\"https:\/\/epochtimestr.com\/\",\"name\":\"The Epoch Times TR\",\"description\":\"De\u011fi\u015fen D\u00fcnyam\u0131za Taze Bir Bak\u0131\u015f\",\"publisher\":{\"@id\":\"https:\/\/epochtimestr.com\/#organization\"},\"potentialAction\":[{\"@type\":\"SearchAction\",\"target\":{\"@type\":\"EntryPoint\",\"urlTemplate\":\"https:\/\/epochtimestr.com\/?s={search_term_string}\"},\"query-input\":\"required name=search_term_string\"}],\"inLanguage\":\"tr\"},{\"@type\":\"Organization\",\"@id\":\"https:\/\/epochtimestr.com\/#organization\",\"name\":\"The EpochTimes T\u00fcrkiye\",\"url\":\"https:\/\/epochtimestr.com\/\",\"logo\":{\"@type\":\"ImageObject\",\"inLanguage\":\"tr\",\"@id\":\"https:\/\/epochtimestr.com\/#\/schema\/logo\/image\/\",\"url\":\"https:\/\/epochtimestr.com\/wp-content\/uploads\/2011y\/ET-Logo-YG.jpg\",\"contentUrl\":\"https:\/\/epochtimestr.com\/wp-content\/uploads\/2011y\/ET-Logo-YG.jpg\",\"width\":346,\"height\":29,\"caption\":\"The EpochTimes T\u00fcrkiye\"},\"image\":{\"@id\":\"https:\/\/epochtimestr.com\/#\/schema\/logo\/image\/\"},\"sameAs\":[\"https:\/\/www.facebook.com\/theepochtimestr\",\"https:\/\/x.com\/TheEpochTimesTR\",\"https:\/\/www.instagram.com\/epochtimestr\"]},{\"@type\":\"Person\",\"@id\":\"https:\/\/epochtimestr.com\/#\/schema\/person\/5fef218711d76d8f232b0e1f1d7e4c0d\",\"name\":\"Leo Bajelan\",\"image\":{\"@type\":\"ImageObject\",\"inLanguage\":\"tr\",\"@id\":\"https:\/\/epochtimestr.com\/#\/schema\/person\/image\/\",\"url\":\"https:\/\/secure.gravatar.com\/avatar\/917669146f489549e548a2e9af272df5?s=96&d=mm&r=g\",\"contentUrl\":\"https:\/\/secure.gravatar.com\/avatar\/917669146f489549e548a2e9af272df5?s=96&d=mm&r=g\",\"caption\":\"Leo Bajelan\"},\"url\":\"https:\/\/epochtimestr.com\/index.php\/author\/leo\"}]}<\/script>\n<!-- \/ Yoast SEO plugin. -->","yoast_head_json":{"title":"ABD Silah Stoklar\u0131 T\u00fckeniyor Mu? - The Epoch Times TR","description":"\u0130ran ile s\u00fcren \u00e7at\u0131\u015fmalar nedeniyle ABD senatosunda silah stoklar\u0131 hakk\u0131ndaki tart\u0131\u015fmalar giderek alevleniyor.","robots":{"index":"index","follow":"follow","max-snippet":"max-snippet:-1","max-image-preview":"max-image-preview:large","max-video-preview":"max-video-preview:-1"},"canonical":"https:\/\/epochtimestr.com\/index.php\/abd-silah-stoklari-tukeniyor-mu","og_locale":"tr_TR","og_type":"article","og_title":"ABD Silah Stoklar\u0131 T\u00fckeniyor Mu? - The Epoch Times TR","og_description":"\u0130ran ile s\u00fcren \u00e7at\u0131\u015fmalar nedeniyle ABD senatosunda silah stoklar\u0131 hakk\u0131ndaki tart\u0131\u015fmalar giderek alevleniyor.","og_url":"https:\/\/epochtimestr.com\/index.php\/abd-silah-stoklari-tukeniyor-mu","og_site_name":"The Epoch Times TR","article_publisher":"https:\/\/www.facebook.com\/theepochtimestr","article_published_time":"2026-07-30T13:44:18+00:00","article_modified_time":"2026-07-30T13:44:22+00:00","og_image":[{"width":1200,"height":672,"url":"https:\/\/epochtimestr.com\/wp-content\/uploads\/2011y\/1000049286.webp","type":"image\/webp"}],"author":"Leo Bajelan","twitter_card":"summary_large_image","twitter_creator":"@TheEpochTimesTR","twitter_site":"@TheEpochTimesTR","twitter_misc":{"Yazan:":"Leo Bajelan","Tahmini okuma s\u00fcresi":"3 dakika"},"schema":{"@context":"https:\/\/schema.org","@graph":[{"@type":"Article","@id":"https:\/\/epochtimestr.com\/index.php\/abd-silah-stoklari-tukeniyor-mu#article","isPartOf":{"@id":"https:\/\/epochtimestr.com\/index.php\/abd-silah-stoklari-tukeniyor-mu"},"author":{"name":"Leo Bajelan","@id":"https:\/\/epochtimestr.com\/#\/schema\/person\/5fef218711d76d8f232b0e1f1d7e4c0d"},"headline":"ABD Silah Stoklar\u0131 T\u00fckeniyor Mu?","datePublished":"2026-07-30T13:44:18+00:00","dateModified":"2026-07-30T13:44:22+00:00","mainEntityOfPage":{"@id":"https:\/\/epochtimestr.com\/index.php\/abd-silah-stoklari-tukeniyor-mu"},"wordCount":465,"commentCount":0,"publisher":{"@id":"https:\/\/epochtimestr.com\/#organization"},"image":{"@id":"https:\/\/epochtimestr.com\/index.php\/abd-silah-stoklari-tukeniyor-mu#primaryimage"},"thumbnailUrl":"https:\/\/epochtimestr.com\/wp-content\/uploads\/2011y\/1000049286.webp","keywords":["ABD \u0130ran sava\u015f\u0131","ABD silah stoklar\u0131","\u0130ran sald\u0131r\u0131lar\u0131","Trump","Wall Street journal"],"articleSection":["D\u00dcNYA","G\u00dcNDEM","MAN\u015eET"],"inLanguage":"tr","potentialAction":[{"@type":"CommentAction","name":"Comment","target":["https:\/\/epochtimestr.com\/index.php\/abd-silah-stoklari-tukeniyor-mu#respond"]}]},{"@type":"WebPage","@id":"https:\/\/epochtimestr.com\/index.php\/abd-silah-stoklari-tukeniyor-mu","url":"https:\/\/epochtimestr.com\/index.php\/abd-silah-stoklari-tukeniyor-mu","name":"ABD Silah Stoklar\u0131 T\u00fckeniyor Mu? - The Epoch Times TR","isPartOf":{"@id":"https:\/\/epochtimestr.com\/#website"},"primaryImageOfPage":{"@id":"https:\/\/epochtimestr.com\/index.php\/abd-silah-stoklari-tukeniyor-mu#primaryimage"},"image":{"@id":"https:\/\/epochtimestr.com\/index.php\/abd-silah-stoklari-tukeniyor-mu#primaryimage"},"thumbnailUrl":"https:\/\/epochtimestr.com\/wp-content\/uploads\/2011y\/1000049286.webp","datePublished":"2026-07-30T13:44:18+00:00","dateModified":"2026-07-30T13:44:22+00:00","description":"\u0130ran ile s\u00fcren \u00e7at\u0131\u015fmalar nedeniyle ABD senatosunda silah stoklar\u0131 hakk\u0131ndaki tart\u0131\u015fmalar giderek alevleniyor.","inLanguage":"tr","potentialAction":[{"@type":"ReadAction","target":["https:\/\/epochtimestr.com\/index.php\/abd-silah-stoklari-tukeniyor-mu"]}]},{"@type":"ImageObject","inLanguage":"tr","@id":"https:\/\/epochtimestr.com\/index.php\/abd-silah-stoklari-tukeniyor-mu#primaryimage","url":"https:\/\/epochtimestr.com\/wp-content\/uploads\/2011y\/1000049286.webp","contentUrl":"https:\/\/epochtimestr.com\/wp-content\/uploads\/2011y\/1000049286.webp","width":1200,"height":672},{"@type":"WebSite","@id":"https:\/\/epochtimestr.com\/#website","url":"https:\/\/epochtimestr.com\/","name":"The Epoch Times TR","description":"De\u011fi\u015fen D\u00fcnyam\u0131za Taze Bir Bak\u0131\u015f","publisher":{"@id":"https:\/\/epochtimestr.com\/#organization"},"potentialAction":[{"@type":"SearchAction","target":{"@type":"EntryPoint","urlTemplate":"https:\/\/epochtimestr.com\/?s={search_term_string}"},"query-input":"required name=search_term_string"}],"inLanguage":"tr"},{"@type":"Organization","@id":"https:\/\/epochtimestr.com\/#organization","name":"The EpochTimes T\u00fcrkiye","url":"https:\/\/epochtimestr.com\/","logo":{"@type":"ImageObject","inLanguage":"tr","@id":"https:\/\/epochtimestr.com\/#\/schema\/logo\/image\/","url":"https:\/\/epochtimestr.com\/wp-content\/uploads\/2011y\/ET-Logo-YG.jpg","contentUrl":"https:\/\/epochtimestr.com\/wp-content\/uploads\/2011y\/ET-Logo-YG.jpg","width":346,"height":29,"caption":"The EpochTimes T\u00fcrkiye"},"image":{"@id":"https:\/\/epochtimestr.com\/#\/schema\/logo\/image\/"},"sameAs":["https:\/\/www.facebook.com\/theepochtimestr","https:\/\/x.com\/TheEpochTimesTR","https:\/\/www.instagram.com\/epochtimestr"]},{"@type":"Person","@id":"https:\/\/epochtimestr.com\/#\/schema\/person\/5fef218711d76d8f232b0e1f1d7e4c0d","name":"Leo Bajelan","image":{"@type":"ImageObject","inLanguage":"tr","@id":"https:\/\/epochtimestr.com\/#\/schema\/person\/image\/","url":"https:\/\/secure.gravatar.com\/avatar\/917669146f489549e548a2e9af272df5?s=96&d=mm&r=g","contentUrl":"https:\/\/secure.gravatar.com\/avatar\/917669146f489549e548a2e9af272df5?s=96&d=mm&r=g","caption":"Leo Bajelan"},"url":"https:\/\/epochtimestr.com\/index.php\/author\/leo"}]}},"_links":{"self":[{"href":"https:\/\/epochtimestr.com\/index.php\/wp-json\/wp\/v2\/posts\/169452"}],"collection":[{"href":"https:\/\/epochtimestr.com\/index.php\/wp-json\/wp\/v2\/posts"}],"about":[{"href":"https:\/\/epochtimestr.com\/index.php\/wp-json\/wp\/v2\/types\/post"}],"author":[{"embeddable":true,"href":"https:\/\/epochtimestr.com\/index.php\/wp-json\/wp\/v2\/users\/13996"}],"replies":[{"embeddable":true,"href":"https:\/\/epochtimestr.com\/index.php\/wp-json\/wp\/v2\/comments?post=169452"}],"version-history":[{"count":2,"href":"https:\/\/epochtimestr.com\/index.php\/wp-json\/wp\/v2\/posts\/169452\/revisions"}],"predecessor-version":[{"id":169479,"href":"https:\/\/epochtimestr.com\/index.php\/wp-json\/wp\/v2\/posts\/169452\/revisions\/169479"}],"wp:featuredmedia":[{"embeddable":true,"href":"https:\/\/epochtimestr.com\/index.php\/wp-json\/wp\/v2\/media\/169460"}],"wp:attachment":[{"href":"https:\/\/epochtimestr.com\/index.php\/wp-json\/wp\/v2\/media?parent=169452"}],"wp:term":[{"taxonomy":"category","embeddable":true,"href":"https:\/\/epochtimestr.com\/index.php\/wp-json\/wp\/v2\/categories?post=169452"},{"taxonomy":"post_tag","embeddable":true,"href":"https:\/\/epochtimestr.com\/index.php\/wp-json\/wp\/v2\/tags?post=169452"}],"curies":[{"name":"wp","href":"https:\/\/api.w.org\/{rel}","templated":true}]}}