{"id":169472,"date":"2026-07-30T17:06:03","date_gmt":"2026-07-30T14:06:03","guid":{"rendered":"https:\/\/epochtimestr.com\/?p=169472"},"modified":"2026-07-30T17:06:04","modified_gmt":"2026-07-30T14:06:04","slug":"mehmet-ucumun-baskanlik-sistemi-aciklamasi","status":"publish","type":"post","link":"https:\/\/epochtimestr.com\/index.php\/mehmet-ucumun-baskanlik-sistemi-aciklamasi","title":{"rendered":"Mehmet U\u00e7um&#8217;un &#8216;Ba\u015fkanl\u0131k&#8217; Sistemi A\u00e7\u0131klamas\u0131"},"content":{"rendered":"<div class=\"wp-block-image\">\n<figure class=\"aligncenter size-full is-resized\"><img loading=\"lazy\" decoding=\"async\" width=\"1600\" height=\"900\" src=\"https:\/\/epochtimestr.com\/wp-content\/uploads\/2011y\/mehmet-ucum.webp\" alt=\"\" class=\"wp-image-169474\" style=\"width:840px;height:auto\" srcset=\"https:\/\/epochtimestr.com\/wp-content\/uploads\/2011y\/mehmet-ucum.webp 1600w, https:\/\/epochtimestr.com\/wp-content\/uploads\/2011y\/mehmet-ucum-300x169.webp 300w, https:\/\/epochtimestr.com\/wp-content\/uploads\/2011y\/mehmet-ucum-150x84.webp 150w, https:\/\/epochtimestr.com\/wp-content\/uploads\/2011y\/mehmet-ucum-768x432.webp 768w, https:\/\/epochtimestr.com\/wp-content\/uploads\/2011y\/mehmet-ucum-1536x864.webp 1536w\" sizes=\"(max-width: 1600px) 100vw, 1600px\" \/><figcaption class=\"wp-element-caption\">Mehmet U\u00e7um&#8217;un &#8216;Ba\u015fkanl\u0131k&#8217; sistemi a\u00e7\u0131klamas\u0131 (Foto\u011fraf: MehmetU\u00e7um x hesab\u0131)<\/figcaption><\/figure><\/div>\n\n\n<h2 class=\"wp-block-heading\">Mehmet U\u00e7um, ba\u015fkanl\u0131k sisteminde \u00fcst kademe y\u00f6neticilerin konumuna ili\u015fkin gelen tart\u0131\u015fmalara sosyal medya hesab\u0131ndan yan\u0131t verdi. <\/h2>\n\n\n\n<p>Cumhurba\u015fkan\u0131 Ba\u015fdan\u0131\u015fman\u0131 ve Cumhurba\u015fkanl\u0131\u011f\u0131 Hukuk Politikalar\u0131 Kurulu Ba\u015fkanvekili <a href=\"https:\/\/epochtimestr.com\/index.php\/mehmet-ucum-emperyalist-gucler-turkiyede-eylem-yoluyla-kaos-ortami-olusturmaya-calisiyor\" target=\"_blank\" rel=\"noreferrer noopener\">Mehmet U\u00e7um<\/a>, \u00fcst kademe y\u00f6neticilerin konumuna ili\u015fkin gelen tart\u0131\u015fmalara sosyal medya hesab\u0131ndan yan\u0131t verdi. U\u00e7um, sistemde b\u00fcrokratik vesayetin olu\u015fmas\u0131n\u0131n m\u00fcmk\u00fcn olmad\u0131\u011f\u0131n\u0131 belirtti. Cumhurba\u015fkan\u0131 Ba\u015fdan\u0131\u015fman\u0131 Mehmet U\u00e7um, sosyal medya hesab\u0131ndan <a href=\"https:\/\/epochtimestr.com\/index.php\/hondurasta-gergin-baskanlik-secimi-salvador-nasralla-onde\" target=\"_blank\" rel=\"noreferrer noopener\">ba\u015fkanl\u0131k<\/a> sisteminde se\u00e7ilmi\u015f-atanm\u0131\u015f ili\u015fkisi ile ilgili bir a\u00e7\u0131klamada bulundu.<\/p>\n\n\n\n<p><strong>Mehmet U\u00e7um a\u00e7\u0131klamas\u0131nda \u015fu ifadeleri kaydetti:<\/strong><\/p>\n\n\n\n<p>Cumhurba\u015fkanl\u0131\u011f\u0131 H\u00fck\u00fcmet Sistemi&#8217;nde \u00fcst kademe y\u00f6neticiler cumhurba\u015fkan\u0131n\u0131n program\u0131n\u0131 do\u011frudan uygulamakla g\u00f6revli y\u00f6neticilerdir. Di\u011fer kamu g\u00f6revlilerinden niteliksel olarak farkl\u0131d\u0131r. Di\u011fer kamu g\u00f6revlileri idarenin i\u00e7indedir ve idarenin b\u00fct\u00fcnl\u00fc\u011f\u00fc i\u00e7erisinde y\u00fcr\u00fctmeye ba\u011fl\u0131 \u00e7al\u0131\u015f\u0131r. \u00dcst kademe y\u00f6neticileri ise do\u011frudan y\u00fcr\u00fctmeye ba\u011fl\u0131 ve y\u00fcr\u00fctmenin yard\u0131mc\u0131s\u0131 olarak \u00e7al\u0131\u015f\u0131r. Bu nedenle bu sistemde di\u011fer kamu g\u00f6revlilerinden farkl\u0131 olarak \u00fcst kademe y\u00f6neticilerin \u015fu \u00f6zellikleri vard\u0131r:<\/p>\n\n\n\n<p>1- \u00dcst kademe y\u00f6neticilerinin g\u00f6rev s\u00fcreleri cumhurba\u015fkan\u0131 arada g\u00f6revden almazsa se\u00e7ilmi\u015f cumhurba\u015fkan\u0131n\u0131n s\u00fcresiyle s\u0131n\u0131rl\u0131d\u0131r. Cumhurba\u015fkan\u0131yla gelip cumhurba\u015fkan\u0131yla gitme kural\u0131 vard\u0131r. Cumhurba\u015fkan\u0131ndan ba\u011f\u0131ms\u0131z bir g\u00f6rev s\u00fcreleri yoktur.<\/p>\n\n\n\n<p>2- \u00dcst kademe y\u00f6neticilerin se\u00e7ilmi\u015f iradeye kar\u015f\u0131 bir \u00f6zerklikleri yoktur. Bu nedenle Cumhurba\u015fkanl\u0131\u011f\u0131 H\u00fck\u00fcmet Sistemi&#8217;nde b\u00fcrokratik vesayet ve b\u00fcrokratik oligar\u015fi olmaz. Eski sistemin ba\u011f\u0131ms\u0131z g\u00f6rev s\u00fcresi ile ikili ve \u00fc\u00e7l\u00fc kararnameye dayanan bu fa\u015fizan yap\u0131s\u0131 tasfiye edilmi\u015ftir. B\u00fcrokratik vesayet se\u00e7ilmi\u015f iradeyi s\u0131n\u0131rlama g\u00fcc\u00fcne sahip siyasi bir b\u00fcrokrasinin olmas\u0131 demektir. <\/p>\n\n\n\n<p>Cumhurba\u015fkanl\u0131\u011f\u0131 H\u00fck\u00fcmet Sisteminde y\u00fcr\u00fctme a\u00e7\u0131s\u0131ndan se\u00e7ilmi\u015f irade Cumhurba\u015fkan\u0131d\u0131r. Cumhurba\u015fkan\u0131 kendi iradesi \u00fczerinde vesayet kullanmak isteyen hi\u00e7 bir siyasi b\u00fcrokratik olu\u015fuma izin vermez, \u00e7\u00fcnk\u00fc t\u00fcm \u00fcst kademe y\u00f6neticileri tek ba\u015f\u0131na g\u00f6revden alma yetkisine sahiptir. B\u00fcrokratik vesayete yeltenenler bir gecede giderler. Bu y\u00fczden Cumhurba\u015fkanl\u0131\u011f\u0131 H\u00fck\u00fcmet Sisteminde b\u00fcrokratik vesayetin do\u011fmas\u0131 sistemin esaslar\u0131 sebebiyle m\u00fcmk\u00fcn de\u011fildir.<\/p>\n\n\n\n<p>3- \u00dcst kademe y\u00f6neticilerin se\u00e7ilmi\u015f iradeye kar\u015f\u0131 tarafs\u0131z olmak gibi bir rolleri yoktur. Tam tersine se\u00e7ilmi\u015f iradeye ba\u011fl\u0131 hareket etme y\u00fck\u00fcml\u00fcl\u00fckleri vard\u0131r.<\/p>\n\n\n\n<h3 class=\"wp-block-heading\">\u201cCumhurba\u015fkan\u0131n\u0131n program\u0131na kar\u015f\u0131 tarafs\u0131z olamazlar, program\u0131 uygulamakla y\u00fck\u00fcml\u00fcd\u00fcr.\u201d<\/h3>\n\n\n\n<p>Y\u00fcr\u00fctme ve idare bak\u0131m\u0131ndan tarafs\u0131zl\u0131k niteli\u011fi, kamu hizmetlerinin yerine getirilmesinde tarafs\u0131z olmakla ilgilidir. Yoksa \u00fcst kademe y\u00f6neticiler Cumhurba\u015fkan\u0131n\u0131n program\u0131na kar\u015f\u0131 tarafs\u0131z olamazlar \u00e7\u00fcnk\u00fc program\u0131 uygulamakla y\u00fck\u00fcml\u00fcd\u00fcr. Bunu istemek demokratik sistemin esas\u0131na ayk\u0131r\u0131d\u0131r. Di\u011fer deyi\u015fle tarafs\u0131zl\u0131k icrai s\u00fcre\u00e7lerle ilgilidir. Fikir beyan\u0131nda tarafs\u0131zl\u0131k s\u00f6z konusu de\u011fildir.<\/p>\n\n\n\n<p><strong>&#8220;Cumhurba\u015fkanl\u0131\u011f\u0131 h\u00fck\u00fcmet sisteminde b\u00fcrokratik vesayet olmaz<\/strong>.&#8221;<\/p>\n\n\n\n<p>T\u00fcm bunlar\u0131 ve konunun di\u011fer boyutlar\u0131n\u0131 5 A\u011fustos 2024 tarihinde AA Analiz i\u00e7in haz\u0131rlad\u0131\u011f\u0131m\u0131z ili\u015fikteki yaz\u0131da ele alm\u0131\u015ft\u0131k. Konuyla ilgilenenlerin bilgisine sunulur. Ele\u015ftiri yapmak isteyenler l\u00fctfen yaz\u0131y\u0131 okusun. Ele\u015ftiriler yaz\u0131da anlat\u0131lan sistemin esaslar\u0131 ve temel \u00f6zellikleri \u00fczerinden olursa en az\u0131ndan bir fikri \u00e7aba izlenimi verir, k\u0131ymeti de olur. Ezberler \u00fczerinden ele\u015ftiri g\u00f6r\u00fcn\u00fcm\u00fcyle yap\u0131lan de\u011ferlendirmeler ise sadece abes kal\u0131r.<\/p>\n\n\n\n<p>Kaynak: Mehmet U\u00e7um&#8217;un &#8216;Ba\u015fkanl\u0131k&#8217; sistemi a\u00e7\u0131klamas\u0131: &#8216;Cumhurba\u015fkanl\u0131\u011f\u0131 h\u00fck\u00fcmet sisteminde b\u00fcrokratik vesayet olmaz!&#8217;<\/p>\n\n\n\n<figure class=\"wp-block-embed is-type-rich is-provider-x wp-block-embed-x\"><div class=\"wp-block-embed__wrapper\">\n<blockquote class=\"twitter-tweet\" data-width=\"550\" data-dnt=\"true\"><p lang=\"tr\" dir=\"ltr\">CUMHURBA\u015eKANLI\u011eI H\u00dcK\u00dcMET S\u0130STEM\u0130NDE B\u00dcROKRAT\u0130K VESAYET OLMAZ!<br><br>Daha \u00f6nce defalarca g\u00fcndeme getirilen bir konu yeniden \u0131s\u0131t\u0131lmaya \u00e7al\u0131\u015f\u0131l\u0131yor. <br><br>Tart\u0131\u015fman\u0131n esas\u0131 se\u00e7ilmi\u015f atanm\u0131\u015f ili\u015fkisi. <br><br>Kimi \u00e7evreler Cumhurba\u015fkan\u0131 taraf\u0131ndan atanm\u0131\u015f baz\u0131 \u00fcst kademe y\u00f6neticilerini &quot;niye\u2026<\/p>&mdash; Mehmet U\u00e7um (@mehmetucum) <a href=\"https:\/\/x.com\/mehmetucum\/status\/2082693829488996445?ref_src=twsrc%5Etfw\">July 30, 2026<\/a><\/blockquote><script async src=\"https:\/\/platform.x.com\/widgets.js\" charset=\"utf-8\"><\/script>\n<\/div><\/figure>\n","protected":false},"excerpt":{"rendered":"<p>Mehmet U\u00e7um, ba\u015fkanl\u0131k sisteminde \u00fcst kademe y\u00f6neticilerin konumuna ili\u015fkin gelen tart\u0131\u015fmalara sosyal medya hesab\u0131ndan yan\u0131t verdi. Cumhurba\u015fkan\u0131 Ba\u015fdan\u0131\u015fman\u0131 ve Cumhurba\u015fkanl\u0131\u011f\u0131 Hukuk Politikalar\u0131 Kurulu Ba\u015fkanvekili Mehmet U\u00e7um, \u00fcst kademe y\u00f6neticilerin konumuna ili\u015fkin gelen tart\u0131\u015fmalara sosyal medya hesab\u0131ndan yan\u0131t verdi. U\u00e7um, sistemde b\u00fcrokratik vesayetin olu\u015fmas\u0131n\u0131n m\u00fcmk\u00fcn olmad\u0131\u011f\u0131n\u0131 belirtti. Cumhurba\u015fkan\u0131 Ba\u015fdan\u0131\u015fman\u0131 Mehmet U\u00e7um, sosyal medya hesab\u0131ndan ba\u015fkanl\u0131k sisteminde [&hellip;]<\/p>\n","protected":false},"author":12791,"featured_media":169474,"comment_status":"open","ping_status":"open","sticky":false,"template":"","format":"standard","meta":{"_yoast_wpseo_focuskw":"Ba\u015fkanl\u0131k","_yoast_wpseo_title":"","_yoast_wpseo_metadesc":"Mehmet U\u00e7um, ba\u015fkanl\u0131k sisteminde \u00fcst kademe y\u00f6neticilerin konumuna ili\u015fkin gelen tart\u0131\u015fmalara sosyal medya hesab\u0131ndan yan\u0131t verdi.","_bbp_topic_count":0,"_bbp_reply_count":0,"_bbp_total_topic_count":0,"_bbp_total_reply_count":0,"_bbp_voice_count":0,"_bbp_anonymous_reply_count":0,"_bbp_topic_count_hidden":0,"_bbp_reply_count_hidden":0,"_bbp_forum_subforum_count":0,"footnotes":"","_yoast_wpseo_focuskw_text_input":""},"categories":[1,8138,8226,37],"tags":[11982,11980,8526,11983],"yoast_head":"<!-- This site is optimized with the Yoast SEO plugin v23.0 - https:\/\/yoast.com\/wordpress\/plugins\/seo\/ -->\n<title>Mehmet U\u00e7um&#039;un &#039;Ba\u015fkanl\u0131k&#039; Sistemi A\u00e7\u0131klamas\u0131 - The Epoch Times TR<\/title>\n<meta name=\"description\" content=\"Mehmet U\u00e7um, ba\u015fkanl\u0131k sisteminde \u00fcst kademe y\u00f6neticilerin konumuna ili\u015fkin gelen tart\u0131\u015fmalara sosyal medya hesab\u0131ndan yan\u0131t verdi.\" \/>\n<meta name=\"robots\" content=\"index, follow, max-snippet:-1, max-image-preview:large, max-video-preview:-1\" \/>\n<link rel=\"canonical\" href=\"https:\/\/epochtimestr.com\/index.php\/mehmet-ucumun-baskanlik-sistemi-aciklamasi\" \/>\n<meta property=\"og:locale\" content=\"tr_TR\" \/>\n<meta property=\"og:type\" content=\"article\" \/>\n<meta property=\"og:title\" content=\"Mehmet U\u00e7um&#039;un &#039;Ba\u015fkanl\u0131k&#039; Sistemi A\u00e7\u0131klamas\u0131 - The Epoch Times TR\" \/>\n<meta property=\"og:description\" content=\"Mehmet U\u00e7um, ba\u015fkanl\u0131k sisteminde \u00fcst kademe y\u00f6neticilerin konumuna ili\u015fkin gelen tart\u0131\u015fmalara sosyal medya hesab\u0131ndan yan\u0131t verdi.\" \/>\n<meta property=\"og:url\" content=\"https:\/\/epochtimestr.com\/index.php\/mehmet-ucumun-baskanlik-sistemi-aciklamasi\" \/>\n<meta property=\"og:site_name\" content=\"The Epoch Times TR\" \/>\n<meta property=\"article:publisher\" content=\"https:\/\/www.facebook.com\/theepochtimestr\" \/>\n<meta property=\"article:published_time\" content=\"2026-07-30T14:06:03+00:00\" \/>\n<meta property=\"article:modified_time\" content=\"2026-07-30T14:06:04+00:00\" \/>\n<meta property=\"og:image\" content=\"https:\/\/epochtimestr.com\/wp-content\/uploads\/2011y\/mehmet-ucum.webp\" \/>\n\t<meta property=\"og:image:width\" content=\"1600\" \/>\n\t<meta property=\"og:image:height\" content=\"900\" \/>\n\t<meta property=\"og:image:type\" content=\"image\/webp\" \/>\n<meta name=\"author\" content=\"Haber Merkezi\" \/>\n<meta name=\"twitter:card\" content=\"summary_large_image\" \/>\n<meta name=\"twitter:creator\" content=\"@TheEpochTimesTR\" \/>\n<meta name=\"twitter:site\" content=\"@TheEpochTimesTR\" \/>\n<meta name=\"twitter:label1\" content=\"Yazan:\" \/>\n\t<meta name=\"twitter:data1\" content=\"Haber Merkezi\" \/>\n\t<meta name=\"twitter:label2\" content=\"Tahmini okuma s\u00fcresi\" \/>\n\t<meta name=\"twitter:data2\" content=\"3 dakika\" \/>\n<script type=\"application\/ld+json\" class=\"yoast-schema-graph\">{\"@context\":\"https:\/\/schema.org\",\"@graph\":[{\"@type\":\"Article\",\"@id\":\"https:\/\/epochtimestr.com\/index.php\/mehmet-ucumun-baskanlik-sistemi-aciklamasi#article\",\"isPartOf\":{\"@id\":\"https:\/\/epochtimestr.com\/index.php\/mehmet-ucumun-baskanlik-sistemi-aciklamasi\"},\"author\":{\"name\":\"Haber Merkezi\",\"@id\":\"https:\/\/epochtimestr.com\/#\/schema\/person\/3dc5c3adeb9f43923c5aa85889172fdd\"},\"headline\":\"Mehmet U\u00e7um&#8217;un &#8216;Ba\u015fkanl\u0131k&#8217; Sistemi A\u00e7\u0131klamas\u0131\",\"datePublished\":\"2026-07-30T14:06:03+00:00\",\"dateModified\":\"2026-07-30T14:06:04+00:00\",\"mainEntityOfPage\":{\"@id\":\"https:\/\/epochtimestr.com\/index.php\/mehmet-ucumun-baskanlik-sistemi-aciklamasi\"},\"wordCount\":677,\"commentCount\":0,\"publisher\":{\"@id\":\"https:\/\/epochtimestr.com\/#organization\"},\"image\":{\"@id\":\"https:\/\/epochtimestr.com\/index.php\/mehmet-ucumun-baskanlik-sistemi-aciklamasi#primaryimage\"},\"thumbnailUrl\":\"https:\/\/epochtimestr.com\/wp-content\/uploads\/2011y\/mehmet-ucum.webp\",\"keywords\":[\"Ba\u015fkanl\u0131k\",\"Cumhurba\u015fkanl\u0131\u011f\u0131 Ba\u015fdan\u0131\u015fman\u0131\",\"mehmet u\u00e7um\",\"y\u00f6netici\"],\"articleSection\":[\"G\u00dcNDEM\",\"MAN\u015eET\",\"Siyaset\",\"T\u00dcRK\u0130YE\"],\"inLanguage\":\"tr\",\"potentialAction\":[{\"@type\":\"CommentAction\",\"name\":\"Comment\",\"target\":[\"https:\/\/epochtimestr.com\/index.php\/mehmet-ucumun-baskanlik-sistemi-aciklamasi#respond\"]}]},{\"@type\":\"WebPage\",\"@id\":\"https:\/\/epochtimestr.com\/index.php\/mehmet-ucumun-baskanlik-sistemi-aciklamasi\",\"url\":\"https:\/\/epochtimestr.com\/index.php\/mehmet-ucumun-baskanlik-sistemi-aciklamasi\",\"name\":\"Mehmet U\u00e7um'un 'Ba\u015fkanl\u0131k' Sistemi A\u00e7\u0131klamas\u0131 - The Epoch Times TR\",\"isPartOf\":{\"@id\":\"https:\/\/epochtimestr.com\/#website\"},\"primaryImageOfPage\":{\"@id\":\"https:\/\/epochtimestr.com\/index.php\/mehmet-ucumun-baskanlik-sistemi-aciklamasi#primaryimage\"},\"image\":{\"@id\":\"https:\/\/epochtimestr.com\/index.php\/mehmet-ucumun-baskanlik-sistemi-aciklamasi#primaryimage\"},\"thumbnailUrl\":\"https:\/\/epochtimestr.com\/wp-content\/uploads\/2011y\/mehmet-ucum.webp\",\"datePublished\":\"2026-07-30T14:06:03+00:00\",\"dateModified\":\"2026-07-30T14:06:04+00:00\",\"description\":\"Mehmet U\u00e7um, ba\u015fkanl\u0131k sisteminde \u00fcst kademe y\u00f6neticilerin konumuna ili\u015fkin gelen tart\u0131\u015fmalara sosyal medya hesab\u0131ndan yan\u0131t verdi.\",\"inLanguage\":\"tr\",\"potentialAction\":[{\"@type\":\"ReadAction\",\"target\":[\"https:\/\/epochtimestr.com\/index.php\/mehmet-ucumun-baskanlik-sistemi-aciklamasi\"]}]},{\"@type\":\"ImageObject\",\"inLanguage\":\"tr\",\"@id\":\"https:\/\/epochtimestr.com\/index.php\/mehmet-ucumun-baskanlik-sistemi-aciklamasi#primaryimage\",\"url\":\"https:\/\/epochtimestr.com\/wp-content\/uploads\/2011y\/mehmet-ucum.webp\",\"contentUrl\":\"https:\/\/epochtimestr.com\/wp-content\/uploads\/2011y\/mehmet-ucum.webp\",\"width\":1600,\"height\":900},{\"@type\":\"WebSite\",\"@id\":\"https:\/\/epochtimestr.com\/#website\",\"url\":\"https:\/\/epochtimestr.com\/\",\"name\":\"The Epoch Times TR\",\"description\":\"De\u011fi\u015fen D\u00fcnyam\u0131za Taze Bir Bak\u0131\u015f\",\"publisher\":{\"@id\":\"https:\/\/epochtimestr.com\/#organization\"},\"potentialAction\":[{\"@type\":\"SearchAction\",\"target\":{\"@type\":\"EntryPoint\",\"urlTemplate\":\"https:\/\/epochtimestr.com\/?s={search_term_string}\"},\"query-input\":\"required name=search_term_string\"}],\"inLanguage\":\"tr\"},{\"@type\":\"Organization\",\"@id\":\"https:\/\/epochtimestr.com\/#organization\",\"name\":\"The EpochTimes T\u00fcrkiye\",\"url\":\"https:\/\/epochtimestr.com\/\",\"logo\":{\"@type\":\"ImageObject\",\"inLanguage\":\"tr\",\"@id\":\"https:\/\/epochtimestr.com\/#\/schema\/logo\/image\/\",\"url\":\"https:\/\/epochtimestr.com\/wp-content\/uploads\/2011y\/ET-Logo-YG.jpg\",\"contentUrl\":\"https:\/\/epochtimestr.com\/wp-content\/uploads\/2011y\/ET-Logo-YG.jpg\",\"width\":346,\"height\":29,\"caption\":\"The EpochTimes T\u00fcrkiye\"},\"image\":{\"@id\":\"https:\/\/epochtimestr.com\/#\/schema\/logo\/image\/\"},\"sameAs\":[\"https:\/\/www.facebook.com\/theepochtimestr\",\"https:\/\/x.com\/TheEpochTimesTR\",\"https:\/\/www.instagram.com\/epochtimestr\"]},{\"@type\":\"Person\",\"@id\":\"https:\/\/epochtimestr.com\/#\/schema\/person\/3dc5c3adeb9f43923c5aa85889172fdd\",\"name\":\"Haber Merkezi\",\"image\":{\"@type\":\"ImageObject\",\"inLanguage\":\"tr\",\"@id\":\"https:\/\/epochtimestr.com\/#\/schema\/person\/image\/\",\"url\":\"https:\/\/secure.gravatar.com\/avatar\/d73f772ba5a74f28601361e17c2f93e6?s=96&d=mm&r=g\",\"contentUrl\":\"https:\/\/secure.gravatar.com\/avatar\/d73f772ba5a74f28601361e17c2f93e6?s=96&d=mm&r=g\",\"caption\":\"Haber Merkezi\"},\"url\":\"https:\/\/epochtimestr.com\/index.php\/author\/sendag\"}]}<\/script>\n<!-- \/ Yoast SEO plugin. -->","yoast_head_json":{"title":"Mehmet U\u00e7um'un 'Ba\u015fkanl\u0131k' Sistemi A\u00e7\u0131klamas\u0131 - The Epoch Times TR","description":"Mehmet U\u00e7um, ba\u015fkanl\u0131k sisteminde \u00fcst kademe y\u00f6neticilerin konumuna ili\u015fkin gelen tart\u0131\u015fmalara sosyal medya hesab\u0131ndan yan\u0131t verdi.","robots":{"index":"index","follow":"follow","max-snippet":"max-snippet:-1","max-image-preview":"max-image-preview:large","max-video-preview":"max-video-preview:-1"},"canonical":"https:\/\/epochtimestr.com\/index.php\/mehmet-ucumun-baskanlik-sistemi-aciklamasi","og_locale":"tr_TR","og_type":"article","og_title":"Mehmet U\u00e7um'un 'Ba\u015fkanl\u0131k' Sistemi A\u00e7\u0131klamas\u0131 - The Epoch Times TR","og_description":"Mehmet U\u00e7um, ba\u015fkanl\u0131k sisteminde \u00fcst kademe y\u00f6neticilerin konumuna ili\u015fkin gelen tart\u0131\u015fmalara sosyal medya hesab\u0131ndan yan\u0131t verdi.","og_url":"https:\/\/epochtimestr.com\/index.php\/mehmet-ucumun-baskanlik-sistemi-aciklamasi","og_site_name":"The Epoch Times TR","article_publisher":"https:\/\/www.facebook.com\/theepochtimestr","article_published_time":"2026-07-30T14:06:03+00:00","article_modified_time":"2026-07-30T14:06:04+00:00","og_image":[{"width":1600,"height":900,"url":"https:\/\/epochtimestr.com\/wp-content\/uploads\/2011y\/mehmet-ucum.webp","type":"image\/webp"}],"author":"Haber Merkezi","twitter_card":"summary_large_image","twitter_creator":"@TheEpochTimesTR","twitter_site":"@TheEpochTimesTR","twitter_misc":{"Yazan:":"Haber Merkezi","Tahmini okuma s\u00fcresi":"3 dakika"},"schema":{"@context":"https:\/\/schema.org","@graph":[{"@type":"Article","@id":"https:\/\/epochtimestr.com\/index.php\/mehmet-ucumun-baskanlik-sistemi-aciklamasi#article","isPartOf":{"@id":"https:\/\/epochtimestr.com\/index.php\/mehmet-ucumun-baskanlik-sistemi-aciklamasi"},"author":{"name":"Haber Merkezi","@id":"https:\/\/epochtimestr.com\/#\/schema\/person\/3dc5c3adeb9f43923c5aa85889172fdd"},"headline":"Mehmet U\u00e7um&#8217;un &#8216;Ba\u015fkanl\u0131k&#8217; Sistemi A\u00e7\u0131klamas\u0131","datePublished":"2026-07-30T14:06:03+00:00","dateModified":"2026-07-30T14:06:04+00:00","mainEntityOfPage":{"@id":"https:\/\/epochtimestr.com\/index.php\/mehmet-ucumun-baskanlik-sistemi-aciklamasi"},"wordCount":677,"commentCount":0,"publisher":{"@id":"https:\/\/epochtimestr.com\/#organization"},"image":{"@id":"https:\/\/epochtimestr.com\/index.php\/mehmet-ucumun-baskanlik-sistemi-aciklamasi#primaryimage"},"thumbnailUrl":"https:\/\/epochtimestr.com\/wp-content\/uploads\/2011y\/mehmet-ucum.webp","keywords":["Ba\u015fkanl\u0131k","Cumhurba\u015fkanl\u0131\u011f\u0131 Ba\u015fdan\u0131\u015fman\u0131","mehmet u\u00e7um","y\u00f6netici"],"articleSection":["G\u00dcNDEM","MAN\u015eET","Siyaset","T\u00dcRK\u0130YE"],"inLanguage":"tr","potentialAction":[{"@type":"CommentAction","name":"Comment","target":["https:\/\/epochtimestr.com\/index.php\/mehmet-ucumun-baskanlik-sistemi-aciklamasi#respond"]}]},{"@type":"WebPage","@id":"https:\/\/epochtimestr.com\/index.php\/mehmet-ucumun-baskanlik-sistemi-aciklamasi","url":"https:\/\/epochtimestr.com\/index.php\/mehmet-ucumun-baskanlik-sistemi-aciklamasi","name":"Mehmet U\u00e7um'un 'Ba\u015fkanl\u0131k' Sistemi A\u00e7\u0131klamas\u0131 - The Epoch Times TR","isPartOf":{"@id":"https:\/\/epochtimestr.com\/#website"},"primaryImageOfPage":{"@id":"https:\/\/epochtimestr.com\/index.php\/mehmet-ucumun-baskanlik-sistemi-aciklamasi#primaryimage"},"image":{"@id":"https:\/\/epochtimestr.com\/index.php\/mehmet-ucumun-baskanlik-sistemi-aciklamasi#primaryimage"},"thumbnailUrl":"https:\/\/epochtimestr.com\/wp-content\/uploads\/2011y\/mehmet-ucum.webp","datePublished":"2026-07-30T14:06:03+00:00","dateModified":"2026-07-30T14:06:04+00:00","description":"Mehmet U\u00e7um, ba\u015fkanl\u0131k sisteminde \u00fcst kademe y\u00f6neticilerin konumuna ili\u015fkin gelen tart\u0131\u015fmalara sosyal medya hesab\u0131ndan yan\u0131t verdi.","inLanguage":"tr","potentialAction":[{"@type":"ReadAction","target":["https:\/\/epochtimestr.com\/index.php\/mehmet-ucumun-baskanlik-sistemi-aciklamasi"]}]},{"@type":"ImageObject","inLanguage":"tr","@id":"https:\/\/epochtimestr.com\/index.php\/mehmet-ucumun-baskanlik-sistemi-aciklamasi#primaryimage","url":"https:\/\/epochtimestr.com\/wp-content\/uploads\/2011y\/mehmet-ucum.webp","contentUrl":"https:\/\/epochtimestr.com\/wp-content\/uploads\/2011y\/mehmet-ucum.webp","width":1600,"height":900},{"@type":"WebSite","@id":"https:\/\/epochtimestr.com\/#website","url":"https:\/\/epochtimestr.com\/","name":"The Epoch Times TR","description":"De\u011fi\u015fen D\u00fcnyam\u0131za Taze Bir Bak\u0131\u015f","publisher":{"@id":"https:\/\/epochtimestr.com\/#organization"},"potentialAction":[{"@type":"SearchAction","target":{"@type":"EntryPoint","urlTemplate":"https:\/\/epochtimestr.com\/?s={search_term_string}"},"query-input":"required name=search_term_string"}],"inLanguage":"tr"},{"@type":"Organization","@id":"https:\/\/epochtimestr.com\/#organization","name":"The EpochTimes T\u00fcrkiye","url":"https:\/\/epochtimestr.com\/","logo":{"@type":"ImageObject","inLanguage":"tr","@id":"https:\/\/epochtimestr.com\/#\/schema\/logo\/image\/","url":"https:\/\/epochtimestr.com\/wp-content\/uploads\/2011y\/ET-Logo-YG.jpg","contentUrl":"https:\/\/epochtimestr.com\/wp-content\/uploads\/2011y\/ET-Logo-YG.jpg","width":346,"height":29,"caption":"The EpochTimes T\u00fcrkiye"},"image":{"@id":"https:\/\/epochtimestr.com\/#\/schema\/logo\/image\/"},"sameAs":["https:\/\/www.facebook.com\/theepochtimestr","https:\/\/x.com\/TheEpochTimesTR","https:\/\/www.instagram.com\/epochtimestr"]},{"@type":"Person","@id":"https:\/\/epochtimestr.com\/#\/schema\/person\/3dc5c3adeb9f43923c5aa85889172fdd","name":"Haber Merkezi","image":{"@type":"ImageObject","inLanguage":"tr","@id":"https:\/\/epochtimestr.com\/#\/schema\/person\/image\/","url":"https:\/\/secure.gravatar.com\/avatar\/d73f772ba5a74f28601361e17c2f93e6?s=96&d=mm&r=g","contentUrl":"https:\/\/secure.gravatar.com\/avatar\/d73f772ba5a74f28601361e17c2f93e6?s=96&d=mm&r=g","caption":"Haber Merkezi"},"url":"https:\/\/epochtimestr.com\/index.php\/author\/sendag"}]}},"_links":{"self":[{"href":"https:\/\/epochtimestr.com\/index.php\/wp-json\/wp\/v2\/posts\/169472"}],"collection":[{"href":"https:\/\/epochtimestr.com\/index.php\/wp-json\/wp\/v2\/posts"}],"about":[{"href":"https:\/\/epochtimestr.com\/index.php\/wp-json\/wp\/v2\/types\/post"}],"author":[{"embeddable":true,"href":"https:\/\/epochtimestr.com\/index.php\/wp-json\/wp\/v2\/users\/12791"}],"replies":[{"embeddable":true,"href":"https:\/\/epochtimestr.com\/index.php\/wp-json\/wp\/v2\/comments?post=169472"}],"version-history":[{"count":2,"href":"https:\/\/epochtimestr.com\/index.php\/wp-json\/wp\/v2\/posts\/169472\/revisions"}],"predecessor-version":[{"id":169488,"href":"https:\/\/epochtimestr.com\/index.php\/wp-json\/wp\/v2\/posts\/169472\/revisions\/169488"}],"wp:featuredmedia":[{"embeddable":true,"href":"https:\/\/epochtimestr.com\/index.php\/wp-json\/wp\/v2\/media\/169474"}],"wp:attachment":[{"href":"https:\/\/epochtimestr.com\/index.php\/wp-json\/wp\/v2\/media?parent=169472"}],"wp:term":[{"taxonomy":"category","embeddable":true,"href":"https:\/\/epochtimestr.com\/index.php\/wp-json\/wp\/v2\/categories?post=169472"},{"taxonomy":"post_tag","embeddable":true,"href":"https:\/\/epochtimestr.com\/index.php\/wp-json\/wp\/v2\/tags?post=169472"}],"curies":[{"name":"wp","href":"https:\/\/api.w.org\/{rel}","templated":true}]}}