{"id":169491,"date":"2026-07-30T17:55:58","date_gmt":"2026-07-30T14:55:58","guid":{"rendered":"https:\/\/epochtimestr.com\/?p=169491"},"modified":"2026-07-30T17:55:59","modified_gmt":"2026-07-30T14:55:59","slug":"meteorolojiden-kuzeybati-anadoluda-firtina-uyarisi","status":"publish","type":"post","link":"https:\/\/epochtimestr.com\/index.php\/meteorolojiden-kuzeybati-anadoluda-firtina-uyarisi","title":{"rendered":"Meteorolojiden Kuzeybat\u0131 Anadolu&#8217;da F\u0131rt\u0131na Uyar\u0131s\u0131"},"content":{"rendered":"<div class=\"wp-block-image\">\n<figure class=\"aligncenter size-full\"><img loading=\"lazy\" decoding=\"async\" width=\"1280\" height=\"851\" src=\"https:\/\/epochtimestr.com\/wp-content\/uploads\/2011y\/pixabay1-2.jpg\" alt=\"Meteoroloji'den Ege, Marmara, \u0130stanbul ve \u00e7evre illerinde f\u0131rt\u0131na uyar\u0131s\u0131 geldi. (Foto\u011fraf: wind storm, Pixabay)\" class=\"wp-image-169492\" srcset=\"https:\/\/epochtimestr.com\/wp-content\/uploads\/2011y\/pixabay1-2.jpg 1280w, https:\/\/epochtimestr.com\/wp-content\/uploads\/2011y\/pixabay1-2-300x199.jpg 300w, https:\/\/epochtimestr.com\/wp-content\/uploads\/2011y\/pixabay1-2-150x100.jpg 150w, https:\/\/epochtimestr.com\/wp-content\/uploads\/2011y\/pixabay1-2-768x511.jpg 768w\" sizes=\"(max-width: 1280px) 100vw, 1280px\" \/><figcaption class=\"wp-element-caption\">Meteoroloji&#8217;den Ege, Marmara, \u0130stanbul ve \u00e7evre illerinde f\u0131rt\u0131na uyar\u0131s\u0131 geldi. (Foto\u011fraf: wind storm, Pixabay)<\/figcaption><\/figure><\/div>\n\n\n<h2 class=\"wp-block-heading\">Meteoroloji Genel M\u00fcd\u00fcrl\u00fc\u011f\u00fc, Marmara Denizi&#8217;nin g\u00fcneyinde yar\u0131n \u00f6\u011fle saatlerinden itibaren kuzey ve kuzeydo\u011fudan 6 ila 8 kuvvetinde f\u0131rt\u0131na uyar\u0131s\u0131 yapt\u0131.<\/h2>\n\n\n\n<p><a href=\"https:\/\/epochtimestr.com\/index.php\/meteorolojiden-kuvvetli-ruzgar-ve-yagis-uyarisi\" target=\"_blank\" rel=\"noreferrer noopener\">Meteoroloji <\/a>Genel M\u00fcd\u00fcrl\u00fc\u011f\u00fc, Marmara Denizi&#8217;nin g\u00fcneyinde yar\u0131n \u00f6\u011fle saatlerinden itibaren kuzey ve kuzeydo\u011fudan 6 ila 8 kuvvetinde <a href=\"https:\/\/epochtimestr.com\/index.php\/ankarada-firtina-washingtonda-hesap\" target=\"_blank\" rel=\"noreferrer noopener\">f\u0131rt\u0131na <\/a>beklendi\u011fini duyurdu.<\/p>\n\n\n\n<p>Meteoroloji Genel M\u00fcd\u00fcrl\u00fc\u011f\u00fcnden yap\u0131lan f\u0131rt\u0131na uyar\u0131s\u0131 a\u00e7\u0131klamas\u0131na g\u00f6re, Marmara Denizi&#8217;nin g\u00fcneyinde r\u00fczgar\u0131n, yar\u0131n \u00f6\u011fle saatlerinden sonra kuzey ve kuzeydo\u011fudan 6 ila 8 kuvvetinde f\u0131rt\u0131na \u015feklinde esece\u011fi tahmin ediliyor. F\u0131rt\u0131nan\u0131n gece saatlerinde etkisini yitirmesi \u00f6ng\u00f6r\u00fcl\u00fcyor.<\/p>\n\n\n\n<p>R\u00fczgar\u0131n, yar\u0131n ve cumartesi g\u00fcn\u00fc Trakya ile \u0130stanbul, Kocaeli, Yalova ve Bursa&#8217;n\u0131n bat\u0131s\u0131nda kuvvetli, Bal\u0131kesir ve \u00c7anakkale&#8217;de kuvvetli ve yer yer k\u0131sa s\u00fcreli f\u0131rt\u0131na \u015feklinde esece\u011fi tahmin ediliyor.<\/p>\n\n\n\n<figure class=\"wp-block-embed is-type-rich is-provider-x wp-block-embed-x\"><div class=\"wp-block-embed__wrapper\">\n<blockquote class=\"twitter-tweet\" data-width=\"550\" data-dnt=\"true\"><p lang=\"tr\" dir=\"ltr\">\ud83d\udd0aMeteorolojik Uyar\u0131 <br>Marmara ve Kuzey Ege&#39;de Kuvvetli R\u00fczgar ve F\u0131rt\u0131na Bekleniyor!<a href=\"https:\/\/x.com\/AFADBaskanlik?ref_src=twsrc%5Etfw\">@AFADBaskanlik<\/a> <a href=\"https:\/\/x.com\/izmirvaliligi?ref_src=twsrc%5Etfw\">@izmirvaliligi<\/a> <a href=\"https:\/\/x.com\/ManisaValiligi?ref_src=twsrc%5Etfw\">@ManisaValiligi<\/a> <a href=\"https:\/\/x.com\/TC_istanbul?ref_src=twsrc%5Etfw\">@TC_istanbul<\/a> <a href=\"https:\/\/x.com\/kocaelivaliligi?ref_src=twsrc%5Etfw\">@kocaelivaliligi<\/a> <a href=\"https:\/\/x.com\/yalovavaliligi?ref_src=twsrc%5Etfw\">@yalovavaliligi<\/a> <a href=\"https:\/\/x.com\/BursaValiligi?ref_src=twsrc%5Etfw\">@BursaValiligi<\/a> <a href=\"https:\/\/x.com\/TC_Balikesir?ref_src=twsrc%5Etfw\">@TC_Balikesir<\/a> <a href=\"https:\/\/x.com\/CanakkaleGovTr?ref_src=twsrc%5Etfw\">@CanakkaleGovTr<\/a> <a href=\"https:\/\/t.co\/PO8mAyBUP1\">pic.twitter.com\/PO8mAyBUP1<\/a><\/p>&mdash; Meteoroloji (MGM) (@meteoroloji_twi) <a href=\"https:\/\/x.com\/meteoroloji_twi\/status\/2082766150031610156?ref_src=twsrc%5Etfw\">July 30, 2026<\/a><\/blockquote><script async src=\"https:\/\/platform.x.com\/widgets.js\" charset=\"utf-8\"><\/script>\n<\/div><\/figure>\n\n\n\n<p>Kuvvetli r\u00fczgar\u0131n ula\u015f\u0131mda aksama, \u00e7at\u0131 u\u00e7mas\u0131 ve a\u011fa\u00e7 devrilmesi gibi risklere yol a\u00e7abilece\u011fi uyar\u0131s\u0131 yap\u0131ld\u0131.<\/p>\n\n\n\n<p>MGM\u2019nin de\u011ferlendirmesine g\u00f6re kuzeybat\u0131 kesimlerde etkisini s\u00fcrd\u00fcren kuvvetli r\u00fczgar\u0131n, 31 Temmuz Cuma g\u00fcn\u00fc \u0130zmir ve Manisa\u2019da da kuzeyden kuvvetli ve yer yer k\u0131sa s\u00fcreli f\u0131rt\u0131na \u015feklinde esmesi \u00f6ng\u00f6r\u00fcl\u00fcyor.<\/p>\n\n\n\n<p>Yetkililer, kuvvetli r\u00fczgar ve k\u0131sa s\u00fcreli f\u0131rt\u0131na nedeniyle ula\u015f\u0131mda aksamalar, \u00e7at\u0131 u\u00e7mas\u0131 ve benzeri olumsuzluklara kar\u015f\u0131 vatanda\u015flar\u0131n dikkatli ve tedbirli olmas\u0131 gerekti\u011fini vurgulad\u0131.<\/p>\n\n\n\n<figure class=\"wp-block-embed is-type-rich is-provider-x wp-block-embed-x\"><div class=\"wp-block-embed__wrapper\">\n<blockquote class=\"twitter-tweet\" data-width=\"550\" data-dnt=\"true\"><p lang=\"tr\" dir=\"ltr\">\ud83d\udd0aDenizlere Ait Meteorolojik Uyar\u0131<br>Marmara Deniz&#39;inde F\u0131rt\u0131na Bekleniyor! <a href=\"https:\/\/t.co\/xnqYwCjBK1\">pic.twitter.com\/xnqYwCjBK1<\/a><\/p>&mdash; Meteoroloji (MGM) (@meteoroloji_twi) <a href=\"https:\/\/x.com\/meteoroloji_twi\/status\/2082791857847746716?ref_src=twsrc%5Etfw\">July 30, 2026<\/a><\/blockquote><script async src=\"https:\/\/platform.x.com\/widgets.js\" charset=\"utf-8\"><\/script>\n<\/div><\/figure>\n","protected":false},"excerpt":{"rendered":"<p>Meteoroloji Genel M\u00fcd\u00fcrl\u00fc\u011f\u00fc, Marmara Denizi&#8217;nin g\u00fcneyinde yar\u0131n \u00f6\u011fle saatlerinden itibaren kuzey ve kuzeydo\u011fudan 6 ila 8 kuvvetinde f\u0131rt\u0131na uyar\u0131s\u0131 yapt\u0131. Meteoroloji Genel M\u00fcd\u00fcrl\u00fc\u011f\u00fc, Marmara Denizi&#8217;nin g\u00fcneyinde yar\u0131n \u00f6\u011fle saatlerinden itibaren kuzey ve kuzeydo\u011fudan 6 ila 8 kuvvetinde f\u0131rt\u0131na beklendi\u011fini duyurdu. Meteoroloji Genel M\u00fcd\u00fcrl\u00fc\u011f\u00fcnden yap\u0131lan f\u0131rt\u0131na uyar\u0131s\u0131 a\u00e7\u0131klamas\u0131na g\u00f6re, Marmara Denizi&#8217;nin g\u00fcneyinde r\u00fczgar\u0131n, yar\u0131n \u00f6\u011fle saatlerinden [&hellip;]<\/p>\n","protected":false},"author":12791,"featured_media":169492,"comment_status":"open","ping_status":"open","sticky":false,"template":"","format":"standard","meta":{"_yoast_wpseo_focuskw":"F\u0131rt\u0131na Uyar\u0131s\u0131","_yoast_wpseo_title":"","_yoast_wpseo_metadesc":"Meteoroloji Genel M\u00fcd\u00fcrl\u00fc\u011f\u00fc, Marmara Denizi i\u00e7in kuzey ve kuzeydo\u011fudan 6 ila 8 kuvvetinde f\u0131rt\u0131na uyar\u0131s\u0131 yapt\u0131.","_bbp_topic_count":0,"_bbp_reply_count":0,"_bbp_total_topic_count":0,"_bbp_total_reply_count":0,"_bbp_voice_count":0,"_bbp_anonymous_reply_count":0,"_bbp_topic_count_hidden":0,"_bbp_reply_count_hidden":0,"_bbp_forum_subforum_count":0,"footnotes":"","_yoast_wpseo_focuskw_text_input":""},"categories":[1,8138,8419],"tags":[645,11988,11987,4207],"yoast_head":"<!-- This site is optimized with the Yoast SEO plugin v23.0 - https:\/\/yoast.com\/wordpress\/plugins\/seo\/ -->\n<title>Meteorolojiden Kuzeybat\u0131 Anadolu&#039;da F\u0131rt\u0131na Uyar\u0131s\u0131 - The Epoch Times TR<\/title>\n<meta name=\"description\" content=\"Meteoroloji Genel M\u00fcd\u00fcrl\u00fc\u011f\u00fc, Marmara Denizi i\u00e7in kuzey ve kuzeydo\u011fudan 6 ila 8 kuvvetinde f\u0131rt\u0131na uyar\u0131s\u0131 yapt\u0131.\" \/>\n<meta name=\"robots\" content=\"index, follow, max-snippet:-1, max-image-preview:large, max-video-preview:-1\" \/>\n<link rel=\"canonical\" href=\"https:\/\/epochtimestr.com\/index.php\/meteorolojiden-kuzeybati-anadoluda-firtina-uyarisi\" \/>\n<meta property=\"og:locale\" content=\"tr_TR\" \/>\n<meta property=\"og:type\" content=\"article\" \/>\n<meta property=\"og:title\" content=\"Meteorolojiden Kuzeybat\u0131 Anadolu&#039;da F\u0131rt\u0131na Uyar\u0131s\u0131 - The Epoch Times TR\" \/>\n<meta property=\"og:description\" content=\"Meteoroloji Genel M\u00fcd\u00fcrl\u00fc\u011f\u00fc, Marmara Denizi i\u00e7in kuzey ve kuzeydo\u011fudan 6 ila 8 kuvvetinde f\u0131rt\u0131na uyar\u0131s\u0131 yapt\u0131.\" \/>\n<meta property=\"og:url\" content=\"https:\/\/epochtimestr.com\/index.php\/meteorolojiden-kuzeybati-anadoluda-firtina-uyarisi\" \/>\n<meta property=\"og:site_name\" content=\"The Epoch Times TR\" \/>\n<meta property=\"article:publisher\" content=\"https:\/\/www.facebook.com\/theepochtimestr\" \/>\n<meta property=\"article:published_time\" content=\"2026-07-30T14:55:58+00:00\" \/>\n<meta property=\"article:modified_time\" content=\"2026-07-30T14:55:59+00:00\" \/>\n<meta property=\"og:image\" content=\"https:\/\/epochtimestr.com\/wp-content\/uploads\/2011y\/pixabay1-2.jpg\" \/>\n\t<meta property=\"og:image:width\" content=\"1280\" \/>\n\t<meta property=\"og:image:height\" content=\"851\" \/>\n\t<meta property=\"og:image:type\" content=\"image\/jpeg\" \/>\n<meta name=\"author\" content=\"Haber Merkezi\" \/>\n<meta name=\"twitter:card\" content=\"summary_large_image\" \/>\n<meta name=\"twitter:creator\" content=\"@TheEpochTimesTR\" \/>\n<meta name=\"twitter:site\" content=\"@TheEpochTimesTR\" \/>\n<meta name=\"twitter:label1\" content=\"Yazan:\" \/>\n\t<meta name=\"twitter:data1\" content=\"Haber Merkezi\" \/>\n\t<meta name=\"twitter:label2\" content=\"Tahmini okuma s\u00fcresi\" \/>\n\t<meta name=\"twitter:data2\" content=\"2 dakika\" \/>\n<script type=\"application\/ld+json\" class=\"yoast-schema-graph\">{\"@context\":\"https:\/\/schema.org\",\"@graph\":[{\"@type\":\"Article\",\"@id\":\"https:\/\/epochtimestr.com\/index.php\/meteorolojiden-kuzeybati-anadoluda-firtina-uyarisi#article\",\"isPartOf\":{\"@id\":\"https:\/\/epochtimestr.com\/index.php\/meteorolojiden-kuzeybati-anadoluda-firtina-uyarisi\"},\"author\":{\"name\":\"Haber Merkezi\",\"@id\":\"https:\/\/epochtimestr.com\/#\/schema\/person\/3dc5c3adeb9f43923c5aa85889172fdd\"},\"headline\":\"Meteorolojiden Kuzeybat\u0131 Anadolu&#8217;da F\u0131rt\u0131na Uyar\u0131s\u0131\",\"datePublished\":\"2026-07-30T14:55:58+00:00\",\"dateModified\":\"2026-07-30T14:55:59+00:00\",\"mainEntityOfPage\":{\"@id\":\"https:\/\/epochtimestr.com\/index.php\/meteorolojiden-kuzeybati-anadoluda-firtina-uyarisi\"},\"wordCount\":287,\"commentCount\":0,\"publisher\":{\"@id\":\"https:\/\/epochtimestr.com\/#organization\"},\"image\":{\"@id\":\"https:\/\/epochtimestr.com\/index.php\/meteorolojiden-kuzeybati-anadoluda-firtina-uyarisi#primaryimage\"},\"thumbnailUrl\":\"https:\/\/epochtimestr.com\/wp-content\/uploads\/2011y\/pixabay1-2.jpg\",\"keywords\":[\"f\u0131rt\u0131na\",\"kuvvetli r\u00fczgar\",\"Meteroloji Genel M\u00fcd\u00fcrl\u00fc\u011f\u00fc\",\"ya\u011f\u0131\u015f\"],\"articleSection\":[\"G\u00dcNDEM\",\"MAN\u015eET\",\"Ya\u015fam\"],\"inLanguage\":\"tr\",\"potentialAction\":[{\"@type\":\"CommentAction\",\"name\":\"Comment\",\"target\":[\"https:\/\/epochtimestr.com\/index.php\/meteorolojiden-kuzeybati-anadoluda-firtina-uyarisi#respond\"]}]},{\"@type\":\"WebPage\",\"@id\":\"https:\/\/epochtimestr.com\/index.php\/meteorolojiden-kuzeybati-anadoluda-firtina-uyarisi\",\"url\":\"https:\/\/epochtimestr.com\/index.php\/meteorolojiden-kuzeybati-anadoluda-firtina-uyarisi\",\"name\":\"Meteorolojiden Kuzeybat\u0131 Anadolu'da F\u0131rt\u0131na Uyar\u0131s\u0131 - The Epoch Times TR\",\"isPartOf\":{\"@id\":\"https:\/\/epochtimestr.com\/#website\"},\"primaryImageOfPage\":{\"@id\":\"https:\/\/epochtimestr.com\/index.php\/meteorolojiden-kuzeybati-anadoluda-firtina-uyarisi#primaryimage\"},\"image\":{\"@id\":\"https:\/\/epochtimestr.com\/index.php\/meteorolojiden-kuzeybati-anadoluda-firtina-uyarisi#primaryimage\"},\"thumbnailUrl\":\"https:\/\/epochtimestr.com\/wp-content\/uploads\/2011y\/pixabay1-2.jpg\",\"datePublished\":\"2026-07-30T14:55:58+00:00\",\"dateModified\":\"2026-07-30T14:55:59+00:00\",\"description\":\"Meteoroloji Genel M\u00fcd\u00fcrl\u00fc\u011f\u00fc, Marmara Denizi i\u00e7in kuzey ve kuzeydo\u011fudan 6 ila 8 kuvvetinde f\u0131rt\u0131na uyar\u0131s\u0131 yapt\u0131.\",\"inLanguage\":\"tr\",\"potentialAction\":[{\"@type\":\"ReadAction\",\"target\":[\"https:\/\/epochtimestr.com\/index.php\/meteorolojiden-kuzeybati-anadoluda-firtina-uyarisi\"]}]},{\"@type\":\"ImageObject\",\"inLanguage\":\"tr\",\"@id\":\"https:\/\/epochtimestr.com\/index.php\/meteorolojiden-kuzeybati-anadoluda-firtina-uyarisi#primaryimage\",\"url\":\"https:\/\/epochtimestr.com\/wp-content\/uploads\/2011y\/pixabay1-2.jpg\",\"contentUrl\":\"https:\/\/epochtimestr.com\/wp-content\/uploads\/2011y\/pixabay1-2.jpg\",\"width\":1280,\"height\":851},{\"@type\":\"WebSite\",\"@id\":\"https:\/\/epochtimestr.com\/#website\",\"url\":\"https:\/\/epochtimestr.com\/\",\"name\":\"The Epoch Times TR\",\"description\":\"De\u011fi\u015fen D\u00fcnyam\u0131za Taze Bir Bak\u0131\u015f\",\"publisher\":{\"@id\":\"https:\/\/epochtimestr.com\/#organization\"},\"potentialAction\":[{\"@type\":\"SearchAction\",\"target\":{\"@type\":\"EntryPoint\",\"urlTemplate\":\"https:\/\/epochtimestr.com\/?s={search_term_string}\"},\"query-input\":\"required name=search_term_string\"}],\"inLanguage\":\"tr\"},{\"@type\":\"Organization\",\"@id\":\"https:\/\/epochtimestr.com\/#organization\",\"name\":\"The EpochTimes T\u00fcrkiye\",\"url\":\"https:\/\/epochtimestr.com\/\",\"logo\":{\"@type\":\"ImageObject\",\"inLanguage\":\"tr\",\"@id\":\"https:\/\/epochtimestr.com\/#\/schema\/logo\/image\/\",\"url\":\"https:\/\/epochtimestr.com\/wp-content\/uploads\/2011y\/ET-Logo-YG.jpg\",\"contentUrl\":\"https:\/\/epochtimestr.com\/wp-content\/uploads\/2011y\/ET-Logo-YG.jpg\",\"width\":346,\"height\":29,\"caption\":\"The EpochTimes T\u00fcrkiye\"},\"image\":{\"@id\":\"https:\/\/epochtimestr.com\/#\/schema\/logo\/image\/\"},\"sameAs\":[\"https:\/\/www.facebook.com\/theepochtimestr\",\"https:\/\/x.com\/TheEpochTimesTR\",\"https:\/\/www.instagram.com\/epochtimestr\"]},{\"@type\":\"Person\",\"@id\":\"https:\/\/epochtimestr.com\/#\/schema\/person\/3dc5c3adeb9f43923c5aa85889172fdd\",\"name\":\"Haber Merkezi\",\"image\":{\"@type\":\"ImageObject\",\"inLanguage\":\"tr\",\"@id\":\"https:\/\/epochtimestr.com\/#\/schema\/person\/image\/\",\"url\":\"https:\/\/secure.gravatar.com\/avatar\/d73f772ba5a74f28601361e17c2f93e6?s=96&d=mm&r=g\",\"contentUrl\":\"https:\/\/secure.gravatar.com\/avatar\/d73f772ba5a74f28601361e17c2f93e6?s=96&d=mm&r=g\",\"caption\":\"Haber Merkezi\"},\"url\":\"https:\/\/epochtimestr.com\/index.php\/author\/sendag\"}]}<\/script>\n<!-- \/ Yoast SEO plugin. -->","yoast_head_json":{"title":"Meteorolojiden Kuzeybat\u0131 Anadolu'da F\u0131rt\u0131na Uyar\u0131s\u0131 - The Epoch Times TR","description":"Meteoroloji Genel M\u00fcd\u00fcrl\u00fc\u011f\u00fc, Marmara Denizi i\u00e7in kuzey ve kuzeydo\u011fudan 6 ila 8 kuvvetinde f\u0131rt\u0131na uyar\u0131s\u0131 yapt\u0131.","robots":{"index":"index","follow":"follow","max-snippet":"max-snippet:-1","max-image-preview":"max-image-preview:large","max-video-preview":"max-video-preview:-1"},"canonical":"https:\/\/epochtimestr.com\/index.php\/meteorolojiden-kuzeybati-anadoluda-firtina-uyarisi","og_locale":"tr_TR","og_type":"article","og_title":"Meteorolojiden Kuzeybat\u0131 Anadolu'da F\u0131rt\u0131na Uyar\u0131s\u0131 - The Epoch Times TR","og_description":"Meteoroloji Genel M\u00fcd\u00fcrl\u00fc\u011f\u00fc, Marmara Denizi i\u00e7in kuzey ve kuzeydo\u011fudan 6 ila 8 kuvvetinde f\u0131rt\u0131na uyar\u0131s\u0131 yapt\u0131.","og_url":"https:\/\/epochtimestr.com\/index.php\/meteorolojiden-kuzeybati-anadoluda-firtina-uyarisi","og_site_name":"The Epoch Times TR","article_publisher":"https:\/\/www.facebook.com\/theepochtimestr","article_published_time":"2026-07-30T14:55:58+00:00","article_modified_time":"2026-07-30T14:55:59+00:00","og_image":[{"width":1280,"height":851,"url":"https:\/\/epochtimestr.com\/wp-content\/uploads\/2011y\/pixabay1-2.jpg","type":"image\/jpeg"}],"author":"Haber Merkezi","twitter_card":"summary_large_image","twitter_creator":"@TheEpochTimesTR","twitter_site":"@TheEpochTimesTR","twitter_misc":{"Yazan:":"Haber Merkezi","Tahmini okuma s\u00fcresi":"2 dakika"},"schema":{"@context":"https:\/\/schema.org","@graph":[{"@type":"Article","@id":"https:\/\/epochtimestr.com\/index.php\/meteorolojiden-kuzeybati-anadoluda-firtina-uyarisi#article","isPartOf":{"@id":"https:\/\/epochtimestr.com\/index.php\/meteorolojiden-kuzeybati-anadoluda-firtina-uyarisi"},"author":{"name":"Haber Merkezi","@id":"https:\/\/epochtimestr.com\/#\/schema\/person\/3dc5c3adeb9f43923c5aa85889172fdd"},"headline":"Meteorolojiden Kuzeybat\u0131 Anadolu&#8217;da F\u0131rt\u0131na Uyar\u0131s\u0131","datePublished":"2026-07-30T14:55:58+00:00","dateModified":"2026-07-30T14:55:59+00:00","mainEntityOfPage":{"@id":"https:\/\/epochtimestr.com\/index.php\/meteorolojiden-kuzeybati-anadoluda-firtina-uyarisi"},"wordCount":287,"commentCount":0,"publisher":{"@id":"https:\/\/epochtimestr.com\/#organization"},"image":{"@id":"https:\/\/epochtimestr.com\/index.php\/meteorolojiden-kuzeybati-anadoluda-firtina-uyarisi#primaryimage"},"thumbnailUrl":"https:\/\/epochtimestr.com\/wp-content\/uploads\/2011y\/pixabay1-2.jpg","keywords":["f\u0131rt\u0131na","kuvvetli r\u00fczgar","Meteroloji Genel M\u00fcd\u00fcrl\u00fc\u011f\u00fc","ya\u011f\u0131\u015f"],"articleSection":["G\u00dcNDEM","MAN\u015eET","Ya\u015fam"],"inLanguage":"tr","potentialAction":[{"@type":"CommentAction","name":"Comment","target":["https:\/\/epochtimestr.com\/index.php\/meteorolojiden-kuzeybati-anadoluda-firtina-uyarisi#respond"]}]},{"@type":"WebPage","@id":"https:\/\/epochtimestr.com\/index.php\/meteorolojiden-kuzeybati-anadoluda-firtina-uyarisi","url":"https:\/\/epochtimestr.com\/index.php\/meteorolojiden-kuzeybati-anadoluda-firtina-uyarisi","name":"Meteorolojiden Kuzeybat\u0131 Anadolu'da F\u0131rt\u0131na Uyar\u0131s\u0131 - The Epoch Times TR","isPartOf":{"@id":"https:\/\/epochtimestr.com\/#website"},"primaryImageOfPage":{"@id":"https:\/\/epochtimestr.com\/index.php\/meteorolojiden-kuzeybati-anadoluda-firtina-uyarisi#primaryimage"},"image":{"@id":"https:\/\/epochtimestr.com\/index.php\/meteorolojiden-kuzeybati-anadoluda-firtina-uyarisi#primaryimage"},"thumbnailUrl":"https:\/\/epochtimestr.com\/wp-content\/uploads\/2011y\/pixabay1-2.jpg","datePublished":"2026-07-30T14:55:58+00:00","dateModified":"2026-07-30T14:55:59+00:00","description":"Meteoroloji Genel M\u00fcd\u00fcrl\u00fc\u011f\u00fc, Marmara Denizi i\u00e7in kuzey ve kuzeydo\u011fudan 6 ila 8 kuvvetinde f\u0131rt\u0131na uyar\u0131s\u0131 yapt\u0131.","inLanguage":"tr","potentialAction":[{"@type":"ReadAction","target":["https:\/\/epochtimestr.com\/index.php\/meteorolojiden-kuzeybati-anadoluda-firtina-uyarisi"]}]},{"@type":"ImageObject","inLanguage":"tr","@id":"https:\/\/epochtimestr.com\/index.php\/meteorolojiden-kuzeybati-anadoluda-firtina-uyarisi#primaryimage","url":"https:\/\/epochtimestr.com\/wp-content\/uploads\/2011y\/pixabay1-2.jpg","contentUrl":"https:\/\/epochtimestr.com\/wp-content\/uploads\/2011y\/pixabay1-2.jpg","width":1280,"height":851},{"@type":"WebSite","@id":"https:\/\/epochtimestr.com\/#website","url":"https:\/\/epochtimestr.com\/","name":"The Epoch Times TR","description":"De\u011fi\u015fen D\u00fcnyam\u0131za Taze Bir Bak\u0131\u015f","publisher":{"@id":"https:\/\/epochtimestr.com\/#organization"},"potentialAction":[{"@type":"SearchAction","target":{"@type":"EntryPoint","urlTemplate":"https:\/\/epochtimestr.com\/?s={search_term_string}"},"query-input":"required name=search_term_string"}],"inLanguage":"tr"},{"@type":"Organization","@id":"https:\/\/epochtimestr.com\/#organization","name":"The EpochTimes T\u00fcrkiye","url":"https:\/\/epochtimestr.com\/","logo":{"@type":"ImageObject","inLanguage":"tr","@id":"https:\/\/epochtimestr.com\/#\/schema\/logo\/image\/","url":"https:\/\/epochtimestr.com\/wp-content\/uploads\/2011y\/ET-Logo-YG.jpg","contentUrl":"https:\/\/epochtimestr.com\/wp-content\/uploads\/2011y\/ET-Logo-YG.jpg","width":346,"height":29,"caption":"The EpochTimes T\u00fcrkiye"},"image":{"@id":"https:\/\/epochtimestr.com\/#\/schema\/logo\/image\/"},"sameAs":["https:\/\/www.facebook.com\/theepochtimestr","https:\/\/x.com\/TheEpochTimesTR","https:\/\/www.instagram.com\/epochtimestr"]},{"@type":"Person","@id":"https:\/\/epochtimestr.com\/#\/schema\/person\/3dc5c3adeb9f43923c5aa85889172fdd","name":"Haber Merkezi","image":{"@type":"ImageObject","inLanguage":"tr","@id":"https:\/\/epochtimestr.com\/#\/schema\/person\/image\/","url":"https:\/\/secure.gravatar.com\/avatar\/d73f772ba5a74f28601361e17c2f93e6?s=96&d=mm&r=g","contentUrl":"https:\/\/secure.gravatar.com\/avatar\/d73f772ba5a74f28601361e17c2f93e6?s=96&d=mm&r=g","caption":"Haber Merkezi"},"url":"https:\/\/epochtimestr.com\/index.php\/author\/sendag"}]}},"_links":{"self":[{"href":"https:\/\/epochtimestr.com\/index.php\/wp-json\/wp\/v2\/posts\/169491"}],"collection":[{"href":"https:\/\/epochtimestr.com\/index.php\/wp-json\/wp\/v2\/posts"}],"about":[{"href":"https:\/\/epochtimestr.com\/index.php\/wp-json\/wp\/v2\/types\/post"}],"author":[{"embeddable":true,"href":"https:\/\/epochtimestr.com\/index.php\/wp-json\/wp\/v2\/users\/12791"}],"replies":[{"embeddable":true,"href":"https:\/\/epochtimestr.com\/index.php\/wp-json\/wp\/v2\/comments?post=169491"}],"version-history":[{"count":2,"href":"https:\/\/epochtimestr.com\/index.php\/wp-json\/wp\/v2\/posts\/169491\/revisions"}],"predecessor-version":[{"id":169495,"href":"https:\/\/epochtimestr.com\/index.php\/wp-json\/wp\/v2\/posts\/169491\/revisions\/169495"}],"wp:featuredmedia":[{"embeddable":true,"href":"https:\/\/epochtimestr.com\/index.php\/wp-json\/wp\/v2\/media\/169492"}],"wp:attachment":[{"href":"https:\/\/epochtimestr.com\/index.php\/wp-json\/wp\/v2\/media?parent=169491"}],"wp:term":[{"taxonomy":"category","embeddable":true,"href":"https:\/\/epochtimestr.com\/index.php\/wp-json\/wp\/v2\/categories?post=169491"},{"taxonomy":"post_tag","embeddable":true,"href":"https:\/\/epochtimestr.com\/index.php\/wp-json\/wp\/v2\/tags?post=169491"}],"curies":[{"name":"wp","href":"https:\/\/api.w.org\/{rel}","templated":true}]}}