{"id":169500,"date":"2026-07-31T10:24:04","date_gmt":"2026-07-31T07:24:04","guid":{"rendered":"https:\/\/epochtimestr.com\/?p=169500"},"modified":"2026-08-01T22:22:58","modified_gmt":"2026-08-01T19:22:58","slug":"shuar-halki-ve-carpici-bir-paradoks-tsantsa","status":"publish","type":"post","link":"https:\/\/epochtimestr.com\/index.php\/shuar-halki-ve-carpici-bir-paradoks-tsantsa","title":{"rendered":"Shuar Halk\u0131 ve \u00c7arp\u0131c\u0131 Bir Paradoks: Tsantsa"},"content":{"rendered":"<div class=\"wp-block-image\">\n<figure class=\"aligncenter size-full\"><img loading=\"lazy\" decoding=\"async\" width=\"1280\" height=\"731\" src=\"https:\/\/epochtimestr.com\/wp-content\/uploads\/2011y\/pixabay-3.png\" alt=\"Shuar halk\u0131 ve \u00e7arp\u0131c\u0131 bir paradoks: Tsantsa. (G\u00f6rsel: Pixabay-xat-ch)\" class=\"wp-image-169501\" srcset=\"https:\/\/epochtimestr.com\/wp-content\/uploads\/2011y\/pixabay-3.png 1280w, https:\/\/epochtimestr.com\/wp-content\/uploads\/2011y\/pixabay-3-300x171.png 300w, https:\/\/epochtimestr.com\/wp-content\/uploads\/2011y\/pixabay-3-150x86.png 150w, https:\/\/epochtimestr.com\/wp-content\/uploads\/2011y\/pixabay-3-768x439.png 768w\" sizes=\"(max-width: 1280px) 100vw, 1280px\" \/><figcaption class=\"wp-element-caption\">Shuar halk\u0131 ve \u00e7arp\u0131c\u0131 bir paradoks: Tsantsa. (G\u00f6rsel: Pixabay-xat-ch)<\/figcaption><\/figure><\/div>\n\n\n<p>Baz\u0131 insan hikayeleri tamamen modern d\u00fcnyan\u0131n d\u0131\u015f\u0131nda var oluyor. Amazon Ya\u011fmur Ormanlar\u0131 ve Kuzey Sentinel Adas\u0131 gibi yerlerde, izole kabileler binlerce y\u0131ld\u0131r, d\u0131\u015f d\u00fcnya ile neredeyse hi\u00e7 temas kurmadan hayatta kalm\u0131\u015flard\u0131r. Bir\u00e7o\u011fu, ya\u015fam bi\u00e7imlerini hastal\u0131ktan, s\u00f6m\u00fcr\u00fcden ve k\u00fclt\u00fcrel kay\u0131ptan korumak i\u00e7in d\u0131\u015far\u0131dan gelenleri aktif olarak reddediyor. Onlar &#8220;geride kalm\u0131\u015f&#8221; de\u011filler, izolasyonu se\u00e7iyorlar. Birbiriyle a\u015f\u0131r\u0131 ba\u011flant\u0131l\u0131 bir d\u00fcnyada, nadir bir alternatifi temsil ediyorlar.<\/p>\n\n\n\n<p>K\u00fc\u00e7\u00fclt\u00fclm\u00fc\u015f Kafa veya &#8220;Tsantsa&#8221;, Amazon ya\u011fmur ormanlar\u0131nda ya\u015fayan Shuar ve Achuar kabilelerine ait, 19. ve 20. y\u00fczy\u0131l ba\u015flar\u0131na tarihlenen bir kal\u0131nt\u0131d\u0131r. G\u00fcn\u00fcm\u00fczde Ekvador ve Peru&#8217;da bulunan bu kabileler, karma\u015f\u0131k kafa k\u00fc\u00e7\u00fcltme uygulamalar\u0131yla tan\u0131n\u0131yordu.<\/p>\n\n\n\n<p>Kafa avc\u0131l\u0131\u011f\u0131n\u0131n d\u00fcnyan\u0131n bir\u00e7ok b\u00f6lgesinde \u00e7ok eski zamanlardan beri ger\u00e7ekle\u015fti\u011fine inan\u0131l\u0131yor. Ancak kafa k\u00fc\u00e7\u00fcltme uygulamas\u0131 yaln\u0131zca Amazon ya\u011fmur ormanlar\u0131n\u0131n kuzeybat\u0131 b\u00f6lgesinde belgelenmi\u015ftir.<br \/>Mezardan kafatas\u0131n\u0131n \u00e7\u0131kar\u0131lmas\u0131, kaynat\u0131lmas\u0131 ve t\u00fcts\u00fclenmesi gibi karma\u015f\u0131k bir i\u015flem yap\u0131l\u0131yor, korunan kafan\u0131n sa\u00e7lar\u0131 ve y\u00fcz hatlar\u0131 da muhafaza ediliyordu. Bu kafalar\u0131n, \u00f6len ki\u015finin ruhunu ta\u015f\u0131d\u0131\u011f\u0131na ve k\u00fc\u00e7\u00fcltme i\u015flemini yapan ki\u015fiye g\u00fc\u00e7 verdi\u011fine inan\u0131ld\u0131\u011f\u0131 i\u00e7in b\u00fcy\u00fck manevi \u00f6neme sahipti. Shuar halk\u0131na g\u00f6re esir al\u0131nan ruhlar \u00f6l\u00fcms\u00fczle\u015ftirildi.<\/p>\n\n\n<div class=\"wp-block-image\">\n<figure class=\"aligncenter size-large\"><img loading=\"lazy\" decoding=\"async\" width=\"800\" height=\"1200\" src=\"https:\/\/epochtimestr.com\/wp-content\/uploads\/2011y\/muze-800x1200.jpg\" alt=\"Tsantsa (Foto\u011fraf: Museum Crush)\" class=\"wp-image-169503\" srcset=\"https:\/\/epochtimestr.com\/wp-content\/uploads\/2011y\/muze-800x1200.jpg 800w, https:\/\/epochtimestr.com\/wp-content\/uploads\/2011y\/muze-200x300.jpg 200w, https:\/\/epochtimestr.com\/wp-content\/uploads\/2011y\/muze-100x150.jpg 100w, https:\/\/epochtimestr.com\/wp-content\/uploads\/2011y\/muze-768x1152.jpg 768w, https:\/\/epochtimestr.com\/wp-content\/uploads\/2011y\/muze-1024x1536.jpg 1024w, https:\/\/epochtimestr.com\/wp-content\/uploads\/2011y\/muze.jpg 1200w\" sizes=\"(max-width: 800px) 100vw, 800px\" \/><figcaption class=\"wp-element-caption\">                                                                     Tsantsa (Foto\u011fraf: Museum Crush)<\/figcaption><\/figure><\/div>\n\n\n<p>\u00c7arp\u0131c\u0131 bir paradoks olan Tsantsa, \u00f6l\u00fcms\u00fczl\u00fc\u011fe kar\u015f\u0131 zaferi temsil eder. Hem yarat\u0131l\u0131\u015f\u0131n\u0131n \u015fiddetini hem de \u00f6l\u00fcm\u00fc a\u015fma inanc\u0131n\u0131 yans\u0131t\u0131r. Ayn\u0131 zamanda \u00f6l\u00fcml\u00fc alem ile ruhlar aras\u0131nda somut bir ba\u011flant\u0131 g\u00f6revi g\u00f6r\u00fcr. Ya\u015fam\u0131n kal\u0131c\u0131 bir yank\u0131s\u0131, varolu\u015f ve haf\u0131za aras\u0131ndaki hassas s\u0131n\u0131r\u0131n \u00fcrpertici bir hat\u0131rlat\u0131c\u0131s\u0131d\u0131r.<\/p>\n\n\n\n<p>Shuar yerli halk\u0131n\u0131n ge\u00e7mi\u015fi 2.500 y\u0131l \u00f6ncesine kadar uzanmaktad\u0131r. Topraklar\u0131, dilleri, \u0131rklar\u0131, k\u00fclt\u00fcrleri ve sava\u015f\u00e7\u0131 uygulamalar\u0131yla karakterize edilmi\u015flerdir. Bir zamanlar Ekvador Amazon&#8217;unun g\u00fcneybat\u0131 kesiminde, Pastaza, Morona Santiago ve Zamora Chinchipe eyaletlerinde, Peru s\u0131n\u0131r\u0131na biti\u015fik b\u00f6lgede b\u00fcy\u00fck bir n\u00fcfusa sahiptiler.<\/p>\n\n\n\n<p>K\u00fc\u00e7\u00fclt\u00fclm\u00fc\u015f kafa (tsantsa), kupa, rit\u00fcel, ticaret veya di\u011fer ama\u00e7lar i\u00e7in kullan\u0131lan, genellikle normal boyutundan kat kat daha k\u00fc\u00e7\u00fck hale getirilen kesilmi\u015f ve \u00f6zel olarak haz\u0131rlanm\u0131\u015f insan kafas\u0131d\u0131r.<br \/>Ekvador ve Peru&#8217;daki Shuar, Achuar, Huambisa ve Aguaruna kabilelerini i\u00e7eren Jivaroan halklar\u0131n\u0131n k\u00fc\u00e7\u00fclt\u00fclm\u00fc\u015f insan kafalar\u0131 saklad\u0131klar\u0131 bilinmektedir. Shuar halk\u0131 k\u00fc\u00e7\u00fclm\u00fc\u015f bir kafaya tsantsa der, ayr\u0131ca bazen tzantza olarak da \u00e7evrilir. Bir\u00e7ok kabile lideri d\u00fc\u015fmanlar\u0131n\u0131 korkutmak i\u00e7in bu k\u00fc\u00e7\u00fck kafalar\u0131 (tsantsa) g\u00f6sterirdi.<\/p>\n\n\n<div class=\"wp-block-image\">\n<figure class=\"aligncenter size-full is-resized\"><img loading=\"lazy\" decoding=\"async\" width=\"798\" height=\"1200\" src=\"https:\/\/epochtimestr.com\/wp-content\/uploads\/2011y\/suar1.jpg\" alt=\"Tsantsa (Foto\u011fraf: American Etnography) \" class=\"wp-image-169504\" style=\"width:798px;height:auto\" srcset=\"https:\/\/epochtimestr.com\/wp-content\/uploads\/2011y\/suar1.jpg 798w, https:\/\/epochtimestr.com\/wp-content\/uploads\/2011y\/suar1-200x300.jpg 200w, https:\/\/epochtimestr.com\/wp-content\/uploads\/2011y\/suar1-100x150.jpg 100w, https:\/\/epochtimestr.com\/wp-content\/uploads\/2011y\/suar1-768x1155.jpg 768w\" sizes=\"(max-width: 798px) 100vw, 798px\" \/><figcaption class=\"wp-element-caption\">Tsantsa (Foto\u011fraf: American Etnography) <\/figcaption><\/figure><\/div>\n\n\n<p>K\u00fc\u00e7\u00fclen kafalar, mandibular prognatizm (alt \u00e7enenin \u00fcst \u00e7eneye g\u00f6re \u00f6ne \u00e7\u0131kmas\u0131), y\u00fcz\u00fcn bozulmas\u0131 ve aln\u0131n yan taraflar\u0131n\u0131n k\u00fc\u00e7\u00fclmesiyle bilinir; bunlar k\u00fc\u00e7\u00fcltme s\u00fcrecinin sonucudur. Shuar ve Achuar halklar\u0131nda, kafalar\u0131n k\u00fc\u00e7\u00fclt\u00fclmesinin ard\u0131ndan \u00f6nemli rit\u00fcellere odaklanan bir dizi \u015f\u00f6len d\u00fczenlenirdi.<br \/>K\u00fc\u00e7\u00fclt\u00fclm\u00fc\u015f bir kafa yaratma s\u00fcreci, kafatas\u0131n\u0131n boyundan \u00e7\u0131kar\u0131lmas\u0131yla ba\u015flar. Kula\u011f\u0131n arkas\u0131na bir kesi yap\u0131l\u0131r ve kafatas\u0131ndan t\u00fcm deri ve et \u00e7\u0131kar\u0131l\u0131r. Burun deliklerinin alt\u0131na k\u0131rm\u0131z\u0131 tohumlar yerle\u015ftirilir ve dudaklar dikilir. A\u011f\u0131z \u00fc\u00e7 avu\u00e7 i\u00e7i i\u011fnesiyle bir arada tutulur. Kafatas\u0131 \u00e7\u0131kar\u0131lm\u0131\u015f ba\u015f\u0131n etinden ya\u011fda \u00e7\u0131kar\u0131l\u0131r. Daha sonra \u015fekli korumak i\u00e7in kafatas\u0131 \u00e7\u0131kar\u0131lm\u0131\u015f ba\u015f\u0131n i\u00e7ine tahta bir top yerle\u015ftirilir. Kafa, tanen i\u00e7eren bir dizi otla doyurulmu\u015f suda kaynat\u0131l\u0131r. Sonra ba\u015f, insan \u00f6zelliklerini korumas\u0131 i\u00e7in \u015fekillendirilirken s\u0131cak kayalar ve kumla kurutulur. Daha sonra deri, k\u00f6m\u00fcr k\u00fcl\u00fc ile ovulur. Ba\u015fa daha sonra dekoratif boncuklarda eklenebilir.<\/p>\n\n\n\n<p>Ba\u015f k\u00fc\u00e7\u00fcltme gelene\u011finde, derinin k\u00fclle kaplanmas\u0131n\u0131n muisak&#8217;\u0131n , yani intikamc\u0131 ruhun d\u0131\u015far\u0131 s\u0131zmas\u0131n\u0131 engelledi\u011fine inan\u0131l\u0131r .<\/p>\n\n\n\n<p>Shuar yerli halk\u0131 topraklar\u0131n\u0131 \u0130nka ve \u0130spanyol s\u00f6m\u00fcrgecilere kar\u015f\u0131 \u015fiddetle savunmu\u015flard\u0131r. \u0130spanyol s\u00f6m\u00fcrgeciler onlar\u0131 k\u00fc\u00e7\u00fcmseyerek &#8220;j\u00edbaros&#8221; olarak adland\u0131r\u0131rd\u0131. Shuar&#8217;lar\u0131n tzantza (d\u00fc\u015fmanlar\u0131n\u0131n kafalar\u0131n\u0131 k\u00fc\u00e7\u00fcltme) uygulamas\u0131, onlara korkusuz ve affetmez sava\u015f\u00e7\u0131lar olarak \u00fcn kazand\u0131rd\u0131. Fetihlere direnirken g\u00f6sterdikleri cesaret ve vah\u015filik hikayeleri onlar i\u00e7in etnik gurur kayna\u011f\u0131 oldu.<\/p>\n\n\n\n<p>\u0130spanyollar ilk olarak Amazon b\u00f6lgesiyle alt\u0131n yataklar\u0131 nedeniyle ilgilenmeye ba\u015flad\u0131lar ve Shuar halk\u0131 ile 1550 y\u0131llar\u0131 civar\u0131nda ticaret yapmaya ba\u015flayan ke\u015fif heyetleri g\u00f6nderdiler. \u0130spanyol ke\u015fif heyetlerinin alt\u0131n\u0131 \u00e7\u0131karmak i\u00e7in i\u015f g\u00fcc\u00fcne ihtiyac\u0131 vard\u0131. Shuar halk\u0131n\u0131 &#8220;kad\u0131nlar\u0131n g\u00f6\u011f\u00fcslerini keserek, insanlar\u0131 vah\u015fi k\u00f6peklere atarak ve yiyeceklerine el koyarak a\u00e7l\u0131ktan \u00f6lmelerini sa\u011flayarak&#8221; ter\u00f6rize ettiler ve bast\u0131rd\u0131lar.<br \/>Yine de onlar\u0131 tamamen fethetmeyi ba\u015faramad\u0131lar. 1552&#8217;de \u0130spanyollar Logrono ve Sevilla k\u00f6ylerini kurdular ve Shuar halk\u0131n\u0131 alt\u0131n ve g\u00fcm\u00fc\u015f madenlerinde \u00e7al\u0131\u015fmaya zorlad\u0131lar. \u00c7ok say\u0131da yerli ayaklanmas\u0131 oldu, en \u00f6l\u00fcmc\u00fcl olan\u0131 1559&#8217;da Upano, Paute, Santiago ve Morona&#8217;dan 20.000 ki\u015filik bir yerli grubunun yeni ba\u015flat\u0131lan alt\u0131n tozundan bir hara\u00e7 uygulamas\u0131n\u0131 protesto i\u00e7in birle\u015ferek Logrono&#8217;ya sald\u0131rmas\u0131yd\u0131. Kad\u0131nlar ve \u00e7ocuklar d\u0131\u015f\u0131nda t\u00fcm \u0130spanyollar\u0131 katlettiler. Ayaklanma \u0130spanyollar\u0131n b\u00f6lgeyi terk etmesi ile sonu\u00e7land\u0131. Yerli halklar ge\u00e7ici olarak egemenliklerini geri kazand\u0131lar.<\/p>\n\n\n\n<p>Ba\u015flang\u0131\u00e7ta topraklar\u0131na girmeye \u00e7al\u0131\u015fan Hristiyan misyonerler de ba\u015far\u0131s\u0131z oldu. \u0130lk olarak, 1631&#8217;de Cizvitler, ard\u0131ndan Fransiskenler ve Dominikanlar geldi.<\/p>\n\n\n\n<p>1890&#8217;dan 1910&#8217;a kadar Shuar halk\u0131, \u0130spanyol s\u00f6m\u00fcrg\u00fcc\u00fclerle alet, ate\u015fli silah ve kuma\u015f kar\u015f\u0131l\u0131\u011f\u0131nda kau\u00e7uk ve hayvan derileri ticareti yapt\u0131. 1930&#8217;larda alt\u0131n ak\u0131n\u0131 Upano vadisine Katolik misyonelerle bat\u0131l\u0131 yerle\u015fimciler getirdi. Ak\u0131n sona erdi\u011finde gelen bat\u0131l\u0131 yerle\u015fimciler tar\u0131ma y\u00f6neldiler ve Shuar topraklar\u0131n\u0131 izinsiz i\u015fgal ettiler.Ayr\u0131ca salg\u0131n hastal\u0131klar da getirdiler ve Upano vadisindeki Shuar halk\u0131n\u0131n yar\u0131s\u0131ndan fazlas\u0131n\u0131 \u00f6ld\u00fcrd\u00fcler.<\/p>\n\n\n\n<p>Salezyenler (Katolik cemaat), 1935&#8217;te Shuar topluluklar\u0131na ba\u015far\u0131l\u0131 bir \u015fekilde yerle\u015fen ilk misyonerlerdi. Ba\u015flang\u0131\u00e7ta Shuar halk\u0131 Salezyenlerin \u00f6\u011fretilerini benimseme konusunda isteksizdi ve ilk misyonerlerden baz\u0131lar\u0131 \u00f6ld\u00fcr\u00fcld\u00fc ve ba\u015flar\u0131 tzantzalara d\u00f6n\u00fc\u015ft\u00fcr\u00fcld\u00fc.<\/p>\n\n\n\n<p>Ancak rakamsal tam bir veri bulunamad\u0131. Baz\u0131 Shuarlar yeni k\u00fclt\u00fcr\u00fc benimserken di\u011ferleri daha da uzak b\u00f6lgelere veya Peru ormanlar\u0131na ka\u00e7t\u0131. Salezyenler daha sonraki s\u00fcre\u00e7te onlar\u0131 d\u00f6n\u00fc\u015ft\u00fcrmek i\u00e7in Shuar hanelerini k\u00fc\u00e7\u00fck k\u00f6y merkezlerine yerle\u015ftirdiler. Misyonerler \u0130spanyolca dilini, yeni \u00fcr\u00fcnlerin yeti\u015ftirilmesini ve s\u0131\u011f\u0131r \u00e7ift\u00e7ili\u011fi kooperatiflerini tan\u0131tt\u0131lar. Salezyen misyonlar\u0131 ayr\u0131ca yat\u0131l\u0131 okullar kurdu. Ba\u015flang\u0131\u00e7ta, Shuar \u00e7ocuklar\u0131 evlerinden zorla al\u0131n\u0131yordu. Daha sonra ki s\u00fcre\u00e7te aileler onlar\u0131 g\u00f6n\u00fcll\u00fc olarak verdi ve bir\u00e7ok \u00e7ocuk yat\u0131l\u0131 okullarda b\u00fcy\u00fcd\u00fc. Bu yat\u0131l\u0131 okullar Shuar halk\u0131n\u0131 bat\u0131l\u0131la\u015ft\u0131rarak \u00e7o\u011funluk toplumuna dahil etme giri\u015fimi i\u00e7in bir h\u00fck\u00fcmet arac\u0131 olarak kullan\u0131ld\u0131. Okullar, 1964&#8217;te Shuar Federasyonu kuruldu\u011funda kapat\u0131ld\u0131 ve halen kapal\u0131d\u0131r.<\/p>\n\n\n<div class=\"wp-block-image\">\n<figure class=\"aligncenter size-full\"><img loading=\"lazy\" decoding=\"async\" width=\"443\" height=\"590\" src=\"https:\/\/epochtimestr.com\/wp-content\/uploads\/2011y\/suar2.jpg\" alt=\"\" class=\"wp-image-169505\" srcset=\"https:\/\/epochtimestr.com\/wp-content\/uploads\/2011y\/suar2.jpg 443w, https:\/\/epochtimestr.com\/wp-content\/uploads\/2011y\/suar2-225x300.jpg 225w, https:\/\/epochtimestr.com\/wp-content\/uploads\/2011y\/suar2-113x150.jpg 113w\" sizes=\"(max-width: 443px) 100vw, 443px\" \/><figcaption class=\"wp-element-caption\">                                  Tsantsa) (Foto\u011fraf: American Etnography)<\/figcaption><\/figure><\/div>\n\n\n<p>IERAC (Ekvador Tar\u0131m Reformu ve Kolonizasyon Enstit\u00fcs\u00fc), b\u00f6lgedeki hemen hemen t\u00fcm topraklar\u0131n tapular\u0131n\u0131n olmamas\u0131 ve Shuar halk\u0131n\u0131n atalar\u0131ndan kalan ve nesiller boyu kulland\u0131klar\u0131 topraklara ili\u015fkin haklar\u0131n\u0131n tan\u0131nmamas\u0131 nedeniyle t\u00fcm topraklar\u0131 devlet m\u00fclk\u00fc olarak g\u00f6rd\u00fc. Bu politikalar sosyal veya k\u00fclt\u00fcrel etki de\u011ferlendirmeleri yoluyla uygun \u015fekilde incelenmedi\u011finden dil kayb\u0131, Shuar geleneksel siyasi sisteminde de\u011fi\u015fiklikler, toprak bozulmas\u0131 ve yerli halk ile yerle\u015fimciler aras\u0131ndaki ekonomik u\u00e7urumun derinle\u015fmesi gibi \u00f6ng\u00f6r\u00fclemeyen sonu\u00e7lar do\u011furdu.<\/p>\n\n\n\n<p>Salezyen misyonerleri ve tar\u0131m reformunda dikkate al\u0131nmayan \u00f6nemli bir sosyal etki, Shuar n\u00fcfusunun geleneksel olarak k\u00f6y merkezlerinin aksine ormanlarda da\u011f\u0131n\u0131k bir \u015fekilde ya\u015famas\u0131d\u0131r. Shuar halk\u0131 yerle\u015fmeye zorlanarak t\u00fcm sosyal dinamikleri de\u011fi\u015ftirildi. Daha \u00f6nce toplumlar\u0131 \u00f6zerklik ve g\u00fc\u00e7 dengesi ile karakterize edilirken \u015fimdi ba\u011f\u0131ml\u0131l\u0131\u011fa ve otorite hiyerar\u015fisine dayan\u0131yordu. Bu, geleneksel olarak kendi kendine yeten ve kendi kendini y\u00f6neten Shuar haneleri i\u00e7inde gerginliklere neden oldu. Yak\u0131n mesafede ya\u015famaya ve Bat\u0131l\u0131 g\u00fc\u00e7 anlay\u0131\u015flar\u0131na uymaya zorland\u0131lar.<\/p>\n\n\n\n<p>Topraklar\u0131n ilk sakinlerinin egemenli\u011fi g\u00f6z ard\u0131 edildi ve bu da k\u00fclt\u00fcrlerinin, ge\u00e7im kaynaklar\u0131n\u0131n bozulmas\u0131na ve devletle ili\u015fkilerinin zay\u0131flamas\u0131na yol a\u00e7t\u0131. Ancak o zamanlar yerli haklar\u0131 hareketleri bug\u00fcn oldu\u011fu kadar g\u00fc\u00e7l\u00fc ve uluslararas\u0131 olarak tan\u0131nm\u0131\u015f de\u011fildi.<\/p>\n\n\n\n<p>Kaynak: Hartwig Kuhlenbeck koleksiyonu-D.University-E.Britannica-Salesian Politeknik \u00dcniversitesi(UPS)Salesian Peder Siro Maria Pellizzaro<\/p>\n","protected":false},"excerpt":{"rendered":"<p>Baz\u0131 insan hikayeleri tamamen modern d\u00fcnyan\u0131n d\u0131\u015f\u0131nda var oluyor. Amazon Ya\u011fmur Ormanlar\u0131 ve Kuzey Sentinel Adas\u0131 gibi yerlerde, izole kabileler binlerce y\u0131ld\u0131r, d\u0131\u015f d\u00fcnya ile neredeyse hi\u00e7 temas kurmadan hayatta kalm\u0131\u015flard\u0131r. Bir\u00e7o\u011fu, ya\u015fam bi\u00e7imlerini hastal\u0131ktan, s\u00f6m\u00fcr\u00fcden ve k\u00fclt\u00fcrel kay\u0131ptan korumak i\u00e7in d\u0131\u015far\u0131dan gelenleri aktif olarak reddediyor. Onlar &#8220;geride kalm\u0131\u015f&#8221; de\u011filler, izolasyonu se\u00e7iyorlar. Birbiriyle a\u015f\u0131r\u0131 ba\u011flant\u0131l\u0131 [&hellip;]<\/p>\n","protected":false},"author":13981,"featured_media":169501,"comment_status":"open","ping_status":"open","sticky":false,"template":"","format":"standard","meta":{"_yoast_wpseo_focuskw":"tsantsa","_yoast_wpseo_title":"","_yoast_wpseo_metadesc":"","_bbp_topic_count":0,"_bbp_reply_count":0,"_bbp_total_topic_count":0,"_bbp_total_reply_count":0,"_bbp_voice_count":0,"_bbp_anonymous_reply_count":0,"_bbp_topic_count_hidden":0,"_bbp_reply_count_hidden":0,"_bbp_forum_subforum_count":0,"footnotes":"","_yoast_wpseo_focuskw_text_input":""},"categories":[126],"tags":[2362,11990,11991],"yoast_head":"<!-- This site is optimized with the Yoast SEO plugin v23.0 - https:\/\/yoast.com\/wordpress\/plugins\/seo\/ -->\n<title>Shuar Halk\u0131 ve \u00c7arp\u0131c\u0131 Bir Paradoks: Tsantsa - The Epoch Times TR<\/title>\n<meta name=\"robots\" content=\"index, follow, max-snippet:-1, max-image-preview:large, max-video-preview:-1\" \/>\n<link rel=\"canonical\" href=\"https:\/\/epochtimestr.com\/index.php\/shuar-halki-ve-carpici-bir-paradoks-tsantsa\" \/>\n<meta property=\"og:locale\" content=\"tr_TR\" \/>\n<meta property=\"og:type\" content=\"article\" \/>\n<meta property=\"og:title\" content=\"Shuar Halk\u0131 ve \u00c7arp\u0131c\u0131 Bir Paradoks: Tsantsa - The Epoch Times TR\" \/>\n<meta property=\"og:description\" content=\"Baz\u0131 insan hikayeleri tamamen modern d\u00fcnyan\u0131n d\u0131\u015f\u0131nda var oluyor. Amazon Ya\u011fmur Ormanlar\u0131 ve Kuzey Sentinel Adas\u0131 gibi yerlerde, izole kabileler binlerce y\u0131ld\u0131r, d\u0131\u015f d\u00fcnya ile neredeyse hi\u00e7 temas kurmadan hayatta kalm\u0131\u015flard\u0131r. Bir\u00e7o\u011fu, ya\u015fam bi\u00e7imlerini hastal\u0131ktan, s\u00f6m\u00fcr\u00fcden ve k\u00fclt\u00fcrel kay\u0131ptan korumak i\u00e7in d\u0131\u015far\u0131dan gelenleri aktif olarak reddediyor. Onlar &#8220;geride kalm\u0131\u015f&#8221; de\u011filler, izolasyonu se\u00e7iyorlar. Birbiriyle a\u015f\u0131r\u0131 ba\u011flant\u0131l\u0131 [&hellip;]\" \/>\n<meta property=\"og:url\" content=\"https:\/\/epochtimestr.com\/index.php\/shuar-halki-ve-carpici-bir-paradoks-tsantsa\" \/>\n<meta property=\"og:site_name\" content=\"The Epoch Times TR\" \/>\n<meta property=\"article:publisher\" content=\"https:\/\/www.facebook.com\/theepochtimestr\" \/>\n<meta property=\"article:published_time\" content=\"2026-07-31T07:24:04+00:00\" \/>\n<meta property=\"article:modified_time\" content=\"2026-08-01T19:22:58+00:00\" \/>\n<meta property=\"og:image\" content=\"https:\/\/epochtimestr.com\/wp-content\/uploads\/2011y\/pixabay-3.png\" \/>\n\t<meta property=\"og:image:width\" content=\"1280\" \/>\n\t<meta property=\"og:image:height\" content=\"731\" \/>\n\t<meta property=\"og:image:type\" content=\"image\/png\" \/>\n<meta name=\"author\" content=\"Reyhan \u00c7orbac\u0131\" \/>\n<meta name=\"twitter:card\" content=\"summary_large_image\" \/>\n<meta name=\"twitter:creator\" content=\"@TheEpochTimesTR\" \/>\n<meta name=\"twitter:site\" content=\"@TheEpochTimesTR\" \/>\n<meta name=\"twitter:label1\" content=\"Yazan:\" \/>\n\t<meta name=\"twitter:data1\" content=\"Reyhan \u00c7orbac\u0131\" \/>\n\t<meta name=\"twitter:label2\" content=\"Tahmini okuma s\u00fcresi\" \/>\n\t<meta name=\"twitter:data2\" content=\"8 dakika\" \/>\n<script type=\"application\/ld+json\" class=\"yoast-schema-graph\">{\"@context\":\"https:\/\/schema.org\",\"@graph\":[{\"@type\":\"Article\",\"@id\":\"https:\/\/epochtimestr.com\/index.php\/shuar-halki-ve-carpici-bir-paradoks-tsantsa#article\",\"isPartOf\":{\"@id\":\"https:\/\/epochtimestr.com\/index.php\/shuar-halki-ve-carpici-bir-paradoks-tsantsa\"},\"author\":{\"name\":\"Reyhan \u00c7orbac\u0131\",\"@id\":\"https:\/\/epochtimestr.com\/#\/schema\/person\/68cb304e55f0b73a4e785d2cd1ba5308\"},\"headline\":\"Shuar Halk\u0131 ve \u00c7arp\u0131c\u0131 Bir Paradoks: Tsantsa\",\"datePublished\":\"2026-07-31T07:24:04+00:00\",\"dateModified\":\"2026-08-01T19:22:58+00:00\",\"mainEntityOfPage\":{\"@id\":\"https:\/\/epochtimestr.com\/index.php\/shuar-halki-ve-carpici-bir-paradoks-tsantsa\"},\"wordCount\":1546,\"commentCount\":0,\"publisher\":{\"@id\":\"https:\/\/epochtimestr.com\/#organization\"},\"image\":{\"@id\":\"https:\/\/epochtimestr.com\/index.php\/shuar-halki-ve-carpici-bir-paradoks-tsantsa#primaryimage\"},\"thumbnailUrl\":\"https:\/\/epochtimestr.com\/wp-content\/uploads\/2011y\/pixabay-3.png\",\"keywords\":[\"Amazon\",\"Shuar halk\u0131\",\"Tsantsa\"],\"articleSection\":[\"D\u00fcnya K\u00fclt\u00fcr Miraslar\u0131\"],\"inLanguage\":\"tr\",\"potentialAction\":[{\"@type\":\"CommentAction\",\"name\":\"Comment\",\"target\":[\"https:\/\/epochtimestr.com\/index.php\/shuar-halki-ve-carpici-bir-paradoks-tsantsa#respond\"]}]},{\"@type\":\"WebPage\",\"@id\":\"https:\/\/epochtimestr.com\/index.php\/shuar-halki-ve-carpici-bir-paradoks-tsantsa\",\"url\":\"https:\/\/epochtimestr.com\/index.php\/shuar-halki-ve-carpici-bir-paradoks-tsantsa\",\"name\":\"Shuar Halk\u0131 ve \u00c7arp\u0131c\u0131 Bir Paradoks: Tsantsa - The Epoch Times TR\",\"isPartOf\":{\"@id\":\"https:\/\/epochtimestr.com\/#website\"},\"primaryImageOfPage\":{\"@id\":\"https:\/\/epochtimestr.com\/index.php\/shuar-halki-ve-carpici-bir-paradoks-tsantsa#primaryimage\"},\"image\":{\"@id\":\"https:\/\/epochtimestr.com\/index.php\/shuar-halki-ve-carpici-bir-paradoks-tsantsa#primaryimage\"},\"thumbnailUrl\":\"https:\/\/epochtimestr.com\/wp-content\/uploads\/2011y\/pixabay-3.png\",\"datePublished\":\"2026-07-31T07:24:04+00:00\",\"dateModified\":\"2026-08-01T19:22:58+00:00\",\"inLanguage\":\"tr\",\"potentialAction\":[{\"@type\":\"ReadAction\",\"target\":[\"https:\/\/epochtimestr.com\/index.php\/shuar-halki-ve-carpici-bir-paradoks-tsantsa\"]}]},{\"@type\":\"ImageObject\",\"inLanguage\":\"tr\",\"@id\":\"https:\/\/epochtimestr.com\/index.php\/shuar-halki-ve-carpici-bir-paradoks-tsantsa#primaryimage\",\"url\":\"https:\/\/epochtimestr.com\/wp-content\/uploads\/2011y\/pixabay-3.png\",\"contentUrl\":\"https:\/\/epochtimestr.com\/wp-content\/uploads\/2011y\/pixabay-3.png\",\"width\":1280,\"height\":731},{\"@type\":\"WebSite\",\"@id\":\"https:\/\/epochtimestr.com\/#website\",\"url\":\"https:\/\/epochtimestr.com\/\",\"name\":\"The Epoch Times TR\",\"description\":\"De\u011fi\u015fen D\u00fcnyam\u0131za Taze Bir Bak\u0131\u015f\",\"publisher\":{\"@id\":\"https:\/\/epochtimestr.com\/#organization\"},\"potentialAction\":[{\"@type\":\"SearchAction\",\"target\":{\"@type\":\"EntryPoint\",\"urlTemplate\":\"https:\/\/epochtimestr.com\/?s={search_term_string}\"},\"query-input\":\"required name=search_term_string\"}],\"inLanguage\":\"tr\"},{\"@type\":\"Organization\",\"@id\":\"https:\/\/epochtimestr.com\/#organization\",\"name\":\"The EpochTimes T\u00fcrkiye\",\"url\":\"https:\/\/epochtimestr.com\/\",\"logo\":{\"@type\":\"ImageObject\",\"inLanguage\":\"tr\",\"@id\":\"https:\/\/epochtimestr.com\/#\/schema\/logo\/image\/\",\"url\":\"https:\/\/epochtimestr.com\/wp-content\/uploads\/2011y\/ET-Logo-YG.jpg\",\"contentUrl\":\"https:\/\/epochtimestr.com\/wp-content\/uploads\/2011y\/ET-Logo-YG.jpg\",\"width\":346,\"height\":29,\"caption\":\"The EpochTimes T\u00fcrkiye\"},\"image\":{\"@id\":\"https:\/\/epochtimestr.com\/#\/schema\/logo\/image\/\"},\"sameAs\":[\"https:\/\/www.facebook.com\/theepochtimestr\",\"https:\/\/x.com\/TheEpochTimesTR\",\"https:\/\/www.instagram.com\/epochtimestr\"]},{\"@type\":\"Person\",\"@id\":\"https:\/\/epochtimestr.com\/#\/schema\/person\/68cb304e55f0b73a4e785d2cd1ba5308\",\"name\":\"Reyhan \u00c7orbac\u0131\",\"image\":{\"@type\":\"ImageObject\",\"inLanguage\":\"tr\",\"@id\":\"https:\/\/epochtimestr.com\/#\/schema\/person\/image\/\",\"url\":\"https:\/\/secure.gravatar.com\/avatar\/8bceee79f3a75100aa05f62a5dd2a5b0?s=96&d=mm&r=g\",\"contentUrl\":\"https:\/\/secure.gravatar.com\/avatar\/8bceee79f3a75100aa05f62a5dd2a5b0?s=96&d=mm&r=g\",\"caption\":\"Reyhan \u00c7orbac\u0131\"},\"url\":\"https:\/\/epochtimestr.com\/index.php\/author\/reyhan\"}]}<\/script>\n<!-- \/ Yoast SEO plugin. -->","yoast_head_json":{"title":"Shuar Halk\u0131 ve \u00c7arp\u0131c\u0131 Bir Paradoks: Tsantsa - The Epoch Times TR","robots":{"index":"index","follow":"follow","max-snippet":"max-snippet:-1","max-image-preview":"max-image-preview:large","max-video-preview":"max-video-preview:-1"},"canonical":"https:\/\/epochtimestr.com\/index.php\/shuar-halki-ve-carpici-bir-paradoks-tsantsa","og_locale":"tr_TR","og_type":"article","og_title":"Shuar Halk\u0131 ve \u00c7arp\u0131c\u0131 Bir Paradoks: Tsantsa - The Epoch Times TR","og_description":"Baz\u0131 insan hikayeleri tamamen modern d\u00fcnyan\u0131n d\u0131\u015f\u0131nda var oluyor. Amazon Ya\u011fmur Ormanlar\u0131 ve Kuzey Sentinel Adas\u0131 gibi yerlerde, izole kabileler binlerce y\u0131ld\u0131r, d\u0131\u015f d\u00fcnya ile neredeyse hi\u00e7 temas kurmadan hayatta kalm\u0131\u015flard\u0131r. Bir\u00e7o\u011fu, ya\u015fam bi\u00e7imlerini hastal\u0131ktan, s\u00f6m\u00fcr\u00fcden ve k\u00fclt\u00fcrel kay\u0131ptan korumak i\u00e7in d\u0131\u015far\u0131dan gelenleri aktif olarak reddediyor. Onlar &#8220;geride kalm\u0131\u015f&#8221; de\u011filler, izolasyonu se\u00e7iyorlar. Birbiriyle a\u015f\u0131r\u0131 ba\u011flant\u0131l\u0131 [&hellip;]","og_url":"https:\/\/epochtimestr.com\/index.php\/shuar-halki-ve-carpici-bir-paradoks-tsantsa","og_site_name":"The Epoch Times TR","article_publisher":"https:\/\/www.facebook.com\/theepochtimestr","article_published_time":"2026-07-31T07:24:04+00:00","article_modified_time":"2026-08-01T19:22:58+00:00","og_image":[{"width":1280,"height":731,"url":"https:\/\/epochtimestr.com\/wp-content\/uploads\/2011y\/pixabay-3.png","type":"image\/png"}],"author":"Reyhan \u00c7orbac\u0131","twitter_card":"summary_large_image","twitter_creator":"@TheEpochTimesTR","twitter_site":"@TheEpochTimesTR","twitter_misc":{"Yazan:":"Reyhan \u00c7orbac\u0131","Tahmini okuma s\u00fcresi":"8 dakika"},"schema":{"@context":"https:\/\/schema.org","@graph":[{"@type":"Article","@id":"https:\/\/epochtimestr.com\/index.php\/shuar-halki-ve-carpici-bir-paradoks-tsantsa#article","isPartOf":{"@id":"https:\/\/epochtimestr.com\/index.php\/shuar-halki-ve-carpici-bir-paradoks-tsantsa"},"author":{"name":"Reyhan \u00c7orbac\u0131","@id":"https:\/\/epochtimestr.com\/#\/schema\/person\/68cb304e55f0b73a4e785d2cd1ba5308"},"headline":"Shuar Halk\u0131 ve \u00c7arp\u0131c\u0131 Bir Paradoks: Tsantsa","datePublished":"2026-07-31T07:24:04+00:00","dateModified":"2026-08-01T19:22:58+00:00","mainEntityOfPage":{"@id":"https:\/\/epochtimestr.com\/index.php\/shuar-halki-ve-carpici-bir-paradoks-tsantsa"},"wordCount":1546,"commentCount":0,"publisher":{"@id":"https:\/\/epochtimestr.com\/#organization"},"image":{"@id":"https:\/\/epochtimestr.com\/index.php\/shuar-halki-ve-carpici-bir-paradoks-tsantsa#primaryimage"},"thumbnailUrl":"https:\/\/epochtimestr.com\/wp-content\/uploads\/2011y\/pixabay-3.png","keywords":["Amazon","Shuar halk\u0131","Tsantsa"],"articleSection":["D\u00fcnya K\u00fclt\u00fcr Miraslar\u0131"],"inLanguage":"tr","potentialAction":[{"@type":"CommentAction","name":"Comment","target":["https:\/\/epochtimestr.com\/index.php\/shuar-halki-ve-carpici-bir-paradoks-tsantsa#respond"]}]},{"@type":"WebPage","@id":"https:\/\/epochtimestr.com\/index.php\/shuar-halki-ve-carpici-bir-paradoks-tsantsa","url":"https:\/\/epochtimestr.com\/index.php\/shuar-halki-ve-carpici-bir-paradoks-tsantsa","name":"Shuar Halk\u0131 ve \u00c7arp\u0131c\u0131 Bir Paradoks: Tsantsa - The Epoch Times TR","isPartOf":{"@id":"https:\/\/epochtimestr.com\/#website"},"primaryImageOfPage":{"@id":"https:\/\/epochtimestr.com\/index.php\/shuar-halki-ve-carpici-bir-paradoks-tsantsa#primaryimage"},"image":{"@id":"https:\/\/epochtimestr.com\/index.php\/shuar-halki-ve-carpici-bir-paradoks-tsantsa#primaryimage"},"thumbnailUrl":"https:\/\/epochtimestr.com\/wp-content\/uploads\/2011y\/pixabay-3.png","datePublished":"2026-07-31T07:24:04+00:00","dateModified":"2026-08-01T19:22:58+00:00","inLanguage":"tr","potentialAction":[{"@type":"ReadAction","target":["https:\/\/epochtimestr.com\/index.php\/shuar-halki-ve-carpici-bir-paradoks-tsantsa"]}]},{"@type":"ImageObject","inLanguage":"tr","@id":"https:\/\/epochtimestr.com\/index.php\/shuar-halki-ve-carpici-bir-paradoks-tsantsa#primaryimage","url":"https:\/\/epochtimestr.com\/wp-content\/uploads\/2011y\/pixabay-3.png","contentUrl":"https:\/\/epochtimestr.com\/wp-content\/uploads\/2011y\/pixabay-3.png","width":1280,"height":731},{"@type":"WebSite","@id":"https:\/\/epochtimestr.com\/#website","url":"https:\/\/epochtimestr.com\/","name":"The Epoch Times TR","description":"De\u011fi\u015fen D\u00fcnyam\u0131za Taze Bir Bak\u0131\u015f","publisher":{"@id":"https:\/\/epochtimestr.com\/#organization"},"potentialAction":[{"@type":"SearchAction","target":{"@type":"EntryPoint","urlTemplate":"https:\/\/epochtimestr.com\/?s={search_term_string}"},"query-input":"required name=search_term_string"}],"inLanguage":"tr"},{"@type":"Organization","@id":"https:\/\/epochtimestr.com\/#organization","name":"The EpochTimes T\u00fcrkiye","url":"https:\/\/epochtimestr.com\/","logo":{"@type":"ImageObject","inLanguage":"tr","@id":"https:\/\/epochtimestr.com\/#\/schema\/logo\/image\/","url":"https:\/\/epochtimestr.com\/wp-content\/uploads\/2011y\/ET-Logo-YG.jpg","contentUrl":"https:\/\/epochtimestr.com\/wp-content\/uploads\/2011y\/ET-Logo-YG.jpg","width":346,"height":29,"caption":"The EpochTimes T\u00fcrkiye"},"image":{"@id":"https:\/\/epochtimestr.com\/#\/schema\/logo\/image\/"},"sameAs":["https:\/\/www.facebook.com\/theepochtimestr","https:\/\/x.com\/TheEpochTimesTR","https:\/\/www.instagram.com\/epochtimestr"]},{"@type":"Person","@id":"https:\/\/epochtimestr.com\/#\/schema\/person\/68cb304e55f0b73a4e785d2cd1ba5308","name":"Reyhan \u00c7orbac\u0131","image":{"@type":"ImageObject","inLanguage":"tr","@id":"https:\/\/epochtimestr.com\/#\/schema\/person\/image\/","url":"https:\/\/secure.gravatar.com\/avatar\/8bceee79f3a75100aa05f62a5dd2a5b0?s=96&d=mm&r=g","contentUrl":"https:\/\/secure.gravatar.com\/avatar\/8bceee79f3a75100aa05f62a5dd2a5b0?s=96&d=mm&r=g","caption":"Reyhan \u00c7orbac\u0131"},"url":"https:\/\/epochtimestr.com\/index.php\/author\/reyhan"}]}},"_links":{"self":[{"href":"https:\/\/epochtimestr.com\/index.php\/wp-json\/wp\/v2\/posts\/169500"}],"collection":[{"href":"https:\/\/epochtimestr.com\/index.php\/wp-json\/wp\/v2\/posts"}],"about":[{"href":"https:\/\/epochtimestr.com\/index.php\/wp-json\/wp\/v2\/types\/post"}],"author":[{"embeddable":true,"href":"https:\/\/epochtimestr.com\/index.php\/wp-json\/wp\/v2\/users\/13981"}],"replies":[{"embeddable":true,"href":"https:\/\/epochtimestr.com\/index.php\/wp-json\/wp\/v2\/comments?post=169500"}],"version-history":[{"count":3,"href":"https:\/\/epochtimestr.com\/index.php\/wp-json\/wp\/v2\/posts\/169500\/revisions"}],"predecessor-version":[{"id":169630,"href":"https:\/\/epochtimestr.com\/index.php\/wp-json\/wp\/v2\/posts\/169500\/revisions\/169630"}],"wp:featuredmedia":[{"embeddable":true,"href":"https:\/\/epochtimestr.com\/index.php\/wp-json\/wp\/v2\/media\/169501"}],"wp:attachment":[{"href":"https:\/\/epochtimestr.com\/index.php\/wp-json\/wp\/v2\/media?parent=169500"}],"wp:term":[{"taxonomy":"category","embeddable":true,"href":"https:\/\/epochtimestr.com\/index.php\/wp-json\/wp\/v2\/categories?post=169500"},{"taxonomy":"post_tag","embeddable":true,"href":"https:\/\/epochtimestr.com\/index.php\/wp-json\/wp\/v2\/tags?post=169500"}],"curies":[{"name":"wp","href":"https:\/\/api.w.org\/{rel}","templated":true}]}}