{"id":169537,"date":"2026-07-31T16:06:29","date_gmt":"2026-07-31T13:06:29","guid":{"rendered":"https:\/\/epochtimestr.com\/?p=169537"},"modified":"2026-07-31T16:06:30","modified_gmt":"2026-07-31T13:06:30","slug":"turkiye-genelinde-turknet-aboneleri-erisim-sorunu-yasadi","status":"publish","type":"post","link":"https:\/\/epochtimestr.com\/index.php\/turkiye-genelinde-turknet-aboneleri-erisim-sorunu-yasadi","title":{"rendered":"T\u00fcrkiye Genelinde TurkNet Aboneleri  Eri\u015fim Sorunu Ya\u015fad\u0131"},"content":{"rendered":"<div class=\"wp-block-image\">\n<figure class=\"aligncenter size-full is-resized\"><img loading=\"lazy\" decoding=\"async\" width=\"1280\" height=\"903\" src=\"https:\/\/epochtimestr.com\/wp-content\/uploads\/2011y\/geralt-2.webp\" alt=\"T\u00fcrkiye genelindeki TurkNet aboneleri internet kesintisi nedeniyle eri\u015fim sorunu ya\u015fad\u0131. (Foto\u011fraf: Geralt, Pixabay)\" class=\"wp-image-169538\" style=\"width:840px;height:auto\" srcset=\"https:\/\/epochtimestr.com\/wp-content\/uploads\/2011y\/geralt-2.webp 1280w, https:\/\/epochtimestr.com\/wp-content\/uploads\/2011y\/geralt-2-300x212.webp 300w, https:\/\/epochtimestr.com\/wp-content\/uploads\/2011y\/geralt-2-150x106.webp 150w, https:\/\/epochtimestr.com\/wp-content\/uploads\/2011y\/geralt-2-768x542.webp 768w\" sizes=\"(max-width: 1280px) 100vw, 1280px\" \/><figcaption class=\"wp-element-caption\">T\u00fcrkiye genelindeki TurkNet aboneleri internet kesintisi nedeniyle eri\u015fim sorunu ya\u015fad\u0131. (Foto\u011fraf: Geralt, Pixabay)<\/figcaption><\/figure><\/div>\n\n\n<h2 class=\"wp-block-heading\">T\u00fcrkiye&#8217;nin farkl\u0131 illerindeki TurkNet aboneleri, internet ba\u011flant\u0131s\u0131, mobil uygulama ve destek kanallar\u0131na eri\u015fim sorunu ya\u015fad\u0131.<\/h2>\n\n\n\n<p>T\u00fcrkiye&#8217;nin farkl\u0131 illerindeki TurkNet aboneleri, <a href=\"https:\/\/epochtimestr.com\/index.php\/veri-sizintisi-turkiyede-yasayan-herkesin-verileri-bir-internet-sitesinde-yayimlaniyor\" target=\"_blank\" rel=\"noreferrer noopener\">internet<\/a> ba\u011flant\u0131s\u0131, mobil uygulama ve destek kanallar\u0131na eri\u015fimde sorun ya\u015fad\u0131. Kullan\u0131c\u0131lar\u0131n aktard\u0131\u011f\u0131 bilgilere g\u00f6re yaln\u0131zca internet ba\u011flant\u0131s\u0131 de\u011fil ayn\u0131 zamanda TurkNet\u2019in mobil uygulamas\u0131 ve m\u00fc\u015fteri hizmetleri kanallar\u0131 da kesintiden etkilendi. \u00c7ok say\u0131da abone, \u00e7a\u011fr\u0131 merkezine ula\u015famad\u0131\u011f\u0131n\u0131 ve <a href=\"https:\/\/epochtimestr.com\/index.php\/kvkk-siber-saldiriya-ugrayan-turknet-ile-ilgili-aciklama-yapti\" target=\"_blank\" rel=\"noreferrer noopener\">destek talebi<\/a> olu\u015fturamad\u0131\u011f\u0131n\u0131 ifade etti.<\/p>\n\n\n\n<p>Kullan\u0131c\u0131lar Turknet altyap\u0131s\u0131n\u0131n \u00e7\u00f6kt\u00fc\u011f\u00fcn\u00fc X\u2019teki payla\u015f\u0131mlar\u0131yla duyurdu. Konu k\u0131sa s\u00fcrede X\u2019te en \u00e7ok konu\u015fulan konu (trend topic) oldu.<\/p>\n\n\n\n<p><strong>\u015eirketse kesintiyle ilgili X\u2019ten \u015fu a\u00e7\u0131klamay\u0131 yay\u0131nlad\u0131:<\/strong><\/p>\n\n\n\n<p>\u201cDe\u011ferli kullan\u0131c\u0131lar\u0131m\u0131z Turknet internet hizmetlerinde T\u00fcrkiye genelini etkileyen bir kesinti ya\u015fanmaktad\u0131r.<\/p>\n\n\n\n<p>Teknik ekiplerimiz, sorunun en k\u0131sa s\u00fcrede giderilmesi i\u00e7in \u00e7al\u0131\u015fmalar\u0131n\u0131 s\u00fcrd\u00fcrmektedir. Geli\u015fmeleri buradan payla\u015faca\u011f\u0131z.\u201c<\/p>\n\n\n\n<figure class=\"wp-block-embed is-type-rich is-provider-x wp-block-embed-x\"><div class=\"wp-block-embed__wrapper\">\n<blockquote class=\"twitter-tweet\" data-width=\"550\" data-dnt=\"true\"><p lang=\"tr\" dir=\"ltr\">De\u011ferli kullan\u0131c\u0131lar\u0131m\u0131z,<br><br>Turknet internet hizmetlerinde T\u00fcrkiye genelini etkileyen bir kesinti ya\u015fanmaktad\u0131r. Teknik ekiplerimiz, sorunun en k\u0131sa s\u00fcrede giderilmesi i\u00e7in \u00e7al\u0131\u015fmalar\u0131n\u0131 s\u00fcrd\u00fcrmektedir. Geli\u015fmeleri buradan payla\u015faca\u011f\u0131z.<br><br>Anlay\u0131\u015f\u0131n\u0131z i\u00e7in te\u015fekk\u00fcr ederiz.<\/p>&mdash; Turknet (@Turknet) <a href=\"https:\/\/x.com\/Turknet\/status\/2083127983691178234?ref_src=twsrc%5Etfw\">July 31, 2026<\/a><\/blockquote><script async src=\"https:\/\/platform.x.com\/widgets.js\" charset=\"utf-8\"><\/script>\n<\/div><\/figure>\n","protected":false},"excerpt":{"rendered":"<p>T\u00fcrkiye&#8217;nin farkl\u0131 illerindeki TurkNet aboneleri, internet ba\u011flant\u0131s\u0131, mobil uygulama ve destek kanallar\u0131na eri\u015fim sorunu ya\u015fad\u0131. T\u00fcrkiye&#8217;nin farkl\u0131 illerindeki TurkNet aboneleri, internet ba\u011flant\u0131s\u0131, mobil uygulama ve destek kanallar\u0131na eri\u015fimde sorun ya\u015fad\u0131. Kullan\u0131c\u0131lar\u0131n aktard\u0131\u011f\u0131 bilgilere g\u00f6re yaln\u0131zca internet ba\u011flant\u0131s\u0131 de\u011fil ayn\u0131 zamanda TurkNet\u2019in mobil uygulamas\u0131 ve m\u00fc\u015fteri hizmetleri kanallar\u0131 da kesintiden etkilendi. \u00c7ok say\u0131da abone, \u00e7a\u011fr\u0131 merkezine [&hellip;]<\/p>\n","protected":false},"author":12791,"featured_media":169538,"comment_status":"open","ping_status":"open","sticky":false,"template":"","format":"standard","meta":{"_yoast_wpseo_focuskw":"TurkNet - eri\u015fim","_yoast_wpseo_title":"","_yoast_wpseo_metadesc":"T\u00fcrkiye'nin farkl\u0131 illerindeki TurkNet aboneleri, internet ba\u011flant\u0131s\u0131, mobil uygulama ve destek kanallar\u0131na eri\u015fim sorunu ya\u015fad\u0131.","_bbp_topic_count":0,"_bbp_reply_count":0,"_bbp_total_topic_count":0,"_bbp_total_reply_count":0,"_bbp_voice_count":0,"_bbp_anonymous_reply_count":0,"_bbp_topic_count_hidden":0,"_bbp_reply_count_hidden":0,"_bbp_forum_subforum_count":0,"footnotes":"","_yoast_wpseo_focuskw_text_input":""},"categories":[1,8138,8419],"tags":[11997,7000,11996],"yoast_head":"<!-- This site is optimized with the Yoast SEO plugin v23.0 - https:\/\/yoast.com\/wordpress\/plugins\/seo\/ -->\n<title>T\u00fcrkiye Genelinde TurkNet Aboneleri Eri\u015fim Sorunu Ya\u015fad\u0131 - The Epoch Times TR<\/title>\n<meta name=\"description\" content=\"T\u00fcrkiye&#039;nin farkl\u0131 illerindeki TurkNet aboneleri, internet ba\u011flant\u0131s\u0131, mobil uygulama ve destek kanallar\u0131na eri\u015fim sorunu ya\u015fad\u0131.\" \/>\n<meta name=\"robots\" content=\"index, follow, max-snippet:-1, max-image-preview:large, max-video-preview:-1\" \/>\n<link rel=\"canonical\" href=\"https:\/\/epochtimestr.com\/index.php\/turkiye-genelinde-turknet-aboneleri-erisim-sorunu-yasadi\" \/>\n<meta property=\"og:locale\" content=\"tr_TR\" \/>\n<meta property=\"og:type\" content=\"article\" \/>\n<meta property=\"og:title\" content=\"T\u00fcrkiye Genelinde TurkNet Aboneleri Eri\u015fim Sorunu Ya\u015fad\u0131 - The Epoch Times TR\" \/>\n<meta property=\"og:description\" content=\"T\u00fcrkiye&#039;nin farkl\u0131 illerindeki TurkNet aboneleri, internet ba\u011flant\u0131s\u0131, mobil uygulama ve destek kanallar\u0131na eri\u015fim sorunu ya\u015fad\u0131.\" \/>\n<meta property=\"og:url\" content=\"https:\/\/epochtimestr.com\/index.php\/turkiye-genelinde-turknet-aboneleri-erisim-sorunu-yasadi\" \/>\n<meta property=\"og:site_name\" content=\"The Epoch Times TR\" \/>\n<meta property=\"article:publisher\" content=\"https:\/\/www.facebook.com\/theepochtimestr\" \/>\n<meta property=\"article:published_time\" content=\"2026-07-31T13:06:29+00:00\" \/>\n<meta property=\"article:modified_time\" content=\"2026-07-31T13:06:30+00:00\" \/>\n<meta property=\"og:image\" content=\"https:\/\/epochtimestr.com\/wp-content\/uploads\/2011y\/geralt-2.webp\" \/>\n\t<meta property=\"og:image:width\" content=\"1280\" \/>\n\t<meta property=\"og:image:height\" content=\"903\" \/>\n\t<meta property=\"og:image:type\" content=\"image\/webp\" \/>\n<meta name=\"author\" content=\"Haber Merkezi\" \/>\n<meta name=\"twitter:card\" content=\"summary_large_image\" \/>\n<meta name=\"twitter:creator\" content=\"@TheEpochTimesTR\" \/>\n<meta name=\"twitter:site\" content=\"@TheEpochTimesTR\" \/>\n<meta name=\"twitter:label1\" content=\"Yazan:\" \/>\n\t<meta name=\"twitter:data1\" content=\"Haber Merkezi\" \/>\n\t<meta name=\"twitter:label2\" content=\"Tahmini okuma s\u00fcresi\" \/>\n\t<meta name=\"twitter:data2\" content=\"2 dakika\" \/>\n<script type=\"application\/ld+json\" class=\"yoast-schema-graph\">{\"@context\":\"https:\/\/schema.org\",\"@graph\":[{\"@type\":\"Article\",\"@id\":\"https:\/\/epochtimestr.com\/index.php\/turkiye-genelinde-turknet-aboneleri-erisim-sorunu-yasadi#article\",\"isPartOf\":{\"@id\":\"https:\/\/epochtimestr.com\/index.php\/turkiye-genelinde-turknet-aboneleri-erisim-sorunu-yasadi\"},\"author\":{\"name\":\"Haber Merkezi\",\"@id\":\"https:\/\/epochtimestr.com\/#\/schema\/person\/3dc5c3adeb9f43923c5aa85889172fdd\"},\"headline\":\"T\u00fcrkiye Genelinde TurkNet Aboneleri Eri\u015fim Sorunu Ya\u015fad\u0131\",\"datePublished\":\"2026-07-31T13:06:29+00:00\",\"dateModified\":\"2026-07-31T13:06:30+00:00\",\"mainEntityOfPage\":{\"@id\":\"https:\/\/epochtimestr.com\/index.php\/turkiye-genelinde-turknet-aboneleri-erisim-sorunu-yasadi\"},\"wordCount\":205,\"commentCount\":0,\"publisher\":{\"@id\":\"https:\/\/epochtimestr.com\/#organization\"},\"image\":{\"@id\":\"https:\/\/epochtimestr.com\/index.php\/turkiye-genelinde-turknet-aboneleri-erisim-sorunu-yasadi#primaryimage\"},\"thumbnailUrl\":\"https:\/\/epochtimestr.com\/wp-content\/uploads\/2011y\/geralt-2.webp\",\"keywords\":[\"eri\u015fim\",\"internet\",\"T\u00dcRKNET\"],\"articleSection\":[\"G\u00dcNDEM\",\"MAN\u015eET\",\"Ya\u015fam\"],\"inLanguage\":\"tr\",\"potentialAction\":[{\"@type\":\"CommentAction\",\"name\":\"Comment\",\"target\":[\"https:\/\/epochtimestr.com\/index.php\/turkiye-genelinde-turknet-aboneleri-erisim-sorunu-yasadi#respond\"]}]},{\"@type\":\"WebPage\",\"@id\":\"https:\/\/epochtimestr.com\/index.php\/turkiye-genelinde-turknet-aboneleri-erisim-sorunu-yasadi\",\"url\":\"https:\/\/epochtimestr.com\/index.php\/turkiye-genelinde-turknet-aboneleri-erisim-sorunu-yasadi\",\"name\":\"T\u00fcrkiye Genelinde TurkNet Aboneleri Eri\u015fim Sorunu Ya\u015fad\u0131 - The Epoch Times TR\",\"isPartOf\":{\"@id\":\"https:\/\/epochtimestr.com\/#website\"},\"primaryImageOfPage\":{\"@id\":\"https:\/\/epochtimestr.com\/index.php\/turkiye-genelinde-turknet-aboneleri-erisim-sorunu-yasadi#primaryimage\"},\"image\":{\"@id\":\"https:\/\/epochtimestr.com\/index.php\/turkiye-genelinde-turknet-aboneleri-erisim-sorunu-yasadi#primaryimage\"},\"thumbnailUrl\":\"https:\/\/epochtimestr.com\/wp-content\/uploads\/2011y\/geralt-2.webp\",\"datePublished\":\"2026-07-31T13:06:29+00:00\",\"dateModified\":\"2026-07-31T13:06:30+00:00\",\"description\":\"T\u00fcrkiye'nin farkl\u0131 illerindeki TurkNet aboneleri, internet ba\u011flant\u0131s\u0131, mobil uygulama ve destek kanallar\u0131na eri\u015fim sorunu ya\u015fad\u0131.\",\"inLanguage\":\"tr\",\"potentialAction\":[{\"@type\":\"ReadAction\",\"target\":[\"https:\/\/epochtimestr.com\/index.php\/turkiye-genelinde-turknet-aboneleri-erisim-sorunu-yasadi\"]}]},{\"@type\":\"ImageObject\",\"inLanguage\":\"tr\",\"@id\":\"https:\/\/epochtimestr.com\/index.php\/turkiye-genelinde-turknet-aboneleri-erisim-sorunu-yasadi#primaryimage\",\"url\":\"https:\/\/epochtimestr.com\/wp-content\/uploads\/2011y\/geralt-2.webp\",\"contentUrl\":\"https:\/\/epochtimestr.com\/wp-content\/uploads\/2011y\/geralt-2.webp\",\"width\":1280,\"height\":903},{\"@type\":\"WebSite\",\"@id\":\"https:\/\/epochtimestr.com\/#website\",\"url\":\"https:\/\/epochtimestr.com\/\",\"name\":\"The Epoch Times TR\",\"description\":\"De\u011fi\u015fen D\u00fcnyam\u0131za Taze Bir Bak\u0131\u015f\",\"publisher\":{\"@id\":\"https:\/\/epochtimestr.com\/#organization\"},\"potentialAction\":[{\"@type\":\"SearchAction\",\"target\":{\"@type\":\"EntryPoint\",\"urlTemplate\":\"https:\/\/epochtimestr.com\/?s={search_term_string}\"},\"query-input\":\"required name=search_term_string\"}],\"inLanguage\":\"tr\"},{\"@type\":\"Organization\",\"@id\":\"https:\/\/epochtimestr.com\/#organization\",\"name\":\"The EpochTimes T\u00fcrkiye\",\"url\":\"https:\/\/epochtimestr.com\/\",\"logo\":{\"@type\":\"ImageObject\",\"inLanguage\":\"tr\",\"@id\":\"https:\/\/epochtimestr.com\/#\/schema\/logo\/image\/\",\"url\":\"https:\/\/epochtimestr.com\/wp-content\/uploads\/2011y\/ET-Logo-YG.jpg\",\"contentUrl\":\"https:\/\/epochtimestr.com\/wp-content\/uploads\/2011y\/ET-Logo-YG.jpg\",\"width\":346,\"height\":29,\"caption\":\"The EpochTimes T\u00fcrkiye\"},\"image\":{\"@id\":\"https:\/\/epochtimestr.com\/#\/schema\/logo\/image\/\"},\"sameAs\":[\"https:\/\/www.facebook.com\/theepochtimestr\",\"https:\/\/x.com\/TheEpochTimesTR\",\"https:\/\/www.instagram.com\/epochtimestr\"]},{\"@type\":\"Person\",\"@id\":\"https:\/\/epochtimestr.com\/#\/schema\/person\/3dc5c3adeb9f43923c5aa85889172fdd\",\"name\":\"Haber Merkezi\",\"image\":{\"@type\":\"ImageObject\",\"inLanguage\":\"tr\",\"@id\":\"https:\/\/epochtimestr.com\/#\/schema\/person\/image\/\",\"url\":\"https:\/\/secure.gravatar.com\/avatar\/d73f772ba5a74f28601361e17c2f93e6?s=96&d=mm&r=g\",\"contentUrl\":\"https:\/\/secure.gravatar.com\/avatar\/d73f772ba5a74f28601361e17c2f93e6?s=96&d=mm&r=g\",\"caption\":\"Haber Merkezi\"},\"url\":\"https:\/\/epochtimestr.com\/index.php\/author\/sendag\"}]}<\/script>\n<!-- \/ Yoast SEO plugin. -->","yoast_head_json":{"title":"T\u00fcrkiye Genelinde TurkNet Aboneleri Eri\u015fim Sorunu Ya\u015fad\u0131 - The Epoch Times TR","description":"T\u00fcrkiye'nin farkl\u0131 illerindeki TurkNet aboneleri, internet ba\u011flant\u0131s\u0131, mobil uygulama ve destek kanallar\u0131na eri\u015fim sorunu ya\u015fad\u0131.","robots":{"index":"index","follow":"follow","max-snippet":"max-snippet:-1","max-image-preview":"max-image-preview:large","max-video-preview":"max-video-preview:-1"},"canonical":"https:\/\/epochtimestr.com\/index.php\/turkiye-genelinde-turknet-aboneleri-erisim-sorunu-yasadi","og_locale":"tr_TR","og_type":"article","og_title":"T\u00fcrkiye Genelinde TurkNet Aboneleri Eri\u015fim Sorunu Ya\u015fad\u0131 - The Epoch Times TR","og_description":"T\u00fcrkiye'nin farkl\u0131 illerindeki TurkNet aboneleri, internet ba\u011flant\u0131s\u0131, mobil uygulama ve destek kanallar\u0131na eri\u015fim sorunu ya\u015fad\u0131.","og_url":"https:\/\/epochtimestr.com\/index.php\/turkiye-genelinde-turknet-aboneleri-erisim-sorunu-yasadi","og_site_name":"The Epoch Times TR","article_publisher":"https:\/\/www.facebook.com\/theepochtimestr","article_published_time":"2026-07-31T13:06:29+00:00","article_modified_time":"2026-07-31T13:06:30+00:00","og_image":[{"width":1280,"height":903,"url":"https:\/\/epochtimestr.com\/wp-content\/uploads\/2011y\/geralt-2.webp","type":"image\/webp"}],"author":"Haber Merkezi","twitter_card":"summary_large_image","twitter_creator":"@TheEpochTimesTR","twitter_site":"@TheEpochTimesTR","twitter_misc":{"Yazan:":"Haber Merkezi","Tahmini okuma s\u00fcresi":"2 dakika"},"schema":{"@context":"https:\/\/schema.org","@graph":[{"@type":"Article","@id":"https:\/\/epochtimestr.com\/index.php\/turkiye-genelinde-turknet-aboneleri-erisim-sorunu-yasadi#article","isPartOf":{"@id":"https:\/\/epochtimestr.com\/index.php\/turkiye-genelinde-turknet-aboneleri-erisim-sorunu-yasadi"},"author":{"name":"Haber Merkezi","@id":"https:\/\/epochtimestr.com\/#\/schema\/person\/3dc5c3adeb9f43923c5aa85889172fdd"},"headline":"T\u00fcrkiye Genelinde TurkNet Aboneleri Eri\u015fim Sorunu Ya\u015fad\u0131","datePublished":"2026-07-31T13:06:29+00:00","dateModified":"2026-07-31T13:06:30+00:00","mainEntityOfPage":{"@id":"https:\/\/epochtimestr.com\/index.php\/turkiye-genelinde-turknet-aboneleri-erisim-sorunu-yasadi"},"wordCount":205,"commentCount":0,"publisher":{"@id":"https:\/\/epochtimestr.com\/#organization"},"image":{"@id":"https:\/\/epochtimestr.com\/index.php\/turkiye-genelinde-turknet-aboneleri-erisim-sorunu-yasadi#primaryimage"},"thumbnailUrl":"https:\/\/epochtimestr.com\/wp-content\/uploads\/2011y\/geralt-2.webp","keywords":["eri\u015fim","internet","T\u00dcRKNET"],"articleSection":["G\u00dcNDEM","MAN\u015eET","Ya\u015fam"],"inLanguage":"tr","potentialAction":[{"@type":"CommentAction","name":"Comment","target":["https:\/\/epochtimestr.com\/index.php\/turkiye-genelinde-turknet-aboneleri-erisim-sorunu-yasadi#respond"]}]},{"@type":"WebPage","@id":"https:\/\/epochtimestr.com\/index.php\/turkiye-genelinde-turknet-aboneleri-erisim-sorunu-yasadi","url":"https:\/\/epochtimestr.com\/index.php\/turkiye-genelinde-turknet-aboneleri-erisim-sorunu-yasadi","name":"T\u00fcrkiye Genelinde TurkNet Aboneleri Eri\u015fim Sorunu Ya\u015fad\u0131 - The Epoch Times TR","isPartOf":{"@id":"https:\/\/epochtimestr.com\/#website"},"primaryImageOfPage":{"@id":"https:\/\/epochtimestr.com\/index.php\/turkiye-genelinde-turknet-aboneleri-erisim-sorunu-yasadi#primaryimage"},"image":{"@id":"https:\/\/epochtimestr.com\/index.php\/turkiye-genelinde-turknet-aboneleri-erisim-sorunu-yasadi#primaryimage"},"thumbnailUrl":"https:\/\/epochtimestr.com\/wp-content\/uploads\/2011y\/geralt-2.webp","datePublished":"2026-07-31T13:06:29+00:00","dateModified":"2026-07-31T13:06:30+00:00","description":"T\u00fcrkiye'nin farkl\u0131 illerindeki TurkNet aboneleri, internet ba\u011flant\u0131s\u0131, mobil uygulama ve destek kanallar\u0131na eri\u015fim sorunu ya\u015fad\u0131.","inLanguage":"tr","potentialAction":[{"@type":"ReadAction","target":["https:\/\/epochtimestr.com\/index.php\/turkiye-genelinde-turknet-aboneleri-erisim-sorunu-yasadi"]}]},{"@type":"ImageObject","inLanguage":"tr","@id":"https:\/\/epochtimestr.com\/index.php\/turkiye-genelinde-turknet-aboneleri-erisim-sorunu-yasadi#primaryimage","url":"https:\/\/epochtimestr.com\/wp-content\/uploads\/2011y\/geralt-2.webp","contentUrl":"https:\/\/epochtimestr.com\/wp-content\/uploads\/2011y\/geralt-2.webp","width":1280,"height":903},{"@type":"WebSite","@id":"https:\/\/epochtimestr.com\/#website","url":"https:\/\/epochtimestr.com\/","name":"The Epoch Times TR","description":"De\u011fi\u015fen D\u00fcnyam\u0131za Taze Bir Bak\u0131\u015f","publisher":{"@id":"https:\/\/epochtimestr.com\/#organization"},"potentialAction":[{"@type":"SearchAction","target":{"@type":"EntryPoint","urlTemplate":"https:\/\/epochtimestr.com\/?s={search_term_string}"},"query-input":"required name=search_term_string"}],"inLanguage":"tr"},{"@type":"Organization","@id":"https:\/\/epochtimestr.com\/#organization","name":"The EpochTimes T\u00fcrkiye","url":"https:\/\/epochtimestr.com\/","logo":{"@type":"ImageObject","inLanguage":"tr","@id":"https:\/\/epochtimestr.com\/#\/schema\/logo\/image\/","url":"https:\/\/epochtimestr.com\/wp-content\/uploads\/2011y\/ET-Logo-YG.jpg","contentUrl":"https:\/\/epochtimestr.com\/wp-content\/uploads\/2011y\/ET-Logo-YG.jpg","width":346,"height":29,"caption":"The EpochTimes T\u00fcrkiye"},"image":{"@id":"https:\/\/epochtimestr.com\/#\/schema\/logo\/image\/"},"sameAs":["https:\/\/www.facebook.com\/theepochtimestr","https:\/\/x.com\/TheEpochTimesTR","https:\/\/www.instagram.com\/epochtimestr"]},{"@type":"Person","@id":"https:\/\/epochtimestr.com\/#\/schema\/person\/3dc5c3adeb9f43923c5aa85889172fdd","name":"Haber Merkezi","image":{"@type":"ImageObject","inLanguage":"tr","@id":"https:\/\/epochtimestr.com\/#\/schema\/person\/image\/","url":"https:\/\/secure.gravatar.com\/avatar\/d73f772ba5a74f28601361e17c2f93e6?s=96&d=mm&r=g","contentUrl":"https:\/\/secure.gravatar.com\/avatar\/d73f772ba5a74f28601361e17c2f93e6?s=96&d=mm&r=g","caption":"Haber Merkezi"},"url":"https:\/\/epochtimestr.com\/index.php\/author\/sendag"}]}},"_links":{"self":[{"href":"https:\/\/epochtimestr.com\/index.php\/wp-json\/wp\/v2\/posts\/169537"}],"collection":[{"href":"https:\/\/epochtimestr.com\/index.php\/wp-json\/wp\/v2\/posts"}],"about":[{"href":"https:\/\/epochtimestr.com\/index.php\/wp-json\/wp\/v2\/types\/post"}],"author":[{"embeddable":true,"href":"https:\/\/epochtimestr.com\/index.php\/wp-json\/wp\/v2\/users\/12791"}],"replies":[{"embeddable":true,"href":"https:\/\/epochtimestr.com\/index.php\/wp-json\/wp\/v2\/comments?post=169537"}],"version-history":[{"count":2,"href":"https:\/\/epochtimestr.com\/index.php\/wp-json\/wp\/v2\/posts\/169537\/revisions"}],"predecessor-version":[{"id":169556,"href":"https:\/\/epochtimestr.com\/index.php\/wp-json\/wp\/v2\/posts\/169537\/revisions\/169556"}],"wp:featuredmedia":[{"embeddable":true,"href":"https:\/\/epochtimestr.com\/index.php\/wp-json\/wp\/v2\/media\/169538"}],"wp:attachment":[{"href":"https:\/\/epochtimestr.com\/index.php\/wp-json\/wp\/v2\/media?parent=169537"}],"wp:term":[{"taxonomy":"category","embeddable":true,"href":"https:\/\/epochtimestr.com\/index.php\/wp-json\/wp\/v2\/categories?post=169537"},{"taxonomy":"post_tag","embeddable":true,"href":"https:\/\/epochtimestr.com\/index.php\/wp-json\/wp\/v2\/tags?post=169537"}],"curies":[{"name":"wp","href":"https:\/\/api.w.org\/{rel}","templated":true}]}}