{"id":169601,"date":"2026-08-01T15:10:58","date_gmt":"2026-08-01T12:10:58","guid":{"rendered":"https:\/\/epochtimestr.com\/?p=169601"},"modified":"2026-08-01T15:11:00","modified_gmt":"2026-08-01T12:11:00","slug":"sinem-dedetas-karatepe-kadin-kapali-cezaevine-sevk-edildi","status":"publish","type":"post","link":"https:\/\/epochtimestr.com\/index.php\/sinem-dedetas-karatepe-kadin-kapali-cezaevine-sevk-edildi","title":{"rendered":"Sinem Dedeta\u015f Karatepe Kad\u0131n Kapal\u0131 Cezaevine Sevk Edildi"},"content":{"rendered":"<div class=\"wp-block-image\">\n<figure class=\"aligncenter size-full\"><img loading=\"lazy\" decoding=\"async\" width=\"1920\" height=\"1080\" src=\"https:\/\/epochtimestr.com\/wp-content\/uploads\/2011y\/sinem-dedetas.jpg\" alt=\"\u00dcsk\u00fcdar Belediye Ba\u015fkan\u0131 Sinem Dedeta\u015f tutuklanarak Karatepe Kad\u0131n Kapal\u0131 Cezaevine sevk edildi. (Foto\u011fraf: \u00dcsk\u00fcdar Belediyesi web sitesi)\" class=\"wp-image-169602\" srcset=\"https:\/\/epochtimestr.com\/wp-content\/uploads\/2011y\/sinem-dedetas.jpg 1920w, https:\/\/epochtimestr.com\/wp-content\/uploads\/2011y\/sinem-dedetas-300x169.jpg 300w, https:\/\/epochtimestr.com\/wp-content\/uploads\/2011y\/sinem-dedetas-150x84.jpg 150w, https:\/\/epochtimestr.com\/wp-content\/uploads\/2011y\/sinem-dedetas-768x432.jpg 768w, https:\/\/epochtimestr.com\/wp-content\/uploads\/2011y\/sinem-dedetas-1536x864.jpg 1536w\" sizes=\"(max-width: 1920px) 100vw, 1920px\" \/><figcaption class=\"wp-element-caption\">\u00dcsk\u00fcdar Belediye Ba\u015fkan\u0131 Sinem Dedeta\u015f tutuklanarak Karatepe Kad\u0131n Kapal\u0131 Cezaevine sevk edildi. (Foto\u011fraf: \u00dcsk\u00fcdar Belediyesi web sitesi)<\/figcaption><\/figure><\/div>\n\n\n<h2 class=\"wp-block-heading\">\u00dcsk\u00fcdar Belediyesi&#8217;ne y\u00f6nelik ba\u015flat\u0131lan soru\u015fturma kapsam\u0131nda tutuklanan se\u00e7ilmi\u015f Belediye Ba\u015fkan\u0131 Sinem Dedeta\u015f, Tekirda\u011f Karatepe Kad\u0131n Kapal\u0131 Cezaevine sevk edildi.<\/h2>\n\n\n\n<p>\u00dcsk\u00fcdar Belediyesine y\u00f6nelik ba\u015flat\u0131lan soru\u015fturma kapsam\u0131nda tutuklanan se\u00e7ilmi\u015f Belediye Ba\u015fkan\u0131 <a href=\"https:\/\/epochtimestr.com\/index.php\/uskudar-belediye-baskani-sinem-dedetas-gozaltina-alindi\" target=\"_blank\" rel=\"noreferrer noopener\">Sinem Dedeta\u015f<\/a>, Tekirda\u011f Karatepe Kad\u0131n <a href=\"https:\/\/epochtimestr.com\/index.php\/huseyin-capkin-cezaevinden-tahliye-edildi\" target=\"_blank\" rel=\"noreferrer noopener\">Kapal\u0131 Cezaevi<\/a>\u2019ne sevk edildi. Belediyeye y\u00f6nelik y\u00fcr\u00fct\u00fclen soru\u015fturma kapsam\u0131nda adliyeye sevk edilen Belediye Ba\u015fkan\u0131 Dedeta\u015f ile Alihan Ko\u00e7o\u011flu, Bur\u00e7in \u00c7evik ve B\u00fclent Orhan Tozkoparan hakk\u0131nda tutuklama karar\u0131 verildi. Belediye Ba\u015fkan Yard\u0131mc\u0131s\u0131 Ceyhun \u00dcnl\u00fc ile Adem Alt\u0131nta\u015f ise adli kontrol \u015fart\u0131yla serbest b\u0131rak\u0131ld\u0131.<\/p>\n\n\n\n<p>\u00d6nce Silivri Cezaevi&#8217;ne g\u00f6t\u00fcr\u00fclece\u011fi a\u00e7\u0131klanan Dedeta\u015f&#8217;\u0131n avukatlar\u0131na, yola \u00e7\u0131k\u0131ld\u0131ktan sonra Bak\u0131rk\u00f6y&#8217;e sevk edilece\u011fi iletildi. Bu sabah m\u00fcvekkiliyle g\u00f6r\u00fc\u015fmek isteyen avukatlar Bak\u0131rk\u00f6y\u2019e gittiklerinde Sinem Dedeta\u015f\u2019\u0131n buraya getirilmedi\u011fini \u00f6\u011frendi. Dedeta\u015f\u2019\u0131n Tekirda\u011f Karatepe Cezaevi&#8217;ne sevk edildi\u011finin e\u015fine k\u0131sa s\u00fcre \u00f6nce iletildi\u011fi ortaya \u00e7\u0131kt\u0131.<\/p>\n\n\n\n<p>\u00d6te yandan S\u00f6zc\u00fc TV muhabiri Nedim Bayhan\u2019\u0131n aktard\u0131\u011f\u0131na g\u00f6re, Sinem Dedeta\u015f\u2019\u0131n tutuklanmas\u0131n\u0131n ard\u0131ndan kendisinin Silivri Cezaevi\u2019ne sevk edilmesi bekleniyordu. Bunun i\u00e7in yola \u00e7\u0131k\u0131ld\u0131 ancak rota de\u011fi\u015ftirildi ve avukatlar\u0131na Dedeta\u015f\u2019\u0131n Bak\u0131rk\u00f6y Kad\u0131n Kapal\u0131 Cezaevi\u2019ne g\u00f6nderilece\u011fi s\u00f6ylendi.<br \/>Bu sabah ise m\u00fcvekkiliyle g\u00f6r\u00fc\u015fmek isteyen avukatlar Bak\u0131rk\u00f6y\u2019e gittiklerinde Sinem Dedeta\u015f\u2019\u0131n buraya getirilmedi\u011fini \u00f6\u011frendi.<\/p>\n\n\n\n<p>Avukatlara, Sinem Dedeta\u015f\u2019\u0131n Tekirda\u011f Karatepe Kad\u0131n Kapal\u0131 Cezaevi\u2019ne sevk edildi\u011fi s\u00f6ylenirken bu bilginin sadece Dedeta\u015f\u2019\u0131n e\u015fine k\u0131sa s\u00fcre \u00f6nce iletildi\u011fi ortaya \u00e7\u0131kt\u0131.<\/p>\n","protected":false},"excerpt":{"rendered":"<p>\u00dcsk\u00fcdar Belediyesi&#8217;ne y\u00f6nelik ba\u015flat\u0131lan soru\u015fturma kapsam\u0131nda tutuklanan se\u00e7ilmi\u015f Belediye Ba\u015fkan\u0131 Sinem Dedeta\u015f, Tekirda\u011f Karatepe Kad\u0131n Kapal\u0131 Cezaevine sevk edildi. \u00dcsk\u00fcdar Belediyesine y\u00f6nelik ba\u015flat\u0131lan soru\u015fturma kapsam\u0131nda tutuklanan se\u00e7ilmi\u015f Belediye Ba\u015fkan\u0131 Sinem Dedeta\u015f, Tekirda\u011f Karatepe Kad\u0131n Kapal\u0131 Cezaevi\u2019ne sevk edildi. Belediyeye y\u00f6nelik y\u00fcr\u00fct\u00fclen soru\u015fturma kapsam\u0131nda adliyeye sevk edilen Belediye Ba\u015fkan\u0131 Dedeta\u015f ile Alihan Ko\u00e7o\u011flu, Bur\u00e7in \u00c7evik ve [&hellip;]<\/p>\n","protected":false},"author":12791,"featured_media":169602,"comment_status":"open","ping_status":"open","sticky":false,"template":"","format":"standard","meta":{"_yoast_wpseo_focuskw":"Sinem Dedeta\u015f","_yoast_wpseo_title":"","_yoast_wpseo_metadesc":"\u00dcsk\u00fcdar Belediyesi'ne y\u00f6nelik ba\u015flat\u0131lan soru\u015fturma kapsam\u0131nda tutuklanan Sinem Dedeta\u015f, Karatepe Kad\u0131n Kapal\u0131 Cezaevi\u2019ne sevk edildi.","_bbp_topic_count":0,"_bbp_reply_count":0,"_bbp_total_topic_count":0,"_bbp_total_reply_count":0,"_bbp_voice_count":0,"_bbp_anonymous_reply_count":0,"_bbp_topic_count_hidden":0,"_bbp_reply_count_hidden":0,"_bbp_forum_subforum_count":0,"footnotes":"","_yoast_wpseo_focuskw_text_input":""},"categories":[1,8138,8226],"tags":[12006,11958,3370,11959],"yoast_head":"<!-- This site is optimized with the Yoast SEO plugin v23.0 - https:\/\/yoast.com\/wordpress\/plugins\/seo\/ -->\n<title>Sinem Dedeta\u015f Karatepe Kad\u0131n Kapal\u0131 Cezaevine Sevk Edildi - The Epoch Times TR<\/title>\n<meta name=\"description\" content=\"\u00dcsk\u00fcdar Belediyesi&#039;ne y\u00f6nelik ba\u015flat\u0131lan soru\u015fturma kapsam\u0131nda tutuklanan Sinem Dedeta\u015f, Karatepe Kad\u0131n Kapal\u0131 Cezaevi\u2019ne sevk edildi.\" \/>\n<meta name=\"robots\" content=\"index, follow, max-snippet:-1, max-image-preview:large, max-video-preview:-1\" \/>\n<link rel=\"canonical\" href=\"https:\/\/epochtimestr.com\/index.php\/sinem-dedetas-karatepe-kadin-kapali-cezaevine-sevk-edildi\" \/>\n<meta property=\"og:locale\" content=\"tr_TR\" \/>\n<meta property=\"og:type\" content=\"article\" \/>\n<meta property=\"og:title\" content=\"Sinem Dedeta\u015f Karatepe Kad\u0131n Kapal\u0131 Cezaevine Sevk Edildi - The Epoch Times TR\" \/>\n<meta property=\"og:description\" content=\"\u00dcsk\u00fcdar Belediyesi&#039;ne y\u00f6nelik ba\u015flat\u0131lan soru\u015fturma kapsam\u0131nda tutuklanan Sinem Dedeta\u015f, Karatepe Kad\u0131n Kapal\u0131 Cezaevi\u2019ne sevk edildi.\" \/>\n<meta property=\"og:url\" content=\"https:\/\/epochtimestr.com\/index.php\/sinem-dedetas-karatepe-kadin-kapali-cezaevine-sevk-edildi\" \/>\n<meta property=\"og:site_name\" content=\"The Epoch Times TR\" \/>\n<meta property=\"article:publisher\" content=\"https:\/\/www.facebook.com\/theepochtimestr\" \/>\n<meta property=\"article:published_time\" content=\"2026-08-01T12:10:58+00:00\" \/>\n<meta property=\"article:modified_time\" content=\"2026-08-01T12:11:00+00:00\" \/>\n<meta property=\"og:image\" content=\"https:\/\/epochtimestr.com\/wp-content\/uploads\/2011y\/sinem-dedetas.jpg\" \/>\n\t<meta property=\"og:image:width\" content=\"1920\" \/>\n\t<meta property=\"og:image:height\" content=\"1080\" \/>\n\t<meta property=\"og:image:type\" content=\"image\/jpeg\" \/>\n<meta name=\"author\" content=\"Haber Merkezi\" \/>\n<meta name=\"twitter:card\" content=\"summary_large_image\" \/>\n<meta name=\"twitter:creator\" content=\"@TheEpochTimesTR\" \/>\n<meta name=\"twitter:site\" content=\"@TheEpochTimesTR\" \/>\n<meta name=\"twitter:label1\" content=\"Yazan:\" \/>\n\t<meta name=\"twitter:data1\" content=\"Haber Merkezi\" \/>\n\t<meta name=\"twitter:label2\" content=\"Tahmini okuma s\u00fcresi\" \/>\n\t<meta name=\"twitter:data2\" content=\"2 dakika\" \/>\n<script type=\"application\/ld+json\" class=\"yoast-schema-graph\">{\"@context\":\"https:\/\/schema.org\",\"@graph\":[{\"@type\":\"Article\",\"@id\":\"https:\/\/epochtimestr.com\/index.php\/sinem-dedetas-karatepe-kadin-kapali-cezaevine-sevk-edildi#article\",\"isPartOf\":{\"@id\":\"https:\/\/epochtimestr.com\/index.php\/sinem-dedetas-karatepe-kadin-kapali-cezaevine-sevk-edildi\"},\"author\":{\"name\":\"Haber Merkezi\",\"@id\":\"https:\/\/epochtimestr.com\/#\/schema\/person\/3dc5c3adeb9f43923c5aa85889172fdd\"},\"headline\":\"Sinem Dedeta\u015f Karatepe Kad\u0131n Kapal\u0131 Cezaevine Sevk Edildi\",\"datePublished\":\"2026-08-01T12:10:58+00:00\",\"dateModified\":\"2026-08-01T12:11:00+00:00\",\"mainEntityOfPage\":{\"@id\":\"https:\/\/epochtimestr.com\/index.php\/sinem-dedetas-karatepe-kadin-kapali-cezaevine-sevk-edildi\"},\"wordCount\":323,\"commentCount\":0,\"publisher\":{\"@id\":\"https:\/\/epochtimestr.com\/#organization\"},\"image\":{\"@id\":\"https:\/\/epochtimestr.com\/index.php\/sinem-dedetas-karatepe-kadin-kapali-cezaevine-sevk-edildi#primaryimage\"},\"thumbnailUrl\":\"https:\/\/epochtimestr.com\/wp-content\/uploads\/2011y\/sinem-dedetas.jpg\",\"keywords\":[\"Kapal\u0131 Cezaevi\",\"Sinem Dedeta\u015f\",\"Tekirda\u011f\",\"\u00dcsk\u00fcdar Belediyesi\"],\"articleSection\":[\"G\u00dcNDEM\",\"MAN\u015eET\",\"Siyaset\"],\"inLanguage\":\"tr\",\"potentialAction\":[{\"@type\":\"CommentAction\",\"name\":\"Comment\",\"target\":[\"https:\/\/epochtimestr.com\/index.php\/sinem-dedetas-karatepe-kadin-kapali-cezaevine-sevk-edildi#respond\"]}]},{\"@type\":\"WebPage\",\"@id\":\"https:\/\/epochtimestr.com\/index.php\/sinem-dedetas-karatepe-kadin-kapali-cezaevine-sevk-edildi\",\"url\":\"https:\/\/epochtimestr.com\/index.php\/sinem-dedetas-karatepe-kadin-kapali-cezaevine-sevk-edildi\",\"name\":\"Sinem Dedeta\u015f Karatepe Kad\u0131n Kapal\u0131 Cezaevine Sevk Edildi - The Epoch Times TR\",\"isPartOf\":{\"@id\":\"https:\/\/epochtimestr.com\/#website\"},\"primaryImageOfPage\":{\"@id\":\"https:\/\/epochtimestr.com\/index.php\/sinem-dedetas-karatepe-kadin-kapali-cezaevine-sevk-edildi#primaryimage\"},\"image\":{\"@id\":\"https:\/\/epochtimestr.com\/index.php\/sinem-dedetas-karatepe-kadin-kapali-cezaevine-sevk-edildi#primaryimage\"},\"thumbnailUrl\":\"https:\/\/epochtimestr.com\/wp-content\/uploads\/2011y\/sinem-dedetas.jpg\",\"datePublished\":\"2026-08-01T12:10:58+00:00\",\"dateModified\":\"2026-08-01T12:11:00+00:00\",\"description\":\"\u00dcsk\u00fcdar Belediyesi'ne y\u00f6nelik ba\u015flat\u0131lan soru\u015fturma kapsam\u0131nda tutuklanan Sinem Dedeta\u015f, Karatepe Kad\u0131n Kapal\u0131 Cezaevi\u2019ne sevk edildi.\",\"inLanguage\":\"tr\",\"potentialAction\":[{\"@type\":\"ReadAction\",\"target\":[\"https:\/\/epochtimestr.com\/index.php\/sinem-dedetas-karatepe-kadin-kapali-cezaevine-sevk-edildi\"]}]},{\"@type\":\"ImageObject\",\"inLanguage\":\"tr\",\"@id\":\"https:\/\/epochtimestr.com\/index.php\/sinem-dedetas-karatepe-kadin-kapali-cezaevine-sevk-edildi#primaryimage\",\"url\":\"https:\/\/epochtimestr.com\/wp-content\/uploads\/2011y\/sinem-dedetas.jpg\",\"contentUrl\":\"https:\/\/epochtimestr.com\/wp-content\/uploads\/2011y\/sinem-dedetas.jpg\",\"width\":1920,\"height\":1080},{\"@type\":\"WebSite\",\"@id\":\"https:\/\/epochtimestr.com\/#website\",\"url\":\"https:\/\/epochtimestr.com\/\",\"name\":\"The Epoch Times TR\",\"description\":\"De\u011fi\u015fen D\u00fcnyam\u0131za Taze Bir Bak\u0131\u015f\",\"publisher\":{\"@id\":\"https:\/\/epochtimestr.com\/#organization\"},\"potentialAction\":[{\"@type\":\"SearchAction\",\"target\":{\"@type\":\"EntryPoint\",\"urlTemplate\":\"https:\/\/epochtimestr.com\/?s={search_term_string}\"},\"query-input\":\"required name=search_term_string\"}],\"inLanguage\":\"tr\"},{\"@type\":\"Organization\",\"@id\":\"https:\/\/epochtimestr.com\/#organization\",\"name\":\"The EpochTimes T\u00fcrkiye\",\"url\":\"https:\/\/epochtimestr.com\/\",\"logo\":{\"@type\":\"ImageObject\",\"inLanguage\":\"tr\",\"@id\":\"https:\/\/epochtimestr.com\/#\/schema\/logo\/image\/\",\"url\":\"https:\/\/epochtimestr.com\/wp-content\/uploads\/2011y\/ET-Logo-YG.jpg\",\"contentUrl\":\"https:\/\/epochtimestr.com\/wp-content\/uploads\/2011y\/ET-Logo-YG.jpg\",\"width\":346,\"height\":29,\"caption\":\"The EpochTimes T\u00fcrkiye\"},\"image\":{\"@id\":\"https:\/\/epochtimestr.com\/#\/schema\/logo\/image\/\"},\"sameAs\":[\"https:\/\/www.facebook.com\/theepochtimestr\",\"https:\/\/x.com\/TheEpochTimesTR\",\"https:\/\/www.instagram.com\/epochtimestr\"]},{\"@type\":\"Person\",\"@id\":\"https:\/\/epochtimestr.com\/#\/schema\/person\/3dc5c3adeb9f43923c5aa85889172fdd\",\"name\":\"Haber Merkezi\",\"image\":{\"@type\":\"ImageObject\",\"inLanguage\":\"tr\",\"@id\":\"https:\/\/epochtimestr.com\/#\/schema\/person\/image\/\",\"url\":\"https:\/\/secure.gravatar.com\/avatar\/d73f772ba5a74f28601361e17c2f93e6?s=96&d=mm&r=g\",\"contentUrl\":\"https:\/\/secure.gravatar.com\/avatar\/d73f772ba5a74f28601361e17c2f93e6?s=96&d=mm&r=g\",\"caption\":\"Haber Merkezi\"},\"url\":\"https:\/\/epochtimestr.com\/index.php\/author\/sendag\"}]}<\/script>\n<!-- \/ Yoast SEO plugin. -->","yoast_head_json":{"title":"Sinem Dedeta\u015f Karatepe Kad\u0131n Kapal\u0131 Cezaevine Sevk Edildi - The Epoch Times TR","description":"\u00dcsk\u00fcdar Belediyesi'ne y\u00f6nelik ba\u015flat\u0131lan soru\u015fturma kapsam\u0131nda tutuklanan Sinem Dedeta\u015f, Karatepe Kad\u0131n Kapal\u0131 Cezaevi\u2019ne sevk edildi.","robots":{"index":"index","follow":"follow","max-snippet":"max-snippet:-1","max-image-preview":"max-image-preview:large","max-video-preview":"max-video-preview:-1"},"canonical":"https:\/\/epochtimestr.com\/index.php\/sinem-dedetas-karatepe-kadin-kapali-cezaevine-sevk-edildi","og_locale":"tr_TR","og_type":"article","og_title":"Sinem Dedeta\u015f Karatepe Kad\u0131n Kapal\u0131 Cezaevine Sevk Edildi - The Epoch Times TR","og_description":"\u00dcsk\u00fcdar Belediyesi'ne y\u00f6nelik ba\u015flat\u0131lan soru\u015fturma kapsam\u0131nda tutuklanan Sinem Dedeta\u015f, Karatepe Kad\u0131n Kapal\u0131 Cezaevi\u2019ne sevk edildi.","og_url":"https:\/\/epochtimestr.com\/index.php\/sinem-dedetas-karatepe-kadin-kapali-cezaevine-sevk-edildi","og_site_name":"The Epoch Times TR","article_publisher":"https:\/\/www.facebook.com\/theepochtimestr","article_published_time":"2026-08-01T12:10:58+00:00","article_modified_time":"2026-08-01T12:11:00+00:00","og_image":[{"width":1920,"height":1080,"url":"https:\/\/epochtimestr.com\/wp-content\/uploads\/2011y\/sinem-dedetas.jpg","type":"image\/jpeg"}],"author":"Haber Merkezi","twitter_card":"summary_large_image","twitter_creator":"@TheEpochTimesTR","twitter_site":"@TheEpochTimesTR","twitter_misc":{"Yazan:":"Haber Merkezi","Tahmini okuma s\u00fcresi":"2 dakika"},"schema":{"@context":"https:\/\/schema.org","@graph":[{"@type":"Article","@id":"https:\/\/epochtimestr.com\/index.php\/sinem-dedetas-karatepe-kadin-kapali-cezaevine-sevk-edildi#article","isPartOf":{"@id":"https:\/\/epochtimestr.com\/index.php\/sinem-dedetas-karatepe-kadin-kapali-cezaevine-sevk-edildi"},"author":{"name":"Haber Merkezi","@id":"https:\/\/epochtimestr.com\/#\/schema\/person\/3dc5c3adeb9f43923c5aa85889172fdd"},"headline":"Sinem Dedeta\u015f Karatepe Kad\u0131n Kapal\u0131 Cezaevine Sevk Edildi","datePublished":"2026-08-01T12:10:58+00:00","dateModified":"2026-08-01T12:11:00+00:00","mainEntityOfPage":{"@id":"https:\/\/epochtimestr.com\/index.php\/sinem-dedetas-karatepe-kadin-kapali-cezaevine-sevk-edildi"},"wordCount":323,"commentCount":0,"publisher":{"@id":"https:\/\/epochtimestr.com\/#organization"},"image":{"@id":"https:\/\/epochtimestr.com\/index.php\/sinem-dedetas-karatepe-kadin-kapali-cezaevine-sevk-edildi#primaryimage"},"thumbnailUrl":"https:\/\/epochtimestr.com\/wp-content\/uploads\/2011y\/sinem-dedetas.jpg","keywords":["Kapal\u0131 Cezaevi","Sinem Dedeta\u015f","Tekirda\u011f","\u00dcsk\u00fcdar Belediyesi"],"articleSection":["G\u00dcNDEM","MAN\u015eET","Siyaset"],"inLanguage":"tr","potentialAction":[{"@type":"CommentAction","name":"Comment","target":["https:\/\/epochtimestr.com\/index.php\/sinem-dedetas-karatepe-kadin-kapali-cezaevine-sevk-edildi#respond"]}]},{"@type":"WebPage","@id":"https:\/\/epochtimestr.com\/index.php\/sinem-dedetas-karatepe-kadin-kapali-cezaevine-sevk-edildi","url":"https:\/\/epochtimestr.com\/index.php\/sinem-dedetas-karatepe-kadin-kapali-cezaevine-sevk-edildi","name":"Sinem Dedeta\u015f Karatepe Kad\u0131n Kapal\u0131 Cezaevine Sevk Edildi - The Epoch Times TR","isPartOf":{"@id":"https:\/\/epochtimestr.com\/#website"},"primaryImageOfPage":{"@id":"https:\/\/epochtimestr.com\/index.php\/sinem-dedetas-karatepe-kadin-kapali-cezaevine-sevk-edildi#primaryimage"},"image":{"@id":"https:\/\/epochtimestr.com\/index.php\/sinem-dedetas-karatepe-kadin-kapali-cezaevine-sevk-edildi#primaryimage"},"thumbnailUrl":"https:\/\/epochtimestr.com\/wp-content\/uploads\/2011y\/sinem-dedetas.jpg","datePublished":"2026-08-01T12:10:58+00:00","dateModified":"2026-08-01T12:11:00+00:00","description":"\u00dcsk\u00fcdar Belediyesi'ne y\u00f6nelik ba\u015flat\u0131lan soru\u015fturma kapsam\u0131nda tutuklanan Sinem Dedeta\u015f, Karatepe Kad\u0131n Kapal\u0131 Cezaevi\u2019ne sevk edildi.","inLanguage":"tr","potentialAction":[{"@type":"ReadAction","target":["https:\/\/epochtimestr.com\/index.php\/sinem-dedetas-karatepe-kadin-kapali-cezaevine-sevk-edildi"]}]},{"@type":"ImageObject","inLanguage":"tr","@id":"https:\/\/epochtimestr.com\/index.php\/sinem-dedetas-karatepe-kadin-kapali-cezaevine-sevk-edildi#primaryimage","url":"https:\/\/epochtimestr.com\/wp-content\/uploads\/2011y\/sinem-dedetas.jpg","contentUrl":"https:\/\/epochtimestr.com\/wp-content\/uploads\/2011y\/sinem-dedetas.jpg","width":1920,"height":1080},{"@type":"WebSite","@id":"https:\/\/epochtimestr.com\/#website","url":"https:\/\/epochtimestr.com\/","name":"The Epoch Times TR","description":"De\u011fi\u015fen D\u00fcnyam\u0131za Taze Bir Bak\u0131\u015f","publisher":{"@id":"https:\/\/epochtimestr.com\/#organization"},"potentialAction":[{"@type":"SearchAction","target":{"@type":"EntryPoint","urlTemplate":"https:\/\/epochtimestr.com\/?s={search_term_string}"},"query-input":"required name=search_term_string"}],"inLanguage":"tr"},{"@type":"Organization","@id":"https:\/\/epochtimestr.com\/#organization","name":"The EpochTimes T\u00fcrkiye","url":"https:\/\/epochtimestr.com\/","logo":{"@type":"ImageObject","inLanguage":"tr","@id":"https:\/\/epochtimestr.com\/#\/schema\/logo\/image\/","url":"https:\/\/epochtimestr.com\/wp-content\/uploads\/2011y\/ET-Logo-YG.jpg","contentUrl":"https:\/\/epochtimestr.com\/wp-content\/uploads\/2011y\/ET-Logo-YG.jpg","width":346,"height":29,"caption":"The EpochTimes T\u00fcrkiye"},"image":{"@id":"https:\/\/epochtimestr.com\/#\/schema\/logo\/image\/"},"sameAs":["https:\/\/www.facebook.com\/theepochtimestr","https:\/\/x.com\/TheEpochTimesTR","https:\/\/www.instagram.com\/epochtimestr"]},{"@type":"Person","@id":"https:\/\/epochtimestr.com\/#\/schema\/person\/3dc5c3adeb9f43923c5aa85889172fdd","name":"Haber Merkezi","image":{"@type":"ImageObject","inLanguage":"tr","@id":"https:\/\/epochtimestr.com\/#\/schema\/person\/image\/","url":"https:\/\/secure.gravatar.com\/avatar\/d73f772ba5a74f28601361e17c2f93e6?s=96&d=mm&r=g","contentUrl":"https:\/\/secure.gravatar.com\/avatar\/d73f772ba5a74f28601361e17c2f93e6?s=96&d=mm&r=g","caption":"Haber Merkezi"},"url":"https:\/\/epochtimestr.com\/index.php\/author\/sendag"}]}},"_links":{"self":[{"href":"https:\/\/epochtimestr.com\/index.php\/wp-json\/wp\/v2\/posts\/169601"}],"collection":[{"href":"https:\/\/epochtimestr.com\/index.php\/wp-json\/wp\/v2\/posts"}],"about":[{"href":"https:\/\/epochtimestr.com\/index.php\/wp-json\/wp\/v2\/types\/post"}],"author":[{"embeddable":true,"href":"https:\/\/epochtimestr.com\/index.php\/wp-json\/wp\/v2\/users\/12791"}],"replies":[{"embeddable":true,"href":"https:\/\/epochtimestr.com\/index.php\/wp-json\/wp\/v2\/comments?post=169601"}],"version-history":[{"count":2,"href":"https:\/\/epochtimestr.com\/index.php\/wp-json\/wp\/v2\/posts\/169601\/revisions"}],"predecessor-version":[{"id":169619,"href":"https:\/\/epochtimestr.com\/index.php\/wp-json\/wp\/v2\/posts\/169601\/revisions\/169619"}],"wp:featuredmedia":[{"embeddable":true,"href":"https:\/\/epochtimestr.com\/index.php\/wp-json\/wp\/v2\/media\/169602"}],"wp:attachment":[{"href":"https:\/\/epochtimestr.com\/index.php\/wp-json\/wp\/v2\/media?parent=169601"}],"wp:term":[{"taxonomy":"category","embeddable":true,"href":"https:\/\/epochtimestr.com\/index.php\/wp-json\/wp\/v2\/categories?post=169601"},{"taxonomy":"post_tag","embeddable":true,"href":"https:\/\/epochtimestr.com\/index.php\/wp-json\/wp\/v2\/tags?post=169601"}],"curies":[{"name":"wp","href":"https:\/\/api.w.org\/{rel}","templated":true}]}}