{"id":169606,"date":"2026-08-01T15:17:56","date_gmt":"2026-08-01T12:17:56","guid":{"rendered":"https:\/\/epochtimestr.com\/?p=169606"},"modified":"2026-08-01T15:17:58","modified_gmt":"2026-08-01T12:17:58","slug":"gazeteci-ve-televizyon-programcisi-cem-kucuk-tutuklandi","status":"publish","type":"post","link":"https:\/\/epochtimestr.com\/index.php\/gazeteci-ve-televizyon-programcisi-cem-kucuk-tutuklandi","title":{"rendered":"Gazeteci ve Televizyon Programc\u0131s\u0131 Cem K\u00fc\u00e7\u00fck Tutukland\u0131"},"content":{"rendered":"<div class=\"wp-block-image\">\n<figure class=\"aligncenter size-full\"><img loading=\"lazy\" decoding=\"async\" width=\"972\" height=\"648\" src=\"https:\/\/epochtimestr.com\/wp-content\/uploads\/2011y\/cem-kucuk-tgrt.webp\" alt=\"Gazeteci ve televizyon programc\u0131s\u0131 Cem K\u00fc\u00e7\u00fck tutukland\u0131. (Foto\u011fraf: TGRT)\" class=\"wp-image-169607\" srcset=\"https:\/\/epochtimestr.com\/wp-content\/uploads\/2011y\/cem-kucuk-tgrt.webp 972w, https:\/\/epochtimestr.com\/wp-content\/uploads\/2011y\/cem-kucuk-tgrt-300x200.webp 300w, https:\/\/epochtimestr.com\/wp-content\/uploads\/2011y\/cem-kucuk-tgrt-150x100.webp 150w, https:\/\/epochtimestr.com\/wp-content\/uploads\/2011y\/cem-kucuk-tgrt-768x512.webp 768w\" sizes=\"(max-width: 972px) 100vw, 972px\" \/><figcaption class=\"wp-element-caption\">Gazeteci ve televizyon programc\u0131s\u0131 Cem K\u00fc\u00e7\u00fck tutukland\u0131. (Foto\u011fraf: TGRT)<\/figcaption><\/figure><\/div>\n\n\n<h2 class=\"wp-block-heading\">\u0130stanbul Cumhuriyet Ba\u015fsavc\u0131l\u0131\u011f\u0131 taraf\u0131ndan y\u00fcr\u00fct\u00fclen soru\u015fturma kapsam\u0131nda g\u00f6zalt\u0131na al\u0131nan gazeteci Cem K\u00fc\u00e7\u00fck tutukland\u0131.<\/h2>\n\n\n\n<p><a href=\"https:\/\/epochtimestr.com\/index.php\/gazeteci-cem-kucuk-gozaltina-alindi\" target=\"_blank\" rel=\"noreferrer noopener\">Cem K\u00fc\u00e7\u00fck<\/a>, \u0130stanbul Cumhuriyet <a href=\"https:\/\/epochtimestr.com\/index.php\/bassavciliktan-ahbap-dernegi-sorusturmasi-ile-ilgili-aciklama\">Ba\u015fsavc\u0131<\/a>l\u0131\u011f\u0131&#8217;n\u0131n y\u00fcr\u00fctt\u00fc\u011f\u00fc soru\u015fturma kapsam\u0131nda &#8216;halk\u0131 yan\u0131lt\u0131c\u0131 bilgiyi alenen yayma&#8217; ve &#8216;\u015fantaj&#8217; su\u00e7lamalar\u0131yla 30 Temmuz ak\u015fam\u0131 g\u00f6zalt\u0131na al\u0131nm\u0131\u015ft\u0131. \u0130stanbul Cumhuriyet Ba\u015fsavc\u0131l\u0131\u011f\u0131nca y\u00fcr\u00fct\u00fclen soru\u015fturma kapsam\u0131nda \u0130l Jandarma Komutanl\u0131\u011f\u0131 KOM \u015eube M\u00fcd\u00fcrl\u00fc\u011f\u00fc ekiplerince g\u00f6zalt\u0131na al\u0131n\u0131p adliyeye sevk edilen K\u00fc\u00e7\u00fck&#8217;\u00fcn n\u00f6bet\u00e7i sulh ceza hakimli\u011findeki sorgusu tamamland\u0131.<\/p>\n\n\n\n<p>Ba\u015fsavc\u0131l\u0131k kaynaklar\u0131ndan edinilen bilgiye g\u00f6re soru\u015fturman\u0131n, K\u00fc\u00e7\u00fck&#8217;\u00fcn baz\u0131 i\u015f insanlar\u0131ndan maddi menfaat kar\u015f\u0131l\u0131\u011f\u0131nda sosyal medya payla\u015f\u0131mlar\u0131 yapt\u0131\u011f\u0131na ili\u015fkin gelen \u015fik\u00e2yetler \u00fczerine ba\u015flat\u0131ld\u0131\u011f\u0131 \u00f6\u011frenilmi\u015fti. Hakimlik, K\u00fc\u00e7\u00fck&#8217;\u00fcn tutuklanmas\u0131na karar verdi.<\/p>\n\n\n\n<p>&#8216;Halk\u0131 yan\u0131lt\u0131c\u0131 bilgiyi alenen yayma&#8217; ve &#8216;\u015fantaj&#8217; su\u00e7lamalar\u0131yla tutuklama talebiyle mahkemeye sevk edilen K\u00fc\u00e7\u00fck, ilk su\u00e7lamadan tutuklanm\u0131\u015ft\u0131. &#8216;Halk\u0131 yan\u0131lt\u0131c\u0131 bilgiyi alenen yayma&#8217; su\u00e7lamas\u0131yla tutuklanan televizyon programc\u0131s\u0131 K\u00fc\u00e7\u00fck, Tekirda\u011f&#8217;\u0131n \u00c7orlu il\u00e7esindeki Karatepe Ceza \u0130nfaz Kurumu&#8217;na sevk edildi.<\/p>\n","protected":false},"excerpt":{"rendered":"<p>\u0130stanbul Cumhuriyet Ba\u015fsavc\u0131l\u0131\u011f\u0131 taraf\u0131ndan y\u00fcr\u00fct\u00fclen soru\u015fturma kapsam\u0131nda g\u00f6zalt\u0131na al\u0131nan gazeteci Cem K\u00fc\u00e7\u00fck tutukland\u0131. Cem K\u00fc\u00e7\u00fck, \u0130stanbul Cumhuriyet Ba\u015fsavc\u0131l\u0131\u011f\u0131&#8217;n\u0131n y\u00fcr\u00fctt\u00fc\u011f\u00fc soru\u015fturma kapsam\u0131nda &#8216;halk\u0131 yan\u0131lt\u0131c\u0131 bilgiyi alenen yayma&#8217; ve &#8216;\u015fantaj&#8217; su\u00e7lamalar\u0131yla 30 Temmuz ak\u015fam\u0131 g\u00f6zalt\u0131na al\u0131nm\u0131\u015ft\u0131. \u0130stanbul Cumhuriyet Ba\u015fsavc\u0131l\u0131\u011f\u0131nca y\u00fcr\u00fct\u00fclen soru\u015fturma kapsam\u0131nda \u0130l Jandarma Komutanl\u0131\u011f\u0131 KOM \u015eube M\u00fcd\u00fcrl\u00fc\u011f\u00fc ekiplerince g\u00f6zalt\u0131na al\u0131n\u0131p adliyeye sevk edilen K\u00fc\u00e7\u00fck&#8217;\u00fcn n\u00f6bet\u00e7i sulh [&hellip;]<\/p>\n","protected":false},"author":12791,"featured_media":169607,"comment_status":"open","ping_status":"open","sticky":false,"template":"","format":"standard","meta":{"_yoast_wpseo_focuskw":"Cem K\u00fc\u00e7\u00fck","_yoast_wpseo_title":"","_yoast_wpseo_metadesc":"\u0130stanbul Cumhuriyet Ba\u015fsavc\u0131l\u0131\u011f\u0131 taraf\u0131ndan y\u00fcr\u00fct\u00fclen soru\u015fturma kapsam\u0131nda g\u00f6zalt\u0131na al\u0131nan gazeteci Cem K\u00fc\u00e7\u00fck tutukland\u0131.","_bbp_topic_count":0,"_bbp_reply_count":0,"_bbp_total_topic_count":0,"_bbp_total_reply_count":0,"_bbp_voice_count":0,"_bbp_anonymous_reply_count":0,"_bbp_topic_count_hidden":0,"_bbp_reply_count_hidden":0,"_bbp_forum_subforum_count":0,"footnotes":"","_yoast_wpseo_focuskw_text_input":""},"categories":[1,8138,8226],"tags":[6052,11631,12007,1327],"yoast_head":"<!-- This site is optimized with the Yoast SEO plugin v23.0 - https:\/\/yoast.com\/wordpress\/plugins\/seo\/ -->\n<title>Gazeteci ve Televizyon Programc\u0131s\u0131 Cem K\u00fc\u00e7\u00fck Tutukland\u0131 - The Epoch Times TR<\/title>\n<meta name=\"description\" content=\"\u0130stanbul Cumhuriyet Ba\u015fsavc\u0131l\u0131\u011f\u0131 taraf\u0131ndan y\u00fcr\u00fct\u00fclen soru\u015fturma kapsam\u0131nda g\u00f6zalt\u0131na al\u0131nan gazeteci Cem K\u00fc\u00e7\u00fck tutukland\u0131.\" \/>\n<meta name=\"robots\" content=\"index, follow, max-snippet:-1, max-image-preview:large, max-video-preview:-1\" \/>\n<link rel=\"canonical\" href=\"https:\/\/epochtimestr.com\/index.php\/gazeteci-ve-televizyon-programcisi-cem-kucuk-tutuklandi\" \/>\n<meta property=\"og:locale\" content=\"tr_TR\" \/>\n<meta property=\"og:type\" content=\"article\" \/>\n<meta property=\"og:title\" content=\"Gazeteci ve Televizyon Programc\u0131s\u0131 Cem K\u00fc\u00e7\u00fck Tutukland\u0131 - The Epoch Times TR\" \/>\n<meta property=\"og:description\" content=\"\u0130stanbul Cumhuriyet Ba\u015fsavc\u0131l\u0131\u011f\u0131 taraf\u0131ndan y\u00fcr\u00fct\u00fclen soru\u015fturma kapsam\u0131nda g\u00f6zalt\u0131na al\u0131nan gazeteci Cem K\u00fc\u00e7\u00fck tutukland\u0131.\" \/>\n<meta property=\"og:url\" content=\"https:\/\/epochtimestr.com\/index.php\/gazeteci-ve-televizyon-programcisi-cem-kucuk-tutuklandi\" \/>\n<meta property=\"og:site_name\" content=\"The Epoch Times TR\" \/>\n<meta property=\"article:publisher\" content=\"https:\/\/www.facebook.com\/theepochtimestr\" \/>\n<meta property=\"article:published_time\" content=\"2026-08-01T12:17:56+00:00\" \/>\n<meta property=\"article:modified_time\" content=\"2026-08-01T12:17:58+00:00\" \/>\n<meta property=\"og:image\" content=\"https:\/\/epochtimestr.com\/wp-content\/uploads\/2011y\/cem-kucuk-tgrt.webp\" \/>\n\t<meta property=\"og:image:width\" content=\"972\" \/>\n\t<meta property=\"og:image:height\" content=\"648\" \/>\n\t<meta property=\"og:image:type\" content=\"image\/webp\" \/>\n<meta name=\"author\" content=\"Haber Merkezi\" \/>\n<meta name=\"twitter:card\" content=\"summary_large_image\" \/>\n<meta name=\"twitter:creator\" content=\"@TheEpochTimesTR\" \/>\n<meta name=\"twitter:site\" content=\"@TheEpochTimesTR\" \/>\n<meta name=\"twitter:label1\" content=\"Yazan:\" \/>\n\t<meta name=\"twitter:data1\" content=\"Haber Merkezi\" \/>\n\t<meta name=\"twitter:label2\" content=\"Tahmini okuma s\u00fcresi\" \/>\n\t<meta name=\"twitter:data2\" content=\"2 dakika\" \/>\n<script type=\"application\/ld+json\" class=\"yoast-schema-graph\">{\"@context\":\"https:\/\/schema.org\",\"@graph\":[{\"@type\":\"Article\",\"@id\":\"https:\/\/epochtimestr.com\/index.php\/gazeteci-ve-televizyon-programcisi-cem-kucuk-tutuklandi#article\",\"isPartOf\":{\"@id\":\"https:\/\/epochtimestr.com\/index.php\/gazeteci-ve-televizyon-programcisi-cem-kucuk-tutuklandi\"},\"author\":{\"name\":\"Haber Merkezi\",\"@id\":\"https:\/\/epochtimestr.com\/#\/schema\/person\/3dc5c3adeb9f43923c5aa85889172fdd\"},\"headline\":\"Gazeteci ve Televizyon Programc\u0131s\u0131 Cem K\u00fc\u00e7\u00fck Tutukland\u0131\",\"datePublished\":\"2026-08-01T12:17:56+00:00\",\"dateModified\":\"2026-08-01T12:17:58+00:00\",\"mainEntityOfPage\":{\"@id\":\"https:\/\/epochtimestr.com\/index.php\/gazeteci-ve-televizyon-programcisi-cem-kucuk-tutuklandi\"},\"wordCount\":232,\"commentCount\":0,\"publisher\":{\"@id\":\"https:\/\/epochtimestr.com\/#organization\"},\"image\":{\"@id\":\"https:\/\/epochtimestr.com\/index.php\/gazeteci-ve-televizyon-programcisi-cem-kucuk-tutuklandi#primaryimage\"},\"thumbnailUrl\":\"https:\/\/epochtimestr.com\/wp-content\/uploads\/2011y\/cem-kucuk-tgrt.webp\",\"keywords\":[\"cem k\u00fc\u00e7\u00fck\",\"\u0130stanbul Cumhuriyet Ba\u015fsavc\u0131l\u0131\u011f\u0131\",\"Tekirda\u011f Ceza \u0130nfaz Kurumu\",\"tutuklama\"],\"articleSection\":[\"G\u00dcNDEM\",\"MAN\u015eET\",\"Siyaset\"],\"inLanguage\":\"tr\",\"potentialAction\":[{\"@type\":\"CommentAction\",\"name\":\"Comment\",\"target\":[\"https:\/\/epochtimestr.com\/index.php\/gazeteci-ve-televizyon-programcisi-cem-kucuk-tutuklandi#respond\"]}]},{\"@type\":\"WebPage\",\"@id\":\"https:\/\/epochtimestr.com\/index.php\/gazeteci-ve-televizyon-programcisi-cem-kucuk-tutuklandi\",\"url\":\"https:\/\/epochtimestr.com\/index.php\/gazeteci-ve-televizyon-programcisi-cem-kucuk-tutuklandi\",\"name\":\"Gazeteci ve Televizyon Programc\u0131s\u0131 Cem K\u00fc\u00e7\u00fck Tutukland\u0131 - The Epoch Times TR\",\"isPartOf\":{\"@id\":\"https:\/\/epochtimestr.com\/#website\"},\"primaryImageOfPage\":{\"@id\":\"https:\/\/epochtimestr.com\/index.php\/gazeteci-ve-televizyon-programcisi-cem-kucuk-tutuklandi#primaryimage\"},\"image\":{\"@id\":\"https:\/\/epochtimestr.com\/index.php\/gazeteci-ve-televizyon-programcisi-cem-kucuk-tutuklandi#primaryimage\"},\"thumbnailUrl\":\"https:\/\/epochtimestr.com\/wp-content\/uploads\/2011y\/cem-kucuk-tgrt.webp\",\"datePublished\":\"2026-08-01T12:17:56+00:00\",\"dateModified\":\"2026-08-01T12:17:58+00:00\",\"description\":\"\u0130stanbul Cumhuriyet Ba\u015fsavc\u0131l\u0131\u011f\u0131 taraf\u0131ndan y\u00fcr\u00fct\u00fclen soru\u015fturma kapsam\u0131nda g\u00f6zalt\u0131na al\u0131nan gazeteci Cem K\u00fc\u00e7\u00fck tutukland\u0131.\",\"inLanguage\":\"tr\",\"potentialAction\":[{\"@type\":\"ReadAction\",\"target\":[\"https:\/\/epochtimestr.com\/index.php\/gazeteci-ve-televizyon-programcisi-cem-kucuk-tutuklandi\"]}]},{\"@type\":\"ImageObject\",\"inLanguage\":\"tr\",\"@id\":\"https:\/\/epochtimestr.com\/index.php\/gazeteci-ve-televizyon-programcisi-cem-kucuk-tutuklandi#primaryimage\",\"url\":\"https:\/\/epochtimestr.com\/wp-content\/uploads\/2011y\/cem-kucuk-tgrt.webp\",\"contentUrl\":\"https:\/\/epochtimestr.com\/wp-content\/uploads\/2011y\/cem-kucuk-tgrt.webp\",\"width\":972,\"height\":648},{\"@type\":\"WebSite\",\"@id\":\"https:\/\/epochtimestr.com\/#website\",\"url\":\"https:\/\/epochtimestr.com\/\",\"name\":\"The Epoch Times TR\",\"description\":\"De\u011fi\u015fen D\u00fcnyam\u0131za Taze Bir Bak\u0131\u015f\",\"publisher\":{\"@id\":\"https:\/\/epochtimestr.com\/#organization\"},\"potentialAction\":[{\"@type\":\"SearchAction\",\"target\":{\"@type\":\"EntryPoint\",\"urlTemplate\":\"https:\/\/epochtimestr.com\/?s={search_term_string}\"},\"query-input\":\"required name=search_term_string\"}],\"inLanguage\":\"tr\"},{\"@type\":\"Organization\",\"@id\":\"https:\/\/epochtimestr.com\/#organization\",\"name\":\"The EpochTimes T\u00fcrkiye\",\"url\":\"https:\/\/epochtimestr.com\/\",\"logo\":{\"@type\":\"ImageObject\",\"inLanguage\":\"tr\",\"@id\":\"https:\/\/epochtimestr.com\/#\/schema\/logo\/image\/\",\"url\":\"https:\/\/epochtimestr.com\/wp-content\/uploads\/2011y\/ET-Logo-YG.jpg\",\"contentUrl\":\"https:\/\/epochtimestr.com\/wp-content\/uploads\/2011y\/ET-Logo-YG.jpg\",\"width\":346,\"height\":29,\"caption\":\"The EpochTimes T\u00fcrkiye\"},\"image\":{\"@id\":\"https:\/\/epochtimestr.com\/#\/schema\/logo\/image\/\"},\"sameAs\":[\"https:\/\/www.facebook.com\/theepochtimestr\",\"https:\/\/x.com\/TheEpochTimesTR\",\"https:\/\/www.instagram.com\/epochtimestr\"]},{\"@type\":\"Person\",\"@id\":\"https:\/\/epochtimestr.com\/#\/schema\/person\/3dc5c3adeb9f43923c5aa85889172fdd\",\"name\":\"Haber Merkezi\",\"image\":{\"@type\":\"ImageObject\",\"inLanguage\":\"tr\",\"@id\":\"https:\/\/epochtimestr.com\/#\/schema\/person\/image\/\",\"url\":\"https:\/\/secure.gravatar.com\/avatar\/d73f772ba5a74f28601361e17c2f93e6?s=96&d=mm&r=g\",\"contentUrl\":\"https:\/\/secure.gravatar.com\/avatar\/d73f772ba5a74f28601361e17c2f93e6?s=96&d=mm&r=g\",\"caption\":\"Haber Merkezi\"},\"url\":\"https:\/\/epochtimestr.com\/index.php\/author\/sendag\"}]}<\/script>\n<!-- \/ Yoast SEO plugin. -->","yoast_head_json":{"title":"Gazeteci ve Televizyon Programc\u0131s\u0131 Cem K\u00fc\u00e7\u00fck Tutukland\u0131 - The Epoch Times TR","description":"\u0130stanbul Cumhuriyet Ba\u015fsavc\u0131l\u0131\u011f\u0131 taraf\u0131ndan y\u00fcr\u00fct\u00fclen soru\u015fturma kapsam\u0131nda g\u00f6zalt\u0131na al\u0131nan gazeteci Cem K\u00fc\u00e7\u00fck tutukland\u0131.","robots":{"index":"index","follow":"follow","max-snippet":"max-snippet:-1","max-image-preview":"max-image-preview:large","max-video-preview":"max-video-preview:-1"},"canonical":"https:\/\/epochtimestr.com\/index.php\/gazeteci-ve-televizyon-programcisi-cem-kucuk-tutuklandi","og_locale":"tr_TR","og_type":"article","og_title":"Gazeteci ve Televizyon Programc\u0131s\u0131 Cem K\u00fc\u00e7\u00fck Tutukland\u0131 - The Epoch Times TR","og_description":"\u0130stanbul Cumhuriyet Ba\u015fsavc\u0131l\u0131\u011f\u0131 taraf\u0131ndan y\u00fcr\u00fct\u00fclen soru\u015fturma kapsam\u0131nda g\u00f6zalt\u0131na al\u0131nan gazeteci Cem K\u00fc\u00e7\u00fck tutukland\u0131.","og_url":"https:\/\/epochtimestr.com\/index.php\/gazeteci-ve-televizyon-programcisi-cem-kucuk-tutuklandi","og_site_name":"The Epoch Times TR","article_publisher":"https:\/\/www.facebook.com\/theepochtimestr","article_published_time":"2026-08-01T12:17:56+00:00","article_modified_time":"2026-08-01T12:17:58+00:00","og_image":[{"width":972,"height":648,"url":"https:\/\/epochtimestr.com\/wp-content\/uploads\/2011y\/cem-kucuk-tgrt.webp","type":"image\/webp"}],"author":"Haber Merkezi","twitter_card":"summary_large_image","twitter_creator":"@TheEpochTimesTR","twitter_site":"@TheEpochTimesTR","twitter_misc":{"Yazan:":"Haber Merkezi","Tahmini okuma s\u00fcresi":"2 dakika"},"schema":{"@context":"https:\/\/schema.org","@graph":[{"@type":"Article","@id":"https:\/\/epochtimestr.com\/index.php\/gazeteci-ve-televizyon-programcisi-cem-kucuk-tutuklandi#article","isPartOf":{"@id":"https:\/\/epochtimestr.com\/index.php\/gazeteci-ve-televizyon-programcisi-cem-kucuk-tutuklandi"},"author":{"name":"Haber Merkezi","@id":"https:\/\/epochtimestr.com\/#\/schema\/person\/3dc5c3adeb9f43923c5aa85889172fdd"},"headline":"Gazeteci ve Televizyon Programc\u0131s\u0131 Cem K\u00fc\u00e7\u00fck Tutukland\u0131","datePublished":"2026-08-01T12:17:56+00:00","dateModified":"2026-08-01T12:17:58+00:00","mainEntityOfPage":{"@id":"https:\/\/epochtimestr.com\/index.php\/gazeteci-ve-televizyon-programcisi-cem-kucuk-tutuklandi"},"wordCount":232,"commentCount":0,"publisher":{"@id":"https:\/\/epochtimestr.com\/#organization"},"image":{"@id":"https:\/\/epochtimestr.com\/index.php\/gazeteci-ve-televizyon-programcisi-cem-kucuk-tutuklandi#primaryimage"},"thumbnailUrl":"https:\/\/epochtimestr.com\/wp-content\/uploads\/2011y\/cem-kucuk-tgrt.webp","keywords":["cem k\u00fc\u00e7\u00fck","\u0130stanbul Cumhuriyet Ba\u015fsavc\u0131l\u0131\u011f\u0131","Tekirda\u011f Ceza \u0130nfaz Kurumu","tutuklama"],"articleSection":["G\u00dcNDEM","MAN\u015eET","Siyaset"],"inLanguage":"tr","potentialAction":[{"@type":"CommentAction","name":"Comment","target":["https:\/\/epochtimestr.com\/index.php\/gazeteci-ve-televizyon-programcisi-cem-kucuk-tutuklandi#respond"]}]},{"@type":"WebPage","@id":"https:\/\/epochtimestr.com\/index.php\/gazeteci-ve-televizyon-programcisi-cem-kucuk-tutuklandi","url":"https:\/\/epochtimestr.com\/index.php\/gazeteci-ve-televizyon-programcisi-cem-kucuk-tutuklandi","name":"Gazeteci ve Televizyon Programc\u0131s\u0131 Cem K\u00fc\u00e7\u00fck Tutukland\u0131 - The Epoch Times TR","isPartOf":{"@id":"https:\/\/epochtimestr.com\/#website"},"primaryImageOfPage":{"@id":"https:\/\/epochtimestr.com\/index.php\/gazeteci-ve-televizyon-programcisi-cem-kucuk-tutuklandi#primaryimage"},"image":{"@id":"https:\/\/epochtimestr.com\/index.php\/gazeteci-ve-televizyon-programcisi-cem-kucuk-tutuklandi#primaryimage"},"thumbnailUrl":"https:\/\/epochtimestr.com\/wp-content\/uploads\/2011y\/cem-kucuk-tgrt.webp","datePublished":"2026-08-01T12:17:56+00:00","dateModified":"2026-08-01T12:17:58+00:00","description":"\u0130stanbul Cumhuriyet Ba\u015fsavc\u0131l\u0131\u011f\u0131 taraf\u0131ndan y\u00fcr\u00fct\u00fclen soru\u015fturma kapsam\u0131nda g\u00f6zalt\u0131na al\u0131nan gazeteci Cem K\u00fc\u00e7\u00fck tutukland\u0131.","inLanguage":"tr","potentialAction":[{"@type":"ReadAction","target":["https:\/\/epochtimestr.com\/index.php\/gazeteci-ve-televizyon-programcisi-cem-kucuk-tutuklandi"]}]},{"@type":"ImageObject","inLanguage":"tr","@id":"https:\/\/epochtimestr.com\/index.php\/gazeteci-ve-televizyon-programcisi-cem-kucuk-tutuklandi#primaryimage","url":"https:\/\/epochtimestr.com\/wp-content\/uploads\/2011y\/cem-kucuk-tgrt.webp","contentUrl":"https:\/\/epochtimestr.com\/wp-content\/uploads\/2011y\/cem-kucuk-tgrt.webp","width":972,"height":648},{"@type":"WebSite","@id":"https:\/\/epochtimestr.com\/#website","url":"https:\/\/epochtimestr.com\/","name":"The Epoch Times TR","description":"De\u011fi\u015fen D\u00fcnyam\u0131za Taze Bir Bak\u0131\u015f","publisher":{"@id":"https:\/\/epochtimestr.com\/#organization"},"potentialAction":[{"@type":"SearchAction","target":{"@type":"EntryPoint","urlTemplate":"https:\/\/epochtimestr.com\/?s={search_term_string}"},"query-input":"required name=search_term_string"}],"inLanguage":"tr"},{"@type":"Organization","@id":"https:\/\/epochtimestr.com\/#organization","name":"The EpochTimes T\u00fcrkiye","url":"https:\/\/epochtimestr.com\/","logo":{"@type":"ImageObject","inLanguage":"tr","@id":"https:\/\/epochtimestr.com\/#\/schema\/logo\/image\/","url":"https:\/\/epochtimestr.com\/wp-content\/uploads\/2011y\/ET-Logo-YG.jpg","contentUrl":"https:\/\/epochtimestr.com\/wp-content\/uploads\/2011y\/ET-Logo-YG.jpg","width":346,"height":29,"caption":"The EpochTimes T\u00fcrkiye"},"image":{"@id":"https:\/\/epochtimestr.com\/#\/schema\/logo\/image\/"},"sameAs":["https:\/\/www.facebook.com\/theepochtimestr","https:\/\/x.com\/TheEpochTimesTR","https:\/\/www.instagram.com\/epochtimestr"]},{"@type":"Person","@id":"https:\/\/epochtimestr.com\/#\/schema\/person\/3dc5c3adeb9f43923c5aa85889172fdd","name":"Haber Merkezi","image":{"@type":"ImageObject","inLanguage":"tr","@id":"https:\/\/epochtimestr.com\/#\/schema\/person\/image\/","url":"https:\/\/secure.gravatar.com\/avatar\/d73f772ba5a74f28601361e17c2f93e6?s=96&d=mm&r=g","contentUrl":"https:\/\/secure.gravatar.com\/avatar\/d73f772ba5a74f28601361e17c2f93e6?s=96&d=mm&r=g","caption":"Haber Merkezi"},"url":"https:\/\/epochtimestr.com\/index.php\/author\/sendag"}]}},"_links":{"self":[{"href":"https:\/\/epochtimestr.com\/index.php\/wp-json\/wp\/v2\/posts\/169606"}],"collection":[{"href":"https:\/\/epochtimestr.com\/index.php\/wp-json\/wp\/v2\/posts"}],"about":[{"href":"https:\/\/epochtimestr.com\/index.php\/wp-json\/wp\/v2\/types\/post"}],"author":[{"embeddable":true,"href":"https:\/\/epochtimestr.com\/index.php\/wp-json\/wp\/v2\/users\/12791"}],"replies":[{"embeddable":true,"href":"https:\/\/epochtimestr.com\/index.php\/wp-json\/wp\/v2\/comments?post=169606"}],"version-history":[{"count":2,"href":"https:\/\/epochtimestr.com\/index.php\/wp-json\/wp\/v2\/posts\/169606\/revisions"}],"predecessor-version":[{"id":169621,"href":"https:\/\/epochtimestr.com\/index.php\/wp-json\/wp\/v2\/posts\/169606\/revisions\/169621"}],"wp:featuredmedia":[{"embeddable":true,"href":"https:\/\/epochtimestr.com\/index.php\/wp-json\/wp\/v2\/media\/169607"}],"wp:attachment":[{"href":"https:\/\/epochtimestr.com\/index.php\/wp-json\/wp\/v2\/media?parent=169606"}],"wp:term":[{"taxonomy":"category","embeddable":true,"href":"https:\/\/epochtimestr.com\/index.php\/wp-json\/wp\/v2\/categories?post=169606"},{"taxonomy":"post_tag","embeddable":true,"href":"https:\/\/epochtimestr.com\/index.php\/wp-json\/wp\/v2\/tags?post=169606"}],"curies":[{"name":"wp","href":"https:\/\/api.w.org\/{rel}","templated":true}]}}