{"id":169611,"date":"2026-08-01T15:36:04","date_gmt":"2026-08-01T12:36:04","guid":{"rendered":"https:\/\/epochtimestr.com\/?p=169611"},"modified":"2026-08-01T15:36:07","modified_gmt":"2026-08-01T12:36:07","slug":"ito-istanbulun-temmuz-ayi-enflasyon-rakamlarini-acikladi","status":"publish","type":"post","link":"https:\/\/epochtimestr.com\/index.php\/ito-istanbulun-temmuz-ayi-enflasyon-rakamlarini-acikladi","title":{"rendered":"\u0130TO \u0130stanbul&#8217;un Temmuz Ay\u0131 Enflasyon Rakamlar\u0131n\u0131 A\u00e7\u0131klad\u0131"},"content":{"rendered":"<div class=\"wp-block-image\">\n<figure class=\"aligncenter size-large is-resized\"><img loading=\"lazy\" decoding=\"async\" width=\"1163\" height=\"1200\" src=\"https:\/\/epochtimestr.com\/wp-content\/uploads\/2011y\/pixabay-4-1163x1200.png\" alt=\"\u0130TO \u0130stanbul'un Temmuz ay\u0131 enflasyon rakamlar\u0131n\u0131 a\u00e7\u0131klad\u0131. (G\u00f6rsel: PixelLabs, Pixabay) \" class=\"wp-image-169613\" style=\"width:840px;height:auto\" srcset=\"https:\/\/epochtimestr.com\/wp-content\/uploads\/2011y\/pixabay-4-1163x1200.png 1163w, https:\/\/epochtimestr.com\/wp-content\/uploads\/2011y\/pixabay-4-291x300.png 291w, https:\/\/epochtimestr.com\/wp-content\/uploads\/2011y\/pixabay-4-145x150.png 145w, https:\/\/epochtimestr.com\/wp-content\/uploads\/2011y\/pixabay-4-768x792.png 768w, https:\/\/epochtimestr.com\/wp-content\/uploads\/2011y\/pixabay-4.png 1241w\" sizes=\"(max-width: 1163px) 100vw, 1163px\" \/><figcaption class=\"wp-element-caption\">\u0130TO \u0130stanbul&#8217;un Temmuz ay\u0131 enflasyon rakamlar\u0131n\u0131 a\u00e7\u0131klad\u0131. (G\u00f6rsel: PixelLabs, Pixabay) <\/figcaption><\/figure><\/div>\n\n\n<h2 class=\"wp-block-heading\">\u0130TO Temmuz ay\u0131 verilerine g\u00f6re \u0130stanbul&#8217;da perakende fiyatlar ayl\u0131k y\u00fczde 2,06 y\u0131ll\u0131k y\u00fczde 35,20 artt\u0131.<\/h2>\n\n\n\n<p>\u0130TO \u0130stanbul\u2019un <a href=\"https:\/\/epochtimestr.com\/index.php\/15-temmuzun-10-yilinda-siyasilerden-mesajlar\" target=\"_blank\" rel=\"noreferrer noopener\">Temmuz<\/a> ay\u0131 <a href=\"https:\/\/epochtimestr.com\/index.php\/turkiye-istatistik-kurumu-haziran-ayi-enflasyon-verilerini-acikladi\" target=\"_blank\" rel=\"noreferrer noopener\">enflasyon<\/a>u belli oldu. \u0130stanbul\u2019da perakende fiyat hareketlerinin g\u00f6stergesi olan <a href=\"https:\/\/epochtimestr.com\/index.php\/plastik-ve-cam-sise-iade-makinelerinde-depozito-kurali-degisti\" target=\"_blank\" rel=\"noreferrer noopener\">\u0130TO<\/a> \u0130stanbul T\u00fcketici Fiyat \u0130ndeksi ayl\u0131k art\u0131\u015f\u0131 y\u00fczde 2,06 olarak ger\u00e7ekle\u015fti. 2025 Temmuz ay\u0131na g\u00f6re 2026 Temmuz ay\u0131nda \u0130stanbul\u2019da ya\u015fanan fiyat de\u011fi\u015fimlerini g\u00f6steren bir \u00f6nceki y\u0131l\u0131n ayn\u0131 ay\u0131na g\u00f6re de\u011fi\u015fim oran\u0131 \u0130TO 2023=100 bazl\u0131 \u0130TO \u0130stanbul T\u00fcketici Fiyat \u0130ndeksinde y\u00fczde 35,20 olarak ger\u00e7ekle\u015fti.<\/p>\n\n\n\n<p><strong>&#8220;Giyim ve ayakkab\u0131, ana harcama gruplar\u0131 aras\u0131nda fiyatlar\u0131n geriledi\u011fi tek kalem<\/strong>.&#8221;<\/p>\n\n\n\n<p>Fiyat bask\u0131s\u0131n\u0131n merkezinde sa\u011fl\u0131k, ula\u015ft\u0131rma ve haberle\u015fme harcamalar\u0131 yer ald\u0131. Giyim ve ayakkab\u0131 ise ana harcama gruplar\u0131 aras\u0131nda fiyatlar\u0131n geriledi\u011fi tek kalem oldu.<\/p>\n\n\n\n<p>2026 Temmuz ay\u0131nda \u0130stanbul T\u00fcketici Fiyat \u0130ndeksinde; bir \u00f6nceki aya g\u00f6re Sa\u011fl\u0131k Harcama grubunda y\u00fczde 9,77, Ula\u015ft\u0131rma harcama grubunda y\u00fczde 4,42, Haberle\u015fme Harcama grubunda y\u00fczde 3,69, E\u011flence ve K\u00fclt\u00fcr harcama grubunda y\u00fczde 2,50, Konut Harcama grubunda y\u00fczde 2,01, Ev E\u015fyas\u0131 harcama grubunda y\u00fczde 1,60, Lokanta ve Oteller harcama grubunda y\u00fczde 1,54, E\u011fitim Harcama grubunda y\u00fczde 1,47, G\u0131da ve Alkols\u00fcz \u0130\u00e7ecekler harcama grubunda y\u00fczde 1,30, \u00c7e\u015fitli Mal ve Hizmetler harcama grubunda y\u00fczde 1,03, Alkoll\u00fc \u0130\u00e7ecekler ve T\u00fct\u00fcn harcama grubunda y\u00fczde 0,77 art\u0131\u015f izlenirken, Giyim ve Ayakkab\u0131 harcama grubunda y\u00fczde 0,66 azal\u0131\u015f izlendi.<\/p>\n\n\n\n<p><strong>&#8220;G\u0131dada mevsimsel etkiler belirleyici oldu<\/strong>.&#8221;<\/p>\n\n\n\n<p>\u0130TO, sa\u011fl\u0131k, ula\u015ft\u0131rma ve haberle\u015fme gruplar\u0131ndaki hareketin baz\u0131 \u00fcr\u00fcn ve hizmetlerdeki kamu kaynakl\u0131 fiyat de\u011fi\u015fimlerinden etkilendi\u011fini bildirdi. E\u011flence ve k\u00fclt\u00fcr ile konutta piyasa ko\u015fullar\u0131, g\u0131dada mevsimsel etkiler belirleyici oldu. 2026 Temmuz ay\u0131nda en y\u00fcksek grup art\u0131\u015f\u0131 Sa\u011fl\u0131k harcama grubunda (y\u00fczde 9,77), en y\u00fcksek grup azal\u0131\u015f\u0131 ise Giyim ve Ayakkab\u0131 harcama grubunda (0,66) izlendi.<\/p>\n\n\n\n<p><br \/>Haziranda T\u00fcrkiye genelinde ayl\u0131k enflasyon y\u00fczde 0,99, y\u0131ll\u0131k enflasyon y\u00fczde 32,11 olmu\u015ftu.<\/p>\n\n\n<div class=\"wp-block-image\">\n<figure class=\"aligncenter size-full\"><img loading=\"lazy\" decoding=\"async\" width=\"1200\" height=\"377\" src=\"https:\/\/epochtimestr.com\/wp-content\/uploads\/2011y\/ito.webp\" alt=\"\" class=\"wp-image-169615\" srcset=\"https:\/\/epochtimestr.com\/wp-content\/uploads\/2011y\/ito.webp 1200w, https:\/\/epochtimestr.com\/wp-content\/uploads\/2011y\/ito-300x94.webp 300w, https:\/\/epochtimestr.com\/wp-content\/uploads\/2011y\/ito-150x47.webp 150w, https:\/\/epochtimestr.com\/wp-content\/uploads\/2011y\/ito-768x241.webp 768w\" sizes=\"(max-width: 1200px) 100vw, 1200px\" \/><\/figure><\/div>","protected":false},"excerpt":{"rendered":"<p>\u0130TO Temmuz ay\u0131 verilerine g\u00f6re \u0130stanbul&#8217;da perakende fiyatlar ayl\u0131k y\u00fczde 2,06 y\u0131ll\u0131k y\u00fczde 35,20 artt\u0131. \u0130TO \u0130stanbul\u2019un Temmuz ay\u0131 enflasyonu belli oldu. \u0130stanbul\u2019da perakende fiyat hareketlerinin g\u00f6stergesi olan \u0130TO \u0130stanbul T\u00fcketici Fiyat \u0130ndeksi ayl\u0131k art\u0131\u015f\u0131 y\u00fczde 2,06 olarak ger\u00e7ekle\u015fti. 2025 Temmuz ay\u0131na g\u00f6re 2026 Temmuz ay\u0131nda \u0130stanbul\u2019da ya\u015fanan fiyat de\u011fi\u015fimlerini g\u00f6steren bir \u00f6nceki y\u0131l\u0131n ayn\u0131 [&hellip;]<\/p>\n","protected":false},"author":12791,"featured_media":169613,"comment_status":"open","ping_status":"open","sticky":false,"template":"","format":"standard","meta":{"_yoast_wpseo_focuskw":"\u0130TO - Temmuz","_yoast_wpseo_title":"","_yoast_wpseo_metadesc":"\u0130stanbul T\u00fcketici Fiyat \u0130ndeksi \u0130TO Temmuz ay\u0131 verilerine g\u00f6re \u0130stanbul'da perakende fiyatlar ayl\u0131k y\u00fczde 2,06 y\u0131ll\u0131k y\u00fczde 35,20 artt\u0131.","_bbp_topic_count":0,"_bbp_reply_count":0,"_bbp_total_topic_count":0,"_bbp_total_reply_count":0,"_bbp_voice_count":0,"_bbp_anonymous_reply_count":0,"_bbp_topic_count_hidden":0,"_bbp_reply_count_hidden":0,"_bbp_forum_subforum_count":0,"footnotes":"","_yoast_wpseo_focuskw_text_input":""},"categories":[8225,1,8138],"tags":[7348,12009,8909,12008],"yoast_head":"<!-- This site is optimized with the Yoast SEO plugin v23.0 - https:\/\/yoast.com\/wordpress\/plugins\/seo\/ -->\n<title>\u0130TO \u0130stanbul&#039;un Temmuz Ay\u0131 Enflasyon Rakamlar\u0131n\u0131 A\u00e7\u0131klad\u0131 - The Epoch Times TR<\/title>\n<meta name=\"description\" content=\"\u0130stanbul T\u00fcketici Fiyat \u0130ndeksi \u0130TO Temmuz ay\u0131 verilerine g\u00f6re \u0130stanbul&#039;da perakende fiyatlar ayl\u0131k y\u00fczde 2,06 y\u0131ll\u0131k y\u00fczde 35,20 artt\u0131.\" \/>\n<meta name=\"robots\" content=\"index, follow, max-snippet:-1, max-image-preview:large, max-video-preview:-1\" \/>\n<link rel=\"canonical\" href=\"https:\/\/epochtimestr.com\/index.php\/ito-istanbulun-temmuz-ayi-enflasyon-rakamlarini-acikladi\" \/>\n<meta property=\"og:locale\" content=\"tr_TR\" \/>\n<meta property=\"og:type\" content=\"article\" \/>\n<meta property=\"og:title\" content=\"\u0130TO \u0130stanbul&#039;un Temmuz Ay\u0131 Enflasyon Rakamlar\u0131n\u0131 A\u00e7\u0131klad\u0131 - The Epoch Times TR\" \/>\n<meta property=\"og:description\" content=\"\u0130stanbul T\u00fcketici Fiyat \u0130ndeksi \u0130TO Temmuz ay\u0131 verilerine g\u00f6re \u0130stanbul&#039;da perakende fiyatlar ayl\u0131k y\u00fczde 2,06 y\u0131ll\u0131k y\u00fczde 35,20 artt\u0131.\" \/>\n<meta property=\"og:url\" content=\"https:\/\/epochtimestr.com\/index.php\/ito-istanbulun-temmuz-ayi-enflasyon-rakamlarini-acikladi\" \/>\n<meta property=\"og:site_name\" content=\"The Epoch Times TR\" \/>\n<meta property=\"article:publisher\" content=\"https:\/\/www.facebook.com\/theepochtimestr\" \/>\n<meta property=\"article:published_time\" content=\"2026-08-01T12:36:04+00:00\" \/>\n<meta property=\"article:modified_time\" content=\"2026-08-01T12:36:07+00:00\" \/>\n<meta property=\"og:image\" content=\"https:\/\/epochtimestr.com\/wp-content\/uploads\/2011y\/pixabay-4-1163x1200.png\" \/>\n\t<meta property=\"og:image:width\" content=\"1163\" \/>\n\t<meta property=\"og:image:height\" content=\"1200\" \/>\n\t<meta property=\"og:image:type\" content=\"image\/png\" \/>\n<meta name=\"author\" content=\"Haber Merkezi\" \/>\n<meta name=\"twitter:card\" content=\"summary_large_image\" \/>\n<meta name=\"twitter:creator\" content=\"@TheEpochTimesTR\" \/>\n<meta name=\"twitter:site\" content=\"@TheEpochTimesTR\" \/>\n<meta name=\"twitter:label1\" content=\"Yazan:\" \/>\n\t<meta name=\"twitter:data1\" content=\"Haber Merkezi\" \/>\n\t<meta name=\"twitter:label2\" content=\"Tahmini okuma s\u00fcresi\" \/>\n\t<meta name=\"twitter:data2\" content=\"3 dakika\" \/>\n<script type=\"application\/ld+json\" class=\"yoast-schema-graph\">{\"@context\":\"https:\/\/schema.org\",\"@graph\":[{\"@type\":\"Article\",\"@id\":\"https:\/\/epochtimestr.com\/index.php\/ito-istanbulun-temmuz-ayi-enflasyon-rakamlarini-acikladi#article\",\"isPartOf\":{\"@id\":\"https:\/\/epochtimestr.com\/index.php\/ito-istanbulun-temmuz-ayi-enflasyon-rakamlarini-acikladi\"},\"author\":{\"name\":\"Haber Merkezi\",\"@id\":\"https:\/\/epochtimestr.com\/#\/schema\/person\/3dc5c3adeb9f43923c5aa85889172fdd\"},\"headline\":\"\u0130TO \u0130stanbul&#8217;un Temmuz Ay\u0131 Enflasyon Rakamlar\u0131n\u0131 A\u00e7\u0131klad\u0131\",\"datePublished\":\"2026-08-01T12:36:04+00:00\",\"dateModified\":\"2026-08-01T12:36:07+00:00\",\"mainEntityOfPage\":{\"@id\":\"https:\/\/epochtimestr.com\/index.php\/ito-istanbulun-temmuz-ayi-enflasyon-rakamlarini-acikladi\"},\"wordCount\":368,\"commentCount\":0,\"publisher\":{\"@id\":\"https:\/\/epochtimestr.com\/#organization\"},\"image\":{\"@id\":\"https:\/\/epochtimestr.com\/index.php\/ito-istanbulun-temmuz-ayi-enflasyon-rakamlarini-acikladi#primaryimage\"},\"thumbnailUrl\":\"https:\/\/epochtimestr.com\/wp-content\/uploads\/2011y\/pixabay-4.png\",\"keywords\":[\"\u0130stanbul\",\"\u0130stanbul T\u00fcketici Fiyat Endeksi\",\"\u0130TO\",\"Temmuz ay\u0131 enflasyon\"],\"articleSection\":[\"Ekonomi\",\"G\u00dcNDEM\",\"MAN\u015eET\"],\"inLanguage\":\"tr\",\"potentialAction\":[{\"@type\":\"CommentAction\",\"name\":\"Comment\",\"target\":[\"https:\/\/epochtimestr.com\/index.php\/ito-istanbulun-temmuz-ayi-enflasyon-rakamlarini-acikladi#respond\"]}]},{\"@type\":\"WebPage\",\"@id\":\"https:\/\/epochtimestr.com\/index.php\/ito-istanbulun-temmuz-ayi-enflasyon-rakamlarini-acikladi\",\"url\":\"https:\/\/epochtimestr.com\/index.php\/ito-istanbulun-temmuz-ayi-enflasyon-rakamlarini-acikladi\",\"name\":\"\u0130TO \u0130stanbul'un Temmuz Ay\u0131 Enflasyon Rakamlar\u0131n\u0131 A\u00e7\u0131klad\u0131 - The Epoch Times TR\",\"isPartOf\":{\"@id\":\"https:\/\/epochtimestr.com\/#website\"},\"primaryImageOfPage\":{\"@id\":\"https:\/\/epochtimestr.com\/index.php\/ito-istanbulun-temmuz-ayi-enflasyon-rakamlarini-acikladi#primaryimage\"},\"image\":{\"@id\":\"https:\/\/epochtimestr.com\/index.php\/ito-istanbulun-temmuz-ayi-enflasyon-rakamlarini-acikladi#primaryimage\"},\"thumbnailUrl\":\"https:\/\/epochtimestr.com\/wp-content\/uploads\/2011y\/pixabay-4.png\",\"datePublished\":\"2026-08-01T12:36:04+00:00\",\"dateModified\":\"2026-08-01T12:36:07+00:00\",\"description\":\"\u0130stanbul T\u00fcketici Fiyat \u0130ndeksi \u0130TO Temmuz ay\u0131 verilerine g\u00f6re \u0130stanbul'da perakende fiyatlar ayl\u0131k y\u00fczde 2,06 y\u0131ll\u0131k y\u00fczde 35,20 artt\u0131.\",\"inLanguage\":\"tr\",\"potentialAction\":[{\"@type\":\"ReadAction\",\"target\":[\"https:\/\/epochtimestr.com\/index.php\/ito-istanbulun-temmuz-ayi-enflasyon-rakamlarini-acikladi\"]}]},{\"@type\":\"ImageObject\",\"inLanguage\":\"tr\",\"@id\":\"https:\/\/epochtimestr.com\/index.php\/ito-istanbulun-temmuz-ayi-enflasyon-rakamlarini-acikladi#primaryimage\",\"url\":\"https:\/\/epochtimestr.com\/wp-content\/uploads\/2011y\/pixabay-4.png\",\"contentUrl\":\"https:\/\/epochtimestr.com\/wp-content\/uploads\/2011y\/pixabay-4.png\",\"width\":1241,\"height\":1280},{\"@type\":\"WebSite\",\"@id\":\"https:\/\/epochtimestr.com\/#website\",\"url\":\"https:\/\/epochtimestr.com\/\",\"name\":\"The Epoch Times TR\",\"description\":\"De\u011fi\u015fen D\u00fcnyam\u0131za Taze Bir Bak\u0131\u015f\",\"publisher\":{\"@id\":\"https:\/\/epochtimestr.com\/#organization\"},\"potentialAction\":[{\"@type\":\"SearchAction\",\"target\":{\"@type\":\"EntryPoint\",\"urlTemplate\":\"https:\/\/epochtimestr.com\/?s={search_term_string}\"},\"query-input\":\"required name=search_term_string\"}],\"inLanguage\":\"tr\"},{\"@type\":\"Organization\",\"@id\":\"https:\/\/epochtimestr.com\/#organization\",\"name\":\"The EpochTimes T\u00fcrkiye\",\"url\":\"https:\/\/epochtimestr.com\/\",\"logo\":{\"@type\":\"ImageObject\",\"inLanguage\":\"tr\",\"@id\":\"https:\/\/epochtimestr.com\/#\/schema\/logo\/image\/\",\"url\":\"https:\/\/epochtimestr.com\/wp-content\/uploads\/2011y\/ET-Logo-YG.jpg\",\"contentUrl\":\"https:\/\/epochtimestr.com\/wp-content\/uploads\/2011y\/ET-Logo-YG.jpg\",\"width\":346,\"height\":29,\"caption\":\"The EpochTimes T\u00fcrkiye\"},\"image\":{\"@id\":\"https:\/\/epochtimestr.com\/#\/schema\/logo\/image\/\"},\"sameAs\":[\"https:\/\/www.facebook.com\/theepochtimestr\",\"https:\/\/x.com\/TheEpochTimesTR\",\"https:\/\/www.instagram.com\/epochtimestr\"]},{\"@type\":\"Person\",\"@id\":\"https:\/\/epochtimestr.com\/#\/schema\/person\/3dc5c3adeb9f43923c5aa85889172fdd\",\"name\":\"Haber Merkezi\",\"image\":{\"@type\":\"ImageObject\",\"inLanguage\":\"tr\",\"@id\":\"https:\/\/epochtimestr.com\/#\/schema\/person\/image\/\",\"url\":\"https:\/\/secure.gravatar.com\/avatar\/d73f772ba5a74f28601361e17c2f93e6?s=96&d=mm&r=g\",\"contentUrl\":\"https:\/\/secure.gravatar.com\/avatar\/d73f772ba5a74f28601361e17c2f93e6?s=96&d=mm&r=g\",\"caption\":\"Haber Merkezi\"},\"url\":\"https:\/\/epochtimestr.com\/index.php\/author\/sendag\"}]}<\/script>\n<!-- \/ Yoast SEO plugin. -->","yoast_head_json":{"title":"\u0130TO \u0130stanbul'un Temmuz Ay\u0131 Enflasyon Rakamlar\u0131n\u0131 A\u00e7\u0131klad\u0131 - The Epoch Times TR","description":"\u0130stanbul T\u00fcketici Fiyat \u0130ndeksi \u0130TO Temmuz ay\u0131 verilerine g\u00f6re \u0130stanbul'da perakende fiyatlar ayl\u0131k y\u00fczde 2,06 y\u0131ll\u0131k y\u00fczde 35,20 artt\u0131.","robots":{"index":"index","follow":"follow","max-snippet":"max-snippet:-1","max-image-preview":"max-image-preview:large","max-video-preview":"max-video-preview:-1"},"canonical":"https:\/\/epochtimestr.com\/index.php\/ito-istanbulun-temmuz-ayi-enflasyon-rakamlarini-acikladi","og_locale":"tr_TR","og_type":"article","og_title":"\u0130TO \u0130stanbul'un Temmuz Ay\u0131 Enflasyon Rakamlar\u0131n\u0131 A\u00e7\u0131klad\u0131 - The Epoch Times TR","og_description":"\u0130stanbul T\u00fcketici Fiyat \u0130ndeksi \u0130TO Temmuz ay\u0131 verilerine g\u00f6re \u0130stanbul'da perakende fiyatlar ayl\u0131k y\u00fczde 2,06 y\u0131ll\u0131k y\u00fczde 35,20 artt\u0131.","og_url":"https:\/\/epochtimestr.com\/index.php\/ito-istanbulun-temmuz-ayi-enflasyon-rakamlarini-acikladi","og_site_name":"The Epoch Times TR","article_publisher":"https:\/\/www.facebook.com\/theepochtimestr","article_published_time":"2026-08-01T12:36:04+00:00","article_modified_time":"2026-08-01T12:36:07+00:00","og_image":[{"width":1163,"height":1200,"url":"https:\/\/epochtimestr.com\/wp-content\/uploads\/2011y\/pixabay-4-1163x1200.png","type":"image\/png"}],"author":"Haber Merkezi","twitter_card":"summary_large_image","twitter_creator":"@TheEpochTimesTR","twitter_site":"@TheEpochTimesTR","twitter_misc":{"Yazan:":"Haber Merkezi","Tahmini okuma s\u00fcresi":"3 dakika"},"schema":{"@context":"https:\/\/schema.org","@graph":[{"@type":"Article","@id":"https:\/\/epochtimestr.com\/index.php\/ito-istanbulun-temmuz-ayi-enflasyon-rakamlarini-acikladi#article","isPartOf":{"@id":"https:\/\/epochtimestr.com\/index.php\/ito-istanbulun-temmuz-ayi-enflasyon-rakamlarini-acikladi"},"author":{"name":"Haber Merkezi","@id":"https:\/\/epochtimestr.com\/#\/schema\/person\/3dc5c3adeb9f43923c5aa85889172fdd"},"headline":"\u0130TO \u0130stanbul&#8217;un Temmuz Ay\u0131 Enflasyon Rakamlar\u0131n\u0131 A\u00e7\u0131klad\u0131","datePublished":"2026-08-01T12:36:04+00:00","dateModified":"2026-08-01T12:36:07+00:00","mainEntityOfPage":{"@id":"https:\/\/epochtimestr.com\/index.php\/ito-istanbulun-temmuz-ayi-enflasyon-rakamlarini-acikladi"},"wordCount":368,"commentCount":0,"publisher":{"@id":"https:\/\/epochtimestr.com\/#organization"},"image":{"@id":"https:\/\/epochtimestr.com\/index.php\/ito-istanbulun-temmuz-ayi-enflasyon-rakamlarini-acikladi#primaryimage"},"thumbnailUrl":"https:\/\/epochtimestr.com\/wp-content\/uploads\/2011y\/pixabay-4.png","keywords":["\u0130stanbul","\u0130stanbul T\u00fcketici Fiyat Endeksi","\u0130TO","Temmuz ay\u0131 enflasyon"],"articleSection":["Ekonomi","G\u00dcNDEM","MAN\u015eET"],"inLanguage":"tr","potentialAction":[{"@type":"CommentAction","name":"Comment","target":["https:\/\/epochtimestr.com\/index.php\/ito-istanbulun-temmuz-ayi-enflasyon-rakamlarini-acikladi#respond"]}]},{"@type":"WebPage","@id":"https:\/\/epochtimestr.com\/index.php\/ito-istanbulun-temmuz-ayi-enflasyon-rakamlarini-acikladi","url":"https:\/\/epochtimestr.com\/index.php\/ito-istanbulun-temmuz-ayi-enflasyon-rakamlarini-acikladi","name":"\u0130TO \u0130stanbul'un Temmuz Ay\u0131 Enflasyon Rakamlar\u0131n\u0131 A\u00e7\u0131klad\u0131 - The Epoch Times TR","isPartOf":{"@id":"https:\/\/epochtimestr.com\/#website"},"primaryImageOfPage":{"@id":"https:\/\/epochtimestr.com\/index.php\/ito-istanbulun-temmuz-ayi-enflasyon-rakamlarini-acikladi#primaryimage"},"image":{"@id":"https:\/\/epochtimestr.com\/index.php\/ito-istanbulun-temmuz-ayi-enflasyon-rakamlarini-acikladi#primaryimage"},"thumbnailUrl":"https:\/\/epochtimestr.com\/wp-content\/uploads\/2011y\/pixabay-4.png","datePublished":"2026-08-01T12:36:04+00:00","dateModified":"2026-08-01T12:36:07+00:00","description":"\u0130stanbul T\u00fcketici Fiyat \u0130ndeksi \u0130TO Temmuz ay\u0131 verilerine g\u00f6re \u0130stanbul'da perakende fiyatlar ayl\u0131k y\u00fczde 2,06 y\u0131ll\u0131k y\u00fczde 35,20 artt\u0131.","inLanguage":"tr","potentialAction":[{"@type":"ReadAction","target":["https:\/\/epochtimestr.com\/index.php\/ito-istanbulun-temmuz-ayi-enflasyon-rakamlarini-acikladi"]}]},{"@type":"ImageObject","inLanguage":"tr","@id":"https:\/\/epochtimestr.com\/index.php\/ito-istanbulun-temmuz-ayi-enflasyon-rakamlarini-acikladi#primaryimage","url":"https:\/\/epochtimestr.com\/wp-content\/uploads\/2011y\/pixabay-4.png","contentUrl":"https:\/\/epochtimestr.com\/wp-content\/uploads\/2011y\/pixabay-4.png","width":1241,"height":1280},{"@type":"WebSite","@id":"https:\/\/epochtimestr.com\/#website","url":"https:\/\/epochtimestr.com\/","name":"The Epoch Times TR","description":"De\u011fi\u015fen D\u00fcnyam\u0131za Taze Bir Bak\u0131\u015f","publisher":{"@id":"https:\/\/epochtimestr.com\/#organization"},"potentialAction":[{"@type":"SearchAction","target":{"@type":"EntryPoint","urlTemplate":"https:\/\/epochtimestr.com\/?s={search_term_string}"},"query-input":"required name=search_term_string"}],"inLanguage":"tr"},{"@type":"Organization","@id":"https:\/\/epochtimestr.com\/#organization","name":"The EpochTimes T\u00fcrkiye","url":"https:\/\/epochtimestr.com\/","logo":{"@type":"ImageObject","inLanguage":"tr","@id":"https:\/\/epochtimestr.com\/#\/schema\/logo\/image\/","url":"https:\/\/epochtimestr.com\/wp-content\/uploads\/2011y\/ET-Logo-YG.jpg","contentUrl":"https:\/\/epochtimestr.com\/wp-content\/uploads\/2011y\/ET-Logo-YG.jpg","width":346,"height":29,"caption":"The EpochTimes T\u00fcrkiye"},"image":{"@id":"https:\/\/epochtimestr.com\/#\/schema\/logo\/image\/"},"sameAs":["https:\/\/www.facebook.com\/theepochtimestr","https:\/\/x.com\/TheEpochTimesTR","https:\/\/www.instagram.com\/epochtimestr"]},{"@type":"Person","@id":"https:\/\/epochtimestr.com\/#\/schema\/person\/3dc5c3adeb9f43923c5aa85889172fdd","name":"Haber Merkezi","image":{"@type":"ImageObject","inLanguage":"tr","@id":"https:\/\/epochtimestr.com\/#\/schema\/person\/image\/","url":"https:\/\/secure.gravatar.com\/avatar\/d73f772ba5a74f28601361e17c2f93e6?s=96&d=mm&r=g","contentUrl":"https:\/\/secure.gravatar.com\/avatar\/d73f772ba5a74f28601361e17c2f93e6?s=96&d=mm&r=g","caption":"Haber Merkezi"},"url":"https:\/\/epochtimestr.com\/index.php\/author\/sendag"}]}},"_links":{"self":[{"href":"https:\/\/epochtimestr.com\/index.php\/wp-json\/wp\/v2\/posts\/169611"}],"collection":[{"href":"https:\/\/epochtimestr.com\/index.php\/wp-json\/wp\/v2\/posts"}],"about":[{"href":"https:\/\/epochtimestr.com\/index.php\/wp-json\/wp\/v2\/types\/post"}],"author":[{"embeddable":true,"href":"https:\/\/epochtimestr.com\/index.php\/wp-json\/wp\/v2\/users\/12791"}],"replies":[{"embeddable":true,"href":"https:\/\/epochtimestr.com\/index.php\/wp-json\/wp\/v2\/comments?post=169611"}],"version-history":[{"count":2,"href":"https:\/\/epochtimestr.com\/index.php\/wp-json\/wp\/v2\/posts\/169611\/revisions"}],"predecessor-version":[{"id":169623,"href":"https:\/\/epochtimestr.com\/index.php\/wp-json\/wp\/v2\/posts\/169611\/revisions\/169623"}],"wp:featuredmedia":[{"embeddable":true,"href":"https:\/\/epochtimestr.com\/index.php\/wp-json\/wp\/v2\/media\/169613"}],"wp:attachment":[{"href":"https:\/\/epochtimestr.com\/index.php\/wp-json\/wp\/v2\/media?parent=169611"}],"wp:term":[{"taxonomy":"category","embeddable":true,"href":"https:\/\/epochtimestr.com\/index.php\/wp-json\/wp\/v2\/categories?post=169611"},{"taxonomy":"post_tag","embeddable":true,"href":"https:\/\/epochtimestr.com\/index.php\/wp-json\/wp\/v2\/tags?post=169611"}],"curies":[{"name":"wp","href":"https:\/\/api.w.org\/{rel}","templated":true}]}}