{"id":169663,"date":"2026-08-02T14:47:51","date_gmt":"2026-08-02T11:47:51","guid":{"rendered":"https:\/\/epochtimestr.com\/?p=169663"},"modified":"2026-08-02T14:47:54","modified_gmt":"2026-08-02T11:47:54","slug":"ozgur-ozelden-akpye-katilan-eren-ali-bingol-aciklamasi","status":"publish","type":"post","link":"https:\/\/epochtimestr.com\/index.php\/ozgur-ozelden-akpye-katilan-eren-ali-bingol-aciklamasi","title":{"rendered":"\u00d6zg\u00fcr \u00d6zel&#8217;den AKP&#8217;ye Kat\u0131lan Eren Ali Bing\u00f6l A\u00e7\u0131klamas\u0131"},"content":{"rendered":"<div class=\"wp-block-image\">\n<figure class=\"aligncenter size-full\"><img loading=\"lazy\" decoding=\"async\" width=\"1280\" height=\"720\" src=\"https:\/\/epochtimestr.com\/wp-content\/uploads\/2011y\/yeni-parti-x.webp\" alt=\"\" class=\"wp-image-169664\" srcset=\"https:\/\/epochtimestr.com\/wp-content\/uploads\/2011y\/yeni-parti-x.webp 1280w, https:\/\/epochtimestr.com\/wp-content\/uploads\/2011y\/yeni-parti-x-300x169.webp 300w, https:\/\/epochtimestr.com\/wp-content\/uploads\/2011y\/yeni-parti-x-150x84.webp 150w, https:\/\/epochtimestr.com\/wp-content\/uploads\/2011y\/yeni-parti-x-768x432.webp 768w\" sizes=\"(max-width: 1280px) 100vw, 1280px\" \/><figcaption class=\"wp-element-caption\">\u00d6zg\u00fcr \u00d6zel&#8217;den AKP&#8217;ye kat\u0131lan Eren Ali Bing\u00f6l a\u00e7\u0131klamas\u0131. (Foto\u011faraf: YEN\u0130 Parti x hesab\u0131)<\/figcaption><\/figure><\/div>\n\n\n<h2 class=\"wp-block-heading\">YEN\u0130 Parti Genel Ba\u015fkan\u0131 \u00d6zg\u00fcr \u00d6zel, CHP&#8217;den istifa ederek AKP&#8217;ye kat\u0131lan Tuzla Belediye Ba\u015fkan\u0131 Eren Ali Bing\u00f6l hakk\u0131nda a\u00e7\u0131klamalarda bulundu.<\/h2>\n\n\n\n<p><a href=\"https:\/\/epochtimestr.com\/index.php\/ozgur-ozel-yeni-parti-icin-bagis-kampanyasi-baslatti\" target=\"_blank\" rel=\"noreferrer noopener\">YEN\u0130 Parti<\/a> Genel Ba\u015fkan\u0131 <a href=\"https:\/\/epochtimestr.com\/index.php\/ozgur-ozel-yeni-parti-icin-bagis-kampanyasi-baslatti\" target=\"_blank\" rel=\"noreferrer noopener\">\u00d6zg\u00fcr \u00d6zel<\/a>, g\u00fcndeme ili\u015fkin yeni de\u011ferlendirmelerde bulundu. T24&#8217;ten Murat Sabuncu ve \u015eirin Payz\u0131n&#8217;a konu\u015fan \u00d6zg\u00fcr \u00d6zel, \u00e7er\u00e7eve yasadan Selahattin Demirta\u015f&#8217;\u0131n tutuklulu\u011funa, YEN\u0130 Parti&#8217;nin kurulu\u015fundan CHP&#8217;deki kopu\u015flara kadar bir\u00e7ok konuya dair konu\u015ftu. \u00d6zel, mutlak butlan karar\u0131na tepki olarak CHP&#8217;den istifa eden \u0130zmir Belediye Ba\u015fkan\u0131 Cemil Tugay hakk\u0131nda &#8216;AKP&#8217;ye kat\u0131lacak&#8217; iddialar\u0131na dair, &#8220;AK Parti kazanamad\u0131\u011f\u0131 bir ili \u015fantajla transfer etmeyi yedirirse \u00f6m\u00fcr boyu b\u00f6yle bir travmay\u0131 \u00fczerinden nas\u0131l ta\u015f\u0131rlar, bunlar\u0131n hesab\u0131n\u0131 yapmalar\u0131 laz\u0131m&#8221; dedi. AK Parti&#8217;ye kat\u0131lan Tuzla Belediye Ba\u015fkan\u0131 Eren Ali Bing\u00f6l&#8217;\u00fcn ise bask\u0131 ve \u015fantaja maruz kald\u0131\u011f\u0131n\u0131 \u00f6ne s\u00fcren \u00d6zel, &#8220;Beni aray\u0131p a\u011flad\u0131&#8221; ifadelerini kulland\u0131.<\/p>\n\n\n\n<p><strong>&#8220;Kendisi AK Parti&#8217;ye ge\u00e7ece\u011fi iddialar\u0131n\u0131 kesin bir dille reddetti<\/strong>.&#8221;<\/p>\n\n\n\n<p>\u00d6zel, mutlak butlan karar\u0131na tepki olarak CHP&#8217;den ilk istifa eden isim olan \u0130zmir B\u00fcy\u00fck\u015fehir Belediye Ba\u015fkan\u0131 Cemil Tugay hakk\u0131nda \u015funlar\u0131 s\u00f6yledi:<\/p>\n\n\n\n<p>&#8220;Cemil Bey butlana tepki olarak istifa etti. Bir an \u00f6nce partile\u015fmek laz\u0131m dedi. Kendisi AK Parti&#8217;ye ge\u00e7ece\u011fi iddialar\u0131n\u0131 kesin bir dille reddetti. B\u00f6yle bir \u015fey hayata ge\u00e7ecek olursa \u0130zmir&#8217;dekilerin y\u00fcz\u00fcne nas\u0131l bakacak, bizim y\u00fcz\u00fcm\u00fcze, ailesine nas\u0131l bakacak? Bu tarih \u00f6n\u00fcnde yeni bir travma olur. Biz se\u00e7im gecesi kutlama yaparken o travmay\u0131 atlat\u0131r\u0131z ama baz\u0131lar\u0131n\u0131n hayat\u0131nda \u00f6m\u00fcr boyu kal\u0131r. En son iki \u00fc\u00e7 hafta \u00f6nce konu\u015ftum. &#8216;Birileri sizin s\u0131rt\u0131n\u0131zdan y\u00fck almal\u0131, herkes y\u00fck veriyor&#8217; demi\u015fti. &#8220;Sen AK Parti&#8217;ye mi ge\u00e7eceksin&#8221; demek \u0130zmir B\u00fcy\u00fck\u015fehir Belediye Ba\u015fkan\u0131&#8217;na sorulacak soru de\u011fil, kendime de ona da yak\u0131\u015ft\u0131rmam. Ama giden gelen b\u00f6yle s\u00f6yleyenler oluyor. Biz \u0130zmir&#8217;de ortaya \u00e7\u0131kabilecek travmay\u0131 2,5-3 milyon \u0130zmirliyle Kordon&#8217;da atlat\u0131r\u0131z se\u00e7im g\u00fcn\u00fc atlat\u0131r\u0131z. Ama AK Parti kazanamad\u0131\u011f\u0131 bir ili \u015fantajla transfer etmeyi yedirirse \u00f6m\u00fcr boyu b\u00f6yle bir travmay\u0131 \u00fczerinden nas\u0131l ta\u015f\u0131rlar, bunlar\u0131n hesab\u0131n\u0131 yapmalar\u0131 laz\u0131m.&#8221;<\/p>\n\n\n<div class=\"wp-block-image\">\n<figure class=\"aligncenter size-full\"><img loading=\"lazy\" decoding=\"async\" width=\"1200\" height=\"800\" src=\"https:\/\/epochtimestr.com\/wp-content\/uploads\/2011y\/tuzla-belediyesi.webp\" alt=\"\u00d6zg\u00fcr \u00d6zel, Eren Ali Bing\u00f6l ile Tuzla Belediye Ba\u015fkanl\u0131\u011f\u0131nda (Foto\u011fraf: Tuzla Belediyesi web sitesi)\" class=\"wp-image-169665\" srcset=\"https:\/\/epochtimestr.com\/wp-content\/uploads\/2011y\/tuzla-belediyesi.webp 1200w, https:\/\/epochtimestr.com\/wp-content\/uploads\/2011y\/tuzla-belediyesi-300x200.webp 300w, https:\/\/epochtimestr.com\/wp-content\/uploads\/2011y\/tuzla-belediyesi-150x100.webp 150w, https:\/\/epochtimestr.com\/wp-content\/uploads\/2011y\/tuzla-belediyesi-768x512.webp 768w\" sizes=\"(max-width: 1200px) 100vw, 1200px\" \/><figcaption class=\"wp-element-caption\">\u00d6zg\u00fcr \u00d6zel, Eren Ali Bing\u00f6l ile Tuzla Belediye Ba\u015fkanl\u0131\u011f\u0131nda (Foto\u011fraf: Tuzla Belediyesi web sitesi)<\/figcaption><\/figure><\/div>\n\n\n<h3 class=\"wp-block-heading\">&#8220;Ya hapse at\u0131lacaks\u0131n ya AK Parti&#8217;ye kat\u0131lacaks\u0131n&#8221;<\/h3>\n\n\n\n<p>\u00d6zel, AKP&#8217;ye ge\u00e7en Tuzla Belediye Ba\u015fkan\u0131 Eren Ali Bing\u00f6l&#8217;e &#8220;Ya hapse at\u0131lacaks\u0131n ya AK Parti&#8217;ye kat\u0131lacaks\u0131n&#8221; \u00fczerinden \u015fantaj yap\u0131ld\u0131\u011f\u0131n\u0131 savundu. \u00d6zel, AKP&#8217;li eski Tuzla Belediye Ba\u015fkan\u0131 \u015eadi Yaz\u0131c\u0131&#8217;n\u0131n &#8220;tarihin en b\u00fcy\u00fck imar yolsuzlu\u011funu&#8221; yapt\u0131\u011f\u0131n\u0131 s\u00f6yleyerek, &#8220;bu konunun devam\u0131 sebebiyle Bing\u00f6l&#8217;\u00fcn \u00fczerine gidildi\u011fini&#8221; ifade etti. &#8220;Uykular\u0131 ka\u00e7an, k\u00fc\u00e7\u00fck \u00e7ocu\u011fu olan, yeni evli Tuzla Belediye Ba\u015fkan\u0131&#8217;n\u0131n kimyas\u0131n\u0131 bozdular&#8221; diyen \u00d6zel, \u015f\u00f6yle konu\u015ftu:<\/p>\n\n\n\n<p>&#8220;\u00c7ok do\u011fru bir \u00e7\u00f6z\u00fcm\u00fc bizzat \u00f6nerdim. &#8216;Bakan, Tuzla&#8217;ya yap\u0131lan haks\u0131zl\u0131\u011f\u0131 gidersin. Bunlar da, m\u00fcteahhitler de pay\u0131na d\u00fc\u015fen paray\u0131 vererek ge\u00e7mi\u015fte \u00f6demediklerini \u00f6desin. Bu i\u015f \u00e7\u00f6z\u00fcls\u00fcn, vatanda\u015f da ma\u011fdur olmas\u0131n&#8217; ama kamusal bir \u00e7\u00f6z\u00fcm yerine Belediye Ba\u015fkan\u0131 AK Parti&#8217;den\u2026 Nas\u0131l ki bizde normal \u015fartlarda \u015eadi Bey, onunla birlikte \u00e7al\u0131\u015fan belediye ba\u015fkan yard\u0131mc\u0131s\u0131 ve imzas\u0131 olan b\u00fct\u00fcn ge\u00e7mi\u015f d\u00f6nem b\u00fcrokratlar\u0131n\u0131n pald\u0131r k\u00fcld\u00fcr i\u00e7eri al\u0131nmas\u0131 gerekirken h\u00e2len daha d\u0131\u015far\u0131dalar. Hatta ve hatta, ge\u00e7mi\u015fin AK Partili belediye ba\u015fkan yard\u0131mc\u0131s\u0131 \u015fimdi bizim belediyemizde g\u00f6revlendirilmi\u015f, pozisyon tutturulmu\u015f durumdalar. <\/p>\n\n\n\n<p>Yani art\u0131k Tuzla Belediye Ba\u015fkan\u0131 da AK Parti&#8217;ye ge\u00e7mekle birlikte, bu konudaki b\u00fct\u00fcn \u015f\u00fcpheleri do\u011frular bir pozisyon tutmu\u015f oluyor. Bu i\u015fi fevkalade s\u0131k\u0131nt\u0131l\u0131, sorunlu ve asl\u0131nda bir su\u00e7\u00fcst\u00fc durumu olarak g\u00f6r\u00fcyorum. Ben, Tuzla Belediye Ba\u015fkan\u0131&#8217;n\u0131n bana neler diyerek a\u011flad\u0131\u011f\u0131n\u0131, anlatt\u0131\u011f\u0131n\u0131 falan bizzat ya\u015fad\u0131m. Zaten birtak\u0131m \u015feyler var. &#8216;Genel Ba\u015fkan abim gibidir, ben ona da anlatt\u0131m&#8217; diyor. Benim, bu \u00e7\u00f6z\u00fcm ve bu s\u00f6ylediklerimin bir tanesini bile bir ki\u015finin yalanlayacak pozisyonu yok; ne Murat Kurum ne Tuzla Belediye Ba\u015fkan\u0131 ya da ba\u015fka bir \u015fey.&#8221;<\/p>\n\n\n\n<p><strong>&#8220;Uzun s\u00fcredir \u00dcsk\u00fcdar Belediye Ba\u015fkan\u0131m\u0131za sald\u0131r\u0131 vard\u0131<\/strong>.&#8221;<\/p>\n\n\n\n<p>\u00d6zel, \u00dcsk\u00fcdar Belediye Ba\u015fkan\u0131 Sinem Dedeta\u015f&#8217;\u0131n tutuklulu\u011fu hakk\u0131nda ise &#8220;Uzun s\u00fcredir \u00dcsk\u00fcdar Belediye Ba\u015fkan\u0131m\u0131za sald\u0131r\u0131 vard\u0131. \u015eimdi ortaya \u00e7\u0131k\u0131yor ki yap\u0131lan ihalelerde \u00dcsk\u00fcdar Belediye Ba\u015fkan\u0131 AK Parti&#8217;ye ge\u00e7meyi kabul etseydi, buna meyletseydi bug\u00fcn evinde oturuyor olabilirdi. Bir\u00e7ok belediye ba\u015fkan\u0131na tehditler, \u015fantajlar yap\u0131ld\u0131\u011f\u0131n\u0131 biliyorum. Daha ge\u00e7en hafta bir belediye ba\u015fkan\u0131 &#8217;15 g\u00fcn i\u00e7inde operasyon olur&#8217; denilerek Ankara&#8217;ya \u00e7a\u011fr\u0131ld\u0131&#8221; diye konu\u015ftu.<\/p>\n\n\n\n<p>\u00d6zel, yapt\u0131\u011f\u0131 \u00e7\u00f6z\u00fcm \u00f6nerisini de an\u0131msatarak konu\u015fmas\u0131n\u0131 \u015fu \u015fekilde s\u00fcrd\u00fcrd\u00fc:<\/p>\n\n\n\n<h3 class=\"wp-block-heading\">&#8220;Meclis Ba\u015fkan\u0131 Numan Kurtulmu\u015f Bey&#8217;in a\u00e7\u0131klamalar\u0131na gelince buna \u015fa\u015f\u0131rd\u0131m.&#8221;<\/h3>\n\n\n\n<p>&#8220;Bizim K\u00fcrt meselesiyle ilgili tavr\u0131m\u0131z ya da bar\u0131\u015fa dair umudumuz, deste\u011fimiz konjonkt\u00fcrel bir mesele de\u011fil. Bu ilkesel bir mesele ve bu temel yakla\u015f\u0131m\u0131n d\u0131\u015f\u0131na ben \u00e7\u0131kmam; arkada\u015flar\u0131m\u0131z\u0131n da bu noktada, bu temel yakla\u015f\u0131mda bir problemi yok. \u0130lk ba\u015fta bunu bir s\u00f6ylemem laz\u0131m. Bunun \u00fcst\u00fcne s\u00f6yleyece\u011fim \u015fey \u015fu. Biz T\u00fcrkiye&#8217;yi y\u00f6netmek istiyoruz ve Yeni Parti\u2019nin do\u011fu\u015fu T\u00fcrkiye&#8217;yi y\u00f6netme \u0131srar\u0131m\u0131za, iktidar\u0131 de\u011fi\u015ftirme noktas\u0131ndaki kararl\u0131l\u0131\u011f\u0131m\u0131za kar\u015f\u0131 bir sivil darbe giri\u015fimiyle kar\u015f\u0131 kar\u015f\u0131yay\u0131z ya da bir ba\u015fka deyi\u015fle bir b\u00fcrokratik darbe giri\u015fimiyle kar\u015f\u0131 kar\u015f\u0131yay\u0131z. Yarg\u0131 b\u00fcrokrasisinin kullan\u0131ld\u0131\u011f\u0131 diyeyim daha do\u011frusu. Biz T\u00fcrkiye&#8217;yi y\u00f6netece\u011fiz. K\u00fcrt sorununun olmad\u0131\u011f\u0131, ter\u00f6r\u00fcn olmad\u0131\u011f\u0131 b\u00fct\u00e7enin ter\u00f6rle m\u00fccadeleye, silahlanmaya de\u011fil kalk\u0131nmaya ve insanlar\u0131n refah\u0131na ayr\u0131ld\u0131\u011f\u0131 bir T\u00fcrkiye&#8217;yi y\u00f6netmek istiyoruz. Bu a\u00e7\u0131dan da bu ya\u015fananlar\u0131, bu ya\u015fanacak s\u00fcreci \u00f6nemsiyoruz ve bu y\u00f6n\u00fcyle de destekliyoruz. Bug\u00fcn gelinen noktada Meclis Ba\u015fkan\u0131 Numan Kurtulmu\u015f Bey&#8217;in a\u00e7\u0131klamalar\u0131na gelince buna \u015fa\u015f\u0131rd\u0131m.<\/p>\n\n\n\n<p>Biz anayasaya uymayanlarla anayasa de\u011fi\u015ftirmeyece\u011fimizi zaten s\u00f6ylemi\u015ftik ilk ba\u015ftan beri&#8221; diyerek \u015funlar\u0131 kaydetti: &#8220;Bunu \u015f\u00f6yle alg\u0131layan ve alg\u0131latmaya \u00e7al\u0131\u015fanlar var. Ya bu s\u00fcre\u00e7 K\u00fcrt siyasetiyle AK Parti aras\u0131nda bir al ver s\u00fcrecidir. K\u00fcrt siyaseti istedi\u011fini alacak. Erdo\u011fan&#8217;a da bir d\u00f6nem daha aday olma ya da ba\u015fka alanlar\u0131 a\u015facak. Ben meseleye b\u00f6yle s\u0131\u011f bir yerden bakm\u0131yorum. Ve kesinlikle ve kesinlikle bu meselenin zaten \u00e7ok a\u011f\u0131r bir bedeli olur. Bunun ki\u015fisel siyasi ikbal pazarl\u0131klar\u0131na alet edilmesinin, b\u00f6ylesi maj\u00f6r bir meselenin ki\u015fisel, ikbal siyasi ikbal, parti \u00e7\u0131kar\u0131na indirgenmesini kabul etmiyoruz. Bunun yap\u0131ld\u0131\u011f\u0131nda zaten d\u00fcnya \u00f6rnekleri de T\u00fcrkiye&#8217;nin ge\u00e7mi\u015f \u00f6rnekleri de \u015funu g\u00f6steriyor ki ka\u015f yaparken g\u00f6z \u00e7\u0131kar\u0131rs\u0131n\u0131z. \u00c7ok daha k\u00f6t\u00fc sonu\u00e7lar do\u011furabilir.<\/p>\n\n\n\n<h3 class=\"wp-block-heading\">&#8220;Raporun alt\u0131nc\u0131 ve yedinci k\u0131s\u0131mlar\u0131 m\u00fchim.&#8221;<\/h3>\n\n\n\n<p>Biz kocaman rapor yazm\u0131\u015f\u0131z. Raporun \u015fimdi alt\u0131nc\u0131 ve yedinci k\u0131s\u0131mlar\u0131 m\u00fchim. Anayasa Mahkemesi karar\u0131na, A\u0130HM kararlar\u0131na uyma. Bu do\u011frudan hem Demirta\u015f&#8217;\u0131n hem Gezi tutuklar\u0131n\u0131, \u00e7ok say\u0131da siyaset\u00e7inin \u00f6zg\u00fcrl\u00fc\u011f\u00fcn\u00fc tarif ediyor. \u015eimdi bize \u00e7er\u00e7eve yasa geliyor. Demirta\u015f Edirne&#8217;de televizyondan izliyor bunu. Bu do\u011fru bir \u015fey de\u011fil yani. Bana ge\u00e7en g\u00fcn bir arkada\u015f dedi ki bu s\u00fcre\u00e7te Demirta\u015f&#8217;\u0131 ziyaret etmeyi d\u00fc\u015f\u00fcn\u00fcr m\u00fcs\u00fcn\u00fcz? Dedim ki evinde d\u00fc\u015f\u00fcn\u00fcr\u00fcm. Niye cezaevine gidip ziyaret edeyim yani. Orada bir s\u0131k\u0131nt\u0131m\u0131z yok zaten kendi a\u00e7\u0131klamalar\u0131 bizim a\u00e7\u0131klamam\u0131z. Ben seve seve giderim o da seve seve kabul edece\u011fini ifade etmi\u015fti ama niye buna raz\u0131 olal\u0131m?&#8221;<\/p>\n\n\n\n<figure class=\"wp-block-embed is-type-rich is-provider-x wp-block-embed-x\"><div class=\"wp-block-embed__wrapper\">\n<blockquote class=\"twitter-tweet\" data-width=\"550\" data-dnt=\"true\"><p lang=\"tr\" dir=\"ltr\">Genel Ba\u015fkan\u0131m\u0131z \u00d6zg\u00fcr \u00d6zel\u2019in T24\u2019e verdi\u011fi r\u00f6portaj\u0131 izleyebilirsiniz.<a href=\"https:\/\/t.co\/37ZLI0TbY7\">https:\/\/t.co\/37ZLI0TbY7<\/a><\/p>&mdash; YEN\u0130 Parti (@yenipartiyiz) <a href=\"https:\/\/x.com\/yenipartiyiz\/status\/2083809979086127508?ref_src=twsrc%5Etfw\">August 2, 2026<\/a><\/blockquote><script async src=\"https:\/\/platform.x.com\/widgets.js\" charset=\"utf-8\"><\/script>\n<\/div><\/figure>\n","protected":false},"excerpt":{"rendered":"<p>YEN\u0130 Parti Genel Ba\u015fkan\u0131 \u00d6zg\u00fcr \u00d6zel, CHP&#8217;den istifa ederek AKP&#8217;ye kat\u0131lan Tuzla Belediye Ba\u015fkan\u0131 Eren Ali Bing\u00f6l hakk\u0131nda a\u00e7\u0131klamalarda bulundu. YEN\u0130 Parti Genel Ba\u015fkan\u0131 \u00d6zg\u00fcr \u00d6zel, g\u00fcndeme ili\u015fkin yeni de\u011ferlendirmelerde bulundu. T24&#8217;ten Murat Sabuncu ve \u015eirin Payz\u0131n&#8217;a konu\u015fan \u00d6zg\u00fcr \u00d6zel, \u00e7er\u00e7eve yasadan Selahattin Demirta\u015f&#8217;\u0131n tutuklulu\u011funa, YEN\u0130 Parti&#8217;nin kurulu\u015fundan CHP&#8217;deki kopu\u015flara kadar bir\u00e7ok konuya dair konu\u015ftu. [&hellip;]<\/p>\n","protected":false},"author":12791,"featured_media":169664,"comment_status":"open","ping_status":"open","sticky":false,"template":"","format":"standard","meta":{"_yoast_wpseo_focuskw":"Eren Ali Bing\u00f6l","_yoast_wpseo_title":"","_yoast_wpseo_metadesc":"YEN\u0130 Parti Genel Ba\u015fkan\u0131 \u00d6zg\u00fcr \u00d6zel, AKP'ye kat\u0131lan Tuzla Belediye Ba\u015fkan\u0131 Eren Ali Bing\u00f6l hakk\u0131nda a\u00e7\u0131klamalarda bulundu.","_bbp_topic_count":0,"_bbp_reply_count":0,"_bbp_total_topic_count":0,"_bbp_total_reply_count":0,"_bbp_voice_count":0,"_bbp_anonymous_reply_count":0,"_bbp_topic_count_hidden":0,"_bbp_reply_count_hidden":0,"_bbp_forum_subforum_count":0,"footnotes":"","_yoast_wpseo_focuskw_text_input":""},"categories":[1,8138,8226],"tags":[11960,8492,11958,11961,11959,11909],"yoast_head":"<!-- This site is optimized with the Yoast SEO plugin v23.0 - https:\/\/yoast.com\/wordpress\/plugins\/seo\/ -->\n<title>\u00d6zg\u00fcr \u00d6zel&#039;den AKP&#039;ye Kat\u0131lan Eren Ali Bing\u00f6l A\u00e7\u0131klamas\u0131 - The Epoch Times TR<\/title>\n<meta name=\"description\" content=\"YEN\u0130 Parti Genel Ba\u015fkan\u0131 \u00d6zg\u00fcr \u00d6zel, AKP&#039;ye kat\u0131lan Tuzla Belediye Ba\u015fkan\u0131 Eren Ali Bing\u00f6l hakk\u0131nda a\u00e7\u0131klamalarda bulundu.\" \/>\n<meta name=\"robots\" content=\"index, follow, max-snippet:-1, max-image-preview:large, max-video-preview:-1\" \/>\n<link rel=\"canonical\" href=\"https:\/\/epochtimestr.com\/index.php\/ozgur-ozelden-akpye-katilan-eren-ali-bingol-aciklamasi\" \/>\n<meta property=\"og:locale\" content=\"tr_TR\" \/>\n<meta property=\"og:type\" content=\"article\" \/>\n<meta property=\"og:title\" content=\"\u00d6zg\u00fcr \u00d6zel&#039;den AKP&#039;ye Kat\u0131lan Eren Ali Bing\u00f6l A\u00e7\u0131klamas\u0131 - The Epoch Times TR\" \/>\n<meta property=\"og:description\" content=\"YEN\u0130 Parti Genel Ba\u015fkan\u0131 \u00d6zg\u00fcr \u00d6zel, AKP&#039;ye kat\u0131lan Tuzla Belediye Ba\u015fkan\u0131 Eren Ali Bing\u00f6l hakk\u0131nda a\u00e7\u0131klamalarda bulundu.\" \/>\n<meta property=\"og:url\" content=\"https:\/\/epochtimestr.com\/index.php\/ozgur-ozelden-akpye-katilan-eren-ali-bingol-aciklamasi\" \/>\n<meta property=\"og:site_name\" content=\"The Epoch Times TR\" \/>\n<meta property=\"article:publisher\" content=\"https:\/\/www.facebook.com\/theepochtimestr\" \/>\n<meta property=\"article:published_time\" content=\"2026-08-02T11:47:51+00:00\" \/>\n<meta property=\"article:modified_time\" content=\"2026-08-02T11:47:54+00:00\" \/>\n<meta property=\"og:image\" content=\"https:\/\/epochtimestr.com\/wp-content\/uploads\/2011y\/yeni-parti-x.webp\" \/>\n\t<meta property=\"og:image:width\" content=\"1280\" \/>\n\t<meta property=\"og:image:height\" content=\"720\" \/>\n\t<meta property=\"og:image:type\" content=\"image\/webp\" \/>\n<meta name=\"author\" content=\"Haber Merkezi\" \/>\n<meta name=\"twitter:card\" content=\"summary_large_image\" \/>\n<meta name=\"twitter:creator\" content=\"@TheEpochTimesTR\" \/>\n<meta name=\"twitter:site\" content=\"@TheEpochTimesTR\" \/>\n<meta name=\"twitter:label1\" content=\"Yazan:\" \/>\n\t<meta name=\"twitter:data1\" content=\"Haber Merkezi\" \/>\n\t<meta name=\"twitter:label2\" content=\"Tahmini okuma s\u00fcresi\" \/>\n\t<meta name=\"twitter:data2\" content=\"7 dakika\" \/>\n<script type=\"application\/ld+json\" class=\"yoast-schema-graph\">{\"@context\":\"https:\/\/schema.org\",\"@graph\":[{\"@type\":\"Article\",\"@id\":\"https:\/\/epochtimestr.com\/index.php\/ozgur-ozelden-akpye-katilan-eren-ali-bingol-aciklamasi#article\",\"isPartOf\":{\"@id\":\"https:\/\/epochtimestr.com\/index.php\/ozgur-ozelden-akpye-katilan-eren-ali-bingol-aciklamasi\"},\"author\":{\"name\":\"Haber Merkezi\",\"@id\":\"https:\/\/epochtimestr.com\/#\/schema\/person\/3dc5c3adeb9f43923c5aa85889172fdd\"},\"headline\":\"\u00d6zg\u00fcr \u00d6zel&#8217;den AKP&#8217;ye Kat\u0131lan Eren Ali Bing\u00f6l A\u00e7\u0131klamas\u0131\",\"datePublished\":\"2026-08-02T11:47:51+00:00\",\"dateModified\":\"2026-08-02T11:47:54+00:00\",\"mainEntityOfPage\":{\"@id\":\"https:\/\/epochtimestr.com\/index.php\/ozgur-ozelden-akpye-katilan-eren-ali-bingol-aciklamasi\"},\"wordCount\":1421,\"commentCount\":0,\"publisher\":{\"@id\":\"https:\/\/epochtimestr.com\/#organization\"},\"image\":{\"@id\":\"https:\/\/epochtimestr.com\/index.php\/ozgur-ozelden-akpye-katilan-eren-ali-bingol-aciklamasi#primaryimage\"},\"thumbnailUrl\":\"https:\/\/epochtimestr.com\/wp-content\/uploads\/2011y\/yeni-parti-x.webp\",\"keywords\":[\"Eren Ali Bing\u00f6l\",\"\u00d6zg\u00fcr \u00d6zel\",\"Sinem Dedeta\u015f\",\"Tuzla Belediyesi\",\"\u00dcsk\u00fcdar Belediyesi\",\"YEN\u0130 Parti\"],\"articleSection\":[\"G\u00dcNDEM\",\"MAN\u015eET\",\"Siyaset\"],\"inLanguage\":\"tr\",\"potentialAction\":[{\"@type\":\"CommentAction\",\"name\":\"Comment\",\"target\":[\"https:\/\/epochtimestr.com\/index.php\/ozgur-ozelden-akpye-katilan-eren-ali-bingol-aciklamasi#respond\"]}]},{\"@type\":\"WebPage\",\"@id\":\"https:\/\/epochtimestr.com\/index.php\/ozgur-ozelden-akpye-katilan-eren-ali-bingol-aciklamasi\",\"url\":\"https:\/\/epochtimestr.com\/index.php\/ozgur-ozelden-akpye-katilan-eren-ali-bingol-aciklamasi\",\"name\":\"\u00d6zg\u00fcr \u00d6zel'den AKP'ye Kat\u0131lan Eren Ali Bing\u00f6l A\u00e7\u0131klamas\u0131 - The Epoch Times TR\",\"isPartOf\":{\"@id\":\"https:\/\/epochtimestr.com\/#website\"},\"primaryImageOfPage\":{\"@id\":\"https:\/\/epochtimestr.com\/index.php\/ozgur-ozelden-akpye-katilan-eren-ali-bingol-aciklamasi#primaryimage\"},\"image\":{\"@id\":\"https:\/\/epochtimestr.com\/index.php\/ozgur-ozelden-akpye-katilan-eren-ali-bingol-aciklamasi#primaryimage\"},\"thumbnailUrl\":\"https:\/\/epochtimestr.com\/wp-content\/uploads\/2011y\/yeni-parti-x.webp\",\"datePublished\":\"2026-08-02T11:47:51+00:00\",\"dateModified\":\"2026-08-02T11:47:54+00:00\",\"description\":\"YEN\u0130 Parti Genel Ba\u015fkan\u0131 \u00d6zg\u00fcr \u00d6zel, AKP'ye kat\u0131lan Tuzla Belediye Ba\u015fkan\u0131 Eren Ali Bing\u00f6l hakk\u0131nda a\u00e7\u0131klamalarda bulundu.\",\"inLanguage\":\"tr\",\"potentialAction\":[{\"@type\":\"ReadAction\",\"target\":[\"https:\/\/epochtimestr.com\/index.php\/ozgur-ozelden-akpye-katilan-eren-ali-bingol-aciklamasi\"]}]},{\"@type\":\"ImageObject\",\"inLanguage\":\"tr\",\"@id\":\"https:\/\/epochtimestr.com\/index.php\/ozgur-ozelden-akpye-katilan-eren-ali-bingol-aciklamasi#primaryimage\",\"url\":\"https:\/\/epochtimestr.com\/wp-content\/uploads\/2011y\/yeni-parti-x.webp\",\"contentUrl\":\"https:\/\/epochtimestr.com\/wp-content\/uploads\/2011y\/yeni-parti-x.webp\",\"width\":1280,\"height\":720},{\"@type\":\"WebSite\",\"@id\":\"https:\/\/epochtimestr.com\/#website\",\"url\":\"https:\/\/epochtimestr.com\/\",\"name\":\"The Epoch Times TR\",\"description\":\"De\u011fi\u015fen D\u00fcnyam\u0131za Taze Bir Bak\u0131\u015f\",\"publisher\":{\"@id\":\"https:\/\/epochtimestr.com\/#organization\"},\"potentialAction\":[{\"@type\":\"SearchAction\",\"target\":{\"@type\":\"EntryPoint\",\"urlTemplate\":\"https:\/\/epochtimestr.com\/?s={search_term_string}\"},\"query-input\":\"required name=search_term_string\"}],\"inLanguage\":\"tr\"},{\"@type\":\"Organization\",\"@id\":\"https:\/\/epochtimestr.com\/#organization\",\"name\":\"The EpochTimes T\u00fcrkiye\",\"url\":\"https:\/\/epochtimestr.com\/\",\"logo\":{\"@type\":\"ImageObject\",\"inLanguage\":\"tr\",\"@id\":\"https:\/\/epochtimestr.com\/#\/schema\/logo\/image\/\",\"url\":\"https:\/\/epochtimestr.com\/wp-content\/uploads\/2011y\/ET-Logo-YG.jpg\",\"contentUrl\":\"https:\/\/epochtimestr.com\/wp-content\/uploads\/2011y\/ET-Logo-YG.jpg\",\"width\":346,\"height\":29,\"caption\":\"The EpochTimes T\u00fcrkiye\"},\"image\":{\"@id\":\"https:\/\/epochtimestr.com\/#\/schema\/logo\/image\/\"},\"sameAs\":[\"https:\/\/www.facebook.com\/theepochtimestr\",\"https:\/\/x.com\/TheEpochTimesTR\",\"https:\/\/www.instagram.com\/epochtimestr\"]},{\"@type\":\"Person\",\"@id\":\"https:\/\/epochtimestr.com\/#\/schema\/person\/3dc5c3adeb9f43923c5aa85889172fdd\",\"name\":\"Haber Merkezi\",\"image\":{\"@type\":\"ImageObject\",\"inLanguage\":\"tr\",\"@id\":\"https:\/\/epochtimestr.com\/#\/schema\/person\/image\/\",\"url\":\"https:\/\/secure.gravatar.com\/avatar\/d73f772ba5a74f28601361e17c2f93e6?s=96&d=mm&r=g\",\"contentUrl\":\"https:\/\/secure.gravatar.com\/avatar\/d73f772ba5a74f28601361e17c2f93e6?s=96&d=mm&r=g\",\"caption\":\"Haber Merkezi\"},\"url\":\"https:\/\/epochtimestr.com\/index.php\/author\/sendag\"}]}<\/script>\n<!-- \/ Yoast SEO plugin. -->","yoast_head_json":{"title":"\u00d6zg\u00fcr \u00d6zel'den AKP'ye Kat\u0131lan Eren Ali Bing\u00f6l A\u00e7\u0131klamas\u0131 - The Epoch Times TR","description":"YEN\u0130 Parti Genel Ba\u015fkan\u0131 \u00d6zg\u00fcr \u00d6zel, AKP'ye kat\u0131lan Tuzla Belediye Ba\u015fkan\u0131 Eren Ali Bing\u00f6l hakk\u0131nda a\u00e7\u0131klamalarda bulundu.","robots":{"index":"index","follow":"follow","max-snippet":"max-snippet:-1","max-image-preview":"max-image-preview:large","max-video-preview":"max-video-preview:-1"},"canonical":"https:\/\/epochtimestr.com\/index.php\/ozgur-ozelden-akpye-katilan-eren-ali-bingol-aciklamasi","og_locale":"tr_TR","og_type":"article","og_title":"\u00d6zg\u00fcr \u00d6zel'den AKP'ye Kat\u0131lan Eren Ali Bing\u00f6l A\u00e7\u0131klamas\u0131 - The Epoch Times TR","og_description":"YEN\u0130 Parti Genel Ba\u015fkan\u0131 \u00d6zg\u00fcr \u00d6zel, AKP'ye kat\u0131lan Tuzla Belediye Ba\u015fkan\u0131 Eren Ali Bing\u00f6l hakk\u0131nda a\u00e7\u0131klamalarda bulundu.","og_url":"https:\/\/epochtimestr.com\/index.php\/ozgur-ozelden-akpye-katilan-eren-ali-bingol-aciklamasi","og_site_name":"The Epoch Times TR","article_publisher":"https:\/\/www.facebook.com\/theepochtimestr","article_published_time":"2026-08-02T11:47:51+00:00","article_modified_time":"2026-08-02T11:47:54+00:00","og_image":[{"width":1280,"height":720,"url":"https:\/\/epochtimestr.com\/wp-content\/uploads\/2011y\/yeni-parti-x.webp","type":"image\/webp"}],"author":"Haber Merkezi","twitter_card":"summary_large_image","twitter_creator":"@TheEpochTimesTR","twitter_site":"@TheEpochTimesTR","twitter_misc":{"Yazan:":"Haber Merkezi","Tahmini okuma s\u00fcresi":"7 dakika"},"schema":{"@context":"https:\/\/schema.org","@graph":[{"@type":"Article","@id":"https:\/\/epochtimestr.com\/index.php\/ozgur-ozelden-akpye-katilan-eren-ali-bingol-aciklamasi#article","isPartOf":{"@id":"https:\/\/epochtimestr.com\/index.php\/ozgur-ozelden-akpye-katilan-eren-ali-bingol-aciklamasi"},"author":{"name":"Haber Merkezi","@id":"https:\/\/epochtimestr.com\/#\/schema\/person\/3dc5c3adeb9f43923c5aa85889172fdd"},"headline":"\u00d6zg\u00fcr \u00d6zel&#8217;den AKP&#8217;ye Kat\u0131lan Eren Ali Bing\u00f6l A\u00e7\u0131klamas\u0131","datePublished":"2026-08-02T11:47:51+00:00","dateModified":"2026-08-02T11:47:54+00:00","mainEntityOfPage":{"@id":"https:\/\/epochtimestr.com\/index.php\/ozgur-ozelden-akpye-katilan-eren-ali-bingol-aciklamasi"},"wordCount":1421,"commentCount":0,"publisher":{"@id":"https:\/\/epochtimestr.com\/#organization"},"image":{"@id":"https:\/\/epochtimestr.com\/index.php\/ozgur-ozelden-akpye-katilan-eren-ali-bingol-aciklamasi#primaryimage"},"thumbnailUrl":"https:\/\/epochtimestr.com\/wp-content\/uploads\/2011y\/yeni-parti-x.webp","keywords":["Eren Ali Bing\u00f6l","\u00d6zg\u00fcr \u00d6zel","Sinem Dedeta\u015f","Tuzla Belediyesi","\u00dcsk\u00fcdar Belediyesi","YEN\u0130 Parti"],"articleSection":["G\u00dcNDEM","MAN\u015eET","Siyaset"],"inLanguage":"tr","potentialAction":[{"@type":"CommentAction","name":"Comment","target":["https:\/\/epochtimestr.com\/index.php\/ozgur-ozelden-akpye-katilan-eren-ali-bingol-aciklamasi#respond"]}]},{"@type":"WebPage","@id":"https:\/\/epochtimestr.com\/index.php\/ozgur-ozelden-akpye-katilan-eren-ali-bingol-aciklamasi","url":"https:\/\/epochtimestr.com\/index.php\/ozgur-ozelden-akpye-katilan-eren-ali-bingol-aciklamasi","name":"\u00d6zg\u00fcr \u00d6zel'den AKP'ye Kat\u0131lan Eren Ali Bing\u00f6l A\u00e7\u0131klamas\u0131 - The Epoch Times TR","isPartOf":{"@id":"https:\/\/epochtimestr.com\/#website"},"primaryImageOfPage":{"@id":"https:\/\/epochtimestr.com\/index.php\/ozgur-ozelden-akpye-katilan-eren-ali-bingol-aciklamasi#primaryimage"},"image":{"@id":"https:\/\/epochtimestr.com\/index.php\/ozgur-ozelden-akpye-katilan-eren-ali-bingol-aciklamasi#primaryimage"},"thumbnailUrl":"https:\/\/epochtimestr.com\/wp-content\/uploads\/2011y\/yeni-parti-x.webp","datePublished":"2026-08-02T11:47:51+00:00","dateModified":"2026-08-02T11:47:54+00:00","description":"YEN\u0130 Parti Genel Ba\u015fkan\u0131 \u00d6zg\u00fcr \u00d6zel, AKP'ye kat\u0131lan Tuzla Belediye Ba\u015fkan\u0131 Eren Ali Bing\u00f6l hakk\u0131nda a\u00e7\u0131klamalarda bulundu.","inLanguage":"tr","potentialAction":[{"@type":"ReadAction","target":["https:\/\/epochtimestr.com\/index.php\/ozgur-ozelden-akpye-katilan-eren-ali-bingol-aciklamasi"]}]},{"@type":"ImageObject","inLanguage":"tr","@id":"https:\/\/epochtimestr.com\/index.php\/ozgur-ozelden-akpye-katilan-eren-ali-bingol-aciklamasi#primaryimage","url":"https:\/\/epochtimestr.com\/wp-content\/uploads\/2011y\/yeni-parti-x.webp","contentUrl":"https:\/\/epochtimestr.com\/wp-content\/uploads\/2011y\/yeni-parti-x.webp","width":1280,"height":720},{"@type":"WebSite","@id":"https:\/\/epochtimestr.com\/#website","url":"https:\/\/epochtimestr.com\/","name":"The Epoch Times TR","description":"De\u011fi\u015fen D\u00fcnyam\u0131za Taze Bir Bak\u0131\u015f","publisher":{"@id":"https:\/\/epochtimestr.com\/#organization"},"potentialAction":[{"@type":"SearchAction","target":{"@type":"EntryPoint","urlTemplate":"https:\/\/epochtimestr.com\/?s={search_term_string}"},"query-input":"required name=search_term_string"}],"inLanguage":"tr"},{"@type":"Organization","@id":"https:\/\/epochtimestr.com\/#organization","name":"The EpochTimes T\u00fcrkiye","url":"https:\/\/epochtimestr.com\/","logo":{"@type":"ImageObject","inLanguage":"tr","@id":"https:\/\/epochtimestr.com\/#\/schema\/logo\/image\/","url":"https:\/\/epochtimestr.com\/wp-content\/uploads\/2011y\/ET-Logo-YG.jpg","contentUrl":"https:\/\/epochtimestr.com\/wp-content\/uploads\/2011y\/ET-Logo-YG.jpg","width":346,"height":29,"caption":"The EpochTimes T\u00fcrkiye"},"image":{"@id":"https:\/\/epochtimestr.com\/#\/schema\/logo\/image\/"},"sameAs":["https:\/\/www.facebook.com\/theepochtimestr","https:\/\/x.com\/TheEpochTimesTR","https:\/\/www.instagram.com\/epochtimestr"]},{"@type":"Person","@id":"https:\/\/epochtimestr.com\/#\/schema\/person\/3dc5c3adeb9f43923c5aa85889172fdd","name":"Haber Merkezi","image":{"@type":"ImageObject","inLanguage":"tr","@id":"https:\/\/epochtimestr.com\/#\/schema\/person\/image\/","url":"https:\/\/secure.gravatar.com\/avatar\/d73f772ba5a74f28601361e17c2f93e6?s=96&d=mm&r=g","contentUrl":"https:\/\/secure.gravatar.com\/avatar\/d73f772ba5a74f28601361e17c2f93e6?s=96&d=mm&r=g","caption":"Haber Merkezi"},"url":"https:\/\/epochtimestr.com\/index.php\/author\/sendag"}]}},"_links":{"self":[{"href":"https:\/\/epochtimestr.com\/index.php\/wp-json\/wp\/v2\/posts\/169663"}],"collection":[{"href":"https:\/\/epochtimestr.com\/index.php\/wp-json\/wp\/v2\/posts"}],"about":[{"href":"https:\/\/epochtimestr.com\/index.php\/wp-json\/wp\/v2\/types\/post"}],"author":[{"embeddable":true,"href":"https:\/\/epochtimestr.com\/index.php\/wp-json\/wp\/v2\/users\/12791"}],"replies":[{"embeddable":true,"href":"https:\/\/epochtimestr.com\/index.php\/wp-json\/wp\/v2\/comments?post=169663"}],"version-history":[{"count":2,"href":"https:\/\/epochtimestr.com\/index.php\/wp-json\/wp\/v2\/posts\/169663\/revisions"}],"predecessor-version":[{"id":169671,"href":"https:\/\/epochtimestr.com\/index.php\/wp-json\/wp\/v2\/posts\/169663\/revisions\/169671"}],"wp:featuredmedia":[{"embeddable":true,"href":"https:\/\/epochtimestr.com\/index.php\/wp-json\/wp\/v2\/media\/169664"}],"wp:attachment":[{"href":"https:\/\/epochtimestr.com\/index.php\/wp-json\/wp\/v2\/media?parent=169663"}],"wp:term":[{"taxonomy":"category","embeddable":true,"href":"https:\/\/epochtimestr.com\/index.php\/wp-json\/wp\/v2\/categories?post=169663"},{"taxonomy":"post_tag","embeddable":true,"href":"https:\/\/epochtimestr.com\/index.php\/wp-json\/wp\/v2\/tags?post=169663"}],"curies":[{"name":"wp","href":"https:\/\/api.w.org\/{rel}","templated":true}]}}