{"id":169673,"date":"2026-08-02T19:48:44","date_gmt":"2026-08-02T16:48:44","guid":{"rendered":"https:\/\/epochtimestr.com\/?p=169673"},"modified":"2026-08-02T19:48:50","modified_gmt":"2026-08-02T16:48:50","slug":"istanbulda-15-bin-kiralik-sosyal-konut-icin-tarih-verildi","status":"publish","type":"post","link":"https:\/\/epochtimestr.com\/index.php\/istanbulda-15-bin-kiralik-sosyal-konut-icin-tarih-verildi","title":{"rendered":"\u0130stanbul&#8217;da 15 Bin Kiral\u0131k Sosyal Konut \u0130\u00e7in Tarih Verildi"},"content":{"rendered":"<div class=\"wp-block-image\">\n<figure class=\"aligncenter size-full\"><img loading=\"lazy\" decoding=\"async\" width=\"1500\" height=\"1000\" src=\"https:\/\/epochtimestr.com\/wp-content\/uploads\/2011y\/ak-parti-1.webp\" alt=\"\" class=\"wp-image-169674\" srcset=\"https:\/\/epochtimestr.com\/wp-content\/uploads\/2011y\/ak-parti-1.webp 1500w, https:\/\/epochtimestr.com\/wp-content\/uploads\/2011y\/ak-parti-1-300x200.webp 300w, https:\/\/epochtimestr.com\/wp-content\/uploads\/2011y\/ak-parti-1-150x100.webp 150w, https:\/\/epochtimestr.com\/wp-content\/uploads\/2011y\/ak-parti-1-768x512.webp 768w\" sizes=\"(max-width: 1500px) 100vw, 1500px\" \/><figcaption class=\"wp-element-caption\">TOK\u0130&#8217;nin \u0130stanbul&#8217;da hayata ge\u00e7irece\u011fi 15 bin kiral\u0131k sosyal konut i\u00e7in tarih verildi. (Foto\u011fraf: AK Parti web sitesi)<\/figcaption><\/figure><\/div>\n\n\n<h2 class=\"wp-block-heading\">TOK\u0130&#8217;nin \u0130stanbul&#8217;da ba\u015flataca\u011f\u0131 15 bin kiral\u0131k sosyal konut projesi, dar gelirli vatanda\u015flar\u0131n uygun ko\u015fullarda konuta eri\u015fimini kolayla\u015ft\u0131rmay\u0131 hedefliyor.<\/h2>\n\n\n\n<p>Cumhurba\u015fkan\u0131 ve AK Parti Genel Ba\u015fkan\u0131 Recep Tayyip <a href=\"https:\/\/epochtimestr.com\/index.php\/erdogan-ahbap-dernegi-sorusturmasi-ile-ilgili-aciklama-yapti\" target=\"_blank\" rel=\"noreferrer noopener\">Erdo\u011fan<\/a>, AK Parti \u0130stanbul \u0130l Ba\u015fkanl\u0131\u011f\u0131nca Hali\u00e7 Kongre Merkezi&#8217;nde d\u00fczenlenen \u0130l Dan\u0131\u015fma Meclisi Program\u0131&#8217;nda konu\u015ftu. Erdo\u011fan, konu\u015fmas\u0131nda \u0130stanbul&#8217;a y\u00f6nelik 15 bin kiral\u0131k sosyal <a href=\"https:\/\/epochtimestr.com\/index.php\/roman-mahallesindeki-kentsel-donusum-projesine-uygun-degildir-bilirkisi-raporu\" target=\"_blank\" rel=\"noreferrer noopener\">konut projesi<\/a>nin detaylar\u0131n\u0131 duyurdu.<\/p>\n\n\n\n<p>Erdo\u011fan, AK Parti \u0130stanbul \u0130l Ba\u015fkanl\u0131\u011f\u0131\u2019n\u0131n Hali\u00e7 Kongre Merkezi\u2019nde d\u00fczenledi\u011fi \u0130l Dan\u0131\u015fma Meclisi toplant\u0131s\u0131nda projenin ayr\u0131nt\u0131lar\u0131n\u0131 aktard\u0131. Buna g\u00f6re hak sahipleri, noter huzurunda kura y\u00f6ntemiyle adil ve \u015feffaf bi\u00e7imde belirlenecek. Kira s\u00f6zle\u015fmeleri \u00fc\u00e7 y\u0131ll\u0131k d\u00fczenlenecek; s\u00fcre doldu\u011funda konutlar\u0131n tahliye ve bak\u0131m s\u00fcre\u00e7leri tamamlanarak yeni ihtiya\u00e7 sahiplerine kurayla devredilecek. Erdo\u011fan, s\u00f6z konusu sirk\u00fclasyon modelinin on binlerce dar gelirli aileye nefes ald\u0131raca\u011f\u0131n\u0131 vurgulad\u0131.<\/p>\n\n\n\n<p><strong>&#8220;100 bin sosyal konut kazand\u0131r\u0131lacak<\/strong>&#8220;<\/p>\n\n\n\n<p>Erdo\u011fan, kuras\u0131 \u00e7ekilerek yap\u0131m\u0131na ba\u015flanan \u201cEv Sahibi T\u00fcrkiye\u201d projesiyle \u0130stanbul\u2019a toplam 100 bin sosyal konutun kazand\u0131r\u0131laca\u011f\u0131n\u0131 da belirtti. Toplant\u0131da ikinci bir duyuru da g\u00fcndeme geldi: Esnaf ve sanatk\u00e2rlara kulland\u0131r\u0131lan hazine destekli i\u015fletme kredilerinin limiti 1 milyon liradan 1,5 milyon liraya \u00e7\u0131kar\u0131ld\u0131. \u0130\u015f yeri, ta\u015f\u0131t ve makine-tesisat al\u0131m\u0131na y\u00f6nelik yat\u0131r\u0131m kredilerinin limiti ise 2,5 milyon liradan 3,5 milyon liraya y\u00fckseltildi.<\/p>\n\n\n\n<h3 class=\"wp-block-heading\">&#8220;Noter huzurunda kura usul\u00fcyle hak sahiplerini belirleyece\u011fiz&#8221;<\/h3>\n\n\n\n<p>Cumhurba\u015fkan\u0131 Erdo\u011fan, kiral\u0131k sosyal konut projesiyle ilgili, &#8220;Eyl\u00fcl ay\u0131nda konutlar\u0131m\u0131z\u0131 kiralamaya ba\u015fl\u0131yoruz. Talep toplay\u0131p, noter huzurunda kura usul\u00fcyle hak sahiplerini belirleyece\u011fiz.&#8221; dedi.<br \/>Konutlar, bulunduklar\u0131 b\u00f6lgedeki piyasa rayi\u00e7 bedelinin alt\u0131nda bir kira bedeliyle sunulacak. Kira s\u00f6zle\u015fmeleri \u00fc\u00e7 y\u0131ll\u0131k olarak d\u00fczenlenecek. S\u00fcre sonunda konutlar, kurayla belirlenen yeni ihtiya\u00e7 sahiplerine devredilecek.<\/p>\n\n\n\n<figure class=\"wp-block-embed is-type-rich is-provider-x wp-block-embed-x\"><div class=\"wp-block-embed__wrapper\">\n<blockquote class=\"twitter-tweet\" data-width=\"550\" data-dnt=\"true\"><p lang=\"tr\" dir=\"ltr\">Kiral\u0131k Sosyal Konut Uygulamam\u0131z\u0131n ilk ad\u0131m\u0131n\u0131 bismillah diyerek \u0130stanbul\u2019da 15 bin kiral\u0131k sosyal konutla at\u0131yoruz.<br><br>Eyl\u00fcl ay\u0131nda konutlar\u0131m\u0131z\u0131 kiralamaya ba\u015fl\u0131yoruz.<br><br>Talep toplay\u0131p adil ve \u015feffaf bir \u015fekilde, noter huzurunda kura usul\u00fcyle hak sahiplerini belirleyece\u011fiz.\u2026 <a href=\"https:\/\/t.co\/lGcaEdqnAe\">pic.twitter.com\/lGcaEdqnAe<\/a><\/p>&mdash; Recep Tayyip Erdo\u011fan (@RTErdogan) <a href=\"https:\/\/x.com\/RTErdogan\/status\/2083606184485896204?ref_src=twsrc%5Etfw\">August 1, 2026<\/a><\/blockquote><script async src=\"https:\/\/platform.x.com\/widgets.js\" charset=\"utf-8\"><\/script>\n<\/div><\/figure>\n\n\n\n<p>Erdo\u011fan &#8220;Kiral\u0131k Sosyal Konut Uygulamam\u0131z\u0131n ilk ad\u0131m\u0131n\u0131 bismillah diyerek \u0130stanbul\u2019da 15 bin kiral\u0131k sosyal konutla at\u0131yoruz. Eyl\u00fcl ay\u0131nda konutlar\u0131m\u0131z\u0131 kiralamaya ba\u015fl\u0131yoruz.<\/p>\n\n\n\n<p>Talep toplay\u0131p adil ve \u015feffaf bir \u015fekilde, noter huzurunda kura usul\u00fcyle hak sahiplerini belirleyece\u011fiz. Bu konutlar\u0131m\u0131z, bulundu\u011fu b\u00f6lgedeki piyasa rayi\u00e7 bedelinin alt\u0131nda kiralanacak.<\/p>\n\n\n\n<p>Kira s\u00f6zle\u015fmelerimiz \u00fc\u00e7 y\u0131ll\u0131k olacak. \u00dc\u00e7 sene sonra evlerin tahliye ve bak\u0131m s\u00fcre\u00e7leri tamamlanacak ve bu konutlar kura ile belirlenen yeni ihtiya\u00e7 sahiplerine devredilecek. B\u00f6ylece on binlerce dar gelirli ailemize bu sirk\u00fclasyon i\u00e7inde rahat bir nefes ald\u0131raca\u011f\u0131z. \u0130stanbullu vatanda\u015flar\u0131ma \u015fimdiden hay\u0131rl\u0131, u\u011furlu olsun.&#8221; ifadelerini kulland\u0131.<\/p>\n\n\n\n<figure class=\"wp-block-embed is-type-rich is-provider-x wp-block-embed-x\"><div class=\"wp-block-embed__wrapper\">\n<blockquote class=\"twitter-tweet\" data-width=\"550\" data-dnt=\"true\"><p lang=\"tr\" dir=\"ltr\">Esnaf ve sanatk\u00e2rlar\u0131m\u0131za kulland\u0131r\u0131lan hazine destekli i\u015fletme kredilerinin limitini 1 milyon liradan 1,5 milyon liraya \u00e7\u0131kar\u0131yoruz.<br><br>\u0130\u015f yeri, ta\u015f\u0131t ve makine-tesisat al\u0131m\u0131na y\u00f6nelik yat\u0131r\u0131m kredilerinin limitlerini de 2,5 milyon liradan 3,5 milyon liraya y\u00fckseltiyoruz.\u2026 <a href=\"https:\/\/t.co\/vopIaKvPGc\">pic.twitter.com\/vopIaKvPGc<\/a><\/p>&mdash; Recep Tayyip Erdo\u011fan (@RTErdogan) <a href=\"https:\/\/x.com\/RTErdogan\/status\/2083613733264273650?ref_src=twsrc%5Etfw\">August 1, 2026<\/a><\/blockquote><script async src=\"https:\/\/platform.x.com\/widgets.js\" charset=\"utf-8\"><\/script>\n<\/div><\/figure>\n\n\n\n<p>\u00d6te yandan &#8220;Bir di\u011fer m\u00fcjdemiz de esnaf ve sanatkarlar\u0131m\u0131za kulland\u0131r\u0131lan, hazine destekli i\u015fletme kredilerinin limitini 1 milyon liradan 1,5 milyon liraya \u00e7\u0131kar\u0131yoruz.&#8221; diyen Erdo\u011fan, i\u015f yeri, ta\u015f\u0131t ve makine tesisat al\u0131m\u0131na y\u00f6nelik yat\u0131r\u0131m kredilerinin limitlerini de 2,5 milyon liradan 3,5 milyon liraya y\u00fckselttiklerini bildirdi.<\/p>\n","protected":false},"excerpt":{"rendered":"<p>TOK\u0130&#8217;nin \u0130stanbul&#8217;da ba\u015flataca\u011f\u0131 15 bin kiral\u0131k sosyal konut projesi, dar gelirli vatanda\u015flar\u0131n uygun ko\u015fullarda konuta eri\u015fimini kolayla\u015ft\u0131rmay\u0131 hedefliyor. Cumhurba\u015fkan\u0131 ve AK Parti Genel Ba\u015fkan\u0131 Recep Tayyip Erdo\u011fan, AK Parti \u0130stanbul \u0130l Ba\u015fkanl\u0131\u011f\u0131nca Hali\u00e7 Kongre Merkezi&#8217;nde d\u00fczenlenen \u0130l Dan\u0131\u015fma Meclisi Program\u0131&#8217;nda konu\u015ftu. Erdo\u011fan, konu\u015fmas\u0131nda \u0130stanbul&#8217;a y\u00f6nelik 15 bin kiral\u0131k sosyal konut projesinin detaylar\u0131n\u0131 duyurdu. Erdo\u011fan, AK [&hellip;]<\/p>\n","protected":false},"author":12791,"featured_media":169674,"comment_status":"open","ping_status":"open","sticky":false,"template":"","format":"standard","meta":{"_yoast_wpseo_focuskw":"15 bin - kiral\u0131k - sosyal konut","_yoast_wpseo_title":"","_yoast_wpseo_metadesc":"\u0130stanbul'da 15 bin kiral\u0131k sosyal konut projesi, dar gelirli vatanda\u015flar\u0131n uygun ko\u015fullarda konuta eri\u015fimini kolayla\u015ft\u0131rmay\u0131 hedefliyor.","_bbp_topic_count":0,"_bbp_reply_count":0,"_bbp_total_topic_count":0,"_bbp_total_reply_count":0,"_bbp_voice_count":0,"_bbp_anonymous_reply_count":0,"_bbp_topic_count_hidden":0,"_bbp_reply_count_hidden":0,"_bbp_forum_subforum_count":0,"footnotes":"","_yoast_wpseo_focuskw_text_input":""},"categories":[1,8138,8226,8419],"tags":[1017,895,12021,12022],"yoast_head":"<!-- This site is optimized with the Yoast SEO plugin v23.0 - https:\/\/yoast.com\/wordpress\/plugins\/seo\/ -->\n<title>\u0130stanbul&#039;da 15 Bin Kiral\u0131k Sosyal Konut \u0130\u00e7in Tarih Verildi - The Epoch Times TR<\/title>\n<meta name=\"description\" content=\"\u0130stanbul&#039;da 15 bin kiral\u0131k sosyal konut projesi, dar gelirli vatanda\u015flar\u0131n uygun ko\u015fullarda konuta eri\u015fimini kolayla\u015ft\u0131rmay\u0131 hedefliyor.\" \/>\n<meta name=\"robots\" content=\"index, follow, max-snippet:-1, max-image-preview:large, max-video-preview:-1\" \/>\n<link rel=\"canonical\" href=\"https:\/\/epochtimestr.com\/index.php\/istanbulda-15-bin-kiralik-sosyal-konut-icin-tarih-verildi\" \/>\n<meta property=\"og:locale\" content=\"tr_TR\" \/>\n<meta property=\"og:type\" content=\"article\" \/>\n<meta property=\"og:title\" content=\"\u0130stanbul&#039;da 15 Bin Kiral\u0131k Sosyal Konut \u0130\u00e7in Tarih Verildi - The Epoch Times TR\" \/>\n<meta property=\"og:description\" content=\"\u0130stanbul&#039;da 15 bin kiral\u0131k sosyal konut projesi, dar gelirli vatanda\u015flar\u0131n uygun ko\u015fullarda konuta eri\u015fimini kolayla\u015ft\u0131rmay\u0131 hedefliyor.\" \/>\n<meta property=\"og:url\" content=\"https:\/\/epochtimestr.com\/index.php\/istanbulda-15-bin-kiralik-sosyal-konut-icin-tarih-verildi\" \/>\n<meta property=\"og:site_name\" content=\"The Epoch Times TR\" \/>\n<meta property=\"article:publisher\" content=\"https:\/\/www.facebook.com\/theepochtimestr\" \/>\n<meta property=\"article:published_time\" content=\"2026-08-02T16:48:44+00:00\" \/>\n<meta property=\"article:modified_time\" content=\"2026-08-02T16:48:50+00:00\" \/>\n<meta property=\"og:image\" content=\"https:\/\/epochtimestr.com\/wp-content\/uploads\/2011y\/ak-parti-1.webp\" \/>\n\t<meta property=\"og:image:width\" content=\"1500\" \/>\n\t<meta property=\"og:image:height\" content=\"1000\" \/>\n\t<meta property=\"og:image:type\" content=\"image\/webp\" \/>\n<meta name=\"author\" content=\"Haber Merkezi\" \/>\n<meta name=\"twitter:card\" content=\"summary_large_image\" \/>\n<meta name=\"twitter:creator\" content=\"@TheEpochTimesTR\" \/>\n<meta name=\"twitter:site\" content=\"@TheEpochTimesTR\" \/>\n<meta name=\"twitter:label1\" content=\"Yazan:\" \/>\n\t<meta name=\"twitter:data1\" content=\"Haber Merkezi\" \/>\n\t<meta name=\"twitter:label2\" content=\"Tahmini okuma s\u00fcresi\" \/>\n\t<meta name=\"twitter:data2\" content=\"3 dakika\" \/>\n<script type=\"application\/ld+json\" class=\"yoast-schema-graph\">{\"@context\":\"https:\/\/schema.org\",\"@graph\":[{\"@type\":\"Article\",\"@id\":\"https:\/\/epochtimestr.com\/index.php\/istanbulda-15-bin-kiralik-sosyal-konut-icin-tarih-verildi#article\",\"isPartOf\":{\"@id\":\"https:\/\/epochtimestr.com\/index.php\/istanbulda-15-bin-kiralik-sosyal-konut-icin-tarih-verildi\"},\"author\":{\"name\":\"Haber Merkezi\",\"@id\":\"https:\/\/epochtimestr.com\/#\/schema\/person\/3dc5c3adeb9f43923c5aa85889172fdd\"},\"headline\":\"\u0130stanbul&#8217;da 15 Bin Kiral\u0131k Sosyal Konut \u0130\u00e7in Tarih Verildi\",\"datePublished\":\"2026-08-02T16:48:44+00:00\",\"dateModified\":\"2026-08-02T16:48:50+00:00\",\"mainEntityOfPage\":{\"@id\":\"https:\/\/epochtimestr.com\/index.php\/istanbulda-15-bin-kiralik-sosyal-konut-icin-tarih-verildi\"},\"wordCount\":547,\"commentCount\":0,\"publisher\":{\"@id\":\"https:\/\/epochtimestr.com\/#organization\"},\"image\":{\"@id\":\"https:\/\/epochtimestr.com\/index.php\/istanbulda-15-bin-kiralik-sosyal-konut-icin-tarih-verildi#primaryimage\"},\"thumbnailUrl\":\"https:\/\/epochtimestr.com\/wp-content\/uploads\/2011y\/ak-parti-1.webp\",\"keywords\":[\"AKP\",\"erdo\u011fan\",\"Konut Projesi\",\"TOK\u0130\"],\"articleSection\":[\"G\u00dcNDEM\",\"MAN\u015eET\",\"Siyaset\",\"Ya\u015fam\"],\"inLanguage\":\"tr\",\"potentialAction\":[{\"@type\":\"CommentAction\",\"name\":\"Comment\",\"target\":[\"https:\/\/epochtimestr.com\/index.php\/istanbulda-15-bin-kiralik-sosyal-konut-icin-tarih-verildi#respond\"]}]},{\"@type\":\"WebPage\",\"@id\":\"https:\/\/epochtimestr.com\/index.php\/istanbulda-15-bin-kiralik-sosyal-konut-icin-tarih-verildi\",\"url\":\"https:\/\/epochtimestr.com\/index.php\/istanbulda-15-bin-kiralik-sosyal-konut-icin-tarih-verildi\",\"name\":\"\u0130stanbul'da 15 Bin Kiral\u0131k Sosyal Konut \u0130\u00e7in Tarih Verildi - The Epoch Times TR\",\"isPartOf\":{\"@id\":\"https:\/\/epochtimestr.com\/#website\"},\"primaryImageOfPage\":{\"@id\":\"https:\/\/epochtimestr.com\/index.php\/istanbulda-15-bin-kiralik-sosyal-konut-icin-tarih-verildi#primaryimage\"},\"image\":{\"@id\":\"https:\/\/epochtimestr.com\/index.php\/istanbulda-15-bin-kiralik-sosyal-konut-icin-tarih-verildi#primaryimage\"},\"thumbnailUrl\":\"https:\/\/epochtimestr.com\/wp-content\/uploads\/2011y\/ak-parti-1.webp\",\"datePublished\":\"2026-08-02T16:48:44+00:00\",\"dateModified\":\"2026-08-02T16:48:50+00:00\",\"description\":\"\u0130stanbul'da 15 bin kiral\u0131k sosyal konut projesi, dar gelirli vatanda\u015flar\u0131n uygun ko\u015fullarda konuta eri\u015fimini kolayla\u015ft\u0131rmay\u0131 hedefliyor.\",\"inLanguage\":\"tr\",\"potentialAction\":[{\"@type\":\"ReadAction\",\"target\":[\"https:\/\/epochtimestr.com\/index.php\/istanbulda-15-bin-kiralik-sosyal-konut-icin-tarih-verildi\"]}]},{\"@type\":\"ImageObject\",\"inLanguage\":\"tr\",\"@id\":\"https:\/\/epochtimestr.com\/index.php\/istanbulda-15-bin-kiralik-sosyal-konut-icin-tarih-verildi#primaryimage\",\"url\":\"https:\/\/epochtimestr.com\/wp-content\/uploads\/2011y\/ak-parti-1.webp\",\"contentUrl\":\"https:\/\/epochtimestr.com\/wp-content\/uploads\/2011y\/ak-parti-1.webp\",\"width\":1500,\"height\":1000},{\"@type\":\"WebSite\",\"@id\":\"https:\/\/epochtimestr.com\/#website\",\"url\":\"https:\/\/epochtimestr.com\/\",\"name\":\"The Epoch Times TR\",\"description\":\"De\u011fi\u015fen D\u00fcnyam\u0131za Taze Bir Bak\u0131\u015f\",\"publisher\":{\"@id\":\"https:\/\/epochtimestr.com\/#organization\"},\"potentialAction\":[{\"@type\":\"SearchAction\",\"target\":{\"@type\":\"EntryPoint\",\"urlTemplate\":\"https:\/\/epochtimestr.com\/?s={search_term_string}\"},\"query-input\":\"required name=search_term_string\"}],\"inLanguage\":\"tr\"},{\"@type\":\"Organization\",\"@id\":\"https:\/\/epochtimestr.com\/#organization\",\"name\":\"The EpochTimes T\u00fcrkiye\",\"url\":\"https:\/\/epochtimestr.com\/\",\"logo\":{\"@type\":\"ImageObject\",\"inLanguage\":\"tr\",\"@id\":\"https:\/\/epochtimestr.com\/#\/schema\/logo\/image\/\",\"url\":\"https:\/\/epochtimestr.com\/wp-content\/uploads\/2011y\/ET-Logo-YG.jpg\",\"contentUrl\":\"https:\/\/epochtimestr.com\/wp-content\/uploads\/2011y\/ET-Logo-YG.jpg\",\"width\":346,\"height\":29,\"caption\":\"The EpochTimes T\u00fcrkiye\"},\"image\":{\"@id\":\"https:\/\/epochtimestr.com\/#\/schema\/logo\/image\/\"},\"sameAs\":[\"https:\/\/www.facebook.com\/theepochtimestr\",\"https:\/\/x.com\/TheEpochTimesTR\",\"https:\/\/www.instagram.com\/epochtimestr\"]},{\"@type\":\"Person\",\"@id\":\"https:\/\/epochtimestr.com\/#\/schema\/person\/3dc5c3adeb9f43923c5aa85889172fdd\",\"name\":\"Haber Merkezi\",\"image\":{\"@type\":\"ImageObject\",\"inLanguage\":\"tr\",\"@id\":\"https:\/\/epochtimestr.com\/#\/schema\/person\/image\/\",\"url\":\"https:\/\/secure.gravatar.com\/avatar\/d73f772ba5a74f28601361e17c2f93e6?s=96&d=mm&r=g\",\"contentUrl\":\"https:\/\/secure.gravatar.com\/avatar\/d73f772ba5a74f28601361e17c2f93e6?s=96&d=mm&r=g\",\"caption\":\"Haber Merkezi\"},\"url\":\"https:\/\/epochtimestr.com\/index.php\/author\/sendag\"}]}<\/script>\n<!-- \/ Yoast SEO plugin. -->","yoast_head_json":{"title":"\u0130stanbul'da 15 Bin Kiral\u0131k Sosyal Konut \u0130\u00e7in Tarih Verildi - The Epoch Times TR","description":"\u0130stanbul'da 15 bin kiral\u0131k sosyal konut projesi, dar gelirli vatanda\u015flar\u0131n uygun ko\u015fullarda konuta eri\u015fimini kolayla\u015ft\u0131rmay\u0131 hedefliyor.","robots":{"index":"index","follow":"follow","max-snippet":"max-snippet:-1","max-image-preview":"max-image-preview:large","max-video-preview":"max-video-preview:-1"},"canonical":"https:\/\/epochtimestr.com\/index.php\/istanbulda-15-bin-kiralik-sosyal-konut-icin-tarih-verildi","og_locale":"tr_TR","og_type":"article","og_title":"\u0130stanbul'da 15 Bin Kiral\u0131k Sosyal Konut \u0130\u00e7in Tarih Verildi - The Epoch Times TR","og_description":"\u0130stanbul'da 15 bin kiral\u0131k sosyal konut projesi, dar gelirli vatanda\u015flar\u0131n uygun ko\u015fullarda konuta eri\u015fimini kolayla\u015ft\u0131rmay\u0131 hedefliyor.","og_url":"https:\/\/epochtimestr.com\/index.php\/istanbulda-15-bin-kiralik-sosyal-konut-icin-tarih-verildi","og_site_name":"The Epoch Times TR","article_publisher":"https:\/\/www.facebook.com\/theepochtimestr","article_published_time":"2026-08-02T16:48:44+00:00","article_modified_time":"2026-08-02T16:48:50+00:00","og_image":[{"width":1500,"height":1000,"url":"https:\/\/epochtimestr.com\/wp-content\/uploads\/2011y\/ak-parti-1.webp","type":"image\/webp"}],"author":"Haber Merkezi","twitter_card":"summary_large_image","twitter_creator":"@TheEpochTimesTR","twitter_site":"@TheEpochTimesTR","twitter_misc":{"Yazan:":"Haber Merkezi","Tahmini okuma s\u00fcresi":"3 dakika"},"schema":{"@context":"https:\/\/schema.org","@graph":[{"@type":"Article","@id":"https:\/\/epochtimestr.com\/index.php\/istanbulda-15-bin-kiralik-sosyal-konut-icin-tarih-verildi#article","isPartOf":{"@id":"https:\/\/epochtimestr.com\/index.php\/istanbulda-15-bin-kiralik-sosyal-konut-icin-tarih-verildi"},"author":{"name":"Haber Merkezi","@id":"https:\/\/epochtimestr.com\/#\/schema\/person\/3dc5c3adeb9f43923c5aa85889172fdd"},"headline":"\u0130stanbul&#8217;da 15 Bin Kiral\u0131k Sosyal Konut \u0130\u00e7in Tarih Verildi","datePublished":"2026-08-02T16:48:44+00:00","dateModified":"2026-08-02T16:48:50+00:00","mainEntityOfPage":{"@id":"https:\/\/epochtimestr.com\/index.php\/istanbulda-15-bin-kiralik-sosyal-konut-icin-tarih-verildi"},"wordCount":547,"commentCount":0,"publisher":{"@id":"https:\/\/epochtimestr.com\/#organization"},"image":{"@id":"https:\/\/epochtimestr.com\/index.php\/istanbulda-15-bin-kiralik-sosyal-konut-icin-tarih-verildi#primaryimage"},"thumbnailUrl":"https:\/\/epochtimestr.com\/wp-content\/uploads\/2011y\/ak-parti-1.webp","keywords":["AKP","erdo\u011fan","Konut Projesi","TOK\u0130"],"articleSection":["G\u00dcNDEM","MAN\u015eET","Siyaset","Ya\u015fam"],"inLanguage":"tr","potentialAction":[{"@type":"CommentAction","name":"Comment","target":["https:\/\/epochtimestr.com\/index.php\/istanbulda-15-bin-kiralik-sosyal-konut-icin-tarih-verildi#respond"]}]},{"@type":"WebPage","@id":"https:\/\/epochtimestr.com\/index.php\/istanbulda-15-bin-kiralik-sosyal-konut-icin-tarih-verildi","url":"https:\/\/epochtimestr.com\/index.php\/istanbulda-15-bin-kiralik-sosyal-konut-icin-tarih-verildi","name":"\u0130stanbul'da 15 Bin Kiral\u0131k Sosyal Konut \u0130\u00e7in Tarih Verildi - The Epoch Times TR","isPartOf":{"@id":"https:\/\/epochtimestr.com\/#website"},"primaryImageOfPage":{"@id":"https:\/\/epochtimestr.com\/index.php\/istanbulda-15-bin-kiralik-sosyal-konut-icin-tarih-verildi#primaryimage"},"image":{"@id":"https:\/\/epochtimestr.com\/index.php\/istanbulda-15-bin-kiralik-sosyal-konut-icin-tarih-verildi#primaryimage"},"thumbnailUrl":"https:\/\/epochtimestr.com\/wp-content\/uploads\/2011y\/ak-parti-1.webp","datePublished":"2026-08-02T16:48:44+00:00","dateModified":"2026-08-02T16:48:50+00:00","description":"\u0130stanbul'da 15 bin kiral\u0131k sosyal konut projesi, dar gelirli vatanda\u015flar\u0131n uygun ko\u015fullarda konuta eri\u015fimini kolayla\u015ft\u0131rmay\u0131 hedefliyor.","inLanguage":"tr","potentialAction":[{"@type":"ReadAction","target":["https:\/\/epochtimestr.com\/index.php\/istanbulda-15-bin-kiralik-sosyal-konut-icin-tarih-verildi"]}]},{"@type":"ImageObject","inLanguage":"tr","@id":"https:\/\/epochtimestr.com\/index.php\/istanbulda-15-bin-kiralik-sosyal-konut-icin-tarih-verildi#primaryimage","url":"https:\/\/epochtimestr.com\/wp-content\/uploads\/2011y\/ak-parti-1.webp","contentUrl":"https:\/\/epochtimestr.com\/wp-content\/uploads\/2011y\/ak-parti-1.webp","width":1500,"height":1000},{"@type":"WebSite","@id":"https:\/\/epochtimestr.com\/#website","url":"https:\/\/epochtimestr.com\/","name":"The Epoch Times TR","description":"De\u011fi\u015fen D\u00fcnyam\u0131za Taze Bir Bak\u0131\u015f","publisher":{"@id":"https:\/\/epochtimestr.com\/#organization"},"potentialAction":[{"@type":"SearchAction","target":{"@type":"EntryPoint","urlTemplate":"https:\/\/epochtimestr.com\/?s={search_term_string}"},"query-input":"required name=search_term_string"}],"inLanguage":"tr"},{"@type":"Organization","@id":"https:\/\/epochtimestr.com\/#organization","name":"The EpochTimes T\u00fcrkiye","url":"https:\/\/epochtimestr.com\/","logo":{"@type":"ImageObject","inLanguage":"tr","@id":"https:\/\/epochtimestr.com\/#\/schema\/logo\/image\/","url":"https:\/\/epochtimestr.com\/wp-content\/uploads\/2011y\/ET-Logo-YG.jpg","contentUrl":"https:\/\/epochtimestr.com\/wp-content\/uploads\/2011y\/ET-Logo-YG.jpg","width":346,"height":29,"caption":"The EpochTimes T\u00fcrkiye"},"image":{"@id":"https:\/\/epochtimestr.com\/#\/schema\/logo\/image\/"},"sameAs":["https:\/\/www.facebook.com\/theepochtimestr","https:\/\/x.com\/TheEpochTimesTR","https:\/\/www.instagram.com\/epochtimestr"]},{"@type":"Person","@id":"https:\/\/epochtimestr.com\/#\/schema\/person\/3dc5c3adeb9f43923c5aa85889172fdd","name":"Haber Merkezi","image":{"@type":"ImageObject","inLanguage":"tr","@id":"https:\/\/epochtimestr.com\/#\/schema\/person\/image\/","url":"https:\/\/secure.gravatar.com\/avatar\/d73f772ba5a74f28601361e17c2f93e6?s=96&d=mm&r=g","contentUrl":"https:\/\/secure.gravatar.com\/avatar\/d73f772ba5a74f28601361e17c2f93e6?s=96&d=mm&r=g","caption":"Haber Merkezi"},"url":"https:\/\/epochtimestr.com\/index.php\/author\/sendag"}]}},"_links":{"self":[{"href":"https:\/\/epochtimestr.com\/index.php\/wp-json\/wp\/v2\/posts\/169673"}],"collection":[{"href":"https:\/\/epochtimestr.com\/index.php\/wp-json\/wp\/v2\/posts"}],"about":[{"href":"https:\/\/epochtimestr.com\/index.php\/wp-json\/wp\/v2\/types\/post"}],"author":[{"embeddable":true,"href":"https:\/\/epochtimestr.com\/index.php\/wp-json\/wp\/v2\/users\/12791"}],"replies":[{"embeddable":true,"href":"https:\/\/epochtimestr.com\/index.php\/wp-json\/wp\/v2\/comments?post=169673"}],"version-history":[{"count":2,"href":"https:\/\/epochtimestr.com\/index.php\/wp-json\/wp\/v2\/posts\/169673\/revisions"}],"predecessor-version":[{"id":169686,"href":"https:\/\/epochtimestr.com\/index.php\/wp-json\/wp\/v2\/posts\/169673\/revisions\/169686"}],"wp:featuredmedia":[{"embeddable":true,"href":"https:\/\/epochtimestr.com\/index.php\/wp-json\/wp\/v2\/media\/169674"}],"wp:attachment":[{"href":"https:\/\/epochtimestr.com\/index.php\/wp-json\/wp\/v2\/media?parent=169673"}],"wp:term":[{"taxonomy":"category","embeddable":true,"href":"https:\/\/epochtimestr.com\/index.php\/wp-json\/wp\/v2\/categories?post=169673"},{"taxonomy":"post_tag","embeddable":true,"href":"https:\/\/epochtimestr.com\/index.php\/wp-json\/wp\/v2\/tags?post=169673"}],"curies":[{"name":"wp","href":"https:\/\/api.w.org\/{rel}","templated":true}]}}