{"id":169680,"date":"2026-08-08T20:44:55","date_gmt":"2026-08-08T17:44:55","guid":{"rendered":"https:\/\/epochtimestr.com\/?p=169680"},"modified":"2026-08-08T20:44:56","modified_gmt":"2026-08-08T17:44:56","slug":"fizik-dunyasinda-ezber-bozan-teori-yercekimi-bir-yanilsama-mi","status":"publish","type":"post","link":"https:\/\/epochtimestr.com\/index.php\/fizik-dunyasinda-ezber-bozan-teori-yercekimi-bir-yanilsama-mi","title":{"rendered":"Fizik D\u00fcnyas\u0131nda Ezber Bozan Teori: Yer\u00e7ekimi Bir Yan\u0131lsama m\u0131?"},"content":{"rendered":"<div class=\"wp-block-image\">\n<figure class=\"aligncenter size-full is-resized\"><img loading=\"lazy\" decoding=\"async\" width=\"1280\" height=\"920\" src=\"https:\/\/epochtimestr.com\/wp-content\/uploads\/2011y\/ede1234.webp\" alt=\"\" class=\"wp-image-169681\" style=\"width:840px;height:auto\" srcset=\"https:\/\/epochtimestr.com\/wp-content\/uploads\/2011y\/ede1234.webp 1280w, https:\/\/epochtimestr.com\/wp-content\/uploads\/2011y\/ede1234-300x216.webp 300w, https:\/\/epochtimestr.com\/wp-content\/uploads\/2011y\/ede1234-150x108.webp 150w, https:\/\/epochtimestr.com\/wp-content\/uploads\/2011y\/ede1234-768x552.webp 768w\" sizes=\"(max-width: 1280px) 100vw, 1280px\" \/><figcaption class=\"wp-element-caption\">                                      Fizik D\u00fcnyas\u0131nda Ezber Bozan Teori: Yer\u00e7ekimi Bir Yan\u0131lsama m\u0131? (G\u00f6rsel: ede1234, Pixabay)<\/figcaption><\/figure><\/div>\n\n\n<p>Bir\u00e7ok ki\u015fi, Isaac Newton\u2019\u0131n derin d\u00fc\u015f\u00fcncelere dalm\u0131\u015f bir halde elma a\u011fac\u0131n\u0131n alt\u0131nda oturdu\u011fu, aniden ba\u015f\u0131na bir elman\u0131n d\u00fc\u015fmesiyle yer\u00e7ekimi ya da k\u00fctle \u00e7ekimi teorisini geli\u015ftirdi\u011fi hikayesini duymu\u015ftur. Ancak aradan ge\u00e7en uzun zaman\u0131n ard\u0131ndan fizik\u00e7iler, k\u00fctle \u00e7ekiminin asl\u0131nda \u00e7ok s\u0131ra d\u0131\u015f\u0131 bir fizik yasas\u0131 oldu\u011funu fark ettiler. Do\u011fadaki di\u011fer temel kuvvetlerle k\u0131yasland\u0131\u011f\u0131nda, k\u00fctle \u00e7ekimini matematiksel ve teorik olarak a\u00e7\u0131klamak her zaman \u00e7ok daha zordu. Bug\u00fcn, bu benzersiz tuhafl\u0131\u011f\u0131n arkas\u0131ndaki neden nihayet ayd\u0131nland\u0131: K\u00fctle \u00e7ekimi asl\u0131nda temel bir kuvvet olmayabilir; aksine, \u00e7ok daha derin ve temel bir ba\u015fka fiziksel olgunun t\u00fcrevi olabilir.<\/p>\n\n\n\n<p>Amsterdam \u00dcniversitesi Teorik Fizik Enstit\u00fcs\u00fc&#8217;nde fizik profes\u00f6r\u00fc olan 48 ya\u015f\u0131ndaki sayg\u0131n sicim kuramc\u0131s\u0131 Profes\u00f6r Eric Verlinde, yer\u00e7ekimi hakk\u0131nda yeni bir teori \u00f6ne s\u00fcrd\u00fc. New York Times&#8217;\u0131n 12 Temmuz 2010 tarihli haberine g\u00f6re Verlinde, &#8220;Yer\u00e7ekiminin K\u00f6keni ve Newton Yasalar\u0131 \u00dczerine&#8221; ba\u015fl\u0131kl\u0131 <a href=\"https:\/\/arxiv.org\/abs\/1001.0785\" target=\"_blank\" rel=\"noreferrer noopener\">makalesinde<\/a>, yer\u00e7ekiminin asl\u0131nda termodinamik yasalar\u0131n\u0131n bir sonucu oldu\u011funu savundu. B\u00f6ylece 300 y\u0131ll\u0131k bilimsel mant\u0131\u011f\u0131 tersine \u00e7eviren Verlinde; yer\u00e7ekiminin temel bir kuvvet de\u011fil, fizik\u00e7iler aras\u0131nda s\u00fcrekli karga\u015faya neden olan bir yan\u0131lsama oldu\u011funu \u00f6ne s\u00fcrd\u00fc.<\/p>\n\n\n\n<p>&#8221;Bana g\u00f6re yer\u00e7ekimi diye bir \u015fey yok,&#8221; diyen Prof. Verlinde, bunun nesnelerin yere d\u00fc\u015fmeyece\u011fi anlam\u0131na gelmedi\u011fini belirtti. Prof. Verlinde ve baz\u0131 fizik\u00e7iler, bilimin yer\u00e7ekimine yanl\u0131\u015f bir a\u00e7\u0131dan yakla\u015ft\u0131\u011f\u0131 g\u00f6r\u00fc\u015f\u00fcnde. Onlara g\u00f6re yer\u00e7ekimi, temel bir kuvvet olmaktan ziyade daha derindeki s\u00fcre\u00e7lerden &#8220;ortaya \u00e7\u0131kan&#8221; t\u00fcretilmi\u015f bir olgu. T\u0131pk\u0131 borsan\u0131n bireysel yat\u0131r\u0131mc\u0131lar\u0131n kolektif davran\u0131\u015flar\u0131yla \u015fekillenmesi ya da esnekli\u011fin atomlar\u0131n mekanik hareketlerinden do\u011fmas\u0131 gibi, yer\u00e7ekimi de evrenin temel ta\u015flar\u0131n\u0131n bir araya gelmesiyle olu\u015fuyor.<\/p>\n\n\n\n<h3 class=\"wp-block-heading\">Yer\u00e7ekimi Esasen Entropik Bir Kuvvettir<\/h3>\n\n\n\n<p>Teorinin \u00f6z\u00fc, fiziksel sistemlerdeki d\u00fczensizlikle (entropiyle) ili\u015fkilidir. Prof. Verlinde\u2019nin arg\u00fcman\u0131, bir bak\u0131ma yer\u00e7ekiminin &#8220;k\u00f6t\u00fc sa\u00e7 g\u00fcn\u00fc&#8221; teorisi olarak da adland\u0131r\u0131labilir. Mant\u0131k tam olarak \u015f\u00f6yle i\u015fliyor: Sa\u00e7\u0131n\u0131z s\u0131cak ve nemli havada kabar\u0131r; \u00e7\u00fcnk\u00fc sa\u00e7 tellerinin d\u00fcz durmas\u0131ndan ziyade k\u0131v\u0131rc\u0131k olma olas\u0131l\u0131\u011f\u0131 (olas\u0131l\u0131k kombinasyonu) \u00e7ok daha y\u00fcksektir ve do\u011fa her zaman olas\u0131l\u0131klar\u0131 sever. Bu nedenle sa\u00e7\u0131 d\u00fczle\u015ftirmek, yani do\u011fan\u0131n bu alternatif se\u00e7eneklerini ortadan kald\u0131rmak i\u00e7in d\u0131\u015far\u0131dan bir kuvvet uygulamak gerekir. Isaac Newton&#8217;un denklemleriyle tan\u0131mlanan o gizemli \u00e7ekimi ya da Einstein&#8217;\u0131n e\u011fri uzay-zaman kavram\u0131n\u0131 bir kenara b\u0131rak\u0131n. Prof. Verlinde, yer\u00e7ekimi dedi\u011fimiz kuvvetin asl\u0131nda do\u011fan\u0131n d\u00fczensizli\u011fi en \u00fcst d\u00fczeye \u00e7\u0131karma e\u011filiminin (termodinamikteki entropi art\u0131\u015f\u0131n\u0131n) basit bir yan \u00fcr\u00fcn\u00fc oldu\u011funu \u00f6ne s\u00fcr\u00fcyor.<\/p>\n\n\n\n<p>Profes\u00f6r Verlinde&#8217;nin teorisine g\u00f6re yer\u00e7ekimi, esasen entropik bir kuvvettir. K\u00fc\u00e7\u00fck par\u00e7ac\u0131klar\u0131n birbiriyle olan etkile\u015fimi ve hareketi, bu cisimleri \u00e7evreleyen d\u00fczensizlik (entropi) miktar\u0131n\u0131 de\u011fi\u015ftirir ve bu de\u011fi\u015fim makro d\u00fczeyde yer\u00e7ekimi olarak hissedilir. Verlinde, holografik ilkeye dayanan bu yakla\u015f\u0131mla Newton&#8217;un ikinci hareket yasas\u0131n\u0131 matematiksel olarak t\u00fcretmeyi ba\u015farm\u0131\u015ft\u0131r. Ayr\u0131ca onun bu teorisi, fizikteki &#8220;eylemsizlik k\u00fctlesi&#8221; kavram\u0131na dair de tamamen yeni bir bak\u0131\u015f a\u00e7\u0131s\u0131 sunmaktad\u0131r.<\/p>\n\n\n\n<h3 class=\"wp-block-heading\">Peki, ger\u00e7ekte yer\u00e7ekimi nedir?<\/h3>\n\n\n\n<p>Pek \u00e7ok fizik\u00e7i Prof. Verlinde&#8217;nin bu teorisini ikna edici bulmasa da ak\u0131llara \u015fu soru geliyor: Peki, ger\u00e7ekte yer\u00e7ekimi nedir? Modern bilimde evren \u00fczerine yap\u0131lan ara\u015ft\u0131rmalar, b\u00fcy\u00fck \u00f6l\u00e7\u00fcde yer\u00e7ekimi teorilerine dayanmaktad\u0131r. Dolay\u0131s\u0131yla e\u011fer yer\u00e7ekimi asl\u0131nda var olmayan bir yan\u0131lsamaysa, galaksiler ve evrenin yap\u0131s\u0131 hakk\u0131ndaki t\u00fcm anlay\u0131\u015f\u0131m\u0131z k\u00f6kten yanl\u0131\u015f olabilir. Asl\u0131nda bu durum, g\u00f6kbilimcilerin uzak g\u00f6k cisimlerinin k\u00fctle \u00e7ekimsel hareketlerini a\u00e7\u0131klamakta neden s\u0131k s\u0131k zorland\u0131klar\u0131n\u0131 ve denklemleri e\u015fitlemek i\u00e7in neden &#8220;karanl\u0131k madde&#8221; kavram\u0131na s\u0131\u011f\u0131nmak zorunda kald\u0131klar\u0131n\u0131 da a\u00e7\u0131klayabilir. <\/p>\n\n\n\n<p>Bu ba\u011flamda, yeni bir yer\u00e7ekimi teorisi, fizik\u00e7ilerin kar\u015f\u0131la\u015ft\u0131\u011f\u0131 baz\u0131 can s\u0131k\u0131c\u0131 kozmik sorunlara \u0131\u015f\u0131k tutma potansiyeline sahiptir. \u00d6rne\u011fin galaksileri bir arada tuttu\u011fu varsay\u0131lan karanl\u0131k madde ya da evrenin geni\u015flemesini h\u0131zland\u0131ran ve bir t\u00fcr &#8220;ters yer\u00e7ekimi&#8221; gibi \u00e7al\u0131\u015fan karanl\u0131k enerji bu sayede a\u00e7\u0131klanabilir. Sonu\u00e7 olarak bu yeni yakla\u015f\u0131m, bilim insanlar\u0131n\u0131 evreni tamamen farkl\u0131 bir g\u00f6zle anlamaya te\u015fvik edebilir.<br \/>&#8220;K\u00fctle \u00e7ekiminin asl\u0131nda var olmad\u0131\u011f\u0131n\u0131 uzun zamand\u0131r biliyoruz,&#8221; diyen Prof. Verlinde ekledi: &#8220;Art\u0131k bunu y\u00fcksek sesle hayk\u0131rman\u0131n zaman\u0131 geldi, belki de \u00e7oktan ge\u00e7iyor\u2026&#8221;<\/p>\n\n\n\n<p><em>Kaynak:<\/em><br \/>Mo Xinhai, <a href=\"https:\/\/www.pureinsight.org\/node\/6004\" target=\"_blank\" rel=\"noreferrer noopener\">pureinsight.org<\/a><br \/>Dennis Overbye, <a href=\"https:\/\/www.nytimes.com\/2010\/07\/13\/science\/13gravity.html\">nytimes.com<\/a><\/p>\n","protected":false},"excerpt":{"rendered":"<p>Bir\u00e7ok ki\u015fi, Isaac Newton\u2019\u0131n derin d\u00fc\u015f\u00fcncelere dalm\u0131\u015f bir halde elma a\u011fac\u0131n\u0131n alt\u0131nda oturdu\u011fu, aniden ba\u015f\u0131na bir elman\u0131n d\u00fc\u015fmesiyle yer\u00e7ekimi ya da k\u00fctle \u00e7ekimi teorisini geli\u015ftirdi\u011fi hikayesini duymu\u015ftur. Ancak aradan ge\u00e7en uzun zaman\u0131n ard\u0131ndan fizik\u00e7iler, k\u00fctle \u00e7ekiminin asl\u0131nda \u00e7ok s\u0131ra d\u0131\u015f\u0131 bir fizik yasas\u0131 oldu\u011funu fark ettiler. Do\u011fadaki di\u011fer temel kuvvetlerle k\u0131yasland\u0131\u011f\u0131nda, k\u00fctle \u00e7ekimini matematiksel ve [&hellip;]<\/p>\n","protected":false},"author":12791,"featured_media":169681,"comment_status":"open","ping_status":"open","sticky":false,"template":"","format":"standard","meta":{"_yoast_wpseo_focuskw":"yer\u00e7ekimi","_yoast_wpseo_title":"","_yoast_wpseo_metadesc":"Isaac Newton, bir elma a\u011fac\u0131n\u0131n alt\u0131nda otururken aniden ba\u015f\u0131na bir elman\u0131n d\u00fc\u015fmesiyle yer\u00e7ekimi ya da k\u00fctle \u00e7ekimi teorisini bulur.","_bbp_topic_count":0,"_bbp_reply_count":0,"_bbp_total_topic_count":0,"_bbp_total_reply_count":0,"_bbp_voice_count":0,"_bbp_anonymous_reply_count":0,"_bbp_topic_count_hidden":0,"_bbp_reply_count_hidden":0,"_bbp_forum_subforum_count":0,"footnotes":"","_yoast_wpseo_focuskw_text_input":""},"categories":[70,519],"tags":[12122,12026,12025],"yoast_head":"<!-- This site is optimized with the Yoast SEO plugin v23.0 - https:\/\/yoast.com\/wordpress\/plugins\/seo\/ -->\n<title>Fizik D\u00fcnyas\u0131nda Ezber Bozan Teori: Yer\u00e7ekimi Bir Yan\u0131lsama m\u0131? - The Epoch Times TR<\/title>\n<meta name=\"description\" content=\"Isaac Newton, bir elma a\u011fac\u0131n\u0131n alt\u0131nda otururken aniden ba\u015f\u0131na bir elman\u0131n d\u00fc\u015fmesiyle yer\u00e7ekimi ya da k\u00fctle \u00e7ekimi teorisini bulur.\" \/>\n<meta name=\"robots\" content=\"index, follow, max-snippet:-1, max-image-preview:large, max-video-preview:-1\" \/>\n<link rel=\"canonical\" href=\"https:\/\/epochtimestr.com\/index.php\/fizik-dunyasinda-ezber-bozan-teori-yercekimi-bir-yanilsama-mi\" \/>\n<meta property=\"og:locale\" content=\"tr_TR\" \/>\n<meta property=\"og:type\" content=\"article\" \/>\n<meta property=\"og:title\" content=\"Fizik D\u00fcnyas\u0131nda Ezber Bozan Teori: Yer\u00e7ekimi Bir Yan\u0131lsama m\u0131? - The Epoch Times TR\" \/>\n<meta property=\"og:description\" content=\"Isaac Newton, bir elma a\u011fac\u0131n\u0131n alt\u0131nda otururken aniden ba\u015f\u0131na bir elman\u0131n d\u00fc\u015fmesiyle yer\u00e7ekimi ya da k\u00fctle \u00e7ekimi teorisini bulur.\" \/>\n<meta property=\"og:url\" content=\"https:\/\/epochtimestr.com\/index.php\/fizik-dunyasinda-ezber-bozan-teori-yercekimi-bir-yanilsama-mi\" \/>\n<meta property=\"og:site_name\" content=\"The Epoch Times TR\" \/>\n<meta property=\"article:publisher\" content=\"https:\/\/www.facebook.com\/theepochtimestr\" \/>\n<meta property=\"article:published_time\" content=\"2026-08-08T17:44:55+00:00\" \/>\n<meta property=\"article:modified_time\" content=\"2026-08-08T17:44:56+00:00\" \/>\n<meta property=\"og:image\" content=\"https:\/\/epochtimestr.com\/wp-content\/uploads\/2011y\/ede1234.webp\" \/>\n\t<meta property=\"og:image:width\" content=\"1280\" \/>\n\t<meta property=\"og:image:height\" content=\"920\" \/>\n\t<meta property=\"og:image:type\" content=\"image\/webp\" \/>\n<meta name=\"author\" content=\"Haber Merkezi\" \/>\n<meta name=\"twitter:card\" content=\"summary_large_image\" \/>\n<meta name=\"twitter:creator\" content=\"@TheEpochTimesTR\" \/>\n<meta name=\"twitter:site\" content=\"@TheEpochTimesTR\" \/>\n<meta name=\"twitter:label1\" content=\"Yazan:\" \/>\n\t<meta name=\"twitter:data1\" content=\"Haber Merkezi\" \/>\n\t<meta name=\"twitter:label2\" content=\"Tahmini okuma s\u00fcresi\" \/>\n\t<meta name=\"twitter:data2\" content=\"4 dakika\" \/>\n<script type=\"application\/ld+json\" class=\"yoast-schema-graph\">{\"@context\":\"https:\/\/schema.org\",\"@graph\":[{\"@type\":\"Article\",\"@id\":\"https:\/\/epochtimestr.com\/index.php\/fizik-dunyasinda-ezber-bozan-teori-yercekimi-bir-yanilsama-mi#article\",\"isPartOf\":{\"@id\":\"https:\/\/epochtimestr.com\/index.php\/fizik-dunyasinda-ezber-bozan-teori-yercekimi-bir-yanilsama-mi\"},\"author\":{\"name\":\"Haber Merkezi\",\"@id\":\"https:\/\/epochtimestr.com\/#\/schema\/person\/3dc5c3adeb9f43923c5aa85889172fdd\"},\"headline\":\"Fizik D\u00fcnyas\u0131nda Ezber Bozan Teori: Yer\u00e7ekimi Bir Yan\u0131lsama m\u0131?\",\"datePublished\":\"2026-08-08T17:44:55+00:00\",\"dateModified\":\"2026-08-08T17:44:56+00:00\",\"mainEntityOfPage\":{\"@id\":\"https:\/\/epochtimestr.com\/index.php\/fizik-dunyasinda-ezber-bozan-teori-yercekimi-bir-yanilsama-mi\"},\"wordCount\":866,\"commentCount\":0,\"publisher\":{\"@id\":\"https:\/\/epochtimestr.com\/#organization\"},\"image\":{\"@id\":\"https:\/\/epochtimestr.com\/index.php\/fizik-dunyasinda-ezber-bozan-teori-yercekimi-bir-yanilsama-mi#primaryimage\"},\"thumbnailUrl\":\"https:\/\/epochtimestr.com\/wp-content\/uploads\/2011y\/ede1234.webp\",\"keywords\":[\"K\u00fctle \u00e7ekimi\",\"Profes\u00f6r Eric Verlinde\",\"yer\u00e7ekimi\"],\"articleSection\":[\"Bilimsel Ke\u015fifler\",\"ED\u0130T\u00d6R\u00dcN SE\u00c7\u0130M\u0130\"],\"inLanguage\":\"tr\",\"potentialAction\":[{\"@type\":\"CommentAction\",\"name\":\"Comment\",\"target\":[\"https:\/\/epochtimestr.com\/index.php\/fizik-dunyasinda-ezber-bozan-teori-yercekimi-bir-yanilsama-mi#respond\"]}]},{\"@type\":\"WebPage\",\"@id\":\"https:\/\/epochtimestr.com\/index.php\/fizik-dunyasinda-ezber-bozan-teori-yercekimi-bir-yanilsama-mi\",\"url\":\"https:\/\/epochtimestr.com\/index.php\/fizik-dunyasinda-ezber-bozan-teori-yercekimi-bir-yanilsama-mi\",\"name\":\"Fizik D\u00fcnyas\u0131nda Ezber Bozan Teori: Yer\u00e7ekimi Bir Yan\u0131lsama m\u0131? - The Epoch Times TR\",\"isPartOf\":{\"@id\":\"https:\/\/epochtimestr.com\/#website\"},\"primaryImageOfPage\":{\"@id\":\"https:\/\/epochtimestr.com\/index.php\/fizik-dunyasinda-ezber-bozan-teori-yercekimi-bir-yanilsama-mi#primaryimage\"},\"image\":{\"@id\":\"https:\/\/epochtimestr.com\/index.php\/fizik-dunyasinda-ezber-bozan-teori-yercekimi-bir-yanilsama-mi#primaryimage\"},\"thumbnailUrl\":\"https:\/\/epochtimestr.com\/wp-content\/uploads\/2011y\/ede1234.webp\",\"datePublished\":\"2026-08-08T17:44:55+00:00\",\"dateModified\":\"2026-08-08T17:44:56+00:00\",\"description\":\"Isaac Newton, bir elma a\u011fac\u0131n\u0131n alt\u0131nda otururken aniden ba\u015f\u0131na bir elman\u0131n d\u00fc\u015fmesiyle yer\u00e7ekimi ya da k\u00fctle \u00e7ekimi teorisini bulur.\",\"inLanguage\":\"tr\",\"potentialAction\":[{\"@type\":\"ReadAction\",\"target\":[\"https:\/\/epochtimestr.com\/index.php\/fizik-dunyasinda-ezber-bozan-teori-yercekimi-bir-yanilsama-mi\"]}]},{\"@type\":\"ImageObject\",\"inLanguage\":\"tr\",\"@id\":\"https:\/\/epochtimestr.com\/index.php\/fizik-dunyasinda-ezber-bozan-teori-yercekimi-bir-yanilsama-mi#primaryimage\",\"url\":\"https:\/\/epochtimestr.com\/wp-content\/uploads\/2011y\/ede1234.webp\",\"contentUrl\":\"https:\/\/epochtimestr.com\/wp-content\/uploads\/2011y\/ede1234.webp\",\"width\":1280,\"height\":920},{\"@type\":\"WebSite\",\"@id\":\"https:\/\/epochtimestr.com\/#website\",\"url\":\"https:\/\/epochtimestr.com\/\",\"name\":\"The Epoch Times TR\",\"description\":\"De\u011fi\u015fen D\u00fcnyam\u0131za Taze Bir Bak\u0131\u015f\",\"publisher\":{\"@id\":\"https:\/\/epochtimestr.com\/#organization\"},\"potentialAction\":[{\"@type\":\"SearchAction\",\"target\":{\"@type\":\"EntryPoint\",\"urlTemplate\":\"https:\/\/epochtimestr.com\/?s={search_term_string}\"},\"query-input\":\"required name=search_term_string\"}],\"inLanguage\":\"tr\"},{\"@type\":\"Organization\",\"@id\":\"https:\/\/epochtimestr.com\/#organization\",\"name\":\"The EpochTimes T\u00fcrkiye\",\"url\":\"https:\/\/epochtimestr.com\/\",\"logo\":{\"@type\":\"ImageObject\",\"inLanguage\":\"tr\",\"@id\":\"https:\/\/epochtimestr.com\/#\/schema\/logo\/image\/\",\"url\":\"https:\/\/epochtimestr.com\/wp-content\/uploads\/2011y\/ET-Logo-YG.jpg\",\"contentUrl\":\"https:\/\/epochtimestr.com\/wp-content\/uploads\/2011y\/ET-Logo-YG.jpg\",\"width\":346,\"height\":29,\"caption\":\"The EpochTimes T\u00fcrkiye\"},\"image\":{\"@id\":\"https:\/\/epochtimestr.com\/#\/schema\/logo\/image\/\"},\"sameAs\":[\"https:\/\/www.facebook.com\/theepochtimestr\",\"https:\/\/x.com\/TheEpochTimesTR\",\"https:\/\/www.instagram.com\/epochtimestr\"]},{\"@type\":\"Person\",\"@id\":\"https:\/\/epochtimestr.com\/#\/schema\/person\/3dc5c3adeb9f43923c5aa85889172fdd\",\"name\":\"Haber Merkezi\",\"image\":{\"@type\":\"ImageObject\",\"inLanguage\":\"tr\",\"@id\":\"https:\/\/epochtimestr.com\/#\/schema\/person\/image\/\",\"url\":\"https:\/\/secure.gravatar.com\/avatar\/d73f772ba5a74f28601361e17c2f93e6?s=96&d=mm&r=g\",\"contentUrl\":\"https:\/\/secure.gravatar.com\/avatar\/d73f772ba5a74f28601361e17c2f93e6?s=96&d=mm&r=g\",\"caption\":\"Haber Merkezi\"},\"url\":\"https:\/\/epochtimestr.com\/index.php\/author\/sendag\"}]}<\/script>\n<!-- \/ Yoast SEO plugin. -->","yoast_head_json":{"title":"Fizik D\u00fcnyas\u0131nda Ezber Bozan Teori: Yer\u00e7ekimi Bir Yan\u0131lsama m\u0131? - The Epoch Times TR","description":"Isaac Newton, bir elma a\u011fac\u0131n\u0131n alt\u0131nda otururken aniden ba\u015f\u0131na bir elman\u0131n d\u00fc\u015fmesiyle yer\u00e7ekimi ya da k\u00fctle \u00e7ekimi teorisini bulur.","robots":{"index":"index","follow":"follow","max-snippet":"max-snippet:-1","max-image-preview":"max-image-preview:large","max-video-preview":"max-video-preview:-1"},"canonical":"https:\/\/epochtimestr.com\/index.php\/fizik-dunyasinda-ezber-bozan-teori-yercekimi-bir-yanilsama-mi","og_locale":"tr_TR","og_type":"article","og_title":"Fizik D\u00fcnyas\u0131nda Ezber Bozan Teori: Yer\u00e7ekimi Bir Yan\u0131lsama m\u0131? - The Epoch Times TR","og_description":"Isaac Newton, bir elma a\u011fac\u0131n\u0131n alt\u0131nda otururken aniden ba\u015f\u0131na bir elman\u0131n d\u00fc\u015fmesiyle yer\u00e7ekimi ya da k\u00fctle \u00e7ekimi teorisini bulur.","og_url":"https:\/\/epochtimestr.com\/index.php\/fizik-dunyasinda-ezber-bozan-teori-yercekimi-bir-yanilsama-mi","og_site_name":"The Epoch Times TR","article_publisher":"https:\/\/www.facebook.com\/theepochtimestr","article_published_time":"2026-08-08T17:44:55+00:00","article_modified_time":"2026-08-08T17:44:56+00:00","og_image":[{"width":1280,"height":920,"url":"https:\/\/epochtimestr.com\/wp-content\/uploads\/2011y\/ede1234.webp","type":"image\/webp"}],"author":"Haber Merkezi","twitter_card":"summary_large_image","twitter_creator":"@TheEpochTimesTR","twitter_site":"@TheEpochTimesTR","twitter_misc":{"Yazan:":"Haber Merkezi","Tahmini okuma s\u00fcresi":"4 dakika"},"schema":{"@context":"https:\/\/schema.org","@graph":[{"@type":"Article","@id":"https:\/\/epochtimestr.com\/index.php\/fizik-dunyasinda-ezber-bozan-teori-yercekimi-bir-yanilsama-mi#article","isPartOf":{"@id":"https:\/\/epochtimestr.com\/index.php\/fizik-dunyasinda-ezber-bozan-teori-yercekimi-bir-yanilsama-mi"},"author":{"name":"Haber Merkezi","@id":"https:\/\/epochtimestr.com\/#\/schema\/person\/3dc5c3adeb9f43923c5aa85889172fdd"},"headline":"Fizik D\u00fcnyas\u0131nda Ezber Bozan Teori: Yer\u00e7ekimi Bir Yan\u0131lsama m\u0131?","datePublished":"2026-08-08T17:44:55+00:00","dateModified":"2026-08-08T17:44:56+00:00","mainEntityOfPage":{"@id":"https:\/\/epochtimestr.com\/index.php\/fizik-dunyasinda-ezber-bozan-teori-yercekimi-bir-yanilsama-mi"},"wordCount":866,"commentCount":0,"publisher":{"@id":"https:\/\/epochtimestr.com\/#organization"},"image":{"@id":"https:\/\/epochtimestr.com\/index.php\/fizik-dunyasinda-ezber-bozan-teori-yercekimi-bir-yanilsama-mi#primaryimage"},"thumbnailUrl":"https:\/\/epochtimestr.com\/wp-content\/uploads\/2011y\/ede1234.webp","keywords":["K\u00fctle \u00e7ekimi","Profes\u00f6r Eric Verlinde","yer\u00e7ekimi"],"articleSection":["Bilimsel Ke\u015fifler","ED\u0130T\u00d6R\u00dcN SE\u00c7\u0130M\u0130"],"inLanguage":"tr","potentialAction":[{"@type":"CommentAction","name":"Comment","target":["https:\/\/epochtimestr.com\/index.php\/fizik-dunyasinda-ezber-bozan-teori-yercekimi-bir-yanilsama-mi#respond"]}]},{"@type":"WebPage","@id":"https:\/\/epochtimestr.com\/index.php\/fizik-dunyasinda-ezber-bozan-teori-yercekimi-bir-yanilsama-mi","url":"https:\/\/epochtimestr.com\/index.php\/fizik-dunyasinda-ezber-bozan-teori-yercekimi-bir-yanilsama-mi","name":"Fizik D\u00fcnyas\u0131nda Ezber Bozan Teori: Yer\u00e7ekimi Bir Yan\u0131lsama m\u0131? - The Epoch Times TR","isPartOf":{"@id":"https:\/\/epochtimestr.com\/#website"},"primaryImageOfPage":{"@id":"https:\/\/epochtimestr.com\/index.php\/fizik-dunyasinda-ezber-bozan-teori-yercekimi-bir-yanilsama-mi#primaryimage"},"image":{"@id":"https:\/\/epochtimestr.com\/index.php\/fizik-dunyasinda-ezber-bozan-teori-yercekimi-bir-yanilsama-mi#primaryimage"},"thumbnailUrl":"https:\/\/epochtimestr.com\/wp-content\/uploads\/2011y\/ede1234.webp","datePublished":"2026-08-08T17:44:55+00:00","dateModified":"2026-08-08T17:44:56+00:00","description":"Isaac Newton, bir elma a\u011fac\u0131n\u0131n alt\u0131nda otururken aniden ba\u015f\u0131na bir elman\u0131n d\u00fc\u015fmesiyle yer\u00e7ekimi ya da k\u00fctle \u00e7ekimi teorisini bulur.","inLanguage":"tr","potentialAction":[{"@type":"ReadAction","target":["https:\/\/epochtimestr.com\/index.php\/fizik-dunyasinda-ezber-bozan-teori-yercekimi-bir-yanilsama-mi"]}]},{"@type":"ImageObject","inLanguage":"tr","@id":"https:\/\/epochtimestr.com\/index.php\/fizik-dunyasinda-ezber-bozan-teori-yercekimi-bir-yanilsama-mi#primaryimage","url":"https:\/\/epochtimestr.com\/wp-content\/uploads\/2011y\/ede1234.webp","contentUrl":"https:\/\/epochtimestr.com\/wp-content\/uploads\/2011y\/ede1234.webp","width":1280,"height":920},{"@type":"WebSite","@id":"https:\/\/epochtimestr.com\/#website","url":"https:\/\/epochtimestr.com\/","name":"The Epoch Times TR","description":"De\u011fi\u015fen D\u00fcnyam\u0131za Taze Bir Bak\u0131\u015f","publisher":{"@id":"https:\/\/epochtimestr.com\/#organization"},"potentialAction":[{"@type":"SearchAction","target":{"@type":"EntryPoint","urlTemplate":"https:\/\/epochtimestr.com\/?s={search_term_string}"},"query-input":"required name=search_term_string"}],"inLanguage":"tr"},{"@type":"Organization","@id":"https:\/\/epochtimestr.com\/#organization","name":"The EpochTimes T\u00fcrkiye","url":"https:\/\/epochtimestr.com\/","logo":{"@type":"ImageObject","inLanguage":"tr","@id":"https:\/\/epochtimestr.com\/#\/schema\/logo\/image\/","url":"https:\/\/epochtimestr.com\/wp-content\/uploads\/2011y\/ET-Logo-YG.jpg","contentUrl":"https:\/\/epochtimestr.com\/wp-content\/uploads\/2011y\/ET-Logo-YG.jpg","width":346,"height":29,"caption":"The EpochTimes T\u00fcrkiye"},"image":{"@id":"https:\/\/epochtimestr.com\/#\/schema\/logo\/image\/"},"sameAs":["https:\/\/www.facebook.com\/theepochtimestr","https:\/\/x.com\/TheEpochTimesTR","https:\/\/www.instagram.com\/epochtimestr"]},{"@type":"Person","@id":"https:\/\/epochtimestr.com\/#\/schema\/person\/3dc5c3adeb9f43923c5aa85889172fdd","name":"Haber Merkezi","image":{"@type":"ImageObject","inLanguage":"tr","@id":"https:\/\/epochtimestr.com\/#\/schema\/person\/image\/","url":"https:\/\/secure.gravatar.com\/avatar\/d73f772ba5a74f28601361e17c2f93e6?s=96&d=mm&r=g","contentUrl":"https:\/\/secure.gravatar.com\/avatar\/d73f772ba5a74f28601361e17c2f93e6?s=96&d=mm&r=g","caption":"Haber Merkezi"},"url":"https:\/\/epochtimestr.com\/index.php\/author\/sendag"}]}},"_links":{"self":[{"href":"https:\/\/epochtimestr.com\/index.php\/wp-json\/wp\/v2\/posts\/169680"}],"collection":[{"href":"https:\/\/epochtimestr.com\/index.php\/wp-json\/wp\/v2\/posts"}],"about":[{"href":"https:\/\/epochtimestr.com\/index.php\/wp-json\/wp\/v2\/types\/post"}],"author":[{"embeddable":true,"href":"https:\/\/epochtimestr.com\/index.php\/wp-json\/wp\/v2\/users\/12791"}],"replies":[{"embeddable":true,"href":"https:\/\/epochtimestr.com\/index.php\/wp-json\/wp\/v2\/comments?post=169680"}],"version-history":[{"count":9,"href":"https:\/\/epochtimestr.com\/index.php\/wp-json\/wp\/v2\/posts\/169680\/revisions"}],"predecessor-version":[{"id":170016,"href":"https:\/\/epochtimestr.com\/index.php\/wp-json\/wp\/v2\/posts\/169680\/revisions\/170016"}],"wp:featuredmedia":[{"embeddable":true,"href":"https:\/\/epochtimestr.com\/index.php\/wp-json\/wp\/v2\/media\/169681"}],"wp:attachment":[{"href":"https:\/\/epochtimestr.com\/index.php\/wp-json\/wp\/v2\/media?parent=169680"}],"wp:term":[{"taxonomy":"category","embeddable":true,"href":"https:\/\/epochtimestr.com\/index.php\/wp-json\/wp\/v2\/categories?post=169680"},{"taxonomy":"post_tag","embeddable":true,"href":"https:\/\/epochtimestr.com\/index.php\/wp-json\/wp\/v2\/tags?post=169680"}],"curies":[{"name":"wp","href":"https:\/\/api.w.org\/{rel}","templated":true}]}}