{"id":169702,"date":"2026-08-03T08:42:27","date_gmt":"2026-08-03T05:42:27","guid":{"rendered":"https:\/\/epochtimestr.com\/?p=169702"},"modified":"2026-08-03T09:13:14","modified_gmt":"2026-08-03T06:13:14","slug":"mersinde-onemli-isimler-yeni-bir-sanatsal-olusum-icin-bir-araya-geldi","status":"publish","type":"post","link":"https:\/\/epochtimestr.com\/index.php\/mersinde-onemli-isimler-yeni-bir-sanatsal-olusum-icin-bir-araya-geldi","title":{"rendered":"Mersin\u2019de \u00d6nemli \u0130simler Yeni Bir Sanatsal Olu\u015fum \u0130\u00e7in Bir Araya Geldi"},"content":{"rendered":"<div class=\"wp-block-image\">\n<figure class=\"aligncenter size-full is-resized\"><img loading=\"lazy\" decoding=\"async\" width=\"1600\" height=\"1200\" src=\"https:\/\/epochtimestr.com\/wp-content\/uploads\/2011y\/Toplu-Huseyin-Tascatan.jpeg\" alt=\"Mersin\u2019de \u00f6nemli isimler yeni bir sanatsal olu\u015fum i\u00e7in bir araya geldi. (Foto\u011fraf: G.Hakan Ko\u00e7man, The Epoch Times TR)\" class=\"wp-image-169703\" style=\"width:918px;height:auto\" srcset=\"https:\/\/epochtimestr.com\/wp-content\/uploads\/2011y\/Toplu-Huseyin-Tascatan.jpeg 1600w, https:\/\/epochtimestr.com\/wp-content\/uploads\/2011y\/Toplu-Huseyin-Tascatan-300x225.jpeg 300w, https:\/\/epochtimestr.com\/wp-content\/uploads\/2011y\/Toplu-Huseyin-Tascatan-150x113.jpeg 150w, https:\/\/epochtimestr.com\/wp-content\/uploads\/2011y\/Toplu-Huseyin-Tascatan-768x576.jpeg 768w, https:\/\/epochtimestr.com\/wp-content\/uploads\/2011y\/Toplu-Huseyin-Tascatan-1536x1152.jpeg 1536w, https:\/\/epochtimestr.com\/wp-content\/uploads\/2011y\/Toplu-Huseyin-Tascatan-86x64.jpeg 86w\" sizes=\"(max-width: 1600px) 100vw, 1600px\" \/><figcaption class=\"wp-element-caption\">Mersin\u2019de \u00f6nemli isimler yeni bir sanatsal olu\u015fum i\u00e7in bir araya geldi. (Foto\u011fraf: G.Hakan Ko\u00e7man, The Epoch Times TR)<\/figcaption><\/figure><\/div>\n\n\n<p>\u015eair-Yazar H\u00fcseyin Ta\u015f\u00e7atan, Gazeteci-Yazar Mirza Turgut ve Gazeteci-Yazar Abidin Ya\u011fmur \u00f6nderli\u011finde Mersin\u2019de sanat\u0131 tek \u00e7at\u0131 alt\u0131nda toplamak ve \u00f6rg\u00fctlemek isteyen sanat\u00e7\u0131 ve sanatseverler Sanat Soka\u011f\u0131\u2019nda\u00a0bulunan Gramafon Restoran\u2019da bir araya geldi. \u201cMersin\u2019de Sanat Nerede ve Nerede Olmal\u0131?\u201d\u00a0ba\u015fl\u0131\u011f\u0131n\u0131n tart\u0131\u015f\u0131ld\u0131\u011f\u0131 etkinli\u011fe Prof. Nurseren Tor, Dr. Galip K\u0131r\u0131c\u0131, Dr. \u00d6zkan \u00d6zdemir, E\u011fitimci-Yazar Mehmet Ali El\u00e7in, E\u011fitimci-Yazar Kemal K\u0131rm\u0131z\u0131, Ressam Orhan Tural, Halk \u015eairi Can H\u00fcseyin gibi sanat\u00e7\u0131 ve sanatseverler kat\u0131ld\u0131.<\/p>\n\n\n\n<p>Bulu\u015fmada konu\u015fan H\u00fcseyin Ta\u015f\u00e7atan, ama\u00e7lar\u0131n\u0131n hi\u00e7bir sanatsal toplulu\u011fu kar\u015f\u0131lar\u0131na almadan, kucaklay\u0131c\u0131 bir anlay\u0131\u015f ile Mersin\u2019deki sanat\u00e7\u0131lar\u0131 tek \u00e7at\u0131 alt\u0131nda toplamak oldu\u011funu s\u00f6yledi. Gramafon\u2019un mekan olarak bu olu\u015fum i\u00e7in kap\u0131lar\u0131n\u0131 kendilerine a\u00e7mas\u0131n\u0131n bulunmaz bir f\u0131rsat oldu\u011funu s\u00f6yleyen Ta\u015f\u00e7atan, mekanda tiyatrodan m\u00fczi\u011fe, resimden edebiyata, \u015fiirden sinemaya kadar pek \u00e7ok aktivite ger\u00e7ekle\u015ftireceklerini ifade etti. Sadece sanat \u00fcretmek de\u011fil ayn\u0131 zamanda sanatla u\u011fra\u015fmak isteyen herkese de el uzatmak istediklerini vurgulayarak, \u201cBir araya gelen nitelikli az\u0131nl\u0131\u011f\u0131n bu olu\u015fumu ba\u015flatmak i\u00e7in olduk\u00e7a yeterli oldu\u011funa inan\u0131yorum.\u201d dedi.\u00a0<\/p>\n\n\n<div class=\"wp-block-image\">\n<figure class=\"aligncenter size-full\"><img loading=\"lazy\" decoding=\"async\" width=\"1600\" height=\"1200\" src=\"https:\/\/epochtimestr.com\/wp-content\/uploads\/2011y\/Huseyin-Tascatan-Gramafon.jpeg\" alt=\"\u015eair-Yazzar H\u00fcseyin Ta\u015f\u00e7atan bulu\u015fmada konu\u015fuyor. (Foto\u011fraf: G. Hakan Ko\u00e7man, The Epoch Times TR)\" class=\"wp-image-169704\" srcset=\"https:\/\/epochtimestr.com\/wp-content\/uploads\/2011y\/Huseyin-Tascatan-Gramafon.jpeg 1600w, https:\/\/epochtimestr.com\/wp-content\/uploads\/2011y\/Huseyin-Tascatan-Gramafon-300x225.jpeg 300w, https:\/\/epochtimestr.com\/wp-content\/uploads\/2011y\/Huseyin-Tascatan-Gramafon-150x113.jpeg 150w, https:\/\/epochtimestr.com\/wp-content\/uploads\/2011y\/Huseyin-Tascatan-Gramafon-768x576.jpeg 768w, https:\/\/epochtimestr.com\/wp-content\/uploads\/2011y\/Huseyin-Tascatan-Gramafon-1536x1152.jpeg 1536w, https:\/\/epochtimestr.com\/wp-content\/uploads\/2011y\/Huseyin-Tascatan-Gramafon-86x64.jpeg 86w\" sizes=\"(max-width: 1600px) 100vw, 1600px\" \/><figcaption class=\"wp-element-caption\">\u015eair-Yazzar H\u00fcseyin Ta\u015f\u00e7atan bulu\u015fmada konu\u015fuyor. (Foto\u011fraf: G. Hakan Ko\u00e7man, The Epoch Times TR)<\/figcaption><\/figure><\/div>\n\n\n<h3 class=\"wp-block-heading\">\u201cSanat yoksa insan da yok\u201d<\/h3>\n\n\n\n<p>Konu\u015fmas\u0131n\u0131n devam\u0131nda Ta\u015f\u00e7atan be\u015f b\u00fcy\u00fck kentin ikisinde sanat\u0131n bir t\u00fcrl\u00fc \u00f6rg\u00fctlenemedi\u011fini ve bu kentlerin \u0130zmir ile Mersin oldu\u011funu dile getirdi. \u201c\u0130zmir&#8217;de sanat \u00f6rg\u00fctlenememi\u015f. Mersin&#8217;de \u00f6rg\u00fctlenememi\u015f. Ger\u00e7ekten bu \u00e7ok \u00fcz\u00fcc\u00fc bir \u015fey.<\/p>\n\n\n\n<p>O kadar sanat\u00e7\u0131n\u0131n bol oldu\u011fu, ressam\u0131n, m\u00fczisyenin, \u015fairin, \u00f6yk\u00fcc\u00fcn\u00fcn, ara\u015ft\u0131rmac\u0131n\u0131n bol oldu\u011fu bu kentte sanat niye \u00f6rg\u00fctlenemiyor? Bir engel mi var? Varsa nas\u0131l bir engel bu? Niye y\u0131kam\u0131yoruz biz o engeli?.. \u0130ki \u015fey var: Ya m\u00fccadele etmek istemiyoruz ya da \u00f6nemsemiyoruz sanat\u0131. Ama sanat\u0131n olmad\u0131\u011f\u0131 hi\u00e7bir kent uygar de\u011fildir, bunu da s\u00f6yleyeyim. Olamaz yani. Sanat yok, \u015fiir yok, \u00f6yk\u00fc yok, sinema yok, tiyatro yok. E ne var? Peki ne var? Sanat yoksa insan da yok.\u201d ifadelerini kulland\u0131.<\/p>\n\n\n<div class=\"wp-block-image\">\n<figure class=\"aligncenter size-large\"><img loading=\"lazy\" decoding=\"async\" width=\"1600\" height=\"1200\" src=\"https:\/\/epochtimestr.com\/wp-content\/uploads\/2011y\/Mirza-Turgut.jpeg\" alt=\"Gazeteci Yazar Mirza Turgut bulu\u015fmada konu\u015fuyor. (Foto\u011fraf: G. Hakan Ko\u00e7man, The Epoch Times TR)\" class=\"wp-image-169706\" srcset=\"https:\/\/epochtimestr.com\/wp-content\/uploads\/2011y\/Mirza-Turgut.jpeg 1600w, https:\/\/epochtimestr.com\/wp-content\/uploads\/2011y\/Mirza-Turgut-300x225.jpeg 300w, https:\/\/epochtimestr.com\/wp-content\/uploads\/2011y\/Mirza-Turgut-150x113.jpeg 150w, https:\/\/epochtimestr.com\/wp-content\/uploads\/2011y\/Mirza-Turgut-768x576.jpeg 768w, https:\/\/epochtimestr.com\/wp-content\/uploads\/2011y\/Mirza-Turgut-1536x1152.jpeg 1536w, https:\/\/epochtimestr.com\/wp-content\/uploads\/2011y\/Mirza-Turgut-86x64.jpeg 86w\" sizes=\"(max-width: 1600px) 100vw, 1600px\" \/><figcaption class=\"wp-element-caption\">Gazeteci Yazar Mirza Turgut bulu\u015fmada konu\u015fuyor. (Foto\u011fraf: G. Hakan Ko\u00e7man, The Epoch Times TR)<\/figcaption><\/figure><\/div>\n\n\n<h3 class=\"wp-block-heading\">Gazeteci-Yazar Mirza Turgut sahaya geri d\u00f6nd\u00fc<\/h3>\n\n\n\n<p>Ge\u00e7irdi\u011fi beyin ameliyat\u0131n\u0131n ard\u0131ndan t\u00fcm Mersin\u2019i merakta b\u0131rakan Mirza Turgut da bulu\u015fman\u0131n ba\u015f mimarlar\u0131ndan biriydi. Felsefi anlamda \u201cG\u00fczel nedir?\u201d sorusuyla konu\u015fmas\u0131na ba\u015flayan Turgut, Homeros\u2019tan ba\u015flayarak d\u00fcnya edebiyat ve sanat tarihine ait g\u00f6r\u00fc\u015flerini konu\u015fmas\u0131nda sundu. B\u00f6yle bir olu\u015fumun gereklili\u011fine y\u00fcrekten inand\u0131\u011f\u0131n\u0131 s\u00f6yleyen Turgut, bu olu\u015fumun Mersin i\u00e7in \u00e7ok \u00f6nemli oldu\u011funa inand\u0131\u011f\u0131n\u0131 ifade etti.<\/p>\n\n\n<div class=\"wp-block-image\">\n<figure class=\"aligncenter size-full is-resized\"><img loading=\"lazy\" decoding=\"async\" width=\"1600\" height=\"1200\" src=\"https:\/\/epochtimestr.com\/wp-content\/uploads\/2011y\/Abidin-Yagmur.jpeg\" alt=\"Gazeteci-Yazar Abidin Ya\u011fmur bulu\u015fmada konu\u015fuyor. (Foto\u011fraf: G. Hakan Ko\u00e7man, The Epoch Times TR)\" class=\"wp-image-169707\" style=\"width:918px;height:auto\" srcset=\"https:\/\/epochtimestr.com\/wp-content\/uploads\/2011y\/Abidin-Yagmur.jpeg 1600w, https:\/\/epochtimestr.com\/wp-content\/uploads\/2011y\/Abidin-Yagmur-300x225.jpeg 300w, https:\/\/epochtimestr.com\/wp-content\/uploads\/2011y\/Abidin-Yagmur-150x113.jpeg 150w, https:\/\/epochtimestr.com\/wp-content\/uploads\/2011y\/Abidin-Yagmur-768x576.jpeg 768w, https:\/\/epochtimestr.com\/wp-content\/uploads\/2011y\/Abidin-Yagmur-1536x1152.jpeg 1536w, https:\/\/epochtimestr.com\/wp-content\/uploads\/2011y\/Abidin-Yagmur-86x64.jpeg 86w\" sizes=\"(max-width: 1600px) 100vw, 1600px\" \/><figcaption class=\"wp-element-caption\">Gazeteci-Yazar Abidin Ya\u011fmur bulu\u015fmada konu\u015fuyor. (Foto\u011fraf: G. Hakan Ko\u00e7man, The Epoch Times TR)<\/figcaption><\/figure><\/div>\n\n\n<h3 class=\"wp-block-heading\">Abidin Ya\u011fmur: \u201c\u0130nsanlar art\u0131k sanat\u0131n al\u0131c\u0131s\u0131 de\u011fil \u00fcreticisi olmak istiyorlar\u201d<\/h3>\n\n\n\n<p>Turgut\u2019tan sonra s\u00f6z\u00fc alan Abidin Ya\u011fmur s\u00f6zlerine Mirza Turgut\u2019un kendisi ve Mersin i\u00e7in ne kadar \u00f6nemli bir de\u011fer oldu\u011funu aktararak konu\u015fmas\u0131na ba\u015flad\u0131. Mersin\u2019de gerek topluluk gerekse dernek ad\u0131 alt\u0131nda \u00e7ok say\u0131da sanat olu\u015fumunun var oldu\u011funu s\u00f6yleyen Ya\u011fmur, sanatsal \u00fcretim yapanlar\u0131n say\u0131s\u0131n\u0131n ise giderek azald\u0131\u011f\u0131n\u0131 dile getirdi. Bu olu\u015fumlarda \u00fczerinden neredeyse bir as\u0131r ge\u00e7mi\u015f sanatsal \u00fcretimleri okuyan, yeniden de\u011ferlendiren topluluklar\u0131n oldu\u011funa dikkat \u00e7eken Ya\u011fmur, insanlar\u0131n art\u0131k sanat\u0131n al\u0131c\u0131s\u0131 de\u011fil \u00fcreticisi olmak istediklerini belirtti.<\/p>\n\n\n\n<p><strong>Yerel yazarlar i\u00e7in rekabet ortam\u0131 \u00e7ok zor<\/strong><\/p>\n\n\n\n<p>Ya\u011fmur konu\u015fmas\u0131n\u0131n devam\u0131nda kendisinin de bir \u00f6yk\u00fc yazar\u0131 olarak haz\u0131rda yay\u0131nlatmak istedi\u011fi kitaplar oldu\u011funu ama mevcut anlay\u0131\u015fla m\u00fccadele edemedi\u011fi i\u00e7in kitaplar\u0131 yay\u0131nlatmad\u0131\u011f\u0131n\u0131 s\u00f6yledi. B\u00fcy\u00fck yazarlarla yerel yazarlar\u0131n rekabet etmesinin zorlu\u011fundan bahseden Ya\u011fmur, konuyu tiyatro \u00fczerinden \u015fu c\u00fcmlelerle \u00f6rnekledi:<\/p>\n\n\n\n<p>\u201cBir afi\u015f g\u00f6r\u00fcyorsunuz. Afi\u015fte koskocaman Brecht yaz\u0131yor. Alt\u0131nda k\u00fc\u00e7\u00fcc\u00fck Mersin bilmem ne tiyatro toplulu\u011fu. Yani \u015fimdi Abidin Ya\u011fmur&#8217;un Brecht\u2019le m\u00fccadele edecek, onunla rekabet edecek ya da onun ikamesi durumuna koyacak hali yok kendisini. Ya da bir bak\u0131yorsun i\u015fte Orhan Kemal&#8217;in \u00f6l\u00fcms\u00fcz eserinden tiyatro ak\u0131\u015f\u0131, alt\u0131nda bizim Mersinli tiyatro toplulu\u011fumuz. Ya da Naz\u0131m Hikmet&#8217;in \u00f6l\u00fcms\u00fcz oyunuyla sahnedeyiz. Bak\u0131yorsun bizim Mersin&#8217;deki tiyatro toplulu\u011fumuz. \u00d6b\u00fcr tarafta da biz Mersin&#8217;de onlarca yazar, onlarca \u015fair, roman yaz\u0131yoruz, \u00f6yk\u00fc yaz\u0131yoruz. tiyatro eserleri yaz\u0131yoruz. Belki bir tiyatro y\u00f6netmeni gelse bize bir komisyon kar\u015f\u0131l\u0131\u011f\u0131nda \u00f6yk\u00fcm\u00fcz\u00fc uyarlayaca\u011f\u0131z. Beraber bir dayan\u0131\u015fmayla y\u00fcr\u00fcyece\u011fiz. Fakat i\u015fin kolay k\u0131sm\u0131 tan\u0131nm\u0131\u015f, bilinmi\u015f, \u00fcnl\u00fc olmu\u015f ve i\u015f yapabilecek bir isim ile \u00f6ne \u00e7\u0131kmak olunca biz yerel yazarlar tabii ki biraz geride kal\u0131yoruz.\u201d <\/p>\n\n\n\n<h3 class=\"wp-block-heading\">\u201cSanat topluluklar\u0131, sanat\u0131 ve yap\u0131t\u0131 ele\u015ftirmekten ziyade \u00f6v\u00fcyor\u201d<\/h3>\n\n\n\n<p>Ya\u011fmur \u00fc\u00e7\u00fcnc\u00fc bir ele\u015ftiri noktas\u0131 olarak sanat topluluklar\u0131n\u0131n sanat\u0131 ve yap\u0131t\u0131n\u0131 ele\u015ftirmekten \u00e7ok \u00f6vd\u00fc\u011f\u00fcn\u00fc belirtti. \u201cEle\u015ftiri asl\u0131nda y\u0131kmakt\u0131r. Ters y\u00fcz etmek, y\u0131kmak ve yeniden yap\u0131lmas\u0131na vesile olmakt\u0131r. Bizde maalesef \u015fu anda sanat topluluklar\u0131 ele\u015ftirmenden ziyade \u00f6vmen durumuna gelmi\u015f. Yani bir eser yaz\u0131yorum ve bu eserin dilini de herkes \u00f6v\u00fcyor. \u00c7ok g\u00fczel olmu\u015f, harika olmu\u015f. Fakat bir tane ger\u00e7ek\u00e7i bir de\u011ferlendirme yaz\u0131s\u0131 g\u00f6remiyorum. Sizi yerle bir eden \u2018Ya b\u00f6yle \u00f6l\u00e7\u00fc m\u00fc olur?\u2019 diyen de yok\u2026 Maalesef kaba bir tabir olacak ama i\u015fte k\u00f6rler, sa\u011f\u0131rlar birbirini a\u011f\u0131rlar gibi bir durum olu\u015fuyor.<\/p>\n\n\n\n<p>Buradan da bir sanat \u00e7\u0131kt\u0131s\u0131, bir edebiyat\u0131n geli\u015fmesi, resmin geli\u015fmesi, ilkenin geli\u015fmesi, filmin geli\u015fmesi maalesef m\u00fcmk\u00fcn de\u011fil. \u0130\u015fte bu noktada bu tip sanat derneklerine ihtiya\u00e7 oldu\u011funu d\u00fc\u015f\u00fcn\u00fcyorum.\u201d dedi.<\/p>\n\n\n\n<p>Ya\u011fmur\u2019un konu\u015fmas\u0131n\u0131n ard\u0131ndan sanat\u00e7\u0131 ve sanatseverler s\u00f6z alarak olu\u015fumun ilke ve vizyonunun nas\u0131l olmas\u0131 gerekti\u011fi ve nas\u0131l bir yol haritas\u0131 ile hareket etmek gerekti\u011fi \u00fczerine g\u00f6r\u00fc\u015flerini bildirdi. Kat\u0131l\u0131mc\u0131lar yak\u0131n tarihte at\u0131lmas\u0131 gereken ad\u0131mlar ve yap\u0131labilecek etkinlikler ile ilgili g\u00f6r\u00fc\u015f al\u0131\u015fveri\u015finde bulundu.\u00a0Konu\u015fmalardan sonra \u015fiir ve m\u00fczik dinletisi ile bulu\u015fma sona erdi.<\/p>\n","protected":false},"excerpt":{"rendered":"<p>\u015eair-Yazar H\u00fcseyin Ta\u015f\u00e7atan, Gazeteci-Yazar Mirza Turgut ve Gazeteci-Yazar Abidin Ya\u011fmur \u00f6nderli\u011finde Mersin\u2019de sanat\u0131 tek \u00e7at\u0131 alt\u0131nda toplamak ve \u00f6rg\u00fctlemek isteyen sanat\u00e7\u0131 ve sanatseverler Sanat Soka\u011f\u0131\u2019nda\u00a0bulunan Gramafon Restoran\u2019da bir araya geldi. \u201cMersin\u2019de Sanat Nerede ve Nerede Olmal\u0131?\u201d\u00a0ba\u015fl\u0131\u011f\u0131n\u0131n tart\u0131\u015f\u0131ld\u0131\u011f\u0131 etkinli\u011fe Prof. Nurseren Tor, Dr. Galip K\u0131r\u0131c\u0131, Dr. \u00d6zkan \u00d6zdemir, E\u011fitimci-Yazar Mehmet Ali El\u00e7in, E\u011fitimci-Yazar Kemal K\u0131rm\u0131z\u0131, Ressam [&hellip;]<\/p>\n","protected":false},"author":22,"featured_media":169703,"comment_status":"open","ping_status":"open","sticky":false,"template":"","format":"standard","meta":{"_yoast_wpseo_focuskw":"Mersin'de - Sanatsal","_yoast_wpseo_title":"","_yoast_wpseo_metadesc":"Mersin\u2019de sanat\u0131 tek \u00e7at\u0131 alt\u0131nda toplamak ve \u00f6rg\u00fctlemek isteyen \u00f6nemli isimler sanatseverlerle yeni bir sanatsal olu\u015fum i\u00e7in bir araya geldi.","_bbp_topic_count":0,"_bbp_reply_count":0,"_bbp_total_topic_count":0,"_bbp_total_reply_count":0,"_bbp_voice_count":0,"_bbp_anonymous_reply_count":0,"_bbp_topic_count_hidden":0,"_bbp_reply_count_hidden":0,"_bbp_forum_subforum_count":0,"footnotes":"","_yoast_wpseo_focuskw_text_input":""},"categories":[1,16],"tags":[],"yoast_head":"<!-- This site is optimized with the Yoast SEO plugin v23.0 - https:\/\/yoast.com\/wordpress\/plugins\/seo\/ -->\n<title>Mersin\u2019de \u00d6nemli \u0130simler Yeni Bir Sanatsal Olu\u015fum \u0130\u00e7in Bir Araya Geldi - The Epoch Times TR<\/title>\n<meta name=\"description\" content=\"Mersin\u2019de sanat\u0131 tek \u00e7at\u0131 alt\u0131nda toplamak ve \u00f6rg\u00fctlemek isteyen \u00f6nemli isimler sanatseverlerle yeni bir sanatsal olu\u015fum i\u00e7in bir araya geldi.\" \/>\n<meta name=\"robots\" content=\"index, follow, max-snippet:-1, max-image-preview:large, max-video-preview:-1\" \/>\n<link rel=\"canonical\" href=\"https:\/\/epochtimestr.com\/index.php\/mersinde-onemli-isimler-yeni-bir-sanatsal-olusum-icin-bir-araya-geldi\" \/>\n<meta property=\"og:locale\" content=\"tr_TR\" \/>\n<meta property=\"og:type\" content=\"article\" \/>\n<meta property=\"og:title\" content=\"Mersin\u2019de \u00d6nemli \u0130simler Yeni Bir Sanatsal Olu\u015fum \u0130\u00e7in Bir Araya Geldi - The Epoch Times TR\" \/>\n<meta property=\"og:description\" content=\"Mersin\u2019de sanat\u0131 tek \u00e7at\u0131 alt\u0131nda toplamak ve \u00f6rg\u00fctlemek isteyen \u00f6nemli isimler sanatseverlerle yeni bir sanatsal olu\u015fum i\u00e7in bir araya geldi.\" \/>\n<meta property=\"og:url\" content=\"https:\/\/epochtimestr.com\/index.php\/mersinde-onemli-isimler-yeni-bir-sanatsal-olusum-icin-bir-araya-geldi\" \/>\n<meta property=\"og:site_name\" content=\"The Epoch Times TR\" \/>\n<meta property=\"article:publisher\" content=\"https:\/\/www.facebook.com\/theepochtimestr\" \/>\n<meta property=\"article:published_time\" content=\"2026-08-03T05:42:27+00:00\" \/>\n<meta property=\"article:modified_time\" content=\"2026-08-03T06:13:14+00:00\" \/>\n<meta property=\"og:image\" content=\"https:\/\/epochtimestr.com\/wp-content\/uploads\/2011y\/Toplu-Huseyin-Tascatan.jpeg\" \/>\n\t<meta property=\"og:image:width\" content=\"1600\" \/>\n\t<meta property=\"og:image:height\" content=\"1200\" \/>\n\t<meta property=\"og:image:type\" content=\"image\/jpeg\" \/>\n<meta name=\"author\" content=\"G.Hakan Ko\u00e7man\" \/>\n<meta name=\"twitter:card\" content=\"summary_large_image\" \/>\n<meta name=\"twitter:creator\" content=\"@TheEpochTimesTR\" \/>\n<meta name=\"twitter:site\" content=\"@TheEpochTimesTR\" \/>\n<meta name=\"twitter:label1\" content=\"Yazan:\" \/>\n\t<meta name=\"twitter:data1\" content=\"G.Hakan Ko\u00e7man\" \/>\n\t<meta name=\"twitter:label2\" content=\"Tahmini okuma s\u00fcresi\" \/>\n\t<meta name=\"twitter:data2\" content=\"6 dakika\" \/>\n<script type=\"application\/ld+json\" class=\"yoast-schema-graph\">{\"@context\":\"https:\/\/schema.org\",\"@graph\":[{\"@type\":\"Article\",\"@id\":\"https:\/\/epochtimestr.com\/index.php\/mersinde-onemli-isimler-yeni-bir-sanatsal-olusum-icin-bir-araya-geldi#article\",\"isPartOf\":{\"@id\":\"https:\/\/epochtimestr.com\/index.php\/mersinde-onemli-isimler-yeni-bir-sanatsal-olusum-icin-bir-araya-geldi\"},\"author\":{\"name\":\"G.Hakan Ko\u00e7man\",\"@id\":\"https:\/\/epochtimestr.com\/#\/schema\/person\/b5509977c9a6cd729a3e74d9743d035b\"},\"headline\":\"Mersin\u2019de \u00d6nemli \u0130simler Yeni Bir Sanatsal Olu\u015fum \u0130\u00e7in Bir Araya Geldi\",\"datePublished\":\"2026-08-03T05:42:27+00:00\",\"dateModified\":\"2026-08-03T06:13:14+00:00\",\"mainEntityOfPage\":{\"@id\":\"https:\/\/epochtimestr.com\/index.php\/mersinde-onemli-isimler-yeni-bir-sanatsal-olusum-icin-bir-araya-geldi\"},\"wordCount\":1149,\"commentCount\":0,\"publisher\":{\"@id\":\"https:\/\/epochtimestr.com\/#organization\"},\"image\":{\"@id\":\"https:\/\/epochtimestr.com\/index.php\/mersinde-onemli-isimler-yeni-bir-sanatsal-olusum-icin-bir-araya-geldi#primaryimage\"},\"thumbnailUrl\":\"https:\/\/epochtimestr.com\/wp-content\/uploads\/2011y\/Toplu-Huseyin-Tascatan.jpeg\",\"articleSection\":[\"G\u00dcNDEM\",\"SANAT ve K\u00dcLT\u00dcR\"],\"inLanguage\":\"tr\",\"potentialAction\":[{\"@type\":\"CommentAction\",\"name\":\"Comment\",\"target\":[\"https:\/\/epochtimestr.com\/index.php\/mersinde-onemli-isimler-yeni-bir-sanatsal-olusum-icin-bir-araya-geldi#respond\"]}]},{\"@type\":\"WebPage\",\"@id\":\"https:\/\/epochtimestr.com\/index.php\/mersinde-onemli-isimler-yeni-bir-sanatsal-olusum-icin-bir-araya-geldi\",\"url\":\"https:\/\/epochtimestr.com\/index.php\/mersinde-onemli-isimler-yeni-bir-sanatsal-olusum-icin-bir-araya-geldi\",\"name\":\"Mersin\u2019de \u00d6nemli \u0130simler Yeni Bir Sanatsal Olu\u015fum \u0130\u00e7in Bir Araya Geldi - The Epoch Times TR\",\"isPartOf\":{\"@id\":\"https:\/\/epochtimestr.com\/#website\"},\"primaryImageOfPage\":{\"@id\":\"https:\/\/epochtimestr.com\/index.php\/mersinde-onemli-isimler-yeni-bir-sanatsal-olusum-icin-bir-araya-geldi#primaryimage\"},\"image\":{\"@id\":\"https:\/\/epochtimestr.com\/index.php\/mersinde-onemli-isimler-yeni-bir-sanatsal-olusum-icin-bir-araya-geldi#primaryimage\"},\"thumbnailUrl\":\"https:\/\/epochtimestr.com\/wp-content\/uploads\/2011y\/Toplu-Huseyin-Tascatan.jpeg\",\"datePublished\":\"2026-08-03T05:42:27+00:00\",\"dateModified\":\"2026-08-03T06:13:14+00:00\",\"description\":\"Mersin\u2019de sanat\u0131 tek \u00e7at\u0131 alt\u0131nda toplamak ve \u00f6rg\u00fctlemek isteyen \u00f6nemli isimler sanatseverlerle yeni bir sanatsal olu\u015fum i\u00e7in bir araya geldi.\",\"inLanguage\":\"tr\",\"potentialAction\":[{\"@type\":\"ReadAction\",\"target\":[\"https:\/\/epochtimestr.com\/index.php\/mersinde-onemli-isimler-yeni-bir-sanatsal-olusum-icin-bir-araya-geldi\"]}]},{\"@type\":\"ImageObject\",\"inLanguage\":\"tr\",\"@id\":\"https:\/\/epochtimestr.com\/index.php\/mersinde-onemli-isimler-yeni-bir-sanatsal-olusum-icin-bir-araya-geldi#primaryimage\",\"url\":\"https:\/\/epochtimestr.com\/wp-content\/uploads\/2011y\/Toplu-Huseyin-Tascatan.jpeg\",\"contentUrl\":\"https:\/\/epochtimestr.com\/wp-content\/uploads\/2011y\/Toplu-Huseyin-Tascatan.jpeg\",\"width\":1600,\"height\":1200},{\"@type\":\"WebSite\",\"@id\":\"https:\/\/epochtimestr.com\/#website\",\"url\":\"https:\/\/epochtimestr.com\/\",\"name\":\"The Epoch Times TR\",\"description\":\"De\u011fi\u015fen D\u00fcnyam\u0131za Taze Bir Bak\u0131\u015f\",\"publisher\":{\"@id\":\"https:\/\/epochtimestr.com\/#organization\"},\"potentialAction\":[{\"@type\":\"SearchAction\",\"target\":{\"@type\":\"EntryPoint\",\"urlTemplate\":\"https:\/\/epochtimestr.com\/?s={search_term_string}\"},\"query-input\":\"required name=search_term_string\"}],\"inLanguage\":\"tr\"},{\"@type\":\"Organization\",\"@id\":\"https:\/\/epochtimestr.com\/#organization\",\"name\":\"The EpochTimes T\u00fcrkiye\",\"url\":\"https:\/\/epochtimestr.com\/\",\"logo\":{\"@type\":\"ImageObject\",\"inLanguage\":\"tr\",\"@id\":\"https:\/\/epochtimestr.com\/#\/schema\/logo\/image\/\",\"url\":\"https:\/\/epochtimestr.com\/wp-content\/uploads\/2011y\/ET-Logo-YG.jpg\",\"contentUrl\":\"https:\/\/epochtimestr.com\/wp-content\/uploads\/2011y\/ET-Logo-YG.jpg\",\"width\":346,\"height\":29,\"caption\":\"The EpochTimes T\u00fcrkiye\"},\"image\":{\"@id\":\"https:\/\/epochtimestr.com\/#\/schema\/logo\/image\/\"},\"sameAs\":[\"https:\/\/www.facebook.com\/theepochtimestr\",\"https:\/\/x.com\/TheEpochTimesTR\",\"https:\/\/www.instagram.com\/epochtimestr\"]},{\"@type\":\"Person\",\"@id\":\"https:\/\/epochtimestr.com\/#\/schema\/person\/b5509977c9a6cd729a3e74d9743d035b\",\"name\":\"G.Hakan Ko\u00e7man\",\"image\":{\"@type\":\"ImageObject\",\"inLanguage\":\"tr\",\"@id\":\"https:\/\/epochtimestr.com\/#\/schema\/person\/image\/\",\"url\":\"https:\/\/secure.gravatar.com\/avatar\/e4eafee1ab5d1f4015c3930376b22ca8?s=96&d=mm&r=g\",\"contentUrl\":\"https:\/\/secure.gravatar.com\/avatar\/e4eafee1ab5d1f4015c3930376b22ca8?s=96&d=mm&r=g\",\"caption\":\"G.Hakan Ko\u00e7man\"},\"url\":\"https:\/\/epochtimestr.com\/index.php\/author\/hakan\"}]}<\/script>\n<!-- \/ Yoast SEO plugin. -->","yoast_head_json":{"title":"Mersin\u2019de \u00d6nemli \u0130simler Yeni Bir Sanatsal Olu\u015fum \u0130\u00e7in Bir Araya Geldi - The Epoch Times TR","description":"Mersin\u2019de sanat\u0131 tek \u00e7at\u0131 alt\u0131nda toplamak ve \u00f6rg\u00fctlemek isteyen \u00f6nemli isimler sanatseverlerle yeni bir sanatsal olu\u015fum i\u00e7in bir araya geldi.","robots":{"index":"index","follow":"follow","max-snippet":"max-snippet:-1","max-image-preview":"max-image-preview:large","max-video-preview":"max-video-preview:-1"},"canonical":"https:\/\/epochtimestr.com\/index.php\/mersinde-onemli-isimler-yeni-bir-sanatsal-olusum-icin-bir-araya-geldi","og_locale":"tr_TR","og_type":"article","og_title":"Mersin\u2019de \u00d6nemli \u0130simler Yeni Bir Sanatsal Olu\u015fum \u0130\u00e7in Bir Araya Geldi - The Epoch Times TR","og_description":"Mersin\u2019de sanat\u0131 tek \u00e7at\u0131 alt\u0131nda toplamak ve \u00f6rg\u00fctlemek isteyen \u00f6nemli isimler sanatseverlerle yeni bir sanatsal olu\u015fum i\u00e7in bir araya geldi.","og_url":"https:\/\/epochtimestr.com\/index.php\/mersinde-onemli-isimler-yeni-bir-sanatsal-olusum-icin-bir-araya-geldi","og_site_name":"The Epoch Times TR","article_publisher":"https:\/\/www.facebook.com\/theepochtimestr","article_published_time":"2026-08-03T05:42:27+00:00","article_modified_time":"2026-08-03T06:13:14+00:00","og_image":[{"width":1600,"height":1200,"url":"https:\/\/epochtimestr.com\/wp-content\/uploads\/2011y\/Toplu-Huseyin-Tascatan.jpeg","type":"image\/jpeg"}],"author":"G.Hakan Ko\u00e7man","twitter_card":"summary_large_image","twitter_creator":"@TheEpochTimesTR","twitter_site":"@TheEpochTimesTR","twitter_misc":{"Yazan:":"G.Hakan Ko\u00e7man","Tahmini okuma s\u00fcresi":"6 dakika"},"schema":{"@context":"https:\/\/schema.org","@graph":[{"@type":"Article","@id":"https:\/\/epochtimestr.com\/index.php\/mersinde-onemli-isimler-yeni-bir-sanatsal-olusum-icin-bir-araya-geldi#article","isPartOf":{"@id":"https:\/\/epochtimestr.com\/index.php\/mersinde-onemli-isimler-yeni-bir-sanatsal-olusum-icin-bir-araya-geldi"},"author":{"name":"G.Hakan Ko\u00e7man","@id":"https:\/\/epochtimestr.com\/#\/schema\/person\/b5509977c9a6cd729a3e74d9743d035b"},"headline":"Mersin\u2019de \u00d6nemli \u0130simler Yeni Bir Sanatsal Olu\u015fum \u0130\u00e7in Bir Araya Geldi","datePublished":"2026-08-03T05:42:27+00:00","dateModified":"2026-08-03T06:13:14+00:00","mainEntityOfPage":{"@id":"https:\/\/epochtimestr.com\/index.php\/mersinde-onemli-isimler-yeni-bir-sanatsal-olusum-icin-bir-araya-geldi"},"wordCount":1149,"commentCount":0,"publisher":{"@id":"https:\/\/epochtimestr.com\/#organization"},"image":{"@id":"https:\/\/epochtimestr.com\/index.php\/mersinde-onemli-isimler-yeni-bir-sanatsal-olusum-icin-bir-araya-geldi#primaryimage"},"thumbnailUrl":"https:\/\/epochtimestr.com\/wp-content\/uploads\/2011y\/Toplu-Huseyin-Tascatan.jpeg","articleSection":["G\u00dcNDEM","SANAT ve K\u00dcLT\u00dcR"],"inLanguage":"tr","potentialAction":[{"@type":"CommentAction","name":"Comment","target":["https:\/\/epochtimestr.com\/index.php\/mersinde-onemli-isimler-yeni-bir-sanatsal-olusum-icin-bir-araya-geldi#respond"]}]},{"@type":"WebPage","@id":"https:\/\/epochtimestr.com\/index.php\/mersinde-onemli-isimler-yeni-bir-sanatsal-olusum-icin-bir-araya-geldi","url":"https:\/\/epochtimestr.com\/index.php\/mersinde-onemli-isimler-yeni-bir-sanatsal-olusum-icin-bir-araya-geldi","name":"Mersin\u2019de \u00d6nemli \u0130simler Yeni Bir Sanatsal Olu\u015fum \u0130\u00e7in Bir Araya Geldi - The Epoch Times TR","isPartOf":{"@id":"https:\/\/epochtimestr.com\/#website"},"primaryImageOfPage":{"@id":"https:\/\/epochtimestr.com\/index.php\/mersinde-onemli-isimler-yeni-bir-sanatsal-olusum-icin-bir-araya-geldi#primaryimage"},"image":{"@id":"https:\/\/epochtimestr.com\/index.php\/mersinde-onemli-isimler-yeni-bir-sanatsal-olusum-icin-bir-araya-geldi#primaryimage"},"thumbnailUrl":"https:\/\/epochtimestr.com\/wp-content\/uploads\/2011y\/Toplu-Huseyin-Tascatan.jpeg","datePublished":"2026-08-03T05:42:27+00:00","dateModified":"2026-08-03T06:13:14+00:00","description":"Mersin\u2019de sanat\u0131 tek \u00e7at\u0131 alt\u0131nda toplamak ve \u00f6rg\u00fctlemek isteyen \u00f6nemli isimler sanatseverlerle yeni bir sanatsal olu\u015fum i\u00e7in bir araya geldi.","inLanguage":"tr","potentialAction":[{"@type":"ReadAction","target":["https:\/\/epochtimestr.com\/index.php\/mersinde-onemli-isimler-yeni-bir-sanatsal-olusum-icin-bir-araya-geldi"]}]},{"@type":"ImageObject","inLanguage":"tr","@id":"https:\/\/epochtimestr.com\/index.php\/mersinde-onemli-isimler-yeni-bir-sanatsal-olusum-icin-bir-araya-geldi#primaryimage","url":"https:\/\/epochtimestr.com\/wp-content\/uploads\/2011y\/Toplu-Huseyin-Tascatan.jpeg","contentUrl":"https:\/\/epochtimestr.com\/wp-content\/uploads\/2011y\/Toplu-Huseyin-Tascatan.jpeg","width":1600,"height":1200},{"@type":"WebSite","@id":"https:\/\/epochtimestr.com\/#website","url":"https:\/\/epochtimestr.com\/","name":"The Epoch Times TR","description":"De\u011fi\u015fen D\u00fcnyam\u0131za Taze Bir Bak\u0131\u015f","publisher":{"@id":"https:\/\/epochtimestr.com\/#organization"},"potentialAction":[{"@type":"SearchAction","target":{"@type":"EntryPoint","urlTemplate":"https:\/\/epochtimestr.com\/?s={search_term_string}"},"query-input":"required name=search_term_string"}],"inLanguage":"tr"},{"@type":"Organization","@id":"https:\/\/epochtimestr.com\/#organization","name":"The EpochTimes T\u00fcrkiye","url":"https:\/\/epochtimestr.com\/","logo":{"@type":"ImageObject","inLanguage":"tr","@id":"https:\/\/epochtimestr.com\/#\/schema\/logo\/image\/","url":"https:\/\/epochtimestr.com\/wp-content\/uploads\/2011y\/ET-Logo-YG.jpg","contentUrl":"https:\/\/epochtimestr.com\/wp-content\/uploads\/2011y\/ET-Logo-YG.jpg","width":346,"height":29,"caption":"The EpochTimes T\u00fcrkiye"},"image":{"@id":"https:\/\/epochtimestr.com\/#\/schema\/logo\/image\/"},"sameAs":["https:\/\/www.facebook.com\/theepochtimestr","https:\/\/x.com\/TheEpochTimesTR","https:\/\/www.instagram.com\/epochtimestr"]},{"@type":"Person","@id":"https:\/\/epochtimestr.com\/#\/schema\/person\/b5509977c9a6cd729a3e74d9743d035b","name":"G.Hakan Ko\u00e7man","image":{"@type":"ImageObject","inLanguage":"tr","@id":"https:\/\/epochtimestr.com\/#\/schema\/person\/image\/","url":"https:\/\/secure.gravatar.com\/avatar\/e4eafee1ab5d1f4015c3930376b22ca8?s=96&d=mm&r=g","contentUrl":"https:\/\/secure.gravatar.com\/avatar\/e4eafee1ab5d1f4015c3930376b22ca8?s=96&d=mm&r=g","caption":"G.Hakan Ko\u00e7man"},"url":"https:\/\/epochtimestr.com\/index.php\/author\/hakan"}]}},"_links":{"self":[{"href":"https:\/\/epochtimestr.com\/index.php\/wp-json\/wp\/v2\/posts\/169702"}],"collection":[{"href":"https:\/\/epochtimestr.com\/index.php\/wp-json\/wp\/v2\/posts"}],"about":[{"href":"https:\/\/epochtimestr.com\/index.php\/wp-json\/wp\/v2\/types\/post"}],"author":[{"embeddable":true,"href":"https:\/\/epochtimestr.com\/index.php\/wp-json\/wp\/v2\/users\/22"}],"replies":[{"embeddable":true,"href":"https:\/\/epochtimestr.com\/index.php\/wp-json\/wp\/v2\/comments?post=169702"}],"version-history":[{"count":2,"href":"https:\/\/epochtimestr.com\/index.php\/wp-json\/wp\/v2\/posts\/169702\/revisions"}],"predecessor-version":[{"id":169711,"href":"https:\/\/epochtimestr.com\/index.php\/wp-json\/wp\/v2\/posts\/169702\/revisions\/169711"}],"wp:featuredmedia":[{"embeddable":true,"href":"https:\/\/epochtimestr.com\/index.php\/wp-json\/wp\/v2\/media\/169703"}],"wp:attachment":[{"href":"https:\/\/epochtimestr.com\/index.php\/wp-json\/wp\/v2\/media?parent=169702"}],"wp:term":[{"taxonomy":"category","embeddable":true,"href":"https:\/\/epochtimestr.com\/index.php\/wp-json\/wp\/v2\/categories?post=169702"},{"taxonomy":"post_tag","embeddable":true,"href":"https:\/\/epochtimestr.com\/index.php\/wp-json\/wp\/v2\/tags?post=169702"}],"curies":[{"name":"wp","href":"https:\/\/api.w.org\/{rel}","templated":true}]}}