{"id":169712,"date":"2026-08-03T13:26:38","date_gmt":"2026-08-03T10:26:38","guid":{"rendered":"https:\/\/epochtimestr.com\/?p=169712"},"modified":"2026-08-03T13:26:41","modified_gmt":"2026-08-03T10:26:41","slug":"trump-iran-gorusmelerini-baslatiyor","status":"publish","type":"post","link":"https:\/\/epochtimestr.com\/index.php\/trump-iran-gorusmelerini-baslatiyor","title":{"rendered":"Trump \u0130ran G\u00f6r\u00fc\u015fmelerini Ba\u015flat\u0131yor"},"content":{"rendered":"<div class=\"wp-block-image\">\n<figure class=\"aligncenter size-full\"><img loading=\"lazy\" decoding=\"async\" width=\"1080\" height=\"720\" src=\"https:\/\/epochtimestr.com\/wp-content\/uploads\/2011y\/1000049972.webp\" alt=\"Trump, \u0130ran\u2019a y\u00f6nelik planlanan sald\u0131r\u0131y\u0131 durdurdu\u011funu a\u00e7\u0131klad\u0131.  ABD Ba\u015fkan\u0131 Donald Trump, Air Force One u\u00e7a\u011f\u0131ndan inerken. 07 Mart 2026, Miami Uluslararas\u0131 Havaliman\u0131. (Foto\u011fraf: Saul Loeb, AFP \u2013 Getty Images, The Epoch Times arac\u0131l\u0131\u011f\u0131yla)\" class=\"wp-image-169713\" srcset=\"https:\/\/epochtimestr.com\/wp-content\/uploads\/2011y\/1000049972.webp 1080w, https:\/\/epochtimestr.com\/wp-content\/uploads\/2011y\/1000049972-300x200.webp 300w, https:\/\/epochtimestr.com\/wp-content\/uploads\/2011y\/1000049972-150x100.webp 150w, https:\/\/epochtimestr.com\/wp-content\/uploads\/2011y\/1000049972-768x512.webp 768w\" sizes=\"(max-width: 1080px) 100vw, 1080px\" \/><figcaption class=\"wp-element-caption\">Trump, \u0130ran sald\u0131r\u0131lar\u0131n\u0131 durdurdu\u011funu a\u00e7\u0131klad\u0131. <em>ABD Ba\u015fkan\u0131 Donald Trump, Air Force One u\u00e7a\u011f\u0131ndan inerken. 07 Mart 2026, Miami Uluslararas\u0131 Havaliman\u0131. (Foto\u011fraf: Saul Loeb, AFP \u2013 Getty Images, The Epoch Times arac\u0131l\u0131\u011f\u0131yla)<\/em><\/figcaption><\/figure><\/div>\n\n\n<p>ABD Ba\u015fkan\u0131 Donald Trump, b\u00f6lgedeki m\u00fcttefiklerin talebiyle \u0130ran askeri sald\u0131r\u0131lar\u0131n\u0131 durdurdu\u011funu a\u00e7\u0131klad\u0131. Trump, ayr\u0131ca \u0130ran ile g\u00f6r\u00fc\u015fmelerin <a href=\"https:\/\/www.theepochtimes.com\/world\/trump-says-iran-talks-to-begin-on-monday-6070420\" target=\"_blank\" rel=\"noreferrer noopener\">03 A\u011fustos&#8217;da<\/a> (bug\u00fcn) ba\u015flayaca\u011f\u0131n\u0131 duyurdu.<\/p>\n\n\n\n<p>Trump, 2 A\u011fustos&#8217;ta Air Force One u\u00e7a\u011f\u0131nda gazetecilere konu\u015ftu. Suudi Arabistan, Birle\u015fik Arap Emirlikleri, Katar ve \u0130ran\u2019\u0131n sald\u0131r\u0131n\u0131n ertelenmesini istedi\u011fini, bu nedenle operasyonun durduruldu\u011funu ifade etti.<\/p>\n\n\n\n<p>Trump, 1 A\u011fustos&#8217;ta Truth Social hesab\u0131ndan yapt\u0131\u011f\u0131 a\u00e7\u0131klamada, h\u0131zl\u0131 bir anla\u015fma ihtimali nedeniyle sald\u0131r\u0131n\u0131n ask\u0131ya al\u0131nd\u0131\u011f\u0131n\u0131 bildirdi. Baz\u0131 taraflar, H\u00fcrm\u00fcz Bo\u011faz\u0131 konusunda anla\u015fman\u0131n yak\u0131n oldu\u011funa inan\u0131yor. Bunun ard\u0131ndan da ikinci hedef \u0130ran\u2019\u0131n n\u00fckleer faaliyetlerinin sona erdirilmesi.<\/p>\n\n\n\n<p>Trump, g\u00f6r\u00fc\u015fmelerin 3 A\u011fustos g\u00fcn\u00fc (bug\u00fcn) \u00f6\u011fleden sonra ba\u015flayaca\u011f\u0131n\u0131 s\u00f6yledi. Ancak m\u00fczakerelerin s\u00fcresine ili\u015fkin tarih vermedi. Bununla birlikte diplomasi ba\u015far\u0131s\u0131z olursa askeri se\u00e7ene\u011fin masada kalaca\u011f\u0131n\u0131 belirtti. Ayr\u0131ca planlanan operasyonun \u0130kinci D\u00fcnya Sava\u015f\u0131\u2019ndan sonraki <a href=\"https:\/\/epochtimestr.com\/index.php\/trump-iran-icin-yeni-hedefleri-acikladi\" target=\"_blank\" rel=\"noreferrer noopener\">en b\u00fcy\u00fck sald\u0131r\u0131<\/a> olaca\u011f\u0131n\u0131 iddia etti. Anla\u015fmay\u0131 tercih etti\u011fini ancak olas\u0131 bir \u00e7at\u0131\u015fmada \u00e7ok say\u0131da ki\u015finin hayat\u0131n\u0131 kaybedebilece\u011fini s\u00f6yledi.<\/p>\n\n\n\n<p>\u0130ran y\u00f6netimi, Trump\u2019\u0131n a\u00e7\u0131klamalar\u0131na do\u011frudan yan\u0131t vermedi. Ancak \u0130ran D\u0131\u015fi\u015fleri Bakanl\u0131\u011f\u0131 S\u00f6zc\u00fcs\u00fc \u0130smail Bekayi, \u00fclkenin yaln\u0131zca ulusal \u00e7\u0131karlar\u0131 do\u011frultusunda hareket edece\u011fini a\u00e7\u0131klad\u0131.<\/p>\n\n\n\n<p>\u00d6te yandan \u0130ran D\u0131\u015fi\u015fleri Bakanl\u0131\u011f\u0131, \u0130ngiltere, Bulgaristan ve Ukrayna\u2019n\u0131n son 24 saatte Tahran ile temas kurdu\u011funu bildirdi. Bakanl\u0131\u011fa g\u00f6re bu \u00fclkeler, \u0130ran\u2019a y\u00f6nelik sald\u0131r\u0131lara kat\u0131lmayacaklar\u0131n\u0131 iletti. Bakanl\u0131k ayr\u0131ca, ABD\u2019nin \u0130ran altyap\u0131s\u0131n\u0131 hedef almas\u0131 halinde sonu\u00e7lar\u0131n b\u00f6lgeyi etkileyece\u011fini duyurdu.<\/p>\n\n\n\n<p>Haziran ay\u0131nda Washington ile Tahran aras\u0131nda sava\u015f\u0131n durdurulmas\u0131na y\u00f6nelik mutabakat imzalanm\u0131\u015ft\u0131. Ancak Trump&#8217;\u0131n, 7 Temmuz&#8217;da ate\u015fkesin sona erdi\u011fini a\u00e7\u0131klamas\u0131 \u00fczerine taraflar yeniden kar\u015f\u0131l\u0131kl\u0131 sald\u0131r\u0131lar d\u00fczenledi.<\/p>\n\n\n\n<p>Son olarak \u0130ran D\u0131\u015fi\u015fleri Bakan\u0131 Abbas Arak\u00e7i, Umman ile H\u00fcrm\u00fcz Bo\u011faz\u0131 g\u00f6r\u00fc\u015fmelerinin son a\u015famaya ula\u015ft\u0131\u011f\u0131n\u0131 s\u00f6yledi. Ancak s\u00fcrece ili\u015fkin ayr\u0131nt\u0131 payla\u015fmad\u0131.<\/p>\n","protected":false},"excerpt":{"rendered":"<p>ABD Ba\u015fkan\u0131 Donald Trump, b\u00f6lgedeki m\u00fcttefiklerin talebiyle \u0130ran askeri sald\u0131r\u0131lar\u0131n\u0131 durdurdu\u011funu a\u00e7\u0131klad\u0131. Trump, ayr\u0131ca \u0130ran ile g\u00f6r\u00fc\u015fmelerin 03 A\u011fustos&#8217;da (bug\u00fcn) ba\u015flayaca\u011f\u0131n\u0131 duyurdu. Trump, 2 A\u011fustos&#8217;ta Air Force One u\u00e7a\u011f\u0131nda gazetecilere konu\u015ftu. Suudi Arabistan, Birle\u015fik Arap Emirlikleri, Katar ve \u0130ran\u2019\u0131n sald\u0131r\u0131n\u0131n ertelenmesini istedi\u011fini, bu nedenle operasyonun durduruldu\u011funu ifade etti. Trump, 1 A\u011fustos&#8217;ta Truth Social hesab\u0131ndan yapt\u0131\u011f\u0131 [&hellip;]<\/p>\n","protected":false},"author":13996,"featured_media":169713,"comment_status":"open","ping_status":"open","sticky":false,"template":"","format":"standard","meta":{"_yoast_wpseo_focuskw":"Trump - \u0130ran","_yoast_wpseo_title":"","_yoast_wpseo_metadesc":"Trump, \u0130ran sald\u0131r\u0131lar\u0131n\u0131 durdurdu\u011funu a\u00e7\u0131klad\u0131. ABD ile \u0130ran aras\u0131nda g\u00f6r\u00fc\u015fmeler 3 A\u011fustos'ta (bug\u00fcn) ba\u015flayacak.","_bbp_topic_count":0,"_bbp_reply_count":0,"_bbp_total_topic_count":0,"_bbp_total_reply_count":0,"_bbp_voice_count":0,"_bbp_anonymous_reply_count":0,"_bbp_topic_count_hidden":0,"_bbp_reply_count_hidden":0,"_bbp_forum_subforum_count":0,"footnotes":"","_yoast_wpseo_focuskw_text_input":""},"categories":[5,1,8138],"tags":[11118,10522,6520,5764,10584],"yoast_head":"<!-- This site is optimized with the Yoast SEO plugin v23.0 - https:\/\/yoast.com\/wordpress\/plugins\/seo\/ -->\n<title>Trump \u0130ran G\u00f6r\u00fc\u015fmelerini Ba\u015flat\u0131yor - The Epoch Times TR<\/title>\n<meta name=\"description\" content=\"Trump, \u0130ran sald\u0131r\u0131lar\u0131n\u0131 durdurdu\u011funu a\u00e7\u0131klad\u0131. ABD ile \u0130ran aras\u0131nda g\u00f6r\u00fc\u015fmeler 3 A\u011fustos&#039;ta (bug\u00fcn) ba\u015flayacak.\" \/>\n<meta name=\"robots\" content=\"index, follow, max-snippet:-1, max-image-preview:large, max-video-preview:-1\" \/>\n<link rel=\"canonical\" href=\"https:\/\/epochtimestr.com\/index.php\/trump-iran-gorusmelerini-baslatiyor\" \/>\n<meta property=\"og:locale\" content=\"tr_TR\" \/>\n<meta property=\"og:type\" content=\"article\" \/>\n<meta property=\"og:title\" content=\"Trump \u0130ran G\u00f6r\u00fc\u015fmelerini Ba\u015flat\u0131yor - The Epoch Times TR\" \/>\n<meta property=\"og:description\" content=\"Trump, \u0130ran sald\u0131r\u0131lar\u0131n\u0131 durdurdu\u011funu a\u00e7\u0131klad\u0131. ABD ile \u0130ran aras\u0131nda g\u00f6r\u00fc\u015fmeler 3 A\u011fustos&#039;ta (bug\u00fcn) ba\u015flayacak.\" \/>\n<meta property=\"og:url\" content=\"https:\/\/epochtimestr.com\/index.php\/trump-iran-gorusmelerini-baslatiyor\" \/>\n<meta property=\"og:site_name\" content=\"The Epoch Times TR\" \/>\n<meta property=\"article:publisher\" content=\"https:\/\/www.facebook.com\/theepochtimestr\" \/>\n<meta property=\"article:published_time\" content=\"2026-08-03T10:26:38+00:00\" \/>\n<meta property=\"article:modified_time\" content=\"2026-08-03T10:26:41+00:00\" \/>\n<meta property=\"og:image\" content=\"https:\/\/epochtimestr.com\/wp-content\/uploads\/2011y\/1000049972.webp\" \/>\n\t<meta property=\"og:image:width\" content=\"1080\" \/>\n\t<meta property=\"og:image:height\" content=\"720\" \/>\n\t<meta property=\"og:image:type\" content=\"image\/webp\" \/>\n<meta name=\"author\" content=\"Leo Bajelan\" \/>\n<meta name=\"twitter:card\" content=\"summary_large_image\" \/>\n<meta name=\"twitter:creator\" content=\"@TheEpochTimesTR\" \/>\n<meta name=\"twitter:site\" content=\"@TheEpochTimesTR\" \/>\n<meta name=\"twitter:label1\" content=\"Yazan:\" \/>\n\t<meta name=\"twitter:data1\" content=\"Leo Bajelan\" \/>\n\t<meta name=\"twitter:label2\" content=\"Tahmini okuma s\u00fcresi\" \/>\n\t<meta name=\"twitter:data2\" content=\"3 dakika\" \/>\n<script type=\"application\/ld+json\" class=\"yoast-schema-graph\">{\"@context\":\"https:\/\/schema.org\",\"@graph\":[{\"@type\":\"Article\",\"@id\":\"https:\/\/epochtimestr.com\/index.php\/trump-iran-gorusmelerini-baslatiyor#article\",\"isPartOf\":{\"@id\":\"https:\/\/epochtimestr.com\/index.php\/trump-iran-gorusmelerini-baslatiyor\"},\"author\":{\"name\":\"Leo Bajelan\",\"@id\":\"https:\/\/epochtimestr.com\/#\/schema\/person\/5fef218711d76d8f232b0e1f1d7e4c0d\"},\"headline\":\"Trump \u0130ran G\u00f6r\u00fc\u015fmelerini Ba\u015flat\u0131yor\",\"datePublished\":\"2026-08-03T10:26:38+00:00\",\"dateModified\":\"2026-08-03T10:26:41+00:00\",\"mainEntityOfPage\":{\"@id\":\"https:\/\/epochtimestr.com\/index.php\/trump-iran-gorusmelerini-baslatiyor\"},\"wordCount\":430,\"commentCount\":0,\"publisher\":{\"@id\":\"https:\/\/epochtimestr.com\/#organization\"},\"image\":{\"@id\":\"https:\/\/epochtimestr.com\/index.php\/trump-iran-gorusmelerini-baslatiyor#primaryimage\"},\"thumbnailUrl\":\"https:\/\/epochtimestr.com\/wp-content\/uploads\/2011y\/1000049972.webp\",\"keywords\":[\"ABD \u0130ran m\u00fczakereleri\",\"H\u00fcrm\u00fcz bo\u011faz\u0131\",\"\u0130ran Devrim Muhaf\u0131zlar\u0131\",\"Trump\",\"Umman\"],\"articleSection\":[\"D\u00dcNYA\",\"G\u00dcNDEM\",\"MAN\u015eET\"],\"inLanguage\":\"tr\",\"potentialAction\":[{\"@type\":\"CommentAction\",\"name\":\"Comment\",\"target\":[\"https:\/\/epochtimestr.com\/index.php\/trump-iran-gorusmelerini-baslatiyor#respond\"]}]},{\"@type\":\"WebPage\",\"@id\":\"https:\/\/epochtimestr.com\/index.php\/trump-iran-gorusmelerini-baslatiyor\",\"url\":\"https:\/\/epochtimestr.com\/index.php\/trump-iran-gorusmelerini-baslatiyor\",\"name\":\"Trump \u0130ran G\u00f6r\u00fc\u015fmelerini Ba\u015flat\u0131yor - The Epoch Times TR\",\"isPartOf\":{\"@id\":\"https:\/\/epochtimestr.com\/#website\"},\"primaryImageOfPage\":{\"@id\":\"https:\/\/epochtimestr.com\/index.php\/trump-iran-gorusmelerini-baslatiyor#primaryimage\"},\"image\":{\"@id\":\"https:\/\/epochtimestr.com\/index.php\/trump-iran-gorusmelerini-baslatiyor#primaryimage\"},\"thumbnailUrl\":\"https:\/\/epochtimestr.com\/wp-content\/uploads\/2011y\/1000049972.webp\",\"datePublished\":\"2026-08-03T10:26:38+00:00\",\"dateModified\":\"2026-08-03T10:26:41+00:00\",\"description\":\"Trump, \u0130ran sald\u0131r\u0131lar\u0131n\u0131 durdurdu\u011funu a\u00e7\u0131klad\u0131. ABD ile \u0130ran aras\u0131nda g\u00f6r\u00fc\u015fmeler 3 A\u011fustos'ta (bug\u00fcn) ba\u015flayacak.\",\"inLanguage\":\"tr\",\"potentialAction\":[{\"@type\":\"ReadAction\",\"target\":[\"https:\/\/epochtimestr.com\/index.php\/trump-iran-gorusmelerini-baslatiyor\"]}]},{\"@type\":\"ImageObject\",\"inLanguage\":\"tr\",\"@id\":\"https:\/\/epochtimestr.com\/index.php\/trump-iran-gorusmelerini-baslatiyor#primaryimage\",\"url\":\"https:\/\/epochtimestr.com\/wp-content\/uploads\/2011y\/1000049972.webp\",\"contentUrl\":\"https:\/\/epochtimestr.com\/wp-content\/uploads\/2011y\/1000049972.webp\",\"width\":1080,\"height\":720},{\"@type\":\"WebSite\",\"@id\":\"https:\/\/epochtimestr.com\/#website\",\"url\":\"https:\/\/epochtimestr.com\/\",\"name\":\"The Epoch Times TR\",\"description\":\"De\u011fi\u015fen D\u00fcnyam\u0131za Taze Bir Bak\u0131\u015f\",\"publisher\":{\"@id\":\"https:\/\/epochtimestr.com\/#organization\"},\"potentialAction\":[{\"@type\":\"SearchAction\",\"target\":{\"@type\":\"EntryPoint\",\"urlTemplate\":\"https:\/\/epochtimestr.com\/?s={search_term_string}\"},\"query-input\":\"required name=search_term_string\"}],\"inLanguage\":\"tr\"},{\"@type\":\"Organization\",\"@id\":\"https:\/\/epochtimestr.com\/#organization\",\"name\":\"The EpochTimes T\u00fcrkiye\",\"url\":\"https:\/\/epochtimestr.com\/\",\"logo\":{\"@type\":\"ImageObject\",\"inLanguage\":\"tr\",\"@id\":\"https:\/\/epochtimestr.com\/#\/schema\/logo\/image\/\",\"url\":\"https:\/\/epochtimestr.com\/wp-content\/uploads\/2011y\/ET-Logo-YG.jpg\",\"contentUrl\":\"https:\/\/epochtimestr.com\/wp-content\/uploads\/2011y\/ET-Logo-YG.jpg\",\"width\":346,\"height\":29,\"caption\":\"The EpochTimes T\u00fcrkiye\"},\"image\":{\"@id\":\"https:\/\/epochtimestr.com\/#\/schema\/logo\/image\/\"},\"sameAs\":[\"https:\/\/www.facebook.com\/theepochtimestr\",\"https:\/\/x.com\/TheEpochTimesTR\",\"https:\/\/www.instagram.com\/epochtimestr\"]},{\"@type\":\"Person\",\"@id\":\"https:\/\/epochtimestr.com\/#\/schema\/person\/5fef218711d76d8f232b0e1f1d7e4c0d\",\"name\":\"Leo Bajelan\",\"image\":{\"@type\":\"ImageObject\",\"inLanguage\":\"tr\",\"@id\":\"https:\/\/epochtimestr.com\/#\/schema\/person\/image\/\",\"url\":\"https:\/\/secure.gravatar.com\/avatar\/917669146f489549e548a2e9af272df5?s=96&d=mm&r=g\",\"contentUrl\":\"https:\/\/secure.gravatar.com\/avatar\/917669146f489549e548a2e9af272df5?s=96&d=mm&r=g\",\"caption\":\"Leo Bajelan\"},\"url\":\"https:\/\/epochtimestr.com\/index.php\/author\/leo\"}]}<\/script>\n<!-- \/ Yoast SEO plugin. -->","yoast_head_json":{"title":"Trump \u0130ran G\u00f6r\u00fc\u015fmelerini Ba\u015flat\u0131yor - The Epoch Times TR","description":"Trump, \u0130ran sald\u0131r\u0131lar\u0131n\u0131 durdurdu\u011funu a\u00e7\u0131klad\u0131. ABD ile \u0130ran aras\u0131nda g\u00f6r\u00fc\u015fmeler 3 A\u011fustos'ta (bug\u00fcn) ba\u015flayacak.","robots":{"index":"index","follow":"follow","max-snippet":"max-snippet:-1","max-image-preview":"max-image-preview:large","max-video-preview":"max-video-preview:-1"},"canonical":"https:\/\/epochtimestr.com\/index.php\/trump-iran-gorusmelerini-baslatiyor","og_locale":"tr_TR","og_type":"article","og_title":"Trump \u0130ran G\u00f6r\u00fc\u015fmelerini Ba\u015flat\u0131yor - The Epoch Times TR","og_description":"Trump, \u0130ran sald\u0131r\u0131lar\u0131n\u0131 durdurdu\u011funu a\u00e7\u0131klad\u0131. ABD ile \u0130ran aras\u0131nda g\u00f6r\u00fc\u015fmeler 3 A\u011fustos'ta (bug\u00fcn) ba\u015flayacak.","og_url":"https:\/\/epochtimestr.com\/index.php\/trump-iran-gorusmelerini-baslatiyor","og_site_name":"The Epoch Times TR","article_publisher":"https:\/\/www.facebook.com\/theepochtimestr","article_published_time":"2026-08-03T10:26:38+00:00","article_modified_time":"2026-08-03T10:26:41+00:00","og_image":[{"width":1080,"height":720,"url":"https:\/\/epochtimestr.com\/wp-content\/uploads\/2011y\/1000049972.webp","type":"image\/webp"}],"author":"Leo Bajelan","twitter_card":"summary_large_image","twitter_creator":"@TheEpochTimesTR","twitter_site":"@TheEpochTimesTR","twitter_misc":{"Yazan:":"Leo Bajelan","Tahmini okuma s\u00fcresi":"3 dakika"},"schema":{"@context":"https:\/\/schema.org","@graph":[{"@type":"Article","@id":"https:\/\/epochtimestr.com\/index.php\/trump-iran-gorusmelerini-baslatiyor#article","isPartOf":{"@id":"https:\/\/epochtimestr.com\/index.php\/trump-iran-gorusmelerini-baslatiyor"},"author":{"name":"Leo Bajelan","@id":"https:\/\/epochtimestr.com\/#\/schema\/person\/5fef218711d76d8f232b0e1f1d7e4c0d"},"headline":"Trump \u0130ran G\u00f6r\u00fc\u015fmelerini Ba\u015flat\u0131yor","datePublished":"2026-08-03T10:26:38+00:00","dateModified":"2026-08-03T10:26:41+00:00","mainEntityOfPage":{"@id":"https:\/\/epochtimestr.com\/index.php\/trump-iran-gorusmelerini-baslatiyor"},"wordCount":430,"commentCount":0,"publisher":{"@id":"https:\/\/epochtimestr.com\/#organization"},"image":{"@id":"https:\/\/epochtimestr.com\/index.php\/trump-iran-gorusmelerini-baslatiyor#primaryimage"},"thumbnailUrl":"https:\/\/epochtimestr.com\/wp-content\/uploads\/2011y\/1000049972.webp","keywords":["ABD \u0130ran m\u00fczakereleri","H\u00fcrm\u00fcz bo\u011faz\u0131","\u0130ran Devrim Muhaf\u0131zlar\u0131","Trump","Umman"],"articleSection":["D\u00dcNYA","G\u00dcNDEM","MAN\u015eET"],"inLanguage":"tr","potentialAction":[{"@type":"CommentAction","name":"Comment","target":["https:\/\/epochtimestr.com\/index.php\/trump-iran-gorusmelerini-baslatiyor#respond"]}]},{"@type":"WebPage","@id":"https:\/\/epochtimestr.com\/index.php\/trump-iran-gorusmelerini-baslatiyor","url":"https:\/\/epochtimestr.com\/index.php\/trump-iran-gorusmelerini-baslatiyor","name":"Trump \u0130ran G\u00f6r\u00fc\u015fmelerini Ba\u015flat\u0131yor - The Epoch Times TR","isPartOf":{"@id":"https:\/\/epochtimestr.com\/#website"},"primaryImageOfPage":{"@id":"https:\/\/epochtimestr.com\/index.php\/trump-iran-gorusmelerini-baslatiyor#primaryimage"},"image":{"@id":"https:\/\/epochtimestr.com\/index.php\/trump-iran-gorusmelerini-baslatiyor#primaryimage"},"thumbnailUrl":"https:\/\/epochtimestr.com\/wp-content\/uploads\/2011y\/1000049972.webp","datePublished":"2026-08-03T10:26:38+00:00","dateModified":"2026-08-03T10:26:41+00:00","description":"Trump, \u0130ran sald\u0131r\u0131lar\u0131n\u0131 durdurdu\u011funu a\u00e7\u0131klad\u0131. ABD ile \u0130ran aras\u0131nda g\u00f6r\u00fc\u015fmeler 3 A\u011fustos'ta (bug\u00fcn) ba\u015flayacak.","inLanguage":"tr","potentialAction":[{"@type":"ReadAction","target":["https:\/\/epochtimestr.com\/index.php\/trump-iran-gorusmelerini-baslatiyor"]}]},{"@type":"ImageObject","inLanguage":"tr","@id":"https:\/\/epochtimestr.com\/index.php\/trump-iran-gorusmelerini-baslatiyor#primaryimage","url":"https:\/\/epochtimestr.com\/wp-content\/uploads\/2011y\/1000049972.webp","contentUrl":"https:\/\/epochtimestr.com\/wp-content\/uploads\/2011y\/1000049972.webp","width":1080,"height":720},{"@type":"WebSite","@id":"https:\/\/epochtimestr.com\/#website","url":"https:\/\/epochtimestr.com\/","name":"The Epoch Times TR","description":"De\u011fi\u015fen D\u00fcnyam\u0131za Taze Bir Bak\u0131\u015f","publisher":{"@id":"https:\/\/epochtimestr.com\/#organization"},"potentialAction":[{"@type":"SearchAction","target":{"@type":"EntryPoint","urlTemplate":"https:\/\/epochtimestr.com\/?s={search_term_string}"},"query-input":"required name=search_term_string"}],"inLanguage":"tr"},{"@type":"Organization","@id":"https:\/\/epochtimestr.com\/#organization","name":"The EpochTimes T\u00fcrkiye","url":"https:\/\/epochtimestr.com\/","logo":{"@type":"ImageObject","inLanguage":"tr","@id":"https:\/\/epochtimestr.com\/#\/schema\/logo\/image\/","url":"https:\/\/epochtimestr.com\/wp-content\/uploads\/2011y\/ET-Logo-YG.jpg","contentUrl":"https:\/\/epochtimestr.com\/wp-content\/uploads\/2011y\/ET-Logo-YG.jpg","width":346,"height":29,"caption":"The EpochTimes T\u00fcrkiye"},"image":{"@id":"https:\/\/epochtimestr.com\/#\/schema\/logo\/image\/"},"sameAs":["https:\/\/www.facebook.com\/theepochtimestr","https:\/\/x.com\/TheEpochTimesTR","https:\/\/www.instagram.com\/epochtimestr"]},{"@type":"Person","@id":"https:\/\/epochtimestr.com\/#\/schema\/person\/5fef218711d76d8f232b0e1f1d7e4c0d","name":"Leo Bajelan","image":{"@type":"ImageObject","inLanguage":"tr","@id":"https:\/\/epochtimestr.com\/#\/schema\/person\/image\/","url":"https:\/\/secure.gravatar.com\/avatar\/917669146f489549e548a2e9af272df5?s=96&d=mm&r=g","contentUrl":"https:\/\/secure.gravatar.com\/avatar\/917669146f489549e548a2e9af272df5?s=96&d=mm&r=g","caption":"Leo Bajelan"},"url":"https:\/\/epochtimestr.com\/index.php\/author\/leo"}]}},"_links":{"self":[{"href":"https:\/\/epochtimestr.com\/index.php\/wp-json\/wp\/v2\/posts\/169712"}],"collection":[{"href":"https:\/\/epochtimestr.com\/index.php\/wp-json\/wp\/v2\/posts"}],"about":[{"href":"https:\/\/epochtimestr.com\/index.php\/wp-json\/wp\/v2\/types\/post"}],"author":[{"embeddable":true,"href":"https:\/\/epochtimestr.com\/index.php\/wp-json\/wp\/v2\/users\/13996"}],"replies":[{"embeddable":true,"href":"https:\/\/epochtimestr.com\/index.php\/wp-json\/wp\/v2\/comments?post=169712"}],"version-history":[{"count":2,"href":"https:\/\/epochtimestr.com\/index.php\/wp-json\/wp\/v2\/posts\/169712\/revisions"}],"predecessor-version":[{"id":169719,"href":"https:\/\/epochtimestr.com\/index.php\/wp-json\/wp\/v2\/posts\/169712\/revisions\/169719"}],"wp:featuredmedia":[{"embeddable":true,"href":"https:\/\/epochtimestr.com\/index.php\/wp-json\/wp\/v2\/media\/169713"}],"wp:attachment":[{"href":"https:\/\/epochtimestr.com\/index.php\/wp-json\/wp\/v2\/media?parent=169712"}],"wp:term":[{"taxonomy":"category","embeddable":true,"href":"https:\/\/epochtimestr.com\/index.php\/wp-json\/wp\/v2\/categories?post=169712"},{"taxonomy":"post_tag","embeddable":true,"href":"https:\/\/epochtimestr.com\/index.php\/wp-json\/wp\/v2\/tags?post=169712"}],"curies":[{"name":"wp","href":"https:\/\/api.w.org\/{rel}","templated":true}]}}