{"id":169715,"date":"2026-08-03T13:49:17","date_gmt":"2026-08-03T10:49:17","guid":{"rendered":"https:\/\/epochtimestr.com\/?p=169715"},"modified":"2026-08-03T13:49:19","modified_gmt":"2026-08-03T10:49:19","slug":"abd-orta-dogu-icin-guvenlik-uyarisi-yayimlandi","status":"publish","type":"post","link":"https:\/\/epochtimestr.com\/index.php\/abd-orta-dogu-icin-guvenlik-uyarisi-yayimlandi","title":{"rendered":"ABD Orta Do\u011fu \u0130\u00e7in G\u00fcvenlik Uyar\u0131s\u0131 Yay\u0131mland\u0131"},"content":{"rendered":"<div class=\"wp-block-image\">\n<figure class=\"aligncenter size-full\"><img loading=\"lazy\" decoding=\"async\" width=\"1200\" height=\"813\" src=\"https:\/\/epochtimestr.com\/wp-content\/uploads\/2011y\/1000049973.webp\" alt=\"Orta Do\u011fu'daki bir ABD B\u00fcy\u00fckel\u00e7ili\u011finde dalgalanan ABD bayra\u011f\u0131. (Foto\u011fraf: Gleb Garanich, Reuters, The Epoch Times arac\u0131l\u0131\u011f\u0131yla).\" class=\"wp-image-169716\" srcset=\"https:\/\/epochtimestr.com\/wp-content\/uploads\/2011y\/1000049973.webp 1200w, https:\/\/epochtimestr.com\/wp-content\/uploads\/2011y\/1000049973-300x203.webp 300w, https:\/\/epochtimestr.com\/wp-content\/uploads\/2011y\/1000049973-150x102.webp 150w, https:\/\/epochtimestr.com\/wp-content\/uploads\/2011y\/1000049973-768x520.webp 768w\" sizes=\"(max-width: 1200px) 100vw, 1200px\" \/><figcaption class=\"wp-element-caption\">Orta Do\u011fu&#8217;daki b<em>ir ABD B\u00fcy\u00fckel\u00e7ili\u011finde dalgalanan ABD bayra\u011f\u0131. (Foto\u011fraf: Gleb Garanich, Reuters, The Epoch Times arac\u0131l\u0131\u011f\u0131yla).<\/em><\/figcaption><\/figure><\/div>\n\n\n<p>ABD D\u0131\u015fi\u015fleri Bakanl\u0131\u011f\u0131, Orta Do\u011fu ve \u00e7evresindeki Amerikan vatanda\u015flar\u0131 i\u00e7in yeni g\u00fcvenlik uyar\u0131s\u0131 yay\u0131mlad\u0131. Bakanl\u0131k, b\u00f6lgede bulunan ABD vatanda\u015flar\u0131ndan dikkatli davranmalar\u0131n\u0131 istedi. Ayr\u0131ca olas\u0131 u\u00e7u\u015f iptalleri ve hava sahas\u0131 kapanmalar\u0131na kar\u015f\u0131 haz\u0131rl\u0131kl\u0131 olmalar\u0131n\u0131 tavsiye etti.<\/p>\n\n\n\n<p>Bakanl\u0131k a\u00e7\u0131klamas\u0131na g\u00f6re baz\u0131 hava yolu \u015firketleri \u00f6nceden planlanm\u0131\u015f baz\u0131 u\u00e7u\u015flar\u0131 erteledi. Baz\u0131 \u015firketler ise belirli g\u00fczerg\u00e2hlardaki seferlerini iptal etti. Bu nedenle <a href=\"https:\/\/www.theepochtimes.com\/world\/us-issues-security-alerts-for-americans-in-middle-east-6070352\" target=\"_blank\" rel=\"noreferrer noopener\">ABD vatanda\u015flar\u0131n\u0131n<\/a> g\u00fcncel u\u00e7u\u015f bilgilerini yak\u0131ndan takip etmeleri gerekiyor.<\/p>\n\n\n\n<p>Bununla birlikte Bakanl\u0131k, Orta Do\u011fu\u2019daki Amerikal\u0131lar\u0131n b\u00f6lgeden ayr\u0131lmay\u0131 de\u011ferlendirmesini istedi. Gerginli\u011fin artmas\u0131 halinde h\u0131zl\u0131 hareket etmeye haz\u0131r olmalar\u0131n\u0131 bildirdi. Ayn\u0131 zamanda Orta Do\u011fu d\u0131\u015f\u0131nda bulunan ABD vatanda\u015flar\u0131na da <a href=\"https:\/\/epochtimestr.com\/index.php\/abd-saint-lucia-icin-seyahat-uyarisini-guncelledi\" target=\"_blank\" rel=\"noreferrer noopener\">b\u00f6lgeye seyahatlerini<\/a> yeniden de\u011ferlendirmeleri \u00e7a\u011fr\u0131s\u0131 yapt\u0131.<\/p>\n\n\n\n<p>Ayr\u0131ca ABD diplomatik temsilciliklerinin daha \u00f6nce hedef al\u0131nd\u0131\u011f\u0131 hat\u0131rlat\u0131larak \u0130ran ve \u0130ran yanl\u0131s\u0131 gruplar\u0131n, ABD \u00e7\u0131karlar\u0131n\u0131 hedef alabilece\u011fi belirtildi. Bu kapsamda ABD \u015firketleri ve Amerikan kurumlar\u0131 da risk alt\u0131nda.<\/p>\n\n\n\n<p>ABD Ba\u015fkan\u0131 Donald Trump ise Cumartesi gecesi Truth Social hesab\u0131ndan a\u00e7\u0131klama yapt\u0131. Trump, Orta Do\u011fu \u00fclkeleri ile Tahran\u2019dan gelen talepler do\u011frultusunda yeni sald\u0131r\u0131lar\u0131 bekletece\u011fini s\u00f6yledi. Ayr\u0131ca taraflar aras\u0131nda bir anla\u015fma tasla\u011f\u0131 olu\u015ftu\u011funu belirtti. Taslak H\u00fcrm\u00fcz Bo\u011faz\u0131&#8217;n\u0131n yeniden a\u00e7\u0131lmas\u0131n\u0131 ve ayr\u0131ca \u0130ran&#8217;\u0131n n\u00fckleer program\u0131n\u0131n sona erdirilmesini i\u00e7eriyor.<\/p>\n\n\n\n<p>\u00d6te yandan \u0130ranl\u0131 yetkililer hafta sonunda devlet medyas\u0131 \u00fczerinden a\u00e7\u0131klamalar yapt\u0131. \u0130ran D\u0131\u015fi\u015fleri Bakan\u0131 Abbas Arak\u00e7i, \u00fclkesinin egemenli\u011fini korumaya haz\u0131r oldu\u011funu, ABD, \u0130srail veya b\u00f6lgesel ortaklardan gelecek sald\u0131r\u0131lara kar\u015f\u0131l\u0131k vereceklerini s\u00f6yledi. <\/p>\n","protected":false},"excerpt":{"rendered":"<p>ABD D\u0131\u015fi\u015fleri Bakanl\u0131\u011f\u0131, Orta Do\u011fu ve \u00e7evresindeki Amerikan vatanda\u015flar\u0131 i\u00e7in yeni g\u00fcvenlik uyar\u0131s\u0131 yay\u0131mlad\u0131. Bakanl\u0131k, b\u00f6lgede bulunan ABD vatanda\u015flar\u0131ndan dikkatli davranmalar\u0131n\u0131 istedi. Ayr\u0131ca olas\u0131 u\u00e7u\u015f iptalleri ve hava sahas\u0131 kapanmalar\u0131na kar\u015f\u0131 haz\u0131rl\u0131kl\u0131 olmalar\u0131n\u0131 tavsiye etti. Bakanl\u0131k a\u00e7\u0131klamas\u0131na g\u00f6re baz\u0131 hava yolu \u015firketleri \u00f6nceden planlanm\u0131\u015f baz\u0131 u\u00e7u\u015flar\u0131 erteledi. Baz\u0131 \u015firketler ise belirli g\u00fczerg\u00e2hlardaki seferlerini iptal etti. [&hellip;]<\/p>\n","protected":false},"author":13996,"featured_media":169716,"comment_status":"open","ping_status":"open","sticky":false,"template":"","format":"standard","meta":{"_yoast_wpseo_focuskw":"ABD - Orta Do\u011fu","_yoast_wpseo_title":"","_yoast_wpseo_metadesc":"ABD Orta Do\u011fu b\u00f6lgesinde ya\u015fayan Amerikal\u0131lar i\u00e7in g\u00fcvenlik uyar\u0131s\u0131 yay\u0131mlad\u0131. Washington, olas\u0131 seyahat aksakl\u0131klar\u0131na kar\u015f\u0131 uyard\u0131.","_bbp_topic_count":0,"_bbp_reply_count":0,"_bbp_total_topic_count":0,"_bbp_total_reply_count":0,"_bbp_voice_count":0,"_bbp_anonymous_reply_count":0,"_bbp_topic_count_hidden":0,"_bbp_reply_count_hidden":0,"_bbp_forum_subforum_count":0,"footnotes":"","_yoast_wpseo_focuskw_text_input":""},"categories":[5,1,8138],"tags":[12033,10503,10522,12034,5410],"yoast_head":"<!-- This site is optimized with the Yoast SEO plugin v23.0 - https:\/\/yoast.com\/wordpress\/plugins\/seo\/ -->\n<title>ABD Orta Do\u011fu \u0130\u00e7in G\u00fcvenlik Uyar\u0131s\u0131 Yay\u0131mland\u0131 - The Epoch Times TR<\/title>\n<meta name=\"description\" content=\"ABD Orta Do\u011fu b\u00f6lgesinde ya\u015fayan Amerikal\u0131lar i\u00e7in g\u00fcvenlik uyar\u0131s\u0131 yay\u0131mlad\u0131. Washington, olas\u0131 seyahat aksakl\u0131klar\u0131na kar\u015f\u0131 uyard\u0131.\" \/>\n<meta name=\"robots\" content=\"index, follow, max-snippet:-1, max-image-preview:large, max-video-preview:-1\" \/>\n<link rel=\"canonical\" href=\"https:\/\/epochtimestr.com\/index.php\/abd-orta-dogu-icin-guvenlik-uyarisi-yayimlandi\" \/>\n<meta property=\"og:locale\" content=\"tr_TR\" \/>\n<meta property=\"og:type\" content=\"article\" \/>\n<meta property=\"og:title\" content=\"ABD Orta Do\u011fu \u0130\u00e7in G\u00fcvenlik Uyar\u0131s\u0131 Yay\u0131mland\u0131 - The Epoch Times TR\" \/>\n<meta property=\"og:description\" content=\"ABD Orta Do\u011fu b\u00f6lgesinde ya\u015fayan Amerikal\u0131lar i\u00e7in g\u00fcvenlik uyar\u0131s\u0131 yay\u0131mlad\u0131. Washington, olas\u0131 seyahat aksakl\u0131klar\u0131na kar\u015f\u0131 uyard\u0131.\" \/>\n<meta property=\"og:url\" content=\"https:\/\/epochtimestr.com\/index.php\/abd-orta-dogu-icin-guvenlik-uyarisi-yayimlandi\" \/>\n<meta property=\"og:site_name\" content=\"The Epoch Times TR\" \/>\n<meta property=\"article:publisher\" content=\"https:\/\/www.facebook.com\/theepochtimestr\" \/>\n<meta property=\"article:published_time\" content=\"2026-08-03T10:49:17+00:00\" \/>\n<meta property=\"article:modified_time\" content=\"2026-08-03T10:49:19+00:00\" \/>\n<meta property=\"og:image\" content=\"https:\/\/epochtimestr.com\/wp-content\/uploads\/2011y\/1000049973.webp\" \/>\n\t<meta property=\"og:image:width\" content=\"1200\" \/>\n\t<meta property=\"og:image:height\" content=\"813\" \/>\n\t<meta property=\"og:image:type\" content=\"image\/webp\" \/>\n<meta name=\"author\" content=\"Leo Bajelan\" \/>\n<meta name=\"twitter:card\" content=\"summary_large_image\" \/>\n<meta name=\"twitter:creator\" content=\"@TheEpochTimesTR\" \/>\n<meta name=\"twitter:site\" content=\"@TheEpochTimesTR\" \/>\n<meta name=\"twitter:label1\" content=\"Yazan:\" \/>\n\t<meta name=\"twitter:data1\" content=\"Leo Bajelan\" \/>\n\t<meta name=\"twitter:label2\" content=\"Tahmini okuma s\u00fcresi\" \/>\n\t<meta name=\"twitter:data2\" content=\"2 dakika\" \/>\n<script type=\"application\/ld+json\" class=\"yoast-schema-graph\">{\"@context\":\"https:\/\/schema.org\",\"@graph\":[{\"@type\":\"Article\",\"@id\":\"https:\/\/epochtimestr.com\/index.php\/abd-orta-dogu-icin-guvenlik-uyarisi-yayimlandi#article\",\"isPartOf\":{\"@id\":\"https:\/\/epochtimestr.com\/index.php\/abd-orta-dogu-icin-guvenlik-uyarisi-yayimlandi\"},\"author\":{\"name\":\"Leo Bajelan\",\"@id\":\"https:\/\/epochtimestr.com\/#\/schema\/person\/5fef218711d76d8f232b0e1f1d7e4c0d\"},\"headline\":\"ABD Orta Do\u011fu \u0130\u00e7in G\u00fcvenlik Uyar\u0131s\u0131 Yay\u0131mland\u0131\",\"datePublished\":\"2026-08-03T10:49:17+00:00\",\"dateModified\":\"2026-08-03T10:49:19+00:00\",\"mainEntityOfPage\":{\"@id\":\"https:\/\/epochtimestr.com\/index.php\/abd-orta-dogu-icin-guvenlik-uyarisi-yayimlandi\"},\"wordCount\":344,\"commentCount\":0,\"publisher\":{\"@id\":\"https:\/\/epochtimestr.com\/#organization\"},\"image\":{\"@id\":\"https:\/\/epochtimestr.com\/index.php\/abd-orta-dogu-icin-guvenlik-uyarisi-yayimlandi#primaryimage\"},\"thumbnailUrl\":\"https:\/\/epochtimestr.com\/wp-content\/uploads\/2011y\/1000049973.webp\",\"keywords\":[\"ABD g\u00fcvenlik uyar\u0131s\u0131\",\"ABD \u0130ran sava\u015f\u0131\",\"H\u00fcrm\u00fcz bo\u011faz\u0131\",\"Orta Do\u011fu'daki ABD vatanda\u015flar\u0131\",\"seyahat uyar\u0131s\u0131\"],\"articleSection\":[\"D\u00dcNYA\",\"G\u00dcNDEM\",\"MAN\u015eET\"],\"inLanguage\":\"tr\",\"potentialAction\":[{\"@type\":\"CommentAction\",\"name\":\"Comment\",\"target\":[\"https:\/\/epochtimestr.com\/index.php\/abd-orta-dogu-icin-guvenlik-uyarisi-yayimlandi#respond\"]}]},{\"@type\":\"WebPage\",\"@id\":\"https:\/\/epochtimestr.com\/index.php\/abd-orta-dogu-icin-guvenlik-uyarisi-yayimlandi\",\"url\":\"https:\/\/epochtimestr.com\/index.php\/abd-orta-dogu-icin-guvenlik-uyarisi-yayimlandi\",\"name\":\"ABD Orta Do\u011fu \u0130\u00e7in G\u00fcvenlik Uyar\u0131s\u0131 Yay\u0131mland\u0131 - The Epoch Times TR\",\"isPartOf\":{\"@id\":\"https:\/\/epochtimestr.com\/#website\"},\"primaryImageOfPage\":{\"@id\":\"https:\/\/epochtimestr.com\/index.php\/abd-orta-dogu-icin-guvenlik-uyarisi-yayimlandi#primaryimage\"},\"image\":{\"@id\":\"https:\/\/epochtimestr.com\/index.php\/abd-orta-dogu-icin-guvenlik-uyarisi-yayimlandi#primaryimage\"},\"thumbnailUrl\":\"https:\/\/epochtimestr.com\/wp-content\/uploads\/2011y\/1000049973.webp\",\"datePublished\":\"2026-08-03T10:49:17+00:00\",\"dateModified\":\"2026-08-03T10:49:19+00:00\",\"description\":\"ABD Orta Do\u011fu b\u00f6lgesinde ya\u015fayan Amerikal\u0131lar i\u00e7in g\u00fcvenlik uyar\u0131s\u0131 yay\u0131mlad\u0131. Washington, olas\u0131 seyahat aksakl\u0131klar\u0131na kar\u015f\u0131 uyard\u0131.\",\"inLanguage\":\"tr\",\"potentialAction\":[{\"@type\":\"ReadAction\",\"target\":[\"https:\/\/epochtimestr.com\/index.php\/abd-orta-dogu-icin-guvenlik-uyarisi-yayimlandi\"]}]},{\"@type\":\"ImageObject\",\"inLanguage\":\"tr\",\"@id\":\"https:\/\/epochtimestr.com\/index.php\/abd-orta-dogu-icin-guvenlik-uyarisi-yayimlandi#primaryimage\",\"url\":\"https:\/\/epochtimestr.com\/wp-content\/uploads\/2011y\/1000049973.webp\",\"contentUrl\":\"https:\/\/epochtimestr.com\/wp-content\/uploads\/2011y\/1000049973.webp\",\"width\":1200,\"height\":813},{\"@type\":\"WebSite\",\"@id\":\"https:\/\/epochtimestr.com\/#website\",\"url\":\"https:\/\/epochtimestr.com\/\",\"name\":\"The Epoch Times TR\",\"description\":\"De\u011fi\u015fen D\u00fcnyam\u0131za Taze Bir Bak\u0131\u015f\",\"publisher\":{\"@id\":\"https:\/\/epochtimestr.com\/#organization\"},\"potentialAction\":[{\"@type\":\"SearchAction\",\"target\":{\"@type\":\"EntryPoint\",\"urlTemplate\":\"https:\/\/epochtimestr.com\/?s={search_term_string}\"},\"query-input\":\"required name=search_term_string\"}],\"inLanguage\":\"tr\"},{\"@type\":\"Organization\",\"@id\":\"https:\/\/epochtimestr.com\/#organization\",\"name\":\"The EpochTimes T\u00fcrkiye\",\"url\":\"https:\/\/epochtimestr.com\/\",\"logo\":{\"@type\":\"ImageObject\",\"inLanguage\":\"tr\",\"@id\":\"https:\/\/epochtimestr.com\/#\/schema\/logo\/image\/\",\"url\":\"https:\/\/epochtimestr.com\/wp-content\/uploads\/2011y\/ET-Logo-YG.jpg\",\"contentUrl\":\"https:\/\/epochtimestr.com\/wp-content\/uploads\/2011y\/ET-Logo-YG.jpg\",\"width\":346,\"height\":29,\"caption\":\"The EpochTimes T\u00fcrkiye\"},\"image\":{\"@id\":\"https:\/\/epochtimestr.com\/#\/schema\/logo\/image\/\"},\"sameAs\":[\"https:\/\/www.facebook.com\/theepochtimestr\",\"https:\/\/x.com\/TheEpochTimesTR\",\"https:\/\/www.instagram.com\/epochtimestr\"]},{\"@type\":\"Person\",\"@id\":\"https:\/\/epochtimestr.com\/#\/schema\/person\/5fef218711d76d8f232b0e1f1d7e4c0d\",\"name\":\"Leo Bajelan\",\"image\":{\"@type\":\"ImageObject\",\"inLanguage\":\"tr\",\"@id\":\"https:\/\/epochtimestr.com\/#\/schema\/person\/image\/\",\"url\":\"https:\/\/secure.gravatar.com\/avatar\/917669146f489549e548a2e9af272df5?s=96&d=mm&r=g\",\"contentUrl\":\"https:\/\/secure.gravatar.com\/avatar\/917669146f489549e548a2e9af272df5?s=96&d=mm&r=g\",\"caption\":\"Leo Bajelan\"},\"url\":\"https:\/\/epochtimestr.com\/index.php\/author\/leo\"}]}<\/script>\n<!-- \/ Yoast SEO plugin. -->","yoast_head_json":{"title":"ABD Orta Do\u011fu \u0130\u00e7in G\u00fcvenlik Uyar\u0131s\u0131 Yay\u0131mland\u0131 - The Epoch Times TR","description":"ABD Orta Do\u011fu b\u00f6lgesinde ya\u015fayan Amerikal\u0131lar i\u00e7in g\u00fcvenlik uyar\u0131s\u0131 yay\u0131mlad\u0131. Washington, olas\u0131 seyahat aksakl\u0131klar\u0131na kar\u015f\u0131 uyard\u0131.","robots":{"index":"index","follow":"follow","max-snippet":"max-snippet:-1","max-image-preview":"max-image-preview:large","max-video-preview":"max-video-preview:-1"},"canonical":"https:\/\/epochtimestr.com\/index.php\/abd-orta-dogu-icin-guvenlik-uyarisi-yayimlandi","og_locale":"tr_TR","og_type":"article","og_title":"ABD Orta Do\u011fu \u0130\u00e7in G\u00fcvenlik Uyar\u0131s\u0131 Yay\u0131mland\u0131 - The Epoch Times TR","og_description":"ABD Orta Do\u011fu b\u00f6lgesinde ya\u015fayan Amerikal\u0131lar i\u00e7in g\u00fcvenlik uyar\u0131s\u0131 yay\u0131mlad\u0131. Washington, olas\u0131 seyahat aksakl\u0131klar\u0131na kar\u015f\u0131 uyard\u0131.","og_url":"https:\/\/epochtimestr.com\/index.php\/abd-orta-dogu-icin-guvenlik-uyarisi-yayimlandi","og_site_name":"The Epoch Times TR","article_publisher":"https:\/\/www.facebook.com\/theepochtimestr","article_published_time":"2026-08-03T10:49:17+00:00","article_modified_time":"2026-08-03T10:49:19+00:00","og_image":[{"width":1200,"height":813,"url":"https:\/\/epochtimestr.com\/wp-content\/uploads\/2011y\/1000049973.webp","type":"image\/webp"}],"author":"Leo Bajelan","twitter_card":"summary_large_image","twitter_creator":"@TheEpochTimesTR","twitter_site":"@TheEpochTimesTR","twitter_misc":{"Yazan:":"Leo Bajelan","Tahmini okuma s\u00fcresi":"2 dakika"},"schema":{"@context":"https:\/\/schema.org","@graph":[{"@type":"Article","@id":"https:\/\/epochtimestr.com\/index.php\/abd-orta-dogu-icin-guvenlik-uyarisi-yayimlandi#article","isPartOf":{"@id":"https:\/\/epochtimestr.com\/index.php\/abd-orta-dogu-icin-guvenlik-uyarisi-yayimlandi"},"author":{"name":"Leo Bajelan","@id":"https:\/\/epochtimestr.com\/#\/schema\/person\/5fef218711d76d8f232b0e1f1d7e4c0d"},"headline":"ABD Orta Do\u011fu \u0130\u00e7in G\u00fcvenlik Uyar\u0131s\u0131 Yay\u0131mland\u0131","datePublished":"2026-08-03T10:49:17+00:00","dateModified":"2026-08-03T10:49:19+00:00","mainEntityOfPage":{"@id":"https:\/\/epochtimestr.com\/index.php\/abd-orta-dogu-icin-guvenlik-uyarisi-yayimlandi"},"wordCount":344,"commentCount":0,"publisher":{"@id":"https:\/\/epochtimestr.com\/#organization"},"image":{"@id":"https:\/\/epochtimestr.com\/index.php\/abd-orta-dogu-icin-guvenlik-uyarisi-yayimlandi#primaryimage"},"thumbnailUrl":"https:\/\/epochtimestr.com\/wp-content\/uploads\/2011y\/1000049973.webp","keywords":["ABD g\u00fcvenlik uyar\u0131s\u0131","ABD \u0130ran sava\u015f\u0131","H\u00fcrm\u00fcz bo\u011faz\u0131","Orta Do\u011fu'daki ABD vatanda\u015flar\u0131","seyahat uyar\u0131s\u0131"],"articleSection":["D\u00dcNYA","G\u00dcNDEM","MAN\u015eET"],"inLanguage":"tr","potentialAction":[{"@type":"CommentAction","name":"Comment","target":["https:\/\/epochtimestr.com\/index.php\/abd-orta-dogu-icin-guvenlik-uyarisi-yayimlandi#respond"]}]},{"@type":"WebPage","@id":"https:\/\/epochtimestr.com\/index.php\/abd-orta-dogu-icin-guvenlik-uyarisi-yayimlandi","url":"https:\/\/epochtimestr.com\/index.php\/abd-orta-dogu-icin-guvenlik-uyarisi-yayimlandi","name":"ABD Orta Do\u011fu \u0130\u00e7in G\u00fcvenlik Uyar\u0131s\u0131 Yay\u0131mland\u0131 - The Epoch Times TR","isPartOf":{"@id":"https:\/\/epochtimestr.com\/#website"},"primaryImageOfPage":{"@id":"https:\/\/epochtimestr.com\/index.php\/abd-orta-dogu-icin-guvenlik-uyarisi-yayimlandi#primaryimage"},"image":{"@id":"https:\/\/epochtimestr.com\/index.php\/abd-orta-dogu-icin-guvenlik-uyarisi-yayimlandi#primaryimage"},"thumbnailUrl":"https:\/\/epochtimestr.com\/wp-content\/uploads\/2011y\/1000049973.webp","datePublished":"2026-08-03T10:49:17+00:00","dateModified":"2026-08-03T10:49:19+00:00","description":"ABD Orta Do\u011fu b\u00f6lgesinde ya\u015fayan Amerikal\u0131lar i\u00e7in g\u00fcvenlik uyar\u0131s\u0131 yay\u0131mlad\u0131. Washington, olas\u0131 seyahat aksakl\u0131klar\u0131na kar\u015f\u0131 uyard\u0131.","inLanguage":"tr","potentialAction":[{"@type":"ReadAction","target":["https:\/\/epochtimestr.com\/index.php\/abd-orta-dogu-icin-guvenlik-uyarisi-yayimlandi"]}]},{"@type":"ImageObject","inLanguage":"tr","@id":"https:\/\/epochtimestr.com\/index.php\/abd-orta-dogu-icin-guvenlik-uyarisi-yayimlandi#primaryimage","url":"https:\/\/epochtimestr.com\/wp-content\/uploads\/2011y\/1000049973.webp","contentUrl":"https:\/\/epochtimestr.com\/wp-content\/uploads\/2011y\/1000049973.webp","width":1200,"height":813},{"@type":"WebSite","@id":"https:\/\/epochtimestr.com\/#website","url":"https:\/\/epochtimestr.com\/","name":"The Epoch Times TR","description":"De\u011fi\u015fen D\u00fcnyam\u0131za Taze Bir Bak\u0131\u015f","publisher":{"@id":"https:\/\/epochtimestr.com\/#organization"},"potentialAction":[{"@type":"SearchAction","target":{"@type":"EntryPoint","urlTemplate":"https:\/\/epochtimestr.com\/?s={search_term_string}"},"query-input":"required name=search_term_string"}],"inLanguage":"tr"},{"@type":"Organization","@id":"https:\/\/epochtimestr.com\/#organization","name":"The EpochTimes T\u00fcrkiye","url":"https:\/\/epochtimestr.com\/","logo":{"@type":"ImageObject","inLanguage":"tr","@id":"https:\/\/epochtimestr.com\/#\/schema\/logo\/image\/","url":"https:\/\/epochtimestr.com\/wp-content\/uploads\/2011y\/ET-Logo-YG.jpg","contentUrl":"https:\/\/epochtimestr.com\/wp-content\/uploads\/2011y\/ET-Logo-YG.jpg","width":346,"height":29,"caption":"The EpochTimes T\u00fcrkiye"},"image":{"@id":"https:\/\/epochtimestr.com\/#\/schema\/logo\/image\/"},"sameAs":["https:\/\/www.facebook.com\/theepochtimestr","https:\/\/x.com\/TheEpochTimesTR","https:\/\/www.instagram.com\/epochtimestr"]},{"@type":"Person","@id":"https:\/\/epochtimestr.com\/#\/schema\/person\/5fef218711d76d8f232b0e1f1d7e4c0d","name":"Leo Bajelan","image":{"@type":"ImageObject","inLanguage":"tr","@id":"https:\/\/epochtimestr.com\/#\/schema\/person\/image\/","url":"https:\/\/secure.gravatar.com\/avatar\/917669146f489549e548a2e9af272df5?s=96&d=mm&r=g","contentUrl":"https:\/\/secure.gravatar.com\/avatar\/917669146f489549e548a2e9af272df5?s=96&d=mm&r=g","caption":"Leo Bajelan"},"url":"https:\/\/epochtimestr.com\/index.php\/author\/leo"}]}},"_links":{"self":[{"href":"https:\/\/epochtimestr.com\/index.php\/wp-json\/wp\/v2\/posts\/169715"}],"collection":[{"href":"https:\/\/epochtimestr.com\/index.php\/wp-json\/wp\/v2\/posts"}],"about":[{"href":"https:\/\/epochtimestr.com\/index.php\/wp-json\/wp\/v2\/types\/post"}],"author":[{"embeddable":true,"href":"https:\/\/epochtimestr.com\/index.php\/wp-json\/wp\/v2\/users\/13996"}],"replies":[{"embeddable":true,"href":"https:\/\/epochtimestr.com\/index.php\/wp-json\/wp\/v2\/comments?post=169715"}],"version-history":[{"count":2,"href":"https:\/\/epochtimestr.com\/index.php\/wp-json\/wp\/v2\/posts\/169715\/revisions"}],"predecessor-version":[{"id":169721,"href":"https:\/\/epochtimestr.com\/index.php\/wp-json\/wp\/v2\/posts\/169715\/revisions\/169721"}],"wp:featuredmedia":[{"embeddable":true,"href":"https:\/\/epochtimestr.com\/index.php\/wp-json\/wp\/v2\/media\/169716"}],"wp:attachment":[{"href":"https:\/\/epochtimestr.com\/index.php\/wp-json\/wp\/v2\/media?parent=169715"}],"wp:term":[{"taxonomy":"category","embeddable":true,"href":"https:\/\/epochtimestr.com\/index.php\/wp-json\/wp\/v2\/categories?post=169715"},{"taxonomy":"post_tag","embeddable":true,"href":"https:\/\/epochtimestr.com\/index.php\/wp-json\/wp\/v2\/tags?post=169715"}],"curies":[{"name":"wp","href":"https:\/\/api.w.org\/{rel}","templated":true}]}}