{"id":169722,"date":"2026-08-03T16:08:34","date_gmt":"2026-08-03T13:08:34","guid":{"rendered":"https:\/\/epochtimestr.com\/?p=169722"},"modified":"2026-08-03T16:08:38","modified_gmt":"2026-08-03T13:08:38","slug":"tuik-temmuz-ayi-enflasyon-verilerini-acikladi","status":"publish","type":"post","link":"https:\/\/epochtimestr.com\/index.php\/tuik-temmuz-ayi-enflasyon-verilerini-acikladi","title":{"rendered":"T\u00dc\u0130K Temmuz Ay\u0131 Enflasyon Verilerini A\u00e7\u0131klad\u0131"},"content":{"rendered":"<div class=\"wp-block-image\">\n<figure class=\"aligncenter size-full\"><img loading=\"lazy\" decoding=\"async\" width=\"1280\" height=\"737\" src=\"https:\/\/epochtimestr.com\/wp-content\/uploads\/2011y\/pixabay-28.jpg\" alt=\"\" class=\"wp-image-169723\" srcset=\"https:\/\/epochtimestr.com\/wp-content\/uploads\/2011y\/pixabay-28.jpg 1280w, https:\/\/epochtimestr.com\/wp-content\/uploads\/2011y\/pixabay-28-300x173.jpg 300w, https:\/\/epochtimestr.com\/wp-content\/uploads\/2011y\/pixabay-28-150x86.jpg 150w, https:\/\/epochtimestr.com\/wp-content\/uploads\/2011y\/pixabay-28-768x442.jpg 768w\" sizes=\"(max-width: 1280px) 100vw, 1280px\" \/><figcaption class=\"wp-element-caption\">T\u00dc\u0130K Temmuz ay\u0131 enflasyon verilerini a\u00e7\u0131klad\u0131. (Foto\u011fraf: Alexas_Fotos, Pixabay)<\/figcaption><\/figure><\/div>\n\n\n<h2 class=\"wp-block-heading\">T\u00fcrkiye \u0130statistik Kurumu (T\u00dc\u0130K) Temmuz ay\u0131 enflasyon verilerini a\u00e7\u0131klad\u0131. Y\u0131ll\u0131k enflasyon oran\u0131 y\u00fczde 31,75 olarak ger\u00e7ekle\u015fti.<\/h2>\n\n\n\n<p>T\u00fcrkiye \u0130statistik Kurumu (<a href=\"https:\/\/epochtimestr.com\/index.php\/tuik-hanehalki-yurt-ici-turizm-istatistiklerini-yayimladi\" target=\"_blank\" rel=\"noreferrer noopener\">T\u00dc\u0130K<\/a>) temmuz ay\u0131na ili\u015fkin <a href=\"https:\/\/epochtimestr.com\/index.php\/ito-istanbulun-temmuz-ayi-enflasyon-rakamlarini-acikladi\" target=\"_blank\" rel=\"noreferrer noopener\">enflasyon <\/a>verilerini a\u00e7\u0131klad\u0131. Buna g\u00f6re, 2026 y\u0131l\u0131 Temmuz ay\u0131nda enflasyon, bir \u00f6nceki aya g\u00f6re %1,78 art\u0131\u015f, bir \u00f6nceki y\u0131l\u0131n Aral\u0131k ay\u0131na g\u00f6re %19,86 art\u0131\u015f \u015feklinde ger\u00e7ekle\u015fti. Bir \u00f6nceki y\u0131l\u0131n ayn\u0131 ay\u0131na g\u00f6re %31,75 art\u0131\u015f ya\u015fan\u0131rken kira zam tavan\u0131n\u0131 etkileyen on iki ayl\u0131k ortalama %31,90 artt\u0131.<\/p>\n\n\n\n<p><strong>T\u00dcFE g\u0131da ve alkols\u00fcz i\u00e7eceklerde y\u0131ll\u0131k %37,53 artt\u0131<\/strong><\/p>\n\n\n\n<p>En y\u00fcksek a\u011f\u0131rl\u0131\u011fa sahip \u00fc\u00e7 ana harcama grubunun y\u0131ll\u0131k de\u011fi\u015fimleri; g\u0131da ve alkols\u00fcz i\u00e7eceklerde %37,53 art\u0131\u015f, ula\u015ft\u0131rmada %30,83 art\u0131\u015f ve konut, su, elektrik, gaz ve di\u011fer yak\u0131tlarda %40,32 art\u0131\u015f olarak ger\u00e7ekle\u015fti.<br \/>\u0130lgili ana harcama gruplar\u0131n\u0131n y\u0131ll\u0131k de\u011fi\u015fime olan katk\u0131lar\u0131 ise g\u0131da ve alkols\u00fcz i\u00e7eceklerde 8,94, ula\u015ft\u0131rmada 5,22 ve konut, su, elektrik, gaz ve di\u011fer yak\u0131tlarda 5,21 y\u00fczde puan oldu.<\/p>\n\n\n<div class=\"wp-block-image\">\n<figure class=\"aligncenter size-full is-resized\"><img loading=\"lazy\" decoding=\"async\" width=\"752\" height=\"359\" src=\"https:\/\/epochtimestr.com\/wp-content\/uploads\/2011y\/1-4.webp\" alt=\"\" class=\"wp-image-169724\" style=\"width:752px;height:auto\" srcset=\"https:\/\/epochtimestr.com\/wp-content\/uploads\/2011y\/1-4.webp 752w, https:\/\/epochtimestr.com\/wp-content\/uploads\/2011y\/1-4-300x143.webp 300w, https:\/\/epochtimestr.com\/wp-content\/uploads\/2011y\/1-4-150x72.webp 150w, https:\/\/epochtimestr.com\/wp-content\/uploads\/2011y\/1-4-750x359.webp 750w\" sizes=\"(max-width: 752px) 100vw, 752px\" \/><\/figure><\/div>\n\n\n<p>En y\u00fcksek a\u011f\u0131rl\u0131\u011fa sahip \u00fc\u00e7 ana harcama grubunun ayl\u0131k de\u011fi\u015fimleri; g\u0131da ve alkols\u00fcz i\u00e7eceklerde %1,61 art\u0131\u015f, ula\u015ft\u0131rmada %2,59 art\u0131\u015f ve konut, su, elektrik, gaz ve di\u011fer yak\u0131tlarda %2,25 art\u0131\u015f olarak ger\u00e7ekle\u015fti. \u0130lgili ana gruplar\u0131n ayl\u0131k de\u011fi\u015fime olan katk\u0131lar\u0131 ise g\u0131da ve alkols\u00fcz i\u00e7eceklerde 0,40, ula\u015ft\u0131rmada 0,44 ve konutta 0,27 y\u00fczde puan oldu.<\/p>\n\n\n\n<p><strong>\u00d6zel kapsaml\u0131 T\u00dcFE g\u00f6stergesi ayl\u0131k %1,66 artt\u0131<\/strong><\/p>\n\n\n\n<p>\u0130\u015flenmemi\u015f g\u0131da \u00fcr\u00fcnleri, enerji, alkoll\u00fc i\u00e7kiler ve t\u00fct\u00fcn ile alt\u0131n hari\u00e7 T\u00dcFE&#8217;deki de\u011fi\u015fim, 2026 y\u0131l\u0131 Temmuz ay\u0131nda bir \u00f6nceki aya g\u00f6re %1,66 art\u0131\u015f, bir \u00f6nceki y\u0131l\u0131n Aral\u0131k ay\u0131na g\u00f6re %18,78 art\u0131\u015f, bir \u00f6nceki y\u0131l\u0131n ayn\u0131 ay\u0131na g\u00f6re %30,98 art\u0131\u015f ve on iki ayl\u0131k ortalamalara g\u00f6re %31,28 art\u0131\u015f olarak ger\u00e7ekle\u015fti.<\/p>\n\n\n<div class=\"wp-block-image\">\n<figure class=\"aligncenter size-full\"><img loading=\"lazy\" decoding=\"async\" width=\"1240\" height=\"472\" src=\"https:\/\/epochtimestr.com\/wp-content\/uploads\/2011y\/tuik2.jpg\" alt=\"\" class=\"wp-image-169725\" srcset=\"https:\/\/epochtimestr.com\/wp-content\/uploads\/2011y\/tuik2.jpg 1240w, https:\/\/epochtimestr.com\/wp-content\/uploads\/2011y\/tuik2-300x114.jpg 300w, https:\/\/epochtimestr.com\/wp-content\/uploads\/2011y\/tuik2-150x57.jpg 150w, https:\/\/epochtimestr.com\/wp-content\/uploads\/2011y\/tuik2-768x292.jpg 768w\" sizes=\"(max-width: 1240px) 100vw, 1240px\" \/><\/figure><\/div>\n\n\n<figure class=\"wp-block-embed is-type-rich is-provider-x wp-block-embed-x\"><div class=\"wp-block-embed__wrapper\">\n<blockquote class=\"twitter-tweet\" data-width=\"550\" data-dnt=\"true\"><p lang=\"tr\" dir=\"ltr\">T\u00fcketici Fiyat Endeksi, Temmuz 2026<br><br>T\u00fcketici fiyat endeksi (T\u00dcFE) y\u0131ll\u0131k %31,75 artt\u0131, ayl\u0131k %1,78 artt\u0131<br><br>Detaylar i\u00e7in web sitemizi ziyaret edebilirsiniz. \ud83d\udd0e<br>\u21aa\ufe0f   <a href=\"https:\/\/t.co\/YNAytOuSlm\">https:\/\/t.co\/YNAytOuSlm<\/a> <a href=\"https:\/\/t.co\/98k4smhYSP\">pic.twitter.com\/98k4smhYSP<\/a><\/p>&mdash; tuik.gov.tr (@tuikbilgi) <a href=\"https:\/\/x.com\/tuikbilgi\/status\/2084180243804303574?ref_src=twsrc%5Etfw\">August 3, 2026<\/a><\/blockquote><script async src=\"https:\/\/platform.x.com\/widgets.js\" charset=\"utf-8\"><\/script>\n<\/div><\/figure>\n","protected":false},"excerpt":{"rendered":"<p>T\u00fcrkiye \u0130statistik Kurumu (T\u00dc\u0130K) Temmuz ay\u0131 enflasyon verilerini a\u00e7\u0131klad\u0131. Y\u0131ll\u0131k enflasyon oran\u0131 y\u00fczde 31,75 olarak ger\u00e7ekle\u015fti. T\u00fcrkiye \u0130statistik Kurumu (T\u00dc\u0130K) temmuz ay\u0131na ili\u015fkin enflasyon verilerini a\u00e7\u0131klad\u0131. Buna g\u00f6re, 2026 y\u0131l\u0131 Temmuz ay\u0131nda enflasyon, bir \u00f6nceki aya g\u00f6re %1,78 art\u0131\u015f, bir \u00f6nceki y\u0131l\u0131n Aral\u0131k ay\u0131na g\u00f6re %19,86 art\u0131\u015f \u015feklinde ger\u00e7ekle\u015fti. Bir \u00f6nceki y\u0131l\u0131n ayn\u0131 ay\u0131na g\u00f6re [&hellip;]<\/p>\n","protected":false},"author":12791,"featured_media":169723,"comment_status":"open","ping_status":"open","sticky":false,"template":"","format":"standard","meta":{"_yoast_wpseo_focuskw":"Temmuz - enflasyon","_yoast_wpseo_title":"","_yoast_wpseo_metadesc":"T\u00fcrkiye \u0130statistik Kurumu (T\u00dc\u0130K) Temmuz ay\u0131 enflasyon verilerini a\u00e7\u0131klad\u0131. Y\u0131ll\u0131k enflasyon oran\u0131 y\u00fczde 31,75 olarak ger\u00e7ekle\u015fti.","_bbp_topic_count":0,"_bbp_reply_count":0,"_bbp_total_topic_count":0,"_bbp_total_reply_count":0,"_bbp_voice_count":0,"_bbp_anonymous_reply_count":0,"_bbp_topic_count_hidden":0,"_bbp_reply_count_hidden":0,"_bbp_forum_subforum_count":0,"footnotes":"","_yoast_wpseo_focuskw_text_input":""},"categories":[8225,1,8138],"tags":[1616,12035,8759,11598],"yoast_head":"<!-- This site is optimized with the Yoast SEO plugin v23.0 - https:\/\/yoast.com\/wordpress\/plugins\/seo\/ -->\n<title>T\u00dc\u0130K Temmuz Ay\u0131 Enflasyon Verilerini A\u00e7\u0131klad\u0131 - The Epoch Times TR<\/title>\n<meta name=\"description\" content=\"T\u00fcrkiye \u0130statistik Kurumu (T\u00dc\u0130K) Temmuz ay\u0131 enflasyon verilerini a\u00e7\u0131klad\u0131. Y\u0131ll\u0131k enflasyon oran\u0131 y\u00fczde 31,75 olarak ger\u00e7ekle\u015fti.\" \/>\n<meta name=\"robots\" content=\"index, follow, max-snippet:-1, max-image-preview:large, max-video-preview:-1\" \/>\n<link rel=\"canonical\" href=\"https:\/\/epochtimestr.com\/index.php\/tuik-temmuz-ayi-enflasyon-verilerini-acikladi\" \/>\n<meta property=\"og:locale\" content=\"tr_TR\" \/>\n<meta property=\"og:type\" content=\"article\" \/>\n<meta property=\"og:title\" content=\"T\u00dc\u0130K Temmuz Ay\u0131 Enflasyon Verilerini A\u00e7\u0131klad\u0131 - The Epoch Times TR\" \/>\n<meta property=\"og:description\" content=\"T\u00fcrkiye \u0130statistik Kurumu (T\u00dc\u0130K) Temmuz ay\u0131 enflasyon verilerini a\u00e7\u0131klad\u0131. Y\u0131ll\u0131k enflasyon oran\u0131 y\u00fczde 31,75 olarak ger\u00e7ekle\u015fti.\" \/>\n<meta property=\"og:url\" content=\"https:\/\/epochtimestr.com\/index.php\/tuik-temmuz-ayi-enflasyon-verilerini-acikladi\" \/>\n<meta property=\"og:site_name\" content=\"The Epoch Times TR\" \/>\n<meta property=\"article:publisher\" content=\"https:\/\/www.facebook.com\/theepochtimestr\" \/>\n<meta property=\"article:published_time\" content=\"2026-08-03T13:08:34+00:00\" \/>\n<meta property=\"article:modified_time\" content=\"2026-08-03T13:08:38+00:00\" \/>\n<meta property=\"og:image\" content=\"https:\/\/epochtimestr.com\/wp-content\/uploads\/2011y\/pixabay-28.jpg\" \/>\n\t<meta property=\"og:image:width\" content=\"1280\" \/>\n\t<meta property=\"og:image:height\" content=\"737\" \/>\n\t<meta property=\"og:image:type\" content=\"image\/jpeg\" \/>\n<meta name=\"author\" content=\"Haber Merkezi\" \/>\n<meta name=\"twitter:card\" content=\"summary_large_image\" \/>\n<meta name=\"twitter:creator\" content=\"@TheEpochTimesTR\" \/>\n<meta name=\"twitter:site\" content=\"@TheEpochTimesTR\" \/>\n<meta name=\"twitter:label1\" content=\"Yazan:\" \/>\n\t<meta name=\"twitter:data1\" content=\"Haber Merkezi\" \/>\n\t<meta name=\"twitter:label2\" content=\"Tahmini okuma s\u00fcresi\" \/>\n\t<meta name=\"twitter:data2\" content=\"3 dakika\" \/>\n<script type=\"application\/ld+json\" class=\"yoast-schema-graph\">{\"@context\":\"https:\/\/schema.org\",\"@graph\":[{\"@type\":\"Article\",\"@id\":\"https:\/\/epochtimestr.com\/index.php\/tuik-temmuz-ayi-enflasyon-verilerini-acikladi#article\",\"isPartOf\":{\"@id\":\"https:\/\/epochtimestr.com\/index.php\/tuik-temmuz-ayi-enflasyon-verilerini-acikladi\"},\"author\":{\"name\":\"Haber Merkezi\",\"@id\":\"https:\/\/epochtimestr.com\/#\/schema\/person\/3dc5c3adeb9f43923c5aa85889172fdd\"},\"headline\":\"T\u00dc\u0130K Temmuz Ay\u0131 Enflasyon Verilerini A\u00e7\u0131klad\u0131\",\"datePublished\":\"2026-08-03T13:08:34+00:00\",\"dateModified\":\"2026-08-03T13:08:38+00:00\",\"mainEntityOfPage\":{\"@id\":\"https:\/\/epochtimestr.com\/index.php\/tuik-temmuz-ayi-enflasyon-verilerini-acikladi\"},\"wordCount\":365,\"commentCount\":0,\"publisher\":{\"@id\":\"https:\/\/epochtimestr.com\/#organization\"},\"image\":{\"@id\":\"https:\/\/epochtimestr.com\/index.php\/tuik-temmuz-ayi-enflasyon-verilerini-acikladi#primaryimage\"},\"thumbnailUrl\":\"https:\/\/epochtimestr.com\/wp-content\/uploads\/2011y\/pixabay-28.jpg\",\"keywords\":[\"enflasyon\",\"Temmuz\",\"T\u00dcFE\",\"TU\u0130K\"],\"articleSection\":[\"Ekonomi\",\"G\u00dcNDEM\",\"MAN\u015eET\"],\"inLanguage\":\"tr\",\"potentialAction\":[{\"@type\":\"CommentAction\",\"name\":\"Comment\",\"target\":[\"https:\/\/epochtimestr.com\/index.php\/tuik-temmuz-ayi-enflasyon-verilerini-acikladi#respond\"]}]},{\"@type\":\"WebPage\",\"@id\":\"https:\/\/epochtimestr.com\/index.php\/tuik-temmuz-ayi-enflasyon-verilerini-acikladi\",\"url\":\"https:\/\/epochtimestr.com\/index.php\/tuik-temmuz-ayi-enflasyon-verilerini-acikladi\",\"name\":\"T\u00dc\u0130K Temmuz Ay\u0131 Enflasyon Verilerini A\u00e7\u0131klad\u0131 - The Epoch Times TR\",\"isPartOf\":{\"@id\":\"https:\/\/epochtimestr.com\/#website\"},\"primaryImageOfPage\":{\"@id\":\"https:\/\/epochtimestr.com\/index.php\/tuik-temmuz-ayi-enflasyon-verilerini-acikladi#primaryimage\"},\"image\":{\"@id\":\"https:\/\/epochtimestr.com\/index.php\/tuik-temmuz-ayi-enflasyon-verilerini-acikladi#primaryimage\"},\"thumbnailUrl\":\"https:\/\/epochtimestr.com\/wp-content\/uploads\/2011y\/pixabay-28.jpg\",\"datePublished\":\"2026-08-03T13:08:34+00:00\",\"dateModified\":\"2026-08-03T13:08:38+00:00\",\"description\":\"T\u00fcrkiye \u0130statistik Kurumu (T\u00dc\u0130K) Temmuz ay\u0131 enflasyon verilerini a\u00e7\u0131klad\u0131. Y\u0131ll\u0131k enflasyon oran\u0131 y\u00fczde 31,75 olarak ger\u00e7ekle\u015fti.\",\"inLanguage\":\"tr\",\"potentialAction\":[{\"@type\":\"ReadAction\",\"target\":[\"https:\/\/epochtimestr.com\/index.php\/tuik-temmuz-ayi-enflasyon-verilerini-acikladi\"]}]},{\"@type\":\"ImageObject\",\"inLanguage\":\"tr\",\"@id\":\"https:\/\/epochtimestr.com\/index.php\/tuik-temmuz-ayi-enflasyon-verilerini-acikladi#primaryimage\",\"url\":\"https:\/\/epochtimestr.com\/wp-content\/uploads\/2011y\/pixabay-28.jpg\",\"contentUrl\":\"https:\/\/epochtimestr.com\/wp-content\/uploads\/2011y\/pixabay-28.jpg\",\"width\":1280,\"height\":737},{\"@type\":\"WebSite\",\"@id\":\"https:\/\/epochtimestr.com\/#website\",\"url\":\"https:\/\/epochtimestr.com\/\",\"name\":\"The Epoch Times TR\",\"description\":\"De\u011fi\u015fen D\u00fcnyam\u0131za Taze Bir Bak\u0131\u015f\",\"publisher\":{\"@id\":\"https:\/\/epochtimestr.com\/#organization\"},\"potentialAction\":[{\"@type\":\"SearchAction\",\"target\":{\"@type\":\"EntryPoint\",\"urlTemplate\":\"https:\/\/epochtimestr.com\/?s={search_term_string}\"},\"query-input\":\"required name=search_term_string\"}],\"inLanguage\":\"tr\"},{\"@type\":\"Organization\",\"@id\":\"https:\/\/epochtimestr.com\/#organization\",\"name\":\"The EpochTimes T\u00fcrkiye\",\"url\":\"https:\/\/epochtimestr.com\/\",\"logo\":{\"@type\":\"ImageObject\",\"inLanguage\":\"tr\",\"@id\":\"https:\/\/epochtimestr.com\/#\/schema\/logo\/image\/\",\"url\":\"https:\/\/epochtimestr.com\/wp-content\/uploads\/2011y\/ET-Logo-YG.jpg\",\"contentUrl\":\"https:\/\/epochtimestr.com\/wp-content\/uploads\/2011y\/ET-Logo-YG.jpg\",\"width\":346,\"height\":29,\"caption\":\"The EpochTimes T\u00fcrkiye\"},\"image\":{\"@id\":\"https:\/\/epochtimestr.com\/#\/schema\/logo\/image\/\"},\"sameAs\":[\"https:\/\/www.facebook.com\/theepochtimestr\",\"https:\/\/x.com\/TheEpochTimesTR\",\"https:\/\/www.instagram.com\/epochtimestr\"]},{\"@type\":\"Person\",\"@id\":\"https:\/\/epochtimestr.com\/#\/schema\/person\/3dc5c3adeb9f43923c5aa85889172fdd\",\"name\":\"Haber Merkezi\",\"image\":{\"@type\":\"ImageObject\",\"inLanguage\":\"tr\",\"@id\":\"https:\/\/epochtimestr.com\/#\/schema\/person\/image\/\",\"url\":\"https:\/\/secure.gravatar.com\/avatar\/d73f772ba5a74f28601361e17c2f93e6?s=96&d=mm&r=g\",\"contentUrl\":\"https:\/\/secure.gravatar.com\/avatar\/d73f772ba5a74f28601361e17c2f93e6?s=96&d=mm&r=g\",\"caption\":\"Haber Merkezi\"},\"url\":\"https:\/\/epochtimestr.com\/index.php\/author\/sendag\"}]}<\/script>\n<!-- \/ Yoast SEO plugin. -->","yoast_head_json":{"title":"T\u00dc\u0130K Temmuz Ay\u0131 Enflasyon Verilerini A\u00e7\u0131klad\u0131 - The Epoch Times TR","description":"T\u00fcrkiye \u0130statistik Kurumu (T\u00dc\u0130K) Temmuz ay\u0131 enflasyon verilerini a\u00e7\u0131klad\u0131. Y\u0131ll\u0131k enflasyon oran\u0131 y\u00fczde 31,75 olarak ger\u00e7ekle\u015fti.","robots":{"index":"index","follow":"follow","max-snippet":"max-snippet:-1","max-image-preview":"max-image-preview:large","max-video-preview":"max-video-preview:-1"},"canonical":"https:\/\/epochtimestr.com\/index.php\/tuik-temmuz-ayi-enflasyon-verilerini-acikladi","og_locale":"tr_TR","og_type":"article","og_title":"T\u00dc\u0130K Temmuz Ay\u0131 Enflasyon Verilerini A\u00e7\u0131klad\u0131 - The Epoch Times TR","og_description":"T\u00fcrkiye \u0130statistik Kurumu (T\u00dc\u0130K) Temmuz ay\u0131 enflasyon verilerini a\u00e7\u0131klad\u0131. Y\u0131ll\u0131k enflasyon oran\u0131 y\u00fczde 31,75 olarak ger\u00e7ekle\u015fti.","og_url":"https:\/\/epochtimestr.com\/index.php\/tuik-temmuz-ayi-enflasyon-verilerini-acikladi","og_site_name":"The Epoch Times TR","article_publisher":"https:\/\/www.facebook.com\/theepochtimestr","article_published_time":"2026-08-03T13:08:34+00:00","article_modified_time":"2026-08-03T13:08:38+00:00","og_image":[{"width":1280,"height":737,"url":"https:\/\/epochtimestr.com\/wp-content\/uploads\/2011y\/pixabay-28.jpg","type":"image\/jpeg"}],"author":"Haber Merkezi","twitter_card":"summary_large_image","twitter_creator":"@TheEpochTimesTR","twitter_site":"@TheEpochTimesTR","twitter_misc":{"Yazan:":"Haber Merkezi","Tahmini okuma s\u00fcresi":"3 dakika"},"schema":{"@context":"https:\/\/schema.org","@graph":[{"@type":"Article","@id":"https:\/\/epochtimestr.com\/index.php\/tuik-temmuz-ayi-enflasyon-verilerini-acikladi#article","isPartOf":{"@id":"https:\/\/epochtimestr.com\/index.php\/tuik-temmuz-ayi-enflasyon-verilerini-acikladi"},"author":{"name":"Haber Merkezi","@id":"https:\/\/epochtimestr.com\/#\/schema\/person\/3dc5c3adeb9f43923c5aa85889172fdd"},"headline":"T\u00dc\u0130K Temmuz Ay\u0131 Enflasyon Verilerini A\u00e7\u0131klad\u0131","datePublished":"2026-08-03T13:08:34+00:00","dateModified":"2026-08-03T13:08:38+00:00","mainEntityOfPage":{"@id":"https:\/\/epochtimestr.com\/index.php\/tuik-temmuz-ayi-enflasyon-verilerini-acikladi"},"wordCount":365,"commentCount":0,"publisher":{"@id":"https:\/\/epochtimestr.com\/#organization"},"image":{"@id":"https:\/\/epochtimestr.com\/index.php\/tuik-temmuz-ayi-enflasyon-verilerini-acikladi#primaryimage"},"thumbnailUrl":"https:\/\/epochtimestr.com\/wp-content\/uploads\/2011y\/pixabay-28.jpg","keywords":["enflasyon","Temmuz","T\u00dcFE","TU\u0130K"],"articleSection":["Ekonomi","G\u00dcNDEM","MAN\u015eET"],"inLanguage":"tr","potentialAction":[{"@type":"CommentAction","name":"Comment","target":["https:\/\/epochtimestr.com\/index.php\/tuik-temmuz-ayi-enflasyon-verilerini-acikladi#respond"]}]},{"@type":"WebPage","@id":"https:\/\/epochtimestr.com\/index.php\/tuik-temmuz-ayi-enflasyon-verilerini-acikladi","url":"https:\/\/epochtimestr.com\/index.php\/tuik-temmuz-ayi-enflasyon-verilerini-acikladi","name":"T\u00dc\u0130K Temmuz Ay\u0131 Enflasyon Verilerini A\u00e7\u0131klad\u0131 - The Epoch Times TR","isPartOf":{"@id":"https:\/\/epochtimestr.com\/#website"},"primaryImageOfPage":{"@id":"https:\/\/epochtimestr.com\/index.php\/tuik-temmuz-ayi-enflasyon-verilerini-acikladi#primaryimage"},"image":{"@id":"https:\/\/epochtimestr.com\/index.php\/tuik-temmuz-ayi-enflasyon-verilerini-acikladi#primaryimage"},"thumbnailUrl":"https:\/\/epochtimestr.com\/wp-content\/uploads\/2011y\/pixabay-28.jpg","datePublished":"2026-08-03T13:08:34+00:00","dateModified":"2026-08-03T13:08:38+00:00","description":"T\u00fcrkiye \u0130statistik Kurumu (T\u00dc\u0130K) Temmuz ay\u0131 enflasyon verilerini a\u00e7\u0131klad\u0131. Y\u0131ll\u0131k enflasyon oran\u0131 y\u00fczde 31,75 olarak ger\u00e7ekle\u015fti.","inLanguage":"tr","potentialAction":[{"@type":"ReadAction","target":["https:\/\/epochtimestr.com\/index.php\/tuik-temmuz-ayi-enflasyon-verilerini-acikladi"]}]},{"@type":"ImageObject","inLanguage":"tr","@id":"https:\/\/epochtimestr.com\/index.php\/tuik-temmuz-ayi-enflasyon-verilerini-acikladi#primaryimage","url":"https:\/\/epochtimestr.com\/wp-content\/uploads\/2011y\/pixabay-28.jpg","contentUrl":"https:\/\/epochtimestr.com\/wp-content\/uploads\/2011y\/pixabay-28.jpg","width":1280,"height":737},{"@type":"WebSite","@id":"https:\/\/epochtimestr.com\/#website","url":"https:\/\/epochtimestr.com\/","name":"The Epoch Times TR","description":"De\u011fi\u015fen D\u00fcnyam\u0131za Taze Bir Bak\u0131\u015f","publisher":{"@id":"https:\/\/epochtimestr.com\/#organization"},"potentialAction":[{"@type":"SearchAction","target":{"@type":"EntryPoint","urlTemplate":"https:\/\/epochtimestr.com\/?s={search_term_string}"},"query-input":"required name=search_term_string"}],"inLanguage":"tr"},{"@type":"Organization","@id":"https:\/\/epochtimestr.com\/#organization","name":"The EpochTimes T\u00fcrkiye","url":"https:\/\/epochtimestr.com\/","logo":{"@type":"ImageObject","inLanguage":"tr","@id":"https:\/\/epochtimestr.com\/#\/schema\/logo\/image\/","url":"https:\/\/epochtimestr.com\/wp-content\/uploads\/2011y\/ET-Logo-YG.jpg","contentUrl":"https:\/\/epochtimestr.com\/wp-content\/uploads\/2011y\/ET-Logo-YG.jpg","width":346,"height":29,"caption":"The EpochTimes T\u00fcrkiye"},"image":{"@id":"https:\/\/epochtimestr.com\/#\/schema\/logo\/image\/"},"sameAs":["https:\/\/www.facebook.com\/theepochtimestr","https:\/\/x.com\/TheEpochTimesTR","https:\/\/www.instagram.com\/epochtimestr"]},{"@type":"Person","@id":"https:\/\/epochtimestr.com\/#\/schema\/person\/3dc5c3adeb9f43923c5aa85889172fdd","name":"Haber Merkezi","image":{"@type":"ImageObject","inLanguage":"tr","@id":"https:\/\/epochtimestr.com\/#\/schema\/person\/image\/","url":"https:\/\/secure.gravatar.com\/avatar\/d73f772ba5a74f28601361e17c2f93e6?s=96&d=mm&r=g","contentUrl":"https:\/\/secure.gravatar.com\/avatar\/d73f772ba5a74f28601361e17c2f93e6?s=96&d=mm&r=g","caption":"Haber Merkezi"},"url":"https:\/\/epochtimestr.com\/index.php\/author\/sendag"}]}},"_links":{"self":[{"href":"https:\/\/epochtimestr.com\/index.php\/wp-json\/wp\/v2\/posts\/169722"}],"collection":[{"href":"https:\/\/epochtimestr.com\/index.php\/wp-json\/wp\/v2\/posts"}],"about":[{"href":"https:\/\/epochtimestr.com\/index.php\/wp-json\/wp\/v2\/types\/post"}],"author":[{"embeddable":true,"href":"https:\/\/epochtimestr.com\/index.php\/wp-json\/wp\/v2\/users\/12791"}],"replies":[{"embeddable":true,"href":"https:\/\/epochtimestr.com\/index.php\/wp-json\/wp\/v2\/comments?post=169722"}],"version-history":[{"count":2,"href":"https:\/\/epochtimestr.com\/index.php\/wp-json\/wp\/v2\/posts\/169722\/revisions"}],"predecessor-version":[{"id":169740,"href":"https:\/\/epochtimestr.com\/index.php\/wp-json\/wp\/v2\/posts\/169722\/revisions\/169740"}],"wp:featuredmedia":[{"embeddable":true,"href":"https:\/\/epochtimestr.com\/index.php\/wp-json\/wp\/v2\/media\/169723"}],"wp:attachment":[{"href":"https:\/\/epochtimestr.com\/index.php\/wp-json\/wp\/v2\/media?parent=169722"}],"wp:term":[{"taxonomy":"category","embeddable":true,"href":"https:\/\/epochtimestr.com\/index.php\/wp-json\/wp\/v2\/categories?post=169722"},{"taxonomy":"post_tag","embeddable":true,"href":"https:\/\/epochtimestr.com\/index.php\/wp-json\/wp\/v2\/tags?post=169722"}],"curies":[{"name":"wp","href":"https:\/\/api.w.org\/{rel}","templated":true}]}}