{"id":169727,"date":"2026-08-03T16:13:31","date_gmt":"2026-08-03T13:13:31","guid":{"rendered":"https:\/\/epochtimestr.com\/?p=169727"},"modified":"2026-08-03T16:14:17","modified_gmt":"2026-08-03T13:14:17","slug":"tuik-agustos-ayi-kira-artis-orani-yuzde-3190-olarak-belirlendi","status":"publish","type":"post","link":"https:\/\/epochtimestr.com\/index.php\/tuik-agustos-ayi-kira-artis-orani-yuzde-3190-olarak-belirlendi","title":{"rendered":"T\u00dc\u0130K: A\u011fustos Ay\u0131 Kira Art\u0131\u015f Oran\u0131 Y\u00fczde 31,90 Olarak Belirlendi"},"content":{"rendered":"<div class=\"wp-block-image\">\n<figure class=\"aligncenter size-full\"><img loading=\"lazy\" decoding=\"async\" width=\"1280\" height=\"720\" src=\"https:\/\/epochtimestr.com\/wp-content\/uploads\/2011y\/pixabay-29.jpg\" alt=\"T\u00dc\u0130K: A\u011fustos ay\u0131 kira art\u0131\u015f oran\u0131 y\u00fczde 31,90 olarak belirlendi. (Foto\u011fraf: tookapic, Pixabay)\" class=\"wp-image-169728\" srcset=\"https:\/\/epochtimestr.com\/wp-content\/uploads\/2011y\/pixabay-29.jpg 1280w, https:\/\/epochtimestr.com\/wp-content\/uploads\/2011y\/pixabay-29-300x169.jpg 300w, https:\/\/epochtimestr.com\/wp-content\/uploads\/2011y\/pixabay-29-150x84.jpg 150w, https:\/\/epochtimestr.com\/wp-content\/uploads\/2011y\/pixabay-29-768x432.jpg 768w\" sizes=\"(max-width: 1280px) 100vw, 1280px\" \/><figcaption class=\"wp-element-caption\">T\u00dc\u0130K: A\u011fustos ay\u0131 kira art\u0131\u015f oran\u0131 y\u00fczde 31,90 olarak belirlendi. (Foto\u011fraf: tookapic, Pixabay)<\/figcaption><\/figure><\/div>\n\n\n<h2 class=\"wp-block-heading\">T\u00fcrkiye \u0130statistik Kurumu&#8217;nun (T\u00dc\u0130K) a\u00e7\u0131klad\u0131\u011f\u0131 verilere g\u00f6re, A\u011fustos 2026&#8217;da uygulanacak kira art\u0131\u015f oran\u0131 y\u00fczde 31,90 olarak belirlendi.<\/h2>\n\n\n\n<p>T\u00fcrkiye \u0130statistik Kurumu (T\u00dc\u0130K) temmuz ay\u0131na ili\u015fkin enflasyon verilerini yay\u0131mlad\u0131. Verilerin a\u00e7\u0131klanmas\u0131yla birlikte a\u011fustosta ay\u0131nda uygulanacak konut ve i\u015fyeri kira art\u0131\u015f oran\u0131 da netle\u015fti. <a href=\"https:\/\/epochtimestr.com\/index.php\/tuik-hanehalki-yurt-ici-turizm-istatistiklerini-yayimladi\">T\u00dc\u0130K<\/a> verilerine g\u00f6re, temmuz ay\u0131nda enflasyon ayl\u0131k bazda y\u00fczde 1,78, y\u0131ll\u0131k bazda ise y\u00fczde 31,75 olarak hesapland\u0131.<br \/>Bu veriler do\u011frultusunda, konut ve i\u015f yerleri i\u00e7in kira art\u0131\u015f\u0131nda esas al\u0131nan 12 ayl\u0131k T\u00dcFE ortalamas\u0131 y\u00fczde 31,90 oldu. Temmuz ay\u0131 kira art\u0131\u015f oran\u0131 y\u00fczde 32,03 olarak a\u00e7\u0131klanm\u0131\u015ft\u0131.<\/p>\n\n\n\n<p>Mevcut yasal d\u00fczenlemelere g\u00f6re, konut ve i\u015fyerleri i\u00e7in tavan kira art\u0131\u015f oran\u0131 T\u00dcFE\u2019nin son 12 ayl\u0131k ortalamas\u0131 esas al\u0131narak hesaplan\u0131yor. A\u00e7\u0131klanan son veriler \u0131\u015f\u0131\u011f\u0131nda, a\u011fustos ay\u0131 i\u00e7erisinde yenilenecek s\u00f6zle\u015fmelerde yasal kira art\u0131\u015f s\u0131n\u0131r\u0131 y\u00fczde 31,90 olarak uygulanacak.<\/p>\n\n\n\n<figure class=\"wp-block-embed is-type-rich is-provider-x wp-block-embed-x\"><div class=\"wp-block-embed__wrapper\">\n<blockquote class=\"twitter-tweet\" data-width=\"550\" data-dnt=\"true\"><p lang=\"tr\" dir=\"ltr\">T\u00fcketici Fiyat Endeksi, Temmuz 2026<br><br>T\u00fcketici fiyat endeksi (T\u00dcFE) y\u0131ll\u0131k %31,75 artt\u0131, ayl\u0131k %1,78 artt\u0131<br><br>Detaylar i\u00e7in web sitemizi ziyaret edebilirsiniz. \ud83d\udd0e<br>\u21aa\ufe0f   <a href=\"https:\/\/t.co\/YNAytOuSlm\">https:\/\/t.co\/YNAytOuSlm<\/a> <a href=\"https:\/\/t.co\/98k4smhYSP\">pic.twitter.com\/98k4smhYSP<\/a><\/p>&mdash; tuik.gov.tr (@tuikbilgi) <a href=\"https:\/\/x.com\/tuikbilgi\/status\/2084180243804303574?ref_src=twsrc%5Etfw\">August 3, 2026<\/a><\/blockquote><script async src=\"https:\/\/platform.x.com\/widgets.js\" charset=\"utf-8\"><\/script>\n<\/div><\/figure>\n\n\n\n<p><\/p>\n","protected":false},"excerpt":{"rendered":"<p>T\u00fcrkiye \u0130statistik Kurumu&#8217;nun (T\u00dc\u0130K) a\u00e7\u0131klad\u0131\u011f\u0131 verilere g\u00f6re, A\u011fustos 2026&#8217;da uygulanacak kira art\u0131\u015f oran\u0131 y\u00fczde 31,90 olarak belirlendi. T\u00fcrkiye \u0130statistik Kurumu (T\u00dc\u0130K) temmuz ay\u0131na ili\u015fkin enflasyon verilerini yay\u0131mlad\u0131. Verilerin a\u00e7\u0131klanmas\u0131yla birlikte a\u011fustosta ay\u0131nda uygulanacak konut ve i\u015fyeri kira art\u0131\u015f oran\u0131 da netle\u015fti. T\u00dc\u0130K verilerine g\u00f6re, temmuz ay\u0131nda enflasyon ayl\u0131k bazda y\u00fczde 1,78, y\u0131ll\u0131k bazda ise y\u00fczde [&hellip;]<\/p>\n","protected":false},"author":12791,"featured_media":169728,"comment_status":"open","ping_status":"open","sticky":false,"template":"","format":"standard","meta":{"_yoast_wpseo_focuskw":"A\u011fustos","_yoast_wpseo_title":"","_yoast_wpseo_metadesc":"T\u00fcrkiye \u0130statistik Kurumu'nun (T\u00dc\u0130K) a\u00e7\u0131klad\u0131\u011f\u0131 verilere g\u00f6re, A\u011fustos 2026'da uygulanacak kira art\u0131\u015f oran\u0131 y\u00fczde 31,90 olarak belirlendi.","_bbp_topic_count":0,"_bbp_reply_count":0,"_bbp_total_topic_count":0,"_bbp_total_reply_count":0,"_bbp_voice_count":0,"_bbp_anonymous_reply_count":0,"_bbp_topic_count_hidden":0,"_bbp_reply_count_hidden":0,"_bbp_forum_subforum_count":0,"footnotes":"","_yoast_wpseo_focuskw_text_input":""},"categories":[8225,1,8138],"tags":[3831,7134,8759,9051],"yoast_head":"<!-- This site is optimized with the Yoast SEO plugin v23.0 - https:\/\/yoast.com\/wordpress\/plugins\/seo\/ -->\n<title>T\u00dc\u0130K: A\u011fustos Ay\u0131 Kira Art\u0131\u015f Oran\u0131 Y\u00fczde 31,90 Olarak Belirlendi - The Epoch Times TR<\/title>\n<meta name=\"description\" content=\"T\u00fcrkiye \u0130statistik Kurumu&#039;nun (T\u00dc\u0130K) a\u00e7\u0131klad\u0131\u011f\u0131 verilere g\u00f6re, A\u011fustos 2026&#039;da uygulanacak kira art\u0131\u015f oran\u0131 y\u00fczde 31,90 olarak belirlendi.\" \/>\n<meta name=\"robots\" content=\"index, follow, max-snippet:-1, max-image-preview:large, max-video-preview:-1\" \/>\n<link rel=\"canonical\" href=\"https:\/\/epochtimestr.com\/index.php\/tuik-agustos-ayi-kira-artis-orani-yuzde-3190-olarak-belirlendi\" \/>\n<meta property=\"og:locale\" content=\"tr_TR\" \/>\n<meta property=\"og:type\" content=\"article\" \/>\n<meta property=\"og:title\" content=\"T\u00dc\u0130K: A\u011fustos Ay\u0131 Kira Art\u0131\u015f Oran\u0131 Y\u00fczde 31,90 Olarak Belirlendi - The Epoch Times TR\" \/>\n<meta property=\"og:description\" content=\"T\u00fcrkiye \u0130statistik Kurumu&#039;nun (T\u00dc\u0130K) a\u00e7\u0131klad\u0131\u011f\u0131 verilere g\u00f6re, A\u011fustos 2026&#039;da uygulanacak kira art\u0131\u015f oran\u0131 y\u00fczde 31,90 olarak belirlendi.\" \/>\n<meta property=\"og:url\" content=\"https:\/\/epochtimestr.com\/index.php\/tuik-agustos-ayi-kira-artis-orani-yuzde-3190-olarak-belirlendi\" \/>\n<meta property=\"og:site_name\" content=\"The Epoch Times TR\" \/>\n<meta property=\"article:publisher\" content=\"https:\/\/www.facebook.com\/theepochtimestr\" \/>\n<meta property=\"article:published_time\" content=\"2026-08-03T13:13:31+00:00\" \/>\n<meta property=\"article:modified_time\" content=\"2026-08-03T13:14:17+00:00\" \/>\n<meta property=\"og:image\" content=\"https:\/\/epochtimestr.com\/wp-content\/uploads\/2011y\/pixabay-29.jpg\" \/>\n\t<meta property=\"og:image:width\" content=\"1280\" \/>\n\t<meta property=\"og:image:height\" content=\"720\" \/>\n\t<meta property=\"og:image:type\" content=\"image\/jpeg\" \/>\n<meta name=\"author\" content=\"Haber Merkezi\" \/>\n<meta name=\"twitter:card\" content=\"summary_large_image\" \/>\n<meta name=\"twitter:creator\" content=\"@TheEpochTimesTR\" \/>\n<meta name=\"twitter:site\" content=\"@TheEpochTimesTR\" \/>\n<meta name=\"twitter:label1\" content=\"Yazan:\" \/>\n\t<meta name=\"twitter:data1\" content=\"Haber Merkezi\" \/>\n\t<meta name=\"twitter:label2\" content=\"Tahmini okuma s\u00fcresi\" \/>\n\t<meta name=\"twitter:data2\" content=\"2 dakika\" \/>\n<script type=\"application\/ld+json\" class=\"yoast-schema-graph\">{\"@context\":\"https:\/\/schema.org\",\"@graph\":[{\"@type\":\"Article\",\"@id\":\"https:\/\/epochtimestr.com\/index.php\/tuik-agustos-ayi-kira-artis-orani-yuzde-3190-olarak-belirlendi#article\",\"isPartOf\":{\"@id\":\"https:\/\/epochtimestr.com\/index.php\/tuik-agustos-ayi-kira-artis-orani-yuzde-3190-olarak-belirlendi\"},\"author\":{\"name\":\"Haber Merkezi\",\"@id\":\"https:\/\/epochtimestr.com\/#\/schema\/person\/3dc5c3adeb9f43923c5aa85889172fdd\"},\"headline\":\"T\u00dc\u0130K: A\u011fustos Ay\u0131 Kira Art\u0131\u015f Oran\u0131 Y\u00fczde 31,90 Olarak Belirlendi\",\"datePublished\":\"2026-08-03T13:13:31+00:00\",\"dateModified\":\"2026-08-03T13:14:17+00:00\",\"mainEntityOfPage\":{\"@id\":\"https:\/\/epochtimestr.com\/index.php\/tuik-agustos-ayi-kira-artis-orani-yuzde-3190-olarak-belirlendi\"},\"wordCount\":200,\"commentCount\":0,\"publisher\":{\"@id\":\"https:\/\/epochtimestr.com\/#organization\"},\"image\":{\"@id\":\"https:\/\/epochtimestr.com\/index.php\/tuik-agustos-ayi-kira-artis-orani-yuzde-3190-olarak-belirlendi#primaryimage\"},\"thumbnailUrl\":\"https:\/\/epochtimestr.com\/wp-content\/uploads\/2011y\/pixabay-29.jpg\",\"keywords\":[\"a\u011fustos\",\"kira\",\"T\u00dcFE\",\"tuik\"],\"articleSection\":[\"Ekonomi\",\"G\u00dcNDEM\",\"MAN\u015eET\"],\"inLanguage\":\"tr\",\"potentialAction\":[{\"@type\":\"CommentAction\",\"name\":\"Comment\",\"target\":[\"https:\/\/epochtimestr.com\/index.php\/tuik-agustos-ayi-kira-artis-orani-yuzde-3190-olarak-belirlendi#respond\"]}]},{\"@type\":\"WebPage\",\"@id\":\"https:\/\/epochtimestr.com\/index.php\/tuik-agustos-ayi-kira-artis-orani-yuzde-3190-olarak-belirlendi\",\"url\":\"https:\/\/epochtimestr.com\/index.php\/tuik-agustos-ayi-kira-artis-orani-yuzde-3190-olarak-belirlendi\",\"name\":\"T\u00dc\u0130K: A\u011fustos Ay\u0131 Kira Art\u0131\u015f Oran\u0131 Y\u00fczde 31,90 Olarak Belirlendi - The Epoch Times TR\",\"isPartOf\":{\"@id\":\"https:\/\/epochtimestr.com\/#website\"},\"primaryImageOfPage\":{\"@id\":\"https:\/\/epochtimestr.com\/index.php\/tuik-agustos-ayi-kira-artis-orani-yuzde-3190-olarak-belirlendi#primaryimage\"},\"image\":{\"@id\":\"https:\/\/epochtimestr.com\/index.php\/tuik-agustos-ayi-kira-artis-orani-yuzde-3190-olarak-belirlendi#primaryimage\"},\"thumbnailUrl\":\"https:\/\/epochtimestr.com\/wp-content\/uploads\/2011y\/pixabay-29.jpg\",\"datePublished\":\"2026-08-03T13:13:31+00:00\",\"dateModified\":\"2026-08-03T13:14:17+00:00\",\"description\":\"T\u00fcrkiye \u0130statistik Kurumu'nun (T\u00dc\u0130K) a\u00e7\u0131klad\u0131\u011f\u0131 verilere g\u00f6re, A\u011fustos 2026'da uygulanacak kira art\u0131\u015f oran\u0131 y\u00fczde 31,90 olarak belirlendi.\",\"inLanguage\":\"tr\",\"potentialAction\":[{\"@type\":\"ReadAction\",\"target\":[\"https:\/\/epochtimestr.com\/index.php\/tuik-agustos-ayi-kira-artis-orani-yuzde-3190-olarak-belirlendi\"]}]},{\"@type\":\"ImageObject\",\"inLanguage\":\"tr\",\"@id\":\"https:\/\/epochtimestr.com\/index.php\/tuik-agustos-ayi-kira-artis-orani-yuzde-3190-olarak-belirlendi#primaryimage\",\"url\":\"https:\/\/epochtimestr.com\/wp-content\/uploads\/2011y\/pixabay-29.jpg\",\"contentUrl\":\"https:\/\/epochtimestr.com\/wp-content\/uploads\/2011y\/pixabay-29.jpg\",\"width\":1280,\"height\":720},{\"@type\":\"WebSite\",\"@id\":\"https:\/\/epochtimestr.com\/#website\",\"url\":\"https:\/\/epochtimestr.com\/\",\"name\":\"The Epoch Times TR\",\"description\":\"De\u011fi\u015fen D\u00fcnyam\u0131za Taze Bir Bak\u0131\u015f\",\"publisher\":{\"@id\":\"https:\/\/epochtimestr.com\/#organization\"},\"potentialAction\":[{\"@type\":\"SearchAction\",\"target\":{\"@type\":\"EntryPoint\",\"urlTemplate\":\"https:\/\/epochtimestr.com\/?s={search_term_string}\"},\"query-input\":\"required name=search_term_string\"}],\"inLanguage\":\"tr\"},{\"@type\":\"Organization\",\"@id\":\"https:\/\/epochtimestr.com\/#organization\",\"name\":\"The EpochTimes T\u00fcrkiye\",\"url\":\"https:\/\/epochtimestr.com\/\",\"logo\":{\"@type\":\"ImageObject\",\"inLanguage\":\"tr\",\"@id\":\"https:\/\/epochtimestr.com\/#\/schema\/logo\/image\/\",\"url\":\"https:\/\/epochtimestr.com\/wp-content\/uploads\/2011y\/ET-Logo-YG.jpg\",\"contentUrl\":\"https:\/\/epochtimestr.com\/wp-content\/uploads\/2011y\/ET-Logo-YG.jpg\",\"width\":346,\"height\":29,\"caption\":\"The EpochTimes T\u00fcrkiye\"},\"image\":{\"@id\":\"https:\/\/epochtimestr.com\/#\/schema\/logo\/image\/\"},\"sameAs\":[\"https:\/\/www.facebook.com\/theepochtimestr\",\"https:\/\/x.com\/TheEpochTimesTR\",\"https:\/\/www.instagram.com\/epochtimestr\"]},{\"@type\":\"Person\",\"@id\":\"https:\/\/epochtimestr.com\/#\/schema\/person\/3dc5c3adeb9f43923c5aa85889172fdd\",\"name\":\"Haber Merkezi\",\"image\":{\"@type\":\"ImageObject\",\"inLanguage\":\"tr\",\"@id\":\"https:\/\/epochtimestr.com\/#\/schema\/person\/image\/\",\"url\":\"https:\/\/secure.gravatar.com\/avatar\/d73f772ba5a74f28601361e17c2f93e6?s=96&d=mm&r=g\",\"contentUrl\":\"https:\/\/secure.gravatar.com\/avatar\/d73f772ba5a74f28601361e17c2f93e6?s=96&d=mm&r=g\",\"caption\":\"Haber Merkezi\"},\"url\":\"https:\/\/epochtimestr.com\/index.php\/author\/sendag\"}]}<\/script>\n<!-- \/ Yoast SEO plugin. -->","yoast_head_json":{"title":"T\u00dc\u0130K: A\u011fustos Ay\u0131 Kira Art\u0131\u015f Oran\u0131 Y\u00fczde 31,90 Olarak Belirlendi - The Epoch Times TR","description":"T\u00fcrkiye \u0130statistik Kurumu'nun (T\u00dc\u0130K) a\u00e7\u0131klad\u0131\u011f\u0131 verilere g\u00f6re, A\u011fustos 2026'da uygulanacak kira art\u0131\u015f oran\u0131 y\u00fczde 31,90 olarak belirlendi.","robots":{"index":"index","follow":"follow","max-snippet":"max-snippet:-1","max-image-preview":"max-image-preview:large","max-video-preview":"max-video-preview:-1"},"canonical":"https:\/\/epochtimestr.com\/index.php\/tuik-agustos-ayi-kira-artis-orani-yuzde-3190-olarak-belirlendi","og_locale":"tr_TR","og_type":"article","og_title":"T\u00dc\u0130K: A\u011fustos Ay\u0131 Kira Art\u0131\u015f Oran\u0131 Y\u00fczde 31,90 Olarak Belirlendi - The Epoch Times TR","og_description":"T\u00fcrkiye \u0130statistik Kurumu'nun (T\u00dc\u0130K) a\u00e7\u0131klad\u0131\u011f\u0131 verilere g\u00f6re, A\u011fustos 2026'da uygulanacak kira art\u0131\u015f oran\u0131 y\u00fczde 31,90 olarak belirlendi.","og_url":"https:\/\/epochtimestr.com\/index.php\/tuik-agustos-ayi-kira-artis-orani-yuzde-3190-olarak-belirlendi","og_site_name":"The Epoch Times TR","article_publisher":"https:\/\/www.facebook.com\/theepochtimestr","article_published_time":"2026-08-03T13:13:31+00:00","article_modified_time":"2026-08-03T13:14:17+00:00","og_image":[{"width":1280,"height":720,"url":"https:\/\/epochtimestr.com\/wp-content\/uploads\/2011y\/pixabay-29.jpg","type":"image\/jpeg"}],"author":"Haber Merkezi","twitter_card":"summary_large_image","twitter_creator":"@TheEpochTimesTR","twitter_site":"@TheEpochTimesTR","twitter_misc":{"Yazan:":"Haber Merkezi","Tahmini okuma s\u00fcresi":"2 dakika"},"schema":{"@context":"https:\/\/schema.org","@graph":[{"@type":"Article","@id":"https:\/\/epochtimestr.com\/index.php\/tuik-agustos-ayi-kira-artis-orani-yuzde-3190-olarak-belirlendi#article","isPartOf":{"@id":"https:\/\/epochtimestr.com\/index.php\/tuik-agustos-ayi-kira-artis-orani-yuzde-3190-olarak-belirlendi"},"author":{"name":"Haber Merkezi","@id":"https:\/\/epochtimestr.com\/#\/schema\/person\/3dc5c3adeb9f43923c5aa85889172fdd"},"headline":"T\u00dc\u0130K: A\u011fustos Ay\u0131 Kira Art\u0131\u015f Oran\u0131 Y\u00fczde 31,90 Olarak Belirlendi","datePublished":"2026-08-03T13:13:31+00:00","dateModified":"2026-08-03T13:14:17+00:00","mainEntityOfPage":{"@id":"https:\/\/epochtimestr.com\/index.php\/tuik-agustos-ayi-kira-artis-orani-yuzde-3190-olarak-belirlendi"},"wordCount":200,"commentCount":0,"publisher":{"@id":"https:\/\/epochtimestr.com\/#organization"},"image":{"@id":"https:\/\/epochtimestr.com\/index.php\/tuik-agustos-ayi-kira-artis-orani-yuzde-3190-olarak-belirlendi#primaryimage"},"thumbnailUrl":"https:\/\/epochtimestr.com\/wp-content\/uploads\/2011y\/pixabay-29.jpg","keywords":["a\u011fustos","kira","T\u00dcFE","tuik"],"articleSection":["Ekonomi","G\u00dcNDEM","MAN\u015eET"],"inLanguage":"tr","potentialAction":[{"@type":"CommentAction","name":"Comment","target":["https:\/\/epochtimestr.com\/index.php\/tuik-agustos-ayi-kira-artis-orani-yuzde-3190-olarak-belirlendi#respond"]}]},{"@type":"WebPage","@id":"https:\/\/epochtimestr.com\/index.php\/tuik-agustos-ayi-kira-artis-orani-yuzde-3190-olarak-belirlendi","url":"https:\/\/epochtimestr.com\/index.php\/tuik-agustos-ayi-kira-artis-orani-yuzde-3190-olarak-belirlendi","name":"T\u00dc\u0130K: A\u011fustos Ay\u0131 Kira Art\u0131\u015f Oran\u0131 Y\u00fczde 31,90 Olarak Belirlendi - The Epoch Times TR","isPartOf":{"@id":"https:\/\/epochtimestr.com\/#website"},"primaryImageOfPage":{"@id":"https:\/\/epochtimestr.com\/index.php\/tuik-agustos-ayi-kira-artis-orani-yuzde-3190-olarak-belirlendi#primaryimage"},"image":{"@id":"https:\/\/epochtimestr.com\/index.php\/tuik-agustos-ayi-kira-artis-orani-yuzde-3190-olarak-belirlendi#primaryimage"},"thumbnailUrl":"https:\/\/epochtimestr.com\/wp-content\/uploads\/2011y\/pixabay-29.jpg","datePublished":"2026-08-03T13:13:31+00:00","dateModified":"2026-08-03T13:14:17+00:00","description":"T\u00fcrkiye \u0130statistik Kurumu'nun (T\u00dc\u0130K) a\u00e7\u0131klad\u0131\u011f\u0131 verilere g\u00f6re, A\u011fustos 2026'da uygulanacak kira art\u0131\u015f oran\u0131 y\u00fczde 31,90 olarak belirlendi.","inLanguage":"tr","potentialAction":[{"@type":"ReadAction","target":["https:\/\/epochtimestr.com\/index.php\/tuik-agustos-ayi-kira-artis-orani-yuzde-3190-olarak-belirlendi"]}]},{"@type":"ImageObject","inLanguage":"tr","@id":"https:\/\/epochtimestr.com\/index.php\/tuik-agustos-ayi-kira-artis-orani-yuzde-3190-olarak-belirlendi#primaryimage","url":"https:\/\/epochtimestr.com\/wp-content\/uploads\/2011y\/pixabay-29.jpg","contentUrl":"https:\/\/epochtimestr.com\/wp-content\/uploads\/2011y\/pixabay-29.jpg","width":1280,"height":720},{"@type":"WebSite","@id":"https:\/\/epochtimestr.com\/#website","url":"https:\/\/epochtimestr.com\/","name":"The Epoch Times TR","description":"De\u011fi\u015fen D\u00fcnyam\u0131za Taze Bir Bak\u0131\u015f","publisher":{"@id":"https:\/\/epochtimestr.com\/#organization"},"potentialAction":[{"@type":"SearchAction","target":{"@type":"EntryPoint","urlTemplate":"https:\/\/epochtimestr.com\/?s={search_term_string}"},"query-input":"required name=search_term_string"}],"inLanguage":"tr"},{"@type":"Organization","@id":"https:\/\/epochtimestr.com\/#organization","name":"The EpochTimes T\u00fcrkiye","url":"https:\/\/epochtimestr.com\/","logo":{"@type":"ImageObject","inLanguage":"tr","@id":"https:\/\/epochtimestr.com\/#\/schema\/logo\/image\/","url":"https:\/\/epochtimestr.com\/wp-content\/uploads\/2011y\/ET-Logo-YG.jpg","contentUrl":"https:\/\/epochtimestr.com\/wp-content\/uploads\/2011y\/ET-Logo-YG.jpg","width":346,"height":29,"caption":"The EpochTimes T\u00fcrkiye"},"image":{"@id":"https:\/\/epochtimestr.com\/#\/schema\/logo\/image\/"},"sameAs":["https:\/\/www.facebook.com\/theepochtimestr","https:\/\/x.com\/TheEpochTimesTR","https:\/\/www.instagram.com\/epochtimestr"]},{"@type":"Person","@id":"https:\/\/epochtimestr.com\/#\/schema\/person\/3dc5c3adeb9f43923c5aa85889172fdd","name":"Haber Merkezi","image":{"@type":"ImageObject","inLanguage":"tr","@id":"https:\/\/epochtimestr.com\/#\/schema\/person\/image\/","url":"https:\/\/secure.gravatar.com\/avatar\/d73f772ba5a74f28601361e17c2f93e6?s=96&d=mm&r=g","contentUrl":"https:\/\/secure.gravatar.com\/avatar\/d73f772ba5a74f28601361e17c2f93e6?s=96&d=mm&r=g","caption":"Haber Merkezi"},"url":"https:\/\/epochtimestr.com\/index.php\/author\/sendag"}]}},"_links":{"self":[{"href":"https:\/\/epochtimestr.com\/index.php\/wp-json\/wp\/v2\/posts\/169727"}],"collection":[{"href":"https:\/\/epochtimestr.com\/index.php\/wp-json\/wp\/v2\/posts"}],"about":[{"href":"https:\/\/epochtimestr.com\/index.php\/wp-json\/wp\/v2\/types\/post"}],"author":[{"embeddable":true,"href":"https:\/\/epochtimestr.com\/index.php\/wp-json\/wp\/v2\/users\/12791"}],"replies":[{"embeddable":true,"href":"https:\/\/epochtimestr.com\/index.php\/wp-json\/wp\/v2\/comments?post=169727"}],"version-history":[{"count":4,"href":"https:\/\/epochtimestr.com\/index.php\/wp-json\/wp\/v2\/posts\/169727\/revisions"}],"predecessor-version":[{"id":169744,"href":"https:\/\/epochtimestr.com\/index.php\/wp-json\/wp\/v2\/posts\/169727\/revisions\/169744"}],"wp:featuredmedia":[{"embeddable":true,"href":"https:\/\/epochtimestr.com\/index.php\/wp-json\/wp\/v2\/media\/169728"}],"wp:attachment":[{"href":"https:\/\/epochtimestr.com\/index.php\/wp-json\/wp\/v2\/media?parent=169727"}],"wp:term":[{"taxonomy":"category","embeddable":true,"href":"https:\/\/epochtimestr.com\/index.php\/wp-json\/wp\/v2\/categories?post=169727"},{"taxonomy":"post_tag","embeddable":true,"href":"https:\/\/epochtimestr.com\/index.php\/wp-json\/wp\/v2\/tags?post=169727"}],"curies":[{"name":"wp","href":"https:\/\/api.w.org\/{rel}","templated":true}]}}