{"id":169758,"date":"2026-08-03T22:11:11","date_gmt":"2026-08-03T19:11:11","guid":{"rendered":"https:\/\/epochtimestr.com\/?p=169758"},"modified":"2026-08-03T22:11:12","modified_gmt":"2026-08-03T19:11:12","slug":"enag-verilerine-gore-temmuzda-yillik-enflasyon-yuzde-5049","status":"publish","type":"post","link":"https:\/\/epochtimestr.com\/index.php\/enag-verilerine-gore-temmuzda-yillik-enflasyon-yuzde-5049","title":{"rendered":"ENAG Verilerine G\u00f6re Temmuzda Y\u0131ll\u0131k Enflasyon Y\u00fczde 50,49"},"content":{"rendered":"<div class=\"wp-block-image\">\n<figure class=\"aligncenter size-large\"><img loading=\"lazy\" decoding=\"async\" width=\"1137\" height=\"1200\" src=\"https:\/\/epochtimestr.com\/wp-content\/uploads\/2011y\/pixabay-3-1137x1200.webp\" alt=\"Temmuzda y\u0131ll\u0131k enflasyon T\u00dc\u0130K verilerine g\u00f6re y\u00fczde 31,75; ENAG verilerine g\u00f6re y\u00fczde 50,49 olarak a\u00e7\u0131kland\u0131. (Foto\u011fraf: Franz26, Pixabay)\" class=\"wp-image-169759\" srcset=\"https:\/\/epochtimestr.com\/wp-content\/uploads\/2011y\/pixabay-3-1137x1200.webp 1137w, https:\/\/epochtimestr.com\/wp-content\/uploads\/2011y\/pixabay-3-284x300.webp 284w, https:\/\/epochtimestr.com\/wp-content\/uploads\/2011y\/pixabay-3-142x150.webp 142w, https:\/\/epochtimestr.com\/wp-content\/uploads\/2011y\/pixabay-3-768x810.webp 768w, https:\/\/epochtimestr.com\/wp-content\/uploads\/2011y\/pixabay-3.webp 1213w\" sizes=\"(max-width: 1137px) 100vw, 1137px\" \/><figcaption class=\"wp-element-caption\">Temmuzda y\u0131ll\u0131k enflasyon T\u00dc\u0130K verilerine g\u00f6re y\u00fczde 31,75; ENAG verilerine g\u00f6re y\u00fczde 50,49 olarak a\u00e7\u0131kland\u0131. (Foto\u011fraf: Franz26, Pixabay)<\/figcaption><\/figure><\/div>\n\n\n<h2 class=\"wp-block-heading\">ENAG verilerine g\u00f6re temmuz ay\u0131nda enflasyon y\u00fczde 3,07 y\u0131ll\u0131k enflasyon ise y\u00fczde 50,49 oldu.<\/h2>\n\n\n\n<p>Enflasyon Ara\u015ft\u0131rma Grubu (ENAG), 2026 <a href=\"https:\/\/epochtimestr.com\/index.php\/tuik-temmuz-ayi-enflasyon-verilerini-acikladi\" target=\"_blank\" rel=\"noreferrer noopener\">Temmuz<\/a> ay\u0131na ili\u015fkin E-T\u00dcFE verilerini a\u00e7\u0131klad\u0131. Buna g\u00f6re ENAGrup T\u00fcketici Fiyat Endeksi (E-T\u00dcFE), temmuz ay\u0131nda bir \u00f6nceki aya g\u00f6re y\u00fczde 3,07 oran\u0131nda artt\u0131. Y\u0131ll\u0131k enflasyon art\u0131\u015f oran\u0131 ise y\u00fczde 50,49 olarak hesapland\u0131.<\/p>\n\n\n\n<p>ENAG&#8217;a g\u00f6re haziran ay\u0131nda <a href=\"https:\/\/epochtimestr.com\/index.php\/tuik-temmuz-ayi-enflasyon-verilerini-acikladi\" target=\"_blank\" rel=\"noreferrer noopener\">enflasyon<\/a> y\u00fczde 1,94 artm\u0131\u015f; son 12 ayl\u0131k art\u0131\u015f ise y\u00fczde 51,49 olarak hesaplanm\u0131\u015ft\u0131.<\/p>\n\n\n\n<figure class=\"wp-block-embed is-type-rich is-provider-x wp-block-embed-x\"><div class=\"wp-block-embed__wrapper\">\n<blockquote class=\"twitter-tweet\" data-width=\"550\" data-dnt=\"true\"><p lang=\"tr\" dir=\"ltr\">Enflasyon Ara\u015ft\u0131rma Grubu (ENAG) taraf\u0131ndan hesaplanan Enflasyon Ara\u015ft\u0131rma Grubu T\u00fcketici Fiyat Endeksi (E-T\u00dcFE), Temmuz 2026 d\u00f6neminde %3,07 oran\u0131nda artm\u0131\u015ft\u0131r.  <br><br>E-T\u00dcFE&#39;nin son 12 ayl\u0131k art\u0131\u015f oran\u0131 ise %50,49 olarak ger\u00e7ekle\u015fmi\u015ftir.<a href=\"https:\/\/x.com\/ENAGRUP?ref_src=twsrc%5Etfw\">@ENAGRUP<\/a><\/p>&mdash; ENAG (@ENAGRUP) <a href=\"https:\/\/x.com\/ENAGRUP\/status\/2084161089407791467?ref_src=twsrc%5Etfw\">August 3, 2026<\/a><\/blockquote><script async src=\"https:\/\/platform.x.com\/widgets.js\" charset=\"utf-8\"><\/script>\n<\/div><\/figure>\n","protected":false},"excerpt":{"rendered":"<p>ENAG verilerine g\u00f6re temmuz ay\u0131nda enflasyon y\u00fczde 3,07 y\u0131ll\u0131k enflasyon ise y\u00fczde 50,49 oldu. Enflasyon Ara\u015ft\u0131rma Grubu (ENAG), 2026 Temmuz ay\u0131na ili\u015fkin E-T\u00dcFE verilerini a\u00e7\u0131klad\u0131. Buna g\u00f6re ENAGrup T\u00fcketici Fiyat Endeksi (E-T\u00dcFE), temmuz ay\u0131nda bir \u00f6nceki aya g\u00f6re y\u00fczde 3,07 oran\u0131nda artt\u0131. Y\u0131ll\u0131k enflasyon art\u0131\u015f oran\u0131 ise y\u00fczde 50,49 olarak hesapland\u0131. ENAG&#8217;a g\u00f6re haziran ay\u0131nda [&hellip;]<\/p>\n","protected":false},"author":12791,"featured_media":169759,"comment_status":"open","ping_status":"open","sticky":false,"template":"","format":"standard","meta":{"_yoast_wpseo_focuskw":"ENAG - enflasyon","_yoast_wpseo_title":"","_yoast_wpseo_metadesc":"Enflasyon Ara\u015ft\u0131rma Grubu'nun (ENAG) verilerine g\u00f6re temmuz ay\u0131nda enflasyon y\u00fczde 3,07 y\u0131ll\u0131k ise y\u00fczde 50,49 hesapland\u0131.","_bbp_topic_count":0,"_bbp_reply_count":0,"_bbp_total_topic_count":0,"_bbp_total_reply_count":0,"_bbp_voice_count":0,"_bbp_anonymous_reply_count":0,"_bbp_topic_count_hidden":0,"_bbp_reply_count_hidden":0,"_bbp_forum_subforum_count":0,"footnotes":"","_yoast_wpseo_focuskw_text_input":""},"categories":[8225,1,8138],"tags":[12039,1616,12035],"yoast_head":"<!-- This site is optimized with the Yoast SEO plugin v23.0 - https:\/\/yoast.com\/wordpress\/plugins\/seo\/ -->\n<title>ENAG Verilerine G\u00f6re Temmuzda Y\u0131ll\u0131k Enflasyon Y\u00fczde 50,49 - The Epoch Times TR<\/title>\n<meta name=\"description\" content=\"Enflasyon Ara\u015ft\u0131rma Grubu&#039;nun (ENAG) verilerine g\u00f6re temmuz ay\u0131nda enflasyon y\u00fczde 3,07 y\u0131ll\u0131k ise y\u00fczde 50,49 hesapland\u0131.\" \/>\n<meta name=\"robots\" content=\"index, follow, max-snippet:-1, max-image-preview:large, max-video-preview:-1\" \/>\n<link rel=\"canonical\" href=\"https:\/\/epochtimestr.com\/index.php\/enag-verilerine-gore-temmuzda-yillik-enflasyon-yuzde-5049\" \/>\n<meta property=\"og:locale\" content=\"tr_TR\" \/>\n<meta property=\"og:type\" content=\"article\" \/>\n<meta property=\"og:title\" content=\"ENAG Verilerine G\u00f6re Temmuzda Y\u0131ll\u0131k Enflasyon Y\u00fczde 50,49 - The Epoch Times TR\" \/>\n<meta property=\"og:description\" content=\"Enflasyon Ara\u015ft\u0131rma Grubu&#039;nun (ENAG) verilerine g\u00f6re temmuz ay\u0131nda enflasyon y\u00fczde 3,07 y\u0131ll\u0131k ise y\u00fczde 50,49 hesapland\u0131.\" \/>\n<meta property=\"og:url\" content=\"https:\/\/epochtimestr.com\/index.php\/enag-verilerine-gore-temmuzda-yillik-enflasyon-yuzde-5049\" \/>\n<meta property=\"og:site_name\" content=\"The Epoch Times TR\" \/>\n<meta property=\"article:publisher\" content=\"https:\/\/www.facebook.com\/theepochtimestr\" \/>\n<meta property=\"article:published_time\" content=\"2026-08-03T19:11:11+00:00\" \/>\n<meta property=\"article:modified_time\" content=\"2026-08-03T19:11:12+00:00\" \/>\n<meta property=\"og:image\" content=\"https:\/\/epochtimestr.com\/wp-content\/uploads\/2011y\/pixabay-3.webp\" \/>\n\t<meta property=\"og:image:width\" content=\"1213\" \/>\n\t<meta property=\"og:image:height\" content=\"1280\" \/>\n\t<meta property=\"og:image:type\" content=\"image\/webp\" \/>\n<meta name=\"author\" content=\"Haber Merkezi\" \/>\n<meta name=\"twitter:card\" content=\"summary_large_image\" \/>\n<meta name=\"twitter:creator\" content=\"@TheEpochTimesTR\" \/>\n<meta name=\"twitter:site\" content=\"@TheEpochTimesTR\" \/>\n<meta name=\"twitter:label1\" content=\"Yazan:\" \/>\n\t<meta name=\"twitter:data1\" content=\"Haber Merkezi\" \/>\n\t<meta name=\"twitter:label2\" content=\"Tahmini okuma s\u00fcresi\" \/>\n\t<meta name=\"twitter:data2\" content=\"1 dakika\" \/>\n<script type=\"application\/ld+json\" class=\"yoast-schema-graph\">{\"@context\":\"https:\/\/schema.org\",\"@graph\":[{\"@type\":\"Article\",\"@id\":\"https:\/\/epochtimestr.com\/index.php\/enag-verilerine-gore-temmuzda-yillik-enflasyon-yuzde-5049#article\",\"isPartOf\":{\"@id\":\"https:\/\/epochtimestr.com\/index.php\/enag-verilerine-gore-temmuzda-yillik-enflasyon-yuzde-5049\"},\"author\":{\"name\":\"Haber Merkezi\",\"@id\":\"https:\/\/epochtimestr.com\/#\/schema\/person\/3dc5c3adeb9f43923c5aa85889172fdd\"},\"headline\":\"ENAG Verilerine G\u00f6re Temmuzda Y\u0131ll\u0131k Enflasyon Y\u00fczde 50,49\",\"datePublished\":\"2026-08-03T19:11:11+00:00\",\"dateModified\":\"2026-08-03T19:11:12+00:00\",\"mainEntityOfPage\":{\"@id\":\"https:\/\/epochtimestr.com\/index.php\/enag-verilerine-gore-temmuzda-yillik-enflasyon-yuzde-5049\"},\"wordCount\":129,\"commentCount\":0,\"publisher\":{\"@id\":\"https:\/\/epochtimestr.com\/#organization\"},\"image\":{\"@id\":\"https:\/\/epochtimestr.com\/index.php\/enag-verilerine-gore-temmuzda-yillik-enflasyon-yuzde-5049#primaryimage\"},\"thumbnailUrl\":\"https:\/\/epochtimestr.com\/wp-content\/uploads\/2011y\/pixabay-3.webp\",\"keywords\":[\"ENAG\",\"enflasyon\",\"Temmuz\"],\"articleSection\":[\"Ekonomi\",\"G\u00dcNDEM\",\"MAN\u015eET\"],\"inLanguage\":\"tr\",\"potentialAction\":[{\"@type\":\"CommentAction\",\"name\":\"Comment\",\"target\":[\"https:\/\/epochtimestr.com\/index.php\/enag-verilerine-gore-temmuzda-yillik-enflasyon-yuzde-5049#respond\"]}]},{\"@type\":\"WebPage\",\"@id\":\"https:\/\/epochtimestr.com\/index.php\/enag-verilerine-gore-temmuzda-yillik-enflasyon-yuzde-5049\",\"url\":\"https:\/\/epochtimestr.com\/index.php\/enag-verilerine-gore-temmuzda-yillik-enflasyon-yuzde-5049\",\"name\":\"ENAG Verilerine G\u00f6re Temmuzda Y\u0131ll\u0131k Enflasyon Y\u00fczde 50,49 - The Epoch Times TR\",\"isPartOf\":{\"@id\":\"https:\/\/epochtimestr.com\/#website\"},\"primaryImageOfPage\":{\"@id\":\"https:\/\/epochtimestr.com\/index.php\/enag-verilerine-gore-temmuzda-yillik-enflasyon-yuzde-5049#primaryimage\"},\"image\":{\"@id\":\"https:\/\/epochtimestr.com\/index.php\/enag-verilerine-gore-temmuzda-yillik-enflasyon-yuzde-5049#primaryimage\"},\"thumbnailUrl\":\"https:\/\/epochtimestr.com\/wp-content\/uploads\/2011y\/pixabay-3.webp\",\"datePublished\":\"2026-08-03T19:11:11+00:00\",\"dateModified\":\"2026-08-03T19:11:12+00:00\",\"description\":\"Enflasyon Ara\u015ft\u0131rma Grubu'nun (ENAG) verilerine g\u00f6re temmuz ay\u0131nda enflasyon y\u00fczde 3,07 y\u0131ll\u0131k ise y\u00fczde 50,49 hesapland\u0131.\",\"inLanguage\":\"tr\",\"potentialAction\":[{\"@type\":\"ReadAction\",\"target\":[\"https:\/\/epochtimestr.com\/index.php\/enag-verilerine-gore-temmuzda-yillik-enflasyon-yuzde-5049\"]}]},{\"@type\":\"ImageObject\",\"inLanguage\":\"tr\",\"@id\":\"https:\/\/epochtimestr.com\/index.php\/enag-verilerine-gore-temmuzda-yillik-enflasyon-yuzde-5049#primaryimage\",\"url\":\"https:\/\/epochtimestr.com\/wp-content\/uploads\/2011y\/pixabay-3.webp\",\"contentUrl\":\"https:\/\/epochtimestr.com\/wp-content\/uploads\/2011y\/pixabay-3.webp\",\"width\":1213,\"height\":1280},{\"@type\":\"WebSite\",\"@id\":\"https:\/\/epochtimestr.com\/#website\",\"url\":\"https:\/\/epochtimestr.com\/\",\"name\":\"The Epoch Times TR\",\"description\":\"De\u011fi\u015fen D\u00fcnyam\u0131za Taze Bir Bak\u0131\u015f\",\"publisher\":{\"@id\":\"https:\/\/epochtimestr.com\/#organization\"},\"potentialAction\":[{\"@type\":\"SearchAction\",\"target\":{\"@type\":\"EntryPoint\",\"urlTemplate\":\"https:\/\/epochtimestr.com\/?s={search_term_string}\"},\"query-input\":\"required name=search_term_string\"}],\"inLanguage\":\"tr\"},{\"@type\":\"Organization\",\"@id\":\"https:\/\/epochtimestr.com\/#organization\",\"name\":\"The EpochTimes T\u00fcrkiye\",\"url\":\"https:\/\/epochtimestr.com\/\",\"logo\":{\"@type\":\"ImageObject\",\"inLanguage\":\"tr\",\"@id\":\"https:\/\/epochtimestr.com\/#\/schema\/logo\/image\/\",\"url\":\"https:\/\/epochtimestr.com\/wp-content\/uploads\/2011y\/ET-Logo-YG.jpg\",\"contentUrl\":\"https:\/\/epochtimestr.com\/wp-content\/uploads\/2011y\/ET-Logo-YG.jpg\",\"width\":346,\"height\":29,\"caption\":\"The EpochTimes T\u00fcrkiye\"},\"image\":{\"@id\":\"https:\/\/epochtimestr.com\/#\/schema\/logo\/image\/\"},\"sameAs\":[\"https:\/\/www.facebook.com\/theepochtimestr\",\"https:\/\/x.com\/TheEpochTimesTR\",\"https:\/\/www.instagram.com\/epochtimestr\"]},{\"@type\":\"Person\",\"@id\":\"https:\/\/epochtimestr.com\/#\/schema\/person\/3dc5c3adeb9f43923c5aa85889172fdd\",\"name\":\"Haber Merkezi\",\"image\":{\"@type\":\"ImageObject\",\"inLanguage\":\"tr\",\"@id\":\"https:\/\/epochtimestr.com\/#\/schema\/person\/image\/\",\"url\":\"https:\/\/secure.gravatar.com\/avatar\/d73f772ba5a74f28601361e17c2f93e6?s=96&d=mm&r=g\",\"contentUrl\":\"https:\/\/secure.gravatar.com\/avatar\/d73f772ba5a74f28601361e17c2f93e6?s=96&d=mm&r=g\",\"caption\":\"Haber Merkezi\"},\"url\":\"https:\/\/epochtimestr.com\/index.php\/author\/sendag\"}]}<\/script>\n<!-- \/ Yoast SEO plugin. -->","yoast_head_json":{"title":"ENAG Verilerine G\u00f6re Temmuzda Y\u0131ll\u0131k Enflasyon Y\u00fczde 50,49 - The Epoch Times TR","description":"Enflasyon Ara\u015ft\u0131rma Grubu'nun (ENAG) verilerine g\u00f6re temmuz ay\u0131nda enflasyon y\u00fczde 3,07 y\u0131ll\u0131k ise y\u00fczde 50,49 hesapland\u0131.","robots":{"index":"index","follow":"follow","max-snippet":"max-snippet:-1","max-image-preview":"max-image-preview:large","max-video-preview":"max-video-preview:-1"},"canonical":"https:\/\/epochtimestr.com\/index.php\/enag-verilerine-gore-temmuzda-yillik-enflasyon-yuzde-5049","og_locale":"tr_TR","og_type":"article","og_title":"ENAG Verilerine G\u00f6re Temmuzda Y\u0131ll\u0131k Enflasyon Y\u00fczde 50,49 - The Epoch Times TR","og_description":"Enflasyon Ara\u015ft\u0131rma Grubu'nun (ENAG) verilerine g\u00f6re temmuz ay\u0131nda enflasyon y\u00fczde 3,07 y\u0131ll\u0131k ise y\u00fczde 50,49 hesapland\u0131.","og_url":"https:\/\/epochtimestr.com\/index.php\/enag-verilerine-gore-temmuzda-yillik-enflasyon-yuzde-5049","og_site_name":"The Epoch Times TR","article_publisher":"https:\/\/www.facebook.com\/theepochtimestr","article_published_time":"2026-08-03T19:11:11+00:00","article_modified_time":"2026-08-03T19:11:12+00:00","og_image":[{"width":1213,"height":1280,"url":"https:\/\/epochtimestr.com\/wp-content\/uploads\/2011y\/pixabay-3.webp","type":"image\/webp"}],"author":"Haber Merkezi","twitter_card":"summary_large_image","twitter_creator":"@TheEpochTimesTR","twitter_site":"@TheEpochTimesTR","twitter_misc":{"Yazan:":"Haber Merkezi","Tahmini okuma s\u00fcresi":"1 dakika"},"schema":{"@context":"https:\/\/schema.org","@graph":[{"@type":"Article","@id":"https:\/\/epochtimestr.com\/index.php\/enag-verilerine-gore-temmuzda-yillik-enflasyon-yuzde-5049#article","isPartOf":{"@id":"https:\/\/epochtimestr.com\/index.php\/enag-verilerine-gore-temmuzda-yillik-enflasyon-yuzde-5049"},"author":{"name":"Haber Merkezi","@id":"https:\/\/epochtimestr.com\/#\/schema\/person\/3dc5c3adeb9f43923c5aa85889172fdd"},"headline":"ENAG Verilerine G\u00f6re Temmuzda Y\u0131ll\u0131k Enflasyon Y\u00fczde 50,49","datePublished":"2026-08-03T19:11:11+00:00","dateModified":"2026-08-03T19:11:12+00:00","mainEntityOfPage":{"@id":"https:\/\/epochtimestr.com\/index.php\/enag-verilerine-gore-temmuzda-yillik-enflasyon-yuzde-5049"},"wordCount":129,"commentCount":0,"publisher":{"@id":"https:\/\/epochtimestr.com\/#organization"},"image":{"@id":"https:\/\/epochtimestr.com\/index.php\/enag-verilerine-gore-temmuzda-yillik-enflasyon-yuzde-5049#primaryimage"},"thumbnailUrl":"https:\/\/epochtimestr.com\/wp-content\/uploads\/2011y\/pixabay-3.webp","keywords":["ENAG","enflasyon","Temmuz"],"articleSection":["Ekonomi","G\u00dcNDEM","MAN\u015eET"],"inLanguage":"tr","potentialAction":[{"@type":"CommentAction","name":"Comment","target":["https:\/\/epochtimestr.com\/index.php\/enag-verilerine-gore-temmuzda-yillik-enflasyon-yuzde-5049#respond"]}]},{"@type":"WebPage","@id":"https:\/\/epochtimestr.com\/index.php\/enag-verilerine-gore-temmuzda-yillik-enflasyon-yuzde-5049","url":"https:\/\/epochtimestr.com\/index.php\/enag-verilerine-gore-temmuzda-yillik-enflasyon-yuzde-5049","name":"ENAG Verilerine G\u00f6re Temmuzda Y\u0131ll\u0131k Enflasyon Y\u00fczde 50,49 - The Epoch Times TR","isPartOf":{"@id":"https:\/\/epochtimestr.com\/#website"},"primaryImageOfPage":{"@id":"https:\/\/epochtimestr.com\/index.php\/enag-verilerine-gore-temmuzda-yillik-enflasyon-yuzde-5049#primaryimage"},"image":{"@id":"https:\/\/epochtimestr.com\/index.php\/enag-verilerine-gore-temmuzda-yillik-enflasyon-yuzde-5049#primaryimage"},"thumbnailUrl":"https:\/\/epochtimestr.com\/wp-content\/uploads\/2011y\/pixabay-3.webp","datePublished":"2026-08-03T19:11:11+00:00","dateModified":"2026-08-03T19:11:12+00:00","description":"Enflasyon Ara\u015ft\u0131rma Grubu'nun (ENAG) verilerine g\u00f6re temmuz ay\u0131nda enflasyon y\u00fczde 3,07 y\u0131ll\u0131k ise y\u00fczde 50,49 hesapland\u0131.","inLanguage":"tr","potentialAction":[{"@type":"ReadAction","target":["https:\/\/epochtimestr.com\/index.php\/enag-verilerine-gore-temmuzda-yillik-enflasyon-yuzde-5049"]}]},{"@type":"ImageObject","inLanguage":"tr","@id":"https:\/\/epochtimestr.com\/index.php\/enag-verilerine-gore-temmuzda-yillik-enflasyon-yuzde-5049#primaryimage","url":"https:\/\/epochtimestr.com\/wp-content\/uploads\/2011y\/pixabay-3.webp","contentUrl":"https:\/\/epochtimestr.com\/wp-content\/uploads\/2011y\/pixabay-3.webp","width":1213,"height":1280},{"@type":"WebSite","@id":"https:\/\/epochtimestr.com\/#website","url":"https:\/\/epochtimestr.com\/","name":"The Epoch Times TR","description":"De\u011fi\u015fen D\u00fcnyam\u0131za Taze Bir Bak\u0131\u015f","publisher":{"@id":"https:\/\/epochtimestr.com\/#organization"},"potentialAction":[{"@type":"SearchAction","target":{"@type":"EntryPoint","urlTemplate":"https:\/\/epochtimestr.com\/?s={search_term_string}"},"query-input":"required name=search_term_string"}],"inLanguage":"tr"},{"@type":"Organization","@id":"https:\/\/epochtimestr.com\/#organization","name":"The EpochTimes T\u00fcrkiye","url":"https:\/\/epochtimestr.com\/","logo":{"@type":"ImageObject","inLanguage":"tr","@id":"https:\/\/epochtimestr.com\/#\/schema\/logo\/image\/","url":"https:\/\/epochtimestr.com\/wp-content\/uploads\/2011y\/ET-Logo-YG.jpg","contentUrl":"https:\/\/epochtimestr.com\/wp-content\/uploads\/2011y\/ET-Logo-YG.jpg","width":346,"height":29,"caption":"The EpochTimes T\u00fcrkiye"},"image":{"@id":"https:\/\/epochtimestr.com\/#\/schema\/logo\/image\/"},"sameAs":["https:\/\/www.facebook.com\/theepochtimestr","https:\/\/x.com\/TheEpochTimesTR","https:\/\/www.instagram.com\/epochtimestr"]},{"@type":"Person","@id":"https:\/\/epochtimestr.com\/#\/schema\/person\/3dc5c3adeb9f43923c5aa85889172fdd","name":"Haber Merkezi","image":{"@type":"ImageObject","inLanguage":"tr","@id":"https:\/\/epochtimestr.com\/#\/schema\/person\/image\/","url":"https:\/\/secure.gravatar.com\/avatar\/d73f772ba5a74f28601361e17c2f93e6?s=96&d=mm&r=g","contentUrl":"https:\/\/secure.gravatar.com\/avatar\/d73f772ba5a74f28601361e17c2f93e6?s=96&d=mm&r=g","caption":"Haber Merkezi"},"url":"https:\/\/epochtimestr.com\/index.php\/author\/sendag"}]}},"_links":{"self":[{"href":"https:\/\/epochtimestr.com\/index.php\/wp-json\/wp\/v2\/posts\/169758"}],"collection":[{"href":"https:\/\/epochtimestr.com\/index.php\/wp-json\/wp\/v2\/posts"}],"about":[{"href":"https:\/\/epochtimestr.com\/index.php\/wp-json\/wp\/v2\/types\/post"}],"author":[{"embeddable":true,"href":"https:\/\/epochtimestr.com\/index.php\/wp-json\/wp\/v2\/users\/12791"}],"replies":[{"embeddable":true,"href":"https:\/\/epochtimestr.com\/index.php\/wp-json\/wp\/v2\/comments?post=169758"}],"version-history":[{"count":3,"href":"https:\/\/epochtimestr.com\/index.php\/wp-json\/wp\/v2\/posts\/169758\/revisions"}],"predecessor-version":[{"id":169766,"href":"https:\/\/epochtimestr.com\/index.php\/wp-json\/wp\/v2\/posts\/169758\/revisions\/169766"}],"wp:featuredmedia":[{"embeddable":true,"href":"https:\/\/epochtimestr.com\/index.php\/wp-json\/wp\/v2\/media\/169759"}],"wp:attachment":[{"href":"https:\/\/epochtimestr.com\/index.php\/wp-json\/wp\/v2\/media?parent=169758"}],"wp:term":[{"taxonomy":"category","embeddable":true,"href":"https:\/\/epochtimestr.com\/index.php\/wp-json\/wp\/v2\/categories?post=169758"},{"taxonomy":"post_tag","embeddable":true,"href":"https:\/\/epochtimestr.com\/index.php\/wp-json\/wp\/v2\/tags?post=169758"}],"curies":[{"name":"wp","href":"https:\/\/api.w.org\/{rel}","templated":true}]}}