{"id":169791,"date":"2026-08-04T15:26:39","date_gmt":"2026-08-04T12:26:39","guid":{"rendered":"https:\/\/epochtimestr.com\/?p=169791"},"modified":"2026-08-04T15:26:41","modified_gmt":"2026-08-04T12:26:41","slug":"ukrayna-drone-anlasmalarini-genisletiyor","status":"publish","type":"post","link":"https:\/\/epochtimestr.com\/index.php\/ukrayna-drone-anlasmalarini-genisletiyor","title":{"rendered":"Ukrayna Drone Anla\u015fmalar\u0131n\u0131 Geni\u015fletiyor"},"content":{"rendered":"<div class=\"wp-block-image\">\n<figure class=\"aligncenter size-full\"><img loading=\"lazy\" decoding=\"async\" width=\"1200\" height=\"783\" src=\"https:\/\/epochtimestr.com\/wp-content\/uploads\/2011y\/1000050220.webp\" alt=\"Ukrayna, dokuz \u00fclkeyle drone anla\u015fmas\u0131 imzalad\u0131. Ukrayna Devlet Ba\u015fkan\u0131 Volodimir Zelenskiy, 25 Ocak 2026 tarihinde Litvanya'n\u0131n ba\u015fkenti Vilnius'ta, 1863 Ayaklanmas\u0131 anma t\u00f6renlerinin ard\u0131ndan Litvanya ve Polonya cumhurba\u015fkanlar\u0131yla d\u00fczenlenen ortak bas\u0131n toplant\u0131s\u0131nda konu\u015ftu. (Foto\u011fraf: Petras Malukas\/AFP\/Getty Images)\" class=\"wp-image-169793\" srcset=\"https:\/\/epochtimestr.com\/wp-content\/uploads\/2011y\/1000050220.webp 1200w, https:\/\/epochtimestr.com\/wp-content\/uploads\/2011y\/1000050220-300x196.webp 300w, https:\/\/epochtimestr.com\/wp-content\/uploads\/2011y\/1000050220-150x98.webp 150w, https:\/\/epochtimestr.com\/wp-content\/uploads\/2011y\/1000050220-768x501.webp 768w, https:\/\/epochtimestr.com\/wp-content\/uploads\/2011y\/1000050220-210x136.webp 210w\" sizes=\"(max-width: 1200px) 100vw, 1200px\" \/><figcaption class=\"wp-element-caption\">Ukrayna, dokuz \u00fclkeyle drone anla\u015fmas\u0131 imzalad\u0131. Ukrayna Devlet Ba\u015fkan\u0131 Vladimir Zelenski, 25 Ocak 2026 tarihinde Litvanya&#8217;n\u0131n ba\u015fkenti Vilnius&#8217;ta, 1863 Ayaklanmas\u0131 anma t\u00f6renlerinin ard\u0131ndan Litvanya ve Polonya cumhurba\u015fkanlar\u0131yla d\u00fczenlenen ortak bas\u0131n toplant\u0131s\u0131nda konu\u015ftu. <em>(Foto\u011fraf: Petras Malukas, AFP &#8211; Getty Images, The Epoch Times arac\u0131l\u0131\u011f\u0131yla)<\/em><\/figcaption><\/figure><\/div>\n\n\n<p>Ukrayna Devlet Ba\u015fkan\u0131 Vladimir Zelenski, dokuz \u00fclkeyle drone anla\u015fmas\u0131 imzaland\u0131\u011f\u0131n\u0131 a\u00e7\u0131klad\u0131. Ayr\u0131ca 15 yeni anla\u015fma i\u00e7in g\u00f6r\u00fc\u015fmelerin s\u00fcrd\u00fc\u011f\u00fcn\u00fc duyurdu.<\/p>\n\n\n\n<p>Zelenski 3 A\u011fustos&#8217;ta Ukrayna&#8217;n\u0131n d\u0131\u015f temsilciliklerine seslenerek Ukraynal\u0131 uzmanlar\u0131n ortak \u00fclkelere g\u00f6nderilece\u011fini belirtti. Uzmanlar\u0131n hava savunma sistemlerini ve di\u011fer altyap\u0131lar\u0131 de\u011ferlendirece\u011fini s\u00f6yledi. Bununla birlikte, i\u015f birliklerinin en az 10 y\u0131ll\u0131k anla\u015fmalarla y\u00fcr\u00fct\u00fclece\u011fini ifade etti. Zelenski, <a href=\"https:\/\/www.theepochtimes.com\/world\/ukraine-agrees-to-drone-deal-with-9-countries-zelenskyy-says-6070654\" target=\"_blank\" rel=\"noreferrer noopener\">Drone Deals modeli<\/a> sayesinde savunma sanayisinin d\u00fczenli finansman sa\u011flad\u0131\u011f\u0131n\u0131 belirtti. Buna kar\u015f\u0131l\u0131k ortak \u00fclkelerin de modern savunma kabiliyetlerinden yararlanaca\u011f\u0131n\u0131 s\u00f6yledi.<\/p>\n\n\n\n<p>Ukrayna, sava\u015f boyunca insans\u0131z hava ara\u00e7lar\u0131 teknolojisini geli\u015ftirerek son aylarda <a href=\"https:\/\/epochtimestr.com\/index.php\/abd-senatosunda-rusyaya-yaptirim-tasarisi-sona-yaklasiyor\" target=\"_blank\" rel=\"noreferrer noopener\">Rus enerji ve askeri<\/a> altyap\u0131s\u0131na y\u00f6nelik drone sald\u0131r\u0131lar\u0131 d\u00fczenledi.<\/p>\n\n\n\n<p>Zelenski, dokuz \u00fclkeyle anla\u015fmalar\u0131n tamamland\u0131\u011f\u0131n\u0131, ayr\u0131ca 15 yeni anla\u015fman\u0131n haz\u0131rl\u0131k a\u015famas\u0131nda oldu\u011funu bildirdi. Daha \u00f6nce \u0130ngiltere ve Letonya ile benzer anla\u015fmalar duyurulmu\u015ftu. \u00d6te yandan Zelenski, Suudi Arabistan, Katar ve Birle\u015fik Arap Emirlikleri&#8217;nin de \u0130ran kaynakl\u0131 drone sald\u0131r\u0131lar\u0131na kar\u015f\u0131 destek ald\u0131\u011f\u0131n\u0131 belirtti. Bunlara ek olarak ABD&#8217;de drone testlerinin ba\u015flamas\u0131na y\u00f6nelik ilk belgelerin Temmuz&#8217;da imzaland\u0131\u011f\u0131n\u0131 duyurdu.<\/p>\n\n\n\n<h2 class=\"wp-block-heading\">Ukrayna f\u00fcze projesini geli\u015ftiriyor<\/h2>\n\n\n\n<p>Zelenski ayr\u0131ca, Avrupa i\u00e7in ortak balistik f\u00fcze savunma sistemi geli\u015ftirmeyi hedefleyen Freyja Projesi hakk\u0131nda bilgi verdi. \u0130lk prototipin 2027 y\u0131l\u0131n\u0131n ortas\u0131nda tamamlanmas\u0131 planlan\u0131yor.<\/p>\n\n\n\n<p>Zelenski, Ukrayna&#8217;n\u0131n f\u00fcze ve f\u0131rlatma sistemlerini \u00fcretebildi\u011fini s\u00f6yledi. Ancak radarlar ve sens\u00f6rler i\u00e7in Avrupa ortaklar\u0131n\u0131n deste\u011fine ihtiya\u00e7 duyuldu\u011funu belirtti. Bu nedenle 12 \u00fcreticinin Balistik F\u00fcze Koalisyonu&#8217;na kat\u0131ld\u0131\u011f\u0131n\u0131 a\u00e7\u0131klad\u0131.<\/p>\n\n\n\n<p>Ukrayna ayr\u0131ca, k\u0131sa vadede ABD yap\u0131m\u0131 Patriot sistemlerine de ihtiya\u00e7 duyuyor. B\u00fcy\u00fckel\u00e7i Olha Stefanishyna, Rusya&#8217;n\u0131n balistik f\u00fcze \u00fcretimini art\u0131rd\u0131\u011f\u0131n\u0131 s\u00f6yledi. Ayr\u0131ca Pentagon ile f\u00fcze \u00fcretimi konusunda g\u00f6r\u00fc\u015fmeler y\u00fcr\u00fctt\u00fcklerini a\u00e7\u0131klad\u0131.<\/p>\n\n\n\n<p>ABD Ba\u015fkan\u0131 Donald Trump, 8 Temmuz&#8217;da Ukrayna&#8217;ya Patriot hava savunma sistemi \u00fcretim lisans\u0131 verece\u011fini duyurdu. Ancak 31 Temmuz tarihli a\u00e7\u0131klamas\u0131nda Patriot f\u00fczelerinin \u00fcretimine izin verme konusunda hen\u00fcz kesin karar vermedi\u011fini s\u00f6yledi.<\/p>\n","protected":false},"excerpt":{"rendered":"<p>Ukrayna Devlet Ba\u015fkan\u0131 Vladimir Zelenski, dokuz \u00fclkeyle drone anla\u015fmas\u0131 imzaland\u0131\u011f\u0131n\u0131 a\u00e7\u0131klad\u0131. Ayr\u0131ca 15 yeni anla\u015fma i\u00e7in g\u00f6r\u00fc\u015fmelerin s\u00fcrd\u00fc\u011f\u00fcn\u00fc duyurdu. Zelenski 3 A\u011fustos&#8217;ta Ukrayna&#8217;n\u0131n d\u0131\u015f temsilciliklerine seslenerek Ukraynal\u0131 uzmanlar\u0131n ortak \u00fclkelere g\u00f6nderilece\u011fini belirtti. Uzmanlar\u0131n hava savunma sistemlerini ve di\u011fer altyap\u0131lar\u0131 de\u011ferlendirece\u011fini s\u00f6yledi. Bununla birlikte, i\u015f birliklerinin en az 10 y\u0131ll\u0131k anla\u015fmalarla y\u00fcr\u00fct\u00fclece\u011fini ifade etti. Zelenski, Drone [&hellip;]<\/p>\n","protected":false},"author":13996,"featured_media":169793,"comment_status":"open","ping_status":"open","sticky":false,"template":"","format":"standard","meta":{"_yoast_wpseo_focuskw":"Ukrayna - drone","_yoast_wpseo_title":"","_yoast_wpseo_metadesc":"Ukrayna, dokuz \u00fclkeyle drone anla\u015fmas\u0131 imzalad\u0131. Zelenski, yeni ortakl\u0131klar, Freyja ve Patriot sistemleri konusunda \u00f6nemli a\u00e7\u0131klamalar yapt\u0131.","_bbp_topic_count":0,"_bbp_reply_count":0,"_bbp_total_topic_count":0,"_bbp_total_reply_count":0,"_bbp_voice_count":0,"_bbp_anonymous_reply_count":0,"_bbp_topic_count_hidden":0,"_bbp_reply_count_hidden":0,"_bbp_forum_subforum_count":0,"footnotes":"","_yoast_wpseo_focuskw_text_input":""},"categories":[5,1,8138],"tags":[6330,12055,12048,12049,5042,12050,9310,12047,10284],"yoast_head":"<!-- This site is optimized with the Yoast SEO plugin v23.0 - https:\/\/yoast.com\/wordpress\/plugins\/seo\/ -->\n<title>Ukrayna Drone Anla\u015fmalar\u0131n\u0131 Geni\u015fletiyor - The Epoch Times TR<\/title>\n<meta name=\"description\" content=\"Ukrayna, dokuz \u00fclkeyle drone anla\u015fmas\u0131 imzalad\u0131. Zelenski, yeni ortakl\u0131klar, Freyja ve Patriot sistemleri konusunda \u00f6nemli a\u00e7\u0131klamalar yapt\u0131.\" \/>\n<meta name=\"robots\" content=\"index, follow, max-snippet:-1, max-image-preview:large, max-video-preview:-1\" \/>\n<link rel=\"canonical\" href=\"https:\/\/epochtimestr.com\/index.php\/ukrayna-drone-anlasmalarini-genisletiyor\" \/>\n<meta property=\"og:locale\" content=\"tr_TR\" \/>\n<meta property=\"og:type\" content=\"article\" \/>\n<meta property=\"og:title\" content=\"Ukrayna Drone Anla\u015fmalar\u0131n\u0131 Geni\u015fletiyor - The Epoch Times TR\" \/>\n<meta property=\"og:description\" content=\"Ukrayna, dokuz \u00fclkeyle drone anla\u015fmas\u0131 imzalad\u0131. Zelenski, yeni ortakl\u0131klar, Freyja ve Patriot sistemleri konusunda \u00f6nemli a\u00e7\u0131klamalar yapt\u0131.\" \/>\n<meta property=\"og:url\" content=\"https:\/\/epochtimestr.com\/index.php\/ukrayna-drone-anlasmalarini-genisletiyor\" \/>\n<meta property=\"og:site_name\" content=\"The Epoch Times TR\" \/>\n<meta property=\"article:publisher\" content=\"https:\/\/www.facebook.com\/theepochtimestr\" \/>\n<meta property=\"article:published_time\" content=\"2026-08-04T12:26:39+00:00\" \/>\n<meta property=\"article:modified_time\" content=\"2026-08-04T12:26:41+00:00\" \/>\n<meta property=\"og:image\" content=\"https:\/\/epochtimestr.com\/wp-content\/uploads\/2011y\/1000050220.webp\" \/>\n\t<meta property=\"og:image:width\" content=\"1200\" \/>\n\t<meta property=\"og:image:height\" content=\"783\" \/>\n\t<meta property=\"og:image:type\" content=\"image\/webp\" \/>\n<meta name=\"author\" content=\"Leo Bajelan\" \/>\n<meta name=\"twitter:card\" content=\"summary_large_image\" \/>\n<meta name=\"twitter:creator\" content=\"@TheEpochTimesTR\" \/>\n<meta name=\"twitter:site\" content=\"@TheEpochTimesTR\" \/>\n<meta name=\"twitter:label1\" content=\"Yazan:\" \/>\n\t<meta name=\"twitter:data1\" content=\"Leo Bajelan\" \/>\n\t<meta name=\"twitter:label2\" content=\"Tahmini okuma s\u00fcresi\" \/>\n\t<meta name=\"twitter:data2\" content=\"3 dakika\" \/>\n<script type=\"application\/ld+json\" class=\"yoast-schema-graph\">{\"@context\":\"https:\/\/schema.org\",\"@graph\":[{\"@type\":\"Article\",\"@id\":\"https:\/\/epochtimestr.com\/index.php\/ukrayna-drone-anlasmalarini-genisletiyor#article\",\"isPartOf\":{\"@id\":\"https:\/\/epochtimestr.com\/index.php\/ukrayna-drone-anlasmalarini-genisletiyor\"},\"author\":{\"name\":\"Leo Bajelan\",\"@id\":\"https:\/\/epochtimestr.com\/#\/schema\/person\/5fef218711d76d8f232b0e1f1d7e4c0d\"},\"headline\":\"Ukrayna Drone Anla\u015fmalar\u0131n\u0131 Geni\u015fletiyor\",\"datePublished\":\"2026-08-04T12:26:39+00:00\",\"dateModified\":\"2026-08-04T12:26:41+00:00\",\"mainEntityOfPage\":{\"@id\":\"https:\/\/epochtimestr.com\/index.php\/ukrayna-drone-anlasmalarini-genisletiyor\"},\"wordCount\":438,\"commentCount\":0,\"publisher\":{\"@id\":\"https:\/\/epochtimestr.com\/#organization\"},\"image\":{\"@id\":\"https:\/\/epochtimestr.com\/index.php\/ukrayna-drone-anlasmalarini-genisletiyor#primaryimage\"},\"thumbnailUrl\":\"https:\/\/epochtimestr.com\/wp-content\/uploads\/2011y\/1000050220.webp\",\"keywords\":[\"drone\",\"drone anla\u015fmas\u0131\",\"Drone Deals modeli\",\"Hava savunma sistemleri\",\"\u0130HA\",\"Patriot f\u00fczeleri\",\"Rusya Ukrayna Sava\u015f\u0131\",\"Ukrayna drone\",\"Vladimir Zelenski\"],\"articleSection\":[\"D\u00dcNYA\",\"G\u00dcNDEM\",\"MAN\u015eET\"],\"inLanguage\":\"tr\",\"potentialAction\":[{\"@type\":\"CommentAction\",\"name\":\"Comment\",\"target\":[\"https:\/\/epochtimestr.com\/index.php\/ukrayna-drone-anlasmalarini-genisletiyor#respond\"]}]},{\"@type\":\"WebPage\",\"@id\":\"https:\/\/epochtimestr.com\/index.php\/ukrayna-drone-anlasmalarini-genisletiyor\",\"url\":\"https:\/\/epochtimestr.com\/index.php\/ukrayna-drone-anlasmalarini-genisletiyor\",\"name\":\"Ukrayna Drone Anla\u015fmalar\u0131n\u0131 Geni\u015fletiyor - The Epoch Times TR\",\"isPartOf\":{\"@id\":\"https:\/\/epochtimestr.com\/#website\"},\"primaryImageOfPage\":{\"@id\":\"https:\/\/epochtimestr.com\/index.php\/ukrayna-drone-anlasmalarini-genisletiyor#primaryimage\"},\"image\":{\"@id\":\"https:\/\/epochtimestr.com\/index.php\/ukrayna-drone-anlasmalarini-genisletiyor#primaryimage\"},\"thumbnailUrl\":\"https:\/\/epochtimestr.com\/wp-content\/uploads\/2011y\/1000050220.webp\",\"datePublished\":\"2026-08-04T12:26:39+00:00\",\"dateModified\":\"2026-08-04T12:26:41+00:00\",\"description\":\"Ukrayna, dokuz \u00fclkeyle drone anla\u015fmas\u0131 imzalad\u0131. Zelenski, yeni ortakl\u0131klar, Freyja ve Patriot sistemleri konusunda \u00f6nemli a\u00e7\u0131klamalar yapt\u0131.\",\"inLanguage\":\"tr\",\"potentialAction\":[{\"@type\":\"ReadAction\",\"target\":[\"https:\/\/epochtimestr.com\/index.php\/ukrayna-drone-anlasmalarini-genisletiyor\"]}]},{\"@type\":\"ImageObject\",\"inLanguage\":\"tr\",\"@id\":\"https:\/\/epochtimestr.com\/index.php\/ukrayna-drone-anlasmalarini-genisletiyor#primaryimage\",\"url\":\"https:\/\/epochtimestr.com\/wp-content\/uploads\/2011y\/1000050220.webp\",\"contentUrl\":\"https:\/\/epochtimestr.com\/wp-content\/uploads\/2011y\/1000050220.webp\",\"width\":1200,\"height\":783},{\"@type\":\"WebSite\",\"@id\":\"https:\/\/epochtimestr.com\/#website\",\"url\":\"https:\/\/epochtimestr.com\/\",\"name\":\"The Epoch Times TR\",\"description\":\"De\u011fi\u015fen D\u00fcnyam\u0131za Taze Bir Bak\u0131\u015f\",\"publisher\":{\"@id\":\"https:\/\/epochtimestr.com\/#organization\"},\"potentialAction\":[{\"@type\":\"SearchAction\",\"target\":{\"@type\":\"EntryPoint\",\"urlTemplate\":\"https:\/\/epochtimestr.com\/?s={search_term_string}\"},\"query-input\":\"required name=search_term_string\"}],\"inLanguage\":\"tr\"},{\"@type\":\"Organization\",\"@id\":\"https:\/\/epochtimestr.com\/#organization\",\"name\":\"The EpochTimes T\u00fcrkiye\",\"url\":\"https:\/\/epochtimestr.com\/\",\"logo\":{\"@type\":\"ImageObject\",\"inLanguage\":\"tr\",\"@id\":\"https:\/\/epochtimestr.com\/#\/schema\/logo\/image\/\",\"url\":\"https:\/\/epochtimestr.com\/wp-content\/uploads\/2011y\/ET-Logo-YG.jpg\",\"contentUrl\":\"https:\/\/epochtimestr.com\/wp-content\/uploads\/2011y\/ET-Logo-YG.jpg\",\"width\":346,\"height\":29,\"caption\":\"The EpochTimes T\u00fcrkiye\"},\"image\":{\"@id\":\"https:\/\/epochtimestr.com\/#\/schema\/logo\/image\/\"},\"sameAs\":[\"https:\/\/www.facebook.com\/theepochtimestr\",\"https:\/\/x.com\/TheEpochTimesTR\",\"https:\/\/www.instagram.com\/epochtimestr\"]},{\"@type\":\"Person\",\"@id\":\"https:\/\/epochtimestr.com\/#\/schema\/person\/5fef218711d76d8f232b0e1f1d7e4c0d\",\"name\":\"Leo Bajelan\",\"image\":{\"@type\":\"ImageObject\",\"inLanguage\":\"tr\",\"@id\":\"https:\/\/epochtimestr.com\/#\/schema\/person\/image\/\",\"url\":\"https:\/\/secure.gravatar.com\/avatar\/917669146f489549e548a2e9af272df5?s=96&d=mm&r=g\",\"contentUrl\":\"https:\/\/secure.gravatar.com\/avatar\/917669146f489549e548a2e9af272df5?s=96&d=mm&r=g\",\"caption\":\"Leo Bajelan\"},\"url\":\"https:\/\/epochtimestr.com\/index.php\/author\/leo\"}]}<\/script>\n<!-- \/ Yoast SEO plugin. -->","yoast_head_json":{"title":"Ukrayna Drone Anla\u015fmalar\u0131n\u0131 Geni\u015fletiyor - The Epoch Times TR","description":"Ukrayna, dokuz \u00fclkeyle drone anla\u015fmas\u0131 imzalad\u0131. Zelenski, yeni ortakl\u0131klar, Freyja ve Patriot sistemleri konusunda \u00f6nemli a\u00e7\u0131klamalar yapt\u0131.","robots":{"index":"index","follow":"follow","max-snippet":"max-snippet:-1","max-image-preview":"max-image-preview:large","max-video-preview":"max-video-preview:-1"},"canonical":"https:\/\/epochtimestr.com\/index.php\/ukrayna-drone-anlasmalarini-genisletiyor","og_locale":"tr_TR","og_type":"article","og_title":"Ukrayna Drone Anla\u015fmalar\u0131n\u0131 Geni\u015fletiyor - The Epoch Times TR","og_description":"Ukrayna, dokuz \u00fclkeyle drone anla\u015fmas\u0131 imzalad\u0131. Zelenski, yeni ortakl\u0131klar, Freyja ve Patriot sistemleri konusunda \u00f6nemli a\u00e7\u0131klamalar yapt\u0131.","og_url":"https:\/\/epochtimestr.com\/index.php\/ukrayna-drone-anlasmalarini-genisletiyor","og_site_name":"The Epoch Times TR","article_publisher":"https:\/\/www.facebook.com\/theepochtimestr","article_published_time":"2026-08-04T12:26:39+00:00","article_modified_time":"2026-08-04T12:26:41+00:00","og_image":[{"width":1200,"height":783,"url":"https:\/\/epochtimestr.com\/wp-content\/uploads\/2011y\/1000050220.webp","type":"image\/webp"}],"author":"Leo Bajelan","twitter_card":"summary_large_image","twitter_creator":"@TheEpochTimesTR","twitter_site":"@TheEpochTimesTR","twitter_misc":{"Yazan:":"Leo Bajelan","Tahmini okuma s\u00fcresi":"3 dakika"},"schema":{"@context":"https:\/\/schema.org","@graph":[{"@type":"Article","@id":"https:\/\/epochtimestr.com\/index.php\/ukrayna-drone-anlasmalarini-genisletiyor#article","isPartOf":{"@id":"https:\/\/epochtimestr.com\/index.php\/ukrayna-drone-anlasmalarini-genisletiyor"},"author":{"name":"Leo Bajelan","@id":"https:\/\/epochtimestr.com\/#\/schema\/person\/5fef218711d76d8f232b0e1f1d7e4c0d"},"headline":"Ukrayna Drone Anla\u015fmalar\u0131n\u0131 Geni\u015fletiyor","datePublished":"2026-08-04T12:26:39+00:00","dateModified":"2026-08-04T12:26:41+00:00","mainEntityOfPage":{"@id":"https:\/\/epochtimestr.com\/index.php\/ukrayna-drone-anlasmalarini-genisletiyor"},"wordCount":438,"commentCount":0,"publisher":{"@id":"https:\/\/epochtimestr.com\/#organization"},"image":{"@id":"https:\/\/epochtimestr.com\/index.php\/ukrayna-drone-anlasmalarini-genisletiyor#primaryimage"},"thumbnailUrl":"https:\/\/epochtimestr.com\/wp-content\/uploads\/2011y\/1000050220.webp","keywords":["drone","drone anla\u015fmas\u0131","Drone Deals modeli","Hava savunma sistemleri","\u0130HA","Patriot f\u00fczeleri","Rusya Ukrayna Sava\u015f\u0131","Ukrayna drone","Vladimir Zelenski"],"articleSection":["D\u00dcNYA","G\u00dcNDEM","MAN\u015eET"],"inLanguage":"tr","potentialAction":[{"@type":"CommentAction","name":"Comment","target":["https:\/\/epochtimestr.com\/index.php\/ukrayna-drone-anlasmalarini-genisletiyor#respond"]}]},{"@type":"WebPage","@id":"https:\/\/epochtimestr.com\/index.php\/ukrayna-drone-anlasmalarini-genisletiyor","url":"https:\/\/epochtimestr.com\/index.php\/ukrayna-drone-anlasmalarini-genisletiyor","name":"Ukrayna Drone Anla\u015fmalar\u0131n\u0131 Geni\u015fletiyor - The Epoch Times TR","isPartOf":{"@id":"https:\/\/epochtimestr.com\/#website"},"primaryImageOfPage":{"@id":"https:\/\/epochtimestr.com\/index.php\/ukrayna-drone-anlasmalarini-genisletiyor#primaryimage"},"image":{"@id":"https:\/\/epochtimestr.com\/index.php\/ukrayna-drone-anlasmalarini-genisletiyor#primaryimage"},"thumbnailUrl":"https:\/\/epochtimestr.com\/wp-content\/uploads\/2011y\/1000050220.webp","datePublished":"2026-08-04T12:26:39+00:00","dateModified":"2026-08-04T12:26:41+00:00","description":"Ukrayna, dokuz \u00fclkeyle drone anla\u015fmas\u0131 imzalad\u0131. Zelenski, yeni ortakl\u0131klar, Freyja ve Patriot sistemleri konusunda \u00f6nemli a\u00e7\u0131klamalar yapt\u0131.","inLanguage":"tr","potentialAction":[{"@type":"ReadAction","target":["https:\/\/epochtimestr.com\/index.php\/ukrayna-drone-anlasmalarini-genisletiyor"]}]},{"@type":"ImageObject","inLanguage":"tr","@id":"https:\/\/epochtimestr.com\/index.php\/ukrayna-drone-anlasmalarini-genisletiyor#primaryimage","url":"https:\/\/epochtimestr.com\/wp-content\/uploads\/2011y\/1000050220.webp","contentUrl":"https:\/\/epochtimestr.com\/wp-content\/uploads\/2011y\/1000050220.webp","width":1200,"height":783},{"@type":"WebSite","@id":"https:\/\/epochtimestr.com\/#website","url":"https:\/\/epochtimestr.com\/","name":"The Epoch Times TR","description":"De\u011fi\u015fen D\u00fcnyam\u0131za Taze Bir Bak\u0131\u015f","publisher":{"@id":"https:\/\/epochtimestr.com\/#organization"},"potentialAction":[{"@type":"SearchAction","target":{"@type":"EntryPoint","urlTemplate":"https:\/\/epochtimestr.com\/?s={search_term_string}"},"query-input":"required name=search_term_string"}],"inLanguage":"tr"},{"@type":"Organization","@id":"https:\/\/epochtimestr.com\/#organization","name":"The EpochTimes T\u00fcrkiye","url":"https:\/\/epochtimestr.com\/","logo":{"@type":"ImageObject","inLanguage":"tr","@id":"https:\/\/epochtimestr.com\/#\/schema\/logo\/image\/","url":"https:\/\/epochtimestr.com\/wp-content\/uploads\/2011y\/ET-Logo-YG.jpg","contentUrl":"https:\/\/epochtimestr.com\/wp-content\/uploads\/2011y\/ET-Logo-YG.jpg","width":346,"height":29,"caption":"The EpochTimes T\u00fcrkiye"},"image":{"@id":"https:\/\/epochtimestr.com\/#\/schema\/logo\/image\/"},"sameAs":["https:\/\/www.facebook.com\/theepochtimestr","https:\/\/x.com\/TheEpochTimesTR","https:\/\/www.instagram.com\/epochtimestr"]},{"@type":"Person","@id":"https:\/\/epochtimestr.com\/#\/schema\/person\/5fef218711d76d8f232b0e1f1d7e4c0d","name":"Leo Bajelan","image":{"@type":"ImageObject","inLanguage":"tr","@id":"https:\/\/epochtimestr.com\/#\/schema\/person\/image\/","url":"https:\/\/secure.gravatar.com\/avatar\/917669146f489549e548a2e9af272df5?s=96&d=mm&r=g","contentUrl":"https:\/\/secure.gravatar.com\/avatar\/917669146f489549e548a2e9af272df5?s=96&d=mm&r=g","caption":"Leo Bajelan"},"url":"https:\/\/epochtimestr.com\/index.php\/author\/leo"}]}},"_links":{"self":[{"href":"https:\/\/epochtimestr.com\/index.php\/wp-json\/wp\/v2\/posts\/169791"}],"collection":[{"href":"https:\/\/epochtimestr.com\/index.php\/wp-json\/wp\/v2\/posts"}],"about":[{"href":"https:\/\/epochtimestr.com\/index.php\/wp-json\/wp\/v2\/types\/post"}],"author":[{"embeddable":true,"href":"https:\/\/epochtimestr.com\/index.php\/wp-json\/wp\/v2\/users\/13996"}],"replies":[{"embeddable":true,"href":"https:\/\/epochtimestr.com\/index.php\/wp-json\/wp\/v2\/comments?post=169791"}],"version-history":[{"count":2,"href":"https:\/\/epochtimestr.com\/index.php\/wp-json\/wp\/v2\/posts\/169791\/revisions"}],"predecessor-version":[{"id":169802,"href":"https:\/\/epochtimestr.com\/index.php\/wp-json\/wp\/v2\/posts\/169791\/revisions\/169802"}],"wp:featuredmedia":[{"embeddable":true,"href":"https:\/\/epochtimestr.com\/index.php\/wp-json\/wp\/v2\/media\/169793"}],"wp:attachment":[{"href":"https:\/\/epochtimestr.com\/index.php\/wp-json\/wp\/v2\/media?parent=169791"}],"wp:term":[{"taxonomy":"category","embeddable":true,"href":"https:\/\/epochtimestr.com\/index.php\/wp-json\/wp\/v2\/categories?post=169791"},{"taxonomy":"post_tag","embeddable":true,"href":"https:\/\/epochtimestr.com\/index.php\/wp-json\/wp\/v2\/tags?post=169791"}],"curies":[{"name":"wp","href":"https:\/\/api.w.org\/{rel}","templated":true}]}}