{"id":169803,"date":"2026-08-04T22:38:41","date_gmt":"2026-08-04T19:38:41","guid":{"rendered":"https:\/\/epochtimestr.com\/?p=169803"},"modified":"2026-08-04T22:38:43","modified_gmt":"2026-08-04T19:38:43","slug":"ozgur-ozel-hakkinda-yeni-fezleke-hazirlandi","status":"publish","type":"post","link":"https:\/\/epochtimestr.com\/index.php\/ozgur-ozel-hakkinda-yeni-fezleke-hazirlandi","title":{"rendered":"\u00d6zg\u00fcr \u00d6zel Hakk\u0131nda Yeni Fezleke Haz\u0131rland\u0131"},"content":{"rendered":"<div class=\"wp-block-image\">\n<figure class=\"aligncenter size-full\"><img loading=\"lazy\" decoding=\"async\" width=\"1280\" height=\"720\" src=\"https:\/\/epochtimestr.com\/wp-content\/uploads\/2011y\/ozgur-oze.webp\" alt=\"YEN\u0130 Parti Genel Ba\u015fkan\u0131 \u00d6zg\u00fcr \u00d6zel hakk\u0131nda yeni fezleke haz\u0131rland\u0131. (Foto\u011fraf: \u00d6zg\u00fcr\u00d6zel x hesab\u0131)\" class=\"wp-image-169804\" srcset=\"https:\/\/epochtimestr.com\/wp-content\/uploads\/2011y\/ozgur-oze.webp 1280w, https:\/\/epochtimestr.com\/wp-content\/uploads\/2011y\/ozgur-oze-300x169.webp 300w, https:\/\/epochtimestr.com\/wp-content\/uploads\/2011y\/ozgur-oze-150x84.webp 150w, https:\/\/epochtimestr.com\/wp-content\/uploads\/2011y\/ozgur-oze-768x432.webp 768w\" sizes=\"(max-width: 1280px) 100vw, 1280px\" \/><figcaption class=\"wp-element-caption\">YEN\u0130 Parti Genel Ba\u015fkan\u0131 \u00d6zg\u00fcr \u00d6zel hakk\u0131nda yeni fezleke haz\u0131rland\u0131. (Foto\u011fraf: \u00d6zg\u00fcr\u00d6zel x hesab\u0131)<\/figcaption><\/figure><\/div>\n\n\n<h2 class=\"wp-block-heading\">Yeni Parti Genel Ba\u015fkan\u0131, Manisa Milletvekili \u00d6zg\u00fcr \u00d6zel ile Malatya Milletvekili Veli A\u011fbaba hakk\u0131nda fezleke d\u00fczenlendi.<\/h2>\n\n\n\n<p>Ankara Cumhuriyet Ba\u015fsavc\u0131l\u0131\u011f\u0131, <a href=\"https:\/\/epochtimestr.com\/index.php\/ozgur-ozel-chp-ile-akp-arasindaki-ilk-is-birligini-acikladi\" target=\"_blank\" rel=\"noreferrer noopener\">Yeni Parti<\/a> Genel Ba\u015fkan\u0131, Manisa Milletvekili \u00d6zg\u00fcr \u00d6zel ile Malatya Milletvekili <a href=\"https:\/\/epochtimestr.com\/index.php\/veli-agbaba-bizim-belediyelerimizi-silkeleyeceginize-yuzsuz-osmani-silkeleyin\" target=\"_blank\" rel=\"noreferrer noopener\">Veli A\u011fbaba <\/a>hakk\u0131nda &#8220;zincirleme \u015fekilde r\u00fc\u015fvet almak&#8221; su\u00e7lamas\u0131yla y\u00fcr\u00fct\u00fclen soru\u015fturmalar\u0131n tamamland\u0131\u011f\u0131n\u0131 a\u00e7\u0131klad\u0131. Ba\u015fsavc\u0131l\u0131k, her iki milletvekili hakk\u0131nda da dokunulmazl\u0131klar\u0131n\u0131n kald\u0131r\u0131lmas\u0131 talebiyle <a href=\"https:\/\/epochtimestr.com\/index.php\/ozgur-ozel-hakkindaki-fezleke-sayisi-61e-yukseldi\" target=\"_blank\" rel=\"noreferrer noopener\">fezleke<\/a> d\u00fczenlenerek Adalet Bakanl\u0131\u011f\u0131&#8217;na g\u00f6nderildi\u011fini duyurdu.<\/p>\n\n\n\n<p><strong>&#8220;Yeni Parti Genel Ba\u015fkan\u0131 \u00d6zg\u00fcr \u00d6zel&#8217;in &#8220;zincirleme \u015fekilde r\u00fc\u015fvet almak&#8221; su\u00e7unu i\u015fledi\u011fi iddias\u0131yla fezleke haz\u0131rland\u0131<\/strong>&#8220;<\/p>\n\n\n\n<p>Ba\u015fsavc\u0131l\u0131\u011f\u0131n a\u00e7\u0131klamas\u0131na g\u00f6re, Cumhuriyet Ba\u015fsavc\u0131l\u0131\u011f\u0131 Memur ve Parlamenter Su\u00e7lar\u0131 Soru\u015fturma B\u00fcrosu taraf\u0131ndan y\u00fcr\u00fct\u00fclen soru\u015fturmada, 28. D\u00f6nem Manisa Milletvekili ve Yeni Parti Genel Ba\u015fkan\u0131 \u00d6zg\u00fcr \u00d6zel&#8217;in &#8220;zincirleme \u015fekilde r\u00fc\u015fvet almak&#8221; su\u00e7unu i\u015fledi\u011fi iddias\u0131yla fezleke haz\u0131rland\u0131.<\/p>\n\n\n\n<p>A\u00e7\u0131klamada, \u00d6zel&#8217;in sahip oldu\u011fu n\u00fcfuz ve yetkiyi k\u00f6t\u00fcye kullanarak 31 Mart 2024 Yerel Se\u00e7imleri&#8217;nde Antalya B\u00fcy\u00fck\u015fehir Belediye Ba\u015fkan adayl\u0131\u011f\u0131na aday g\u00f6sterilebilmesini sa\u011flamak amac\u0131yla Antalya B\u00fcy\u00fck\u015fehir Belediye Ba\u015fkan aday\u0131 Muhittin B\u00f6cek ile o\u011flu Mustafa G\u00f6khan B\u00f6cek&#8217;ten de\u011fi\u015fik tarihlerde do\u011frudan veya Malatya Milletvekili Veli A\u011fbaba arac\u0131l\u0131\u011f\u0131yla tek su\u00e7 i\u015fleme iradesi kapsam\u0131nda menfaat temin etti\u011fi \u00f6ne s\u00fcr\u00fcld\u00fc.<\/p>\n\n\n\n<p>Ba\u015fsavc\u0131l\u0131k ayr\u0131ca, \u00d6zel&#8217;in 4-5 Kas\u0131m 2023 tarihlerinde ger\u00e7ekle\u015ftirilen CHP Kurultay\u0131&#8217;nda kullan\u0131lmak \u00fczere U\u015fak Belediye Ba\u015fkan\u0131 \u00d6zkan Yal\u0131m&#8217;dan da de\u011fi\u015fik tarihlerde maddi menfaat temin etti\u011fi iddias\u0131na yer verdi.<\/p>\n\n\n\n<p>Soru\u015fturma kapsam\u0131nda \u00d6zg\u00fcr \u00d6zel&#8217;in, T\u00fcrk Ceza Kanunu&#8217;nun 252\/2 delaletiyle 252\/1, 43\/1 ve 53\/1-2-3 maddeleri kapsam\u0131nda &#8220;zincirleme \u015fekilde r\u00fc\u015fvet almak&#8221; su\u00e7unu i\u015fledi\u011finin de\u011ferlendirildi\u011fi belirtilirken, Anayasa&#8217;n\u0131n 83. maddesi uyar\u0131nca dokunulmazl\u0131\u011f\u0131n\u0131n kald\u0131r\u0131lmas\u0131 talebiyle fezlekenin Adalet Bakanl\u0131\u011f\u0131&#8217;na g\u00f6nderildi\u011fi bildirildi.<\/p>\n\n\n\n<h3 class=\"wp-block-heading\">&#8220;Malatya Milletvekili Veli A\u011fbaba hakk\u0131nda da &#8220;zincirleme \u015fekilde r\u00fc\u015fvet almak&#8221; su\u00e7undan fezleke d\u00fczenlendi.&#8221;<\/h3>\n\n\n\n<p>Cumhuriyet Ba\u015fsavc\u0131l\u0131\u011f\u0131 Memur ve Parlamenter Su\u00e7lar\u0131 Soru\u015fturma B\u00fcrosu taraf\u0131ndan y\u00fcr\u00fct\u00fclen soru\u015fturma kapsam\u0131nda ise 28. D\u00f6nem Malatya Milletvekili Veli A\u011fbaba hakk\u0131nda da &#8220;zincirleme \u015fekilde r\u00fc\u015fvet almak&#8221; su\u00e7undan fezleke d\u00fczenlendi.<\/p>\n\n\n\n<p>Ba\u015fsavc\u0131l\u0131k a\u00e7\u0131klamas\u0131nda, A\u011fbaba&#8217;n\u0131n \u00d6zg\u00fcr \u00d6zel&#8217;in talimat\u0131yla Antalya B\u00fcy\u00fck\u015fehir Belediye Ba\u015fkan\u0131 Muhittin B\u00f6cek&#8217;in o\u011flu Mustafa G\u00f6khan B\u00f6cek&#8217;ten, Muhittin B\u00f6cek&#8217;in belediye ba\u015fkan adayl\u0131\u011f\u0131 i\u00e7in farkl\u0131 tutarlarda menfaat temin etti\u011fi vurguland\u0131.<\/p>\n\n\n\n<p>Fezleke s\u00fcreci, bir milletvekilinin yasama dokunulmazl\u0131\u011f\u0131n\u0131n kald\u0131r\u0131lmas\u0131 amac\u0131yla haz\u0131rlanan hukuki soru\u015fturma dosyas\u0131n\u0131n TBMM&#8217;de oylan\u0131p karara ba\u011flanmas\u0131 anlam\u0131na geliyor.<\/p>\n\n\n\n<figure class=\"wp-block-embed is-type-rich is-provider-x wp-block-embed-x\"><div class=\"wp-block-embed__wrapper\">\n<blockquote class=\"twitter-tweet\" data-width=\"550\" data-dnt=\"true\"><p lang=\"zxx\" dir=\"ltr\"><a href=\"https:\/\/t.co\/gfBqUFrsBw\">pic.twitter.com\/gfBqUFrsBw<\/a><\/p>&mdash; Ankara Cumhuriyet Ba\u015fsavc\u0131l\u0131\u011f\u0131 (@ankaracbs) <a href=\"https:\/\/x.com\/ankaracbs\/status\/2084714585592926483?ref_src=twsrc%5Etfw\">August 4, 2026<\/a><\/blockquote><script async src=\"https:\/\/platform.x.com\/widgets.js\" charset=\"utf-8\"><\/script>\n<\/div><\/figure>\n","protected":false},"excerpt":{"rendered":"<p>Yeni Parti Genel Ba\u015fkan\u0131, Manisa Milletvekili \u00d6zg\u00fcr \u00d6zel ile Malatya Milletvekili Veli A\u011fbaba hakk\u0131nda fezleke d\u00fczenlendi. Ankara Cumhuriyet Ba\u015fsavc\u0131l\u0131\u011f\u0131, Yeni Parti Genel Ba\u015fkan\u0131, Manisa Milletvekili \u00d6zg\u00fcr \u00d6zel ile Malatya Milletvekili Veli A\u011fbaba hakk\u0131nda &#8220;zincirleme \u015fekilde r\u00fc\u015fvet almak&#8221; su\u00e7lamas\u0131yla y\u00fcr\u00fct\u00fclen soru\u015fturmalar\u0131n tamamland\u0131\u011f\u0131n\u0131 a\u00e7\u0131klad\u0131. Ba\u015fsavc\u0131l\u0131k, her iki milletvekili hakk\u0131nda da dokunulmazl\u0131klar\u0131n\u0131n kald\u0131r\u0131lmas\u0131 talebiyle fezleke d\u00fczenlenerek Adalet Bakanl\u0131\u011f\u0131&#8217;na [&hellip;]<\/p>\n","protected":false},"author":12791,"featured_media":169804,"comment_status":"open","ping_status":"open","sticky":false,"template":"","format":"standard","meta":{"_yoast_wpseo_focuskw":"\u00d6zg\u00fcr \u00d6zel - Fezleke","_yoast_wpseo_title":"","_yoast_wpseo_metadesc":"Yeni Parti Genel Ba\u015fkan\u0131, Manisa Milletvekili \u00d6zg\u00fcr \u00d6zel ile Malatya Milletvekili Veli A\u011fbaba hakk\u0131nda fezleke d\u00fczenlendi.","_bbp_topic_count":0,"_bbp_reply_count":0,"_bbp_total_topic_count":0,"_bbp_total_reply_count":0,"_bbp_voice_count":0,"_bbp_anonymous_reply_count":0,"_bbp_topic_count_hidden":0,"_bbp_reply_count_hidden":0,"_bbp_forum_subforum_count":0,"footnotes":"","_yoast_wpseo_focuskw_text_input":""},"categories":[1,8138,8226],"tags":[1364,4943,8492,1200,3379],"yoast_head":"<!-- This site is optimized with the Yoast SEO plugin v23.0 - https:\/\/yoast.com\/wordpress\/plugins\/seo\/ -->\n<title>\u00d6zg\u00fcr \u00d6zel Hakk\u0131nda Yeni Fezleke Haz\u0131rland\u0131 - The Epoch Times TR<\/title>\n<meta name=\"description\" content=\"Yeni Parti Genel Ba\u015fkan\u0131, Manisa Milletvekili \u00d6zg\u00fcr \u00d6zel ile Malatya Milletvekili Veli A\u011fbaba hakk\u0131nda fezleke d\u00fczenlendi.\" \/>\n<meta name=\"robots\" content=\"index, follow, max-snippet:-1, max-image-preview:large, max-video-preview:-1\" \/>\n<link rel=\"canonical\" href=\"https:\/\/epochtimestr.com\/index.php\/ozgur-ozel-hakkinda-yeni-fezleke-hazirlandi\" \/>\n<meta property=\"og:locale\" content=\"tr_TR\" \/>\n<meta property=\"og:type\" content=\"article\" \/>\n<meta property=\"og:title\" content=\"\u00d6zg\u00fcr \u00d6zel Hakk\u0131nda Yeni Fezleke Haz\u0131rland\u0131 - The Epoch Times TR\" \/>\n<meta property=\"og:description\" content=\"Yeni Parti Genel Ba\u015fkan\u0131, Manisa Milletvekili \u00d6zg\u00fcr \u00d6zel ile Malatya Milletvekili Veli A\u011fbaba hakk\u0131nda fezleke d\u00fczenlendi.\" \/>\n<meta property=\"og:url\" content=\"https:\/\/epochtimestr.com\/index.php\/ozgur-ozel-hakkinda-yeni-fezleke-hazirlandi\" \/>\n<meta property=\"og:site_name\" content=\"The Epoch Times TR\" \/>\n<meta property=\"article:publisher\" content=\"https:\/\/www.facebook.com\/theepochtimestr\" \/>\n<meta property=\"article:published_time\" content=\"2026-08-04T19:38:41+00:00\" \/>\n<meta property=\"article:modified_time\" content=\"2026-08-04T19:38:43+00:00\" \/>\n<meta property=\"og:image\" content=\"https:\/\/epochtimestr.com\/wp-content\/uploads\/2011y\/ozgur-oze.webp\" \/>\n\t<meta property=\"og:image:width\" content=\"1280\" \/>\n\t<meta property=\"og:image:height\" content=\"720\" \/>\n\t<meta property=\"og:image:type\" content=\"image\/webp\" \/>\n<meta name=\"author\" content=\"Haber Merkezi\" \/>\n<meta name=\"twitter:card\" content=\"summary_large_image\" \/>\n<meta name=\"twitter:creator\" content=\"@TheEpochTimesTR\" \/>\n<meta name=\"twitter:site\" content=\"@TheEpochTimesTR\" \/>\n<meta name=\"twitter:label1\" content=\"Yazan:\" \/>\n\t<meta name=\"twitter:data1\" content=\"Haber Merkezi\" \/>\n\t<meta name=\"twitter:label2\" content=\"Tahmini okuma s\u00fcresi\" \/>\n\t<meta name=\"twitter:data2\" content=\"3 dakika\" \/>\n<script type=\"application\/ld+json\" class=\"yoast-schema-graph\">{\"@context\":\"https:\/\/schema.org\",\"@graph\":[{\"@type\":\"Article\",\"@id\":\"https:\/\/epochtimestr.com\/index.php\/ozgur-ozel-hakkinda-yeni-fezleke-hazirlandi#article\",\"isPartOf\":{\"@id\":\"https:\/\/epochtimestr.com\/index.php\/ozgur-ozel-hakkinda-yeni-fezleke-hazirlandi\"},\"author\":{\"name\":\"Haber Merkezi\",\"@id\":\"https:\/\/epochtimestr.com\/#\/schema\/person\/3dc5c3adeb9f43923c5aa85889172fdd\"},\"headline\":\"\u00d6zg\u00fcr \u00d6zel Hakk\u0131nda Yeni Fezleke Haz\u0131rland\u0131\",\"datePublished\":\"2026-08-04T19:38:41+00:00\",\"dateModified\":\"2026-08-04T19:38:43+00:00\",\"mainEntityOfPage\":{\"@id\":\"https:\/\/epochtimestr.com\/index.php\/ozgur-ozel-hakkinda-yeni-fezleke-hazirlandi\"},\"wordCount\":528,\"commentCount\":0,\"publisher\":{\"@id\":\"https:\/\/epochtimestr.com\/#organization\"},\"image\":{\"@id\":\"https:\/\/epochtimestr.com\/index.php\/ozgur-ozel-hakkinda-yeni-fezleke-hazirlandi#primaryimage\"},\"thumbnailUrl\":\"https:\/\/epochtimestr.com\/wp-content\/uploads\/2011y\/ozgur-oze.webp\",\"keywords\":[\"Ankara Cumhuriyet Ba\u015fsavc\u0131l\u0131\u011f\u0131\",\"fezleke\",\"\u00d6zg\u00fcr \u00d6zel\",\"tbmm\",\"Veli A\u011fbaba\"],\"articleSection\":[\"G\u00dcNDEM\",\"MAN\u015eET\",\"Siyaset\"],\"inLanguage\":\"tr\",\"potentialAction\":[{\"@type\":\"CommentAction\",\"name\":\"Comment\",\"target\":[\"https:\/\/epochtimestr.com\/index.php\/ozgur-ozel-hakkinda-yeni-fezleke-hazirlandi#respond\"]}]},{\"@type\":\"WebPage\",\"@id\":\"https:\/\/epochtimestr.com\/index.php\/ozgur-ozel-hakkinda-yeni-fezleke-hazirlandi\",\"url\":\"https:\/\/epochtimestr.com\/index.php\/ozgur-ozel-hakkinda-yeni-fezleke-hazirlandi\",\"name\":\"\u00d6zg\u00fcr \u00d6zel Hakk\u0131nda Yeni Fezleke Haz\u0131rland\u0131 - The Epoch Times TR\",\"isPartOf\":{\"@id\":\"https:\/\/epochtimestr.com\/#website\"},\"primaryImageOfPage\":{\"@id\":\"https:\/\/epochtimestr.com\/index.php\/ozgur-ozel-hakkinda-yeni-fezleke-hazirlandi#primaryimage\"},\"image\":{\"@id\":\"https:\/\/epochtimestr.com\/index.php\/ozgur-ozel-hakkinda-yeni-fezleke-hazirlandi#primaryimage\"},\"thumbnailUrl\":\"https:\/\/epochtimestr.com\/wp-content\/uploads\/2011y\/ozgur-oze.webp\",\"datePublished\":\"2026-08-04T19:38:41+00:00\",\"dateModified\":\"2026-08-04T19:38:43+00:00\",\"description\":\"Yeni Parti Genel Ba\u015fkan\u0131, Manisa Milletvekili \u00d6zg\u00fcr \u00d6zel ile Malatya Milletvekili Veli A\u011fbaba hakk\u0131nda fezleke d\u00fczenlendi.\",\"inLanguage\":\"tr\",\"potentialAction\":[{\"@type\":\"ReadAction\",\"target\":[\"https:\/\/epochtimestr.com\/index.php\/ozgur-ozel-hakkinda-yeni-fezleke-hazirlandi\"]}]},{\"@type\":\"ImageObject\",\"inLanguage\":\"tr\",\"@id\":\"https:\/\/epochtimestr.com\/index.php\/ozgur-ozel-hakkinda-yeni-fezleke-hazirlandi#primaryimage\",\"url\":\"https:\/\/epochtimestr.com\/wp-content\/uploads\/2011y\/ozgur-oze.webp\",\"contentUrl\":\"https:\/\/epochtimestr.com\/wp-content\/uploads\/2011y\/ozgur-oze.webp\",\"width\":1280,\"height\":720},{\"@type\":\"WebSite\",\"@id\":\"https:\/\/epochtimestr.com\/#website\",\"url\":\"https:\/\/epochtimestr.com\/\",\"name\":\"The Epoch Times TR\",\"description\":\"De\u011fi\u015fen D\u00fcnyam\u0131za Taze Bir Bak\u0131\u015f\",\"publisher\":{\"@id\":\"https:\/\/epochtimestr.com\/#organization\"},\"potentialAction\":[{\"@type\":\"SearchAction\",\"target\":{\"@type\":\"EntryPoint\",\"urlTemplate\":\"https:\/\/epochtimestr.com\/?s={search_term_string}\"},\"query-input\":\"required name=search_term_string\"}],\"inLanguage\":\"tr\"},{\"@type\":\"Organization\",\"@id\":\"https:\/\/epochtimestr.com\/#organization\",\"name\":\"The EpochTimes T\u00fcrkiye\",\"url\":\"https:\/\/epochtimestr.com\/\",\"logo\":{\"@type\":\"ImageObject\",\"inLanguage\":\"tr\",\"@id\":\"https:\/\/epochtimestr.com\/#\/schema\/logo\/image\/\",\"url\":\"https:\/\/epochtimestr.com\/wp-content\/uploads\/2011y\/ET-Logo-YG.jpg\",\"contentUrl\":\"https:\/\/epochtimestr.com\/wp-content\/uploads\/2011y\/ET-Logo-YG.jpg\",\"width\":346,\"height\":29,\"caption\":\"The EpochTimes T\u00fcrkiye\"},\"image\":{\"@id\":\"https:\/\/epochtimestr.com\/#\/schema\/logo\/image\/\"},\"sameAs\":[\"https:\/\/www.facebook.com\/theepochtimestr\",\"https:\/\/x.com\/TheEpochTimesTR\",\"https:\/\/www.instagram.com\/epochtimestr\"]},{\"@type\":\"Person\",\"@id\":\"https:\/\/epochtimestr.com\/#\/schema\/person\/3dc5c3adeb9f43923c5aa85889172fdd\",\"name\":\"Haber Merkezi\",\"image\":{\"@type\":\"ImageObject\",\"inLanguage\":\"tr\",\"@id\":\"https:\/\/epochtimestr.com\/#\/schema\/person\/image\/\",\"url\":\"https:\/\/secure.gravatar.com\/avatar\/d73f772ba5a74f28601361e17c2f93e6?s=96&d=mm&r=g\",\"contentUrl\":\"https:\/\/secure.gravatar.com\/avatar\/d73f772ba5a74f28601361e17c2f93e6?s=96&d=mm&r=g\",\"caption\":\"Haber Merkezi\"},\"url\":\"https:\/\/epochtimestr.com\/index.php\/author\/sendag\"}]}<\/script>\n<!-- \/ Yoast SEO plugin. -->","yoast_head_json":{"title":"\u00d6zg\u00fcr \u00d6zel Hakk\u0131nda Yeni Fezleke Haz\u0131rland\u0131 - The Epoch Times TR","description":"Yeni Parti Genel Ba\u015fkan\u0131, Manisa Milletvekili \u00d6zg\u00fcr \u00d6zel ile Malatya Milletvekili Veli A\u011fbaba hakk\u0131nda fezleke d\u00fczenlendi.","robots":{"index":"index","follow":"follow","max-snippet":"max-snippet:-1","max-image-preview":"max-image-preview:large","max-video-preview":"max-video-preview:-1"},"canonical":"https:\/\/epochtimestr.com\/index.php\/ozgur-ozel-hakkinda-yeni-fezleke-hazirlandi","og_locale":"tr_TR","og_type":"article","og_title":"\u00d6zg\u00fcr \u00d6zel Hakk\u0131nda Yeni Fezleke Haz\u0131rland\u0131 - The Epoch Times TR","og_description":"Yeni Parti Genel Ba\u015fkan\u0131, Manisa Milletvekili \u00d6zg\u00fcr \u00d6zel ile Malatya Milletvekili Veli A\u011fbaba hakk\u0131nda fezleke d\u00fczenlendi.","og_url":"https:\/\/epochtimestr.com\/index.php\/ozgur-ozel-hakkinda-yeni-fezleke-hazirlandi","og_site_name":"The Epoch Times TR","article_publisher":"https:\/\/www.facebook.com\/theepochtimestr","article_published_time":"2026-08-04T19:38:41+00:00","article_modified_time":"2026-08-04T19:38:43+00:00","og_image":[{"width":1280,"height":720,"url":"https:\/\/epochtimestr.com\/wp-content\/uploads\/2011y\/ozgur-oze.webp","type":"image\/webp"}],"author":"Haber Merkezi","twitter_card":"summary_large_image","twitter_creator":"@TheEpochTimesTR","twitter_site":"@TheEpochTimesTR","twitter_misc":{"Yazan:":"Haber Merkezi","Tahmini okuma s\u00fcresi":"3 dakika"},"schema":{"@context":"https:\/\/schema.org","@graph":[{"@type":"Article","@id":"https:\/\/epochtimestr.com\/index.php\/ozgur-ozel-hakkinda-yeni-fezleke-hazirlandi#article","isPartOf":{"@id":"https:\/\/epochtimestr.com\/index.php\/ozgur-ozel-hakkinda-yeni-fezleke-hazirlandi"},"author":{"name":"Haber Merkezi","@id":"https:\/\/epochtimestr.com\/#\/schema\/person\/3dc5c3adeb9f43923c5aa85889172fdd"},"headline":"\u00d6zg\u00fcr \u00d6zel Hakk\u0131nda Yeni Fezleke Haz\u0131rland\u0131","datePublished":"2026-08-04T19:38:41+00:00","dateModified":"2026-08-04T19:38:43+00:00","mainEntityOfPage":{"@id":"https:\/\/epochtimestr.com\/index.php\/ozgur-ozel-hakkinda-yeni-fezleke-hazirlandi"},"wordCount":528,"commentCount":0,"publisher":{"@id":"https:\/\/epochtimestr.com\/#organization"},"image":{"@id":"https:\/\/epochtimestr.com\/index.php\/ozgur-ozel-hakkinda-yeni-fezleke-hazirlandi#primaryimage"},"thumbnailUrl":"https:\/\/epochtimestr.com\/wp-content\/uploads\/2011y\/ozgur-oze.webp","keywords":["Ankara Cumhuriyet Ba\u015fsavc\u0131l\u0131\u011f\u0131","fezleke","\u00d6zg\u00fcr \u00d6zel","tbmm","Veli A\u011fbaba"],"articleSection":["G\u00dcNDEM","MAN\u015eET","Siyaset"],"inLanguage":"tr","potentialAction":[{"@type":"CommentAction","name":"Comment","target":["https:\/\/epochtimestr.com\/index.php\/ozgur-ozel-hakkinda-yeni-fezleke-hazirlandi#respond"]}]},{"@type":"WebPage","@id":"https:\/\/epochtimestr.com\/index.php\/ozgur-ozel-hakkinda-yeni-fezleke-hazirlandi","url":"https:\/\/epochtimestr.com\/index.php\/ozgur-ozel-hakkinda-yeni-fezleke-hazirlandi","name":"\u00d6zg\u00fcr \u00d6zel Hakk\u0131nda Yeni Fezleke Haz\u0131rland\u0131 - The Epoch Times TR","isPartOf":{"@id":"https:\/\/epochtimestr.com\/#website"},"primaryImageOfPage":{"@id":"https:\/\/epochtimestr.com\/index.php\/ozgur-ozel-hakkinda-yeni-fezleke-hazirlandi#primaryimage"},"image":{"@id":"https:\/\/epochtimestr.com\/index.php\/ozgur-ozel-hakkinda-yeni-fezleke-hazirlandi#primaryimage"},"thumbnailUrl":"https:\/\/epochtimestr.com\/wp-content\/uploads\/2011y\/ozgur-oze.webp","datePublished":"2026-08-04T19:38:41+00:00","dateModified":"2026-08-04T19:38:43+00:00","description":"Yeni Parti Genel Ba\u015fkan\u0131, Manisa Milletvekili \u00d6zg\u00fcr \u00d6zel ile Malatya Milletvekili Veli A\u011fbaba hakk\u0131nda fezleke d\u00fczenlendi.","inLanguage":"tr","potentialAction":[{"@type":"ReadAction","target":["https:\/\/epochtimestr.com\/index.php\/ozgur-ozel-hakkinda-yeni-fezleke-hazirlandi"]}]},{"@type":"ImageObject","inLanguage":"tr","@id":"https:\/\/epochtimestr.com\/index.php\/ozgur-ozel-hakkinda-yeni-fezleke-hazirlandi#primaryimage","url":"https:\/\/epochtimestr.com\/wp-content\/uploads\/2011y\/ozgur-oze.webp","contentUrl":"https:\/\/epochtimestr.com\/wp-content\/uploads\/2011y\/ozgur-oze.webp","width":1280,"height":720},{"@type":"WebSite","@id":"https:\/\/epochtimestr.com\/#website","url":"https:\/\/epochtimestr.com\/","name":"The Epoch Times TR","description":"De\u011fi\u015fen D\u00fcnyam\u0131za Taze Bir Bak\u0131\u015f","publisher":{"@id":"https:\/\/epochtimestr.com\/#organization"},"potentialAction":[{"@type":"SearchAction","target":{"@type":"EntryPoint","urlTemplate":"https:\/\/epochtimestr.com\/?s={search_term_string}"},"query-input":"required name=search_term_string"}],"inLanguage":"tr"},{"@type":"Organization","@id":"https:\/\/epochtimestr.com\/#organization","name":"The EpochTimes T\u00fcrkiye","url":"https:\/\/epochtimestr.com\/","logo":{"@type":"ImageObject","inLanguage":"tr","@id":"https:\/\/epochtimestr.com\/#\/schema\/logo\/image\/","url":"https:\/\/epochtimestr.com\/wp-content\/uploads\/2011y\/ET-Logo-YG.jpg","contentUrl":"https:\/\/epochtimestr.com\/wp-content\/uploads\/2011y\/ET-Logo-YG.jpg","width":346,"height":29,"caption":"The EpochTimes T\u00fcrkiye"},"image":{"@id":"https:\/\/epochtimestr.com\/#\/schema\/logo\/image\/"},"sameAs":["https:\/\/www.facebook.com\/theepochtimestr","https:\/\/x.com\/TheEpochTimesTR","https:\/\/www.instagram.com\/epochtimestr"]},{"@type":"Person","@id":"https:\/\/epochtimestr.com\/#\/schema\/person\/3dc5c3adeb9f43923c5aa85889172fdd","name":"Haber Merkezi","image":{"@type":"ImageObject","inLanguage":"tr","@id":"https:\/\/epochtimestr.com\/#\/schema\/person\/image\/","url":"https:\/\/secure.gravatar.com\/avatar\/d73f772ba5a74f28601361e17c2f93e6?s=96&d=mm&r=g","contentUrl":"https:\/\/secure.gravatar.com\/avatar\/d73f772ba5a74f28601361e17c2f93e6?s=96&d=mm&r=g","caption":"Haber Merkezi"},"url":"https:\/\/epochtimestr.com\/index.php\/author\/sendag"}]}},"_links":{"self":[{"href":"https:\/\/epochtimestr.com\/index.php\/wp-json\/wp\/v2\/posts\/169803"}],"collection":[{"href":"https:\/\/epochtimestr.com\/index.php\/wp-json\/wp\/v2\/posts"}],"about":[{"href":"https:\/\/epochtimestr.com\/index.php\/wp-json\/wp\/v2\/types\/post"}],"author":[{"embeddable":true,"href":"https:\/\/epochtimestr.com\/index.php\/wp-json\/wp\/v2\/users\/12791"}],"replies":[{"embeddable":true,"href":"https:\/\/epochtimestr.com\/index.php\/wp-json\/wp\/v2\/comments?post=169803"}],"version-history":[{"count":2,"href":"https:\/\/epochtimestr.com\/index.php\/wp-json\/wp\/v2\/posts\/169803\/revisions"}],"predecessor-version":[{"id":169808,"href":"https:\/\/epochtimestr.com\/index.php\/wp-json\/wp\/v2\/posts\/169803\/revisions\/169808"}],"wp:featuredmedia":[{"embeddable":true,"href":"https:\/\/epochtimestr.com\/index.php\/wp-json\/wp\/v2\/media\/169804"}],"wp:attachment":[{"href":"https:\/\/epochtimestr.com\/index.php\/wp-json\/wp\/v2\/media?parent=169803"}],"wp:term":[{"taxonomy":"category","embeddable":true,"href":"https:\/\/epochtimestr.com\/index.php\/wp-json\/wp\/v2\/categories?post=169803"},{"taxonomy":"post_tag","embeddable":true,"href":"https:\/\/epochtimestr.com\/index.php\/wp-json\/wp\/v2\/tags?post=169803"}],"curies":[{"name":"wp","href":"https:\/\/api.w.org\/{rel}","templated":true}]}}