{"id":169809,"date":"2026-08-05T13:21:17","date_gmt":"2026-08-05T10:21:17","guid":{"rendered":"https:\/\/epochtimestr.com\/?p=169809"},"modified":"2026-08-05T13:21:18","modified_gmt":"2026-08-05T10:21:18","slug":"tbmmde-cerceve-yasa-trafigi","status":"publish","type":"post","link":"https:\/\/epochtimestr.com\/index.php\/tbmmde-cerceve-yasa-trafigi","title":{"rendered":"TBMM&#8217;de &#8220;\u00c7er\u00e7eve Yasa&#8221; Trafi\u011fi"},"content":{"rendered":"<div class=\"wp-block-image\">\n<figure class=\"aligncenter size-full\"><img loading=\"lazy\" decoding=\"async\" width=\"678\" height=\"452\" src=\"https:\/\/epochtimestr.com\/wp-content\/uploads\/2011y\/tbmm-15.jpg\" alt=\"TBMM'de &quot;\u00c7er\u00e7eve Yasa&quot; trafi\u011fi h\u0131zlan\u0131yor. Devlet Bah\u00e7eli kanun teklifini imzalad\u0131. (Foto\u011fraf: TBMM resmi sitesi)\" class=\"wp-image-169810\" srcset=\"https:\/\/epochtimestr.com\/wp-content\/uploads\/2011y\/tbmm-15.jpg 678w, https:\/\/epochtimestr.com\/wp-content\/uploads\/2011y\/tbmm-15-300x200.jpg 300w, https:\/\/epochtimestr.com\/wp-content\/uploads\/2011y\/tbmm-15-150x100.jpg 150w\" sizes=\"(max-width: 678px) 100vw, 678px\" \/><figcaption class=\"wp-element-caption\">TBMM&#8217;de &#8220;\u00c7er\u00e7eve Yasa&#8221; trafi\u011fi h\u0131zlan\u0131yor. Devlet Bah\u00e7eli kanun teklifini imzalad\u0131. (Foto\u011fraf: TBMM resmi sitesi)<\/figcaption><\/figure><\/div>\n\n\n<h2 class=\"wp-block-heading\">\u00c7er\u00e7eve yasa, AK Parti grubunda imzaya da a\u00e7\u0131ld\u0131. MHP grubunda ise ilk imzay\u0131 Genel Ba\u015fkan\u0131 Devlet Bah\u00e7eli att\u0131.<\/h2>\n\n\n\n<p>12 maddeden olu\u015ftu\u011fu belirtilen kanun teklifi \u201cMilli Dayan\u0131\u015fma ve Toplumsal B\u00fct\u00fcnle\u015fmenin G\u00fc\u00e7lendirilmesine Dair Kanun Teklifi\u201d ba\u015fl\u0131\u011f\u0131n\u0131 ta\u015f\u0131yacak. Ter\u00f6rs\u00fcz T\u00fcrkiye s\u00fcreci kapsam\u0131nda Meclis\u2019te kurulan komisyon, ilk toplant\u0131s\u0131n\u0131 5 A\u011fustos 2025\u2019te yapm\u0131\u015ft\u0131. \u00c7er\u00e7eve yasa Meclis\u2019e, tam 1 y\u0131l sonra, komisyonun ilk toplant\u0131s\u0131n\u0131 yapt\u0131\u011f\u0131 5 A\u011fustos\u2019ta sunuluyor.<\/p>\n\n\n\n<p>\u201cMilli Dayan\u0131\u015fma ve Toplumsal B\u00fct\u00fcnle\u015fmenin G\u00fc\u00e7lendirilmesine Dair Kanun Teklifi\u201d ad\u0131 verilen d\u00fczenleme 10 maddeden olu\u015fuyor. Teklifin bug\u00fcn <a href=\"https:\/\/epochtimestr.com\/index.php\/ozgur-ozel-chp-ile-akp-arasindaki-ilk-is-birligini-acikladi\" target=\"_blank\" rel=\"noreferrer noopener\">AKP<\/a>, <a href=\"https:\/\/epochtimestr.com\/index.php\/murat-emir-mhp-lideri-bahcelinin-aciklamasina-yanit-verdi\" target=\"_blank\" rel=\"noreferrer noopener\">MHP <\/a>ve <a href=\"https:\/\/epochtimestr.com\/index.php\/ucum-yeni-parti-konusu-magazin-tartismasindan-oteye-gidemez\" target=\"_blank\" rel=\"noreferrer noopener\">DEM<\/a> Parti\u2019nin ortak imzas\u0131yla TBMM Ba\u015fkanl\u0131\u011f\u0131\u2019na sunulmas\u0131 bekleniyor. Ter\u00f6rs\u00fcz T\u00fcrkiye s\u00fcreci, MHP lideri Devlet Bah\u00e7eli\u2019nin 1 Ekim 2024\u2019te Meclis\u2019te DEM Partililerle tokala\u015fmas\u0131yla ba\u015flam\u0131\u015ft\u0131. <a href=\"https:\/\/epochtimestr.com\/index.php\/bahceliden-cerceve-yasaya-tam-destek-cagrisi\" target=\"_blank\" rel=\"noreferrer noopener\">S\u00fcrecin mimar\u0131<\/a> Bah\u00e7eli, kanun teklifine ilk imzay\u0131 att\u0131.<\/p>\n\n\n\n<p>MHP Genel Ba\u015fkan\u0131 Devlet Bah\u00e7eli, ya\u015fanan &#8216;kriz&#8217; nedeniyle Meclise sunulmas\u0131 ertelenen &#8216;\u00e7er\u00e7eve yasa&#8217; konusunda pazar g\u00fcn\u00fc T\u00fcrkg\u00fcn&#8217;de yay\u0131mlanan s\u00f6yle\u015fisinde, &#8220;Bu mesele siyaset \u00fcst\u00fc bir konu olarak g\u00f6r\u00fclmeli, \u00e7er\u00e7eve yasaya tam destek verilmelidir&#8221; demi\u015fti. Di\u011fer siyasi parti gruplar\u0131yla da ortak imza i\u00e7in g\u00f6r\u00fc\u015fmeler y\u00fcr\u00fctt\u00fc\u011f\u00fc belirtildi. \u0130mzalar\u0131n ard\u0131ndan meclise sunulacak &#8216;\u00e7er\u00e7eve yasa&#8217; teklifinin ismi belli oldu.<\/p>\n\n\n\n<p>Teklifin son haz\u0131rl\u0131klar\u0131 kapsam\u0131nda d\u00fcn TBMM&#8217;de bir toplant\u0131 yap\u0131ld\u0131. TBMM Ba\u015fkan\u0131 Numan Kurtulmu\u015f, AKP Genel Ba\u015fkanvekili Efkan \u00c2l\u00e2, AKP S\u00f6zc\u00fcs\u00fc \u00d6mer \u00c7elik ve AKP Grup Ba\u015fkan\u0131 Abdullah G\u00fcler bir araya geldi.<\/p>\n\n\n\n<p>AKP Grup Ba\u015fkan\u0131 Abdullah G\u00fcler imzas\u0131yla AKP&#8217;li milletvekillerine g\u00f6nderilen duyuruda, &#8220;Grup Ba\u015fkanl\u0131\u011f\u0131m\u0131zca &#8216;\u00c7er\u00e7eve Kanun Teklifi&#8217;ni t\u00fcm milletvekillerimizin eksiksiz imzalamalar\u0131 karar\u0131 al\u0131nm\u0131\u015ft\u0131r. Grup Y\u00f6netim Kurulu salonumuzda imzaya a\u00e7\u0131lan teklifi 4 A\u011fustos 2026 Sal\u0131 g\u00fcn\u00fc saat 17.00&#8217;e kadar imzalaman\u0131z gerekmektedir&#8221; denildi.<\/p>\n\n\n\n<p>DEM Parti \u0130mral\u0131 heyeti Pazartesi g\u00fcn\u00fc, Pazar g\u00fcn\u00fc g\u00f6r\u00fc\u015ft\u00fckleri Abdullah \u00d6calan&#8217;\u0131n \u00e7er\u00e7eve yasa ile ilgili, &#8220;En az Cumhuriyet&#8217;in kurulu\u015fu kadar \u00f6nemli olacak bir demokratikle\u015fme s\u00fcrecinin ba\u015flang\u0131c\u0131nday\u0131z&#8221; notunu payla\u015ft\u0131.<\/p>\n","protected":false},"excerpt":{"rendered":"<p>\u00c7er\u00e7eve yasa, AK Parti grubunda imzaya da a\u00e7\u0131ld\u0131. MHP grubunda ise ilk imzay\u0131 Genel Ba\u015fkan\u0131 Devlet Bah\u00e7eli att\u0131. 12 maddeden olu\u015ftu\u011fu belirtilen kanun teklifi \u201cMilli Dayan\u0131\u015fma ve Toplumsal B\u00fct\u00fcnle\u015fmenin G\u00fc\u00e7lendirilmesine Dair Kanun Teklifi\u201d ba\u015fl\u0131\u011f\u0131n\u0131 ta\u015f\u0131yacak. Ter\u00f6rs\u00fcz T\u00fcrkiye s\u00fcreci kapsam\u0131nda Meclis\u2019te kurulan komisyon, ilk toplant\u0131s\u0131n\u0131 5 A\u011fustos 2025\u2019te yapm\u0131\u015ft\u0131. \u00c7er\u00e7eve yasa Meclis\u2019e, tam 1 y\u0131l sonra, [&hellip;]<\/p>\n","protected":false},"author":12791,"featured_media":169810,"comment_status":"open","ping_status":"open","sticky":false,"template":"","format":"standard","meta":{"_yoast_wpseo_focuskw":"\u00e7er\u00e7eve yasa","_yoast_wpseo_title":"","_yoast_wpseo_metadesc":"\u00c7er\u00e7eve yasa, AK Parti grubunda imzaya da a\u00e7\u0131ld\u0131. MHP grubunda ise ilk imzay\u0131 Genel Ba\u015fkan\u0131 Devlet Bah\u00e7eli att\u0131.","_bbp_topic_count":0,"_bbp_reply_count":0,"_bbp_total_topic_count":0,"_bbp_total_reply_count":0,"_bbp_voice_count":0,"_bbp_anonymous_reply_count":0,"_bbp_topic_count_hidden":0,"_bbp_reply_count_hidden":0,"_bbp_forum_subforum_count":0,"footnotes":"","_yoast_wpseo_focuskw_text_input":""},"categories":[1,8138,8226],"tags":[3102,1017,12023,8561,2126,1018,1200],"yoast_head":"<!-- This site is optimized with the Yoast SEO plugin v23.0 - https:\/\/yoast.com\/wordpress\/plugins\/seo\/ -->\n<title>TBMM&#039;de &quot;\u00c7er\u00e7eve Yasa&quot; Trafi\u011fi - The Epoch Times TR<\/title>\n<meta name=\"description\" content=\"\u00c7er\u00e7eve yasa, AK Parti grubunda imzaya da a\u00e7\u0131ld\u0131. MHP grubunda ise ilk imzay\u0131 Genel Ba\u015fkan\u0131 Devlet Bah\u00e7eli att\u0131.\" \/>\n<meta name=\"robots\" content=\"index, follow, max-snippet:-1, max-image-preview:large, max-video-preview:-1\" \/>\n<link rel=\"canonical\" href=\"https:\/\/epochtimestr.com\/index.php\/tbmmde-cerceve-yasa-trafigi\" \/>\n<meta property=\"og:locale\" content=\"tr_TR\" \/>\n<meta property=\"og:type\" content=\"article\" \/>\n<meta property=\"og:title\" content=\"TBMM&#039;de &quot;\u00c7er\u00e7eve Yasa&quot; Trafi\u011fi - The Epoch Times TR\" \/>\n<meta property=\"og:description\" content=\"\u00c7er\u00e7eve yasa, AK Parti grubunda imzaya da a\u00e7\u0131ld\u0131. MHP grubunda ise ilk imzay\u0131 Genel Ba\u015fkan\u0131 Devlet Bah\u00e7eli att\u0131.\" \/>\n<meta property=\"og:url\" content=\"https:\/\/epochtimestr.com\/index.php\/tbmmde-cerceve-yasa-trafigi\" \/>\n<meta property=\"og:site_name\" content=\"The Epoch Times TR\" \/>\n<meta property=\"article:publisher\" content=\"https:\/\/www.facebook.com\/theepochtimestr\" \/>\n<meta property=\"article:published_time\" content=\"2026-08-05T10:21:17+00:00\" \/>\n<meta property=\"article:modified_time\" content=\"2026-08-05T10:21:18+00:00\" \/>\n<meta property=\"og:image\" content=\"https:\/\/epochtimestr.com\/wp-content\/uploads\/2011y\/tbmm-15.jpg\" \/>\n\t<meta property=\"og:image:width\" content=\"678\" \/>\n\t<meta property=\"og:image:height\" content=\"452\" \/>\n\t<meta property=\"og:image:type\" content=\"image\/jpeg\" \/>\n<meta name=\"author\" content=\"Haber Merkezi\" \/>\n<meta name=\"twitter:card\" content=\"summary_large_image\" \/>\n<meta name=\"twitter:creator\" content=\"@TheEpochTimesTR\" \/>\n<meta name=\"twitter:site\" content=\"@TheEpochTimesTR\" \/>\n<meta name=\"twitter:label1\" content=\"Yazan:\" \/>\n\t<meta name=\"twitter:data1\" content=\"Haber Merkezi\" \/>\n\t<meta name=\"twitter:label2\" content=\"Tahmini okuma s\u00fcresi\" \/>\n\t<meta name=\"twitter:data2\" content=\"3 dakika\" \/>\n<script type=\"application\/ld+json\" class=\"yoast-schema-graph\">{\"@context\":\"https:\/\/schema.org\",\"@graph\":[{\"@type\":\"Article\",\"@id\":\"https:\/\/epochtimestr.com\/index.php\/tbmmde-cerceve-yasa-trafigi#article\",\"isPartOf\":{\"@id\":\"https:\/\/epochtimestr.com\/index.php\/tbmmde-cerceve-yasa-trafigi\"},\"author\":{\"name\":\"Haber Merkezi\",\"@id\":\"https:\/\/epochtimestr.com\/#\/schema\/person\/3dc5c3adeb9f43923c5aa85889172fdd\"},\"headline\":\"TBMM&#8217;de &#8220;\u00c7er\u00e7eve Yasa&#8221; Trafi\u011fi\",\"datePublished\":\"2026-08-05T10:21:17+00:00\",\"dateModified\":\"2026-08-05T10:21:18+00:00\",\"mainEntityOfPage\":{\"@id\":\"https:\/\/epochtimestr.com\/index.php\/tbmmde-cerceve-yasa-trafigi\"},\"wordCount\":409,\"commentCount\":0,\"publisher\":{\"@id\":\"https:\/\/epochtimestr.com\/#organization\"},\"image\":{\"@id\":\"https:\/\/epochtimestr.com\/index.php\/tbmmde-cerceve-yasa-trafigi#primaryimage\"},\"thumbnailUrl\":\"https:\/\/epochtimestr.com\/wp-content\/uploads\/2011y\/tbmm-15.jpg\",\"keywords\":[\"Abdullah \u00d6calan\",\"AKP\",\"\u00c7er\u00e7eve Yasa\",\"dem parti\",\"Devlet bah\u00e7eli\",\"MHP\",\"tbmm\"],\"articleSection\":[\"G\u00dcNDEM\",\"MAN\u015eET\",\"Siyaset\"],\"inLanguage\":\"tr\",\"potentialAction\":[{\"@type\":\"CommentAction\",\"name\":\"Comment\",\"target\":[\"https:\/\/epochtimestr.com\/index.php\/tbmmde-cerceve-yasa-trafigi#respond\"]}]},{\"@type\":\"WebPage\",\"@id\":\"https:\/\/epochtimestr.com\/index.php\/tbmmde-cerceve-yasa-trafigi\",\"url\":\"https:\/\/epochtimestr.com\/index.php\/tbmmde-cerceve-yasa-trafigi\",\"name\":\"TBMM'de \\\"\u00c7er\u00e7eve Yasa\\\" Trafi\u011fi - The Epoch Times TR\",\"isPartOf\":{\"@id\":\"https:\/\/epochtimestr.com\/#website\"},\"primaryImageOfPage\":{\"@id\":\"https:\/\/epochtimestr.com\/index.php\/tbmmde-cerceve-yasa-trafigi#primaryimage\"},\"image\":{\"@id\":\"https:\/\/epochtimestr.com\/index.php\/tbmmde-cerceve-yasa-trafigi#primaryimage\"},\"thumbnailUrl\":\"https:\/\/epochtimestr.com\/wp-content\/uploads\/2011y\/tbmm-15.jpg\",\"datePublished\":\"2026-08-05T10:21:17+00:00\",\"dateModified\":\"2026-08-05T10:21:18+00:00\",\"description\":\"\u00c7er\u00e7eve yasa, AK Parti grubunda imzaya da a\u00e7\u0131ld\u0131. MHP grubunda ise ilk imzay\u0131 Genel Ba\u015fkan\u0131 Devlet Bah\u00e7eli att\u0131.\",\"inLanguage\":\"tr\",\"potentialAction\":[{\"@type\":\"ReadAction\",\"target\":[\"https:\/\/epochtimestr.com\/index.php\/tbmmde-cerceve-yasa-trafigi\"]}]},{\"@type\":\"ImageObject\",\"inLanguage\":\"tr\",\"@id\":\"https:\/\/epochtimestr.com\/index.php\/tbmmde-cerceve-yasa-trafigi#primaryimage\",\"url\":\"https:\/\/epochtimestr.com\/wp-content\/uploads\/2011y\/tbmm-15.jpg\",\"contentUrl\":\"https:\/\/epochtimestr.com\/wp-content\/uploads\/2011y\/tbmm-15.jpg\",\"width\":678,\"height\":452},{\"@type\":\"WebSite\",\"@id\":\"https:\/\/epochtimestr.com\/#website\",\"url\":\"https:\/\/epochtimestr.com\/\",\"name\":\"The Epoch Times TR\",\"description\":\"De\u011fi\u015fen D\u00fcnyam\u0131za Taze Bir Bak\u0131\u015f\",\"publisher\":{\"@id\":\"https:\/\/epochtimestr.com\/#organization\"},\"potentialAction\":[{\"@type\":\"SearchAction\",\"target\":{\"@type\":\"EntryPoint\",\"urlTemplate\":\"https:\/\/epochtimestr.com\/?s={search_term_string}\"},\"query-input\":\"required name=search_term_string\"}],\"inLanguage\":\"tr\"},{\"@type\":\"Organization\",\"@id\":\"https:\/\/epochtimestr.com\/#organization\",\"name\":\"The EpochTimes T\u00fcrkiye\",\"url\":\"https:\/\/epochtimestr.com\/\",\"logo\":{\"@type\":\"ImageObject\",\"inLanguage\":\"tr\",\"@id\":\"https:\/\/epochtimestr.com\/#\/schema\/logo\/image\/\",\"url\":\"https:\/\/epochtimestr.com\/wp-content\/uploads\/2011y\/ET-Logo-YG.jpg\",\"contentUrl\":\"https:\/\/epochtimestr.com\/wp-content\/uploads\/2011y\/ET-Logo-YG.jpg\",\"width\":346,\"height\":29,\"caption\":\"The EpochTimes T\u00fcrkiye\"},\"image\":{\"@id\":\"https:\/\/epochtimestr.com\/#\/schema\/logo\/image\/\"},\"sameAs\":[\"https:\/\/www.facebook.com\/theepochtimestr\",\"https:\/\/x.com\/TheEpochTimesTR\",\"https:\/\/www.instagram.com\/epochtimestr\"]},{\"@type\":\"Person\",\"@id\":\"https:\/\/epochtimestr.com\/#\/schema\/person\/3dc5c3adeb9f43923c5aa85889172fdd\",\"name\":\"Haber Merkezi\",\"image\":{\"@type\":\"ImageObject\",\"inLanguage\":\"tr\",\"@id\":\"https:\/\/epochtimestr.com\/#\/schema\/person\/image\/\",\"url\":\"https:\/\/secure.gravatar.com\/avatar\/d73f772ba5a74f28601361e17c2f93e6?s=96&d=mm&r=g\",\"contentUrl\":\"https:\/\/secure.gravatar.com\/avatar\/d73f772ba5a74f28601361e17c2f93e6?s=96&d=mm&r=g\",\"caption\":\"Haber Merkezi\"},\"url\":\"https:\/\/epochtimestr.com\/index.php\/author\/sendag\"}]}<\/script>\n<!-- \/ Yoast SEO plugin. -->","yoast_head_json":{"title":"TBMM'de \"\u00c7er\u00e7eve Yasa\" Trafi\u011fi - The Epoch Times TR","description":"\u00c7er\u00e7eve yasa, AK Parti grubunda imzaya da a\u00e7\u0131ld\u0131. MHP grubunda ise ilk imzay\u0131 Genel Ba\u015fkan\u0131 Devlet Bah\u00e7eli att\u0131.","robots":{"index":"index","follow":"follow","max-snippet":"max-snippet:-1","max-image-preview":"max-image-preview:large","max-video-preview":"max-video-preview:-1"},"canonical":"https:\/\/epochtimestr.com\/index.php\/tbmmde-cerceve-yasa-trafigi","og_locale":"tr_TR","og_type":"article","og_title":"TBMM'de \"\u00c7er\u00e7eve Yasa\" Trafi\u011fi - The Epoch Times TR","og_description":"\u00c7er\u00e7eve yasa, AK Parti grubunda imzaya da a\u00e7\u0131ld\u0131. MHP grubunda ise ilk imzay\u0131 Genel Ba\u015fkan\u0131 Devlet Bah\u00e7eli att\u0131.","og_url":"https:\/\/epochtimestr.com\/index.php\/tbmmde-cerceve-yasa-trafigi","og_site_name":"The Epoch Times TR","article_publisher":"https:\/\/www.facebook.com\/theepochtimestr","article_published_time":"2026-08-05T10:21:17+00:00","article_modified_time":"2026-08-05T10:21:18+00:00","og_image":[{"width":678,"height":452,"url":"https:\/\/epochtimestr.com\/wp-content\/uploads\/2011y\/tbmm-15.jpg","type":"image\/jpeg"}],"author":"Haber Merkezi","twitter_card":"summary_large_image","twitter_creator":"@TheEpochTimesTR","twitter_site":"@TheEpochTimesTR","twitter_misc":{"Yazan:":"Haber Merkezi","Tahmini okuma s\u00fcresi":"3 dakika"},"schema":{"@context":"https:\/\/schema.org","@graph":[{"@type":"Article","@id":"https:\/\/epochtimestr.com\/index.php\/tbmmde-cerceve-yasa-trafigi#article","isPartOf":{"@id":"https:\/\/epochtimestr.com\/index.php\/tbmmde-cerceve-yasa-trafigi"},"author":{"name":"Haber Merkezi","@id":"https:\/\/epochtimestr.com\/#\/schema\/person\/3dc5c3adeb9f43923c5aa85889172fdd"},"headline":"TBMM&#8217;de &#8220;\u00c7er\u00e7eve Yasa&#8221; Trafi\u011fi","datePublished":"2026-08-05T10:21:17+00:00","dateModified":"2026-08-05T10:21:18+00:00","mainEntityOfPage":{"@id":"https:\/\/epochtimestr.com\/index.php\/tbmmde-cerceve-yasa-trafigi"},"wordCount":409,"commentCount":0,"publisher":{"@id":"https:\/\/epochtimestr.com\/#organization"},"image":{"@id":"https:\/\/epochtimestr.com\/index.php\/tbmmde-cerceve-yasa-trafigi#primaryimage"},"thumbnailUrl":"https:\/\/epochtimestr.com\/wp-content\/uploads\/2011y\/tbmm-15.jpg","keywords":["Abdullah \u00d6calan","AKP","\u00c7er\u00e7eve Yasa","dem parti","Devlet bah\u00e7eli","MHP","tbmm"],"articleSection":["G\u00dcNDEM","MAN\u015eET","Siyaset"],"inLanguage":"tr","potentialAction":[{"@type":"CommentAction","name":"Comment","target":["https:\/\/epochtimestr.com\/index.php\/tbmmde-cerceve-yasa-trafigi#respond"]}]},{"@type":"WebPage","@id":"https:\/\/epochtimestr.com\/index.php\/tbmmde-cerceve-yasa-trafigi","url":"https:\/\/epochtimestr.com\/index.php\/tbmmde-cerceve-yasa-trafigi","name":"TBMM'de \"\u00c7er\u00e7eve Yasa\" Trafi\u011fi - The Epoch Times TR","isPartOf":{"@id":"https:\/\/epochtimestr.com\/#website"},"primaryImageOfPage":{"@id":"https:\/\/epochtimestr.com\/index.php\/tbmmde-cerceve-yasa-trafigi#primaryimage"},"image":{"@id":"https:\/\/epochtimestr.com\/index.php\/tbmmde-cerceve-yasa-trafigi#primaryimage"},"thumbnailUrl":"https:\/\/epochtimestr.com\/wp-content\/uploads\/2011y\/tbmm-15.jpg","datePublished":"2026-08-05T10:21:17+00:00","dateModified":"2026-08-05T10:21:18+00:00","description":"\u00c7er\u00e7eve yasa, AK Parti grubunda imzaya da a\u00e7\u0131ld\u0131. MHP grubunda ise ilk imzay\u0131 Genel Ba\u015fkan\u0131 Devlet Bah\u00e7eli att\u0131.","inLanguage":"tr","potentialAction":[{"@type":"ReadAction","target":["https:\/\/epochtimestr.com\/index.php\/tbmmde-cerceve-yasa-trafigi"]}]},{"@type":"ImageObject","inLanguage":"tr","@id":"https:\/\/epochtimestr.com\/index.php\/tbmmde-cerceve-yasa-trafigi#primaryimage","url":"https:\/\/epochtimestr.com\/wp-content\/uploads\/2011y\/tbmm-15.jpg","contentUrl":"https:\/\/epochtimestr.com\/wp-content\/uploads\/2011y\/tbmm-15.jpg","width":678,"height":452},{"@type":"WebSite","@id":"https:\/\/epochtimestr.com\/#website","url":"https:\/\/epochtimestr.com\/","name":"The Epoch Times TR","description":"De\u011fi\u015fen D\u00fcnyam\u0131za Taze Bir Bak\u0131\u015f","publisher":{"@id":"https:\/\/epochtimestr.com\/#organization"},"potentialAction":[{"@type":"SearchAction","target":{"@type":"EntryPoint","urlTemplate":"https:\/\/epochtimestr.com\/?s={search_term_string}"},"query-input":"required name=search_term_string"}],"inLanguage":"tr"},{"@type":"Organization","@id":"https:\/\/epochtimestr.com\/#organization","name":"The EpochTimes T\u00fcrkiye","url":"https:\/\/epochtimestr.com\/","logo":{"@type":"ImageObject","inLanguage":"tr","@id":"https:\/\/epochtimestr.com\/#\/schema\/logo\/image\/","url":"https:\/\/epochtimestr.com\/wp-content\/uploads\/2011y\/ET-Logo-YG.jpg","contentUrl":"https:\/\/epochtimestr.com\/wp-content\/uploads\/2011y\/ET-Logo-YG.jpg","width":346,"height":29,"caption":"The EpochTimes T\u00fcrkiye"},"image":{"@id":"https:\/\/epochtimestr.com\/#\/schema\/logo\/image\/"},"sameAs":["https:\/\/www.facebook.com\/theepochtimestr","https:\/\/x.com\/TheEpochTimesTR","https:\/\/www.instagram.com\/epochtimestr"]},{"@type":"Person","@id":"https:\/\/epochtimestr.com\/#\/schema\/person\/3dc5c3adeb9f43923c5aa85889172fdd","name":"Haber Merkezi","image":{"@type":"ImageObject","inLanguage":"tr","@id":"https:\/\/epochtimestr.com\/#\/schema\/person\/image\/","url":"https:\/\/secure.gravatar.com\/avatar\/d73f772ba5a74f28601361e17c2f93e6?s=96&d=mm&r=g","contentUrl":"https:\/\/secure.gravatar.com\/avatar\/d73f772ba5a74f28601361e17c2f93e6?s=96&d=mm&r=g","caption":"Haber Merkezi"},"url":"https:\/\/epochtimestr.com\/index.php\/author\/sendag"}]}},"_links":{"self":[{"href":"https:\/\/epochtimestr.com\/index.php\/wp-json\/wp\/v2\/posts\/169809"}],"collection":[{"href":"https:\/\/epochtimestr.com\/index.php\/wp-json\/wp\/v2\/posts"}],"about":[{"href":"https:\/\/epochtimestr.com\/index.php\/wp-json\/wp\/v2\/types\/post"}],"author":[{"embeddable":true,"href":"https:\/\/epochtimestr.com\/index.php\/wp-json\/wp\/v2\/users\/12791"}],"replies":[{"embeddable":true,"href":"https:\/\/epochtimestr.com\/index.php\/wp-json\/wp\/v2\/comments?post=169809"}],"version-history":[{"count":2,"href":"https:\/\/epochtimestr.com\/index.php\/wp-json\/wp\/v2\/posts\/169809\/revisions"}],"predecessor-version":[{"id":169819,"href":"https:\/\/epochtimestr.com\/index.php\/wp-json\/wp\/v2\/posts\/169809\/revisions\/169819"}],"wp:featuredmedia":[{"embeddable":true,"href":"https:\/\/epochtimestr.com\/index.php\/wp-json\/wp\/v2\/media\/169810"}],"wp:attachment":[{"href":"https:\/\/epochtimestr.com\/index.php\/wp-json\/wp\/v2\/media?parent=169809"}],"wp:term":[{"taxonomy":"category","embeddable":true,"href":"https:\/\/epochtimestr.com\/index.php\/wp-json\/wp\/v2\/categories?post=169809"},{"taxonomy":"post_tag","embeddable":true,"href":"https:\/\/epochtimestr.com\/index.php\/wp-json\/wp\/v2\/tags?post=169809"}],"curies":[{"name":"wp","href":"https:\/\/api.w.org\/{rel}","templated":true}]}}