{"id":169812,"date":"2026-08-05T13:28:00","date_gmt":"2026-08-05T10:28:00","guid":{"rendered":"https:\/\/epochtimestr.com\/?p=169812"},"modified":"2026-08-05T13:28:02","modified_gmt":"2026-08-05T10:28:02","slug":"doruk-maden-iscileri-eyleminin-10-gunu","status":"publish","type":"post","link":"https:\/\/epochtimestr.com\/index.php\/doruk-maden-iscileri-eyleminin-10-gunu","title":{"rendered":"Doruk Maden \u0130\u015f\u00e7ileri Eyleminin 10. G\u00fcn\u00fc"},"content":{"rendered":"<div class=\"wp-block-image\">\n<figure class=\"aligncenter size-full\"><img loading=\"lazy\" decoding=\"async\" width=\"886\" height=\"477\" src=\"https:\/\/epochtimestr.com\/wp-content\/uploads\/2011y\/maden-iscileri.jpg\" alt=\"Doruk Maden i\u015f\u00e7ilerinin eylemi 10. g\u00fcn\u00fcnde. (Foto\u011fraf: T. Maden-\u0130\u015f Orta Anadolu \u015eube x hesab\u0131)\" class=\"wp-image-169813\" srcset=\"https:\/\/epochtimestr.com\/wp-content\/uploads\/2011y\/maden-iscileri.jpg 886w, https:\/\/epochtimestr.com\/wp-content\/uploads\/2011y\/maden-iscileri-300x162.jpg 300w, https:\/\/epochtimestr.com\/wp-content\/uploads\/2011y\/maden-iscileri-150x81.jpg 150w, https:\/\/epochtimestr.com\/wp-content\/uploads\/2011y\/maden-iscileri-768x413.jpg 768w\" sizes=\"(max-width: 886px) 100vw, 886px\" \/><figcaption class=\"wp-element-caption\">Doruk Maden i\u015f\u00e7ilerinin eylemi 10. g\u00fcn\u00fcnde. (Foto\u011fraf: T. Maden-\u0130\u015f Orta Anadolu \u015eube x hesab\u0131)<\/figcaption><\/figure><\/div>\n\n\n<h2 class=\"wp-block-heading\">Emniyet g\u00fc\u00e7leriyle yapt\u0131klar\u0131 anla\u015fma sonucunda her g\u00fcn farkl\u0131 eylemler ger\u00e7ekle\u015ftiren Doruk Maden i\u015f\u00e7ileri, bug\u00fcn Ulus Atat\u00fcrk Heykeli \u00f6n\u00fcnde bir araya gelerek Ankara Gar\u0131&#8217;na y\u00fcr\u00fcd\u00fc.<\/h2>\n\n\n\n<p>Madencilerin Meclis&#8217;e y\u00fcr\u00fcy\u00fc\u015f\u00fcne izin \u00e7\u0131kmad\u0131. Emniyet g\u00fc\u00e7leriyle yapt\u0131klar\u0131 anla\u015fma sonucunda her g\u00fcn farkl\u0131 eylemler ger\u00e7ekle\u015ftiren i\u015f\u00e7iler, bug\u00fcn Ulus Atat\u00fcrk Heykeli \u00f6n\u00fcnde bir araya gelerek Ankara Gar\u0131&#8217;na y\u00fcr\u00fcd\u00fc.<\/p>\n\n\n\n<p>\u0130\u015f\u00e7iler, TBMM\u2019de \u2018\u00e7er\u00e7eve yasa teklifi\u2019 \u00fczerine \u00e7al\u0131\u015fan milletvekillerinin kendilerine destek olmamas\u0131na tepki g\u00f6sterdi. Daha sonra i\u015f\u00e7iler, yetkililer taraf\u0131ndan TBMM\u2019ye \u00e7a\u011fr\u0131ld\u0131. Enerji ve Tabii Kaynaklar Bakanl\u0131\u011f\u0131 yetkilileriyle g\u00f6r\u00fc\u015fen i\u015f\u00e7iler, Doruk Madencilik yetkilileri hakk\u0131nda dava a\u00e7\u0131laca\u011f\u0131n\u0131, bu noktada kazan\u0131m elde edilebildi\u011fini aktard\u0131. \u0130\u015f\u00e7iler, \u00fccretleri \u00f6deninceye kadar Ankara\u2019da eylemlerini s\u00fcrd\u00fcrece\u011fini, bug\u00fcn Ku\u011fulu Park\u2019ta direni\u015fe devam edeceklerini belirtti.<\/p>\n\n\n\n<p>Aileler de Ankara&#8217;ya gelerek yak\u0131nlar\u0131na destek verirken maden i\u015f\u00e7ilerinin Ulus&#8217;tan Meclis&#8217;e y\u00fcr\u00fcmesi engellendi.<\/p>\n\n\n\n<figure class=\"wp-block-embed is-type-rich is-provider-x wp-block-embed-x\"><div class=\"wp-block-embed__wrapper\">\n<blockquote class=\"twitter-tweet\" data-width=\"550\" data-dnt=\"true\"><p lang=\"tr\" dir=\"ltr\">Hakl\u0131y\u0131z, hakk\u0131m\u0131z\u0131 istiyoruz!<a href=\"https:\/\/t.co\/ACtQL2VwBS\">https:\/\/t.co\/ACtQL2VwBS<\/a><\/p>&mdash; T\u00fcrkiye Maden \u0130\u015f\u00e7ileri Sendikas\u0131 (@tr_madenis) <a href=\"https:\/\/x.com\/tr_madenis\/status\/2084603398293237920?ref_src=twsrc%5Etfw\">August 4, 2026<\/a><\/blockquote><script async src=\"https:\/\/platform.x.com\/widgets.js\" charset=\"utf-8\"><\/script>\n<\/div><\/figure>\n\n\n\n<p><br \/>Birka\u00e7 milletvekili haricinde kimse, madencileri ziyarete gitmedi. \u0130\u015f\u00e7iler, eylemlerine d\u00fcn Ulus Meydan\u0131\u2019nda devam etti. Ulus Meydan\u0131\u2019ndan TBMM\u2019ye y\u00fcr\u00fcyerek sorunlar\u0131n\u0131 Meclis\u2019e iletmek isteyen emek\u00e7iler, meydanda oturma eylemi yapt\u0131, baretlerini yere vurdu. Aileleriyle gelen i\u015f\u00e7ilerin \u00e7ocuklar\u0131 ve e\u015fleri de emek\u00e7ilerin sloganlar\u0131na e\u015flik ederek hak aray\u0131\u015flar\u0131na ortak oldu.<\/p>\n\n\n\n<p>T. Maden-\u0130\u015f Orta Anadolu \u015eube Ba\u015fkan\u0131 Talih Kocab\u0131y\u0131k, AKP Ankara Milletvekili ve eski \u00c7al\u0131\u015fma Bakan\u0131 Vedat Bilgin&#8217;in g\u00f6r\u00fc\u015fmelerde devreye girdi\u011fini ifade etti. Kocab\u0131y\u0131k: &#8220;Konfederasyonumuzun ba\u015fkan\u0131 bakanl\u0131klar\u0131m\u0131zla g\u00f6r\u00fc\u015fmeleri yapt\u0131. \u00c7al\u0131\u015fan arkada\u015flar\u0131m\u0131z\u0131n e\u015fleri, \u00e7al\u0131\u015fanlar, heyetle beraber eski bakan\u0131m\u0131z Vedat Bilgin ile toplant\u0131 yap\u0131ld\u0131. Orada kati kararlar al\u0131nd\u0131. <\/p>\n\n\n\n<p>Devletin k\u00fc\u00e7\u00fck d\u00fc\u015f\u00fcr\u00fclmesinden dolay\u0131 i\u015fveren dava a\u00e7\u0131laca\u011f\u0131 belirtildi. Burada bir ate\u015f yand\u0131, maalesef 8 g\u00fcn sonra yand\u0131. Alacaklar\u0131m\u0131z\u0131 almadan Ankara&#8217;dan d\u00f6nmeyece\u011fiz. M\u00fccadele devam edecek, in\u015fallah en k\u0131sa s\u00fcrede \u00e7are bulunur, devletimizi ve b\u00fct\u00fcn kurumlar\u0131n\u0131 bu hale getiren bu \u015fahsiyete gerekli yapt\u0131r\u0131mlar yap\u0131l\u0131r, herkes alaca\u011f\u0131n\u0131 al\u0131p huzurlu \u015fekilde eve d\u00f6ner&#8221; dedi.<\/p>\n\n\n\n<figure class=\"wp-block-embed is-type-rich is-provider-x wp-block-embed-x\"><div class=\"wp-block-embed__wrapper\">\n<blockquote class=\"twitter-tweet\" data-width=\"550\" data-dnt=\"true\"><p lang=\"tr\" dir=\"ltr\">Genel Ba\u015fkan\u0131m\u0131z Nurettin Ak\u00e7ul,  Doruk Madencilik ma\u011fduru i\u015f\u00e7ilerin Ulus meydan\u0131ndan TBMM &#39;ye y\u00fcr\u00fcy\u00fc\u015f\u00fc \u00f6ncesi bas\u0131n a\u00e7\u0131klamas\u0131 yapt\u0131. Ak\u00e7ul: &quot;Buradaki i\u015f\u00e7iler anar\u015fist de\u011fil, yolumuzu a\u00e7\u0131n y\u00fcr\u00fcy\u00fcp TBMM \u00f6n\u00fcnde bas\u0131n a\u00e7\u0131klamam\u0131z\u0131 yapal\u0131m, sesimizi duyural\u0131m&quot; dedi.\u2026<\/p>&mdash; T\u00fcrkiye Maden \u0130\u015f\u00e7ileri Sendikas\u0131 (@tr_madenis) <a href=\"https:\/\/x.com\/tr_madenis\/status\/2084573127162397016?ref_src=twsrc%5Etfw\">August 4, 2026<\/a><\/blockquote><script async src=\"https:\/\/platform.x.com\/widgets.js\" charset=\"utf-8\"><\/script>\n<\/div><\/figure>\n","protected":false},"excerpt":{"rendered":"<p>Emniyet g\u00fc\u00e7leriyle yapt\u0131klar\u0131 anla\u015fma sonucunda her g\u00fcn farkl\u0131 eylemler ger\u00e7ekle\u015ftiren Doruk Maden i\u015f\u00e7ileri, bug\u00fcn Ulus Atat\u00fcrk Heykeli \u00f6n\u00fcnde bir araya gelerek Ankara Gar\u0131&#8217;na y\u00fcr\u00fcd\u00fc. Madencilerin Meclis&#8217;e y\u00fcr\u00fcy\u00fc\u015f\u00fcne izin \u00e7\u0131kmad\u0131. Emniyet g\u00fc\u00e7leriyle yapt\u0131klar\u0131 anla\u015fma sonucunda her g\u00fcn farkl\u0131 eylemler ger\u00e7ekle\u015ftiren i\u015f\u00e7iler, bug\u00fcn Ulus Atat\u00fcrk Heykeli \u00f6n\u00fcnde bir araya gelerek Ankara Gar\u0131&#8217;na y\u00fcr\u00fcd\u00fc. \u0130\u015f\u00e7iler, TBMM\u2019de \u2018\u00e7er\u00e7eve yasa [&hellip;]<\/p>\n","protected":false},"author":12791,"featured_media":169813,"comment_status":"open","ping_status":"open","sticky":false,"template":"","format":"standard","meta":{"_yoast_wpseo_focuskw":"Doruk Maden","_yoast_wpseo_title":"","_yoast_wpseo_metadesc":"Her g\u00fcn farkl\u0131 eylemler ger\u00e7ekle\u015ftiren Doruk Maden i\u015f\u00e7ileri, bug\u00fcn Ulus Atat\u00fcrk Heykeli \u00f6n\u00fcnde bir araya gelerek Ankara Gar\u0131'na y\u00fcr\u00fcd\u00fc.","_bbp_topic_count":0,"_bbp_reply_count":0,"_bbp_total_topic_count":0,"_bbp_total_reply_count":0,"_bbp_voice_count":0,"_bbp_anonymous_reply_count":0,"_bbp_topic_count_hidden":0,"_bbp_reply_count_hidden":0,"_bbp_forum_subforum_count":0,"footnotes":"","_yoast_wpseo_focuskw_text_input":""},"categories":[1,8138,8226],"tags":[12056,11798,12057,12058],"yoast_head":"<!-- This site is optimized with the Yoast SEO plugin v23.0 - https:\/\/yoast.com\/wordpress\/plugins\/seo\/ -->\n<title>Doruk Maden \u0130\u015f\u00e7ileri Eyleminin 10. G\u00fcn\u00fc - The Epoch Times TR<\/title>\n<meta name=\"description\" content=\"Her g\u00fcn farkl\u0131 eylemler ger\u00e7ekle\u015ftiren Doruk Maden i\u015f\u00e7ileri, bug\u00fcn Ulus Atat\u00fcrk Heykeli \u00f6n\u00fcnde bir araya gelerek Ankara Gar\u0131&#039;na y\u00fcr\u00fcd\u00fc.\" \/>\n<meta name=\"robots\" content=\"index, follow, max-snippet:-1, max-image-preview:large, max-video-preview:-1\" \/>\n<link rel=\"canonical\" href=\"https:\/\/epochtimestr.com\/index.php\/doruk-maden-iscileri-eyleminin-10-gunu\" \/>\n<meta property=\"og:locale\" content=\"tr_TR\" \/>\n<meta property=\"og:type\" content=\"article\" \/>\n<meta property=\"og:title\" content=\"Doruk Maden \u0130\u015f\u00e7ileri Eyleminin 10. G\u00fcn\u00fc - The Epoch Times TR\" \/>\n<meta property=\"og:description\" content=\"Her g\u00fcn farkl\u0131 eylemler ger\u00e7ekle\u015ftiren Doruk Maden i\u015f\u00e7ileri, bug\u00fcn Ulus Atat\u00fcrk Heykeli \u00f6n\u00fcnde bir araya gelerek Ankara Gar\u0131&#039;na y\u00fcr\u00fcd\u00fc.\" \/>\n<meta property=\"og:url\" content=\"https:\/\/epochtimestr.com\/index.php\/doruk-maden-iscileri-eyleminin-10-gunu\" \/>\n<meta property=\"og:site_name\" content=\"The Epoch Times TR\" \/>\n<meta property=\"article:publisher\" content=\"https:\/\/www.facebook.com\/theepochtimestr\" \/>\n<meta property=\"article:published_time\" content=\"2026-08-05T10:28:00+00:00\" \/>\n<meta property=\"article:modified_time\" content=\"2026-08-05T10:28:02+00:00\" \/>\n<meta property=\"og:image\" content=\"https:\/\/epochtimestr.com\/wp-content\/uploads\/2011y\/maden-iscileri.jpg\" \/>\n\t<meta property=\"og:image:width\" content=\"886\" \/>\n\t<meta property=\"og:image:height\" content=\"477\" \/>\n\t<meta property=\"og:image:type\" content=\"image\/jpeg\" \/>\n<meta name=\"author\" content=\"Haber Merkezi\" \/>\n<meta name=\"twitter:card\" content=\"summary_large_image\" \/>\n<meta name=\"twitter:creator\" content=\"@TheEpochTimesTR\" \/>\n<meta name=\"twitter:site\" content=\"@TheEpochTimesTR\" \/>\n<meta name=\"twitter:label1\" content=\"Yazan:\" \/>\n\t<meta name=\"twitter:data1\" content=\"Haber Merkezi\" \/>\n\t<meta name=\"twitter:label2\" content=\"Tahmini okuma s\u00fcresi\" \/>\n\t<meta name=\"twitter:data2\" content=\"3 dakika\" \/>\n<script type=\"application\/ld+json\" class=\"yoast-schema-graph\">{\"@context\":\"https:\/\/schema.org\",\"@graph\":[{\"@type\":\"Article\",\"@id\":\"https:\/\/epochtimestr.com\/index.php\/doruk-maden-iscileri-eyleminin-10-gunu#article\",\"isPartOf\":{\"@id\":\"https:\/\/epochtimestr.com\/index.php\/doruk-maden-iscileri-eyleminin-10-gunu\"},\"author\":{\"name\":\"Haber Merkezi\",\"@id\":\"https:\/\/epochtimestr.com\/#\/schema\/person\/3dc5c3adeb9f43923c5aa85889172fdd\"},\"headline\":\"Doruk Maden \u0130\u015f\u00e7ileri Eyleminin 10. G\u00fcn\u00fc\",\"datePublished\":\"2026-08-05T10:28:00+00:00\",\"dateModified\":\"2026-08-05T10:28:02+00:00\",\"mainEntityOfPage\":{\"@id\":\"https:\/\/epochtimestr.com\/index.php\/doruk-maden-iscileri-eyleminin-10-gunu\"},\"wordCount\":418,\"commentCount\":0,\"publisher\":{\"@id\":\"https:\/\/epochtimestr.com\/#organization\"},\"image\":{\"@id\":\"https:\/\/epochtimestr.com\/index.php\/doruk-maden-iscileri-eyleminin-10-gunu#primaryimage\"},\"thumbnailUrl\":\"https:\/\/epochtimestr.com\/wp-content\/uploads\/2011y\/maden-iscileri.jpg\",\"keywords\":[\"Doruk Maden\",\"Maden i\u015f\u00e7ileri\",\"T. Maden-\u0130\u015f Orta Anadolu \u015eubesi\",\"Talih Kocab\u0131y\u0131k\"],\"articleSection\":[\"G\u00dcNDEM\",\"MAN\u015eET\",\"Siyaset\"],\"inLanguage\":\"tr\",\"potentialAction\":[{\"@type\":\"CommentAction\",\"name\":\"Comment\",\"target\":[\"https:\/\/epochtimestr.com\/index.php\/doruk-maden-iscileri-eyleminin-10-gunu#respond\"]}]},{\"@type\":\"WebPage\",\"@id\":\"https:\/\/epochtimestr.com\/index.php\/doruk-maden-iscileri-eyleminin-10-gunu\",\"url\":\"https:\/\/epochtimestr.com\/index.php\/doruk-maden-iscileri-eyleminin-10-gunu\",\"name\":\"Doruk Maden \u0130\u015f\u00e7ileri Eyleminin 10. G\u00fcn\u00fc - The Epoch Times TR\",\"isPartOf\":{\"@id\":\"https:\/\/epochtimestr.com\/#website\"},\"primaryImageOfPage\":{\"@id\":\"https:\/\/epochtimestr.com\/index.php\/doruk-maden-iscileri-eyleminin-10-gunu#primaryimage\"},\"image\":{\"@id\":\"https:\/\/epochtimestr.com\/index.php\/doruk-maden-iscileri-eyleminin-10-gunu#primaryimage\"},\"thumbnailUrl\":\"https:\/\/epochtimestr.com\/wp-content\/uploads\/2011y\/maden-iscileri.jpg\",\"datePublished\":\"2026-08-05T10:28:00+00:00\",\"dateModified\":\"2026-08-05T10:28:02+00:00\",\"description\":\"Her g\u00fcn farkl\u0131 eylemler ger\u00e7ekle\u015ftiren Doruk Maden i\u015f\u00e7ileri, bug\u00fcn Ulus Atat\u00fcrk Heykeli \u00f6n\u00fcnde bir araya gelerek Ankara Gar\u0131'na y\u00fcr\u00fcd\u00fc.\",\"inLanguage\":\"tr\",\"potentialAction\":[{\"@type\":\"ReadAction\",\"target\":[\"https:\/\/epochtimestr.com\/index.php\/doruk-maden-iscileri-eyleminin-10-gunu\"]}]},{\"@type\":\"ImageObject\",\"inLanguage\":\"tr\",\"@id\":\"https:\/\/epochtimestr.com\/index.php\/doruk-maden-iscileri-eyleminin-10-gunu#primaryimage\",\"url\":\"https:\/\/epochtimestr.com\/wp-content\/uploads\/2011y\/maden-iscileri.jpg\",\"contentUrl\":\"https:\/\/epochtimestr.com\/wp-content\/uploads\/2011y\/maden-iscileri.jpg\",\"width\":886,\"height\":477},{\"@type\":\"WebSite\",\"@id\":\"https:\/\/epochtimestr.com\/#website\",\"url\":\"https:\/\/epochtimestr.com\/\",\"name\":\"The Epoch Times TR\",\"description\":\"De\u011fi\u015fen D\u00fcnyam\u0131za Taze Bir Bak\u0131\u015f\",\"publisher\":{\"@id\":\"https:\/\/epochtimestr.com\/#organization\"},\"potentialAction\":[{\"@type\":\"SearchAction\",\"target\":{\"@type\":\"EntryPoint\",\"urlTemplate\":\"https:\/\/epochtimestr.com\/?s={search_term_string}\"},\"query-input\":\"required name=search_term_string\"}],\"inLanguage\":\"tr\"},{\"@type\":\"Organization\",\"@id\":\"https:\/\/epochtimestr.com\/#organization\",\"name\":\"The EpochTimes T\u00fcrkiye\",\"url\":\"https:\/\/epochtimestr.com\/\",\"logo\":{\"@type\":\"ImageObject\",\"inLanguage\":\"tr\",\"@id\":\"https:\/\/epochtimestr.com\/#\/schema\/logo\/image\/\",\"url\":\"https:\/\/epochtimestr.com\/wp-content\/uploads\/2011y\/ET-Logo-YG.jpg\",\"contentUrl\":\"https:\/\/epochtimestr.com\/wp-content\/uploads\/2011y\/ET-Logo-YG.jpg\",\"width\":346,\"height\":29,\"caption\":\"The EpochTimes T\u00fcrkiye\"},\"image\":{\"@id\":\"https:\/\/epochtimestr.com\/#\/schema\/logo\/image\/\"},\"sameAs\":[\"https:\/\/www.facebook.com\/theepochtimestr\",\"https:\/\/x.com\/TheEpochTimesTR\",\"https:\/\/www.instagram.com\/epochtimestr\"]},{\"@type\":\"Person\",\"@id\":\"https:\/\/epochtimestr.com\/#\/schema\/person\/3dc5c3adeb9f43923c5aa85889172fdd\",\"name\":\"Haber Merkezi\",\"image\":{\"@type\":\"ImageObject\",\"inLanguage\":\"tr\",\"@id\":\"https:\/\/epochtimestr.com\/#\/schema\/person\/image\/\",\"url\":\"https:\/\/secure.gravatar.com\/avatar\/d73f772ba5a74f28601361e17c2f93e6?s=96&d=mm&r=g\",\"contentUrl\":\"https:\/\/secure.gravatar.com\/avatar\/d73f772ba5a74f28601361e17c2f93e6?s=96&d=mm&r=g\",\"caption\":\"Haber Merkezi\"},\"url\":\"https:\/\/epochtimestr.com\/index.php\/author\/sendag\"}]}<\/script>\n<!-- \/ Yoast SEO plugin. -->","yoast_head_json":{"title":"Doruk Maden \u0130\u015f\u00e7ileri Eyleminin 10. G\u00fcn\u00fc - The Epoch Times TR","description":"Her g\u00fcn farkl\u0131 eylemler ger\u00e7ekle\u015ftiren Doruk Maden i\u015f\u00e7ileri, bug\u00fcn Ulus Atat\u00fcrk Heykeli \u00f6n\u00fcnde bir araya gelerek Ankara Gar\u0131'na y\u00fcr\u00fcd\u00fc.","robots":{"index":"index","follow":"follow","max-snippet":"max-snippet:-1","max-image-preview":"max-image-preview:large","max-video-preview":"max-video-preview:-1"},"canonical":"https:\/\/epochtimestr.com\/index.php\/doruk-maden-iscileri-eyleminin-10-gunu","og_locale":"tr_TR","og_type":"article","og_title":"Doruk Maden \u0130\u015f\u00e7ileri Eyleminin 10. G\u00fcn\u00fc - The Epoch Times TR","og_description":"Her g\u00fcn farkl\u0131 eylemler ger\u00e7ekle\u015ftiren Doruk Maden i\u015f\u00e7ileri, bug\u00fcn Ulus Atat\u00fcrk Heykeli \u00f6n\u00fcnde bir araya gelerek Ankara Gar\u0131'na y\u00fcr\u00fcd\u00fc.","og_url":"https:\/\/epochtimestr.com\/index.php\/doruk-maden-iscileri-eyleminin-10-gunu","og_site_name":"The Epoch Times TR","article_publisher":"https:\/\/www.facebook.com\/theepochtimestr","article_published_time":"2026-08-05T10:28:00+00:00","article_modified_time":"2026-08-05T10:28:02+00:00","og_image":[{"width":886,"height":477,"url":"https:\/\/epochtimestr.com\/wp-content\/uploads\/2011y\/maden-iscileri.jpg","type":"image\/jpeg"}],"author":"Haber Merkezi","twitter_card":"summary_large_image","twitter_creator":"@TheEpochTimesTR","twitter_site":"@TheEpochTimesTR","twitter_misc":{"Yazan:":"Haber Merkezi","Tahmini okuma s\u00fcresi":"3 dakika"},"schema":{"@context":"https:\/\/schema.org","@graph":[{"@type":"Article","@id":"https:\/\/epochtimestr.com\/index.php\/doruk-maden-iscileri-eyleminin-10-gunu#article","isPartOf":{"@id":"https:\/\/epochtimestr.com\/index.php\/doruk-maden-iscileri-eyleminin-10-gunu"},"author":{"name":"Haber Merkezi","@id":"https:\/\/epochtimestr.com\/#\/schema\/person\/3dc5c3adeb9f43923c5aa85889172fdd"},"headline":"Doruk Maden \u0130\u015f\u00e7ileri Eyleminin 10. G\u00fcn\u00fc","datePublished":"2026-08-05T10:28:00+00:00","dateModified":"2026-08-05T10:28:02+00:00","mainEntityOfPage":{"@id":"https:\/\/epochtimestr.com\/index.php\/doruk-maden-iscileri-eyleminin-10-gunu"},"wordCount":418,"commentCount":0,"publisher":{"@id":"https:\/\/epochtimestr.com\/#organization"},"image":{"@id":"https:\/\/epochtimestr.com\/index.php\/doruk-maden-iscileri-eyleminin-10-gunu#primaryimage"},"thumbnailUrl":"https:\/\/epochtimestr.com\/wp-content\/uploads\/2011y\/maden-iscileri.jpg","keywords":["Doruk Maden","Maden i\u015f\u00e7ileri","T. Maden-\u0130\u015f Orta Anadolu \u015eubesi","Talih Kocab\u0131y\u0131k"],"articleSection":["G\u00dcNDEM","MAN\u015eET","Siyaset"],"inLanguage":"tr","potentialAction":[{"@type":"CommentAction","name":"Comment","target":["https:\/\/epochtimestr.com\/index.php\/doruk-maden-iscileri-eyleminin-10-gunu#respond"]}]},{"@type":"WebPage","@id":"https:\/\/epochtimestr.com\/index.php\/doruk-maden-iscileri-eyleminin-10-gunu","url":"https:\/\/epochtimestr.com\/index.php\/doruk-maden-iscileri-eyleminin-10-gunu","name":"Doruk Maden \u0130\u015f\u00e7ileri Eyleminin 10. G\u00fcn\u00fc - The Epoch Times TR","isPartOf":{"@id":"https:\/\/epochtimestr.com\/#website"},"primaryImageOfPage":{"@id":"https:\/\/epochtimestr.com\/index.php\/doruk-maden-iscileri-eyleminin-10-gunu#primaryimage"},"image":{"@id":"https:\/\/epochtimestr.com\/index.php\/doruk-maden-iscileri-eyleminin-10-gunu#primaryimage"},"thumbnailUrl":"https:\/\/epochtimestr.com\/wp-content\/uploads\/2011y\/maden-iscileri.jpg","datePublished":"2026-08-05T10:28:00+00:00","dateModified":"2026-08-05T10:28:02+00:00","description":"Her g\u00fcn farkl\u0131 eylemler ger\u00e7ekle\u015ftiren Doruk Maden i\u015f\u00e7ileri, bug\u00fcn Ulus Atat\u00fcrk Heykeli \u00f6n\u00fcnde bir araya gelerek Ankara Gar\u0131'na y\u00fcr\u00fcd\u00fc.","inLanguage":"tr","potentialAction":[{"@type":"ReadAction","target":["https:\/\/epochtimestr.com\/index.php\/doruk-maden-iscileri-eyleminin-10-gunu"]}]},{"@type":"ImageObject","inLanguage":"tr","@id":"https:\/\/epochtimestr.com\/index.php\/doruk-maden-iscileri-eyleminin-10-gunu#primaryimage","url":"https:\/\/epochtimestr.com\/wp-content\/uploads\/2011y\/maden-iscileri.jpg","contentUrl":"https:\/\/epochtimestr.com\/wp-content\/uploads\/2011y\/maden-iscileri.jpg","width":886,"height":477},{"@type":"WebSite","@id":"https:\/\/epochtimestr.com\/#website","url":"https:\/\/epochtimestr.com\/","name":"The Epoch Times TR","description":"De\u011fi\u015fen D\u00fcnyam\u0131za Taze Bir Bak\u0131\u015f","publisher":{"@id":"https:\/\/epochtimestr.com\/#organization"},"potentialAction":[{"@type":"SearchAction","target":{"@type":"EntryPoint","urlTemplate":"https:\/\/epochtimestr.com\/?s={search_term_string}"},"query-input":"required name=search_term_string"}],"inLanguage":"tr"},{"@type":"Organization","@id":"https:\/\/epochtimestr.com\/#organization","name":"The EpochTimes T\u00fcrkiye","url":"https:\/\/epochtimestr.com\/","logo":{"@type":"ImageObject","inLanguage":"tr","@id":"https:\/\/epochtimestr.com\/#\/schema\/logo\/image\/","url":"https:\/\/epochtimestr.com\/wp-content\/uploads\/2011y\/ET-Logo-YG.jpg","contentUrl":"https:\/\/epochtimestr.com\/wp-content\/uploads\/2011y\/ET-Logo-YG.jpg","width":346,"height":29,"caption":"The EpochTimes T\u00fcrkiye"},"image":{"@id":"https:\/\/epochtimestr.com\/#\/schema\/logo\/image\/"},"sameAs":["https:\/\/www.facebook.com\/theepochtimestr","https:\/\/x.com\/TheEpochTimesTR","https:\/\/www.instagram.com\/epochtimestr"]},{"@type":"Person","@id":"https:\/\/epochtimestr.com\/#\/schema\/person\/3dc5c3adeb9f43923c5aa85889172fdd","name":"Haber Merkezi","image":{"@type":"ImageObject","inLanguage":"tr","@id":"https:\/\/epochtimestr.com\/#\/schema\/person\/image\/","url":"https:\/\/secure.gravatar.com\/avatar\/d73f772ba5a74f28601361e17c2f93e6?s=96&d=mm&r=g","contentUrl":"https:\/\/secure.gravatar.com\/avatar\/d73f772ba5a74f28601361e17c2f93e6?s=96&d=mm&r=g","caption":"Haber Merkezi"},"url":"https:\/\/epochtimestr.com\/index.php\/author\/sendag"}]}},"_links":{"self":[{"href":"https:\/\/epochtimestr.com\/index.php\/wp-json\/wp\/v2\/posts\/169812"}],"collection":[{"href":"https:\/\/epochtimestr.com\/index.php\/wp-json\/wp\/v2\/posts"}],"about":[{"href":"https:\/\/epochtimestr.com\/index.php\/wp-json\/wp\/v2\/types\/post"}],"author":[{"embeddable":true,"href":"https:\/\/epochtimestr.com\/index.php\/wp-json\/wp\/v2\/users\/12791"}],"replies":[{"embeddable":true,"href":"https:\/\/epochtimestr.com\/index.php\/wp-json\/wp\/v2\/comments?post=169812"}],"version-history":[{"count":2,"href":"https:\/\/epochtimestr.com\/index.php\/wp-json\/wp\/v2\/posts\/169812\/revisions"}],"predecessor-version":[{"id":169821,"href":"https:\/\/epochtimestr.com\/index.php\/wp-json\/wp\/v2\/posts\/169812\/revisions\/169821"}],"wp:featuredmedia":[{"embeddable":true,"href":"https:\/\/epochtimestr.com\/index.php\/wp-json\/wp\/v2\/media\/169813"}],"wp:attachment":[{"href":"https:\/\/epochtimestr.com\/index.php\/wp-json\/wp\/v2\/media?parent=169812"}],"wp:term":[{"taxonomy":"category","embeddable":true,"href":"https:\/\/epochtimestr.com\/index.php\/wp-json\/wp\/v2\/categories?post=169812"},{"taxonomy":"post_tag","embeddable":true,"href":"https:\/\/epochtimestr.com\/index.php\/wp-json\/wp\/v2\/tags?post=169812"}],"curies":[{"name":"wp","href":"https:\/\/api.w.org\/{rel}","templated":true}]}}