{"id":169824,"date":"2026-08-05T16:02:27","date_gmt":"2026-08-05T13:02:27","guid":{"rendered":"https:\/\/epochtimestr.com\/?p=169824"},"modified":"2026-08-05T16:02:44","modified_gmt":"2026-08-05T13:02:44","slug":"chpden-akpye-gecen-eren-ali-bingol-bana-sahip-cikin-dedi","status":"publish","type":"post","link":"https:\/\/epochtimestr.com\/index.php\/chpden-akpye-gecen-eren-ali-bingol-bana-sahip-cikin-dedi","title":{"rendered":"CHP&#8217;den AKP&#8217;ye Ge\u00e7en Eren Ali Bing\u00f6l &#8220;Bana Sahip \u00c7\u0131k\u0131n&#8221; Dedi"},"content":{"rendered":"<div class=\"wp-block-image\">\n<figure class=\"aligncenter size-full\"><img loading=\"lazy\" decoding=\"async\" width=\"1280\" height=\"720\" src=\"https:\/\/epochtimestr.com\/wp-content\/uploads\/2011y\/tuzla-belediyesi-2.webp\" alt=\"\" class=\"wp-image-169826\" srcset=\"https:\/\/epochtimestr.com\/wp-content\/uploads\/2011y\/tuzla-belediyesi-2.webp 1280w, https:\/\/epochtimestr.com\/wp-content\/uploads\/2011y\/tuzla-belediyesi-2-300x169.webp 300w, https:\/\/epochtimestr.com\/wp-content\/uploads\/2011y\/tuzla-belediyesi-2-150x84.webp 150w, https:\/\/epochtimestr.com\/wp-content\/uploads\/2011y\/tuzla-belediyesi-2-768x432.webp 768w\" sizes=\"(max-width: 1280px) 100vw, 1280px\" \/><figcaption class=\"wp-element-caption\">CHP&#8217;den AKP&#8217;ye ge\u00e7en Eren Ali Bing\u00f6l, &#8220;Bana Sahip \u00c7\u0131k\u0131n&#8221; Dedi (Foto\u011fraf: Tuzla Belediyesi web sitesi)<\/figcaption><\/figure><\/div>\n\n\n<h2 class=\"wp-block-heading\">AKP&#8217;ye ge\u00e7en Tuzla Belediye Ba\u015fkan\u0131 Eren Ali Bing\u00f6l, AKP Tuzla \u0130l\u00e7e Ba\u015fkanl\u0131\u011f\u0131 ziyaretinde partililere &#8220;Kar\u015f\u0131 mahalleden geliyorum&#8221; dedi.<\/h2>\n\n\n\n<p>CHP&#8217;den <a href=\"https:\/\/epochtimestr.com\/index.php\/tuzla-belediye-baskani-eren-ali-bingol-akpye-mi-geciyor\">AKP&#8217;ye ge\u00e7en<\/a> Tuzla Belediye Ba\u015fkan\u0131 Eren Ali Bing\u00f6l, AKP Tuzla \u0130l\u00e7e Ba\u015fkanl\u0131\u011f\u0131 ziyaretinde partililere &#8220;Kar\u015f\u0131 mahalleden geliyorum&#8221; diyerek kendisine <a href=\"https:\/\/epochtimestr.com\/index.php\/ozgur-ozelden-akpye-katilan-eren-ali-bingol-aciklamasi\">sahip \u00e7\u0131k\u0131lmas\u0131n\u0131<\/a> istedi. AKP&#8217;liler ise Bing\u00f6l&#8217;e, &#8220;Sen bize Reis&#8217;in emanetisin&#8221; slogan\u0131yla kar\u015f\u0131l\u0131k verdi.<\/p>\n\n\n\n<p>CHP&#8217;den istifa ederek AKP&#8217;ye kat\u0131lan Tuzla Belediye Ba\u015fkan\u0131 Eren Ali Bing\u00f6l, AKP Tuzla \u0130l\u00e7e Ba\u015fkanl\u0131\u011f\u0131&#8217;n\u0131 ziyaret etti. Partililere seslenen Bing\u00f6l, &#8220;kar\u015f\u0131 mahalleden&#8221; geldi\u011fini belirterek kendisine sahip \u00e7\u0131k\u0131lmas\u0131n\u0131 istedi. Bing\u00f6l ayr\u0131ca makam odas\u0131na AKP&#8217;li Cumhurba\u015fkan\u0131 Recep Tayyip Erdo\u011fan\u2019\u0131n foto\u011fraf\u0131n\u0131 ast\u0131. Bing\u00f6l&#8217;\u00fc belediyede ziyarete giden AKP \u0130stanbul \u0130l Ba\u015fkan\u0131 Abdullah \u00d6zdemir, &#8220;T\u00fcrkiye Y\u00fczy\u0131l\u0131 eserlerinin r\u00f6lyeflerinin yer ald\u0131\u011f\u0131&#8221; plaket hediye etti.<\/p>\n\n\n\n<figure class=\"wp-block-embed is-type-rich is-provider-x wp-block-embed-x\"><div class=\"wp-block-embed__wrapper\">\n<blockquote class=\"twitter-tweet\" data-width=\"550\" data-dnt=\"true\"><p lang=\"tr\" dir=\"ltr\">Bug\u00fcn, AK Parti \u0130stanbul \u0130l Ba\u015fkan\u0131m\u0131z Sn. Abdullah \u00d6ZDEM\u0130R, AK Parti Tuzla \u0130l\u00e7e Ba\u015fkan\u0131m\u0131z Sn. \u015eeref \u00c7OLAK ve te\u015fkilat\u0131m\u0131z\u0131n k\u0131ymetli \u00fcyeleriyle \u00f6nce AK Parti Tuzla \u0130l\u00e7e Ba\u015fkanl\u0131\u011f\u0131m\u0131zda bir araya gelerek il\u00e7emize ili\u015fkin y\u00fcr\u00fctt\u00fc\u011f\u00fcm\u00fcz \u00e7al\u0131\u015fmalar\u0131, devam eden projeleri ve\u2026 <a href=\"https:\/\/t.co\/HecqFCfebQ\">pic.twitter.com\/HecqFCfebQ<\/a><\/p>&mdash; Eren Ali Bing\u00f6l (@erenalibingol) <a href=\"https:\/\/x.com\/erenalibingol\/status\/2084722408821559620?ref_src=twsrc%5Etfw\">August 4, 2026<\/a><\/blockquote><script async src=\"https:\/\/platform.x.com\/widgets.js\" charset=\"utf-8\"><\/script>\n<\/div><\/figure>\n\n\n\n<p><strong>Bing\u00f6l, \u015fu ifadeleri kulland\u0131:<\/strong><\/p>\n\n\n\n<p>&#8220;Ben \u00e7ok uzun konu\u015fmay\u0131 sevmem. Sadece \u015fu kadar s\u00f6yleyece\u011fim: Kar\u015f\u0131 mahalleden geliyorum. Uzun y\u0131llar sonra kar\u015f\u0131 mahalleden geliyorum. Sahip \u00e7\u0131kaca\u011f\u0131n\u0131za, gerek\u00e7elerini do\u011fru anlataca\u011f\u0131n\u0131za inan\u0131yorum. Ve bol bol \u00e7al\u0131\u015farak Tuzla&#8217;n\u0131n b\u00fct\u00fcn kronik sorunlar\u0131n\u0131 hep birlikte \u00e7\u00f6zece\u011fiz diyorum. Allah&#8217;\u0131n izniyle, hay\u0131rl\u0131 u\u011furlu olsun.&#8221;<\/p>\n\n\n\n<p>AKP\u2019liler ise, Eren Ali Bing\u00f6l\u2019\u00fcn &#8220;Sahip \u00e7\u0131kaca\u011f\u0131n\u0131za, gerek\u00e7elerini do\u011fru anlataca\u011f\u0131n\u0131za inan\u0131yorum&#8221; s\u00f6zlerine, \u201cSen bize Reis&#8217;in emanetisin\u201d slogan\u0131yla kar\u015f\u0131l\u0131k verdi.<\/p>\n\n\n\n<p>\u00d6te yandan sosyal medya hesab\u0131ndan payla\u015f\u0131m yapan Yeni Parti milletvekili Deniz Yavuzy\u0131lmaz, AKP y\u00f6netimindeki Tuzla Belediyesi&#8217;nin 2023 y\u0131l\u0131nda bor\u00e7lar\u0131na kar\u015f\u0131l\u0131k yakla\u015f\u0131k 75 bin metrekarelik alan\u0131 belediye \u015firketi Tuz-Yap&#8217;a devretti\u011fini iddia etti.<\/p>\n\n\n\n<p>Yavuzy\u0131lmaz, daha sonra bu alan i\u00e7in hobi bah\u00e7esi yap\u0131lmas\u0131na y\u00f6nelik karar al\u0131nd\u0131\u011f\u0131n\u0131, CHP&#8217;li meclis \u00fcyelerinin ise imar plan\u0131na &#8220;hobi bah\u00e7esi d\u0131\u015f\u0131nda kullan\u0131lamaz, \u00f6zel m\u00fclkiyete konu edilemez&#8221; \u015ferhi d\u00fc\u015ft\u00fc\u011f\u00fcn\u00fc ifade etti.<\/p>\n\n\n\n<figure class=\"wp-block-embed is-type-rich is-provider-x wp-block-embed-x\"><div class=\"wp-block-embed__wrapper\">\n<blockquote class=\"twitter-tweet\" data-width=\"550\" data-dnt=\"true\"><p lang=\"tr\" dir=\"ltr\">Tuzla\u2019daki ka\u00e7ak villalara su\u00e7 \u00fcst\u00fc yapt\u0131k!<br><br>Tuzla Belediyesi\u2019nin park ve rekreasyon alanlar\u0131na hobi bah\u00e7esi yap\u0131yoruz diye karar al\u0131p, bu alanlara 154 adet ka\u00e7ak villa yapt\u0131\u011f\u0131 soygunu ortaya \u00e7\u0131kard\u0131k.<br><br>Soygun nas\u0131l yap\u0131ld\u0131?<br><br>AKP d\u00f6nemi Tuzla Belediyesi\u2b07\ufe0f<br><br>1.) 2023\u2019te bor\u00e7lar\u0131\u2026 <a href=\"https:\/\/t.co\/r48VoLqaYI\">pic.twitter.com\/r48VoLqaYI<\/a><\/p>&mdash; Deniz Yavuzy\u0131lmaz (@yavuzyilmazd) <a href=\"https:\/\/x.com\/yavuzyilmazd\/status\/2084744245542535436?ref_src=twsrc%5Etfw\">August 4, 2026<\/a><\/blockquote><script async src=\"https:\/\/platform.x.com\/widgets.js\" charset=\"utf-8\"><\/script>\n<\/div><\/figure>\n\n\n\n<h3 class=\"wp-block-heading\">Yavuzy\u0131lmaz&#8217;\u0131n a\u00e7\u0131klamas\u0131 \u015fu \u015fekilde:<\/h3>\n\n\n\n<p>&#8220;Tuzla\u2019daki ka\u00e7ak villalara su\u00e7 \u00fcst\u00fc yapt\u0131k!<br \/>Tuzla Belediyesi\u2019nin park ve rekreasyon alanlar\u0131na hobi bah\u00e7esi yap\u0131yoruz diye karar al\u0131p, bu alanlara 154 adet ka\u00e7ak villa yapt\u0131\u011f\u0131 soygunu ortaya \u00e7\u0131kard\u0131k.<br \/>Soygun nas\u0131l yap\u0131ld\u0131?<br \/>AKP d\u00f6nemi Tuzla Belediyesi,<br \/>2023\u2019te bor\u00e7lar\u0131 kar\u015f\u0131l\u0131\u011f\u0131nda belediye \u015firketi olan Tuz-Yap\u2019a 75.000 m2 alan\u0131 devrediyor.<br \/>Ard\u0131ndan buradaki park ve rekreasyon alanlar\u0131na, hobi bah\u00e7eleri yapmak i\u00e7in karar al\u0131yor.<br \/>CHP&#8217;li meclis \u00fcyeleri, hobi bah\u00e7esi d\u0131\u015f\u0131nda kullan\u0131lamaz, \u00f6zel m\u00fclkiyete konu edilemez, diye imar plan\u0131na \u015ferh d\u00fc\u015f\u00fcyor.<br \/>Buna ra\u011fmen Tuz-Yap, Tepe\u00f6ren\u2019deki park ve rekreasyon alanlar\u0131na 154 adet tapusuz villa ve 4 adet ticari yap\u0131 dikiyor.<br \/>Belediyenin bu tarz hukuksuz i\u015flerine koruma sa\u011flamak i\u00e7in, ka\u00e7ak villalar\u0131n bir k\u0131sm\u0131 hat\u0131rl\u0131 yanda\u015flara el alt\u0131ndan (sat\u0131\u015f vaadi s\u00f6zle\u015fmeleriyle) kelepir fiyatlarla pe\u015fke\u015f \u00e7ekiliyor.<\/p>\n\n\n\n<figure class=\"wp-block-embed is-type-rich is-provider-x wp-block-embed-x\"><div class=\"wp-block-embed__wrapper\">\n<blockquote class=\"twitter-tweet\" data-width=\"550\" data-dnt=\"true\"><p lang=\"tr\" dir=\"ltr\">\u0130\u015fte AKP belediyecili\u011fi!<br><br>AKP d\u00f6nemi Tuzla Belediyesi\u2019nin\u2b07\ufe0f<br><br>Tuzla Tepe\u00f6ren\u2019deki park ve rekreasyon alanlar\u0131na hobi bah\u00e7esi yap\u0131yoruz diye karar al\u0131p, bu bah\u00e7elere usuls\u00fcz olarak 154 villa dikti\u011fini tespit ettik.<br><br>Bu villalar\u0131n, kelepir fiyatlarla pe\u015fke\u015f \u00e7ekilmesiyle birlikte;\u2026 <a href=\"https:\/\/t.co\/kA6pYEM33Q\">pic.twitter.com\/kA6pYEM33Q<\/a><\/p>&mdash; Deniz Yavuzy\u0131lmaz (@yavuzyilmazd) <a href=\"https:\/\/x.com\/yavuzyilmazd\/status\/2084728264568783063?ref_src=twsrc%5Etfw\">August 4, 2026<\/a><\/blockquote><script async src=\"https:\/\/platform.x.com\/widgets.js\" charset=\"utf-8\"><\/script>\n<\/div><\/figure>\n\n\n\n<p>Ancak bir s\u00fcre sonra;<br \/>Rant\u00e7\u0131lar a\u00e7\u0131\u015f\u0131ndan b\u00fcy\u00fck bir \u015fok ya\u015fan\u0131yor!<br \/>Zira Tuzla\u2019da 2024 yerel se\u00e7imlerini CHP\u2019nin aday\u0131 Eren Ali Bing\u00f6l kazan\u0131yor. Yani bu i\u015flerdeki b\u00fct\u00fcn f\u0131r\u0131ldakl\u0131klar\u0131 yapan AKP\u2019li y\u00f6neticiler se\u00e7imi kaybediyor.<br \/>\u0130\u015fte tam bu a\u015famada Eren Ali Bing\u00f6l\u2019\u00fcn kendinden \u00f6nceki d\u00f6nemde olu\u015fturulan bu rant\u0131n hesab\u0131n\u0131 sormas\u0131 gerekirken, rant\u0131 me\u015frula\u015ft\u0131rmak i\u00e7in harekete ge\u00e7iyor.<br \/>Ka\u00e7ak villalar\u0131n yap\u0131ld\u0131\u011f\u0131 park ve rekreasyon alan\u0131n\u0131 konut alan\u0131na \u00e7evirmek, ka\u00e7ak villalara tapu verip, de\u011ferini katlamak i\u00e7in imar de\u011fi\u015fikli\u011fi istiyor!<br \/>Rant\u00e7\u0131lar\u0131n \u00e7\u00f6kt\u00fc\u011f\u00fc halka ait bu alan\u0131 geri almak yerine, ba\u015fka bir mahallede yeni bir park ve rekreasyon alan\u0131 ilan edilsin diyor!<br \/>Peki sonu\u00e7 ne oluyor?<br \/>8 Temmuz 2026\u2019da 3 CHP\u2019li \u0130mar Komisyonu \u00dcyesi onurlu bir duru\u015f sergileyerek, Eren Ali Bing\u00f6l\u2019e kar\u015f\u0131 direnerek bu rant plan\u0131n\u0131 bozuyor.<br \/>\u0130mar plan\u0131 de\u011fi\u015fikli\u011fini reddediyor!<br \/>Eren Ali Bing\u00f6l ise 1 A\u011fustos 2026\u2019da CHP\u2019den istifa edip AKP\u2019ye ge\u00e7iyor!<br \/>\u015eimdi de AKP\u2019li meclis \u00fcyeleriyle birlikte bu ka\u00e7ak villalara tapu vermek i\u00e7in g\u00fcn say\u0131yor!<br \/>Buradan uyar\u0131yorum!<br \/>Kamu mal\u0131n\u0131 pe\u015fke\u015f \u00e7ekmek su\u00e7tur!&#8221;<\/p>\n\n\n\n<figure class=\"wp-block-embed is-type-rich is-provider-x wp-block-embed-x\"><div class=\"wp-block-embed__wrapper\">\n<blockquote class=\"twitter-tweet\" data-width=\"550\" data-dnt=\"true\"><p lang=\"tr\" dir=\"ltr\">AKP\u2019nin vatanda\u015f\u0131n dikkatinden ka\u00e7\u0131rmaya \u00e7al\u0131\u015ft\u0131\u011f\u0131 ger\u00e7ekler-56\u2757\ufe0f<br><br>AKP tarz\u0131 Yap-\u0130\u015flet-Devret modeliyle yap\u0131lan karayolu projelerinde;<br><br>Tutturulamayan ara\u00e7 ge\u00e7i\u015f garantileri nedeniyle Hazine\u2019de a\u00e7\u0131lan kara deli\u011fin g\u00fcncel boyutunu tespit ettik. <br><br> 2026&#39;n\u0131n ilk 6 ay\u0131nda\u2b07\ufe0f\u2026 <a href=\"https:\/\/t.co\/WumRpWmPqf\">pic.twitter.com\/WumRpWmPqf<\/a><\/p>&mdash; Deniz Yavuzy\u0131lmaz (@yavuzyilmazd) <a href=\"https:\/\/x.com\/yavuzyilmazd\/status\/2084598492706591115?ref_src=twsrc%5Etfw\">August 4, 2026<\/a><\/blockquote><script async src=\"https:\/\/platform.x.com\/widgets.js\" charset=\"utf-8\"><\/script>\n<\/div><\/figure>\n","protected":false},"excerpt":{"rendered":"<p>AKP&#8217;ye ge\u00e7en Tuzla Belediye Ba\u015fkan\u0131 Eren Ali Bing\u00f6l, AKP Tuzla \u0130l\u00e7e Ba\u015fkanl\u0131\u011f\u0131 ziyaretinde partililere &#8220;Kar\u015f\u0131 mahalleden geliyorum&#8221; dedi. CHP&#8217;den AKP&#8217;ye ge\u00e7en Tuzla Belediye Ba\u015fkan\u0131 Eren Ali Bing\u00f6l, AKP Tuzla \u0130l\u00e7e Ba\u015fkanl\u0131\u011f\u0131 ziyaretinde partililere &#8220;Kar\u015f\u0131 mahalleden geliyorum&#8221; diyerek kendisine sahip \u00e7\u0131k\u0131lmas\u0131n\u0131 istedi. AKP&#8217;liler ise Bing\u00f6l&#8217;e, &#8220;Sen bize Reis&#8217;in emanetisin&#8221; slogan\u0131yla kar\u015f\u0131l\u0131k verdi. CHP&#8217;den istifa ederek AKP&#8217;ye [&hellip;]<\/p>\n","protected":false},"author":12791,"featured_media":169826,"comment_status":"open","ping_status":"open","sticky":false,"template":"","format":"standard","meta":{"_yoast_wpseo_focuskw":"Eren Ali Bing\u00f6l","_yoast_wpseo_title":"","_yoast_wpseo_metadesc":"AKP'ye ge\u00e7en Tuzla Belediye Ba\u015fkan\u0131 Eren Ali Bing\u00f6l, AKP Tuzla \u0130l\u00e7e Ba\u015fkanl\u0131\u011f\u0131 ziyaretinde partililere \"Kar\u015f\u0131 mahalleden geliyorum\" dedi.","_bbp_topic_count":0,"_bbp_reply_count":0,"_bbp_total_topic_count":0,"_bbp_total_reply_count":0,"_bbp_voice_count":0,"_bbp_anonymous_reply_count":0,"_bbp_topic_count_hidden":0,"_bbp_reply_count_hidden":0,"_bbp_forum_subforum_count":0,"footnotes":"","_yoast_wpseo_focuskw_text_input":""},"categories":[1,8138,8226],"tags":[1017,11960,11961],"yoast_head":"<!-- This site is optimized with the Yoast SEO plugin v23.0 - https:\/\/yoast.com\/wordpress\/plugins\/seo\/ -->\n<title>CHP&#039;den AKP&#039;ye Ge\u00e7en Eren Ali Bing\u00f6l &quot;Bana Sahip \u00c7\u0131k\u0131n&quot; Dedi - The Epoch Times TR<\/title>\n<meta name=\"description\" content=\"AKP&#039;ye ge\u00e7en Tuzla Belediye Ba\u015fkan\u0131 Eren Ali Bing\u00f6l, AKP Tuzla \u0130l\u00e7e Ba\u015fkanl\u0131\u011f\u0131 ziyaretinde partililere &quot;Kar\u015f\u0131 mahalleden geliyorum&quot; dedi.\" \/>\n<meta name=\"robots\" content=\"index, follow, max-snippet:-1, max-image-preview:large, max-video-preview:-1\" \/>\n<link rel=\"canonical\" href=\"https:\/\/epochtimestr.com\/index.php\/chpden-akpye-gecen-eren-ali-bingol-bana-sahip-cikin-dedi\" \/>\n<meta property=\"og:locale\" content=\"tr_TR\" \/>\n<meta property=\"og:type\" content=\"article\" \/>\n<meta property=\"og:title\" content=\"CHP&#039;den AKP&#039;ye Ge\u00e7en Eren Ali Bing\u00f6l &quot;Bana Sahip \u00c7\u0131k\u0131n&quot; Dedi - The Epoch Times TR\" \/>\n<meta property=\"og:description\" content=\"AKP&#039;ye ge\u00e7en Tuzla Belediye Ba\u015fkan\u0131 Eren Ali Bing\u00f6l, AKP Tuzla \u0130l\u00e7e Ba\u015fkanl\u0131\u011f\u0131 ziyaretinde partililere &quot;Kar\u015f\u0131 mahalleden geliyorum&quot; dedi.\" \/>\n<meta property=\"og:url\" content=\"https:\/\/epochtimestr.com\/index.php\/chpden-akpye-gecen-eren-ali-bingol-bana-sahip-cikin-dedi\" \/>\n<meta property=\"og:site_name\" content=\"The Epoch Times TR\" \/>\n<meta property=\"article:publisher\" content=\"https:\/\/www.facebook.com\/theepochtimestr\" \/>\n<meta property=\"article:published_time\" content=\"2026-08-05T13:02:27+00:00\" \/>\n<meta property=\"article:modified_time\" content=\"2026-08-05T13:02:44+00:00\" \/>\n<meta property=\"og:image\" content=\"https:\/\/epochtimestr.com\/wp-content\/uploads\/2011y\/tuzla-belediyesi-2.webp\" \/>\n\t<meta property=\"og:image:width\" content=\"1280\" \/>\n\t<meta property=\"og:image:height\" content=\"720\" \/>\n\t<meta property=\"og:image:type\" content=\"image\/webp\" \/>\n<meta name=\"author\" content=\"Haber Merkezi\" \/>\n<meta name=\"twitter:card\" content=\"summary_large_image\" \/>\n<meta name=\"twitter:creator\" content=\"@TheEpochTimesTR\" \/>\n<meta name=\"twitter:site\" content=\"@TheEpochTimesTR\" \/>\n<meta name=\"twitter:label1\" content=\"Yazan:\" \/>\n\t<meta name=\"twitter:data1\" content=\"Haber Merkezi\" \/>\n\t<meta name=\"twitter:label2\" content=\"Tahmini okuma s\u00fcresi\" \/>\n\t<meta name=\"twitter:data2\" content=\"4 dakika\" \/>\n<script type=\"application\/ld+json\" class=\"yoast-schema-graph\">{\"@context\":\"https:\/\/schema.org\",\"@graph\":[{\"@type\":\"Article\",\"@id\":\"https:\/\/epochtimestr.com\/index.php\/chpden-akpye-gecen-eren-ali-bingol-bana-sahip-cikin-dedi#article\",\"isPartOf\":{\"@id\":\"https:\/\/epochtimestr.com\/index.php\/chpden-akpye-gecen-eren-ali-bingol-bana-sahip-cikin-dedi\"},\"author\":{\"name\":\"Haber Merkezi\",\"@id\":\"https:\/\/epochtimestr.com\/#\/schema\/person\/3dc5c3adeb9f43923c5aa85889172fdd\"},\"headline\":\"CHP&#8217;den AKP&#8217;ye Ge\u00e7en Eren Ali Bing\u00f6l &#8220;Bana Sahip \u00c7\u0131k\u0131n&#8221; Dedi\",\"datePublished\":\"2026-08-05T13:02:27+00:00\",\"dateModified\":\"2026-08-05T13:02:44+00:00\",\"mainEntityOfPage\":{\"@id\":\"https:\/\/epochtimestr.com\/index.php\/chpden-akpye-gecen-eren-ali-bingol-bana-sahip-cikin-dedi\"},\"wordCount\":767,\"commentCount\":0,\"publisher\":{\"@id\":\"https:\/\/epochtimestr.com\/#organization\"},\"image\":{\"@id\":\"https:\/\/epochtimestr.com\/index.php\/chpden-akpye-gecen-eren-ali-bingol-bana-sahip-cikin-dedi#primaryimage\"},\"thumbnailUrl\":\"https:\/\/epochtimestr.com\/wp-content\/uploads\/2011y\/tuzla-belediyesi-2.webp\",\"keywords\":[\"AKP\",\"Eren Ali Bing\u00f6l\",\"Tuzla Belediyesi\"],\"articleSection\":[\"G\u00dcNDEM\",\"MAN\u015eET\",\"Siyaset\"],\"inLanguage\":\"tr\",\"potentialAction\":[{\"@type\":\"CommentAction\",\"name\":\"Comment\",\"target\":[\"https:\/\/epochtimestr.com\/index.php\/chpden-akpye-gecen-eren-ali-bingol-bana-sahip-cikin-dedi#respond\"]}]},{\"@type\":\"WebPage\",\"@id\":\"https:\/\/epochtimestr.com\/index.php\/chpden-akpye-gecen-eren-ali-bingol-bana-sahip-cikin-dedi\",\"url\":\"https:\/\/epochtimestr.com\/index.php\/chpden-akpye-gecen-eren-ali-bingol-bana-sahip-cikin-dedi\",\"name\":\"CHP'den AKP'ye Ge\u00e7en Eren Ali Bing\u00f6l \\\"Bana Sahip \u00c7\u0131k\u0131n\\\" Dedi - The Epoch Times TR\",\"isPartOf\":{\"@id\":\"https:\/\/epochtimestr.com\/#website\"},\"primaryImageOfPage\":{\"@id\":\"https:\/\/epochtimestr.com\/index.php\/chpden-akpye-gecen-eren-ali-bingol-bana-sahip-cikin-dedi#primaryimage\"},\"image\":{\"@id\":\"https:\/\/epochtimestr.com\/index.php\/chpden-akpye-gecen-eren-ali-bingol-bana-sahip-cikin-dedi#primaryimage\"},\"thumbnailUrl\":\"https:\/\/epochtimestr.com\/wp-content\/uploads\/2011y\/tuzla-belediyesi-2.webp\",\"datePublished\":\"2026-08-05T13:02:27+00:00\",\"dateModified\":\"2026-08-05T13:02:44+00:00\",\"description\":\"AKP'ye ge\u00e7en Tuzla Belediye Ba\u015fkan\u0131 Eren Ali Bing\u00f6l, AKP Tuzla \u0130l\u00e7e Ba\u015fkanl\u0131\u011f\u0131 ziyaretinde partililere \\\"Kar\u015f\u0131 mahalleden geliyorum\\\" dedi.\",\"inLanguage\":\"tr\",\"potentialAction\":[{\"@type\":\"ReadAction\",\"target\":[\"https:\/\/epochtimestr.com\/index.php\/chpden-akpye-gecen-eren-ali-bingol-bana-sahip-cikin-dedi\"]}]},{\"@type\":\"ImageObject\",\"inLanguage\":\"tr\",\"@id\":\"https:\/\/epochtimestr.com\/index.php\/chpden-akpye-gecen-eren-ali-bingol-bana-sahip-cikin-dedi#primaryimage\",\"url\":\"https:\/\/epochtimestr.com\/wp-content\/uploads\/2011y\/tuzla-belediyesi-2.webp\",\"contentUrl\":\"https:\/\/epochtimestr.com\/wp-content\/uploads\/2011y\/tuzla-belediyesi-2.webp\",\"width\":1280,\"height\":720},{\"@type\":\"WebSite\",\"@id\":\"https:\/\/epochtimestr.com\/#website\",\"url\":\"https:\/\/epochtimestr.com\/\",\"name\":\"The Epoch Times TR\",\"description\":\"De\u011fi\u015fen D\u00fcnyam\u0131za Taze Bir Bak\u0131\u015f\",\"publisher\":{\"@id\":\"https:\/\/epochtimestr.com\/#organization\"},\"potentialAction\":[{\"@type\":\"SearchAction\",\"target\":{\"@type\":\"EntryPoint\",\"urlTemplate\":\"https:\/\/epochtimestr.com\/?s={search_term_string}\"},\"query-input\":\"required name=search_term_string\"}],\"inLanguage\":\"tr\"},{\"@type\":\"Organization\",\"@id\":\"https:\/\/epochtimestr.com\/#organization\",\"name\":\"The EpochTimes T\u00fcrkiye\",\"url\":\"https:\/\/epochtimestr.com\/\",\"logo\":{\"@type\":\"ImageObject\",\"inLanguage\":\"tr\",\"@id\":\"https:\/\/epochtimestr.com\/#\/schema\/logo\/image\/\",\"url\":\"https:\/\/epochtimestr.com\/wp-content\/uploads\/2011y\/ET-Logo-YG.jpg\",\"contentUrl\":\"https:\/\/epochtimestr.com\/wp-content\/uploads\/2011y\/ET-Logo-YG.jpg\",\"width\":346,\"height\":29,\"caption\":\"The EpochTimes T\u00fcrkiye\"},\"image\":{\"@id\":\"https:\/\/epochtimestr.com\/#\/schema\/logo\/image\/\"},\"sameAs\":[\"https:\/\/www.facebook.com\/theepochtimestr\",\"https:\/\/x.com\/TheEpochTimesTR\",\"https:\/\/www.instagram.com\/epochtimestr\"]},{\"@type\":\"Person\",\"@id\":\"https:\/\/epochtimestr.com\/#\/schema\/person\/3dc5c3adeb9f43923c5aa85889172fdd\",\"name\":\"Haber Merkezi\",\"image\":{\"@type\":\"ImageObject\",\"inLanguage\":\"tr\",\"@id\":\"https:\/\/epochtimestr.com\/#\/schema\/person\/image\/\",\"url\":\"https:\/\/secure.gravatar.com\/avatar\/d73f772ba5a74f28601361e17c2f93e6?s=96&d=mm&r=g\",\"contentUrl\":\"https:\/\/secure.gravatar.com\/avatar\/d73f772ba5a74f28601361e17c2f93e6?s=96&d=mm&r=g\",\"caption\":\"Haber Merkezi\"},\"url\":\"https:\/\/epochtimestr.com\/index.php\/author\/sendag\"}]}<\/script>\n<!-- \/ Yoast SEO plugin. -->","yoast_head_json":{"title":"CHP'den AKP'ye Ge\u00e7en Eren Ali Bing\u00f6l \"Bana Sahip \u00c7\u0131k\u0131n\" Dedi - The Epoch Times TR","description":"AKP'ye ge\u00e7en Tuzla Belediye Ba\u015fkan\u0131 Eren Ali Bing\u00f6l, AKP Tuzla \u0130l\u00e7e Ba\u015fkanl\u0131\u011f\u0131 ziyaretinde partililere \"Kar\u015f\u0131 mahalleden geliyorum\" dedi.","robots":{"index":"index","follow":"follow","max-snippet":"max-snippet:-1","max-image-preview":"max-image-preview:large","max-video-preview":"max-video-preview:-1"},"canonical":"https:\/\/epochtimestr.com\/index.php\/chpden-akpye-gecen-eren-ali-bingol-bana-sahip-cikin-dedi","og_locale":"tr_TR","og_type":"article","og_title":"CHP'den AKP'ye Ge\u00e7en Eren Ali Bing\u00f6l \"Bana Sahip \u00c7\u0131k\u0131n\" Dedi - The Epoch Times TR","og_description":"AKP'ye ge\u00e7en Tuzla Belediye Ba\u015fkan\u0131 Eren Ali Bing\u00f6l, AKP Tuzla \u0130l\u00e7e Ba\u015fkanl\u0131\u011f\u0131 ziyaretinde partililere \"Kar\u015f\u0131 mahalleden geliyorum\" dedi.","og_url":"https:\/\/epochtimestr.com\/index.php\/chpden-akpye-gecen-eren-ali-bingol-bana-sahip-cikin-dedi","og_site_name":"The Epoch Times TR","article_publisher":"https:\/\/www.facebook.com\/theepochtimestr","article_published_time":"2026-08-05T13:02:27+00:00","article_modified_time":"2026-08-05T13:02:44+00:00","og_image":[{"width":1280,"height":720,"url":"https:\/\/epochtimestr.com\/wp-content\/uploads\/2011y\/tuzla-belediyesi-2.webp","type":"image\/webp"}],"author":"Haber Merkezi","twitter_card":"summary_large_image","twitter_creator":"@TheEpochTimesTR","twitter_site":"@TheEpochTimesTR","twitter_misc":{"Yazan:":"Haber Merkezi","Tahmini okuma s\u00fcresi":"4 dakika"},"schema":{"@context":"https:\/\/schema.org","@graph":[{"@type":"Article","@id":"https:\/\/epochtimestr.com\/index.php\/chpden-akpye-gecen-eren-ali-bingol-bana-sahip-cikin-dedi#article","isPartOf":{"@id":"https:\/\/epochtimestr.com\/index.php\/chpden-akpye-gecen-eren-ali-bingol-bana-sahip-cikin-dedi"},"author":{"name":"Haber Merkezi","@id":"https:\/\/epochtimestr.com\/#\/schema\/person\/3dc5c3adeb9f43923c5aa85889172fdd"},"headline":"CHP&#8217;den AKP&#8217;ye Ge\u00e7en Eren Ali Bing\u00f6l &#8220;Bana Sahip \u00c7\u0131k\u0131n&#8221; Dedi","datePublished":"2026-08-05T13:02:27+00:00","dateModified":"2026-08-05T13:02:44+00:00","mainEntityOfPage":{"@id":"https:\/\/epochtimestr.com\/index.php\/chpden-akpye-gecen-eren-ali-bingol-bana-sahip-cikin-dedi"},"wordCount":767,"commentCount":0,"publisher":{"@id":"https:\/\/epochtimestr.com\/#organization"},"image":{"@id":"https:\/\/epochtimestr.com\/index.php\/chpden-akpye-gecen-eren-ali-bingol-bana-sahip-cikin-dedi#primaryimage"},"thumbnailUrl":"https:\/\/epochtimestr.com\/wp-content\/uploads\/2011y\/tuzla-belediyesi-2.webp","keywords":["AKP","Eren Ali Bing\u00f6l","Tuzla Belediyesi"],"articleSection":["G\u00dcNDEM","MAN\u015eET","Siyaset"],"inLanguage":"tr","potentialAction":[{"@type":"CommentAction","name":"Comment","target":["https:\/\/epochtimestr.com\/index.php\/chpden-akpye-gecen-eren-ali-bingol-bana-sahip-cikin-dedi#respond"]}]},{"@type":"WebPage","@id":"https:\/\/epochtimestr.com\/index.php\/chpden-akpye-gecen-eren-ali-bingol-bana-sahip-cikin-dedi","url":"https:\/\/epochtimestr.com\/index.php\/chpden-akpye-gecen-eren-ali-bingol-bana-sahip-cikin-dedi","name":"CHP'den AKP'ye Ge\u00e7en Eren Ali Bing\u00f6l \"Bana Sahip \u00c7\u0131k\u0131n\" Dedi - The Epoch Times TR","isPartOf":{"@id":"https:\/\/epochtimestr.com\/#website"},"primaryImageOfPage":{"@id":"https:\/\/epochtimestr.com\/index.php\/chpden-akpye-gecen-eren-ali-bingol-bana-sahip-cikin-dedi#primaryimage"},"image":{"@id":"https:\/\/epochtimestr.com\/index.php\/chpden-akpye-gecen-eren-ali-bingol-bana-sahip-cikin-dedi#primaryimage"},"thumbnailUrl":"https:\/\/epochtimestr.com\/wp-content\/uploads\/2011y\/tuzla-belediyesi-2.webp","datePublished":"2026-08-05T13:02:27+00:00","dateModified":"2026-08-05T13:02:44+00:00","description":"AKP'ye ge\u00e7en Tuzla Belediye Ba\u015fkan\u0131 Eren Ali Bing\u00f6l, AKP Tuzla \u0130l\u00e7e Ba\u015fkanl\u0131\u011f\u0131 ziyaretinde partililere \"Kar\u015f\u0131 mahalleden geliyorum\" dedi.","inLanguage":"tr","potentialAction":[{"@type":"ReadAction","target":["https:\/\/epochtimestr.com\/index.php\/chpden-akpye-gecen-eren-ali-bingol-bana-sahip-cikin-dedi"]}]},{"@type":"ImageObject","inLanguage":"tr","@id":"https:\/\/epochtimestr.com\/index.php\/chpden-akpye-gecen-eren-ali-bingol-bana-sahip-cikin-dedi#primaryimage","url":"https:\/\/epochtimestr.com\/wp-content\/uploads\/2011y\/tuzla-belediyesi-2.webp","contentUrl":"https:\/\/epochtimestr.com\/wp-content\/uploads\/2011y\/tuzla-belediyesi-2.webp","width":1280,"height":720},{"@type":"WebSite","@id":"https:\/\/epochtimestr.com\/#website","url":"https:\/\/epochtimestr.com\/","name":"The Epoch Times TR","description":"De\u011fi\u015fen D\u00fcnyam\u0131za Taze Bir Bak\u0131\u015f","publisher":{"@id":"https:\/\/epochtimestr.com\/#organization"},"potentialAction":[{"@type":"SearchAction","target":{"@type":"EntryPoint","urlTemplate":"https:\/\/epochtimestr.com\/?s={search_term_string}"},"query-input":"required name=search_term_string"}],"inLanguage":"tr"},{"@type":"Organization","@id":"https:\/\/epochtimestr.com\/#organization","name":"The EpochTimes T\u00fcrkiye","url":"https:\/\/epochtimestr.com\/","logo":{"@type":"ImageObject","inLanguage":"tr","@id":"https:\/\/epochtimestr.com\/#\/schema\/logo\/image\/","url":"https:\/\/epochtimestr.com\/wp-content\/uploads\/2011y\/ET-Logo-YG.jpg","contentUrl":"https:\/\/epochtimestr.com\/wp-content\/uploads\/2011y\/ET-Logo-YG.jpg","width":346,"height":29,"caption":"The EpochTimes T\u00fcrkiye"},"image":{"@id":"https:\/\/epochtimestr.com\/#\/schema\/logo\/image\/"},"sameAs":["https:\/\/www.facebook.com\/theepochtimestr","https:\/\/x.com\/TheEpochTimesTR","https:\/\/www.instagram.com\/epochtimestr"]},{"@type":"Person","@id":"https:\/\/epochtimestr.com\/#\/schema\/person\/3dc5c3adeb9f43923c5aa85889172fdd","name":"Haber Merkezi","image":{"@type":"ImageObject","inLanguage":"tr","@id":"https:\/\/epochtimestr.com\/#\/schema\/person\/image\/","url":"https:\/\/secure.gravatar.com\/avatar\/d73f772ba5a74f28601361e17c2f93e6?s=96&d=mm&r=g","contentUrl":"https:\/\/secure.gravatar.com\/avatar\/d73f772ba5a74f28601361e17c2f93e6?s=96&d=mm&r=g","caption":"Haber Merkezi"},"url":"https:\/\/epochtimestr.com\/index.php\/author\/sendag"}]}},"_links":{"self":[{"href":"https:\/\/epochtimestr.com\/index.php\/wp-json\/wp\/v2\/posts\/169824"}],"collection":[{"href":"https:\/\/epochtimestr.com\/index.php\/wp-json\/wp\/v2\/posts"}],"about":[{"href":"https:\/\/epochtimestr.com\/index.php\/wp-json\/wp\/v2\/types\/post"}],"author":[{"embeddable":true,"href":"https:\/\/epochtimestr.com\/index.php\/wp-json\/wp\/v2\/users\/12791"}],"replies":[{"embeddable":true,"href":"https:\/\/epochtimestr.com\/index.php\/wp-json\/wp\/v2\/comments?post=169824"}],"version-history":[{"count":3,"href":"https:\/\/epochtimestr.com\/index.php\/wp-json\/wp\/v2\/posts\/169824\/revisions"}],"predecessor-version":[{"id":169842,"href":"https:\/\/epochtimestr.com\/index.php\/wp-json\/wp\/v2\/posts\/169824\/revisions\/169842"}],"wp:featuredmedia":[{"embeddable":true,"href":"https:\/\/epochtimestr.com\/index.php\/wp-json\/wp\/v2\/media\/169826"}],"wp:attachment":[{"href":"https:\/\/epochtimestr.com\/index.php\/wp-json\/wp\/v2\/media?parent=169824"}],"wp:term":[{"taxonomy":"category","embeddable":true,"href":"https:\/\/epochtimestr.com\/index.php\/wp-json\/wp\/v2\/categories?post=169824"},{"taxonomy":"post_tag","embeddable":true,"href":"https:\/\/epochtimestr.com\/index.php\/wp-json\/wp\/v2\/tags?post=169824"}],"curies":[{"name":"wp","href":"https:\/\/api.w.org\/{rel}","templated":true}]}}