{"id":169860,"date":"2026-08-05T18:37:23","date_gmt":"2026-08-05T15:37:23","guid":{"rendered":"https:\/\/epochtimestr.com\/?p=169860"},"modified":"2026-08-05T18:37:24","modified_gmt":"2026-08-05T15:37:24","slug":"yurek-oykusu","status":"publish","type":"post","link":"https:\/\/epochtimestr.com\/index.php\/yurek-oykusu","title":{"rendered":"Y\u00fcrek \u00d6yk\u00fcs\u00fc"},"content":{"rendered":"\n<p>Bu yaz\u0131, yaln\u0131zca bir annenin hik\u00e2yesi de\u011fildir. G\u00f6r\u00fcnmeyen emek\u00e7ilerin, fedak\u00e2r annelerin ve e\u011fitimle de\u011fi\u015fen hayatlar\u0131n ortak hik\u00e2yesidir.<\/p>\n\n\n\n<p>Bazen bir insan\u0131n hayat\u0131n\u0131 de\u011fi\u015ftiren \u015fey para de\u011fildir; bir annenin sabr\u0131, al\u0131n teri ve \u00e7ocu\u011funa duydu\u011fu sars\u0131lmaz inan\u00e7t\u0131r.<\/p>\n\n\n\n<p>Hayatta \u00f6yle insanlar vard\u0131r ki y\u0131llarca g\u00f6z\u00fcm\u00fcz\u00fcn \u00f6n\u00fcnde ya\u015farlar ama onlar\u0131 ger\u00e7ekten g\u00f6rmeyiz. Onlar sabah erkenden i\u015f yerlerini a\u00e7\u0131lmadan temizleyen, merdivenleri silen, sofralar\u0131 haz\u0131rlayan, tuvaletleri parlatan g\u00f6r\u00fcnmez emek\u00e7ilerdir. \u00c7o\u011fu zaman isimlerini bile bilmeyiz. Oysa her birinin arkas\u0131nda umutla b\u00fcy\u00fcyen bir ya\u015fam, kurulmaya \u00e7al\u0131\u015fan bir gelecek vard\u0131r.<\/p>\n\n\n\n<p>Okudu\u011fum bir ya\u015fam \u00f6yk\u00fcs\u00fc beni derinden etkiledi. Dul kald\u0131ktan sonra k\u00fc\u00e7\u00fck o\u011fluyla birlikte zengin bir ailenin yan\u0131nda temizlik\u00e7i olarak \u00e7al\u0131\u015fmaya ba\u015flayan bir annenin hik\u00e2yesiydi bu. Kendisine verilen tek \u015fart, \u00e7ocu\u011funun g\u00f6r\u00fcnmemesiydi. Anne bunu kabul etti \u00e7\u00fcnk\u00fc ba\u015fka \u00e7aresi yoktu.<\/p>\n\n\n\n<p>Y\u0131llarca evin en a\u011f\u0131r i\u015flerini yapt\u0131. Mermer zeminleri sildi, tuvaletleri temizledi, \u00e7ocuklar\u0131n arkas\u0131n\u0131 toplad\u0131. Fakat ayn\u0131 zamanda, kimsenin g\u00f6rmedi\u011fi bir ba\u015fka i\u015fi daha vard\u0131: O\u011flunun gelece\u011fini in\u015fa ediyordu.<\/p>\n\n\n\n<p>Eski gazeteler ders kitab\u0131na d\u00f6n\u00fc\u015ft\u00fc, k\u0131r\u0131k fayans par\u00e7alar\u0131 kara tahta oldu. Annenin inanc\u0131 ise en b\u00fcy\u00fck okuldu. \u00c7ocuk, yokluk i\u00e7inde b\u00fcy\u00fcd\u00fc ama hayallerinden hi\u00e7 vazge\u00e7medi.<\/p>\n\n\n\n<p>Bir g\u00fcn uluslararas\u0131 bir burs kazand\u0131 ve yurt d\u0131\u015f\u0131nda e\u011fitim g\u00f6rd\u00fc. Y\u0131llar sonra ba\u015far\u0131l\u0131 bir organ nakli uzman\u0131 olarak \u00fclkesine d\u00f6nd\u00fc\u011f\u00fcnde kader b\u00fcy\u00fck bir s\u0131nav haz\u0131rlam\u0131\u015ft\u0131. Bir zamanlar kendisini hor g\u00f6ren ailenin k\u0131z\u0131n\u0131n hayat\u0131, art\u0131k onun bilgi ve vicdan\u0131na emanet edilmi\u015fti.<\/p>\n\n\n\n<p>\u0130\u015fte bu hik\u00e2yenin en etkileyici yan\u0131 ba\u015far\u0131 de\u011fil, affedebilmekti.<\/p>\n\n\n\n<p>\u0130nsan ger\u00e7ek b\u00fcy\u00fckl\u00fc\u011f\u00fcn\u00fc makam\u0131yla de\u011fil, merhametiyle g\u00f6sterir. O gen\u00e7 doktor ge\u00e7mi\u015fin k\u0131rg\u0131nl\u0131klar\u0131n\u0131 intikama d\u00f6n\u00fc\u015ft\u00fcrmedi. Annesinden \u00f6\u011frendi\u011fi sevgiyi ve \u015fefkati ya\u015fatt\u0131. Bir hayat kurtard\u0131 ve geride yaln\u0131zca insanl\u0131\u011fa yak\u0131\u015fan birka\u00e7 c\u00fcmle b\u0131rakt\u0131.<\/p>\n\n\n\n<p>Bug\u00fcn toplum olarak en \u00e7ok ihtiya\u00e7 duydu\u011fumuz de\u011fer belki de budur. \u0130nsanlar\u0131 mesleklerine, k\u0131yafetlerine, ekonomik durumlar\u0131na g\u00f6re de\u011ferlendirmemek\u2026 \u00c7\u00fcnk\u00fc yar\u0131n\u0131n bilim insan\u0131, \u00f6\u011fretmeni, sanat\u00e7\u0131s\u0131 ya da doktoru, bug\u00fcn okul yolunda eski ayakkab\u0131larla y\u00fcr\u00fcyen bir \u00e7ocu\u011fun i\u00e7inde b\u00fcy\u00fcyor olabilir.<\/p>\n\n\n\n<p>Bir annenin temizledi\u011fi her zemin, belki de bir \u00e7ocu\u011fun gelece\u011fini in\u015fa eden, g\u00f6r\u00fcnmeyen bir tu\u011flad\u0131r. Al\u0131n teriyle b\u00fcy\u00fcyen \u00e7ocuklar, yaln\u0131z kendi kaderlerini de\u011fil bazen ba\u015fkalar\u0131n\u0131n kaderini de de\u011fi\u015ftirirler.<\/p>\n\n\n\n<p>Hi\u00e7 kimseyi yapt\u0131\u011f\u0131 i\u015fle k\u00fc\u00e7\u00fcmsemeyelim. \u00c7\u00fcnk\u00fc emek, insan\u0131n en b\u00fcy\u00fck onurudur. \u00c7ocuklar\u0131m\u0131za b\u0131rakabilece\u011fimiz en de\u011ferli miras ise servet de\u011fil d\u00fcr\u00fcstl\u00fck, e\u011fitim, sevgi ve vicdand\u0131r.<\/p>\n\n\n\n<p>Belki de her b\u00fcy\u00fck ba\u015far\u0131n\u0131n ard\u0131nda, sessizce m\u00fccadele eden ve kimsenin alk\u0131\u015flamad\u0131\u011f\u0131 bir annenin y\u00fcre\u011fi vard\u0131r.<\/p>\n","protected":false},"excerpt":{"rendered":"<p>Bu yaz\u0131, yaln\u0131zca bir annenin hik\u00e2yesi de\u011fildir. G\u00f6r\u00fcnmeyen emek\u00e7ilerin, fedak\u00e2r annelerin ve e\u011fitimle de\u011fi\u015fen hayatlar\u0131n ortak hik\u00e2yesidir. Bazen bir insan\u0131n hayat\u0131n\u0131 de\u011fi\u015ftiren \u015fey para de\u011fildir; bir annenin sabr\u0131, al\u0131n teri ve \u00e7ocu\u011funa duydu\u011fu sars\u0131lmaz inan\u00e7t\u0131r. Hayatta \u00f6yle insanlar vard\u0131r ki y\u0131llarca g\u00f6z\u00fcm\u00fcz\u00fcn \u00f6n\u00fcnde ya\u015farlar ama onlar\u0131 ger\u00e7ekten g\u00f6rmeyiz. Onlar sabah erkenden i\u015f yerlerini a\u00e7\u0131lmadan temizleyen, [&hellip;]<\/p>\n","protected":false},"author":13998,"featured_media":160116,"comment_status":"open","ping_status":"open","sticky":false,"template":"","format":"standard","meta":{"_yoast_wpseo_focuskw":"Anne","_yoast_wpseo_title":"","_yoast_wpseo_metadesc":"Bu yaz\u0131, yaln\u0131zca bir annenin hik\u00e2yesi de\u011fildir. G\u00f6r\u00fcnmeyen emek\u00e7ilerin, fedak\u00e2r annelerin ve e\u011fitimle de\u011fi\u015fen hayatlar\u0131n ortak hik\u00e2yesidir.","_bbp_topic_count":0,"_bbp_reply_count":0,"_bbp_total_topic_count":0,"_bbp_total_reply_count":0,"_bbp_voice_count":0,"_bbp_anonymous_reply_count":0,"_bbp_topic_count_hidden":0,"_bbp_reply_count_hidden":0,"_bbp_forum_subforum_count":0,"footnotes":"","_yoast_wpseo_focuskw_text_input":""},"categories":[8889],"tags":[11729,11761],"yoast_head":"<!-- This site is optimized with the Yoast SEO plugin v23.0 - https:\/\/yoast.com\/wordpress\/plugins\/seo\/ -->\n<title>Y\u00fcrek \u00d6yk\u00fcs\u00fc - The Epoch Times TR<\/title>\n<meta name=\"description\" content=\"Bu yaz\u0131, yaln\u0131zca bir annenin hik\u00e2yesi de\u011fildir. G\u00f6r\u00fcnmeyen emek\u00e7ilerin, fedak\u00e2r annelerin ve e\u011fitimle de\u011fi\u015fen hayatlar\u0131n ortak hik\u00e2yesidir.\" \/>\n<meta name=\"robots\" content=\"index, follow, max-snippet:-1, max-image-preview:large, max-video-preview:-1\" \/>\n<link rel=\"canonical\" href=\"https:\/\/epochtimestr.com\/index.php\/yurek-oykusu\" \/>\n<meta property=\"og:locale\" content=\"tr_TR\" \/>\n<meta property=\"og:type\" content=\"article\" \/>\n<meta property=\"og:title\" content=\"Y\u00fcrek \u00d6yk\u00fcs\u00fc - The Epoch Times TR\" \/>\n<meta property=\"og:description\" content=\"Bu yaz\u0131, yaln\u0131zca bir annenin hik\u00e2yesi de\u011fildir. G\u00f6r\u00fcnmeyen emek\u00e7ilerin, fedak\u00e2r annelerin ve e\u011fitimle de\u011fi\u015fen hayatlar\u0131n ortak hik\u00e2yesidir.\" \/>\n<meta property=\"og:url\" content=\"https:\/\/epochtimestr.com\/index.php\/yurek-oykusu\" \/>\n<meta property=\"og:site_name\" content=\"The Epoch Times TR\" \/>\n<meta property=\"article:publisher\" content=\"https:\/\/www.facebook.com\/theepochtimestr\" \/>\n<meta property=\"article:published_time\" content=\"2026-08-05T15:37:23+00:00\" \/>\n<meta property=\"article:modified_time\" content=\"2026-08-05T15:37:24+00:00\" \/>\n<meta property=\"og:image\" content=\"https:\/\/epochtimestr.com\/wp-content\/uploads\/2011y\/SERIFE-ESER-SM.png\" \/>\n\t<meta property=\"og:image:width\" content=\"1200\" \/>\n\t<meta property=\"og:image:height\" content=\"630\" \/>\n\t<meta property=\"og:image:type\" content=\"image\/png\" \/>\n<meta name=\"author\" content=\"\u015eerife Eser\" \/>\n<meta name=\"twitter:card\" content=\"summary_large_image\" \/>\n<meta name=\"twitter:creator\" content=\"@TheEpochTimesTR\" \/>\n<meta name=\"twitter:site\" content=\"@TheEpochTimesTR\" \/>\n<meta name=\"twitter:label1\" content=\"Yazan:\" \/>\n\t<meta name=\"twitter:data1\" content=\"\u015eerife Eser\" \/>\n\t<meta name=\"twitter:label2\" content=\"Tahmini okuma s\u00fcresi\" \/>\n\t<meta name=\"twitter:data2\" content=\"3 dakika\" \/>\n<script type=\"application\/ld+json\" class=\"yoast-schema-graph\">{\"@context\":\"https:\/\/schema.org\",\"@graph\":[{\"@type\":\"Article\",\"@id\":\"https:\/\/epochtimestr.com\/index.php\/yurek-oykusu#article\",\"isPartOf\":{\"@id\":\"https:\/\/epochtimestr.com\/index.php\/yurek-oykusu\"},\"author\":{\"name\":\"\u015eerife Eser\",\"@id\":\"https:\/\/epochtimestr.com\/#\/schema\/person\/82b65a1390e2b0717a679b57ed38d466\"},\"headline\":\"Y\u00fcrek \u00d6yk\u00fcs\u00fc\",\"datePublished\":\"2026-08-05T15:37:23+00:00\",\"dateModified\":\"2026-08-05T15:37:24+00:00\",\"mainEntityOfPage\":{\"@id\":\"https:\/\/epochtimestr.com\/index.php\/yurek-oykusu\"},\"wordCount\":558,\"commentCount\":0,\"publisher\":{\"@id\":\"https:\/\/epochtimestr.com\/#organization\"},\"image\":{\"@id\":\"https:\/\/epochtimestr.com\/index.php\/yurek-oykusu#primaryimage\"},\"thumbnailUrl\":\"https:\/\/epochtimestr.com\/wp-content\/uploads\/2011y\/Serife-Eser-Profil-1.png\",\"keywords\":[\"K\u00f6\u015fe\",\"k\u00f6\u015fe edebiyat\"],\"articleSection\":[\"K\u00f6\u015fe Yaz\u0131lar\u0131 \u015eerife Eser\"],\"inLanguage\":\"tr\",\"potentialAction\":[{\"@type\":\"CommentAction\",\"name\":\"Comment\",\"target\":[\"https:\/\/epochtimestr.com\/index.php\/yurek-oykusu#respond\"]}]},{\"@type\":\"WebPage\",\"@id\":\"https:\/\/epochtimestr.com\/index.php\/yurek-oykusu\",\"url\":\"https:\/\/epochtimestr.com\/index.php\/yurek-oykusu\",\"name\":\"Y\u00fcrek \u00d6yk\u00fcs\u00fc - The Epoch Times TR\",\"isPartOf\":{\"@id\":\"https:\/\/epochtimestr.com\/#website\"},\"primaryImageOfPage\":{\"@id\":\"https:\/\/epochtimestr.com\/index.php\/yurek-oykusu#primaryimage\"},\"image\":{\"@id\":\"https:\/\/epochtimestr.com\/index.php\/yurek-oykusu#primaryimage\"},\"thumbnailUrl\":\"https:\/\/epochtimestr.com\/wp-content\/uploads\/2011y\/Serife-Eser-Profil-1.png\",\"datePublished\":\"2026-08-05T15:37:23+00:00\",\"dateModified\":\"2026-08-05T15:37:24+00:00\",\"description\":\"Bu yaz\u0131, yaln\u0131zca bir annenin hik\u00e2yesi de\u011fildir. G\u00f6r\u00fcnmeyen emek\u00e7ilerin, fedak\u00e2r annelerin ve e\u011fitimle de\u011fi\u015fen hayatlar\u0131n ortak hik\u00e2yesidir.\",\"inLanguage\":\"tr\",\"potentialAction\":[{\"@type\":\"ReadAction\",\"target\":[\"https:\/\/epochtimestr.com\/index.php\/yurek-oykusu\"]}]},{\"@type\":\"ImageObject\",\"inLanguage\":\"tr\",\"@id\":\"https:\/\/epochtimestr.com\/index.php\/yurek-oykusu#primaryimage\",\"url\":\"https:\/\/epochtimestr.com\/wp-content\/uploads\/2011y\/Serife-Eser-Profil-1.png\",\"contentUrl\":\"https:\/\/epochtimestr.com\/wp-content\/uploads\/2011y\/Serife-Eser-Profil-1.png\",\"width\":600,\"height\":600},{\"@type\":\"WebSite\",\"@id\":\"https:\/\/epochtimestr.com\/#website\",\"url\":\"https:\/\/epochtimestr.com\/\",\"name\":\"The Epoch Times TR\",\"description\":\"De\u011fi\u015fen D\u00fcnyam\u0131za Taze Bir Bak\u0131\u015f\",\"publisher\":{\"@id\":\"https:\/\/epochtimestr.com\/#organization\"},\"potentialAction\":[{\"@type\":\"SearchAction\",\"target\":{\"@type\":\"EntryPoint\",\"urlTemplate\":\"https:\/\/epochtimestr.com\/?s={search_term_string}\"},\"query-input\":\"required name=search_term_string\"}],\"inLanguage\":\"tr\"},{\"@type\":\"Organization\",\"@id\":\"https:\/\/epochtimestr.com\/#organization\",\"name\":\"The EpochTimes T\u00fcrkiye\",\"url\":\"https:\/\/epochtimestr.com\/\",\"logo\":{\"@type\":\"ImageObject\",\"inLanguage\":\"tr\",\"@id\":\"https:\/\/epochtimestr.com\/#\/schema\/logo\/image\/\",\"url\":\"https:\/\/epochtimestr.com\/wp-content\/uploads\/2011y\/ET-Logo-YG.jpg\",\"contentUrl\":\"https:\/\/epochtimestr.com\/wp-content\/uploads\/2011y\/ET-Logo-YG.jpg\",\"width\":346,\"height\":29,\"caption\":\"The EpochTimes T\u00fcrkiye\"},\"image\":{\"@id\":\"https:\/\/epochtimestr.com\/#\/schema\/logo\/image\/\"},\"sameAs\":[\"https:\/\/www.facebook.com\/theepochtimestr\",\"https:\/\/x.com\/TheEpochTimesTR\",\"https:\/\/www.instagram.com\/epochtimestr\"]},{\"@type\":\"Person\",\"@id\":\"https:\/\/epochtimestr.com\/#\/schema\/person\/82b65a1390e2b0717a679b57ed38d466\",\"name\":\"\u015eerife Eser\",\"image\":{\"@type\":\"ImageObject\",\"inLanguage\":\"tr\",\"@id\":\"https:\/\/epochtimestr.com\/#\/schema\/person\/image\/\",\"url\":\"https:\/\/secure.gravatar.com\/avatar\/240b2d469e089f3ae0f677fcc7925228?s=96&d=mm&r=g\",\"contentUrl\":\"https:\/\/secure.gravatar.com\/avatar\/240b2d469e089f3ae0f677fcc7925228?s=96&d=mm&r=g\",\"caption\":\"\u015eerife Eser\"},\"url\":\"https:\/\/epochtimestr.com\/index.php\/author\/serife\"}]}<\/script>\n<!-- \/ Yoast SEO plugin. -->","yoast_head_json":{"title":"Y\u00fcrek \u00d6yk\u00fcs\u00fc - The Epoch Times TR","description":"Bu yaz\u0131, yaln\u0131zca bir annenin hik\u00e2yesi de\u011fildir. G\u00f6r\u00fcnmeyen emek\u00e7ilerin, fedak\u00e2r annelerin ve e\u011fitimle de\u011fi\u015fen hayatlar\u0131n ortak hik\u00e2yesidir.","robots":{"index":"index","follow":"follow","max-snippet":"max-snippet:-1","max-image-preview":"max-image-preview:large","max-video-preview":"max-video-preview:-1"},"canonical":"https:\/\/epochtimestr.com\/index.php\/yurek-oykusu","og_locale":"tr_TR","og_type":"article","og_title":"Y\u00fcrek \u00d6yk\u00fcs\u00fc - The Epoch Times TR","og_description":"Bu yaz\u0131, yaln\u0131zca bir annenin hik\u00e2yesi de\u011fildir. G\u00f6r\u00fcnmeyen emek\u00e7ilerin, fedak\u00e2r annelerin ve e\u011fitimle de\u011fi\u015fen hayatlar\u0131n ortak hik\u00e2yesidir.","og_url":"https:\/\/epochtimestr.com\/index.php\/yurek-oykusu","og_site_name":"The Epoch Times TR","article_publisher":"https:\/\/www.facebook.com\/theepochtimestr","article_published_time":"2026-08-05T15:37:23+00:00","article_modified_time":"2026-08-05T15:37:24+00:00","og_image":[{"width":1200,"height":630,"url":"https:\/\/epochtimestr.com\/wp-content\/uploads\/2011y\/SERIFE-ESER-SM.png","type":"image\/png"}],"author":"\u015eerife Eser","twitter_card":"summary_large_image","twitter_creator":"@TheEpochTimesTR","twitter_site":"@TheEpochTimesTR","twitter_misc":{"Yazan:":"\u015eerife Eser","Tahmini okuma s\u00fcresi":"3 dakika"},"schema":{"@context":"https:\/\/schema.org","@graph":[{"@type":"Article","@id":"https:\/\/epochtimestr.com\/index.php\/yurek-oykusu#article","isPartOf":{"@id":"https:\/\/epochtimestr.com\/index.php\/yurek-oykusu"},"author":{"name":"\u015eerife Eser","@id":"https:\/\/epochtimestr.com\/#\/schema\/person\/82b65a1390e2b0717a679b57ed38d466"},"headline":"Y\u00fcrek \u00d6yk\u00fcs\u00fc","datePublished":"2026-08-05T15:37:23+00:00","dateModified":"2026-08-05T15:37:24+00:00","mainEntityOfPage":{"@id":"https:\/\/epochtimestr.com\/index.php\/yurek-oykusu"},"wordCount":558,"commentCount":0,"publisher":{"@id":"https:\/\/epochtimestr.com\/#organization"},"image":{"@id":"https:\/\/epochtimestr.com\/index.php\/yurek-oykusu#primaryimage"},"thumbnailUrl":"https:\/\/epochtimestr.com\/wp-content\/uploads\/2011y\/Serife-Eser-Profil-1.png","keywords":["K\u00f6\u015fe","k\u00f6\u015fe edebiyat"],"articleSection":["K\u00f6\u015fe Yaz\u0131lar\u0131 \u015eerife Eser"],"inLanguage":"tr","potentialAction":[{"@type":"CommentAction","name":"Comment","target":["https:\/\/epochtimestr.com\/index.php\/yurek-oykusu#respond"]}]},{"@type":"WebPage","@id":"https:\/\/epochtimestr.com\/index.php\/yurek-oykusu","url":"https:\/\/epochtimestr.com\/index.php\/yurek-oykusu","name":"Y\u00fcrek \u00d6yk\u00fcs\u00fc - The Epoch Times TR","isPartOf":{"@id":"https:\/\/epochtimestr.com\/#website"},"primaryImageOfPage":{"@id":"https:\/\/epochtimestr.com\/index.php\/yurek-oykusu#primaryimage"},"image":{"@id":"https:\/\/epochtimestr.com\/index.php\/yurek-oykusu#primaryimage"},"thumbnailUrl":"https:\/\/epochtimestr.com\/wp-content\/uploads\/2011y\/Serife-Eser-Profil-1.png","datePublished":"2026-08-05T15:37:23+00:00","dateModified":"2026-08-05T15:37:24+00:00","description":"Bu yaz\u0131, yaln\u0131zca bir annenin hik\u00e2yesi de\u011fildir. G\u00f6r\u00fcnmeyen emek\u00e7ilerin, fedak\u00e2r annelerin ve e\u011fitimle de\u011fi\u015fen hayatlar\u0131n ortak hik\u00e2yesidir.","inLanguage":"tr","potentialAction":[{"@type":"ReadAction","target":["https:\/\/epochtimestr.com\/index.php\/yurek-oykusu"]}]},{"@type":"ImageObject","inLanguage":"tr","@id":"https:\/\/epochtimestr.com\/index.php\/yurek-oykusu#primaryimage","url":"https:\/\/epochtimestr.com\/wp-content\/uploads\/2011y\/Serife-Eser-Profil-1.png","contentUrl":"https:\/\/epochtimestr.com\/wp-content\/uploads\/2011y\/Serife-Eser-Profil-1.png","width":600,"height":600},{"@type":"WebSite","@id":"https:\/\/epochtimestr.com\/#website","url":"https:\/\/epochtimestr.com\/","name":"The Epoch Times TR","description":"De\u011fi\u015fen D\u00fcnyam\u0131za Taze Bir Bak\u0131\u015f","publisher":{"@id":"https:\/\/epochtimestr.com\/#organization"},"potentialAction":[{"@type":"SearchAction","target":{"@type":"EntryPoint","urlTemplate":"https:\/\/epochtimestr.com\/?s={search_term_string}"},"query-input":"required name=search_term_string"}],"inLanguage":"tr"},{"@type":"Organization","@id":"https:\/\/epochtimestr.com\/#organization","name":"The EpochTimes T\u00fcrkiye","url":"https:\/\/epochtimestr.com\/","logo":{"@type":"ImageObject","inLanguage":"tr","@id":"https:\/\/epochtimestr.com\/#\/schema\/logo\/image\/","url":"https:\/\/epochtimestr.com\/wp-content\/uploads\/2011y\/ET-Logo-YG.jpg","contentUrl":"https:\/\/epochtimestr.com\/wp-content\/uploads\/2011y\/ET-Logo-YG.jpg","width":346,"height":29,"caption":"The EpochTimes T\u00fcrkiye"},"image":{"@id":"https:\/\/epochtimestr.com\/#\/schema\/logo\/image\/"},"sameAs":["https:\/\/www.facebook.com\/theepochtimestr","https:\/\/x.com\/TheEpochTimesTR","https:\/\/www.instagram.com\/epochtimestr"]},{"@type":"Person","@id":"https:\/\/epochtimestr.com\/#\/schema\/person\/82b65a1390e2b0717a679b57ed38d466","name":"\u015eerife Eser","image":{"@type":"ImageObject","inLanguage":"tr","@id":"https:\/\/epochtimestr.com\/#\/schema\/person\/image\/","url":"https:\/\/secure.gravatar.com\/avatar\/240b2d469e089f3ae0f677fcc7925228?s=96&d=mm&r=g","contentUrl":"https:\/\/secure.gravatar.com\/avatar\/240b2d469e089f3ae0f677fcc7925228?s=96&d=mm&r=g","caption":"\u015eerife Eser"},"url":"https:\/\/epochtimestr.com\/index.php\/author\/serife"}]}},"_links":{"self":[{"href":"https:\/\/epochtimestr.com\/index.php\/wp-json\/wp\/v2\/posts\/169860"}],"collection":[{"href":"https:\/\/epochtimestr.com\/index.php\/wp-json\/wp\/v2\/posts"}],"about":[{"href":"https:\/\/epochtimestr.com\/index.php\/wp-json\/wp\/v2\/types\/post"}],"author":[{"embeddable":true,"href":"https:\/\/epochtimestr.com\/index.php\/wp-json\/wp\/v2\/users\/13998"}],"replies":[{"embeddable":true,"href":"https:\/\/epochtimestr.com\/index.php\/wp-json\/wp\/v2\/comments?post=169860"}],"version-history":[{"count":1,"href":"https:\/\/epochtimestr.com\/index.php\/wp-json\/wp\/v2\/posts\/169860\/revisions"}],"predecessor-version":[{"id":169861,"href":"https:\/\/epochtimestr.com\/index.php\/wp-json\/wp\/v2\/posts\/169860\/revisions\/169861"}],"wp:featuredmedia":[{"embeddable":true,"href":"https:\/\/epochtimestr.com\/index.php\/wp-json\/wp\/v2\/media\/160116"}],"wp:attachment":[{"href":"https:\/\/epochtimestr.com\/index.php\/wp-json\/wp\/v2\/media?parent=169860"}],"wp:term":[{"taxonomy":"category","embeddable":true,"href":"https:\/\/epochtimestr.com\/index.php\/wp-json\/wp\/v2\/categories?post=169860"},{"taxonomy":"post_tag","embeddable":true,"href":"https:\/\/epochtimestr.com\/index.php\/wp-json\/wp\/v2\/tags?post=169860"}],"curies":[{"name":"wp","href":"https:\/\/api.w.org\/{rel}","templated":true}]}}