{"id":169862,"date":"2026-08-06T08:30:00","date_gmt":"2026-08-06T05:30:00","guid":{"rendered":"https:\/\/epochtimestr.com\/?p=169862"},"modified":"2026-08-05T20:56:07","modified_gmt":"2026-08-05T17:56:07","slug":"zamane-mirildanmalari","status":"publish","type":"post","link":"https:\/\/epochtimestr.com\/index.php\/zamane-mirildanmalari","title":{"rendered":"Zamane M\u0131r\u0131ldanmalar\u0131"},"content":{"rendered":"\n<p class=\"has-text-align-right\">&#8220;Samimiyetin kameralara ihtiyac\u0131 yoktur&#8221;<\/p>\n\n\n\n<p>\u00c7o\u011funluktan yana olmak ayr\u0131, \u00e7o\u011fulculuktan yana olmak ayr\u0131d\u0131r.&nbsp;Bilmem bunu h\u00e2l\u00e2 kar\u0131\u015ft\u0131ranlar var m\u0131d\u0131r? G\u00fcndeme bak\u0131nca bunun \u00e7ok yayg\u0131n bir al\u0131\u015fkanl\u0131k oldu\u011fu anla\u015f\u0131l\u0131yor.<\/p>\n\n\n\n<p>\u0130nsan yarat\u0131l\u0131\u015f\u0131 gere\u011fi sosyal bir varl\u0131kt\u0131r. Toplum i\u00e7inde ya\u015far.&nbsp;Toplum i\u00e7inde ya\u015faman\u0131n kurallar\u0131, bedeli vard\u0131r.&nbsp;Ki\u015fi bunlara uydu\u011fu s\u00fcrece fazla s\u0131k\u0131nt\u0131 ya\u015famaz. Fakat toplum kurallar\u0131 d\u0131\u015f\u0131na \u00e7\u0131kt\u0131\u011f\u0131nda veya genele ayk\u0131r\u0131 davran\u0131\u015flar sergiledi\u011finde ve de al\u0131\u015f\u0131lagelmi\u015fin d\u0131\u015f\u0131nda fikirler beyan etti\u011finde sorunlar ba\u015flar, ayr\u0131k otu muamelesi g\u00f6r\u00fcr.<\/p>\n\n\n\n<p>Elbette b\u00fcy\u00fck \u00e7o\u011funluk, toplum d\u0131\u015f\u0131na itilmeyi g\u00f6ze alamaz. &#8216;Mahalle bask\u0131s\u0131na&#8217; boyun e\u011fer. Dil de dinamiktir. \u00c7a\u011f\u0131n gerektirdi\u011fi yeni kelimeler, kavramlar \u00e7\u0131kar ve yerle\u015fir. &#8216;Mahalle bask\u0131s\u0131&#8217; onlardan biridir. Ya da &#8216;akran zorbal\u0131\u011f\u0131&#8217; veya &#8216;mobbing uygulama&#8217;&nbsp;gibi &#8216;lin\u00e7 k\u00fclt\u00fcr\u00fc&#8217; de bu kategoriye yak\u0131n, benzer sonu\u00e7lar do\u011furan kavramlard\u0131r. Nedir? Kar\u015f\u0131ndakine bask\u0131, \u015fiddet, y\u00f6nelim uygulayarak, onu &#8216;istedi\u011fi k\u0131vama&#8217; getirmektir.<\/p>\n\n\n\n<p>Ayr\u0131ca t\u00fcm bunlar\u0131n birebir, y\u00fcz y\u00fcze veya fiziksel olmas\u0131 da gerekmiyor art\u0131k. Sosyal medya tek ba\u015f\u0131na t\u00fcm bunlar\u0131 uygulamaya \u00e7ok m\u00fcsait. G\u00f6rseller, yaz\u0131lar arac\u0131l\u0131\u011f\u0131yla hedefi kolayca ekarte etmek veya iste\u011fi k\u0131vama sokmak \u00e7ok m\u00fcmk\u00fcnd\u00fcr &#8211; ki \u00f6rnekleri y\u0131\u011f\u0131nla vard\u0131r. Siyasetten, ticarete, aile ili\u015fkilerine, i\u015f yeri \u00e7eki\u015fmelerine de\u011fin uzun bir yelpazede ger\u00e7ekle\u015fir.<\/p>\n\n\n\n<p>G\u00fcn\u00fcm\u00fcz if\u015falar, suikastler, manip\u00fclasyon, belirsizlik, sokak hareketleri, ter\u00f6r, sava\u015f d\u00f6nemidir. Hukuk, uluslararas\u0131 hukuk, demokrasi, \u00e7o\u011fulculuk, \u00f6zg\u00fcrl\u00fck gibi kavramlar, g\u00fcvenlik\u00e7i, otoriter y\u00f6netimlere yenik d\u00fc\u015fmektedir. Ge\u00e7enlerde Nikaragua Devlet Ba\u015fkan\u0131 Daniel Ortega, \u00fclkesinde bundan b\u00f6yle se\u00e7imleri kald\u0131rd\u0131\u011f\u0131n\u0131 duyurdu. Korkar\u0131m onu takip edecek ba\u015fkalar\u0131 da \u00e7\u0131kacakt\u0131r.<\/p>\n\n\n\n<p>\u0130nsan do\u011fas\u0131 gere\u011fi, i\u00e7g\u00fcd\u00fcsel olarak hayatta kalmaya odakl\u0131d\u0131r. Yani g\u00fcvenli\u011fi \u00f6nceler hep&#8230; Mevzubahis hayatta kalmak, g\u00fcvenlik olunca, di\u011fer istekler biraz l\u00fckse ka\u00e7ar.<\/p>\n\n\n\n<p>&#8216;\u00d6l\u00fcm\u00fc g\u00f6sterip, s\u0131tmaya raz\u0131 etmek&#8217; diye me\u015fhur bir s\u00f6z vard\u0131r. G\u00fcn\u00fcm\u00fcz konjonkt\u00fcr\u00fcne \u00e7ok uygundur. \u015eu an ger\u00e7ekle\u015fen tam da budur. \u00d6l\u00fcm m\u00fc istenilen mi? K\u00fc\u00e7\u00fck az\u0131nl\u0131\u011f\u0131n \u00f6l\u00fcm\u00fc se\u00e7mesi, totalde ana istikameti de\u011fi\u015ftirmez!<\/p>\n\n\n\n<p>\u0130nsan kusurlu bir varl\u0131kt\u0131r. \u0130nsan defolar\u0131 ile vard\u0131r. Defolu insanlar de\u011fil midir d\u00fcnyay\u0131 de\u011fi\u015ftiren? Kusurlar\u0131 ile var olan insandan farkl\u0131 \u015feyler beklemek do\u011fru de\u011fildir. O asla rehabilite olmayacakt\u0131r. Hayat bu \u015fekilde ini\u015fli-\u00e7\u0131k\u0131\u015fl\u0131 ak\u0131p gidecektir&#8230; O bak\u0131mdan kimse yery\u00fcz\u00fcnde cennet beklemesin! Zira buras\u0131 b\u00f6yle bir yer. D\u00fczeltmeye \u00e7al\u0131\u015fmak sadece nafile bir \u00e7abadan ibarettir.<\/p>\n\n\n\n<p>Ancak bir ihtimal daha var. O da insan do\u011fas\u0131na m\u00fcdahalede bulunmakt\u0131r. Bu g\u00fcn\u00fcm\u00fczde art\u0131k m\u00fcmk\u00fcnd\u00fcr. Bir taraftan insan\u0131n fiziksel b\u00fct\u00fcnl\u00fc\u011f\u00fcne m\u00fcdahale etmek, di\u011fer taraftan onu&nbsp;t\u00fcm hayat\u0131 boyunca g\u00f6zetim alt\u0131nda tutmak da m\u00fcmk\u00fcn art\u0131k. Adeta do\u011fumdan \u00f6l\u00fcme kontrol alt\u0131na almak.<\/p>\n\n\n\n<p>Hem do\u011fal b\u00fct\u00fcnl\u00fc\u011f\u00fcne m\u00fcdahale edilmi\u015f hem de t\u00fcm hayat\u0131 kontrol alt\u0131na al\u0131nm\u0131\u015f insana, insan denilebilir mi? O art\u0131k bildi\u011fimiz insandan farkl\u0131 olacakt\u0131r. Do\u011fall\u0131\u011f\u0131 bozulan bir insan olu\u015fur &#8211; ki i\u015fte o anda, ona&nbsp;h\u00fckmetmek m\u00fcmk\u00fcn olacakt\u0131r. Genel yapay zek\u00e2n\u0131n y\u00fcklendi\u011fi &#8216;ana bilgisayar&#8217;, her \u015feyi&nbsp;g\u00f6zleyecek ve y\u00f6netecektir.<\/p>\n\n\n\n<p>B\u00f6ylelikle tar\u0131m toplumu, sanayi, bilgi, dijital toplum derken, son durak &#8216;modern k\u00f6leci topluma&#8217; varacakt\u0131r. T\u00fcm veriler ve gidi\u015fat ona i\u015faret etmektedir. Ya da bir ba\u015fka olu\u015fum beklenebilir mi? T\u00fcm \u00f6ng\u00f6r\u00fcleri alt\u00fcst edecek, bamba\u015fka beklenmedik s\u00fcre\u00e7lere evirilecek, yeni ve ummad\u0131k bir d\u00fcnya m\u00fcmk\u00fcn m\u00fcd\u00fcr? Bence m\u00fcmk\u00fcnd\u00fcr. \u00c7\u00fcnk\u00fc her geli\u015fme, her yeni ke\u015fif, beklenmeyen sonu\u00e7lar do\u011furmu\u015ftur. Gelecek t\u00fcm \u00f6ng\u00f6r\u00fclmezli\u011fi ve belirsizli\u011fiyle orada duruyor.<\/p>\n","protected":false},"excerpt":{"rendered":"<p>&#8220;Samimiyetin kameralara ihtiyac\u0131 yoktur&#8221; \u00c7o\u011funluktan yana olmak ayr\u0131, \u00e7o\u011fulculuktan yana olmak ayr\u0131d\u0131r.&nbsp;Bilmem bunu h\u00e2l\u00e2 kar\u0131\u015ft\u0131ranlar var m\u0131d\u0131r? G\u00fcndeme bak\u0131nca bunun \u00e7ok yayg\u0131n bir al\u0131\u015fkanl\u0131k oldu\u011fu anla\u015f\u0131l\u0131yor. \u0130nsan yarat\u0131l\u0131\u015f\u0131 gere\u011fi sosyal bir varl\u0131kt\u0131r. Toplum i\u00e7inde ya\u015far.&nbsp;Toplum i\u00e7inde ya\u015faman\u0131n kurallar\u0131, bedeli vard\u0131r.&nbsp;Ki\u015fi bunlara uydu\u011fu s\u00fcrece fazla s\u0131k\u0131nt\u0131 ya\u015famaz. Fakat toplum kurallar\u0131 d\u0131\u015f\u0131na \u00e7\u0131kt\u0131\u011f\u0131nda veya genele ayk\u0131r\u0131 davran\u0131\u015flar [&hellip;]<\/p>\n","protected":false},"author":14001,"featured_media":161038,"comment_status":"open","ping_status":"open","sticky":false,"template":"","format":"standard","meta":{"_yoast_wpseo_focuskw":"\u00e7o\u011funluk","_yoast_wpseo_title":"","_yoast_wpseo_metadesc":"\u00c7o\u011funluktan yana olmak ayr\u0131, \u00e7o\u011fulculuktan yana olmak ayr\u0131d\u0131r.\u00a0G\u00fcndeme bak\u0131nca bunlar\u0131 kar\u0131\u015ft\u0131rman\u0131n yayg\u0131n bir al\u0131\u015fkanl\u0131k oldu\u011fu anla\u015f\u0131l\u0131yor.","_bbp_topic_count":0,"_bbp_reply_count":0,"_bbp_total_topic_count":0,"_bbp_total_reply_count":0,"_bbp_voice_count":0,"_bbp_anonymous_reply_count":0,"_bbp_topic_count_hidden":0,"_bbp_reply_count_hidden":0,"_bbp_forum_subforum_count":0,"footnotes":"","_yoast_wpseo_focuskw_text_input":""},"categories":[9170],"tags":[11729,11752],"yoast_head":"<!-- This site is optimized with the Yoast SEO plugin v23.0 - https:\/\/yoast.com\/wordpress\/plugins\/seo\/ -->\n<title>Zamane M\u0131r\u0131ldanmalar\u0131 - The Epoch Times TR<\/title>\n<meta name=\"description\" content=\"\u00c7o\u011funluktan yana olmak ayr\u0131, \u00e7o\u011fulculuktan yana olmak ayr\u0131d\u0131r.\u00a0G\u00fcndeme bak\u0131nca bunlar\u0131 kar\u0131\u015ft\u0131rman\u0131n yayg\u0131n bir al\u0131\u015fkanl\u0131k oldu\u011fu anla\u015f\u0131l\u0131yor.\" \/>\n<meta name=\"robots\" content=\"index, follow, max-snippet:-1, max-image-preview:large, max-video-preview:-1\" \/>\n<link rel=\"canonical\" href=\"https:\/\/epochtimestr.com\/index.php\/zamane-mirildanmalari\" \/>\n<meta property=\"og:locale\" content=\"tr_TR\" \/>\n<meta property=\"og:type\" content=\"article\" \/>\n<meta property=\"og:title\" content=\"Zamane M\u0131r\u0131ldanmalar\u0131 - The Epoch Times TR\" \/>\n<meta property=\"og:description\" content=\"\u00c7o\u011funluktan yana olmak ayr\u0131, \u00e7o\u011fulculuktan yana olmak ayr\u0131d\u0131r.\u00a0G\u00fcndeme bak\u0131nca bunlar\u0131 kar\u0131\u015ft\u0131rman\u0131n yayg\u0131n bir al\u0131\u015fkanl\u0131k oldu\u011fu anla\u015f\u0131l\u0131yor.\" \/>\n<meta property=\"og:url\" content=\"https:\/\/epochtimestr.com\/index.php\/zamane-mirildanmalari\" \/>\n<meta property=\"og:site_name\" content=\"The Epoch Times TR\" \/>\n<meta property=\"article:publisher\" content=\"https:\/\/www.facebook.com\/theepochtimestr\" \/>\n<meta property=\"article:published_time\" content=\"2026-08-06T05:30:00+00:00\" \/>\n<meta property=\"article:modified_time\" content=\"2026-08-05T17:56:07+00:00\" \/>\n<meta property=\"og:image\" content=\"https:\/\/epochtimestr.com\/wp-content\/uploads\/2011y\/BEKIR-ZORBA-SM-2.png\" \/>\n\t<meta property=\"og:image:width\" content=\"1200\" \/>\n\t<meta property=\"og:image:height\" content=\"630\" \/>\n\t<meta property=\"og:image:type\" content=\"image\/png\" \/>\n<meta name=\"author\" content=\"Bekir Zorba\" \/>\n<meta name=\"twitter:card\" content=\"summary_large_image\" \/>\n<meta name=\"twitter:creator\" content=\"@TheEpochTimesTR\" \/>\n<meta name=\"twitter:site\" content=\"@TheEpochTimesTR\" \/>\n<meta name=\"twitter:label1\" content=\"Yazan:\" \/>\n\t<meta name=\"twitter:data1\" content=\"Bekir Zorba\" \/>\n\t<meta name=\"twitter:label2\" content=\"Tahmini okuma s\u00fcresi\" \/>\n\t<meta name=\"twitter:data2\" content=\"4 dakika\" \/>\n<script type=\"application\/ld+json\" class=\"yoast-schema-graph\">{\"@context\":\"https:\/\/schema.org\",\"@graph\":[{\"@type\":\"Article\",\"@id\":\"https:\/\/epochtimestr.com\/index.php\/zamane-mirildanmalari#article\",\"isPartOf\":{\"@id\":\"https:\/\/epochtimestr.com\/index.php\/zamane-mirildanmalari\"},\"author\":{\"name\":\"Bekir Zorba\",\"@id\":\"https:\/\/epochtimestr.com\/#\/schema\/person\/da1ad104599611965442ed3e7e9acb2b\"},\"headline\":\"Zamane M\u0131r\u0131ldanmalar\u0131\",\"datePublished\":\"2026-08-06T05:30:00+00:00\",\"dateModified\":\"2026-08-05T17:56:07+00:00\",\"mainEntityOfPage\":{\"@id\":\"https:\/\/epochtimestr.com\/index.php\/zamane-mirildanmalari\"},\"wordCount\":744,\"commentCount\":0,\"publisher\":{\"@id\":\"https:\/\/epochtimestr.com\/#organization\"},\"image\":{\"@id\":\"https:\/\/epochtimestr.com\/index.php\/zamane-mirildanmalari#primaryimage\"},\"thumbnailUrl\":\"https:\/\/epochtimestr.com\/wp-content\/uploads\/2011y\/Bekir-Zorba.png\",\"keywords\":[\"K\u00f6\u015fe\",\"k\u00f6\u015fe sosyoloji\"],\"articleSection\":[\"K\u00f6\u015fe Yaz\u0131lar\u0131 Bekir Zorba\"],\"inLanguage\":\"tr\",\"potentialAction\":[{\"@type\":\"CommentAction\",\"name\":\"Comment\",\"target\":[\"https:\/\/epochtimestr.com\/index.php\/zamane-mirildanmalari#respond\"]}]},{\"@type\":\"WebPage\",\"@id\":\"https:\/\/epochtimestr.com\/index.php\/zamane-mirildanmalari\",\"url\":\"https:\/\/epochtimestr.com\/index.php\/zamane-mirildanmalari\",\"name\":\"Zamane M\u0131r\u0131ldanmalar\u0131 - The Epoch Times TR\",\"isPartOf\":{\"@id\":\"https:\/\/epochtimestr.com\/#website\"},\"primaryImageOfPage\":{\"@id\":\"https:\/\/epochtimestr.com\/index.php\/zamane-mirildanmalari#primaryimage\"},\"image\":{\"@id\":\"https:\/\/epochtimestr.com\/index.php\/zamane-mirildanmalari#primaryimage\"},\"thumbnailUrl\":\"https:\/\/epochtimestr.com\/wp-content\/uploads\/2011y\/Bekir-Zorba.png\",\"datePublished\":\"2026-08-06T05:30:00+00:00\",\"dateModified\":\"2026-08-05T17:56:07+00:00\",\"description\":\"\u00c7o\u011funluktan yana olmak ayr\u0131, \u00e7o\u011fulculuktan yana olmak ayr\u0131d\u0131r.\u00a0G\u00fcndeme bak\u0131nca bunlar\u0131 kar\u0131\u015ft\u0131rman\u0131n yayg\u0131n bir al\u0131\u015fkanl\u0131k oldu\u011fu anla\u015f\u0131l\u0131yor.\",\"inLanguage\":\"tr\",\"potentialAction\":[{\"@type\":\"ReadAction\",\"target\":[\"https:\/\/epochtimestr.com\/index.php\/zamane-mirildanmalari\"]}]},{\"@type\":\"ImageObject\",\"inLanguage\":\"tr\",\"@id\":\"https:\/\/epochtimestr.com\/index.php\/zamane-mirildanmalari#primaryimage\",\"url\":\"https:\/\/epochtimestr.com\/wp-content\/uploads\/2011y\/Bekir-Zorba.png\",\"contentUrl\":\"https:\/\/epochtimestr.com\/wp-content\/uploads\/2011y\/Bekir-Zorba.png\",\"width\":600,\"height\":600},{\"@type\":\"WebSite\",\"@id\":\"https:\/\/epochtimestr.com\/#website\",\"url\":\"https:\/\/epochtimestr.com\/\",\"name\":\"The Epoch Times TR\",\"description\":\"De\u011fi\u015fen D\u00fcnyam\u0131za Taze Bir Bak\u0131\u015f\",\"publisher\":{\"@id\":\"https:\/\/epochtimestr.com\/#organization\"},\"potentialAction\":[{\"@type\":\"SearchAction\",\"target\":{\"@type\":\"EntryPoint\",\"urlTemplate\":\"https:\/\/epochtimestr.com\/?s={search_term_string}\"},\"query-input\":\"required name=search_term_string\"}],\"inLanguage\":\"tr\"},{\"@type\":\"Organization\",\"@id\":\"https:\/\/epochtimestr.com\/#organization\",\"name\":\"The EpochTimes T\u00fcrkiye\",\"url\":\"https:\/\/epochtimestr.com\/\",\"logo\":{\"@type\":\"ImageObject\",\"inLanguage\":\"tr\",\"@id\":\"https:\/\/epochtimestr.com\/#\/schema\/logo\/image\/\",\"url\":\"https:\/\/epochtimestr.com\/wp-content\/uploads\/2011y\/ET-Logo-YG.jpg\",\"contentUrl\":\"https:\/\/epochtimestr.com\/wp-content\/uploads\/2011y\/ET-Logo-YG.jpg\",\"width\":346,\"height\":29,\"caption\":\"The EpochTimes T\u00fcrkiye\"},\"image\":{\"@id\":\"https:\/\/epochtimestr.com\/#\/schema\/logo\/image\/\"},\"sameAs\":[\"https:\/\/www.facebook.com\/theepochtimestr\",\"https:\/\/x.com\/TheEpochTimesTR\",\"https:\/\/www.instagram.com\/epochtimestr\"]},{\"@type\":\"Person\",\"@id\":\"https:\/\/epochtimestr.com\/#\/schema\/person\/da1ad104599611965442ed3e7e9acb2b\",\"name\":\"Bekir Zorba\",\"image\":{\"@type\":\"ImageObject\",\"inLanguage\":\"tr\",\"@id\":\"https:\/\/epochtimestr.com\/#\/schema\/person\/image\/\",\"url\":\"https:\/\/secure.gravatar.com\/avatar\/eafd40d9b77b1fbf7c565a3d4916b79c?s=96&d=mm&r=g\",\"contentUrl\":\"https:\/\/secure.gravatar.com\/avatar\/eafd40d9b77b1fbf7c565a3d4916b79c?s=96&d=mm&r=g\",\"caption\":\"Bekir Zorba\"},\"url\":\"https:\/\/epochtimestr.com\/index.php\/author\/bekir\"}]}<\/script>\n<!-- \/ Yoast SEO plugin. -->","yoast_head_json":{"title":"Zamane M\u0131r\u0131ldanmalar\u0131 - The Epoch Times TR","description":"\u00c7o\u011funluktan yana olmak ayr\u0131, \u00e7o\u011fulculuktan yana olmak ayr\u0131d\u0131r.\u00a0G\u00fcndeme bak\u0131nca bunlar\u0131 kar\u0131\u015ft\u0131rman\u0131n yayg\u0131n bir al\u0131\u015fkanl\u0131k oldu\u011fu anla\u015f\u0131l\u0131yor.","robots":{"index":"index","follow":"follow","max-snippet":"max-snippet:-1","max-image-preview":"max-image-preview:large","max-video-preview":"max-video-preview:-1"},"canonical":"https:\/\/epochtimestr.com\/index.php\/zamane-mirildanmalari","og_locale":"tr_TR","og_type":"article","og_title":"Zamane M\u0131r\u0131ldanmalar\u0131 - The Epoch Times TR","og_description":"\u00c7o\u011funluktan yana olmak ayr\u0131, \u00e7o\u011fulculuktan yana olmak ayr\u0131d\u0131r.\u00a0G\u00fcndeme bak\u0131nca bunlar\u0131 kar\u0131\u015ft\u0131rman\u0131n yayg\u0131n bir al\u0131\u015fkanl\u0131k oldu\u011fu anla\u015f\u0131l\u0131yor.","og_url":"https:\/\/epochtimestr.com\/index.php\/zamane-mirildanmalari","og_site_name":"The Epoch Times TR","article_publisher":"https:\/\/www.facebook.com\/theepochtimestr","article_published_time":"2026-08-06T05:30:00+00:00","article_modified_time":"2026-08-05T17:56:07+00:00","og_image":[{"width":1200,"height":630,"url":"https:\/\/epochtimestr.com\/wp-content\/uploads\/2011y\/BEKIR-ZORBA-SM-2.png","type":"image\/png"}],"author":"Bekir Zorba","twitter_card":"summary_large_image","twitter_creator":"@TheEpochTimesTR","twitter_site":"@TheEpochTimesTR","twitter_misc":{"Yazan:":"Bekir Zorba","Tahmini okuma s\u00fcresi":"4 dakika"},"schema":{"@context":"https:\/\/schema.org","@graph":[{"@type":"Article","@id":"https:\/\/epochtimestr.com\/index.php\/zamane-mirildanmalari#article","isPartOf":{"@id":"https:\/\/epochtimestr.com\/index.php\/zamane-mirildanmalari"},"author":{"name":"Bekir Zorba","@id":"https:\/\/epochtimestr.com\/#\/schema\/person\/da1ad104599611965442ed3e7e9acb2b"},"headline":"Zamane M\u0131r\u0131ldanmalar\u0131","datePublished":"2026-08-06T05:30:00+00:00","dateModified":"2026-08-05T17:56:07+00:00","mainEntityOfPage":{"@id":"https:\/\/epochtimestr.com\/index.php\/zamane-mirildanmalari"},"wordCount":744,"commentCount":0,"publisher":{"@id":"https:\/\/epochtimestr.com\/#organization"},"image":{"@id":"https:\/\/epochtimestr.com\/index.php\/zamane-mirildanmalari#primaryimage"},"thumbnailUrl":"https:\/\/epochtimestr.com\/wp-content\/uploads\/2011y\/Bekir-Zorba.png","keywords":["K\u00f6\u015fe","k\u00f6\u015fe sosyoloji"],"articleSection":["K\u00f6\u015fe Yaz\u0131lar\u0131 Bekir Zorba"],"inLanguage":"tr","potentialAction":[{"@type":"CommentAction","name":"Comment","target":["https:\/\/epochtimestr.com\/index.php\/zamane-mirildanmalari#respond"]}]},{"@type":"WebPage","@id":"https:\/\/epochtimestr.com\/index.php\/zamane-mirildanmalari","url":"https:\/\/epochtimestr.com\/index.php\/zamane-mirildanmalari","name":"Zamane M\u0131r\u0131ldanmalar\u0131 - The Epoch Times TR","isPartOf":{"@id":"https:\/\/epochtimestr.com\/#website"},"primaryImageOfPage":{"@id":"https:\/\/epochtimestr.com\/index.php\/zamane-mirildanmalari#primaryimage"},"image":{"@id":"https:\/\/epochtimestr.com\/index.php\/zamane-mirildanmalari#primaryimage"},"thumbnailUrl":"https:\/\/epochtimestr.com\/wp-content\/uploads\/2011y\/Bekir-Zorba.png","datePublished":"2026-08-06T05:30:00+00:00","dateModified":"2026-08-05T17:56:07+00:00","description":"\u00c7o\u011funluktan yana olmak ayr\u0131, \u00e7o\u011fulculuktan yana olmak ayr\u0131d\u0131r.\u00a0G\u00fcndeme bak\u0131nca bunlar\u0131 kar\u0131\u015ft\u0131rman\u0131n yayg\u0131n bir al\u0131\u015fkanl\u0131k oldu\u011fu anla\u015f\u0131l\u0131yor.","inLanguage":"tr","potentialAction":[{"@type":"ReadAction","target":["https:\/\/epochtimestr.com\/index.php\/zamane-mirildanmalari"]}]},{"@type":"ImageObject","inLanguage":"tr","@id":"https:\/\/epochtimestr.com\/index.php\/zamane-mirildanmalari#primaryimage","url":"https:\/\/epochtimestr.com\/wp-content\/uploads\/2011y\/Bekir-Zorba.png","contentUrl":"https:\/\/epochtimestr.com\/wp-content\/uploads\/2011y\/Bekir-Zorba.png","width":600,"height":600},{"@type":"WebSite","@id":"https:\/\/epochtimestr.com\/#website","url":"https:\/\/epochtimestr.com\/","name":"The Epoch Times TR","description":"De\u011fi\u015fen D\u00fcnyam\u0131za Taze Bir Bak\u0131\u015f","publisher":{"@id":"https:\/\/epochtimestr.com\/#organization"},"potentialAction":[{"@type":"SearchAction","target":{"@type":"EntryPoint","urlTemplate":"https:\/\/epochtimestr.com\/?s={search_term_string}"},"query-input":"required name=search_term_string"}],"inLanguage":"tr"},{"@type":"Organization","@id":"https:\/\/epochtimestr.com\/#organization","name":"The EpochTimes T\u00fcrkiye","url":"https:\/\/epochtimestr.com\/","logo":{"@type":"ImageObject","inLanguage":"tr","@id":"https:\/\/epochtimestr.com\/#\/schema\/logo\/image\/","url":"https:\/\/epochtimestr.com\/wp-content\/uploads\/2011y\/ET-Logo-YG.jpg","contentUrl":"https:\/\/epochtimestr.com\/wp-content\/uploads\/2011y\/ET-Logo-YG.jpg","width":346,"height":29,"caption":"The EpochTimes T\u00fcrkiye"},"image":{"@id":"https:\/\/epochtimestr.com\/#\/schema\/logo\/image\/"},"sameAs":["https:\/\/www.facebook.com\/theepochtimestr","https:\/\/x.com\/TheEpochTimesTR","https:\/\/www.instagram.com\/epochtimestr"]},{"@type":"Person","@id":"https:\/\/epochtimestr.com\/#\/schema\/person\/da1ad104599611965442ed3e7e9acb2b","name":"Bekir Zorba","image":{"@type":"ImageObject","inLanguage":"tr","@id":"https:\/\/epochtimestr.com\/#\/schema\/person\/image\/","url":"https:\/\/secure.gravatar.com\/avatar\/eafd40d9b77b1fbf7c565a3d4916b79c?s=96&d=mm&r=g","contentUrl":"https:\/\/secure.gravatar.com\/avatar\/eafd40d9b77b1fbf7c565a3d4916b79c?s=96&d=mm&r=g","caption":"Bekir Zorba"},"url":"https:\/\/epochtimestr.com\/index.php\/author\/bekir"}]}},"_links":{"self":[{"href":"https:\/\/epochtimestr.com\/index.php\/wp-json\/wp\/v2\/posts\/169862"}],"collection":[{"href":"https:\/\/epochtimestr.com\/index.php\/wp-json\/wp\/v2\/posts"}],"about":[{"href":"https:\/\/epochtimestr.com\/index.php\/wp-json\/wp\/v2\/types\/post"}],"author":[{"embeddable":true,"href":"https:\/\/epochtimestr.com\/index.php\/wp-json\/wp\/v2\/users\/14001"}],"replies":[{"embeddable":true,"href":"https:\/\/epochtimestr.com\/index.php\/wp-json\/wp\/v2\/comments?post=169862"}],"version-history":[{"count":1,"href":"https:\/\/epochtimestr.com\/index.php\/wp-json\/wp\/v2\/posts\/169862\/revisions"}],"predecessor-version":[{"id":169863,"href":"https:\/\/epochtimestr.com\/index.php\/wp-json\/wp\/v2\/posts\/169862\/revisions\/169863"}],"wp:featuredmedia":[{"embeddable":true,"href":"https:\/\/epochtimestr.com\/index.php\/wp-json\/wp\/v2\/media\/161038"}],"wp:attachment":[{"href":"https:\/\/epochtimestr.com\/index.php\/wp-json\/wp\/v2\/media?parent=169862"}],"wp:term":[{"taxonomy":"category","embeddable":true,"href":"https:\/\/epochtimestr.com\/index.php\/wp-json\/wp\/v2\/categories?post=169862"},{"taxonomy":"post_tag","embeddable":true,"href":"https:\/\/epochtimestr.com\/index.php\/wp-json\/wp\/v2\/tags?post=169862"}],"curies":[{"name":"wp","href":"https:\/\/api.w.org\/{rel}","templated":true}]}}