{"id":169888,"date":"2026-08-06T12:52:22","date_gmt":"2026-08-06T09:52:22","guid":{"rendered":"https:\/\/epochtimestr.com\/?p=169888"},"modified":"2026-08-06T12:52:23","modified_gmt":"2026-08-06T09:52:23","slug":"asiri-sicaklar-nedeniyle-acik-alanda-calismak-yasaklandi","status":"publish","type":"post","link":"https:\/\/epochtimestr.com\/index.php\/asiri-sicaklar-nedeniyle-acik-alanda-calismak-yasaklandi","title":{"rendered":"A\u015f\u0131r\u0131 S\u0131caklar Nedeniyle A\u00e7\u0131k Alanda \u00c7al\u0131\u015fmak Yasakland\u0131"},"content":{"rendered":"<div class=\"wp-block-image\">\n<figure class=\"aligncenter size-full\"><img loading=\"lazy\" decoding=\"async\" width=\"1536\" height=\"864\" src=\"https:\/\/epochtimestr.com\/wp-content\/uploads\/2011y\/kibris-enfermasyon-dairesi.jpg\" alt=\"Kuzey K\u0131br\u0131s T\u00fcrk Cumhuriyeti'nde y\u00fcksek hava s\u0131cakl\u0131klar\u0131 nedeniyle a\u00e7\u0131k alanda \u00e7al\u0131\u015fmak yasakland\u0131. (Foto\u011fraf: K\u0131br\u0131s Enfermasyon Ba\u015fkanl\u0131\u011f\u0131)\" class=\"wp-image-169889\" srcset=\"https:\/\/epochtimestr.com\/wp-content\/uploads\/2011y\/kibris-enfermasyon-dairesi.jpg 1536w, https:\/\/epochtimestr.com\/wp-content\/uploads\/2011y\/kibris-enfermasyon-dairesi-300x169.jpg 300w, https:\/\/epochtimestr.com\/wp-content\/uploads\/2011y\/kibris-enfermasyon-dairesi-150x84.jpg 150w, https:\/\/epochtimestr.com\/wp-content\/uploads\/2011y\/kibris-enfermasyon-dairesi-768x432.jpg 768w\" sizes=\"(max-width: 1536px) 100vw, 1536px\" \/><figcaption class=\"wp-element-caption\">Kuzey K\u0131br\u0131s T\u00fcrk Cumhuriyeti&#8217;nde y\u00fcksek hava s\u0131cakl\u0131klar\u0131 nedeniyle a\u00e7\u0131k alanda \u00e7al\u0131\u015fmak yasakland\u0131. (Foto\u011fraf: K\u0131br\u0131s Enfermasyon Ba\u015fkanl\u0131\u011f\u0131)<\/figcaption><\/figure><\/div>\n\n\n<h2 class=\"wp-block-heading\">Kuzey K\u0131br\u0131s T\u00fcrk Cumhuriyeti&#8217;nde (KKTC) y\u00fcksek hava s\u0131cakl\u0131\u011f\u0131 nedeniyle 10 g\u00fcn s\u00fcreyle \u00f6\u011flen a\u00e7\u0131k alanda \u00e7al\u0131\u015fmak yasakland\u0131.<\/h2>\n\n\n\n<p>KKTC \u00c7al\u0131\u015fma ve Sosyal G\u00fcvenlik Bakanl\u0131\u011f\u0131, Meteoroloji Dairesinin y\u00fcksek <a href=\"https:\/\/epochtimestr.com\/index.php\/hava-sicakligi-eksi-28-dereceye-dustu\" target=\"_blank\" rel=\"noreferrer noopener\">hava s\u0131cakl\u0131\u011f\u0131<\/a> tahminleri nedeniyle 5 A\u011fustos&#8217;tan 15 A\u011fustos&#8217;a kadar, yerel saatle 12.00 ile 16.00 saatleri aras\u0131nda a\u00e7\u0131k alanda ve s\u00fcrekli g\u00fcne\u015f alt\u0131nda <a href=\"https:\/\/epochtimestr.com\/index.php\/noterlerin-hafta-sonu-calismasina-iptal-karari\" target=\"_blank\" rel=\"noreferrer noopener\">\u00e7al\u0131\u015fma<\/a> yap\u0131lmas\u0131n\u0131 yasaklad\u0131.<\/p>\n\n\n\n<p>Bakanl\u0131ktan yap\u0131lan a\u00e7\u0131klamada, d\u00fczenlemenin \u00f6zellikle y\u00fcksek s\u0131cakl\u0131\u011fa do\u011frudan maruz kalan \u00e7al\u0131\u015fanlar\u0131n s\u0131cak \u00e7arpmas\u0131, a\u015f\u0131r\u0131 s\u0131v\u0131 kayb\u0131 ve benzeri sa\u011fl\u0131k risklerinden korunmas\u0131 amac\u0131yla al\u0131nd\u0131\u011f\u0131 bildirildi. A\u00e7\u0131klamada, meskun mahal d\u0131\u015f\u0131nda y\u00fcr\u00fct\u00fclen tar\u0131m ve in\u015faat sekt\u00f6r\u00fc faaliyetlerinde i\u015fverenlerin, \u00e7al\u0131\u015fmalar\u0131n g\u00fcvenli \u015fekilde s\u00fcrd\u00fcr\u00fclebilmesi amac\u0131yla i\u015fe ba\u015flama saatlerini daha erkene alabilece\u011fi belirtildi.<\/p>\n\n\n\n<p>Erken i\u015fe ba\u015flama uygulamas\u0131 kapsam\u0131nda in\u015faat sahalar\u0131na, haz\u0131r beton, di\u011fer in\u015faat malzemeleri ile i\u015f makinelerinin ta\u015f\u0131nmas\u0131 ve sevkiyat saatlerinin de i\u015fverenler taraf\u0131ndan belirlenebilece\u011fi kaydedilen a\u00e7\u0131klamada, i\u015fverenlerin gerekli hassasiyeti g\u00f6stermeleri istendi.<\/p>\n\n\n\n<p>KKTC&#8217;de daha \u00f6nce de 22 Temmuz-1 A\u011fustos tarihlerinde s\u0131cak hava ko\u015fullar\u0131ndan dolay\u0131 \u00f6\u011fle saatlerinde d\u0131\u015far\u0131da \u00e7al\u0131\u015fma yasaklanm\u0131\u015ft\u0131. KKTC Meteoroloji Dairesi, s\u0131cak havan\u0131n \u00fclke genelinde etkili oldu\u011funu a\u00e7\u0131klayarak, baz\u0131 b\u00f6lgelerde s\u0131cakl\u0131\u011f\u0131n 40 dereceye ula\u015fmas\u0131n\u0131n beklendi\u011fini duyurmu\u015ftu.\u200b\u200b\u200b\u200b\u200b<\/p>\n\n\n<div class=\"wp-block-image\">\n<figure class=\"aligncenter size-full\"><img loading=\"lazy\" decoding=\"async\" width=\"500\" height=\"500\" src=\"https:\/\/epochtimestr.com\/wp-content\/uploads\/2011y\/duyuru.jpg\" alt=\"\" class=\"wp-image-169890\" srcset=\"https:\/\/epochtimestr.com\/wp-content\/uploads\/2011y\/duyuru.jpg 500w, https:\/\/epochtimestr.com\/wp-content\/uploads\/2011y\/duyuru-300x300.jpg 300w, https:\/\/epochtimestr.com\/wp-content\/uploads\/2011y\/duyuru-150x150.jpg 150w\" sizes=\"(max-width: 500px) 100vw, 500px\" \/><\/figure><\/div>","protected":false},"excerpt":{"rendered":"<p>Kuzey K\u0131br\u0131s T\u00fcrk Cumhuriyeti&#8217;nde (KKTC) y\u00fcksek hava s\u0131cakl\u0131\u011f\u0131 nedeniyle 10 g\u00fcn s\u00fcreyle \u00f6\u011flen a\u00e7\u0131k alanda \u00e7al\u0131\u015fmak yasakland\u0131. KKTC \u00c7al\u0131\u015fma ve Sosyal G\u00fcvenlik Bakanl\u0131\u011f\u0131, Meteoroloji Dairesinin y\u00fcksek hava s\u0131cakl\u0131\u011f\u0131 tahminleri nedeniyle 5 A\u011fustos&#8217;tan 15 A\u011fustos&#8217;a kadar, yerel saatle 12.00 ile 16.00 saatleri aras\u0131nda a\u00e7\u0131k alanda ve s\u00fcrekli g\u00fcne\u015f alt\u0131nda \u00e7al\u0131\u015fma yap\u0131lmas\u0131n\u0131 yasaklad\u0131. Bakanl\u0131ktan yap\u0131lan a\u00e7\u0131klamada, d\u00fczenlemenin [&hellip;]<\/p>\n","protected":false},"author":12791,"featured_media":169889,"comment_status":"open","ping_status":"open","sticky":false,"template":"","format":"standard","meta":{"_yoast_wpseo_focuskw":"A\u00e7\u0131k Alanda \u00c7al\u0131\u015fmak","_yoast_wpseo_title":"","_yoast_wpseo_metadesc":"Kuzey K\u0131br\u0131s T\u00fcrk Cumhuriyeti'nde (KKTC) y\u00fcksek hava s\u0131cakl\u0131\u011f\u0131 nedeniyle \u00f6\u011flen a\u00e7\u0131k alanda \u00e7al\u0131\u015fmak 10 g\u00fcn s\u00fcreyle yasakland\u0131.","_bbp_topic_count":0,"_bbp_reply_count":0,"_bbp_total_topic_count":0,"_bbp_total_reply_count":0,"_bbp_voice_count":0,"_bbp_anonymous_reply_count":0,"_bbp_topic_count_hidden":0,"_bbp_reply_count_hidden":0,"_bbp_forum_subforum_count":0,"footnotes":"","_yoast_wpseo_focuskw_text_input":""},"categories":[1,8138,8419],"tags":[6075,12083,12084],"yoast_head":"<!-- This site is optimized with the Yoast SEO plugin v23.0 - https:\/\/yoast.com\/wordpress\/plugins\/seo\/ -->\n<title>A\u015f\u0131r\u0131 S\u0131caklar Nedeniyle A\u00e7\u0131k Alanda \u00c7al\u0131\u015fmak Yasakland\u0131 - The Epoch Times TR<\/title>\n<meta name=\"description\" content=\"Kuzey K\u0131br\u0131s T\u00fcrk Cumhuriyeti&#039;nde (KKTC) y\u00fcksek hava s\u0131cakl\u0131\u011f\u0131 nedeniyle \u00f6\u011flen a\u00e7\u0131k alanda \u00e7al\u0131\u015fmak 10 g\u00fcn s\u00fcreyle yasakland\u0131.\" \/>\n<meta name=\"robots\" content=\"index, follow, max-snippet:-1, max-image-preview:large, max-video-preview:-1\" \/>\n<link rel=\"canonical\" href=\"https:\/\/epochtimestr.com\/index.php\/asiri-sicaklar-nedeniyle-acik-alanda-calismak-yasaklandi\" \/>\n<meta property=\"og:locale\" content=\"tr_TR\" \/>\n<meta property=\"og:type\" content=\"article\" \/>\n<meta property=\"og:title\" content=\"A\u015f\u0131r\u0131 S\u0131caklar Nedeniyle A\u00e7\u0131k Alanda \u00c7al\u0131\u015fmak Yasakland\u0131 - The Epoch Times TR\" \/>\n<meta property=\"og:description\" content=\"Kuzey K\u0131br\u0131s T\u00fcrk Cumhuriyeti&#039;nde (KKTC) y\u00fcksek hava s\u0131cakl\u0131\u011f\u0131 nedeniyle \u00f6\u011flen a\u00e7\u0131k alanda \u00e7al\u0131\u015fmak 10 g\u00fcn s\u00fcreyle yasakland\u0131.\" \/>\n<meta property=\"og:url\" content=\"https:\/\/epochtimestr.com\/index.php\/asiri-sicaklar-nedeniyle-acik-alanda-calismak-yasaklandi\" \/>\n<meta property=\"og:site_name\" content=\"The Epoch Times TR\" \/>\n<meta property=\"article:publisher\" content=\"https:\/\/www.facebook.com\/theepochtimestr\" \/>\n<meta property=\"article:published_time\" content=\"2026-08-06T09:52:22+00:00\" \/>\n<meta property=\"article:modified_time\" content=\"2026-08-06T09:52:23+00:00\" \/>\n<meta property=\"og:image\" content=\"https:\/\/epochtimestr.com\/wp-content\/uploads\/2011y\/kibris-enfermasyon-dairesi.jpg\" \/>\n\t<meta property=\"og:image:width\" content=\"1536\" \/>\n\t<meta property=\"og:image:height\" content=\"864\" \/>\n\t<meta property=\"og:image:type\" content=\"image\/jpeg\" \/>\n<meta name=\"author\" content=\"Haber Merkezi\" \/>\n<meta name=\"twitter:card\" content=\"summary_large_image\" \/>\n<meta name=\"twitter:creator\" content=\"@TheEpochTimesTR\" \/>\n<meta name=\"twitter:site\" content=\"@TheEpochTimesTR\" \/>\n<meta name=\"twitter:label1\" content=\"Yazan:\" \/>\n\t<meta name=\"twitter:data1\" content=\"Haber Merkezi\" \/>\n\t<meta name=\"twitter:label2\" content=\"Tahmini okuma s\u00fcresi\" \/>\n\t<meta name=\"twitter:data2\" content=\"2 dakika\" \/>\n<script type=\"application\/ld+json\" class=\"yoast-schema-graph\">{\"@context\":\"https:\/\/schema.org\",\"@graph\":[{\"@type\":\"Article\",\"@id\":\"https:\/\/epochtimestr.com\/index.php\/asiri-sicaklar-nedeniyle-acik-alanda-calismak-yasaklandi#article\",\"isPartOf\":{\"@id\":\"https:\/\/epochtimestr.com\/index.php\/asiri-sicaklar-nedeniyle-acik-alanda-calismak-yasaklandi\"},\"author\":{\"name\":\"Haber Merkezi\",\"@id\":\"https:\/\/epochtimestr.com\/#\/schema\/person\/3dc5c3adeb9f43923c5aa85889172fdd\"},\"headline\":\"A\u015f\u0131r\u0131 S\u0131caklar Nedeniyle A\u00e7\u0131k Alanda \u00c7al\u0131\u015fmak Yasakland\u0131\",\"datePublished\":\"2026-08-06T09:52:22+00:00\",\"dateModified\":\"2026-08-06T09:52:23+00:00\",\"mainEntityOfPage\":{\"@id\":\"https:\/\/epochtimestr.com\/index.php\/asiri-sicaklar-nedeniyle-acik-alanda-calismak-yasaklandi\"},\"wordCount\":289,\"commentCount\":0,\"publisher\":{\"@id\":\"https:\/\/epochtimestr.com\/#organization\"},\"image\":{\"@id\":\"https:\/\/epochtimestr.com\/index.php\/asiri-sicaklar-nedeniyle-acik-alanda-calismak-yasaklandi#primaryimage\"},\"thumbnailUrl\":\"https:\/\/epochtimestr.com\/wp-content\/uploads\/2011y\/kibris-enfermasyon-dairesi.jpg\",\"keywords\":[\"\u00e7al\u0131\u015fma\",\"hava s\u0131cakl\u0131\u011f\u0131\",\"Kuzey K\u0131br\u0131s T\u00fcrk Cumhuriyeti \u00c7al\u0131\u015fma Bakanl\u0131\u011f\u0131\"],\"articleSection\":[\"G\u00dcNDEM\",\"MAN\u015eET\",\"Ya\u015fam\"],\"inLanguage\":\"tr\",\"potentialAction\":[{\"@type\":\"CommentAction\",\"name\":\"Comment\",\"target\":[\"https:\/\/epochtimestr.com\/index.php\/asiri-sicaklar-nedeniyle-acik-alanda-calismak-yasaklandi#respond\"]}]},{\"@type\":\"WebPage\",\"@id\":\"https:\/\/epochtimestr.com\/index.php\/asiri-sicaklar-nedeniyle-acik-alanda-calismak-yasaklandi\",\"url\":\"https:\/\/epochtimestr.com\/index.php\/asiri-sicaklar-nedeniyle-acik-alanda-calismak-yasaklandi\",\"name\":\"A\u015f\u0131r\u0131 S\u0131caklar Nedeniyle A\u00e7\u0131k Alanda \u00c7al\u0131\u015fmak Yasakland\u0131 - The Epoch Times TR\",\"isPartOf\":{\"@id\":\"https:\/\/epochtimestr.com\/#website\"},\"primaryImageOfPage\":{\"@id\":\"https:\/\/epochtimestr.com\/index.php\/asiri-sicaklar-nedeniyle-acik-alanda-calismak-yasaklandi#primaryimage\"},\"image\":{\"@id\":\"https:\/\/epochtimestr.com\/index.php\/asiri-sicaklar-nedeniyle-acik-alanda-calismak-yasaklandi#primaryimage\"},\"thumbnailUrl\":\"https:\/\/epochtimestr.com\/wp-content\/uploads\/2011y\/kibris-enfermasyon-dairesi.jpg\",\"datePublished\":\"2026-08-06T09:52:22+00:00\",\"dateModified\":\"2026-08-06T09:52:23+00:00\",\"description\":\"Kuzey K\u0131br\u0131s T\u00fcrk Cumhuriyeti'nde (KKTC) y\u00fcksek hava s\u0131cakl\u0131\u011f\u0131 nedeniyle \u00f6\u011flen a\u00e7\u0131k alanda \u00e7al\u0131\u015fmak 10 g\u00fcn s\u00fcreyle yasakland\u0131.\",\"inLanguage\":\"tr\",\"potentialAction\":[{\"@type\":\"ReadAction\",\"target\":[\"https:\/\/epochtimestr.com\/index.php\/asiri-sicaklar-nedeniyle-acik-alanda-calismak-yasaklandi\"]}]},{\"@type\":\"ImageObject\",\"inLanguage\":\"tr\",\"@id\":\"https:\/\/epochtimestr.com\/index.php\/asiri-sicaklar-nedeniyle-acik-alanda-calismak-yasaklandi#primaryimage\",\"url\":\"https:\/\/epochtimestr.com\/wp-content\/uploads\/2011y\/kibris-enfermasyon-dairesi.jpg\",\"contentUrl\":\"https:\/\/epochtimestr.com\/wp-content\/uploads\/2011y\/kibris-enfermasyon-dairesi.jpg\",\"width\":1536,\"height\":864},{\"@type\":\"WebSite\",\"@id\":\"https:\/\/epochtimestr.com\/#website\",\"url\":\"https:\/\/epochtimestr.com\/\",\"name\":\"The Epoch Times TR\",\"description\":\"De\u011fi\u015fen D\u00fcnyam\u0131za Taze Bir Bak\u0131\u015f\",\"publisher\":{\"@id\":\"https:\/\/epochtimestr.com\/#organization\"},\"potentialAction\":[{\"@type\":\"SearchAction\",\"target\":{\"@type\":\"EntryPoint\",\"urlTemplate\":\"https:\/\/epochtimestr.com\/?s={search_term_string}\"},\"query-input\":\"required name=search_term_string\"}],\"inLanguage\":\"tr\"},{\"@type\":\"Organization\",\"@id\":\"https:\/\/epochtimestr.com\/#organization\",\"name\":\"The EpochTimes T\u00fcrkiye\",\"url\":\"https:\/\/epochtimestr.com\/\",\"logo\":{\"@type\":\"ImageObject\",\"inLanguage\":\"tr\",\"@id\":\"https:\/\/epochtimestr.com\/#\/schema\/logo\/image\/\",\"url\":\"https:\/\/epochtimestr.com\/wp-content\/uploads\/2011y\/ET-Logo-YG.jpg\",\"contentUrl\":\"https:\/\/epochtimestr.com\/wp-content\/uploads\/2011y\/ET-Logo-YG.jpg\",\"width\":346,\"height\":29,\"caption\":\"The EpochTimes T\u00fcrkiye\"},\"image\":{\"@id\":\"https:\/\/epochtimestr.com\/#\/schema\/logo\/image\/\"},\"sameAs\":[\"https:\/\/www.facebook.com\/theepochtimestr\",\"https:\/\/x.com\/TheEpochTimesTR\",\"https:\/\/www.instagram.com\/epochtimestr\"]},{\"@type\":\"Person\",\"@id\":\"https:\/\/epochtimestr.com\/#\/schema\/person\/3dc5c3adeb9f43923c5aa85889172fdd\",\"name\":\"Haber Merkezi\",\"image\":{\"@type\":\"ImageObject\",\"inLanguage\":\"tr\",\"@id\":\"https:\/\/epochtimestr.com\/#\/schema\/person\/image\/\",\"url\":\"https:\/\/secure.gravatar.com\/avatar\/d73f772ba5a74f28601361e17c2f93e6?s=96&d=mm&r=g\",\"contentUrl\":\"https:\/\/secure.gravatar.com\/avatar\/d73f772ba5a74f28601361e17c2f93e6?s=96&d=mm&r=g\",\"caption\":\"Haber Merkezi\"},\"url\":\"https:\/\/epochtimestr.com\/index.php\/author\/sendag\"}]}<\/script>\n<!-- \/ Yoast SEO plugin. -->","yoast_head_json":{"title":"A\u015f\u0131r\u0131 S\u0131caklar Nedeniyle A\u00e7\u0131k Alanda \u00c7al\u0131\u015fmak Yasakland\u0131 - The Epoch Times TR","description":"Kuzey K\u0131br\u0131s T\u00fcrk Cumhuriyeti'nde (KKTC) y\u00fcksek hava s\u0131cakl\u0131\u011f\u0131 nedeniyle \u00f6\u011flen a\u00e7\u0131k alanda \u00e7al\u0131\u015fmak 10 g\u00fcn s\u00fcreyle yasakland\u0131.","robots":{"index":"index","follow":"follow","max-snippet":"max-snippet:-1","max-image-preview":"max-image-preview:large","max-video-preview":"max-video-preview:-1"},"canonical":"https:\/\/epochtimestr.com\/index.php\/asiri-sicaklar-nedeniyle-acik-alanda-calismak-yasaklandi","og_locale":"tr_TR","og_type":"article","og_title":"A\u015f\u0131r\u0131 S\u0131caklar Nedeniyle A\u00e7\u0131k Alanda \u00c7al\u0131\u015fmak Yasakland\u0131 - The Epoch Times TR","og_description":"Kuzey K\u0131br\u0131s T\u00fcrk Cumhuriyeti'nde (KKTC) y\u00fcksek hava s\u0131cakl\u0131\u011f\u0131 nedeniyle \u00f6\u011flen a\u00e7\u0131k alanda \u00e7al\u0131\u015fmak 10 g\u00fcn s\u00fcreyle yasakland\u0131.","og_url":"https:\/\/epochtimestr.com\/index.php\/asiri-sicaklar-nedeniyle-acik-alanda-calismak-yasaklandi","og_site_name":"The Epoch Times TR","article_publisher":"https:\/\/www.facebook.com\/theepochtimestr","article_published_time":"2026-08-06T09:52:22+00:00","article_modified_time":"2026-08-06T09:52:23+00:00","og_image":[{"width":1536,"height":864,"url":"https:\/\/epochtimestr.com\/wp-content\/uploads\/2011y\/kibris-enfermasyon-dairesi.jpg","type":"image\/jpeg"}],"author":"Haber Merkezi","twitter_card":"summary_large_image","twitter_creator":"@TheEpochTimesTR","twitter_site":"@TheEpochTimesTR","twitter_misc":{"Yazan:":"Haber Merkezi","Tahmini okuma s\u00fcresi":"2 dakika"},"schema":{"@context":"https:\/\/schema.org","@graph":[{"@type":"Article","@id":"https:\/\/epochtimestr.com\/index.php\/asiri-sicaklar-nedeniyle-acik-alanda-calismak-yasaklandi#article","isPartOf":{"@id":"https:\/\/epochtimestr.com\/index.php\/asiri-sicaklar-nedeniyle-acik-alanda-calismak-yasaklandi"},"author":{"name":"Haber Merkezi","@id":"https:\/\/epochtimestr.com\/#\/schema\/person\/3dc5c3adeb9f43923c5aa85889172fdd"},"headline":"A\u015f\u0131r\u0131 S\u0131caklar Nedeniyle A\u00e7\u0131k Alanda \u00c7al\u0131\u015fmak Yasakland\u0131","datePublished":"2026-08-06T09:52:22+00:00","dateModified":"2026-08-06T09:52:23+00:00","mainEntityOfPage":{"@id":"https:\/\/epochtimestr.com\/index.php\/asiri-sicaklar-nedeniyle-acik-alanda-calismak-yasaklandi"},"wordCount":289,"commentCount":0,"publisher":{"@id":"https:\/\/epochtimestr.com\/#organization"},"image":{"@id":"https:\/\/epochtimestr.com\/index.php\/asiri-sicaklar-nedeniyle-acik-alanda-calismak-yasaklandi#primaryimage"},"thumbnailUrl":"https:\/\/epochtimestr.com\/wp-content\/uploads\/2011y\/kibris-enfermasyon-dairesi.jpg","keywords":["\u00e7al\u0131\u015fma","hava s\u0131cakl\u0131\u011f\u0131","Kuzey K\u0131br\u0131s T\u00fcrk Cumhuriyeti \u00c7al\u0131\u015fma Bakanl\u0131\u011f\u0131"],"articleSection":["G\u00dcNDEM","MAN\u015eET","Ya\u015fam"],"inLanguage":"tr","potentialAction":[{"@type":"CommentAction","name":"Comment","target":["https:\/\/epochtimestr.com\/index.php\/asiri-sicaklar-nedeniyle-acik-alanda-calismak-yasaklandi#respond"]}]},{"@type":"WebPage","@id":"https:\/\/epochtimestr.com\/index.php\/asiri-sicaklar-nedeniyle-acik-alanda-calismak-yasaklandi","url":"https:\/\/epochtimestr.com\/index.php\/asiri-sicaklar-nedeniyle-acik-alanda-calismak-yasaklandi","name":"A\u015f\u0131r\u0131 S\u0131caklar Nedeniyle A\u00e7\u0131k Alanda \u00c7al\u0131\u015fmak Yasakland\u0131 - The Epoch Times TR","isPartOf":{"@id":"https:\/\/epochtimestr.com\/#website"},"primaryImageOfPage":{"@id":"https:\/\/epochtimestr.com\/index.php\/asiri-sicaklar-nedeniyle-acik-alanda-calismak-yasaklandi#primaryimage"},"image":{"@id":"https:\/\/epochtimestr.com\/index.php\/asiri-sicaklar-nedeniyle-acik-alanda-calismak-yasaklandi#primaryimage"},"thumbnailUrl":"https:\/\/epochtimestr.com\/wp-content\/uploads\/2011y\/kibris-enfermasyon-dairesi.jpg","datePublished":"2026-08-06T09:52:22+00:00","dateModified":"2026-08-06T09:52:23+00:00","description":"Kuzey K\u0131br\u0131s T\u00fcrk Cumhuriyeti'nde (KKTC) y\u00fcksek hava s\u0131cakl\u0131\u011f\u0131 nedeniyle \u00f6\u011flen a\u00e7\u0131k alanda \u00e7al\u0131\u015fmak 10 g\u00fcn s\u00fcreyle yasakland\u0131.","inLanguage":"tr","potentialAction":[{"@type":"ReadAction","target":["https:\/\/epochtimestr.com\/index.php\/asiri-sicaklar-nedeniyle-acik-alanda-calismak-yasaklandi"]}]},{"@type":"ImageObject","inLanguage":"tr","@id":"https:\/\/epochtimestr.com\/index.php\/asiri-sicaklar-nedeniyle-acik-alanda-calismak-yasaklandi#primaryimage","url":"https:\/\/epochtimestr.com\/wp-content\/uploads\/2011y\/kibris-enfermasyon-dairesi.jpg","contentUrl":"https:\/\/epochtimestr.com\/wp-content\/uploads\/2011y\/kibris-enfermasyon-dairesi.jpg","width":1536,"height":864},{"@type":"WebSite","@id":"https:\/\/epochtimestr.com\/#website","url":"https:\/\/epochtimestr.com\/","name":"The Epoch Times TR","description":"De\u011fi\u015fen D\u00fcnyam\u0131za Taze Bir Bak\u0131\u015f","publisher":{"@id":"https:\/\/epochtimestr.com\/#organization"},"potentialAction":[{"@type":"SearchAction","target":{"@type":"EntryPoint","urlTemplate":"https:\/\/epochtimestr.com\/?s={search_term_string}"},"query-input":"required name=search_term_string"}],"inLanguage":"tr"},{"@type":"Organization","@id":"https:\/\/epochtimestr.com\/#organization","name":"The EpochTimes T\u00fcrkiye","url":"https:\/\/epochtimestr.com\/","logo":{"@type":"ImageObject","inLanguage":"tr","@id":"https:\/\/epochtimestr.com\/#\/schema\/logo\/image\/","url":"https:\/\/epochtimestr.com\/wp-content\/uploads\/2011y\/ET-Logo-YG.jpg","contentUrl":"https:\/\/epochtimestr.com\/wp-content\/uploads\/2011y\/ET-Logo-YG.jpg","width":346,"height":29,"caption":"The EpochTimes T\u00fcrkiye"},"image":{"@id":"https:\/\/epochtimestr.com\/#\/schema\/logo\/image\/"},"sameAs":["https:\/\/www.facebook.com\/theepochtimestr","https:\/\/x.com\/TheEpochTimesTR","https:\/\/www.instagram.com\/epochtimestr"]},{"@type":"Person","@id":"https:\/\/epochtimestr.com\/#\/schema\/person\/3dc5c3adeb9f43923c5aa85889172fdd","name":"Haber Merkezi","image":{"@type":"ImageObject","inLanguage":"tr","@id":"https:\/\/epochtimestr.com\/#\/schema\/person\/image\/","url":"https:\/\/secure.gravatar.com\/avatar\/d73f772ba5a74f28601361e17c2f93e6?s=96&d=mm&r=g","contentUrl":"https:\/\/secure.gravatar.com\/avatar\/d73f772ba5a74f28601361e17c2f93e6?s=96&d=mm&r=g","caption":"Haber Merkezi"},"url":"https:\/\/epochtimestr.com\/index.php\/author\/sendag"}]}},"_links":{"self":[{"href":"https:\/\/epochtimestr.com\/index.php\/wp-json\/wp\/v2\/posts\/169888"}],"collection":[{"href":"https:\/\/epochtimestr.com\/index.php\/wp-json\/wp\/v2\/posts"}],"about":[{"href":"https:\/\/epochtimestr.com\/index.php\/wp-json\/wp\/v2\/types\/post"}],"author":[{"embeddable":true,"href":"https:\/\/epochtimestr.com\/index.php\/wp-json\/wp\/v2\/users\/12791"}],"replies":[{"embeddable":true,"href":"https:\/\/epochtimestr.com\/index.php\/wp-json\/wp\/v2\/comments?post=169888"}],"version-history":[{"count":2,"href":"https:\/\/epochtimestr.com\/index.php\/wp-json\/wp\/v2\/posts\/169888\/revisions"}],"predecessor-version":[{"id":169893,"href":"https:\/\/epochtimestr.com\/index.php\/wp-json\/wp\/v2\/posts\/169888\/revisions\/169893"}],"wp:featuredmedia":[{"embeddable":true,"href":"https:\/\/epochtimestr.com\/index.php\/wp-json\/wp\/v2\/media\/169889"}],"wp:attachment":[{"href":"https:\/\/epochtimestr.com\/index.php\/wp-json\/wp\/v2\/media?parent=169888"}],"wp:term":[{"taxonomy":"category","embeddable":true,"href":"https:\/\/epochtimestr.com\/index.php\/wp-json\/wp\/v2\/categories?post=169888"},{"taxonomy":"post_tag","embeddable":true,"href":"https:\/\/epochtimestr.com\/index.php\/wp-json\/wp\/v2\/tags?post=169888"}],"curies":[{"name":"wp","href":"https:\/\/api.w.org\/{rel}","templated":true}]}}