{"id":169940,"date":"2026-08-08T08:30:00","date_gmt":"2026-08-08T05:30:00","guid":{"rendered":"https:\/\/epochtimestr.com\/?p=169940"},"modified":"2026-08-07T22:15:12","modified_gmt":"2026-08-07T19:15:12","slug":"dalinda-kalan-emek-tezgahta-katlanan-fiyat","status":"publish","type":"post","link":"https:\/\/epochtimestr.com\/index.php\/dalinda-kalan-emek-tezgahta-katlanan-fiyat","title":{"rendered":"Dal\u0131nda Kalan Emek Tezg\u00e2hta Katlanan Fiyat"},"content":{"rendered":"\n<p>Sabah\u0131n ilk \u0131\u015f\u0131klar\u0131yla bah\u00e7esine giren \u00fcretici, aylarca verdi\u011fi eme\u011fin kar\u015f\u0131l\u0131\u011f\u0131n\u0131 alaca\u011f\u0131 g\u00fcn\u00fc umutla bekler. Topra\u011f\u0131 i\u015fler, a\u011fac\u0131 budar, g\u00fcbreler, ila\u00e7lar, sular. Dona, doluya, kurakl\u0131\u011fa, f\u0131rt\u0131naya kar\u015f\u0131 gecesini g\u00fcnd\u00fcz\u00fcne katar. Ancak hasat zaman\u0131 geldi\u011finde, ne yaz\u0131k ki en b\u00fcy\u00fck darbeyi do\u011fadan de\u011fil, piyasa d\u00fczeninden yer.<\/p>\n\n\n\n<p>Bug\u00fcn \u00fclkemizin bir\u00e7ok b\u00f6lgesinde \u015feftali, nektarin, erik, kay\u0131s\u0131, \u00fcz\u00fcm, incir ve daha bir\u00e7ok meyve, \u00fcreticiden maliyetinin bile alt\u0131nda al\u0131n\u0131yor. Bir kilogram meyvenin \u00fcretim maliyeti 20-25 liray\u0131 bulurken, \u00fcretici \u00fcr\u00fcn\u00fcn\u00fc 10-15 liraya satmak zorunda kal\u0131yor. Eme\u011finin kar\u015f\u0131l\u0131\u011f\u0131n\u0131 alamayan \u00e7ift\u00e7i, zarar ederek \u00fcretim yap\u0131yor.<\/p>\n\n\n<div class=\"wp-block-image\">\n<figure class=\"aligncenter size-full\"><img loading=\"lazy\" decoding=\"async\" width=\"478\" height=\"604\" src=\"https:\/\/epochtimestr.com\/wp-content\/uploads\/2011y\/image-424.png\" alt=\"\" class=\"wp-image-169942\" srcset=\"https:\/\/epochtimestr.com\/wp-content\/uploads\/2011y\/image-424.png 478w, https:\/\/epochtimestr.com\/wp-content\/uploads\/2011y\/image-424-237x300.png 237w, https:\/\/epochtimestr.com\/wp-content\/uploads\/2011y\/image-424-119x150.png 119w\" sizes=\"(max-width: 478px) 100vw, 478px\" \/><figcaption class=\"wp-element-caption\">(G\u00f6rsel: Bursadabuguncom instagram hesab\u0131)<\/figcaption><\/figure><\/div>\n\n\n<p>\u0130\u015fin en ac\u0131 taraf\u0131 ise bu \u00fcr\u00fcnlerin \u015fehirlerdeki pazarlarda ve marketlerde 60, 80 hatta 100 liraya kadar sat\u0131lmas\u0131d\u0131r. \u00dcretici kazanam\u0131yor, t\u00fcketici de pahal\u0131ya almak zorunda kal\u0131yor. Peki, bu b\u00fcy\u00fck fark\u0131n kazanan\u0131 kim?<\/p>\n\n\n\n<p>Bu tablo, tar\u0131m politikalar\u0131n\u0131n ve pazarlama sisteminin yeniden ele al\u0131nmas\u0131 gerekti\u011fini a\u00e7\u0131k\u00e7a g\u00f6stermektedir. \u00dcretici ile t\u00fcketici aras\u0131ndaki zincir uzad\u0131k\u00e7a kazanan arac\u0131lar, kaybeden ise hem \u00e7ift\u00e7i hem de vatanda\u015f oluyor.<\/p>\n\n\n\n<p>Bug\u00fcn bir\u00e7ok \u00fcretici bah\u00e7esini s\u00f6kmeyi, tarlas\u0131n\u0131 bo\u015f b\u0131rakmay\u0131 d\u00fc\u015f\u00fcn\u00fcyor. \u00c7\u00fcnk\u00fc bor\u00e7la \u00fcretim yapan \u00e7ift\u00e7inin art\u0131k dayanacak g\u00fcc\u00fc kalmad\u0131. Mazot, g\u00fcbre, ila\u00e7, i\u015f\u00e7ilik ve sulama maliyetleri her ge\u00e7en g\u00fcn artarken, \u00fcr\u00fcn fiyatlar\u0131 eme\u011fi kar\u015f\u0131lam\u0131yor. Dal\u0131nda kalan her meyve, asl\u0131nda \u00fclkemizin tar\u0131msal gelece\u011finden kopan bir umuttur.<\/p>\n\n\n\n<p>\u00c7ift\u00e7i \u00fcretmezse sofralar da bo\u015f kal\u0131r. Tar\u0131m sadece ekonomik bir faaliyet de\u011fil, ayn\u0131 zamanda g\u0131da g\u00fcvenli\u011finin ve ba\u011f\u0131ms\u0131zl\u0131\u011f\u0131n temelidir. \u00dcreticinin ayakta kalmas\u0131, hepimizin ortak meselesidir.<\/p>\n\n\n\n<p>Art\u0131k \u00fcreticinin sesine kulak verilmelidir. \u00dcretim maliyetlerini kar\u015f\u0131layan, \u00e7ift\u00e7iyi koruyan ve t\u00fcketiciyi de ezmeyen adil bir fiyat sistemi kurulmad\u0131k\u00e7a, kaybeden yaln\u0131zca \u00e7ift\u00e7i olmayacakt\u0131r. Kaybeden, topra\u011f\u0131yla var olan bu g\u00fczel \u00fclkenin gelece\u011fi olacakt\u0131r.<\/p>\n","protected":false},"excerpt":{"rendered":"<p>Sabah\u0131n ilk \u0131\u015f\u0131klar\u0131yla bah\u00e7esine giren \u00fcretici, aylarca verdi\u011fi eme\u011fin kar\u015f\u0131l\u0131\u011f\u0131n\u0131 alaca\u011f\u0131 g\u00fcn\u00fc umutla bekler. Topra\u011f\u0131 i\u015fler, a\u011fac\u0131 budar, g\u00fcbreler, ila\u00e7lar, sular. Dona, doluya, kurakl\u0131\u011fa, f\u0131rt\u0131naya kar\u015f\u0131 gecesini g\u00fcnd\u00fcz\u00fcne katar. Ancak hasat zaman\u0131 geldi\u011finde, ne yaz\u0131k ki en b\u00fcy\u00fck darbeyi do\u011fadan de\u011fil, piyasa d\u00fczeninden yer. Bug\u00fcn \u00fclkemizin bir\u00e7ok b\u00f6lgesinde \u015feftali, nektarin, erik, kay\u0131s\u0131, \u00fcz\u00fcm, incir ve [&hellip;]<\/p>\n","protected":false},"author":13998,"featured_media":160116,"comment_status":"open","ping_status":"open","sticky":false,"template":"","format":"standard","meta":{"_yoast_wpseo_focuskw":"fiyat","_yoast_wpseo_title":"","_yoast_wpseo_metadesc":"Bug\u00fcn \u00fclkemizin bir\u00e7ok b\u00f6lgesinde \u015feftali, nektarin, erik, \u00fcz\u00fcm, incir ve daha bir\u00e7ok meyve, \u00fcreticiden maliyetinin bile alt\u0131nda al\u0131n\u0131yor.","_bbp_topic_count":0,"_bbp_reply_count":0,"_bbp_total_topic_count":0,"_bbp_total_reply_count":0,"_bbp_voice_count":0,"_bbp_anonymous_reply_count":0,"_bbp_topic_count_hidden":0,"_bbp_reply_count_hidden":0,"_bbp_forum_subforum_count":0,"footnotes":"","_yoast_wpseo_focuskw_text_input":""},"categories":[8889],"tags":[11729,11752],"yoast_head":"<!-- This site is optimized with the Yoast SEO plugin v23.0 - https:\/\/yoast.com\/wordpress\/plugins\/seo\/ -->\n<title>Dal\u0131nda Kalan Emek Tezg\u00e2hta Katlanan Fiyat - The Epoch Times TR<\/title>\n<meta name=\"description\" content=\"Bug\u00fcn \u00fclkemizin bir\u00e7ok b\u00f6lgesinde \u015feftali, nektarin, erik, \u00fcz\u00fcm, incir ve daha bir\u00e7ok meyve, \u00fcreticiden maliyetinin bile alt\u0131nda al\u0131n\u0131yor.\" \/>\n<meta name=\"robots\" content=\"index, follow, max-snippet:-1, max-image-preview:large, max-video-preview:-1\" \/>\n<link rel=\"canonical\" href=\"https:\/\/epochtimestr.com\/index.php\/dalinda-kalan-emek-tezgahta-katlanan-fiyat\" \/>\n<meta property=\"og:locale\" content=\"tr_TR\" \/>\n<meta property=\"og:type\" content=\"article\" \/>\n<meta property=\"og:title\" content=\"Dal\u0131nda Kalan Emek Tezg\u00e2hta Katlanan Fiyat - The Epoch Times TR\" \/>\n<meta property=\"og:description\" content=\"Bug\u00fcn \u00fclkemizin bir\u00e7ok b\u00f6lgesinde \u015feftali, nektarin, erik, \u00fcz\u00fcm, incir ve daha bir\u00e7ok meyve, \u00fcreticiden maliyetinin bile alt\u0131nda al\u0131n\u0131yor.\" \/>\n<meta property=\"og:url\" content=\"https:\/\/epochtimestr.com\/index.php\/dalinda-kalan-emek-tezgahta-katlanan-fiyat\" \/>\n<meta property=\"og:site_name\" content=\"The Epoch Times TR\" \/>\n<meta property=\"article:publisher\" content=\"https:\/\/www.facebook.com\/theepochtimestr\" \/>\n<meta property=\"article:published_time\" content=\"2026-08-08T05:30:00+00:00\" \/>\n<meta property=\"article:modified_time\" content=\"2026-08-07T19:15:12+00:00\" \/>\n<meta property=\"og:image\" content=\"https:\/\/epochtimestr.com\/wp-content\/uploads\/2011y\/SERIFE-ESER-SM.png\" \/>\n\t<meta property=\"og:image:width\" content=\"1200\" \/>\n\t<meta property=\"og:image:height\" content=\"630\" \/>\n\t<meta property=\"og:image:type\" content=\"image\/png\" \/>\n<meta name=\"author\" content=\"\u015eerife Eser\" \/>\n<meta name=\"twitter:card\" content=\"summary_large_image\" \/>\n<meta name=\"twitter:creator\" content=\"@TheEpochTimesTR\" \/>\n<meta name=\"twitter:site\" content=\"@TheEpochTimesTR\" \/>\n<meta name=\"twitter:label1\" content=\"Yazan:\" \/>\n\t<meta name=\"twitter:data1\" content=\"\u015eerife Eser\" \/>\n\t<meta name=\"twitter:label2\" content=\"Tahmini okuma s\u00fcresi\" \/>\n\t<meta name=\"twitter:data2\" content=\"2 dakika\" \/>\n<script type=\"application\/ld+json\" class=\"yoast-schema-graph\">{\"@context\":\"https:\/\/schema.org\",\"@graph\":[{\"@type\":\"Article\",\"@id\":\"https:\/\/epochtimestr.com\/index.php\/dalinda-kalan-emek-tezgahta-katlanan-fiyat#article\",\"isPartOf\":{\"@id\":\"https:\/\/epochtimestr.com\/index.php\/dalinda-kalan-emek-tezgahta-katlanan-fiyat\"},\"author\":{\"name\":\"\u015eerife Eser\",\"@id\":\"https:\/\/epochtimestr.com\/#\/schema\/person\/82b65a1390e2b0717a679b57ed38d466\"},\"headline\":\"Dal\u0131nda Kalan Emek Tezg\u00e2hta Katlanan Fiyat\",\"datePublished\":\"2026-08-08T05:30:00+00:00\",\"dateModified\":\"2026-08-07T19:15:12+00:00\",\"mainEntityOfPage\":{\"@id\":\"https:\/\/epochtimestr.com\/index.php\/dalinda-kalan-emek-tezgahta-katlanan-fiyat\"},\"wordCount\":372,\"commentCount\":0,\"publisher\":{\"@id\":\"https:\/\/epochtimestr.com\/#organization\"},\"image\":{\"@id\":\"https:\/\/epochtimestr.com\/index.php\/dalinda-kalan-emek-tezgahta-katlanan-fiyat#primaryimage\"},\"thumbnailUrl\":\"https:\/\/epochtimestr.com\/wp-content\/uploads\/2011y\/Serife-Eser-Profil-1.png\",\"keywords\":[\"K\u00f6\u015fe\",\"k\u00f6\u015fe sosyoloji\"],\"articleSection\":[\"K\u00f6\u015fe Yaz\u0131lar\u0131 \u015eerife Eser\"],\"inLanguage\":\"tr\",\"potentialAction\":[{\"@type\":\"CommentAction\",\"name\":\"Comment\",\"target\":[\"https:\/\/epochtimestr.com\/index.php\/dalinda-kalan-emek-tezgahta-katlanan-fiyat#respond\"]}]},{\"@type\":\"WebPage\",\"@id\":\"https:\/\/epochtimestr.com\/index.php\/dalinda-kalan-emek-tezgahta-katlanan-fiyat\",\"url\":\"https:\/\/epochtimestr.com\/index.php\/dalinda-kalan-emek-tezgahta-katlanan-fiyat\",\"name\":\"Dal\u0131nda Kalan Emek Tezg\u00e2hta Katlanan Fiyat - The Epoch Times TR\",\"isPartOf\":{\"@id\":\"https:\/\/epochtimestr.com\/#website\"},\"primaryImageOfPage\":{\"@id\":\"https:\/\/epochtimestr.com\/index.php\/dalinda-kalan-emek-tezgahta-katlanan-fiyat#primaryimage\"},\"image\":{\"@id\":\"https:\/\/epochtimestr.com\/index.php\/dalinda-kalan-emek-tezgahta-katlanan-fiyat#primaryimage\"},\"thumbnailUrl\":\"https:\/\/epochtimestr.com\/wp-content\/uploads\/2011y\/Serife-Eser-Profil-1.png\",\"datePublished\":\"2026-08-08T05:30:00+00:00\",\"dateModified\":\"2026-08-07T19:15:12+00:00\",\"description\":\"Bug\u00fcn \u00fclkemizin bir\u00e7ok b\u00f6lgesinde \u015feftali, nektarin, erik, \u00fcz\u00fcm, incir ve daha bir\u00e7ok meyve, \u00fcreticiden maliyetinin bile alt\u0131nda al\u0131n\u0131yor.\",\"inLanguage\":\"tr\",\"potentialAction\":[{\"@type\":\"ReadAction\",\"target\":[\"https:\/\/epochtimestr.com\/index.php\/dalinda-kalan-emek-tezgahta-katlanan-fiyat\"]}]},{\"@type\":\"ImageObject\",\"inLanguage\":\"tr\",\"@id\":\"https:\/\/epochtimestr.com\/index.php\/dalinda-kalan-emek-tezgahta-katlanan-fiyat#primaryimage\",\"url\":\"https:\/\/epochtimestr.com\/wp-content\/uploads\/2011y\/Serife-Eser-Profil-1.png\",\"contentUrl\":\"https:\/\/epochtimestr.com\/wp-content\/uploads\/2011y\/Serife-Eser-Profil-1.png\",\"width\":600,\"height\":600},{\"@type\":\"WebSite\",\"@id\":\"https:\/\/epochtimestr.com\/#website\",\"url\":\"https:\/\/epochtimestr.com\/\",\"name\":\"The Epoch Times TR\",\"description\":\"De\u011fi\u015fen D\u00fcnyam\u0131za Taze Bir Bak\u0131\u015f\",\"publisher\":{\"@id\":\"https:\/\/epochtimestr.com\/#organization\"},\"potentialAction\":[{\"@type\":\"SearchAction\",\"target\":{\"@type\":\"EntryPoint\",\"urlTemplate\":\"https:\/\/epochtimestr.com\/?s={search_term_string}\"},\"query-input\":\"required name=search_term_string\"}],\"inLanguage\":\"tr\"},{\"@type\":\"Organization\",\"@id\":\"https:\/\/epochtimestr.com\/#organization\",\"name\":\"The EpochTimes T\u00fcrkiye\",\"url\":\"https:\/\/epochtimestr.com\/\",\"logo\":{\"@type\":\"ImageObject\",\"inLanguage\":\"tr\",\"@id\":\"https:\/\/epochtimestr.com\/#\/schema\/logo\/image\/\",\"url\":\"https:\/\/epochtimestr.com\/wp-content\/uploads\/2011y\/ET-Logo-YG.jpg\",\"contentUrl\":\"https:\/\/epochtimestr.com\/wp-content\/uploads\/2011y\/ET-Logo-YG.jpg\",\"width\":346,\"height\":29,\"caption\":\"The EpochTimes T\u00fcrkiye\"},\"image\":{\"@id\":\"https:\/\/epochtimestr.com\/#\/schema\/logo\/image\/\"},\"sameAs\":[\"https:\/\/www.facebook.com\/theepochtimestr\",\"https:\/\/x.com\/TheEpochTimesTR\",\"https:\/\/www.instagram.com\/epochtimestr\"]},{\"@type\":\"Person\",\"@id\":\"https:\/\/epochtimestr.com\/#\/schema\/person\/82b65a1390e2b0717a679b57ed38d466\",\"name\":\"\u015eerife Eser\",\"image\":{\"@type\":\"ImageObject\",\"inLanguage\":\"tr\",\"@id\":\"https:\/\/epochtimestr.com\/#\/schema\/person\/image\/\",\"url\":\"https:\/\/secure.gravatar.com\/avatar\/240b2d469e089f3ae0f677fcc7925228?s=96&d=mm&r=g\",\"contentUrl\":\"https:\/\/secure.gravatar.com\/avatar\/240b2d469e089f3ae0f677fcc7925228?s=96&d=mm&r=g\",\"caption\":\"\u015eerife Eser\"},\"url\":\"https:\/\/epochtimestr.com\/index.php\/author\/serife\"}]}<\/script>\n<!-- \/ Yoast SEO plugin. -->","yoast_head_json":{"title":"Dal\u0131nda Kalan Emek Tezg\u00e2hta Katlanan Fiyat - The Epoch Times TR","description":"Bug\u00fcn \u00fclkemizin bir\u00e7ok b\u00f6lgesinde \u015feftali, nektarin, erik, \u00fcz\u00fcm, incir ve daha bir\u00e7ok meyve, \u00fcreticiden maliyetinin bile alt\u0131nda al\u0131n\u0131yor.","robots":{"index":"index","follow":"follow","max-snippet":"max-snippet:-1","max-image-preview":"max-image-preview:large","max-video-preview":"max-video-preview:-1"},"canonical":"https:\/\/epochtimestr.com\/index.php\/dalinda-kalan-emek-tezgahta-katlanan-fiyat","og_locale":"tr_TR","og_type":"article","og_title":"Dal\u0131nda Kalan Emek Tezg\u00e2hta Katlanan Fiyat - The Epoch Times TR","og_description":"Bug\u00fcn \u00fclkemizin bir\u00e7ok b\u00f6lgesinde \u015feftali, nektarin, erik, \u00fcz\u00fcm, incir ve daha bir\u00e7ok meyve, \u00fcreticiden maliyetinin bile alt\u0131nda al\u0131n\u0131yor.","og_url":"https:\/\/epochtimestr.com\/index.php\/dalinda-kalan-emek-tezgahta-katlanan-fiyat","og_site_name":"The Epoch Times TR","article_publisher":"https:\/\/www.facebook.com\/theepochtimestr","article_published_time":"2026-08-08T05:30:00+00:00","article_modified_time":"2026-08-07T19:15:12+00:00","og_image":[{"width":1200,"height":630,"url":"https:\/\/epochtimestr.com\/wp-content\/uploads\/2011y\/SERIFE-ESER-SM.png","type":"image\/png"}],"author":"\u015eerife Eser","twitter_card":"summary_large_image","twitter_creator":"@TheEpochTimesTR","twitter_site":"@TheEpochTimesTR","twitter_misc":{"Yazan:":"\u015eerife Eser","Tahmini okuma s\u00fcresi":"2 dakika"},"schema":{"@context":"https:\/\/schema.org","@graph":[{"@type":"Article","@id":"https:\/\/epochtimestr.com\/index.php\/dalinda-kalan-emek-tezgahta-katlanan-fiyat#article","isPartOf":{"@id":"https:\/\/epochtimestr.com\/index.php\/dalinda-kalan-emek-tezgahta-katlanan-fiyat"},"author":{"name":"\u015eerife Eser","@id":"https:\/\/epochtimestr.com\/#\/schema\/person\/82b65a1390e2b0717a679b57ed38d466"},"headline":"Dal\u0131nda Kalan Emek Tezg\u00e2hta Katlanan Fiyat","datePublished":"2026-08-08T05:30:00+00:00","dateModified":"2026-08-07T19:15:12+00:00","mainEntityOfPage":{"@id":"https:\/\/epochtimestr.com\/index.php\/dalinda-kalan-emek-tezgahta-katlanan-fiyat"},"wordCount":372,"commentCount":0,"publisher":{"@id":"https:\/\/epochtimestr.com\/#organization"},"image":{"@id":"https:\/\/epochtimestr.com\/index.php\/dalinda-kalan-emek-tezgahta-katlanan-fiyat#primaryimage"},"thumbnailUrl":"https:\/\/epochtimestr.com\/wp-content\/uploads\/2011y\/Serife-Eser-Profil-1.png","keywords":["K\u00f6\u015fe","k\u00f6\u015fe sosyoloji"],"articleSection":["K\u00f6\u015fe Yaz\u0131lar\u0131 \u015eerife Eser"],"inLanguage":"tr","potentialAction":[{"@type":"CommentAction","name":"Comment","target":["https:\/\/epochtimestr.com\/index.php\/dalinda-kalan-emek-tezgahta-katlanan-fiyat#respond"]}]},{"@type":"WebPage","@id":"https:\/\/epochtimestr.com\/index.php\/dalinda-kalan-emek-tezgahta-katlanan-fiyat","url":"https:\/\/epochtimestr.com\/index.php\/dalinda-kalan-emek-tezgahta-katlanan-fiyat","name":"Dal\u0131nda Kalan Emek Tezg\u00e2hta Katlanan Fiyat - The Epoch Times TR","isPartOf":{"@id":"https:\/\/epochtimestr.com\/#website"},"primaryImageOfPage":{"@id":"https:\/\/epochtimestr.com\/index.php\/dalinda-kalan-emek-tezgahta-katlanan-fiyat#primaryimage"},"image":{"@id":"https:\/\/epochtimestr.com\/index.php\/dalinda-kalan-emek-tezgahta-katlanan-fiyat#primaryimage"},"thumbnailUrl":"https:\/\/epochtimestr.com\/wp-content\/uploads\/2011y\/Serife-Eser-Profil-1.png","datePublished":"2026-08-08T05:30:00+00:00","dateModified":"2026-08-07T19:15:12+00:00","description":"Bug\u00fcn \u00fclkemizin bir\u00e7ok b\u00f6lgesinde \u015feftali, nektarin, erik, \u00fcz\u00fcm, incir ve daha bir\u00e7ok meyve, \u00fcreticiden maliyetinin bile alt\u0131nda al\u0131n\u0131yor.","inLanguage":"tr","potentialAction":[{"@type":"ReadAction","target":["https:\/\/epochtimestr.com\/index.php\/dalinda-kalan-emek-tezgahta-katlanan-fiyat"]}]},{"@type":"ImageObject","inLanguage":"tr","@id":"https:\/\/epochtimestr.com\/index.php\/dalinda-kalan-emek-tezgahta-katlanan-fiyat#primaryimage","url":"https:\/\/epochtimestr.com\/wp-content\/uploads\/2011y\/Serife-Eser-Profil-1.png","contentUrl":"https:\/\/epochtimestr.com\/wp-content\/uploads\/2011y\/Serife-Eser-Profil-1.png","width":600,"height":600},{"@type":"WebSite","@id":"https:\/\/epochtimestr.com\/#website","url":"https:\/\/epochtimestr.com\/","name":"The Epoch Times TR","description":"De\u011fi\u015fen D\u00fcnyam\u0131za Taze Bir Bak\u0131\u015f","publisher":{"@id":"https:\/\/epochtimestr.com\/#organization"},"potentialAction":[{"@type":"SearchAction","target":{"@type":"EntryPoint","urlTemplate":"https:\/\/epochtimestr.com\/?s={search_term_string}"},"query-input":"required name=search_term_string"}],"inLanguage":"tr"},{"@type":"Organization","@id":"https:\/\/epochtimestr.com\/#organization","name":"The EpochTimes T\u00fcrkiye","url":"https:\/\/epochtimestr.com\/","logo":{"@type":"ImageObject","inLanguage":"tr","@id":"https:\/\/epochtimestr.com\/#\/schema\/logo\/image\/","url":"https:\/\/epochtimestr.com\/wp-content\/uploads\/2011y\/ET-Logo-YG.jpg","contentUrl":"https:\/\/epochtimestr.com\/wp-content\/uploads\/2011y\/ET-Logo-YG.jpg","width":346,"height":29,"caption":"The EpochTimes T\u00fcrkiye"},"image":{"@id":"https:\/\/epochtimestr.com\/#\/schema\/logo\/image\/"},"sameAs":["https:\/\/www.facebook.com\/theepochtimestr","https:\/\/x.com\/TheEpochTimesTR","https:\/\/www.instagram.com\/epochtimestr"]},{"@type":"Person","@id":"https:\/\/epochtimestr.com\/#\/schema\/person\/82b65a1390e2b0717a679b57ed38d466","name":"\u015eerife Eser","image":{"@type":"ImageObject","inLanguage":"tr","@id":"https:\/\/epochtimestr.com\/#\/schema\/person\/image\/","url":"https:\/\/secure.gravatar.com\/avatar\/240b2d469e089f3ae0f677fcc7925228?s=96&d=mm&r=g","contentUrl":"https:\/\/secure.gravatar.com\/avatar\/240b2d469e089f3ae0f677fcc7925228?s=96&d=mm&r=g","caption":"\u015eerife Eser"},"url":"https:\/\/epochtimestr.com\/index.php\/author\/serife"}]}},"_links":{"self":[{"href":"https:\/\/epochtimestr.com\/index.php\/wp-json\/wp\/v2\/posts\/169940"}],"collection":[{"href":"https:\/\/epochtimestr.com\/index.php\/wp-json\/wp\/v2\/posts"}],"about":[{"href":"https:\/\/epochtimestr.com\/index.php\/wp-json\/wp\/v2\/types\/post"}],"author":[{"embeddable":true,"href":"https:\/\/epochtimestr.com\/index.php\/wp-json\/wp\/v2\/users\/13998"}],"replies":[{"embeddable":true,"href":"https:\/\/epochtimestr.com\/index.php\/wp-json\/wp\/v2\/comments?post=169940"}],"version-history":[{"count":1,"href":"https:\/\/epochtimestr.com\/index.php\/wp-json\/wp\/v2\/posts\/169940\/revisions"}],"predecessor-version":[{"id":169950,"href":"https:\/\/epochtimestr.com\/index.php\/wp-json\/wp\/v2\/posts\/169940\/revisions\/169950"}],"wp:featuredmedia":[{"embeddable":true,"href":"https:\/\/epochtimestr.com\/index.php\/wp-json\/wp\/v2\/media\/160116"}],"wp:attachment":[{"href":"https:\/\/epochtimestr.com\/index.php\/wp-json\/wp\/v2\/media?parent=169940"}],"wp:term":[{"taxonomy":"category","embeddable":true,"href":"https:\/\/epochtimestr.com\/index.php\/wp-json\/wp\/v2\/categories?post=169940"},{"taxonomy":"post_tag","embeddable":true,"href":"https:\/\/epochtimestr.com\/index.php\/wp-json\/wp\/v2\/tags?post=169940"}],"curies":[{"name":"wp","href":"https:\/\/api.w.org\/{rel}","templated":true}]}}