{"id":169947,"date":"2026-08-07T22:31:57","date_gmt":"2026-08-07T19:31:57","guid":{"rendered":"https:\/\/epochtimestr.com\/?p=169947"},"modified":"2026-08-07T22:31:59","modified_gmt":"2026-08-07T19:31:59","slug":"yeni-partiye-gecen-belediyeler-belli-oldu","status":"publish","type":"post","link":"https:\/\/epochtimestr.com\/index.php\/yeni-partiye-gecen-belediyeler-belli-oldu","title":{"rendered":"Yeni Parti&#8217;ye Ge\u00e7en Belediyeler Belli Oldu"},"content":{"rendered":"<div class=\"wp-block-image\">\n<figure class=\"aligncenter size-full is-resized\"><img loading=\"lazy\" decoding=\"async\" width=\"640\" height=\"360\" src=\"https:\/\/epochtimestr.com\/wp-content\/uploads\/2011y\/yeni-parti-x-1.webp\" alt=\"YEN\u0130 Parti'ye ge\u00e7en belediyeler belli oldu. (Foto\u011fraf: YEN\u0130 Parti x hesab\u0131)\" class=\"wp-image-169948\" style=\"width:644px;height:auto\" srcset=\"https:\/\/epochtimestr.com\/wp-content\/uploads\/2011y\/yeni-parti-x-1.webp 640w, https:\/\/epochtimestr.com\/wp-content\/uploads\/2011y\/yeni-parti-x-1-300x169.webp 300w, https:\/\/epochtimestr.com\/wp-content\/uploads\/2011y\/yeni-parti-x-1-150x84.webp 150w\" sizes=\"(max-width: 640px) 100vw, 640px\" \/><figcaption class=\"wp-element-caption\">Yeni Parti&#8217;ye ge\u00e7en belediyeler belli oldu. (Foto\u011fraf: YEN\u0130 Parti x hesab\u0131)<\/figcaption><\/figure><\/div>\n\n\n<h2 class=\"wp-block-heading\">Yeni Parti Genel Ba\u015fkan Yard\u0131mc\u0131s\u0131 Ya\u015far T\u00fcz\u00fcn, CHP&#8217;den istifa eden 232 belediye ba\u015fkan\u0131n\u0131n partilerine kat\u0131ld\u0131\u011f\u0131n\u0131 a\u00e7\u0131klad\u0131.<\/h2>\n\n\n\n<p>Yeni Parti Genel Ba\u015fkan Yard\u0131mc\u0131s\u0131 Ya\u015far T\u00fcz\u00fcn TBMM&#8217;de d\u00fczenledi\u011fi <a href=\"https:\/\/epochtimestr.com\/index.php\/murat-emir-tbmmde-basin-toplantisi-duzenledi\" target=\"_blank\" rel=\"noreferrer noopener\">bas\u0131n<\/a> toplant\u0131s\u0131nda CHP&#8217;den istifa ederek partilerine kat\u0131lan <a href=\"https:\/\/epochtimestr.com\/index.php\/yeni-parti-manisa-il-baskani-ilksen-ozalper-gozaltina-alindi\" target=\"_blank\" rel=\"noreferrer noopener\">belediye ba\u015fkanlar\u0131na<\/a> ili\u015fkin bilgi payla\u015ft\u0131. T\u00fcz\u00fcn, CHP&#8217;den istifa eden 232 belediye ba\u015fkan\u0131n\u0131n partilerine kat\u0131ld\u0131\u011f\u0131n\u0131 a\u00e7\u0131klad\u0131. T\u00fcz\u00fcn, a\u011fustos ay\u0131 sonuna kadar bu say\u0131n\u0131n 300&#8217;\u00fc a\u015fmas\u0131n\u0131 beklediklerini s\u00f6yledi.<\/p>\n\n\n\n<p>TBMM&#8217;de d\u00fczenledi\u011fi bas\u0131n toplant\u0131s\u0131nda konu\u015fan T\u00fcz\u00fcn, CHP&#8217;den istifa eden belediye ba\u015fkanlar\u0131n\u0131n b\u00fcy\u00fck b\u00f6l\u00fcm\u00fcn\u00fcn YEN\u0130 Parti \u00fcyelik i\u015flemlerinin tamamland\u0131\u011f\u0131n\u0131 belirtti.<\/p>\n\n\n\n<p>T\u00fcz\u00fcn, 28 ilde art\u0131k CHP&#8217;li belediye ba\u015fkan\u0131 kalmad\u0131\u011f\u0131n\u0131 belirtti. Bu illerin Afyonkarahisar, Aksaray, Ardahan, Artvin, Ayd\u0131n, Bilecik, Bolu, Bursa, \u00c7anakkale, Hatay, Karab\u00fck, Kars, Kastamonu, K\u0131r\u0131kkale, K\u0131rklareli, K\u0131r\u015fehir, Kocaeli, K\u00fctahya, Malatya, Manisa, Ordu, Osmaniye, Rize, Samsun, Trabzon, U\u015fak, Yalova ve Yozgat oldu\u011funu s\u00f6yledi.<\/p>\n\n\n\n<p>T\u00fcz\u00fcn, &#8220;B\u00fcy\u00fck\u015fehir il\u00e7elerine ba\u011fl\u0131 109 il\u00e7e belediye ba\u015fkan\u0131, illere ba\u011fl\u0131 54 il\u00e7e belediye ba\u015fkan\u0131 ve 50 belde belediye ba\u015fkan\u0131 istifa etti. Bug\u00fcn itibar\u0131yla CHP&#8217;den ayr\u0131lan belediye ba\u015fkan\u0131 say\u0131s\u0131 232&#8217;ye ula\u015ft\u0131. Bunlar\u0131n b\u00fcy\u00fck \u00e7o\u011funlu\u011funun YEN\u0130 Parti \u00fcyelik i\u015flemleri tamamland\u0131&#8221; dedi.<\/p>\n\n\n\n<p>Bas\u0131n toplant\u0131s\u0131nda \u0130stanbul b\u00fcy\u00fck\u015fehir belediyesiyle herhangi bir temas kurulup kurulmad\u0131\u011f\u0131n\u0131n sorulmas\u0131 \u00fczerine T\u00fcz\u00fcn, &#8220;B\u00fcy\u00fck\u015fehirler noktas\u0131nda hi\u00e7bir g\u00f6r\u00fc\u015fmemiz olmad\u0131. S\u00fcre\u00e7 i\u00e7erisinde kendi i\u00e7lerinde yapacaklar\u0131 de\u011ferlendirmeler sonras\u0131nda karar vereceklerdir&#8221; yan\u0131t\u0131n\u0131 verdi.<\/p>\n\n\n\n<p>\u0130zmir B\u00fcy\u00fck\u015fehir Belediye Ba\u015fkan\u0131 Cemil Tugay ile G\u00f6lba\u015f\u0131 Belediye Ba\u015fkan\u0131 Yakup Odaba\u015f\u0131&#8217;n\u0131n AKP&#8217;ye ge\u00e7ece\u011fi y\u00f6n\u00fcndeki iddialar\u0131n sorulmas\u0131 \u00fczerine ise T\u00fcz\u00fcn, &#8220;Bu isimleri sosyal medyada ve yaz\u0131l\u0131 bas\u0131nda g\u00f6r\u00fcyoruz. Ancak kendilerinden bu y\u00f6nde a\u00e7\u0131k ve net bir a\u00e7\u0131klama gelmedi&#8221; dedi.<br \/>T\u00fcz\u00fcn, &#8220;Y\u00fczde 94&#8217;\u00fc sosyal demokrat belediyecili\u011fi, halk\u00e7\u0131 belediyecili\u011fi en iyi \u015fekilde, g\u00f6revleri ba\u015f\u0131nda bulunurken yerine getirmeye \u00e7al\u0131\u015fm\u0131\u015ft\u0131r. Y\u00fczde 94&#8217;\u00fc bask\u0131ya, tehdide, \u015fantaja, m\u00fcfetti\u015f raporuna, Say\u0131\u015ftay denetimine ra\u011fmen partisinin g\u00f6revinin ba\u015f\u0131nda kalm\u0131\u015ft\u0131r&#8221; diye konu\u015ftu.<\/p>\n\n\n\n<figure class=\"wp-block-embed is-type-rich is-provider-x wp-block-embed-x\"><div class=\"wp-block-embed__wrapper\">\n<blockquote class=\"twitter-tweet\" data-width=\"550\" data-dnt=\"true\"><p lang=\"tr\" dir=\"ltr\">Bug\u00fcn itibar\u0131yla toplam 232 belediye ba\u015fkan\u0131 CHP&#39;den istifa etti. \u00d6n\u00fcm\u00fczdeki haftalarda bu belediyelerin \u00f6nemli bir b\u00f6l\u00fcm\u00fcn\u00fcn YEN\u0130 Parti&#39;ye kat\u0131lmas\u0131n\u0131 bekliyoruz. \u0130lerleyen s\u00fcre\u00e7te ise YEN\u0130 Parti&#39;nin belediye say\u0131s\u0131n\u0131n 300&#39;e ula\u015faca\u011f\u0131n\u0131 \u00f6ng\u00f6r\u00fcyoruz. Yerel y\u00f6netimlerde de\u011fi\u015fimin\u2026 <a href=\"https:\/\/t.co\/VA383jv7Gj\">pic.twitter.com\/VA383jv7Gj<\/a><\/p>&mdash; Ya\u015far T\u00fcz\u00fcn (@yasartuzun06) <a href=\"https:\/\/x.com\/yasartuzun06\/status\/2085691976851058995?ref_src=twsrc%5Etfw\">August 7, 2026<\/a><\/blockquote><script async src=\"https:\/\/platform.x.com\/widgets.js\" charset=\"utf-8\"><\/script>\n<\/div><\/figure>\n","protected":false},"excerpt":{"rendered":"<p>Yeni Parti Genel Ba\u015fkan Yard\u0131mc\u0131s\u0131 Ya\u015far T\u00fcz\u00fcn, CHP&#8217;den istifa eden 232 belediye ba\u015fkan\u0131n\u0131n partilerine kat\u0131ld\u0131\u011f\u0131n\u0131 a\u00e7\u0131klad\u0131. Yeni Parti Genel Ba\u015fkan Yard\u0131mc\u0131s\u0131 Ya\u015far T\u00fcz\u00fcn TBMM&#8217;de d\u00fczenledi\u011fi bas\u0131n toplant\u0131s\u0131nda CHP&#8217;den istifa ederek partilerine kat\u0131lan belediye ba\u015fkanlar\u0131na ili\u015fkin bilgi payla\u015ft\u0131. T\u00fcz\u00fcn, CHP&#8217;den istifa eden 232 belediye ba\u015fkan\u0131n\u0131n partilerine kat\u0131ld\u0131\u011f\u0131n\u0131 a\u00e7\u0131klad\u0131. T\u00fcz\u00fcn, a\u011fustos ay\u0131 sonuna kadar bu say\u0131n\u0131n 300&#8217;\u00fc [&hellip;]<\/p>\n","protected":false},"author":12791,"featured_media":169948,"comment_status":"open","ping_status":"open","sticky":false,"template":"","format":"standard","meta":{"_yoast_wpseo_focuskw":"Yeni","_yoast_wpseo_title":"","_yoast_wpseo_metadesc":"YEN\u0130 Parti Genel Ba\u015fkan Yard\u0131mc\u0131s\u0131 Ya\u015far T\u00fcz\u00fcn, CHP'den istifa eden 232 belediye ba\u015fkan\u0131n\u0131n partilerine kat\u0131ld\u0131\u011f\u0131n\u0131 a\u00e7\u0131klad\u0131.","_bbp_topic_count":0,"_bbp_reply_count":0,"_bbp_total_topic_count":0,"_bbp_total_reply_count":0,"_bbp_voice_count":0,"_bbp_anonymous_reply_count":0,"_bbp_topic_count_hidden":0,"_bbp_reply_count_hidden":0,"_bbp_forum_subforum_count":0,"footnotes":"","_yoast_wpseo_focuskw_text_input":""},"categories":[1,8138,8226],"tags":[1933,12102,1200,11909],"yoast_head":"<!-- This site is optimized with the Yoast SEO plugin v23.0 - https:\/\/yoast.com\/wordpress\/plugins\/seo\/ -->\n<title>Yeni Parti&#039;ye Ge\u00e7en Belediyeler Belli Oldu - The Epoch Times TR<\/title>\n<meta name=\"description\" content=\"YEN\u0130 Parti Genel Ba\u015fkan Yard\u0131mc\u0131s\u0131 Ya\u015far T\u00fcz\u00fcn, CHP&#039;den istifa eden 232 belediye ba\u015fkan\u0131n\u0131n partilerine kat\u0131ld\u0131\u011f\u0131n\u0131 a\u00e7\u0131klad\u0131.\" \/>\n<meta name=\"robots\" content=\"index, follow, max-snippet:-1, max-image-preview:large, max-video-preview:-1\" \/>\n<link rel=\"canonical\" href=\"https:\/\/epochtimestr.com\/index.php\/yeni-partiye-gecen-belediyeler-belli-oldu\" \/>\n<meta property=\"og:locale\" content=\"tr_TR\" \/>\n<meta property=\"og:type\" content=\"article\" \/>\n<meta property=\"og:title\" content=\"Yeni Parti&#039;ye Ge\u00e7en Belediyeler Belli Oldu - The Epoch Times TR\" \/>\n<meta property=\"og:description\" content=\"YEN\u0130 Parti Genel Ba\u015fkan Yard\u0131mc\u0131s\u0131 Ya\u015far T\u00fcz\u00fcn, CHP&#039;den istifa eden 232 belediye ba\u015fkan\u0131n\u0131n partilerine kat\u0131ld\u0131\u011f\u0131n\u0131 a\u00e7\u0131klad\u0131.\" \/>\n<meta property=\"og:url\" content=\"https:\/\/epochtimestr.com\/index.php\/yeni-partiye-gecen-belediyeler-belli-oldu\" \/>\n<meta property=\"og:site_name\" content=\"The Epoch Times TR\" \/>\n<meta property=\"article:publisher\" content=\"https:\/\/www.facebook.com\/theepochtimestr\" \/>\n<meta property=\"article:published_time\" content=\"2026-08-07T19:31:57+00:00\" \/>\n<meta property=\"article:modified_time\" content=\"2026-08-07T19:31:59+00:00\" \/>\n<meta property=\"og:image\" content=\"https:\/\/epochtimestr.com\/wp-content\/uploads\/2011y\/yeni-parti-x-1.webp\" \/>\n\t<meta property=\"og:image:width\" content=\"640\" \/>\n\t<meta property=\"og:image:height\" content=\"360\" \/>\n\t<meta property=\"og:image:type\" content=\"image\/webp\" \/>\n<meta name=\"author\" content=\"Haber Merkezi\" \/>\n<meta name=\"twitter:card\" content=\"summary_large_image\" \/>\n<meta name=\"twitter:creator\" content=\"@TheEpochTimesTR\" \/>\n<meta name=\"twitter:site\" content=\"@TheEpochTimesTR\" \/>\n<meta name=\"twitter:label1\" content=\"Yazan:\" \/>\n\t<meta name=\"twitter:data1\" content=\"Haber Merkezi\" \/>\n\t<meta name=\"twitter:label2\" content=\"Tahmini okuma s\u00fcresi\" \/>\n\t<meta name=\"twitter:data2\" content=\"3 dakika\" \/>\n<script type=\"application\/ld+json\" class=\"yoast-schema-graph\">{\"@context\":\"https:\/\/schema.org\",\"@graph\":[{\"@type\":\"Article\",\"@id\":\"https:\/\/epochtimestr.com\/index.php\/yeni-partiye-gecen-belediyeler-belli-oldu#article\",\"isPartOf\":{\"@id\":\"https:\/\/epochtimestr.com\/index.php\/yeni-partiye-gecen-belediyeler-belli-oldu\"},\"author\":{\"name\":\"Haber Merkezi\",\"@id\":\"https:\/\/epochtimestr.com\/#\/schema\/person\/3dc5c3adeb9f43923c5aa85889172fdd\"},\"headline\":\"Yeni Parti&#8217;ye Ge\u00e7en Belediyeler Belli Oldu\",\"datePublished\":\"2026-08-07T19:31:57+00:00\",\"dateModified\":\"2026-08-07T19:31:59+00:00\",\"mainEntityOfPage\":{\"@id\":\"https:\/\/epochtimestr.com\/index.php\/yeni-partiye-gecen-belediyeler-belli-oldu\"},\"wordCount\":448,\"commentCount\":0,\"publisher\":{\"@id\":\"https:\/\/epochtimestr.com\/#organization\"},\"image\":{\"@id\":\"https:\/\/epochtimestr.com\/index.php\/yeni-partiye-gecen-belediyeler-belli-oldu#primaryimage\"},\"thumbnailUrl\":\"https:\/\/epochtimestr.com\/wp-content\/uploads\/2011y\/yeni-parti-x-1.webp\",\"keywords\":[\"bas\u0131n toplant\u0131s\u0131\",\"Belediye Ba\u015fkanlar\u0131\",\"tbmm\",\"YEN\u0130 Parti\"],\"articleSection\":[\"G\u00dcNDEM\",\"MAN\u015eET\",\"Siyaset\"],\"inLanguage\":\"tr\",\"potentialAction\":[{\"@type\":\"CommentAction\",\"name\":\"Comment\",\"target\":[\"https:\/\/epochtimestr.com\/index.php\/yeni-partiye-gecen-belediyeler-belli-oldu#respond\"]}]},{\"@type\":\"WebPage\",\"@id\":\"https:\/\/epochtimestr.com\/index.php\/yeni-partiye-gecen-belediyeler-belli-oldu\",\"url\":\"https:\/\/epochtimestr.com\/index.php\/yeni-partiye-gecen-belediyeler-belli-oldu\",\"name\":\"Yeni Parti'ye Ge\u00e7en Belediyeler Belli Oldu - The Epoch Times TR\",\"isPartOf\":{\"@id\":\"https:\/\/epochtimestr.com\/#website\"},\"primaryImageOfPage\":{\"@id\":\"https:\/\/epochtimestr.com\/index.php\/yeni-partiye-gecen-belediyeler-belli-oldu#primaryimage\"},\"image\":{\"@id\":\"https:\/\/epochtimestr.com\/index.php\/yeni-partiye-gecen-belediyeler-belli-oldu#primaryimage\"},\"thumbnailUrl\":\"https:\/\/epochtimestr.com\/wp-content\/uploads\/2011y\/yeni-parti-x-1.webp\",\"datePublished\":\"2026-08-07T19:31:57+00:00\",\"dateModified\":\"2026-08-07T19:31:59+00:00\",\"description\":\"YEN\u0130 Parti Genel Ba\u015fkan Yard\u0131mc\u0131s\u0131 Ya\u015far T\u00fcz\u00fcn, CHP'den istifa eden 232 belediye ba\u015fkan\u0131n\u0131n partilerine kat\u0131ld\u0131\u011f\u0131n\u0131 a\u00e7\u0131klad\u0131.\",\"inLanguage\":\"tr\",\"potentialAction\":[{\"@type\":\"ReadAction\",\"target\":[\"https:\/\/epochtimestr.com\/index.php\/yeni-partiye-gecen-belediyeler-belli-oldu\"]}]},{\"@type\":\"ImageObject\",\"inLanguage\":\"tr\",\"@id\":\"https:\/\/epochtimestr.com\/index.php\/yeni-partiye-gecen-belediyeler-belli-oldu#primaryimage\",\"url\":\"https:\/\/epochtimestr.com\/wp-content\/uploads\/2011y\/yeni-parti-x-1.webp\",\"contentUrl\":\"https:\/\/epochtimestr.com\/wp-content\/uploads\/2011y\/yeni-parti-x-1.webp\",\"width\":640,\"height\":360},{\"@type\":\"WebSite\",\"@id\":\"https:\/\/epochtimestr.com\/#website\",\"url\":\"https:\/\/epochtimestr.com\/\",\"name\":\"The Epoch Times TR\",\"description\":\"De\u011fi\u015fen D\u00fcnyam\u0131za Taze Bir Bak\u0131\u015f\",\"publisher\":{\"@id\":\"https:\/\/epochtimestr.com\/#organization\"},\"potentialAction\":[{\"@type\":\"SearchAction\",\"target\":{\"@type\":\"EntryPoint\",\"urlTemplate\":\"https:\/\/epochtimestr.com\/?s={search_term_string}\"},\"query-input\":\"required name=search_term_string\"}],\"inLanguage\":\"tr\"},{\"@type\":\"Organization\",\"@id\":\"https:\/\/epochtimestr.com\/#organization\",\"name\":\"The EpochTimes T\u00fcrkiye\",\"url\":\"https:\/\/epochtimestr.com\/\",\"logo\":{\"@type\":\"ImageObject\",\"inLanguage\":\"tr\",\"@id\":\"https:\/\/epochtimestr.com\/#\/schema\/logo\/image\/\",\"url\":\"https:\/\/epochtimestr.com\/wp-content\/uploads\/2011y\/ET-Logo-YG.jpg\",\"contentUrl\":\"https:\/\/epochtimestr.com\/wp-content\/uploads\/2011y\/ET-Logo-YG.jpg\",\"width\":346,\"height\":29,\"caption\":\"The EpochTimes T\u00fcrkiye\"},\"image\":{\"@id\":\"https:\/\/epochtimestr.com\/#\/schema\/logo\/image\/\"},\"sameAs\":[\"https:\/\/www.facebook.com\/theepochtimestr\",\"https:\/\/x.com\/TheEpochTimesTR\",\"https:\/\/www.instagram.com\/epochtimestr\"]},{\"@type\":\"Person\",\"@id\":\"https:\/\/epochtimestr.com\/#\/schema\/person\/3dc5c3adeb9f43923c5aa85889172fdd\",\"name\":\"Haber Merkezi\",\"image\":{\"@type\":\"ImageObject\",\"inLanguage\":\"tr\",\"@id\":\"https:\/\/epochtimestr.com\/#\/schema\/person\/image\/\",\"url\":\"https:\/\/secure.gravatar.com\/avatar\/d73f772ba5a74f28601361e17c2f93e6?s=96&d=mm&r=g\",\"contentUrl\":\"https:\/\/secure.gravatar.com\/avatar\/d73f772ba5a74f28601361e17c2f93e6?s=96&d=mm&r=g\",\"caption\":\"Haber Merkezi\"},\"url\":\"https:\/\/epochtimestr.com\/index.php\/author\/sendag\"}]}<\/script>\n<!-- \/ Yoast SEO plugin. -->","yoast_head_json":{"title":"Yeni Parti'ye Ge\u00e7en Belediyeler Belli Oldu - The Epoch Times TR","description":"YEN\u0130 Parti Genel Ba\u015fkan Yard\u0131mc\u0131s\u0131 Ya\u015far T\u00fcz\u00fcn, CHP'den istifa eden 232 belediye ba\u015fkan\u0131n\u0131n partilerine kat\u0131ld\u0131\u011f\u0131n\u0131 a\u00e7\u0131klad\u0131.","robots":{"index":"index","follow":"follow","max-snippet":"max-snippet:-1","max-image-preview":"max-image-preview:large","max-video-preview":"max-video-preview:-1"},"canonical":"https:\/\/epochtimestr.com\/index.php\/yeni-partiye-gecen-belediyeler-belli-oldu","og_locale":"tr_TR","og_type":"article","og_title":"Yeni Parti'ye Ge\u00e7en Belediyeler Belli Oldu - The Epoch Times TR","og_description":"YEN\u0130 Parti Genel Ba\u015fkan Yard\u0131mc\u0131s\u0131 Ya\u015far T\u00fcz\u00fcn, CHP'den istifa eden 232 belediye ba\u015fkan\u0131n\u0131n partilerine kat\u0131ld\u0131\u011f\u0131n\u0131 a\u00e7\u0131klad\u0131.","og_url":"https:\/\/epochtimestr.com\/index.php\/yeni-partiye-gecen-belediyeler-belli-oldu","og_site_name":"The Epoch Times TR","article_publisher":"https:\/\/www.facebook.com\/theepochtimestr","article_published_time":"2026-08-07T19:31:57+00:00","article_modified_time":"2026-08-07T19:31:59+00:00","og_image":[{"width":640,"height":360,"url":"https:\/\/epochtimestr.com\/wp-content\/uploads\/2011y\/yeni-parti-x-1.webp","type":"image\/webp"}],"author":"Haber Merkezi","twitter_card":"summary_large_image","twitter_creator":"@TheEpochTimesTR","twitter_site":"@TheEpochTimesTR","twitter_misc":{"Yazan:":"Haber Merkezi","Tahmini okuma s\u00fcresi":"3 dakika"},"schema":{"@context":"https:\/\/schema.org","@graph":[{"@type":"Article","@id":"https:\/\/epochtimestr.com\/index.php\/yeni-partiye-gecen-belediyeler-belli-oldu#article","isPartOf":{"@id":"https:\/\/epochtimestr.com\/index.php\/yeni-partiye-gecen-belediyeler-belli-oldu"},"author":{"name":"Haber Merkezi","@id":"https:\/\/epochtimestr.com\/#\/schema\/person\/3dc5c3adeb9f43923c5aa85889172fdd"},"headline":"Yeni Parti&#8217;ye Ge\u00e7en Belediyeler Belli Oldu","datePublished":"2026-08-07T19:31:57+00:00","dateModified":"2026-08-07T19:31:59+00:00","mainEntityOfPage":{"@id":"https:\/\/epochtimestr.com\/index.php\/yeni-partiye-gecen-belediyeler-belli-oldu"},"wordCount":448,"commentCount":0,"publisher":{"@id":"https:\/\/epochtimestr.com\/#organization"},"image":{"@id":"https:\/\/epochtimestr.com\/index.php\/yeni-partiye-gecen-belediyeler-belli-oldu#primaryimage"},"thumbnailUrl":"https:\/\/epochtimestr.com\/wp-content\/uploads\/2011y\/yeni-parti-x-1.webp","keywords":["bas\u0131n toplant\u0131s\u0131","Belediye Ba\u015fkanlar\u0131","tbmm","YEN\u0130 Parti"],"articleSection":["G\u00dcNDEM","MAN\u015eET","Siyaset"],"inLanguage":"tr","potentialAction":[{"@type":"CommentAction","name":"Comment","target":["https:\/\/epochtimestr.com\/index.php\/yeni-partiye-gecen-belediyeler-belli-oldu#respond"]}]},{"@type":"WebPage","@id":"https:\/\/epochtimestr.com\/index.php\/yeni-partiye-gecen-belediyeler-belli-oldu","url":"https:\/\/epochtimestr.com\/index.php\/yeni-partiye-gecen-belediyeler-belli-oldu","name":"Yeni Parti'ye Ge\u00e7en Belediyeler Belli Oldu - The Epoch Times TR","isPartOf":{"@id":"https:\/\/epochtimestr.com\/#website"},"primaryImageOfPage":{"@id":"https:\/\/epochtimestr.com\/index.php\/yeni-partiye-gecen-belediyeler-belli-oldu#primaryimage"},"image":{"@id":"https:\/\/epochtimestr.com\/index.php\/yeni-partiye-gecen-belediyeler-belli-oldu#primaryimage"},"thumbnailUrl":"https:\/\/epochtimestr.com\/wp-content\/uploads\/2011y\/yeni-parti-x-1.webp","datePublished":"2026-08-07T19:31:57+00:00","dateModified":"2026-08-07T19:31:59+00:00","description":"YEN\u0130 Parti Genel Ba\u015fkan Yard\u0131mc\u0131s\u0131 Ya\u015far T\u00fcz\u00fcn, CHP'den istifa eden 232 belediye ba\u015fkan\u0131n\u0131n partilerine kat\u0131ld\u0131\u011f\u0131n\u0131 a\u00e7\u0131klad\u0131.","inLanguage":"tr","potentialAction":[{"@type":"ReadAction","target":["https:\/\/epochtimestr.com\/index.php\/yeni-partiye-gecen-belediyeler-belli-oldu"]}]},{"@type":"ImageObject","inLanguage":"tr","@id":"https:\/\/epochtimestr.com\/index.php\/yeni-partiye-gecen-belediyeler-belli-oldu#primaryimage","url":"https:\/\/epochtimestr.com\/wp-content\/uploads\/2011y\/yeni-parti-x-1.webp","contentUrl":"https:\/\/epochtimestr.com\/wp-content\/uploads\/2011y\/yeni-parti-x-1.webp","width":640,"height":360},{"@type":"WebSite","@id":"https:\/\/epochtimestr.com\/#website","url":"https:\/\/epochtimestr.com\/","name":"The Epoch Times TR","description":"De\u011fi\u015fen D\u00fcnyam\u0131za Taze Bir Bak\u0131\u015f","publisher":{"@id":"https:\/\/epochtimestr.com\/#organization"},"potentialAction":[{"@type":"SearchAction","target":{"@type":"EntryPoint","urlTemplate":"https:\/\/epochtimestr.com\/?s={search_term_string}"},"query-input":"required name=search_term_string"}],"inLanguage":"tr"},{"@type":"Organization","@id":"https:\/\/epochtimestr.com\/#organization","name":"The EpochTimes T\u00fcrkiye","url":"https:\/\/epochtimestr.com\/","logo":{"@type":"ImageObject","inLanguage":"tr","@id":"https:\/\/epochtimestr.com\/#\/schema\/logo\/image\/","url":"https:\/\/epochtimestr.com\/wp-content\/uploads\/2011y\/ET-Logo-YG.jpg","contentUrl":"https:\/\/epochtimestr.com\/wp-content\/uploads\/2011y\/ET-Logo-YG.jpg","width":346,"height":29,"caption":"The EpochTimes T\u00fcrkiye"},"image":{"@id":"https:\/\/epochtimestr.com\/#\/schema\/logo\/image\/"},"sameAs":["https:\/\/www.facebook.com\/theepochtimestr","https:\/\/x.com\/TheEpochTimesTR","https:\/\/www.instagram.com\/epochtimestr"]},{"@type":"Person","@id":"https:\/\/epochtimestr.com\/#\/schema\/person\/3dc5c3adeb9f43923c5aa85889172fdd","name":"Haber Merkezi","image":{"@type":"ImageObject","inLanguage":"tr","@id":"https:\/\/epochtimestr.com\/#\/schema\/person\/image\/","url":"https:\/\/secure.gravatar.com\/avatar\/d73f772ba5a74f28601361e17c2f93e6?s=96&d=mm&r=g","contentUrl":"https:\/\/secure.gravatar.com\/avatar\/d73f772ba5a74f28601361e17c2f93e6?s=96&d=mm&r=g","caption":"Haber Merkezi"},"url":"https:\/\/epochtimestr.com\/index.php\/author\/sendag"}]}},"_links":{"self":[{"href":"https:\/\/epochtimestr.com\/index.php\/wp-json\/wp\/v2\/posts\/169947"}],"collection":[{"href":"https:\/\/epochtimestr.com\/index.php\/wp-json\/wp\/v2\/posts"}],"about":[{"href":"https:\/\/epochtimestr.com\/index.php\/wp-json\/wp\/v2\/types\/post"}],"author":[{"embeddable":true,"href":"https:\/\/epochtimestr.com\/index.php\/wp-json\/wp\/v2\/users\/12791"}],"replies":[{"embeddable":true,"href":"https:\/\/epochtimestr.com\/index.php\/wp-json\/wp\/v2\/comments?post=169947"}],"version-history":[{"count":2,"href":"https:\/\/epochtimestr.com\/index.php\/wp-json\/wp\/v2\/posts\/169947\/revisions"}],"predecessor-version":[{"id":169956,"href":"https:\/\/epochtimestr.com\/index.php\/wp-json\/wp\/v2\/posts\/169947\/revisions\/169956"}],"wp:featuredmedia":[{"embeddable":true,"href":"https:\/\/epochtimestr.com\/index.php\/wp-json\/wp\/v2\/media\/169948"}],"wp:attachment":[{"href":"https:\/\/epochtimestr.com\/index.php\/wp-json\/wp\/v2\/media?parent=169947"}],"wp:term":[{"taxonomy":"category","embeddable":true,"href":"https:\/\/epochtimestr.com\/index.php\/wp-json\/wp\/v2\/categories?post=169947"},{"taxonomy":"post_tag","embeddable":true,"href":"https:\/\/epochtimestr.com\/index.php\/wp-json\/wp\/v2\/tags?post=169947"}],"curies":[{"name":"wp","href":"https:\/\/api.w.org\/{rel}","templated":true}]}}