{"id":169958,"date":"2026-08-08T08:30:00","date_gmt":"2026-08-08T05:30:00","guid":{"rendered":"https:\/\/epochtimestr.com\/?p=169958"},"modified":"2026-08-07T22:57:18","modified_gmt":"2026-08-07T19:57:18","slug":"kumraldededen-dinlediklerim","status":"publish","type":"post","link":"https:\/\/epochtimestr.com\/index.php\/kumraldededen-dinlediklerim","title":{"rendered":"Kumraldede\u2019den Dinlediklerim"},"content":{"rendered":"\n<p><em>Bu yaz\u0131 ilk olarak 03 Ocak 2018 tarihinde inovatifhaber.com\u2019da yay\u0131mlanm\u0131\u015ft\u0131r.<\/em><\/p>\n\n\n\n<p class=\"has-text-align-right\">\u201c\u00c7ok gezen vukuat silsilelerine muhatap olur.\u201d Kumraldede<\/p>\n\n\n\n<p>An\u0131lar\u0131n yaz\u0131laca\u011f\u0131 bir ya\u015f s\u0131n\u0131r\u0131 var m\u0131d\u0131r? Erken ya\u015flarda an\u0131lara de\u011findi\u011finde s\u0131k\u00e7a uyar\u0131 al\u0131r insan. An\u0131lar i\u00e7in vakit her zaman erkendir (!). Ya\u015fl\u0131l\u0131kta an\u0131lar\u0131 k\u00e2\u011f\u0131da d\u00f6kmek \u00f6nerilse de kimin ne kadar ya\u015fayaca\u011f\u0131n\u0131 kimse bilemez! O y\u00fczden f\u0131rsat bulduk\u00e7a, yeri geldik\u00e7e insan an\u0131lar\u0131ndan, ya\u015fad\u0131klar\u0131ndan bahsedebilmeli.<\/p>\n\n\n\n<p>Metropol \u0130\u015f Merkezi\u2019nde yirmi y\u0131l\u0131m ge\u00e7ti. Oras\u0131 benim i\u00e7in konu ambar\u0131d\u0131r. \u0130\u015fte bug\u00fcn misafiri oldu\u011fum Kumraldede de Metropol\u2019de tan\u0131d\u0131\u011f\u0131m, bende iz b\u0131rakan insanlardand\u0131r. Arkada\u015fl\u0131\u011f\u0131m\u0131z \u00e7eyrek y\u00fczy\u0131la uzan\u0131r. Demli \u00e7aylar e\u015fli\u011finde nice sohbetler biriktirmi\u015fizdir. Dostum, Kumraldede ismini kullan\u0131r. Bu ad ile yaz\u0131lar yazar, g\u00f6r\u00fc\u015fler dile getirir. Tan\u0131nmak, bilinmek iddias\u0131nda olmad\u0131\u011f\u0131ndan ger\u00e7ek ismini kullanmak istemez. Teni kumrald\u0131r. Osmanl\u0131\u2019n\u0131n ilk kurulu\u015f y\u0131llar\u0131nda ya\u015fam\u0131\u015f, \u015eeyh Edebali\u2019nin m\u00fcritlerinden bir ulu zat\u0131n ismini kendine yak\u0131\u015ft\u0131rd\u0131. Gen\u00e7lik y\u0131llar\u0131ndan bu yana g\u00f6n\u00fcl adaml\u0131\u011f\u0131 da ifade eden bu isim \u00fczerine yak\u0131\u015ft\u0131. O da memnuniyetle ta\u015f\u0131d\u0131.<\/p>\n\n\n\n<p>Rind me\u015frep ki\u015fili\u011fi hep a\u011f\u0131r basm\u0131\u015ft\u0131r. Hayat\u0131n\u0131 gezmek \u00fczerine kurdu. Ya\u015fad\u0131, dokundu, izler b\u0131rakt\u0131, dersler \u00e7\u0131kard\u0131, ama ayn\u0131 zamanda t\u00fcm bunlar\u0131 hissederek, keyif alarak yapt\u0131. Belki de bakmak ile g\u00f6rmek aras\u0131ndaki n\u00fcans\u0131 en iyi yakalayanlardan oldu. Elbette o \u201cAmerika\u2019y\u0131 yeniden ke\u015ffetmek\u201d i\u00e7in \u00e7\u0131kmad\u0131 yola!<\/p>\n\n\n\n<p>Ba\u015flarda babas\u0131n\u0131n memuriyetiyle, mecburiyet sonucu olu\u015fan bu edinim, zamanla tutkuya, al\u0131\u015fkanl\u0131\u011fa d\u00f6n\u00fc\u015ft\u00fc. Kayseri\u2019de do\u011fdu. \u0130stanbul\u2019dan Bursa\u2019ya, oradan Erzurum\u2019a, Anadolu\u2019nun d\u00f6rt bir k\u00f6\u015fesinde ya\u015fam s\u00fcrd\u00fc, e\u011fitim ald\u0131, i\u015fler yapt\u0131. Bununla yetinmeyip yurtd\u0131\u015f\u0131nda da bir\u00e7ok \u00fclke gezdi. Gurbet insana \u00e7ok \u015fey \u00f6\u011fretir. \u00d6\u011frettikleri aras\u0131nda bence en \u00f6nemlisi insan\u0131 olgunla\u015ft\u0131ran, di\u011fer insanlara yak\u0131nla\u015ft\u0131ran y\u00f6n\u00fcd\u00fcr. \u0130\u015fte bu haslet Kumraldede\u2019de fazlas\u0131yla vard\u0131r.<\/p>\n\n\n\n<p>Geli\u015fmi\u015f Bat\u0131 \u00fclkeleri (!) hari\u00e7 &#8211; ki vize i\u015flemleri esnas\u0131nda seviyesiz bir diyalo\u011fa isyan ederek gitmekten vazge\u00e7ti. A\u011f\u0131rl\u0131kla Do\u011fu Avrupa, T\u00fcrk devletleri ve Arap \u00fclkelerinde bulundu. M\u0131s\u0131r, BAE, Azerbaycan, Bulgaristan, T\u00fcrkmenistan bunlardan baz\u0131lar\u0131. Okuduklar\u0131, kazan\u0131mlar\u0131 bir yana, hayat \u00fcniversitesinde g\u00f6rd\u00fcklerini de\u011ferlendiren ve hayat\u0131n\u0131 bunun \u00fczerine bina eden biri o.<\/p>\n\n\n\n<p>\u0130lk yurtd\u0131\u015f\u0131 deneyimini Romanya\u2019da ya\u015fad\u0131. \u00c7avuse\u015fku rejimi o gittikten \u00fc\u00e7 ay sonra devrildi. Halk devriminin t\u00fcm heyecan\u0131n\u0131 tatt\u0131, alt\u00fcst olu\u015flara tan\u0131kl\u0131k etti. Dokuz y\u0131l orada kald\u0131. T\u00fcrkiye\u2019deyken Sosyalist \u00fclkeler hakk\u0131nda anlat\u0131lan onca \u015feyin yanl\u0131\u015f oldu\u011funa \u015fahit oldu. Mesela, \u201cbu rejimlerin insana hi\u00e7bir \u015fey vermedi\u011fi\u201d seksen \u00f6ncesi T\u00fcrkiye\u2019sinde yayg\u0131n bir kanaatti. Oysa o, Romenlerin eve, arabaya sahip olduklar\u0131n\u0131 g\u00f6rd\u00fc. Lakin bu sahte bir sahiplikti. Devlet b\u00fct\u00fcn bunlar\u0131 halk\u0131 kontrol etmek i\u00e7in kullan\u0131yordu. Fakat sa\u011fl\u0131k, e\u011fitim, i\u015f gibi garantileri vard\u0131. En \u00f6nemlisi g\u00fcven i\u00e7inde ya\u015f\u0131yorlard\u0131. Tabii \u00e7eli\u015fkiler de yok de\u011fildi. Ayn\u0131 insanlar basit bir t\u00fcketim maddesi i\u00e7in saatlerce kuyru\u011fa giriyorlard\u0131, att\u0131klar\u0131 her ad\u0131m izleniyor, seyahat \u00f6zg\u00fcrl\u00fckleri son derece s\u0131n\u0131rlan\u0131yordu. Romanya\u2019dayken s\u0131k s\u0131k Moldova, Macaristan, Belarus, Ukrayna ge\u00e7i\u015fleri olurdu.<\/p>\n\n\n\n<p>G\u00fcn geldi kuzeyin so\u011fu\u011fundan g\u00fcneyin s\u0131ca\u011f\u0131na ge\u00e7ti. Avrupa\u2019da karla \u00f6rt\u00fclen yollar, bu co\u011frafyada f\u0131rt\u0131nalar\u0131n olu\u015fturdu\u011fu kumlarla kaplan\u0131yordu. Tunus\u2019tan ba\u015flayarak Akdeniz sahilindeki \u00fclkeleri g\u00f6rd\u00fc. Buradaki izlenimlerini \u015f\u00f6yle \u00f6zetliyor Kumraldede: \u201cLise \u00e7a\u011flar\u0131ma kadar bende bir Arap \u00fclkeleri hayranl\u0131\u011f\u0131 vard\u0131. Fakat oralarda T\u00fcrkiye\u2019nin \u00e7eyre\u011fi kadar bile olmayan bir sosyal ya\u015fant\u0131 vard\u0131. \u0130slam medeniyetinin daha bask\u0131n tesirlerini g\u00f6rece\u011fimi zannederken, bundan eser olmad\u0131\u011f\u0131n\u0131 g\u00f6rd\u00fcm. Bu bende b\u00fcy\u00fck bir hayal k\u0131r\u0131kl\u0131\u011f\u0131 yaratt\u0131.<\/p>\n\n\n\n<p>Sonra, T\u00fcrk Cumhuriyetlerine y\u00f6neltti rotas\u0131n\u0131. Oralar da o d\u00f6nemde \u201cDemirperde\u201d \u00fclkelerinde ya\u015fananlara benzemekle beraber, T\u00fcrklerin manevi esaslar\u0131 \u00e7ok \u00f6rselenmi\u015fti.<\/p>\n\n\n\n<p>Anlatacaklar\u0131 elbette bu k\u0131sa k\u00f6\u015fe yaz\u0131s\u0131na s\u0131\u011fmayacak kadar fazla. O, sevdiklerine kendini hissettirmeden feda eden, idraki belki de k\u0131yamete kalacak darg\u0131nl\u0131klarla, g\u00f6nl\u00fcnde bar\u0131\u015fm\u0131\u015f birisidir. Biz \u015fimdilik bu yaz\u0131y\u0131 onun \u015fu ibret al\u0131nacak s\u00f6zleri ile bitirmek durumunday\u0131z.<\/p>\n\n\n\n<p>\u201cNe Avrupa ne Arap \u00fclkeleri ya da ba\u015fka bir yer, d\u00f6rt mevsimin birden h\u00fck\u00fcm s\u00fcrd\u00fc\u011f\u00fc bir T\u00fcrkiye etmez.<\/p>\n\n\n\n<p>Ancak d\u0131\u015far\u0131y\u0131 bilenler beni \u00e7ok daha iyi anlayacaklard\u0131r.\u201d<\/p>\n","protected":false},"excerpt":{"rendered":"<p>Bu yaz\u0131 ilk olarak 03 Ocak 2018 tarihinde inovatifhaber.com\u2019da yay\u0131mlanm\u0131\u015ft\u0131r. \u201c\u00c7ok gezen vukuat silsilelerine muhatap olur.\u201d Kumraldede An\u0131lar\u0131n yaz\u0131laca\u011f\u0131 bir ya\u015f s\u0131n\u0131r\u0131 var m\u0131d\u0131r? Erken ya\u015flarda an\u0131lara de\u011findi\u011finde s\u0131k\u00e7a uyar\u0131 al\u0131r insan. An\u0131lar i\u00e7in vakit her zaman erkendir (!). Ya\u015fl\u0131l\u0131kta an\u0131lar\u0131 k\u00e2\u011f\u0131da d\u00f6kmek \u00f6nerilse de kimin ne kadar ya\u015fayaca\u011f\u0131n\u0131 kimse bilemez! O y\u00fczden f\u0131rsat bulduk\u00e7a, [&hellip;]<\/p>\n","protected":false},"author":14001,"featured_media":161038,"comment_status":"open","ping_status":"open","sticky":false,"template":"","format":"standard","meta":{"_yoast_wpseo_focuskw":"Kumraldede","_yoast_wpseo_title":"","_yoast_wpseo_metadesc":"Kumraldede Metropol\u2019de tan\u0131d\u0131\u011f\u0131m insanlardand\u0131r. Arkada\u015fl\u0131\u011f\u0131m\u0131z \u00e7eyrek y\u00fczy\u0131la uzan\u0131r. Demli \u00e7aylar e\u015fli\u011finde nice sohbetler biriktirmi\u015fizdir.","_bbp_topic_count":0,"_bbp_reply_count":0,"_bbp_total_topic_count":0,"_bbp_total_reply_count":0,"_bbp_voice_count":0,"_bbp_anonymous_reply_count":0,"_bbp_topic_count_hidden":0,"_bbp_reply_count_hidden":0,"_bbp_forum_subforum_count":0,"footnotes":"","_yoast_wpseo_focuskw_text_input":""},"categories":[9170],"tags":[11729,11760],"yoast_head":"<!-- This site is optimized with the Yoast SEO plugin v23.0 - https:\/\/yoast.com\/wordpress\/plugins\/seo\/ -->\n<title>Kumraldede\u2019den Dinlediklerim - The Epoch Times TR<\/title>\n<meta name=\"description\" content=\"Kumraldede Metropol\u2019de tan\u0131d\u0131\u011f\u0131m insanlardand\u0131r. Arkada\u015fl\u0131\u011f\u0131m\u0131z \u00e7eyrek y\u00fczy\u0131la uzan\u0131r. Demli \u00e7aylar e\u015fli\u011finde nice sohbetler biriktirmi\u015fizdir.\" \/>\n<meta name=\"robots\" content=\"index, follow, max-snippet:-1, max-image-preview:large, max-video-preview:-1\" \/>\n<link rel=\"canonical\" href=\"https:\/\/epochtimestr.com\/index.php\/kumraldededen-dinlediklerim\" \/>\n<meta property=\"og:locale\" content=\"tr_TR\" \/>\n<meta property=\"og:type\" content=\"article\" \/>\n<meta property=\"og:title\" content=\"Kumraldede\u2019den Dinlediklerim - The Epoch Times TR\" \/>\n<meta property=\"og:description\" content=\"Kumraldede Metropol\u2019de tan\u0131d\u0131\u011f\u0131m insanlardand\u0131r. Arkada\u015fl\u0131\u011f\u0131m\u0131z \u00e7eyrek y\u00fczy\u0131la uzan\u0131r. Demli \u00e7aylar e\u015fli\u011finde nice sohbetler biriktirmi\u015fizdir.\" \/>\n<meta property=\"og:url\" content=\"https:\/\/epochtimestr.com\/index.php\/kumraldededen-dinlediklerim\" \/>\n<meta property=\"og:site_name\" content=\"The Epoch Times TR\" \/>\n<meta property=\"article:publisher\" content=\"https:\/\/www.facebook.com\/theepochtimestr\" \/>\n<meta property=\"article:published_time\" content=\"2026-08-08T05:30:00+00:00\" \/>\n<meta property=\"article:modified_time\" content=\"2026-08-07T19:57:18+00:00\" \/>\n<meta property=\"og:image\" content=\"https:\/\/epochtimestr.com\/wp-content\/uploads\/2011y\/bzct-zo.jpg\" \/>\n\t<meta property=\"og:image:width\" content=\"1200\" \/>\n\t<meta property=\"og:image:height\" content=\"630\" \/>\n\t<meta property=\"og:image:type\" content=\"image\/jpeg\" \/>\n<meta name=\"author\" content=\"Bekir Zorba\" \/>\n<meta name=\"twitter:card\" content=\"summary_large_image\" \/>\n<meta name=\"twitter:creator\" content=\"@TheEpochTimesTR\" \/>\n<meta name=\"twitter:site\" content=\"@TheEpochTimesTR\" \/>\n<meta name=\"twitter:label1\" content=\"Yazan:\" \/>\n\t<meta name=\"twitter:data1\" content=\"Bekir Zorba\" \/>\n\t<meta name=\"twitter:label2\" content=\"Tahmini okuma s\u00fcresi\" \/>\n\t<meta name=\"twitter:data2\" content=\"4 dakika\" \/>\n<script type=\"application\/ld+json\" class=\"yoast-schema-graph\">{\"@context\":\"https:\/\/schema.org\",\"@graph\":[{\"@type\":\"Article\",\"@id\":\"https:\/\/epochtimestr.com\/index.php\/kumraldededen-dinlediklerim#article\",\"isPartOf\":{\"@id\":\"https:\/\/epochtimestr.com\/index.php\/kumraldededen-dinlediklerim\"},\"author\":{\"name\":\"Bekir Zorba\",\"@id\":\"https:\/\/epochtimestr.com\/#\/schema\/person\/da1ad104599611965442ed3e7e9acb2b\"},\"headline\":\"Kumraldede\u2019den Dinlediklerim\",\"datePublished\":\"2026-08-08T05:30:00+00:00\",\"dateModified\":\"2026-08-07T19:57:18+00:00\",\"mainEntityOfPage\":{\"@id\":\"https:\/\/epochtimestr.com\/index.php\/kumraldededen-dinlediklerim\"},\"wordCount\":828,\"commentCount\":0,\"publisher\":{\"@id\":\"https:\/\/epochtimestr.com\/#organization\"},\"image\":{\"@id\":\"https:\/\/epochtimestr.com\/index.php\/kumraldededen-dinlediklerim#primaryimage\"},\"thumbnailUrl\":\"https:\/\/epochtimestr.com\/wp-content\/uploads\/2011y\/Bekir-Zorba.png\",\"keywords\":[\"K\u00f6\u015fe\",\"k\u00f6\u015fe Mersin\"],\"articleSection\":[\"K\u00f6\u015fe Yaz\u0131lar\u0131 Bekir Zorba\"],\"inLanguage\":\"tr\",\"potentialAction\":[{\"@type\":\"CommentAction\",\"name\":\"Comment\",\"target\":[\"https:\/\/epochtimestr.com\/index.php\/kumraldededen-dinlediklerim#respond\"]}]},{\"@type\":\"WebPage\",\"@id\":\"https:\/\/epochtimestr.com\/index.php\/kumraldededen-dinlediklerim\",\"url\":\"https:\/\/epochtimestr.com\/index.php\/kumraldededen-dinlediklerim\",\"name\":\"Kumraldede\u2019den Dinlediklerim - The Epoch Times TR\",\"isPartOf\":{\"@id\":\"https:\/\/epochtimestr.com\/#website\"},\"primaryImageOfPage\":{\"@id\":\"https:\/\/epochtimestr.com\/index.php\/kumraldededen-dinlediklerim#primaryimage\"},\"image\":{\"@id\":\"https:\/\/epochtimestr.com\/index.php\/kumraldededen-dinlediklerim#primaryimage\"},\"thumbnailUrl\":\"https:\/\/epochtimestr.com\/wp-content\/uploads\/2011y\/Bekir-Zorba.png\",\"datePublished\":\"2026-08-08T05:30:00+00:00\",\"dateModified\":\"2026-08-07T19:57:18+00:00\",\"description\":\"Kumraldede Metropol\u2019de tan\u0131d\u0131\u011f\u0131m insanlardand\u0131r. Arkada\u015fl\u0131\u011f\u0131m\u0131z \u00e7eyrek y\u00fczy\u0131la uzan\u0131r. Demli \u00e7aylar e\u015fli\u011finde nice sohbetler biriktirmi\u015fizdir.\",\"inLanguage\":\"tr\",\"potentialAction\":[{\"@type\":\"ReadAction\",\"target\":[\"https:\/\/epochtimestr.com\/index.php\/kumraldededen-dinlediklerim\"]}]},{\"@type\":\"ImageObject\",\"inLanguage\":\"tr\",\"@id\":\"https:\/\/epochtimestr.com\/index.php\/kumraldededen-dinlediklerim#primaryimage\",\"url\":\"https:\/\/epochtimestr.com\/wp-content\/uploads\/2011y\/Bekir-Zorba.png\",\"contentUrl\":\"https:\/\/epochtimestr.com\/wp-content\/uploads\/2011y\/Bekir-Zorba.png\",\"width\":600,\"height\":600},{\"@type\":\"WebSite\",\"@id\":\"https:\/\/epochtimestr.com\/#website\",\"url\":\"https:\/\/epochtimestr.com\/\",\"name\":\"The Epoch Times TR\",\"description\":\"De\u011fi\u015fen D\u00fcnyam\u0131za Taze Bir Bak\u0131\u015f\",\"publisher\":{\"@id\":\"https:\/\/epochtimestr.com\/#organization\"},\"potentialAction\":[{\"@type\":\"SearchAction\",\"target\":{\"@type\":\"EntryPoint\",\"urlTemplate\":\"https:\/\/epochtimestr.com\/?s={search_term_string}\"},\"query-input\":\"required name=search_term_string\"}],\"inLanguage\":\"tr\"},{\"@type\":\"Organization\",\"@id\":\"https:\/\/epochtimestr.com\/#organization\",\"name\":\"The EpochTimes T\u00fcrkiye\",\"url\":\"https:\/\/epochtimestr.com\/\",\"logo\":{\"@type\":\"ImageObject\",\"inLanguage\":\"tr\",\"@id\":\"https:\/\/epochtimestr.com\/#\/schema\/logo\/image\/\",\"url\":\"https:\/\/epochtimestr.com\/wp-content\/uploads\/2011y\/ET-Logo-YG.jpg\",\"contentUrl\":\"https:\/\/epochtimestr.com\/wp-content\/uploads\/2011y\/ET-Logo-YG.jpg\",\"width\":346,\"height\":29,\"caption\":\"The EpochTimes T\u00fcrkiye\"},\"image\":{\"@id\":\"https:\/\/epochtimestr.com\/#\/schema\/logo\/image\/\"},\"sameAs\":[\"https:\/\/www.facebook.com\/theepochtimestr\",\"https:\/\/x.com\/TheEpochTimesTR\",\"https:\/\/www.instagram.com\/epochtimestr\"]},{\"@type\":\"Person\",\"@id\":\"https:\/\/epochtimestr.com\/#\/schema\/person\/da1ad104599611965442ed3e7e9acb2b\",\"name\":\"Bekir Zorba\",\"image\":{\"@type\":\"ImageObject\",\"inLanguage\":\"tr\",\"@id\":\"https:\/\/epochtimestr.com\/#\/schema\/person\/image\/\",\"url\":\"https:\/\/secure.gravatar.com\/avatar\/eafd40d9b77b1fbf7c565a3d4916b79c?s=96&d=mm&r=g\",\"contentUrl\":\"https:\/\/secure.gravatar.com\/avatar\/eafd40d9b77b1fbf7c565a3d4916b79c?s=96&d=mm&r=g\",\"caption\":\"Bekir Zorba\"},\"url\":\"https:\/\/epochtimestr.com\/index.php\/author\/bekir\"}]}<\/script>\n<!-- \/ Yoast SEO plugin. -->","yoast_head_json":{"title":"Kumraldede\u2019den Dinlediklerim - The Epoch Times TR","description":"Kumraldede Metropol\u2019de tan\u0131d\u0131\u011f\u0131m insanlardand\u0131r. Arkada\u015fl\u0131\u011f\u0131m\u0131z \u00e7eyrek y\u00fczy\u0131la uzan\u0131r. Demli \u00e7aylar e\u015fli\u011finde nice sohbetler biriktirmi\u015fizdir.","robots":{"index":"index","follow":"follow","max-snippet":"max-snippet:-1","max-image-preview":"max-image-preview:large","max-video-preview":"max-video-preview:-1"},"canonical":"https:\/\/epochtimestr.com\/index.php\/kumraldededen-dinlediklerim","og_locale":"tr_TR","og_type":"article","og_title":"Kumraldede\u2019den Dinlediklerim - The Epoch Times TR","og_description":"Kumraldede Metropol\u2019de tan\u0131d\u0131\u011f\u0131m insanlardand\u0131r. Arkada\u015fl\u0131\u011f\u0131m\u0131z \u00e7eyrek y\u00fczy\u0131la uzan\u0131r. Demli \u00e7aylar e\u015fli\u011finde nice sohbetler biriktirmi\u015fizdir.","og_url":"https:\/\/epochtimestr.com\/index.php\/kumraldededen-dinlediklerim","og_site_name":"The Epoch Times TR","article_publisher":"https:\/\/www.facebook.com\/theepochtimestr","article_published_time":"2026-08-08T05:30:00+00:00","article_modified_time":"2026-08-07T19:57:18+00:00","og_image":[{"width":1200,"height":630,"url":"https:\/\/epochtimestr.com\/wp-content\/uploads\/2011y\/bzct-zo.jpg","type":"image\/jpeg"}],"author":"Bekir Zorba","twitter_card":"summary_large_image","twitter_creator":"@TheEpochTimesTR","twitter_site":"@TheEpochTimesTR","twitter_misc":{"Yazan:":"Bekir Zorba","Tahmini okuma s\u00fcresi":"4 dakika"},"schema":{"@context":"https:\/\/schema.org","@graph":[{"@type":"Article","@id":"https:\/\/epochtimestr.com\/index.php\/kumraldededen-dinlediklerim#article","isPartOf":{"@id":"https:\/\/epochtimestr.com\/index.php\/kumraldededen-dinlediklerim"},"author":{"name":"Bekir Zorba","@id":"https:\/\/epochtimestr.com\/#\/schema\/person\/da1ad104599611965442ed3e7e9acb2b"},"headline":"Kumraldede\u2019den Dinlediklerim","datePublished":"2026-08-08T05:30:00+00:00","dateModified":"2026-08-07T19:57:18+00:00","mainEntityOfPage":{"@id":"https:\/\/epochtimestr.com\/index.php\/kumraldededen-dinlediklerim"},"wordCount":828,"commentCount":0,"publisher":{"@id":"https:\/\/epochtimestr.com\/#organization"},"image":{"@id":"https:\/\/epochtimestr.com\/index.php\/kumraldededen-dinlediklerim#primaryimage"},"thumbnailUrl":"https:\/\/epochtimestr.com\/wp-content\/uploads\/2011y\/Bekir-Zorba.png","keywords":["K\u00f6\u015fe","k\u00f6\u015fe Mersin"],"articleSection":["K\u00f6\u015fe Yaz\u0131lar\u0131 Bekir Zorba"],"inLanguage":"tr","potentialAction":[{"@type":"CommentAction","name":"Comment","target":["https:\/\/epochtimestr.com\/index.php\/kumraldededen-dinlediklerim#respond"]}]},{"@type":"WebPage","@id":"https:\/\/epochtimestr.com\/index.php\/kumraldededen-dinlediklerim","url":"https:\/\/epochtimestr.com\/index.php\/kumraldededen-dinlediklerim","name":"Kumraldede\u2019den Dinlediklerim - The Epoch Times TR","isPartOf":{"@id":"https:\/\/epochtimestr.com\/#website"},"primaryImageOfPage":{"@id":"https:\/\/epochtimestr.com\/index.php\/kumraldededen-dinlediklerim#primaryimage"},"image":{"@id":"https:\/\/epochtimestr.com\/index.php\/kumraldededen-dinlediklerim#primaryimage"},"thumbnailUrl":"https:\/\/epochtimestr.com\/wp-content\/uploads\/2011y\/Bekir-Zorba.png","datePublished":"2026-08-08T05:30:00+00:00","dateModified":"2026-08-07T19:57:18+00:00","description":"Kumraldede Metropol\u2019de tan\u0131d\u0131\u011f\u0131m insanlardand\u0131r. Arkada\u015fl\u0131\u011f\u0131m\u0131z \u00e7eyrek y\u00fczy\u0131la uzan\u0131r. Demli \u00e7aylar e\u015fli\u011finde nice sohbetler biriktirmi\u015fizdir.","inLanguage":"tr","potentialAction":[{"@type":"ReadAction","target":["https:\/\/epochtimestr.com\/index.php\/kumraldededen-dinlediklerim"]}]},{"@type":"ImageObject","inLanguage":"tr","@id":"https:\/\/epochtimestr.com\/index.php\/kumraldededen-dinlediklerim#primaryimage","url":"https:\/\/epochtimestr.com\/wp-content\/uploads\/2011y\/Bekir-Zorba.png","contentUrl":"https:\/\/epochtimestr.com\/wp-content\/uploads\/2011y\/Bekir-Zorba.png","width":600,"height":600},{"@type":"WebSite","@id":"https:\/\/epochtimestr.com\/#website","url":"https:\/\/epochtimestr.com\/","name":"The Epoch Times TR","description":"De\u011fi\u015fen D\u00fcnyam\u0131za Taze Bir Bak\u0131\u015f","publisher":{"@id":"https:\/\/epochtimestr.com\/#organization"},"potentialAction":[{"@type":"SearchAction","target":{"@type":"EntryPoint","urlTemplate":"https:\/\/epochtimestr.com\/?s={search_term_string}"},"query-input":"required name=search_term_string"}],"inLanguage":"tr"},{"@type":"Organization","@id":"https:\/\/epochtimestr.com\/#organization","name":"The EpochTimes T\u00fcrkiye","url":"https:\/\/epochtimestr.com\/","logo":{"@type":"ImageObject","inLanguage":"tr","@id":"https:\/\/epochtimestr.com\/#\/schema\/logo\/image\/","url":"https:\/\/epochtimestr.com\/wp-content\/uploads\/2011y\/ET-Logo-YG.jpg","contentUrl":"https:\/\/epochtimestr.com\/wp-content\/uploads\/2011y\/ET-Logo-YG.jpg","width":346,"height":29,"caption":"The EpochTimes T\u00fcrkiye"},"image":{"@id":"https:\/\/epochtimestr.com\/#\/schema\/logo\/image\/"},"sameAs":["https:\/\/www.facebook.com\/theepochtimestr","https:\/\/x.com\/TheEpochTimesTR","https:\/\/www.instagram.com\/epochtimestr"]},{"@type":"Person","@id":"https:\/\/epochtimestr.com\/#\/schema\/person\/da1ad104599611965442ed3e7e9acb2b","name":"Bekir Zorba","image":{"@type":"ImageObject","inLanguage":"tr","@id":"https:\/\/epochtimestr.com\/#\/schema\/person\/image\/","url":"https:\/\/secure.gravatar.com\/avatar\/eafd40d9b77b1fbf7c565a3d4916b79c?s=96&d=mm&r=g","contentUrl":"https:\/\/secure.gravatar.com\/avatar\/eafd40d9b77b1fbf7c565a3d4916b79c?s=96&d=mm&r=g","caption":"Bekir Zorba"},"url":"https:\/\/epochtimestr.com\/index.php\/author\/bekir"}]}},"_links":{"self":[{"href":"https:\/\/epochtimestr.com\/index.php\/wp-json\/wp\/v2\/posts\/169958"}],"collection":[{"href":"https:\/\/epochtimestr.com\/index.php\/wp-json\/wp\/v2\/posts"}],"about":[{"href":"https:\/\/epochtimestr.com\/index.php\/wp-json\/wp\/v2\/types\/post"}],"author":[{"embeddable":true,"href":"https:\/\/epochtimestr.com\/index.php\/wp-json\/wp\/v2\/users\/14001"}],"replies":[{"embeddable":true,"href":"https:\/\/epochtimestr.com\/index.php\/wp-json\/wp\/v2\/comments?post=169958"}],"version-history":[{"count":1,"href":"https:\/\/epochtimestr.com\/index.php\/wp-json\/wp\/v2\/posts\/169958\/revisions"}],"predecessor-version":[{"id":169962,"href":"https:\/\/epochtimestr.com\/index.php\/wp-json\/wp\/v2\/posts\/169958\/revisions\/169962"}],"wp:featuredmedia":[{"embeddable":true,"href":"https:\/\/epochtimestr.com\/index.php\/wp-json\/wp\/v2\/media\/161038"}],"wp:attachment":[{"href":"https:\/\/epochtimestr.com\/index.php\/wp-json\/wp\/v2\/media?parent=169958"}],"wp:term":[{"taxonomy":"category","embeddable":true,"href":"https:\/\/epochtimestr.com\/index.php\/wp-json\/wp\/v2\/categories?post=169958"},{"taxonomy":"post_tag","embeddable":true,"href":"https:\/\/epochtimestr.com\/index.php\/wp-json\/wp\/v2\/tags?post=169958"}],"curies":[{"name":"wp","href":"https:\/\/api.w.org\/{rel}","templated":true}]}}