{"id":169975,"date":"2026-08-08T11:44:35","date_gmt":"2026-08-08T08:44:35","guid":{"rendered":"https:\/\/epochtimestr.com\/?p=169975"},"modified":"2026-08-08T11:44:37","modified_gmt":"2026-08-08T08:44:37","slug":"mekke-ortak-savunma-anlasmasina-bolgesel-tepkiler","status":"publish","type":"post","link":"https:\/\/epochtimestr.com\/index.php\/mekke-ortak-savunma-anlasmasina-bolgesel-tepkiler","title":{"rendered":"Mekke Ortak Savunma Anla\u015fmas\u0131na B\u00f6lgesel Tepkiler"},"content":{"rendered":"<div class=\"wp-block-image\">\n<figure class=\"aligncenter size-full is-resized\"><img loading=\"lazy\" decoding=\"async\" width=\"960\" height=\"664\" src=\"https:\/\/epochtimestr.com\/wp-content\/uploads\/2011y\/image-425.png\" alt=\"\" class=\"wp-image-169987\" style=\"width:840px;height:auto\" srcset=\"https:\/\/epochtimestr.com\/wp-content\/uploads\/2011y\/image-425.png 960w, https:\/\/epochtimestr.com\/wp-content\/uploads\/2011y\/image-425-300x208.png 300w, https:\/\/epochtimestr.com\/wp-content\/uploads\/2011y\/image-425-150x104.png 150w, https:\/\/epochtimestr.com\/wp-content\/uploads\/2011y\/image-425-768x531.png 768w\" sizes=\"(max-width: 960px) 100vw, 960px\" \/><figcaption class=\"wp-element-caption\">T\u00fcrkiye Cumhurba\u015fkan\u0131, Suudi Arabistan Veliaht Prensi ve Pakistan Ba\u015fbakan\u0131 taraf\u0131ndan Mekke Ortak Savunma Anla\u015fmas\u0131&#8217;n\u0131n imzalanmas\u0131ndan bir sahne. 7 A\u011fustos 2026, El-Safa Kraliyet Saray\u0131, Mekke, Suudi Arabistan (Foto\u011fraf: <a href=\"https:\/\/commons.wikimedia.org\/wiki\/File:A_scene_from_the_signing_of_the_Makkah_Joint_Defense_Agreement.jpg\" target=\"_blank\" rel=\"noreferrer noopener\">Wikimedia<\/a>)<\/figcaption><\/figure><\/div>\n\n\n<p>Suudi Arabistan, T\u00fcrkiye ve Pakistan 7 A\u011fustos&#8217;ta Mekke\u2019de yeni bir <a href=\"https:\/\/www.theepochtimes.com\/world\/saudi-arabia-turkey-pakistan-sign-key-defense-agreement-6072509\" target=\"_blank\" rel=\"noreferrer noopener\">savunma anla\u015fmas\u0131<\/a> imzalad\u0131. G\u00f6r\u00fc\u015fmede Suudi Veliaht Prensi Muhammed bin Selman, T\u00fcrkiye Cumhurba\u015fkan\u0131 Recep Tayyip Erdo\u011fan, Pakistan Ba\u015fbakan\u0131 \u015eahbaz \u015eerif yer ald\u0131.<\/p>\n\n\n\n<p><a href=\"https:\/\/epochtimestr.com\/index.php\/abd-heyeti-iran-ile-baris-gorusmeleri-icin-pakistana-gidiyor\" target=\"_blank\" rel=\"noreferrer noopener\">Pakistan D\u0131\u015fi\u015fleri Bakanl\u0131\u011f\u0131<\/a>, ortak g\u00fcvenli\u011fi g\u00fc\u00e7lendirmeyi ama\u00e7layan Mekke Ortak Savunma Anla\u015fmas\u0131n\u0131n imzaland\u0131\u011f\u0131n\u0131 duyurdu. Taraflar, b\u00f6lgesel bar\u0131\u015f ve istikrar\u0131 destekleme taahh\u00fcd\u00fcyle, \u00fc\u00e7 \u00fclkenin ortak cayd\u0131r\u0131c\u0131l\u0131\u011f\u0131n\u0131 art\u0131rmay\u0131 hedefliyor. Ayr\u0131ca sald\u0131r\u0131ya kar\u015f\u0131 ortak savunma h\u00fckm\u00fcne g\u00f6re bir \u00fclkeye y\u00f6nelik silahl\u0131 sald\u0131r\u0131, t\u00fcm taraflara sald\u0131r\u0131 say\u0131lacak. <\/p>\n\n\n\n<p>Buna ek olarak taraflar savunma i\u015fbirli\u011finin farkl\u0131 alanlar\u0131n\u0131 geli\u015ftirecek. Bu h\u00fck\u00fcm, NATO\u2019nun sald\u0131r\u0131ya u\u011frayan \u00fcyeye destek verilmesini \u00f6ng\u00f6ren be\u015finci maddesindeki ifadeye benzerlik ta\u015f\u0131yor. <\/p>\n\n\n\n<p>Anla\u015fma, Riyad ile \u0130slamabad aras\u0131nda Eyl\u00fcl ay\u0131nda d\u00fczenlenen benzer bir savunma mutabakat\u0131na dayan\u0131yor. Suudi yetkili Rayed Krimly, anla\u015fman\u0131n savunma ama\u00e7l\u0131 oldu\u011funu, taraflar\u0131n ortak savunma kapasitesini geli\u015ftirece\u011fini s\u00f6yledi. <\/p>\n\n\n\n<p>Bununla birlikte Krimly, d\u00fczenlemenin asker\u00ee bir eksen ya da mezhepsel bir blok olu\u015fturmad\u0131\u011f\u0131n\u0131 belirtti. Ayr\u0131ca d\u00fczenlemenin n\u00fckleer hedeflerle de ba\u011flant\u0131l\u0131 olmad\u0131\u011f\u0131n\u0131 ve bir silahlanma yar\u0131\u015f\u0131n\u0131 ama\u00e7lamad\u0131\u011f\u0131n\u0131 s\u00f6yledi. D\u00fczenlemenin b\u00f6lgedeki di\u011fer \u00fclkeleri hedeflemedi\u011fini de s\u00f6zlerine ekledi.<\/p>\n\n\n\n<p>Anla\u015fma, K\u00f6rfez\u2019de gerilimin artt\u0131\u011f\u0131 bir d\u00f6nemde imzaland\u0131. Suudi Arabistan, \u0130ran ve m\u00fcttefiklerinin sald\u0131r\u0131lar\u0131yla kar\u015f\u0131 kar\u015f\u0131ya. 6 A\u011fustos\u2019ta Husilerin sald\u0131r\u0131s\u0131nda 11 Suudi sivil yaraland\u0131. Ayr\u0131ca Husiler, K\u0131z\u0131ldeniz \u00fczerinden Suudi deniz ta\u015f\u0131mac\u0131l\u0131\u011f\u0131na abluka ilan etti.<\/p>\n\n\n\n<p>Bunlara ek olarak \u0130ranl\u0131 parlamenter \u0130brahim R\u0131zai, Suudi Arabistan\u2019a g\u00fcvenlik sa\u011flamayaca\u011f\u0131n\u0131 s\u00f6yleyerek anla\u015fmay\u0131 ele\u015ftirdi. \u00d6te yandan Hindistan, anla\u015fmay\u0131 yak\u0131ndan takip etti\u011fini a\u00e7\u0131klad\u0131. \u0130srail ise anla\u015fma hakk\u0131nda hen\u00fcz a\u00e7\u0131klama yapmad\u0131.<\/p>\n","protected":false},"excerpt":{"rendered":"<p>Suudi Arabistan, T\u00fcrkiye ve Pakistan 7 A\u011fustos&#8217;ta Mekke\u2019de yeni bir savunma anla\u015fmas\u0131 imzalad\u0131. G\u00f6r\u00fc\u015fmede Suudi Veliaht Prensi Muhammed bin Selman, T\u00fcrkiye Cumhurba\u015fkan\u0131 Recep Tayyip Erdo\u011fan, Pakistan Ba\u015fbakan\u0131 \u015eahbaz \u015eerif yer ald\u0131. Pakistan D\u0131\u015fi\u015fleri Bakanl\u0131\u011f\u0131, ortak g\u00fcvenli\u011fi g\u00fc\u00e7lendirmeyi ama\u00e7layan Mekke Ortak Savunma Anla\u015fmas\u0131n\u0131n imzaland\u0131\u011f\u0131n\u0131 duyurdu. Taraflar, b\u00f6lgesel bar\u0131\u015f ve istikrar\u0131 destekleme taahh\u00fcd\u00fcyle, \u00fc\u00e7 \u00fclkenin ortak cayd\u0131r\u0131c\u0131l\u0131\u011f\u0131n\u0131 [&hellip;]<\/p>\n","protected":false},"author":13996,"featured_media":169987,"comment_status":"open","ping_status":"open","sticky":false,"template":"","format":"standard","meta":{"_yoast_wpseo_focuskw":"Suudi Arabistan T\u00fcrkiye","_yoast_wpseo_title":"","_yoast_wpseo_metadesc":"Suudi Arabistan, T\u00fcrkiye ve Pakistan, ortak savunmay\u0131 g\u00fc\u00e7lendiren Mekke Ortak Savunma Anla\u015fmas\u0131\u2019n\u0131 7 A\u011fustos'ta Mekke\u2019de imzalad\u0131.","_bbp_topic_count":0,"_bbp_reply_count":0,"_bbp_total_topic_count":0,"_bbp_total_reply_count":0,"_bbp_voice_count":0,"_bbp_anonymous_reply_count":0,"_bbp_topic_count_hidden":0,"_bbp_reply_count_hidden":0,"_bbp_forum_subforum_count":0,"footnotes":"","_yoast_wpseo_focuskw_text_input":""},"categories":[5,1,8138],"tags":[12105,12111,1031,12112,9470,12110],"yoast_head":"<!-- This site is optimized with the Yoast SEO plugin v23.0 - https:\/\/yoast.com\/wordpress\/plugins\/seo\/ -->\n<title>Mekke Ortak Savunma Anla\u015fmas\u0131na B\u00f6lgesel Tepkiler - The Epoch Times TR<\/title>\n<meta name=\"description\" content=\"Suudi Arabistan, T\u00fcrkiye ve Pakistan, ortak savunmay\u0131 g\u00fc\u00e7lendiren Mekke Ortak Savunma Anla\u015fmas\u0131\u2019n\u0131 7 A\u011fustos&#039;ta Mekke\u2019de imzalad\u0131.\" \/>\n<meta name=\"robots\" content=\"index, follow, max-snippet:-1, max-image-preview:large, max-video-preview:-1\" \/>\n<link rel=\"canonical\" href=\"https:\/\/epochtimestr.com\/index.php\/mekke-ortak-savunma-anlasmasina-bolgesel-tepkiler\" \/>\n<meta property=\"og:locale\" content=\"tr_TR\" \/>\n<meta property=\"og:type\" content=\"article\" \/>\n<meta property=\"og:title\" content=\"Mekke Ortak Savunma Anla\u015fmas\u0131na B\u00f6lgesel Tepkiler - The Epoch Times TR\" \/>\n<meta property=\"og:description\" content=\"Suudi Arabistan, T\u00fcrkiye ve Pakistan, ortak savunmay\u0131 g\u00fc\u00e7lendiren Mekke Ortak Savunma Anla\u015fmas\u0131\u2019n\u0131 7 A\u011fustos&#039;ta Mekke\u2019de imzalad\u0131.\" \/>\n<meta property=\"og:url\" content=\"https:\/\/epochtimestr.com\/index.php\/mekke-ortak-savunma-anlasmasina-bolgesel-tepkiler\" \/>\n<meta property=\"og:site_name\" content=\"The Epoch Times TR\" \/>\n<meta property=\"article:publisher\" content=\"https:\/\/www.facebook.com\/theepochtimestr\" \/>\n<meta property=\"article:published_time\" content=\"2026-08-08T08:44:35+00:00\" \/>\n<meta property=\"article:modified_time\" content=\"2026-08-08T08:44:37+00:00\" \/>\n<meta property=\"og:image\" content=\"https:\/\/epochtimestr.com\/wp-content\/uploads\/2011y\/image-425.png\" \/>\n\t<meta property=\"og:image:width\" content=\"960\" \/>\n\t<meta property=\"og:image:height\" content=\"664\" \/>\n\t<meta property=\"og:image:type\" content=\"image\/png\" \/>\n<meta name=\"author\" content=\"Leo Bajelan\" \/>\n<meta name=\"twitter:card\" content=\"summary_large_image\" \/>\n<meta name=\"twitter:creator\" content=\"@TheEpochTimesTR\" \/>\n<meta name=\"twitter:site\" content=\"@TheEpochTimesTR\" \/>\n<meta name=\"twitter:label1\" content=\"Yazan:\" \/>\n\t<meta name=\"twitter:data1\" content=\"Leo Bajelan\" \/>\n\t<meta name=\"twitter:label2\" content=\"Tahmini okuma s\u00fcresi\" \/>\n\t<meta name=\"twitter:data2\" content=\"2 dakika\" \/>\n<script type=\"application\/ld+json\" class=\"yoast-schema-graph\">{\"@context\":\"https:\/\/schema.org\",\"@graph\":[{\"@type\":\"Article\",\"@id\":\"https:\/\/epochtimestr.com\/index.php\/mekke-ortak-savunma-anlasmasina-bolgesel-tepkiler#article\",\"isPartOf\":{\"@id\":\"https:\/\/epochtimestr.com\/index.php\/mekke-ortak-savunma-anlasmasina-bolgesel-tepkiler\"},\"author\":{\"name\":\"Leo Bajelan\",\"@id\":\"https:\/\/epochtimestr.com\/#\/schema\/person\/5fef218711d76d8f232b0e1f1d7e4c0d\"},\"headline\":\"Mekke Ortak Savunma Anla\u015fmas\u0131na B\u00f6lgesel Tepkiler\",\"datePublished\":\"2026-08-08T08:44:35+00:00\",\"dateModified\":\"2026-08-08T08:44:37+00:00\",\"mainEntityOfPage\":{\"@id\":\"https:\/\/epochtimestr.com\/index.php\/mekke-ortak-savunma-anlasmasina-bolgesel-tepkiler\"},\"wordCount\":382,\"commentCount\":0,\"publisher\":{\"@id\":\"https:\/\/epochtimestr.com\/#organization\"},\"image\":{\"@id\":\"https:\/\/epochtimestr.com\/index.php\/mekke-ortak-savunma-anlasmasina-bolgesel-tepkiler#primaryimage\"},\"thumbnailUrl\":\"https:\/\/epochtimestr.com\/wp-content\/uploads\/2011y\/image-425.png\",\"keywords\":[\"Mekke Ortak Savunma Anla\u015fmas\u0131\",\"Muhammed bin Selman\",\"Recep Tayyip Erdo\u011fan\",\"\u015eahbaz \u015eerif\",\"Savunma Anla\u015fmas\u0131\",\"Suudi Arabistan-t\u00fcrkiye-pakistan\"],\"articleSection\":[\"D\u00dcNYA\",\"G\u00dcNDEM\",\"MAN\u015eET\"],\"inLanguage\":\"tr\",\"potentialAction\":[{\"@type\":\"CommentAction\",\"name\":\"Comment\",\"target\":[\"https:\/\/epochtimestr.com\/index.php\/mekke-ortak-savunma-anlasmasina-bolgesel-tepkiler#respond\"]}]},{\"@type\":\"WebPage\",\"@id\":\"https:\/\/epochtimestr.com\/index.php\/mekke-ortak-savunma-anlasmasina-bolgesel-tepkiler\",\"url\":\"https:\/\/epochtimestr.com\/index.php\/mekke-ortak-savunma-anlasmasina-bolgesel-tepkiler\",\"name\":\"Mekke Ortak Savunma Anla\u015fmas\u0131na B\u00f6lgesel Tepkiler - The Epoch Times TR\",\"isPartOf\":{\"@id\":\"https:\/\/epochtimestr.com\/#website\"},\"primaryImageOfPage\":{\"@id\":\"https:\/\/epochtimestr.com\/index.php\/mekke-ortak-savunma-anlasmasina-bolgesel-tepkiler#primaryimage\"},\"image\":{\"@id\":\"https:\/\/epochtimestr.com\/index.php\/mekke-ortak-savunma-anlasmasina-bolgesel-tepkiler#primaryimage\"},\"thumbnailUrl\":\"https:\/\/epochtimestr.com\/wp-content\/uploads\/2011y\/image-425.png\",\"datePublished\":\"2026-08-08T08:44:35+00:00\",\"dateModified\":\"2026-08-08T08:44:37+00:00\",\"description\":\"Suudi Arabistan, T\u00fcrkiye ve Pakistan, ortak savunmay\u0131 g\u00fc\u00e7lendiren Mekke Ortak Savunma Anla\u015fmas\u0131\u2019n\u0131 7 A\u011fustos'ta Mekke\u2019de imzalad\u0131.\",\"inLanguage\":\"tr\",\"potentialAction\":[{\"@type\":\"ReadAction\",\"target\":[\"https:\/\/epochtimestr.com\/index.php\/mekke-ortak-savunma-anlasmasina-bolgesel-tepkiler\"]}]},{\"@type\":\"ImageObject\",\"inLanguage\":\"tr\",\"@id\":\"https:\/\/epochtimestr.com\/index.php\/mekke-ortak-savunma-anlasmasina-bolgesel-tepkiler#primaryimage\",\"url\":\"https:\/\/epochtimestr.com\/wp-content\/uploads\/2011y\/image-425.png\",\"contentUrl\":\"https:\/\/epochtimestr.com\/wp-content\/uploads\/2011y\/image-425.png\",\"width\":960,\"height\":664},{\"@type\":\"WebSite\",\"@id\":\"https:\/\/epochtimestr.com\/#website\",\"url\":\"https:\/\/epochtimestr.com\/\",\"name\":\"The Epoch Times TR\",\"description\":\"De\u011fi\u015fen D\u00fcnyam\u0131za Taze Bir Bak\u0131\u015f\",\"publisher\":{\"@id\":\"https:\/\/epochtimestr.com\/#organization\"},\"potentialAction\":[{\"@type\":\"SearchAction\",\"target\":{\"@type\":\"EntryPoint\",\"urlTemplate\":\"https:\/\/epochtimestr.com\/?s={search_term_string}\"},\"query-input\":\"required name=search_term_string\"}],\"inLanguage\":\"tr\"},{\"@type\":\"Organization\",\"@id\":\"https:\/\/epochtimestr.com\/#organization\",\"name\":\"The EpochTimes T\u00fcrkiye\",\"url\":\"https:\/\/epochtimestr.com\/\",\"logo\":{\"@type\":\"ImageObject\",\"inLanguage\":\"tr\",\"@id\":\"https:\/\/epochtimestr.com\/#\/schema\/logo\/image\/\",\"url\":\"https:\/\/epochtimestr.com\/wp-content\/uploads\/2011y\/ET-Logo-YG.jpg\",\"contentUrl\":\"https:\/\/epochtimestr.com\/wp-content\/uploads\/2011y\/ET-Logo-YG.jpg\",\"width\":346,\"height\":29,\"caption\":\"The EpochTimes T\u00fcrkiye\"},\"image\":{\"@id\":\"https:\/\/epochtimestr.com\/#\/schema\/logo\/image\/\"},\"sameAs\":[\"https:\/\/www.facebook.com\/theepochtimestr\",\"https:\/\/x.com\/TheEpochTimesTR\",\"https:\/\/www.instagram.com\/epochtimestr\"]},{\"@type\":\"Person\",\"@id\":\"https:\/\/epochtimestr.com\/#\/schema\/person\/5fef218711d76d8f232b0e1f1d7e4c0d\",\"name\":\"Leo Bajelan\",\"image\":{\"@type\":\"ImageObject\",\"inLanguage\":\"tr\",\"@id\":\"https:\/\/epochtimestr.com\/#\/schema\/person\/image\/\",\"url\":\"https:\/\/secure.gravatar.com\/avatar\/917669146f489549e548a2e9af272df5?s=96&d=mm&r=g\",\"contentUrl\":\"https:\/\/secure.gravatar.com\/avatar\/917669146f489549e548a2e9af272df5?s=96&d=mm&r=g\",\"caption\":\"Leo Bajelan\"},\"url\":\"https:\/\/epochtimestr.com\/index.php\/author\/leo\"}]}<\/script>\n<!-- \/ Yoast SEO plugin. -->","yoast_head_json":{"title":"Mekke Ortak Savunma Anla\u015fmas\u0131na B\u00f6lgesel Tepkiler - The Epoch Times TR","description":"Suudi Arabistan, T\u00fcrkiye ve Pakistan, ortak savunmay\u0131 g\u00fc\u00e7lendiren Mekke Ortak Savunma Anla\u015fmas\u0131\u2019n\u0131 7 A\u011fustos'ta Mekke\u2019de imzalad\u0131.","robots":{"index":"index","follow":"follow","max-snippet":"max-snippet:-1","max-image-preview":"max-image-preview:large","max-video-preview":"max-video-preview:-1"},"canonical":"https:\/\/epochtimestr.com\/index.php\/mekke-ortak-savunma-anlasmasina-bolgesel-tepkiler","og_locale":"tr_TR","og_type":"article","og_title":"Mekke Ortak Savunma Anla\u015fmas\u0131na B\u00f6lgesel Tepkiler - The Epoch Times TR","og_description":"Suudi Arabistan, T\u00fcrkiye ve Pakistan, ortak savunmay\u0131 g\u00fc\u00e7lendiren Mekke Ortak Savunma Anla\u015fmas\u0131\u2019n\u0131 7 A\u011fustos'ta Mekke\u2019de imzalad\u0131.","og_url":"https:\/\/epochtimestr.com\/index.php\/mekke-ortak-savunma-anlasmasina-bolgesel-tepkiler","og_site_name":"The Epoch Times TR","article_publisher":"https:\/\/www.facebook.com\/theepochtimestr","article_published_time":"2026-08-08T08:44:35+00:00","article_modified_time":"2026-08-08T08:44:37+00:00","og_image":[{"width":960,"height":664,"url":"https:\/\/epochtimestr.com\/wp-content\/uploads\/2011y\/image-425.png","type":"image\/png"}],"author":"Leo Bajelan","twitter_card":"summary_large_image","twitter_creator":"@TheEpochTimesTR","twitter_site":"@TheEpochTimesTR","twitter_misc":{"Yazan:":"Leo Bajelan","Tahmini okuma s\u00fcresi":"2 dakika"},"schema":{"@context":"https:\/\/schema.org","@graph":[{"@type":"Article","@id":"https:\/\/epochtimestr.com\/index.php\/mekke-ortak-savunma-anlasmasina-bolgesel-tepkiler#article","isPartOf":{"@id":"https:\/\/epochtimestr.com\/index.php\/mekke-ortak-savunma-anlasmasina-bolgesel-tepkiler"},"author":{"name":"Leo Bajelan","@id":"https:\/\/epochtimestr.com\/#\/schema\/person\/5fef218711d76d8f232b0e1f1d7e4c0d"},"headline":"Mekke Ortak Savunma Anla\u015fmas\u0131na B\u00f6lgesel Tepkiler","datePublished":"2026-08-08T08:44:35+00:00","dateModified":"2026-08-08T08:44:37+00:00","mainEntityOfPage":{"@id":"https:\/\/epochtimestr.com\/index.php\/mekke-ortak-savunma-anlasmasina-bolgesel-tepkiler"},"wordCount":382,"commentCount":0,"publisher":{"@id":"https:\/\/epochtimestr.com\/#organization"},"image":{"@id":"https:\/\/epochtimestr.com\/index.php\/mekke-ortak-savunma-anlasmasina-bolgesel-tepkiler#primaryimage"},"thumbnailUrl":"https:\/\/epochtimestr.com\/wp-content\/uploads\/2011y\/image-425.png","keywords":["Mekke Ortak Savunma Anla\u015fmas\u0131","Muhammed bin Selman","Recep Tayyip Erdo\u011fan","\u015eahbaz \u015eerif","Savunma Anla\u015fmas\u0131","Suudi Arabistan-t\u00fcrkiye-pakistan"],"articleSection":["D\u00dcNYA","G\u00dcNDEM","MAN\u015eET"],"inLanguage":"tr","potentialAction":[{"@type":"CommentAction","name":"Comment","target":["https:\/\/epochtimestr.com\/index.php\/mekke-ortak-savunma-anlasmasina-bolgesel-tepkiler#respond"]}]},{"@type":"WebPage","@id":"https:\/\/epochtimestr.com\/index.php\/mekke-ortak-savunma-anlasmasina-bolgesel-tepkiler","url":"https:\/\/epochtimestr.com\/index.php\/mekke-ortak-savunma-anlasmasina-bolgesel-tepkiler","name":"Mekke Ortak Savunma Anla\u015fmas\u0131na B\u00f6lgesel Tepkiler - The Epoch Times TR","isPartOf":{"@id":"https:\/\/epochtimestr.com\/#website"},"primaryImageOfPage":{"@id":"https:\/\/epochtimestr.com\/index.php\/mekke-ortak-savunma-anlasmasina-bolgesel-tepkiler#primaryimage"},"image":{"@id":"https:\/\/epochtimestr.com\/index.php\/mekke-ortak-savunma-anlasmasina-bolgesel-tepkiler#primaryimage"},"thumbnailUrl":"https:\/\/epochtimestr.com\/wp-content\/uploads\/2011y\/image-425.png","datePublished":"2026-08-08T08:44:35+00:00","dateModified":"2026-08-08T08:44:37+00:00","description":"Suudi Arabistan, T\u00fcrkiye ve Pakistan, ortak savunmay\u0131 g\u00fc\u00e7lendiren Mekke Ortak Savunma Anla\u015fmas\u0131\u2019n\u0131 7 A\u011fustos'ta Mekke\u2019de imzalad\u0131.","inLanguage":"tr","potentialAction":[{"@type":"ReadAction","target":["https:\/\/epochtimestr.com\/index.php\/mekke-ortak-savunma-anlasmasina-bolgesel-tepkiler"]}]},{"@type":"ImageObject","inLanguage":"tr","@id":"https:\/\/epochtimestr.com\/index.php\/mekke-ortak-savunma-anlasmasina-bolgesel-tepkiler#primaryimage","url":"https:\/\/epochtimestr.com\/wp-content\/uploads\/2011y\/image-425.png","contentUrl":"https:\/\/epochtimestr.com\/wp-content\/uploads\/2011y\/image-425.png","width":960,"height":664},{"@type":"WebSite","@id":"https:\/\/epochtimestr.com\/#website","url":"https:\/\/epochtimestr.com\/","name":"The Epoch Times TR","description":"De\u011fi\u015fen D\u00fcnyam\u0131za Taze Bir Bak\u0131\u015f","publisher":{"@id":"https:\/\/epochtimestr.com\/#organization"},"potentialAction":[{"@type":"SearchAction","target":{"@type":"EntryPoint","urlTemplate":"https:\/\/epochtimestr.com\/?s={search_term_string}"},"query-input":"required name=search_term_string"}],"inLanguage":"tr"},{"@type":"Organization","@id":"https:\/\/epochtimestr.com\/#organization","name":"The EpochTimes T\u00fcrkiye","url":"https:\/\/epochtimestr.com\/","logo":{"@type":"ImageObject","inLanguage":"tr","@id":"https:\/\/epochtimestr.com\/#\/schema\/logo\/image\/","url":"https:\/\/epochtimestr.com\/wp-content\/uploads\/2011y\/ET-Logo-YG.jpg","contentUrl":"https:\/\/epochtimestr.com\/wp-content\/uploads\/2011y\/ET-Logo-YG.jpg","width":346,"height":29,"caption":"The EpochTimes T\u00fcrkiye"},"image":{"@id":"https:\/\/epochtimestr.com\/#\/schema\/logo\/image\/"},"sameAs":["https:\/\/www.facebook.com\/theepochtimestr","https:\/\/x.com\/TheEpochTimesTR","https:\/\/www.instagram.com\/epochtimestr"]},{"@type":"Person","@id":"https:\/\/epochtimestr.com\/#\/schema\/person\/5fef218711d76d8f232b0e1f1d7e4c0d","name":"Leo Bajelan","image":{"@type":"ImageObject","inLanguage":"tr","@id":"https:\/\/epochtimestr.com\/#\/schema\/person\/image\/","url":"https:\/\/secure.gravatar.com\/avatar\/917669146f489549e548a2e9af272df5?s=96&d=mm&r=g","contentUrl":"https:\/\/secure.gravatar.com\/avatar\/917669146f489549e548a2e9af272df5?s=96&d=mm&r=g","caption":"Leo Bajelan"},"url":"https:\/\/epochtimestr.com\/index.php\/author\/leo"}]}},"_links":{"self":[{"href":"https:\/\/epochtimestr.com\/index.php\/wp-json\/wp\/v2\/posts\/169975"}],"collection":[{"href":"https:\/\/epochtimestr.com\/index.php\/wp-json\/wp\/v2\/posts"}],"about":[{"href":"https:\/\/epochtimestr.com\/index.php\/wp-json\/wp\/v2\/types\/post"}],"author":[{"embeddable":true,"href":"https:\/\/epochtimestr.com\/index.php\/wp-json\/wp\/v2\/users\/13996"}],"replies":[{"embeddable":true,"href":"https:\/\/epochtimestr.com\/index.php\/wp-json\/wp\/v2\/comments?post=169975"}],"version-history":[{"count":2,"href":"https:\/\/epochtimestr.com\/index.php\/wp-json\/wp\/v2\/posts\/169975\/revisions"}],"predecessor-version":[{"id":169988,"href":"https:\/\/epochtimestr.com\/index.php\/wp-json\/wp\/v2\/posts\/169975\/revisions\/169988"}],"wp:featuredmedia":[{"embeddable":true,"href":"https:\/\/epochtimestr.com\/index.php\/wp-json\/wp\/v2\/media\/169987"}],"wp:attachment":[{"href":"https:\/\/epochtimestr.com\/index.php\/wp-json\/wp\/v2\/media?parent=169975"}],"wp:term":[{"taxonomy":"category","embeddable":true,"href":"https:\/\/epochtimestr.com\/index.php\/wp-json\/wp\/v2\/categories?post=169975"},{"taxonomy":"post_tag","embeddable":true,"href":"https:\/\/epochtimestr.com\/index.php\/wp-json\/wp\/v2\/tags?post=169975"}],"curies":[{"name":"wp","href":"https:\/\/api.w.org\/{rel}","templated":true}]}}