{"id":169993,"date":"2026-08-08T13:28:50","date_gmt":"2026-08-08T10:28:50","guid":{"rendered":"https:\/\/epochtimestr.com\/?p=169993"},"modified":"2026-08-08T14:14:54","modified_gmt":"2026-08-08T11:14:54","slug":"yargitaydan-kidem-tazminatini-katlayacak-karar","status":"publish","type":"post","link":"https:\/\/epochtimestr.com\/index.php\/yargitaydan-kidem-tazminatini-katlayacak-karar","title":{"rendered":"Yarg\u0131tay&#8217;dan K\u0131dem Tazminat\u0131n\u0131 Katlayacak Karar"},"content":{"rendered":"<div class=\"wp-block-image\">\n<figure class=\"aligncenter size-full\"><img loading=\"lazy\" decoding=\"async\" width=\"1280\" height=\"720\" src=\"https:\/\/epochtimestr.com\/wp-content\/uploads\/2011y\/yargitay-web.jpg\" alt=\"Yarg\u0131tay'dan k\u0131dem tazminat\u0131n\u0131 katlayacak karar. (Foto\u011fraf: Yarg\u0131tay Ba\u015fkanl\u0131\u011f\u0131 web sitesi)\" class=\"wp-image-169994\" srcset=\"https:\/\/epochtimestr.com\/wp-content\/uploads\/2011y\/yargitay-web.jpg 1280w, https:\/\/epochtimestr.com\/wp-content\/uploads\/2011y\/yargitay-web-300x169.jpg 300w, https:\/\/epochtimestr.com\/wp-content\/uploads\/2011y\/yargitay-web-150x84.jpg 150w, https:\/\/epochtimestr.com\/wp-content\/uploads\/2011y\/yargitay-web-768x432.jpg 768w\" sizes=\"(max-width: 1280px) 100vw, 1280px\" \/><figcaption class=\"wp-element-caption\">Yarg\u0131tay&#8217;dan k\u0131dem tazminat\u0131n\u0131 katlayacak karar. (Foto\u011fraf: Yarg\u0131tay Ba\u015fkanl\u0131\u011f\u0131 web sitesi)<\/figcaption><\/figure><\/div>\n\n\n<h2 class=\"wp-block-heading\">Yarg\u0131tay, milyonlarca \u00e7al\u0131\u015fan\u0131 ilgilendiren k\u0131dem tazminat\u0131 hesaplan\u0131rken i\u015f\u00e7inin ald\u0131\u011f\u0131 primlerin de dikkate al\u0131nmas\u0131 gerekti\u011fine h\u00fckmetti.<\/h2>\n\n\n\n<p>Yarg\u0131tay, prim sistemiyle \u00e7al\u0131\u015fan milyonlarca ki\u015fiyi ilgilendiren <a href=\"https:\/\/epochtimestr.com\/index.php\/yargitayin-mutlak-butlan-karari-eylule-kaldi\" target=\"_blank\" rel=\"noreferrer noopener\">\u00f6nemli bir karara<\/a> imza att\u0131. Ayr\u0131ca k\u0131dem tazminat\u0131 hesaplan\u0131rken i\u015f\u00e7inin ald\u0131\u011f\u0131 primlerin de dikkate al\u0131nmas\u0131 gerekti\u011fine h\u00fckmetti.<\/p>\n\n\n\n<p>Kararla birlikte sat\u0131\u015f hedeflerine ba\u011fl\u0131 olarak de\u011fi\u015fken \u015fekilde \u00f6denen primlerin de <a href=\"https:\/\/epochtimestr.com\/index.php\/katar-bm-araciligiyla-irandan-tazminat-istedi\" target=\"_blank\" rel=\"noreferrer noopener\">tazminat<\/a> hesab\u0131na dahil edilmesine h\u00fckmedildi. Bu karar primle \u00e7al\u0131\u015fanlar\u0131n alaca\u011f\u0131 k\u0131dem tazminat\u0131n\u0131 art\u0131rabilecek. \u0130\u015f\u00e7inin her ay ayn\u0131 tutarda prim almamas\u0131n\u0131n veya yaln\u0131zca sat\u0131\u015f hedefini ger\u00e7ekle\u015ftirdi\u011fi d\u00f6nemlerde prime hak kazanmas\u0131n\u0131n, bu \u00f6demelerin giydirilmi\u015f \u00fccretin d\u0131\u015f\u0131nda b\u0131rak\u0131lmas\u0131 i\u00e7in yeterli olmad\u0131\u011f\u0131 vurguland\u0131.<br \/>Haftal\u0131k \u00e7al\u0131\u015fma s\u00fcrelerinin yasal s\u0131n\u0131r\u0131 a\u015ft\u0131\u011f\u0131n\u0131, say\u0131m, e\u011fitim ve toplant\u0131lar nedeniyle de ilave \u00e7al\u0131\u015fmalar yapt\u0131\u011f\u0131n\u0131 belirterek k\u0131dem tazminat\u0131 ile fazla \u00e7al\u0131\u015fma \u00fccretinin \u00f6denmesi \u015fart\u0131yla i\u015f s\u00f6zle\u015fmesini feshetti.<\/p>\n\n\n\n<p>Haklar\u0131n\u0131 almak i\u00e7in \u0130\u015f Mahkemesi\u2019ne ba\u015fvuran ma\u011fdur i\u015f\u00e7i, hakl\u0131 feshe gerek\u00e7e olarak da; \u2018\u00f6denmeyen i\u015f\u00e7ilik alacaklar\u0131n\u0131n bulunmas\u0131, sat\u0131\u015f hedeflerinin keyf\u00ee \u015fekilde belirlenmesi, prim almas\u0131n\u0131n engellenmesi, e\u015fit davranma borcuna ayk\u0131r\u0131 uygulamalar yap\u0131lmas\u0131, \u00fcstleri taraf\u0131ndan a\u011f\u0131r i\u015fler y\u00fcklenmesi, performans\u0131 hakk\u0131nda a\u011f\u0131r ithamlarda bulunulmas\u0131 ve psikolojik taciz niteli\u011finde eylemler ger\u00e7ekle\u015ftirilmesini&#8217; g\u00f6sterdi.<\/p>\n\n\n\n<h3 class=\"wp-block-heading\">&#8220;B\u00f6lge Adliye Mahkemesi, feshin hakl\u0131 nedene dayand\u0131\u011f\u0131 y\u00f6n\u00fcndeki tespitleri yerinde buldu.&#8221;<\/h3>\n\n\n\n<p>Davac\u0131 i\u015f\u00e7i, i\u015fyerinde tak\u0131m lideri olarak \u00e7al\u0131\u015ft\u0131\u011f\u0131n\u0131, temel \u00fccretinin yan\u0131 s\u0131ra sat\u0131\u015f miktar\u0131na g\u00f6re prim ald\u0131\u011f\u0131n\u0131; ayr\u0131ca yemek, yol ve \u00f6zel sa\u011fl\u0131k sigortas\u0131 yard\u0131mlar\u0131ndan yararland\u0131\u011f\u0131n\u0131 belirtti. Daval\u0131 i\u015fveren, i\u015f\u00e7inin i\u015f s\u00f6zle\u015fmesini hakl\u0131 bir neden olmaks\u0131z\u0131n istifa ederek sona erdirdi\u011fini savundu. \u0130\u015fveren ayr\u0131ca; i\u015f\u00e7ilik alacaklar\u0131n\u0131n eksiksiz \u00f6dendi\u011fini, sat\u0131\u015f primlerinin hedefe ba\u011fl\u0131 oldu\u011funu, i\u015f\u00e7inin sat\u0131\u015f hedeflerini ger\u00e7ekle\u015ftiremedi\u011fini, i\u015fyerinde denkle\u015ftirme esas\u0131na g\u00f6re \u00e7al\u0131\u015fma yap\u0131ld\u0131\u011f\u0131n\u0131, ger\u00e7ekle\u015ftirilen fazla \u00e7al\u0131\u015fmalar\u0131n bordrolara yans\u0131t\u0131larak \u00f6dendi\u011fini ileri s\u00fcrerek davan\u0131n reddini istedi. <\/p>\n\n\n\n<p>\u0130\u015f Mahkemesi, puantaj kay\u0131tlar\u0131n\u0131n bulundu\u011fu d\u00f6nem bak\u0131m\u0131ndan bu kay\u0131tlar\u0131 esas ald\u0131. Mahkeme, i\u015f\u00e7inin \u00f6denmeyen 19,5 saatlik fazla \u00e7al\u0131\u015fma \u00fccreti bulundu\u011funu belirledi. Kay\u0131t sunulmayan d\u00f6nemler i\u00e7in ise tan\u0131k anlat\u0131mlar\u0131 ve i\u015f\u00e7inin talebi dikkate al\u0131nd\u0131. Fesih tarihinde \u00f6denmemi\u015f fazla \u00e7al\u0131\u015fma \u00fccreti bulunmas\u0131 nedeniyle i\u015f\u00e7inin i\u015f s\u00f6zle\u015fmesini hakl\u0131 nedenle feshetti\u011fi kabul edildi. K\u0131dem tazminat\u0131 ve fazla \u00e7al\u0131\u015fma \u00fccreti talepleri k\u0131smen h\u00fck\u00fcm alt\u0131na al\u0131nd\u0131. \u0130\u015fverenin istinaf ba\u015fvurusu \u00fczerine dosyay\u0131 inceleyen B\u00f6lge Adliye Mahkemesi, i\u015f\u00e7inin \u00f6denmemi\u015f fazla \u00e7al\u0131\u015fma \u00fccretinin bulundu\u011fu ve feshin hakl\u0131 nedene dayand\u0131\u011f\u0131 y\u00f6n\u00fcndeki tespitleri yerinde buldu.<\/p>\n\n\n\n<p><strong>&#8220;Yarg\u0131tay 9. Hukuk Dairesi B\u00f6lge Adliye Mahkemesi karar\u0131n\u0131n bozulmas\u0131na oy birli\u011fiyle karar verdi<\/strong>.&#8221;<\/p>\n\n\n\n<p>\u00d6te yandan Yarg\u0131tay karar\u0131nda, sat\u0131\u015f rakamlar\u0131 veya farkl\u0131 verilere g\u00f6re hesaplanan primlerin miktar\u0131 de\u011fi\u015fkenlik g\u00f6sterse dahi k\u0131dem tazminat\u0131 hesab\u0131nda geni\u015fletilmi\u015f \u00fccret kapsam\u0131nda de\u011ferlendirilmesi gerekti\u011fi belirtildi.<\/p>\n\n\n\n<p>Somut uyu\u015fmazl\u0131kta \u00e7al\u0131\u015fan\u0131n belirli sat\u0131\u015f hedeflerine ula\u015ft\u0131\u011f\u0131 d\u00f6nemlerde prim ald\u0131\u011f\u0131; i\u015f\u00e7inin beyanlar\u0131, i\u015fverenin a\u00e7\u0131klamalar\u0131, tan\u0131k ifadeleri ve bordro kay\u0131tlar\u0131 birlikte de\u011ferlendirilerek tespit edildi.<br \/>Yarg\u0131tay 9. Hukuk Dairesi, giydirilmi\u015f \u00fccret hesaplan\u0131rken mevcut bordrolar\u0131n dikkate al\u0131nmas\u0131 ve \u00e7al\u0131\u015fan\u0131n son bir y\u0131lda ald\u0131\u011f\u0131 primlerin ayl\u0131k ortalamas\u0131n\u0131n bulunarak \u00fccretine eklenmesi gerekti\u011fine h\u00fckmetti.<br \/>B\u00f6lge Adliye Mahkemesinin primleri k\u0131dem tazminat\u0131 hesab\u0131na dahil etmemesinin hatal\u0131 oldu\u011fu belirtildi.<br \/>Yarg\u0131tay, B\u00f6lge Adliye Mahkemesi karar\u0131n\u0131n bozulmas\u0131na oy birli\u011fiyle karar verdi.<\/p>\n","protected":false},"excerpt":{"rendered":"<p>Yarg\u0131tay, milyonlarca \u00e7al\u0131\u015fan\u0131 ilgilendiren k\u0131dem tazminat\u0131 hesaplan\u0131rken i\u015f\u00e7inin ald\u0131\u011f\u0131 primlerin de dikkate al\u0131nmas\u0131 gerekti\u011fine h\u00fckmetti. Yarg\u0131tay, prim sistemiyle \u00e7al\u0131\u015fan milyonlarca ki\u015fiyi ilgilendiren \u00f6nemli bir karara imza att\u0131. Ayr\u0131ca k\u0131dem tazminat\u0131 hesaplan\u0131rken i\u015f\u00e7inin ald\u0131\u011f\u0131 primlerin de dikkate al\u0131nmas\u0131 gerekti\u011fine h\u00fckmetti. Kararla birlikte sat\u0131\u015f hedeflerine ba\u011fl\u0131 olarak de\u011fi\u015fken \u015fekilde \u00f6denen primlerin de tazminat hesab\u0131na dahil edilmesine h\u00fckmedildi. [&hellip;]<\/p>\n","protected":false},"author":12791,"featured_media":169994,"comment_status":"open","ping_status":"open","sticky":false,"template":"","format":"standard","meta":{"_yoast_wpseo_focuskw":"yarg\u0131tay","_yoast_wpseo_title":"","_yoast_wpseo_metadesc":"Yarg\u0131tay, milyonlarca \u00e7al\u0131\u015fan\u0131 ilgilendiren k\u0131dem tazminat\u0131 hesaplan\u0131rken i\u015f\u00e7inin ald\u0131\u011f\u0131 primlerin de dikkate al\u0131nmas\u0131 gerekti\u011fine h\u00fckmetti.","_bbp_topic_count":0,"_bbp_reply_count":0,"_bbp_total_topic_count":0,"_bbp_total_reply_count":0,"_bbp_voice_count":0,"_bbp_anonymous_reply_count":0,"_bbp_topic_count_hidden":0,"_bbp_reply_count_hidden":0,"_bbp_forum_subforum_count":0,"footnotes":"","_yoast_wpseo_focuskw_text_input":""},"categories":[1,8138,8419],"tags":[12115,12114,7135,3090,5082,3142],"yoast_head":"<!-- This site is optimized with the Yoast SEO plugin v23.0 - https:\/\/yoast.com\/wordpress\/plugins\/seo\/ -->\n<title>Yarg\u0131tay&#039;dan K\u0131dem Tazminat\u0131n\u0131 Katlayacak Karar - The Epoch Times TR<\/title>\n<meta name=\"description\" content=\"Yarg\u0131tay, milyonlarca \u00e7al\u0131\u015fan\u0131 ilgilendiren k\u0131dem tazminat\u0131 hesaplan\u0131rken i\u015f\u00e7inin ald\u0131\u011f\u0131 primlerin de dikkate al\u0131nmas\u0131 gerekti\u011fine h\u00fckmetti.\" \/>\n<meta name=\"robots\" content=\"index, follow, max-snippet:-1, max-image-preview:large, max-video-preview:-1\" \/>\n<link rel=\"canonical\" href=\"https:\/\/epochtimestr.com\/index.php\/yargitaydan-kidem-tazminatini-katlayacak-karar\" \/>\n<meta property=\"og:locale\" content=\"tr_TR\" \/>\n<meta property=\"og:type\" content=\"article\" \/>\n<meta property=\"og:title\" content=\"Yarg\u0131tay&#039;dan K\u0131dem Tazminat\u0131n\u0131 Katlayacak Karar - The Epoch Times TR\" \/>\n<meta property=\"og:description\" content=\"Yarg\u0131tay, milyonlarca \u00e7al\u0131\u015fan\u0131 ilgilendiren k\u0131dem tazminat\u0131 hesaplan\u0131rken i\u015f\u00e7inin ald\u0131\u011f\u0131 primlerin de dikkate al\u0131nmas\u0131 gerekti\u011fine h\u00fckmetti.\" \/>\n<meta property=\"og:url\" content=\"https:\/\/epochtimestr.com\/index.php\/yargitaydan-kidem-tazminatini-katlayacak-karar\" \/>\n<meta property=\"og:site_name\" content=\"The Epoch Times TR\" \/>\n<meta property=\"article:publisher\" content=\"https:\/\/www.facebook.com\/theepochtimestr\" \/>\n<meta property=\"article:published_time\" content=\"2026-08-08T10:28:50+00:00\" \/>\n<meta property=\"article:modified_time\" content=\"2026-08-08T11:14:54+00:00\" \/>\n<meta property=\"og:image\" content=\"https:\/\/epochtimestr.com\/wp-content\/uploads\/2011y\/yargitay-web.jpg\" \/>\n\t<meta property=\"og:image:width\" content=\"1280\" \/>\n\t<meta property=\"og:image:height\" content=\"720\" \/>\n\t<meta property=\"og:image:type\" content=\"image\/jpeg\" \/>\n<meta name=\"author\" content=\"Haber Merkezi\" \/>\n<meta name=\"twitter:card\" content=\"summary_large_image\" \/>\n<meta name=\"twitter:creator\" content=\"@TheEpochTimesTR\" \/>\n<meta name=\"twitter:site\" content=\"@TheEpochTimesTR\" \/>\n<meta name=\"twitter:label1\" content=\"Yazan:\" \/>\n\t<meta name=\"twitter:data1\" content=\"Haber Merkezi\" \/>\n\t<meta name=\"twitter:label2\" content=\"Tahmini okuma s\u00fcresi\" \/>\n\t<meta name=\"twitter:data2\" content=\"4 dakika\" \/>\n<script type=\"application\/ld+json\" class=\"yoast-schema-graph\">{\"@context\":\"https:\/\/schema.org\",\"@graph\":[{\"@type\":\"Article\",\"@id\":\"https:\/\/epochtimestr.com\/index.php\/yargitaydan-kidem-tazminatini-katlayacak-karar#article\",\"isPartOf\":{\"@id\":\"https:\/\/epochtimestr.com\/index.php\/yargitaydan-kidem-tazminatini-katlayacak-karar\"},\"author\":{\"name\":\"Haber Merkezi\",\"@id\":\"https:\/\/epochtimestr.com\/#\/schema\/person\/3dc5c3adeb9f43923c5aa85889172fdd\"},\"headline\":\"Yarg\u0131tay&#8217;dan K\u0131dem Tazminat\u0131n\u0131 Katlayacak Karar\",\"datePublished\":\"2026-08-08T10:28:50+00:00\",\"dateModified\":\"2026-08-08T11:14:54+00:00\",\"mainEntityOfPage\":{\"@id\":\"https:\/\/epochtimestr.com\/index.php\/yargitaydan-kidem-tazminatini-katlayacak-karar\"},\"wordCount\":682,\"commentCount\":0,\"publisher\":{\"@id\":\"https:\/\/epochtimestr.com\/#organization\"},\"image\":{\"@id\":\"https:\/\/epochtimestr.com\/index.php\/yargitaydan-kidem-tazminatini-katlayacak-karar#primaryimage\"},\"thumbnailUrl\":\"https:\/\/epochtimestr.com\/wp-content\/uploads\/2011y\/yargitay-web.jpg\",\"keywords\":[\"al\u0131nacak hak\",\"\u0130\u015f Mahkemesi\",\"karar\",\"K\u0131dem tazminat\u0131\",\"tazminat\",\"Yarg\u0131tay\"],\"articleSection\":[\"G\u00dcNDEM\",\"MAN\u015eET\",\"Ya\u015fam\"],\"inLanguage\":\"tr\",\"potentialAction\":[{\"@type\":\"CommentAction\",\"name\":\"Comment\",\"target\":[\"https:\/\/epochtimestr.com\/index.php\/yargitaydan-kidem-tazminatini-katlayacak-karar#respond\"]}]},{\"@type\":\"WebPage\",\"@id\":\"https:\/\/epochtimestr.com\/index.php\/yargitaydan-kidem-tazminatini-katlayacak-karar\",\"url\":\"https:\/\/epochtimestr.com\/index.php\/yargitaydan-kidem-tazminatini-katlayacak-karar\",\"name\":\"Yarg\u0131tay'dan K\u0131dem Tazminat\u0131n\u0131 Katlayacak Karar - The Epoch Times TR\",\"isPartOf\":{\"@id\":\"https:\/\/epochtimestr.com\/#website\"},\"primaryImageOfPage\":{\"@id\":\"https:\/\/epochtimestr.com\/index.php\/yargitaydan-kidem-tazminatini-katlayacak-karar#primaryimage\"},\"image\":{\"@id\":\"https:\/\/epochtimestr.com\/index.php\/yargitaydan-kidem-tazminatini-katlayacak-karar#primaryimage\"},\"thumbnailUrl\":\"https:\/\/epochtimestr.com\/wp-content\/uploads\/2011y\/yargitay-web.jpg\",\"datePublished\":\"2026-08-08T10:28:50+00:00\",\"dateModified\":\"2026-08-08T11:14:54+00:00\",\"description\":\"Yarg\u0131tay, milyonlarca \u00e7al\u0131\u015fan\u0131 ilgilendiren k\u0131dem tazminat\u0131 hesaplan\u0131rken i\u015f\u00e7inin ald\u0131\u011f\u0131 primlerin de dikkate al\u0131nmas\u0131 gerekti\u011fine h\u00fckmetti.\",\"inLanguage\":\"tr\",\"potentialAction\":[{\"@type\":\"ReadAction\",\"target\":[\"https:\/\/epochtimestr.com\/index.php\/yargitaydan-kidem-tazminatini-katlayacak-karar\"]}]},{\"@type\":\"ImageObject\",\"inLanguage\":\"tr\",\"@id\":\"https:\/\/epochtimestr.com\/index.php\/yargitaydan-kidem-tazminatini-katlayacak-karar#primaryimage\",\"url\":\"https:\/\/epochtimestr.com\/wp-content\/uploads\/2011y\/yargitay-web.jpg\",\"contentUrl\":\"https:\/\/epochtimestr.com\/wp-content\/uploads\/2011y\/yargitay-web.jpg\",\"width\":1280,\"height\":720},{\"@type\":\"WebSite\",\"@id\":\"https:\/\/epochtimestr.com\/#website\",\"url\":\"https:\/\/epochtimestr.com\/\",\"name\":\"The Epoch Times TR\",\"description\":\"De\u011fi\u015fen D\u00fcnyam\u0131za Taze Bir Bak\u0131\u015f\",\"publisher\":{\"@id\":\"https:\/\/epochtimestr.com\/#organization\"},\"potentialAction\":[{\"@type\":\"SearchAction\",\"target\":{\"@type\":\"EntryPoint\",\"urlTemplate\":\"https:\/\/epochtimestr.com\/?s={search_term_string}\"},\"query-input\":\"required name=search_term_string\"}],\"inLanguage\":\"tr\"},{\"@type\":\"Organization\",\"@id\":\"https:\/\/epochtimestr.com\/#organization\",\"name\":\"The EpochTimes T\u00fcrkiye\",\"url\":\"https:\/\/epochtimestr.com\/\",\"logo\":{\"@type\":\"ImageObject\",\"inLanguage\":\"tr\",\"@id\":\"https:\/\/epochtimestr.com\/#\/schema\/logo\/image\/\",\"url\":\"https:\/\/epochtimestr.com\/wp-content\/uploads\/2011y\/ET-Logo-YG.jpg\",\"contentUrl\":\"https:\/\/epochtimestr.com\/wp-content\/uploads\/2011y\/ET-Logo-YG.jpg\",\"width\":346,\"height\":29,\"caption\":\"The EpochTimes T\u00fcrkiye\"},\"image\":{\"@id\":\"https:\/\/epochtimestr.com\/#\/schema\/logo\/image\/\"},\"sameAs\":[\"https:\/\/www.facebook.com\/theepochtimestr\",\"https:\/\/x.com\/TheEpochTimesTR\",\"https:\/\/www.instagram.com\/epochtimestr\"]},{\"@type\":\"Person\",\"@id\":\"https:\/\/epochtimestr.com\/#\/schema\/person\/3dc5c3adeb9f43923c5aa85889172fdd\",\"name\":\"Haber Merkezi\",\"image\":{\"@type\":\"ImageObject\",\"inLanguage\":\"tr\",\"@id\":\"https:\/\/epochtimestr.com\/#\/schema\/person\/image\/\",\"url\":\"https:\/\/secure.gravatar.com\/avatar\/d73f772ba5a74f28601361e17c2f93e6?s=96&d=mm&r=g\",\"contentUrl\":\"https:\/\/secure.gravatar.com\/avatar\/d73f772ba5a74f28601361e17c2f93e6?s=96&d=mm&r=g\",\"caption\":\"Haber Merkezi\"},\"url\":\"https:\/\/epochtimestr.com\/index.php\/author\/sendag\"}]}<\/script>\n<!-- \/ Yoast SEO plugin. -->","yoast_head_json":{"title":"Yarg\u0131tay'dan K\u0131dem Tazminat\u0131n\u0131 Katlayacak Karar - The Epoch Times TR","description":"Yarg\u0131tay, milyonlarca \u00e7al\u0131\u015fan\u0131 ilgilendiren k\u0131dem tazminat\u0131 hesaplan\u0131rken i\u015f\u00e7inin ald\u0131\u011f\u0131 primlerin de dikkate al\u0131nmas\u0131 gerekti\u011fine h\u00fckmetti.","robots":{"index":"index","follow":"follow","max-snippet":"max-snippet:-1","max-image-preview":"max-image-preview:large","max-video-preview":"max-video-preview:-1"},"canonical":"https:\/\/epochtimestr.com\/index.php\/yargitaydan-kidem-tazminatini-katlayacak-karar","og_locale":"tr_TR","og_type":"article","og_title":"Yarg\u0131tay'dan K\u0131dem Tazminat\u0131n\u0131 Katlayacak Karar - The Epoch Times TR","og_description":"Yarg\u0131tay, milyonlarca \u00e7al\u0131\u015fan\u0131 ilgilendiren k\u0131dem tazminat\u0131 hesaplan\u0131rken i\u015f\u00e7inin ald\u0131\u011f\u0131 primlerin de dikkate al\u0131nmas\u0131 gerekti\u011fine h\u00fckmetti.","og_url":"https:\/\/epochtimestr.com\/index.php\/yargitaydan-kidem-tazminatini-katlayacak-karar","og_site_name":"The Epoch Times TR","article_publisher":"https:\/\/www.facebook.com\/theepochtimestr","article_published_time":"2026-08-08T10:28:50+00:00","article_modified_time":"2026-08-08T11:14:54+00:00","og_image":[{"width":1280,"height":720,"url":"https:\/\/epochtimestr.com\/wp-content\/uploads\/2011y\/yargitay-web.jpg","type":"image\/jpeg"}],"author":"Haber Merkezi","twitter_card":"summary_large_image","twitter_creator":"@TheEpochTimesTR","twitter_site":"@TheEpochTimesTR","twitter_misc":{"Yazan:":"Haber Merkezi","Tahmini okuma s\u00fcresi":"4 dakika"},"schema":{"@context":"https:\/\/schema.org","@graph":[{"@type":"Article","@id":"https:\/\/epochtimestr.com\/index.php\/yargitaydan-kidem-tazminatini-katlayacak-karar#article","isPartOf":{"@id":"https:\/\/epochtimestr.com\/index.php\/yargitaydan-kidem-tazminatini-katlayacak-karar"},"author":{"name":"Haber Merkezi","@id":"https:\/\/epochtimestr.com\/#\/schema\/person\/3dc5c3adeb9f43923c5aa85889172fdd"},"headline":"Yarg\u0131tay&#8217;dan K\u0131dem Tazminat\u0131n\u0131 Katlayacak Karar","datePublished":"2026-08-08T10:28:50+00:00","dateModified":"2026-08-08T11:14:54+00:00","mainEntityOfPage":{"@id":"https:\/\/epochtimestr.com\/index.php\/yargitaydan-kidem-tazminatini-katlayacak-karar"},"wordCount":682,"commentCount":0,"publisher":{"@id":"https:\/\/epochtimestr.com\/#organization"},"image":{"@id":"https:\/\/epochtimestr.com\/index.php\/yargitaydan-kidem-tazminatini-katlayacak-karar#primaryimage"},"thumbnailUrl":"https:\/\/epochtimestr.com\/wp-content\/uploads\/2011y\/yargitay-web.jpg","keywords":["al\u0131nacak hak","\u0130\u015f Mahkemesi","karar","K\u0131dem tazminat\u0131","tazminat","Yarg\u0131tay"],"articleSection":["G\u00dcNDEM","MAN\u015eET","Ya\u015fam"],"inLanguage":"tr","potentialAction":[{"@type":"CommentAction","name":"Comment","target":["https:\/\/epochtimestr.com\/index.php\/yargitaydan-kidem-tazminatini-katlayacak-karar#respond"]}]},{"@type":"WebPage","@id":"https:\/\/epochtimestr.com\/index.php\/yargitaydan-kidem-tazminatini-katlayacak-karar","url":"https:\/\/epochtimestr.com\/index.php\/yargitaydan-kidem-tazminatini-katlayacak-karar","name":"Yarg\u0131tay'dan K\u0131dem Tazminat\u0131n\u0131 Katlayacak Karar - The Epoch Times TR","isPartOf":{"@id":"https:\/\/epochtimestr.com\/#website"},"primaryImageOfPage":{"@id":"https:\/\/epochtimestr.com\/index.php\/yargitaydan-kidem-tazminatini-katlayacak-karar#primaryimage"},"image":{"@id":"https:\/\/epochtimestr.com\/index.php\/yargitaydan-kidem-tazminatini-katlayacak-karar#primaryimage"},"thumbnailUrl":"https:\/\/epochtimestr.com\/wp-content\/uploads\/2011y\/yargitay-web.jpg","datePublished":"2026-08-08T10:28:50+00:00","dateModified":"2026-08-08T11:14:54+00:00","description":"Yarg\u0131tay, milyonlarca \u00e7al\u0131\u015fan\u0131 ilgilendiren k\u0131dem tazminat\u0131 hesaplan\u0131rken i\u015f\u00e7inin ald\u0131\u011f\u0131 primlerin de dikkate al\u0131nmas\u0131 gerekti\u011fine h\u00fckmetti.","inLanguage":"tr","potentialAction":[{"@type":"ReadAction","target":["https:\/\/epochtimestr.com\/index.php\/yargitaydan-kidem-tazminatini-katlayacak-karar"]}]},{"@type":"ImageObject","inLanguage":"tr","@id":"https:\/\/epochtimestr.com\/index.php\/yargitaydan-kidem-tazminatini-katlayacak-karar#primaryimage","url":"https:\/\/epochtimestr.com\/wp-content\/uploads\/2011y\/yargitay-web.jpg","contentUrl":"https:\/\/epochtimestr.com\/wp-content\/uploads\/2011y\/yargitay-web.jpg","width":1280,"height":720},{"@type":"WebSite","@id":"https:\/\/epochtimestr.com\/#website","url":"https:\/\/epochtimestr.com\/","name":"The Epoch Times TR","description":"De\u011fi\u015fen D\u00fcnyam\u0131za Taze Bir Bak\u0131\u015f","publisher":{"@id":"https:\/\/epochtimestr.com\/#organization"},"potentialAction":[{"@type":"SearchAction","target":{"@type":"EntryPoint","urlTemplate":"https:\/\/epochtimestr.com\/?s={search_term_string}"},"query-input":"required name=search_term_string"}],"inLanguage":"tr"},{"@type":"Organization","@id":"https:\/\/epochtimestr.com\/#organization","name":"The EpochTimes T\u00fcrkiye","url":"https:\/\/epochtimestr.com\/","logo":{"@type":"ImageObject","inLanguage":"tr","@id":"https:\/\/epochtimestr.com\/#\/schema\/logo\/image\/","url":"https:\/\/epochtimestr.com\/wp-content\/uploads\/2011y\/ET-Logo-YG.jpg","contentUrl":"https:\/\/epochtimestr.com\/wp-content\/uploads\/2011y\/ET-Logo-YG.jpg","width":346,"height":29,"caption":"The EpochTimes T\u00fcrkiye"},"image":{"@id":"https:\/\/epochtimestr.com\/#\/schema\/logo\/image\/"},"sameAs":["https:\/\/www.facebook.com\/theepochtimestr","https:\/\/x.com\/TheEpochTimesTR","https:\/\/www.instagram.com\/epochtimestr"]},{"@type":"Person","@id":"https:\/\/epochtimestr.com\/#\/schema\/person\/3dc5c3adeb9f43923c5aa85889172fdd","name":"Haber Merkezi","image":{"@type":"ImageObject","inLanguage":"tr","@id":"https:\/\/epochtimestr.com\/#\/schema\/person\/image\/","url":"https:\/\/secure.gravatar.com\/avatar\/d73f772ba5a74f28601361e17c2f93e6?s=96&d=mm&r=g","contentUrl":"https:\/\/secure.gravatar.com\/avatar\/d73f772ba5a74f28601361e17c2f93e6?s=96&d=mm&r=g","caption":"Haber Merkezi"},"url":"https:\/\/epochtimestr.com\/index.php\/author\/sendag"}]}},"_links":{"self":[{"href":"https:\/\/epochtimestr.com\/index.php\/wp-json\/wp\/v2\/posts\/169993"}],"collection":[{"href":"https:\/\/epochtimestr.com\/index.php\/wp-json\/wp\/v2\/posts"}],"about":[{"href":"https:\/\/epochtimestr.com\/index.php\/wp-json\/wp\/v2\/types\/post"}],"author":[{"embeddable":true,"href":"https:\/\/epochtimestr.com\/index.php\/wp-json\/wp\/v2\/users\/12791"}],"replies":[{"embeddable":true,"href":"https:\/\/epochtimestr.com\/index.php\/wp-json\/wp\/v2\/comments?post=169993"}],"version-history":[{"count":3,"href":"https:\/\/epochtimestr.com\/index.php\/wp-json\/wp\/v2\/posts\/169993\/revisions"}],"predecessor-version":[{"id":170001,"href":"https:\/\/epochtimestr.com\/index.php\/wp-json\/wp\/v2\/posts\/169993\/revisions\/170001"}],"wp:featuredmedia":[{"embeddable":true,"href":"https:\/\/epochtimestr.com\/index.php\/wp-json\/wp\/v2\/media\/169994"}],"wp:attachment":[{"href":"https:\/\/epochtimestr.com\/index.php\/wp-json\/wp\/v2\/media?parent=169993"}],"wp:term":[{"taxonomy":"category","embeddable":true,"href":"https:\/\/epochtimestr.com\/index.php\/wp-json\/wp\/v2\/categories?post=169993"},{"taxonomy":"post_tag","embeddable":true,"href":"https:\/\/epochtimestr.com\/index.php\/wp-json\/wp\/v2\/tags?post=169993"}],"curies":[{"name":"wp","href":"https:\/\/api.w.org\/{rel}","templated":true}]}}